{"id":1,"date":"2012-02-03T15:02:00","date_gmt":"2012-02-03T15:02:00","guid":{"rendered":"http:\/\/diretodasacristia.com\/home\/sem-categoria\/fim-desta-pagina\/"},"modified":"2012-02-03T15:02:00","modified_gmt":"2012-02-03T15:02:00","slug":"fim-desta-pagina","status":"publish","type":"post","link":"https:\/\/diretodasacristia.com\/home\/sem-categoria\/fim-desta-pagina\/","title":{"rendered":"Fim desta p\u00e1gina"},"content":{"rendered":"<div style=\"text-align: center;\"><\/div>\n<div style=\"text-align: justify;\"><span style=\"font-family: Verdana, sans-serif;\">Oi, caros leitores<\/p>\n<p>Como sabem, o &#8220;<b>Direto da Sacristia<\/b>&#8221; j\u00e1 tem uma <span id=\"goog_515731635\"><\/span><a href=\"http:\/\/www.diretodasacristia.com\/\" target=\"_blank\">nova p\u00e1gina<\/a><span id=\"goog_515731636\"><\/span>. Portanto, a partir do dia 20 de fevereiro, exclu\u00edremos esta antiga p\u00e1gina e s\u00f3 a nova estar\u00e1 acess\u00edvel a partir de ent\u00e3o.<\/p>\n<p>Com o retorno das f\u00e9rias, atualizaremos mais o Blog. Neste ano, h\u00e1 muito o que noticiar: o iminente Consist\u00f3rio para a cria\u00e7\u00e3o de novos cardeais, as viagens papais, a imposi\u00e7\u00e3o do p\u00e1lio arquiepiscopal aos arcebispos j\u00e1 nomeados e aos que ainda ser\u00e3o, o S\u00ednodo dos Bispos, a abertura do Ano da F\u00e9, as nomea\u00e7\u00f5es episcopais e tantas coisas que as vicissitudes da Igreja no mundo impedem que &nbsp;saibamos antes. Mas, o Senhor est\u00e1 conosco. E n\u00f3s estaremos no &#8220;<b><a href=\"http:\/\/www.diretodasacristia.com\/\" target=\"_blank\">Direto da Sacristia<\/a><\/b>&#8220;. At\u00e9 l\u00e1!<\/span><\/div>\n<div style=\"text-align: justify;\"><span style=\"font-family: Verdana, sans-serif;\"><br \/><\/span><\/div>\n<div style=\"text-align: justify;\"><\/div>\n<div style=\"text-align: center;\">http:\/\/www.usflashmap.com\/component\/cdt_new\/cdt2_1.swf<\/div>\n","protected":false},"excerpt":{"rendered":"Oi, caros leitores Como sabem, o &#8220;Direto da Sacristia&#8221; j\u00e1 tem uma nova p\u00e1gina. Portanto, a partir do dia 20 de fevereiro, exclu\u00edremos esta antiga p\u00e1gina e s\u00f3 a nova estar\u00e1 acess\u00edvel a partir de ent\u00e3o. Com o retorno das f\u00e9rias, atualizaremos mais o Blog. Neste ano, h\u00e1 muito o que noticiar: o iminente Consist\u00f3rio&#8230; <a class=\"view-article\" href=\"https:\/\/diretodasacristia.com\/home\/sem-categoria\/fim-desta-pagina\/\">Ver artigo<\/a>","protected":false},"author":3,"featured_media":0,"comment_status":"open","ping_status":"open","sticky":false,"template":"","format":"standard","meta":{"jetpack_post_was_ever_published":false,"_jetpack_newsletter_access":"","_jetpack_dont_email_post_to_subs":false,"_jetpack_newsletter_tier_id":0,"_jetpack_memberships_contains_paywalled_content":false,"_jetpack_memberships_contains_paid_content":false,"_joinchat":[],"footnotes":"","jetpack_publicize_message":"","jetpack_publicize_feature_enabled":true,"jetpack_social_post_already_shared":false,"jetpack_social_options":{"image_generator_settings":{"template":"highway","default_image_id":0,"font":"","enabled":false},"version":2}},"categories":[1],"tags":[],"class_list":["post-1","post","type-post","status-publish","format-standard","hentry","category-sem-categoria"],"yoast_head":"<!-- This site is optimized with the Yoast SEO plugin v27.4 - https:\/\/yoast.com\/product\/yoast-seo-wordpress\/ -->\n<title>Fim desta p\u00e1gina - Direto da Sacristia<\/title>\n<meta name=\"robots\" content=\"index, follow, max-snippet:-1, max-image-preview:large, max-video-preview:-1\" \/>\n<link rel=\"canonical\" href=\"https:\/\/diretodasacristia.com\/home\/sem-categoria\/fim-desta-pagina\/\" \/>\n<meta property=\"og:locale\" content=\"pt_BR\" \/>\n<meta property=\"og:type\" content=\"article\" \/>\n<meta property=\"og:title\" content=\"Fim desta p\u00e1gina - Direto da Sacristia\" \/>\n<meta property=\"og:description\" content=\"Oi, caros leitores Como sabem, o &#8220;Direto da Sacristia&#8221; j\u00e1 tem uma nova p\u00e1gina. Portanto, a partir do dia 20 de fevereiro, exclu\u00edremos esta antiga p\u00e1gina e s\u00f3 a nova estar\u00e1 acess\u00edvel a partir de ent\u00e3o. Com o retorno das f\u00e9rias, atualizaremos mais o Blog. Neste ano, h\u00e1 muito o que noticiar: o iminente Consist\u00f3rio... Ver artigo\" \/>\n<meta property=\"og:url\" content=\"https:\/\/diretodasacristia.com\/home\/sem-categoria\/fim-desta-pagina\/\" \/>\n<meta property=\"og:site_name\" content=\"Direto da Sacristia\" \/>\n<meta property=\"article:publisher\" content=\"https:\/\/www.facebook.com\/DiretoSacristia\" \/>\n<meta property=\"article:published_time\" content=\"2012-02-03T15:02:00+00:00\" \/>\n<meta name=\"author\" content=\"E. Mar\u00e7al\" \/>\n<meta name=\"twitter:card\" content=\"summary_large_image\" \/>\n<meta name=\"twitter:creator\" content=\"@diretosacristia\" \/>\n<meta name=\"twitter:site\" content=\"@diretosacristia\" \/>\n<meta name=\"twitter:label1\" content=\"Escrito por\" \/>\n\t<meta name=\"twitter:data1\" content=\"E. Mar\u00e7al\" \/>\n\t<meta name=\"twitter:label2\" content=\"Est. tempo de leitura\" \/>\n\t<meta name=\"twitter:data2\" content=\"1 minuto\" \/>\n<script type=\"application\/ld+json\" class=\"yoast-schema-graph\">{\"@context\":\"https:\\\/\\\/schema.org\",\"@graph\":[{\"@type\":\"Article\",\"@id\":\"https:\\\/\\\/diretodasacristia.com\\\/home\\\/sem-categoria\\\/fim-desta-pagina\\\/#article\",\"isPartOf\":{\"@id\":\"https:\\\/\\\/diretodasacristia.com\\\/home\\\/sem-categoria\\\/fim-desta-pagina\\\/\"},\"author\":{\"name\":\"E. Mar\u00e7al\",\"@id\":\"https:\\\/\\\/diretodasacristia.com\\\/home\\\/#\\\/schema\\\/person\\\/3d453ef1f7d57c0bb0990b8070642721\"},\"headline\":\"Fim desta p\u00e1gina\",\"datePublished\":\"2012-02-03T15:02:00+00:00\",\"mainEntityOfPage\":{\"@id\":\"https:\\\/\\\/diretodasacristia.com\\\/home\\\/sem-categoria\\\/fim-desta-pagina\\\/\"},\"wordCount\":146,\"commentCount\":0,\"publisher\":{\"@id\":\"https:\\\/\\\/diretodasacristia.com\\\/home\\\/#organization\"},\"inLanguage\":\"pt-BR\",\"potentialAction\":[{\"@type\":\"CommentAction\",\"name\":\"Comment\",\"target\":[\"https:\\\/\\\/diretodasacristia.com\\\/home\\\/sem-categoria\\\/fim-desta-pagina\\\/#respond\"]}]},{\"@type\":\"WebPage\",\"@id\":\"https:\\\/\\\/diretodasacristia.com\\\/home\\\/sem-categoria\\\/fim-desta-pagina\\\/\",\"url\":\"https:\\\/\\\/diretodasacristia.com\\\/home\\\/sem-categoria\\\/fim-desta-pagina\\\/\",\"name\":\"Fim desta p\u00e1gina - Direto da Sacristia\",\"isPartOf\":{\"@id\":\"https:\\\/\\\/diretodasacristia.com\\\/home\\\/#website\"},\"datePublished\":\"2012-02-03T15:02:00+00:00\",\"breadcrumb\":{\"@id\":\"https:\\\/\\\/diretodasacristia.com\\\/home\\\/sem-categoria\\\/fim-desta-pagina\\\/#breadcrumb\"},\"inLanguage\":\"pt-BR\",\"potentialAction\":[{\"@type\":\"ReadAction\",\"target\":[\"https:\\\/\\\/diretodasacristia.com\\\/home\\\/sem-categoria\\\/fim-desta-pagina\\\/\"]}]},{\"@type\":\"BreadcrumbList\",\"@id\":\"https:\\\/\\\/diretodasacristia.com\\\/home\\\/sem-categoria\\\/fim-desta-pagina\\\/#breadcrumb\",\"itemListElement\":[{\"@type\":\"ListItem\",\"position\":1,\"name\":\"In\u00edcio\",\"item\":\"https:\\\/\\\/diretodasacristia.com\\\/home\\\/\"},{\"@type\":\"ListItem\",\"position\":2,\"name\":\"Fim desta p\u00e1gina\"}]},{\"@type\":\"WebSite\",\"@id\":\"https:\\\/\\\/diretodasacristia.com\\\/home\\\/#website\",\"url\":\"https:\\\/\\\/diretodasacristia.com\\\/home\\\/\",\"name\":\"Direto da Sacristia\",\"description\":\"Not\u00edcias e artigos sobre a f\u00e9 cat\u00f3lica\",\"publisher\":{\"@id\":\"https:\\\/\\\/diretodasacristia.com\\\/home\\\/#organization\"},\"potentialAction\":[{\"@type\":\"SearchAction\",\"target\":{\"@type\":\"EntryPoint\",\"urlTemplate\":\"https:\\\/\\\/diretodasacristia.com\\\/home\\\/?s={search_term_string}\"},\"query-input\":{\"@type\":\"PropertyValueSpecification\",\"valueRequired\":true,\"valueName\":\"search_term_string\"}}],\"inLanguage\":\"pt-BR\"},{\"@type\":\"Organization\",\"@id\":\"https:\\\/\\\/diretodasacristia.com\\\/home\\\/#organization\",\"name\":\"Direto da Sacristia\",\"url\":\"https:\\\/\\\/diretodasacristia.com\\\/home\\\/\",\"logo\":{\"@type\":\"ImageObject\",\"inLanguage\":\"pt-BR\",\"@id\":\"https:\\\/\\\/diretodasacristia.com\\\/home\\\/#\\\/schema\\\/logo\\\/image\\\/\",\"url\":\"https:\\\/\\\/i0.wp.com\\\/diretodasacristia.com\\\/home\\\/wp-content\\\/uploads\\\/2012\\\/01\\\/marca-sacristia.png?fit=320%2C306&ssl=1\",\"contentUrl\":\"https:\\\/\\\/i0.wp.com\\\/diretodasacristia.com\\\/home\\\/wp-content\\\/uploads\\\/2012\\\/01\\\/marca-sacristia.png?fit=320%2C306&ssl=1\",\"width\":\"320\",\"height\":\"306\",\"caption\":\"Direto da Sacristia\"},\"image\":{\"@id\":\"https:\\\/\\\/diretodasacristia.com\\\/home\\\/#\\\/schema\\\/logo\\\/image\\\/\"},\"sameAs\":[\"https:\\\/\\\/www.facebook.com\\\/DiretoSacristia\",\"https:\\\/\\\/x.com\\\/diretosacristia\",\"https:\\\/\\\/www.instagram.com\\\/diretodasacristia\\\/\",\"https:\\\/\\\/www.youtube.com\\\/diretodasacristia\"]},{\"@type\":\"Person\",\"@id\":\"https:\\\/\\\/diretodasacristia.com\\\/home\\\/#\\\/schema\\\/person\\\/3d453ef1f7d57c0bb0990b8070642721\",\"name\":\"E. Mar\u00e7al\",\"image\":{\"@type\":\"ImageObject\",\"inLanguage\":\"pt-BR\",\"@id\":\"https:\\\/\\\/secure.gravatar.com\\\/avatar\\\/348ff80a5ddde3de6c8b6e0c5b066b733f9245285d9ab87cd2e2ff652ffa95b0?s=96&d=mm&r=g\",\"url\":\"https:\\\/\\\/secure.gravatar.com\\\/avatar\\\/348ff80a5ddde3de6c8b6e0c5b066b733f9245285d9ab87cd2e2ff652ffa95b0?s=96&d=mm&r=g\",\"contentUrl\":\"https:\\\/\\\/secure.gravatar.com\\\/avatar\\\/348ff80a5ddde3de6c8b6e0c5b066b733f9245285d9ab87cd2e2ff652ffa95b0?s=96&d=mm&r=g\",\"caption\":\"E. Mar\u00e7al\"},\"url\":\"https:\\\/\\\/diretodasacristia.com\\\/home\\\/author\\\/erick\\\/\"}]}<\/script>\n<!-- \/ Yoast SEO plugin. -->","yoast_head_json":{"title":"Fim desta p\u00e1gina - Direto da Sacristia","robots":{"index":"index","follow":"follow","max-snippet":"max-snippet:-1","max-image-preview":"max-image-preview:large","max-video-preview":"max-video-preview:-1"},"canonical":"https:\/\/diretodasacristia.com\/home\/sem-categoria\/fim-desta-pagina\/","og_locale":"pt_BR","og_type":"article","og_title":"Fim desta p\u00e1gina - Direto da Sacristia","og_description":"Oi, caros leitores Como sabem, o &#8220;Direto da Sacristia&#8221; j\u00e1 tem uma nova p\u00e1gina. Portanto, a partir do dia 20 de fevereiro, exclu\u00edremos esta antiga p\u00e1gina e s\u00f3 a nova estar\u00e1 acess\u00edvel a partir de ent\u00e3o. Com o retorno das f\u00e9rias, atualizaremos mais o Blog. Neste ano, h\u00e1 muito o que noticiar: o iminente Consist\u00f3rio... Ver artigo","og_url":"https:\/\/diretodasacristia.com\/home\/sem-categoria\/fim-desta-pagina\/","og_site_name":"Direto da Sacristia","article_publisher":"https:\/\/www.facebook.com\/DiretoSacristia","article_published_time":"2012-02-03T15:02:00+00:00","author":"E. Mar\u00e7al","twitter_card":"summary_large_image","twitter_creator":"@diretosacristia","twitter_site":"@diretosacristia","twitter_misc":{"Escrito por":"E. Mar\u00e7al","Est. tempo de leitura":"1 minuto"},"schema":{"@context":"https:\/\/schema.org","@graph":[{"@type":"Article","@id":"https:\/\/diretodasacristia.com\/home\/sem-categoria\/fim-desta-pagina\/#article","isPartOf":{"@id":"https:\/\/diretodasacristia.com\/home\/sem-categoria\/fim-desta-pagina\/"},"author":{"name":"E. Mar\u00e7al","@id":"https:\/\/diretodasacristia.com\/home\/#\/schema\/person\/3d453ef1f7d57c0bb0990b8070642721"},"headline":"Fim desta p\u00e1gina","datePublished":"2012-02-03T15:02:00+00:00","mainEntityOfPage":{"@id":"https:\/\/diretodasacristia.com\/home\/sem-categoria\/fim-desta-pagina\/"},"wordCount":146,"commentCount":0,"publisher":{"@id":"https:\/\/diretodasacristia.com\/home\/#organization"},"inLanguage":"pt-BR","potentialAction":[{"@type":"CommentAction","name":"Comment","target":["https:\/\/diretodasacristia.com\/home\/sem-categoria\/fim-desta-pagina\/#respond"]}]},{"@type":"WebPage","@id":"https:\/\/diretodasacristia.com\/home\/sem-categoria\/fim-desta-pagina\/","url":"https:\/\/diretodasacristia.com\/home\/sem-categoria\/fim-desta-pagina\/","name":"Fim desta p\u00e1gina - Direto da Sacristia","isPartOf":{"@id":"https:\/\/diretodasacristia.com\/home\/#website"},"datePublished":"2012-02-03T15:02:00+00:00","breadcrumb":{"@id":"https:\/\/diretodasacristia.com\/home\/sem-categoria\/fim-desta-pagina\/#breadcrumb"},"inLanguage":"pt-BR","potentialAction":[{"@type":"ReadAction","target":["https:\/\/diretodasacristia.com\/home\/sem-categoria\/fim-desta-pagina\/"]}]},{"@type":"BreadcrumbList","@id":"https:\/\/diretodasacristia.com\/home\/sem-categoria\/fim-desta-pagina\/#breadcrumb","itemListElement":[{"@type":"ListItem","position":1,"name":"In\u00edcio","item":"https:\/\/diretodasacristia.com\/home\/"},{"@type":"ListItem","position":2,"name":"Fim desta p\u00e1gina"}]},{"@type":"WebSite","@id":"https:\/\/diretodasacristia.com\/home\/#website","url":"https:\/\/diretodasacristia.com\/home\/","name":"Direto da Sacristia","description":"Not\u00edcias e artigos sobre a f\u00e9 cat\u00f3lica","publisher":{"@id":"https:\/\/diretodasacristia.com\/home\/#organization"},"potentialAction":[{"@type":"SearchAction","target":{"@type":"EntryPoint","urlTemplate":"https:\/\/diretodasacristia.com\/home\/?s={search_term_string}"},"query-input":{"@type":"PropertyValueSpecification","valueRequired":true,"valueName":"search_term_string"}}],"inLanguage":"pt-BR"},{"@type":"Organization","@id":"https:\/\/diretodasacristia.com\/home\/#organization","name":"Direto da Sacristia","url":"https:\/\/diretodasacristia.com\/home\/","logo":{"@type":"ImageObject","inLanguage":"pt-BR","@id":"https:\/\/diretodasacristia.com\/home\/#\/schema\/logo\/image\/","url":"https:\/\/i0.wp.com\/diretodasacristia.com\/home\/wp-content\/uploads\/2012\/01\/marca-sacristia.png?fit=320%2C306&ssl=1","contentUrl":"https:\/\/i0.wp.com\/diretodasacristia.com\/home\/wp-content\/uploads\/2012\/01\/marca-sacristia.png?fit=320%2C306&ssl=1","width":"320","height":"306","caption":"Direto da Sacristia"},"image":{"@id":"https:\/\/diretodasacristia.com\/home\/#\/schema\/logo\/image\/"},"sameAs":["https:\/\/www.facebook.com\/DiretoSacristia","https:\/\/x.com\/diretosacristia","https:\/\/www.instagram.com\/diretodasacristia\/","https:\/\/www.youtube.com\/diretodasacristia"]},{"@type":"Person","@id":"https:\/\/diretodasacristia.com\/home\/#\/schema\/person\/3d453ef1f7d57c0bb0990b8070642721","name":"E. Mar\u00e7al","image":{"@type":"ImageObject","inLanguage":"pt-BR","@id":"https:\/\/secure.gravatar.com\/avatar\/348ff80a5ddde3de6c8b6e0c5b066b733f9245285d9ab87cd2e2ff652ffa95b0?s=96&d=mm&r=g","url":"https:\/\/secure.gravatar.com\/avatar\/348ff80a5ddde3de6c8b6e0c5b066b733f9245285d9ab87cd2e2ff652ffa95b0?s=96&d=mm&r=g","contentUrl":"https:\/\/secure.gravatar.com\/avatar\/348ff80a5ddde3de6c8b6e0c5b066b733f9245285d9ab87cd2e2ff652ffa95b0?s=96&d=mm&r=g","caption":"E. Mar\u00e7al"},"url":"https:\/\/diretodasacristia.com\/home\/author\/erick\/"}]}},"jetpack_publicize_connections":[],"jetpack_featured_media_url":"","jetpack_sharing_enabled":true,"jetpack_shortlink":"https:\/\/wp.me\/p24aG7-1","jetpack-related-posts":[{"id":453,"url":"https:\/\/diretodasacristia.com\/home\/blog\/novo-direto-da-sacristia\/","url_meta":{"origin":1,"position":0},"title":"Novo &#8220;Direto da Sacristia&#8221;","author":"E. Mar\u00e7al","date":"9 de janeiro de 2012","format":false,"excerpt":"\u00a0 No dia que a Igreja no Brasil celebra a manifesta\u00e7\u00e3o da divindade de Nosso Senhor a todos os povos, finalmente, mesmo ainda n\u00e3o estando tudo pronto, inauguramos hoje a nova p\u00e1gina do blog \"Direto da Sacristia\" - tal como uma igreja que \u00e9 dedicada antes do t\u00e9rmino de sua\u2026","rel":"","context":"Em &quot;Blog&quot;","block_context":{"text":"Blog","link":"https:\/\/diretodasacristia.com\/home\/c\/blog\/"},"img":{"alt_text":"","src":"","width":0,"height":0},"classes":[]},{"id":255,"url":"https:\/\/diretodasacristia.com\/home\/blog\/prologo\/","url_meta":{"origin":1,"position":1},"title":"Pr\u00f3logo","author":"E. Mar\u00e7al","date":"4 de agosto de 2010","format":false,"excerpt":"H\u00e1 um certo tempo que o \"Direto da Sacristia\" estava desativado. Durante as \u00faltimas f\u00e9rias, pensei em criar um blog, mas n\u00e3o sabia como intitul\u00e1-lo. Aqui come\u00e7a a minha d\u00edvida de eterna gratid\u00e3o a tr\u00eas amigos: Taiguara Fernandes, membro do Regnum Christi; Pedro Ravazzano, seminarista da Arquidiocese Militar; e Diego\u2026","rel":"","context":"Em &quot;Blog&quot;","block_context":{"text":"Blog","link":"https:\/\/diretodasacristia.com\/home\/c\/blog\/"},"img":{"alt_text":"","src":"","width":0,"height":0},"classes":[]},{"id":2596,"url":"https:\/\/diretodasacristia.com\/home\/sem-categoria\/sobre-o-titulo-do-blog-2\/","url_meta":{"origin":1,"position":2},"title":"Sobre o t\u00edtulo do blog","author":"E. Mar\u00e7al","date":"12 de agosto de 2010","format":false,"excerpt":"Espero n\u00e3o ter causado surpresa aos leitores com o t\u00edtulo que escolhi para esse blog. \"Direto da sacristia\" pode parecer uma intitula\u00e7\u00e3o pejorativa. Contudo, explico a sua verdadeira intepreta\u00e7\u00e3o: no sacro ambiente da sacristia, encontram-se todos os membros da Hierarquia eclesi\u00e1stica, que se preparam para as divinas cerim\u00f4nias, como tamb\u00e9m\u2026","rel":"","context":"Em &quot;Sem categoria&quot;","block_context":{"text":"Sem categoria","link":"https:\/\/diretodasacristia.com\/home\/c\/sem-categoria\/"},"img":{"alt_text":"","src":"","width":0,"height":0},"classes":[]},{"id":89,"url":"https:\/\/diretodasacristia.com\/home\/sem-categoria\/novidades-no-blog-2\/","url_meta":{"origin":1,"position":3},"title":"Novidades no blog","author":"E. Mar\u00e7al","date":"22 de mar\u00e7o de 2011","format":false,"excerpt":"Os mais atentos e visitantes - poder\u00edamos dizer mais ass\u00edduos? - puderam perceber que inclu\u00edmos um player de m\u00fasicas na p\u00e1gina do blog. Agora, enquanto leem o modesto conte\u00fado do \"Direto da sacristia\", nossos caros leitores poder\u00e3o fazer isso ouvindo belas m\u00fasicas, entre elas \"Attende, Domine\" cantado por monges, o\u2026","rel":"","context":"Em &quot;Sem categoria&quot;","block_context":{"text":"Sem categoria","link":"https:\/\/diretodasacristia.com\/home\/c\/sem-categoria\/"},"img":{"alt_text":"","src":"","width":0,"height":0},"classes":[]},{"id":2432,"url":"https:\/\/diretodasacristia.com\/home\/sem-categoria\/1-ano-de-noticias-na-sacristia-2\/","url_meta":{"origin":1,"position":4},"title":"1 ano de not\u00edcias na sacristia","author":"E. Mar\u00e7al","date":"4 de agosto de 2011","format":false,"excerpt":"Perdi a conta de quantos downloads fiz... de quantos cliques... de quantas horas exaustivas... de quantas vezes tive que recome\u00e7ar a edi\u00e7\u00e3o... ... enfim, foi mais de uma semana nesse projeto... Primeiro post Ufa! Nunca fiz um anivers\u00e1rio t\u00e3o exigente como este. Hoje o \"Direto da Sacristia\" comemora seu primeiro\u2026","rel":"","context":"Em &quot;Sem categoria&quot;","block_context":{"text":"Sem categoria","link":"https:\/\/diretodasacristia.com\/home\/c\/sem-categoria\/"},"img":{"alt_text":"","src":"","width":0,"height":0},"classes":[]},{"id":2613,"url":"https:\/\/diretodasacristia.com\/home\/blog\/resgate-dos-artigos-antigos\/","url_meta":{"origin":1,"position":5},"title":"Resgate dos artigos antigos","author":"E. Mar\u00e7al","date":"5 de maio de 2012","format":false,"excerpt":"Finalmente foram recuperados os artigos antigos, que estavam no antigo endere\u00e7o do \"Direto da Sacristia\", hoje desativado, no Blogger. E n\u00e3o apenas os t\u00edtulos - como estavam listados neste novo endere\u00e7o, mas todo o conte\u00fado em imagens e textos, e na data original. Ademais, pedimos desculpas aos assinantes de nosso\u2026","rel":"","context":"Em &quot;Blog&quot;","block_context":{"text":"Blog","link":"https:\/\/diretodasacristia.com\/home\/c\/blog\/"},"img":{"alt_text":"","src":"","width":0,"height":0},"classes":[]}],"post_mailing_queue_ids":[],"_links":{"self":[{"href":"https:\/\/diretodasacristia.com\/home\/wp-json\/wp\/v2\/posts\/1","targetHints":{"allow":["GET"]}}],"collection":[{"href":"https:\/\/diretodasacristia.com\/home\/wp-json\/wp\/v2\/posts"}],"about":[{"href":"https:\/\/diretodasacristia.com\/home\/wp-json\/wp\/v2\/types\/post"}],"author":[{"embeddable":true,"href":"https:\/\/diretodasacristia.com\/home\/wp-json\/wp\/v2\/users\/3"}],"replies":[{"embeddable":true,"href":"https:\/\/diretodasacristia.com\/home\/wp-json\/wp\/v2\/comments?post=1"}],"version-history":[{"count":0,"href":"https:\/\/diretodasacristia.com\/home\/wp-json\/wp\/v2\/posts\/1\/revisions"}],"wp:attachment":[{"href":"https:\/\/diretodasacristia.com\/home\/wp-json\/wp\/v2\/media?parent=1"}],"wp:term":[{"taxonomy":"category","embeddable":true,"href":"https:\/\/diretodasacristia.com\/home\/wp-json\/wp\/v2\/categories?post=1"},{"taxonomy":"post_tag","embeddable":true,"href":"https:\/\/diretodasacristia.com\/home\/wp-json\/wp\/v2\/tags?post=1"}],"curies":[{"name":"wp","href":"https:\/\/api.w.org\/{rel}","templated":true}]}}