{"id":104,"date":"2011-02-05T16:53:00","date_gmt":"2011-02-05T16:53:00","guid":{"rendered":"http:\/\/diretodasacristia.com\/home\/sem-categoria\/bento-xvi-deixou-de-ser-doador-de-orgaos-2\/"},"modified":"2011-02-05T16:53:00","modified_gmt":"2011-02-05T16:53:00","slug":"bento-xvi-deixou-de-ser-doador-de-orgaos-2","status":"publish","type":"post","link":"https:\/\/diretodasacristia.com\/home\/sem-categoria\/bento-xvi-deixou-de-ser-doador-de-orgaos-2\/","title":{"rendered":"Bento XVI deixou de ser doador de org\u00e3os"},"content":{"rendered":"<p><span style=\"font-family: verdana;\">Not\u00edcia da <a href=\"http:\/\/www.google.com\/hostednews\/afp\/article\/ALeqM5iFbmTx5MJOPzCTxhCO0SPDSGYGKg?docId=CNG.3dc7cfab8870b14fbb0349b60a1f109e.421\">AFP<\/a><\/span><\/p>\n<p><\/p>\n<div style=\"text-align: justify;\">\n<div style=\"text-align: center;\"><span style=\"font-family: verdana; font-weight: bold;\">Mudan\u00e7a deve-se \u00e0 natureza do minist\u00e9rio petrino<\/span><\/div>\n<p><span style=\"font-family:verdana;\"><\/p>\n<p><\/span><a href=\"http:\/\/4.bp.blogspot.com\/_LTO5Qx1HyJc\/TU3L1T1Pa8I\/AAAAAAAABtw\/ptWt9BfC0QI\/s1600\/Bento%2BXVI%2Bsentado%2Bgrecca.jpg\"><img decoding=\"async\" style=\"display:block; margin:0px auto 10px; text-align:center;cursor:pointer; cursor:hand;width: 400px; height: 267px;\" src=\"http:\/\/4.bp.blogspot.com\/_LTO5Qx1HyJc\/TU3L1T1Pa8I\/AAAAAAAABtw\/ptWt9BfC0QI\/s400\/Bento%2BXVI%2Bsentado%2Bgrecca.jpg\" alt=\"\" id=\"BLOGGER_PHOTO_ID_5570332430844259266\" border=\"0\" \/><\/a><br \/><span style=\"font-family:verdana;\">Em 1999, o ent\u00e3o cardeal Ratzinger revelou que havia inscrito o seu nome na lista de doadores de org\u00e3os, qualificando a atitude como algo &#8220;de afei\u00e7\u00e3o e disponibilidade&#8221;.<\/span><\/p>\n<p><span style=\"font-family:verdana;\">Contudo, segundo noticiado pela R\u00e1dio Vaticano, a sua inscri\u00e7\u00e3o tornou-se inv\u00e1lida desde sua elei\u00e7\u00e3o \u00e0 sede de Pedro. A declara\u00e7\u00e3o deve-se ao uso promocional por parte de um m\u00e9dico alem\u00e3o da ficha de doador do Papa para estimular os cat\u00f3licos a doarem <\/span><span style=\"font-family:verdana;\"><span style=\"font-style: italic;\">post mortem <\/span><\/span><span style=\"font-family:verdana;\">seus org\u00e3os. Apesar da carta enviada pelo rev.mo Mons. Georg G\u00e4nswein, e dos pedidos do Vaticano,<\/span><span style=\"font-family:verdana;\">o m\u00e9dico Gero Winkelmann, de Munique, <\/span><span style=\"font-family:verdana;\">ainda n\u00e3o suspendeu.<\/p>\n<p><\/span><\/p>\n<div style=\"text-align: center;\"><a href=\"http:\/\/4.bp.blogspot.com\/_LTO5Qx1HyJc\/TU3L1ZkvNvI\/AAAAAAAABto\/DII3RL7IlMg\/s1600\/Mons.%2BZygmunt%2BZimowski%252C%2Bpresidente%2BPontif%25C3%25ADcio%2BConselho%2BPastoral%2BSa%25C3%25BAde.jpg\"><img decoding=\"async\" style=\"display: block; margin: 0px auto 10px; text-align: center; cursor: pointer; width: 343px; height: 228px;\" src=\"http:\/\/4.bp.blogspot.com\/_LTO5Qx1HyJc\/TU3L1ZkvNvI\/AAAAAAAABto\/DII3RL7IlMg\/s400\/Mons.%2BZygmunt%2BZimowski%252C%2Bpresidente%2BPontif%25C3%25ADcio%2BConselho%2BPastoral%2BSa%25C3%25BAde.jpg\" alt=\"\" id=\"BLOGGER_PHOTO_ID_5570332432385652466\" border=\"0\" \/><\/a><span style=\"font-family:verdana;\"><span style=\"font-size:85%;\"><span style=\"font-style: italic;\">Mons. Zygmunt Zimowski<\/span><br \/><span style=\"font-style: italic;\">Arcebispo (t\u00edtulo <\/span>ad personam<span style=\"font-style: italic;\">) e<br \/>presidente do Pontif\u00edcio Conselho para a asotral da Sa\u00fade<\/span><\/span><br \/><\/span><\/div>\n<p><span style=\"font-family:verdana;\"><br \/>&#8220;O corpo do Papa pertence \u00e0 Igreja universal. \u00c9 compreens\u00edvel que os restos mortais sejam conservados integralmente, inclusive visando as poss\u00edveis venera\u00e7\u00f5es&#8221;, afirma o Arcebispo Zygmunt Zimowski, presidente do Pontif\u00edcio Conselho para a Pastoral da Sa\u00fade. Portanto, \u00e0 natureza da fun\u00e7\u00e3o pontif\u00edcia deve-se a anula\u00e7\u00e3o do desejo de Bento XVI de doar seus org\u00e3os ap\u00f3s sua morte, para que assim seja sepultado intactamente.<\/p>\n<p>O diretor da Sala de Imprensa da Santa S\u00e9, Pe. Federico Lombardi, declarou que a mudan\u00e7a da decis\u00e3o n\u00e3o reflete na opini\u00e3o do Papa. Em 05 novembro 2008, Bento XVI reiterou a ades\u00e3o da Igreja \u00e0 pr\u00e1tica de transplantes de org\u00e3os. Ao mesmo tempo, condenou o tr\u00e1fico de org\u00e3os como &#8220;pr\u00e1ticas abomin\u00e1veis&#8221; que a comunidade cient\u00edfica deve rejeitar.<\/p>\n<p><\/span><\/div>\n","protected":false},"excerpt":{"rendered":"Not\u00edcia da AFP Mudan\u00e7a deve-se \u00e0 natureza do minist\u00e9rio petrino Em 1999, o ent\u00e3o cardeal Ratzinger revelou que havia inscrito o seu nome na lista de doadores de org\u00e3os, qualificando a atitude como algo &#8220;de afei\u00e7\u00e3o e disponibilidade&#8221;. Contudo, segundo noticiado pela R\u00e1dio Vaticano, a sua inscri\u00e7\u00e3o tornou-se inv\u00e1lida desde sua elei\u00e7\u00e3o \u00e0 sede de&#8230; <a class=\"view-article\" href=\"https:\/\/diretodasacristia.com\/home\/sem-categoria\/bento-xvi-deixou-de-ser-doador-de-orgaos-2\/\">Ver artigo<\/a>","protected":false},"author":3,"featured_media":0,"comment_status":"open","ping_status":"open","sticky":false,"template":"","format":"standard","meta":{"jetpack_post_was_ever_published":false,"_jetpack_newsletter_access":"","_jetpack_dont_email_post_to_subs":false,"_jetpack_newsletter_tier_id":0,"_jetpack_memberships_contains_paywalled_content":false,"_jetpack_memberships_contains_paid_content":false,"_joinchat":[],"footnotes":"","jetpack_publicize_message":"","jetpack_publicize_feature_enabled":true,"jetpack_social_post_already_shared":false,"jetpack_social_options":{"image_generator_settings":{"template":"highway","default_image_id":0,"font":"","enabled":false},"version":2}},"categories":[1],"tags":[],"class_list":["post-104","post","type-post","status-publish","format-standard","hentry","category-sem-categoria"],"yoast_head":"<!-- This site is optimized with the Yoast SEO plugin v27.4 - https:\/\/yoast.com\/product\/yoast-seo-wordpress\/ -->\n<title>Bento XVI deixou de ser doador de org\u00e3os - Direto da Sacristia<\/title>\n<meta name=\"robots\" content=\"index, follow, max-snippet:-1, max-image-preview:large, max-video-preview:-1\" \/>\n<link rel=\"canonical\" href=\"https:\/\/diretodasacristia.com\/home\/sem-categoria\/bento-xvi-deixou-de-ser-doador-de-orgaos-2\/\" \/>\n<meta property=\"og:locale\" content=\"pt_BR\" \/>\n<meta property=\"og:type\" content=\"article\" \/>\n<meta property=\"og:title\" content=\"Bento XVI deixou de ser doador de org\u00e3os - Direto da Sacristia\" \/>\n<meta property=\"og:description\" content=\"Not\u00edcia da AFP Mudan\u00e7a deve-se \u00e0 natureza do minist\u00e9rio petrino Em 1999, o ent\u00e3o cardeal Ratzinger revelou que havia inscrito o seu nome na lista de doadores de org\u00e3os, qualificando a atitude como algo &#8220;de afei\u00e7\u00e3o e disponibilidade&#8221;. Contudo, segundo noticiado pela R\u00e1dio Vaticano, a sua inscri\u00e7\u00e3o tornou-se inv\u00e1lida desde sua elei\u00e7\u00e3o \u00e0 sede de... Ver artigo\" \/>\n<meta property=\"og:url\" content=\"https:\/\/diretodasacristia.com\/home\/sem-categoria\/bento-xvi-deixou-de-ser-doador-de-orgaos-2\/\" \/>\n<meta property=\"og:site_name\" content=\"Direto da Sacristia\" \/>\n<meta property=\"article:publisher\" content=\"https:\/\/www.facebook.com\/DiretoSacristia\" \/>\n<meta property=\"article:published_time\" content=\"2011-02-05T16:53:00+00:00\" \/>\n<meta property=\"og:image\" content=\"http:\/\/4.bp.blogspot.com\/_LTO5Qx1HyJc\/TU3L1T1Pa8I\/AAAAAAAABtw\/ptWt9BfC0QI\/s400\/Bento%2BXVI%2Bsentado%2Bgrecca.jpg\" \/>\n<meta name=\"author\" content=\"E. Mar\u00e7al\" \/>\n<meta name=\"twitter:card\" content=\"summary_large_image\" \/>\n<meta name=\"twitter:creator\" content=\"@diretosacristia\" \/>\n<meta name=\"twitter:site\" content=\"@diretosacristia\" \/>\n<meta name=\"twitter:label1\" content=\"Escrito por\" \/>\n\t<meta name=\"twitter:data1\" content=\"E. Mar\u00e7al\" \/>\n\t<meta name=\"twitter:label2\" content=\"Est. tempo de leitura\" \/>\n\t<meta name=\"twitter:data2\" content=\"1 minuto\" \/>\n<script type=\"application\/ld+json\" class=\"yoast-schema-graph\">{\"@context\":\"https:\\\/\\\/schema.org\",\"@graph\":[{\"@type\":\"Article\",\"@id\":\"https:\\\/\\\/diretodasacristia.com\\\/home\\\/sem-categoria\\\/bento-xvi-deixou-de-ser-doador-de-orgaos-2\\\/#article\",\"isPartOf\":{\"@id\":\"https:\\\/\\\/diretodasacristia.com\\\/home\\\/sem-categoria\\\/bento-xvi-deixou-de-ser-doador-de-orgaos-2\\\/\"},\"author\":{\"name\":\"E. Mar\u00e7al\",\"@id\":\"https:\\\/\\\/diretodasacristia.com\\\/home\\\/#\\\/schema\\\/person\\\/3d453ef1f7d57c0bb0990b8070642721\"},\"headline\":\"Bento XVI deixou de ser doador de org\u00e3os\",\"datePublished\":\"2011-02-05T16:53:00+00:00\",\"mainEntityOfPage\":{\"@id\":\"https:\\\/\\\/diretodasacristia.com\\\/home\\\/sem-categoria\\\/bento-xvi-deixou-de-ser-doador-de-orgaos-2\\\/\"},\"wordCount\":288,\"commentCount\":0,\"publisher\":{\"@id\":\"https:\\\/\\\/diretodasacristia.com\\\/home\\\/#organization\"},\"image\":{\"@id\":\"https:\\\/\\\/diretodasacristia.com\\\/home\\\/sem-categoria\\\/bento-xvi-deixou-de-ser-doador-de-orgaos-2\\\/#primaryimage\"},\"thumbnailUrl\":\"http:\\\/\\\/4.bp.blogspot.com\\\/_LTO5Qx1HyJc\\\/TU3L1T1Pa8I\\\/AAAAAAAABtw\\\/ptWt9BfC0QI\\\/s400\\\/Bento%2BXVI%2Bsentado%2Bgrecca.jpg\",\"inLanguage\":\"pt-BR\",\"potentialAction\":[{\"@type\":\"CommentAction\",\"name\":\"Comment\",\"target\":[\"https:\\\/\\\/diretodasacristia.com\\\/home\\\/sem-categoria\\\/bento-xvi-deixou-de-ser-doador-de-orgaos-2\\\/#respond\"]}]},{\"@type\":\"WebPage\",\"@id\":\"https:\\\/\\\/diretodasacristia.com\\\/home\\\/sem-categoria\\\/bento-xvi-deixou-de-ser-doador-de-orgaos-2\\\/\",\"url\":\"https:\\\/\\\/diretodasacristia.com\\\/home\\\/sem-categoria\\\/bento-xvi-deixou-de-ser-doador-de-orgaos-2\\\/\",\"name\":\"Bento XVI deixou de ser doador de org\u00e3os - Direto da Sacristia\",\"isPartOf\":{\"@id\":\"https:\\\/\\\/diretodasacristia.com\\\/home\\\/#website\"},\"primaryImageOfPage\":{\"@id\":\"https:\\\/\\\/diretodasacristia.com\\\/home\\\/sem-categoria\\\/bento-xvi-deixou-de-ser-doador-de-orgaos-2\\\/#primaryimage\"},\"image\":{\"@id\":\"https:\\\/\\\/diretodasacristia.com\\\/home\\\/sem-categoria\\\/bento-xvi-deixou-de-ser-doador-de-orgaos-2\\\/#primaryimage\"},\"thumbnailUrl\":\"http:\\\/\\\/4.bp.blogspot.com\\\/_LTO5Qx1HyJc\\\/TU3L1T1Pa8I\\\/AAAAAAAABtw\\\/ptWt9BfC0QI\\\/s400\\\/Bento%2BXVI%2Bsentado%2Bgrecca.jpg\",\"datePublished\":\"2011-02-05T16:53:00+00:00\",\"breadcrumb\":{\"@id\":\"https:\\\/\\\/diretodasacristia.com\\\/home\\\/sem-categoria\\\/bento-xvi-deixou-de-ser-doador-de-orgaos-2\\\/#breadcrumb\"},\"inLanguage\":\"pt-BR\",\"potentialAction\":[{\"@type\":\"ReadAction\",\"target\":[\"https:\\\/\\\/diretodasacristia.com\\\/home\\\/sem-categoria\\\/bento-xvi-deixou-de-ser-doador-de-orgaos-2\\\/\"]}]},{\"@type\":\"ImageObject\",\"inLanguage\":\"pt-BR\",\"@id\":\"https:\\\/\\\/diretodasacristia.com\\\/home\\\/sem-categoria\\\/bento-xvi-deixou-de-ser-doador-de-orgaos-2\\\/#primaryimage\",\"url\":\"http:\\\/\\\/4.bp.blogspot.com\\\/_LTO5Qx1HyJc\\\/TU3L1T1Pa8I\\\/AAAAAAAABtw\\\/ptWt9BfC0QI\\\/s400\\\/Bento%2BXVI%2Bsentado%2Bgrecca.jpg\",\"contentUrl\":\"http:\\\/\\\/4.bp.blogspot.com\\\/_LTO5Qx1HyJc\\\/TU3L1T1Pa8I\\\/AAAAAAAABtw\\\/ptWt9BfC0QI\\\/s400\\\/Bento%2BXVI%2Bsentado%2Bgrecca.jpg\"},{\"@type\":\"BreadcrumbList\",\"@id\":\"https:\\\/\\\/diretodasacristia.com\\\/home\\\/sem-categoria\\\/bento-xvi-deixou-de-ser-doador-de-orgaos-2\\\/#breadcrumb\",\"itemListElement\":[{\"@type\":\"ListItem\",\"position\":1,\"name\":\"In\u00edcio\",\"item\":\"https:\\\/\\\/diretodasacristia.com\\\/home\\\/\"},{\"@type\":\"ListItem\",\"position\":2,\"name\":\"Bento XVI deixou de ser doador de org\u00e3os\"}]},{\"@type\":\"WebSite\",\"@id\":\"https:\\\/\\\/diretodasacristia.com\\\/home\\\/#website\",\"url\":\"https:\\\/\\\/diretodasacristia.com\\\/home\\\/\",\"name\":\"Direto da Sacristia\",\"description\":\"Not\u00edcias e artigos sobre a f\u00e9 cat\u00f3lica\",\"publisher\":{\"@id\":\"https:\\\/\\\/diretodasacristia.com\\\/home\\\/#organization\"},\"potentialAction\":[{\"@type\":\"SearchAction\",\"target\":{\"@type\":\"EntryPoint\",\"urlTemplate\":\"https:\\\/\\\/diretodasacristia.com\\\/home\\\/?s={search_term_string}\"},\"query-input\":{\"@type\":\"PropertyValueSpecification\",\"valueRequired\":true,\"valueName\":\"search_term_string\"}}],\"inLanguage\":\"pt-BR\"},{\"@type\":\"Organization\",\"@id\":\"https:\\\/\\\/diretodasacristia.com\\\/home\\\/#organization\",\"name\":\"Direto da Sacristia\",\"url\":\"https:\\\/\\\/diretodasacristia.com\\\/home\\\/\",\"logo\":{\"@type\":\"ImageObject\",\"inLanguage\":\"pt-BR\",\"@id\":\"https:\\\/\\\/diretodasacristia.com\\\/home\\\/#\\\/schema\\\/logo\\\/image\\\/\",\"url\":\"https:\\\/\\\/i0.wp.com\\\/diretodasacristia.com\\\/home\\\/wp-content\\\/uploads\\\/2012\\\/01\\\/marca-sacristia.png?fit=320%2C306&ssl=1\",\"contentUrl\":\"https:\\\/\\\/i0.wp.com\\\/diretodasacristia.com\\\/home\\\/wp-content\\\/uploads\\\/2012\\\/01\\\/marca-sacristia.png?fit=320%2C306&ssl=1\",\"width\":\"320\",\"height\":\"306\",\"caption\":\"Direto da Sacristia\"},\"image\":{\"@id\":\"https:\\\/\\\/diretodasacristia.com\\\/home\\\/#\\\/schema\\\/logo\\\/image\\\/\"},\"sameAs\":[\"https:\\\/\\\/www.facebook.com\\\/DiretoSacristia\",\"https:\\\/\\\/x.com\\\/diretosacristia\",\"https:\\\/\\\/www.instagram.com\\\/diretodasacristia\\\/\",\"https:\\\/\\\/www.youtube.com\\\/diretodasacristia\"]},{\"@type\":\"Person\",\"@id\":\"https:\\\/\\\/diretodasacristia.com\\\/home\\\/#\\\/schema\\\/person\\\/3d453ef1f7d57c0bb0990b8070642721\",\"name\":\"E. Mar\u00e7al\",\"image\":{\"@type\":\"ImageObject\",\"inLanguage\":\"pt-BR\",\"@id\":\"https:\\\/\\\/secure.gravatar.com\\\/avatar\\\/348ff80a5ddde3de6c8b6e0c5b066b733f9245285d9ab87cd2e2ff652ffa95b0?s=96&d=mm&r=g\",\"url\":\"https:\\\/\\\/secure.gravatar.com\\\/avatar\\\/348ff80a5ddde3de6c8b6e0c5b066b733f9245285d9ab87cd2e2ff652ffa95b0?s=96&d=mm&r=g\",\"contentUrl\":\"https:\\\/\\\/secure.gravatar.com\\\/avatar\\\/348ff80a5ddde3de6c8b6e0c5b066b733f9245285d9ab87cd2e2ff652ffa95b0?s=96&d=mm&r=g\",\"caption\":\"E. Mar\u00e7al\"},\"url\":\"https:\\\/\\\/diretodasacristia.com\\\/home\\\/author\\\/erick\\\/\"}]}<\/script>\n<!-- \/ Yoast SEO plugin. -->","yoast_head_json":{"title":"Bento XVI deixou de ser doador de org\u00e3os - Direto da Sacristia","robots":{"index":"index","follow":"follow","max-snippet":"max-snippet:-1","max-image-preview":"max-image-preview:large","max-video-preview":"max-video-preview:-1"},"canonical":"https:\/\/diretodasacristia.com\/home\/sem-categoria\/bento-xvi-deixou-de-ser-doador-de-orgaos-2\/","og_locale":"pt_BR","og_type":"article","og_title":"Bento XVI deixou de ser doador de org\u00e3os - Direto da Sacristia","og_description":"Not\u00edcia da AFP Mudan\u00e7a deve-se \u00e0 natureza do minist\u00e9rio petrino Em 1999, o ent\u00e3o cardeal Ratzinger revelou que havia inscrito o seu nome na lista de doadores de org\u00e3os, qualificando a atitude como algo &#8220;de afei\u00e7\u00e3o e disponibilidade&#8221;. Contudo, segundo noticiado pela R\u00e1dio Vaticano, a sua inscri\u00e7\u00e3o tornou-se inv\u00e1lida desde sua elei\u00e7\u00e3o \u00e0 sede de... Ver artigo","og_url":"https:\/\/diretodasacristia.com\/home\/sem-categoria\/bento-xvi-deixou-de-ser-doador-de-orgaos-2\/","og_site_name":"Direto da Sacristia","article_publisher":"https:\/\/www.facebook.com\/DiretoSacristia","article_published_time":"2011-02-05T16:53:00+00:00","og_image":[{"url":"http:\/\/4.bp.blogspot.com\/_LTO5Qx1HyJc\/TU3L1T1Pa8I\/AAAAAAAABtw\/ptWt9BfC0QI\/s400\/Bento%2BXVI%2Bsentado%2Bgrecca.jpg","type":"","width":"","height":""}],"author":"E. Mar\u00e7al","twitter_card":"summary_large_image","twitter_creator":"@diretosacristia","twitter_site":"@diretosacristia","twitter_misc":{"Escrito por":"E. Mar\u00e7al","Est. tempo de leitura":"1 minuto"},"schema":{"@context":"https:\/\/schema.org","@graph":[{"@type":"Article","@id":"https:\/\/diretodasacristia.com\/home\/sem-categoria\/bento-xvi-deixou-de-ser-doador-de-orgaos-2\/#article","isPartOf":{"@id":"https:\/\/diretodasacristia.com\/home\/sem-categoria\/bento-xvi-deixou-de-ser-doador-de-orgaos-2\/"},"author":{"name":"E. Mar\u00e7al","@id":"https:\/\/diretodasacristia.com\/home\/#\/schema\/person\/3d453ef1f7d57c0bb0990b8070642721"},"headline":"Bento XVI deixou de ser doador de org\u00e3os","datePublished":"2011-02-05T16:53:00+00:00","mainEntityOfPage":{"@id":"https:\/\/diretodasacristia.com\/home\/sem-categoria\/bento-xvi-deixou-de-ser-doador-de-orgaos-2\/"},"wordCount":288,"commentCount":0,"publisher":{"@id":"https:\/\/diretodasacristia.com\/home\/#organization"},"image":{"@id":"https:\/\/diretodasacristia.com\/home\/sem-categoria\/bento-xvi-deixou-de-ser-doador-de-orgaos-2\/#primaryimage"},"thumbnailUrl":"http:\/\/4.bp.blogspot.com\/_LTO5Qx1HyJc\/TU3L1T1Pa8I\/AAAAAAAABtw\/ptWt9BfC0QI\/s400\/Bento%2BXVI%2Bsentado%2Bgrecca.jpg","inLanguage":"pt-BR","potentialAction":[{"@type":"CommentAction","name":"Comment","target":["https:\/\/diretodasacristia.com\/home\/sem-categoria\/bento-xvi-deixou-de-ser-doador-de-orgaos-2\/#respond"]}]},{"@type":"WebPage","@id":"https:\/\/diretodasacristia.com\/home\/sem-categoria\/bento-xvi-deixou-de-ser-doador-de-orgaos-2\/","url":"https:\/\/diretodasacristia.com\/home\/sem-categoria\/bento-xvi-deixou-de-ser-doador-de-orgaos-2\/","name":"Bento XVI deixou de ser doador de org\u00e3os - Direto da Sacristia","isPartOf":{"@id":"https:\/\/diretodasacristia.com\/home\/#website"},"primaryImageOfPage":{"@id":"https:\/\/diretodasacristia.com\/home\/sem-categoria\/bento-xvi-deixou-de-ser-doador-de-orgaos-2\/#primaryimage"},"image":{"@id":"https:\/\/diretodasacristia.com\/home\/sem-categoria\/bento-xvi-deixou-de-ser-doador-de-orgaos-2\/#primaryimage"},"thumbnailUrl":"http:\/\/4.bp.blogspot.com\/_LTO5Qx1HyJc\/TU3L1T1Pa8I\/AAAAAAAABtw\/ptWt9BfC0QI\/s400\/Bento%2BXVI%2Bsentado%2Bgrecca.jpg","datePublished":"2011-02-05T16:53:00+00:00","breadcrumb":{"@id":"https:\/\/diretodasacristia.com\/home\/sem-categoria\/bento-xvi-deixou-de-ser-doador-de-orgaos-2\/#breadcrumb"},"inLanguage":"pt-BR","potentialAction":[{"@type":"ReadAction","target":["https:\/\/diretodasacristia.com\/home\/sem-categoria\/bento-xvi-deixou-de-ser-doador-de-orgaos-2\/"]}]},{"@type":"ImageObject","inLanguage":"pt-BR","@id":"https:\/\/diretodasacristia.com\/home\/sem-categoria\/bento-xvi-deixou-de-ser-doador-de-orgaos-2\/#primaryimage","url":"http:\/\/4.bp.blogspot.com\/_LTO5Qx1HyJc\/TU3L1T1Pa8I\/AAAAAAAABtw\/ptWt9BfC0QI\/s400\/Bento%2BXVI%2Bsentado%2Bgrecca.jpg","contentUrl":"http:\/\/4.bp.blogspot.com\/_LTO5Qx1HyJc\/TU3L1T1Pa8I\/AAAAAAAABtw\/ptWt9BfC0QI\/s400\/Bento%2BXVI%2Bsentado%2Bgrecca.jpg"},{"@type":"BreadcrumbList","@id":"https:\/\/diretodasacristia.com\/home\/sem-categoria\/bento-xvi-deixou-de-ser-doador-de-orgaos-2\/#breadcrumb","itemListElement":[{"@type":"ListItem","position":1,"name":"In\u00edcio","item":"https:\/\/diretodasacristia.com\/home\/"},{"@type":"ListItem","position":2,"name":"Bento XVI deixou de ser doador de org\u00e3os"}]},{"@type":"WebSite","@id":"https:\/\/diretodasacristia.com\/home\/#website","url":"https:\/\/diretodasacristia.com\/home\/","name":"Direto da Sacristia","description":"Not\u00edcias e artigos sobre a f\u00e9 cat\u00f3lica","publisher":{"@id":"https:\/\/diretodasacristia.com\/home\/#organization"},"potentialAction":[{"@type":"SearchAction","target":{"@type":"EntryPoint","urlTemplate":"https:\/\/diretodasacristia.com\/home\/?s={search_term_string}"},"query-input":{"@type":"PropertyValueSpecification","valueRequired":true,"valueName":"search_term_string"}}],"inLanguage":"pt-BR"},{"@type":"Organization","@id":"https:\/\/diretodasacristia.com\/home\/#organization","name":"Direto da Sacristia","url":"https:\/\/diretodasacristia.com\/home\/","logo":{"@type":"ImageObject","inLanguage":"pt-BR","@id":"https:\/\/diretodasacristia.com\/home\/#\/schema\/logo\/image\/","url":"https:\/\/i0.wp.com\/diretodasacristia.com\/home\/wp-content\/uploads\/2012\/01\/marca-sacristia.png?fit=320%2C306&ssl=1","contentUrl":"https:\/\/i0.wp.com\/diretodasacristia.com\/home\/wp-content\/uploads\/2012\/01\/marca-sacristia.png?fit=320%2C306&ssl=1","width":"320","height":"306","caption":"Direto da Sacristia"},"image":{"@id":"https:\/\/diretodasacristia.com\/home\/#\/schema\/logo\/image\/"},"sameAs":["https:\/\/www.facebook.com\/DiretoSacristia","https:\/\/x.com\/diretosacristia","https:\/\/www.instagram.com\/diretodasacristia\/","https:\/\/www.youtube.com\/diretodasacristia"]},{"@type":"Person","@id":"https:\/\/diretodasacristia.com\/home\/#\/schema\/person\/3d453ef1f7d57c0bb0990b8070642721","name":"E. Mar\u00e7al","image":{"@type":"ImageObject","inLanguage":"pt-BR","@id":"https:\/\/secure.gravatar.com\/avatar\/348ff80a5ddde3de6c8b6e0c5b066b733f9245285d9ab87cd2e2ff652ffa95b0?s=96&d=mm&r=g","url":"https:\/\/secure.gravatar.com\/avatar\/348ff80a5ddde3de6c8b6e0c5b066b733f9245285d9ab87cd2e2ff652ffa95b0?s=96&d=mm&r=g","contentUrl":"https:\/\/secure.gravatar.com\/avatar\/348ff80a5ddde3de6c8b6e0c5b066b733f9245285d9ab87cd2e2ff652ffa95b0?s=96&d=mm&r=g","caption":"E. Mar\u00e7al"},"url":"https:\/\/diretodasacristia.com\/home\/author\/erick\/"}]}},"jetpack_publicize_connections":[],"jetpack_featured_media_url":"","jetpack_sharing_enabled":true,"jetpack_shortlink":"https:\/\/wp.me\/p24aG7-1G","jetpack-related-posts":[{"id":233,"url":"https:\/\/diretodasacristia.com\/home\/brasil\/morreu-o-arcebispo-de-campinas\/","url_meta":{"origin":104,"position":0},"title":"Morreu o Arcebispo de Campinas","author":"E. Mar\u00e7al","date":"28 de agosto de 2011","format":false,"excerpt":"\u00a0 \u00c0s 15h deste domingo, 28, faleceu S.E.R. Dom Bruno Gamberini, Arcebispo de Campinas, aos 61 anos. Em dois meses, o venerando Bispo foi internado tr\u00eas vezes - primeiro por crise de diabetes, depois por um desequil\u00edbrio emocional e, na \u00faltima, por uma hemorragia digestiva alta. Na \u00faltima sexta-feira, dia\u2026","rel":"","context":"Em &quot;Brasil&quot;","block_context":{"text":"Brasil","link":"https:\/\/diretodasacristia.com\/home\/c\/brasil\/"},"img":{"alt_text":"","src":"","width":0,"height":0},"classes":[]},{"id":31,"url":"https:\/\/diretodasacristia.com\/home\/hierarquia\/meu-senhor-2\/","url_meta":{"origin":104,"position":1},"title":"&#8220;Meu senhor&#8221;","author":"Erick Mar\u00e7al","date":"5 de agosto de 2011","format":false,"excerpt":"Car\u00edssimos visitantes, leitores e seguidores do \u201cDireto da Sacristia\u201d. Neste dia em que se comemora a mem\u00f3ria lit\u00fargica de Santa Edith Stein, a quem Deus concedeu a gra\u00e7a de conhecer e de abra\u00e7ar a verdadeira f\u00e9, tornando-a uma alma apaixonada por Cristo e por sua Igreja, repleta de amor e\u2026","rel":"","context":"Em &quot;Hierarquia&quot;","block_context":{"text":"Hierarquia","link":"https:\/\/diretodasacristia.com\/home\/c\/hierarquia\/"},"img":{"alt_text":"","src":"","width":0,"height":0},"classes":[]}],"post_mailing_queue_ids":[],"_links":{"self":[{"href":"https:\/\/diretodasacristia.com\/home\/wp-json\/wp\/v2\/posts\/104","targetHints":{"allow":["GET"]}}],"collection":[{"href":"https:\/\/diretodasacristia.com\/home\/wp-json\/wp\/v2\/posts"}],"about":[{"href":"https:\/\/diretodasacristia.com\/home\/wp-json\/wp\/v2\/types\/post"}],"author":[{"embeddable":true,"href":"https:\/\/diretodasacristia.com\/home\/wp-json\/wp\/v2\/users\/3"}],"replies":[{"embeddable":true,"href":"https:\/\/diretodasacristia.com\/home\/wp-json\/wp\/v2\/comments?post=104"}],"version-history":[{"count":0,"href":"https:\/\/diretodasacristia.com\/home\/wp-json\/wp\/v2\/posts\/104\/revisions"}],"wp:attachment":[{"href":"https:\/\/diretodasacristia.com\/home\/wp-json\/wp\/v2\/media?parent=104"}],"wp:term":[{"taxonomy":"category","embeddable":true,"href":"https:\/\/diretodasacristia.com\/home\/wp-json\/wp\/v2\/categories?post=104"},{"taxonomy":"post_tag","embeddable":true,"href":"https:\/\/diretodasacristia.com\/home\/wp-json\/wp\/v2\/tags?post=104"}],"curies":[{"name":"wp","href":"https:\/\/api.w.org\/{rel}","templated":true}]}}