{"id":105,"date":"2011-02-03T09:02:00","date_gmt":"2011-02-03T09:02:00","guid":{"rendered":"http:\/\/diretodasacristia.com\/home\/sem-categoria\/crianca-brasileira-quebra-seguranca-e-se-aproxima-de-bento-xvi-2\/"},"modified":"2011-02-03T09:02:00","modified_gmt":"2011-02-03T09:02:00","slug":"crianca-brasileira-quebra-seguranca-e-se-aproxima-de-bento-xvi-2","status":"publish","type":"post","link":"https:\/\/diretodasacristia.com\/home\/sem-categoria\/crianca-brasileira-quebra-seguranca-e-se-aproxima-de-bento-xvi-2\/","title":{"rendered":"Crian\u00e7a brasileira quebra seguran\u00e7a e se aproxima de Bento XVI"},"content":{"rendered":"<div style=\"text-align: center;\"><span style=\" font-weight: bold;font-family:verdana;\">Epis\u00f3dio aconteceu na audi\u00eancia-geral de ontem<\/span><\/div>\n<p><a href=\"http:\/\/3.bp.blogspot.com\/_LTO5Qx1HyJc\/TUqb9LHOlVI\/AAAAAAAABtQ\/5scsb_Gh_cw\/s1600\/Crian%25C3%25A7a%2Bbrasileira%2Bprotocolo%2BBento%2BXVI%2Baudi%25C3%25AAncia%2B02.02.2011.jpg\"><img decoding=\"async\" style=\"display:block; margin:0px auto 10px; text-align:center;cursor:pointer; cursor:hand;width: 400px; height: 275px;\" src=\"http:\/\/3.bp.blogspot.com\/_LTO5Qx1HyJc\/TUqb9LHOlVI\/AAAAAAAABtQ\/5scsb_Gh_cw\/s400\/Crian%25C3%25A7a%2Bbrasileira%2Bprotocolo%2BBento%2BXVI%2Baudi%25C3%25AAncia%2B02.02.2011.jpg\" alt=\"\" id=\"BLOGGER_PHOTO_ID_5569435364454470994\" border=\"0\" \/><\/a><br \/><a href=\"http:\/\/2.bp.blogspot.com\/_LTO5Qx1HyJc\/TUqdlF5NTaI\/AAAAAAAABtY\/qg5WdLoTN5A\/s1600\/Crian%25C3%25A7a%2Bbrasileira%2Bprotocolo%2BBento%2BXVI%2Baudi%25C3%25AAncia%2B02.02.2011%2B%255B3%255D.jpg\"><img decoding=\"async\" style=\"display:block; margin:0px auto 10px; text-align:center;cursor:pointer; cursor:hand;width: 400px; height: 267px;\" src=\"http:\/\/2.bp.blogspot.com\/_LTO5Qx1HyJc\/TUqdlF5NTaI\/AAAAAAAABtY\/qg5WdLoTN5A\/s400\/Crian%25C3%25A7a%2Bbrasileira%2Bprotocolo%2BBento%2BXVI%2Baudi%25C3%25AAncia%2B02.02.2011%2B%255B3%255D.jpg\" alt=\"\" id=\"BLOGGER_PHOTO_ID_5569437149759884706\" border=\"0\" \/><\/a><\/p>\n<div style=\"text-align: justify;\"><span style=\"font-family:verdana;\">Ao fim da audi\u00eancia-geral de ontem, dia 02, durante a apresenta\u00e7\u00e3o das delega\u00e7\u00f5es de l\u00edngua portuguesa, em um \u00e1tino despercebido pelos seguran\u00e7as do Vaticano, uma crian\u00e7a de 6 anos aproximou-se da cadeira onde estava sentado o Papa Bento XVI. Segundo alguns, tratava-se de um pequeno brasileiro que, antes de receber a b\u00ean\u00e7\u00e3o, permaneceu alguns instantes conversando com o Pont\u00edfice. Em um gesto discreto, mons. Georg G\u00e4nswein, secret\u00e1rio pessoal do Papa, impediu que os seguran\u00e7as retirassem a crian\u00e7a antes de terminado o surpreendente col\u00f3quio, que provocou emo\u00e7\u00e3o aos presentes, al\u00e9m de risos e aplausos.<\/p>\n<p>Vejam no v\u00eddeo:<\/p>\n<p><\/span> <\/div>\n<div style=\"text-align: center;\"><\/div>\n<div style=\"text-align: center;\">http:\/\/www.youtube.com\/get_player<\/p>\n<\/div>\n","protected":false},"excerpt":{"rendered":"Epis\u00f3dio aconteceu na audi\u00eancia-geral de ontem Ao fim da audi\u00eancia-geral de ontem, dia 02, durante a apresenta\u00e7\u00e3o das delega\u00e7\u00f5es de l\u00edngua portuguesa, em um \u00e1tino despercebido pelos seguran\u00e7as do Vaticano, uma crian\u00e7a de 6 anos aproximou-se da cadeira onde estava sentado o Papa Bento XVI. Segundo alguns, tratava-se de um pequeno brasileiro que, antes de&#8230; <a class=\"view-article\" href=\"https:\/\/diretodasacristia.com\/home\/sem-categoria\/crianca-brasileira-quebra-seguranca-e-se-aproxima-de-bento-xvi-2\/\">Ver artigo<\/a>","protected":false},"author":3,"featured_media":0,"comment_status":"open","ping_status":"open","sticky":false,"template":"","format":"standard","meta":{"jetpack_post_was_ever_published":false,"_jetpack_newsletter_access":"","_jetpack_dont_email_post_to_subs":false,"_jetpack_newsletter_tier_id":0,"_jetpack_memberships_contains_paywalled_content":false,"_jetpack_memberships_contains_paid_content":false,"_joinchat":[],"footnotes":"","jetpack_publicize_message":"","jetpack_publicize_feature_enabled":true,"jetpack_social_post_already_shared":false,"jetpack_social_options":{"image_generator_settings":{"template":"highway","default_image_id":0,"font":"","enabled":false},"version":2}},"categories":[1],"tags":[],"class_list":["post-105","post","type-post","status-publish","format-standard","hentry","category-sem-categoria"],"yoast_head":"<!-- This site is optimized with the Yoast SEO plugin v27.4 - https:\/\/yoast.com\/product\/yoast-seo-wordpress\/ -->\n<title>Crian\u00e7a brasileira quebra seguran\u00e7a e se aproxima de Bento XVI - Direto da Sacristia<\/title>\n<meta name=\"robots\" content=\"index, follow, max-snippet:-1, max-image-preview:large, max-video-preview:-1\" \/>\n<link rel=\"canonical\" href=\"https:\/\/diretodasacristia.com\/home\/sem-categoria\/crianca-brasileira-quebra-seguranca-e-se-aproxima-de-bento-xvi-2\/\" \/>\n<meta property=\"og:locale\" content=\"pt_BR\" \/>\n<meta property=\"og:type\" content=\"article\" \/>\n<meta property=\"og:title\" content=\"Crian\u00e7a brasileira quebra seguran\u00e7a e se aproxima de Bento XVI - Direto da Sacristia\" \/>\n<meta property=\"og:description\" content=\"Epis\u00f3dio aconteceu na audi\u00eancia-geral de ontem Ao fim da audi\u00eancia-geral de ontem, dia 02, durante a apresenta\u00e7\u00e3o das delega\u00e7\u00f5es de l\u00edngua portuguesa, em um \u00e1tino despercebido pelos seguran\u00e7as do Vaticano, uma crian\u00e7a de 6 anos aproximou-se da cadeira onde estava sentado o Papa Bento XVI. Segundo alguns, tratava-se de um pequeno brasileiro que, antes de... Ver artigo\" \/>\n<meta property=\"og:url\" content=\"https:\/\/diretodasacristia.com\/home\/sem-categoria\/crianca-brasileira-quebra-seguranca-e-se-aproxima-de-bento-xvi-2\/\" \/>\n<meta property=\"og:site_name\" content=\"Direto da Sacristia\" \/>\n<meta property=\"article:publisher\" content=\"https:\/\/www.facebook.com\/DiretoSacristia\" \/>\n<meta property=\"article:published_time\" content=\"2011-02-03T09:02:00+00:00\" \/>\n<meta property=\"og:image\" content=\"http:\/\/3.bp.blogspot.com\/_LTO5Qx1HyJc\/TUqb9LHOlVI\/AAAAAAAABtQ\/5scsb_Gh_cw\/s400\/Crian%25C3%25A7a%2Bbrasileira%2Bprotocolo%2BBento%2BXVI%2Baudi%25C3%25AAncia%2B02.02.2011.jpg\" \/>\n<meta name=\"author\" content=\"E. Mar\u00e7al\" \/>\n<meta name=\"twitter:card\" content=\"summary_large_image\" \/>\n<meta name=\"twitter:creator\" content=\"@diretosacristia\" \/>\n<meta name=\"twitter:site\" content=\"@diretosacristia\" \/>\n<meta name=\"twitter:label1\" content=\"Escrito por\" \/>\n\t<meta name=\"twitter:data1\" content=\"E. Mar\u00e7al\" \/>\n\t<meta name=\"twitter:label2\" content=\"Est. tempo de leitura\" \/>\n\t<meta name=\"twitter:data2\" content=\"1 minuto\" \/>\n<script type=\"application\/ld+json\" class=\"yoast-schema-graph\">{\"@context\":\"https:\\\/\\\/schema.org\",\"@graph\":[{\"@type\":\"Article\",\"@id\":\"https:\\\/\\\/diretodasacristia.com\\\/home\\\/sem-categoria\\\/crianca-brasileira-quebra-seguranca-e-se-aproxima-de-bento-xvi-2\\\/#article\",\"isPartOf\":{\"@id\":\"https:\\\/\\\/diretodasacristia.com\\\/home\\\/sem-categoria\\\/crianca-brasileira-quebra-seguranca-e-se-aproxima-de-bento-xvi-2\\\/\"},\"author\":{\"name\":\"E. Mar\u00e7al\",\"@id\":\"https:\\\/\\\/diretodasacristia.com\\\/home\\\/#\\\/schema\\\/person\\\/3d453ef1f7d57c0bb0990b8070642721\"},\"headline\":\"Crian\u00e7a brasileira quebra seguran\u00e7a e se aproxima de Bento XVI\",\"datePublished\":\"2011-02-03T09:02:00+00:00\",\"mainEntityOfPage\":{\"@id\":\"https:\\\/\\\/diretodasacristia.com\\\/home\\\/sem-categoria\\\/crianca-brasileira-quebra-seguranca-e-se-aproxima-de-bento-xvi-2\\\/\"},\"wordCount\":137,\"commentCount\":0,\"publisher\":{\"@id\":\"https:\\\/\\\/diretodasacristia.com\\\/home\\\/#organization\"},\"image\":{\"@id\":\"https:\\\/\\\/diretodasacristia.com\\\/home\\\/sem-categoria\\\/crianca-brasileira-quebra-seguranca-e-se-aproxima-de-bento-xvi-2\\\/#primaryimage\"},\"thumbnailUrl\":\"http:\\\/\\\/3.bp.blogspot.com\\\/_LTO5Qx1HyJc\\\/TUqb9LHOlVI\\\/AAAAAAAABtQ\\\/5scsb_Gh_cw\\\/s400\\\/Crian%25C3%25A7a%2Bbrasileira%2Bprotocolo%2BBento%2BXVI%2Baudi%25C3%25AAncia%2B02.02.2011.jpg\",\"inLanguage\":\"pt-BR\",\"potentialAction\":[{\"@type\":\"CommentAction\",\"name\":\"Comment\",\"target\":[\"https:\\\/\\\/diretodasacristia.com\\\/home\\\/sem-categoria\\\/crianca-brasileira-quebra-seguranca-e-se-aproxima-de-bento-xvi-2\\\/#respond\"]}]},{\"@type\":\"WebPage\",\"@id\":\"https:\\\/\\\/diretodasacristia.com\\\/home\\\/sem-categoria\\\/crianca-brasileira-quebra-seguranca-e-se-aproxima-de-bento-xvi-2\\\/\",\"url\":\"https:\\\/\\\/diretodasacristia.com\\\/home\\\/sem-categoria\\\/crianca-brasileira-quebra-seguranca-e-se-aproxima-de-bento-xvi-2\\\/\",\"name\":\"Crian\u00e7a brasileira quebra seguran\u00e7a e se aproxima de Bento XVI - Direto da Sacristia\",\"isPartOf\":{\"@id\":\"https:\\\/\\\/diretodasacristia.com\\\/home\\\/#website\"},\"primaryImageOfPage\":{\"@id\":\"https:\\\/\\\/diretodasacristia.com\\\/home\\\/sem-categoria\\\/crianca-brasileira-quebra-seguranca-e-se-aproxima-de-bento-xvi-2\\\/#primaryimage\"},\"image\":{\"@id\":\"https:\\\/\\\/diretodasacristia.com\\\/home\\\/sem-categoria\\\/crianca-brasileira-quebra-seguranca-e-se-aproxima-de-bento-xvi-2\\\/#primaryimage\"},\"thumbnailUrl\":\"http:\\\/\\\/3.bp.blogspot.com\\\/_LTO5Qx1HyJc\\\/TUqb9LHOlVI\\\/AAAAAAAABtQ\\\/5scsb_Gh_cw\\\/s400\\\/Crian%25C3%25A7a%2Bbrasileira%2Bprotocolo%2BBento%2BXVI%2Baudi%25C3%25AAncia%2B02.02.2011.jpg\",\"datePublished\":\"2011-02-03T09:02:00+00:00\",\"breadcrumb\":{\"@id\":\"https:\\\/\\\/diretodasacristia.com\\\/home\\\/sem-categoria\\\/crianca-brasileira-quebra-seguranca-e-se-aproxima-de-bento-xvi-2\\\/#breadcrumb\"},\"inLanguage\":\"pt-BR\",\"potentialAction\":[{\"@type\":\"ReadAction\",\"target\":[\"https:\\\/\\\/diretodasacristia.com\\\/home\\\/sem-categoria\\\/crianca-brasileira-quebra-seguranca-e-se-aproxima-de-bento-xvi-2\\\/\"]}]},{\"@type\":\"ImageObject\",\"inLanguage\":\"pt-BR\",\"@id\":\"https:\\\/\\\/diretodasacristia.com\\\/home\\\/sem-categoria\\\/crianca-brasileira-quebra-seguranca-e-se-aproxima-de-bento-xvi-2\\\/#primaryimage\",\"url\":\"http:\\\/\\\/3.bp.blogspot.com\\\/_LTO5Qx1HyJc\\\/TUqb9LHOlVI\\\/AAAAAAAABtQ\\\/5scsb_Gh_cw\\\/s400\\\/Crian%25C3%25A7a%2Bbrasileira%2Bprotocolo%2BBento%2BXVI%2Baudi%25C3%25AAncia%2B02.02.2011.jpg\",\"contentUrl\":\"http:\\\/\\\/3.bp.blogspot.com\\\/_LTO5Qx1HyJc\\\/TUqb9LHOlVI\\\/AAAAAAAABtQ\\\/5scsb_Gh_cw\\\/s400\\\/Crian%25C3%25A7a%2Bbrasileira%2Bprotocolo%2BBento%2BXVI%2Baudi%25C3%25AAncia%2B02.02.2011.jpg\"},{\"@type\":\"BreadcrumbList\",\"@id\":\"https:\\\/\\\/diretodasacristia.com\\\/home\\\/sem-categoria\\\/crianca-brasileira-quebra-seguranca-e-se-aproxima-de-bento-xvi-2\\\/#breadcrumb\",\"itemListElement\":[{\"@type\":\"ListItem\",\"position\":1,\"name\":\"In\u00edcio\",\"item\":\"https:\\\/\\\/diretodasacristia.com\\\/home\\\/\"},{\"@type\":\"ListItem\",\"position\":2,\"name\":\"Crian\u00e7a brasileira quebra seguran\u00e7a e se aproxima de Bento XVI\"}]},{\"@type\":\"WebSite\",\"@id\":\"https:\\\/\\\/diretodasacristia.com\\\/home\\\/#website\",\"url\":\"https:\\\/\\\/diretodasacristia.com\\\/home\\\/\",\"name\":\"Direto da Sacristia\",\"description\":\"Not\u00edcias e artigos sobre a f\u00e9 cat\u00f3lica\",\"publisher\":{\"@id\":\"https:\\\/\\\/diretodasacristia.com\\\/home\\\/#organization\"},\"potentialAction\":[{\"@type\":\"SearchAction\",\"target\":{\"@type\":\"EntryPoint\",\"urlTemplate\":\"https:\\\/\\\/diretodasacristia.com\\\/home\\\/?s={search_term_string}\"},\"query-input\":{\"@type\":\"PropertyValueSpecification\",\"valueRequired\":true,\"valueName\":\"search_term_string\"}}],\"inLanguage\":\"pt-BR\"},{\"@type\":\"Organization\",\"@id\":\"https:\\\/\\\/diretodasacristia.com\\\/home\\\/#organization\",\"name\":\"Direto da Sacristia\",\"url\":\"https:\\\/\\\/diretodasacristia.com\\\/home\\\/\",\"logo\":{\"@type\":\"ImageObject\",\"inLanguage\":\"pt-BR\",\"@id\":\"https:\\\/\\\/diretodasacristia.com\\\/home\\\/#\\\/schema\\\/logo\\\/image\\\/\",\"url\":\"https:\\\/\\\/i0.wp.com\\\/diretodasacristia.com\\\/home\\\/wp-content\\\/uploads\\\/2012\\\/01\\\/marca-sacristia.png?fit=320%2C306&ssl=1\",\"contentUrl\":\"https:\\\/\\\/i0.wp.com\\\/diretodasacristia.com\\\/home\\\/wp-content\\\/uploads\\\/2012\\\/01\\\/marca-sacristia.png?fit=320%2C306&ssl=1\",\"width\":\"320\",\"height\":\"306\",\"caption\":\"Direto da Sacristia\"},\"image\":{\"@id\":\"https:\\\/\\\/diretodasacristia.com\\\/home\\\/#\\\/schema\\\/logo\\\/image\\\/\"},\"sameAs\":[\"https:\\\/\\\/www.facebook.com\\\/DiretoSacristia\",\"https:\\\/\\\/x.com\\\/diretosacristia\",\"https:\\\/\\\/www.instagram.com\\\/diretodasacristia\\\/\",\"https:\\\/\\\/www.youtube.com\\\/diretodasacristia\"]},{\"@type\":\"Person\",\"@id\":\"https:\\\/\\\/diretodasacristia.com\\\/home\\\/#\\\/schema\\\/person\\\/3d453ef1f7d57c0bb0990b8070642721\",\"name\":\"E. Mar\u00e7al\",\"image\":{\"@type\":\"ImageObject\",\"inLanguage\":\"pt-BR\",\"@id\":\"https:\\\/\\\/secure.gravatar.com\\\/avatar\\\/348ff80a5ddde3de6c8b6e0c5b066b733f9245285d9ab87cd2e2ff652ffa95b0?s=96&d=mm&r=g\",\"url\":\"https:\\\/\\\/secure.gravatar.com\\\/avatar\\\/348ff80a5ddde3de6c8b6e0c5b066b733f9245285d9ab87cd2e2ff652ffa95b0?s=96&d=mm&r=g\",\"contentUrl\":\"https:\\\/\\\/secure.gravatar.com\\\/avatar\\\/348ff80a5ddde3de6c8b6e0c5b066b733f9245285d9ab87cd2e2ff652ffa95b0?s=96&d=mm&r=g\",\"caption\":\"E. Mar\u00e7al\"},\"url\":\"https:\\\/\\\/diretodasacristia.com\\\/home\\\/author\\\/erick\\\/\"}]}<\/script>\n<!-- \/ Yoast SEO plugin. -->","yoast_head_json":{"title":"Crian\u00e7a brasileira quebra seguran\u00e7a e se aproxima de Bento XVI - Direto da Sacristia","robots":{"index":"index","follow":"follow","max-snippet":"max-snippet:-1","max-image-preview":"max-image-preview:large","max-video-preview":"max-video-preview:-1"},"canonical":"https:\/\/diretodasacristia.com\/home\/sem-categoria\/crianca-brasileira-quebra-seguranca-e-se-aproxima-de-bento-xvi-2\/","og_locale":"pt_BR","og_type":"article","og_title":"Crian\u00e7a brasileira quebra seguran\u00e7a e se aproxima de Bento XVI - Direto da Sacristia","og_description":"Epis\u00f3dio aconteceu na audi\u00eancia-geral de ontem Ao fim da audi\u00eancia-geral de ontem, dia 02, durante a apresenta\u00e7\u00e3o das delega\u00e7\u00f5es de l\u00edngua portuguesa, em um \u00e1tino despercebido pelos seguran\u00e7as do Vaticano, uma crian\u00e7a de 6 anos aproximou-se da cadeira onde estava sentado o Papa Bento XVI. Segundo alguns, tratava-se de um pequeno brasileiro que, antes de... Ver artigo","og_url":"https:\/\/diretodasacristia.com\/home\/sem-categoria\/crianca-brasileira-quebra-seguranca-e-se-aproxima-de-bento-xvi-2\/","og_site_name":"Direto da Sacristia","article_publisher":"https:\/\/www.facebook.com\/DiretoSacristia","article_published_time":"2011-02-03T09:02:00+00:00","og_image":[{"url":"http:\/\/3.bp.blogspot.com\/_LTO5Qx1HyJc\/TUqb9LHOlVI\/AAAAAAAABtQ\/5scsb_Gh_cw\/s400\/Crian%25C3%25A7a%2Bbrasileira%2Bprotocolo%2BBento%2BXVI%2Baudi%25C3%25AAncia%2B02.02.2011.jpg","type":"","width":"","height":""}],"author":"E. Mar\u00e7al","twitter_card":"summary_large_image","twitter_creator":"@diretosacristia","twitter_site":"@diretosacristia","twitter_misc":{"Escrito por":"E. Mar\u00e7al","Est. tempo de leitura":"1 minuto"},"schema":{"@context":"https:\/\/schema.org","@graph":[{"@type":"Article","@id":"https:\/\/diretodasacristia.com\/home\/sem-categoria\/crianca-brasileira-quebra-seguranca-e-se-aproxima-de-bento-xvi-2\/#article","isPartOf":{"@id":"https:\/\/diretodasacristia.com\/home\/sem-categoria\/crianca-brasileira-quebra-seguranca-e-se-aproxima-de-bento-xvi-2\/"},"author":{"name":"E. Mar\u00e7al","@id":"https:\/\/diretodasacristia.com\/home\/#\/schema\/person\/3d453ef1f7d57c0bb0990b8070642721"},"headline":"Crian\u00e7a brasileira quebra seguran\u00e7a e se aproxima de Bento XVI","datePublished":"2011-02-03T09:02:00+00:00","mainEntityOfPage":{"@id":"https:\/\/diretodasacristia.com\/home\/sem-categoria\/crianca-brasileira-quebra-seguranca-e-se-aproxima-de-bento-xvi-2\/"},"wordCount":137,"commentCount":0,"publisher":{"@id":"https:\/\/diretodasacristia.com\/home\/#organization"},"image":{"@id":"https:\/\/diretodasacristia.com\/home\/sem-categoria\/crianca-brasileira-quebra-seguranca-e-se-aproxima-de-bento-xvi-2\/#primaryimage"},"thumbnailUrl":"http:\/\/3.bp.blogspot.com\/_LTO5Qx1HyJc\/TUqb9LHOlVI\/AAAAAAAABtQ\/5scsb_Gh_cw\/s400\/Crian%25C3%25A7a%2Bbrasileira%2Bprotocolo%2BBento%2BXVI%2Baudi%25C3%25AAncia%2B02.02.2011.jpg","inLanguage":"pt-BR","potentialAction":[{"@type":"CommentAction","name":"Comment","target":["https:\/\/diretodasacristia.com\/home\/sem-categoria\/crianca-brasileira-quebra-seguranca-e-se-aproxima-de-bento-xvi-2\/#respond"]}]},{"@type":"WebPage","@id":"https:\/\/diretodasacristia.com\/home\/sem-categoria\/crianca-brasileira-quebra-seguranca-e-se-aproxima-de-bento-xvi-2\/","url":"https:\/\/diretodasacristia.com\/home\/sem-categoria\/crianca-brasileira-quebra-seguranca-e-se-aproxima-de-bento-xvi-2\/","name":"Crian\u00e7a brasileira quebra seguran\u00e7a e se aproxima de Bento XVI - Direto da Sacristia","isPartOf":{"@id":"https:\/\/diretodasacristia.com\/home\/#website"},"primaryImageOfPage":{"@id":"https:\/\/diretodasacristia.com\/home\/sem-categoria\/crianca-brasileira-quebra-seguranca-e-se-aproxima-de-bento-xvi-2\/#primaryimage"},"image":{"@id":"https:\/\/diretodasacristia.com\/home\/sem-categoria\/crianca-brasileira-quebra-seguranca-e-se-aproxima-de-bento-xvi-2\/#primaryimage"},"thumbnailUrl":"http:\/\/3.bp.blogspot.com\/_LTO5Qx1HyJc\/TUqb9LHOlVI\/AAAAAAAABtQ\/5scsb_Gh_cw\/s400\/Crian%25C3%25A7a%2Bbrasileira%2Bprotocolo%2BBento%2BXVI%2Baudi%25C3%25AAncia%2B02.02.2011.jpg","datePublished":"2011-02-03T09:02:00+00:00","breadcrumb":{"@id":"https:\/\/diretodasacristia.com\/home\/sem-categoria\/crianca-brasileira-quebra-seguranca-e-se-aproxima-de-bento-xvi-2\/#breadcrumb"},"inLanguage":"pt-BR","potentialAction":[{"@type":"ReadAction","target":["https:\/\/diretodasacristia.com\/home\/sem-categoria\/crianca-brasileira-quebra-seguranca-e-se-aproxima-de-bento-xvi-2\/"]}]},{"@type":"ImageObject","inLanguage":"pt-BR","@id":"https:\/\/diretodasacristia.com\/home\/sem-categoria\/crianca-brasileira-quebra-seguranca-e-se-aproxima-de-bento-xvi-2\/#primaryimage","url":"http:\/\/3.bp.blogspot.com\/_LTO5Qx1HyJc\/TUqb9LHOlVI\/AAAAAAAABtQ\/5scsb_Gh_cw\/s400\/Crian%25C3%25A7a%2Bbrasileira%2Bprotocolo%2BBento%2BXVI%2Baudi%25C3%25AAncia%2B02.02.2011.jpg","contentUrl":"http:\/\/3.bp.blogspot.com\/_LTO5Qx1HyJc\/TUqb9LHOlVI\/AAAAAAAABtQ\/5scsb_Gh_cw\/s400\/Crian%25C3%25A7a%2Bbrasileira%2Bprotocolo%2BBento%2BXVI%2Baudi%25C3%25AAncia%2B02.02.2011.jpg"},{"@type":"BreadcrumbList","@id":"https:\/\/diretodasacristia.com\/home\/sem-categoria\/crianca-brasileira-quebra-seguranca-e-se-aproxima-de-bento-xvi-2\/#breadcrumb","itemListElement":[{"@type":"ListItem","position":1,"name":"In\u00edcio","item":"https:\/\/diretodasacristia.com\/home\/"},{"@type":"ListItem","position":2,"name":"Crian\u00e7a brasileira quebra seguran\u00e7a e se aproxima de Bento XVI"}]},{"@type":"WebSite","@id":"https:\/\/diretodasacristia.com\/home\/#website","url":"https:\/\/diretodasacristia.com\/home\/","name":"Direto da Sacristia","description":"Not\u00edcias e artigos sobre a f\u00e9 cat\u00f3lica","publisher":{"@id":"https:\/\/diretodasacristia.com\/home\/#organization"},"potentialAction":[{"@type":"SearchAction","target":{"@type":"EntryPoint","urlTemplate":"https:\/\/diretodasacristia.com\/home\/?s={search_term_string}"},"query-input":{"@type":"PropertyValueSpecification","valueRequired":true,"valueName":"search_term_string"}}],"inLanguage":"pt-BR"},{"@type":"Organization","@id":"https:\/\/diretodasacristia.com\/home\/#organization","name":"Direto da Sacristia","url":"https:\/\/diretodasacristia.com\/home\/","logo":{"@type":"ImageObject","inLanguage":"pt-BR","@id":"https:\/\/diretodasacristia.com\/home\/#\/schema\/logo\/image\/","url":"https:\/\/i0.wp.com\/diretodasacristia.com\/home\/wp-content\/uploads\/2012\/01\/marca-sacristia.png?fit=320%2C306&ssl=1","contentUrl":"https:\/\/i0.wp.com\/diretodasacristia.com\/home\/wp-content\/uploads\/2012\/01\/marca-sacristia.png?fit=320%2C306&ssl=1","width":"320","height":"306","caption":"Direto da Sacristia"},"image":{"@id":"https:\/\/diretodasacristia.com\/home\/#\/schema\/logo\/image\/"},"sameAs":["https:\/\/www.facebook.com\/DiretoSacristia","https:\/\/x.com\/diretosacristia","https:\/\/www.instagram.com\/diretodasacristia\/","https:\/\/www.youtube.com\/diretodasacristia"]},{"@type":"Person","@id":"https:\/\/diretodasacristia.com\/home\/#\/schema\/person\/3d453ef1f7d57c0bb0990b8070642721","name":"E. Mar\u00e7al","image":{"@type":"ImageObject","inLanguage":"pt-BR","@id":"https:\/\/secure.gravatar.com\/avatar\/348ff80a5ddde3de6c8b6e0c5b066b733f9245285d9ab87cd2e2ff652ffa95b0?s=96&d=mm&r=g","url":"https:\/\/secure.gravatar.com\/avatar\/348ff80a5ddde3de6c8b6e0c5b066b733f9245285d9ab87cd2e2ff652ffa95b0?s=96&d=mm&r=g","contentUrl":"https:\/\/secure.gravatar.com\/avatar\/348ff80a5ddde3de6c8b6e0c5b066b733f9245285d9ab87cd2e2ff652ffa95b0?s=96&d=mm&r=g","caption":"E. Mar\u00e7al"},"url":"https:\/\/diretodasacristia.com\/home\/author\/erick\/"}]}},"jetpack_publicize_connections":[],"jetpack_featured_media_url":"","jetpack_sharing_enabled":true,"jetpack_shortlink":"https:\/\/wp.me\/p24aG7-1H","jetpack-related-posts":[{"id":57,"url":"https:\/\/diretodasacristia.com\/home\/sem-categoria\/bento-xvi-ganha-uma-tiara-papal-2\/","url_meta":{"origin":105,"position":0},"title":"Bento XVI ganha uma tiara papal","author":"E. Mar\u00e7al","date":"26 de maio de 2011","format":false,"excerpt":"Fotos do Orbis Catholicus SecundusO empres\u00e1rio Dieter Philippi apresenta o seu presenteOntem, durante os tradicionais cumprimentos ao Santo Padre ao fim da audi\u00eancia-geral, uma feliz surpresa abateu-se sobre aqueles que d\u00e3o o devido valor \u00e0 tradi\u00e7\u00e3o papal e n\u00e3o a relativizam segundo conceitos socio-teol\u00f3gicos: um empres\u00e1rio alem\u00e3o encomendou a artes\u00e3os\u2026","rel":"","context":"Em &quot;Sem categoria&quot;","block_context":{"text":"Sem categoria","link":"https:\/\/diretodasacristia.com\/home\/c\/sem-categoria\/"},"img":{"alt_text":"","src":"","width":0,"height":0},"classes":[]},{"id":2566,"url":"https:\/\/diretodasacristia.com\/home\/sem-categoria\/audiencia-geral-em-castel-gandolfo\/","url_meta":{"origin":105,"position":1},"title":"Audi\u00eancia-geral em Castel Gandolfo","author":"E. Mar\u00e7al","date":"25 de agosto de 2010","format":false,"excerpt":"Do boletim da Sala de Imprensa da Santa S\u00e9Santo Agostinho e a busca incans\u00e1vel pela Verdade\u00c0s 10h30min de hoje, o Santo Padre Bento XVI, no p\u00e1tio interno da resid\u00eancia pont\u00edficia, o Pal\u00e1cio de Castel Gandolfo, saudou os fi\u00e9is e peregrinos reunidos para a Audi\u00eancia-geral de quarta-feira.Em seu discurso em italiano,\u2026","rel":"","context":"Em &quot;Sem categoria&quot;","block_context":{"text":"Sem categoria","link":"https:\/\/diretodasacristia.com\/home\/c\/sem-categoria\/"},"img":{"alt_text":"","src":"","width":0,"height":0},"classes":[]},{"id":2480,"url":"https:\/\/diretodasacristia.com\/home\/sem-categoria\/papa-visita-secao-pediatrica-do-hospital-gemelli-2\/","url_meta":{"origin":105,"position":2},"title":"Papa visita se\u00e7\u00e3o pedi\u00e1trica do Hospital Gemelli","author":"E. Mar\u00e7al","date":"6 de janeiro de 2011","format":false,"excerpt":"Da R\u00e1dio Vaticano Durante a visita manifestou-se a ora\u00e7\u00e3o e o afeto do Pont\u00edficeBento XVI beija crian\u00e7a durante visita ao Gemelli\u00c0s 17h15 da tarde de ontem, quarta-feira, ocorreu a primeira visita de Bento XVI ao rec\u00e9m-inagurado departamento de tratamento de crian\u00e7as com doen\u00e7as cong\u00eanitas. e submetidos a cuidados intensivos. O\u2026","rel":"","context":"Em &quot;Sem categoria&quot;","block_context":{"text":"Sem categoria","link":"https:\/\/diretodasacristia.com\/home\/c\/sem-categoria\/"},"img":{"alt_text":"","src":"","width":0,"height":0},"classes":[]},{"id":2468,"url":"https:\/\/diretodasacristia.com\/home\/sem-categoria\/caminho-neocatecumenal-permanece-no-japao-2\/","url_meta":{"origin":105,"position":3},"title":"Caminho Neocatecumenal permanece no Jap\u00e3o","author":"E. Mar\u00e7al","date":"21 de mar\u00e7o de 2011","format":false,"excerpt":"Atrav\u00e9s das estat\u00edsticas deste \"Direto da sacristia\", foi poss\u00edvel perceber um certo interesse pelas discuss\u00f5es entre o episcopado japon\u00eas e o Caminho Neocatecumenal ocorridas no ano passado. Devido a isso, mesmo com um significativo atraso, publicamos o resultado das negocia\u00e7\u00f5es que mereceu at\u00e9 a interven\u00e7\u00e3o do Santo Padre.Do ag\u00eancia ZenitO\u2026","rel":"","context":"Em &quot;Sem categoria&quot;","block_context":{"text":"Sem categoria","link":"https:\/\/diretodasacristia.com\/home\/c\/sem-categoria\/"},"img":{"alt_text":"","src":"","width":0,"height":0},"classes":[]},{"id":2554,"url":"https:\/\/diretodasacristia.com\/home\/sem-categoria\/uma-santa-que-ha-8-seculos-ja-falava-dos-nossos-tempos-2\/","url_meta":{"origin":105,"position":4},"title":"Uma santa que h\u00e1 8 s\u00e9culos j\u00e1 falava dos nossos tempos","author":"E. Mar\u00e7al","date":"1 de setembro de 2010","format":false,"excerpt":"Do boletim da Sala de Imprensa da Santa S\u00e9Audi\u00eancia-Geral do Santo PadreSanta Hildegard de Bingen Santa Hildegard de BingenAbadessaA Audi\u00eancia Geral desta manh\u00e3 foi realizada \u00e0s 10h30, na pra\u00e7a em frente ao Pal\u00e1cio Apost\u00f3lico de Castel Gandolfo, onde o Santo Padre encontrou-se com grupos de peregrinos e fi\u00e9is provenientes da\u2026","rel":"","context":"Em &quot;Sem categoria&quot;","block_context":{"text":"Sem categoria","link":"https:\/\/diretodasacristia.com\/home\/c\/sem-categoria\/"},"img":{"alt_text":"","src":"","width":0,"height":0},"classes":[]},{"id":93,"url":"https:\/\/diretodasacristia.com\/home\/sem-categoria\/exercicios-espirituais-para-o-papa-e-a-curia-romana-2\/","url_meta":{"origin":105,"position":5},"title":"Exerc\u00edcios espirituais para o Papa e a C\u00faria Romana","author":"E. Mar\u00e7al","date":"13 de mar\u00e7o de 2011","format":false,"excerpt":"Do boletim da Sala de Imprensa da Santa S\u00e9Bento XVI e seus colaboradores rezam e meditamna Redemptoris MaterTiveram in\u00edcio \u00e0s 18h (de Roma) de hoje, na Pontif\u00edcia Capela Redemptoris Mater, no Pal\u00e1cio Apost\u00f3lico, os exerc\u00edcios espirituais da Quaresma, nos quais tomam parte o Santo Padre Bento XVI e membros da\u2026","rel":"","context":"Em &quot;Sem categoria&quot;","block_context":{"text":"Sem categoria","link":"https:\/\/diretodasacristia.com\/home\/c\/sem-categoria\/"},"img":{"alt_text":"","src":"","width":0,"height":0},"classes":[]}],"post_mailing_queue_ids":[],"_links":{"self":[{"href":"https:\/\/diretodasacristia.com\/home\/wp-json\/wp\/v2\/posts\/105","targetHints":{"allow":["GET"]}}],"collection":[{"href":"https:\/\/diretodasacristia.com\/home\/wp-json\/wp\/v2\/posts"}],"about":[{"href":"https:\/\/diretodasacristia.com\/home\/wp-json\/wp\/v2\/types\/post"}],"author":[{"embeddable":true,"href":"https:\/\/diretodasacristia.com\/home\/wp-json\/wp\/v2\/users\/3"}],"replies":[{"embeddable":true,"href":"https:\/\/diretodasacristia.com\/home\/wp-json\/wp\/v2\/comments?post=105"}],"version-history":[{"count":0,"href":"https:\/\/diretodasacristia.com\/home\/wp-json\/wp\/v2\/posts\/105\/revisions"}],"wp:attachment":[{"href":"https:\/\/diretodasacristia.com\/home\/wp-json\/wp\/v2\/media?parent=105"}],"wp:term":[{"taxonomy":"category","embeddable":true,"href":"https:\/\/diretodasacristia.com\/home\/wp-json\/wp\/v2\/categories?post=105"},{"taxonomy":"post_tag","embeddable":true,"href":"https:\/\/diretodasacristia.com\/home\/wp-json\/wp\/v2\/tags?post=105"}],"curies":[{"name":"wp","href":"https:\/\/api.w.org\/{rel}","templated":true}]}}