{"id":106,"date":"2011-01-26T20:43:00","date_gmt":"2011-01-26T20:43:00","guid":{"rendered":"http:\/\/diretodasacristia.com\/home\/sem-categoria\/altar-onde-sera-venerado-joao-paulo-ii-2\/"},"modified":"2016-07-10T06:42:30","modified_gmt":"2016-07-10T09:42:30","slug":"altar-onde-sera-venerado-joao-paulo-ii","status":"publish","type":"post","link":"https:\/\/diretodasacristia.com\/home\/noticias\/altar-onde-sera-venerado-joao-paulo-ii\/","title":{"rendered":"Altar onde ser\u00e1 venerado Jo\u00e3o Paulo II"},"content":{"rendered":"<p><span style=\"font-family: verdana;\">Com informa\u00e7\u00f5es de <span style=\"font-weight: bold;\">Carlos Donato<\/span>, diretamente de Roma.<\/p>\n<p><\/span><\/p>\n<div style=\"text-align: center;\"><span style=\"font-weight: bold; font-family: verdana;\">Fotos do altar na Bas\u00edlica Vaticana<\/span><\/div>\n<p><span style=\"font-family: verdana;\">\u00a0<\/span><\/p>\n<div style=\"text-align: justify;\"><span style=\"font-family: verdana;\">Com a proximidade da cerim\u00f4nia de beatifica\u00e7\u00e3o de Jo\u00e3o Paulo II, estima-se que 2 milh\u00f5es de pessoas fa\u00e7am-se presentes. A Casa Pontif\u00edcia cr\u00ea que a Pra\u00e7a de S\u00e3o Pedro n\u00e3o ser\u00e1 capaz de conter todos os fi\u00e9is que vir\u00e3o \u00e0 Santa Missa, pois, se no funeral os fi\u00e9is estavam atr\u00e1s do Castel Santangelo, ou seja, fora dos confins vaticanos, imagina-se que para a beatifica\u00e7\u00e3o a assembleia seja muito maior. O Of\u00edcio das Celebra\u00e7\u00f5es Pontif\u00edcias do Sumo Pont\u00edfice diz imposs\u00edvel a cerim\u00f4nia no territ\u00f3rio da Cidade do Vaticano, e cogita em dois locais na cidade de Roma: o Est\u00e1dio Ol\u00edmpico ou na Universidade <span style=\"font-style: italic;\">Tor Vergata<\/span>, contudo, s\u00e3o assuntos a serem decididos em breve. Tamb\u00e9m pensa-se em oficiar uma vig\u00edlia com o Papa Bento XVI. No fim-de-semana da beatifica\u00e7\u00e3o, as passagens para voos com destino Roma j\u00e1 encontram-se esgotadas.<\/span><\/p>\n<div style=\"text-align: center;\"><a href=\"http:\/\/3.bp.blogspot.com\/_LTO5Qx1HyJc\/TUC2oIlUqDI\/AAAAAAAABsE\/UsJ8BIzzVsw\/s1600\/2011-01-22%2B13.49.38.jpg\"><img decoding=\"async\" id=\"BLOGGER_PHOTO_ID_5566649940044982322\" style=\"display: block; margin: 0px auto 10px; text-align: center; cursor: hand; width: 241px; height: 400px;\" src=\"http:\/\/3.bp.blogspot.com\/_LTO5Qx1HyJc\/TUC2oIlUqDI\/AAAAAAAABsE\/UsJ8BIzzVsw\/s400\/2011-01-22%2B13.49.38.jpg\" alt=\"\" border=\"0\" \/><\/a><span style=\"font-family: verdana; font-size: 85%;\"><span style=\"font-style: italic;\">Altar da Transfigura\u00e7\u00e3o do Senhor<\/span><br \/>\n<span style=\"font-style: italic;\">onde estar\u00e1 o corpo do Beato Inoc\u00eancio XI<\/span><\/span><\/div>\n<p><a href=\"http:\/\/3.bp.blogspot.com\/_LTO5Qx1HyJc\/TUC2oV93rTI\/AAAAAAAABsM\/NxYkLV-_B5g\/s1600\/2011-01-22%2B13.50.00.jpg\"><img decoding=\"async\" id=\"BLOGGER_PHOTO_ID_5566649943637601586\" style=\"display: block; margin: 0px auto 10px; text-align: center; cursor: hand; width: 241px; height: 400px;\" src=\"http:\/\/3.bp.blogspot.com\/_LTO5Qx1HyJc\/TUC2oV93rTI\/AAAAAAAABsM\/NxYkLV-_B5g\/s400\/2011-01-22%2B13.50.00.jpg\" alt=\"\" border=\"0\" \/><\/a><\/p>\n<p><span style=\"font-family: verdana;\">Na Bas\u00edlica Vaticana de S\u00e3o Pedro, come\u00e7am a preparar-se aos acontecimentos pr\u00f3ximos com o traslado da urna contendo o corpo do Beato Inoc\u00eancio XI para o altar da Transfigura\u00e7\u00e3o, pois em seu lugar na capela de S\u00e3o Sebasti\u00e3o ser\u00e1 colocado o ata\u00fade contendo os restos mortais do futuro beato. Ele n\u00e3o ser\u00e1 aberto, dado o curto tempo transcorrido entre a morte e a beatifica\u00e7\u00e3o. A visita ao t\u00famulo nas Grutas Vaticanas redobrou depois da not\u00edcia do reconhecimento do milagre, como tamb\u00e9m o n\u00famero de bilhetes e mensagens deixadas diante do m\u00e1rmore branco que encerra o t\u00famulo de Jo\u00e3o Paulo II. <\/span><\/p>\n<div style=\"text-align: center;\"><a href=\"http:\/\/1.bp.blogspot.com\/_LTO5Qx1HyJc\/TUC2opik1eI\/AAAAAAAABsc\/yvwKzNYNrPE\/s1600\/2011-01-22%2B13.52.56.jpg\"><img decoding=\"async\" id=\"BLOGGER_PHOTO_ID_5566649948891829730\" style=\"display: block; margin: 0px auto 10px; text-align: center; cursor: hand; width: 241px; height: 400px;\" src=\"http:\/\/1.bp.blogspot.com\/_LTO5Qx1HyJc\/TUC2opik1eI\/AAAAAAAABsc\/yvwKzNYNrPE\/s400\/2011-01-22%2B13.52.56.jpg\" alt=\"\" border=\"0\" \/><\/a><span style=\"font-size: 85%;\"><span style=\"font-family: verdana; font-style: italic;\">Altar de S\u00e3o Sebasti\u00e3o<\/span><br \/>\n<span style=\"font-family: verdana; font-style: italic;\">onde ser\u00e1 venerado o futuro Beato<\/span><\/span><\/div>\n<p><a href=\"http:\/\/4.bp.blogspot.com\/_LTO5Qx1HyJc\/TUC2odDAK3I\/AAAAAAAABsU\/2FKHkvG5gkk\/s1600\/2011-01-22%2B13.51.41.jpg\"><img decoding=\"async\" id=\"BLOGGER_PHOTO_ID_5566649945538177906\" style=\"display: block; margin: 0px auto 10px; text-align: center; cursor: hand; width: 241px; height: 400px;\" src=\"http:\/\/4.bp.blogspot.com\/_LTO5Qx1HyJc\/TUC2odDAK3I\/AAAAAAAABsU\/2FKHkvG5gkk\/s400\/2011-01-22%2B13.51.41.jpg\" alt=\"\" border=\"0\" \/><\/a><br \/>\n<span style=\"font-family: verdana;\">Com tanta agita\u00e7\u00e3o, dedica\u00e7\u00e3o e aflu\u00eancia de povo ao t\u00famulo do futuro beato, cogita-se que o chamar\u00e3o Jo\u00e3o Paulo Magno, por seus feitos eclesi\u00e1sticos: canoniza\u00e7\u00f5es, beatifica\u00e7\u00f5es, anos santos jubilares, enc\u00edclicas, exorta\u00e7\u00f5es apost\u00f3licas, <span style=\"font-style: italic;\">motu proprio <\/span>e tantos atos ordin\u00e1rios e extraordin\u00e1rios no seu magist\u00e9rio petrino. Rezemos tamb\u00e9m n\u00f3s a ele, sob cujo pontificado somos nascidos e vivemos a experi\u00eancia eclesial de sermos filhos da Igreja de Cristo, onde em todos os tempos resplandece a santidade de seus membros, fruto da santidade de Cristo com a qual a Igreja \u00e9 chamada a iluminar o mundo.<\/span><\/div>\n","protected":false},"excerpt":{"rendered":"Com informa\u00e7\u00f5es de Carlos Donato, diretamente de Roma. Fotos do altar na Bas\u00edlica Vaticana \u00a0 Com a proximidade da cerim\u00f4nia de beatifica\u00e7\u00e3o de Jo\u00e3o Paulo II, estima-se que 2 milh\u00f5es de pessoas fa\u00e7am-se presentes. A Casa Pontif\u00edcia cr\u00ea que a Pra\u00e7a de S\u00e3o Pedro n\u00e3o ser\u00e1 capaz de conter todos os fi\u00e9is que vir\u00e3o \u00e0&#8230; <a class=\"view-article\" href=\"https:\/\/diretodasacristia.com\/home\/noticias\/altar-onde-sera-venerado-joao-paulo-ii\/\">Ver artigo<\/a>","protected":false},"author":3,"featured_media":0,"comment_status":"open","ping_status":"open","sticky":false,"template":"","format":"standard","meta":{"jetpack_post_was_ever_published":false,"_jetpack_newsletter_access":"","_jetpack_dont_email_post_to_subs":false,"_jetpack_newsletter_tier_id":0,"_jetpack_memberships_contains_paywalled_content":false,"_jetpack_memberships_contains_paid_content":false,"_joinchat":[],"footnotes":"","jetpack_publicize_message":"","jetpack_publicize_feature_enabled":true,"jetpack_social_post_already_shared":false,"jetpack_social_options":{"image_generator_settings":{"template":"highway","default_image_id":0,"font":"","enabled":false},"version":2}},"categories":[24,468],"tags":[546,545],"class_list":["post-106","post","type-post","status-publish","format-standard","hentry","category-noticias","category-papa-francisco","tag-corpo-de-joao-paulo-ii","tag-sao-joao-paulo-ii"],"yoast_head":"<!-- This site is optimized with the Yoast SEO plugin v27.4 - https:\/\/yoast.com\/product\/yoast-seo-wordpress\/ -->\n<title>Altar onde ser\u00e1 venerado Jo\u00e3o Paulo II - Direto da Sacristia<\/title>\n<meta name=\"robots\" content=\"index, follow, max-snippet:-1, max-image-preview:large, max-video-preview:-1\" \/>\n<link rel=\"canonical\" href=\"https:\/\/diretodasacristia.com\/home\/noticias\/altar-onde-sera-venerado-joao-paulo-ii\/\" \/>\n<meta property=\"og:locale\" content=\"pt_BR\" \/>\n<meta property=\"og:type\" content=\"article\" \/>\n<meta property=\"og:title\" content=\"Altar onde ser\u00e1 venerado Jo\u00e3o Paulo II - Direto da Sacristia\" \/>\n<meta property=\"og:description\" content=\"Com informa\u00e7\u00f5es de Carlos Donato, diretamente de Roma. Fotos do altar na Bas\u00edlica Vaticana \u00a0 Com a proximidade da cerim\u00f4nia de beatifica\u00e7\u00e3o de Jo\u00e3o Paulo II, estima-se que 2 milh\u00f5es de pessoas fa\u00e7am-se presentes. A Casa Pontif\u00edcia cr\u00ea que a Pra\u00e7a de S\u00e3o Pedro n\u00e3o ser\u00e1 capaz de conter todos os fi\u00e9is que vir\u00e3o \u00e0... Ver artigo\" \/>\n<meta property=\"og:url\" content=\"https:\/\/diretodasacristia.com\/home\/noticias\/altar-onde-sera-venerado-joao-paulo-ii\/\" \/>\n<meta property=\"og:site_name\" content=\"Direto da Sacristia\" \/>\n<meta property=\"article:publisher\" content=\"https:\/\/www.facebook.com\/DiretoSacristia\" \/>\n<meta property=\"article:published_time\" content=\"2011-01-26T20:43:00+00:00\" \/>\n<meta property=\"article:modified_time\" content=\"2016-07-10T09:42:30+00:00\" \/>\n<meta property=\"og:image\" content=\"http:\/\/3.bp.blogspot.com\/_LTO5Qx1HyJc\/TUC2oIlUqDI\/AAAAAAAABsE\/UsJ8BIzzVsw\/s400\/2011-01-22%2B13.49.38.jpg\" \/>\n<meta name=\"author\" content=\"E. Mar\u00e7al\" \/>\n<meta name=\"twitter:card\" content=\"summary_large_image\" \/>\n<meta name=\"twitter:creator\" content=\"@diretosacristia\" \/>\n<meta name=\"twitter:site\" content=\"@diretosacristia\" \/>\n<meta name=\"twitter:label1\" content=\"Escrito por\" \/>\n\t<meta name=\"twitter:data1\" content=\"E. Mar\u00e7al\" \/>\n\t<meta name=\"twitter:label2\" content=\"Est. tempo de leitura\" \/>\n\t<meta name=\"twitter:data2\" content=\"2 minutos\" \/>\n<script type=\"application\/ld+json\" class=\"yoast-schema-graph\">{\"@context\":\"https:\\\/\\\/schema.org\",\"@graph\":[{\"@type\":\"Article\",\"@id\":\"https:\\\/\\\/diretodasacristia.com\\\/home\\\/noticias\\\/altar-onde-sera-venerado-joao-paulo-ii\\\/#article\",\"isPartOf\":{\"@id\":\"https:\\\/\\\/diretodasacristia.com\\\/home\\\/noticias\\\/altar-onde-sera-venerado-joao-paulo-ii\\\/\"},\"author\":{\"name\":\"E. Mar\u00e7al\",\"@id\":\"https:\\\/\\\/diretodasacristia.com\\\/home\\\/#\\\/schema\\\/person\\\/3d453ef1f7d57c0bb0990b8070642721\"},\"headline\":\"Altar onde ser\u00e1 venerado Jo\u00e3o Paulo II\",\"datePublished\":\"2011-01-26T20:43:00+00:00\",\"dateModified\":\"2016-07-10T09:42:30+00:00\",\"mainEntityOfPage\":{\"@id\":\"https:\\\/\\\/diretodasacristia.com\\\/home\\\/noticias\\\/altar-onde-sera-venerado-joao-paulo-ii\\\/\"},\"wordCount\":441,\"commentCount\":0,\"publisher\":{\"@id\":\"https:\\\/\\\/diretodasacristia.com\\\/home\\\/#organization\"},\"image\":{\"@id\":\"https:\\\/\\\/diretodasacristia.com\\\/home\\\/noticias\\\/altar-onde-sera-venerado-joao-paulo-ii\\\/#primaryimage\"},\"thumbnailUrl\":\"http:\\\/\\\/3.bp.blogspot.com\\\/_LTO5Qx1HyJc\\\/TUC2oIlUqDI\\\/AAAAAAAABsE\\\/UsJ8BIzzVsw\\\/s400\\\/2011-01-22%2B13.49.38.jpg\",\"keywords\":[\"Corpo de Jo\u00e3o Paulo II\",\"S\u00e3o Jo\u00e3o Paulo II\"],\"articleSection\":[\"Not\u00edcias\",\"Papa Francisco\"],\"inLanguage\":\"pt-BR\",\"potentialAction\":[{\"@type\":\"CommentAction\",\"name\":\"Comment\",\"target\":[\"https:\\\/\\\/diretodasacristia.com\\\/home\\\/noticias\\\/altar-onde-sera-venerado-joao-paulo-ii\\\/#respond\"]}]},{\"@type\":\"WebPage\",\"@id\":\"https:\\\/\\\/diretodasacristia.com\\\/home\\\/noticias\\\/altar-onde-sera-venerado-joao-paulo-ii\\\/\",\"url\":\"https:\\\/\\\/diretodasacristia.com\\\/home\\\/noticias\\\/altar-onde-sera-venerado-joao-paulo-ii\\\/\",\"name\":\"Altar onde ser\u00e1 venerado Jo\u00e3o Paulo II - Direto da Sacristia\",\"isPartOf\":{\"@id\":\"https:\\\/\\\/diretodasacristia.com\\\/home\\\/#website\"},\"primaryImageOfPage\":{\"@id\":\"https:\\\/\\\/diretodasacristia.com\\\/home\\\/noticias\\\/altar-onde-sera-venerado-joao-paulo-ii\\\/#primaryimage\"},\"image\":{\"@id\":\"https:\\\/\\\/diretodasacristia.com\\\/home\\\/noticias\\\/altar-onde-sera-venerado-joao-paulo-ii\\\/#primaryimage\"},\"thumbnailUrl\":\"http:\\\/\\\/3.bp.blogspot.com\\\/_LTO5Qx1HyJc\\\/TUC2oIlUqDI\\\/AAAAAAAABsE\\\/UsJ8BIzzVsw\\\/s400\\\/2011-01-22%2B13.49.38.jpg\",\"datePublished\":\"2011-01-26T20:43:00+00:00\",\"dateModified\":\"2016-07-10T09:42:30+00:00\",\"breadcrumb\":{\"@id\":\"https:\\\/\\\/diretodasacristia.com\\\/home\\\/noticias\\\/altar-onde-sera-venerado-joao-paulo-ii\\\/#breadcrumb\"},\"inLanguage\":\"pt-BR\",\"potentialAction\":[{\"@type\":\"ReadAction\",\"target\":[\"https:\\\/\\\/diretodasacristia.com\\\/home\\\/noticias\\\/altar-onde-sera-venerado-joao-paulo-ii\\\/\"]}]},{\"@type\":\"ImageObject\",\"inLanguage\":\"pt-BR\",\"@id\":\"https:\\\/\\\/diretodasacristia.com\\\/home\\\/noticias\\\/altar-onde-sera-venerado-joao-paulo-ii\\\/#primaryimage\",\"url\":\"http:\\\/\\\/3.bp.blogspot.com\\\/_LTO5Qx1HyJc\\\/TUC2oIlUqDI\\\/AAAAAAAABsE\\\/UsJ8BIzzVsw\\\/s400\\\/2011-01-22%2B13.49.38.jpg\",\"contentUrl\":\"http:\\\/\\\/3.bp.blogspot.com\\\/_LTO5Qx1HyJc\\\/TUC2oIlUqDI\\\/AAAAAAAABsE\\\/UsJ8BIzzVsw\\\/s400\\\/2011-01-22%2B13.49.38.jpg\"},{\"@type\":\"BreadcrumbList\",\"@id\":\"https:\\\/\\\/diretodasacristia.com\\\/home\\\/noticias\\\/altar-onde-sera-venerado-joao-paulo-ii\\\/#breadcrumb\",\"itemListElement\":[{\"@type\":\"ListItem\",\"position\":1,\"name\":\"In\u00edcio\",\"item\":\"https:\\\/\\\/diretodasacristia.com\\\/home\\\/\"},{\"@type\":\"ListItem\",\"position\":2,\"name\":\"Altar onde ser\u00e1 venerado Jo\u00e3o Paulo II\"}]},{\"@type\":\"WebSite\",\"@id\":\"https:\\\/\\\/diretodasacristia.com\\\/home\\\/#website\",\"url\":\"https:\\\/\\\/diretodasacristia.com\\\/home\\\/\",\"name\":\"Direto da Sacristia\",\"description\":\"Not\u00edcias e artigos sobre a f\u00e9 cat\u00f3lica\",\"publisher\":{\"@id\":\"https:\\\/\\\/diretodasacristia.com\\\/home\\\/#organization\"},\"potentialAction\":[{\"@type\":\"SearchAction\",\"target\":{\"@type\":\"EntryPoint\",\"urlTemplate\":\"https:\\\/\\\/diretodasacristia.com\\\/home\\\/?s={search_term_string}\"},\"query-input\":{\"@type\":\"PropertyValueSpecification\",\"valueRequired\":true,\"valueName\":\"search_term_string\"}}],\"inLanguage\":\"pt-BR\"},{\"@type\":\"Organization\",\"@id\":\"https:\\\/\\\/diretodasacristia.com\\\/home\\\/#organization\",\"name\":\"Direto da Sacristia\",\"url\":\"https:\\\/\\\/diretodasacristia.com\\\/home\\\/\",\"logo\":{\"@type\":\"ImageObject\",\"inLanguage\":\"pt-BR\",\"@id\":\"https:\\\/\\\/diretodasacristia.com\\\/home\\\/#\\\/schema\\\/logo\\\/image\\\/\",\"url\":\"https:\\\/\\\/i0.wp.com\\\/diretodasacristia.com\\\/home\\\/wp-content\\\/uploads\\\/2012\\\/01\\\/marca-sacristia.png?fit=320%2C306&ssl=1\",\"contentUrl\":\"https:\\\/\\\/i0.wp.com\\\/diretodasacristia.com\\\/home\\\/wp-content\\\/uploads\\\/2012\\\/01\\\/marca-sacristia.png?fit=320%2C306&ssl=1\",\"width\":\"320\",\"height\":\"306\",\"caption\":\"Direto da Sacristia\"},\"image\":{\"@id\":\"https:\\\/\\\/diretodasacristia.com\\\/home\\\/#\\\/schema\\\/logo\\\/image\\\/\"},\"sameAs\":[\"https:\\\/\\\/www.facebook.com\\\/DiretoSacristia\",\"https:\\\/\\\/x.com\\\/diretosacristia\",\"https:\\\/\\\/www.instagram.com\\\/diretodasacristia\\\/\",\"https:\\\/\\\/www.youtube.com\\\/diretodasacristia\"]},{\"@type\":\"Person\",\"@id\":\"https:\\\/\\\/diretodasacristia.com\\\/home\\\/#\\\/schema\\\/person\\\/3d453ef1f7d57c0bb0990b8070642721\",\"name\":\"E. Mar\u00e7al\",\"image\":{\"@type\":\"ImageObject\",\"inLanguage\":\"pt-BR\",\"@id\":\"https:\\\/\\\/secure.gravatar.com\\\/avatar\\\/348ff80a5ddde3de6c8b6e0c5b066b733f9245285d9ab87cd2e2ff652ffa95b0?s=96&d=mm&r=g\",\"url\":\"https:\\\/\\\/secure.gravatar.com\\\/avatar\\\/348ff80a5ddde3de6c8b6e0c5b066b733f9245285d9ab87cd2e2ff652ffa95b0?s=96&d=mm&r=g\",\"contentUrl\":\"https:\\\/\\\/secure.gravatar.com\\\/avatar\\\/348ff80a5ddde3de6c8b6e0c5b066b733f9245285d9ab87cd2e2ff652ffa95b0?s=96&d=mm&r=g\",\"caption\":\"E. Mar\u00e7al\"},\"url\":\"https:\\\/\\\/diretodasacristia.com\\\/home\\\/author\\\/erick\\\/\"}]}<\/script>\n<!-- \/ Yoast SEO plugin. -->","yoast_head_json":{"title":"Altar onde ser\u00e1 venerado Jo\u00e3o Paulo II - Direto da Sacristia","robots":{"index":"index","follow":"follow","max-snippet":"max-snippet:-1","max-image-preview":"max-image-preview:large","max-video-preview":"max-video-preview:-1"},"canonical":"https:\/\/diretodasacristia.com\/home\/noticias\/altar-onde-sera-venerado-joao-paulo-ii\/","og_locale":"pt_BR","og_type":"article","og_title":"Altar onde ser\u00e1 venerado Jo\u00e3o Paulo II - Direto da Sacristia","og_description":"Com informa\u00e7\u00f5es de Carlos Donato, diretamente de Roma. Fotos do altar na Bas\u00edlica Vaticana \u00a0 Com a proximidade da cerim\u00f4nia de beatifica\u00e7\u00e3o de Jo\u00e3o Paulo II, estima-se que 2 milh\u00f5es de pessoas fa\u00e7am-se presentes. A Casa Pontif\u00edcia cr\u00ea que a Pra\u00e7a de S\u00e3o Pedro n\u00e3o ser\u00e1 capaz de conter todos os fi\u00e9is que vir\u00e3o \u00e0... Ver artigo","og_url":"https:\/\/diretodasacristia.com\/home\/noticias\/altar-onde-sera-venerado-joao-paulo-ii\/","og_site_name":"Direto da Sacristia","article_publisher":"https:\/\/www.facebook.com\/DiretoSacristia","article_published_time":"2011-01-26T20:43:00+00:00","article_modified_time":"2016-07-10T09:42:30+00:00","og_image":[{"url":"http:\/\/3.bp.blogspot.com\/_LTO5Qx1HyJc\/TUC2oIlUqDI\/AAAAAAAABsE\/UsJ8BIzzVsw\/s400\/2011-01-22%2B13.49.38.jpg","type":"","width":"","height":""}],"author":"E. Mar\u00e7al","twitter_card":"summary_large_image","twitter_creator":"@diretosacristia","twitter_site":"@diretosacristia","twitter_misc":{"Escrito por":"E. Mar\u00e7al","Est. tempo de leitura":"2 minutos"},"schema":{"@context":"https:\/\/schema.org","@graph":[{"@type":"Article","@id":"https:\/\/diretodasacristia.com\/home\/noticias\/altar-onde-sera-venerado-joao-paulo-ii\/#article","isPartOf":{"@id":"https:\/\/diretodasacristia.com\/home\/noticias\/altar-onde-sera-venerado-joao-paulo-ii\/"},"author":{"name":"E. Mar\u00e7al","@id":"https:\/\/diretodasacristia.com\/home\/#\/schema\/person\/3d453ef1f7d57c0bb0990b8070642721"},"headline":"Altar onde ser\u00e1 venerado Jo\u00e3o Paulo II","datePublished":"2011-01-26T20:43:00+00:00","dateModified":"2016-07-10T09:42:30+00:00","mainEntityOfPage":{"@id":"https:\/\/diretodasacristia.com\/home\/noticias\/altar-onde-sera-venerado-joao-paulo-ii\/"},"wordCount":441,"commentCount":0,"publisher":{"@id":"https:\/\/diretodasacristia.com\/home\/#organization"},"image":{"@id":"https:\/\/diretodasacristia.com\/home\/noticias\/altar-onde-sera-venerado-joao-paulo-ii\/#primaryimage"},"thumbnailUrl":"http:\/\/3.bp.blogspot.com\/_LTO5Qx1HyJc\/TUC2oIlUqDI\/AAAAAAAABsE\/UsJ8BIzzVsw\/s400\/2011-01-22%2B13.49.38.jpg","keywords":["Corpo de Jo\u00e3o Paulo II","S\u00e3o Jo\u00e3o Paulo II"],"articleSection":["Not\u00edcias","Papa Francisco"],"inLanguage":"pt-BR","potentialAction":[{"@type":"CommentAction","name":"Comment","target":["https:\/\/diretodasacristia.com\/home\/noticias\/altar-onde-sera-venerado-joao-paulo-ii\/#respond"]}]},{"@type":"WebPage","@id":"https:\/\/diretodasacristia.com\/home\/noticias\/altar-onde-sera-venerado-joao-paulo-ii\/","url":"https:\/\/diretodasacristia.com\/home\/noticias\/altar-onde-sera-venerado-joao-paulo-ii\/","name":"Altar onde ser\u00e1 venerado Jo\u00e3o Paulo II - Direto da Sacristia","isPartOf":{"@id":"https:\/\/diretodasacristia.com\/home\/#website"},"primaryImageOfPage":{"@id":"https:\/\/diretodasacristia.com\/home\/noticias\/altar-onde-sera-venerado-joao-paulo-ii\/#primaryimage"},"image":{"@id":"https:\/\/diretodasacristia.com\/home\/noticias\/altar-onde-sera-venerado-joao-paulo-ii\/#primaryimage"},"thumbnailUrl":"http:\/\/3.bp.blogspot.com\/_LTO5Qx1HyJc\/TUC2oIlUqDI\/AAAAAAAABsE\/UsJ8BIzzVsw\/s400\/2011-01-22%2B13.49.38.jpg","datePublished":"2011-01-26T20:43:00+00:00","dateModified":"2016-07-10T09:42:30+00:00","breadcrumb":{"@id":"https:\/\/diretodasacristia.com\/home\/noticias\/altar-onde-sera-venerado-joao-paulo-ii\/#breadcrumb"},"inLanguage":"pt-BR","potentialAction":[{"@type":"ReadAction","target":["https:\/\/diretodasacristia.com\/home\/noticias\/altar-onde-sera-venerado-joao-paulo-ii\/"]}]},{"@type":"ImageObject","inLanguage":"pt-BR","@id":"https:\/\/diretodasacristia.com\/home\/noticias\/altar-onde-sera-venerado-joao-paulo-ii\/#primaryimage","url":"http:\/\/3.bp.blogspot.com\/_LTO5Qx1HyJc\/TUC2oIlUqDI\/AAAAAAAABsE\/UsJ8BIzzVsw\/s400\/2011-01-22%2B13.49.38.jpg","contentUrl":"http:\/\/3.bp.blogspot.com\/_LTO5Qx1HyJc\/TUC2oIlUqDI\/AAAAAAAABsE\/UsJ8BIzzVsw\/s400\/2011-01-22%2B13.49.38.jpg"},{"@type":"BreadcrumbList","@id":"https:\/\/diretodasacristia.com\/home\/noticias\/altar-onde-sera-venerado-joao-paulo-ii\/#breadcrumb","itemListElement":[{"@type":"ListItem","position":1,"name":"In\u00edcio","item":"https:\/\/diretodasacristia.com\/home\/"},{"@type":"ListItem","position":2,"name":"Altar onde ser\u00e1 venerado Jo\u00e3o Paulo II"}]},{"@type":"WebSite","@id":"https:\/\/diretodasacristia.com\/home\/#website","url":"https:\/\/diretodasacristia.com\/home\/","name":"Direto da Sacristia","description":"Not\u00edcias e artigos sobre a f\u00e9 cat\u00f3lica","publisher":{"@id":"https:\/\/diretodasacristia.com\/home\/#organization"},"potentialAction":[{"@type":"SearchAction","target":{"@type":"EntryPoint","urlTemplate":"https:\/\/diretodasacristia.com\/home\/?s={search_term_string}"},"query-input":{"@type":"PropertyValueSpecification","valueRequired":true,"valueName":"search_term_string"}}],"inLanguage":"pt-BR"},{"@type":"Organization","@id":"https:\/\/diretodasacristia.com\/home\/#organization","name":"Direto da Sacristia","url":"https:\/\/diretodasacristia.com\/home\/","logo":{"@type":"ImageObject","inLanguage":"pt-BR","@id":"https:\/\/diretodasacristia.com\/home\/#\/schema\/logo\/image\/","url":"https:\/\/i0.wp.com\/diretodasacristia.com\/home\/wp-content\/uploads\/2012\/01\/marca-sacristia.png?fit=320%2C306&ssl=1","contentUrl":"https:\/\/i0.wp.com\/diretodasacristia.com\/home\/wp-content\/uploads\/2012\/01\/marca-sacristia.png?fit=320%2C306&ssl=1","width":"320","height":"306","caption":"Direto da Sacristia"},"image":{"@id":"https:\/\/diretodasacristia.com\/home\/#\/schema\/logo\/image\/"},"sameAs":["https:\/\/www.facebook.com\/DiretoSacristia","https:\/\/x.com\/diretosacristia","https:\/\/www.instagram.com\/diretodasacristia\/","https:\/\/www.youtube.com\/diretodasacristia"]},{"@type":"Person","@id":"https:\/\/diretodasacristia.com\/home\/#\/schema\/person\/3d453ef1f7d57c0bb0990b8070642721","name":"E. Mar\u00e7al","image":{"@type":"ImageObject","inLanguage":"pt-BR","@id":"https:\/\/secure.gravatar.com\/avatar\/348ff80a5ddde3de6c8b6e0c5b066b733f9245285d9ab87cd2e2ff652ffa95b0?s=96&d=mm&r=g","url":"https:\/\/secure.gravatar.com\/avatar\/348ff80a5ddde3de6c8b6e0c5b066b733f9245285d9ab87cd2e2ff652ffa95b0?s=96&d=mm&r=g","contentUrl":"https:\/\/secure.gravatar.com\/avatar\/348ff80a5ddde3de6c8b6e0c5b066b733f9245285d9ab87cd2e2ff652ffa95b0?s=96&d=mm&r=g","caption":"E. Mar\u00e7al"},"url":"https:\/\/diretodasacristia.com\/home\/author\/erick\/"}]}},"jetpack_publicize_connections":[],"jetpack_featured_media_url":"","jetpack_sharing_enabled":true,"jetpack_shortlink":"https:\/\/wp.me\/p24aG7-1I","jetpack-related-posts":[{"id":2474,"url":"https:\/\/diretodasacristia.com\/home\/sem-categoria\/novidade-no-dia-da-beatificacao-de-joao-paulo-ii-2\/","url_meta":{"origin":106,"position":0},"title":"Novidade no dia da beatifica\u00e7\u00e3o de Jo\u00e3o Paulo II","author":"E. Mar\u00e7al","date":"19 de fevereiro de 2011","format":false,"excerpt":"Do Instituto Humanitas UnisinosCorpo do Pont\u00edfice ser\u00e1 exposto \u00e0 venera\u00e7\u00e3o p\u00fablicaO Arcebispo Piero Marini e Mons. Stanislaw Dziwisz,ent\u00e3o Mestre das Celebra\u00e7\u00f5es Pontif\u00edcias e secret\u00e1rio particular de Jo\u00e3o Paulo, respectivamente,executam o tradicional costume de envolver comum pano de seda branca o rosto do Pont\u00edfice falecidoDiferentemente do que foi por n\u00f3s anunciado\u2026","rel":"","context":"Em &quot;Sem categoria&quot;","block_context":{"text":"Sem categoria","link":"https:\/\/diretodasacristia.com\/home\/c\/sem-categoria\/"},"img":{"alt_text":"","src":"","width":0,"height":0},"classes":[]},{"id":63,"url":"https:\/\/diretodasacristia.com\/home\/sem-categoria\/a-esperada-beatificacao-2\/","url_meta":{"origin":106,"position":1},"title":"A esperada beatifica\u00e7\u00e3o","author":"E. Mar\u00e7al","date":"1 de maio de 2011","format":false,"excerpt":"Fachada da Bas\u00edlica de S\u00e3o Pedroap\u00f3s uma cerim\u00f4nia de canoniza\u00e7\u00e3oA gravura de Jo\u00e3o Paulo ser\u00e1 descoberta ap\u00f3s a leitura do decreto\u00c0queles que, como eu, n\u00e3o estar\u00e3o presentes na monumental Pra\u00e7a de S\u00e3o Pedro para participar pessoalmente da beatifica\u00e7\u00e3o do Papa Jo\u00e3o Paulo II, ser\u00e1 poss\u00edvel assisti-la tamb\u00e9m por v\u00e1riossites, al\u00e9m\u2026","rel":"","context":"Em &quot;Sem categoria&quot;","block_context":{"text":"Sem categoria","link":"https:\/\/diretodasacristia.com\/home\/c\/sem-categoria\/"},"img":{"alt_text":"","src":"","width":0,"height":0},"classes":[]},{"id":2455,"url":"https:\/\/diretodasacristia.com\/home\/sem-categoria\/sem-exumacao-2\/","url_meta":{"origin":106,"position":2},"title":"Sem exuma\u00e7\u00e3o","author":"E. Mar\u00e7al","date":"29 de abril de 2011","format":false,"excerpt":"Com informa\u00e7\u00f5es da ag\u00eancia G1 e da Gaudium PressDetalhes sobre a beatifica\u00e7\u00e3o de Jo\u00e3o Paulo IIFuncion\u00e1rios do Vaticano erguem do t\u00famulo o ata\u00fadesob os olhares curiosos de cardeais, bispos e leigosFoi retirado do t\u00famulo \u00e0s 9h (de Roma) desta sexta-feira, dia 29, o ata\u00fade com os restos mortais do Vener\u00e1vel\u2026","rel":"","context":"Em &quot;Sem categoria&quot;","block_context":{"text":"Sem categoria","link":"https:\/\/diretodasacristia.com\/home\/c\/sem-categoria\/"},"img":{"alt_text":"","src":"","width":0,"height":0},"classes":[]},{"id":109,"url":"https:\/\/diretodasacristia.com\/home\/noticias\/subito-veramente-subito-2\/","url_meta":{"origin":106,"position":3},"title":"Subito, veramente subito","author":"E. Mar\u00e7al","date":"15 de janeiro de 2011","format":false,"excerpt":"Da ag\u00eancia Zenit e do IHU R\u00e1pido, verdadeiramente r\u00e1pido Jo\u00e3o Paulo II ser\u00e1 elevado \u00e0 gl\u00f3ria dos altares Papa Jo\u00e3o Paulo II de f\u00e9rula papal na m\u00e3o e ajoelhado diante da Porta Santa na abertura do Ano Mariano em 1988 Ontem, o cardeal Angelo Amato saiu da audi\u00eancia pontif\u00edcia com\u2026","rel":"","context":"Em &quot;Not\u00edcias&quot;","block_context":{"text":"Not\u00edcias","link":"https:\/\/diretodasacristia.com\/home\/c\/noticias\/"},"img":{"alt_text":"","src":"","width":0,"height":0},"classes":[]},{"id":2460,"url":"https:\/\/diretodasacristia.com\/home\/sem-categoria\/memoria-liturgica-de-joao-paulo-ii-2\/","url_meta":{"origin":106,"position":4},"title":"Mem\u00f3ria lit\u00fargica de Jo\u00e3o Paulo II","author":"E. Mar\u00e7al","date":"18 de abril de 2011","format":false,"excerpt":"Com informa\u00e7\u00f5es da ag\u00eancia ZenitDECRETOsobre o culto lit\u00fargico a ser tributado em honra do Beato Jo\u00e3o Paulo II, PapaUm car\u00e1ter de excepcionalidade, reconhecido por toda a Igreja Cat\u00f3lica espalhada sobre a terra, reveste a beatifica\u00e7\u00e3o do Vener\u00e1vel Jo\u00e3o Paulo II, de feliz mem\u00f3ria, a ser realizada em 1\u00ba de maio\u2026","rel":"","context":"Em &quot;Sem categoria&quot;","block_context":{"text":"Sem categoria","link":"https:\/\/diretodasacristia.com\/home\/c\/sem-categoria\/"},"img":{"alt_text":"","src":"","width":0,"height":0},"classes":[]},{"id":1428,"url":"https:\/\/diretodasacristia.com\/home\/liturgia\/cremacao-sim-naturalismo-nao\/","url_meta":{"origin":106,"position":5},"title":"Crema\u00e7\u00e3o sim, naturalismo n\u00e3o!","author":"E. Mar\u00e7al","date":"8 de mar\u00e7o de 2012","format":false,"excerpt":"Do Humanitas Unisinos Bispos italianos permitem a crema\u00e7\u00e3o, mas com reservas Em seu testamento, Jo\u00e3o Paulo II pediu que fosse sepultado em \"terra nua\" A partir de 02 de novembro pr\u00f3ximo, Comemora\u00e7\u00e3o de Todos os Fi\u00e9is Defuntos, entrar\u00e1 em vigor na It\u00e1lia o novo texto aprovado para as ex\u00e9quias crist\u00e3s.\u2026","rel":"","context":"Em &quot;Liturgia&quot;","block_context":{"text":"Liturgia","link":"https:\/\/diretodasacristia.com\/home\/c\/liturgia\/"},"img":{"alt_text":"","src":"https:\/\/i0.wp.com\/diretodasacristia.com\/home\/wp-content\/uploads\/2012\/03\/Corpo-Jo%C3%A3o-Paulo-II.jpg?resize=350%2C200","width":350,"height":200},"classes":[]}],"post_mailing_queue_ids":[],"_links":{"self":[{"href":"https:\/\/diretodasacristia.com\/home\/wp-json\/wp\/v2\/posts\/106","targetHints":{"allow":["GET"]}}],"collection":[{"href":"https:\/\/diretodasacristia.com\/home\/wp-json\/wp\/v2\/posts"}],"about":[{"href":"https:\/\/diretodasacristia.com\/home\/wp-json\/wp\/v2\/types\/post"}],"author":[{"embeddable":true,"href":"https:\/\/diretodasacristia.com\/home\/wp-json\/wp\/v2\/users\/3"}],"replies":[{"embeddable":true,"href":"https:\/\/diretodasacristia.com\/home\/wp-json\/wp\/v2\/comments?post=106"}],"version-history":[{"count":2,"href":"https:\/\/diretodasacristia.com\/home\/wp-json\/wp\/v2\/posts\/106\/revisions"}],"predecessor-version":[{"id":4645,"href":"https:\/\/diretodasacristia.com\/home\/wp-json\/wp\/v2\/posts\/106\/revisions\/4645"}],"wp:attachment":[{"href":"https:\/\/diretodasacristia.com\/home\/wp-json\/wp\/v2\/media?parent=106"}],"wp:term":[{"taxonomy":"category","embeddable":true,"href":"https:\/\/diretodasacristia.com\/home\/wp-json\/wp\/v2\/categories?post=106"},{"taxonomy":"post_tag","embeddable":true,"href":"https:\/\/diretodasacristia.com\/home\/wp-json\/wp\/v2\/tags?post=106"}],"curies":[{"name":"wp","href":"https:\/\/api.w.org\/{rel}","templated":true}]}}