{"id":1143,"date":"2012-02-22T01:16:24","date_gmt":"2012-02-22T04:16:24","guid":{"rendered":"http:\/\/diretodasacristia.com\/home\/?p=1143"},"modified":"2012-02-24T10:15:02","modified_gmt":"2012-02-24T13:15:02","slug":"sobre-a-omissao-da-in-catedra-de-pedro","status":"publish","type":"post","link":"https:\/\/diretodasacristia.com\/home\/liturgia\/sobre-a-omissao-da-in-catedra-de-pedro\/","title":{"rendered":"Sobre a omiss\u00e3o da &#8220;in C\u00e1tedra de S. Pedro&#8221;"},"content":{"rendered":"<p style=\"text-align: center;\"><a href=\"https:\/\/diretodasacristia.com\/home\/wp-content\/uploads\/2012\/02\/Altar-C\u00e1tedra-Bas\u00edlica-Vaticana-2.jpg\"><img loading=\"lazy\" decoding=\"async\" class=\"aligncenter  wp-image-1144\" title=\"Altar C\u00e1tedra Bas\u00edlica Vaticana [2]\" src=\"https:\/\/diretodasacristia.com\/home\/wp-content\/uploads\/2012\/02\/Altar-C\u00e1tedra-Bas\u00edlica-Vaticana-2.jpg\" alt=\"\" width=\"466\" height=\"635\" srcset=\"https:\/\/diretodasacristia.com\/home\/wp-content\/uploads\/2012\/02\/Altar-C\u00e1tedra-Bas\u00edlica-Vaticana-2.jpg 776w, https:\/\/diretodasacristia.com\/home\/wp-content\/uploads\/2012\/02\/Altar-C\u00e1tedra-Bas\u00edlica-Vaticana-2-750x1024.jpg 750w\" sizes=\"auto, (max-width: 466px) 100vw, 466px\" \/><\/a><\/p>\n<p style=\"text-align: center;\"><em>Altar da C\u00e1tedra, na \u00e1bside da Bas\u00edlica de S\u00e3o Pedro no Vaticano<\/em><\/p>\n<p style=\"text-align: justify;\">Neste ano, em fun\u00e7\u00e3o da Quarta-feira de Cinzas (of\u00edcio de <em>feria privilegiata<\/em>) coincidir com o dia 22 de fevereiro, e sendo essa Missa precedente a todas as outras, exceto as dos Mist\u00e9rios do Senhor, a Festa da C\u00e1tedra do Ap\u00f3stolo Pedro n\u00e3o ter\u00e1 seu of\u00edcio celebrado em 2012, mesmo nos lugares onde o Pr\u00edncipe dos Ap\u00f3stolos \u00e9 o titular. No Vaticano, para que o of\u00edcio, que tem grau de solenidade, fosse celebrado, o Santo Padre autorizou a sua antecipa\u00e7\u00e3o para o domingo passado, quando ele presidiu a <a href=\"https:\/\/diretodasacristia.com\/home\/?p=1114\" target=\"_blank\">Missa concelebrada com os 22 novos Cardeais<\/a>.<\/p>\n<p style=\"text-align: justify;\">Sobre o altar da C\u00e1tedra situado na \u00e1bside da Bas\u00edlica de S\u00e3o Pedro no Vaticano, o Papa Bento XVI disse na ocasi\u00e3o que ela [a C\u00e1tedra do dito altar] &#8220;representa uma vis\u00e3o da ess\u00eancia da Igreja e, no seio dela, do magist\u00e9rio petrino\u201d, este figurado na C\u00e1tedra. \u201cPodemos dizer que a cadeira de S\u00e3o Pedro \u00e9 o trono da verdade, cuja origem est\u00e1 no mandato de Cristo depois da confiss\u00e3o em Cesareia de Filipe. A cadeira magistral renova em n\u00f3s tamb\u00e9m a lembran\u00e7a das seguintes palavras dirigidas pelo Senhor a Pedro no Cen\u00e1culo: \u2018Eu roguei por ti, para que a tua f\u00e9 n\u00e3o desapare\u00e7a. E tu, uma vez convertido, fortalece os teus irm\u00e3os\u2019\u201d.<\/p>\n","protected":false},"excerpt":{"rendered":"Altar da C\u00e1tedra, na \u00e1bside da Bas\u00edlica de S\u00e3o Pedro no Vaticano Neste ano, em fun\u00e7\u00e3o da Quarta-feira de Cinzas (of\u00edcio de feria privilegiata) coincidir com o dia 22 de fevereiro, e sendo essa Missa precedente a todas as outras, exceto as dos Mist\u00e9rios do Senhor, a Festa da C\u00e1tedra do Ap\u00f3stolo Pedro n\u00e3o ter\u00e1&#8230; <a class=\"view-article\" href=\"https:\/\/diretodasacristia.com\/home\/liturgia\/sobre-a-omissao-da-in-catedra-de-pedro\/\">Ver artigo<\/a>","protected":false},"author":3,"featured_media":0,"comment_status":"open","ping_status":"open","sticky":false,"template":"","format":"standard","meta":{"jetpack_post_was_ever_published":false,"_jetpack_newsletter_access":"","_jetpack_dont_email_post_to_subs":false,"_jetpack_newsletter_tier_id":0,"_jetpack_memberships_contains_paywalled_content":false,"_jetpack_memberships_contains_paid_content":false,"_joinchat":[],"footnotes":"","jetpack_publicize_message":"","jetpack_publicize_feature_enabled":true,"jetpack_social_post_already_shared":false,"jetpack_social_options":{"image_generator_settings":{"template":"highway","default_image_id":0,"font":"","enabled":false},"version":2}},"categories":[41,20],"tags":[76,75],"class_list":["post-1143","post","type-post","status-publish","format-standard","hentry","category-curtas","category-liturgia","tag-22-fevereiro","tag-festa-catedra-sao-pedro"],"yoast_head":"<!-- This site is optimized with the Yoast SEO plugin v27.4 - https:\/\/yoast.com\/product\/yoast-seo-wordpress\/ -->\n<title>Sobre a omiss\u00e3o da &quot;in C\u00e1tedra de S. Pedro&quot; - Direto da Sacristia<\/title>\n<meta name=\"robots\" content=\"index, follow, max-snippet:-1, max-image-preview:large, max-video-preview:-1\" \/>\n<link rel=\"canonical\" href=\"https:\/\/diretodasacristia.com\/home\/liturgia\/sobre-a-omissao-da-in-catedra-de-pedro\/\" \/>\n<meta property=\"og:locale\" content=\"pt_BR\" \/>\n<meta property=\"og:type\" content=\"article\" \/>\n<meta property=\"og:title\" content=\"Sobre a omiss\u00e3o da &quot;in C\u00e1tedra de S. Pedro&quot; - Direto da Sacristia\" \/>\n<meta property=\"og:description\" content=\"Altar da C\u00e1tedra, na \u00e1bside da Bas\u00edlica de S\u00e3o Pedro no Vaticano Neste ano, em fun\u00e7\u00e3o da Quarta-feira de Cinzas (of\u00edcio de feria privilegiata) coincidir com o dia 22 de fevereiro, e sendo essa Missa precedente a todas as outras, exceto as dos Mist\u00e9rios do Senhor, a Festa da C\u00e1tedra do Ap\u00f3stolo Pedro n\u00e3o ter\u00e1... Ver artigo\" \/>\n<meta property=\"og:url\" content=\"https:\/\/diretodasacristia.com\/home\/liturgia\/sobre-a-omissao-da-in-catedra-de-pedro\/\" \/>\n<meta property=\"og:site_name\" content=\"Direto da Sacristia\" \/>\n<meta property=\"article:publisher\" content=\"https:\/\/www.facebook.com\/DiretoSacristia\" \/>\n<meta property=\"article:published_time\" content=\"2012-02-22T04:16:24+00:00\" \/>\n<meta property=\"article:modified_time\" content=\"2012-02-24T13:15:02+00:00\" \/>\n<meta name=\"author\" content=\"E. Mar\u00e7al\" \/>\n<meta name=\"twitter:card\" content=\"summary_large_image\" \/>\n<meta name=\"twitter:creator\" content=\"@diretosacristia\" \/>\n<meta name=\"twitter:site\" content=\"@diretosacristia\" \/>\n<meta name=\"twitter:label1\" content=\"Escrito por\" \/>\n\t<meta name=\"twitter:data1\" content=\"E. Mar\u00e7al\" \/>\n\t<meta name=\"twitter:label2\" content=\"Est. tempo de leitura\" \/>\n\t<meta name=\"twitter:data2\" content=\"1 minuto\" \/>\n<script type=\"application\/ld+json\" class=\"yoast-schema-graph\">{\"@context\":\"https:\\\/\\\/schema.org\",\"@graph\":[{\"@type\":\"Article\",\"@id\":\"https:\\\/\\\/diretodasacristia.com\\\/home\\\/liturgia\\\/sobre-a-omissao-da-in-catedra-de-pedro\\\/#article\",\"isPartOf\":{\"@id\":\"https:\\\/\\\/diretodasacristia.com\\\/home\\\/liturgia\\\/sobre-a-omissao-da-in-catedra-de-pedro\\\/\"},\"author\":{\"name\":\"E. Mar\u00e7al\",\"@id\":\"https:\\\/\\\/diretodasacristia.com\\\/home\\\/#\\\/schema\\\/person\\\/3d453ef1f7d57c0bb0990b8070642721\"},\"headline\":\"Sobre a omiss\u00e3o da &#8220;in C\u00e1tedra de S. Pedro&#8221;\",\"datePublished\":\"2012-02-22T04:16:24+00:00\",\"dateModified\":\"2012-02-24T13:15:02+00:00\",\"mainEntityOfPage\":{\"@id\":\"https:\\\/\\\/diretodasacristia.com\\\/home\\\/liturgia\\\/sobre-a-omissao-da-in-catedra-de-pedro\\\/\"},\"wordCount\":257,\"commentCount\":0,\"publisher\":{\"@id\":\"https:\\\/\\\/diretodasacristia.com\\\/home\\\/#organization\"},\"keywords\":[\"22 fevereiro\",\"Festa C\u00e1tedra S\u00e3o Pedro\"],\"articleSection\":[\"Curtas\",\"Liturgia\"],\"inLanguage\":\"pt-BR\",\"potentialAction\":[{\"@type\":\"CommentAction\",\"name\":\"Comment\",\"target\":[\"https:\\\/\\\/diretodasacristia.com\\\/home\\\/liturgia\\\/sobre-a-omissao-da-in-catedra-de-pedro\\\/#respond\"]}]},{\"@type\":\"WebPage\",\"@id\":\"https:\\\/\\\/diretodasacristia.com\\\/home\\\/liturgia\\\/sobre-a-omissao-da-in-catedra-de-pedro\\\/\",\"url\":\"https:\\\/\\\/diretodasacristia.com\\\/home\\\/liturgia\\\/sobre-a-omissao-da-in-catedra-de-pedro\\\/\",\"name\":\"Sobre a omiss\u00e3o da \\\"in C\u00e1tedra de S. Pedro\\\" - Direto da Sacristia\",\"isPartOf\":{\"@id\":\"https:\\\/\\\/diretodasacristia.com\\\/home\\\/#website\"},\"datePublished\":\"2012-02-22T04:16:24+00:00\",\"dateModified\":\"2012-02-24T13:15:02+00:00\",\"breadcrumb\":{\"@id\":\"https:\\\/\\\/diretodasacristia.com\\\/home\\\/liturgia\\\/sobre-a-omissao-da-in-catedra-de-pedro\\\/#breadcrumb\"},\"inLanguage\":\"pt-BR\",\"potentialAction\":[{\"@type\":\"ReadAction\",\"target\":[\"https:\\\/\\\/diretodasacristia.com\\\/home\\\/liturgia\\\/sobre-a-omissao-da-in-catedra-de-pedro\\\/\"]}]},{\"@type\":\"BreadcrumbList\",\"@id\":\"https:\\\/\\\/diretodasacristia.com\\\/home\\\/liturgia\\\/sobre-a-omissao-da-in-catedra-de-pedro\\\/#breadcrumb\",\"itemListElement\":[{\"@type\":\"ListItem\",\"position\":1,\"name\":\"In\u00edcio\",\"item\":\"https:\\\/\\\/diretodasacristia.com\\\/home\\\/\"},{\"@type\":\"ListItem\",\"position\":2,\"name\":\"Sobre a omiss\u00e3o da &#8220;in C\u00e1tedra de S. Pedro&#8221;\"}]},{\"@type\":\"WebSite\",\"@id\":\"https:\\\/\\\/diretodasacristia.com\\\/home\\\/#website\",\"url\":\"https:\\\/\\\/diretodasacristia.com\\\/home\\\/\",\"name\":\"Direto da Sacristia\",\"description\":\"Not\u00edcias e artigos sobre a f\u00e9 cat\u00f3lica\",\"publisher\":{\"@id\":\"https:\\\/\\\/diretodasacristia.com\\\/home\\\/#organization\"},\"potentialAction\":[{\"@type\":\"SearchAction\",\"target\":{\"@type\":\"EntryPoint\",\"urlTemplate\":\"https:\\\/\\\/diretodasacristia.com\\\/home\\\/?s={search_term_string}\"},\"query-input\":{\"@type\":\"PropertyValueSpecification\",\"valueRequired\":true,\"valueName\":\"search_term_string\"}}],\"inLanguage\":\"pt-BR\"},{\"@type\":\"Organization\",\"@id\":\"https:\\\/\\\/diretodasacristia.com\\\/home\\\/#organization\",\"name\":\"Direto da Sacristia\",\"url\":\"https:\\\/\\\/diretodasacristia.com\\\/home\\\/\",\"logo\":{\"@type\":\"ImageObject\",\"inLanguage\":\"pt-BR\",\"@id\":\"https:\\\/\\\/diretodasacristia.com\\\/home\\\/#\\\/schema\\\/logo\\\/image\\\/\",\"url\":\"https:\\\/\\\/i0.wp.com\\\/diretodasacristia.com\\\/home\\\/wp-content\\\/uploads\\\/2012\\\/01\\\/marca-sacristia.png?fit=320%2C306&ssl=1\",\"contentUrl\":\"https:\\\/\\\/i0.wp.com\\\/diretodasacristia.com\\\/home\\\/wp-content\\\/uploads\\\/2012\\\/01\\\/marca-sacristia.png?fit=320%2C306&ssl=1\",\"width\":\"320\",\"height\":\"306\",\"caption\":\"Direto da Sacristia\"},\"image\":{\"@id\":\"https:\\\/\\\/diretodasacristia.com\\\/home\\\/#\\\/schema\\\/logo\\\/image\\\/\"},\"sameAs\":[\"https:\\\/\\\/www.facebook.com\\\/DiretoSacristia\",\"https:\\\/\\\/x.com\\\/diretosacristia\",\"https:\\\/\\\/www.instagram.com\\\/diretodasacristia\\\/\",\"https:\\\/\\\/www.youtube.com\\\/diretodasacristia\"]},{\"@type\":\"Person\",\"@id\":\"https:\\\/\\\/diretodasacristia.com\\\/home\\\/#\\\/schema\\\/person\\\/3d453ef1f7d57c0bb0990b8070642721\",\"name\":\"E. Mar\u00e7al\",\"image\":{\"@type\":\"ImageObject\",\"inLanguage\":\"pt-BR\",\"@id\":\"https:\\\/\\\/secure.gravatar.com\\\/avatar\\\/348ff80a5ddde3de6c8b6e0c5b066b733f9245285d9ab87cd2e2ff652ffa95b0?s=96&d=mm&r=g\",\"url\":\"https:\\\/\\\/secure.gravatar.com\\\/avatar\\\/348ff80a5ddde3de6c8b6e0c5b066b733f9245285d9ab87cd2e2ff652ffa95b0?s=96&d=mm&r=g\",\"contentUrl\":\"https:\\\/\\\/secure.gravatar.com\\\/avatar\\\/348ff80a5ddde3de6c8b6e0c5b066b733f9245285d9ab87cd2e2ff652ffa95b0?s=96&d=mm&r=g\",\"caption\":\"E. Mar\u00e7al\"},\"url\":\"https:\\\/\\\/diretodasacristia.com\\\/home\\\/author\\\/erick\\\/\"}]}<\/script>\n<!-- \/ Yoast SEO plugin. -->","yoast_head_json":{"title":"Sobre a omiss\u00e3o da \"in C\u00e1tedra de S. Pedro\" - Direto da Sacristia","robots":{"index":"index","follow":"follow","max-snippet":"max-snippet:-1","max-image-preview":"max-image-preview:large","max-video-preview":"max-video-preview:-1"},"canonical":"https:\/\/diretodasacristia.com\/home\/liturgia\/sobre-a-omissao-da-in-catedra-de-pedro\/","og_locale":"pt_BR","og_type":"article","og_title":"Sobre a omiss\u00e3o da \"in C\u00e1tedra de S. Pedro\" - Direto da Sacristia","og_description":"Altar da C\u00e1tedra, na \u00e1bside da Bas\u00edlica de S\u00e3o Pedro no Vaticano Neste ano, em fun\u00e7\u00e3o da Quarta-feira de Cinzas (of\u00edcio de feria privilegiata) coincidir com o dia 22 de fevereiro, e sendo essa Missa precedente a todas as outras, exceto as dos Mist\u00e9rios do Senhor, a Festa da C\u00e1tedra do Ap\u00f3stolo Pedro n\u00e3o ter\u00e1... Ver artigo","og_url":"https:\/\/diretodasacristia.com\/home\/liturgia\/sobre-a-omissao-da-in-catedra-de-pedro\/","og_site_name":"Direto da Sacristia","article_publisher":"https:\/\/www.facebook.com\/DiretoSacristia","article_published_time":"2012-02-22T04:16:24+00:00","article_modified_time":"2012-02-24T13:15:02+00:00","author":"E. Mar\u00e7al","twitter_card":"summary_large_image","twitter_creator":"@diretosacristia","twitter_site":"@diretosacristia","twitter_misc":{"Escrito por":"E. Mar\u00e7al","Est. tempo de leitura":"1 minuto"},"schema":{"@context":"https:\/\/schema.org","@graph":[{"@type":"Article","@id":"https:\/\/diretodasacristia.com\/home\/liturgia\/sobre-a-omissao-da-in-catedra-de-pedro\/#article","isPartOf":{"@id":"https:\/\/diretodasacristia.com\/home\/liturgia\/sobre-a-omissao-da-in-catedra-de-pedro\/"},"author":{"name":"E. Mar\u00e7al","@id":"https:\/\/diretodasacristia.com\/home\/#\/schema\/person\/3d453ef1f7d57c0bb0990b8070642721"},"headline":"Sobre a omiss\u00e3o da &#8220;in C\u00e1tedra de S. Pedro&#8221;","datePublished":"2012-02-22T04:16:24+00:00","dateModified":"2012-02-24T13:15:02+00:00","mainEntityOfPage":{"@id":"https:\/\/diretodasacristia.com\/home\/liturgia\/sobre-a-omissao-da-in-catedra-de-pedro\/"},"wordCount":257,"commentCount":0,"publisher":{"@id":"https:\/\/diretodasacristia.com\/home\/#organization"},"keywords":["22 fevereiro","Festa C\u00e1tedra S\u00e3o Pedro"],"articleSection":["Curtas","Liturgia"],"inLanguage":"pt-BR","potentialAction":[{"@type":"CommentAction","name":"Comment","target":["https:\/\/diretodasacristia.com\/home\/liturgia\/sobre-a-omissao-da-in-catedra-de-pedro\/#respond"]}]},{"@type":"WebPage","@id":"https:\/\/diretodasacristia.com\/home\/liturgia\/sobre-a-omissao-da-in-catedra-de-pedro\/","url":"https:\/\/diretodasacristia.com\/home\/liturgia\/sobre-a-omissao-da-in-catedra-de-pedro\/","name":"Sobre a omiss\u00e3o da \"in C\u00e1tedra de S. Pedro\" - Direto da Sacristia","isPartOf":{"@id":"https:\/\/diretodasacristia.com\/home\/#website"},"datePublished":"2012-02-22T04:16:24+00:00","dateModified":"2012-02-24T13:15:02+00:00","breadcrumb":{"@id":"https:\/\/diretodasacristia.com\/home\/liturgia\/sobre-a-omissao-da-in-catedra-de-pedro\/#breadcrumb"},"inLanguage":"pt-BR","potentialAction":[{"@type":"ReadAction","target":["https:\/\/diretodasacristia.com\/home\/liturgia\/sobre-a-omissao-da-in-catedra-de-pedro\/"]}]},{"@type":"BreadcrumbList","@id":"https:\/\/diretodasacristia.com\/home\/liturgia\/sobre-a-omissao-da-in-catedra-de-pedro\/#breadcrumb","itemListElement":[{"@type":"ListItem","position":1,"name":"In\u00edcio","item":"https:\/\/diretodasacristia.com\/home\/"},{"@type":"ListItem","position":2,"name":"Sobre a omiss\u00e3o da &#8220;in C\u00e1tedra de S. Pedro&#8221;"}]},{"@type":"WebSite","@id":"https:\/\/diretodasacristia.com\/home\/#website","url":"https:\/\/diretodasacristia.com\/home\/","name":"Direto da Sacristia","description":"Not\u00edcias e artigos sobre a f\u00e9 cat\u00f3lica","publisher":{"@id":"https:\/\/diretodasacristia.com\/home\/#organization"},"potentialAction":[{"@type":"SearchAction","target":{"@type":"EntryPoint","urlTemplate":"https:\/\/diretodasacristia.com\/home\/?s={search_term_string}"},"query-input":{"@type":"PropertyValueSpecification","valueRequired":true,"valueName":"search_term_string"}}],"inLanguage":"pt-BR"},{"@type":"Organization","@id":"https:\/\/diretodasacristia.com\/home\/#organization","name":"Direto da Sacristia","url":"https:\/\/diretodasacristia.com\/home\/","logo":{"@type":"ImageObject","inLanguage":"pt-BR","@id":"https:\/\/diretodasacristia.com\/home\/#\/schema\/logo\/image\/","url":"https:\/\/i0.wp.com\/diretodasacristia.com\/home\/wp-content\/uploads\/2012\/01\/marca-sacristia.png?fit=320%2C306&ssl=1","contentUrl":"https:\/\/i0.wp.com\/diretodasacristia.com\/home\/wp-content\/uploads\/2012\/01\/marca-sacristia.png?fit=320%2C306&ssl=1","width":"320","height":"306","caption":"Direto da Sacristia"},"image":{"@id":"https:\/\/diretodasacristia.com\/home\/#\/schema\/logo\/image\/"},"sameAs":["https:\/\/www.facebook.com\/DiretoSacristia","https:\/\/x.com\/diretosacristia","https:\/\/www.instagram.com\/diretodasacristia\/","https:\/\/www.youtube.com\/diretodasacristia"]},{"@type":"Person","@id":"https:\/\/diretodasacristia.com\/home\/#\/schema\/person\/3d453ef1f7d57c0bb0990b8070642721","name":"E. Mar\u00e7al","image":{"@type":"ImageObject","inLanguage":"pt-BR","@id":"https:\/\/secure.gravatar.com\/avatar\/348ff80a5ddde3de6c8b6e0c5b066b733f9245285d9ab87cd2e2ff652ffa95b0?s=96&d=mm&r=g","url":"https:\/\/secure.gravatar.com\/avatar\/348ff80a5ddde3de6c8b6e0c5b066b733f9245285d9ab87cd2e2ff652ffa95b0?s=96&d=mm&r=g","contentUrl":"https:\/\/secure.gravatar.com\/avatar\/348ff80a5ddde3de6c8b6e0c5b066b733f9245285d9ab87cd2e2ff652ffa95b0?s=96&d=mm&r=g","caption":"E. Mar\u00e7al"},"url":"https:\/\/diretodasacristia.com\/home\/author\/erick\/"}]}},"jetpack_publicize_connections":[],"jetpack_featured_media_url":"","jetpack_sharing_enabled":true,"jetpack_shortlink":"https:\/\/wp.me\/p24aG7-ir","jetpack-related-posts":[{"id":1114,"url":"https:\/\/diretodasacristia.com\/home\/cardeais\/missa-papal-com-os-novos-cardeais\/","url_meta":{"origin":1143,"position":0},"title":"Missa papal com os novos Cardeais","author":"E. Mar\u00e7al","date":"21 de fevereiro de 2012","format":false,"excerpt":"\u00c0s 9h30 do domingo, na Bas\u00edlica de S\u00e3o Pedro no Vaticano, deu-se in\u00edcio \u00e0 Santa Missa presidida pelo Santo Padre Bento XVI e concelebrada pelos 22 novos Cardeais criados um dia antes - entre eles, os Cardeais Ries e Grech que, apesar da idade, 91 e 86 anos respectivamente, foram\u2026","rel":"","context":"Em &quot;Cardeais&quot;","block_context":{"text":"Cardeais","link":"https:\/\/diretodasacristia.com\/home\/c\/cardeais\/"},"img":{"alt_text":"","src":"https:\/\/i0.wp.com\/diretodasacristia.com\/home\/wp-content\/uploads\/2012\/02\/Cardeal-Rainer-Woelki-imp%C3%B5e-se-mitra-Missa-Bas%C3%ADlica-Vaticana-19-fevereiro-2012.jpg?resize=350%2C200","width":350,"height":200},"classes":[]},{"id":2527,"url":"https:\/\/diretodasacristia.com\/home\/liturgia\/ave-crux-spes-unica\/","url_meta":{"origin":1143,"position":1},"title":"Ave Crux, Spes unica!","author":"E. Mar\u00e7al","date":"14 de setembro de 2010","format":false,"excerpt":"Of\u00edcio do dia: Festa da Exalta\u00e7\u00e3o da Santa Cruz \u00a0 Escultura na Ponte do Castel d\u00b4Angelo Roma O of\u00edcio hoje celebrado \u00e9 a fus\u00e3o de duas comemora\u00e7\u00f5es feita pela reforma lit\u00fargica ordenada pelo Conc\u00edlio Vaticano II. Trata-se, primeiramente, da Descoberta da Santa Cruz, celebrado neste mesmo dia, em mem\u00f3ria de\u2026","rel":"","context":"Em &quot;Liturgia&quot;","block_context":{"text":"Liturgia","link":"https:\/\/diretodasacristia.com\/home\/c\/liturgia\/"},"img":{"alt_text":"","src":"","width":0,"height":0},"classes":[]},{"id":2493,"url":"https:\/\/diretodasacristia.com\/home\/sem-categoria\/dedicacao-da-catedral-de-roma-2\/","url_meta":{"origin":1143,"position":2},"title":"Dedica\u00e7\u00e3o da Catedral de Roma","author":"E. Mar\u00e7al","date":"9 de novembro de 2010","format":false,"excerpt":"Texto do seminarista Carlos Donato, da Arquidiocese da Para\u00edba.Of\u00edcio do dia: Dedica\u00e7\u00e3o da Bas\u00edlica do Latr\u00e3oOs bra\u00e7os de um rio vem trazer alegria \u00e0 cidade de Deus, \u00e0 morada do Alt\u00edssimoAspecto geral das fachadas da Bas\u00edlica do Latr\u00e3o e seu Pal\u00e1cio anexo.Celebramos em comunh\u00e3o com a Igreja de Roma a\u2026","rel":"","context":"Em &quot;Sem categoria&quot;","block_context":{"text":"Sem categoria","link":"https:\/\/diretodasacristia.com\/home\/c\/sem-categoria\/"},"img":{"alt_text":"","src":"","width":0,"height":0},"classes":[]},{"id":1544,"url":"https:\/\/diretodasacristia.com\/home\/bento-xvi\/bento-xvi-reza-vesperas-com-rowan-williams\/","url_meta":{"origin":1143,"position":3},"title":"Bento XVI reza V\u00e9speras com Rowan Williams","author":"E. Mar\u00e7al","date":"13 de mar\u00e7o de 2012","format":false,"excerpt":"Com imagens da\u00a0Zimbio e da Day Life Informa\u00e7\u00f5es da R\u00e1dio Vaticano e da G1 Jo\u00e3o Paulo II, na cerim\u00f4nia da Abertura da Porta Santa do Jubileu do Ano 2000. \u00c0 sua direita, o Arcebispo anglicano George Carey, e \u00e0 sua esquerda, um delegado ortodoxo Jo\u00e3o Paulo II e o Arcebispo\u2026","rel":"","context":"Em &quot;Bento XVI&quot;","block_context":{"text":"Bento XVI","link":"https:\/\/diretodasacristia.com\/home\/c\/bento-xvi\/"},"img":{"alt_text":"","src":"https:\/\/i0.wp.com\/diretodasacristia.com\/home\/wp-content\/uploads\/2012\/03\/Bento-XVI-Rowan-Williams-3-e1331658498500.jpg?resize=350%2C200&ssl=1","width":350,"height":200},"classes":[]},{"id":502,"url":"https:\/\/diretodasacristia.com\/home\/cardeais\/neve-em-roma-e-novidades-do-consistorio\/","url_meta":{"origin":1143,"position":4},"title":"Neve em Roma e novidades do Consist\u00f3rio","author":"E. Mar\u00e7al","date":"4 de fevereiro de 2012","format":false,"excerpt":"Com a volta das merecidas f\u00e9rias do semin\u00e1rio, voltamos com a atualiza\u00e7\u00e3o do Blog com not\u00edcias que movimentam a Igreja. \u00a0Vaticano visto de uma webcam posicionada nos Jardins Vaticanos. A vista \u00e9 linda e surpreende. \u00a0 Bento XVI admirando o branco g\u00e9lido da sua Pra\u00e7a 1. Mais uma vez, a\u2026","rel":"","context":"Em &quot;Cardeais&quot;","block_context":{"text":"Cardeais","link":"https:\/\/diretodasacristia.com\/home\/c\/cardeais\/"},"img":{"alt_text":"","src":"https:\/\/i0.wp.com\/diretodasacristia.com\/home\/wp-content\/uploads\/2012\/02\/Webcam-Vaticano-neve2.jpg?resize=350%2C200","width":350,"height":200},"classes":[]},{"id":578,"url":"https:\/\/diretodasacristia.com\/home\/brasil\/sagracoes-episcopais-e-posses-no-brasil\/","url_meta":{"origin":1143,"position":5},"title":"Sagra\u00e7\u00f5es episcopais e posses no Brasil","author":"E. Mar\u00e7al","date":"8 de fevereiro de 2012","format":false,"excerpt":"Publicamos a lista dos pr\u00f3ximos eventos no episcopado brasileiro referentes ou \u00e0 sua sagra\u00e7\u00e3o episcopal ou \u00e0 posse can\u00f4nica de seu of\u00edcio (alguns s\u00e3o bispos auxiliares, outros s\u00e3o bispos diocesanos). S\u00e1bado, 11 de fevereiro Na Festa de Nossa Senhora de Lourdes Sagra\u00e7\u00e3o episcopal do Rev.do Mons. Jo\u00e3o Justino de Medeiros\u2026","rel":"","context":"Em &quot;Brasil&quot;","block_context":{"text":"Brasil","link":"https:\/\/diretodasacristia.com\/home\/c\/brasil\/"},"img":{"alt_text":"","src":"https:\/\/i0.wp.com\/diretodasacristia.com\/home\/wp-content\/uploads\/2012\/02\/Jo%C3%A3o-Justino-252x300.jpg?resize=350%2C200","width":350,"height":200},"classes":[]}],"post_mailing_queue_ids":[],"_links":{"self":[{"href":"https:\/\/diretodasacristia.com\/home\/wp-json\/wp\/v2\/posts\/1143","targetHints":{"allow":["GET"]}}],"collection":[{"href":"https:\/\/diretodasacristia.com\/home\/wp-json\/wp\/v2\/posts"}],"about":[{"href":"https:\/\/diretodasacristia.com\/home\/wp-json\/wp\/v2\/types\/post"}],"author":[{"embeddable":true,"href":"https:\/\/diretodasacristia.com\/home\/wp-json\/wp\/v2\/users\/3"}],"replies":[{"embeddable":true,"href":"https:\/\/diretodasacristia.com\/home\/wp-json\/wp\/v2\/comments?post=1143"}],"version-history":[{"count":6,"href":"https:\/\/diretodasacristia.com\/home\/wp-json\/wp\/v2\/posts\/1143\/revisions"}],"predecessor-version":[{"id":1153,"href":"https:\/\/diretodasacristia.com\/home\/wp-json\/wp\/v2\/posts\/1143\/revisions\/1153"}],"wp:attachment":[{"href":"https:\/\/diretodasacristia.com\/home\/wp-json\/wp\/v2\/media?parent=1143"}],"wp:term":[{"taxonomy":"category","embeddable":true,"href":"https:\/\/diretodasacristia.com\/home\/wp-json\/wp\/v2\/categories?post=1143"},{"taxonomy":"post_tag","embeddable":true,"href":"https:\/\/diretodasacristia.com\/home\/wp-json\/wp\/v2\/tags?post=1143"}],"curies":[{"name":"wp","href":"https:\/\/api.w.org\/{rel}","templated":true}]}}