{"id":127,"date":"2010-11-18T08:47:00","date_gmt":"2010-11-18T08:47:00","guid":{"rendered":"http:\/\/diretodasacristia.com\/home\/sem-categoria\/o-senado-de-bento-xvi-parte-12-2\/"},"modified":"2010-11-18T08:47:00","modified_gmt":"2010-11-18T08:47:00","slug":"o-senado-de-bento-xvi-parte-12-2","status":"publish","type":"post","link":"https:\/\/diretodasacristia.com\/home\/sem-categoria\/o-senado-de-bento-xvi-parte-12-2\/","title":{"rendered":"O Senado de Bento XVI &#8211; Parte 1\/2"},"content":{"rendered":"<p><span style=\"font-family:verdana;\"><br \/>Texto do seminarista <span style=\"font-weight: bold;\">Carlos Donato<\/span>, da Arquidiocese da Para\u00edba.<\/p>\n<p><\/span><\/p>\n<div style=\"text-align: center;\"><span style=\"font-weight: bold;font-family:verdana;\">O Senado do Papa<\/span><\/div>\n<p><span style=\"font-family:verdana;\"><\/p>\n<p><\/span><\/p>\n<div style=\"text-align: center;\"><a href=\"http:\/\/4.bp.blogspot.com\/_LTO5Qx1HyJc\/TOU9XMlk3eI\/AAAAAAAABfc\/VlWL5-UIlOo\/s1600\/Bento%2BXVI%2Be%2BCol%25C3%25A9gio%2BCardeais.jpg\"><img decoding=\"async\" style=\"display: block; margin: 0px auto 10px; text-align: center; cursor: pointer; width: 400px; height: 275px;\" src=\"http:\/\/4.bp.blogspot.com\/_LTO5Qx1HyJc\/TOU9XMlk3eI\/AAAAAAAABfc\/VlWL5-UIlOo\/s400\/Bento%2BXVI%2Be%2BCol%25C3%25A9gio%2BCardeais.jpg\" alt=\"\" id=\"BLOGGER_PHOTO_ID_5540902385274379746\" border=\"0\" \/><\/a><span style=\"font-size:85%;\"><span style=\"font-style: italic;font-family:verdana;\">Bento XVI reunido com o seu Senado<\/span><\/span><\/div>\n<p><span style=\"font-family:verdana;\"><br \/><\/span> <\/p>\n<div style=\"text-align: justify;\"><span style=\"font-family:verdana;\">Propositalmente esperamos o belo dia lit\u00fargico de hoje em que celebramos a festa [assim o \u00e9 em Roma] da dedica\u00e7\u00e3o das bas\u00edlicas papais de S\u00e3o Pedro no Vaticano e de S\u00e3o Paulo na Via Ostiense, igrejas nas quais esperam a ressurrei\u00e7\u00e3o dos mortos os restos mortais do santos ap\u00f3stolos do <span style=\"font-style: italic;\">Urbi <\/span>e da <span style=\"font-style: italic;\">Orbi<\/span>. Um reuniu a casa de Israel  e outro espandiu a f\u00e9 aos gentios, formando assim a unidade na diversidade entre os povos. Na audi\u00eancia-geral da quarta-feira do dia 20 do m\u00eas passado, Sua Santidade o Papa e Senhor nosso Bento XVI, gloriosamente reinante, anunciava na multissecolar Pra\u00e7a de S\u00e3o Pedro o concist\u00f3rio que ser\u00e1 celebrado no pr\u00f3ximo s\u00e1bado, na Bas\u00edlica Vaticana. Mas, o objetivo deste artigo dividido em dois \u00e9 levar-vos, caros leitores, a fazer um percurso na historia dos concistorios, como tamb\u00e9m de conhecer melhor a fun\u00e7\u00e3o do Sacro Col\u00e9gio de Cardeais da Santa Igreja Romana. <\/span><\/p>\n<div style=\"text-align: center;\"><a href=\"http:\/\/3.bp.blogspot.com\/_LTO5Qx1HyJc\/TOU9TzVQVPI\/AAAAAAAABfM\/HjLt3mFkEqA\/s1600\/Cardeais.jpg\"><img decoding=\"async\" style=\"display: block; margin: 0px auto 10px; text-align: center; cursor: pointer; width: 400px; height: 269px;\" src=\"http:\/\/3.bp.blogspot.com\/_LTO5Qx1HyJc\/TOU9TzVQVPI\/AAAAAAAABfM\/HjLt3mFkEqA\/s400\/Cardeais.jpg\" alt=\"\" id=\"BLOGGER_PHOTO_ID_5540902326955431154\" border=\"0\" \/><\/a><span style=\"font-size:85%;\"><span style=\"font-style: italic;\">Cardeais em missa na Bas\u00edlica Vaticana <\/span><br \/><\/span><\/div>\n<p><span style=\"font-family:verdana;\"> Primeiro passo a fazer \u00e9 tornarmos ao Ano da Gra\u00e7a de 350, quando temos o Edito de Mil\u00e3o em que Constantino dava liberdade de culto aos crist\u00e3os e temos assim a chamada \u201c<span style=\"font-style: italic;\">pax constantiniana<\/span>\u201d.  A partir de ent\u00e3o, com a liberdade de culto e a dedica\u00e7\u00e3o crist\u00e3 de edif\u00edcios pag\u00e3os, encontramos os t\u00edtulos e as diaconias da Igreja Romana. Na sua origem, os cardeais eram os p\u00e1rocos e os di\u00e1conos da S\u00e9 de Pedro. Disto deriva a distin\u00e7\u00e3o entre cardeais-bispos, cardeais-presb\u00edteros e cardeais-di\u00e1conos. A primeira not\u00edcia do Sacro Col\u00e9gio vem do ano 105 no pontificado do papa Santo Alexandre I. Avan\u00e7ando no tempo, encontramo-nos no ano de 1059 no pontificado de papa Nicolau II. Com a Constitui\u00e7\u00e3o Apost\u00f3lica \u201c<span style=\"font-style: italic;\">In Nomine Domini<\/span>\u201d, ele reservou o direito de elei\u00e7\u00e3o do Romano Pont\u00edfice somente aos cardeais romanos. Em 1179, o Papa Alexandre III emana a Constitui\u00e7ao Apost\u00f3lica \u201c<span style=\"font-style: italic;\">Licet de Vitanda Discordia<\/span>\u201d, com a qual estende o direito de elei\u00e7\u00e3o a todos os membros do Sacro Col\u00e9gio. Da \u00e9poca medieval at\u00e9 o fim dos Estados Pontif\u00edcios no s\u00e9culo XIX, a maioria dos cardeais eram provenientes de grandes fam\u00edlias europeias e na sua maioria eram italianos, ou simplesmente romanos. Entre estes, uma grande parte exercia o minist\u00e9rio de ministros da coroa papal, seja na administra\u00e7\u00e3o dos Estados Pontif\u00edcios, seja na diplomacia com outros reinos europeus. <\/span><\/p>\n<div style=\"text-align: center;\"><a href=\"http:\/\/3.bp.blogspot.com\/_LTO5Qx1HyJc\/TOU9TJST_mI\/AAAAAAAABe8\/-wh8At8LmWs\/s1600\/Cardeais.jpg\"><img decoding=\"async\" style=\"display: block; margin: 0px auto 10px; text-align: center; cursor: pointer; width: 400px; height: 277px;\" src=\"http:\/\/3.bp.blogspot.com\/_LTO5Qx1HyJc\/TOU9TJST_mI\/AAAAAAAABe8\/-wh8At8LmWs\/s400\/Cardeais.jpg\" alt=\"\" id=\"BLOGGER_PHOTO_ID_5540902315668799074\" border=\"0\" \/><\/a><span style=\";font-family:verdana;font-size:85%;\"><span style=\"font-style: italic;\">Cardeais em Consist\u00f3rio Ordin\u00e1rio P\u00fablico na Pra\u00e7a de S\u00e3o Pedro<\/span><\/span><\/div>\n<p><span style=\"font-family:verdana;\"> A internacionaliza\u00e7\u00e3o do Col\u00e9gio Cardinal\u00edcio tem seu impulso no s\u00e9culo XIX com a queda dos Estados Pontif\u00edcios e a unifica\u00e7\u00e3o da It\u00e1lia, dando fim deste modo ao poder temporal dos papas. Com a expan\u00e7\u00e3o das miss\u00f5es nas antigas col\u00f4nias dos pa\u00edses europeus, Pio IX inicia a nomear cardeais tamb\u00e9m no Novo Mundo, de modo particular e por que n\u00e3o dizer priorit\u00e1rio nas Am\u00e9ricas. Assim surgem os primeiros cardeais da Am\u00e9rica Setentrional. Durante o Pontificado de S\u00e3o Pio X \u00e9 criado o primeiro cardeal da Am\u00e9rica Meridional, trata-se de Sua Emin\u00eancia o Cardeal Joaquim Arcoverde, Arcebispo de S\u00e3o Sebasti\u00e3o do Rio de Janeiro, natural da ent\u00e3o Diocese de Olinda, no estado de Pernambuco.<\/p>\n<p><\/span><\/p>\n<div style=\"text-align: center;\"><a href=\"http:\/\/3.bp.blogspot.com\/_LTO5Qx1HyJc\/TOU9W3i4VHI\/AAAAAAAABfU\/dg8BwC7K4X8\/s1600\/Cardeais%2Bfuneral%2BPio%2BXII.jpg\"><img decoding=\"async\" style=\"display: block; margin: 0px auto 10px; text-align: center; cursor: pointer; width: 400px; height: 300px;\" src=\"http:\/\/3.bp.blogspot.com\/_LTO5Qx1HyJc\/TOU9W3i4VHI\/AAAAAAAABfU\/dg8BwC7K4X8\/s400\/Cardeais%2Bfuneral%2BPio%2BXII.jpg\" alt=\"\" id=\"BLOGGER_PHOTO_ID_5540902379625927794\" border=\"0\" \/><\/a><span style=\";font-family:verdana;font-size:85%;\"><span style=\"font-style: italic;\">Cardeais nas ex\u00e9quias do Papa Pio XII<\/span><br \/><\/span><\/div>\n<p><span style=\"font-family:verdana;\"> At\u00e9 o pontificado de Bento XV, os cardeais n\u00e3o deveriam ser obrigatoriamente presb\u00edteros, poderiam ser leigos. Com a bula de Papa Bento XV, torna-se obrigat\u00f3ria a ordena\u00e7ao presbiteral a todos os Padres Cardeais n\u00e3o-presb\u00edteros. Durante o pontificado do Beato Jo\u00e3o XXIII torna-se obrigat\u00f3ria a ordena\u00e7\u00e3o episcopal dos Padres Cardeais, deixando sob licen\u00e7a da S\u00e9 Apostolica a licen\u00e7a dessa prescri\u00e7\u00e3o.<\/span><\/p>\n<div style=\"text-align: center;\"><a href=\"http:\/\/2.bp.blogspot.com\/_LTO5Qx1HyJc\/TOU9TZdxyXI\/AAAAAAAABfE\/p2mKt484x7k\/s1600\/Consist%25C3%25B3rio%2BCardeais%2B2006.jpg\"><img decoding=\"async\" style=\"display: block; margin: 0px auto 10px; text-align: center; cursor: pointer; width: 400px; height: 127px;\" src=\"http:\/\/2.bp.blogspot.com\/_LTO5Qx1HyJc\/TOU9TZdxyXI\/AAAAAAAABfE\/p2mKt484x7k\/s400\/Consist%25C3%25B3rio%2BCardeais%2B2006.jpg\" alt=\"\" id=\"BLOGGER_PHOTO_ID_5540902320011856242\" border=\"0\" \/><\/a><span style=\";font-family:verdana;font-size:85%;\"><span style=\"font-style: italic;\">Primeiro Consist\u00f3rio Ordin\u00e1rio P\u00fablico presidido por Bento XVI<br \/>No segundo plano, \u00e0 direita,<br \/>nota-se o Cardeal Stanislaw Dziwisz, Arcebispo de Crac\u00f3via<br \/><\/span><span style=\"font-style: italic;\">24 mar\u00e7o 2006<\/span><\/span><\/div>\n<div style=\"text-align: center;\"><\/div>\n<p><span style=\"font-family:verdana;\"> Sobre o dever e os graus no Sacro Col\u00e9gio, comentaremos no pr\u00f3ximo artigo, que nos preparar\u00e1 a consciente e ativa participa\u00e7\u00e3o no pr\u00f3ximo Concist\u00f3rio, que realizar-se-\u00e1 no pr\u00f3ximo s\u00e1bado.<\/p>\n<p><\/span><\/p>\n<div style=\"text-align: right;\"><span style=\"font-style: italic;font-family:verdana;\">Continua&#8230;<\/span><\/p>\n<\/div><\/div>\n","protected":false},"excerpt":{"rendered":"Texto do seminarista Carlos Donato, da Arquidiocese da Para\u00edba. O Senado do Papa Bento XVI reunido com o seu Senado Propositalmente esperamos o belo dia lit\u00fargico de hoje em que celebramos a festa [assim o \u00e9 em Roma] da dedica\u00e7\u00e3o das bas\u00edlicas papais de S\u00e3o Pedro no Vaticano e de S\u00e3o Paulo na Via Ostiense,&#8230; <a class=\"view-article\" href=\"https:\/\/diretodasacristia.com\/home\/sem-categoria\/o-senado-de-bento-xvi-parte-12-2\/\">Ver artigo<\/a>","protected":false},"author":3,"featured_media":0,"comment_status":"open","ping_status":"open","sticky":false,"template":"","format":"standard","meta":{"jetpack_post_was_ever_published":false,"_jetpack_newsletter_access":"","_jetpack_dont_email_post_to_subs":false,"_jetpack_newsletter_tier_id":0,"_jetpack_memberships_contains_paywalled_content":false,"_jetpack_memberships_contains_paid_content":false,"_joinchat":[],"footnotes":"","jetpack_publicize_message":"","jetpack_publicize_feature_enabled":true,"jetpack_social_post_already_shared":false,"jetpack_social_options":{"image_generator_settings":{"template":"highway","default_image_id":0,"font":"","enabled":false},"version":2}},"categories":[1],"tags":[],"class_list":["post-127","post","type-post","status-publish","format-standard","hentry","category-sem-categoria"],"yoast_head":"<!-- This site is optimized with the Yoast SEO plugin v27.4 - https:\/\/yoast.com\/product\/yoast-seo-wordpress\/ -->\n<title>O Senado de Bento XVI - Parte 1\/2 - Direto da Sacristia<\/title>\n<meta name=\"robots\" content=\"index, follow, max-snippet:-1, max-image-preview:large, max-video-preview:-1\" \/>\n<link rel=\"canonical\" href=\"https:\/\/diretodasacristia.com\/home\/sem-categoria\/o-senado-de-bento-xvi-parte-12-2\/\" \/>\n<meta property=\"og:locale\" content=\"pt_BR\" \/>\n<meta property=\"og:type\" content=\"article\" \/>\n<meta property=\"og:title\" content=\"O Senado de Bento XVI - Parte 1\/2 - Direto da Sacristia\" \/>\n<meta property=\"og:description\" content=\"Texto do seminarista Carlos Donato, da Arquidiocese da Para\u00edba. O Senado do Papa Bento XVI reunido com o seu Senado Propositalmente esperamos o belo dia lit\u00fargico de hoje em que celebramos a festa [assim o \u00e9 em Roma] da dedica\u00e7\u00e3o das bas\u00edlicas papais de S\u00e3o Pedro no Vaticano e de S\u00e3o Paulo na Via Ostiense,... Ver artigo\" \/>\n<meta property=\"og:url\" content=\"https:\/\/diretodasacristia.com\/home\/sem-categoria\/o-senado-de-bento-xvi-parte-12-2\/\" \/>\n<meta property=\"og:site_name\" content=\"Direto da Sacristia\" \/>\n<meta property=\"article:publisher\" content=\"https:\/\/www.facebook.com\/DiretoSacristia\" \/>\n<meta property=\"article:published_time\" content=\"2010-11-18T08:47:00+00:00\" \/>\n<meta property=\"og:image\" content=\"http:\/\/4.bp.blogspot.com\/_LTO5Qx1HyJc\/TOU9XMlk3eI\/AAAAAAAABfc\/VlWL5-UIlOo\/s400\/Bento%2BXVI%2Be%2BCol%25C3%25A9gio%2BCardeais.jpg\" \/>\n<meta name=\"author\" content=\"E. Mar\u00e7al\" \/>\n<meta name=\"twitter:card\" content=\"summary_large_image\" \/>\n<meta name=\"twitter:creator\" content=\"@diretosacristia\" \/>\n<meta name=\"twitter:site\" content=\"@diretosacristia\" \/>\n<meta name=\"twitter:label1\" content=\"Escrito por\" \/>\n\t<meta name=\"twitter:data1\" content=\"E. Mar\u00e7al\" \/>\n\t<meta name=\"twitter:label2\" content=\"Est. tempo de leitura\" \/>\n\t<meta name=\"twitter:data2\" content=\"4 minutos\" \/>\n<script type=\"application\/ld+json\" class=\"yoast-schema-graph\">{\"@context\":\"https:\\\/\\\/schema.org\",\"@graph\":[{\"@type\":\"Article\",\"@id\":\"https:\\\/\\\/diretodasacristia.com\\\/home\\\/sem-categoria\\\/o-senado-de-bento-xvi-parte-12-2\\\/#article\",\"isPartOf\":{\"@id\":\"https:\\\/\\\/diretodasacristia.com\\\/home\\\/sem-categoria\\\/o-senado-de-bento-xvi-parte-12-2\\\/\"},\"author\":{\"name\":\"E. Mar\u00e7al\",\"@id\":\"https:\\\/\\\/diretodasacristia.com\\\/home\\\/#\\\/schema\\\/person\\\/3d453ef1f7d57c0bb0990b8070642721\"},\"headline\":\"O Senado de Bento XVI &#8211; Parte 1\\\/2\",\"datePublished\":\"2010-11-18T08:47:00+00:00\",\"mainEntityOfPage\":{\"@id\":\"https:\\\/\\\/diretodasacristia.com\\\/home\\\/sem-categoria\\\/o-senado-de-bento-xvi-parte-12-2\\\/\"},\"wordCount\":735,\"commentCount\":0,\"publisher\":{\"@id\":\"https:\\\/\\\/diretodasacristia.com\\\/home\\\/#organization\"},\"image\":{\"@id\":\"https:\\\/\\\/diretodasacristia.com\\\/home\\\/sem-categoria\\\/o-senado-de-bento-xvi-parte-12-2\\\/#primaryimage\"},\"thumbnailUrl\":\"http:\\\/\\\/4.bp.blogspot.com\\\/_LTO5Qx1HyJc\\\/TOU9XMlk3eI\\\/AAAAAAAABfc\\\/VlWL5-UIlOo\\\/s400\\\/Bento%2BXVI%2Be%2BCol%25C3%25A9gio%2BCardeais.jpg\",\"inLanguage\":\"pt-BR\",\"potentialAction\":[{\"@type\":\"CommentAction\",\"name\":\"Comment\",\"target\":[\"https:\\\/\\\/diretodasacristia.com\\\/home\\\/sem-categoria\\\/o-senado-de-bento-xvi-parte-12-2\\\/#respond\"]}]},{\"@type\":\"WebPage\",\"@id\":\"https:\\\/\\\/diretodasacristia.com\\\/home\\\/sem-categoria\\\/o-senado-de-bento-xvi-parte-12-2\\\/\",\"url\":\"https:\\\/\\\/diretodasacristia.com\\\/home\\\/sem-categoria\\\/o-senado-de-bento-xvi-parte-12-2\\\/\",\"name\":\"O Senado de Bento XVI - Parte 1\\\/2 - Direto da Sacristia\",\"isPartOf\":{\"@id\":\"https:\\\/\\\/diretodasacristia.com\\\/home\\\/#website\"},\"primaryImageOfPage\":{\"@id\":\"https:\\\/\\\/diretodasacristia.com\\\/home\\\/sem-categoria\\\/o-senado-de-bento-xvi-parte-12-2\\\/#primaryimage\"},\"image\":{\"@id\":\"https:\\\/\\\/diretodasacristia.com\\\/home\\\/sem-categoria\\\/o-senado-de-bento-xvi-parte-12-2\\\/#primaryimage\"},\"thumbnailUrl\":\"http:\\\/\\\/4.bp.blogspot.com\\\/_LTO5Qx1HyJc\\\/TOU9XMlk3eI\\\/AAAAAAAABfc\\\/VlWL5-UIlOo\\\/s400\\\/Bento%2BXVI%2Be%2BCol%25C3%25A9gio%2BCardeais.jpg\",\"datePublished\":\"2010-11-18T08:47:00+00:00\",\"breadcrumb\":{\"@id\":\"https:\\\/\\\/diretodasacristia.com\\\/home\\\/sem-categoria\\\/o-senado-de-bento-xvi-parte-12-2\\\/#breadcrumb\"},\"inLanguage\":\"pt-BR\",\"potentialAction\":[{\"@type\":\"ReadAction\",\"target\":[\"https:\\\/\\\/diretodasacristia.com\\\/home\\\/sem-categoria\\\/o-senado-de-bento-xvi-parte-12-2\\\/\"]}]},{\"@type\":\"ImageObject\",\"inLanguage\":\"pt-BR\",\"@id\":\"https:\\\/\\\/diretodasacristia.com\\\/home\\\/sem-categoria\\\/o-senado-de-bento-xvi-parte-12-2\\\/#primaryimage\",\"url\":\"http:\\\/\\\/4.bp.blogspot.com\\\/_LTO5Qx1HyJc\\\/TOU9XMlk3eI\\\/AAAAAAAABfc\\\/VlWL5-UIlOo\\\/s400\\\/Bento%2BXVI%2Be%2BCol%25C3%25A9gio%2BCardeais.jpg\",\"contentUrl\":\"http:\\\/\\\/4.bp.blogspot.com\\\/_LTO5Qx1HyJc\\\/TOU9XMlk3eI\\\/AAAAAAAABfc\\\/VlWL5-UIlOo\\\/s400\\\/Bento%2BXVI%2Be%2BCol%25C3%25A9gio%2BCardeais.jpg\"},{\"@type\":\"BreadcrumbList\",\"@id\":\"https:\\\/\\\/diretodasacristia.com\\\/home\\\/sem-categoria\\\/o-senado-de-bento-xvi-parte-12-2\\\/#breadcrumb\",\"itemListElement\":[{\"@type\":\"ListItem\",\"position\":1,\"name\":\"In\u00edcio\",\"item\":\"https:\\\/\\\/diretodasacristia.com\\\/home\\\/\"},{\"@type\":\"ListItem\",\"position\":2,\"name\":\"O Senado de Bento XVI &#8211; Parte 1\\\/2\"}]},{\"@type\":\"WebSite\",\"@id\":\"https:\\\/\\\/diretodasacristia.com\\\/home\\\/#website\",\"url\":\"https:\\\/\\\/diretodasacristia.com\\\/home\\\/\",\"name\":\"Direto da Sacristia\",\"description\":\"Not\u00edcias e artigos sobre a f\u00e9 cat\u00f3lica\",\"publisher\":{\"@id\":\"https:\\\/\\\/diretodasacristia.com\\\/home\\\/#organization\"},\"potentialAction\":[{\"@type\":\"SearchAction\",\"target\":{\"@type\":\"EntryPoint\",\"urlTemplate\":\"https:\\\/\\\/diretodasacristia.com\\\/home\\\/?s={search_term_string}\"},\"query-input\":{\"@type\":\"PropertyValueSpecification\",\"valueRequired\":true,\"valueName\":\"search_term_string\"}}],\"inLanguage\":\"pt-BR\"},{\"@type\":\"Organization\",\"@id\":\"https:\\\/\\\/diretodasacristia.com\\\/home\\\/#organization\",\"name\":\"Direto da Sacristia\",\"url\":\"https:\\\/\\\/diretodasacristia.com\\\/home\\\/\",\"logo\":{\"@type\":\"ImageObject\",\"inLanguage\":\"pt-BR\",\"@id\":\"https:\\\/\\\/diretodasacristia.com\\\/home\\\/#\\\/schema\\\/logo\\\/image\\\/\",\"url\":\"https:\\\/\\\/i0.wp.com\\\/diretodasacristia.com\\\/home\\\/wp-content\\\/uploads\\\/2012\\\/01\\\/marca-sacristia.png?fit=320%2C306&ssl=1\",\"contentUrl\":\"https:\\\/\\\/i0.wp.com\\\/diretodasacristia.com\\\/home\\\/wp-content\\\/uploads\\\/2012\\\/01\\\/marca-sacristia.png?fit=320%2C306&ssl=1\",\"width\":\"320\",\"height\":\"306\",\"caption\":\"Direto da Sacristia\"},\"image\":{\"@id\":\"https:\\\/\\\/diretodasacristia.com\\\/home\\\/#\\\/schema\\\/logo\\\/image\\\/\"},\"sameAs\":[\"https:\\\/\\\/www.facebook.com\\\/DiretoSacristia\",\"https:\\\/\\\/x.com\\\/diretosacristia\",\"https:\\\/\\\/www.instagram.com\\\/diretodasacristia\\\/\",\"https:\\\/\\\/www.youtube.com\\\/diretodasacristia\"]},{\"@type\":\"Person\",\"@id\":\"https:\\\/\\\/diretodasacristia.com\\\/home\\\/#\\\/schema\\\/person\\\/3d453ef1f7d57c0bb0990b8070642721\",\"name\":\"E. Mar\u00e7al\",\"image\":{\"@type\":\"ImageObject\",\"inLanguage\":\"pt-BR\",\"@id\":\"https:\\\/\\\/secure.gravatar.com\\\/avatar\\\/348ff80a5ddde3de6c8b6e0c5b066b733f9245285d9ab87cd2e2ff652ffa95b0?s=96&d=mm&r=g\",\"url\":\"https:\\\/\\\/secure.gravatar.com\\\/avatar\\\/348ff80a5ddde3de6c8b6e0c5b066b733f9245285d9ab87cd2e2ff652ffa95b0?s=96&d=mm&r=g\",\"contentUrl\":\"https:\\\/\\\/secure.gravatar.com\\\/avatar\\\/348ff80a5ddde3de6c8b6e0c5b066b733f9245285d9ab87cd2e2ff652ffa95b0?s=96&d=mm&r=g\",\"caption\":\"E. Mar\u00e7al\"},\"url\":\"https:\\\/\\\/diretodasacristia.com\\\/home\\\/author\\\/erick\\\/\"}]}<\/script>\n<!-- \/ Yoast SEO plugin. -->","yoast_head_json":{"title":"O Senado de Bento XVI - Parte 1\/2 - Direto da Sacristia","robots":{"index":"index","follow":"follow","max-snippet":"max-snippet:-1","max-image-preview":"max-image-preview:large","max-video-preview":"max-video-preview:-1"},"canonical":"https:\/\/diretodasacristia.com\/home\/sem-categoria\/o-senado-de-bento-xvi-parte-12-2\/","og_locale":"pt_BR","og_type":"article","og_title":"O Senado de Bento XVI - Parte 1\/2 - Direto da Sacristia","og_description":"Texto do seminarista Carlos Donato, da Arquidiocese da Para\u00edba. O Senado do Papa Bento XVI reunido com o seu Senado Propositalmente esperamos o belo dia lit\u00fargico de hoje em que celebramos a festa [assim o \u00e9 em Roma] da dedica\u00e7\u00e3o das bas\u00edlicas papais de S\u00e3o Pedro no Vaticano e de S\u00e3o Paulo na Via Ostiense,... Ver artigo","og_url":"https:\/\/diretodasacristia.com\/home\/sem-categoria\/o-senado-de-bento-xvi-parte-12-2\/","og_site_name":"Direto da Sacristia","article_publisher":"https:\/\/www.facebook.com\/DiretoSacristia","article_published_time":"2010-11-18T08:47:00+00:00","og_image":[{"url":"http:\/\/4.bp.blogspot.com\/_LTO5Qx1HyJc\/TOU9XMlk3eI\/AAAAAAAABfc\/VlWL5-UIlOo\/s400\/Bento%2BXVI%2Be%2BCol%25C3%25A9gio%2BCardeais.jpg","type":"","width":"","height":""}],"author":"E. Mar\u00e7al","twitter_card":"summary_large_image","twitter_creator":"@diretosacristia","twitter_site":"@diretosacristia","twitter_misc":{"Escrito por":"E. Mar\u00e7al","Est. tempo de leitura":"4 minutos"},"schema":{"@context":"https:\/\/schema.org","@graph":[{"@type":"Article","@id":"https:\/\/diretodasacristia.com\/home\/sem-categoria\/o-senado-de-bento-xvi-parte-12-2\/#article","isPartOf":{"@id":"https:\/\/diretodasacristia.com\/home\/sem-categoria\/o-senado-de-bento-xvi-parte-12-2\/"},"author":{"name":"E. Mar\u00e7al","@id":"https:\/\/diretodasacristia.com\/home\/#\/schema\/person\/3d453ef1f7d57c0bb0990b8070642721"},"headline":"O Senado de Bento XVI &#8211; Parte 1\/2","datePublished":"2010-11-18T08:47:00+00:00","mainEntityOfPage":{"@id":"https:\/\/diretodasacristia.com\/home\/sem-categoria\/o-senado-de-bento-xvi-parte-12-2\/"},"wordCount":735,"commentCount":0,"publisher":{"@id":"https:\/\/diretodasacristia.com\/home\/#organization"},"image":{"@id":"https:\/\/diretodasacristia.com\/home\/sem-categoria\/o-senado-de-bento-xvi-parte-12-2\/#primaryimage"},"thumbnailUrl":"http:\/\/4.bp.blogspot.com\/_LTO5Qx1HyJc\/TOU9XMlk3eI\/AAAAAAAABfc\/VlWL5-UIlOo\/s400\/Bento%2BXVI%2Be%2BCol%25C3%25A9gio%2BCardeais.jpg","inLanguage":"pt-BR","potentialAction":[{"@type":"CommentAction","name":"Comment","target":["https:\/\/diretodasacristia.com\/home\/sem-categoria\/o-senado-de-bento-xvi-parte-12-2\/#respond"]}]},{"@type":"WebPage","@id":"https:\/\/diretodasacristia.com\/home\/sem-categoria\/o-senado-de-bento-xvi-parte-12-2\/","url":"https:\/\/diretodasacristia.com\/home\/sem-categoria\/o-senado-de-bento-xvi-parte-12-2\/","name":"O Senado de Bento XVI - Parte 1\/2 - Direto da Sacristia","isPartOf":{"@id":"https:\/\/diretodasacristia.com\/home\/#website"},"primaryImageOfPage":{"@id":"https:\/\/diretodasacristia.com\/home\/sem-categoria\/o-senado-de-bento-xvi-parte-12-2\/#primaryimage"},"image":{"@id":"https:\/\/diretodasacristia.com\/home\/sem-categoria\/o-senado-de-bento-xvi-parte-12-2\/#primaryimage"},"thumbnailUrl":"http:\/\/4.bp.blogspot.com\/_LTO5Qx1HyJc\/TOU9XMlk3eI\/AAAAAAAABfc\/VlWL5-UIlOo\/s400\/Bento%2BXVI%2Be%2BCol%25C3%25A9gio%2BCardeais.jpg","datePublished":"2010-11-18T08:47:00+00:00","breadcrumb":{"@id":"https:\/\/diretodasacristia.com\/home\/sem-categoria\/o-senado-de-bento-xvi-parte-12-2\/#breadcrumb"},"inLanguage":"pt-BR","potentialAction":[{"@type":"ReadAction","target":["https:\/\/diretodasacristia.com\/home\/sem-categoria\/o-senado-de-bento-xvi-parte-12-2\/"]}]},{"@type":"ImageObject","inLanguage":"pt-BR","@id":"https:\/\/diretodasacristia.com\/home\/sem-categoria\/o-senado-de-bento-xvi-parte-12-2\/#primaryimage","url":"http:\/\/4.bp.blogspot.com\/_LTO5Qx1HyJc\/TOU9XMlk3eI\/AAAAAAAABfc\/VlWL5-UIlOo\/s400\/Bento%2BXVI%2Be%2BCol%25C3%25A9gio%2BCardeais.jpg","contentUrl":"http:\/\/4.bp.blogspot.com\/_LTO5Qx1HyJc\/TOU9XMlk3eI\/AAAAAAAABfc\/VlWL5-UIlOo\/s400\/Bento%2BXVI%2Be%2BCol%25C3%25A9gio%2BCardeais.jpg"},{"@type":"BreadcrumbList","@id":"https:\/\/diretodasacristia.com\/home\/sem-categoria\/o-senado-de-bento-xvi-parte-12-2\/#breadcrumb","itemListElement":[{"@type":"ListItem","position":1,"name":"In\u00edcio","item":"https:\/\/diretodasacristia.com\/home\/"},{"@type":"ListItem","position":2,"name":"O Senado de Bento XVI &#8211; Parte 1\/2"}]},{"@type":"WebSite","@id":"https:\/\/diretodasacristia.com\/home\/#website","url":"https:\/\/diretodasacristia.com\/home\/","name":"Direto da Sacristia","description":"Not\u00edcias e artigos sobre a f\u00e9 cat\u00f3lica","publisher":{"@id":"https:\/\/diretodasacristia.com\/home\/#organization"},"potentialAction":[{"@type":"SearchAction","target":{"@type":"EntryPoint","urlTemplate":"https:\/\/diretodasacristia.com\/home\/?s={search_term_string}"},"query-input":{"@type":"PropertyValueSpecification","valueRequired":true,"valueName":"search_term_string"}}],"inLanguage":"pt-BR"},{"@type":"Organization","@id":"https:\/\/diretodasacristia.com\/home\/#organization","name":"Direto da Sacristia","url":"https:\/\/diretodasacristia.com\/home\/","logo":{"@type":"ImageObject","inLanguage":"pt-BR","@id":"https:\/\/diretodasacristia.com\/home\/#\/schema\/logo\/image\/","url":"https:\/\/i0.wp.com\/diretodasacristia.com\/home\/wp-content\/uploads\/2012\/01\/marca-sacristia.png?fit=320%2C306&ssl=1","contentUrl":"https:\/\/i0.wp.com\/diretodasacristia.com\/home\/wp-content\/uploads\/2012\/01\/marca-sacristia.png?fit=320%2C306&ssl=1","width":"320","height":"306","caption":"Direto da Sacristia"},"image":{"@id":"https:\/\/diretodasacristia.com\/home\/#\/schema\/logo\/image\/"},"sameAs":["https:\/\/www.facebook.com\/DiretoSacristia","https:\/\/x.com\/diretosacristia","https:\/\/www.instagram.com\/diretodasacristia\/","https:\/\/www.youtube.com\/diretodasacristia"]},{"@type":"Person","@id":"https:\/\/diretodasacristia.com\/home\/#\/schema\/person\/3d453ef1f7d57c0bb0990b8070642721","name":"E. Mar\u00e7al","image":{"@type":"ImageObject","inLanguage":"pt-BR","@id":"https:\/\/secure.gravatar.com\/avatar\/348ff80a5ddde3de6c8b6e0c5b066b733f9245285d9ab87cd2e2ff652ffa95b0?s=96&d=mm&r=g","url":"https:\/\/secure.gravatar.com\/avatar\/348ff80a5ddde3de6c8b6e0c5b066b733f9245285d9ab87cd2e2ff652ffa95b0?s=96&d=mm&r=g","contentUrl":"https:\/\/secure.gravatar.com\/avatar\/348ff80a5ddde3de6c8b6e0c5b066b733f9245285d9ab87cd2e2ff652ffa95b0?s=96&d=mm&r=g","caption":"E. Mar\u00e7al"},"url":"https:\/\/diretodasacristia.com\/home\/author\/erick\/"}]}},"jetpack_publicize_connections":[],"jetpack_featured_media_url":"","jetpack_sharing_enabled":true,"jetpack_shortlink":"https:\/\/wp.me\/p24aG7-23","jetpack-related-posts":[{"id":2491,"url":"https:\/\/diretodasacristia.com\/home\/sem-categoria\/antes-do-consistorio-nomeados-reunem-se-com-o-papa-2\/","url_meta":{"origin":127,"position":0},"title":"Antes do consist\u00f3rio, nomeados re\u00fanem-se com o Papa","author":"E. Mar\u00e7al","date":"19 de novembro de 2010","format":false,"excerpt":"Com informa\u00e7\u00f5es da ag\u00eancia da ZenitReflex\u00e3o e ora\u00e7\u00e3o acontecem hoje no VaticanoCardeais da Santa Igreja Romana e,ao centro, prelados rec\u00e9m-nomeados para o Senado papalAntes de acontecer amanh\u00e3 o terceiro consist\u00f3rio do pontificado do Papa Bento XVI, os cardeais de todo o mundo foram convocados para um dia de reuni\u00e3o com\u2026","rel":"","context":"Em &quot;Sem categoria&quot;","block_context":{"text":"Sem categoria","link":"https:\/\/diretodasacristia.com\/home\/c\/sem-categoria\/"},"img":{"alt_text":"","src":"","width":0,"height":0},"classes":[]},{"id":2490,"url":"https:\/\/diretodasacristia.com\/home\/sem-categoria\/o-senado-de-bento-xvi-parte-22-2\/","url_meta":{"origin":127,"position":1},"title":"O Senado de Bento XVI &#8211; Parte 2\/2","author":"E. Mar\u00e7al","date":"19 de novembro de 2010","format":false,"excerpt":"Continuando o nosso texto sobre o Sacro Col\u00e9gio, tomaremos ci\u00eancia de como \u00e9 organizado o mesmo e quais seus tarefas na Santa Igreja. Nem sempre o Col\u00e9gio teve as mesmas fun\u00e7\u00f5es e os mesmos t\u00edtulos. Dando prosseguimento \u00e0s reflex\u00f5es, n\u00e3o procrastinemos e nos coloquemos de imediato neste trabalho quase que\u2026","rel":"","context":"Em &quot;Sem categoria&quot;","block_context":{"text":"Sem categoria","link":"https:\/\/diretodasacristia.com\/home\/c\/sem-categoria\/"},"img":{"alt_text":"","src":"","width":0,"height":0},"classes":[]},{"id":3738,"url":"https:\/\/diretodasacristia.com\/home\/cardeais\/novos-cardeais-em-24-de-novembro\/","url_meta":{"origin":127,"position":2},"title":"Novos cardeais em 24 de novembro","author":"E. Mar\u00e7al","date":"24 de outubro de 2012","format":false,"excerpt":"Bento XVI inesperadamente anunciou na manh\u00e3 de hoje a cria\u00e7\u00e3o de 6 novos cardeais em um consist\u00f3rio p\u00fablico no pr\u00f3ximo dia 24 de novembro. Quinto consist\u00f3rio do atual pontificado, \u00e9 a primeira vez que dois s\u00e3o celebrados no mesmo ano, dado que em 18 de fevereiro passado 22 cardeais foram\u2026","rel":"","context":"Em &quot;Cardeais&quot;","block_context":{"text":"Cardeais","link":"https:\/\/diretodasacristia.com\/home\/c\/cardeais\/"},"img":{"alt_text":"","src":"https:\/\/i0.wp.com\/diretodasacristia.com\/home\/wp-content\/uploads\/2012\/10\/James-Harvey.jpg?resize=350%2C200","width":350,"height":200},"classes":[]},{"id":2541,"url":"https:\/\/diretodasacristia.com\/home\/sem-categoria\/consistorio-publico-de-cardeais-previsto-para-novembro-2\/","url_meta":{"origin":127,"position":3},"title":"Consist\u00f3rio p\u00fablico de cardeais previsto para novembro","author":"E. Mar\u00e7al","date":"8 de setembro de 2010","format":false,"excerpt":"Trechos do Fratres in unumIminente consist\u00f3rio p\u00fablico de cria\u00e7\u00e3o de CardeaisPadres Cardeais em cerim\u00f4nia na Patriarcal Bas\u00edlica de S\u00e3o PedroProvavelmente, o Papa Bento XVI anuncie durante o S\u00ednodo dos Bispos para o M\u00e9dio Oriente um novo consist\u00f3rio p\u00fablico para a cria\u00e7\u00e3o de cardeais a acontecer, conforme a tradi\u00e7\u00e3o, um m\u00eas\u2026","rel":"","context":"Em &quot;Sem categoria&quot;","block_context":{"text":"Sem categoria","link":"https:\/\/diretodasacristia.com\/home\/c\/sem-categoria\/"},"img":{"alt_text":"","src":"","width":0,"height":0},"classes":[]},{"id":4455,"url":"https:\/\/diretodasacristia.com\/home\/bento-xvi\/a-vida-de-bento-xvi-em-filme\/","url_meta":{"origin":127,"position":4},"title":"A vida de Bento XVI em filme","author":"E. Mar\u00e7al","date":"2 de junho de 2015","format":false,"excerpt":"\"Pontifex\" (\"Pont\u00edfice\", em latim) ser\u00e1 o t\u00edtulo da produ\u00e7\u00e3o, para ser lan\u00e7ada no segundo semestre de 2016. Assim o anunciou hoje, em Munique, o porta-voz da produtora cinematogr\u00e1fica Pantaleon. Matthias Schweigh\u00f6fer, o ator que interpretar\u00e1 Bento XVI \u00a9 Imagem:\u00a0Getty Images O filme ser\u00e1 baseado na biografia escrita pelo jornalista alem\u00e3o\u2026","rel":"","context":"Em &quot;Bento XVI&quot;","block_context":{"text":"Bento XVI","link":"https:\/\/diretodasacristia.com\/home\/c\/bento-xvi\/"},"img":{"alt_text":"","src":"https:\/\/i0.wp.com\/diretodasacristia.com\/home\/wp-content\/uploads\/2015\/06\/Matthias-Schweigh%C3%B6fer-Getty.jpg?resize=350%2C200","width":350,"height":200,"srcset":"https:\/\/i0.wp.com\/diretodasacristia.com\/home\/wp-content\/uploads\/2015\/06\/Matthias-Schweigh%C3%B6fer-Getty.jpg?resize=350%2C200 1x, https:\/\/i0.wp.com\/diretodasacristia.com\/home\/wp-content\/uploads\/2015\/06\/Matthias-Schweigh%C3%B6fer-Getty.jpg?resize=525%2C300 1.5x"},"classes":[]},{"id":1706,"url":"https:\/\/diretodasacristia.com\/home\/bento-xvi\/onomastico-de-bento-xvi\/","url_meta":{"origin":127,"position":5},"title":"Onom\u00e1stico de Bento XVI","author":"E. Mar\u00e7al","date":"19 de mar\u00e7o de 2012","format":false,"excerpt":"Como \u00e9 costume no Vaticano n\u00e3o comemorar o anivers\u00e1rio natal\u00edcio mas sim o onom\u00e1stico, hoje, dia do Patrono da Igreja universal, foi o do Papa Bento XVI. Bento XVI e o primeiro-ministro italiano Mario Monti em uma audi\u00eancia privada no Vaticano Segundo informa um comunicado da Sala de Imprensa da\u2026","rel":"","context":"Em &quot;Bento XVI&quot;","block_context":{"text":"Bento XVI","link":"https:\/\/diretodasacristia.com\/home\/c\/bento-xvi\/"},"img":{"alt_text":"","src":"https:\/\/i0.wp.com\/diretodasacristia.com\/home\/wp-content\/uploads\/2012\/03\/Bento-XVI-Mario-Monti-e1332203152178.jpg?resize=350%2C200&ssl=1","width":350,"height":200},"classes":[]}],"post_mailing_queue_ids":[],"_links":{"self":[{"href":"https:\/\/diretodasacristia.com\/home\/wp-json\/wp\/v2\/posts\/127","targetHints":{"allow":["GET"]}}],"collection":[{"href":"https:\/\/diretodasacristia.com\/home\/wp-json\/wp\/v2\/posts"}],"about":[{"href":"https:\/\/diretodasacristia.com\/home\/wp-json\/wp\/v2\/types\/post"}],"author":[{"embeddable":true,"href":"https:\/\/diretodasacristia.com\/home\/wp-json\/wp\/v2\/users\/3"}],"replies":[{"embeddable":true,"href":"https:\/\/diretodasacristia.com\/home\/wp-json\/wp\/v2\/comments?post=127"}],"version-history":[{"count":0,"href":"https:\/\/diretodasacristia.com\/home\/wp-json\/wp\/v2\/posts\/127\/revisions"}],"wp:attachment":[{"href":"https:\/\/diretodasacristia.com\/home\/wp-json\/wp\/v2\/media?parent=127"}],"wp:term":[{"taxonomy":"category","embeddable":true,"href":"https:\/\/diretodasacristia.com\/home\/wp-json\/wp\/v2\/categories?post=127"},{"taxonomy":"post_tag","embeddable":true,"href":"https:\/\/diretodasacristia.com\/home\/wp-json\/wp\/v2\/tags?post=127"}],"curies":[{"name":"wp","href":"https:\/\/api.w.org\/{rel}","templated":true}]}}