{"id":1327,"date":"2012-03-02T17:16:22","date_gmt":"2012-03-02T20:16:22","guid":{"rendered":"http:\/\/diretodasacristia.com\/home\/?p=1327"},"modified":"2012-03-11T10:32:26","modified_gmt":"2012-03-11T13:32:26","slug":"as-vestes-liturgicas","status":"publish","type":"post","link":"https:\/\/diretodasacristia.com\/home\/liturgia\/as-vestes-liturgicas\/","title":{"rendered":"As vestes lit\u00fargicas"},"content":{"rendered":"<p style=\"text-align: justify;\"><a href=\"https:\/\/diretodasacristia.com\/home\/wp-content\/uploads\/2012\/03\/Casula-e1330722192641.jpg\"><br \/>\n<\/a>Algumas pessoas pediram uma explica\u00e7\u00e3o sobre a origem e o significado das vestes lit\u00fargicas. H\u00e1 a cl\u00e1ssica explica\u00e7\u00e3o que encontramos nos manuais, entretanto, achei por bem publicar aqui trechos de uma \u201caula\u201d proferida pelo Santo Padre Bento XVI durante uma homilia na Missa Crismal (Missa da manh\u00e3 da Quinta feira Santa) do ano de 2007.<\/p>\n<p style=\"text-align: center;\"><a href=\"https:\/\/diretodasacristia.com\/home\/wp-content\/uploads\/2012\/03\/Incensa\u00e7\u00e3o-altar-dois-di\u00e1conos.jpg\"><img loading=\"lazy\" decoding=\"async\" class=\"aligncenter  wp-image-1348\" title=\"Di\u00e1conos incensam altar Bas\u00edlica Vaticana\" src=\"https:\/\/diretodasacristia.com\/home\/wp-content\/uploads\/2012\/03\/Incensa\u00e7\u00e3o-altar-dois-di\u00e1conos.jpg\" alt=\"\" width=\"427\" height=\"284\" srcset=\"https:\/\/diretodasacristia.com\/home\/wp-content\/uploads\/2012\/03\/Incensa\u00e7\u00e3o-altar-dois-di\u00e1conos.jpg 610w, https:\/\/diretodasacristia.com\/home\/wp-content\/uploads\/2012\/03\/Incensa\u00e7\u00e3o-altar-dois-di\u00e1conos-300x199.jpg 300w\" sizes=\"auto, (max-width: 427px) 100vw, 427px\" \/><\/a><em><br \/>\nDi\u00e1conos incensam altar durante o <\/em>Magnificat<br \/>\n<em> das I V\u00e9speras do I Domingo do Advento<\/em><\/p>\n<p style=\"text-align: justify;\">\u201c(&#8230;) na administra\u00e7\u00e3o dos Sacramentos, o sacerdote age e fala agora &#8220;<em>in persona Christi<\/em>&#8220;. Nos sagrados mist\u00e9rios ele n\u00e3o se representa a si mesmo e n\u00e3o fala expressando-se a si mesmo, mas fala pelo Outro, por Cristo. Assim nos Sacramentos torna-se vis\u00edvel de modo dram\u00e1tico o que significa em geral ser sacerdote; o que expressamos com o nosso \u2018Adsum, estou pronto\u2019, durante a consagra\u00e7\u00e3o sacerdotal: eu estou aqui para que possas dispor de mim.<\/p>\n<p style=\"text-align: justify;\">\u201c<em>In persona Christi<\/em>&#8221; no momento da Ordena\u00e7\u00e3o sacerdotal, a Igreja tornou-nos vis\u00edvel e alcan\u00e7\u00e1vel esta realidade das &#8220;vestes novas&#8221; tamb\u00e9m externamente mediante o fato de termos sido revestidos com os paramentos lit\u00fargicos. Neste gesto exterior ela deseja tornar-nos evidente o acontecimento interior e a tarefa que nos vem dele: revestir-nos de Cristo, entregar-nos a Ele como Ele se doou a n\u00f3s. Este evento, o \u2018revestir-se de Cristo\u2019, \u00e9 representado sempre de novo em cada Santa Missa mediante o revestir-nos dos paramentos lit\u00fargicos. (&#8230;) O fato de estarmos no altar, vestidos com os paramentos lit\u00fargicos, deve tornar claramente vis\u00edvel aos presentes e a n\u00f3s pr\u00f3prios que estamos ali \u2018na pessoa do Outro\u2019. (&#8230;) Portanto, queridos irm\u00e3os, gostaria de explicar nesta Quinta-feira Santa a ess\u00eancia do minist\u00e9rio sacerdotal interpretando os paramentos lit\u00fargicos\u201d. (&#8230;)<\/p>\n<p style=\"text-align: justify;\"><strong>O amito<\/strong>: Ret\u00e2ngulo de tecido branco que o sacerdote coloca sobre os ombros e em torno do pesco\u00e7o.<\/p>\n<p style=\"text-align: center;\"><a href=\"https:\/\/diretodasacristia.com\/home\/wp-content\/uploads\/2012\/03\/Paramenta\u00e7\u00e3o-amito-Dom-Fernando-Rifan.jpg\"><img loading=\"lazy\" decoding=\"async\" class=\"aligncenter  wp-image-1349\" title=\"Paramenta\u00e7\u00e3o amito Dom Fernando Rifan\" src=\"https:\/\/diretodasacristia.com\/home\/wp-content\/uploads\/2012\/03\/Paramenta\u00e7\u00e3o-amito-Dom-Fernando-Rifan.jpg\" alt=\"\" width=\"502\" height=\"335\" srcset=\"https:\/\/diretodasacristia.com\/home\/wp-content\/uploads\/2012\/03\/Paramenta\u00e7\u00e3o-amito-Dom-Fernando-Rifan.jpg 1024w, https:\/\/diretodasacristia.com\/home\/wp-content\/uploads\/2012\/03\/Paramenta\u00e7\u00e3o-amito-Dom-Fernando-Rifan-300x200.jpg 300w\" sizes=\"auto, (max-width: 502px) 100vw, 502px\" \/><\/a><\/p>\n<p style=\"text-align: center;\"><em>Sua Ex.cia Dom Fernando Rifan imp\u00f5e-se o amito durante paramenta\u00e7\u00e3o<\/em><br \/>\n<em>para a celebra\u00e7\u00e3o de V\u00e9speras Solenes nos EUA\u00a0<\/em><\/p>\n<p style=\"text-align: justify;\">\u201cNo passado e nas ordens mon\u00e1sticas ainda hoje ele era colocado primeiro sobre a cabe\u00e7a, como uma esp\u00e9cie de capuz, tornando-se assim um s\u00edmbolo da disciplina dos sentidos e do pensamento necess\u00e1rio para uma justa celebra\u00e7\u00e3o da Santa Missa. Os pensamentos n\u00e3o devem vaguear aqui e ali por detr\u00e1s das preocupa\u00e7\u00f5es e das expectativas da vida quotidiana; (&#8230;) E o olhar do meu cora\u00e7\u00e3o deve estar dirigido para o Senhor que est\u00e1 no meio de n\u00f3s (&#8230;)\u201d.<\/p>\n<p style=\"text-align: justify;\"><strong>A alva e a estola<\/strong>: a alva \u00e9 a veste branca que desce at\u00e9 os p\u00e9s (veste talar). \u201cE a veste comum aos ministros de qualquer grau\u201d (Intru\u00e7\u00e3o Geral do Missal Romano). A estola \u00e9 uma faixa de tecido da mesma cor da casula que o sacerdote tr\u00e1s em torno do pesco\u00e7o deixando pender as pontas diante do peito. O Di\u00e1cono usa a estola a tiracolo sobre o ombro esquerdo. A Estola simboliza a autoridade espiritual do sacerdote.<\/p>\n<p style=\"text-align: center;\"><a href=\"https:\/\/diretodasacristia.com\/home\/wp-content\/uploads\/2012\/03\/Bento-XVI-alva-c\u00edngulo-estola-cerimoni\u00e1rios-descendo-escadas-Adora\u00e7\u00e3o-Cruz-Sexta-feira-Paix\u00e3o.jpg\"><img loading=\"lazy\" decoding=\"async\" class=\"aligncenter  wp-image-1350\" title=\"Bento XVI Adora\u00e7\u00e3o Cruz Sexta-feira Paix\u00e3o\" src=\"https:\/\/diretodasacristia.com\/home\/wp-content\/uploads\/2012\/03\/Bento-XVI-alva-c\u00edngulo-estola-cerimoni\u00e1rios-descendo-escadas-Adora\u00e7\u00e3o-Cruz-Sexta-feira-Paix\u00e3o.jpg\" alt=\"\" width=\"420\" height=\"486\" srcset=\"https:\/\/diretodasacristia.com\/home\/wp-content\/uploads\/2012\/03\/Bento-XVI-alva-c\u00edngulo-estola-cerimoni\u00e1rios-descendo-escadas-Adora\u00e7\u00e3o-Cruz-Sexta-feira-Paix\u00e3o.jpg 600w, https:\/\/diretodasacristia.com\/home\/wp-content\/uploads\/2012\/03\/Bento-XVI-alva-c\u00edngulo-estola-cerimoni\u00e1rios-descendo-escadas-Adora\u00e7\u00e3o-Cruz-Sexta-feira-Paix\u00e3o-258x300.jpg 258w\" sizes=\"auto, (max-width: 420px) 100vw, 420px\" \/><\/a><\/p>\n<p style=\"text-align: justify;\">\u201cEvocam a veste dominical que o pai ofereceu ao filho pr\u00f3digo quando regressou a casa esfarrapado e sujo. Quando nos aproximamos da liturgia para agir na pessoa de Cristo todos nos apercebemos de quanto estamos longe d&#8217;Ele; quanta sujeira existe na nossa vida. S\u00f3 Ele nos pode dar a veste dominical, tornar-nos dignos de presidir \u00e0 sua mesa, de estar ao seu servi\u00e7o. (&#8230;) Ao vestir a alva dever\u00edamos recordar-nos: Ele sofreu tamb\u00e9m por mim. E s\u00f3 porque o seu amor \u00e9 maior do que todos os meus pecados, posso represent\u00e1-lo e ser testemunha da sua luz.<\/p>\n<p style=\"text-align: justify;\"><strong>O c\u00edngulo<\/strong>: o sacerdote cinge-se com o c\u00edngulo, cord\u00e3o branco, ou da cor dos paramentos. S\u00edmbolo da castidade e da luta contra as paix\u00f5es desregradas. Est\u00e3o representadas no c\u00edngulo as cordas com as quais as m\u00e3os de Nosso Senhor Jesus Cristo foram amarradas.<\/p>\n<p style=\"text-align: center;\"><a href=\"https:\/\/diretodasacristia.com\/home\/wp-content\/uploads\/2012\/03\/Liturgia3.jpg\"><img loading=\"lazy\" decoding=\"async\" class=\"aligncenter  wp-image-1328\" title=\"C\u00edngulo\" src=\"https:\/\/diretodasacristia.com\/home\/wp-content\/uploads\/2012\/03\/Liturgia3.jpg\" alt=\"Sacerdote imp\u00f5e-se c\u00edngulo\" width=\"336\" height=\"448\" srcset=\"https:\/\/diretodasacristia.com\/home\/wp-content\/uploads\/2012\/03\/Liturgia3.jpg 480w, https:\/\/diretodasacristia.com\/home\/wp-content\/uploads\/2012\/03\/Liturgia3-225x300.jpg 225w\" sizes=\"auto, (max-width: 336px) 100vw, 336px\" \/><\/a><\/p>\n<p style=\"text-align: justify;\"><strong>A casula (pequena casa)<\/strong>: \u00c9 a veste oficial do sacerdote. Na sua origem era um grande manto em forma de sino ou tenda com uma abertura para a cabe\u00e7a. Com o passar do tempo foi sendo modificada at\u00e9 chegar na que atualmente \u00e9 usada. Suas cores mudam de acordo com o tempo lit\u00fargico.<\/p>\n<p style=\"text-align: center;\"><a href=\"https:\/\/diretodasacristia.com\/home\/wp-content\/uploads\/2012\/03\/Sr_Joao_Casula_22.jpg\"><img loading=\"lazy\" decoding=\"async\" class=\"aligncenter  wp-image-1340\" title=\"Casula dourada\" src=\"https:\/\/diretodasacristia.com\/home\/wp-content\/uploads\/2012\/03\/Sr_Joao_Casula_22-680x1024.jpg\" alt=\"Mons. Jo\u00e3o Cl\u00e1 2005\" width=\"381\" height=\"574\" srcset=\"https:\/\/diretodasacristia.com\/home\/wp-content\/uploads\/2012\/03\/Sr_Joao_Casula_22-680x1024.jpg 680w, https:\/\/diretodasacristia.com\/home\/wp-content\/uploads\/2012\/03\/Sr_Joao_Casula_22-199x300.jpg 199w, https:\/\/diretodasacristia.com\/home\/wp-content\/uploads\/2012\/03\/Sr_Joao_Casula_22.jpg 800w\" sizes=\"auto, (max-width: 381px) 100vw, 381px\" \/><\/a><\/p>\n<p style=\"text-align: justify;\">\u201c(&#8230;) [Simboliza] o jugo do Senhor que a n\u00f3s sacerdotes foi imposto. E recorda a palavra de Jesus que nos convida a carregar o seu jugo e a aprender d&#8217;Ele, que \u00e9 \u2018manso e humilde de cora\u00e7\u00e3o\u2019 (Mt 11, 29).<\/p>\n<p style=\"text-align: justify;\">\u201c(&#8230;) \u00c0s vezes gostar\u00edamos de dizer a Jesus: Senhor, o teu jugo n\u00e3o \u00e9 minimamente leve. Ali\u00e1s, \u00e9 tremendamente pesado neste mundo. Mas olhando depois para Ele que carregou tudo que em si sentiu a obedi\u00eancia, a debilidade, o sofrimento, toda a escurid\u00e3o, ent\u00e3o estas nossas lamenta\u00e7\u00f5es dissipam-se. O seu jugo \u00e9 o de amar com Ele. Quanto mais amarmos, e com Ele nos tornarmos pessoas que amam, tanto mais leve se tornar\u00e1 para n\u00f3s o seu jugo aparentemente pesado.<\/p>\n<p style=\"text-align: justify;\">Nesta mesma homilia, o Santo Padre comentava: &#8220;Revestir-se com as vestes sacerdotais outrora acompanhava-se com as ora\u00e7\u00f5es que nos ajudam a compreender melhor cada um dos elementos do minist\u00e9rio sacerdotal.&#8221; A seguir, disponibilizamos aos nossos leitores estas ora\u00e7\u00f5es .<\/p>\n<p style=\"text-align: justify;\"><strong>Enquanto se lava as m\u00e3os:<\/strong><\/p>\n<p style=\"text-align: justify;\"><em>Da, Domine, virtutem manibus meis ad abstergendam omnem maculam, ut sine pollutione mentis e corporis valeam tibi servire.<\/em><\/p>\n<p style=\"text-align: justify;\">&#8220;\u00d3 Senhor, dai fortaleza \u00e0s minhas m\u00e3os para limp\u00e1-las de toda a mancha, assim possa eu servir-Vos com pureza de mente e de corpo&#8221;.<\/p>\n<p style=\"text-align: justify;\"><strong>Enquanto se p\u00f5e o amito:<\/strong><\/p>\n<p style=\"text-align: justify;\"><em>Impone, Domine, capiti meo galeam salutis, ad expugnandos diabolicos incursus.<\/em><\/p>\n<p style=\"text-align: justify;\">&#8220;Imponde, \u00f3 Senhor, na minha cabe\u00e7a o elmo da salva\u00e7\u00e3o, para me defender dos golpes do dem\u00f4nio&#8221;.<\/p>\n<p style=\"text-align: justify;\"><strong>Enquanto se veste a alva:<\/strong><\/p>\n<p style=\"text-align: justify;\"><em>Dealba me, Domine, et munda cor meum; ut, in sanguine Agni dealbatus, gaudiis perfruar sempiternis.<\/em><\/p>\n<p style=\"text-align: justify;\">&#8220;Purificai-me, \u00f3 Senhor, e limpai meu cora\u00e7\u00e3o para que, purificado pelo Sangue do Cordeiro, possa eu gozar da felicidade eterna&#8221;.<\/p>\n<p style=\"text-align: justify;\"><strong>Enquanto se cinge com o c\u00edngulo:<\/strong><\/p>\n<p style=\"text-align: justify;\"><em>Pr\u00e6cinge me, Domine, cingulo puritatis, et extingue in lumbis meis humorem libidinis; ut maneat in me virtus continenti\u00e6 et castitatis.<\/em><\/p>\n<p style=\"text-align: justify;\">&#8220;Cingi-me, \u00f3 Senhor, com o c\u00edngulo da pureza e extingui meus desejos carnais, para que permane\u00e7am em mim a contin\u00eancia e a castidade&#8221;.<\/p>\n<p style=\"text-align: justify;\"><strong>Enquanto se p\u00f5e a estola:<\/strong><\/p>\n<p style=\"text-align: justify;\"><em>Redde mihi, Domine, stolam immortalitatis, quam perdidi in pr\u00e6varicatione primi parentis; Et, quamvis indignus accedo ad tuum sacrum mysterium, mercar tamen gaudium sempiternum.<\/em><\/p>\n<p style=\"text-align: justify;\">&#8220;\u00d3 Senhor, restaurai em mim a estola da imortalidade, que perdi pela desobedi\u00eancia de meus primeiros pais, , indigno como sou de me aproximar e vossos sagrados mist\u00e9rios, possa eu alcan\u00e7ar o gozo eterno&#8221;.<\/p>\n<p style=\"text-align: justify;\"><strong>Enquanto o sacerdote veste a casula:<\/strong><\/p>\n<p style=\"text-align: justify;\"><em>Domine, qui dixisti: jugum meum suave est et onus meum leve: fac, ut istud portare sic valeam, quod consequar tuam gratiam. Amen.<\/em><\/p>\n<p style=\"text-align: justify;\">&#8220;\u00d3 Senhor, que dissestes: \u2018Meu jugo suave e meu peso \u00e9 leve\u2019, fazei que eu seja capaz de levar esta vestimenta dignamente para alcan\u00e7ar a vossa Gra\u00e7a. Am\u00e9m &#8220;.<\/p>\n","protected":false},"excerpt":{"rendered":"Algumas pessoas pediram uma explica\u00e7\u00e3o sobre a origem e o significado das vestes lit\u00fargicas. H\u00e1 a cl\u00e1ssica explica\u00e7\u00e3o que encontramos nos manuais, entretanto, achei por bem publicar aqui trechos de uma \u201caula\u201d proferida pelo Santo Padre Bento XVI durante uma homilia na Missa Crismal (Missa da manh\u00e3 da Quinta feira Santa) do ano de 2007&#8230;. <a class=\"view-article\" href=\"https:\/\/diretodasacristia.com\/home\/liturgia\/as-vestes-liturgicas\/\">Ver artigo<\/a>","protected":false},"author":3,"featured_media":0,"comment_status":"open","ping_status":"open","sticky":false,"template":"","format":"standard","meta":{"jetpack_post_was_ever_published":false,"_jetpack_newsletter_access":"","_jetpack_dont_email_post_to_subs":false,"_jetpack_newsletter_tier_id":0,"_jetpack_memberships_contains_paywalled_content":false,"_jetpack_memberships_contains_paid_content":false,"_joinchat":[],"footnotes":"","jetpack_publicize_message":"","jetpack_publicize_feature_enabled":true,"jetpack_social_post_already_shared":false,"jetpack_social_options":{"image_generator_settings":{"template":"highway","default_image_id":0,"font":"","enabled":false},"version":2}},"categories":[20],"tags":[119,97],"class_list":["post-1327","post","type-post","status-publish","format-standard","hentry","category-liturgia","tag-oracoes-paramentacao","tag-paramentos"],"yoast_head":"<!-- This site is optimized with the Yoast SEO plugin v27.4 - https:\/\/yoast.com\/product\/yoast-seo-wordpress\/ -->\n<title>As vestes lit\u00fargicas - Direto da Sacristia<\/title>\n<meta name=\"robots\" content=\"index, follow, max-snippet:-1, max-image-preview:large, max-video-preview:-1\" \/>\n<link rel=\"canonical\" href=\"https:\/\/diretodasacristia.com\/home\/liturgia\/as-vestes-liturgicas\/\" \/>\n<meta property=\"og:locale\" content=\"pt_BR\" \/>\n<meta property=\"og:type\" content=\"article\" \/>\n<meta property=\"og:title\" content=\"As vestes lit\u00fargicas - Direto da Sacristia\" \/>\n<meta property=\"og:description\" content=\"Algumas pessoas pediram uma explica\u00e7\u00e3o sobre a origem e o significado das vestes lit\u00fargicas. H\u00e1 a cl\u00e1ssica explica\u00e7\u00e3o que encontramos nos manuais, entretanto, achei por bem publicar aqui trechos de uma \u201caula\u201d proferida pelo Santo Padre Bento XVI durante uma homilia na Missa Crismal (Missa da manh\u00e3 da Quinta feira Santa) do ano de 2007.... Ver artigo\" \/>\n<meta property=\"og:url\" content=\"https:\/\/diretodasacristia.com\/home\/liturgia\/as-vestes-liturgicas\/\" \/>\n<meta property=\"og:site_name\" content=\"Direto da Sacristia\" \/>\n<meta property=\"article:publisher\" content=\"https:\/\/www.facebook.com\/DiretoSacristia\" \/>\n<meta property=\"article:published_time\" content=\"2012-03-02T20:16:22+00:00\" \/>\n<meta property=\"article:modified_time\" content=\"2012-03-11T13:32:26+00:00\" \/>\n<meta property=\"og:image\" content=\"http:\/\/diretodasacristia.com\/home\/wp-content\/uploads\/2012\/03\/Liturgia3.jpg\" \/>\n<meta name=\"author\" content=\"E. Mar\u00e7al\" \/>\n<meta name=\"twitter:card\" content=\"summary_large_image\" \/>\n<meta name=\"twitter:creator\" content=\"@diretosacristia\" \/>\n<meta name=\"twitter:site\" content=\"@diretosacristia\" \/>\n<meta name=\"twitter:label1\" content=\"Escrito por\" \/>\n\t<meta name=\"twitter:data1\" content=\"E. Mar\u00e7al\" \/>\n\t<meta name=\"twitter:label2\" content=\"Est. tempo de leitura\" \/>\n\t<meta name=\"twitter:data2\" content=\"6 minutos\" \/>\n<script type=\"application\/ld+json\" class=\"yoast-schema-graph\">{\"@context\":\"https:\\\/\\\/schema.org\",\"@graph\":[{\"@type\":\"Article\",\"@id\":\"https:\\\/\\\/diretodasacristia.com\\\/home\\\/liturgia\\\/as-vestes-liturgicas\\\/#article\",\"isPartOf\":{\"@id\":\"https:\\\/\\\/diretodasacristia.com\\\/home\\\/liturgia\\\/as-vestes-liturgicas\\\/\"},\"author\":{\"name\":\"E. Mar\u00e7al\",\"@id\":\"https:\\\/\\\/diretodasacristia.com\\\/home\\\/#\\\/schema\\\/person\\\/3d453ef1f7d57c0bb0990b8070642721\"},\"headline\":\"As vestes lit\u00fargicas\",\"datePublished\":\"2012-03-02T20:16:22+00:00\",\"dateModified\":\"2012-03-11T13:32:26+00:00\",\"mainEntityOfPage\":{\"@id\":\"https:\\\/\\\/diretodasacristia.com\\\/home\\\/liturgia\\\/as-vestes-liturgicas\\\/\"},\"wordCount\":1177,\"commentCount\":2,\"publisher\":{\"@id\":\"https:\\\/\\\/diretodasacristia.com\\\/home\\\/#organization\"},\"image\":{\"@id\":\"https:\\\/\\\/diretodasacristia.com\\\/home\\\/liturgia\\\/as-vestes-liturgicas\\\/#primaryimage\"},\"thumbnailUrl\":\"http:\\\/\\\/diretodasacristia.com\\\/home\\\/wp-content\\\/uploads\\\/2012\\\/03\\\/Liturgia3.jpg\",\"keywords\":[\"Ora\u00e7\u00f5es paramenta\u00e7\u00e3o\",\"Paramentos\"],\"articleSection\":[\"Liturgia\"],\"inLanguage\":\"pt-BR\",\"potentialAction\":[{\"@type\":\"CommentAction\",\"name\":\"Comment\",\"target\":[\"https:\\\/\\\/diretodasacristia.com\\\/home\\\/liturgia\\\/as-vestes-liturgicas\\\/#respond\"]}]},{\"@type\":\"WebPage\",\"@id\":\"https:\\\/\\\/diretodasacristia.com\\\/home\\\/liturgia\\\/as-vestes-liturgicas\\\/\",\"url\":\"https:\\\/\\\/diretodasacristia.com\\\/home\\\/liturgia\\\/as-vestes-liturgicas\\\/\",\"name\":\"As vestes lit\u00fargicas - Direto da Sacristia\",\"isPartOf\":{\"@id\":\"https:\\\/\\\/diretodasacristia.com\\\/home\\\/#website\"},\"primaryImageOfPage\":{\"@id\":\"https:\\\/\\\/diretodasacristia.com\\\/home\\\/liturgia\\\/as-vestes-liturgicas\\\/#primaryimage\"},\"image\":{\"@id\":\"https:\\\/\\\/diretodasacristia.com\\\/home\\\/liturgia\\\/as-vestes-liturgicas\\\/#primaryimage\"},\"thumbnailUrl\":\"http:\\\/\\\/diretodasacristia.com\\\/home\\\/wp-content\\\/uploads\\\/2012\\\/03\\\/Liturgia3.jpg\",\"datePublished\":\"2012-03-02T20:16:22+00:00\",\"dateModified\":\"2012-03-11T13:32:26+00:00\",\"breadcrumb\":{\"@id\":\"https:\\\/\\\/diretodasacristia.com\\\/home\\\/liturgia\\\/as-vestes-liturgicas\\\/#breadcrumb\"},\"inLanguage\":\"pt-BR\",\"potentialAction\":[{\"@type\":\"ReadAction\",\"target\":[\"https:\\\/\\\/diretodasacristia.com\\\/home\\\/liturgia\\\/as-vestes-liturgicas\\\/\"]}]},{\"@type\":\"ImageObject\",\"inLanguage\":\"pt-BR\",\"@id\":\"https:\\\/\\\/diretodasacristia.com\\\/home\\\/liturgia\\\/as-vestes-liturgicas\\\/#primaryimage\",\"url\":\"http:\\\/\\\/diretodasacristia.com\\\/home\\\/wp-content\\\/uploads\\\/2012\\\/03\\\/Liturgia3.jpg\",\"contentUrl\":\"http:\\\/\\\/diretodasacristia.com\\\/home\\\/wp-content\\\/uploads\\\/2012\\\/03\\\/Liturgia3.jpg\"},{\"@type\":\"BreadcrumbList\",\"@id\":\"https:\\\/\\\/diretodasacristia.com\\\/home\\\/liturgia\\\/as-vestes-liturgicas\\\/#breadcrumb\",\"itemListElement\":[{\"@type\":\"ListItem\",\"position\":1,\"name\":\"In\u00edcio\",\"item\":\"https:\\\/\\\/diretodasacristia.com\\\/home\\\/\"},{\"@type\":\"ListItem\",\"position\":2,\"name\":\"As vestes lit\u00fargicas\"}]},{\"@type\":\"WebSite\",\"@id\":\"https:\\\/\\\/diretodasacristia.com\\\/home\\\/#website\",\"url\":\"https:\\\/\\\/diretodasacristia.com\\\/home\\\/\",\"name\":\"Direto da Sacristia\",\"description\":\"Not\u00edcias e artigos sobre a f\u00e9 cat\u00f3lica\",\"publisher\":{\"@id\":\"https:\\\/\\\/diretodasacristia.com\\\/home\\\/#organization\"},\"potentialAction\":[{\"@type\":\"SearchAction\",\"target\":{\"@type\":\"EntryPoint\",\"urlTemplate\":\"https:\\\/\\\/diretodasacristia.com\\\/home\\\/?s={search_term_string}\"},\"query-input\":{\"@type\":\"PropertyValueSpecification\",\"valueRequired\":true,\"valueName\":\"search_term_string\"}}],\"inLanguage\":\"pt-BR\"},{\"@type\":\"Organization\",\"@id\":\"https:\\\/\\\/diretodasacristia.com\\\/home\\\/#organization\",\"name\":\"Direto da Sacristia\",\"url\":\"https:\\\/\\\/diretodasacristia.com\\\/home\\\/\",\"logo\":{\"@type\":\"ImageObject\",\"inLanguage\":\"pt-BR\",\"@id\":\"https:\\\/\\\/diretodasacristia.com\\\/home\\\/#\\\/schema\\\/logo\\\/image\\\/\",\"url\":\"https:\\\/\\\/i0.wp.com\\\/diretodasacristia.com\\\/home\\\/wp-content\\\/uploads\\\/2012\\\/01\\\/marca-sacristia.png?fit=320%2C306&ssl=1\",\"contentUrl\":\"https:\\\/\\\/i0.wp.com\\\/diretodasacristia.com\\\/home\\\/wp-content\\\/uploads\\\/2012\\\/01\\\/marca-sacristia.png?fit=320%2C306&ssl=1\",\"width\":\"320\",\"height\":\"306\",\"caption\":\"Direto da Sacristia\"},\"image\":{\"@id\":\"https:\\\/\\\/diretodasacristia.com\\\/home\\\/#\\\/schema\\\/logo\\\/image\\\/\"},\"sameAs\":[\"https:\\\/\\\/www.facebook.com\\\/DiretoSacristia\",\"https:\\\/\\\/x.com\\\/diretosacristia\",\"https:\\\/\\\/www.instagram.com\\\/diretodasacristia\\\/\",\"https:\\\/\\\/www.youtube.com\\\/diretodasacristia\"]},{\"@type\":\"Person\",\"@id\":\"https:\\\/\\\/diretodasacristia.com\\\/home\\\/#\\\/schema\\\/person\\\/3d453ef1f7d57c0bb0990b8070642721\",\"name\":\"E. Mar\u00e7al\",\"image\":{\"@type\":\"ImageObject\",\"inLanguage\":\"pt-BR\",\"@id\":\"https:\\\/\\\/secure.gravatar.com\\\/avatar\\\/348ff80a5ddde3de6c8b6e0c5b066b733f9245285d9ab87cd2e2ff652ffa95b0?s=96&d=mm&r=g\",\"url\":\"https:\\\/\\\/secure.gravatar.com\\\/avatar\\\/348ff80a5ddde3de6c8b6e0c5b066b733f9245285d9ab87cd2e2ff652ffa95b0?s=96&d=mm&r=g\",\"contentUrl\":\"https:\\\/\\\/secure.gravatar.com\\\/avatar\\\/348ff80a5ddde3de6c8b6e0c5b066b733f9245285d9ab87cd2e2ff652ffa95b0?s=96&d=mm&r=g\",\"caption\":\"E. Mar\u00e7al\"},\"url\":\"https:\\\/\\\/diretodasacristia.com\\\/home\\\/author\\\/erick\\\/\"}]}<\/script>\n<!-- \/ Yoast SEO plugin. -->","yoast_head_json":{"title":"As vestes lit\u00fargicas - Direto da Sacristia","robots":{"index":"index","follow":"follow","max-snippet":"max-snippet:-1","max-image-preview":"max-image-preview:large","max-video-preview":"max-video-preview:-1"},"canonical":"https:\/\/diretodasacristia.com\/home\/liturgia\/as-vestes-liturgicas\/","og_locale":"pt_BR","og_type":"article","og_title":"As vestes lit\u00fargicas - Direto da Sacristia","og_description":"Algumas pessoas pediram uma explica\u00e7\u00e3o sobre a origem e o significado das vestes lit\u00fargicas. H\u00e1 a cl\u00e1ssica explica\u00e7\u00e3o que encontramos nos manuais, entretanto, achei por bem publicar aqui trechos de uma \u201caula\u201d proferida pelo Santo Padre Bento XVI durante uma homilia na Missa Crismal (Missa da manh\u00e3 da Quinta feira Santa) do ano de 2007.... Ver artigo","og_url":"https:\/\/diretodasacristia.com\/home\/liturgia\/as-vestes-liturgicas\/","og_site_name":"Direto da Sacristia","article_publisher":"https:\/\/www.facebook.com\/DiretoSacristia","article_published_time":"2012-03-02T20:16:22+00:00","article_modified_time":"2012-03-11T13:32:26+00:00","og_image":[{"url":"http:\/\/diretodasacristia.com\/home\/wp-content\/uploads\/2012\/03\/Liturgia3.jpg","type":"","width":"","height":""}],"author":"E. Mar\u00e7al","twitter_card":"summary_large_image","twitter_creator":"@diretosacristia","twitter_site":"@diretosacristia","twitter_misc":{"Escrito por":"E. Mar\u00e7al","Est. tempo de leitura":"6 minutos"},"schema":{"@context":"https:\/\/schema.org","@graph":[{"@type":"Article","@id":"https:\/\/diretodasacristia.com\/home\/liturgia\/as-vestes-liturgicas\/#article","isPartOf":{"@id":"https:\/\/diretodasacristia.com\/home\/liturgia\/as-vestes-liturgicas\/"},"author":{"name":"E. Mar\u00e7al","@id":"https:\/\/diretodasacristia.com\/home\/#\/schema\/person\/3d453ef1f7d57c0bb0990b8070642721"},"headline":"As vestes lit\u00fargicas","datePublished":"2012-03-02T20:16:22+00:00","dateModified":"2012-03-11T13:32:26+00:00","mainEntityOfPage":{"@id":"https:\/\/diretodasacristia.com\/home\/liturgia\/as-vestes-liturgicas\/"},"wordCount":1177,"commentCount":2,"publisher":{"@id":"https:\/\/diretodasacristia.com\/home\/#organization"},"image":{"@id":"https:\/\/diretodasacristia.com\/home\/liturgia\/as-vestes-liturgicas\/#primaryimage"},"thumbnailUrl":"http:\/\/diretodasacristia.com\/home\/wp-content\/uploads\/2012\/03\/Liturgia3.jpg","keywords":["Ora\u00e7\u00f5es paramenta\u00e7\u00e3o","Paramentos"],"articleSection":["Liturgia"],"inLanguage":"pt-BR","potentialAction":[{"@type":"CommentAction","name":"Comment","target":["https:\/\/diretodasacristia.com\/home\/liturgia\/as-vestes-liturgicas\/#respond"]}]},{"@type":"WebPage","@id":"https:\/\/diretodasacristia.com\/home\/liturgia\/as-vestes-liturgicas\/","url":"https:\/\/diretodasacristia.com\/home\/liturgia\/as-vestes-liturgicas\/","name":"As vestes lit\u00fargicas - Direto da Sacristia","isPartOf":{"@id":"https:\/\/diretodasacristia.com\/home\/#website"},"primaryImageOfPage":{"@id":"https:\/\/diretodasacristia.com\/home\/liturgia\/as-vestes-liturgicas\/#primaryimage"},"image":{"@id":"https:\/\/diretodasacristia.com\/home\/liturgia\/as-vestes-liturgicas\/#primaryimage"},"thumbnailUrl":"http:\/\/diretodasacristia.com\/home\/wp-content\/uploads\/2012\/03\/Liturgia3.jpg","datePublished":"2012-03-02T20:16:22+00:00","dateModified":"2012-03-11T13:32:26+00:00","breadcrumb":{"@id":"https:\/\/diretodasacristia.com\/home\/liturgia\/as-vestes-liturgicas\/#breadcrumb"},"inLanguage":"pt-BR","potentialAction":[{"@type":"ReadAction","target":["https:\/\/diretodasacristia.com\/home\/liturgia\/as-vestes-liturgicas\/"]}]},{"@type":"ImageObject","inLanguage":"pt-BR","@id":"https:\/\/diretodasacristia.com\/home\/liturgia\/as-vestes-liturgicas\/#primaryimage","url":"http:\/\/diretodasacristia.com\/home\/wp-content\/uploads\/2012\/03\/Liturgia3.jpg","contentUrl":"http:\/\/diretodasacristia.com\/home\/wp-content\/uploads\/2012\/03\/Liturgia3.jpg"},{"@type":"BreadcrumbList","@id":"https:\/\/diretodasacristia.com\/home\/liturgia\/as-vestes-liturgicas\/#breadcrumb","itemListElement":[{"@type":"ListItem","position":1,"name":"In\u00edcio","item":"https:\/\/diretodasacristia.com\/home\/"},{"@type":"ListItem","position":2,"name":"As vestes lit\u00fargicas"}]},{"@type":"WebSite","@id":"https:\/\/diretodasacristia.com\/home\/#website","url":"https:\/\/diretodasacristia.com\/home\/","name":"Direto da Sacristia","description":"Not\u00edcias e artigos sobre a f\u00e9 cat\u00f3lica","publisher":{"@id":"https:\/\/diretodasacristia.com\/home\/#organization"},"potentialAction":[{"@type":"SearchAction","target":{"@type":"EntryPoint","urlTemplate":"https:\/\/diretodasacristia.com\/home\/?s={search_term_string}"},"query-input":{"@type":"PropertyValueSpecification","valueRequired":true,"valueName":"search_term_string"}}],"inLanguage":"pt-BR"},{"@type":"Organization","@id":"https:\/\/diretodasacristia.com\/home\/#organization","name":"Direto da Sacristia","url":"https:\/\/diretodasacristia.com\/home\/","logo":{"@type":"ImageObject","inLanguage":"pt-BR","@id":"https:\/\/diretodasacristia.com\/home\/#\/schema\/logo\/image\/","url":"https:\/\/i0.wp.com\/diretodasacristia.com\/home\/wp-content\/uploads\/2012\/01\/marca-sacristia.png?fit=320%2C306&ssl=1","contentUrl":"https:\/\/i0.wp.com\/diretodasacristia.com\/home\/wp-content\/uploads\/2012\/01\/marca-sacristia.png?fit=320%2C306&ssl=1","width":"320","height":"306","caption":"Direto da Sacristia"},"image":{"@id":"https:\/\/diretodasacristia.com\/home\/#\/schema\/logo\/image\/"},"sameAs":["https:\/\/www.facebook.com\/DiretoSacristia","https:\/\/x.com\/diretosacristia","https:\/\/www.instagram.com\/diretodasacristia\/","https:\/\/www.youtube.com\/diretodasacristia"]},{"@type":"Person","@id":"https:\/\/diretodasacristia.com\/home\/#\/schema\/person\/3d453ef1f7d57c0bb0990b8070642721","name":"E. Mar\u00e7al","image":{"@type":"ImageObject","inLanguage":"pt-BR","@id":"https:\/\/secure.gravatar.com\/avatar\/348ff80a5ddde3de6c8b6e0c5b066b733f9245285d9ab87cd2e2ff652ffa95b0?s=96&d=mm&r=g","url":"https:\/\/secure.gravatar.com\/avatar\/348ff80a5ddde3de6c8b6e0c5b066b733f9245285d9ab87cd2e2ff652ffa95b0?s=96&d=mm&r=g","contentUrl":"https:\/\/secure.gravatar.com\/avatar\/348ff80a5ddde3de6c8b6e0c5b066b733f9245285d9ab87cd2e2ff652ffa95b0?s=96&d=mm&r=g","caption":"E. Mar\u00e7al"},"url":"https:\/\/diretodasacristia.com\/home\/author\/erick\/"}]}},"jetpack_publicize_connections":[],"jetpack_featured_media_url":"","jetpack_sharing_enabled":true,"jetpack_shortlink":"https:\/\/wp.me\/p24aG7-lp","jetpack-related-posts":[{"id":4264,"url":"https:\/\/diretodasacristia.com\/home\/liturgia\/como-abencoar-na-missa\/","url_meta":{"origin":1327,"position":0},"title":"Como aben\u00e7oar na Missa?","author":"E. Mar\u00e7al","date":"30 de novembro de 2014","format":false,"excerpt":"Ou seja, n\u00e3o devem tra\u00e7ar a cruz enquanto dizem a f\u00f3rmula completa da b\u00ean\u00e7\u00e3o final, pronunciando \"Pater et Filius\" enquanto tra\u00e7am a linha vertical e \"et Spiritus Sanctus\" tra\u00e7ando a linha horizontal completa da cruz grega.","rel":"","context":"Em &quot;Destaque&quot;","block_context":{"text":"Destaque","link":"https:\/\/diretodasacristia.com\/home\/c\/destaque\/"},"img":{"alt_text":"","src":"https:\/\/i0.wp.com\/diretodasacristia.com\/home\/wp-content\/uploads\/2014\/11\/Sacerdote-beijo-altar-c%C3%A1lice-missal-casula-man%C3%ADpulo-missa-tridentina-Corpus-Christi-Watershed.jpg?resize=350%2C200","width":350,"height":200,"srcset":"https:\/\/i0.wp.com\/diretodasacristia.com\/home\/wp-content\/uploads\/2014\/11\/Sacerdote-beijo-altar-c%C3%A1lice-missal-casula-man%C3%ADpulo-missa-tridentina-Corpus-Christi-Watershed.jpg?resize=350%2C200 1x, https:\/\/i0.wp.com\/diretodasacristia.com\/home\/wp-content\/uploads\/2014\/11\/Sacerdote-beijo-altar-c%C3%A1lice-missal-casula-man%C3%ADpulo-missa-tridentina-Corpus-Christi-Watershed.jpg?resize=525%2C300 1.5x, https:\/\/i0.wp.com\/diretodasacristia.com\/home\/wp-content\/uploads\/2014\/11\/Sacerdote-beijo-altar-c%C3%A1lice-missal-casula-man%C3%ADpulo-missa-tridentina-Corpus-Christi-Watershed.jpg?resize=700%2C400 2x"},"classes":[]},{"id":4339,"url":"https:\/\/diretodasacristia.com\/home\/heri-et-hodie\/o-bispo-pode-concelebrar-missa\/","url_meta":{"origin":1327,"position":1},"title":"O Bispo pode concelebrar Missa?","author":"E. Mar\u00e7al","date":"26 de fevereiro de 2015","format":false,"excerpt":"A pergunta mant\u00e9m-se com resposta \u00f3bvia at\u00e9 um certo ponto. Mas n\u00e3o: em hip\u00f3tese alguma o Bispo deve concelebrar a Missa presidida por um Presb\u00edtero. Mesmo que inicie a Missa e depois \"passe a sua presid\u00eancia\" para o Sacerdote escolhido. Por duas raz\u00f5es","rel":"","context":"Em &quot;Destaque&quot;","block_context":{"text":"Destaque","link":"https:\/\/diretodasacristia.com\/home\/c\/destaque\/"},"img":{"alt_text":"","src":"https:\/\/i0.wp.com\/diretodasacristia.com\/home\/wp-content\/uploads\/2015\/02\/7.-IMG-20150219-WA0012.jpg?resize=350%2C200","width":350,"height":200,"srcset":"https:\/\/i0.wp.com\/diretodasacristia.com\/home\/wp-content\/uploads\/2015\/02\/7.-IMG-20150219-WA0012.jpg?resize=350%2C200 1x, https:\/\/i0.wp.com\/diretodasacristia.com\/home\/wp-content\/uploads\/2015\/02\/7.-IMG-20150219-WA0012.jpg?resize=525%2C300 1.5x, https:\/\/i0.wp.com\/diretodasacristia.com\/home\/wp-content\/uploads\/2015\/02\/7.-IMG-20150219-WA0012.jpg?resize=700%2C400 2x"},"classes":[]},{"id":4537,"url":"https:\/\/diretodasacristia.com\/home\/hierarquia\/bispo-remove-padre-desobediente-e-o-vaticano-confirma\/","url_meta":{"origin":1327,"position":2},"title":"Bispo remove padre desobediente e o Vaticano confirma","author":"E. Mar\u00e7al","date":"1 de outubro de 2015","format":false,"excerpt":"Na Diocese de Belleville (EUA), um sacerdote do clero local inventava ora\u00e7\u00f5es a gosto pr\u00f3prio e fazia gestos estranhos durante as celebra\u00e7\u00f5es em sua igreja, algo n\u00e3o permitido pela Liturgia, \u00e0 qual ele prometeu obedi\u00eancia no dia de sua ordena\u00e7\u00e3o sacerdotal.","rel":"","context":"Em &quot;Espiritualidade&quot;","block_context":{"text":"Espiritualidade","link":"https:\/\/diretodasacristia.com\/home\/c\/espiritualidade\/"},"img":{"alt_text":"","src":"http:\/\/i0.wp.com\/diretodasacristia.com\/home\/wp-content\/uploads\/2015\/10\/051215Dh-lunch-listen.jpg?resize=350%2C200","width":350,"height":200},"classes":[]},{"id":4060,"url":"https:\/\/diretodasacristia.com\/home\/heri-et-hodie\/todos-podem-usar-solideu\/","url_meta":{"origin":1327,"position":3},"title":"Todos podem usar solid\u00e9u?","author":"E. Mar\u00e7al","date":"16 de junho de 2013","format":false,"excerpt":"Enganaram-se que o renascimento lit\u00fargico na Igreja deveria lan\u00e7ar m\u00e3o a tudo que aparentasse um conservadorismo. Para ser mais claro: passaram a usar o que n\u00e3o deveria ou como n\u00e3o deveriam. E um exemplo disto \u00e9 o solid\u00e9u dentro das celebra\u00e7\u00f5es lit\u00fargicas.","rel":"","context":"Em &quot;Destaque&quot;","block_context":{"text":"Destaque","link":"https:\/\/diretodasacristia.com\/home\/c\/destaque\/"},"img":{"alt_text":"Bispo sentado roquete solid\u00e9u m\u00e3os","src":"https:\/\/i0.wp.com\/diretodasacristia.com\/home\/wp-content\/uploads\/2013\/06\/Bispo-sentado-roquete-solid%C3%A9u-m%C3%A3os.jpg?resize=350%2C200","width":350,"height":200,"srcset":"https:\/\/i0.wp.com\/diretodasacristia.com\/home\/wp-content\/uploads\/2013\/06\/Bispo-sentado-roquete-solid%C3%A9u-m%C3%A3os.jpg?resize=350%2C200 1x, https:\/\/i0.wp.com\/diretodasacristia.com\/home\/wp-content\/uploads\/2013\/06\/Bispo-sentado-roquete-solid%C3%A9u-m%C3%A3os.jpg?resize=525%2C300 1.5x"},"classes":[]},{"id":3779,"url":"https:\/\/diretodasacristia.com\/home\/cronicas-do-vaticano-ii\/6a-congregacao-geral-primeiros-fins-da-reforma-liturgica\/","url_meta":{"origin":1327,"position":4},"title":"6\u00aa Congrega\u00e7\u00e3o Geral: Primeiros fins da reforma lit\u00fargica","author":"E. Mar\u00e7al","date":"24 de outubro de 2012","format":false,"excerpt":"A obra da Reden\u00e7\u00e3o, anunciada no Antigo Testamento, \u00e9 continuada pela Igreja atrav\u00e9s dos s\u00e9culos, n\u00e3o apenas mediante a prega\u00e7\u00e3o do Evangelho, mas tamb\u00e9m por meio dos Sacramentos, para os quais se ordena toda a Liturgia.","rel":"","context":"Em &quot;Cr\u00f4nicas do Vaticano II&quot;","block_context":{"text":"Cr\u00f4nicas do Vaticano II","link":"https:\/\/diretodasacristia.com\/home\/c\/cronicas-do-vaticano-ii\/"},"img":{"alt_text":"","src":"https:\/\/i0.wp.com\/diretodasacristia.com\/home\/wp-content\/uploads\/2012\/10\/Fouad-Twal-Patriarca-Jerusal%C3%A9m-missa-greco-melquita.jpg?resize=350%2C200","width":350,"height":200,"srcset":"https:\/\/i0.wp.com\/diretodasacristia.com\/home\/wp-content\/uploads\/2012\/10\/Fouad-Twal-Patriarca-Jerusal%C3%A9m-missa-greco-melquita.jpg?resize=350%2C200 1x, https:\/\/i0.wp.com\/diretodasacristia.com\/home\/wp-content\/uploads\/2012\/10\/Fouad-Twal-Patriarca-Jerusal%C3%A9m-missa-greco-melquita.jpg?resize=525%2C300 1.5x, https:\/\/i0.wp.com\/diretodasacristia.com\/home\/wp-content\/uploads\/2012\/10\/Fouad-Twal-Patriarca-Jerusal%C3%A9m-missa-greco-melquita.jpg?resize=700%2C400 2x"},"classes":[]},{"id":3431,"url":"https:\/\/diretodasacristia.com\/home\/heri-et-hodie\/muito-alem-do-pano\/","url_meta":{"origin":1327,"position":5},"title":"Muito al\u00e9m do &#8220;pano&#8221;","author":"E. Mar\u00e7al","date":"23 de mar\u00e7o de 2013","format":false,"excerpt":"Apresentamos as ora\u00e7\u00f5es que acompanham a paramenta\u00e7\u00e3o das vestes episcopais e sacerdotais: h\u00e1 por tr\u00e1s algo de espiritual muito maior e mais importante do que a aparente ostenta\u00e7\u00e3o ou luxo de quem s\u00f3 assim interpreta.","rel":"","context":"Em &quot;Destaque&quot;","block_context":{"text":"Destaque","link":"https:\/\/diretodasacristia.com\/home\/c\/destaque\/"},"img":{"alt_text":"Cardeal Burke paramenta\u00e7\u00e3o pontifical","src":"https:\/\/i0.wp.com\/diretodasacristia.com\/home\/wp-content\/uploads\/2013\/03\/Cardeal-Burke-paramenta%C3%A7%C3%A3o-pontifical.jpg?resize=350%2C200","width":350,"height":200,"srcset":"https:\/\/i0.wp.com\/diretodasacristia.com\/home\/wp-content\/uploads\/2013\/03\/Cardeal-Burke-paramenta%C3%A7%C3%A3o-pontifical.jpg?resize=350%2C200 1x, https:\/\/i0.wp.com\/diretodasacristia.com\/home\/wp-content\/uploads\/2013\/03\/Cardeal-Burke-paramenta%C3%A7%C3%A3o-pontifical.jpg?resize=525%2C300 1.5x"},"classes":[]}],"post_mailing_queue_ids":[],"_links":{"self":[{"href":"https:\/\/diretodasacristia.com\/home\/wp-json\/wp\/v2\/posts\/1327","targetHints":{"allow":["GET"]}}],"collection":[{"href":"https:\/\/diretodasacristia.com\/home\/wp-json\/wp\/v2\/posts"}],"about":[{"href":"https:\/\/diretodasacristia.com\/home\/wp-json\/wp\/v2\/types\/post"}],"author":[{"embeddable":true,"href":"https:\/\/diretodasacristia.com\/home\/wp-json\/wp\/v2\/users\/3"}],"replies":[{"embeddable":true,"href":"https:\/\/diretodasacristia.com\/home\/wp-json\/wp\/v2\/comments?post=1327"}],"version-history":[{"count":11,"href":"https:\/\/diretodasacristia.com\/home\/wp-json\/wp\/v2\/posts\/1327\/revisions"}],"predecessor-version":[{"id":1493,"href":"https:\/\/diretodasacristia.com\/home\/wp-json\/wp\/v2\/posts\/1327\/revisions\/1493"}],"wp:attachment":[{"href":"https:\/\/diretodasacristia.com\/home\/wp-json\/wp\/v2\/media?parent=1327"}],"wp:term":[{"taxonomy":"category","embeddable":true,"href":"https:\/\/diretodasacristia.com\/home\/wp-json\/wp\/v2\/categories?post=1327"},{"taxonomy":"post_tag","embeddable":true,"href":"https:\/\/diretodasacristia.com\/home\/wp-json\/wp\/v2\/tags?post=1327"}],"curies":[{"name":"wp","href":"https:\/\/api.w.org\/{rel}","templated":true}]}}