{"id":1385,"date":"2012-03-07T15:49:38","date_gmt":"2012-03-07T18:49:38","guid":{"rendered":"http:\/\/diretodasacristia.com\/home\/?p=1385"},"modified":"2012-03-07T16:37:48","modified_gmt":"2012-03-07T19:37:48","slug":"presidente-da-cei-e-secretario-do-colegio","status":"publish","type":"post","link":"https:\/\/diretodasacristia.com\/home\/curia-romana\/presidente-da-cei-e-secretario-do-colegio\/","title":{"rendered":"Presidente da CEI e Secret\u00e1rio do Col\u00e9gio"},"content":{"rendered":"<p>Do <a href=\"http:\/\/www.news.va\/it\/news\/rinunce-e-nomine-289#CONFERMA DEL PRESIDENTE DELLA CONFERENZA EPISCOPALE ITALIANA\" target=\"_blank\">boletim da Sala de Imprensa da Santa S\u00e9<\/a><\/p>\n<p>&nbsp;<\/p>\n<p style=\"text-align: center;\"><a href=\"https:\/\/diretodasacristia.com\/home\/wp-content\/uploads\/2012\/03\/Angelo-Bagnasco..jpg\"><img loading=\"lazy\" decoding=\"async\" class=\"size-full wp-image-1387 aligncenter\" title=\"Angelo Bagnasco.\" src=\"https:\/\/diretodasacristia.com\/home\/wp-content\/uploads\/2012\/03\/Angelo-Bagnasco..jpg\" alt=\"\" width=\"375\" height=\"255\" \/><\/a><\/p>\n<p style=\"text-align: center;\"><em>Sua Emin\u00eancia Cardeal Bagnasco, 69 anos<br \/>\n<\/em><em>Mesmo sendo de grande confian\u00e7a de Bento XVI, o Cardeal Bertone n\u00e3o foi capaz<\/em><br \/>\n<em>de favorecer um outro nome para a presid\u00eancia da maior confer\u00eancia episcopal do mundo (com 502 membros)<\/em><\/p>\n<p style=\"text-align: justify;\">O Santo Padre Bento XVI confirmou Presidente da Confer\u00eancia Episcopal Italiana, para o pr\u00f3ximo quinqu\u00eanio, Sua Emin\u00eancia Reverend\u00edssima o Senhor Cardeal Angelo Bagnasco, Arcebispo de G\u00eanova.<\/p>\n<p style=\"text-align: justify;\"><em><a href=\"http:\/\/www.ihu.unisinos.br\/noticias\/506345-ocaso-sem-gloria-para-o-cardeal-bertone\" target=\"_blank\">Segundo o vaticanista Sandro Magister<\/a>, quando o Cardeal Bertone foi nomeado em 2006 como Secret\u00e1rio de Estado de Sua Santidade, tentou fazer por onde reformar a c\u00fapula da Confer\u00eancia Episcopal Italiana (CEI) e ter pr\u00f3ximos seus em grandes cargos, como aconteceu no Vaticano. E para impedir que o Cardeal Bagnasco fosse o sucessor do Cardeal Ruini, apresentou um nome de sua confian\u00e7a: Benigno Papa, ent\u00e3o Arcebispo de Taranto, hoje em\u00e9rito. Ap\u00f3s 5 anos de governo, o nome de Bagnasco foi mais uma vez confirmado para esse cargo, nomea\u00e7\u00e3o que depende do pr\u00f3prio Pont\u00edfice e n\u00e3o, portanto, resultado de uma elei\u00e7\u00e3o, como acontece em outras confer\u00eancias episcopais, como a do Brasil.<\/em><\/p>\n<p style=\"text-align: justify;\">Do <a href=\"http:\/\/www.news.va\/it\/news\/rinunce-e-nomine-289#NOMINA DEL SEGRETARIO DEL COLLEGIO CARDINALIZIO\" target=\"_blank\">boletim da Sala de Imprensa da Santa S\u00e9<\/a><\/p>\n<p style=\"text-align: center;\"><a href=\"https:\/\/diretodasacristia.com\/home\/wp-content\/uploads\/2012\/03\/Lorenzo-Baldisseri.jpg\"><img loading=\"lazy\" decoding=\"async\" class=\" wp-image-1388 aligncenter\" title=\"Lorenzo Baldisseri\" src=\"https:\/\/diretodasacristia.com\/home\/wp-content\/uploads\/2012\/03\/Lorenzo-Baldisseri.jpg\" alt=\"\" width=\"358\" height=\"538\" srcset=\"https:\/\/diretodasacristia.com\/home\/wp-content\/uploads\/2012\/03\/Lorenzo-Baldisseri.jpg 640w, https:\/\/diretodasacristia.com\/home\/wp-content\/uploads\/2012\/03\/Lorenzo-Baldisseri-200x300.jpg 200w\" sizes=\"auto, (max-width: 358px) 100vw, 358px\" \/><\/a><\/p>\n<p style=\"text-align: center;\"><em>Sua Ex.cia Mons. Baldisseri acumula mais uma Secretaria vaticana<\/em><\/p>\n<p style=\"text-align: justify;\">O Santo Padre nomeou Secret\u00e1rio do Col\u00e9gio Cardinal\u00edcio Sua Ex.cia <strong>Mons. Lorenzo Baldisseri<\/strong>, Arcebispo titular de <em>Diocletiana<\/em>, Secret\u00e1rio da Congrega\u00e7\u00e3o para os Bispos.<\/p>\n","protected":false},"excerpt":{"rendered":"Do boletim da Sala de Imprensa da Santa S\u00e9 &nbsp; Sua Emin\u00eancia Cardeal Bagnasco, 69 anos Mesmo sendo de grande confian\u00e7a de Bento XVI, o Cardeal Bertone n\u00e3o foi capaz de favorecer um outro nome para a presid\u00eancia da maior confer\u00eancia episcopal do mundo (com 502 membros) O Santo Padre Bento XVI confirmou Presidente da&#8230; <a class=\"view-article\" href=\"https:\/\/diretodasacristia.com\/home\/curia-romana\/presidente-da-cei-e-secretario-do-colegio\/\">Ver artigo<\/a>","protected":false},"author":3,"featured_media":0,"comment_status":"open","ping_status":"open","sticky":false,"template":"","format":"standard","meta":{"jetpack_post_was_ever_published":false,"_jetpack_newsletter_access":"","_jetpack_dont_email_post_to_subs":false,"_jetpack_newsletter_tier_id":0,"_jetpack_memberships_contains_paywalled_content":false,"_jetpack_memberships_contains_paid_content":false,"_joinchat":[],"footnotes":"","jetpack_publicize_message":"","jetpack_publicize_feature_enabled":true,"jetpack_social_post_already_shared":false,"jetpack_social_options":{"image_generator_settings":{"template":"highway","default_image_id":0,"font":"","enabled":false},"version":2}},"categories":[12,24],"tags":[104,103,105],"class_list":["post-1385","post","type-post","status-publish","format-standard","hentry","category-curia-romana","category-noticias","tag-angelo-bagnasco","tag-cei","tag-lorenzo-baldisseri"],"yoast_head":"<!-- This site is optimized with the Yoast SEO plugin v27.4 - https:\/\/yoast.com\/product\/yoast-seo-wordpress\/ -->\n<title>Presidente da CEI e Secret\u00e1rio do Col\u00e9gio  - Direto da Sacristia<\/title>\n<meta name=\"robots\" content=\"index, follow, max-snippet:-1, max-image-preview:large, max-video-preview:-1\" \/>\n<link rel=\"canonical\" href=\"https:\/\/diretodasacristia.com\/home\/curia-romana\/presidente-da-cei-e-secretario-do-colegio\/\" \/>\n<meta property=\"og:locale\" content=\"pt_BR\" \/>\n<meta property=\"og:type\" content=\"article\" \/>\n<meta property=\"og:title\" content=\"Presidente da CEI e Secret\u00e1rio do Col\u00e9gio  - Direto da Sacristia\" \/>\n<meta property=\"og:description\" content=\"Do boletim da Sala de Imprensa da Santa S\u00e9 &nbsp; Sua Emin\u00eancia Cardeal Bagnasco, 69 anos Mesmo sendo de grande confian\u00e7a de Bento XVI, o Cardeal Bertone n\u00e3o foi capaz de favorecer um outro nome para a presid\u00eancia da maior confer\u00eancia episcopal do mundo (com 502 membros) O Santo Padre Bento XVI confirmou Presidente da... Ver artigo\" \/>\n<meta property=\"og:url\" content=\"https:\/\/diretodasacristia.com\/home\/curia-romana\/presidente-da-cei-e-secretario-do-colegio\/\" \/>\n<meta property=\"og:site_name\" content=\"Direto da Sacristia\" \/>\n<meta property=\"article:publisher\" content=\"https:\/\/www.facebook.com\/DiretoSacristia\" \/>\n<meta property=\"article:published_time\" content=\"2012-03-07T18:49:38+00:00\" \/>\n<meta property=\"article:modified_time\" content=\"2012-03-07T19:37:48+00:00\" \/>\n<meta property=\"og:image\" content=\"http:\/\/diretodasacristia.com\/home\/wp-content\/uploads\/2012\/03\/Angelo-Bagnasco..jpg\" \/>\n<meta name=\"author\" content=\"E. Mar\u00e7al\" \/>\n<meta name=\"twitter:card\" content=\"summary_large_image\" \/>\n<meta name=\"twitter:creator\" content=\"@diretosacristia\" \/>\n<meta name=\"twitter:site\" content=\"@diretosacristia\" \/>\n<meta name=\"twitter:label1\" content=\"Escrito por\" \/>\n\t<meta name=\"twitter:data1\" content=\"E. Mar\u00e7al\" \/>\n\t<meta name=\"twitter:label2\" content=\"Est. tempo de leitura\" \/>\n\t<meta name=\"twitter:data2\" content=\"1 minuto\" \/>\n<script type=\"application\/ld+json\" class=\"yoast-schema-graph\">{\"@context\":\"https:\\\/\\\/schema.org\",\"@graph\":[{\"@type\":\"Article\",\"@id\":\"https:\\\/\\\/diretodasacristia.com\\\/home\\\/curia-romana\\\/presidente-da-cei-e-secretario-do-colegio\\\/#article\",\"isPartOf\":{\"@id\":\"https:\\\/\\\/diretodasacristia.com\\\/home\\\/curia-romana\\\/presidente-da-cei-e-secretario-do-colegio\\\/\"},\"author\":{\"name\":\"E. Mar\u00e7al\",\"@id\":\"https:\\\/\\\/diretodasacristia.com\\\/home\\\/#\\\/schema\\\/person\\\/3d453ef1f7d57c0bb0990b8070642721\"},\"headline\":\"Presidente da CEI e Secret\u00e1rio do Col\u00e9gio\",\"datePublished\":\"2012-03-07T18:49:38+00:00\",\"dateModified\":\"2012-03-07T19:37:48+00:00\",\"mainEntityOfPage\":{\"@id\":\"https:\\\/\\\/diretodasacristia.com\\\/home\\\/curia-romana\\\/presidente-da-cei-e-secretario-do-colegio\\\/\"},\"wordCount\":261,\"commentCount\":0,\"publisher\":{\"@id\":\"https:\\\/\\\/diretodasacristia.com\\\/home\\\/#organization\"},\"image\":{\"@id\":\"https:\\\/\\\/diretodasacristia.com\\\/home\\\/curia-romana\\\/presidente-da-cei-e-secretario-do-colegio\\\/#primaryimage\"},\"thumbnailUrl\":\"http:\\\/\\\/diretodasacristia.com\\\/home\\\/wp-content\\\/uploads\\\/2012\\\/03\\\/Angelo-Bagnasco..jpg\",\"keywords\":[\"Angelo Bagnasco\",\"CEI\",\"Lorenzo Baldisseri\"],\"articleSection\":[\"C\u00faria Romana\",\"Not\u00edcias\"],\"inLanguage\":\"pt-BR\",\"potentialAction\":[{\"@type\":\"CommentAction\",\"name\":\"Comment\",\"target\":[\"https:\\\/\\\/diretodasacristia.com\\\/home\\\/curia-romana\\\/presidente-da-cei-e-secretario-do-colegio\\\/#respond\"]}]},{\"@type\":\"WebPage\",\"@id\":\"https:\\\/\\\/diretodasacristia.com\\\/home\\\/curia-romana\\\/presidente-da-cei-e-secretario-do-colegio\\\/\",\"url\":\"https:\\\/\\\/diretodasacristia.com\\\/home\\\/curia-romana\\\/presidente-da-cei-e-secretario-do-colegio\\\/\",\"name\":\"Presidente da CEI e Secret\u00e1rio do Col\u00e9gio - Direto da Sacristia\",\"isPartOf\":{\"@id\":\"https:\\\/\\\/diretodasacristia.com\\\/home\\\/#website\"},\"primaryImageOfPage\":{\"@id\":\"https:\\\/\\\/diretodasacristia.com\\\/home\\\/curia-romana\\\/presidente-da-cei-e-secretario-do-colegio\\\/#primaryimage\"},\"image\":{\"@id\":\"https:\\\/\\\/diretodasacristia.com\\\/home\\\/curia-romana\\\/presidente-da-cei-e-secretario-do-colegio\\\/#primaryimage\"},\"thumbnailUrl\":\"http:\\\/\\\/diretodasacristia.com\\\/home\\\/wp-content\\\/uploads\\\/2012\\\/03\\\/Angelo-Bagnasco..jpg\",\"datePublished\":\"2012-03-07T18:49:38+00:00\",\"dateModified\":\"2012-03-07T19:37:48+00:00\",\"breadcrumb\":{\"@id\":\"https:\\\/\\\/diretodasacristia.com\\\/home\\\/curia-romana\\\/presidente-da-cei-e-secretario-do-colegio\\\/#breadcrumb\"},\"inLanguage\":\"pt-BR\",\"potentialAction\":[{\"@type\":\"ReadAction\",\"target\":[\"https:\\\/\\\/diretodasacristia.com\\\/home\\\/curia-romana\\\/presidente-da-cei-e-secretario-do-colegio\\\/\"]}]},{\"@type\":\"ImageObject\",\"inLanguage\":\"pt-BR\",\"@id\":\"https:\\\/\\\/diretodasacristia.com\\\/home\\\/curia-romana\\\/presidente-da-cei-e-secretario-do-colegio\\\/#primaryimage\",\"url\":\"http:\\\/\\\/diretodasacristia.com\\\/home\\\/wp-content\\\/uploads\\\/2012\\\/03\\\/Angelo-Bagnasco..jpg\",\"contentUrl\":\"http:\\\/\\\/diretodasacristia.com\\\/home\\\/wp-content\\\/uploads\\\/2012\\\/03\\\/Angelo-Bagnasco..jpg\"},{\"@type\":\"BreadcrumbList\",\"@id\":\"https:\\\/\\\/diretodasacristia.com\\\/home\\\/curia-romana\\\/presidente-da-cei-e-secretario-do-colegio\\\/#breadcrumb\",\"itemListElement\":[{\"@type\":\"ListItem\",\"position\":1,\"name\":\"In\u00edcio\",\"item\":\"https:\\\/\\\/diretodasacristia.com\\\/home\\\/\"},{\"@type\":\"ListItem\",\"position\":2,\"name\":\"Presidente da CEI e Secret\u00e1rio do Col\u00e9gio\"}]},{\"@type\":\"WebSite\",\"@id\":\"https:\\\/\\\/diretodasacristia.com\\\/home\\\/#website\",\"url\":\"https:\\\/\\\/diretodasacristia.com\\\/home\\\/\",\"name\":\"Direto da Sacristia\",\"description\":\"Not\u00edcias e artigos sobre a f\u00e9 cat\u00f3lica\",\"publisher\":{\"@id\":\"https:\\\/\\\/diretodasacristia.com\\\/home\\\/#organization\"},\"potentialAction\":[{\"@type\":\"SearchAction\",\"target\":{\"@type\":\"EntryPoint\",\"urlTemplate\":\"https:\\\/\\\/diretodasacristia.com\\\/home\\\/?s={search_term_string}\"},\"query-input\":{\"@type\":\"PropertyValueSpecification\",\"valueRequired\":true,\"valueName\":\"search_term_string\"}}],\"inLanguage\":\"pt-BR\"},{\"@type\":\"Organization\",\"@id\":\"https:\\\/\\\/diretodasacristia.com\\\/home\\\/#organization\",\"name\":\"Direto da Sacristia\",\"url\":\"https:\\\/\\\/diretodasacristia.com\\\/home\\\/\",\"logo\":{\"@type\":\"ImageObject\",\"inLanguage\":\"pt-BR\",\"@id\":\"https:\\\/\\\/diretodasacristia.com\\\/home\\\/#\\\/schema\\\/logo\\\/image\\\/\",\"url\":\"https:\\\/\\\/i0.wp.com\\\/diretodasacristia.com\\\/home\\\/wp-content\\\/uploads\\\/2012\\\/01\\\/marca-sacristia.png?fit=320%2C306&ssl=1\",\"contentUrl\":\"https:\\\/\\\/i0.wp.com\\\/diretodasacristia.com\\\/home\\\/wp-content\\\/uploads\\\/2012\\\/01\\\/marca-sacristia.png?fit=320%2C306&ssl=1\",\"width\":\"320\",\"height\":\"306\",\"caption\":\"Direto da Sacristia\"},\"image\":{\"@id\":\"https:\\\/\\\/diretodasacristia.com\\\/home\\\/#\\\/schema\\\/logo\\\/image\\\/\"},\"sameAs\":[\"https:\\\/\\\/www.facebook.com\\\/DiretoSacristia\",\"https:\\\/\\\/x.com\\\/diretosacristia\",\"https:\\\/\\\/www.instagram.com\\\/diretodasacristia\\\/\",\"https:\\\/\\\/www.youtube.com\\\/diretodasacristia\"]},{\"@type\":\"Person\",\"@id\":\"https:\\\/\\\/diretodasacristia.com\\\/home\\\/#\\\/schema\\\/person\\\/3d453ef1f7d57c0bb0990b8070642721\",\"name\":\"E. Mar\u00e7al\",\"image\":{\"@type\":\"ImageObject\",\"inLanguage\":\"pt-BR\",\"@id\":\"https:\\\/\\\/secure.gravatar.com\\\/avatar\\\/348ff80a5ddde3de6c8b6e0c5b066b733f9245285d9ab87cd2e2ff652ffa95b0?s=96&d=mm&r=g\",\"url\":\"https:\\\/\\\/secure.gravatar.com\\\/avatar\\\/348ff80a5ddde3de6c8b6e0c5b066b733f9245285d9ab87cd2e2ff652ffa95b0?s=96&d=mm&r=g\",\"contentUrl\":\"https:\\\/\\\/secure.gravatar.com\\\/avatar\\\/348ff80a5ddde3de6c8b6e0c5b066b733f9245285d9ab87cd2e2ff652ffa95b0?s=96&d=mm&r=g\",\"caption\":\"E. Mar\u00e7al\"},\"url\":\"https:\\\/\\\/diretodasacristia.com\\\/home\\\/author\\\/erick\\\/\"}]}<\/script>\n<!-- \/ Yoast SEO plugin. -->","yoast_head_json":{"title":"Presidente da CEI e Secret\u00e1rio do Col\u00e9gio  - Direto da Sacristia","robots":{"index":"index","follow":"follow","max-snippet":"max-snippet:-1","max-image-preview":"max-image-preview:large","max-video-preview":"max-video-preview:-1"},"canonical":"https:\/\/diretodasacristia.com\/home\/curia-romana\/presidente-da-cei-e-secretario-do-colegio\/","og_locale":"pt_BR","og_type":"article","og_title":"Presidente da CEI e Secret\u00e1rio do Col\u00e9gio  - Direto da Sacristia","og_description":"Do boletim da Sala de Imprensa da Santa S\u00e9 &nbsp; Sua Emin\u00eancia Cardeal Bagnasco, 69 anos Mesmo sendo de grande confian\u00e7a de Bento XVI, o Cardeal Bertone n\u00e3o foi capaz de favorecer um outro nome para a presid\u00eancia da maior confer\u00eancia episcopal do mundo (com 502 membros) O Santo Padre Bento XVI confirmou Presidente da... Ver artigo","og_url":"https:\/\/diretodasacristia.com\/home\/curia-romana\/presidente-da-cei-e-secretario-do-colegio\/","og_site_name":"Direto da Sacristia","article_publisher":"https:\/\/www.facebook.com\/DiretoSacristia","article_published_time":"2012-03-07T18:49:38+00:00","article_modified_time":"2012-03-07T19:37:48+00:00","og_image":[{"url":"http:\/\/diretodasacristia.com\/home\/wp-content\/uploads\/2012\/03\/Angelo-Bagnasco..jpg","type":"","width":"","height":""}],"author":"E. Mar\u00e7al","twitter_card":"summary_large_image","twitter_creator":"@diretosacristia","twitter_site":"@diretosacristia","twitter_misc":{"Escrito por":"E. Mar\u00e7al","Est. tempo de leitura":"1 minuto"},"schema":{"@context":"https:\/\/schema.org","@graph":[{"@type":"Article","@id":"https:\/\/diretodasacristia.com\/home\/curia-romana\/presidente-da-cei-e-secretario-do-colegio\/#article","isPartOf":{"@id":"https:\/\/diretodasacristia.com\/home\/curia-romana\/presidente-da-cei-e-secretario-do-colegio\/"},"author":{"name":"E. Mar\u00e7al","@id":"https:\/\/diretodasacristia.com\/home\/#\/schema\/person\/3d453ef1f7d57c0bb0990b8070642721"},"headline":"Presidente da CEI e Secret\u00e1rio do Col\u00e9gio","datePublished":"2012-03-07T18:49:38+00:00","dateModified":"2012-03-07T19:37:48+00:00","mainEntityOfPage":{"@id":"https:\/\/diretodasacristia.com\/home\/curia-romana\/presidente-da-cei-e-secretario-do-colegio\/"},"wordCount":261,"commentCount":0,"publisher":{"@id":"https:\/\/diretodasacristia.com\/home\/#organization"},"image":{"@id":"https:\/\/diretodasacristia.com\/home\/curia-romana\/presidente-da-cei-e-secretario-do-colegio\/#primaryimage"},"thumbnailUrl":"http:\/\/diretodasacristia.com\/home\/wp-content\/uploads\/2012\/03\/Angelo-Bagnasco..jpg","keywords":["Angelo Bagnasco","CEI","Lorenzo Baldisseri"],"articleSection":["C\u00faria Romana","Not\u00edcias"],"inLanguage":"pt-BR","potentialAction":[{"@type":"CommentAction","name":"Comment","target":["https:\/\/diretodasacristia.com\/home\/curia-romana\/presidente-da-cei-e-secretario-do-colegio\/#respond"]}]},{"@type":"WebPage","@id":"https:\/\/diretodasacristia.com\/home\/curia-romana\/presidente-da-cei-e-secretario-do-colegio\/","url":"https:\/\/diretodasacristia.com\/home\/curia-romana\/presidente-da-cei-e-secretario-do-colegio\/","name":"Presidente da CEI e Secret\u00e1rio do Col\u00e9gio - Direto da Sacristia","isPartOf":{"@id":"https:\/\/diretodasacristia.com\/home\/#website"},"primaryImageOfPage":{"@id":"https:\/\/diretodasacristia.com\/home\/curia-romana\/presidente-da-cei-e-secretario-do-colegio\/#primaryimage"},"image":{"@id":"https:\/\/diretodasacristia.com\/home\/curia-romana\/presidente-da-cei-e-secretario-do-colegio\/#primaryimage"},"thumbnailUrl":"http:\/\/diretodasacristia.com\/home\/wp-content\/uploads\/2012\/03\/Angelo-Bagnasco..jpg","datePublished":"2012-03-07T18:49:38+00:00","dateModified":"2012-03-07T19:37:48+00:00","breadcrumb":{"@id":"https:\/\/diretodasacristia.com\/home\/curia-romana\/presidente-da-cei-e-secretario-do-colegio\/#breadcrumb"},"inLanguage":"pt-BR","potentialAction":[{"@type":"ReadAction","target":["https:\/\/diretodasacristia.com\/home\/curia-romana\/presidente-da-cei-e-secretario-do-colegio\/"]}]},{"@type":"ImageObject","inLanguage":"pt-BR","@id":"https:\/\/diretodasacristia.com\/home\/curia-romana\/presidente-da-cei-e-secretario-do-colegio\/#primaryimage","url":"http:\/\/diretodasacristia.com\/home\/wp-content\/uploads\/2012\/03\/Angelo-Bagnasco..jpg","contentUrl":"http:\/\/diretodasacristia.com\/home\/wp-content\/uploads\/2012\/03\/Angelo-Bagnasco..jpg"},{"@type":"BreadcrumbList","@id":"https:\/\/diretodasacristia.com\/home\/curia-romana\/presidente-da-cei-e-secretario-do-colegio\/#breadcrumb","itemListElement":[{"@type":"ListItem","position":1,"name":"In\u00edcio","item":"https:\/\/diretodasacristia.com\/home\/"},{"@type":"ListItem","position":2,"name":"Presidente da CEI e Secret\u00e1rio do Col\u00e9gio"}]},{"@type":"WebSite","@id":"https:\/\/diretodasacristia.com\/home\/#website","url":"https:\/\/diretodasacristia.com\/home\/","name":"Direto da Sacristia","description":"Not\u00edcias e artigos sobre a f\u00e9 cat\u00f3lica","publisher":{"@id":"https:\/\/diretodasacristia.com\/home\/#organization"},"potentialAction":[{"@type":"SearchAction","target":{"@type":"EntryPoint","urlTemplate":"https:\/\/diretodasacristia.com\/home\/?s={search_term_string}"},"query-input":{"@type":"PropertyValueSpecification","valueRequired":true,"valueName":"search_term_string"}}],"inLanguage":"pt-BR"},{"@type":"Organization","@id":"https:\/\/diretodasacristia.com\/home\/#organization","name":"Direto da Sacristia","url":"https:\/\/diretodasacristia.com\/home\/","logo":{"@type":"ImageObject","inLanguage":"pt-BR","@id":"https:\/\/diretodasacristia.com\/home\/#\/schema\/logo\/image\/","url":"https:\/\/i0.wp.com\/diretodasacristia.com\/home\/wp-content\/uploads\/2012\/01\/marca-sacristia.png?fit=320%2C306&ssl=1","contentUrl":"https:\/\/i0.wp.com\/diretodasacristia.com\/home\/wp-content\/uploads\/2012\/01\/marca-sacristia.png?fit=320%2C306&ssl=1","width":"320","height":"306","caption":"Direto da Sacristia"},"image":{"@id":"https:\/\/diretodasacristia.com\/home\/#\/schema\/logo\/image\/"},"sameAs":["https:\/\/www.facebook.com\/DiretoSacristia","https:\/\/x.com\/diretosacristia","https:\/\/www.instagram.com\/diretodasacristia\/","https:\/\/www.youtube.com\/diretodasacristia"]},{"@type":"Person","@id":"https:\/\/diretodasacristia.com\/home\/#\/schema\/person\/3d453ef1f7d57c0bb0990b8070642721","name":"E. Mar\u00e7al","image":{"@type":"ImageObject","inLanguage":"pt-BR","@id":"https:\/\/secure.gravatar.com\/avatar\/348ff80a5ddde3de6c8b6e0c5b066b733f9245285d9ab87cd2e2ff652ffa95b0?s=96&d=mm&r=g","url":"https:\/\/secure.gravatar.com\/avatar\/348ff80a5ddde3de6c8b6e0c5b066b733f9245285d9ab87cd2e2ff652ffa95b0?s=96&d=mm&r=g","contentUrl":"https:\/\/secure.gravatar.com\/avatar\/348ff80a5ddde3de6c8b6e0c5b066b733f9245285d9ab87cd2e2ff652ffa95b0?s=96&d=mm&r=g","caption":"E. Mar\u00e7al"},"url":"https:\/\/diretodasacristia.com\/home\/author\/erick\/"}]}},"jetpack_publicize_connections":[],"jetpack_featured_media_url":"","jetpack_sharing_enabled":true,"jetpack_shortlink":"https:\/\/wp.me\/p24aG7-ml","jetpack-related-posts":[{"id":2497,"url":"https:\/\/diretodasacristia.com\/home\/sem-categoria\/mais-um-passo-na-beatificacao-de-pio-xii-2\/","url_meta":{"origin":1385,"position":0},"title":"Mais um passo na beatifica\u00e7\u00e3o de Pio XII","author":"E. Mar\u00e7al","date":"5 de novembro de 2010","format":false,"excerpt":"Texto do seminarista Carlos Donato, na It\u00e1lia Veritas liberare vos Depois de muitas controv\u00e9rsias e pol\u00eamicas sobre o pontificado do Vener\u00e1vel Servo de Deus Papa Pio XII, a Santa S\u00e9 deu por encerrado o seu processo de beatifica\u00e7\u00e3o, de forma que em breve, segundo o jornal italiano Corriere della Sera\u2026","rel":"","context":"Em &quot;Sem categoria&quot;","block_context":{"text":"Sem categoria","link":"https:\/\/diretodasacristia.com\/home\/c\/sem-categoria\/"},"img":{"alt_text":"","src":"","width":0,"height":0},"classes":[]},{"id":2445,"url":"https:\/\/diretodasacristia.com\/home\/sem-categoria\/scola-arcebispo-de-milao-2\/","url_meta":{"origin":1385,"position":1},"title":"Scola, Arcebispo de Mil\u00e3o!","author":"E. Mar\u00e7al","date":"28 de junho de 2011","format":false,"excerpt":"Te Deum laudamusMais um na reforma de Bento XVI nas importantes dioceses*Do boletim da Sala de Imprensa da Santa S\u00e9Ren\u00fancia do Arcebispo Metropolitano de Mil\u00e3oe nomea\u00e7\u00e3o do sucessorIt\u00e1liaO Santo Padre Bento XVI aceitou a ren\u00fancia ao governo pastoral da Arquidiocese de Mil\u00e3o apresentada por Sua Emin\u00eancia o Cardeal Dionigi Tettamanzi,\u2026","rel":"","context":"Em &quot;Sem categoria&quot;","block_context":{"text":"Sem categoria","link":"https:\/\/diretodasacristia.com\/home\/c\/sem-categoria\/"},"img":{"alt_text":"","src":"","width":0,"height":0},"classes":[]},{"id":2490,"url":"https:\/\/diretodasacristia.com\/home\/sem-categoria\/o-senado-de-bento-xvi-parte-22-2\/","url_meta":{"origin":1385,"position":2},"title":"O Senado de Bento XVI &#8211; Parte 2\/2","author":"E. Mar\u00e7al","date":"19 de novembro de 2010","format":false,"excerpt":"Continuando o nosso texto sobre o Sacro Col\u00e9gio, tomaremos ci\u00eancia de como \u00e9 organizado o mesmo e quais seus tarefas na Santa Igreja. Nem sempre o Col\u00e9gio teve as mesmas fun\u00e7\u00f5es e os mesmos t\u00edtulos. Dando prosseguimento \u00e0s reflex\u00f5es, n\u00e3o procrastinemos e nos coloquemos de imediato neste trabalho quase que\u2026","rel":"","context":"Em &quot;Sem categoria&quot;","block_context":{"text":"Sem categoria","link":"https:\/\/diretodasacristia.com\/home\/c\/sem-categoria\/"},"img":{"alt_text":"","src":"","width":0,"height":0},"classes":[]},{"id":1325,"url":"https:\/\/diretodasacristia.com\/home\/curia-romana\/legiao-bertone-schwantes-e-pucp-ii\/","url_meta":{"origin":1385,"position":3},"title":"Legi\u00e3o, Bertone, Schwantes e PUCP (II)","author":"E. Mar\u00e7al","date":"2 de mar\u00e7o de 2012","format":false,"excerpt":"Com informa\u00e7\u00f5es da ACI Digital \u00a0 Delega\u00e7\u00e3o pontif\u00edcia junto \u00e0 Legi\u00e3o: renova\u00e7\u00e3o e n\u00e3o extin\u00e7\u00e3o Ao fim da Missa celebrada na cidade de L\u00e9on (local da visita de Bento XVI ainda neste m\u00eas), no M\u00e9xico, ante 10 mil pessoas dos col\u00e9gios dos Legion\u00e1rios de Cristo, no \u00faltimo dia 28 de\u2026","rel":"","context":"Em &quot;C\u00faria Romana&quot;","block_context":{"text":"C\u00faria Romana","link":"https:\/\/diretodasacristia.com\/home\/c\/curia-romana\/"},"img":{"alt_text":"","src":"https:\/\/i0.wp.com\/diretodasacristia.com\/home\/wp-content\/uploads\/2012\/03\/Bento-XVI-Cardeal-De-Paolis.jpg?resize=350%2C200","width":350,"height":200},"classes":[]},{"id":2501,"url":"https:\/\/diretodasacristia.com\/home\/sem-categoria\/aprovada-beatificacao-de-irma-dulce-2\/","url_meta":{"origin":1385,"position":4},"title":"Aprovada beatifica\u00e7\u00e3o de Irm\u00e3 Dulce","author":"E. Mar\u00e7al","date":"28 de outubro de 2010","format":false,"excerpt":"Informa\u00e7\u00f5es do seminarista Carlos Donato, da It\u00e1liaConfirma\u00e7\u00e3o de milagre atribu\u00eddo \u00e0 religiosa foi anunciada ontem em RomaBeatos os pobres em esp\u00edrito porque estes ver\u00e3o a Deus!Vener\u00e1vel Irm\u00e3 DulceCom esse ato oficial, do reconhecimento e aceita\u00e7\u00e3o do milagre por parte do Santo Padre, a Congrega\u00e7\u00e3o para a Causa dos Santos emite\u2026","rel":"","context":"Em &quot;Sem categoria&quot;","block_context":{"text":"Sem categoria","link":"https:\/\/diretodasacristia.com\/home\/c\/sem-categoria\/"},"img":{"alt_text":"","src":"","width":0,"height":0},"classes":[]},{"id":2508,"url":"https:\/\/diretodasacristia.com\/home\/sem-categoria\/renuncias-e-nomeacoes\/","url_meta":{"origin":1385,"position":5},"title":"Ren\u00fancias e nomea\u00e7\u00f5es","author":"E. Mar\u00e7al","date":"7 de outubro de 2010","format":false,"excerpt":"Do boletim da Sala de Imprensa da Santa S\u00e9Ren\u00fancia do Prefeito da Congrega\u00e7\u00e3o para o Clero e nomea\u00e7\u00e3o do sucessorSua Emin\u00eancia Cardeal Cl\u00e1udio HummesPrefeito em\u00e9rito da Congrega\u00e7\u00e3o para o CleroArcebispo em\u00e9rito de S\u00e3o Paulo - BrasilS.E.R. Mons. Mauro PiacenzaArcebispo Titular de Victoriananomeado Prefeito da Congrega\u00e7\u00e3o para o Clero O Santo\u2026","rel":"","context":"Em &quot;Sem categoria&quot;","block_context":{"text":"Sem categoria","link":"https:\/\/diretodasacristia.com\/home\/c\/sem-categoria\/"},"img":{"alt_text":"","src":"","width":0,"height":0},"classes":[]}],"post_mailing_queue_ids":[],"_links":{"self":[{"href":"https:\/\/diretodasacristia.com\/home\/wp-json\/wp\/v2\/posts\/1385","targetHints":{"allow":["GET"]}}],"collection":[{"href":"https:\/\/diretodasacristia.com\/home\/wp-json\/wp\/v2\/posts"}],"about":[{"href":"https:\/\/diretodasacristia.com\/home\/wp-json\/wp\/v2\/types\/post"}],"author":[{"embeddable":true,"href":"https:\/\/diretodasacristia.com\/home\/wp-json\/wp\/v2\/users\/3"}],"replies":[{"embeddable":true,"href":"https:\/\/diretodasacristia.com\/home\/wp-json\/wp\/v2\/comments?post=1385"}],"version-history":[{"count":14,"href":"https:\/\/diretodasacristia.com\/home\/wp-json\/wp\/v2\/posts\/1385\/revisions"}],"predecessor-version":[{"id":1399,"href":"https:\/\/diretodasacristia.com\/home\/wp-json\/wp\/v2\/posts\/1385\/revisions\/1399"}],"wp:attachment":[{"href":"https:\/\/diretodasacristia.com\/home\/wp-json\/wp\/v2\/media?parent=1385"}],"wp:term":[{"taxonomy":"category","embeddable":true,"href":"https:\/\/diretodasacristia.com\/home\/wp-json\/wp\/v2\/categories?post=1385"},{"taxonomy":"post_tag","embeddable":true,"href":"https:\/\/diretodasacristia.com\/home\/wp-json\/wp\/v2\/tags?post=1385"}],"curies":[{"name":"wp","href":"https:\/\/api.w.org\/{rel}","templated":true}]}}