{"id":1428,"date":"2012-03-08T16:56:26","date_gmt":"2012-03-08T19:56:26","guid":{"rendered":"http:\/\/diretodasacristia.com\/home\/?p=1428"},"modified":"2012-04-01T10:24:53","modified_gmt":"2012-04-01T13:24:53","slug":"cremacao-sim-naturalismo-nao","status":"publish","type":"post","link":"https:\/\/diretodasacristia.com\/home\/liturgia\/cremacao-sim-naturalismo-nao\/","title":{"rendered":"Crema\u00e7\u00e3o sim, naturalismo n\u00e3o!"},"content":{"rendered":"<p style=\"text-align: left;\">Do <a href=\"http:\/\/www.ihu.unisinos.br\/noticias\/507188-bispos-italianos-dizem-sim-a-cremacao-mas-sem-espalhar-as-cinzas\" target=\"_blank\">Humanitas Unisinos<\/a><\/p>\n<p style=\"text-align: center;\">\n<p style=\"text-align: center;\"><strong>Bispos italianos permitem a crema\u00e7\u00e3o, mas com reservas<\/strong><\/p>\n<p style=\"text-align: center;\"><a href=\"https:\/\/diretodasacristia.com\/home\/wp-content\/uploads\/2012\/03\/Corpo-Jo\u00e3o-Paulo-II.jpg\"><img loading=\"lazy\" decoding=\"async\" class=\"aligncenter  wp-image-1433\" title=\"Church_040705_view_FC\" src=\"https:\/\/diretodasacristia.com\/home\/wp-content\/uploads\/2012\/03\/Corpo-Jo\u00e3o-Paulo-II.jpg\" alt=\"\" width=\"517\" height=\"344\" srcset=\"https:\/\/diretodasacristia.com\/home\/wp-content\/uploads\/2012\/03\/Corpo-Jo\u00e3o-Paulo-II.jpg 1024w, https:\/\/diretodasacristia.com\/home\/wp-content\/uploads\/2012\/03\/Corpo-Jo\u00e3o-Paulo-II-300x200.jpg 300w\" sizes=\"auto, (max-width: 517px) 100vw, 517px\" \/><\/a><\/p>\n<p style=\"text-align: center;\"><em>Em seu testamento, Jo\u00e3o Paulo II pediu que fosse sepultado em &#8220;terra nua&#8221;<\/em><\/p>\n<p style=\"text-align: justify;\">A partir de 02 de novembro pr\u00f3ximo, Comemora\u00e7\u00e3o de Todos os Fi\u00e9is Defuntos, entrar\u00e1 em vigor na It\u00e1lia o novo texto aprovado para as ex\u00e9quias crist\u00e3s. Nestas agora n\u00e3o \u00e9 mais listado o cap\u00edtulo &#8220;Ex\u00e9quias na casa do defunto&#8221;, presente desde 1974, porque os bispos da Confer\u00eancia Episcopal Italiana &#8220;consideram essa possibilidade estranha aos costumes italianos&#8221; e com o risco de &#8220;privatiza\u00e7\u00e3o&#8221; do rito.<\/p>\n<p style=\"text-align: center;\"><a href=\"https:\/\/diretodasacristia.com\/home\/wp-content\/uploads\/2012\/03\/Crema\u00e7\u00e3o.jpg\"><img loading=\"lazy\" decoding=\"async\" class=\"aligncenter  wp-image-1434\" title=\"Crema\u00e7\u00e3o\" src=\"https:\/\/diretodasacristia.com\/home\/wp-content\/uploads\/2012\/03\/Crema\u00e7\u00e3o.jpg\" alt=\"\" width=\"448\" height=\"335\" srcset=\"https:\/\/diretodasacristia.com\/home\/wp-content\/uploads\/2012\/03\/Crema\u00e7\u00e3o.jpg 640w, https:\/\/diretodasacristia.com\/home\/wp-content\/uploads\/2012\/03\/Crema\u00e7\u00e3o-300x224.jpg 300w\" sizes=\"auto, (max-width: 448px) 100vw, 448px\" \/><\/a><\/p>\n<p style=\"text-align: center;\"><em>Quando a escolha pela crema\u00e7\u00e3o dos corpos \u00a0aumentou 10% na It\u00e1lia,<br \/>\nos bispos italianos discutiram a edi\u00e7\u00e3o de um rito espec\u00edfico para a cerim\u00f4nia<\/em><\/p>\n<p style=\"text-align: center;\"><a href=\"https:\/\/diretodasacristia.com\/home\/wp-content\/uploads\/2012\/03\/Urna-cinzas.jpg\"><br \/>\n<img loading=\"lazy\" decoding=\"async\" class=\"aligncenter\" title=\"Urna cinzas\" src=\"https:\/\/diretodasacristia.com\/home\/wp-content\/uploads\/2012\/03\/Urna-cinzas.jpg\" alt=\"\" width=\"281\" height=\"375\" \/><\/a><\/p>\n<p style=\"text-align: center;\"><em>As cinzas dos corpos cremados devem receber destina\u00e7\u00e3o digna,<\/em><br \/>\n<em>como exige a dignidade crist\u00e3<\/em><\/p>\n<p style=\"text-align: justify;\">Mas, a nova edi\u00e7\u00e3o italiana das cerim\u00f4nias exequiais reconhece uma pr\u00e1tica de tratamento f\u00fanebre dos cad\u00e1veres j\u00e1 prevista no Catecismo de 1992: &#8220;A Igreja permite a crema\u00e7\u00e3o a n\u00e3o ser que esta ponha em causa a f\u00e9 na ressurrei\u00e7\u00e3o dos corpos (n\u00famero 2301)&#8221;, e no c\u00e2non 1176 do C\u00f3digo de Direito Can\u00f4nico: &#8220;A Igreja recomenda vivamente que se conserve o piedoso costume de sepultar os corpos dos defuntos; mas n\u00e3o pro\u00edbe a crema\u00e7\u00e3o, a n\u00e3o ser que tenha sido preferida por raz\u00f5es contr\u00e1rias \u00e0 doutrina crist\u00e3&#8221;. Com um aumento de 10% na pr\u00e1tica cremat\u00f3ria dos cad\u00e1veres, o assunto foi discutido na Assembleia de Assis de 2009, e foi conclu\u00eddo que a crema\u00e7\u00e3o \u00e9 permitida, mas as cinzas a que foram reduzidos os corpos n\u00e3o devem ser espalhadas no mar ou em outro lugar na natureza, nem conservadas em casa ou no jardim, ou &#8220;em outros lugares do que o cemit\u00e9rio&#8221;, que pode dar espa\u00e7o a &#8220;concep\u00e7\u00f5es pante\u00edstas ou naturalistas&#8221;.<\/p>\n<p style=\"text-align: center;\"><a href=\"https:\/\/diretodasacristia.com\/home\/wp-content\/uploads\/2012\/03\/Bento-XVI-reza-corpo-Jo\u00e3o-Paulo-II.jpg\"><img loading=\"lazy\" decoding=\"async\" class=\"aligncenter  wp-image-1431\" title=\"Bento XVI reza corpo Jo\u00e3o Paulo II\" src=\"https:\/\/diretodasacristia.com\/home\/wp-content\/uploads\/2012\/03\/Bento-XVI-reza-corpo-Jo\u00e3o-Paulo-II.jpg\" alt=\"\" width=\"475\" height=\"317\" srcset=\"https:\/\/diretodasacristia.com\/home\/wp-content\/uploads\/2012\/03\/Bento-XVI-reza-corpo-Jo\u00e3o-Paulo-II.jpg 594w, https:\/\/diretodasacristia.com\/home\/wp-content\/uploads\/2012\/03\/Bento-XVI-reza-corpo-Jo\u00e3o-Paulo-II-300x200.jpg 300w\" sizes=\"auto, (max-width: 475px) 100vw, 475px\" \/><\/a><\/p>\n<p style=\"text-align: center;\"><em>A dignidade crist\u00e3 assumida no Batismo exige um tratamento coerente<br \/>\ncom os corpos, em continuidade com a tradi\u00e7\u00e3o da Igreja<\/em><\/p>\n<p style=\"text-align: center;\"><a href=\"https:\/\/diretodasacristia.com\/home\/wp-content\/uploads\/2012\/03\/Cardeal-Stanislaw-altar-Jo\u00e3o-Paulo-II.jpg\"><img loading=\"lazy\" decoding=\"async\" class=\"aligncenter  wp-image-1432\" title=\"Cardeal Stanislaw altar Jo\u00e3o Paulo II\" src=\"https:\/\/diretodasacristia.com\/home\/wp-content\/uploads\/2012\/03\/Cardeal-Stanislaw-altar-Jo\u00e3o-Paulo-II.jpg\" alt=\"\" width=\"475\" height=\"317\" srcset=\"https:\/\/diretodasacristia.com\/home\/wp-content\/uploads\/2012\/03\/Cardeal-Stanislaw-altar-Jo\u00e3o-Paulo-II.jpg 594w, https:\/\/diretodasacristia.com\/home\/wp-content\/uploads\/2012\/03\/Cardeal-Stanislaw-altar-Jo\u00e3o-Paulo-II-300x200.jpg 300w\" sizes=\"auto, (max-width: 475px) 100vw, 475px\" \/><\/a><\/p>\n<p style=\"text-align: center;\"><em>O Cardeal Dziwisz, Arcebispo de Crac\u00f3via, venera os restos mortais<br \/>\ndo Papa Jo\u00e3o Paulo II\u00a0depositados em um altar lateral da Bas\u00edlica Vaticana<br \/>\nap\u00f3s a sua beatifica\u00e7\u00e3o em maio passado<\/em><\/p>\n<p style=\"text-align: center;\"><em>\u00a0<\/em><\/p>\n<p style=\"text-align: justify;\">O respons\u00e1vel pela Liturgia da Confer\u00eancia Episcopal Italiana, Mons. Alceste Catella, explica que &#8220;a op\u00e7\u00e3o fundamental da cultura crist\u00e3o \u00e9 o enterro, mais conveniente \u00a0com rela\u00e7\u00e3o \u00e0 f\u00e9 na ressurrei\u00e7\u00e3o&#8221;. Mas, adverte, &#8220;embora isso n\u00e3o signifique que Deus n\u00e3o seja capaz de ressuscitar das cinzas tamb\u00e9m&#8230;&#8221;.<\/p>\n","protected":false},"excerpt":{"rendered":"Do Humanitas Unisinos Bispos italianos permitem a crema\u00e7\u00e3o, mas com reservas Em seu testamento, Jo\u00e3o Paulo II pediu que fosse sepultado em &#8220;terra nua&#8221; A partir de 02 de novembro pr\u00f3ximo, Comemora\u00e7\u00e3o de Todos os Fi\u00e9is Defuntos, entrar\u00e1 em vigor na It\u00e1lia o novo texto aprovado para as ex\u00e9quias crist\u00e3s. Nestas agora n\u00e3o \u00e9 mais&#8230; <a class=\"view-article\" href=\"https:\/\/diretodasacristia.com\/home\/liturgia\/cremacao-sim-naturalismo-nao\/\">Ver artigo<\/a>","protected":false},"author":3,"featured_media":0,"comment_status":"open","ping_status":"open","sticky":false,"template":"","format":"standard","meta":{"jetpack_post_was_ever_published":false,"_jetpack_newsletter_access":"","_jetpack_dont_email_post_to_subs":false,"_jetpack_newsletter_tier_id":0,"_jetpack_memberships_contains_paywalled_content":false,"_jetpack_memberships_contains_paid_content":false,"_joinchat":[],"footnotes":"","jetpack_publicize_message":"","jetpack_publicize_feature_enabled":true,"jetpack_social_post_already_shared":false,"jetpack_social_options":{"image_generator_settings":{"template":"highway","default_image_id":0,"font":"","enabled":false},"version":2}},"categories":[20,24,34],"tags":[208,107,209,108],"class_list":["post-1428","post","type-post","status-publish","format-standard","hentry","category-liturgia","category-noticias","category-teologia","tag-conferencia-episcopal-da-italia","tag-cremacao","tag-joao-paulo-ii","tag-sepultamento-cristao"],"yoast_head":"<!-- This site is optimized with the Yoast SEO plugin v27.4 - https:\/\/yoast.com\/product\/yoast-seo-wordpress\/ -->\n<title>Crema\u00e7\u00e3o sim, naturalismo n\u00e3o! - Direto da Sacristia<\/title>\n<meta name=\"robots\" content=\"index, follow, max-snippet:-1, max-image-preview:large, max-video-preview:-1\" \/>\n<link rel=\"canonical\" href=\"https:\/\/diretodasacristia.com\/home\/liturgia\/cremacao-sim-naturalismo-nao\/\" \/>\n<meta property=\"og:locale\" content=\"pt_BR\" \/>\n<meta property=\"og:type\" content=\"article\" \/>\n<meta property=\"og:title\" content=\"Crema\u00e7\u00e3o sim, naturalismo n\u00e3o! - Direto da Sacristia\" \/>\n<meta property=\"og:description\" content=\"Do Humanitas Unisinos Bispos italianos permitem a crema\u00e7\u00e3o, mas com reservas Em seu testamento, Jo\u00e3o Paulo II pediu que fosse sepultado em &#8220;terra nua&#8221; A partir de 02 de novembro pr\u00f3ximo, Comemora\u00e7\u00e3o de Todos os Fi\u00e9is Defuntos, entrar\u00e1 em vigor na It\u00e1lia o novo texto aprovado para as ex\u00e9quias crist\u00e3s. Nestas agora n\u00e3o \u00e9 mais... Ver artigo\" \/>\n<meta property=\"og:url\" content=\"https:\/\/diretodasacristia.com\/home\/liturgia\/cremacao-sim-naturalismo-nao\/\" \/>\n<meta property=\"og:site_name\" content=\"Direto da Sacristia\" \/>\n<meta property=\"article:publisher\" content=\"https:\/\/www.facebook.com\/DiretoSacristia\" \/>\n<meta property=\"article:published_time\" content=\"2012-03-08T19:56:26+00:00\" \/>\n<meta property=\"article:modified_time\" content=\"2012-04-01T13:24:53+00:00\" \/>\n<meta property=\"og:image\" content=\"http:\/\/diretodasacristia.com\/home\/wp-content\/uploads\/2012\/03\/Urna-cinzas.jpg\" \/>\n<meta name=\"author\" content=\"E. Mar\u00e7al\" \/>\n<meta name=\"twitter:card\" content=\"summary_large_image\" \/>\n<meta name=\"twitter:creator\" content=\"@diretosacristia\" \/>\n<meta name=\"twitter:site\" content=\"@diretosacristia\" \/>\n<meta name=\"twitter:label1\" content=\"Escrito por\" \/>\n\t<meta name=\"twitter:data1\" content=\"E. Mar\u00e7al\" \/>\n\t<meta name=\"twitter:label2\" content=\"Est. tempo de leitura\" \/>\n\t<meta name=\"twitter:data2\" content=\"2 minutos\" \/>\n<script type=\"application\/ld+json\" class=\"yoast-schema-graph\">{\"@context\":\"https:\\\/\\\/schema.org\",\"@graph\":[{\"@type\":\"Article\",\"@id\":\"https:\\\/\\\/diretodasacristia.com\\\/home\\\/liturgia\\\/cremacao-sim-naturalismo-nao\\\/#article\",\"isPartOf\":{\"@id\":\"https:\\\/\\\/diretodasacristia.com\\\/home\\\/liturgia\\\/cremacao-sim-naturalismo-nao\\\/\"},\"author\":{\"name\":\"E. Mar\u00e7al\",\"@id\":\"https:\\\/\\\/diretodasacristia.com\\\/home\\\/#\\\/schema\\\/person\\\/3d453ef1f7d57c0bb0990b8070642721\"},\"headline\":\"Crema\u00e7\u00e3o sim, naturalismo n\u00e3o!\",\"datePublished\":\"2012-03-08T19:56:26+00:00\",\"dateModified\":\"2012-04-01T13:24:53+00:00\",\"mainEntityOfPage\":{\"@id\":\"https:\\\/\\\/diretodasacristia.com\\\/home\\\/liturgia\\\/cremacao-sim-naturalismo-nao\\\/\"},\"wordCount\":436,\"commentCount\":0,\"publisher\":{\"@id\":\"https:\\\/\\\/diretodasacristia.com\\\/home\\\/#organization\"},\"image\":{\"@id\":\"https:\\\/\\\/diretodasacristia.com\\\/home\\\/liturgia\\\/cremacao-sim-naturalismo-nao\\\/#primaryimage\"},\"thumbnailUrl\":\"http:\\\/\\\/diretodasacristia.com\\\/home\\\/wp-content\\\/uploads\\\/2012\\\/03\\\/Urna-cinzas.jpg\",\"keywords\":[\"Confer\u00eancia Episcopal da It\u00e1lia\",\"Crema\u00e7\u00e3o\",\"Jo\u00e3o Paulo II\",\"Sepultamento crist\u00e3o\"],\"articleSection\":[\"Liturgia\",\"Not\u00edcias\",\"Teologia\"],\"inLanguage\":\"pt-BR\",\"potentialAction\":[{\"@type\":\"CommentAction\",\"name\":\"Comment\",\"target\":[\"https:\\\/\\\/diretodasacristia.com\\\/home\\\/liturgia\\\/cremacao-sim-naturalismo-nao\\\/#respond\"]}]},{\"@type\":\"WebPage\",\"@id\":\"https:\\\/\\\/diretodasacristia.com\\\/home\\\/liturgia\\\/cremacao-sim-naturalismo-nao\\\/\",\"url\":\"https:\\\/\\\/diretodasacristia.com\\\/home\\\/liturgia\\\/cremacao-sim-naturalismo-nao\\\/\",\"name\":\"Crema\u00e7\u00e3o sim, naturalismo n\u00e3o! - Direto da Sacristia\",\"isPartOf\":{\"@id\":\"https:\\\/\\\/diretodasacristia.com\\\/home\\\/#website\"},\"primaryImageOfPage\":{\"@id\":\"https:\\\/\\\/diretodasacristia.com\\\/home\\\/liturgia\\\/cremacao-sim-naturalismo-nao\\\/#primaryimage\"},\"image\":{\"@id\":\"https:\\\/\\\/diretodasacristia.com\\\/home\\\/liturgia\\\/cremacao-sim-naturalismo-nao\\\/#primaryimage\"},\"thumbnailUrl\":\"http:\\\/\\\/diretodasacristia.com\\\/home\\\/wp-content\\\/uploads\\\/2012\\\/03\\\/Urna-cinzas.jpg\",\"datePublished\":\"2012-03-08T19:56:26+00:00\",\"dateModified\":\"2012-04-01T13:24:53+00:00\",\"breadcrumb\":{\"@id\":\"https:\\\/\\\/diretodasacristia.com\\\/home\\\/liturgia\\\/cremacao-sim-naturalismo-nao\\\/#breadcrumb\"},\"inLanguage\":\"pt-BR\",\"potentialAction\":[{\"@type\":\"ReadAction\",\"target\":[\"https:\\\/\\\/diretodasacristia.com\\\/home\\\/liturgia\\\/cremacao-sim-naturalismo-nao\\\/\"]}]},{\"@type\":\"ImageObject\",\"inLanguage\":\"pt-BR\",\"@id\":\"https:\\\/\\\/diretodasacristia.com\\\/home\\\/liturgia\\\/cremacao-sim-naturalismo-nao\\\/#primaryimage\",\"url\":\"http:\\\/\\\/diretodasacristia.com\\\/home\\\/wp-content\\\/uploads\\\/2012\\\/03\\\/Urna-cinzas.jpg\",\"contentUrl\":\"http:\\\/\\\/diretodasacristia.com\\\/home\\\/wp-content\\\/uploads\\\/2012\\\/03\\\/Urna-cinzas.jpg\"},{\"@type\":\"BreadcrumbList\",\"@id\":\"https:\\\/\\\/diretodasacristia.com\\\/home\\\/liturgia\\\/cremacao-sim-naturalismo-nao\\\/#breadcrumb\",\"itemListElement\":[{\"@type\":\"ListItem\",\"position\":1,\"name\":\"In\u00edcio\",\"item\":\"https:\\\/\\\/diretodasacristia.com\\\/home\\\/\"},{\"@type\":\"ListItem\",\"position\":2,\"name\":\"Crema\u00e7\u00e3o sim, naturalismo n\u00e3o!\"}]},{\"@type\":\"WebSite\",\"@id\":\"https:\\\/\\\/diretodasacristia.com\\\/home\\\/#website\",\"url\":\"https:\\\/\\\/diretodasacristia.com\\\/home\\\/\",\"name\":\"Direto da Sacristia\",\"description\":\"Not\u00edcias e artigos sobre a f\u00e9 cat\u00f3lica\",\"publisher\":{\"@id\":\"https:\\\/\\\/diretodasacristia.com\\\/home\\\/#organization\"},\"potentialAction\":[{\"@type\":\"SearchAction\",\"target\":{\"@type\":\"EntryPoint\",\"urlTemplate\":\"https:\\\/\\\/diretodasacristia.com\\\/home\\\/?s={search_term_string}\"},\"query-input\":{\"@type\":\"PropertyValueSpecification\",\"valueRequired\":true,\"valueName\":\"search_term_string\"}}],\"inLanguage\":\"pt-BR\"},{\"@type\":\"Organization\",\"@id\":\"https:\\\/\\\/diretodasacristia.com\\\/home\\\/#organization\",\"name\":\"Direto da Sacristia\",\"url\":\"https:\\\/\\\/diretodasacristia.com\\\/home\\\/\",\"logo\":{\"@type\":\"ImageObject\",\"inLanguage\":\"pt-BR\",\"@id\":\"https:\\\/\\\/diretodasacristia.com\\\/home\\\/#\\\/schema\\\/logo\\\/image\\\/\",\"url\":\"https:\\\/\\\/i0.wp.com\\\/diretodasacristia.com\\\/home\\\/wp-content\\\/uploads\\\/2012\\\/01\\\/marca-sacristia.png?fit=320%2C306&ssl=1\",\"contentUrl\":\"https:\\\/\\\/i0.wp.com\\\/diretodasacristia.com\\\/home\\\/wp-content\\\/uploads\\\/2012\\\/01\\\/marca-sacristia.png?fit=320%2C306&ssl=1\",\"width\":\"320\",\"height\":\"306\",\"caption\":\"Direto da Sacristia\"},\"image\":{\"@id\":\"https:\\\/\\\/diretodasacristia.com\\\/home\\\/#\\\/schema\\\/logo\\\/image\\\/\"},\"sameAs\":[\"https:\\\/\\\/www.facebook.com\\\/DiretoSacristia\",\"https:\\\/\\\/x.com\\\/diretosacristia\",\"https:\\\/\\\/www.instagram.com\\\/diretodasacristia\\\/\",\"https:\\\/\\\/www.youtube.com\\\/diretodasacristia\"]},{\"@type\":\"Person\",\"@id\":\"https:\\\/\\\/diretodasacristia.com\\\/home\\\/#\\\/schema\\\/person\\\/3d453ef1f7d57c0bb0990b8070642721\",\"name\":\"E. Mar\u00e7al\",\"image\":{\"@type\":\"ImageObject\",\"inLanguage\":\"pt-BR\",\"@id\":\"https:\\\/\\\/secure.gravatar.com\\\/avatar\\\/348ff80a5ddde3de6c8b6e0c5b066b733f9245285d9ab87cd2e2ff652ffa95b0?s=96&d=mm&r=g\",\"url\":\"https:\\\/\\\/secure.gravatar.com\\\/avatar\\\/348ff80a5ddde3de6c8b6e0c5b066b733f9245285d9ab87cd2e2ff652ffa95b0?s=96&d=mm&r=g\",\"contentUrl\":\"https:\\\/\\\/secure.gravatar.com\\\/avatar\\\/348ff80a5ddde3de6c8b6e0c5b066b733f9245285d9ab87cd2e2ff652ffa95b0?s=96&d=mm&r=g\",\"caption\":\"E. Mar\u00e7al\"},\"url\":\"https:\\\/\\\/diretodasacristia.com\\\/home\\\/author\\\/erick\\\/\"}]}<\/script>\n<!-- \/ Yoast SEO plugin. -->","yoast_head_json":{"title":"Crema\u00e7\u00e3o sim, naturalismo n\u00e3o! - Direto da Sacristia","robots":{"index":"index","follow":"follow","max-snippet":"max-snippet:-1","max-image-preview":"max-image-preview:large","max-video-preview":"max-video-preview:-1"},"canonical":"https:\/\/diretodasacristia.com\/home\/liturgia\/cremacao-sim-naturalismo-nao\/","og_locale":"pt_BR","og_type":"article","og_title":"Crema\u00e7\u00e3o sim, naturalismo n\u00e3o! - Direto da Sacristia","og_description":"Do Humanitas Unisinos Bispos italianos permitem a crema\u00e7\u00e3o, mas com reservas Em seu testamento, Jo\u00e3o Paulo II pediu que fosse sepultado em &#8220;terra nua&#8221; A partir de 02 de novembro pr\u00f3ximo, Comemora\u00e7\u00e3o de Todos os Fi\u00e9is Defuntos, entrar\u00e1 em vigor na It\u00e1lia o novo texto aprovado para as ex\u00e9quias crist\u00e3s. Nestas agora n\u00e3o \u00e9 mais... Ver artigo","og_url":"https:\/\/diretodasacristia.com\/home\/liturgia\/cremacao-sim-naturalismo-nao\/","og_site_name":"Direto da Sacristia","article_publisher":"https:\/\/www.facebook.com\/DiretoSacristia","article_published_time":"2012-03-08T19:56:26+00:00","article_modified_time":"2012-04-01T13:24:53+00:00","og_image":[{"url":"http:\/\/diretodasacristia.com\/home\/wp-content\/uploads\/2012\/03\/Urna-cinzas.jpg","type":"","width":"","height":""}],"author":"E. Mar\u00e7al","twitter_card":"summary_large_image","twitter_creator":"@diretosacristia","twitter_site":"@diretosacristia","twitter_misc":{"Escrito por":"E. Mar\u00e7al","Est. tempo de leitura":"2 minutos"},"schema":{"@context":"https:\/\/schema.org","@graph":[{"@type":"Article","@id":"https:\/\/diretodasacristia.com\/home\/liturgia\/cremacao-sim-naturalismo-nao\/#article","isPartOf":{"@id":"https:\/\/diretodasacristia.com\/home\/liturgia\/cremacao-sim-naturalismo-nao\/"},"author":{"name":"E. Mar\u00e7al","@id":"https:\/\/diretodasacristia.com\/home\/#\/schema\/person\/3d453ef1f7d57c0bb0990b8070642721"},"headline":"Crema\u00e7\u00e3o sim, naturalismo n\u00e3o!","datePublished":"2012-03-08T19:56:26+00:00","dateModified":"2012-04-01T13:24:53+00:00","mainEntityOfPage":{"@id":"https:\/\/diretodasacristia.com\/home\/liturgia\/cremacao-sim-naturalismo-nao\/"},"wordCount":436,"commentCount":0,"publisher":{"@id":"https:\/\/diretodasacristia.com\/home\/#organization"},"image":{"@id":"https:\/\/diretodasacristia.com\/home\/liturgia\/cremacao-sim-naturalismo-nao\/#primaryimage"},"thumbnailUrl":"http:\/\/diretodasacristia.com\/home\/wp-content\/uploads\/2012\/03\/Urna-cinzas.jpg","keywords":["Confer\u00eancia Episcopal da It\u00e1lia","Crema\u00e7\u00e3o","Jo\u00e3o Paulo II","Sepultamento crist\u00e3o"],"articleSection":["Liturgia","Not\u00edcias","Teologia"],"inLanguage":"pt-BR","potentialAction":[{"@type":"CommentAction","name":"Comment","target":["https:\/\/diretodasacristia.com\/home\/liturgia\/cremacao-sim-naturalismo-nao\/#respond"]}]},{"@type":"WebPage","@id":"https:\/\/diretodasacristia.com\/home\/liturgia\/cremacao-sim-naturalismo-nao\/","url":"https:\/\/diretodasacristia.com\/home\/liturgia\/cremacao-sim-naturalismo-nao\/","name":"Crema\u00e7\u00e3o sim, naturalismo n\u00e3o! - Direto da Sacristia","isPartOf":{"@id":"https:\/\/diretodasacristia.com\/home\/#website"},"primaryImageOfPage":{"@id":"https:\/\/diretodasacristia.com\/home\/liturgia\/cremacao-sim-naturalismo-nao\/#primaryimage"},"image":{"@id":"https:\/\/diretodasacristia.com\/home\/liturgia\/cremacao-sim-naturalismo-nao\/#primaryimage"},"thumbnailUrl":"http:\/\/diretodasacristia.com\/home\/wp-content\/uploads\/2012\/03\/Urna-cinzas.jpg","datePublished":"2012-03-08T19:56:26+00:00","dateModified":"2012-04-01T13:24:53+00:00","breadcrumb":{"@id":"https:\/\/diretodasacristia.com\/home\/liturgia\/cremacao-sim-naturalismo-nao\/#breadcrumb"},"inLanguage":"pt-BR","potentialAction":[{"@type":"ReadAction","target":["https:\/\/diretodasacristia.com\/home\/liturgia\/cremacao-sim-naturalismo-nao\/"]}]},{"@type":"ImageObject","inLanguage":"pt-BR","@id":"https:\/\/diretodasacristia.com\/home\/liturgia\/cremacao-sim-naturalismo-nao\/#primaryimage","url":"http:\/\/diretodasacristia.com\/home\/wp-content\/uploads\/2012\/03\/Urna-cinzas.jpg","contentUrl":"http:\/\/diretodasacristia.com\/home\/wp-content\/uploads\/2012\/03\/Urna-cinzas.jpg"},{"@type":"BreadcrumbList","@id":"https:\/\/diretodasacristia.com\/home\/liturgia\/cremacao-sim-naturalismo-nao\/#breadcrumb","itemListElement":[{"@type":"ListItem","position":1,"name":"In\u00edcio","item":"https:\/\/diretodasacristia.com\/home\/"},{"@type":"ListItem","position":2,"name":"Crema\u00e7\u00e3o sim, naturalismo n\u00e3o!"}]},{"@type":"WebSite","@id":"https:\/\/diretodasacristia.com\/home\/#website","url":"https:\/\/diretodasacristia.com\/home\/","name":"Direto da Sacristia","description":"Not\u00edcias e artigos sobre a f\u00e9 cat\u00f3lica","publisher":{"@id":"https:\/\/diretodasacristia.com\/home\/#organization"},"potentialAction":[{"@type":"SearchAction","target":{"@type":"EntryPoint","urlTemplate":"https:\/\/diretodasacristia.com\/home\/?s={search_term_string}"},"query-input":{"@type":"PropertyValueSpecification","valueRequired":true,"valueName":"search_term_string"}}],"inLanguage":"pt-BR"},{"@type":"Organization","@id":"https:\/\/diretodasacristia.com\/home\/#organization","name":"Direto da Sacristia","url":"https:\/\/diretodasacristia.com\/home\/","logo":{"@type":"ImageObject","inLanguage":"pt-BR","@id":"https:\/\/diretodasacristia.com\/home\/#\/schema\/logo\/image\/","url":"https:\/\/i0.wp.com\/diretodasacristia.com\/home\/wp-content\/uploads\/2012\/01\/marca-sacristia.png?fit=320%2C306&ssl=1","contentUrl":"https:\/\/i0.wp.com\/diretodasacristia.com\/home\/wp-content\/uploads\/2012\/01\/marca-sacristia.png?fit=320%2C306&ssl=1","width":"320","height":"306","caption":"Direto da Sacristia"},"image":{"@id":"https:\/\/diretodasacristia.com\/home\/#\/schema\/logo\/image\/"},"sameAs":["https:\/\/www.facebook.com\/DiretoSacristia","https:\/\/x.com\/diretosacristia","https:\/\/www.instagram.com\/diretodasacristia\/","https:\/\/www.youtube.com\/diretodasacristia"]},{"@type":"Person","@id":"https:\/\/diretodasacristia.com\/home\/#\/schema\/person\/3d453ef1f7d57c0bb0990b8070642721","name":"E. Mar\u00e7al","image":{"@type":"ImageObject","inLanguage":"pt-BR","@id":"https:\/\/secure.gravatar.com\/avatar\/348ff80a5ddde3de6c8b6e0c5b066b733f9245285d9ab87cd2e2ff652ffa95b0?s=96&d=mm&r=g","url":"https:\/\/secure.gravatar.com\/avatar\/348ff80a5ddde3de6c8b6e0c5b066b733f9245285d9ab87cd2e2ff652ffa95b0?s=96&d=mm&r=g","contentUrl":"https:\/\/secure.gravatar.com\/avatar\/348ff80a5ddde3de6c8b6e0c5b066b733f9245285d9ab87cd2e2ff652ffa95b0?s=96&d=mm&r=g","caption":"E. Mar\u00e7al"},"url":"https:\/\/diretodasacristia.com\/home\/author\/erick\/"}]}},"jetpack_publicize_connections":[],"jetpack_featured_media_url":"","jetpack_sharing_enabled":true,"jetpack_shortlink":"https:\/\/wp.me\/p24aG7-n2","jetpack-related-posts":[{"id":2455,"url":"https:\/\/diretodasacristia.com\/home\/sem-categoria\/sem-exumacao-2\/","url_meta":{"origin":1428,"position":0},"title":"Sem exuma\u00e7\u00e3o","author":"E. Mar\u00e7al","date":"29 de abril de 2011","format":false,"excerpt":"Com informa\u00e7\u00f5es da ag\u00eancia G1 e da Gaudium PressDetalhes sobre a beatifica\u00e7\u00e3o de Jo\u00e3o Paulo IIFuncion\u00e1rios do Vaticano erguem do t\u00famulo o ata\u00fadesob os olhares curiosos de cardeais, bispos e leigosFoi retirado do t\u00famulo \u00e0s 9h (de Roma) desta sexta-feira, dia 29, o ata\u00fade com os restos mortais do Vener\u00e1vel\u2026","rel":"","context":"Em &quot;Sem categoria&quot;","block_context":{"text":"Sem categoria","link":"https:\/\/diretodasacristia.com\/home\/c\/sem-categoria\/"},"img":{"alt_text":"","src":"","width":0,"height":0},"classes":[]},{"id":109,"url":"https:\/\/diretodasacristia.com\/home\/noticias\/subito-veramente-subito-2\/","url_meta":{"origin":1428,"position":1},"title":"Subito, veramente subito","author":"E. Mar\u00e7al","date":"15 de janeiro de 2011","format":false,"excerpt":"Da ag\u00eancia Zenit e do IHU R\u00e1pido, verdadeiramente r\u00e1pido Jo\u00e3o Paulo II ser\u00e1 elevado \u00e0 gl\u00f3ria dos altares Papa Jo\u00e3o Paulo II de f\u00e9rula papal na m\u00e3o e ajoelhado diante da Porta Santa na abertura do Ano Mariano em 1988 Ontem, o cardeal Angelo Amato saiu da audi\u00eancia pontif\u00edcia com\u2026","rel":"","context":"Em &quot;Not\u00edcias&quot;","block_context":{"text":"Not\u00edcias","link":"https:\/\/diretodasacristia.com\/home\/c\/noticias\/"},"img":{"alt_text":"","src":"","width":0,"height":0},"classes":[]},{"id":106,"url":"https:\/\/diretodasacristia.com\/home\/noticias\/altar-onde-sera-venerado-joao-paulo-ii\/","url_meta":{"origin":1428,"position":2},"title":"Altar onde ser\u00e1 venerado Jo\u00e3o Paulo II","author":"E. Mar\u00e7al","date":"26 de janeiro de 2011","format":false,"excerpt":"Com informa\u00e7\u00f5es de Carlos Donato, diretamente de Roma. Fotos do altar na Bas\u00edlica Vaticana \u00a0 Com a proximidade da cerim\u00f4nia de beatifica\u00e7\u00e3o de Jo\u00e3o Paulo II, estima-se que 2 milh\u00f5es de pessoas fa\u00e7am-se presentes. A Casa Pontif\u00edcia cr\u00ea que a Pra\u00e7a de S\u00e3o Pedro n\u00e3o ser\u00e1 capaz de conter todos\u2026","rel":"","context":"Em &quot;Not\u00edcias&quot;","block_context":{"text":"Not\u00edcias","link":"https:\/\/diretodasacristia.com\/home\/c\/noticias\/"},"img":{"alt_text":"","src":"","width":0,"height":0},"classes":[]},{"id":233,"url":"https:\/\/diretodasacristia.com\/home\/brasil\/morreu-o-arcebispo-de-campinas\/","url_meta":{"origin":1428,"position":3},"title":"Morreu o Arcebispo de Campinas","author":"E. Mar\u00e7al","date":"28 de agosto de 2011","format":false,"excerpt":"\u00a0 \u00c0s 15h deste domingo, 28, faleceu S.E.R. Dom Bruno Gamberini, Arcebispo de Campinas, aos 61 anos. Em dois meses, o venerando Bispo foi internado tr\u00eas vezes - primeiro por crise de diabetes, depois por um desequil\u00edbrio emocional e, na \u00faltima, por uma hemorragia digestiva alta. Na \u00faltima sexta-feira, dia\u2026","rel":"","context":"Em &quot;Brasil&quot;","block_context":{"text":"Brasil","link":"https:\/\/diretodasacristia.com\/home\/c\/brasil\/"},"img":{"alt_text":"","src":"","width":0,"height":0},"classes":[]},{"id":3969,"url":"https:\/\/diretodasacristia.com\/home\/liturgia\/e-veio-a-ferula-de-paulo-vi\/","url_meta":{"origin":1428,"position":4},"title":"E veio a f\u00e9rula de Paulo VI","author":"E. Mar\u00e7al","date":"14 de abril de 2013","format":false,"excerpt":"Ainda na missa de sua coroa\u00e7\u00e3o pontif\u00edcia, em 30 junho 1963, a ins\u00edgnia n\u00e3o foi usada como o seria a partir do encerramento do Conc\u00edlio Vaticano II, quando pela primeira vez Paulo VI usou a f\u00e9rula desenhada por Lello Scorzelli. O novo desenho, em prata, apresenta o Cristo numa cruz\u2026","rel":"","context":"Em &quot;Destaque&quot;","block_context":{"text":"Destaque","link":"https:\/\/diretodasacristia.com\/home\/c\/destaque\/"},"img":{"alt_text":"Pope Paul Vi Between 1975 -1978","src":"https:\/\/i0.wp.com\/diretodasacristia.com\/home\/wp-content\/uploads\/2013\/04\/Paulo-VI-modelos-f%C3%A9rula.jpg?resize=350%2C200","width":350,"height":200,"srcset":"https:\/\/i0.wp.com\/diretodasacristia.com\/home\/wp-content\/uploads\/2013\/04\/Paulo-VI-modelos-f%C3%A9rula.jpg?resize=350%2C200 1x, https:\/\/i0.wp.com\/diretodasacristia.com\/home\/wp-content\/uploads\/2013\/04\/Paulo-VI-modelos-f%C3%A9rula.jpg?resize=525%2C300 1.5x, https:\/\/i0.wp.com\/diretodasacristia.com\/home\/wp-content\/uploads\/2013\/04\/Paulo-VI-modelos-f%C3%A9rula.jpg?resize=700%2C400 2x"},"classes":[]},{"id":2460,"url":"https:\/\/diretodasacristia.com\/home\/sem-categoria\/memoria-liturgica-de-joao-paulo-ii-2\/","url_meta":{"origin":1428,"position":5},"title":"Mem\u00f3ria lit\u00fargica de Jo\u00e3o Paulo II","author":"E. Mar\u00e7al","date":"18 de abril de 2011","format":false,"excerpt":"Com informa\u00e7\u00f5es da ag\u00eancia ZenitDECRETOsobre o culto lit\u00fargico a ser tributado em honra do Beato Jo\u00e3o Paulo II, PapaUm car\u00e1ter de excepcionalidade, reconhecido por toda a Igreja Cat\u00f3lica espalhada sobre a terra, reveste a beatifica\u00e7\u00e3o do Vener\u00e1vel Jo\u00e3o Paulo II, de feliz mem\u00f3ria, a ser realizada em 1\u00ba de maio\u2026","rel":"","context":"Em &quot;Sem categoria&quot;","block_context":{"text":"Sem categoria","link":"https:\/\/diretodasacristia.com\/home\/c\/sem-categoria\/"},"img":{"alt_text":"","src":"","width":0,"height":0},"classes":[]}],"post_mailing_queue_ids":[],"_links":{"self":[{"href":"https:\/\/diretodasacristia.com\/home\/wp-json\/wp\/v2\/posts\/1428","targetHints":{"allow":["GET"]}}],"collection":[{"href":"https:\/\/diretodasacristia.com\/home\/wp-json\/wp\/v2\/posts"}],"about":[{"href":"https:\/\/diretodasacristia.com\/home\/wp-json\/wp\/v2\/types\/post"}],"author":[{"embeddable":true,"href":"https:\/\/diretodasacristia.com\/home\/wp-json\/wp\/v2\/users\/3"}],"replies":[{"embeddable":true,"href":"https:\/\/diretodasacristia.com\/home\/wp-json\/wp\/v2\/comments?post=1428"}],"version-history":[{"count":13,"href":"https:\/\/diretodasacristia.com\/home\/wp-json\/wp\/v2\/posts\/1428\/revisions"}],"predecessor-version":[{"id":2091,"href":"https:\/\/diretodasacristia.com\/home\/wp-json\/wp\/v2\/posts\/1428\/revisions\/2091"}],"wp:attachment":[{"href":"https:\/\/diretodasacristia.com\/home\/wp-json\/wp\/v2\/media?parent=1428"}],"wp:term":[{"taxonomy":"category","embeddable":true,"href":"https:\/\/diretodasacristia.com\/home\/wp-json\/wp\/v2\/categories?post=1428"},{"taxonomy":"post_tag","embeddable":true,"href":"https:\/\/diretodasacristia.com\/home\/wp-json\/wp\/v2\/tags?post=1428"}],"curies":[{"name":"wp","href":"https:\/\/api.w.org\/{rel}","templated":true}]}}