{"id":1647,"date":"2012-03-19T14:58:02","date_gmt":"2012-03-19T17:58:02","guid":{"rendered":"http:\/\/diretodasacristia.com\/home\/?p=1647"},"modified":"2012-03-19T19:12:37","modified_gmt":"2012-03-19T22:12:37","slug":"morre-o-papa-de-alexandria","status":"publish","type":"post","link":"https:\/\/diretodasacristia.com\/home\/liturgia\/morre-o-papa-de-alexandria\/","title":{"rendered":"Morre o Papa de Alexandria"},"content":{"rendered":"<p style=\"text-align: center;\"><a href=\"https:\/\/diretodasacristia.com\/home\/wp-content\/uploads\/2012\/03\/Multid\u00e3o-lamenta-a-morte-do-l\u00edder-copta.jpg\"><img loading=\"lazy\" decoding=\"async\" class=\"size-full wp-image-1666 aligncenter\" title=\"Multid\u00e3o lamenta a morte do l\u00edder copta\" src=\"https:\/\/diretodasacristia.com\/home\/wp-content\/uploads\/2012\/03\/Multid\u00e3o-lamenta-a-morte-do-l\u00edder-copta.jpg\" alt=\"\" width=\"618\" height=\"374\" srcset=\"https:\/\/diretodasacristia.com\/home\/wp-content\/uploads\/2012\/03\/Multid\u00e3o-lamenta-a-morte-do-l\u00edder-copta.jpg 618w, https:\/\/diretodasacristia.com\/home\/wp-content\/uploads\/2012\/03\/Multid\u00e3o-lamenta-a-morte-do-l\u00edder-copta-300x181.jpg 300w\" sizes=\"auto, (max-width: 618px) 100vw, 618px\" \/><\/a><\/p>\n<p style=\"text-align: center;\"><em>Uma ortodoxa copta chora a morte de Shenouda III, com o drama bem comum de algumas culturas do Oriente<\/em><\/p>\n<p style=\"text-align: center;\"><a href=\"https:\/\/diretodasacristia.com\/home\/wp-content\/uploads\/2012\/03\/Mulher-de-luto-pela-morte-de-Shenouda.jpg\"><img loading=\"lazy\" decoding=\"async\" class=\"size-full wp-image-1672 aligncenter\" title=\"Mulher de luto pela morte de Shenouda\" src=\"https:\/\/diretodasacristia.com\/home\/wp-content\/uploads\/2012\/03\/Mulher-de-luto-pela-morte-de-Shenouda.jpg\" alt=\"\" width=\"628\" height=\"404\" srcset=\"https:\/\/diretodasacristia.com\/home\/wp-content\/uploads\/2012\/03\/Mulher-de-luto-pela-morte-de-Shenouda.jpg 628w, https:\/\/diretodasacristia.com\/home\/wp-content\/uploads\/2012\/03\/Mulher-de-luto-pela-morte-de-Shenouda-300x192.jpg 300w\" sizes=\"auto, (max-width: 628px) 100vw, 628px\" \/><\/a><\/p>\n<p style=\"text-align: justify;\">O Egito chora a perda de um dos\u00a0seus maiores l\u00edderes espirituais crist\u00e3os. O Papa de Alexandria e Patriarca da Predica\u00e7\u00e3o de S\u00e3o Marcos e de toda a \u00c1frica, Shenouda III, faleceu ontem, vitimado por complica\u00e7\u00f5es de sa\u00fade no pulm\u00e3o e no f\u00edgado.\u00a0Ele liderou\u00a0a Igreja Ortodoxa Copta, n\u00e3o calcedoniana, e portanto sem comunh\u00e3o com as Igrejas Ortodoxas tradicionais, por se negar a aceitar a doutrina das duas naturezas de Cristo (uni\u00e3o hispost\u00e1tica), decretada pelo Conc\u00edlio de Calced\u00f4nia em 451. Acusados pelos cat\u00f3licos romanos e pelos ortodoxos tradicionais de pregarem o monofisismo, em que Cristo teria apenas uma natureza, a divina, os n\u00e3o calcedonianos se afirmam no entanto miafisistas; a divindade e a humanidade de Cristo estariam unidas perfeitamente numa singular natureza. Ambas as posi\u00e7\u00f5es cristol\u00f3gicas s\u00e3o consideradas her\u00e9ticas pelos cat\u00f3licos romanos e pelos ortodoxos tradicionais.<\/p>\n<p style=\"text-align: center;\"><a href=\"https:\/\/diretodasacristia.com\/home\/wp-content\/uploads\/2012\/03\/Papa-Shenouda.jpg\"><img loading=\"lazy\" decoding=\"async\" class=\"size-full wp-image-1668 aligncenter\" title=\"Papa Shenouda\" src=\"https:\/\/diretodasacristia.com\/home\/wp-content\/uploads\/2012\/03\/Papa-Shenouda.jpg\" alt=\"\" width=\"604\" height=\"401\" srcset=\"https:\/\/diretodasacristia.com\/home\/wp-content\/uploads\/2012\/03\/Papa-Shenouda.jpg 604w, https:\/\/diretodasacristia.com\/home\/wp-content\/uploads\/2012\/03\/Papa-Shenouda-300x199.jpg 300w\" sizes=\"auto, (max-width: 604px) 100vw, 604px\" \/><\/a><\/p>\n<p style=\"text-align: center;\"><em>A Igreja Ortodoxa Copta celebra segundo o rito alexandrino<\/em><\/p>\n<p style=\"text-align: justify;\">A Igreja de Alexandria foi fundada por S\u00e3o Marcos Evangelista, ainda no primeiro s\u00e9culo do cristianismo. Sofreu um s\u00e9rio cisma ap\u00f3s o Conc\u00edlio de Calced\u00f4nia; a maioria dos fi\u00e9is de l\u00edngua grega decidiu permanecer fiel ao Patriarcado de Constantinopla e aceitar a doutrina da uni\u00e3o hipost\u00e1tica, sendo fundada as atuais Igreja Ortodoxa Copta e \u00a0Igreja Ortodoxa Grega de Alexandria. No s\u00e9culo XVIII, a Igreja Ortodoxa Copta sofreu uma nova divis\u00e3o. A grande atividade mission\u00e1ria de franciscanos e jesu\u00edtas levou alguns cl\u00e9rigos e fi\u00e9is a buscarem a plena comunh\u00e3o com o Papa e bispo de Roma. Em 1781, o papa Bento XIV erigiu o Vicariato Apost\u00f3lico para os Cat\u00f3licos Coptas, sendo elevado \u00e0 condi\u00e7\u00e3o de patriarcado pelo papa Le\u00e3o XIII, em 1895. Hoje, as tr\u00eas igrejas coptas reivindicam a sucess\u00e3o da c\u00e1tedra de S\u00e3o Marcos.<\/p>\n<p style=\"text-align: justify;\">Os crist\u00e3os dos primeiros dec\u00eanios possu\u00edam o costume de chamar seus bispos pelo\u00a0t\u00edtulo &#8220;papa&#8221;, exprimindo o afeto,\u00a0a\u00a0\u00a0estima e a venera\u00e7\u00e3o por aqueles verdadeiros pais espirituais. A partir do s\u00e9culo V, percebe-se a tend\u00eancia a reservar\u00a0este uso\u00a0aos bispos que exerciam fun\u00e7\u00f5es primaciais entre os demais. Com o tempo, a denomina\u00e7\u00e3o foi se tornando singular do Bispo de Roma. No entanto, os ortodoxos coptas mantiveram esta tradi\u00e7\u00e3o; j\u00e1 haviam se passado v\u00e1rios anos ap\u00f3s o cisma.<\/p>\n<p style=\"text-align: center;\"><a href=\"https:\/\/diretodasacristia.com\/home\/wp-content\/uploads\/2012\/03\/Shenouda.jpg\"><br \/>\n<img loading=\"lazy\" decoding=\"async\" class=\"aligncenter\" title=\"Shenouda\" src=\"https:\/\/diretodasacristia.com\/home\/wp-content\/uploads\/2012\/03\/Shenouda.jpg\" alt=\"\" width=\"477\" height=\"717\" \/><\/a><\/p>\n<p style=\"text-align: justify;\">Nazeer Gayed Roufail nasceu em 1923 na prov\u00edncia eg\u00edpcia de Assiut. Filho ca\u00e7ula de oito irm\u00e3os, o menino cresceu nas redondezas da igreja de sua pequena cidade, ajudando no ensino de crian\u00e7as mais jovens. Graduou-se em Hist\u00f3ria pela Universidade do Cairo, passando a lecionar em\u00a0escolas do 2\u00ba grau\u00a0durante o dia\u00a0e a estudar Teologia \u00e0 noite. Ap\u00f3s concluir os estudos teol\u00f3gicos, foi professor durante cinco anos at\u00e9 aderir \u00e0 vida mon\u00e1stica,\u00a0passando a viver v\u00e1rios anos como eremita\u00a0numa caverna, dedicando-se \u00e0 ora\u00e7\u00e3o, ao jejum e \u00e0 penit\u00eancia. Pediu para receber a ordena\u00e7\u00e3o sacerdotal e aderiu \u00e0 vida comunit\u00e1ria. Em 1962, foi nomeado decano do Semin\u00e1rio Teol\u00f3gico Ortodoxo Copta e sagrado bispo pelo ent\u00e3o Papa Cirilo VI, recebendo o nome de Shenouda. O n\u00famero de alunos do semin\u00e1rio triplicou durante a administra\u00e7\u00e3o do bispo Shenouda, que fora acusado de progressista e de promover campanhas subversivas, levando-o a ser suspenso. Entre suas iniciativas estavam a elei\u00e7\u00e3o e a aclama\u00e7\u00e3o\u00a0popular de indiv\u00edduos para o presbiterado e para o episcopado, caracter\u00edstica marcante de sua futura administra\u00e7\u00e3o como papa.<\/p>\n<p style=\"text-align: justify;\">Em 1971, j\u00e1 tendo sua suspens\u00e3o remitida, foi eleito o 117\u00ba Papa de Alexandria, nove meses ap\u00f3s a morte de seu predecessor, com o nome de Shenouda III. Alguns coptas afirmam que sua elei\u00e7\u00e3o contrariava o c\u00e2non 15 do Conc\u00edlio de Niceia, que pro\u00edbe a transfer\u00eancia de bispos.\u00a0Apesar de\u00a0possuir o\u00a0car\u00e1ter episcopal,\u00a0no entanto, n\u00e3o\u00a0era titular de nenhuma diocese, o que\u00a0provocou\u00a0a aceita\u00e7\u00e3o de sua elei\u00e7\u00e3o.<\/p>\n<p style=\"text-align: center;\"><a href=\"https:\/\/diretodasacristia.com\/home\/wp-content\/uploads\/2012\/03\/Jo\u00e3o-Paulo-II-Shenouda-III.jpg\"><img loading=\"lazy\" decoding=\"async\" class=\"size-full wp-image-1671 aligncenter\" title=\"Jo\u00e3o Paulo II Shenouda III\" src=\"https:\/\/diretodasacristia.com\/home\/wp-content\/uploads\/2012\/03\/Jo\u00e3o-Paulo-II-Shenouda-III.jpg\" alt=\"\" width=\"611\" height=\"471\" srcset=\"https:\/\/diretodasacristia.com\/home\/wp-content\/uploads\/2012\/03\/Jo\u00e3o-Paulo-II-Shenouda-III.jpg 611w, https:\/\/diretodasacristia.com\/home\/wp-content\/uploads\/2012\/03\/Jo\u00e3o-Paulo-II-Shenouda-III-300x231.jpg 300w\" sizes=\"auto, (max-width: 611px) 100vw, 611px\" \/><\/a><\/p>\n<p style=\"text-align: justify;\">No seu pontificado, Shenouda demonstrou-se um l\u00edder eficaz no di\u00e1logo com os regimes pol\u00edticos inst\u00e1veis do Egito. Passou tr\u00eas anos exilado no Deserto da N\u00edtria por protestar contra o regime do presidente Anwar Sadat. Defensor dos interesses palestinos, o papa amea\u00e7ou excomungar qualquer fiel copta que visitasse Jerusal\u00e9m, acusando-os de trai\u00e7\u00e3o\u00a0e\u00a0alegando que as peregrina\u00e7\u00f5es n\u00e3o faziam parte das obriga\u00e7\u00f5es dos crist\u00e3os. Ele acusava Israel de haver se apropriado de um monast\u00e9rio pertencente \u00e0 sua Igreja.<\/p>\n<p style=\"text-align: justify;\">Sempre esteve ao lado de seus fi\u00e9is, na defesa da pequena comunidade copta, frequente v\u00edtima de atentados e de\u00a0segrega\u00e7\u00f5es por parte dos mu\u00e7ulmanos. Apesar disso, gozava do respeito das diversas lideran\u00e7as mu\u00e7ulmanas locais. Tamb\u00e9m fora um ardente defensor do ecumenismo e da unidade dos crist\u00e3os. Defendia a indissolubilidade do matrim\u00f4nio, afirmando que o div\u00f3rcio\u00a0 contrariava os ensinamentos do Evangelho.<\/p>\n<p style=\"text-align: center;\"><a href=\"https:\/\/diretodasacristia.com\/home\/wp-content\/uploads\/2012\/03\/Umas-das-\u00faltimas-fotografias-do-papa-em-vida.-Viagem-aos-EUA-para-tratamento-m\u00e9dico.jpg\"><img loading=\"lazy\" decoding=\"async\" class=\"aligncenter\" title=\"Umas das \u00faltimas fotografias do papa em vida. Viagem aos EUA para tratamento m\u00e9dico\" src=\"https:\/\/diretodasacristia.com\/home\/wp-content\/uploads\/2012\/03\/Umas-das-\u00faltimas-fotografias-do-papa-em-vida.-Viagem-aos-EUA-para-tratamento-m\u00e9dico.jpg\" alt=\"\" width=\"645\" height=\"430\" \/><\/a><\/p>\n<p style=\"text-align: center;\"><em>Uma das \u00faltimas fotos de Shenouda III em vida:<br \/>\nviagem aos Estados Unidos da Am\u00e9rica para tratamento de sua sa\u00fade<\/em><\/p>\n<p style=\"text-align: center;\"><a href=\"https:\/\/diretodasacristia.com\/home\/wp-content\/uploads\/2012\/03\/Corpo-exposto-para-venera\u00e7\u00e3o.jpg\"><img loading=\"lazy\" decoding=\"async\" class=\"size-full wp-image-1670 aligncenter\" title=\"Corpo exposto para venera\u00e7\u00e3o\" src=\"https:\/\/diretodasacristia.com\/home\/wp-content\/uploads\/2012\/03\/Corpo-exposto-para-venera\u00e7\u00e3o.jpg\" alt=\"\" width=\"600\" height=\"330\" srcset=\"https:\/\/diretodasacristia.com\/home\/wp-content\/uploads\/2012\/03\/Corpo-exposto-para-venera\u00e7\u00e3o.jpg 600w, https:\/\/diretodasacristia.com\/home\/wp-content\/uploads\/2012\/03\/Corpo-exposto-para-venera\u00e7\u00e3o-300x165.jpg 300w\" sizes=\"auto, (max-width: 600px) 100vw, 600px\" \/><\/a><\/p>\n<p style=\"text-align: center;\"><em>O corpo do Papa Shenouda \u00e9 velado revestido com os paramentos que lhes s\u00e3o pr\u00f3prios<br \/>\nNa Igreja de Roma, os restos mortais do Romano Pont\u00edfice s\u00e3o depositados em um ata\u00fade para as ex\u00e9quias papais<\/em><\/p>\n<p style=\"text-align: center;\"><a href=\"https:\/\/diretodasacristia.com\/home\/wp-content\/uploads\/2012\/03\/Corpo-do-patriarca-\u00e9-incensado-por-sacerdote.jpg\"><img loading=\"lazy\" decoding=\"async\" class=\"size-full wp-image-1669 aligncenter\" title=\"Corpo do patriarca \u00e9 incensado por sacerdote\" src=\"https:\/\/diretodasacristia.com\/home\/wp-content\/uploads\/2012\/03\/Corpo-do-patriarca-\u00e9-incensado-por-sacerdote.jpg\" alt=\"\" width=\"628\" height=\"412\" srcset=\"https:\/\/diretodasacristia.com\/home\/wp-content\/uploads\/2012\/03\/Corpo-do-patriarca-\u00e9-incensado-por-sacerdote.jpg 628w, https:\/\/diretodasacristia.com\/home\/wp-content\/uploads\/2012\/03\/Corpo-do-patriarca-\u00e9-incensado-por-sacerdote-300x196.jpg 300w\" sizes=\"auto, (max-width: 628px) 100vw, 628px\" \/><\/a><\/p>\n<p style=\"text-align: center;\"><em>\u00a0Sacerdote copta incensa o corpo segundo os ritos lit\u00fargicos<\/em><\/p>\n<p style=\"text-align: justify;\"><a href=\"https:\/\/diretodasacristia.com\/home\/wp-content\/uploads\/2012\/03\/Umas-das-\u00faltimas-fotografias-do-papa-em-vida.-Viagem-aos-EUA-para-tratamento-m\u00e9dico.jpg\"><span style=\"color: #000000;\"><br \/>\n<\/span><\/a><\/p>\n<p style=\"text-align: justify;\">Sua morte se deu num contexto de duras mudan\u00e7as sociais e pol\u00edticas no Egito. As recentes vit\u00f3rias dos partidos isl\u00e2micos nas elei\u00e7\u00f5es reacendeu o medo\u00a0na comunidade crist\u00e3.\u00a0Para muitos, resta a mem\u00f3ria de um homem que era considerado pai e defensor dos desfavorecidos, advogado da toler\u00e2ncia e do di\u00e1logo religioso. Para outros, a esperan\u00e7a de um novo l\u00edder capaz de liderar e de defender os ortodoxos coptas, fartos de serem marginalizados.<\/p>\n<p style=\"text-align: center;\"><a href=\"https:\/\/diretodasacristia.com\/home\/wp-content\/uploads\/2012\/03\/Padre-chora-a-morte-do-seu-pai-espiritual.jpg\"><img loading=\"lazy\" decoding=\"async\" class=\"aligncenter\" title=\"Padre chora a morte do seu pai espiritual\" src=\"https:\/\/diretodasacristia.com\/home\/wp-content\/uploads\/2012\/03\/Padre-chora-a-morte-do-seu-pai-espiritual.jpg\" alt=\"\" width=\"630\" height=\"410\" \/><\/a><\/p>\n<p style=\"text-align: center;\"><em>Sacerdote copta se emociona com a morte de Shenouda III<\/em><\/p>\n<p style=\"text-align: justify;\">O Papa Bento XVI, em mensagem enviada por seu Secret\u00e1rio de Estado, expressou suas condol\u00eancias a quem chamou de &#8220;um grande pastor&#8221;. O funeral se dar\u00e1 na pr\u00f3xima ter\u00e7a-feira. Centenas de bispos coptas de diversos pa\u00edses s\u00e3o esperados.\u00a0O corpo do patriarca, paramentado com roupas sacerdotais ricamente adornadas,\u00a0revestido com uma\u00a0mitra e um b\u00e1culo de ouro, foi colocado sentado num trono de madeira esculpido na Catedral de S\u00e3o Marcos, no Cairo, sede atual\u00a0da Igreja Ortodoxa Copta. Uma multid\u00e3o de fi\u00e9is em desespero veio se despedir\u00a0de seu pai espiritual. J\u00e1 se contabilizam tr\u00eas mortes por asfixiamento\u00a0ou pisoteamento e mais de quarenta feridos no meio\u00a0da aglomera\u00e7\u00e3o dentro e fora da catedral. Em coro, ouve-se gritos de &#8220;amamos-te, Pai!&#8221;, &#8220;Deus te guarde!&#8221;, &#8220;e agora, o que ser\u00e1 de n\u00f3s?!&#8221;.<\/p>\n<p style=\"text-align: justify;\">Que o Senhor conceda a ele o perd\u00e3o dos pecados e lhe d\u00ea a sua vis\u00e3o beat\u00edfica.<\/p>\n<p style=\"text-align: center;\">_______________<\/p>\n<p style=\"text-align: center;\"><a href=\"https:\/\/diretodasacristia.com\/home\/wp-content\/uploads\/2012\/03\/Traslado-corpo-Pio-XI.jpg\"><img loading=\"lazy\" decoding=\"async\" class=\"size-full wp-image-1657 aligncenter\" title=\"Traslado corpo Pio XI\" src=\"https:\/\/diretodasacristia.com\/home\/wp-content\/uploads\/2012\/03\/Traslado-corpo-Pio-XI.jpg\" alt=\"\" width=\"526\" height=\"760\" srcset=\"https:\/\/diretodasacristia.com\/home\/wp-content\/uploads\/2012\/03\/Traslado-corpo-Pio-XI.jpg 526w, https:\/\/diretodasacristia.com\/home\/wp-content\/uploads\/2012\/03\/Traslado-corpo-Pio-XI-207x300.jpg 207w\" sizes=\"auto, (max-width: 526px) 100vw, 526px\" \/><\/a><em><\/em><\/p>\n<p style=\"text-align: center;\"><em>Traslado do corpo do Papa Pio XI<\/em><\/p>\n<p style=\"text-align: center;\"><a href=\"https:\/\/diretodasacristia.com\/home\/wp-content\/uploads\/2012\/03\/Funeral-Pio-XI.jpg\"><img loading=\"lazy\" decoding=\"async\" class=\"wp-image-1658 aligncenter\" title=\"Funeral Pio XI\" src=\"https:\/\/diretodasacristia.com\/home\/wp-content\/uploads\/2012\/03\/Funeral-Pio-XI.jpg\" alt=\"\" width=\"608\" height=\"428\" srcset=\"https:\/\/diretodasacristia.com\/home\/wp-content\/uploads\/2012\/03\/Funeral-Pio-XI.jpg 760w, https:\/\/diretodasacristia.com\/home\/wp-content\/uploads\/2012\/03\/Funeral-Pio-XI-300x211.jpg 300w\" sizes=\"auto, (max-width: 608px) 100vw, 608px\" \/><\/a><\/p>\n<p style=\"text-align: center;\"><em>Aspecto dos ritos exequiais de Pio XI<\/em><\/p>\n<p style=\"text-align: justify;\">Tamb\u00e9m o funeral do Papa de Roma j\u00e1 foi rubricado com particularidades que lembram um pouco a venera\u00e7\u00e3o do\u00a0corpo de Shenouda III. O antigo rito exequial pontif\u00edcio reza que, antes de ser sepultado, o corpo do Papa \u00e9 exposto \u00e0 \u00faltima venera\u00e7\u00e3o na Capela do Sant\u00edssimo da Bas\u00edlica Vaticana. L\u00e1, seu p\u00e9 era colocado entre as grades da Capela e beijando-o na cruz dourada do m\u00faleo papal, o povo romano venerava pela \u00faltima vez o corpo de seu Bispo. Com o passar do tempo, o beijo foi substitu\u00eddo pelo toque com as m\u00e3os. No funeral do Papa Jo\u00e3o XXIII, nada disso mais foi visto, at\u00e9 porque ele mesmo abolira o beija-p\u00e9s que deveria ser feito pelos Cardeais como sinal de rever\u00eancia quando de sua coroa\u00e7\u00e3o.<\/p>\n<p style=\"text-align: center;\"><a href=\"https:\/\/diretodasacristia.com\/home\/wp-content\/uploads\/2012\/03\/Grade-Capela-Sant\u00edssimo.jpg\"><img loading=\"lazy\" decoding=\"async\" class=\"aligncenter  wp-image-1660\" title=\"Grade Capela Sant\u00edssimo\" src=\"https:\/\/diretodasacristia.com\/home\/wp-content\/uploads\/2012\/03\/Grade-Capela-Sant\u00edssimo.jpg\" alt=\"\" width=\"576\" height=\"386\" srcset=\"https:\/\/diretodasacristia.com\/home\/wp-content\/uploads\/2012\/03\/Grade-Capela-Sant\u00edssimo.jpg 720w, https:\/\/diretodasacristia.com\/home\/wp-content\/uploads\/2012\/03\/Grade-Capela-Sant\u00edssimo-300x200.jpg 300w\" sizes=\"auto, (max-width: 576px) 100vw, 576px\" \/><\/a><\/p>\n<p style=\"text-align: center;\"><em>Grade da Capela do Sant\u00edssimo Sacramento da Bas\u00edlica S\u00e3o Pedro no Vaticano<br \/>\nNa foto, o ent\u00e3o Arcebispo Burke ingressa na prociss\u00e3o da missa na forma extraordin\u00e1ria<br \/>\n18 outubro 2009\u00a0<\/em><\/p>\n<p style=\"text-align: justify;\">O Papa Pio XI foi o \u00faltimo Pont\u00edfice a ter em seus funerais todos os ritos da tradi\u00e7\u00e3o romana: exposi\u00e7\u00e3o do corpo na Capela Sistina (onde era velado antes da missa exequial), venera\u00e7\u00e3o na Capela do Sant\u00edssimo Sacramento, e &#8220;beijo&#8221; do p\u00e9. O seu imediato predecessor Pio XII teve o infort\u00fanio de ser testado com um nova t\u00e9cnica de embalsamento e seu corpo explodiu em frente \u00e0 Catedral do Latr\u00e3o, quando de sua traslada\u00e7\u00e3o de <em>Castel Gandolfo<\/em>, onde falecera, para o Vaticano. Assim sendo, seus restos mortais n\u00e3o foram preservados da decomposi\u00e7\u00e3o natural, mas esta foi at\u00e9 mesmo acelerada, e dizem que os guardas-su\u00ed\u00e7os que custodiavam o corpo enquanto era velado, tiveram que ser reversados a cada 15 minutos, sen\u00e3o poderiam desmaiar devido ao p\u00e9ssimo odor. Final indigno para um homem como o qual o mundo teve poucos.<\/p>\n","protected":false},"excerpt":{"rendered":"Uma ortodoxa copta chora a morte de Shenouda III, com o drama bem comum de algumas culturas do Oriente O Egito chora a perda de um dos\u00a0seus maiores l\u00edderes espirituais crist\u00e3os. O Papa de Alexandria e Patriarca da Predica\u00e7\u00e3o de S\u00e3o Marcos e de toda a \u00c1frica, Shenouda III, faleceu ontem, vitimado por complica\u00e7\u00f5es de&#8230; <a class=\"view-article\" href=\"https:\/\/diretodasacristia.com\/home\/liturgia\/morre-o-papa-de-alexandria\/\">Ver artigo<\/a>","protected":false},"author":4,"featured_media":1704,"comment_status":"open","ping_status":"open","sticky":false,"template":"","format":"standard","meta":{"jetpack_post_was_ever_published":false,"_jetpack_newsletter_access":"","_jetpack_dont_email_post_to_subs":false,"_jetpack_newsletter_tier_id":0,"_jetpack_memberships_contains_paywalled_content":false,"_jetpack_memberships_contains_paid_content":false,"_joinchat":[],"footnotes":"","jetpack_publicize_message":"","jetpack_publicize_feature_enabled":true,"jetpack_social_post_already_shared":false,"jetpack_social_options":{"image_generator_settings":{"template":"highway","default_image_id":0,"font":"","enabled":false},"version":2}},"categories":[37,20,24],"tags":[141,140],"class_list":["post-1647","post","type-post","status-publish","format-standard","has-post-thumbnail","hentry","category-destaque","category-liturgia","category-noticias","tag-igreja-ortodoxo-copta","tag-shenouda-iii"],"yoast_head":"<!-- This site is optimized with the Yoast SEO plugin v27.4 - https:\/\/yoast.com\/product\/yoast-seo-wordpress\/ -->\n<title>Morre o Papa de Alexandria - Direto da Sacristia<\/title>\n<meta name=\"robots\" content=\"index, follow, max-snippet:-1, max-image-preview:large, max-video-preview:-1\" \/>\n<link rel=\"canonical\" href=\"https:\/\/diretodasacristia.com\/home\/liturgia\/morre-o-papa-de-alexandria\/\" \/>\n<meta property=\"og:locale\" content=\"pt_BR\" \/>\n<meta property=\"og:type\" content=\"article\" \/>\n<meta property=\"og:title\" content=\"Morre o Papa de Alexandria - Direto da Sacristia\" \/>\n<meta property=\"og:description\" content=\"Uma ortodoxa copta chora a morte de Shenouda III, com o drama bem comum de algumas culturas do Oriente O Egito chora a perda de um dos\u00a0seus maiores l\u00edderes espirituais crist\u00e3os. O Papa de Alexandria e Patriarca da Predica\u00e7\u00e3o de S\u00e3o Marcos e de toda a \u00c1frica, Shenouda III, faleceu ontem, vitimado por complica\u00e7\u00f5es de... Ver artigo\" \/>\n<meta property=\"og:url\" content=\"https:\/\/diretodasacristia.com\/home\/liturgia\/morre-o-papa-de-alexandria\/\" \/>\n<meta property=\"og:site_name\" content=\"Direto da Sacristia\" \/>\n<meta property=\"article:publisher\" content=\"https:\/\/www.facebook.com\/DiretoSacristia\" \/>\n<meta property=\"article:published_time\" content=\"2012-03-19T17:58:02+00:00\" \/>\n<meta property=\"article:modified_time\" content=\"2012-03-19T22:12:37+00:00\" \/>\n<meta property=\"og:image\" content=\"https:\/\/i0.wp.com\/diretodasacristia.com\/home\/wp-content\/uploads\/2012\/03\/Shenouda-III-1.jpg?fit=800%2C1200&ssl=1\" \/>\n\t<meta property=\"og:image:width\" content=\"800\" \/>\n\t<meta property=\"og:image:height\" content=\"1200\" \/>\n\t<meta property=\"og:image:type\" content=\"image\/jpeg\" \/>\n<meta name=\"author\" content=\"Erick Mar\u00e7al\" \/>\n<meta name=\"twitter:card\" content=\"summary_large_image\" \/>\n<meta name=\"twitter:creator\" content=\"@diretosacristia\" \/>\n<meta name=\"twitter:site\" content=\"@diretosacristia\" \/>\n<meta name=\"twitter:label1\" content=\"Escrito por\" \/>\n\t<meta name=\"twitter:data1\" content=\"Erick Mar\u00e7al\" \/>\n\t<meta name=\"twitter:label2\" content=\"Est. tempo de leitura\" \/>\n\t<meta name=\"twitter:data2\" content=\"8 minutos\" \/>\n<script type=\"application\/ld+json\" class=\"yoast-schema-graph\">{\"@context\":\"https:\\\/\\\/schema.org\",\"@graph\":[{\"@type\":\"Article\",\"@id\":\"https:\\\/\\\/diretodasacristia.com\\\/home\\\/liturgia\\\/morre-o-papa-de-alexandria\\\/#article\",\"isPartOf\":{\"@id\":\"https:\\\/\\\/diretodasacristia.com\\\/home\\\/liturgia\\\/morre-o-papa-de-alexandria\\\/\"},\"author\":{\"name\":\"Erick Mar\u00e7al\",\"@id\":\"https:\\\/\\\/diretodasacristia.com\\\/home\\\/#\\\/schema\\\/person\\\/f2a8b5c1dd46cfb2d998ebc1ccdb8910\"},\"headline\":\"Morre o Papa de Alexandria\",\"datePublished\":\"2012-03-19T17:58:02+00:00\",\"dateModified\":\"2012-03-19T22:12:37+00:00\",\"mainEntityOfPage\":{\"@id\":\"https:\\\/\\\/diretodasacristia.com\\\/home\\\/liturgia\\\/morre-o-papa-de-alexandria\\\/\"},\"wordCount\":1531,\"commentCount\":0,\"publisher\":{\"@id\":\"https:\\\/\\\/diretodasacristia.com\\\/home\\\/#organization\"},\"image\":{\"@id\":\"https:\\\/\\\/diretodasacristia.com\\\/home\\\/liturgia\\\/morre-o-papa-de-alexandria\\\/#primaryimage\"},\"thumbnailUrl\":\"https:\\\/\\\/diretodasacristia.com\\\/home\\\/wp-content\\\/uploads\\\/2012\\\/03\\\/Shenouda-III-1.jpg\",\"keywords\":[\"Igreja Ortodoxa Copta\",\"Shenouda III\"],\"articleSection\":[\"Destaque\",\"Liturgia\",\"Not\u00edcias\"],\"inLanguage\":\"pt-BR\",\"potentialAction\":[{\"@type\":\"CommentAction\",\"name\":\"Comment\",\"target\":[\"https:\\\/\\\/diretodasacristia.com\\\/home\\\/liturgia\\\/morre-o-papa-de-alexandria\\\/#respond\"]}]},{\"@type\":\"WebPage\",\"@id\":\"https:\\\/\\\/diretodasacristia.com\\\/home\\\/liturgia\\\/morre-o-papa-de-alexandria\\\/\",\"url\":\"https:\\\/\\\/diretodasacristia.com\\\/home\\\/liturgia\\\/morre-o-papa-de-alexandria\\\/\",\"name\":\"Morre o Papa de Alexandria - Direto da Sacristia\",\"isPartOf\":{\"@id\":\"https:\\\/\\\/diretodasacristia.com\\\/home\\\/#website\"},\"primaryImageOfPage\":{\"@id\":\"https:\\\/\\\/diretodasacristia.com\\\/home\\\/liturgia\\\/morre-o-papa-de-alexandria\\\/#primaryimage\"},\"image\":{\"@id\":\"https:\\\/\\\/diretodasacristia.com\\\/home\\\/liturgia\\\/morre-o-papa-de-alexandria\\\/#primaryimage\"},\"thumbnailUrl\":\"https:\\\/\\\/diretodasacristia.com\\\/home\\\/wp-content\\\/uploads\\\/2012\\\/03\\\/Shenouda-III-1.jpg\",\"datePublished\":\"2012-03-19T17:58:02+00:00\",\"dateModified\":\"2012-03-19T22:12:37+00:00\",\"breadcrumb\":{\"@id\":\"https:\\\/\\\/diretodasacristia.com\\\/home\\\/liturgia\\\/morre-o-papa-de-alexandria\\\/#breadcrumb\"},\"inLanguage\":\"pt-BR\",\"potentialAction\":[{\"@type\":\"ReadAction\",\"target\":[\"https:\\\/\\\/diretodasacristia.com\\\/home\\\/liturgia\\\/morre-o-papa-de-alexandria\\\/\"]}]},{\"@type\":\"ImageObject\",\"inLanguage\":\"pt-BR\",\"@id\":\"https:\\\/\\\/diretodasacristia.com\\\/home\\\/liturgia\\\/morre-o-papa-de-alexandria\\\/#primaryimage\",\"url\":\"https:\\\/\\\/diretodasacristia.com\\\/home\\\/wp-content\\\/uploads\\\/2012\\\/03\\\/Shenouda-III-1.jpg\",\"contentUrl\":\"https:\\\/\\\/diretodasacristia.com\\\/home\\\/wp-content\\\/uploads\\\/2012\\\/03\\\/Shenouda-III-1.jpg\",\"width\":\"800\",\"height\":\"1200\"},{\"@type\":\"BreadcrumbList\",\"@id\":\"https:\\\/\\\/diretodasacristia.com\\\/home\\\/liturgia\\\/morre-o-papa-de-alexandria\\\/#breadcrumb\",\"itemListElement\":[{\"@type\":\"ListItem\",\"position\":1,\"name\":\"In\u00edcio\",\"item\":\"https:\\\/\\\/diretodasacristia.com\\\/home\\\/\"},{\"@type\":\"ListItem\",\"position\":2,\"name\":\"Morre o Papa de Alexandria\"}]},{\"@type\":\"WebSite\",\"@id\":\"https:\\\/\\\/diretodasacristia.com\\\/home\\\/#website\",\"url\":\"https:\\\/\\\/diretodasacristia.com\\\/home\\\/\",\"name\":\"Direto da Sacristia\",\"description\":\"Not\u00edcias e artigos sobre a f\u00e9 cat\u00f3lica\",\"publisher\":{\"@id\":\"https:\\\/\\\/diretodasacristia.com\\\/home\\\/#organization\"},\"potentialAction\":[{\"@type\":\"SearchAction\",\"target\":{\"@type\":\"EntryPoint\",\"urlTemplate\":\"https:\\\/\\\/diretodasacristia.com\\\/home\\\/?s={search_term_string}\"},\"query-input\":{\"@type\":\"PropertyValueSpecification\",\"valueRequired\":true,\"valueName\":\"search_term_string\"}}],\"inLanguage\":\"pt-BR\"},{\"@type\":\"Organization\",\"@id\":\"https:\\\/\\\/diretodasacristia.com\\\/home\\\/#organization\",\"name\":\"Direto da Sacristia\",\"url\":\"https:\\\/\\\/diretodasacristia.com\\\/home\\\/\",\"logo\":{\"@type\":\"ImageObject\",\"inLanguage\":\"pt-BR\",\"@id\":\"https:\\\/\\\/diretodasacristia.com\\\/home\\\/#\\\/schema\\\/logo\\\/image\\\/\",\"url\":\"https:\\\/\\\/i0.wp.com\\\/diretodasacristia.com\\\/home\\\/wp-content\\\/uploads\\\/2012\\\/01\\\/marca-sacristia.png?fit=320%2C306&ssl=1\",\"contentUrl\":\"https:\\\/\\\/i0.wp.com\\\/diretodasacristia.com\\\/home\\\/wp-content\\\/uploads\\\/2012\\\/01\\\/marca-sacristia.png?fit=320%2C306&ssl=1\",\"width\":\"320\",\"height\":\"306\",\"caption\":\"Direto da Sacristia\"},\"image\":{\"@id\":\"https:\\\/\\\/diretodasacristia.com\\\/home\\\/#\\\/schema\\\/logo\\\/image\\\/\"},\"sameAs\":[\"https:\\\/\\\/www.facebook.com\\\/DiretoSacristia\",\"https:\\\/\\\/x.com\\\/diretosacristia\",\"https:\\\/\\\/www.instagram.com\\\/diretodasacristia\\\/\",\"https:\\\/\\\/www.youtube.com\\\/diretodasacristia\"]},{\"@type\":\"Person\",\"@id\":\"https:\\\/\\\/diretodasacristia.com\\\/home\\\/#\\\/schema\\\/person\\\/f2a8b5c1dd46cfb2d998ebc1ccdb8910\",\"name\":\"Erick Mar\u00e7al\",\"image\":{\"@type\":\"ImageObject\",\"inLanguage\":\"pt-BR\",\"@id\":\"https:\\\/\\\/secure.gravatar.com\\\/avatar\\\/b017544cbb11b4a02f0aad8526088df1b5772bb19bdd95c5c0c581d239715c58?s=96&d=mm&r=g\",\"url\":\"https:\\\/\\\/secure.gravatar.com\\\/avatar\\\/b017544cbb11b4a02f0aad8526088df1b5772bb19bdd95c5c0c581d239715c58?s=96&d=mm&r=g\",\"contentUrl\":\"https:\\\/\\\/secure.gravatar.com\\\/avatar\\\/b017544cbb11b4a02f0aad8526088df1b5772bb19bdd95c5c0c581d239715c58?s=96&d=mm&r=g\",\"caption\":\"Erick Mar\u00e7al\"},\"url\":\"https:\\\/\\\/diretodasacristia.com\\\/home\\\/author\\\/carlos\\\/\"}]}<\/script>\n<!-- \/ Yoast SEO plugin. -->","yoast_head_json":{"title":"Morre o Papa de Alexandria - Direto da Sacristia","robots":{"index":"index","follow":"follow","max-snippet":"max-snippet:-1","max-image-preview":"max-image-preview:large","max-video-preview":"max-video-preview:-1"},"canonical":"https:\/\/diretodasacristia.com\/home\/liturgia\/morre-o-papa-de-alexandria\/","og_locale":"pt_BR","og_type":"article","og_title":"Morre o Papa de Alexandria - Direto da Sacristia","og_description":"Uma ortodoxa copta chora a morte de Shenouda III, com o drama bem comum de algumas culturas do Oriente O Egito chora a perda de um dos\u00a0seus maiores l\u00edderes espirituais crist\u00e3os. O Papa de Alexandria e Patriarca da Predica\u00e7\u00e3o de S\u00e3o Marcos e de toda a \u00c1frica, Shenouda III, faleceu ontem, vitimado por complica\u00e7\u00f5es de... Ver artigo","og_url":"https:\/\/diretodasacristia.com\/home\/liturgia\/morre-o-papa-de-alexandria\/","og_site_name":"Direto da Sacristia","article_publisher":"https:\/\/www.facebook.com\/DiretoSacristia","article_published_time":"2012-03-19T17:58:02+00:00","article_modified_time":"2012-03-19T22:12:37+00:00","og_image":[{"width":800,"height":1200,"url":"https:\/\/i0.wp.com\/diretodasacristia.com\/home\/wp-content\/uploads\/2012\/03\/Shenouda-III-1.jpg?fit=800%2C1200&ssl=1","type":"image\/jpeg"}],"author":"Erick Mar\u00e7al","twitter_card":"summary_large_image","twitter_creator":"@diretosacristia","twitter_site":"@diretosacristia","twitter_misc":{"Escrito por":"Erick Mar\u00e7al","Est. tempo de leitura":"8 minutos"},"schema":{"@context":"https:\/\/schema.org","@graph":[{"@type":"Article","@id":"https:\/\/diretodasacristia.com\/home\/liturgia\/morre-o-papa-de-alexandria\/#article","isPartOf":{"@id":"https:\/\/diretodasacristia.com\/home\/liturgia\/morre-o-papa-de-alexandria\/"},"author":{"name":"Erick Mar\u00e7al","@id":"https:\/\/diretodasacristia.com\/home\/#\/schema\/person\/f2a8b5c1dd46cfb2d998ebc1ccdb8910"},"headline":"Morre o Papa de Alexandria","datePublished":"2012-03-19T17:58:02+00:00","dateModified":"2012-03-19T22:12:37+00:00","mainEntityOfPage":{"@id":"https:\/\/diretodasacristia.com\/home\/liturgia\/morre-o-papa-de-alexandria\/"},"wordCount":1531,"commentCount":0,"publisher":{"@id":"https:\/\/diretodasacristia.com\/home\/#organization"},"image":{"@id":"https:\/\/diretodasacristia.com\/home\/liturgia\/morre-o-papa-de-alexandria\/#primaryimage"},"thumbnailUrl":"https:\/\/diretodasacristia.com\/home\/wp-content\/uploads\/2012\/03\/Shenouda-III-1.jpg","keywords":["Igreja Ortodoxa Copta","Shenouda III"],"articleSection":["Destaque","Liturgia","Not\u00edcias"],"inLanguage":"pt-BR","potentialAction":[{"@type":"CommentAction","name":"Comment","target":["https:\/\/diretodasacristia.com\/home\/liturgia\/morre-o-papa-de-alexandria\/#respond"]}]},{"@type":"WebPage","@id":"https:\/\/diretodasacristia.com\/home\/liturgia\/morre-o-papa-de-alexandria\/","url":"https:\/\/diretodasacristia.com\/home\/liturgia\/morre-o-papa-de-alexandria\/","name":"Morre o Papa de Alexandria - Direto da Sacristia","isPartOf":{"@id":"https:\/\/diretodasacristia.com\/home\/#website"},"primaryImageOfPage":{"@id":"https:\/\/diretodasacristia.com\/home\/liturgia\/morre-o-papa-de-alexandria\/#primaryimage"},"image":{"@id":"https:\/\/diretodasacristia.com\/home\/liturgia\/morre-o-papa-de-alexandria\/#primaryimage"},"thumbnailUrl":"https:\/\/diretodasacristia.com\/home\/wp-content\/uploads\/2012\/03\/Shenouda-III-1.jpg","datePublished":"2012-03-19T17:58:02+00:00","dateModified":"2012-03-19T22:12:37+00:00","breadcrumb":{"@id":"https:\/\/diretodasacristia.com\/home\/liturgia\/morre-o-papa-de-alexandria\/#breadcrumb"},"inLanguage":"pt-BR","potentialAction":[{"@type":"ReadAction","target":["https:\/\/diretodasacristia.com\/home\/liturgia\/morre-o-papa-de-alexandria\/"]}]},{"@type":"ImageObject","inLanguage":"pt-BR","@id":"https:\/\/diretodasacristia.com\/home\/liturgia\/morre-o-papa-de-alexandria\/#primaryimage","url":"https:\/\/diretodasacristia.com\/home\/wp-content\/uploads\/2012\/03\/Shenouda-III-1.jpg","contentUrl":"https:\/\/diretodasacristia.com\/home\/wp-content\/uploads\/2012\/03\/Shenouda-III-1.jpg","width":"800","height":"1200"},{"@type":"BreadcrumbList","@id":"https:\/\/diretodasacristia.com\/home\/liturgia\/morre-o-papa-de-alexandria\/#breadcrumb","itemListElement":[{"@type":"ListItem","position":1,"name":"In\u00edcio","item":"https:\/\/diretodasacristia.com\/home\/"},{"@type":"ListItem","position":2,"name":"Morre o Papa de Alexandria"}]},{"@type":"WebSite","@id":"https:\/\/diretodasacristia.com\/home\/#website","url":"https:\/\/diretodasacristia.com\/home\/","name":"Direto da Sacristia","description":"Not\u00edcias e artigos sobre a f\u00e9 cat\u00f3lica","publisher":{"@id":"https:\/\/diretodasacristia.com\/home\/#organization"},"potentialAction":[{"@type":"SearchAction","target":{"@type":"EntryPoint","urlTemplate":"https:\/\/diretodasacristia.com\/home\/?s={search_term_string}"},"query-input":{"@type":"PropertyValueSpecification","valueRequired":true,"valueName":"search_term_string"}}],"inLanguage":"pt-BR"},{"@type":"Organization","@id":"https:\/\/diretodasacristia.com\/home\/#organization","name":"Direto da Sacristia","url":"https:\/\/diretodasacristia.com\/home\/","logo":{"@type":"ImageObject","inLanguage":"pt-BR","@id":"https:\/\/diretodasacristia.com\/home\/#\/schema\/logo\/image\/","url":"https:\/\/i0.wp.com\/diretodasacristia.com\/home\/wp-content\/uploads\/2012\/01\/marca-sacristia.png?fit=320%2C306&ssl=1","contentUrl":"https:\/\/i0.wp.com\/diretodasacristia.com\/home\/wp-content\/uploads\/2012\/01\/marca-sacristia.png?fit=320%2C306&ssl=1","width":"320","height":"306","caption":"Direto da Sacristia"},"image":{"@id":"https:\/\/diretodasacristia.com\/home\/#\/schema\/logo\/image\/"},"sameAs":["https:\/\/www.facebook.com\/DiretoSacristia","https:\/\/x.com\/diretosacristia","https:\/\/www.instagram.com\/diretodasacristia\/","https:\/\/www.youtube.com\/diretodasacristia"]},{"@type":"Person","@id":"https:\/\/diretodasacristia.com\/home\/#\/schema\/person\/f2a8b5c1dd46cfb2d998ebc1ccdb8910","name":"Erick Mar\u00e7al","image":{"@type":"ImageObject","inLanguage":"pt-BR","@id":"https:\/\/secure.gravatar.com\/avatar\/b017544cbb11b4a02f0aad8526088df1b5772bb19bdd95c5c0c581d239715c58?s=96&d=mm&r=g","url":"https:\/\/secure.gravatar.com\/avatar\/b017544cbb11b4a02f0aad8526088df1b5772bb19bdd95c5c0c581d239715c58?s=96&d=mm&r=g","contentUrl":"https:\/\/secure.gravatar.com\/avatar\/b017544cbb11b4a02f0aad8526088df1b5772bb19bdd95c5c0c581d239715c58?s=96&d=mm&r=g","caption":"Erick Mar\u00e7al"},"url":"https:\/\/diretodasacristia.com\/home\/author\/carlos\/"}]}},"jetpack_publicize_connections":[],"jetpack_featured_media_url":"https:\/\/diretodasacristia.com\/home\/wp-content\/uploads\/2012\/03\/Shenouda-III-1.jpg","jetpack_sharing_enabled":true,"jetpack_shortlink":"https:\/\/wp.me\/p24aG7-qz","jetpack-related-posts":[{"id":1881,"url":"https:\/\/diretodasacristia.com\/home\/noticias\/o-curioso-rito-de-eleicao-do-papa-copta\/","url_meta":{"origin":1647,"position":0},"title":"O curioso rito de elei\u00e7\u00e3o do Papa copta","author":"Erick Mar\u00e7al","date":"29 de mar\u00e7o de 2012","format":false,"excerpt":"Os crist\u00e3os coptas eg\u00edpcios viver\u00e3o meses de ansiedade\u00a0aguardando a\u00a0elei\u00e7\u00e3o de seu novo l\u00edder espiritual, o sucessor do rec\u00e9m-falecido Papa Shenouda III. Ap\u00f3s o funeral presidido pelo\u00a0patriarca interino da Igreja, o\u00a0metropolita Bakhomius, da diocese do Delta do Nilo, ao qual compareceram centenas de bispos coptas de todo o mundo,\u00a0representantes religiosos, autoridades\u2026","rel":"","context":"Em &quot;Destaque&quot;","block_context":{"text":"Destaque","link":"https:\/\/diretodasacristia.com\/home\/c\/destaque\/"},"img":{"alt_text":"","src":"https:\/\/i0.wp.com\/diretodasacristia.com\/home\/wp-content\/uploads\/2012\/03\/Cruz-copta.png?resize=350%2C200&ssl=1","width":350,"height":200,"srcset":"https:\/\/i0.wp.com\/diretodasacristia.com\/home\/wp-content\/uploads\/2012\/03\/Cruz-copta.png?resize=350%2C200&ssl=1 1x, https:\/\/i0.wp.com\/diretodasacristia.com\/home\/wp-content\/uploads\/2012\/03\/Cruz-copta.png?resize=525%2C300&ssl=1 1.5x"},"classes":[]},{"id":2531,"url":"https:\/\/diretodasacristia.com\/home\/sem-categoria\/sao-joao-crisostomo-2\/","url_meta":{"origin":1647,"position":1},"title":"S\u00e3o Jo\u00e3o Cris\u00f3stomo","author":"E. Mar\u00e7al","date":"13 de setembro de 2010","format":false,"excerpt":"Santo do dia: S\u00e3o Jo\u00e3o Cris\u00f3stomo, Bispo e Doutor da IgrejaS\u00e3o Jo\u00e3o Cris\u00f3stomoBispo de Constantinopla\"\u00c9 t\u00e1tica do dem\u00f4nio misturar sempre \u00e0 verdadeo erro revestido da apar\u00eancia e da cor da verdade,de maneira a poder seduzir facilmente os que se deixam enganar\".Das homilias, \"A par\u00e1bola do joio\" Nasceu em Antioquia em\u2026","rel":"","context":"Em &quot;Sem categoria&quot;","block_context":{"text":"Sem categoria","link":"https:\/\/diretodasacristia.com\/home\/c\/sem-categoria\/"},"img":{"alt_text":"","src":"","width":0,"height":0},"classes":[]},{"id":2604,"url":"https:\/\/diretodasacristia.com\/home\/hierarquia\/patriarca-grego-melquita-de-antioquia-visita-o-brasil\/","url_meta":{"origin":1647,"position":2},"title":"Patriarca Grego-melquita de Antioquia visita o Brasil","author":"E. Mar\u00e7al","date":"9 de agosto de 2010","format":false,"excerpt":"Em todo o mundo h\u00e1 25 igrejas de rito oriental unidas a Roma. Os patriarcas orientais, diferentemente dos ocidentais, t\u00eam jurisdi\u00e7\u00e3o sobre todos os bispos e fi\u00e9is do seu rito. S\u00e3o eleitos pelos respectivos S\u00ednodos das Igrejas Orientais e depois confirmados pelo Papa, com quem mant\u00eam comunh\u00e3o plena. Na Igreja\u2026","rel":"","context":"Em &quot;Hierarquia&quot;","block_context":{"text":"Hierarquia","link":"https:\/\/diretodasacristia.com\/home\/c\/hierarquia\/"},"img":{"alt_text":"","src":"","width":0,"height":0},"classes":[]},{"id":2581,"url":"https:\/\/diretodasacristia.com\/home\/brasil\/domus-heroum-o-inicio\/","url_meta":{"origin":1647,"position":3},"title":"Domus Heroum &#8211; O in\u00edcio","author":"E. Mar\u00e7al","date":"18 de agosto de 2010","format":false,"excerpt":"O antigo Col\u00e9gio dos Jesu\u00edtas de Olinda fechava as suas portas. At\u00e9 que um bispo portugu\u00eas rec\u00e9m-nomeado para a c\u00e1tedra episcopal de Olinda, que se achava vacante, solicitou \u00e0 Coroa portuguesa a doa\u00e7\u00e3o do dito Col\u00e9gio para a Santa Igreja Catedral, para que nele instalasse um semin\u00e1rio, segundo o molde\u2026","rel":"","context":"Em &quot;Brasil&quot;","block_context":{"text":"Brasil","link":"https:\/\/diretodasacristia.com\/home\/c\/brasil\/"},"img":{"alt_text":"","src":"","width":0,"height":0},"classes":[]},{"id":95,"url":"https:\/\/diretodasacristia.com\/home\/sem-categoria\/papa-celebrara-cinzas-em-santa-sabina-2\/","url_meta":{"origin":1647,"position":4},"title":"Papa celebrar\u00e1 Cinzas em Santa Sabina","author":"E. Mar\u00e7al","date":"8 de mar\u00e7o de 2011","format":false,"excerpt":"Missa ser\u00e1 iniciada com prociss\u00e3oClaustro beneditino de Santo Anselmo all\u00b4AventinoAmanh\u00e3, conforme a tradi\u00e7\u00e3o, o Santo Padre presidir\u00e1 \u00e0 Esta\u00e7\u00e3o quaresmal, iniciada na Bas\u00edlica Menor de Santo Anselmo all\u00b4Aventino, com destino \u00e0 Bas\u00edlica Menor de Santa Sabina. O costume da missa \"estacional\" remonta ao s\u00e9culo VII-VIII, quando o Papa celebrava a\u2026","rel":"","context":"Em &quot;Sem categoria&quot;","block_context":{"text":"Sem categoria","link":"https:\/\/diretodasacristia.com\/home\/c\/sem-categoria\/"},"img":{"alt_text":"","src":"","width":0,"height":0},"classes":[]},{"id":4558,"url":"https:\/\/diretodasacristia.com\/home\/liturgia\/guia-liturgico-para-o-jubileu-da-misericordia\/","url_meta":{"origin":1647,"position":5},"title":"Guia lit\u00fargico para o Jubileu da Miseric\u00f3rdia","author":"E. Mar\u00e7al","date":"14 de novembro de 2015","format":false,"excerpt":"H\u00e1 2 ritos de abertura do Jubileu: o presidido pelo Bispo na Catedral ou na Concatedral e o presidido por um delegado episcopal nas outras igrejas escolhidas pelo Bispo. Tamb\u00e9m foi publicado um rito para a conclus\u00e3o diocesana do Jubileu, em 13 de novembro de 2016.","rel":"","context":"Em &quot;Destaque&quot;","block_context":{"text":"Destaque","link":"https:\/\/diretodasacristia.com\/home\/c\/destaque\/"},"img":{"alt_text":"","src":"","width":0,"height":0},"classes":[]}],"post_mailing_queue_ids":[],"_links":{"self":[{"href":"https:\/\/diretodasacristia.com\/home\/wp-json\/wp\/v2\/posts\/1647","targetHints":{"allow":["GET"]}}],"collection":[{"href":"https:\/\/diretodasacristia.com\/home\/wp-json\/wp\/v2\/posts"}],"about":[{"href":"https:\/\/diretodasacristia.com\/home\/wp-json\/wp\/v2\/types\/post"}],"author":[{"embeddable":true,"href":"https:\/\/diretodasacristia.com\/home\/wp-json\/wp\/v2\/users\/4"}],"replies":[{"embeddable":true,"href":"https:\/\/diretodasacristia.com\/home\/wp-json\/wp\/v2\/comments?post=1647"}],"version-history":[{"count":27,"href":"https:\/\/diretodasacristia.com\/home\/wp-json\/wp\/v2\/posts\/1647\/revisions"}],"predecessor-version":[{"id":1685,"href":"https:\/\/diretodasacristia.com\/home\/wp-json\/wp\/v2\/posts\/1647\/revisions\/1685"}],"wp:featuredmedia":[{"embeddable":true,"href":"https:\/\/diretodasacristia.com\/home\/wp-json\/wp\/v2\/media\/1704"}],"wp:attachment":[{"href":"https:\/\/diretodasacristia.com\/home\/wp-json\/wp\/v2\/media?parent=1647"}],"wp:term":[{"taxonomy":"category","embeddable":true,"href":"https:\/\/diretodasacristia.com\/home\/wp-json\/wp\/v2\/categories?post=1647"},{"taxonomy":"post_tag","embeddable":true,"href":"https:\/\/diretodasacristia.com\/home\/wp-json\/wp\/v2\/tags?post=1647"}],"curies":[{"name":"wp","href":"https:\/\/api.w.org\/{rel}","templated":true}]}}