{"id":21,"date":"2011-09-05T23:58:00","date_gmt":"2011-09-05T23:58:00","guid":{"rendered":"http:\/\/diretodasacristia.com\/home\/sem-categoria\/nao-a-comunhao-de-joelhos-2\/"},"modified":"2011-09-05T23:58:00","modified_gmt":"2011-09-05T23:58:00","slug":"nao-a-comunhao-de-joelhos-2","status":"publish","type":"post","link":"https:\/\/diretodasacristia.com\/home\/sem-categoria\/nao-a-comunhao-de-joelhos-2\/","title":{"rendered":"&#8220;N\u00e3o \u00e0 comunh\u00e3o de joelhos!&#8221;"},"content":{"rendered":"<div><\/div>\n<p><\/p>\n<div class=\"separator\" style=\"border-bottom: medium none; border-left: medium none; border-right: medium none; border-top: medium none; clear: both; text-align: center;\"><a href=\"http:\/\/4.bp.blogspot.com\/-my1LOfUlRoQ\/TmVAKbtw-nI\/AAAAAAAAAFs\/je8nKr68Qso\/s1600\/Arch+Mario+Conti.jpg\" imageanchor=\"1\" style=\"margin-left: 1em; margin-right: 1em;\"><img loading=\"lazy\" decoding=\"async\" border=\"0\" height=\"400\" nba=\"true\" src=\"http:\/\/4.bp.blogspot.com\/-my1LOfUlRoQ\/TmVAKbtw-nI\/AAAAAAAAAFs\/je8nKr68Qso\/s400\/Arch+Mario+Conti.jpg\" width=\"278\" \/><\/a><\/div>\n<div class=\"separator\" style=\"clear: both; text-align: center;\"><em><span style=\"font-family: Verdana, sans-serif; font-size: x-small;\">S.E.R. Arcebispo Mario Conti, da Arquidiocese de Glasgow.<\/span><\/em><\/div>\n<div class=\"separator\" style=\"clear: both; text-align: center;\"><\/div>\n<div style=\"border-bottom: medium none; border-left: medium none; border-right: medium none; border-top: medium none; text-align: justify;\"><span style=\"font-family: Verdana, sans-serif;\">Famoso por sua desobedi\u00eancia aos ensinamentos da Santa Igreja, S.E.R. Arcebispo Mario Conti, 77 anos, da Arquidiocese de Glasgow, Esc\u00f3cia, preocupado com o lan\u00e7amento da nova edi\u00e7\u00e3o do Missal Romano para os pa\u00edses de l\u00edngua inglesa, declarou em uma nota escrita e dirigida aos sacerdotes de sua arquidiocese que os fi\u00e9is n\u00e3o devem se ajoelhar para receber a Sagrada Comunh\u00e3o. Afirmou que ficar de p\u00e9&nbsp;demonstra maior respeito, que a Instru\u00e7\u00e3o Geral do Missal Romano n\u00e3o encoraja o h\u00e1bito de se ajoelhar. Ironicamente, no ano passado, o Santo Padre Bento XVI durante visita \u00e0 mesma arquidiocese, distribuiu a comunh\u00e3o aos fi\u00e9is ajoelhados, sob os olhares de desprezo do venerando arcebispo. Sendo o moderador da vida lit\u00fargica da diocese, o bispo n\u00e3o goza do direito de exceder sua leg\u00edtima autoridade, removendo o que est\u00e1 previsto no Missal.<\/span><\/div>\n<div style=\"text-align: justify;\"><\/div>\n<div class=\"separator\" style=\"clear: both; text-align: center;\"><a href=\"http:\/\/1.bp.blogspot.com\/-hza39r00-og\/TmVHUK1eKgI\/AAAAAAAAAFw\/WRoK8UtUy8E\/s1600\/New+Roman+Missal.jpg\" imageanchor=\"1\" style=\"margin-left: 1em; margin-right: 1em;\"><img loading=\"lazy\" decoding=\"async\" border=\"0\" height=\"228\" nba=\"true\" src=\"http:\/\/1.bp.blogspot.com\/-hza39r00-og\/TmVHUK1eKgI\/AAAAAAAAAFw\/WRoK8UtUy8E\/s320\/New+Roman+Missal.jpg\" width=\"320\" \/><\/a><\/div>\n<div style=\"text-align: center;\"><span style=\"font-family: Verdana;\">&nbsp;&nbsp;&nbsp;&nbsp;<span class=\"Apple-style-span\" style=\"font-size: x-small;\">&nbsp;&nbsp;<\/span><\/span><span style=\"font-family: Verdana;\"><span class=\"Apple-style-span\" style=\"font-size: x-small;\"><em>Nova edi\u00e7\u00e3o do Missal Romano para os pa\u00edses de l\u00edngua inglesa,&nbsp;<\/em><\/span><\/span><br \/><span style=\"font-family: Verdana; font-size: x-small;\"><em>a ser promulgada no primeiro&nbsp;<\/em><\/span><em><span class=\"Apple-style-span\" style=\"font-size: x-small;\"><span style=\"font-family: Verdana;\">domingo do Advento,&nbsp;<\/span><\/span><\/em><br \/><em><span class=\"Apple-style-span\" style=\"font-size: x-small;\"><span style=\"font-family: Verdana;\">visando a uma maior fidelidade ao origina<\/span><span style=\"font-family: Verdana;\">l <\/span><span style=\"font-family: Verdana;\">latino.&nbsp;<\/span><\/span><\/em><br \/><em><span class=\"Apple-style-span\" style=\"font-size: x-small;\"><span style=\"font-family: Verdana;\">A Instru\u00e7\u00e3o Geral incentiva com maior vigor a retomada&nbsp;<\/span><\/span><\/em><br \/><em><span class=\"Apple-style-span\" style=\"font-size: x-small;\"><span style=\"font-family: Verdana;\">de certas pr\u00e1ticas esquecidas por <\/span><span style=\"font-family: Verdana;\">muitos cat\u00f3licos.&nbsp;<\/span><\/span><\/em><br \/><em><span class=\"Apple-style-span\" style=\"font-size: x-small;\"><span style=\"font-family: Verdana;\">Talvez seja este o motivo pelo qual o episcopado latino-americano<\/span><\/span><\/em><br \/><em><span class=\"Apple-style-span\" style=\"font-size: x-small;\"><span style=\"font-family: Verdana;\">&nbsp;\u00e9 t\u00e3o<\/span><\/span><\/em><span class=\"Apple-style-span\" style=\"font-family: Verdana; font-size: x-small;\"><em>&nbsp;resistente \u00e0 esta mudan\u00e7a<\/em><\/span><\/div>\n<div style=\"text-align: center;\"><span style=\"font-family: Verdana, sans-serif;\"><br \/>&nbsp;<\/span><\/p>\n<div style=\"text-align: justify;\">\n<div class=\"separator\" style=\"clear: both; text-align: center;\"><\/div>\n<div style=\"border-bottom: medium none; border-left: medium none; border-right: medium none; border-top: medium none;\"><span style=\"font-family: Verdana, sans-serif;\">De acordo com a Instru\u00e7\u00e3o Geral do Missal Romano, o fiel deve comungar ajoelhado ou em p\u00e9, conforme determina\u00e7\u00e3o da Confer\u00eancia Episcopal local. Recomenda-se aos que comungarem em p\u00e9, fazer um adequado sinal de rever\u00eancia antes de receberem o Sacramento. Todavia, \u00e9 louv\u00e1vel a antiga Tradi\u00e7\u00e3o de receber o Corpo do Senhor de joelhos. Ap\u00f3s o Conc\u00edlio Vaticano II, foi-se permitido, como concess\u00e3o, receber a Comunh\u00e3o na m\u00e3o. Entretanto, os documentos da Igreja sempre reiteraram que o antigo costume deveria ser preservado, proibido expressamente aos sacerdotes e aos demais ministros, recusarem entregar a Sagrada Comunh\u00e3o diretamente na boca, ou a quem se punha de joelhos, direitos b\u00e1sicos de qualquer fiel crist\u00e3o.<\/span><span style=\"font-family: Verdana, sans-serif;\"><br \/><\/span><\/div>\n<div style=\"text-align: justify;\"><span style=\"font-family: Verdana, sans-serif;\"><\/span><\/div>\n<p><\/p>\n<div class=\"separator\" style=\"border-bottom: medium none; border-left: medium none; border-right: medium none; border-top: medium none; clear: both; text-align: center;\"><a href=\"http:\/\/2.bp.blogspot.com\/-2KIIgNWDkRU\/TmWKw-3771I\/AAAAAAAAAGg\/9EEh5fkuKYs\/s1600\/Arch+and+Pope.jpg\" imageanchor=\"1\" style=\"margin-left: 1em; margin-right: 1em;\"><img loading=\"lazy\" decoding=\"async\" border=\"0\" height=\"400\" nba=\"true\" src=\"http:\/\/2.bp.blogspot.com\/-2KIIgNWDkRU\/TmWKw-3771I\/AAAAAAAAAGg\/9EEh5fkuKYs\/s400\/Arch+and+Pope.jpg\" width=\"266\" \/><\/a><\/div>\n<div class=\"separator\" style=\"border-bottom: medium none; border-left: medium none; border-right: medium none; border-top: medium none; clear: both; text-align: center;\"><em><span style=\"font-family: Calibri, sans-serif; line-height: 115%;\"><span style=\"font-family: Verdana, sans-serif; font-size: x-small;\">S.E.R. Arcebispo Mario Conti oscula o anel de Bento XVI&nbsp;<\/span><\/span><\/em><\/div>\n<div class=\"separator\" style=\"border-bottom: medium none; border-left: medium none; border-right: medium none; border-top: medium none; clear: both; text-align: center;\"><em><span style=\"font-family: Calibri, sans-serif; line-height: 115%;\"><span style=\"font-family: Verdana, sans-serif; font-size: x-small;\">durante missa campal em sua arquidiocese<\/span><\/span><\/em><\/div>\n<div class=\"separator\" style=\"border-bottom: medium none; border-left: medium none; border-right: medium none; border-top: medium none; clear: both; text-align: center;\"><\/div>\n<div class=\"separator\" style=\"border-bottom: medium none; border-left: medium none; border-right: medium none; border-top: medium none; clear: both; text-align: center;\"><\/div>\n<div class=\"separator\" style=\"clear: both; text-align: center;\"><a href=\"http:\/\/3.bp.blogspot.com\/-_4X77eFH21c\/TmWLf_WJJoI\/AAAAAAAAAGk\/QkH3zQIyy20\/s1600\/Pope+gives+communion+to+a+knelt+man.jpg\" imageanchor=\"1\" style=\"margin-left: 1em; margin-right: 1em;\"><img loading=\"lazy\" decoding=\"async\" border=\"0\" height=\"381\" nba=\"true\" src=\"http:\/\/3.bp.blogspot.com\/-_4X77eFH21c\/TmWLf_WJJoI\/AAAAAAAAAGk\/QkH3zQIyy20\/s400\/Pope+gives+communion+to+a+knelt+man.jpg\" width=\"400\" \/><\/a><\/div>\n<div class=\"separator\" style=\"clear: both; text-align: center;\"><em><span style=\"font-family: Verdana, sans-serif; font-size: x-small;\">Para desgosto do ordin\u00e1rio local,&nbsp;<\/span><\/em><\/div>\n<div class=\"separator\" style=\"clear: both; text-align: center;\"><em><span style=\"font-family: Verdana, sans-serif; font-size: x-small;\">o Santo Padre distribuiu a Comunh\u00e3o aos fi\u00e9is ajoelhados<\/span><\/em><\/div>\n<p>&nbsp; <\/p>\n<div style=\"text-align: justify;\"><span style=\"font-family: Verdana, sans-serif;\">Al\u00e9m de n\u00e3o ferir a dignidade dos que buscam esse t\u00e3o augusto Sacramento, comungar de joelhos expressa uma compreens\u00e3o maior do Mist\u00e9rio Eucar\u00edstico, expressa a humildade com que deve aproximar-se do altar. S\u00e3o Justino afirmava que aqueles que praticam esse gesto de piedade sabem bem que n\u00e3o est\u00e3o a receber uma mera comida, ou uma mera bebida, mas sim o Corpo e o Sangue&nbsp;de quem&nbsp;nos redimiu. Faz-se necess\u00e1rio o maior decoro no momento de entregar e de receber a Eucaristia, a fim de que sejam evitadas quaisquer formas de profana\u00e7\u00e3o, pois na menor das part\u00edculas, Cristo se encontra presente substancialmente e permanentemente, total e todo inteiro, de uma maneira \u00fanica. <\/span><\/div>\n<p><span style=\"font-family: Verdana, sans-serif;\"><\/span><span style=\"font-family: Verdana, sans-serif;\"><\/span><span style=\"font-family: Verdana, sans-serif;\">&nbsp;<\/span> <\/p>\n<div style=\"text-align: justify;\"><span style=\"font-family: Verdana, sans-serif;\">Pouco estimado pelo seu rebanho, clero e fi\u00e9is, S.E.R. Arcebispo Monti envolveu-se em pol\u00eamica aquando da publica\u00e7\u00e3o da Carta Apost\u00f3lica em forma de &nbsp;<em>Motu proprio &#8220;<strong>Summorum Pontificum&#8221;<\/strong>. <\/em>Defensor&nbsp;do pensamento&nbsp;de que a missa ordin\u00e1ria em vern\u00e1culo \u00e9 menos misteriosa, sem gestos bizarros ou paramentos muito ornamentados, os quais, segundo ele, trivializam o sagrado; n\u00e3o h\u00e1 nenhuma necessidade, ou nenhum incentivo para se celebrar algo dito &#8220;extraordin\u00e1rio&#8221;. N\u00e3o precisamos nos recordar de algo tido como velho por minha gera\u00e7\u00e3o, afirmou, alegando que \u00e9 necess\u00e1rio se diferenciar mist\u00e9rio de misterioso. O primeiro seria a presen\u00e7a real de Cristo nas esp\u00e9cies consagradas, ao passo que o misterioso seria os gestos e os &#8220;exageros&#8221; da missa antiga.<\/span><\/div>\n<div style=\"text-align: justify;\"><\/div>\n<div class=\"separator\" style=\"clear: both; text-align: center;\"><a href=\"http:\/\/1.bp.blogspot.com\/-4rLleUTWLFM\/TmVTSvWcBmI\/AAAAAAAAAGE\/MNgAECILTng\/s1600\/Piety+-+Archbishop+Conti.jpg\" imageanchor=\"1\" style=\"margin-left: 1em; margin-right: 1em;\"><img loading=\"lazy\" decoding=\"async\" border=\"0\" height=\"343\" nba=\"true\" src=\"http:\/\/1.bp.blogspot.com\/-4rLleUTWLFM\/TmVTSvWcBmI\/AAAAAAAAAGE\/MNgAECILTng\/s400\/Piety+-+Archbishop+Conti.jpg\" width=\"400\" \/><\/a><\/div>\n<div class=\"separator\" style=\"clear: both; text-align: center;\"><a href=\"http:\/\/4.bp.blogspot.com\/-d6uF64mSdd8\/TmVUGWYXOXI\/AAAAAAAAAGI\/kYKSyk39RPA\/s1600\/ArchbishopMarioConti+and+deacons.jpg\" imageanchor=\"1\" style=\"margin-left: 1em; margin-right: 1em;\"><img loading=\"lazy\" decoding=\"async\" border=\"0\" height=\"200\" nba=\"true\" src=\"http:\/\/4.bp.blogspot.com\/-d6uF64mSdd8\/TmVUGWYXOXI\/AAAAAAAAAGI\/kYKSyk39RPA\/s400\/ArchbishopMarioConti+and+deacons.jpg\" width=\"400\" \/><\/a><\/div>\n<div class=\"separator\" style=\"clear: both; text-align: center;\"><span style=\"font-family: Verdana, sans-serif; font-size: xx-small;\"><em>Cr\u00edtico ferrenho do que chama exagero&nbsp;na ornamenta\u00e7\u00e3o dos paramentos, S.E.R. \u00e9 costumeiramente vista usando paramentos ornamentados. Quem compreende?<\/em><\/span><\/div>\n<div style=\"text-align: justify;\"><\/p>\n<div style=\"text-align: justify;\"><span style=\"font-family: Verdana, sans-serif;\">Essas alega\u00e7\u00f5es s\u00e3o absurdas, uma vez que contrariam a posi\u00e7\u00e3o oficial da Igreja. \u00c9 mister que a Pontif\u00edcia Comiss\u00e3o <em>Ecclesia Dei<\/em> tome medidas mais dr\u00e1sticas em rela\u00e7\u00e3o ao arcebispo, que se recusa a aderir por completo \u00e0s ordens do papa. O ordin\u00e1rio da diocese tem o dever de atender aos anseios de seus diocesanos, especialmente quando se trata de algo capaz de trazer grandes benef\u00edcios \u00e0 f\u00e9,&nbsp;especialmente dos quem se&nbsp;sentem atra\u00eddos pelas formas lit\u00fargicas e disciplinares pr\u00e9-conciliares. &#8220;Todos os pastores e os outros fi\u00e9is devem tamb\u00e9m ter uma nova consci\u00eancia, n\u00e3o somente da legitimidade, mas tamb\u00e9m da riqueza que representa para a Igreja a diversidade dos carismas e das tradi\u00e7\u00f5es da espiritualidade e do apostolado. Esta diversidade constitui assim a beleza da unidade na variedade: tal \u00e9 a sinfonia que, sob a a\u00e7\u00e3o do Esp\u00edrito Santo, a Igreja faz subir ao C\u00e9u&#8221;; segundo trecho da Constitui\u00e7\u00e3o Apost\u00f3lica em forma de Motu proprio <em>&#8220;<strong>Ecclesia Dei Adflicta&#8221;<\/strong><\/em>.<\/span><br \/><span style=\"font-family: Verdana, sans-serif;\">&nbsp;<\/span> <\/div>\n<div style=\"border-bottom: medium none; border-left: medium none; border-right: medium none; border-top: medium none; text-align: justify;\"><span style=\"font-family: Verdana, sans-serif;\">H\u00e1 rumores de que o Beato Jo\u00e3o Paulo II haveria declarado que S.E.R. Arcebispo Mario Conti n\u00e3o receberia o barrete cardinal\u00edcio, diferentemente de seu predecessor. N\u00e3o se sabe o motivo, mas, sem d\u00favida, foi&nbsp;uma decis\u00e3o que&nbsp;reflete a grande sabedoria do vener\u00e1vel beato.<\/span><\/div>\n<p><span style=\"font-family: Verdana, sans-serif;\"><\/span><span style=\"font-family: Verdana, sans-serif;\"><\/span><span style=\"font-family: Verdana, sans-serif;\">&nbsp;<\/span> <\/p>\n<div style=\"text-align: justify;\"><span style=\"font-family: Verdana, sans-serif;\">Rezemos para que o Santo Padre, por meio de seu n\u00fancio apost\u00f3lico, aceite em breve a ren\u00fancia do nobre arcebispo e nomeie um digno pastor para aquela terra t\u00e3o hostil ao Catolicismo. Pe\u00e7amos a Santo Andr\u00e9, patrono dos escoceses, que os cat\u00f3licos possam viver em liberdade e resistir ao secularismo, ao reducionismo, ao indiferentismo e \u00e0s disputas religiosas, que tanto ferem uma sociedade que outrora fora, assim como a Inglaterra, uma das filhas mais fi\u00e9is&nbsp;da Santa M\u00e3e Igreja.<\/span><\/p>\n<\/div>\n<div class=\"separator\" style=\"clear: both; text-align: center;\"><a href=\"http:\/\/3.bp.blogspot.com\/-Mi5VkTJ9zZw\/TmVWz38y1QI\/AAAAAAAAAGQ\/9pjtj_m34TI\/s1600\/carwinn2%255B1%255D.jpg\" imageanchor=\"1\" style=\"margin-left: 1em; margin-right: 1em;\"><img loading=\"lazy\" decoding=\"async\" border=\"0\" height=\"320\" nba=\"true\" src=\"http:\/\/3.bp.blogspot.com\/-Mi5VkTJ9zZw\/TmVWz38y1QI\/AAAAAAAAAGQ\/9pjtj_m34TI\/s320\/carwinn2%255B1%255D.jpg\" width=\"226\" \/><\/a><\/div>\n<div class=\"separator\" style=\"clear: both; text-align: center;\"><em><span class=\"Apple-style-span\" style=\"font-family: Verdana, sans-serif; font-size: x-small;\">Em.mo Sr. Cardeal Thomas Winning,&nbsp;<\/span><\/em><\/div>\n<div class=\"separator\" style=\"clear: both; text-align: center;\"><em><span class=\"Apple-style-span\" style=\"font-family: Verdana, sans-serif; font-size: x-small;\">arcebispo&nbsp;de Glasgow at\u00e9 seu falecimento em 2001.&nbsp;<\/span><\/em><\/div>\n<div class=\"separator\" style=\"clear: both; text-align: center;\"><em><span class=\"Apple-style-span\" style=\"font-family: Verdana, sans-serif; font-size: x-small;\">N\u00e3o se sabe ao certo o ocorrido,&nbsp;<\/span><\/em><\/div>\n<div class=\"separator\" style=\"clear: both; text-align: center;\"><em><span class=\"Apple-style-span\" style=\"font-family: Verdana, sans-serif; font-size: x-small;\">mas o Beato Jo\u00e3o Paulo II vetou a nomea\u00e7\u00e3o de seu sucessor ao Col\u00e9gio Cardinal\u00edcio<\/span><\/em><\/div>\n<\/div>\n<div style=\"text-align: justify;\">\n<\/div>\n<div class=\"separator\" style=\"clear: both; text-align: center;\"><a href=\"http:\/\/1.bp.blogspot.com\/-RDFlUgqZQMw\/TmVaQKbxWVI\/AAAAAAAAAGU\/FeHn7njmmXo\/s1600\/Cardinal_Zen.jpg\" imageanchor=\"1\" style=\"margin-left: 1em; margin-right: 1em;\"><img loading=\"lazy\" decoding=\"async\" border=\"0\" height=\"265\" nba=\"true\" src=\"http:\/\/1.bp.blogspot.com\/-RDFlUgqZQMw\/TmVaQKbxWVI\/AAAAAAAAAGU\/FeHn7njmmXo\/s400\/Cardinal_Zen.jpg\" width=\"400\" \/><\/a><\/div>\n<div class=\"separator\" style=\"clear: both; text-align: center;\"><\/div>\n<div class=\"separator\" style=\"clear: both; text-align: center;\"><a href=\"http:\/\/4.bp.blogspot.com\/-HKs81ljZlQ4\/TmVbqs2d-3I\/AAAAAAAAAGY\/Ll8WBM5Dyps\/s1600\/Comuni%25C3%25B3n+de+Rodillas.jpg\" imageanchor=\"1\" style=\"margin-left: 1em; margin-right: 1em;\"><img loading=\"lazy\" decoding=\"async\" border=\"0\" height=\"640\" nba=\"true\" src=\"http:\/\/4.bp.blogspot.com\/-HKs81ljZlQ4\/TmVbqs2d-3I\/AAAAAAAAAGY\/Ll8WBM5Dyps\/s640\/Comuni%25C3%25B3n+de+Rodillas.jpg\" width=\"425\" \/><\/a><\/div>\n<div class=\"separator\" style=\"clear: both; text-align: center;\"><\/div>\n<div class=\"separator\" style=\"clear: both; text-align: center;\"><a href=\"http:\/\/1.bp.blogspot.com\/-PhVJJNF7Jwo\/TmVeQkeMKDI\/AAAAAAAAAGc\/jgVZW_tVv6E\/s1600\/Africa+kneels.jpg\" imageanchor=\"1\" style=\"margin-left: 1em; margin-right: 1em;\"><img decoding=\"async\" border=\"0\" nba=\"true\" src=\"http:\/\/1.bp.blogspot.com\/-PhVJJNF7Jwo\/TmVeQkeMKDI\/AAAAAAAAAGc\/jgVZW_tVv6E\/s1600\/Africa+kneels.jpg\" \/><\/a><\/div>\n<div class=\"separator\" style=\"clear: both; text-align: center;\"><em><span class=\"Apple-style-span\" style=\"font-family: Verdana, sans-serif; font-size: x-small;\">Na primeira foto, cat\u00f3licos chineses recebem a comunh\u00e3o de joelhos&nbsp;<\/span><\/em><\/div>\n<div class=\"separator\" style=\"clear: both; text-align: center;\"><em><span class=\"Apple-style-span\" style=\"font-family: Verdana, sans-serif; font-size: x-small;\">das m\u00e3os do Em.mo Sr. Cardeal Joseph Zen Ze-Kiun,SDB.&nbsp;<\/span><\/em><\/div>\n<div class=\"separator\" style=\"clear: both; text-align: center;\"><em><span class=\"Apple-style-span\" style=\"font-family: Verdana, sans-serif; font-size: x-small;\">Na segunda, jovens espanh\u00f3is comungam em missa extraordin\u00e1ria&nbsp;<\/span><\/em><\/div>\n<div class=\"separator\" style=\"clear: both; text-align: center;\"><em><span class=\"Apple-style-span\" style=\"font-family: Verdana, sans-serif; font-size: x-small;\">celebrada para pessoas de sua faixa et\u00e1ria.&nbsp;<\/span><\/em><\/div>\n<div class=\"separator\" style=\"clear: both; text-align: center;\"><em><span class=\"Apple-style-span\" style=\"font-family: Verdana, sans-serif; font-size: x-small;\">Acima, africanos recebem a comunh\u00e3o em missa celebrada no meio da selva.<\/span><\/em><\/div>\n<div class=\"separator\" style=\"clear: both; text-align: center;\"><em><span class=\"Apple-style-span\" style=\"font-family: Verdana, sans-serif; font-size: x-small;\">&nbsp;Que diferen\u00e7a das missas-afro do Brasil, n\u00e3o \u00e9 mesmo?<\/span><\/em><\/div>\n<div class=\"separator\" style=\"clear: both; text-align: center;\"><em><span class=\"Apple-style-span\" style=\"font-family: Verdana, sans-serif; font-size: x-small;\"><br \/><\/span><\/em><\/div>\n<div class=\"separator\" style=\"clear: both; text-align: center;\"><\/div>\n<\/div>\n<\/div>\n","protected":false},"excerpt":{"rendered":"S.E.R. Arcebispo Mario Conti, da Arquidiocese de Glasgow. Famoso por sua desobedi\u00eancia aos ensinamentos da Santa Igreja, S.E.R. Arcebispo Mario Conti, 77 anos, da Arquidiocese de Glasgow, Esc\u00f3cia, preocupado com o lan\u00e7amento da nova edi\u00e7\u00e3o do Missal Romano para os pa\u00edses de l\u00edngua inglesa, declarou em uma nota escrita e dirigida aos sacerdotes de sua&#8230; <a class=\"view-article\" href=\"https:\/\/diretodasacristia.com\/home\/sem-categoria\/nao-a-comunhao-de-joelhos-2\/\">Ver artigo<\/a>","protected":false},"author":4,"featured_media":0,"comment_status":"open","ping_status":"open","sticky":false,"template":"","format":"standard","meta":{"jetpack_post_was_ever_published":false,"_jetpack_newsletter_access":"","_jetpack_dont_email_post_to_subs":false,"_jetpack_newsletter_tier_id":0,"_jetpack_memberships_contains_paywalled_content":false,"_jetpack_memberships_contains_paid_content":false,"_joinchat":[],"footnotes":"","jetpack_publicize_message":"","jetpack_publicize_feature_enabled":true,"jetpack_social_post_already_shared":false,"jetpack_social_options":{"image_generator_settings":{"template":"highway","default_image_id":0,"font":"","enabled":false},"version":2}},"categories":[1],"tags":[],"class_list":["post-21","post","type-post","status-publish","format-standard","hentry","category-sem-categoria"],"yoast_head":"<!-- This site is optimized with the Yoast SEO plugin v27.4 - https:\/\/yoast.com\/product\/yoast-seo-wordpress\/ -->\n<title>&quot;N\u00e3o \u00e0 comunh\u00e3o de joelhos!&quot; - Direto da Sacristia<\/title>\n<meta name=\"robots\" content=\"index, follow, max-snippet:-1, max-image-preview:large, max-video-preview:-1\" \/>\n<link rel=\"canonical\" href=\"https:\/\/diretodasacristia.com\/home\/sem-categoria\/nao-a-comunhao-de-joelhos-2\/\" \/>\n<meta property=\"og:locale\" content=\"pt_BR\" \/>\n<meta property=\"og:type\" content=\"article\" \/>\n<meta property=\"og:title\" content=\"&quot;N\u00e3o \u00e0 comunh\u00e3o de joelhos!&quot; - Direto da Sacristia\" \/>\n<meta property=\"og:description\" content=\"S.E.R. Arcebispo Mario Conti, da Arquidiocese de Glasgow. Famoso por sua desobedi\u00eancia aos ensinamentos da Santa Igreja, S.E.R. Arcebispo Mario Conti, 77 anos, da Arquidiocese de Glasgow, Esc\u00f3cia, preocupado com o lan\u00e7amento da nova edi\u00e7\u00e3o do Missal Romano para os pa\u00edses de l\u00edngua inglesa, declarou em uma nota escrita e dirigida aos sacerdotes de sua... Ver artigo\" \/>\n<meta property=\"og:url\" content=\"https:\/\/diretodasacristia.com\/home\/sem-categoria\/nao-a-comunhao-de-joelhos-2\/\" \/>\n<meta property=\"og:site_name\" content=\"Direto da Sacristia\" \/>\n<meta property=\"article:publisher\" content=\"https:\/\/www.facebook.com\/DiretoSacristia\" \/>\n<meta property=\"article:published_time\" content=\"2011-09-05T23:58:00+00:00\" \/>\n<meta property=\"og:image\" content=\"http:\/\/4.bp.blogspot.com\/-my1LOfUlRoQ\/TmVAKbtw-nI\/AAAAAAAAAFs\/je8nKr68Qso\/s400\/Arch+Mario+Conti.jpg\" \/>\n<meta name=\"author\" content=\"Erick Mar\u00e7al\" \/>\n<meta name=\"twitter:card\" content=\"summary_large_image\" \/>\n<meta name=\"twitter:creator\" content=\"@diretosacristia\" \/>\n<meta name=\"twitter:site\" content=\"@diretosacristia\" \/>\n<meta name=\"twitter:label1\" content=\"Escrito por\" \/>\n\t<meta name=\"twitter:data1\" content=\"Erick Mar\u00e7al\" \/>\n\t<meta name=\"twitter:label2\" content=\"Est. tempo de leitura\" \/>\n\t<meta name=\"twitter:data2\" content=\"6 minutos\" \/>\n<script type=\"application\/ld+json\" class=\"yoast-schema-graph\">{\"@context\":\"https:\\\/\\\/schema.org\",\"@graph\":[{\"@type\":\"Article\",\"@id\":\"https:\\\/\\\/diretodasacristia.com\\\/home\\\/sem-categoria\\\/nao-a-comunhao-de-joelhos-2\\\/#article\",\"isPartOf\":{\"@id\":\"https:\\\/\\\/diretodasacristia.com\\\/home\\\/sem-categoria\\\/nao-a-comunhao-de-joelhos-2\\\/\"},\"author\":{\"name\":\"Erick Mar\u00e7al\",\"@id\":\"https:\\\/\\\/diretodasacristia.com\\\/home\\\/#\\\/schema\\\/person\\\/f2a8b5c1dd46cfb2d998ebc1ccdb8910\"},\"headline\":\"&#8220;N\u00e3o \u00e0 comunh\u00e3o de joelhos!&#8221;\",\"datePublished\":\"2011-09-05T23:58:00+00:00\",\"mainEntityOfPage\":{\"@id\":\"https:\\\/\\\/diretodasacristia.com\\\/home\\\/sem-categoria\\\/nao-a-comunhao-de-joelhos-2\\\/\"},\"wordCount\":1132,\"commentCount\":0,\"publisher\":{\"@id\":\"https:\\\/\\\/diretodasacristia.com\\\/home\\\/#organization\"},\"image\":{\"@id\":\"https:\\\/\\\/diretodasacristia.com\\\/home\\\/sem-categoria\\\/nao-a-comunhao-de-joelhos-2\\\/#primaryimage\"},\"thumbnailUrl\":\"http:\\\/\\\/4.bp.blogspot.com\\\/-my1LOfUlRoQ\\\/TmVAKbtw-nI\\\/AAAAAAAAAFs\\\/je8nKr68Qso\\\/s400\\\/Arch+Mario+Conti.jpg\",\"inLanguage\":\"pt-BR\",\"potentialAction\":[{\"@type\":\"CommentAction\",\"name\":\"Comment\",\"target\":[\"https:\\\/\\\/diretodasacristia.com\\\/home\\\/sem-categoria\\\/nao-a-comunhao-de-joelhos-2\\\/#respond\"]}]},{\"@type\":\"WebPage\",\"@id\":\"https:\\\/\\\/diretodasacristia.com\\\/home\\\/sem-categoria\\\/nao-a-comunhao-de-joelhos-2\\\/\",\"url\":\"https:\\\/\\\/diretodasacristia.com\\\/home\\\/sem-categoria\\\/nao-a-comunhao-de-joelhos-2\\\/\",\"name\":\"\\\"N\u00e3o \u00e0 comunh\u00e3o de joelhos!\\\" - Direto da Sacristia\",\"isPartOf\":{\"@id\":\"https:\\\/\\\/diretodasacristia.com\\\/home\\\/#website\"},\"primaryImageOfPage\":{\"@id\":\"https:\\\/\\\/diretodasacristia.com\\\/home\\\/sem-categoria\\\/nao-a-comunhao-de-joelhos-2\\\/#primaryimage\"},\"image\":{\"@id\":\"https:\\\/\\\/diretodasacristia.com\\\/home\\\/sem-categoria\\\/nao-a-comunhao-de-joelhos-2\\\/#primaryimage\"},\"thumbnailUrl\":\"http:\\\/\\\/4.bp.blogspot.com\\\/-my1LOfUlRoQ\\\/TmVAKbtw-nI\\\/AAAAAAAAAFs\\\/je8nKr68Qso\\\/s400\\\/Arch+Mario+Conti.jpg\",\"datePublished\":\"2011-09-05T23:58:00+00:00\",\"breadcrumb\":{\"@id\":\"https:\\\/\\\/diretodasacristia.com\\\/home\\\/sem-categoria\\\/nao-a-comunhao-de-joelhos-2\\\/#breadcrumb\"},\"inLanguage\":\"pt-BR\",\"potentialAction\":[{\"@type\":\"ReadAction\",\"target\":[\"https:\\\/\\\/diretodasacristia.com\\\/home\\\/sem-categoria\\\/nao-a-comunhao-de-joelhos-2\\\/\"]}]},{\"@type\":\"ImageObject\",\"inLanguage\":\"pt-BR\",\"@id\":\"https:\\\/\\\/diretodasacristia.com\\\/home\\\/sem-categoria\\\/nao-a-comunhao-de-joelhos-2\\\/#primaryimage\",\"url\":\"http:\\\/\\\/4.bp.blogspot.com\\\/-my1LOfUlRoQ\\\/TmVAKbtw-nI\\\/AAAAAAAAAFs\\\/je8nKr68Qso\\\/s400\\\/Arch+Mario+Conti.jpg\",\"contentUrl\":\"http:\\\/\\\/4.bp.blogspot.com\\\/-my1LOfUlRoQ\\\/TmVAKbtw-nI\\\/AAAAAAAAAFs\\\/je8nKr68Qso\\\/s400\\\/Arch+Mario+Conti.jpg\"},{\"@type\":\"BreadcrumbList\",\"@id\":\"https:\\\/\\\/diretodasacristia.com\\\/home\\\/sem-categoria\\\/nao-a-comunhao-de-joelhos-2\\\/#breadcrumb\",\"itemListElement\":[{\"@type\":\"ListItem\",\"position\":1,\"name\":\"In\u00edcio\",\"item\":\"https:\\\/\\\/diretodasacristia.com\\\/home\\\/\"},{\"@type\":\"ListItem\",\"position\":2,\"name\":\"&#8220;N\u00e3o \u00e0 comunh\u00e3o de joelhos!&#8221;\"}]},{\"@type\":\"WebSite\",\"@id\":\"https:\\\/\\\/diretodasacristia.com\\\/home\\\/#website\",\"url\":\"https:\\\/\\\/diretodasacristia.com\\\/home\\\/\",\"name\":\"Direto da Sacristia\",\"description\":\"Not\u00edcias e artigos sobre a f\u00e9 cat\u00f3lica\",\"publisher\":{\"@id\":\"https:\\\/\\\/diretodasacristia.com\\\/home\\\/#organization\"},\"potentialAction\":[{\"@type\":\"SearchAction\",\"target\":{\"@type\":\"EntryPoint\",\"urlTemplate\":\"https:\\\/\\\/diretodasacristia.com\\\/home\\\/?s={search_term_string}\"},\"query-input\":{\"@type\":\"PropertyValueSpecification\",\"valueRequired\":true,\"valueName\":\"search_term_string\"}}],\"inLanguage\":\"pt-BR\"},{\"@type\":\"Organization\",\"@id\":\"https:\\\/\\\/diretodasacristia.com\\\/home\\\/#organization\",\"name\":\"Direto da Sacristia\",\"url\":\"https:\\\/\\\/diretodasacristia.com\\\/home\\\/\",\"logo\":{\"@type\":\"ImageObject\",\"inLanguage\":\"pt-BR\",\"@id\":\"https:\\\/\\\/diretodasacristia.com\\\/home\\\/#\\\/schema\\\/logo\\\/image\\\/\",\"url\":\"https:\\\/\\\/i0.wp.com\\\/diretodasacristia.com\\\/home\\\/wp-content\\\/uploads\\\/2012\\\/01\\\/marca-sacristia.png?fit=320%2C306&ssl=1\",\"contentUrl\":\"https:\\\/\\\/i0.wp.com\\\/diretodasacristia.com\\\/home\\\/wp-content\\\/uploads\\\/2012\\\/01\\\/marca-sacristia.png?fit=320%2C306&ssl=1\",\"width\":\"320\",\"height\":\"306\",\"caption\":\"Direto da Sacristia\"},\"image\":{\"@id\":\"https:\\\/\\\/diretodasacristia.com\\\/home\\\/#\\\/schema\\\/logo\\\/image\\\/\"},\"sameAs\":[\"https:\\\/\\\/www.facebook.com\\\/DiretoSacristia\",\"https:\\\/\\\/x.com\\\/diretosacristia\",\"https:\\\/\\\/www.instagram.com\\\/diretodasacristia\\\/\",\"https:\\\/\\\/www.youtube.com\\\/diretodasacristia\"]},{\"@type\":\"Person\",\"@id\":\"https:\\\/\\\/diretodasacristia.com\\\/home\\\/#\\\/schema\\\/person\\\/f2a8b5c1dd46cfb2d998ebc1ccdb8910\",\"name\":\"Erick Mar\u00e7al\",\"image\":{\"@type\":\"ImageObject\",\"inLanguage\":\"pt-BR\",\"@id\":\"https:\\\/\\\/secure.gravatar.com\\\/avatar\\\/b017544cbb11b4a02f0aad8526088df1b5772bb19bdd95c5c0c581d239715c58?s=96&d=mm&r=g\",\"url\":\"https:\\\/\\\/secure.gravatar.com\\\/avatar\\\/b017544cbb11b4a02f0aad8526088df1b5772bb19bdd95c5c0c581d239715c58?s=96&d=mm&r=g\",\"contentUrl\":\"https:\\\/\\\/secure.gravatar.com\\\/avatar\\\/b017544cbb11b4a02f0aad8526088df1b5772bb19bdd95c5c0c581d239715c58?s=96&d=mm&r=g\",\"caption\":\"Erick Mar\u00e7al\"},\"url\":\"https:\\\/\\\/diretodasacristia.com\\\/home\\\/author\\\/carlos\\\/\"}]}<\/script>\n<!-- \/ Yoast SEO plugin. -->","yoast_head_json":{"title":"\"N\u00e3o \u00e0 comunh\u00e3o de joelhos!\" - Direto da Sacristia","robots":{"index":"index","follow":"follow","max-snippet":"max-snippet:-1","max-image-preview":"max-image-preview:large","max-video-preview":"max-video-preview:-1"},"canonical":"https:\/\/diretodasacristia.com\/home\/sem-categoria\/nao-a-comunhao-de-joelhos-2\/","og_locale":"pt_BR","og_type":"article","og_title":"\"N\u00e3o \u00e0 comunh\u00e3o de joelhos!\" - Direto da Sacristia","og_description":"S.E.R. Arcebispo Mario Conti, da Arquidiocese de Glasgow. Famoso por sua desobedi\u00eancia aos ensinamentos da Santa Igreja, S.E.R. Arcebispo Mario Conti, 77 anos, da Arquidiocese de Glasgow, Esc\u00f3cia, preocupado com o lan\u00e7amento da nova edi\u00e7\u00e3o do Missal Romano para os pa\u00edses de l\u00edngua inglesa, declarou em uma nota escrita e dirigida aos sacerdotes de sua... Ver artigo","og_url":"https:\/\/diretodasacristia.com\/home\/sem-categoria\/nao-a-comunhao-de-joelhos-2\/","og_site_name":"Direto da Sacristia","article_publisher":"https:\/\/www.facebook.com\/DiretoSacristia","article_published_time":"2011-09-05T23:58:00+00:00","og_image":[{"url":"http:\/\/4.bp.blogspot.com\/-my1LOfUlRoQ\/TmVAKbtw-nI\/AAAAAAAAAFs\/je8nKr68Qso\/s400\/Arch+Mario+Conti.jpg","type":"","width":"","height":""}],"author":"Erick Mar\u00e7al","twitter_card":"summary_large_image","twitter_creator":"@diretosacristia","twitter_site":"@diretosacristia","twitter_misc":{"Escrito por":"Erick Mar\u00e7al","Est. tempo de leitura":"6 minutos"},"schema":{"@context":"https:\/\/schema.org","@graph":[{"@type":"Article","@id":"https:\/\/diretodasacristia.com\/home\/sem-categoria\/nao-a-comunhao-de-joelhos-2\/#article","isPartOf":{"@id":"https:\/\/diretodasacristia.com\/home\/sem-categoria\/nao-a-comunhao-de-joelhos-2\/"},"author":{"name":"Erick Mar\u00e7al","@id":"https:\/\/diretodasacristia.com\/home\/#\/schema\/person\/f2a8b5c1dd46cfb2d998ebc1ccdb8910"},"headline":"&#8220;N\u00e3o \u00e0 comunh\u00e3o de joelhos!&#8221;","datePublished":"2011-09-05T23:58:00+00:00","mainEntityOfPage":{"@id":"https:\/\/diretodasacristia.com\/home\/sem-categoria\/nao-a-comunhao-de-joelhos-2\/"},"wordCount":1132,"commentCount":0,"publisher":{"@id":"https:\/\/diretodasacristia.com\/home\/#organization"},"image":{"@id":"https:\/\/diretodasacristia.com\/home\/sem-categoria\/nao-a-comunhao-de-joelhos-2\/#primaryimage"},"thumbnailUrl":"http:\/\/4.bp.blogspot.com\/-my1LOfUlRoQ\/TmVAKbtw-nI\/AAAAAAAAAFs\/je8nKr68Qso\/s400\/Arch+Mario+Conti.jpg","inLanguage":"pt-BR","potentialAction":[{"@type":"CommentAction","name":"Comment","target":["https:\/\/diretodasacristia.com\/home\/sem-categoria\/nao-a-comunhao-de-joelhos-2\/#respond"]}]},{"@type":"WebPage","@id":"https:\/\/diretodasacristia.com\/home\/sem-categoria\/nao-a-comunhao-de-joelhos-2\/","url":"https:\/\/diretodasacristia.com\/home\/sem-categoria\/nao-a-comunhao-de-joelhos-2\/","name":"\"N\u00e3o \u00e0 comunh\u00e3o de joelhos!\" - Direto da Sacristia","isPartOf":{"@id":"https:\/\/diretodasacristia.com\/home\/#website"},"primaryImageOfPage":{"@id":"https:\/\/diretodasacristia.com\/home\/sem-categoria\/nao-a-comunhao-de-joelhos-2\/#primaryimage"},"image":{"@id":"https:\/\/diretodasacristia.com\/home\/sem-categoria\/nao-a-comunhao-de-joelhos-2\/#primaryimage"},"thumbnailUrl":"http:\/\/4.bp.blogspot.com\/-my1LOfUlRoQ\/TmVAKbtw-nI\/AAAAAAAAAFs\/je8nKr68Qso\/s400\/Arch+Mario+Conti.jpg","datePublished":"2011-09-05T23:58:00+00:00","breadcrumb":{"@id":"https:\/\/diretodasacristia.com\/home\/sem-categoria\/nao-a-comunhao-de-joelhos-2\/#breadcrumb"},"inLanguage":"pt-BR","potentialAction":[{"@type":"ReadAction","target":["https:\/\/diretodasacristia.com\/home\/sem-categoria\/nao-a-comunhao-de-joelhos-2\/"]}]},{"@type":"ImageObject","inLanguage":"pt-BR","@id":"https:\/\/diretodasacristia.com\/home\/sem-categoria\/nao-a-comunhao-de-joelhos-2\/#primaryimage","url":"http:\/\/4.bp.blogspot.com\/-my1LOfUlRoQ\/TmVAKbtw-nI\/AAAAAAAAAFs\/je8nKr68Qso\/s400\/Arch+Mario+Conti.jpg","contentUrl":"http:\/\/4.bp.blogspot.com\/-my1LOfUlRoQ\/TmVAKbtw-nI\/AAAAAAAAAFs\/je8nKr68Qso\/s400\/Arch+Mario+Conti.jpg"},{"@type":"BreadcrumbList","@id":"https:\/\/diretodasacristia.com\/home\/sem-categoria\/nao-a-comunhao-de-joelhos-2\/#breadcrumb","itemListElement":[{"@type":"ListItem","position":1,"name":"In\u00edcio","item":"https:\/\/diretodasacristia.com\/home\/"},{"@type":"ListItem","position":2,"name":"&#8220;N\u00e3o \u00e0 comunh\u00e3o de joelhos!&#8221;"}]},{"@type":"WebSite","@id":"https:\/\/diretodasacristia.com\/home\/#website","url":"https:\/\/diretodasacristia.com\/home\/","name":"Direto da Sacristia","description":"Not\u00edcias e artigos sobre a f\u00e9 cat\u00f3lica","publisher":{"@id":"https:\/\/diretodasacristia.com\/home\/#organization"},"potentialAction":[{"@type":"SearchAction","target":{"@type":"EntryPoint","urlTemplate":"https:\/\/diretodasacristia.com\/home\/?s={search_term_string}"},"query-input":{"@type":"PropertyValueSpecification","valueRequired":true,"valueName":"search_term_string"}}],"inLanguage":"pt-BR"},{"@type":"Organization","@id":"https:\/\/diretodasacristia.com\/home\/#organization","name":"Direto da Sacristia","url":"https:\/\/diretodasacristia.com\/home\/","logo":{"@type":"ImageObject","inLanguage":"pt-BR","@id":"https:\/\/diretodasacristia.com\/home\/#\/schema\/logo\/image\/","url":"https:\/\/i0.wp.com\/diretodasacristia.com\/home\/wp-content\/uploads\/2012\/01\/marca-sacristia.png?fit=320%2C306&ssl=1","contentUrl":"https:\/\/i0.wp.com\/diretodasacristia.com\/home\/wp-content\/uploads\/2012\/01\/marca-sacristia.png?fit=320%2C306&ssl=1","width":"320","height":"306","caption":"Direto da Sacristia"},"image":{"@id":"https:\/\/diretodasacristia.com\/home\/#\/schema\/logo\/image\/"},"sameAs":["https:\/\/www.facebook.com\/DiretoSacristia","https:\/\/x.com\/diretosacristia","https:\/\/www.instagram.com\/diretodasacristia\/","https:\/\/www.youtube.com\/diretodasacristia"]},{"@type":"Person","@id":"https:\/\/diretodasacristia.com\/home\/#\/schema\/person\/f2a8b5c1dd46cfb2d998ebc1ccdb8910","name":"Erick Mar\u00e7al","image":{"@type":"ImageObject","inLanguage":"pt-BR","@id":"https:\/\/secure.gravatar.com\/avatar\/b017544cbb11b4a02f0aad8526088df1b5772bb19bdd95c5c0c581d239715c58?s=96&d=mm&r=g","url":"https:\/\/secure.gravatar.com\/avatar\/b017544cbb11b4a02f0aad8526088df1b5772bb19bdd95c5c0c581d239715c58?s=96&d=mm&r=g","contentUrl":"https:\/\/secure.gravatar.com\/avatar\/b017544cbb11b4a02f0aad8526088df1b5772bb19bdd95c5c0c581d239715c58?s=96&d=mm&r=g","caption":"Erick Mar\u00e7al"},"url":"https:\/\/diretodasacristia.com\/home\/author\/carlos\/"}]}},"jetpack_publicize_connections":[],"jetpack_featured_media_url":"","jetpack_sharing_enabled":true,"jetpack_shortlink":"https:\/\/wp.me\/p24aG7-l","jetpack-related-posts":[{"id":2471,"url":"https:\/\/diretodasacristia.com\/home\/sem-categoria\/proximas-datas-no-episcopado-brasileiro\/","url_meta":{"origin":21,"position":0},"title":"Pr\u00f3ximas datas no episcopado brasileiro","author":"E. Mar\u00e7al","date":"3 de mar\u00e7o de 2011","format":false,"excerpt":"Sagra\u00e7\u00e3o episcopalSolenidade de S\u00e3o Jos\u00e9, Esposo da Virgem Maria19.mar\u00e7oMons. Luiz Gonzaga F\u00e9chio,Bispo titular de Putia in Byzacena e Auxiliar de Belo Horizonte.S.E.R. Dom Walmor Oliveira de Azevedo, Arcebispo de Belo HorizonteSagrante principalS.E.R. Dom Bruno Gamberini, Arcebispo de Campinas (S\u00e3o Paulo) S.E.R Dom Paulo S\u00e9rgio Machado, Bispo de S\u00e3o Carlos (S\u00e3o\u2026","rel":"","context":"Em &quot;Sem categoria&quot;","block_context":{"text":"Sem categoria","link":"https:\/\/diretodasacristia.com\/home\/c\/sem-categoria\/"},"img":{"alt_text":"","src":"","width":0,"height":0},"classes":[]},{"id":2551,"url":"https:\/\/diretodasacristia.com\/home\/sem-categoria\/visita-ad-limina-apostolorum-4\/","url_meta":{"origin":21,"position":1},"title":"Visita &#8220;Ad Limina Apostolorum&#8221;","author":"E. Mar\u00e7al","date":"3 de setembro de 2010","format":false,"excerpt":"Do boletim da Sala de Imprensa da Santa S\u00e9A Audi\u00eanciaO Santo Padre recebeu nesta manh\u00e3 em audi\u00eancia no Pal\u00e1cio Apost\u00f3lico de Castel Gandolfo: Os Excelent\u00edssimos Bispos da Confer\u00eancia Episcopal do Brasil (Regional Nordeste III), em Visita \"Ad Limina Apostolorum\": S.E.R. Dom Jos\u00e9 Edson Santana de Oliveira, Bispo de Eun\u00e1polis; S.E.R.\u2026","rel":"","context":"Em &quot;Sem categoria&quot;","block_context":{"text":"Sem categoria","link":"https:\/\/diretodasacristia.com\/home\/c\/sem-categoria\/"},"img":{"alt_text":"","src":"","width":0,"height":0},"classes":[]},{"id":2541,"url":"https:\/\/diretodasacristia.com\/home\/sem-categoria\/consistorio-publico-de-cardeais-previsto-para-novembro-2\/","url_meta":{"origin":21,"position":2},"title":"Consist\u00f3rio p\u00fablico de cardeais previsto para novembro","author":"E. Mar\u00e7al","date":"8 de setembro de 2010","format":false,"excerpt":"Trechos do Fratres in unumIminente consist\u00f3rio p\u00fablico de cria\u00e7\u00e3o de CardeaisPadres Cardeais em cerim\u00f4nia na Patriarcal Bas\u00edlica de S\u00e3o PedroProvavelmente, o Papa Bento XVI anuncie durante o S\u00ednodo dos Bispos para o M\u00e9dio Oriente um novo consist\u00f3rio p\u00fablico para a cria\u00e7\u00e3o de cardeais a acontecer, conforme a tradi\u00e7\u00e3o, um m\u00eas\u2026","rel":"","context":"Em &quot;Sem categoria&quot;","block_context":{"text":"Sem categoria","link":"https:\/\/diretodasacristia.com\/home\/c\/sem-categoria\/"},"img":{"alt_text":"","src":"","width":0,"height":0},"classes":[]},{"id":2503,"url":"https:\/\/diretodasacristia.com\/home\/sem-categoria\/novos-cardeais-para-a-igreja-2\/","url_meta":{"origin":21,"position":3},"title":"Novos cardeais para a Igreja","author":"E. Mar\u00e7al","date":"20 de outubro de 2010","format":false,"excerpt":"Do Fratres in unum e do boletim da Sala de Imprensa da Santa S\u00e9 Bento XVI anuncia consist\u00f3rio p\u00fablico para a cria\u00e7\u00e3o de cardeais na Solenidade de Cristo Rei do universoO C\u00f3digo de Direito Can\u00f4nico, sabiamente, define o perfil dos candidatos ao cardinalato da Santa Igreja Romana:_____________C\u00e2n. 351 \u00a7 1.\u2026","rel":"","context":"Em &quot;Sem categoria&quot;","block_context":{"text":"Sem categoria","link":"https:\/\/diretodasacristia.com\/home\/c\/sem-categoria\/"},"img":{"alt_text":"","src":"","width":0,"height":0},"classes":[]},{"id":2535,"url":"https:\/\/diretodasacristia.com\/home\/sem-categoria\/boletim-da-sala-de-imprensa-da-santa-se-2\/","url_meta":{"origin":21,"position":4},"title":"Boletim da Sala de Imprensa da Santa S\u00e9","author":"E. Mar\u00e7al","date":"11 de setembro de 2010","format":false,"excerpt":"Do boletim da Sala de Imprensa da Santa S\u00e9 A Audi\u00eancia O Santo Padre Bento XVI recebeu nesta manh\u00e3 em audi\u00eancia no Pal\u00e1cio Apost\u00f3lico de Castel Gandolfo:S.E.R. Mons. Reinhard MarxArcebispo de Munique e FrisingaS.E.R. Mons. Reinhard Marx, Arcebispo de Munique e Frisinga (Alemanha); Os bispo de recente nomea\u00e7\u00e3o participantes no\u2026","rel":"","context":"Em &quot;Sem categoria&quot;","block_context":{"text":"Sem categoria","link":"https:\/\/diretodasacristia.com\/home\/c\/sem-categoria\/"},"img":{"alt_text":"","src":"","width":0,"height":0},"classes":[]},{"id":2495,"url":"https:\/\/diretodasacristia.com\/home\/sem-categoria\/beatificacao-de-religiosa-austriaca-no-brasil\/","url_meta":{"origin":21,"position":5},"title":"Beatifica\u00e7\u00e3o de religiosa austr\u00edaca no Brasil","author":"E. Mar\u00e7al","date":"6 de novembro de 2010","format":false,"excerpt":"Cerim\u00f4nia acontecer\u00e1 em Porto AlegreBrasilS.E.R. Dom Dadeus GringsArcebispo de Porto Alegre - BrasilNeste s\u00e1bado, 06 novembro, S.E.R. Dadeus Grings, Arcebispo de Porto Alegre, presidir\u00e1 \u00e0s cerim\u00f4nias da beatifica\u00e7\u00e3o da Madre B\u00e1rbara Maix, na sede da Arquidiocese de Porto Alegre que comemora o centen\u00e1rio de sua ere\u00e7\u00e3o.Vener\u00e1vel Serva de Deus B\u00e1rbara\u2026","rel":"","context":"Em &quot;Sem categoria&quot;","block_context":{"text":"Sem categoria","link":"https:\/\/diretodasacristia.com\/home\/c\/sem-categoria\/"},"img":{"alt_text":"","src":"","width":0,"height":0},"classes":[]}],"post_mailing_queue_ids":[],"_links":{"self":[{"href":"https:\/\/diretodasacristia.com\/home\/wp-json\/wp\/v2\/posts\/21","targetHints":{"allow":["GET"]}}],"collection":[{"href":"https:\/\/diretodasacristia.com\/home\/wp-json\/wp\/v2\/posts"}],"about":[{"href":"https:\/\/diretodasacristia.com\/home\/wp-json\/wp\/v2\/types\/post"}],"author":[{"embeddable":true,"href":"https:\/\/diretodasacristia.com\/home\/wp-json\/wp\/v2\/users\/4"}],"replies":[{"embeddable":true,"href":"https:\/\/diretodasacristia.com\/home\/wp-json\/wp\/v2\/comments?post=21"}],"version-history":[{"count":0,"href":"https:\/\/diretodasacristia.com\/home\/wp-json\/wp\/v2\/posts\/21\/revisions"}],"wp:attachment":[{"href":"https:\/\/diretodasacristia.com\/home\/wp-json\/wp\/v2\/media?parent=21"}],"wp:term":[{"taxonomy":"category","embeddable":true,"href":"https:\/\/diretodasacristia.com\/home\/wp-json\/wp\/v2\/categories?post=21"},{"taxonomy":"post_tag","embeddable":true,"href":"https:\/\/diretodasacristia.com\/home\/wp-json\/wp\/v2\/tags?post=21"}],"curies":[{"name":"wp","href":"https:\/\/api.w.org\/{rel}","templated":true}]}}