{"id":22,"date":"2011-09-01T22:30:00","date_gmt":"2011-09-01T22:30:00","guid":{"rendered":"http:\/\/diretodasacristia.com\/home\/sem-categoria\/novo-grao-mestre-do-santo-sepulcro-2\/"},"modified":"2011-09-01T22:30:00","modified_gmt":"2011-09-01T22:30:00","slug":"novo-grao-mestre-do-santo-sepulcro-2","status":"publish","type":"post","link":"https:\/\/diretodasacristia.com\/home\/sem-categoria\/novo-grao-mestre-do-santo-sepulcro-2\/","title":{"rendered":"Novo Gr\u00e3o-Mestre do Santo Sepulcro"},"content":{"rendered":"<div>\n<div style=\"text-align: center;\"><\/div>\n<div>\n<div>\n<div>\n<div>\n<div>\n<div><a href=\"http:\/\/4.bp.blogspot.com\/-UF1eGA9BAtI\/TmAkou9_MYI\/AAAAAAAAAFA\/75EBfgHpy-8\/s1600\/Bras%25C3%25A3o%2Bda%2BOrdem%2Bdo%2BSanto%2BSepulcro.png\"><img loading=\"lazy\" decoding=\"async\" alt=\"\" border=\"0\" height=\"342\" id=\"BLOGGER_PHOTO_ID_5647554214943994242\" src=\"http:\/\/4.bp.blogspot.com\/-UF1eGA9BAtI\/TmAkou9_MYI\/AAAAAAAAAFA\/75EBfgHpy-8\/s400\/Bras%25C3%25A3o%2Bda%2BOrdem%2Bdo%2BSanto%2BSepulcro.png\" style=\"display: block; height: 274px; margin-bottom: 10px; margin-left: auto; margin-right: auto; margin-top: 0px; text-align: center; width: 320px;\" width=\"400\" \/><\/a><\/p>\n<div style=\"text-align: center;\"><span class=\"Apple-style-span\" style=\"font-family: Verdana, sans-serif; font-size: x-small;\"><i>Um dos bras\u00f5es da Ordem do Santo Sepulcro<\/i><\/span><\/div>\n<div style=\"text-align: center;\"><span class=\"Apple-style-span\" style=\"font-family: Verdana, sans-serif; font-size: x-small;\"><i>Destaque para o mote &#8220;Deus lo vult&#8221; &#8211; Deus o quer,<\/i><\/span><\/div>\n<div style=\"text-align: center;\"><span class=\"Apple-style-span\" style=\"font-family: Verdana, sans-serif; font-size: x-small;\"><i>grito dos cruzados durante os ataques<\/i><\/span><\/div>\n<div>\n<div style=\"text-align: -webkit-auto;\"><\/div>\n<\/div>\n<div>\n<div>\n<div>\n<div align=\"justify\"><span class=\"Apple-style-span\" style=\"font-family: Verdana, sans-serif;\">O Santo Padre Bento XVI nomeou S.E.R. Arcebispo Edwin Frederick O&#8217;Brien, at\u00e9 ent\u00e3o arcebispo de Baltimore e primaz dos Estados Unidos da Am\u00e9rica, pr\u00f3 Gr\u00e3o-Mestre da Ordem Equestre do Santo Sepulcro de Jerusal\u00e9m, sucedendo o Em.mo Sr. Cardeal John Patrick Foley, tamb\u00e9m norte-americano. A Ordem \u00e9 uma organiza\u00e7\u00e3o leiga, aberta aos eclesi\u00e1sticos, dedicada a promover e a defender o cristianismo na Terra Santa, apoiando o Patriarcado Latino de Jerusal\u00e9m, atenta \u00e0s necessidades dos cat\u00f3licos na regi\u00e3o. Suas origens remontam \u00e0 Primeira Cruzada, quando seu l\u00edder, Godofredo de Bulh\u00e3o, conquistou Jerusal\u00e9m. <\/span><br \/><span class=\"Apple-style-span\" style=\"font-family: Verdana, sans-serif;\"><br \/><\/span><br \/><span class=\"Apple-style-span\" style=\"font-family: Verdana, sans-serif;\"><span class=\"Apple-style-span\" style=\"font-family: 'Times New Roman';\"><a href=\"http:\/\/4.bp.blogspot.com\/-mZI20xdz5vE\/TmAk1hkTXBI\/AAAAAAAAAFI\/t413x1armv8\/s1600\/Cardinal%2BFoley.jpg\"><img loading=\"lazy\" decoding=\"async\" alt=\"\" border=\"0\" height=\"400\" id=\"BLOGGER_PHOTO_ID_5647554434684902418\" src=\"http:\/\/4.bp.blogspot.com\/-mZI20xdz5vE\/TmAk1hkTXBI\/AAAAAAAAAFI\/t413x1armv8\/s400\/Cardinal%2BFoley.jpg\" style=\"display: block; height: 320px; margin-bottom: 10px; margin-left: auto; margin-right: auto; margin-top: 0px; text-align: center; width: 214px;\" width=\"267\" \/><\/a><\/span><\/span><\/div>\n<p><\/p>\n<div style=\"text-align: center;\"><span class=\"Apple-style-span\" style=\"font-family: Verdana, sans-serif; font-size: x-small;\"><i>Em.mo Sr. Cardeal John Patrick Foley, Gr\u00e3o-Mestre em\u00e9rito<\/i><\/span><\/div>\n<div style=\"text-align: center;\"><span class=\"Apple-style-span\" style=\"font-family: Verdana, sans-serif; font-size: x-small;\"><i>porta as ins\u00edgnias da Ordem:&nbsp;<\/i><\/span><\/div>\n<div style=\"text-align: center;\"><span class=\"Apple-style-span\" style=\"font-family: Verdana, sans-serif; font-size: x-small;\"><i>o tos\u00e3o abaixo do cord\u00e3o da cruz peitoral e uma condecora\u00e7\u00e3o<\/i><\/span><\/div>\n<p><\/p>\n<div align=\"justify\"><span class=\"Apple-style-span\" style=\"font-family: Verdana, sans-serif;\">S.E.R. Edwin O&#8217;Brien tem 72 anos, tendo nascido em Bronx, Nova York. Foi ordenado sacerdote pelas m\u00e3os do famoso e pol\u00eamico Cardeal Francis Spellman, passando a servir como capel\u00e3o militar em um col\u00e9gio. Em 1971, foi enviado ao Vietn\u00e3, passando a residir em uma acampamento do ex\u00e9rcito no meio da selva, de onde, juntamente com um ministro protestante, voava de helic\u00f3ptero para prover assist\u00eancia espiritual aos soldados que combatiam nos postos avan\u00e7ados de defesa. Seu modelo era o Pe. Vincent Capodanno, capel\u00e3o que mesmo tendo sido alvejado por v\u00e1rios tiros e perdido um bra\u00e7o, recusou resgate e preferiu dar sua vida para administrar os sacramentos aos militares agonizantes, vindo a falecer logo depois. Desapontado com os cursos da guerra, Pe. O&#8217;Brien deixa as for\u00e7as armadas para estudar em Roma e defender sua tese de doutorado em Sagrada Teologia. Foi reitor do Pontif\u00edcio Col\u00e9gio Norte-Americano de Roma entre 1991 e 1994. Dois anos ap\u00f3s retornar aos EUA, recebeu a nomea\u00e7\u00e3o de bispo auxiliar da Arquidiocese de Nova York, sendo apontado bispo coadjutor da Arquidiocese castrense em menos de um ano, assumindo seu novo posto em poucos meses. Em 2007, foi transferido para a S\u00e9-Primaz de Baltimore.<\/span><br \/><span class=\"Apple-style-span\" style=\"font-family: Verdana, sans-serif;\"><br \/><\/span><br \/><span class=\"Apple-style-span\" style=\"font-family: Verdana, sans-serif;\"><span class=\"Apple-style-span\" style=\"font-family: 'Times New Roman';\"><a href=\"http:\/\/2.bp.blogspot.com\/-M4IrTPtyNes\/TmAjp3LkKYI\/AAAAAAAAAEw\/dg8IIbaRkHc\/s1600\/Arcebispo%2BO%2527Brien.jpg\"><img decoding=\"async\" alt=\"\" border=\"0\" id=\"BLOGGER_PHOTO_ID_5647553134816668034\" src=\"http:\/\/2.bp.blogspot.com\/-M4IrTPtyNes\/TmAjp3LkKYI\/AAAAAAAAAEw\/dg8IIbaRkHc\/s320\/Arcebispo%2BO%2527Brien.jpg\" style=\"cursor: pointer; display: block; height: 320px; margin-bottom: 10px; margin-left: auto; margin-right: auto; margin-top: 0px; text-align: center; width: 212px;\" \/><\/a><\/span><\/span><\/p>\n<div style=\"text-align: center;\"><span class=\"Apple-style-span\" style=\"font-family: Verdana, sans-serif; font-size: x-small;\"><i>&nbsp;S.E.R. Arcebispo Edwin O&#8217;Brien, eleito novo Gr\u00e3o-mestre da Ordem<\/i><\/span><\/div>\n<p><span class=\"Apple-style-span\" style=\"font-family: Verdana, sans-serif;\"><br \/><\/span><br \/><span class=\"Apple-style-span\" style=\"font-family: Verdana, sans-serif;\">\u00c9 reconhecido internacionalmente por seu conhecimento e defesa da Santa Doutrina da Igreja. Tomou como lema episcopal <em>Pastores Dabo Vobis<\/em> (Dar-vos-ei pastores),refletindo sua experi\u00eancia como reitor e o seu desejo de encorajar cada vez mais jovens a estarem dispon\u00edveis a responder ao chamado de se doarem por completo \u00e0 causa de Cristo. Envolveu-se no caso do seminarista Eugene Hamilton, um jovem de 25 anos que recebeu diagn\u00f3stico de c\u00e2ncer terminal ainda no in\u00edcio de sua forma\u00e7\u00e3o rumo ao sacerd\u00f3cio. Conseguiu com sucesso uma dispensa da Santa S\u00e9 e o ordenou di\u00e1cono e logo ap\u00f3s sacerdote, poucas horas antes de sua morte. <\/span><\/div>\n<p><span class=\"Apple-style-span\" style=\"font-family: Verdana, sans-serif;\"><br \/><\/span><\/p>\n<div align=\"justify\"><span class=\"Apple-style-span\" style=\"font-family: Verdana, sans-serif;\">Cr\u00edtico ferrenho do aborto, da eutan\u00e1sia e das uni\u00f5es homoafetivas, n\u00e3o se acovardou como alguns pastores que, buscando uma posi\u00e7\u00e3o neutra entre o bem e o mal, preferem se omitir a defender os ensinamentos da Santa Igreja. O arcebispo O&#8217;Brien n\u00e3o hesitou de entrar com um processo contra o conselho municipal que, juntamente com a senhora prefeita, havia aprovado leis contr\u00e1rias \u00e0 defesa e \u00e0 preserva\u00e7\u00e3o da vida humana. Com a inspira\u00e7\u00e3o digna de um pr\u00edncipe zeloso da Igreja, saiu vitorioso, conseguindo revogar aquelas leis.<\/span><br \/><span class=\"Apple-style-span\" style=\"font-family: Verdana, sans-serif;\"><br \/><\/span><br \/><span class=\"Apple-style-span\" style=\"font-family: Verdana, sans-serif;\">Envolveu-se em pol\u00eamica com os Legion\u00e1rios de Cristo. Por pedido do Vaticano, n\u00e3o os expulsou de sua arquidiocese, mas limitou consideravelmente suas atividades. Segundo ele, a pol\u00eamica Congrega\u00e7\u00e3o n\u00e3o prezaria pela dignidade humana de seus membros com sua pr\u00e1tica de cega obedi\u00eancia aos superiores. Condenava os pesados m\u00e9todos de persuas\u00e3o usados pelos sacerdotes para atrair jovens, criticando a postura de alguns que pregavam ter a Legi\u00e3o a melhor interpreta\u00e7\u00e3o da doutrina da Igreja. No entanto, fazia quest\u00e3o de explicar aos seus diocesanos que n\u00e3o se pode julgar os Legion\u00e1rios como algo do mal, baseando-se na personalidade de seu fundador, que fora para ele um g\u00eanio sociopata e com dist\u00farbios de diversas ordens.<\/span><br \/><span class=\"Apple-style-span\" style=\"font-family: Verdana, sans-serif;\"><br \/><\/span><br \/><span class=\"Apple-style-span\" style=\"font-family: Verdana, sans-serif;\">Sua forte sa\u00fade, aliada aos conhecimentos de situa\u00e7\u00f5es geopol\u00edticas que adquirira enquanto arcebispo militar foram fatores considerados quando Bento XVI o nomeou pr\u00f3 Gr\u00e3o-Mestre da Ordem Equestre do Santo Sepulcro de Jerusal\u00e9m. Receber\u00e1 o t\u00edtulo pleno quando assumir o novo posto, devendo receber o barrete cardinal\u00edcio no pr\u00f3ximo Consist\u00f3rio.<\/span><br \/><span class=\"Apple-style-span\" style=\"font-family: Verdana, sans-serif;\"><br \/><\/span><br \/><span class=\"Apple-style-span\" style=\"font-family: Verdana, sans-serif;\">A Ordem do Santo Sepulcro goza de uma participa\u00e7\u00e3o importante na preserva\u00e7\u00e3o do cristianismo na Terra Santa. Apesar de ser bastante antiga, foi reorganizada e revitalizada pelos Papas Jo\u00e3o XXIII e Paulo VI. O beato Jo\u00e3o Paulo II elevou a ordem \u00e0 dignidade de Associa\u00e7\u00e3o P\u00fablica de Fi\u00e9is, com personalidade can\u00f4nica e civil e com um estatuto pr\u00f3prio, j\u00e1 que seus membros est\u00e3o dispersos al\u00e9m dos limites nacionais e diocesanos. Sua estrutura \u00e9 hier\u00e1rquia, sendo governada pelo Cardeal Gr\u00e3o-Mestre. Ao patriarca latino de Jerusal\u00e9m \u00e9 garantido o t\u00edtulo de Gr\u00e3o-Prior. A ordem preza pelo fortalecimento da f\u00e9 de seus membros na fidelidade ao papa e aos ensinamentos da Igreja. Estes se dedicam ao servi\u00e7o da caridade e dos trabalhos sociais e culturais, defendendo os interesses cat\u00f3licos na Terra Santa, contribuindo para que a nossa f\u00e9 nunca morra naquela terra onde tudo come\u00e7ou. O Grande Magist\u00e9rio, composto por leigos eleitos para ocupar suas diversas inst\u00e2ncias, auxilia o Gr\u00e3o-Mestre coordenando as atividades da ordem pelo mundo e administrando seu patrim\u00f4nio.<\/span><br \/><span class=\"Apple-style-span\" style=\"font-family: Verdana, sans-serif;\"><br \/><\/span><br \/><span class=\"Apple-style-span\" style=\"font-family: Verdana, sans-serif;\"><br \/><\/span><br \/><span class=\"Apple-style-span\" style=\"font-family: Verdana, sans-serif;\"><span class=\"Apple-style-span\" style=\"font-family: 'Times New Roman';\"><a href=\"http:\/\/3.bp.blogspot.com\/-hdYV8CyaFyk\/TmAlTOjUP9I\/AAAAAAAAAFo\/26VgvAkhQQs\/s1600\/Sua%2BBeatitude%2BFouad%2BTwal%2Be%2Bo%2BCardeal%2BGr%25C3%25A3o-Mestre.jpg\"><img loading=\"lazy\" decoding=\"async\" alt=\"\" border=\"0\" height=\"480\" id=\"BLOGGER_PHOTO_ID_5647554944976568274\" src=\"http:\/\/3.bp.blogspot.com\/-hdYV8CyaFyk\/TmAlTOjUP9I\/AAAAAAAAAFo\/26VgvAkhQQs\/s640\/Sua%2BBeatitude%2BFouad%2BTwal%2Be%2Bo%2BCardeal%2BGr%25C3%25A3o-Mestre.jpg\" style=\"display: block; margin-bottom: 10px; margin-left: auto; margin-right: auto; margin-top: 0px; text-align: center;\" width=\"640\" \/><\/a><\/span><\/span><\/p>\n<div style=\"text-align: center;\"><span class=\"Apple-style-span\" style=\"font-family: Verdana, sans-serif; font-size: x-small;\"><i>O Patriarca Latino de Jerusal\u00e9m, Sua Beatitude Fouad Twal, Gr\u00e3o-Prior da ordem,&nbsp;<\/i><\/span><\/div>\n<div style=\"text-align: center;\"><span class=\"Apple-style-span\" style=\"font-family: Verdana, sans-serif; font-size: x-small;\"><i>(em primeiro plano) com um leigo membro do Grande Magist\u00e9rio.<\/i><\/span><\/div>\n<div style=\"text-align: center;\"><span class=\"Apple-style-span\" style=\"font-family: Verdana, sans-serif; font-size: x-small;\"><i>Atr\u00e1s, com o Em.mo Sr. Cardal John Patrick Foley, Gr\u00e3o-Mestre Em\u00e9rito.&nbsp;<\/i><\/span><\/div>\n<div style=\"text-align: center;\"><span class=\"Apple-style-span\" style=\"font-family: Verdana, sans-serif; font-size: x-small;\"><i><br \/><\/i><\/span><\/div>\n<div style=\"text-align: center;\"><span class=\"Apple-style-span\" style=\"font-family: Verdana, sans-serif; font-size: x-small;\"><i><br \/><\/i><\/span><\/div>\n<div style=\"text-align: center;\"><a href=\"http:\/\/1.bp.blogspot.com\/-wC-VhLG6t4s\/TmAk8RpxJRI\/AAAAAAAAAFQ\/oinfXmMCono\/s1600\/Casal%2Bde%2BMembros%2Bda%2BOrdem.jpg\"><img decoding=\"async\" alt=\"\" border=\"0\" id=\"BLOGGER_PHOTO_ID_5647554550671942930\" src=\"http:\/\/1.bp.blogspot.com\/-wC-VhLG6t4s\/TmAk8RpxJRI\/AAAAAAAAAFQ\/oinfXmMCono\/s320\/Casal%2Bde%2BMembros%2Bda%2BOrdem.jpg\" style=\"cursor: pointer; display: block; height: 320px; margin-bottom: 10px; margin-left: auto; margin-right: auto; margin-top: 0px; text-align: center; width: 224px;\" \/><\/a><\/div>\n<div style=\"text-align: center;\"><span class=\"Apple-style-span\" style=\"font-family: Verdana, sans-serif; font-size: x-small;\"><i>Casal-membro do ramo leigo da Ordem<\/i><\/span><\/div>\n<div style=\"text-align: center;\"><span class=\"Apple-style-span\" style=\"font-family: Verdana, sans-serif; font-size: x-small;\"><i><br \/><\/i><\/span><\/div>\n<\/div>\n<div align=\"justify\"><span class=\"Apple-style-span\" style=\"font-family: Verdana, sans-serif;\">Possui mais de 20.000 membros, leigos e eclesi\u00e1sticos espalhados por diversos pa\u00edses. Entre os cl\u00e9rigos de renome que ocupam suas fileiras destacam-se o Em.mo Sr. Cardeal Raymond Leo Burke, prefeito do Supremo Tribunal da Assinatura Apost\u00f3lica, e o Em.mo Sr. Cardeal Se\u00e1n O&#8217;Malley, OFMCap, arcebispo de Boston.<\/span><br \/><span class=\"Apple-style-span\" style=\"font-family: Verdana, sans-serif;\"><br \/><\/span><br \/><span class=\"Apple-style-span\" style=\"font-family: Verdana, sans-serif;\"><span class=\"Apple-style-span\" style=\"font-family: 'Times New Roman';\"><a href=\"http:\/\/2.bp.blogspot.com\/-LEzBq1UKBWM\/TmAlM_ko_0I\/AAAAAAAAAFg\/aCUJkls4wuo\/s1600\/Investidura%2Bde%2BNovos%2BMembros.jpg\"><img loading=\"lazy\" decoding=\"async\" alt=\"\" border=\"0\" height=\"425\" id=\"BLOGGER_PHOTO_ID_5647554837876375362\" src=\"http:\/\/2.bp.blogspot.com\/-LEzBq1UKBWM\/TmAlM_ko_0I\/AAAAAAAAAFg\/aCUJkls4wuo\/s640\/Investidura%2Bde%2BNovos%2BMembros.jpg\" style=\"display: block; margin-bottom: 10px; margin-left: auto; margin-right: auto; margin-top: 0px; text-align: center;\" width=\"640\" \/><\/a><\/span><\/span><\/div>\n<p><\/p>\n<div style=\"text-align: center;\"><span class=\"Apple-style-span\" style=\"font-family: Verdana, sans-serif; font-size: x-small;\"><i>Investidura de novos membros da Ordem<\/i><\/span><\/div>\n<div align=\"justify\"><span class=\"Apple-style-span\" style=\"font-family: Verdana, sans-serif;\">Rezemos para que o novo Gr\u00e3o-Mestre continue a ser um pastor amante que zela pela Esposa do Amado.<\/span><\/div>\n<div><a href=\"http:\/\/3.bp.blogspot.com\/-c17wWBCkXDQ\/TmAkMcSzwvI\/AAAAAAAAAE4\/x27wHasAxsM\/s1600\/Bras%25C3%25A3o%2Bda%2BOrdem%2BSanto%2BSepulcro.gif\"><img decoding=\"async\" alt=\"\" border=\"0\" id=\"BLOGGER_PHOTO_ID_5647553728894714610\" src=\"http:\/\/3.bp.blogspot.com\/-c17wWBCkXDQ\/TmAkMcSzwvI\/AAAAAAAAAE4\/x27wHasAxsM\/s320\/Bras%25C3%25A3o%2Bda%2BOrdem%2BSanto%2BSepulcro.gif\" style=\"cursor: pointer; display: block; height: 248px; margin-bottom: 10px; margin-left: auto; margin-right: auto; margin-top: 0px; text-align: center; width: 248px;\" \/><\/a><\/p>\n<div style=\"text-align: center;\"><span class=\"Apple-style-span\" style=\"font-family: Verdana, sans-serif; font-size: x-small;\"><i>a Cruz de Jerusal\u00e9m, a cruz das cruzadas.&nbsp;<\/i><\/span><\/div>\n<div style=\"text-align: center;\"><span class=\"Apple-style-span\" style=\"font-family: Verdana, sans-serif; font-size: x-small;\"><i>As quatro cruzes menores simbolizam os quatro evangelistas&nbsp;<\/i><\/span><\/div>\n<div style=\"text-align: center;\"><span class=\"Apple-style-span\" style=\"font-family: Verdana, sans-serif; font-size: x-small;\"><i>e os quatro pontos cardeais de onde se espalhou, desde Jerusal\u00e9m,&nbsp;<\/i><\/span><\/div>\n<div style=\"text-align: center;\"><span class=\"Apple-style-span\" style=\"font-family: Verdana, sans-serif; font-size: x-small;\"><i>a mensagem de Cristo para o resto do mundo.&nbsp;<\/i><\/span><\/div>\n<div style=\"text-align: center;\"><span class=\"Apple-style-span\" style=\"font-family: Verdana, sans-serif; font-size: x-small;\"><i>Era um s\u00edmbolo do Reino Latino de Jerusal\u00e9m.<\/i><\/span><\/div>\n<p><\/div>\n<div align=\"justify\"><\/div>\n<\/div>\n<\/div>\n<\/div>\n<\/div>\n<\/div>\n<\/div>\n<\/div>\n<\/div>\n<\/div>\n<\/div>\n","protected":false},"excerpt":{"rendered":"Um dos bras\u00f5es da Ordem do Santo Sepulcro Destaque para o mote &#8220;Deus lo vult&#8221; &#8211; Deus o quer, grito dos cruzados durante os ataques O Santo Padre Bento XVI nomeou S.E.R. Arcebispo Edwin Frederick O&#8217;Brien, at\u00e9 ent\u00e3o arcebispo de Baltimore e primaz dos Estados Unidos da Am\u00e9rica, pr\u00f3 Gr\u00e3o-Mestre da Ordem Equestre do Santo&#8230; <a class=\"view-article\" href=\"https:\/\/diretodasacristia.com\/home\/sem-categoria\/novo-grao-mestre-do-santo-sepulcro-2\/\">Ver artigo<\/a>","protected":false},"author":4,"featured_media":0,"comment_status":"open","ping_status":"open","sticky":false,"template":"","format":"standard","meta":{"jetpack_post_was_ever_published":false,"_jetpack_newsletter_access":"","_jetpack_dont_email_post_to_subs":false,"_jetpack_newsletter_tier_id":0,"_jetpack_memberships_contains_paywalled_content":false,"_jetpack_memberships_contains_paid_content":false,"_joinchat":[],"footnotes":"","jetpack_publicize_message":"","jetpack_publicize_feature_enabled":true,"jetpack_social_post_already_shared":false,"jetpack_social_options":{"image_generator_settings":{"template":"highway","default_image_id":0,"font":"","enabled":false},"version":2}},"categories":[1],"tags":[],"class_list":["post-22","post","type-post","status-publish","format-standard","hentry","category-sem-categoria"],"yoast_head":"<!-- This site is optimized with the Yoast SEO plugin v27.4 - https:\/\/yoast.com\/product\/yoast-seo-wordpress\/ -->\n<title>Novo Gr\u00e3o-Mestre do Santo Sepulcro - Direto da Sacristia<\/title>\n<meta name=\"robots\" content=\"index, follow, max-snippet:-1, max-image-preview:large, max-video-preview:-1\" \/>\n<link rel=\"canonical\" href=\"https:\/\/diretodasacristia.com\/home\/sem-categoria\/novo-grao-mestre-do-santo-sepulcro-2\/\" \/>\n<meta property=\"og:locale\" content=\"pt_BR\" \/>\n<meta property=\"og:type\" content=\"article\" \/>\n<meta property=\"og:title\" content=\"Novo Gr\u00e3o-Mestre do Santo Sepulcro - Direto da Sacristia\" \/>\n<meta property=\"og:description\" content=\"Um dos bras\u00f5es da Ordem do Santo Sepulcro Destaque para o mote &#8220;Deus lo vult&#8221; &#8211; Deus o quer, grito dos cruzados durante os ataques O Santo Padre Bento XVI nomeou S.E.R. Arcebispo Edwin Frederick O&#8217;Brien, at\u00e9 ent\u00e3o arcebispo de Baltimore e primaz dos Estados Unidos da Am\u00e9rica, pr\u00f3 Gr\u00e3o-Mestre da Ordem Equestre do Santo... Ver artigo\" \/>\n<meta property=\"og:url\" content=\"https:\/\/diretodasacristia.com\/home\/sem-categoria\/novo-grao-mestre-do-santo-sepulcro-2\/\" \/>\n<meta property=\"og:site_name\" content=\"Direto da Sacristia\" \/>\n<meta property=\"article:publisher\" content=\"https:\/\/www.facebook.com\/DiretoSacristia\" \/>\n<meta property=\"article:published_time\" content=\"2011-09-01T22:30:00+00:00\" \/>\n<meta property=\"og:image\" content=\"http:\/\/4.bp.blogspot.com\/-UF1eGA9BAtI\/TmAkou9_MYI\/AAAAAAAAAFA\/75EBfgHpy-8\/s400\/Bras%25C3%25A3o%2Bda%2BOrdem%2Bdo%2BSanto%2BSepulcro.png\" \/>\n<meta name=\"author\" content=\"Erick Mar\u00e7al\" \/>\n<meta name=\"twitter:card\" content=\"summary_large_image\" \/>\n<meta name=\"twitter:creator\" content=\"@diretosacristia\" \/>\n<meta name=\"twitter:site\" content=\"@diretosacristia\" \/>\n<meta name=\"twitter:label1\" content=\"Escrito por\" \/>\n\t<meta name=\"twitter:data1\" content=\"Erick Mar\u00e7al\" \/>\n\t<meta name=\"twitter:label2\" content=\"Est. tempo de leitura\" \/>\n\t<meta name=\"twitter:data2\" content=\"6 minutos\" \/>\n<script type=\"application\/ld+json\" class=\"yoast-schema-graph\">{\"@context\":\"https:\\\/\\\/schema.org\",\"@graph\":[{\"@type\":\"Article\",\"@id\":\"https:\\\/\\\/diretodasacristia.com\\\/home\\\/sem-categoria\\\/novo-grao-mestre-do-santo-sepulcro-2\\\/#article\",\"isPartOf\":{\"@id\":\"https:\\\/\\\/diretodasacristia.com\\\/home\\\/sem-categoria\\\/novo-grao-mestre-do-santo-sepulcro-2\\\/\"},\"author\":{\"name\":\"Erick Mar\u00e7al\",\"@id\":\"https:\\\/\\\/diretodasacristia.com\\\/home\\\/#\\\/schema\\\/person\\\/f2a8b5c1dd46cfb2d998ebc1ccdb8910\"},\"headline\":\"Novo Gr\u00e3o-Mestre do Santo Sepulcro\",\"datePublished\":\"2011-09-01T22:30:00+00:00\",\"mainEntityOfPage\":{\"@id\":\"https:\\\/\\\/diretodasacristia.com\\\/home\\\/sem-categoria\\\/novo-grao-mestre-do-santo-sepulcro-2\\\/\"},\"wordCount\":1150,\"commentCount\":0,\"publisher\":{\"@id\":\"https:\\\/\\\/diretodasacristia.com\\\/home\\\/#organization\"},\"image\":{\"@id\":\"https:\\\/\\\/diretodasacristia.com\\\/home\\\/sem-categoria\\\/novo-grao-mestre-do-santo-sepulcro-2\\\/#primaryimage\"},\"thumbnailUrl\":\"http:\\\/\\\/4.bp.blogspot.com\\\/-UF1eGA9BAtI\\\/TmAkou9_MYI\\\/AAAAAAAAAFA\\\/75EBfgHpy-8\\\/s400\\\/Bras%25C3%25A3o%2Bda%2BOrdem%2Bdo%2BSanto%2BSepulcro.png\",\"inLanguage\":\"pt-BR\",\"potentialAction\":[{\"@type\":\"CommentAction\",\"name\":\"Comment\",\"target\":[\"https:\\\/\\\/diretodasacristia.com\\\/home\\\/sem-categoria\\\/novo-grao-mestre-do-santo-sepulcro-2\\\/#respond\"]}]},{\"@type\":\"WebPage\",\"@id\":\"https:\\\/\\\/diretodasacristia.com\\\/home\\\/sem-categoria\\\/novo-grao-mestre-do-santo-sepulcro-2\\\/\",\"url\":\"https:\\\/\\\/diretodasacristia.com\\\/home\\\/sem-categoria\\\/novo-grao-mestre-do-santo-sepulcro-2\\\/\",\"name\":\"Novo Gr\u00e3o-Mestre do Santo Sepulcro - Direto da Sacristia\",\"isPartOf\":{\"@id\":\"https:\\\/\\\/diretodasacristia.com\\\/home\\\/#website\"},\"primaryImageOfPage\":{\"@id\":\"https:\\\/\\\/diretodasacristia.com\\\/home\\\/sem-categoria\\\/novo-grao-mestre-do-santo-sepulcro-2\\\/#primaryimage\"},\"image\":{\"@id\":\"https:\\\/\\\/diretodasacristia.com\\\/home\\\/sem-categoria\\\/novo-grao-mestre-do-santo-sepulcro-2\\\/#primaryimage\"},\"thumbnailUrl\":\"http:\\\/\\\/4.bp.blogspot.com\\\/-UF1eGA9BAtI\\\/TmAkou9_MYI\\\/AAAAAAAAAFA\\\/75EBfgHpy-8\\\/s400\\\/Bras%25C3%25A3o%2Bda%2BOrdem%2Bdo%2BSanto%2BSepulcro.png\",\"datePublished\":\"2011-09-01T22:30:00+00:00\",\"breadcrumb\":{\"@id\":\"https:\\\/\\\/diretodasacristia.com\\\/home\\\/sem-categoria\\\/novo-grao-mestre-do-santo-sepulcro-2\\\/#breadcrumb\"},\"inLanguage\":\"pt-BR\",\"potentialAction\":[{\"@type\":\"ReadAction\",\"target\":[\"https:\\\/\\\/diretodasacristia.com\\\/home\\\/sem-categoria\\\/novo-grao-mestre-do-santo-sepulcro-2\\\/\"]}]},{\"@type\":\"ImageObject\",\"inLanguage\":\"pt-BR\",\"@id\":\"https:\\\/\\\/diretodasacristia.com\\\/home\\\/sem-categoria\\\/novo-grao-mestre-do-santo-sepulcro-2\\\/#primaryimage\",\"url\":\"http:\\\/\\\/4.bp.blogspot.com\\\/-UF1eGA9BAtI\\\/TmAkou9_MYI\\\/AAAAAAAAAFA\\\/75EBfgHpy-8\\\/s400\\\/Bras%25C3%25A3o%2Bda%2BOrdem%2Bdo%2BSanto%2BSepulcro.png\",\"contentUrl\":\"http:\\\/\\\/4.bp.blogspot.com\\\/-UF1eGA9BAtI\\\/TmAkou9_MYI\\\/AAAAAAAAAFA\\\/75EBfgHpy-8\\\/s400\\\/Bras%25C3%25A3o%2Bda%2BOrdem%2Bdo%2BSanto%2BSepulcro.png\"},{\"@type\":\"BreadcrumbList\",\"@id\":\"https:\\\/\\\/diretodasacristia.com\\\/home\\\/sem-categoria\\\/novo-grao-mestre-do-santo-sepulcro-2\\\/#breadcrumb\",\"itemListElement\":[{\"@type\":\"ListItem\",\"position\":1,\"name\":\"In\u00edcio\",\"item\":\"https:\\\/\\\/diretodasacristia.com\\\/home\\\/\"},{\"@type\":\"ListItem\",\"position\":2,\"name\":\"Novo Gr\u00e3o-Mestre do Santo Sepulcro\"}]},{\"@type\":\"WebSite\",\"@id\":\"https:\\\/\\\/diretodasacristia.com\\\/home\\\/#website\",\"url\":\"https:\\\/\\\/diretodasacristia.com\\\/home\\\/\",\"name\":\"Direto da Sacristia\",\"description\":\"Not\u00edcias e artigos sobre a f\u00e9 cat\u00f3lica\",\"publisher\":{\"@id\":\"https:\\\/\\\/diretodasacristia.com\\\/home\\\/#organization\"},\"potentialAction\":[{\"@type\":\"SearchAction\",\"target\":{\"@type\":\"EntryPoint\",\"urlTemplate\":\"https:\\\/\\\/diretodasacristia.com\\\/home\\\/?s={search_term_string}\"},\"query-input\":{\"@type\":\"PropertyValueSpecification\",\"valueRequired\":true,\"valueName\":\"search_term_string\"}}],\"inLanguage\":\"pt-BR\"},{\"@type\":\"Organization\",\"@id\":\"https:\\\/\\\/diretodasacristia.com\\\/home\\\/#organization\",\"name\":\"Direto da Sacristia\",\"url\":\"https:\\\/\\\/diretodasacristia.com\\\/home\\\/\",\"logo\":{\"@type\":\"ImageObject\",\"inLanguage\":\"pt-BR\",\"@id\":\"https:\\\/\\\/diretodasacristia.com\\\/home\\\/#\\\/schema\\\/logo\\\/image\\\/\",\"url\":\"https:\\\/\\\/i0.wp.com\\\/diretodasacristia.com\\\/home\\\/wp-content\\\/uploads\\\/2012\\\/01\\\/marca-sacristia.png?fit=320%2C306&ssl=1\",\"contentUrl\":\"https:\\\/\\\/i0.wp.com\\\/diretodasacristia.com\\\/home\\\/wp-content\\\/uploads\\\/2012\\\/01\\\/marca-sacristia.png?fit=320%2C306&ssl=1\",\"width\":\"320\",\"height\":\"306\",\"caption\":\"Direto da Sacristia\"},\"image\":{\"@id\":\"https:\\\/\\\/diretodasacristia.com\\\/home\\\/#\\\/schema\\\/logo\\\/image\\\/\"},\"sameAs\":[\"https:\\\/\\\/www.facebook.com\\\/DiretoSacristia\",\"https:\\\/\\\/x.com\\\/diretosacristia\",\"https:\\\/\\\/www.instagram.com\\\/diretodasacristia\\\/\",\"https:\\\/\\\/www.youtube.com\\\/diretodasacristia\"]},{\"@type\":\"Person\",\"@id\":\"https:\\\/\\\/diretodasacristia.com\\\/home\\\/#\\\/schema\\\/person\\\/f2a8b5c1dd46cfb2d998ebc1ccdb8910\",\"name\":\"Erick Mar\u00e7al\",\"image\":{\"@type\":\"ImageObject\",\"inLanguage\":\"pt-BR\",\"@id\":\"https:\\\/\\\/secure.gravatar.com\\\/avatar\\\/b017544cbb11b4a02f0aad8526088df1b5772bb19bdd95c5c0c581d239715c58?s=96&d=mm&r=g\",\"url\":\"https:\\\/\\\/secure.gravatar.com\\\/avatar\\\/b017544cbb11b4a02f0aad8526088df1b5772bb19bdd95c5c0c581d239715c58?s=96&d=mm&r=g\",\"contentUrl\":\"https:\\\/\\\/secure.gravatar.com\\\/avatar\\\/b017544cbb11b4a02f0aad8526088df1b5772bb19bdd95c5c0c581d239715c58?s=96&d=mm&r=g\",\"caption\":\"Erick Mar\u00e7al\"},\"url\":\"https:\\\/\\\/diretodasacristia.com\\\/home\\\/author\\\/carlos\\\/\"}]}<\/script>\n<!-- \/ Yoast SEO plugin. -->","yoast_head_json":{"title":"Novo Gr\u00e3o-Mestre do Santo Sepulcro - Direto da Sacristia","robots":{"index":"index","follow":"follow","max-snippet":"max-snippet:-1","max-image-preview":"max-image-preview:large","max-video-preview":"max-video-preview:-1"},"canonical":"https:\/\/diretodasacristia.com\/home\/sem-categoria\/novo-grao-mestre-do-santo-sepulcro-2\/","og_locale":"pt_BR","og_type":"article","og_title":"Novo Gr\u00e3o-Mestre do Santo Sepulcro - Direto da Sacristia","og_description":"Um dos bras\u00f5es da Ordem do Santo Sepulcro Destaque para o mote &#8220;Deus lo vult&#8221; &#8211; Deus o quer, grito dos cruzados durante os ataques O Santo Padre Bento XVI nomeou S.E.R. Arcebispo Edwin Frederick O&#8217;Brien, at\u00e9 ent\u00e3o arcebispo de Baltimore e primaz dos Estados Unidos da Am\u00e9rica, pr\u00f3 Gr\u00e3o-Mestre da Ordem Equestre do Santo... Ver artigo","og_url":"https:\/\/diretodasacristia.com\/home\/sem-categoria\/novo-grao-mestre-do-santo-sepulcro-2\/","og_site_name":"Direto da Sacristia","article_publisher":"https:\/\/www.facebook.com\/DiretoSacristia","article_published_time":"2011-09-01T22:30:00+00:00","og_image":[{"url":"http:\/\/4.bp.blogspot.com\/-UF1eGA9BAtI\/TmAkou9_MYI\/AAAAAAAAAFA\/75EBfgHpy-8\/s400\/Bras%25C3%25A3o%2Bda%2BOrdem%2Bdo%2BSanto%2BSepulcro.png","type":"","width":"","height":""}],"author":"Erick Mar\u00e7al","twitter_card":"summary_large_image","twitter_creator":"@diretosacristia","twitter_site":"@diretosacristia","twitter_misc":{"Escrito por":"Erick Mar\u00e7al","Est. tempo de leitura":"6 minutos"},"schema":{"@context":"https:\/\/schema.org","@graph":[{"@type":"Article","@id":"https:\/\/diretodasacristia.com\/home\/sem-categoria\/novo-grao-mestre-do-santo-sepulcro-2\/#article","isPartOf":{"@id":"https:\/\/diretodasacristia.com\/home\/sem-categoria\/novo-grao-mestre-do-santo-sepulcro-2\/"},"author":{"name":"Erick Mar\u00e7al","@id":"https:\/\/diretodasacristia.com\/home\/#\/schema\/person\/f2a8b5c1dd46cfb2d998ebc1ccdb8910"},"headline":"Novo Gr\u00e3o-Mestre do Santo Sepulcro","datePublished":"2011-09-01T22:30:00+00:00","mainEntityOfPage":{"@id":"https:\/\/diretodasacristia.com\/home\/sem-categoria\/novo-grao-mestre-do-santo-sepulcro-2\/"},"wordCount":1150,"commentCount":0,"publisher":{"@id":"https:\/\/diretodasacristia.com\/home\/#organization"},"image":{"@id":"https:\/\/diretodasacristia.com\/home\/sem-categoria\/novo-grao-mestre-do-santo-sepulcro-2\/#primaryimage"},"thumbnailUrl":"http:\/\/4.bp.blogspot.com\/-UF1eGA9BAtI\/TmAkou9_MYI\/AAAAAAAAAFA\/75EBfgHpy-8\/s400\/Bras%25C3%25A3o%2Bda%2BOrdem%2Bdo%2BSanto%2BSepulcro.png","inLanguage":"pt-BR","potentialAction":[{"@type":"CommentAction","name":"Comment","target":["https:\/\/diretodasacristia.com\/home\/sem-categoria\/novo-grao-mestre-do-santo-sepulcro-2\/#respond"]}]},{"@type":"WebPage","@id":"https:\/\/diretodasacristia.com\/home\/sem-categoria\/novo-grao-mestre-do-santo-sepulcro-2\/","url":"https:\/\/diretodasacristia.com\/home\/sem-categoria\/novo-grao-mestre-do-santo-sepulcro-2\/","name":"Novo Gr\u00e3o-Mestre do Santo Sepulcro - Direto da Sacristia","isPartOf":{"@id":"https:\/\/diretodasacristia.com\/home\/#website"},"primaryImageOfPage":{"@id":"https:\/\/diretodasacristia.com\/home\/sem-categoria\/novo-grao-mestre-do-santo-sepulcro-2\/#primaryimage"},"image":{"@id":"https:\/\/diretodasacristia.com\/home\/sem-categoria\/novo-grao-mestre-do-santo-sepulcro-2\/#primaryimage"},"thumbnailUrl":"http:\/\/4.bp.blogspot.com\/-UF1eGA9BAtI\/TmAkou9_MYI\/AAAAAAAAAFA\/75EBfgHpy-8\/s400\/Bras%25C3%25A3o%2Bda%2BOrdem%2Bdo%2BSanto%2BSepulcro.png","datePublished":"2011-09-01T22:30:00+00:00","breadcrumb":{"@id":"https:\/\/diretodasacristia.com\/home\/sem-categoria\/novo-grao-mestre-do-santo-sepulcro-2\/#breadcrumb"},"inLanguage":"pt-BR","potentialAction":[{"@type":"ReadAction","target":["https:\/\/diretodasacristia.com\/home\/sem-categoria\/novo-grao-mestre-do-santo-sepulcro-2\/"]}]},{"@type":"ImageObject","inLanguage":"pt-BR","@id":"https:\/\/diretodasacristia.com\/home\/sem-categoria\/novo-grao-mestre-do-santo-sepulcro-2\/#primaryimage","url":"http:\/\/4.bp.blogspot.com\/-UF1eGA9BAtI\/TmAkou9_MYI\/AAAAAAAAAFA\/75EBfgHpy-8\/s400\/Bras%25C3%25A3o%2Bda%2BOrdem%2Bdo%2BSanto%2BSepulcro.png","contentUrl":"http:\/\/4.bp.blogspot.com\/-UF1eGA9BAtI\/TmAkou9_MYI\/AAAAAAAAAFA\/75EBfgHpy-8\/s400\/Bras%25C3%25A3o%2Bda%2BOrdem%2Bdo%2BSanto%2BSepulcro.png"},{"@type":"BreadcrumbList","@id":"https:\/\/diretodasacristia.com\/home\/sem-categoria\/novo-grao-mestre-do-santo-sepulcro-2\/#breadcrumb","itemListElement":[{"@type":"ListItem","position":1,"name":"In\u00edcio","item":"https:\/\/diretodasacristia.com\/home\/"},{"@type":"ListItem","position":2,"name":"Novo Gr\u00e3o-Mestre do Santo Sepulcro"}]},{"@type":"WebSite","@id":"https:\/\/diretodasacristia.com\/home\/#website","url":"https:\/\/diretodasacristia.com\/home\/","name":"Direto da Sacristia","description":"Not\u00edcias e artigos sobre a f\u00e9 cat\u00f3lica","publisher":{"@id":"https:\/\/diretodasacristia.com\/home\/#organization"},"potentialAction":[{"@type":"SearchAction","target":{"@type":"EntryPoint","urlTemplate":"https:\/\/diretodasacristia.com\/home\/?s={search_term_string}"},"query-input":{"@type":"PropertyValueSpecification","valueRequired":true,"valueName":"search_term_string"}}],"inLanguage":"pt-BR"},{"@type":"Organization","@id":"https:\/\/diretodasacristia.com\/home\/#organization","name":"Direto da Sacristia","url":"https:\/\/diretodasacristia.com\/home\/","logo":{"@type":"ImageObject","inLanguage":"pt-BR","@id":"https:\/\/diretodasacristia.com\/home\/#\/schema\/logo\/image\/","url":"https:\/\/i0.wp.com\/diretodasacristia.com\/home\/wp-content\/uploads\/2012\/01\/marca-sacristia.png?fit=320%2C306&ssl=1","contentUrl":"https:\/\/i0.wp.com\/diretodasacristia.com\/home\/wp-content\/uploads\/2012\/01\/marca-sacristia.png?fit=320%2C306&ssl=1","width":"320","height":"306","caption":"Direto da Sacristia"},"image":{"@id":"https:\/\/diretodasacristia.com\/home\/#\/schema\/logo\/image\/"},"sameAs":["https:\/\/www.facebook.com\/DiretoSacristia","https:\/\/x.com\/diretosacristia","https:\/\/www.instagram.com\/diretodasacristia\/","https:\/\/www.youtube.com\/diretodasacristia"]},{"@type":"Person","@id":"https:\/\/diretodasacristia.com\/home\/#\/schema\/person\/f2a8b5c1dd46cfb2d998ebc1ccdb8910","name":"Erick Mar\u00e7al","image":{"@type":"ImageObject","inLanguage":"pt-BR","@id":"https:\/\/secure.gravatar.com\/avatar\/b017544cbb11b4a02f0aad8526088df1b5772bb19bdd95c5c0c581d239715c58?s=96&d=mm&r=g","url":"https:\/\/secure.gravatar.com\/avatar\/b017544cbb11b4a02f0aad8526088df1b5772bb19bdd95c5c0c581d239715c58?s=96&d=mm&r=g","contentUrl":"https:\/\/secure.gravatar.com\/avatar\/b017544cbb11b4a02f0aad8526088df1b5772bb19bdd95c5c0c581d239715c58?s=96&d=mm&r=g","caption":"Erick Mar\u00e7al"},"url":"https:\/\/diretodasacristia.com\/home\/author\/carlos\/"}]}},"jetpack_publicize_connections":[],"jetpack_featured_media_url":"","jetpack_sharing_enabled":true,"jetpack_shortlink":"https:\/\/wp.me\/p24aG7-m","jetpack-related-posts":[{"id":43,"url":"https:\/\/diretodasacristia.com\/home\/sem-categoria\/patriarca-de-lisboa-retrata-se-sobre-ordenacao-de-mulheres-2\/","url_meta":{"origin":22,"position":0},"title":"Patriarca de Lisboa retrata-se sobre ordena\u00e7\u00e3o de mulheres","author":"E. Mar\u00e7al","date":"6 de julho de 2011","format":false,"excerpt":"Do Fratres In UnumCardeal lisbonense expressa o pensamento da Igrejasobre tema j\u00e1 encerrado por Jo\u00e3o Paulo IISua Emin\u00eancia Cardeal Jos\u00e9 da Cruz Policarpodo T\u00edtulo presbiteral de San Antonio in Campo MarzioPatriarca de LisboaQualquer um j\u00e1 ouviu falar que no fim da vida o ser humano come\u00e7a a refletir mais sobre\u2026","rel":"","context":"Em &quot;Sem categoria&quot;","block_context":{"text":"Sem categoria","link":"https:\/\/diretodasacristia.com\/home\/c\/sem-categoria\/"},"img":{"alt_text":"","src":"","width":0,"height":0},"classes":[]},{"id":2476,"url":"https:\/\/diretodasacristia.com\/home\/sem-categoria\/novo-mottu-proprio-2\/","url_meta":{"origin":22,"position":1},"title":"Novo Mottu proprio","author":"E. Mar\u00e7al","date":"10 de fevereiro de 2011","format":false,"excerpt":"Texto do seminarista Carlos Donato, da Arquidiocese da Para\u00edba.Documento pontif\u00edcio dar\u00e1 um novo impulso\u00e0 \"reforma da reforma\"Sua Santidade o Papa Bento XVI, gloriosamente reinante, entre estas semanas das kalendas de mar\u00e7o emanar\u00e1 um novo Mottu proprio, no qual retirar\u00e1 da Sagrada Congrega\u00e7\u00e3o para o Culto Divino e Disciplina dos Sacramentos\u2026","rel":"","context":"Em &quot;Sem categoria&quot;","block_context":{"text":"Sem categoria","link":"https:\/\/diretodasacristia.com\/home\/c\/sem-categoria\/"},"img":{"alt_text":"","src":"","width":0,"height":0},"classes":[]},{"id":2424,"url":"https:\/\/diretodasacristia.com\/home\/sem-categoria\/novo-arcipreste-de-santa-maria-maggiore-2\/","url_meta":{"origin":22,"position":2},"title":"Novo arcipreste de Santa Maria Maggiore","author":"E. Mar\u00e7al","date":"21 de novembro de 2011","format":false,"excerpt":"Do boletim da Sala de Imprensa da Santa S\u00e9Sua Excel\u00eancia Mons. Abril y Castell\u00f3Arcipreste eleito da Bas\u00edlica Liberiana76 anosO Santo Padre Bento XVI nomeou Arcipreste da Bas\u00edlica Papal de Santa Maria Maggiore em Roma S.E.R. Mons. Santos Abril y Castell\u00f3, Arcebispo titular de Tamada, Vice-camerlengo da Santa Igreja Romana.Sua Emin\u00eancia\u2026","rel":"","context":"Em &quot;Sem categoria&quot;","block_context":{"text":"Sem categoria","link":"https:\/\/diretodasacristia.com\/home\/c\/sem-categoria\/"},"img":{"alt_text":"","src":"https:\/\/i0.wp.com\/2.bp.blogspot.com\/_QwGoxfKfr5s\/TT3FxmjgpLI\/AAAAAAAAAUw\/fLfH26F5AeU\/s400\/arcebispo%2BAbril%2By%2BCastell%25C3%25B3.jpg?resize=350%2C200","width":350,"height":200},"classes":[]},{"id":2501,"url":"https:\/\/diretodasacristia.com\/home\/sem-categoria\/aprovada-beatificacao-de-irma-dulce-2\/","url_meta":{"origin":22,"position":3},"title":"Aprovada beatifica\u00e7\u00e3o de Irm\u00e3 Dulce","author":"E. Mar\u00e7al","date":"28 de outubro de 2010","format":false,"excerpt":"Informa\u00e7\u00f5es do seminarista Carlos Donato, da It\u00e1liaConfirma\u00e7\u00e3o de milagre atribu\u00eddo \u00e0 religiosa foi anunciada ontem em RomaBeatos os pobres em esp\u00edrito porque estes ver\u00e3o a Deus!Vener\u00e1vel Irm\u00e3 DulceCom esse ato oficial, do reconhecimento e aceita\u00e7\u00e3o do milagre por parte do Santo Padre, a Congrega\u00e7\u00e3o para a Causa dos Santos emite\u2026","rel":"","context":"Em &quot;Sem categoria&quot;","block_context":{"text":"Sem categoria","link":"https:\/\/diretodasacristia.com\/home\/c\/sem-categoria\/"},"img":{"alt_text":"","src":"","width":0,"height":0},"classes":[]},{"id":67,"url":"https:\/\/diretodasacristia.com\/home\/sem-categoria\/feliz-pascoa-2\/","url_meta":{"origin":22,"position":4},"title":"Feliz P\u00e1scoa!","author":"E. Mar\u00e7al","date":"24 de abril de 2011","format":false,"excerpt":"A todos os leitores ass\u00edduos - com os acessos dos quais n\u00e3o deixo de me surpreender e me alegrar - e a todos os demais visitantes reafirmo os meus votos de Feliz P\u00e1scoa. Que Pedro, a quem coube o testemunho da ressurrei\u00e7\u00e3o, possa confirmar a nossa f\u00e9 e congregar-nos em\u2026","rel":"","context":"Em &quot;Sem categoria&quot;","block_context":{"text":"Sem categoria","link":"https:\/\/diretodasacristia.com\/home\/c\/sem-categoria\/"},"img":{"alt_text":"","src":"","width":0,"height":0},"classes":[]},{"id":3,"url":"https:\/\/diretodasacristia.com\/home\/sem-categoria\/dom-filippo-santoro-arcebispo-de-taranto-2\/","url_meta":{"origin":22,"position":5},"title":"Dom Filippo Santoro, arcebispo de Taranto","author":"E. Mar\u00e7al","date":"21 de novembro de 2011","format":false,"excerpt":"Do\u00a0boletim da Sala de Imprensa da Santa S\u00e9Sua Excel\u00eancia Dom Filippo SantoroArcebispo eleito de Taranto (It\u00e1lia)63 anosAgora sim, mais uma \"especula\u00e7\u00e3o\" do vaticanista Andrea Tornielli aconteceu. Desde o in\u00edcio deste m\u00eas falava-se no que hoje foi confirmado: o Bispo de Petr\u00f3polis (Rio de Janeiro, S.E.R. Dom Filippo Santoro, foi hoje\u2026","rel":"","context":"Em &quot;Sem categoria&quot;","block_context":{"text":"Sem categoria","link":"https:\/\/diretodasacristia.com\/home\/c\/sem-categoria\/"},"img":{"alt_text":"","src":"https:\/\/i0.wp.com\/3.bp.blogspot.com\/-LhTgo0g2QrA\/TspIeGsvZDI\/AAAAAAAACfg\/l7uCXwiaeGc\/s400\/Dom%2BFilippo%2BSantoro%252C%2BArcebispo%2BTaranto.jpg?resize=350%2C200","width":350,"height":200},"classes":[]}],"post_mailing_queue_ids":[],"_links":{"self":[{"href":"https:\/\/diretodasacristia.com\/home\/wp-json\/wp\/v2\/posts\/22","targetHints":{"allow":["GET"]}}],"collection":[{"href":"https:\/\/diretodasacristia.com\/home\/wp-json\/wp\/v2\/posts"}],"about":[{"href":"https:\/\/diretodasacristia.com\/home\/wp-json\/wp\/v2\/types\/post"}],"author":[{"embeddable":true,"href":"https:\/\/diretodasacristia.com\/home\/wp-json\/wp\/v2\/users\/4"}],"replies":[{"embeddable":true,"href":"https:\/\/diretodasacristia.com\/home\/wp-json\/wp\/v2\/comments?post=22"}],"version-history":[{"count":0,"href":"https:\/\/diretodasacristia.com\/home\/wp-json\/wp\/v2\/posts\/22\/revisions"}],"wp:attachment":[{"href":"https:\/\/diretodasacristia.com\/home\/wp-json\/wp\/v2\/media?parent=22"}],"wp:term":[{"taxonomy":"category","embeddable":true,"href":"https:\/\/diretodasacristia.com\/home\/wp-json\/wp\/v2\/categories?post=22"},{"taxonomy":"post_tag","embeddable":true,"href":"https:\/\/diretodasacristia.com\/home\/wp-json\/wp\/v2\/tags?post=22"}],"curies":[{"name":"wp","href":"https:\/\/api.w.org\/{rel}","templated":true}]}}