{"id":2226,"date":"2012-04-10T13:33:19","date_gmt":"2012-04-10T16:33:19","guid":{"rendered":"http:\/\/diretodasacristia.com\/home\/?p=2226"},"modified":"2012-04-10T13:33:19","modified_gmt":"2012-04-10T16:33:19","slug":"posse-do-patriarca-de-veneza-moraglia","status":"publish","type":"post","link":"https:\/\/diretodasacristia.com\/home\/hierarquia\/posse-do-patriarca-de-veneza-moraglia\/","title":{"rendered":"Posse do Patriarca de Veneza Moraglia"},"content":{"rendered":"<p style=\"text-align: center;\"><a href=\"https:\/\/diretodasacristia.com\/home\/wp-content\/uploads\/2012\/04\/Francesco-Moraglia.jpg\"><img loading=\"lazy\" decoding=\"async\" class=\" wp-image-2228 aligncenter\" title=\"Francesco Moraglia\" src=\"https:\/\/diretodasacristia.com\/home\/wp-content\/uploads\/2012\/04\/Francesco-Moraglia.jpg\" alt=\"\" width=\"614\" height=\"408\" srcset=\"https:\/\/diretodasacristia.com\/home\/wp-content\/uploads\/2012\/04\/Francesco-Moraglia.jpg 1024w, https:\/\/diretodasacristia.com\/home\/wp-content\/uploads\/2012\/04\/Francesco-Moraglia-300x199.jpg 300w\" sizes=\"auto, (max-width: 614px) 100vw, 614px\" \/><\/a><\/p>\n<p style=\"text-align: center;\"><em>Sua Ex.cia Patriarca Francesco Moraglia<br \/>\n58 anos\u00a0<\/em><\/p>\n<p style=\"text-align: center;\">\n<p style=\"text-align: justify;\">No domingo, dia 25 de mar\u00e7o \u00faltimo, tomou posse can\u00f4nica do governo do Patriarcado de Veneza na Catedral de S\u00e3o Marcos Mons. Francesco Moraglia, transferido da diocese de <em>La Spezia-Sarzana-Brugnato<\/em> no \u00faltimo dia 31 de janeiro.<\/p>\n<p style=\"text-align: justify;\">Dois pontos tornam este fato ainda mais relevante: 1. A homilia do Patriarca, proferida na ocasi\u00e3o e da qual trataremos mais adiante; e 2. Que mesmo sendo por si mesmo mais destacado do que a diocese de Lourdes, o Patriarcado de Veneza tem uma coisa em comum \u00e0quela &#8211; sua nomea\u00e7\u00e3o e a escolha para esta \u00e9 o reflexo da renova\u00e7\u00e3o no episcopado mundial e um sinal de esperan\u00e7a para o [episcopado] italiano. Lourdes, embora n\u00e3o sendo arquidiocese e muito menos um patriarcado, \u00e9 o cora\u00e7\u00e3o espiritual da Fran\u00e7a e um dos maiores santu\u00e1rios de peregrina\u00e7\u00e3o mundial. Veneza \u00e9 importante por sua hist\u00f3ria, seu destaque e por tr\u00eas Papas do s\u00e9culo passado (Pio X, Jo\u00e3o XXIII e Jo\u00e3o Paulo I)\u00a0terem sido seus pastores antes de serem eleitos ao trono pontif\u00edcio; e com essas circunst\u00e2ncias, o <strong>Patriarca dos venezianos faz com que se volte a ele a aten\u00e7\u00e3o e ainda mais depois de sua homilia durante a Missa de posse can\u00f4nica.<\/strong><\/p>\n<p style=\"text-align: center;\"><a href=\"https:\/\/diretodasacristia.com\/home\/wp-content\/uploads\/2012\/04\/Francesco-Moraglia-fi\u00e9is.jpg\"><img loading=\"lazy\" decoding=\"async\" class=\"aligncenter  wp-image-2227\" title=\"Francesco Moraglia fi\u00e9is\" src=\"https:\/\/diretodasacristia.com\/home\/wp-content\/uploads\/2012\/04\/Francesco-Moraglia-fi\u00e9is.jpg\" alt=\"\" width=\"574\" height=\"382\" srcset=\"https:\/\/diretodasacristia.com\/home\/wp-content\/uploads\/2012\/04\/Francesco-Moraglia-fi\u00e9is.jpg 1024w, https:\/\/diretodasacristia.com\/home\/wp-content\/uploads\/2012\/04\/Francesco-Moraglia-fi\u00e9is-300x199.jpg 300w\" sizes=\"auto, (max-width: 574px) 100vw, 574px\" \/><\/a><\/p>\n<p style=\"text-align: center;\"><em>Trajado como um verdadeiro cardeal, nomea\u00e7\u00e3o \u00e0 qual, como Patriarca, tem direito no pr\u00f3ximo consist\u00f3rio<\/em><\/p>\n<p style=\"text-align: justify;\">Antes de ingressar na S\u00e9 de S\u00e3o Marcos, Mons. Moraglia foi recebido por autoridades civis\u00a0no cais da cidade, vindo em uma g\u00f4ndola. <strong>J\u00e1 trajava veste talar vermelha, tal e qual os cardeais, como um verdadeiro Pr\u00edncipe da Igreja<\/strong>. Como S\u00e3o Paulo, que, embora fosse questionado se era ou n\u00e3o ap\u00f3stolo &#8211; por n\u00e3o ter conhecido o Senhor e, ainda mais, ter perseguido e devastado a Sua Igreja, sempre afirmou a sua legitimidade.<strong> Embora ainda n\u00e3o tenha sido criado cardeal, a veste cardinal\u00edcia \u00e9 de direito de uso a Mons. Moraglia e a todos os seus sucessores, segundo um antigo e consolidado privil\u00e9gio de ser o Patriarca de Veneza inscrito no Sacro Col\u00e9gio dos Cardeais no primeiro consist\u00f3rio ap\u00f3s sua nomea\u00e7\u00e3o<\/strong>, publica\u00e7\u00e3o e posse can\u00f4nica (tal como acontece ao Patriarca de Lisboa). Por\u00e9m, o termo &#8220;Cardeal&#8221; como t\u00edtulo a ser ele designado e a ser por ele assinado como seu sobrenome s\u00f3 ser\u00e1 permitido ap\u00f3s a sua efetiva cria\u00e7\u00e3o cardinal\u00edcia.<\/p>\n<p style=\"text-align: justify;\">E, no dia da posse can\u00f4nica, bons aug\u00farios a tudo envolviam; aqueles aug\u00farios\u00a0que \u00e9 bom que sejam encontrados em momentos como esse: 25 de mar\u00e7o \u00e9 a data de funda\u00e7\u00e3o da cidade de Veneza e dia do povo do V\u00eaneto; o Cardeal Marco C\u00e9, do t\u00edtulo presbiteral de <em>San Marco<\/em>, assistia \u00e0 posse do seu segundo sucessor em Veneza (o Cardeal Scola governou por 9 anos); e a esperan\u00e7a que brotou ap\u00f3s os presentes ouvirem a homilia na Missa:<\/p>\n<p style=\"text-align: right;\">\nCom informa\u00e7\u00f5es da <a href=\"http:\/\/www.patriarcatovenezia.it\/pls\/s2ewdiocesivenezia\/consultazione.mostra_pagina?id_pagina=1450\" target=\"_blank\">p\u00e1gina virtual do Patriarcado de Veneza<\/a><\/p>\n<p style=\"text-align: right;\">\n<p style=\"text-align: justify;\">Ao p\u00falpito da Catedral, o novo Patriarca subiu de b\u00e1culo na m\u00e3o e precedido por sua cruz arquiepiscopal. Ambas as ins\u00edgnias que permaneceram ao seu lado durante toda a homilia, e, como o povo, testemunharam as palavras de uma clara homilia, que representam seu pensamento como deve um bispo se comportar no atual cen\u00e1rio mundial, passando por v\u00e1rios assuntos.<\/p>\n<p style=\"text-align: justify;\">De in\u00edcio, <strong>quando alguns bispos abertamente se op\u00f5em ao ensinamento da Igreja e \u00e0s palavras do Santo Padre<\/strong>, citou palavras de S\u00e3o Cipriano de Cartago, onde reconhece o dever do bispo de uma igreja particular de viver em estreita comunh\u00e3o com os outros bispos; mas, <strong>somente a &#8220;comunh\u00e3o com o Bispo de Roma garante a mesma colegialidade episcopal&#8221;<\/strong>. E algu\u00e9m , no governo de uma diocese, a dizer isso, \u00e9 uma luz n\u00e3o somente para a It\u00e1lia, mas tamb\u00e9m para toda a Igreja. N\u00e3o que ele seja o \u00fanico ou um dos poucos que s\u00e3o fi\u00e9is \u00e0 integridade de seu minist\u00e9rio, mas tempos atr\u00e1s a dissemina\u00e7\u00e3o de ideias de alguns poucos homens, contaminou a muitos e, agora, dizeres como esses t\u00eam o poder de relembrarmo-nos de nosso &#8220;primeiro amor&#8221;, como disse no Apocalipse o Senhor \u00e0 Igreja de \u00c9feso. Inova\u00e7\u00f5es, e n\u00e3o apenas elas, mas duros e perigosos modos de exigir uma discuss\u00e3o de algo j\u00e1 perfeitamente esclarecido e encerrado, embora n\u00e3o citados diretamente, foram condenados pelo Papa Bento XVI em sua homilia na Santa Missa Crismal no \u00faltimo dia 05 de mar\u00e7o, em evid\u00eancia ao Apelo \u00e0 Desobedi\u00eancia de alguns padres austr\u00edacos e de outros pa\u00edses.<\/p>\n<p style=\"text-align: justify;\">Referiu-se ao Vaticano II e ao seu 50\u00ba anivers\u00e1rio de inaugura\u00e7\u00e3o, real\u00e7ando a sua leitura como hermen\u00eautica de renova\u00e7\u00e3o na continuidade, como prop\u00f5e Bento XVI. N\u00e3o sabemos, pois, quem est\u00e1 mais errado: os que veem o Vaticano II como \u00e9poca de renova\u00e7\u00e3o mediante um esquecimento de tudo anterior \u00e0 d\u00e9cada de 60 ou uma volta \u00e0s origens e esquecendo-se dos \u00faltimos s\u00e9culos ou quem n\u00e3o testifica o Conc\u00edlio como validamente necess\u00e1rio e ao qual assistiu o Esp\u00edrito de Deus.<\/p>\n<p style=\"text-align: justify;\">Afirmou que a nova evangeliza\u00e7\u00e3o s\u00f3 acontecer\u00e1 como tal se a comunidade evangelizante for, antes dos outros, &#8220;regenerada em sua rela\u00e7\u00e3o vital com Cristo&#8221;, e n\u00e3o ser\u00e1 a partir de &#8220;desenvolvimento de planos pastorais ou projetos acad\u00eamicos de faculdades teol\u00f3gicas&#8221;, que apesar de contribu\u00edrem &#8220;para o trabalho de evangeliza\u00e7\u00e3o&#8221;, mas n\u00e3o s\u00e3o o fundamento desta.<\/p>\n<p style=\"text-align: justify;\">Sobre a produ\u00e7\u00e3o teol\u00f3gica de hoje, comparou-a com o epis\u00f3dio pascal dos disc\u00edpulos de Ema\u00fas, que desacreditando da vit\u00f3ria de Cristo sobre a morte, quiseram dizer, por suas pr\u00f3prias interpreta\u00e7\u00f5es, quem era Jesus. Semelhantemente, segundo o Patriarca Moraglia, \u00e9 poss\u00edvel ver &#8220;<strong>a imagem de uma certa teologia, mais desejosa do que iluminada<\/strong>, totalmente dedicada \u00e0 \u00e1rdua e improv\u00e1vel tentativa de salvar, atrav\u00e9s de suas pr\u00f3prias categorias, Jesus Cristo e a Sua Palavra. Mas, nesta imagem, somos representados n\u00f3s mesmos, cada vez, <strong>com nossa programa\u00e7\u00e3o pastoral, com nossos projetos e debates, \u00e0 parte de uma verdadeira f\u00e9, pretendemos explicar a Jesus Cristo quem Ele \u00e9<\/strong>&#8220;.<\/p>\n<p style=\"text-align: justify;\">Contudo, na Eucaristia, o realismo crist\u00e3o, Cristo \u00e9 o que realmente \u00e9, &#8220;vivo e verdadeiro&#8221;.<\/p>\n<p style=\"text-align: justify;\">Por fim, disse que o reflexo do mesmo realismo \u00e9 o que pertence ao homem: primeiramente o respeito \u00e0 vida; a promo\u00e7\u00e3o da fam\u00edlia; a educa\u00e7\u00e3o; o trabalho como um direito e dever na dignidade dos trabalhadores e suas fam\u00edlias; o bem comum com a contribui\u00e7\u00e3o da [verdadeira] doutrina social da Igreja.<\/p>\n<p style=\"text-align: justify;\"><em>Rezemos por esse Patriarca que promete no futuro da Igreja.<\/em><\/p>\n<p style=\"text-align: justify;\">\n<p style=\"text-align: justify;\">Abaixo, algumas fotos do dia.<\/p>\n<p style=\"text-align: center;\">[flgallery id=33 \/]<\/p>\n","protected":false},"excerpt":{"rendered":"Sua Ex.cia Patriarca Francesco Moraglia 58 anos\u00a0 No domingo, dia 25 de mar\u00e7o \u00faltimo, tomou posse can\u00f4nica do governo do Patriarcado de Veneza na Catedral de S\u00e3o Marcos Mons. Francesco Moraglia, transferido da diocese de La Spezia-Sarzana-Brugnato no \u00faltimo dia 31 de janeiro. Dois pontos tornam este fato ainda mais relevante: 1. A homilia do&#8230; <a class=\"view-article\" href=\"https:\/\/diretodasacristia.com\/home\/hierarquia\/posse-do-patriarca-de-veneza-moraglia\/\">Ver artigo<\/a>","protected":false},"author":3,"featured_media":2228,"comment_status":"open","ping_status":"open","sticky":false,"template":"","format":"standard","meta":{"jetpack_post_was_ever_published":false,"_jetpack_newsletter_access":"","_jetpack_dont_email_post_to_subs":false,"_jetpack_newsletter_tier_id":0,"_jetpack_memberships_contains_paywalled_content":false,"_jetpack_memberships_contains_paid_content":false,"_joinchat":[],"footnotes":"","jetpack_publicize_message":"","jetpack_publicize_feature_enabled":true,"jetpack_social_post_already_shared":false,"jetpack_social_options":{"image_generator_settings":{"template":"highway","default_image_id":0,"font":"","enabled":false},"version":2}},"categories":[37,17,20,24],"tags":[221,218,121,220,219,56],"class_list":["post-2226","post","type-post","status-publish","format-standard","has-post-thumbnail","hentry","category-destaque","category-hierarquia","category-liturgia","category-noticias","tag-conferencia-episcopal-italiana","tag-francesco-moraglio","tag-nova-evangelizacao","tag-patriarca-de-veneza","tag-patriarcado-de-veneza","tag-posse-canonica"],"yoast_head":"<!-- This site is optimized with the Yoast SEO plugin v27.4 - https:\/\/yoast.com\/product\/yoast-seo-wordpress\/ -->\n<title>Posse do Patriarca de Veneza Moraglia - Direto da Sacristia<\/title>\n<meta name=\"robots\" content=\"index, follow, max-snippet:-1, max-image-preview:large, max-video-preview:-1\" \/>\n<link rel=\"canonical\" href=\"https:\/\/diretodasacristia.com\/home\/hierarquia\/posse-do-patriarca-de-veneza-moraglia\/\" \/>\n<meta property=\"og:locale\" content=\"pt_BR\" \/>\n<meta property=\"og:type\" content=\"article\" \/>\n<meta property=\"og:title\" content=\"Posse do Patriarca de Veneza Moraglia - Direto da Sacristia\" \/>\n<meta property=\"og:description\" content=\"Sua Ex.cia Patriarca Francesco Moraglia 58 anos\u00a0 No domingo, dia 25 de mar\u00e7o \u00faltimo, tomou posse can\u00f4nica do governo do Patriarcado de Veneza na Catedral de S\u00e3o Marcos Mons. Francesco Moraglia, transferido da diocese de La Spezia-Sarzana-Brugnato no \u00faltimo dia 31 de janeiro. Dois pontos tornam este fato ainda mais relevante: 1. A homilia do... Ver artigo\" \/>\n<meta property=\"og:url\" content=\"https:\/\/diretodasacristia.com\/home\/hierarquia\/posse-do-patriarca-de-veneza-moraglia\/\" \/>\n<meta property=\"og:site_name\" content=\"Direto da Sacristia\" \/>\n<meta property=\"article:publisher\" content=\"https:\/\/www.facebook.com\/DiretoSacristia\" \/>\n<meta property=\"article:published_time\" content=\"2012-04-10T16:33:19+00:00\" \/>\n<meta property=\"og:image\" content=\"https:\/\/i0.wp.com\/diretodasacristia.com\/home\/wp-content\/uploads\/2012\/04\/Francesco-Moraglia.jpg?fit=1024%2C680&ssl=1\" \/>\n\t<meta property=\"og:image:width\" content=\"1024\" \/>\n\t<meta property=\"og:image:height\" content=\"680\" \/>\n\t<meta property=\"og:image:type\" content=\"image\/jpeg\" \/>\n<meta name=\"author\" content=\"E. Mar\u00e7al\" \/>\n<meta name=\"twitter:card\" content=\"summary_large_image\" \/>\n<meta name=\"twitter:creator\" content=\"@diretosacristia\" \/>\n<meta name=\"twitter:site\" content=\"@diretosacristia\" \/>\n<meta name=\"twitter:label1\" content=\"Escrito por\" \/>\n\t<meta name=\"twitter:data1\" content=\"E. Mar\u00e7al\" \/>\n\t<meta name=\"twitter:label2\" content=\"Est. tempo de leitura\" \/>\n\t<meta name=\"twitter:data2\" content=\"6 minutos\" \/>\n<script type=\"application\/ld+json\" class=\"yoast-schema-graph\">{\"@context\":\"https:\\\/\\\/schema.org\",\"@graph\":[{\"@type\":\"Article\",\"@id\":\"https:\\\/\\\/diretodasacristia.com\\\/home\\\/hierarquia\\\/posse-do-patriarca-de-veneza-moraglia\\\/#article\",\"isPartOf\":{\"@id\":\"https:\\\/\\\/diretodasacristia.com\\\/home\\\/hierarquia\\\/posse-do-patriarca-de-veneza-moraglia\\\/\"},\"author\":{\"name\":\"E. Mar\u00e7al\",\"@id\":\"https:\\\/\\\/diretodasacristia.com\\\/home\\\/#\\\/schema\\\/person\\\/3d453ef1f7d57c0bb0990b8070642721\"},\"headline\":\"Posse do Patriarca de Veneza Moraglia\",\"datePublished\":\"2012-04-10T16:33:19+00:00\",\"mainEntityOfPage\":{\"@id\":\"https:\\\/\\\/diretodasacristia.com\\\/home\\\/hierarquia\\\/posse-do-patriarca-de-veneza-moraglia\\\/\"},\"wordCount\":1151,\"commentCount\":1,\"publisher\":{\"@id\":\"https:\\\/\\\/diretodasacristia.com\\\/home\\\/#organization\"},\"image\":{\"@id\":\"https:\\\/\\\/diretodasacristia.com\\\/home\\\/hierarquia\\\/posse-do-patriarca-de-veneza-moraglia\\\/#primaryimage\"},\"thumbnailUrl\":\"https:\\\/\\\/diretodasacristia.com\\\/home\\\/wp-content\\\/uploads\\\/2012\\\/04\\\/Francesco-Moraglia.jpg\",\"keywords\":[\"Confer\u00eancia Episcopal Italiana\",\"Francesco Moraglio\",\"Nova Evangeliza\u00e7\u00e3o\",\"Patriarca de Veneza\",\"Patriarcado de Veneza\",\"Posse can\u00f4nica\"],\"articleSection\":[\"Destaque\",\"Hierarquia\",\"Liturgia\",\"Not\u00edcias\"],\"inLanguage\":\"pt-BR\",\"potentialAction\":[{\"@type\":\"CommentAction\",\"name\":\"Comment\",\"target\":[\"https:\\\/\\\/diretodasacristia.com\\\/home\\\/hierarquia\\\/posse-do-patriarca-de-veneza-moraglia\\\/#respond\"]}]},{\"@type\":\"WebPage\",\"@id\":\"https:\\\/\\\/diretodasacristia.com\\\/home\\\/hierarquia\\\/posse-do-patriarca-de-veneza-moraglia\\\/\",\"url\":\"https:\\\/\\\/diretodasacristia.com\\\/home\\\/hierarquia\\\/posse-do-patriarca-de-veneza-moraglia\\\/\",\"name\":\"Posse do Patriarca de Veneza Moraglia - Direto da Sacristia\",\"isPartOf\":{\"@id\":\"https:\\\/\\\/diretodasacristia.com\\\/home\\\/#website\"},\"primaryImageOfPage\":{\"@id\":\"https:\\\/\\\/diretodasacristia.com\\\/home\\\/hierarquia\\\/posse-do-patriarca-de-veneza-moraglia\\\/#primaryimage\"},\"image\":{\"@id\":\"https:\\\/\\\/diretodasacristia.com\\\/home\\\/hierarquia\\\/posse-do-patriarca-de-veneza-moraglia\\\/#primaryimage\"},\"thumbnailUrl\":\"https:\\\/\\\/diretodasacristia.com\\\/home\\\/wp-content\\\/uploads\\\/2012\\\/04\\\/Francesco-Moraglia.jpg\",\"datePublished\":\"2012-04-10T16:33:19+00:00\",\"breadcrumb\":{\"@id\":\"https:\\\/\\\/diretodasacristia.com\\\/home\\\/hierarquia\\\/posse-do-patriarca-de-veneza-moraglia\\\/#breadcrumb\"},\"inLanguage\":\"pt-BR\",\"potentialAction\":[{\"@type\":\"ReadAction\",\"target\":[\"https:\\\/\\\/diretodasacristia.com\\\/home\\\/hierarquia\\\/posse-do-patriarca-de-veneza-moraglia\\\/\"]}]},{\"@type\":\"ImageObject\",\"inLanguage\":\"pt-BR\",\"@id\":\"https:\\\/\\\/diretodasacristia.com\\\/home\\\/hierarquia\\\/posse-do-patriarca-de-veneza-moraglia\\\/#primaryimage\",\"url\":\"https:\\\/\\\/diretodasacristia.com\\\/home\\\/wp-content\\\/uploads\\\/2012\\\/04\\\/Francesco-Moraglia.jpg\",\"contentUrl\":\"https:\\\/\\\/diretodasacristia.com\\\/home\\\/wp-content\\\/uploads\\\/2012\\\/04\\\/Francesco-Moraglia.jpg\",\"width\":\"1024\",\"height\":\"680\"},{\"@type\":\"BreadcrumbList\",\"@id\":\"https:\\\/\\\/diretodasacristia.com\\\/home\\\/hierarquia\\\/posse-do-patriarca-de-veneza-moraglia\\\/#breadcrumb\",\"itemListElement\":[{\"@type\":\"ListItem\",\"position\":1,\"name\":\"In\u00edcio\",\"item\":\"https:\\\/\\\/diretodasacristia.com\\\/home\\\/\"},{\"@type\":\"ListItem\",\"position\":2,\"name\":\"Posse do Patriarca de Veneza Moraglia\"}]},{\"@type\":\"WebSite\",\"@id\":\"https:\\\/\\\/diretodasacristia.com\\\/home\\\/#website\",\"url\":\"https:\\\/\\\/diretodasacristia.com\\\/home\\\/\",\"name\":\"Direto da Sacristia\",\"description\":\"Not\u00edcias e artigos sobre a f\u00e9 cat\u00f3lica\",\"publisher\":{\"@id\":\"https:\\\/\\\/diretodasacristia.com\\\/home\\\/#organization\"},\"potentialAction\":[{\"@type\":\"SearchAction\",\"target\":{\"@type\":\"EntryPoint\",\"urlTemplate\":\"https:\\\/\\\/diretodasacristia.com\\\/home\\\/?s={search_term_string}\"},\"query-input\":{\"@type\":\"PropertyValueSpecification\",\"valueRequired\":true,\"valueName\":\"search_term_string\"}}],\"inLanguage\":\"pt-BR\"},{\"@type\":\"Organization\",\"@id\":\"https:\\\/\\\/diretodasacristia.com\\\/home\\\/#organization\",\"name\":\"Direto da Sacristia\",\"url\":\"https:\\\/\\\/diretodasacristia.com\\\/home\\\/\",\"logo\":{\"@type\":\"ImageObject\",\"inLanguage\":\"pt-BR\",\"@id\":\"https:\\\/\\\/diretodasacristia.com\\\/home\\\/#\\\/schema\\\/logo\\\/image\\\/\",\"url\":\"https:\\\/\\\/i0.wp.com\\\/diretodasacristia.com\\\/home\\\/wp-content\\\/uploads\\\/2012\\\/01\\\/marca-sacristia.png?fit=320%2C306&ssl=1\",\"contentUrl\":\"https:\\\/\\\/i0.wp.com\\\/diretodasacristia.com\\\/home\\\/wp-content\\\/uploads\\\/2012\\\/01\\\/marca-sacristia.png?fit=320%2C306&ssl=1\",\"width\":\"320\",\"height\":\"306\",\"caption\":\"Direto da Sacristia\"},\"image\":{\"@id\":\"https:\\\/\\\/diretodasacristia.com\\\/home\\\/#\\\/schema\\\/logo\\\/image\\\/\"},\"sameAs\":[\"https:\\\/\\\/www.facebook.com\\\/DiretoSacristia\",\"https:\\\/\\\/x.com\\\/diretosacristia\",\"https:\\\/\\\/www.instagram.com\\\/diretodasacristia\\\/\",\"https:\\\/\\\/www.youtube.com\\\/diretodasacristia\"]},{\"@type\":\"Person\",\"@id\":\"https:\\\/\\\/diretodasacristia.com\\\/home\\\/#\\\/schema\\\/person\\\/3d453ef1f7d57c0bb0990b8070642721\",\"name\":\"E. Mar\u00e7al\",\"image\":{\"@type\":\"ImageObject\",\"inLanguage\":\"pt-BR\",\"@id\":\"https:\\\/\\\/secure.gravatar.com\\\/avatar\\\/348ff80a5ddde3de6c8b6e0c5b066b733f9245285d9ab87cd2e2ff652ffa95b0?s=96&d=mm&r=g\",\"url\":\"https:\\\/\\\/secure.gravatar.com\\\/avatar\\\/348ff80a5ddde3de6c8b6e0c5b066b733f9245285d9ab87cd2e2ff652ffa95b0?s=96&d=mm&r=g\",\"contentUrl\":\"https:\\\/\\\/secure.gravatar.com\\\/avatar\\\/348ff80a5ddde3de6c8b6e0c5b066b733f9245285d9ab87cd2e2ff652ffa95b0?s=96&d=mm&r=g\",\"caption\":\"E. Mar\u00e7al\"},\"url\":\"https:\\\/\\\/diretodasacristia.com\\\/home\\\/author\\\/erick\\\/\"}]}<\/script>\n<!-- \/ Yoast SEO plugin. -->","yoast_head_json":{"title":"Posse do Patriarca de Veneza Moraglia - Direto da Sacristia","robots":{"index":"index","follow":"follow","max-snippet":"max-snippet:-1","max-image-preview":"max-image-preview:large","max-video-preview":"max-video-preview:-1"},"canonical":"https:\/\/diretodasacristia.com\/home\/hierarquia\/posse-do-patriarca-de-veneza-moraglia\/","og_locale":"pt_BR","og_type":"article","og_title":"Posse do Patriarca de Veneza Moraglia - Direto da Sacristia","og_description":"Sua Ex.cia Patriarca Francesco Moraglia 58 anos\u00a0 No domingo, dia 25 de mar\u00e7o \u00faltimo, tomou posse can\u00f4nica do governo do Patriarcado de Veneza na Catedral de S\u00e3o Marcos Mons. Francesco Moraglia, transferido da diocese de La Spezia-Sarzana-Brugnato no \u00faltimo dia 31 de janeiro. Dois pontos tornam este fato ainda mais relevante: 1. A homilia do... Ver artigo","og_url":"https:\/\/diretodasacristia.com\/home\/hierarquia\/posse-do-patriarca-de-veneza-moraglia\/","og_site_name":"Direto da Sacristia","article_publisher":"https:\/\/www.facebook.com\/DiretoSacristia","article_published_time":"2012-04-10T16:33:19+00:00","og_image":[{"width":1024,"height":680,"url":"https:\/\/i0.wp.com\/diretodasacristia.com\/home\/wp-content\/uploads\/2012\/04\/Francesco-Moraglia.jpg?fit=1024%2C680&ssl=1","type":"image\/jpeg"}],"author":"E. Mar\u00e7al","twitter_card":"summary_large_image","twitter_creator":"@diretosacristia","twitter_site":"@diretosacristia","twitter_misc":{"Escrito por":"E. Mar\u00e7al","Est. tempo de leitura":"6 minutos"},"schema":{"@context":"https:\/\/schema.org","@graph":[{"@type":"Article","@id":"https:\/\/diretodasacristia.com\/home\/hierarquia\/posse-do-patriarca-de-veneza-moraglia\/#article","isPartOf":{"@id":"https:\/\/diretodasacristia.com\/home\/hierarquia\/posse-do-patriarca-de-veneza-moraglia\/"},"author":{"name":"E. Mar\u00e7al","@id":"https:\/\/diretodasacristia.com\/home\/#\/schema\/person\/3d453ef1f7d57c0bb0990b8070642721"},"headline":"Posse do Patriarca de Veneza Moraglia","datePublished":"2012-04-10T16:33:19+00:00","mainEntityOfPage":{"@id":"https:\/\/diretodasacristia.com\/home\/hierarquia\/posse-do-patriarca-de-veneza-moraglia\/"},"wordCount":1151,"commentCount":1,"publisher":{"@id":"https:\/\/diretodasacristia.com\/home\/#organization"},"image":{"@id":"https:\/\/diretodasacristia.com\/home\/hierarquia\/posse-do-patriarca-de-veneza-moraglia\/#primaryimage"},"thumbnailUrl":"https:\/\/diretodasacristia.com\/home\/wp-content\/uploads\/2012\/04\/Francesco-Moraglia.jpg","keywords":["Confer\u00eancia Episcopal Italiana","Francesco Moraglio","Nova Evangeliza\u00e7\u00e3o","Patriarca de Veneza","Patriarcado de Veneza","Posse can\u00f4nica"],"articleSection":["Destaque","Hierarquia","Liturgia","Not\u00edcias"],"inLanguage":"pt-BR","potentialAction":[{"@type":"CommentAction","name":"Comment","target":["https:\/\/diretodasacristia.com\/home\/hierarquia\/posse-do-patriarca-de-veneza-moraglia\/#respond"]}]},{"@type":"WebPage","@id":"https:\/\/diretodasacristia.com\/home\/hierarquia\/posse-do-patriarca-de-veneza-moraglia\/","url":"https:\/\/diretodasacristia.com\/home\/hierarquia\/posse-do-patriarca-de-veneza-moraglia\/","name":"Posse do Patriarca de Veneza Moraglia - Direto da Sacristia","isPartOf":{"@id":"https:\/\/diretodasacristia.com\/home\/#website"},"primaryImageOfPage":{"@id":"https:\/\/diretodasacristia.com\/home\/hierarquia\/posse-do-patriarca-de-veneza-moraglia\/#primaryimage"},"image":{"@id":"https:\/\/diretodasacristia.com\/home\/hierarquia\/posse-do-patriarca-de-veneza-moraglia\/#primaryimage"},"thumbnailUrl":"https:\/\/diretodasacristia.com\/home\/wp-content\/uploads\/2012\/04\/Francesco-Moraglia.jpg","datePublished":"2012-04-10T16:33:19+00:00","breadcrumb":{"@id":"https:\/\/diretodasacristia.com\/home\/hierarquia\/posse-do-patriarca-de-veneza-moraglia\/#breadcrumb"},"inLanguage":"pt-BR","potentialAction":[{"@type":"ReadAction","target":["https:\/\/diretodasacristia.com\/home\/hierarquia\/posse-do-patriarca-de-veneza-moraglia\/"]}]},{"@type":"ImageObject","inLanguage":"pt-BR","@id":"https:\/\/diretodasacristia.com\/home\/hierarquia\/posse-do-patriarca-de-veneza-moraglia\/#primaryimage","url":"https:\/\/diretodasacristia.com\/home\/wp-content\/uploads\/2012\/04\/Francesco-Moraglia.jpg","contentUrl":"https:\/\/diretodasacristia.com\/home\/wp-content\/uploads\/2012\/04\/Francesco-Moraglia.jpg","width":"1024","height":"680"},{"@type":"BreadcrumbList","@id":"https:\/\/diretodasacristia.com\/home\/hierarquia\/posse-do-patriarca-de-veneza-moraglia\/#breadcrumb","itemListElement":[{"@type":"ListItem","position":1,"name":"In\u00edcio","item":"https:\/\/diretodasacristia.com\/home\/"},{"@type":"ListItem","position":2,"name":"Posse do Patriarca de Veneza Moraglia"}]},{"@type":"WebSite","@id":"https:\/\/diretodasacristia.com\/home\/#website","url":"https:\/\/diretodasacristia.com\/home\/","name":"Direto da Sacristia","description":"Not\u00edcias e artigos sobre a f\u00e9 cat\u00f3lica","publisher":{"@id":"https:\/\/diretodasacristia.com\/home\/#organization"},"potentialAction":[{"@type":"SearchAction","target":{"@type":"EntryPoint","urlTemplate":"https:\/\/diretodasacristia.com\/home\/?s={search_term_string}"},"query-input":{"@type":"PropertyValueSpecification","valueRequired":true,"valueName":"search_term_string"}}],"inLanguage":"pt-BR"},{"@type":"Organization","@id":"https:\/\/diretodasacristia.com\/home\/#organization","name":"Direto da Sacristia","url":"https:\/\/diretodasacristia.com\/home\/","logo":{"@type":"ImageObject","inLanguage":"pt-BR","@id":"https:\/\/diretodasacristia.com\/home\/#\/schema\/logo\/image\/","url":"https:\/\/i0.wp.com\/diretodasacristia.com\/home\/wp-content\/uploads\/2012\/01\/marca-sacristia.png?fit=320%2C306&ssl=1","contentUrl":"https:\/\/i0.wp.com\/diretodasacristia.com\/home\/wp-content\/uploads\/2012\/01\/marca-sacristia.png?fit=320%2C306&ssl=1","width":"320","height":"306","caption":"Direto da Sacristia"},"image":{"@id":"https:\/\/diretodasacristia.com\/home\/#\/schema\/logo\/image\/"},"sameAs":["https:\/\/www.facebook.com\/DiretoSacristia","https:\/\/x.com\/diretosacristia","https:\/\/www.instagram.com\/diretodasacristia\/","https:\/\/www.youtube.com\/diretodasacristia"]},{"@type":"Person","@id":"https:\/\/diretodasacristia.com\/home\/#\/schema\/person\/3d453ef1f7d57c0bb0990b8070642721","name":"E. Mar\u00e7al","image":{"@type":"ImageObject","inLanguage":"pt-BR","@id":"https:\/\/secure.gravatar.com\/avatar\/348ff80a5ddde3de6c8b6e0c5b066b733f9245285d9ab87cd2e2ff652ffa95b0?s=96&d=mm&r=g","url":"https:\/\/secure.gravatar.com\/avatar\/348ff80a5ddde3de6c8b6e0c5b066b733f9245285d9ab87cd2e2ff652ffa95b0?s=96&d=mm&r=g","contentUrl":"https:\/\/secure.gravatar.com\/avatar\/348ff80a5ddde3de6c8b6e0c5b066b733f9245285d9ab87cd2e2ff652ffa95b0?s=96&d=mm&r=g","caption":"E. Mar\u00e7al"},"url":"https:\/\/diretodasacristia.com\/home\/author\/erick\/"}]}},"jetpack_publicize_connections":[],"jetpack_featured_media_url":"https:\/\/diretodasacristia.com\/home\/wp-content\/uploads\/2012\/04\/Francesco-Moraglia.jpg","jetpack_sharing_enabled":true,"jetpack_shortlink":"https:\/\/wp.me\/p24aG7-zU","jetpack-related-posts":[{"id":2604,"url":"https:\/\/diretodasacristia.com\/home\/hierarquia\/patriarca-grego-melquita-de-antioquia-visita-o-brasil\/","url_meta":{"origin":2226,"position":0},"title":"Patriarca Grego-melquita de Antioquia visita o Brasil","author":"E. Mar\u00e7al","date":"9 de agosto de 2010","format":false,"excerpt":"Em todo o mundo h\u00e1 25 igrejas de rito oriental unidas a Roma. Os patriarcas orientais, diferentemente dos ocidentais, t\u00eam jurisdi\u00e7\u00e3o sobre todos os bispos e fi\u00e9is do seu rito. S\u00e3o eleitos pelos respectivos S\u00ednodos das Igrejas Orientais e depois confirmados pelo Papa, com quem mant\u00eam comunh\u00e3o plena. Na Igreja\u2026","rel":"","context":"Em &quot;Hierarquia&quot;","block_context":{"text":"Hierarquia","link":"https:\/\/diretodasacristia.com\/home\/c\/hierarquia\/"},"img":{"alt_text":"","src":"","width":0,"height":0},"classes":[]},{"id":238,"url":"https:\/\/diretodasacristia.com\/home\/brasil\/proximas-datas-no-episcopado\/","url_meta":{"origin":2226,"position":1},"title":"Pr\u00f3ximas datas no episcopado","author":"E. Mar\u00e7al","date":"17 de setembro de 2011","format":false,"excerpt":"Algumas sagra\u00e7\u00f5es episcopais, ren\u00fancias e in\u00edcio de of\u00edcio na C\u00faria Romana e posses can\u00f4nicas Sagra\u00e7\u00e3o episcopal Arquidiocese de Urbino, It\u00e1lia 17 setembro Hoje Do\u00a0Mons. Giovanni Tani, de 64 anos, at\u00e9 24 junho passado Reitor do Pontif\u00edcio Semin\u00e1rio Romano, eleito Arcebispo de\u00a0Urbino-Urbania-Sant\u00b4Angelo in Vado. \u00c9 sagrante principal o Em.mo Vig\u00e1rio de\u2026","rel":"","context":"Em &quot;Brasil&quot;","block_context":{"text":"Brasil","link":"https:\/\/diretodasacristia.com\/home\/c\/brasil\/"},"img":{"alt_text":"","src":"","width":0,"height":0},"classes":[]},{"id":2425,"url":"https:\/\/diretodasacristia.com\/home\/sem-categoria\/proximas-datas-no-episcopado-2\/","url_meta":{"origin":2226,"position":2},"title":"Pr\u00f3ximas datas no episcopado","author":"E. Mar\u00e7al","date":"17 de setembro de 2011","format":false,"excerpt":"Algumas sagra\u00e7\u00f5es episcopais, ren\u00fancias e in\u00edcio de of\u00edcio na C\u00faria Romana e posses can\u00f4nicasSagra\u00e7\u00e3o episcopalArquidiocese de Urbino, It\u00e1lia17 setembroHojeDo Mons. Giovanni Tani, de 64 anos, at\u00e9 24 junho passado Reitor do Pontif\u00edcio Semin\u00e1rio Romano, eleito Arcebispo de Urbino-Urbania-Sant\u00b4Angelo in Vado.\u00c9 sagrante principal o Em.mo Vig\u00e1rio de Sua Santidade para a\u2026","rel":"","context":"Em &quot;Sem categoria&quot;","block_context":{"text":"Sem categoria","link":"https:\/\/diretodasacristia.com\/home\/c\/sem-categoria\/"},"img":{"alt_text":"","src":"","width":0,"height":0},"classes":[]},{"id":2445,"url":"https:\/\/diretodasacristia.com\/home\/sem-categoria\/scola-arcebispo-de-milao-2\/","url_meta":{"origin":2226,"position":3},"title":"Scola, Arcebispo de Mil\u00e3o!","author":"E. Mar\u00e7al","date":"28 de junho de 2011","format":false,"excerpt":"Te Deum laudamusMais um na reforma de Bento XVI nas importantes dioceses*Do boletim da Sala de Imprensa da Santa S\u00e9Ren\u00fancia do Arcebispo Metropolitano de Mil\u00e3oe nomea\u00e7\u00e3o do sucessorIt\u00e1liaO Santo Padre Bento XVI aceitou a ren\u00fancia ao governo pastoral da Arquidiocese de Mil\u00e3o apresentada por Sua Emin\u00eancia o Cardeal Dionigi Tettamanzi,\u2026","rel":"","context":"Em &quot;Sem categoria&quot;","block_context":{"text":"Sem categoria","link":"https:\/\/diretodasacristia.com\/home\/c\/sem-categoria\/"},"img":{"alt_text":"","src":"","width":0,"height":0},"classes":[]},{"id":2436,"url":"https:\/\/diretodasacristia.com\/home\/hierarquia\/privilegios-do-patriarcado-de-lisboa\/","url_meta":{"origin":2226,"position":4},"title":"Privil\u00e9gios do Patriarcado de Lisboa","author":"E. Mar\u00e7al","date":"14 de julho de 2011","format":false,"excerpt":"Com o passar do tempo, foi dado ao Patriarca de Lisboa o privil\u00e9gio de usar ins\u00edgnias e paramentos do Romano Pont\u00edfice, concess\u00e3o n\u00e3o vista em nenhum dos outros Patriarcados latinos. Desenvolveremos o elenco dos privil\u00e9gios em ordem crescente, atentos \u00e0 import\u00e2ncia de cada item.","rel":"","context":"Em &quot;Hierarquia&quot;","block_context":{"text":"Hierarquia","link":"https:\/\/diretodasacristia.com\/home\/c\/hierarquia\/"},"img":{"alt_text":"","src":"https:\/\/i0.wp.com\/diretodasacristia.com\/home\/wp-content\/uploads\/2011\/07\/C%C3%B4negos-mitras-Crac%C3%B3via.jpg?resize=350%2C200","width":350,"height":200,"srcset":"https:\/\/i0.wp.com\/diretodasacristia.com\/home\/wp-content\/uploads\/2011\/07\/C%C3%B4negos-mitras-Crac%C3%B3via.jpg?resize=350%2C200 1x, https:\/\/i0.wp.com\/diretodasacristia.com\/home\/wp-content\/uploads\/2011\/07\/C%C3%B4negos-mitras-Crac%C3%B3via.jpg?resize=525%2C300 1.5x, https:\/\/i0.wp.com\/diretodasacristia.com\/home\/wp-content\/uploads\/2011\/07\/C%C3%B4negos-mitras-Crac%C3%B3via.jpg?resize=700%2C400 2x"},"classes":[]},{"id":2173,"url":"https:\/\/diretodasacristia.com\/home\/boletim-santa-se\/morre-o-cardeal-ignace-moussa\/","url_meta":{"origin":2226,"position":5},"title":"Morre o Cardeal Ignace Moussa","author":"E. Mar\u00e7al","date":"7 de abril de 2012","format":false,"excerpt":"Uma de suas \u00faltimas apari\u00e7\u00f5es p\u00fablicas Faleceu nesta manh\u00e3 em Roma, o Em.mo Cardeal Ignace Moussa I Daoud, Prefeito em\u00e9rito da Congrega\u00e7\u00e3o para as Igrejas Orientais e Patriarca em\u00e9rito de Antioquia dos S\u00edrios, aos 81 anos. O venerando Cardeal paramentado segundo as rubricas lit\u00fargicas sir\u00edacas, que muito lembram os ritos\u2026","rel":"","context":"Em &quot;Boletim Santa S\u00e9&quot;","block_context":{"text":"Boletim Santa S\u00e9","link":"https:\/\/diretodasacristia.com\/home\/c\/boletim-santa-se\/"},"img":{"alt_text":"","src":"https:\/\/i0.wp.com\/diretodasacristia.com\/home\/wp-content\/uploads\/2012\/04\/Cardeal-Ignace-Moussa-I1.jpg?resize=350%2C200","width":350,"height":200,"srcset":"https:\/\/i0.wp.com\/diretodasacristia.com\/home\/wp-content\/uploads\/2012\/04\/Cardeal-Ignace-Moussa-I1.jpg?resize=350%2C200 1x, https:\/\/i0.wp.com\/diretodasacristia.com\/home\/wp-content\/uploads\/2012\/04\/Cardeal-Ignace-Moussa-I1.jpg?resize=525%2C300 1.5x"},"classes":[]}],"post_mailing_queue_ids":[],"_links":{"self":[{"href":"https:\/\/diretodasacristia.com\/home\/wp-json\/wp\/v2\/posts\/2226","targetHints":{"allow":["GET"]}}],"collection":[{"href":"https:\/\/diretodasacristia.com\/home\/wp-json\/wp\/v2\/posts"}],"about":[{"href":"https:\/\/diretodasacristia.com\/home\/wp-json\/wp\/v2\/types\/post"}],"author":[{"embeddable":true,"href":"https:\/\/diretodasacristia.com\/home\/wp-json\/wp\/v2\/users\/3"}],"replies":[{"embeddable":true,"href":"https:\/\/diretodasacristia.com\/home\/wp-json\/wp\/v2\/comments?post=2226"}],"version-history":[{"count":8,"href":"https:\/\/diretodasacristia.com\/home\/wp-json\/wp\/v2\/posts\/2226\/revisions"}],"predecessor-version":[{"id":2236,"href":"https:\/\/diretodasacristia.com\/home\/wp-json\/wp\/v2\/posts\/2226\/revisions\/2236"}],"wp:featuredmedia":[{"embeddable":true,"href":"https:\/\/diretodasacristia.com\/home\/wp-json\/wp\/v2\/media\/2228"}],"wp:attachment":[{"href":"https:\/\/diretodasacristia.com\/home\/wp-json\/wp\/v2\/media?parent=2226"}],"wp:term":[{"taxonomy":"category","embeddable":true,"href":"https:\/\/diretodasacristia.com\/home\/wp-json\/wp\/v2\/categories?post=2226"},{"taxonomy":"post_tag","embeddable":true,"href":"https:\/\/diretodasacristia.com\/home\/wp-json\/wp\/v2\/tags?post=2226"}],"curies":[{"name":"wp","href":"https:\/\/api.w.org\/{rel}","templated":true}]}}