{"id":2389,"date":"2012-04-29T22:00:04","date_gmt":"2012-04-30T01:00:04","guid":{"rendered":"http:\/\/diretodasacristia.com\/home\/?p=2389"},"modified":"2012-05-24T23:02:42","modified_gmt":"2012-05-25T02:02:42","slug":"votos-pascais","status":"publish","type":"post","link":"https:\/\/diretodasacristia.com\/home\/blog\/votos-pascais\/","title":{"rendered":"Votos pascais"},"content":{"rendered":"<p style=\"text-align: justify;\">Ao menos para n\u00f3s crist\u00e3os ainda \u00e9 P\u00e1scoa. E por isso que n\u00e3o me lamento tanto pelo consider\u00e1vel atraso com que publico agora as felicita\u00e7\u00f5es pascais do &#8220;Direto da Sacristia&#8221;. Esse \u00e9 o primeiro motivo: ainda n\u00e3o terminou o Tempo Pascal. Em segundo lugar foi a demora em concluir a grava\u00e7\u00e3o; e contra isso surgiram algumas dificuldades nas quatro tentativas que fiz nessas \u00faltimas semanas:<\/p>\n<p style=\"text-align: justify;\">Escolhida a fachada da Igreja e do Mosteiro de S\u00e3o Bento em Olinda para figurar como plano de fundo do v\u00eddeo, inicialmente eu pensei que a ilumina\u00e7\u00e3o solar vespertina projetada sobre a mesma fachada era ideal &#8211; sombra para mim e luz para o plano de fundo. Contudo, nas 3 vezes que tentei gravar, eu nunca conseguia gravar tudo a tempo, e o sol ia embora mais uma vez. E sem falar na memoriza\u00e7\u00e3o do que eu tinha que falar (eu n\u00e3o tenho um contra-regra apresentando o texto atr\u00e1s da c\u00e2mera); e na dic\u00e7\u00e3o, que nem sempre era boa; e no vento contra o microfone da c\u00e2mera (algo que ainda poder\u00e1 ser confirmado no v\u00eddeo a seguir); os simples transeuntes no p\u00e1tio externo do Mosteiro (que \u00e9 bem movimentado) ou at\u00e9 mesmo os curiosos que passavam e pensavam que eu era algum rep\u00f3rter de algum grande canal de televis\u00e3o (o trip\u00e9 e a c\u00e2mera HD ajudaram nessa ideia que possivelmente tiveram), e acabavam inibindo este seminarista que lhes fala&#8230; Mas, por alguns desses motivos, acho que mere\u00e7o compreens\u00e3o por tentar (pela terceira vez) inovar no Blog e gravar um v\u00eddeo, e nem ter preparo profissional para isso. Quem sabe se um dia eu n\u00e3o terei, e voc\u00eas s\u00e3o pacientes espectadores meus?!<\/p>\n<p style=\"text-align: justify;\">A grande novidade deste v\u00eddeo \u00e9 a participa\u00e7\u00e3o de Dom Fernando Saburido, Arcebispo de Olinda e Recife, que j\u00e1 conhecia o Blog e de imediato aceitou em nos dirigir algumas palavras sobre este grande tempo que vivemos por mais algumas semanas adiante. Inseri o seu v\u00eddeo dentro do que eu gravei, onde contraponho o significado da P\u00e1scoa com, como j\u00e1 conhecemos, os erros de alguns magistrados do Rio Grande do Sul e, o mais grave, do que foi decidido h\u00e1 poucas semanas no Supremo Tribunal Federal.<\/p>\n<span class=\"embed-youtube\" style=\"text-align:center; display: block;\"><iframe loading=\"lazy\" class=\"youtube-player\" width=\"900\" height=\"507\" src=\"https:\/\/www.youtube.com\/embed\/Hx3JOEayPPA?version=3&#038;rel=1&#038;showsearch=0&#038;showinfo=1&#038;iv_load_policy=1&#038;fs=1&#038;hl=pt-BR&#038;autohide=2&#038;wmode=transparent\" allowfullscreen=\"true\" style=\"border:0;\" sandbox=\"allow-scripts allow-same-origin allow-popups allow-presentation allow-popups-to-escape-sandbox\"><\/iframe><\/span>\n<p>&nbsp;<\/p>\n<p>Eis o texto:<\/p>\n<p>&nbsp;<\/p>\n<p><em>Surrexit Christus, spes mea!<\/em><\/p>\n<p><span style=\"text-align: justify;\">Igreja e Mosteiro de S\u00e3o Bento, em Olinda, Pernambuco.<\/span><\/p>\n<p style=\"text-align: justify;\">As duas atuais constru\u00e7\u00f5es datam do s\u00e9culo 17 e foram constru\u00eddas no mesmo lugar onde existiam as anteriores, destru\u00eddas pelo \u00f3dio dos holandeses. Portanto, o que vemos \u00e9 um marco, dentre tantos, deixados pelos portugueses que aqui plantaram a f\u00e9 cat\u00f3lica. Somam \u00e0quela igreja e ao mosteiro centenas de monumentos, ruas, pra\u00e7as, estabelecimentos, institui\u00e7\u00f5es e outros que receberam nome de santos cat\u00f3licos ou termos alusivos \u00e0 nossa f\u00e9. E assim, com poucos mais de 500 anos de cristianismo no Brasil, um quarto da hist\u00f3ria da Igreja, nos orgulhamos de sermos \u2013 segundo dizem \u2013 o mais pa\u00eds cat\u00f3lico do mundo.<\/p>\n<p style=\"text-align: justify;\">Se estes dados j\u00e1 n\u00e3o correspondiam com tanta veracidade ao exerc\u00edcio aut\u00eantico e frequente da f\u00e9 dos brasileiros cat\u00f3licos, no que depende do esfor\u00e7o de alguns, logo, logo ser\u00e3o extintos at\u00e9 mesmo os m\u00ednimos sinais crist\u00e3os que permeiam a nossa vida cotidiana.<\/p>\n<p style=\"text-align: justify;\">H\u00e1 algumas semanas, assistimos com perplexidade como alguns magistrados do Rio Grande do Sul viram como uma ofensa \u00e0 pretensa laicidade do Estado defendida por eles. Exigiram a retirada dos crucifixos dos tribunais de justi\u00e7a ga\u00fachos. E conseguiram isso. Bom, at\u00e9 que outros consigam a desconstitui\u00e7\u00e3o de ato administrativo junto ao Conselho Nacional de Justi\u00e7a. Desse modo, com atitudes como esta, querem acabar com a hist\u00f3ria e o legado brasileiros. Sim, pois, como falei no artigo \u201cA Terra de Vera Cruz\u201d, quer acabar com um povo? Acabe com seus s\u00edmbolos. Mas, h\u00e1 quem diga: ter crucifixo ou outros s\u00edmbolos crist\u00e3os em locais p\u00fablicos, \u00e9 dar prefer\u00eancia a um credo religioso. Que me desculpem os que n\u00e3o s\u00e3o cat\u00f3licos, mas aqui primeiro n\u00e3o chegaram aqui judeus e constru\u00edram uma sinagoga, aqui n\u00e3o chegaram por primeiro\u00a0mu\u00e7ulmanos\u00a0e prestaram culto a Al\u00e1, nem pastor algum, nem adepto de religi\u00e3o afro-brasileira, nem budista, nem xinto\u00edsta, nem pele-vermelha, nem adorador de Sat\u00e3, nem muito menos algum ateu e prestou culto \u00e0 raz\u00e3o. Chegaram por primeiro &#8211; como todos n\u00f3s sabemos!, navegadores portugueses que trouxeram consigo sacerdotes cat\u00f3licos, que aqui fincaram uma cruz, aqui rezaram missa, e aqui difundiram a f\u00e9 cat\u00f3lica, que desde sempre esteve presente na hist\u00f3ria brasileira e por isso nunca poder\u00e1 ser esquecida ou perder o seu valor.<\/p>\n<p style=\"text-align: justify;\">E o que dizer de tentar excluir tamb\u00e9m a frase \u201cDeus seja louvado\u201d das c\u00e9dulas do Real?! O Estado \u00e9 laico! Sim, mas n\u00e3o \u00e9 antirreligioso ou anticlerical.<\/p>\n<p style=\"text-align: justify;\">E agora, nesses \u00faltimos dias, que n\u00e3o s\u00e3o os \u00faltimos, contudo, de permitir no Brasil tudo o que contraria n\u00e3o s\u00f3 nossa doutrina crist\u00e3, mas at\u00e9 mesmo os direitos fundamentais humanos, nesses \u00faltimos dias, o Supremo Tribunal Federal, com o voto de 8 ministros dos 11 que comp\u00f5em a Casa, definiram como penalmente imput\u00e1vel o aborto de fetos diagnosticados como anenc\u00e9falos. Quantas crian\u00e7as n\u00e3o ver\u00e3o a luz da vida! Quantas n\u00e3o ter\u00e3o direito at\u00e9 a respirar, porque n\u00e3o atender\u00e3o aos conceitos e \u00e0s expectativas de est\u00e9tica de uma sociedade secularizada e de pais que n\u00e3o amam seus filhos pelo pr\u00f3prio fato de serem seus. Mesmo diante dos poss\u00edveis argumentos sobre a sa\u00fade psicol\u00f3gica e corporal da m\u00e3e, nada justifica abortar, porque Deus n\u00e3o colocou nenhuma exce\u00e7\u00e3o ao mandamento \u201cN\u00e3o matar\u00e1s\u201d. N\u00e3o sei para onde estamos indo, quando vivemos com leis que punem \u2013 com raz\u00e3o \u2013 quem maltrata animais, mas absolvem quem mata seres humanos segundo as mesmas raz\u00f5es do c\u00e2ncer nazista: eugenia!<\/p>\n<p style=\"text-align: justify;\">Mas Cristo ressuscitado, vencedor naquela cruz, est\u00e1 conosco. \u00c9 P\u00e1scoa, triunfo da vida sobre o poder do inferno. Nesse esp\u00edrito, ou\u00e7amos a mensagem do Arcebispo de Olinda e Recife, Dom Fernando Saburido.<\/p>\n<p style=\"text-align: justify;\">O que nos resta a nossa consci\u00eancia crist\u00e3 para n\u00e3o acolhermos leis que desafiam a lei eterna, mesmo sabendo que ainda poder\u00e3o vir mais como essas decis\u00f5es de \u00edmpios e estultos magistrados. Agradecemos ao voto dos ministros Cezar Peluso e Ricardo Lewandowski, que se pronunciaram aqu\u00e9m de qualquer ideologia, mas pela defesa incondicional da vida.<\/p>\n<p style=\"text-align: justify;\">Podem tirar-nos os crucifixos, a liberdade religiosa, o direito \u00e0 vida; podem at\u00e9 mesmo nos tirarem esta vida, como aconteceu a tantas testemunhas de Cristo. Mas, nunca ir\u00e3o nos arrancar a f\u00e9 e a esperan\u00e7a na justi\u00e7a divina, porque sabemos que uma outra vida, superior em tudo a esta, nos espera, n\u00e3o por meio de decretos injustos, mas com o alto pre\u00e7o de um Precios\u00edssimo Sangue, na espera que logo mais n\u00e3o haver\u00e1 mais uma Cidade de Deus e uma Cidade dos Homens, mas uma s\u00f3, onde Cristo ser\u00e1 tudo em todos.<\/p>\n<p style=\"text-align: justify;\">Feliz P\u00e1scoa!<\/p>\n<p style=\"text-align: justify;\">Continuem acompanhando-nos em nossa p\u00e1gina no Facebook, no Twitter e, finalmente, no <a href=\"http:\/\/www.diretodasacristia.com\/\">www.diretodasacristia.com<\/a><\/p>\n<p style=\"text-align: justify;\">Direto da Sacristia. Porque a beleza da Igreja ensina!<\/p>\n","protected":false},"excerpt":{"rendered":"Com palavras do Arcebispo Fernando Saburido.\r\nAo menos para n\u00f3s crist\u00e3os ainda \u00e9 P\u00e1scoa. E por isso que n\u00e3o me lamento tanto pelo consider\u00e1vel atraso com que publico agora as felicita\u00e7\u00f5es pascais do &#8220;Direto da Sacristia&#8221;. Esse \u00e9 o primeiro motivo: ainda n\u00e3o terminou o Tempo Pascal.","protected":false},"author":3,"featured_media":2418,"comment_status":"open","ping_status":"open","sticky":false,"template":"","format":"standard","meta":{"jetpack_post_was_ever_published":false,"_jetpack_newsletter_access":"","_jetpack_dont_email_post_to_subs":false,"_jetpack_newsletter_tier_id":0,"_jetpack_memberships_contains_paywalled_content":false,"_jetpack_memberships_contains_paid_content":false,"_joinchat":[],"footnotes":"","jetpack_publicize_message":"","jetpack_publicize_feature_enabled":true,"jetpack_social_post_already_shared":false,"jetpack_social_options":{"image_generator_settings":{"template":"highway","default_image_id":0,"font":"","enabled":false},"version":2}},"categories":[7,9,37,17],"tags":[262,259,258,531,261,256,257,260,264,263,536,265],"class_list":["post-2389","post","type-post","status-publish","format-standard","has-post-thumbnail","hentry","category-blog","category-brasil","category-destaque","category-hierarquia","tag-anencefalos","tag-arcebispo-de-olinda-e-recife","tag-arquidiocese-de-olinda-e-recife","tag-bento-xvi","tag-crucifixos","tag-direto-da-sacristia","tag-dom-fernando-saburido","tag-erick-marcal","tag-pascoa","tag-regina-caeli","tag-seminario-de-olinda","tag-supremo-tribunal-federal"],"yoast_head":"<!-- This site is optimized with the Yoast SEO plugin v27.4 - https:\/\/yoast.com\/product\/yoast-seo-wordpress\/ -->\n<title>Votos pascais - Direto da Sacristia<\/title>\n<meta name=\"robots\" content=\"index, follow, max-snippet:-1, max-image-preview:large, max-video-preview:-1\" \/>\n<link rel=\"canonical\" href=\"https:\/\/diretodasacristia.com\/home\/blog\/votos-pascais\/\" \/>\n<meta property=\"og:locale\" content=\"pt_BR\" \/>\n<meta property=\"og:type\" content=\"article\" \/>\n<meta property=\"og:title\" content=\"Votos pascais - Direto da Sacristia\" \/>\n<meta property=\"og:description\" content=\"Com palavras do Arcebispo Fernando Saburido. Ao menos para n\u00f3s crist\u00e3os ainda \u00e9 P\u00e1scoa. E por isso que n\u00e3o me lamento tanto pelo consider\u00e1vel atraso com que publico agora as felicita\u00e7\u00f5es pascais do &quot;Direto da Sacristia&quot;. Esse \u00e9 o primeiro motivo: ainda n\u00e3o terminou o Tempo Pascal.\" \/>\n<meta property=\"og:url\" content=\"https:\/\/diretodasacristia.com\/home\/blog\/votos-pascais\/\" \/>\n<meta property=\"og:site_name\" content=\"Direto da Sacristia\" \/>\n<meta property=\"article:publisher\" content=\"https:\/\/www.facebook.com\/DiretoSacristia\" \/>\n<meta property=\"article:published_time\" content=\"2012-04-30T01:00:04+00:00\" \/>\n<meta property=\"article:modified_time\" content=\"2012-05-25T02:02:42+00:00\" \/>\n<meta property=\"og:image\" content=\"https:\/\/diretodasacristia.com\/home\/wp-content\/uploads\/2012\/04\/Bento-XVI-Ressurrexit.jpg\" \/>\n\t<meta property=\"og:image:width\" content=\"1\" \/>\n\t<meta property=\"og:image:height\" content=\"1\" \/>\n\t<meta property=\"og:image:type\" content=\"image\/jpeg\" \/>\n<meta name=\"author\" content=\"E. Mar\u00e7al\" \/>\n<meta name=\"twitter:card\" content=\"summary_large_image\" \/>\n<meta name=\"twitter:creator\" content=\"@diretosacristia\" \/>\n<meta name=\"twitter:site\" content=\"@diretosacristia\" \/>\n<meta name=\"twitter:label1\" content=\"Escrito por\" \/>\n\t<meta name=\"twitter:data1\" content=\"E. Mar\u00e7al\" \/>\n\t<meta name=\"twitter:label2\" content=\"Est. tempo de leitura\" \/>\n\t<meta name=\"twitter:data2\" content=\"6 minutos\" \/>\n<script type=\"application\/ld+json\" class=\"yoast-schema-graph\">{\"@context\":\"https:\\\/\\\/schema.org\",\"@graph\":[{\"@type\":\"Article\",\"@id\":\"https:\\\/\\\/diretodasacristia.com\\\/home\\\/blog\\\/votos-pascais\\\/#article\",\"isPartOf\":{\"@id\":\"https:\\\/\\\/diretodasacristia.com\\\/home\\\/blog\\\/votos-pascais\\\/\"},\"author\":{\"name\":\"E. Mar\u00e7al\",\"@id\":\"https:\\\/\\\/diretodasacristia.com\\\/home\\\/#\\\/schema\\\/person\\\/3d453ef1f7d57c0bb0990b8070642721\"},\"headline\":\"Votos pascais\",\"datePublished\":\"2012-04-30T01:00:04+00:00\",\"dateModified\":\"2012-05-25T02:02:42+00:00\",\"mainEntityOfPage\":{\"@id\":\"https:\\\/\\\/diretodasacristia.com\\\/home\\\/blog\\\/votos-pascais\\\/\"},\"wordCount\":1245,\"commentCount\":0,\"publisher\":{\"@id\":\"https:\\\/\\\/diretodasacristia.com\\\/home\\\/#organization\"},\"image\":{\"@id\":\"https:\\\/\\\/diretodasacristia.com\\\/home\\\/blog\\\/votos-pascais\\\/#primaryimage\"},\"thumbnailUrl\":\"https:\\\/\\\/diretodasacristia.com\\\/home\\\/wp-content\\\/uploads\\\/2012\\\/04\\\/Bento-XVI-Ressurrexit.jpg\",\"keywords\":[\"Anenc\u00e9falos\",\"Arcebispo de Olinda e Recife\",\"Arquidiocese de Olinda e Recife\",\"Bento XVI\",\"Crucifixos\",\"Direto da Sacristia\",\"Dom Fernando Saburido\",\"Erick Mar\u00e7al\",\"P\u00e1scoa\",\"Regina Caeli\",\"Semin\u00e1rio de Olinda\",\"Supremo Tribunal Federal\"],\"articleSection\":[\"Blog\",\"Brasil\",\"Destaque\",\"Hierarquia\"],\"inLanguage\":\"pt-BR\",\"potentialAction\":[{\"@type\":\"CommentAction\",\"name\":\"Comment\",\"target\":[\"https:\\\/\\\/diretodasacristia.com\\\/home\\\/blog\\\/votos-pascais\\\/#respond\"]}]},{\"@type\":\"WebPage\",\"@id\":\"https:\\\/\\\/diretodasacristia.com\\\/home\\\/blog\\\/votos-pascais\\\/\",\"url\":\"https:\\\/\\\/diretodasacristia.com\\\/home\\\/blog\\\/votos-pascais\\\/\",\"name\":\"Votos pascais - Direto da Sacristia\",\"isPartOf\":{\"@id\":\"https:\\\/\\\/diretodasacristia.com\\\/home\\\/#website\"},\"primaryImageOfPage\":{\"@id\":\"https:\\\/\\\/diretodasacristia.com\\\/home\\\/blog\\\/votos-pascais\\\/#primaryimage\"},\"image\":{\"@id\":\"https:\\\/\\\/diretodasacristia.com\\\/home\\\/blog\\\/votos-pascais\\\/#primaryimage\"},\"thumbnailUrl\":\"https:\\\/\\\/diretodasacristia.com\\\/home\\\/wp-content\\\/uploads\\\/2012\\\/04\\\/Bento-XVI-Ressurrexit.jpg\",\"datePublished\":\"2012-04-30T01:00:04+00:00\",\"dateModified\":\"2012-05-25T02:02:42+00:00\",\"breadcrumb\":{\"@id\":\"https:\\\/\\\/diretodasacristia.com\\\/home\\\/blog\\\/votos-pascais\\\/#breadcrumb\"},\"inLanguage\":\"pt-BR\",\"potentialAction\":[{\"@type\":\"ReadAction\",\"target\":[\"https:\\\/\\\/diretodasacristia.com\\\/home\\\/blog\\\/votos-pascais\\\/\"]}]},{\"@type\":\"ImageObject\",\"inLanguage\":\"pt-BR\",\"@id\":\"https:\\\/\\\/diretodasacristia.com\\\/home\\\/blog\\\/votos-pascais\\\/#primaryimage\",\"url\":\"https:\\\/\\\/diretodasacristia.com\\\/home\\\/wp-content\\\/uploads\\\/2012\\\/04\\\/Bento-XVI-Ressurrexit.jpg\",\"contentUrl\":\"https:\\\/\\\/diretodasacristia.com\\\/home\\\/wp-content\\\/uploads\\\/2012\\\/04\\\/Bento-XVI-Ressurrexit.jpg\"},{\"@type\":\"BreadcrumbList\",\"@id\":\"https:\\\/\\\/diretodasacristia.com\\\/home\\\/blog\\\/votos-pascais\\\/#breadcrumb\",\"itemListElement\":[{\"@type\":\"ListItem\",\"position\":1,\"name\":\"In\u00edcio\",\"item\":\"https:\\\/\\\/diretodasacristia.com\\\/home\\\/\"},{\"@type\":\"ListItem\",\"position\":2,\"name\":\"Votos pascais\"}]},{\"@type\":\"WebSite\",\"@id\":\"https:\\\/\\\/diretodasacristia.com\\\/home\\\/#website\",\"url\":\"https:\\\/\\\/diretodasacristia.com\\\/home\\\/\",\"name\":\"Direto da Sacristia\",\"description\":\"Not\u00edcias e artigos sobre a f\u00e9 cat\u00f3lica\",\"publisher\":{\"@id\":\"https:\\\/\\\/diretodasacristia.com\\\/home\\\/#organization\"},\"potentialAction\":[{\"@type\":\"SearchAction\",\"target\":{\"@type\":\"EntryPoint\",\"urlTemplate\":\"https:\\\/\\\/diretodasacristia.com\\\/home\\\/?s={search_term_string}\"},\"query-input\":{\"@type\":\"PropertyValueSpecification\",\"valueRequired\":true,\"valueName\":\"search_term_string\"}}],\"inLanguage\":\"pt-BR\"},{\"@type\":\"Organization\",\"@id\":\"https:\\\/\\\/diretodasacristia.com\\\/home\\\/#organization\",\"name\":\"Direto da Sacristia\",\"url\":\"https:\\\/\\\/diretodasacristia.com\\\/home\\\/\",\"logo\":{\"@type\":\"ImageObject\",\"inLanguage\":\"pt-BR\",\"@id\":\"https:\\\/\\\/diretodasacristia.com\\\/home\\\/#\\\/schema\\\/logo\\\/image\\\/\",\"url\":\"https:\\\/\\\/i0.wp.com\\\/diretodasacristia.com\\\/home\\\/wp-content\\\/uploads\\\/2012\\\/01\\\/marca-sacristia.png?fit=320%2C306&ssl=1\",\"contentUrl\":\"https:\\\/\\\/i0.wp.com\\\/diretodasacristia.com\\\/home\\\/wp-content\\\/uploads\\\/2012\\\/01\\\/marca-sacristia.png?fit=320%2C306&ssl=1\",\"width\":\"320\",\"height\":\"306\",\"caption\":\"Direto da Sacristia\"},\"image\":{\"@id\":\"https:\\\/\\\/diretodasacristia.com\\\/home\\\/#\\\/schema\\\/logo\\\/image\\\/\"},\"sameAs\":[\"https:\\\/\\\/www.facebook.com\\\/DiretoSacristia\",\"https:\\\/\\\/x.com\\\/diretosacristia\",\"https:\\\/\\\/www.instagram.com\\\/diretodasacristia\\\/\",\"https:\\\/\\\/www.youtube.com\\\/diretodasacristia\"]},{\"@type\":\"Person\",\"@id\":\"https:\\\/\\\/diretodasacristia.com\\\/home\\\/#\\\/schema\\\/person\\\/3d453ef1f7d57c0bb0990b8070642721\",\"name\":\"E. Mar\u00e7al\",\"image\":{\"@type\":\"ImageObject\",\"inLanguage\":\"pt-BR\",\"@id\":\"https:\\\/\\\/secure.gravatar.com\\\/avatar\\\/348ff80a5ddde3de6c8b6e0c5b066b733f9245285d9ab87cd2e2ff652ffa95b0?s=96&d=mm&r=g\",\"url\":\"https:\\\/\\\/secure.gravatar.com\\\/avatar\\\/348ff80a5ddde3de6c8b6e0c5b066b733f9245285d9ab87cd2e2ff652ffa95b0?s=96&d=mm&r=g\",\"contentUrl\":\"https:\\\/\\\/secure.gravatar.com\\\/avatar\\\/348ff80a5ddde3de6c8b6e0c5b066b733f9245285d9ab87cd2e2ff652ffa95b0?s=96&d=mm&r=g\",\"caption\":\"E. Mar\u00e7al\"},\"url\":\"https:\\\/\\\/diretodasacristia.com\\\/home\\\/author\\\/erick\\\/\"}]}<\/script>\n<!-- \/ Yoast SEO plugin. -->","yoast_head_json":{"title":"Votos pascais - Direto da Sacristia","robots":{"index":"index","follow":"follow","max-snippet":"max-snippet:-1","max-image-preview":"max-image-preview:large","max-video-preview":"max-video-preview:-1"},"canonical":"https:\/\/diretodasacristia.com\/home\/blog\/votos-pascais\/","og_locale":"pt_BR","og_type":"article","og_title":"Votos pascais - Direto da Sacristia","og_description":"Com palavras do Arcebispo Fernando Saburido. Ao menos para n\u00f3s crist\u00e3os ainda \u00e9 P\u00e1scoa. E por isso que n\u00e3o me lamento tanto pelo consider\u00e1vel atraso com que publico agora as felicita\u00e7\u00f5es pascais do \"Direto da Sacristia\". Esse \u00e9 o primeiro motivo: ainda n\u00e3o terminou o Tempo Pascal.","og_url":"https:\/\/diretodasacristia.com\/home\/blog\/votos-pascais\/","og_site_name":"Direto da Sacristia","article_publisher":"https:\/\/www.facebook.com\/DiretoSacristia","article_published_time":"2012-04-30T01:00:04+00:00","article_modified_time":"2012-05-25T02:02:42+00:00","og_image":[{"url":"https:\/\/diretodasacristia.com\/home\/wp-content\/uploads\/2012\/04\/Bento-XVI-Ressurrexit.jpg","width":1,"height":1,"type":"image\/jpeg"}],"author":"E. Mar\u00e7al","twitter_card":"summary_large_image","twitter_creator":"@diretosacristia","twitter_site":"@diretosacristia","twitter_misc":{"Escrito por":"E. Mar\u00e7al","Est. tempo de leitura":"6 minutos"},"schema":{"@context":"https:\/\/schema.org","@graph":[{"@type":"Article","@id":"https:\/\/diretodasacristia.com\/home\/blog\/votos-pascais\/#article","isPartOf":{"@id":"https:\/\/diretodasacristia.com\/home\/blog\/votos-pascais\/"},"author":{"name":"E. Mar\u00e7al","@id":"https:\/\/diretodasacristia.com\/home\/#\/schema\/person\/3d453ef1f7d57c0bb0990b8070642721"},"headline":"Votos pascais","datePublished":"2012-04-30T01:00:04+00:00","dateModified":"2012-05-25T02:02:42+00:00","mainEntityOfPage":{"@id":"https:\/\/diretodasacristia.com\/home\/blog\/votos-pascais\/"},"wordCount":1245,"commentCount":0,"publisher":{"@id":"https:\/\/diretodasacristia.com\/home\/#organization"},"image":{"@id":"https:\/\/diretodasacristia.com\/home\/blog\/votos-pascais\/#primaryimage"},"thumbnailUrl":"https:\/\/diretodasacristia.com\/home\/wp-content\/uploads\/2012\/04\/Bento-XVI-Ressurrexit.jpg","keywords":["Anenc\u00e9falos","Arcebispo de Olinda e Recife","Arquidiocese de Olinda e Recife","Bento XVI","Crucifixos","Direto da Sacristia","Dom Fernando Saburido","Erick Mar\u00e7al","P\u00e1scoa","Regina Caeli","Semin\u00e1rio de Olinda","Supremo Tribunal Federal"],"articleSection":["Blog","Brasil","Destaque","Hierarquia"],"inLanguage":"pt-BR","potentialAction":[{"@type":"CommentAction","name":"Comment","target":["https:\/\/diretodasacristia.com\/home\/blog\/votos-pascais\/#respond"]}]},{"@type":"WebPage","@id":"https:\/\/diretodasacristia.com\/home\/blog\/votos-pascais\/","url":"https:\/\/diretodasacristia.com\/home\/blog\/votos-pascais\/","name":"Votos pascais - Direto da Sacristia","isPartOf":{"@id":"https:\/\/diretodasacristia.com\/home\/#website"},"primaryImageOfPage":{"@id":"https:\/\/diretodasacristia.com\/home\/blog\/votos-pascais\/#primaryimage"},"image":{"@id":"https:\/\/diretodasacristia.com\/home\/blog\/votos-pascais\/#primaryimage"},"thumbnailUrl":"https:\/\/diretodasacristia.com\/home\/wp-content\/uploads\/2012\/04\/Bento-XVI-Ressurrexit.jpg","datePublished":"2012-04-30T01:00:04+00:00","dateModified":"2012-05-25T02:02:42+00:00","breadcrumb":{"@id":"https:\/\/diretodasacristia.com\/home\/blog\/votos-pascais\/#breadcrumb"},"inLanguage":"pt-BR","potentialAction":[{"@type":"ReadAction","target":["https:\/\/diretodasacristia.com\/home\/blog\/votos-pascais\/"]}]},{"@type":"ImageObject","inLanguage":"pt-BR","@id":"https:\/\/diretodasacristia.com\/home\/blog\/votos-pascais\/#primaryimage","url":"https:\/\/diretodasacristia.com\/home\/wp-content\/uploads\/2012\/04\/Bento-XVI-Ressurrexit.jpg","contentUrl":"https:\/\/diretodasacristia.com\/home\/wp-content\/uploads\/2012\/04\/Bento-XVI-Ressurrexit.jpg"},{"@type":"BreadcrumbList","@id":"https:\/\/diretodasacristia.com\/home\/blog\/votos-pascais\/#breadcrumb","itemListElement":[{"@type":"ListItem","position":1,"name":"In\u00edcio","item":"https:\/\/diretodasacristia.com\/home\/"},{"@type":"ListItem","position":2,"name":"Votos pascais"}]},{"@type":"WebSite","@id":"https:\/\/diretodasacristia.com\/home\/#website","url":"https:\/\/diretodasacristia.com\/home\/","name":"Direto da Sacristia","description":"Not\u00edcias e artigos sobre a f\u00e9 cat\u00f3lica","publisher":{"@id":"https:\/\/diretodasacristia.com\/home\/#organization"},"potentialAction":[{"@type":"SearchAction","target":{"@type":"EntryPoint","urlTemplate":"https:\/\/diretodasacristia.com\/home\/?s={search_term_string}"},"query-input":{"@type":"PropertyValueSpecification","valueRequired":true,"valueName":"search_term_string"}}],"inLanguage":"pt-BR"},{"@type":"Organization","@id":"https:\/\/diretodasacristia.com\/home\/#organization","name":"Direto da Sacristia","url":"https:\/\/diretodasacristia.com\/home\/","logo":{"@type":"ImageObject","inLanguage":"pt-BR","@id":"https:\/\/diretodasacristia.com\/home\/#\/schema\/logo\/image\/","url":"https:\/\/i0.wp.com\/diretodasacristia.com\/home\/wp-content\/uploads\/2012\/01\/marca-sacristia.png?fit=320%2C306&ssl=1","contentUrl":"https:\/\/i0.wp.com\/diretodasacristia.com\/home\/wp-content\/uploads\/2012\/01\/marca-sacristia.png?fit=320%2C306&ssl=1","width":"320","height":"306","caption":"Direto da Sacristia"},"image":{"@id":"https:\/\/diretodasacristia.com\/home\/#\/schema\/logo\/image\/"},"sameAs":["https:\/\/www.facebook.com\/DiretoSacristia","https:\/\/x.com\/diretosacristia","https:\/\/www.instagram.com\/diretodasacristia\/","https:\/\/www.youtube.com\/diretodasacristia"]},{"@type":"Person","@id":"https:\/\/diretodasacristia.com\/home\/#\/schema\/person\/3d453ef1f7d57c0bb0990b8070642721","name":"E. Mar\u00e7al","image":{"@type":"ImageObject","inLanguage":"pt-BR","@id":"https:\/\/secure.gravatar.com\/avatar\/348ff80a5ddde3de6c8b6e0c5b066b733f9245285d9ab87cd2e2ff652ffa95b0?s=96&d=mm&r=g","url":"https:\/\/secure.gravatar.com\/avatar\/348ff80a5ddde3de6c8b6e0c5b066b733f9245285d9ab87cd2e2ff652ffa95b0?s=96&d=mm&r=g","contentUrl":"https:\/\/secure.gravatar.com\/avatar\/348ff80a5ddde3de6c8b6e0c5b066b733f9245285d9ab87cd2e2ff652ffa95b0?s=96&d=mm&r=g","caption":"E. Mar\u00e7al"},"url":"https:\/\/diretodasacristia.com\/home\/author\/erick\/"}]}},"jetpack_publicize_connections":[],"jetpack_featured_media_url":"https:\/\/diretodasacristia.com\/home\/wp-content\/uploads\/2012\/04\/Bento-XVI-Ressurrexit.jpg","jetpack_sharing_enabled":true,"jetpack_shortlink":"https:\/\/wp.me\/p24aG7-Cx","jetpack-related-posts":[{"id":2595,"url":"https:\/\/diretodasacristia.com\/home\/sem-categoria\/jubileu-de-sagracao-episcopal-do-arcebispo-de-olinda-e-recife-2\/","url_meta":{"origin":2389,"position":0},"title":"Jubileu de sagra\u00e7\u00e3o episcopal do Arcebispo de Olinda e Recife","author":"E. Mar\u00e7al","date":"12 de agosto de 2010","format":false,"excerpt":"Dom Fernando Saburido celebrar\u00e1 Jubileu episcopalS.E.R Dom Fernando Saburido com o Papa Bento XVIVisita Ad limina Apostolorum 2010No pr\u00f3ximo dia 20 de agosto, S.E.R Dom Ant\u00f4nio Fernando Saburido, Arcebispo Metropolitano de Olinda e Recife, presidir\u00e1 Missa Solene no Santu\u00e1rio do Sagrado Cora\u00e7\u00e3o de Jesus, na cidade do Recife em comemora\u00e7\u00e3o\u2026","rel":"","context":"Em &quot;Sem categoria&quot;","block_context":{"text":"Sem categoria","link":"https:\/\/diretodasacristia.com\/home\/c\/sem-categoria\/"},"img":{"alt_text":"","src":"","width":0,"height":0},"classes":[]},{"id":2597,"url":"https:\/\/diretodasacristia.com\/home\/brasil\/e-quanto-a-ser-seminarista-diocesano\/","url_meta":{"origin":2389,"position":1},"title":"E quanto a ser seminarista diocesano&#8230;","author":"E. Mar\u00e7al","date":"11 de agosto de 2010","format":false,"excerpt":"Tenho dito isso at\u00e9 aqui, para dar in\u00edcio a artigos sobre o famoso Semin\u00e1rio de Olinda, ou Semin\u00e1rio Arquiepiscopal da Cidade de Olinda, como j\u00e1 foi tratado. Nos dados artigos, ser\u00e3o apresentados os motivos e a data de sua funda\u00e7\u00e3o, os movimentos revolucion\u00e1rios que aqui tiveram sede, assim como os\u2026","rel":"","context":"Em &quot;Brasil&quot;","block_context":{"text":"Brasil","link":"https:\/\/diretodasacristia.com\/home\/c\/brasil\/"},"img":{"alt_text":"","src":"","width":0,"height":0},"classes":[]},{"id":3240,"url":"https:\/\/diretodasacristia.com\/home\/brasil\/transmissao-ao-vivo-da-dedicacao-do-carmo-de-olinda\/","url_meta":{"origin":2389,"position":2},"title":"A dedica\u00e7\u00e3o do Carmo de Olinda","author":"E. Mar\u00e7al","date":"4 de agosto de 2012","format":false,"excerpt":"Em car\u00e1ter experimental e amador, este Blog transmitir\u00e1 a Santa Missa com o rito de dedica\u00e7\u00e3o da igreja e consagra\u00e7\u00e3o do altar a partir das 7h45, que ser\u00e1 operada pelo aplicativo Livestream. Os leitores tamb\u00e9m podem participar do convite da transmiss\u00e3o feito no Facebook.","rel":"","context":"Em &quot;Brasil&quot;","block_context":{"text":"Brasil","link":"https:\/\/diretodasacristia.com\/home\/c\/brasil\/"},"img":{"alt_text":"","src":"https:\/\/i0.wp.com\/diretodasacristia.com\/home\/wp-content\/uploads\/2012\/08\/Bento-XVI-deita-%C3%B3leo-Crisma-dedica%C3%A7%C3%A3o-altar.jpg?resize=350%2C200","width":350,"height":200,"srcset":"https:\/\/i0.wp.com\/diretodasacristia.com\/home\/wp-content\/uploads\/2012\/08\/Bento-XVI-deita-%C3%B3leo-Crisma-dedica%C3%A7%C3%A3o-altar.jpg?resize=350%2C200 1x, https:\/\/i0.wp.com\/diretodasacristia.com\/home\/wp-content\/uploads\/2012\/08\/Bento-XVI-deita-%C3%B3leo-Crisma-dedica%C3%A7%C3%A3o-altar.jpg?resize=525%2C300 1.5x"},"classes":[]},{"id":2487,"url":"https:\/\/diretodasacristia.com\/home\/sem-categoria\/centenario-da-arquidiocese-de-olinda-e-recife-2\/","url_meta":{"origin":2389,"position":3},"title":"Centen\u00e1rio da Arquidiocese de Olinda e Recife","author":"E. Mar\u00e7al","date":"27 de novembro de 2010","format":false,"excerpt":"Santa Missa em mem\u00f3ria do \u00e1ureo jubileuocorrer\u00e1 no pr\u00f3ximo dia 05 dezembroHoje, o Arcebispo de Olinda e Recife, S.E.R. Dom Ant\u00f4nio Fernando Saburido, presidir\u00e1 em sua Santa Igreja Catedral a Santa Missa de in\u00edcio das solenidades em comemora\u00e7\u00e3o ao centen\u00e1rio da referida Arquidiocese. Na pr\u00f3xima segunda-feira, dia 27, ser\u00e1 inaugurada\u2026","rel":"","context":"Em &quot;Sem categoria&quot;","block_context":{"text":"Sem categoria","link":"https:\/\/diretodasacristia.com\/home\/c\/sem-categoria\/"},"img":{"alt_text":"","src":"","width":0,"height":0},"classes":[]},{"id":3811,"url":"https:\/\/diretodasacristia.com\/home\/brasil\/novo-abade-do-rio-de-janeiro\/","url_meta":{"origin":2389,"position":4},"title":"Novo Abade do Rio de Janeiro","author":"E. Mar\u00e7al","date":"8 de novembro de 2012","format":false,"excerpt":"Foi aceita a elei\u00e7\u00e3o abacial e a consequente transfer\u00eancia do Rev.do Dom Filipe da Silva, OSB, 50 anos, do Mosteiro de S\u00e3o Bento de Olinda para a Abadia Nossa Senhora do Monserrate do Rio de Janeiro.","rel":"","context":"Em &quot;Brasil&quot;","block_context":{"text":"Brasil","link":"https:\/\/diretodasacristia.com\/home\/c\/brasil\/"},"img":{"alt_text":"","src":"https:\/\/i0.wp.com\/diretodasacristia.com\/home\/wp-content\/uploads\/2012\/11\/Dom-Filipe-Silva-Abade.jpg?resize=350%2C200","width":350,"height":200},"classes":[]},{"id":2590,"url":"https:\/\/diretodasacristia.com\/home\/brasil\/aniversario-do-governo-do-arcebispo-de-olinda-e-recife-2\/","url_meta":{"origin":2389,"position":5},"title":"Anivers\u00e1rio do governo do Arcebispo de Olinda e Recife","author":"E. Mar\u00e7al","date":"16 de agosto de 2010","format":false,"excerpt":"Um ano da posse can\u00f4nica do Arcebispo de Olinda e Recife Posse can\u00f4nica do Arcebispo de Olinda e Recife Igreja da Madre de Deus, Recife 16 agosto 2009 H\u00e1 exatamente um ano, foi conferida \u00e0 S.E.R. Dom Ant\u00f4nio Fernando Saburido, OSB, a posse can\u00f4nica do governo da Arquidiocese de Olinda\u2026","rel":"","context":"Em &quot;Brasil&quot;","block_context":{"text":"Brasil","link":"https:\/\/diretodasacristia.com\/home\/c\/brasil\/"},"img":{"alt_text":"","src":"","width":0,"height":0},"classes":[]}],"post_mailing_queue_ids":[],"_links":{"self":[{"href":"https:\/\/diretodasacristia.com\/home\/wp-json\/wp\/v2\/posts\/2389","targetHints":{"allow":["GET"]}}],"collection":[{"href":"https:\/\/diretodasacristia.com\/home\/wp-json\/wp\/v2\/posts"}],"about":[{"href":"https:\/\/diretodasacristia.com\/home\/wp-json\/wp\/v2\/types\/post"}],"author":[{"embeddable":true,"href":"https:\/\/diretodasacristia.com\/home\/wp-json\/wp\/v2\/users\/3"}],"replies":[{"embeddable":true,"href":"https:\/\/diretodasacristia.com\/home\/wp-json\/wp\/v2\/comments?post=2389"}],"version-history":[{"count":9,"href":"https:\/\/diretodasacristia.com\/home\/wp-json\/wp\/v2\/posts\/2389\/revisions"}],"predecessor-version":[{"id":2416,"href":"https:\/\/diretodasacristia.com\/home\/wp-json\/wp\/v2\/posts\/2389\/revisions\/2416"}],"wp:featuredmedia":[{"embeddable":true,"href":"https:\/\/diretodasacristia.com\/home\/wp-json\/wp\/v2\/media\/2418"}],"wp:attachment":[{"href":"https:\/\/diretodasacristia.com\/home\/wp-json\/wp\/v2\/media?parent=2389"}],"wp:term":[{"taxonomy":"category","embeddable":true,"href":"https:\/\/diretodasacristia.com\/home\/wp-json\/wp\/v2\/categories?post=2389"},{"taxonomy":"post_tag","embeddable":true,"href":"https:\/\/diretodasacristia.com\/home\/wp-json\/wp\/v2\/tags?post=2389"}],"curies":[{"name":"wp","href":"https:\/\/api.w.org\/{rel}","templated":true}]}}