{"id":2425,"date":"2011-09-17T13:41:00","date_gmt":"2011-09-17T13:41:00","guid":{"rendered":"http:\/\/diretodasacristia.com\/home\/sem-categoria\/proximas-datas-no-episcopado-2\/"},"modified":"2011-09-17T13:41:00","modified_gmt":"2011-09-17T13:41:00","slug":"proximas-datas-no-episcopado-2","status":"publish","type":"post","link":"https:\/\/diretodasacristia.com\/home\/sem-categoria\/proximas-datas-no-episcopado-2\/","title":{"rendered":"Pr\u00f3ximas datas no episcopado"},"content":{"rendered":"<p><span class=\"Apple-style-span\" style=\"font-family: Verdana, sans-serif;\"><br \/><\/span><br \/><span class=\"Apple-style-span\" style=\"font-family: Verdana, sans-serif;\">Algumas sagra\u00e7\u00f5es episcopais, ren\u00fancias e in\u00edcio de of\u00edcio na C\u00faria Romana e posses can\u00f4nicas<\/span><br \/><span class=\"Apple-style-span\" style=\"font-family: Verdana, sans-serif;\"><br \/><\/span><br \/><span class=\"Apple-style-span\" style=\"font-family: Verdana, sans-serif;\"><br \/><\/span><\/p>\n<div style=\"text-align: center;\"><span class=\"Apple-style-span\" style=\"font-family: Verdana, sans-serif;\"><b>Sagra\u00e7\u00e3o episcopal<\/b><\/span><\/div>\n<div style=\"text-align: center;\"><span class=\"Apple-style-span\" style=\"font-family: Verdana, sans-serif;\"><b>Arquidiocese de Urbino, It\u00e1lia<\/b><\/span><\/div>\n<div style=\"text-align: center;\"><span class=\"Apple-style-span\" style=\"font-family: Verdana, sans-serif;\"><b>17 setembro<\/b><\/span><\/div>\n<div style=\"text-align: center;\"><span class=\"Apple-style-span\" style=\"font-family: Verdana, sans-serif;\"><i>Hoje<\/i><\/span><\/div>\n<p><span class=\"Apple-style-span\" style=\"font-family: Verdana, sans-serif;\"><br \/><\/span><br \/><span class=\"Apple-style-span\" style=\"font-family: Verdana, sans-serif;\"><br \/><\/span><\/p>\n<div style=\"text-align: justify;\"><span class=\"Apple-style-span\" style=\"font-family: Verdana, sans-serif;\">Do <b>Mons. Giovanni Tani<\/b>, de 64 anos, at\u00e9 24 junho passado Reitor do Pontif\u00edcio Semin\u00e1rio Romano, eleito Arcebispo de <i>Urbino-Urbania-Sant\u00b4Angelo in Vado<\/i>.<\/span><\/div>\n<div style=\"text-align: justify;\"><span class=\"Apple-style-span\" style=\"font-family: Verdana, sans-serif;\"><br \/><\/span><\/div>\n<div style=\"text-align: justify;\"><span class=\"Apple-style-span\" style=\"font-family: Verdana, sans-serif;\">\u00c9 sagrante principal o Em.mo Vig\u00e1rio de Sua Santidade para a Cidade de Roma, o Cardeal Agostino Vallini. S\u00e3o co-sagrantes primeiros S.E.R Mons. Francesco Lambiasi, Bispo de Rimini (para a qual foi ordenado presb\u00edtero o Bispo eleito) e S.E.R. Mons Francesco Marinelli, Arcebispo em\u00e9rito de <i>Urbino-Urbania-Sant\u00b4Angelo in Vado<\/i>.<\/span><\/div>\n<div style=\"text-align: justify;\"><span class=\"Apple-style-span\" style=\"font-family: Verdana, sans-serif;\"><br \/><\/span><\/div>\n<div style=\"text-align: justify;\"><span class=\"Apple-style-span\" style=\"font-family: Verdana, sans-serif;\">A cerim\u00f4nia ser\u00e1 iniciada \u00e0s 16h locais, na Santa Igreja Catedral de Santa Maria Assunta, em Urbino, ao mesmo tempo em que ocorrer\u00e1 a posse can\u00f4nica da Arquidiocese logo que o Mons. Tani for sagrado.<\/span><\/div>\n<div style=\"text-align: justify;\"><span class=\"Apple-style-span\" style=\"font-family: Verdana, sans-serif;\"><br \/><\/span><\/div>\n<div style=\"text-align: center;\"><span class=\"Apple-style-span\" style=\"font-family: Verdana, sans-serif;\">*<\/span><\/div>\n<div style=\"text-align: justify;\"><span class=\"Apple-style-span\" style=\"font-family: Verdana, sans-serif;\"><br \/><\/span><\/div>\n<div style=\"text-align: center;\"><span class=\"Apple-style-span\" style=\"font-family: Verdana, sans-serif;\"><b>24 setembro<\/b><\/span><\/div>\n<div style=\"text-align: justify;\"><span class=\"Apple-style-span\" style=\"font-family: Verdana, sans-serif;\"><br \/><\/span><\/div>\n<div style=\"text-align: justify;\"><span class=\"Apple-style-span\" style=\"font-family: Verdana, sans-serif;\"><br \/><\/span><\/div>\n<div style=\"text-align: justify;\"><span class=\"Apple-style-span\" style=\"font-family: Verdana, sans-serif;\">Do Mons. <b>Gilson Andrade da Silva<\/b>, de 45 anos, do clero da diocese de Petr\u00f3polis, at\u00e9 o dia 27 junho Reitor do Semin\u00e1rio da mesma Diocese, eleito Bispo titular de Noba e Auxiliar do Arcebispado de S\u00e3o Salvador da Bahia.<\/span><\/div>\n<div style=\"text-align: justify;\"><span class=\"Apple-style-span\" style=\"font-family: Verdana, sans-serif;\"><br \/><\/span><\/div>\n<div style=\"text-align: justify;\"><span class=\"Apple-style-span\" style=\"font-family: Verdana, sans-serif;\">\u00c9 sagrante principal S.E.R. Dom Filippo Santoro, Bispo de Petr\u00f3polis. S\u00e3o co-sagrantes S.E.R. Dom Murilo Krieger, Arcebispo de S\u00e3o Salvador da Bahia, e S.E.R. Dom Alano Pena, Arcebispo de Niter\u00f3i.<\/span><\/div>\n<div style=\"text-align: justify;\"><span class=\"Apple-style-span\" style=\"font-family: Verdana, sans-serif;\"><br \/><\/span><\/div>\n<div style=\"text-align: justify;\"><span class=\"Apple-style-span\" style=\"font-family: Verdana, sans-serif;\">A cerim\u00f4nia ser\u00e1 iniciada \u00e0s 10h, na Santa Igreja Catedral S\u00e3o Pedro de Alc\u00e2ntara, em Petr\u00f3polis.<\/span><\/div>\n<div style=\"text-align: justify;\"><span class=\"Apple-style-span\" style=\"font-family: Verdana, sans-serif;\"><br \/><\/span><\/div>\n<div style=\"text-align: center;\"><span class=\"Apple-style-span\" style=\"font-family: Verdana, sans-serif;\">*<\/span><\/div>\n<div style=\"text-align: justify;\"><span class=\"Apple-style-span\" style=\"font-family: Verdana, sans-serif;\"><br \/><\/span><\/div>\n<div style=\"text-align: center;\"><span class=\"Apple-style-span\" style=\"font-family: Verdana, sans-serif;\"><b>Ingresso solene na diocese<\/b><\/span><\/div>\n<div style=\"text-align: center;\"><span class=\"Apple-style-span\" style=\"font-family: Verdana, sans-serif;\"><b>Arquidiocese de Mil\u00e3o, It\u00e1lia<\/b><\/span><\/div>\n<div style=\"text-align: center;\"><span class=\"Apple-style-span\" style=\"font-family: Verdana, sans-serif;\"><b>25 setembro<\/b><\/span><\/div>\n<div style=\"text-align: justify;\"><span class=\"Apple-style-span\" style=\"font-family: Verdana, sans-serif;\"><br \/><\/span><\/div>\n<div style=\"text-align: justify;\"><span class=\"Apple-style-span\" style=\"font-family: Verdana, sans-serif;\"><br \/><\/span><\/div>\n<div style=\"text-align: justify;\"><span class=\"Apple-style-span\" style=\"font-family: Verdana, sans-serif;\">De Sua Emin\u00eancia o <b>Cardeal Angelo Scola<\/b>, de 69 anos, do t\u00edtulo presbiteral dos Santos Doze Ap\u00f3stolos, como Arcebispo de Mil\u00e3o na Santa Igreja Catedral.<\/span><\/div>\n<div style=\"text-align: justify;\"><span class=\"Apple-style-span\" style=\"font-family: Verdana, sans-serif;\"><br \/><\/span><\/div>\n<div style=\"text-align: justify;\"><span class=\"Apple-style-span\" style=\"font-family: Verdana, sans-serif;\">Embora prevista nas leis can\u00f4nicas, pouco \u00e9 oficiada a posse can\u00f4nica de um cargo eclesi\u00e1stico por meio de um procurador. Quis o novo Arcebispo de Mil\u00e3o tomar posse de sua Catedral no dia 09 passado por meio de seu procurador S.E.R. Mons. Carlo Roberto Maria Radaelli, Bispo titular de Lambesi, Auxiliar da mesma Arquidiocese.<\/span><\/div>\n<div style=\"text-align: justify;\"><span class=\"Apple-style-span\" style=\"font-family: Verdana, sans-serif;\"><br \/><\/span><\/div>\n<div style=\"text-align: justify;\"><span class=\"Apple-style-span\" style=\"font-family: Verdana, sans-serif;\">Dois sacerdotes do clero de Veneza (da qual era Scola anteriormente Patriarca), Mons. Meneguolo e Mons. Perini, leram a carta em que foi nomeado o Ex.mo Mons. Radaelli procurador do Cardeal Scola para antecipar-lhe a sua posse can\u00f4nica. Depois o chanceler do Arcebispado, Mons. Mosconi, leu a bula de nomea\u00e7\u00e3o do novo Arcebispo. Posteriormente, em nome do Arcebispo eleito, o Procurador sentou-se na c\u00e1tedra episcopal ambrosiana, enquanto a assembleia vibrava de alegria e dobravam os sinos do <i>Duomo<\/i> de Mil\u00e3o.<\/span><\/div>\n<div style=\"text-align: justify;\"><span class=\"Apple-style-span\" style=\"font-family: Verdana, sans-serif;\"><br \/><\/span><\/div>\n<div style=\"text-align: center;\"><span class=\"Apple-style-span\" style=\"font-family: Verdana, sans-serif;\">*<\/span><\/div>\n<div style=\"text-align: justify;\"><span class=\"Apple-style-span\" style=\"font-family: Verdana, sans-serif;\"><br \/><\/span><\/div>\n<div style=\"text-align: center;\"><span class=\"Apple-style-span\" style=\"font-family: Verdana, sans-serif;\"><b>Posse can\u00f4nica<\/b><\/span><\/div>\n<div style=\"text-align: center;\"><span class=\"Apple-style-span\" style=\"font-family: Verdana, sans-serif;\"><b>Prelazia de Coari, Brasil<\/b><\/span><\/div>\n<div style=\"text-align: center;\"><span class=\"Apple-style-span\" style=\"font-family: Verdana, sans-serif;\"><b>23 outubro<\/b><\/span><\/div>\n<div style=\"text-align: justify;\"><span class=\"Apple-style-span\" style=\"font-family: Verdana, sans-serif;\"><br \/><\/span><\/div>\n<div style=\"text-align: justify;\"><span class=\"Apple-style-span\" style=\"font-family: Verdana, sans-serif;\"><br \/><\/span><\/div>\n<div style=\"text-align: justify;\"><span class=\"Apple-style-span\" style=\"font-family: Verdana, sans-serif;\">S.E.R. Dom <b>Marek Marian Piatek<\/b>, de 56 anos, polon\u00eas professo da Congrega\u00e7\u00e3o do Sant\u00edssimo Redentor, ordenado em 12 agosto passado, ser\u00e1 instalado como Prelado de Coari, Amazonas, Brasil.&nbsp;<\/span><\/div>\n<div style=\"text-align: justify;\"><span class=\"Apple-style-span\" style=\"font-family: Verdana, sans-serif;\"><br \/><\/span><\/div>\n<div style=\"text-align: justify;\"><span class=\"Apple-style-span\" style=\"font-family: Verdana, sans-serif;\">A Prelazia est\u00e1 vacante desde que S.E.R. Dom Jo\u00e9rcio Gon\u00e7alves Perreira pediu, 22 julho 2009 e aos 55 anos, ren\u00fancia ao cargo segundo o \u00a7 2 do c\u00e2non 401 do C\u00f3digo de Direito Can\u00f4nico.<\/span><\/div>\n<div style=\"text-align: justify;\"><span class=\"Apple-style-span\" style=\"font-family: Verdana, sans-serif;\"><br \/><\/span><\/p>\n<div style=\"text-align: center;\"><span class=\"Apple-style-span\" style=\"font-family: Verdana, sans-serif;\">*<\/span><\/div>\n<p><span class=\"Apple-style-span\" style=\"font-family: Verdana, sans-serif;\"><br \/><\/span><\/div>\n<div style=\"text-align: justify;\">\n<div style=\"text-align: center;\"><span class=\"Apple-style-span\" style=\"font-family: Verdana, sans-serif;\"><b>C\u00faria Romana<\/b><\/span><\/div>\n<div style=\"text-align: center;\"><span class=\"Apple-style-span\" style=\"font-family: Verdana, sans-serif;\"><b>Atualiza\u00e7\u00f5es<\/b><\/span><\/div>\n<div style=\"text-align: center;\"><span class=\"Apple-style-span\" style=\"font-family: Verdana, sans-serif;\"><b>01 outubro<\/b><\/span><\/div>\n<div style=\"text-align: center;\"><span class=\"Apple-style-span\" style=\"font-family: Verdana, sans-serif;\"><br \/><\/span><\/div>\n<div style=\"text-align: center;\"><span class=\"Apple-style-span\" style=\"font-family: Verdana, sans-serif;\"><br \/><\/span><\/div>\n<div style=\"text-align: justify;\"><span class=\"Apple-style-span\" style=\"font-family: Verdana, sans-serif;\">O Em.mo Sr. <b>Cardeal Giovanni Lajolo<\/b>, da diaconia de Santa Maria Liberatrice a Monte Testaccio, apresentar\u00e1 ren\u00fancia ao cargo de Presidente do Governadorato da Cidade do Estado do Vaticano e de Presidente da Pontif\u00edcia Comiss\u00e3o para a Cidade do Estado do Vaticano.<\/span><\/div>\n<div style=\"text-align: justify;\"><span class=\"Apple-style-span\" style=\"font-family: Verdana, sans-serif;\"><br \/><\/span><\/div>\n<div style=\"text-align: justify;\"><span class=\"Apple-style-span\" style=\"font-family: Verdana, sans-serif;\">Para ocupar os cargos vacantes, S.E.R. <b>Mons. Giuseppe Bertello<\/b>, Arcebispo titular de <i>Urbs Salvia<\/i>, ser\u00e1 transferido do cargo de N\u00fancia na It\u00e1lia.<\/span><\/div>\n<div style=\"text-align: justify;\"><span class=\"Apple-style-span\" style=\"font-family: Verdana, sans-serif;\"><br \/><\/span><\/div>\n<\/div>\n","protected":false},"excerpt":{"rendered":"Algumas sagra\u00e7\u00f5es episcopais, ren\u00fancias e in\u00edcio de of\u00edcio na C\u00faria Romana e posses can\u00f4nicas Sagra\u00e7\u00e3o episcopal Arquidiocese de Urbino, It\u00e1lia 17 setembro Hoje Do Mons. Giovanni Tani, de 64 anos, at\u00e9 24 junho passado Reitor do Pontif\u00edcio Semin\u00e1rio Romano, eleito Arcebispo de Urbino-Urbania-Sant\u00b4Angelo in Vado. \u00c9 sagrante principal o Em.mo Vig\u00e1rio de Sua Santidade para&#8230; <a class=\"view-article\" href=\"https:\/\/diretodasacristia.com\/home\/sem-categoria\/proximas-datas-no-episcopado-2\/\">Ver artigo<\/a>","protected":false},"author":3,"featured_media":0,"comment_status":"open","ping_status":"open","sticky":false,"template":"","format":"standard","meta":{"jetpack_post_was_ever_published":false,"_jetpack_newsletter_access":"","_jetpack_dont_email_post_to_subs":false,"_jetpack_newsletter_tier_id":0,"_jetpack_memberships_contains_paywalled_content":false,"_jetpack_memberships_contains_paid_content":false,"_joinchat":[],"footnotes":"","jetpack_publicize_message":"","jetpack_publicize_feature_enabled":true,"jetpack_social_post_already_shared":false,"jetpack_social_options":{"image_generator_settings":{"template":"highway","default_image_id":0,"font":"","enabled":false},"version":2}},"categories":[1],"tags":[],"class_list":["post-2425","post","type-post","status-publish","format-standard","hentry","category-sem-categoria"],"yoast_head":"<!-- This site is optimized with the Yoast SEO plugin v27.4 - https:\/\/yoast.com\/product\/yoast-seo-wordpress\/ -->\n<title>Pr\u00f3ximas datas no episcopado - Direto da Sacristia<\/title>\n<meta name=\"robots\" content=\"index, follow, max-snippet:-1, max-image-preview:large, max-video-preview:-1\" \/>\n<link rel=\"canonical\" href=\"https:\/\/diretodasacristia.com\/home\/sem-categoria\/proximas-datas-no-episcopado-2\/\" \/>\n<meta property=\"og:locale\" content=\"pt_BR\" \/>\n<meta property=\"og:type\" content=\"article\" \/>\n<meta property=\"og:title\" content=\"Pr\u00f3ximas datas no episcopado - Direto da Sacristia\" \/>\n<meta property=\"og:description\" content=\"Algumas sagra\u00e7\u00f5es episcopais, ren\u00fancias e in\u00edcio de of\u00edcio na C\u00faria Romana e posses can\u00f4nicas Sagra\u00e7\u00e3o episcopal Arquidiocese de Urbino, It\u00e1lia 17 setembro Hoje Do Mons. Giovanni Tani, de 64 anos, at\u00e9 24 junho passado Reitor do Pontif\u00edcio Semin\u00e1rio Romano, eleito Arcebispo de Urbino-Urbania-Sant\u00b4Angelo in Vado. \u00c9 sagrante principal o Em.mo Vig\u00e1rio de Sua Santidade para... Ver artigo\" \/>\n<meta property=\"og:url\" content=\"https:\/\/diretodasacristia.com\/home\/sem-categoria\/proximas-datas-no-episcopado-2\/\" \/>\n<meta property=\"og:site_name\" content=\"Direto da Sacristia\" \/>\n<meta property=\"article:publisher\" content=\"https:\/\/www.facebook.com\/DiretoSacristia\" \/>\n<meta property=\"article:published_time\" content=\"2011-09-17T13:41:00+00:00\" \/>\n<meta name=\"author\" content=\"E. Mar\u00e7al\" \/>\n<meta name=\"twitter:card\" content=\"summary_large_image\" \/>\n<meta name=\"twitter:creator\" content=\"@diretosacristia\" \/>\n<meta name=\"twitter:site\" content=\"@diretosacristia\" \/>\n<meta name=\"twitter:label1\" content=\"Escrito por\" \/>\n\t<meta name=\"twitter:data1\" content=\"E. Mar\u00e7al\" \/>\n\t<meta name=\"twitter:label2\" content=\"Est. tempo de leitura\" \/>\n\t<meta name=\"twitter:data2\" content=\"3 minutos\" \/>\n<script type=\"application\/ld+json\" class=\"yoast-schema-graph\">{\"@context\":\"https:\\\/\\\/schema.org\",\"@graph\":[{\"@type\":\"Article\",\"@id\":\"https:\\\/\\\/diretodasacristia.com\\\/home\\\/sem-categoria\\\/proximas-datas-no-episcopado-2\\\/#article\",\"isPartOf\":{\"@id\":\"https:\\\/\\\/diretodasacristia.com\\\/home\\\/sem-categoria\\\/proximas-datas-no-episcopado-2\\\/\"},\"author\":{\"name\":\"E. Mar\u00e7al\",\"@id\":\"https:\\\/\\\/diretodasacristia.com\\\/home\\\/#\\\/schema\\\/person\\\/3d453ef1f7d57c0bb0990b8070642721\"},\"headline\":\"Pr\u00f3ximas datas no episcopado\",\"datePublished\":\"2011-09-17T13:41:00+00:00\",\"mainEntityOfPage\":{\"@id\":\"https:\\\/\\\/diretodasacristia.com\\\/home\\\/sem-categoria\\\/proximas-datas-no-episcopado-2\\\/\"},\"wordCount\":589,\"commentCount\":0,\"publisher\":{\"@id\":\"https:\\\/\\\/diretodasacristia.com\\\/home\\\/#organization\"},\"inLanguage\":\"pt-BR\",\"potentialAction\":[{\"@type\":\"CommentAction\",\"name\":\"Comment\",\"target\":[\"https:\\\/\\\/diretodasacristia.com\\\/home\\\/sem-categoria\\\/proximas-datas-no-episcopado-2\\\/#respond\"]}]},{\"@type\":\"WebPage\",\"@id\":\"https:\\\/\\\/diretodasacristia.com\\\/home\\\/sem-categoria\\\/proximas-datas-no-episcopado-2\\\/\",\"url\":\"https:\\\/\\\/diretodasacristia.com\\\/home\\\/sem-categoria\\\/proximas-datas-no-episcopado-2\\\/\",\"name\":\"Pr\u00f3ximas datas no episcopado - Direto da Sacristia\",\"isPartOf\":{\"@id\":\"https:\\\/\\\/diretodasacristia.com\\\/home\\\/#website\"},\"datePublished\":\"2011-09-17T13:41:00+00:00\",\"breadcrumb\":{\"@id\":\"https:\\\/\\\/diretodasacristia.com\\\/home\\\/sem-categoria\\\/proximas-datas-no-episcopado-2\\\/#breadcrumb\"},\"inLanguage\":\"pt-BR\",\"potentialAction\":[{\"@type\":\"ReadAction\",\"target\":[\"https:\\\/\\\/diretodasacristia.com\\\/home\\\/sem-categoria\\\/proximas-datas-no-episcopado-2\\\/\"]}]},{\"@type\":\"BreadcrumbList\",\"@id\":\"https:\\\/\\\/diretodasacristia.com\\\/home\\\/sem-categoria\\\/proximas-datas-no-episcopado-2\\\/#breadcrumb\",\"itemListElement\":[{\"@type\":\"ListItem\",\"position\":1,\"name\":\"In\u00edcio\",\"item\":\"https:\\\/\\\/diretodasacristia.com\\\/home\\\/\"},{\"@type\":\"ListItem\",\"position\":2,\"name\":\"Pr\u00f3ximas datas no episcopado\"}]},{\"@type\":\"WebSite\",\"@id\":\"https:\\\/\\\/diretodasacristia.com\\\/home\\\/#website\",\"url\":\"https:\\\/\\\/diretodasacristia.com\\\/home\\\/\",\"name\":\"Direto da Sacristia\",\"description\":\"Not\u00edcias e artigos sobre a f\u00e9 cat\u00f3lica\",\"publisher\":{\"@id\":\"https:\\\/\\\/diretodasacristia.com\\\/home\\\/#organization\"},\"potentialAction\":[{\"@type\":\"SearchAction\",\"target\":{\"@type\":\"EntryPoint\",\"urlTemplate\":\"https:\\\/\\\/diretodasacristia.com\\\/home\\\/?s={search_term_string}\"},\"query-input\":{\"@type\":\"PropertyValueSpecification\",\"valueRequired\":true,\"valueName\":\"search_term_string\"}}],\"inLanguage\":\"pt-BR\"},{\"@type\":\"Organization\",\"@id\":\"https:\\\/\\\/diretodasacristia.com\\\/home\\\/#organization\",\"name\":\"Direto da Sacristia\",\"url\":\"https:\\\/\\\/diretodasacristia.com\\\/home\\\/\",\"logo\":{\"@type\":\"ImageObject\",\"inLanguage\":\"pt-BR\",\"@id\":\"https:\\\/\\\/diretodasacristia.com\\\/home\\\/#\\\/schema\\\/logo\\\/image\\\/\",\"url\":\"https:\\\/\\\/i0.wp.com\\\/diretodasacristia.com\\\/home\\\/wp-content\\\/uploads\\\/2012\\\/01\\\/marca-sacristia.png?fit=320%2C306&ssl=1\",\"contentUrl\":\"https:\\\/\\\/i0.wp.com\\\/diretodasacristia.com\\\/home\\\/wp-content\\\/uploads\\\/2012\\\/01\\\/marca-sacristia.png?fit=320%2C306&ssl=1\",\"width\":\"320\",\"height\":\"306\",\"caption\":\"Direto da Sacristia\"},\"image\":{\"@id\":\"https:\\\/\\\/diretodasacristia.com\\\/home\\\/#\\\/schema\\\/logo\\\/image\\\/\"},\"sameAs\":[\"https:\\\/\\\/www.facebook.com\\\/DiretoSacristia\",\"https:\\\/\\\/x.com\\\/diretosacristia\",\"https:\\\/\\\/www.instagram.com\\\/diretodasacristia\\\/\",\"https:\\\/\\\/www.youtube.com\\\/diretodasacristia\"]},{\"@type\":\"Person\",\"@id\":\"https:\\\/\\\/diretodasacristia.com\\\/home\\\/#\\\/schema\\\/person\\\/3d453ef1f7d57c0bb0990b8070642721\",\"name\":\"E. Mar\u00e7al\",\"image\":{\"@type\":\"ImageObject\",\"inLanguage\":\"pt-BR\",\"@id\":\"https:\\\/\\\/secure.gravatar.com\\\/avatar\\\/348ff80a5ddde3de6c8b6e0c5b066b733f9245285d9ab87cd2e2ff652ffa95b0?s=96&d=mm&r=g\",\"url\":\"https:\\\/\\\/secure.gravatar.com\\\/avatar\\\/348ff80a5ddde3de6c8b6e0c5b066b733f9245285d9ab87cd2e2ff652ffa95b0?s=96&d=mm&r=g\",\"contentUrl\":\"https:\\\/\\\/secure.gravatar.com\\\/avatar\\\/348ff80a5ddde3de6c8b6e0c5b066b733f9245285d9ab87cd2e2ff652ffa95b0?s=96&d=mm&r=g\",\"caption\":\"E. Mar\u00e7al\"},\"url\":\"https:\\\/\\\/diretodasacristia.com\\\/home\\\/author\\\/erick\\\/\"}]}<\/script>\n<!-- \/ Yoast SEO plugin. -->","yoast_head_json":{"title":"Pr\u00f3ximas datas no episcopado - Direto da Sacristia","robots":{"index":"index","follow":"follow","max-snippet":"max-snippet:-1","max-image-preview":"max-image-preview:large","max-video-preview":"max-video-preview:-1"},"canonical":"https:\/\/diretodasacristia.com\/home\/sem-categoria\/proximas-datas-no-episcopado-2\/","og_locale":"pt_BR","og_type":"article","og_title":"Pr\u00f3ximas datas no episcopado - Direto da Sacristia","og_description":"Algumas sagra\u00e7\u00f5es episcopais, ren\u00fancias e in\u00edcio de of\u00edcio na C\u00faria Romana e posses can\u00f4nicas Sagra\u00e7\u00e3o episcopal Arquidiocese de Urbino, It\u00e1lia 17 setembro Hoje Do Mons. Giovanni Tani, de 64 anos, at\u00e9 24 junho passado Reitor do Pontif\u00edcio Semin\u00e1rio Romano, eleito Arcebispo de Urbino-Urbania-Sant\u00b4Angelo in Vado. \u00c9 sagrante principal o Em.mo Vig\u00e1rio de Sua Santidade para... Ver artigo","og_url":"https:\/\/diretodasacristia.com\/home\/sem-categoria\/proximas-datas-no-episcopado-2\/","og_site_name":"Direto da Sacristia","article_publisher":"https:\/\/www.facebook.com\/DiretoSacristia","article_published_time":"2011-09-17T13:41:00+00:00","author":"E. Mar\u00e7al","twitter_card":"summary_large_image","twitter_creator":"@diretosacristia","twitter_site":"@diretosacristia","twitter_misc":{"Escrito por":"E. Mar\u00e7al","Est. tempo de leitura":"3 minutos"},"schema":{"@context":"https:\/\/schema.org","@graph":[{"@type":"Article","@id":"https:\/\/diretodasacristia.com\/home\/sem-categoria\/proximas-datas-no-episcopado-2\/#article","isPartOf":{"@id":"https:\/\/diretodasacristia.com\/home\/sem-categoria\/proximas-datas-no-episcopado-2\/"},"author":{"name":"E. Mar\u00e7al","@id":"https:\/\/diretodasacristia.com\/home\/#\/schema\/person\/3d453ef1f7d57c0bb0990b8070642721"},"headline":"Pr\u00f3ximas datas no episcopado","datePublished":"2011-09-17T13:41:00+00:00","mainEntityOfPage":{"@id":"https:\/\/diretodasacristia.com\/home\/sem-categoria\/proximas-datas-no-episcopado-2\/"},"wordCount":589,"commentCount":0,"publisher":{"@id":"https:\/\/diretodasacristia.com\/home\/#organization"},"inLanguage":"pt-BR","potentialAction":[{"@type":"CommentAction","name":"Comment","target":["https:\/\/diretodasacristia.com\/home\/sem-categoria\/proximas-datas-no-episcopado-2\/#respond"]}]},{"@type":"WebPage","@id":"https:\/\/diretodasacristia.com\/home\/sem-categoria\/proximas-datas-no-episcopado-2\/","url":"https:\/\/diretodasacristia.com\/home\/sem-categoria\/proximas-datas-no-episcopado-2\/","name":"Pr\u00f3ximas datas no episcopado - Direto da Sacristia","isPartOf":{"@id":"https:\/\/diretodasacristia.com\/home\/#website"},"datePublished":"2011-09-17T13:41:00+00:00","breadcrumb":{"@id":"https:\/\/diretodasacristia.com\/home\/sem-categoria\/proximas-datas-no-episcopado-2\/#breadcrumb"},"inLanguage":"pt-BR","potentialAction":[{"@type":"ReadAction","target":["https:\/\/diretodasacristia.com\/home\/sem-categoria\/proximas-datas-no-episcopado-2\/"]}]},{"@type":"BreadcrumbList","@id":"https:\/\/diretodasacristia.com\/home\/sem-categoria\/proximas-datas-no-episcopado-2\/#breadcrumb","itemListElement":[{"@type":"ListItem","position":1,"name":"In\u00edcio","item":"https:\/\/diretodasacristia.com\/home\/"},{"@type":"ListItem","position":2,"name":"Pr\u00f3ximas datas no episcopado"}]},{"@type":"WebSite","@id":"https:\/\/diretodasacristia.com\/home\/#website","url":"https:\/\/diretodasacristia.com\/home\/","name":"Direto da Sacristia","description":"Not\u00edcias e artigos sobre a f\u00e9 cat\u00f3lica","publisher":{"@id":"https:\/\/diretodasacristia.com\/home\/#organization"},"potentialAction":[{"@type":"SearchAction","target":{"@type":"EntryPoint","urlTemplate":"https:\/\/diretodasacristia.com\/home\/?s={search_term_string}"},"query-input":{"@type":"PropertyValueSpecification","valueRequired":true,"valueName":"search_term_string"}}],"inLanguage":"pt-BR"},{"@type":"Organization","@id":"https:\/\/diretodasacristia.com\/home\/#organization","name":"Direto da Sacristia","url":"https:\/\/diretodasacristia.com\/home\/","logo":{"@type":"ImageObject","inLanguage":"pt-BR","@id":"https:\/\/diretodasacristia.com\/home\/#\/schema\/logo\/image\/","url":"https:\/\/i0.wp.com\/diretodasacristia.com\/home\/wp-content\/uploads\/2012\/01\/marca-sacristia.png?fit=320%2C306&ssl=1","contentUrl":"https:\/\/i0.wp.com\/diretodasacristia.com\/home\/wp-content\/uploads\/2012\/01\/marca-sacristia.png?fit=320%2C306&ssl=1","width":"320","height":"306","caption":"Direto da Sacristia"},"image":{"@id":"https:\/\/diretodasacristia.com\/home\/#\/schema\/logo\/image\/"},"sameAs":["https:\/\/www.facebook.com\/DiretoSacristia","https:\/\/x.com\/diretosacristia","https:\/\/www.instagram.com\/diretodasacristia\/","https:\/\/www.youtube.com\/diretodasacristia"]},{"@type":"Person","@id":"https:\/\/diretodasacristia.com\/home\/#\/schema\/person\/3d453ef1f7d57c0bb0990b8070642721","name":"E. Mar\u00e7al","image":{"@type":"ImageObject","inLanguage":"pt-BR","@id":"https:\/\/secure.gravatar.com\/avatar\/348ff80a5ddde3de6c8b6e0c5b066b733f9245285d9ab87cd2e2ff652ffa95b0?s=96&d=mm&r=g","url":"https:\/\/secure.gravatar.com\/avatar\/348ff80a5ddde3de6c8b6e0c5b066b733f9245285d9ab87cd2e2ff652ffa95b0?s=96&d=mm&r=g","contentUrl":"https:\/\/secure.gravatar.com\/avatar\/348ff80a5ddde3de6c8b6e0c5b066b733f9245285d9ab87cd2e2ff652ffa95b0?s=96&d=mm&r=g","caption":"E. Mar\u00e7al"},"url":"https:\/\/diretodasacristia.com\/home\/author\/erick\/"}]}},"jetpack_publicize_connections":[],"jetpack_featured_media_url":"","jetpack_sharing_enabled":true,"jetpack_shortlink":"https:\/\/wp.me\/p24aG7-D7","jetpack-related-posts":[],"post_mailing_queue_ids":[],"_links":{"self":[{"href":"https:\/\/diretodasacristia.com\/home\/wp-json\/wp\/v2\/posts\/2425","targetHints":{"allow":["GET"]}}],"collection":[{"href":"https:\/\/diretodasacristia.com\/home\/wp-json\/wp\/v2\/posts"}],"about":[{"href":"https:\/\/diretodasacristia.com\/home\/wp-json\/wp\/v2\/types\/post"}],"author":[{"embeddable":true,"href":"https:\/\/diretodasacristia.com\/home\/wp-json\/wp\/v2\/users\/3"}],"replies":[{"embeddable":true,"href":"https:\/\/diretodasacristia.com\/home\/wp-json\/wp\/v2\/comments?post=2425"}],"version-history":[{"count":0,"href":"https:\/\/diretodasacristia.com\/home\/wp-json\/wp\/v2\/posts\/2425\/revisions"}],"wp:attachment":[{"href":"https:\/\/diretodasacristia.com\/home\/wp-json\/wp\/v2\/media?parent=2425"}],"wp:term":[{"taxonomy":"category","embeddable":true,"href":"https:\/\/diretodasacristia.com\/home\/wp-json\/wp\/v2\/categories?post=2425"},{"taxonomy":"post_tag","embeddable":true,"href":"https:\/\/diretodasacristia.com\/home\/wp-json\/wp\/v2\/tags?post=2425"}],"curies":[{"name":"wp","href":"https:\/\/api.w.org\/{rel}","templated":true}]}}