{"id":2431,"date":"2011-08-12T08:45:00","date_gmt":"2011-08-12T08:45:00","guid":{"rendered":"http:\/\/diretodasacristia.com\/home\/sem-categoria\/bento-xvi-restitui-mosteiro-a-beneditinos-italianos-2\/"},"modified":"2015-06-21T09:07:24","modified_gmt":"2015-06-21T12:07:24","slug":"bento-xvi-restitui-mosteiro-a-beneditinos-italianos","status":"publish","type":"post","link":"https:\/\/diretodasacristia.com\/home\/bento-xvi\/bento-xvi-restitui-mosteiro-a-beneditinos-italianos\/","title":{"rendered":"Bento XVI restitui mosteiro a beneditinos italianos"},"content":{"rendered":"<p><span class=\"Apple-style-span\" style=\"font-family: Verdana, sans-serif;\">Com informa\u00e7\u00f5es da <a href=\"http:\/\/press.catholica.va\/news_services\/bulletin\/news\/27867.php?index=27867&amp;po_date=02.08.2011&amp;lang=po\">Sala de Imprensa da Santa S\u00e9<\/a><\/span><\/p>\n<p style=\"text-align: justify;\"><span class=\"Apple-style-span\" style=\"font-family: Verdana, sans-serif;\">Na semana passada, a Santa S\u00e9 emitiu um comunicado que p\u00f4s fim a uma controv\u00e9rsia que envolveu os monges beneditinos de Praglia e a diocese croata de Porec e Pula.<\/span><span class=\"Apple-style-span\" style=\"font-family: Verdana, sans-serif;\"><br \/>\n<\/span><\/p>\n<p style=\"text-align: justify;\"><span class=\"Apple-style-span\" style=\"font-family: Verdana, sans-serif;\">No s\u00e9culo XVIII, os beneditinos de Praglia fundaram um mosteiro em Dajla, que foi confiscado pelas autoridades comunistas e restitu\u00eddo, ap\u00f3s a Segunda Guerra Mundial, \u00e0 diocese de Porec e Pula. Aqui come\u00e7ou a disputa: em 2004, os monges reclamaram a posse do Mosteiro croata, que foi negada pelas autoridades daquele pa\u00eds, segundo as quais a Abadia de Praglia j\u00e1 havia sido indenizada com a soma de 878 mil euros (em valores atuais) pelo Estado italiano. Apesar disto, os monges, que em 2006 pediram \u00e0 diocese de Porec e Pula uma indeniza\u00e7\u00e3o de 30 milh\u00f5es de euros, recorreram ao Santo Padre que, em 2008, constituiu uma Comiss\u00e3o Cardinal\u00edcia para tratar do assunto.<\/span><br \/>\n<span class=\"Apple-style-span\" style=\"font-family: Verdana, sans-serif;\"><br \/>\n<\/span><\/p>\n<p style=\"text-align: center;\"><img loading=\"lazy\" decoding=\"async\" class=\" aligncenter\" src=\"http:\/\/i1.wp.com\/diretodasacristia.com\/home\/wp-content\/uploads\/2015\/06\/Papa-suspendirao-biskupa-Ivana-Milovana-zbog-spora-Porecko-pulske-biskupije-s-talijanskim-benediktincima-e1434888359424.jpg\" alt=\"\" width=\"800\" height=\"567\" \/><\/p>\n<p style=\"text-align: center;\"><span class=\"Apple-style-span\" style=\"font-family: Verdana, sans-serif; font-size: x-small;\"><span class=\"Apple-style-span\"><i>Mons. Ivan Milovan, <\/i><\/span><i>Bispo de Porec e Pula,<br \/>\n<\/i><\/span><span class=\"Apple-style-span\" style=\"font-family: Verdana, sans-serif; font-size: x-small;\"><i>teve sua autoridade episcopal interditada por alguns instantes<\/i><\/span><br \/>\n<span class=\"Apple-style-span\" style=\"font-family: Verdana, sans-serif; font-size: x-small;\"><i><br \/>\n<\/i><\/span><\/p>\n<p style=\"text-align: justify;\"><span class=\"Apple-style-span\" style=\"font-family: Verdana, sans-serif;\">Por fim, a Comiss\u00e3o, com decis\u00e3o ratificada pelo Papa Bento XVI, ordenou que o Mosteiro croata fosse devolvido aos monges de Praglia e que a diocese de Porec pagasse a eles uma indeniza\u00e7\u00e3o de 6 milh\u00f5es de euros. Daqui come\u00e7ou outro problema: o Bispo, Mons. Ivan Milovan, recusou a assinar este acordo por argumentar que sua diocese faliria com o pagamento da soma. Diante disto, o Santo Padre tomou uma decis\u00e3o incomum: suspendeu o dito Bispo de suas fun\u00e7\u00f5es como Ordin\u00e1rio da diocese, e nomeou seu Comiss\u00e1rio &#8220;<i>ad actum<\/i>&#8221; S.E.R. Mons. Santos Abril y Castello, Vice-carmelengo da Santa Igreja e outrora N\u00fancio na Iugusl\u00e1via; ou seja, o Mons. Abril y Castello foi Bispo da Diocese de Porec por &#8220;alguns instantes&#8221;, o tempo necess\u00e1rio para assinar como Ordin\u00e1rio o acordo com os beneditinos italianos, fun\u00e7\u00e3o que cessou logo ap\u00f3s o ato.<\/span><br \/>\n<span class=\"Apple-style-span\" style=\"font-family: Verdana, sans-serif;\"><br \/>\n<\/span><\/p>\n<p style=\"text-align: justify;\"><span class=\"Apple-style-span\"><span class=\"Apple-style-span\" style=\"font-family: Verdana, sans-serif;\"><a href=\"http:\/\/2.bp.blogspot.com\/_QwGoxfKfr5s\/TT3FxmjgpLI\/AAAAAAAAAUw\/fLfH26F5AeU\/s1600\/arcebispo%2BAbril%2By%2BCastell%25C3%25B3.jpg\"><img decoding=\"async\" style=\"cursor: pointer; display: block; height: 273px; text-align: center; width: 410px; margin: 0px auto 10px auto;\" src=\"http:\/\/2.bp.blogspot.com\/_QwGoxfKfr5s\/TT3FxmjgpLI\/AAAAAAAAAUw\/fLfH26F5AeU\/s1600\/arcebispo%2BAbril%2By%2BCastell%25C3%25B3.jpg\" alt=\"\" border=\"0\" \/><\/a><\/span><\/span><\/p>\n<p style=\"text-align: center;\"><span class=\"Apple-style-span\" style=\"font-family: Verdana, sans-serif; font-size: x-small;\"><i>Dom Abril y Castello,\u00a0<\/i><\/span><span class=\"Apple-style-span\" style=\"font-family: Verdana, sans-serif; font-size: x-small;\"><i>Arcebispo titular de Tamada,<br \/>\n<\/i><\/span><span class=\"Apple-style-span\" style=\"font-family: Verdana, sans-serif; font-size: x-small;\"><i>Vice-carmelengo da Santa Igreja<br \/>\n<\/i><\/span><span class=\"Apple-style-span\" style=\"font-family: Verdana, sans-serif; font-size: x-small;\"><i>Comiss\u00e1rio pontif\u00edcio &#8220;<\/i>ad actum<i>&#8220;<\/i><\/span><br \/>\n<span class=\"Apple-style-span\" style=\"font-family: Verdana, sans-serif;\"><i><br \/>\n<\/i><\/span><\/p>\n<p style=\"text-align: justify;\"><span class=\"Apple-style-span\" style=\"font-family: Verdana, sans-serif;\">Muitos protestaram contra a decis\u00e3o, alegando principalmente contra o Cardeal-Secret\u00e1rio de Estado Tarcisio Bertone o desprezo pelos tratados internacionais (segundo os quais o Mosteiro sempre pertenceu \u00e0 Cro\u00e1cia, tendo em vista a nova divis\u00e3o pol\u00edtica dos pa\u00edses) e a situa\u00e7\u00e3o cr\u00edtica em que p\u00f4s a Diocese. Na capital Zagreb, o N\u00fancia na Cro\u00e1cia deveria ser convocado pelo Minist\u00e9rio para Assuntos Exteriores. No mesmo dia do comunicado, o Embaixador da Cro\u00e1cia na Santa S\u00e9 voltou a Roma e foi recebido pelo Cardeal Bertone.<\/span><\/p>\n<div><\/div>\n<p style=\"text-align: justify;\"><span class=\"Apple-style-span\" style=\"font-family: Verdana, sans-serif;\">O comunicado da Santa S\u00e9, datado de 02 agosto, frisou que a referida quest\u00e3o &#8220;\u00e9 de natureza propriamente eclesi\u00e1stica&#8221;, apesar de ter sido explorada como uma [quest\u00e3o] pol\u00edtica e demag\u00f3gica. Ainda, o \u00fanico desejo da decis\u00e3o &#8220;\u00e9 exclusivamente restabelecer a justi\u00e7a dentro da Igreja&#8221;, apesar de ser apenas uma compensa\u00e7\u00e3o de um dos envolvidos.<\/span><\/p>\n<p style=\"text-align: justify;\"><span class=\"Apple-style-span\" style=\"font-family: Verdana, sans-serif;\">A verdade \u00e9 que Bento XVI mostrou que sabe o que fazer (e o faz, se for necess\u00e1rio) quando sabe o que \u00e9 bem para a Igreja, mas algu\u00e9m o impede de levar adiante sua decis\u00e3o. <\/span><\/p>\n<p style=\"text-align: justify;\"><span class=\"Apple-style-span\" style=\"font-family: Verdana, sans-serif;\">Que Deus continue auxiliando seu Vig\u00e1rio na terra e que nos fa\u00e7a mais obedientes.<\/span><\/p>\n","protected":false},"excerpt":{"rendered":"Com informa\u00e7\u00f5es da Sala de Imprensa da Santa S\u00e9 Na semana passada, a Santa S\u00e9 emitiu um comunicado que p\u00f4s fim a uma controv\u00e9rsia que envolveu os monges beneditinos de Praglia e a diocese croata de Porec e Pula. No s\u00e9culo XVIII, os beneditinos de Praglia fundaram um mosteiro em Dajla, que foi confiscado pelas&#8230; <a class=\"view-article\" href=\"https:\/\/diretodasacristia.com\/home\/bento-xvi\/bento-xvi-restitui-mosteiro-a-beneditinos-italianos\/\">Ver artigo<\/a>","protected":false},"author":3,"featured_media":0,"comment_status":"open","ping_status":"open","sticky":false,"template":"","format":"standard","meta":{"jetpack_post_was_ever_published":false,"_jetpack_newsletter_access":"","_jetpack_dont_email_post_to_subs":false,"_jetpack_newsletter_tier_id":0,"_jetpack_memberships_contains_paywalled_content":false,"_jetpack_memberships_contains_paid_content":false,"_joinchat":[],"footnotes":"","jetpack_publicize_message":"","jetpack_publicize_feature_enabled":true,"jetpack_social_post_already_shared":false,"jetpack_social_options":{"image_generator_settings":{"template":"highway","default_image_id":0,"font":"","enabled":false},"version":2}},"categories":[6,17,24],"tags":[],"class_list":["post-2431","post","type-post","status-publish","format-standard","hentry","category-bento-xvi","category-hierarquia","category-noticias"],"yoast_head":"<!-- This site is optimized with the Yoast SEO plugin v27.4 - https:\/\/yoast.com\/product\/yoast-seo-wordpress\/ -->\n<title>Bento XVI restitui mosteiro a beneditinos italianos - Direto da Sacristia<\/title>\n<meta name=\"robots\" content=\"index, follow, max-snippet:-1, max-image-preview:large, max-video-preview:-1\" \/>\n<link rel=\"canonical\" href=\"https:\/\/diretodasacristia.com\/home\/bento-xvi\/bento-xvi-restitui-mosteiro-a-beneditinos-italianos\/\" \/>\n<meta property=\"og:locale\" content=\"pt_BR\" \/>\n<meta property=\"og:type\" content=\"article\" \/>\n<meta property=\"og:title\" content=\"Bento XVI restitui mosteiro a beneditinos italianos - Direto da Sacristia\" \/>\n<meta property=\"og:description\" content=\"Com informa\u00e7\u00f5es da Sala de Imprensa da Santa S\u00e9 Na semana passada, a Santa S\u00e9 emitiu um comunicado que p\u00f4s fim a uma controv\u00e9rsia que envolveu os monges beneditinos de Praglia e a diocese croata de Porec e Pula. No s\u00e9culo XVIII, os beneditinos de Praglia fundaram um mosteiro em Dajla, que foi confiscado pelas... Ver artigo\" \/>\n<meta property=\"og:url\" content=\"https:\/\/diretodasacristia.com\/home\/bento-xvi\/bento-xvi-restitui-mosteiro-a-beneditinos-italianos\/\" \/>\n<meta property=\"og:site_name\" content=\"Direto da Sacristia\" \/>\n<meta property=\"article:publisher\" content=\"https:\/\/www.facebook.com\/DiretoSacristia\" \/>\n<meta property=\"article:published_time\" content=\"2011-08-12T08:45:00+00:00\" \/>\n<meta property=\"article:modified_time\" content=\"2015-06-21T12:07:24+00:00\" \/>\n<meta property=\"og:image\" content=\"http:\/\/i1.wp.com\/diretodasacristia.com\/home\/wp-content\/uploads\/2015\/06\/Papa-suspendirao-biskupa-Ivana-Milovana-zbog-spora-Porecko-pulske-biskupije-s-talijanskim-benediktincima-e1434888359424.jpg\" \/>\n<meta name=\"author\" content=\"E. Mar\u00e7al\" \/>\n<meta name=\"twitter:card\" content=\"summary_large_image\" \/>\n<meta name=\"twitter:creator\" content=\"@diretosacristia\" \/>\n<meta name=\"twitter:site\" content=\"@diretosacristia\" \/>\n<meta name=\"twitter:label1\" content=\"Escrito por\" \/>\n\t<meta name=\"twitter:data1\" content=\"E. Mar\u00e7al\" \/>\n\t<meta name=\"twitter:label2\" content=\"Est. tempo de leitura\" \/>\n\t<meta name=\"twitter:data2\" content=\"3 minutos\" \/>\n<script type=\"application\/ld+json\" class=\"yoast-schema-graph\">{\"@context\":\"https:\\\/\\\/schema.org\",\"@graph\":[{\"@type\":\"Article\",\"@id\":\"https:\\\/\\\/diretodasacristia.com\\\/home\\\/bento-xvi\\\/bento-xvi-restitui-mosteiro-a-beneditinos-italianos\\\/#article\",\"isPartOf\":{\"@id\":\"https:\\\/\\\/diretodasacristia.com\\\/home\\\/bento-xvi\\\/bento-xvi-restitui-mosteiro-a-beneditinos-italianos\\\/\"},\"author\":{\"name\":\"E. Mar\u00e7al\",\"@id\":\"https:\\\/\\\/diretodasacristia.com\\\/home\\\/#\\\/schema\\\/person\\\/3d453ef1f7d57c0bb0990b8070642721\"},\"headline\":\"Bento XVI restitui mosteiro a beneditinos italianos\",\"datePublished\":\"2011-08-12T08:45:00+00:00\",\"dateModified\":\"2015-06-21T12:07:24+00:00\",\"mainEntityOfPage\":{\"@id\":\"https:\\\/\\\/diretodasacristia.com\\\/home\\\/bento-xvi\\\/bento-xvi-restitui-mosteiro-a-beneditinos-italianos\\\/\"},\"wordCount\":559,\"commentCount\":0,\"publisher\":{\"@id\":\"https:\\\/\\\/diretodasacristia.com\\\/home\\\/#organization\"},\"image\":{\"@id\":\"https:\\\/\\\/diretodasacristia.com\\\/home\\\/bento-xvi\\\/bento-xvi-restitui-mosteiro-a-beneditinos-italianos\\\/#primaryimage\"},\"thumbnailUrl\":\"http:\\\/\\\/i1.wp.com\\\/diretodasacristia.com\\\/home\\\/wp-content\\\/uploads\\\/2015\\\/06\\\/Papa-suspendirao-biskupa-Ivana-Milovana-zbog-spora-Porecko-pulske-biskupije-s-talijanskim-benediktincima-e1434888359424.jpg\",\"articleSection\":[\"Bento XVI\",\"Hierarquia\",\"Not\u00edcias\"],\"inLanguage\":\"pt-BR\",\"potentialAction\":[{\"@type\":\"CommentAction\",\"name\":\"Comment\",\"target\":[\"https:\\\/\\\/diretodasacristia.com\\\/home\\\/bento-xvi\\\/bento-xvi-restitui-mosteiro-a-beneditinos-italianos\\\/#respond\"]}]},{\"@type\":\"WebPage\",\"@id\":\"https:\\\/\\\/diretodasacristia.com\\\/home\\\/bento-xvi\\\/bento-xvi-restitui-mosteiro-a-beneditinos-italianos\\\/\",\"url\":\"https:\\\/\\\/diretodasacristia.com\\\/home\\\/bento-xvi\\\/bento-xvi-restitui-mosteiro-a-beneditinos-italianos\\\/\",\"name\":\"Bento XVI restitui mosteiro a beneditinos italianos - Direto da Sacristia\",\"isPartOf\":{\"@id\":\"https:\\\/\\\/diretodasacristia.com\\\/home\\\/#website\"},\"primaryImageOfPage\":{\"@id\":\"https:\\\/\\\/diretodasacristia.com\\\/home\\\/bento-xvi\\\/bento-xvi-restitui-mosteiro-a-beneditinos-italianos\\\/#primaryimage\"},\"image\":{\"@id\":\"https:\\\/\\\/diretodasacristia.com\\\/home\\\/bento-xvi\\\/bento-xvi-restitui-mosteiro-a-beneditinos-italianos\\\/#primaryimage\"},\"thumbnailUrl\":\"http:\\\/\\\/i1.wp.com\\\/diretodasacristia.com\\\/home\\\/wp-content\\\/uploads\\\/2015\\\/06\\\/Papa-suspendirao-biskupa-Ivana-Milovana-zbog-spora-Porecko-pulske-biskupije-s-talijanskim-benediktincima-e1434888359424.jpg\",\"datePublished\":\"2011-08-12T08:45:00+00:00\",\"dateModified\":\"2015-06-21T12:07:24+00:00\",\"breadcrumb\":{\"@id\":\"https:\\\/\\\/diretodasacristia.com\\\/home\\\/bento-xvi\\\/bento-xvi-restitui-mosteiro-a-beneditinos-italianos\\\/#breadcrumb\"},\"inLanguage\":\"pt-BR\",\"potentialAction\":[{\"@type\":\"ReadAction\",\"target\":[\"https:\\\/\\\/diretodasacristia.com\\\/home\\\/bento-xvi\\\/bento-xvi-restitui-mosteiro-a-beneditinos-italianos\\\/\"]}]},{\"@type\":\"ImageObject\",\"inLanguage\":\"pt-BR\",\"@id\":\"https:\\\/\\\/diretodasacristia.com\\\/home\\\/bento-xvi\\\/bento-xvi-restitui-mosteiro-a-beneditinos-italianos\\\/#primaryimage\",\"url\":\"http:\\\/\\\/i1.wp.com\\\/diretodasacristia.com\\\/home\\\/wp-content\\\/uploads\\\/2015\\\/06\\\/Papa-suspendirao-biskupa-Ivana-Milovana-zbog-spora-Porecko-pulske-biskupije-s-talijanskim-benediktincima-e1434888359424.jpg\",\"contentUrl\":\"http:\\\/\\\/i1.wp.com\\\/diretodasacristia.com\\\/home\\\/wp-content\\\/uploads\\\/2015\\\/06\\\/Papa-suspendirao-biskupa-Ivana-Milovana-zbog-spora-Porecko-pulske-biskupije-s-talijanskim-benediktincima-e1434888359424.jpg\"},{\"@type\":\"BreadcrumbList\",\"@id\":\"https:\\\/\\\/diretodasacristia.com\\\/home\\\/bento-xvi\\\/bento-xvi-restitui-mosteiro-a-beneditinos-italianos\\\/#breadcrumb\",\"itemListElement\":[{\"@type\":\"ListItem\",\"position\":1,\"name\":\"In\u00edcio\",\"item\":\"https:\\\/\\\/diretodasacristia.com\\\/home\\\/\"},{\"@type\":\"ListItem\",\"position\":2,\"name\":\"Bento XVI restitui mosteiro a beneditinos italianos\"}]},{\"@type\":\"WebSite\",\"@id\":\"https:\\\/\\\/diretodasacristia.com\\\/home\\\/#website\",\"url\":\"https:\\\/\\\/diretodasacristia.com\\\/home\\\/\",\"name\":\"Direto da Sacristia\",\"description\":\"Not\u00edcias e artigos sobre a f\u00e9 cat\u00f3lica\",\"publisher\":{\"@id\":\"https:\\\/\\\/diretodasacristia.com\\\/home\\\/#organization\"},\"potentialAction\":[{\"@type\":\"SearchAction\",\"target\":{\"@type\":\"EntryPoint\",\"urlTemplate\":\"https:\\\/\\\/diretodasacristia.com\\\/home\\\/?s={search_term_string}\"},\"query-input\":{\"@type\":\"PropertyValueSpecification\",\"valueRequired\":true,\"valueName\":\"search_term_string\"}}],\"inLanguage\":\"pt-BR\"},{\"@type\":\"Organization\",\"@id\":\"https:\\\/\\\/diretodasacristia.com\\\/home\\\/#organization\",\"name\":\"Direto da Sacristia\",\"url\":\"https:\\\/\\\/diretodasacristia.com\\\/home\\\/\",\"logo\":{\"@type\":\"ImageObject\",\"inLanguage\":\"pt-BR\",\"@id\":\"https:\\\/\\\/diretodasacristia.com\\\/home\\\/#\\\/schema\\\/logo\\\/image\\\/\",\"url\":\"https:\\\/\\\/i0.wp.com\\\/diretodasacristia.com\\\/home\\\/wp-content\\\/uploads\\\/2012\\\/01\\\/marca-sacristia.png?fit=320%2C306&ssl=1\",\"contentUrl\":\"https:\\\/\\\/i0.wp.com\\\/diretodasacristia.com\\\/home\\\/wp-content\\\/uploads\\\/2012\\\/01\\\/marca-sacristia.png?fit=320%2C306&ssl=1\",\"width\":\"320\",\"height\":\"306\",\"caption\":\"Direto da Sacristia\"},\"image\":{\"@id\":\"https:\\\/\\\/diretodasacristia.com\\\/home\\\/#\\\/schema\\\/logo\\\/image\\\/\"},\"sameAs\":[\"https:\\\/\\\/www.facebook.com\\\/DiretoSacristia\",\"https:\\\/\\\/x.com\\\/diretosacristia\",\"https:\\\/\\\/www.instagram.com\\\/diretodasacristia\\\/\",\"https:\\\/\\\/www.youtube.com\\\/diretodasacristia\"]},{\"@type\":\"Person\",\"@id\":\"https:\\\/\\\/diretodasacristia.com\\\/home\\\/#\\\/schema\\\/person\\\/3d453ef1f7d57c0bb0990b8070642721\",\"name\":\"E. Mar\u00e7al\",\"image\":{\"@type\":\"ImageObject\",\"inLanguage\":\"pt-BR\",\"@id\":\"https:\\\/\\\/secure.gravatar.com\\\/avatar\\\/348ff80a5ddde3de6c8b6e0c5b066b733f9245285d9ab87cd2e2ff652ffa95b0?s=96&d=mm&r=g\",\"url\":\"https:\\\/\\\/secure.gravatar.com\\\/avatar\\\/348ff80a5ddde3de6c8b6e0c5b066b733f9245285d9ab87cd2e2ff652ffa95b0?s=96&d=mm&r=g\",\"contentUrl\":\"https:\\\/\\\/secure.gravatar.com\\\/avatar\\\/348ff80a5ddde3de6c8b6e0c5b066b733f9245285d9ab87cd2e2ff652ffa95b0?s=96&d=mm&r=g\",\"caption\":\"E. Mar\u00e7al\"},\"url\":\"https:\\\/\\\/diretodasacristia.com\\\/home\\\/author\\\/erick\\\/\"}]}<\/script>\n<!-- \/ Yoast SEO plugin. -->","yoast_head_json":{"title":"Bento XVI restitui mosteiro a beneditinos italianos - Direto da Sacristia","robots":{"index":"index","follow":"follow","max-snippet":"max-snippet:-1","max-image-preview":"max-image-preview:large","max-video-preview":"max-video-preview:-1"},"canonical":"https:\/\/diretodasacristia.com\/home\/bento-xvi\/bento-xvi-restitui-mosteiro-a-beneditinos-italianos\/","og_locale":"pt_BR","og_type":"article","og_title":"Bento XVI restitui mosteiro a beneditinos italianos - Direto da Sacristia","og_description":"Com informa\u00e7\u00f5es da Sala de Imprensa da Santa S\u00e9 Na semana passada, a Santa S\u00e9 emitiu um comunicado que p\u00f4s fim a uma controv\u00e9rsia que envolveu os monges beneditinos de Praglia e a diocese croata de Porec e Pula. No s\u00e9culo XVIII, os beneditinos de Praglia fundaram um mosteiro em Dajla, que foi confiscado pelas... Ver artigo","og_url":"https:\/\/diretodasacristia.com\/home\/bento-xvi\/bento-xvi-restitui-mosteiro-a-beneditinos-italianos\/","og_site_name":"Direto da Sacristia","article_publisher":"https:\/\/www.facebook.com\/DiretoSacristia","article_published_time":"2011-08-12T08:45:00+00:00","article_modified_time":"2015-06-21T12:07:24+00:00","og_image":[{"url":"http:\/\/i1.wp.com\/diretodasacristia.com\/home\/wp-content\/uploads\/2015\/06\/Papa-suspendirao-biskupa-Ivana-Milovana-zbog-spora-Porecko-pulske-biskupije-s-talijanskim-benediktincima-e1434888359424.jpg","type":"","width":"","height":""}],"author":"E. Mar\u00e7al","twitter_card":"summary_large_image","twitter_creator":"@diretosacristia","twitter_site":"@diretosacristia","twitter_misc":{"Escrito por":"E. Mar\u00e7al","Est. tempo de leitura":"3 minutos"},"schema":{"@context":"https:\/\/schema.org","@graph":[{"@type":"Article","@id":"https:\/\/diretodasacristia.com\/home\/bento-xvi\/bento-xvi-restitui-mosteiro-a-beneditinos-italianos\/#article","isPartOf":{"@id":"https:\/\/diretodasacristia.com\/home\/bento-xvi\/bento-xvi-restitui-mosteiro-a-beneditinos-italianos\/"},"author":{"name":"E. Mar\u00e7al","@id":"https:\/\/diretodasacristia.com\/home\/#\/schema\/person\/3d453ef1f7d57c0bb0990b8070642721"},"headline":"Bento XVI restitui mosteiro a beneditinos italianos","datePublished":"2011-08-12T08:45:00+00:00","dateModified":"2015-06-21T12:07:24+00:00","mainEntityOfPage":{"@id":"https:\/\/diretodasacristia.com\/home\/bento-xvi\/bento-xvi-restitui-mosteiro-a-beneditinos-italianos\/"},"wordCount":559,"commentCount":0,"publisher":{"@id":"https:\/\/diretodasacristia.com\/home\/#organization"},"image":{"@id":"https:\/\/diretodasacristia.com\/home\/bento-xvi\/bento-xvi-restitui-mosteiro-a-beneditinos-italianos\/#primaryimage"},"thumbnailUrl":"http:\/\/i1.wp.com\/diretodasacristia.com\/home\/wp-content\/uploads\/2015\/06\/Papa-suspendirao-biskupa-Ivana-Milovana-zbog-spora-Porecko-pulske-biskupije-s-talijanskim-benediktincima-e1434888359424.jpg","articleSection":["Bento XVI","Hierarquia","Not\u00edcias"],"inLanguage":"pt-BR","potentialAction":[{"@type":"CommentAction","name":"Comment","target":["https:\/\/diretodasacristia.com\/home\/bento-xvi\/bento-xvi-restitui-mosteiro-a-beneditinos-italianos\/#respond"]}]},{"@type":"WebPage","@id":"https:\/\/diretodasacristia.com\/home\/bento-xvi\/bento-xvi-restitui-mosteiro-a-beneditinos-italianos\/","url":"https:\/\/diretodasacristia.com\/home\/bento-xvi\/bento-xvi-restitui-mosteiro-a-beneditinos-italianos\/","name":"Bento XVI restitui mosteiro a beneditinos italianos - Direto da Sacristia","isPartOf":{"@id":"https:\/\/diretodasacristia.com\/home\/#website"},"primaryImageOfPage":{"@id":"https:\/\/diretodasacristia.com\/home\/bento-xvi\/bento-xvi-restitui-mosteiro-a-beneditinos-italianos\/#primaryimage"},"image":{"@id":"https:\/\/diretodasacristia.com\/home\/bento-xvi\/bento-xvi-restitui-mosteiro-a-beneditinos-italianos\/#primaryimage"},"thumbnailUrl":"http:\/\/i1.wp.com\/diretodasacristia.com\/home\/wp-content\/uploads\/2015\/06\/Papa-suspendirao-biskupa-Ivana-Milovana-zbog-spora-Porecko-pulske-biskupije-s-talijanskim-benediktincima-e1434888359424.jpg","datePublished":"2011-08-12T08:45:00+00:00","dateModified":"2015-06-21T12:07:24+00:00","breadcrumb":{"@id":"https:\/\/diretodasacristia.com\/home\/bento-xvi\/bento-xvi-restitui-mosteiro-a-beneditinos-italianos\/#breadcrumb"},"inLanguage":"pt-BR","potentialAction":[{"@type":"ReadAction","target":["https:\/\/diretodasacristia.com\/home\/bento-xvi\/bento-xvi-restitui-mosteiro-a-beneditinos-italianos\/"]}]},{"@type":"ImageObject","inLanguage":"pt-BR","@id":"https:\/\/diretodasacristia.com\/home\/bento-xvi\/bento-xvi-restitui-mosteiro-a-beneditinos-italianos\/#primaryimage","url":"http:\/\/i1.wp.com\/diretodasacristia.com\/home\/wp-content\/uploads\/2015\/06\/Papa-suspendirao-biskupa-Ivana-Milovana-zbog-spora-Porecko-pulske-biskupije-s-talijanskim-benediktincima-e1434888359424.jpg","contentUrl":"http:\/\/i1.wp.com\/diretodasacristia.com\/home\/wp-content\/uploads\/2015\/06\/Papa-suspendirao-biskupa-Ivana-Milovana-zbog-spora-Porecko-pulske-biskupije-s-talijanskim-benediktincima-e1434888359424.jpg"},{"@type":"BreadcrumbList","@id":"https:\/\/diretodasacristia.com\/home\/bento-xvi\/bento-xvi-restitui-mosteiro-a-beneditinos-italianos\/#breadcrumb","itemListElement":[{"@type":"ListItem","position":1,"name":"In\u00edcio","item":"https:\/\/diretodasacristia.com\/home\/"},{"@type":"ListItem","position":2,"name":"Bento XVI restitui mosteiro a beneditinos italianos"}]},{"@type":"WebSite","@id":"https:\/\/diretodasacristia.com\/home\/#website","url":"https:\/\/diretodasacristia.com\/home\/","name":"Direto da Sacristia","description":"Not\u00edcias e artigos sobre a f\u00e9 cat\u00f3lica","publisher":{"@id":"https:\/\/diretodasacristia.com\/home\/#organization"},"potentialAction":[{"@type":"SearchAction","target":{"@type":"EntryPoint","urlTemplate":"https:\/\/diretodasacristia.com\/home\/?s={search_term_string}"},"query-input":{"@type":"PropertyValueSpecification","valueRequired":true,"valueName":"search_term_string"}}],"inLanguage":"pt-BR"},{"@type":"Organization","@id":"https:\/\/diretodasacristia.com\/home\/#organization","name":"Direto da Sacristia","url":"https:\/\/diretodasacristia.com\/home\/","logo":{"@type":"ImageObject","inLanguage":"pt-BR","@id":"https:\/\/diretodasacristia.com\/home\/#\/schema\/logo\/image\/","url":"https:\/\/i0.wp.com\/diretodasacristia.com\/home\/wp-content\/uploads\/2012\/01\/marca-sacristia.png?fit=320%2C306&ssl=1","contentUrl":"https:\/\/i0.wp.com\/diretodasacristia.com\/home\/wp-content\/uploads\/2012\/01\/marca-sacristia.png?fit=320%2C306&ssl=1","width":"320","height":"306","caption":"Direto da Sacristia"},"image":{"@id":"https:\/\/diretodasacristia.com\/home\/#\/schema\/logo\/image\/"},"sameAs":["https:\/\/www.facebook.com\/DiretoSacristia","https:\/\/x.com\/diretosacristia","https:\/\/www.instagram.com\/diretodasacristia\/","https:\/\/www.youtube.com\/diretodasacristia"]},{"@type":"Person","@id":"https:\/\/diretodasacristia.com\/home\/#\/schema\/person\/3d453ef1f7d57c0bb0990b8070642721","name":"E. Mar\u00e7al","image":{"@type":"ImageObject","inLanguage":"pt-BR","@id":"https:\/\/secure.gravatar.com\/avatar\/348ff80a5ddde3de6c8b6e0c5b066b733f9245285d9ab87cd2e2ff652ffa95b0?s=96&d=mm&r=g","url":"https:\/\/secure.gravatar.com\/avatar\/348ff80a5ddde3de6c8b6e0c5b066b733f9245285d9ab87cd2e2ff652ffa95b0?s=96&d=mm&r=g","contentUrl":"https:\/\/secure.gravatar.com\/avatar\/348ff80a5ddde3de6c8b6e0c5b066b733f9245285d9ab87cd2e2ff652ffa95b0?s=96&d=mm&r=g","caption":"E. Mar\u00e7al"},"url":"https:\/\/diretodasacristia.com\/home\/author\/erick\/"}]}},"jetpack_publicize_connections":[],"jetpack_featured_media_url":"","jetpack_sharing_enabled":true,"jetpack_shortlink":"https:\/\/wp.me\/p24aG7-Dd","jetpack-related-posts":[{"id":246,"url":"https:\/\/diretodasacristia.com\/home\/boletim-santa-se\/nomeado-coadjutor-para-diocese-de-bispo-rebelde\/","url_meta":{"origin":2431,"position":0},"title":"Nomeado Coadjutor para diocese de bispo rebelde","author":"E. Mar\u00e7al","date":"17 de outubro de 2011","format":false,"excerpt":"Nomea\u00e7\u00e3o de Bispo coadjutor de Pore\u010d\u00a0e Pula Cro\u00e1cia O Santo Padre Bento XVI nomeou\u00a0Bispo coadjutor de Pore\u010d\u00a0e Pula (Cro\u00e1cia) o Rev.do Mons.\u00a0Dra\u017een Kutle\u0161a, at\u00e9 agora Oficial da Congrega\u00e7\u00e3o para os Bispos. O Rev.do Mons.\u00a0Dra\u017een Kutle\u0161a nasceu em 25 setembro 1968 em Tomislavgrad, em B\u00f3snia e Herzegovina. Depois de frequentar o\u2026","rel":"","context":"Em &quot;Boletim Santa S\u00e9&quot;","block_context":{"text":"Boletim Santa S\u00e9","link":"https:\/\/diretodasacristia.com\/home\/c\/boletim-santa-se\/"},"img":{"alt_text":"","src":"https:\/\/i0.wp.com\/static.nacional.hr\/img\/f3f9de82e0c9b05ae949f77b26129be3_700x550.jpg?resize=350%2C200","width":350,"height":200},"classes":[]},{"id":254,"url":"https:\/\/diretodasacristia.com\/home\/boletim-santa-se\/novo-arcipreste-de-santa-maria-maggiore\/","url_meta":{"origin":2431,"position":1},"title":"Novo arcipreste de Santa Maria Maggiore","author":"E. Mar\u00e7al","date":"31 de dezembro de 2011","format":false,"excerpt":"Do\u00a0boletim da Sala de Imprensa da Santa S\u00e9 O Santo Padre Bento XVI nomeou Arcipreste da Bas\u00edlica Papal de\u00a0Santa Maria Maggiore\u00a0em Roma S.E.R. Mons. Santos Abril y Castell\u00f3, Arcebispo titular de Tamada, Vice-camerlengo da Santa Igreja Romana. O novo Arcipreste substitui o norte-americano Cardeal Bernard Low, que ocupava o cargo\u2026","rel":"","context":"Em &quot;Boletim Santa S\u00e9&quot;","block_context":{"text":"Boletim Santa S\u00e9","link":"https:\/\/diretodasacristia.com\/home\/c\/boletim-santa-se\/"},"img":{"alt_text":"","src":"https:\/\/i0.wp.com\/diretodasacristia.com\/home\/wp-content\/uploads\/2011\/11\/arcebispo-Abril-y-Castell%C3%B3-300x199.jpg?resize=350%2C200","width":350,"height":200},"classes":[]},{"id":2424,"url":"https:\/\/diretodasacristia.com\/home\/sem-categoria\/novo-arcipreste-de-santa-maria-maggiore-2\/","url_meta":{"origin":2431,"position":2},"title":"Novo arcipreste de Santa Maria Maggiore","author":"E. Mar\u00e7al","date":"21 de novembro de 2011","format":false,"excerpt":"Do boletim da Sala de Imprensa da Santa S\u00e9Sua Excel\u00eancia Mons. Abril y Castell\u00f3Arcipreste eleito da Bas\u00edlica Liberiana76 anosO Santo Padre Bento XVI nomeou Arcipreste da Bas\u00edlica Papal de Santa Maria Maggiore em Roma S.E.R. Mons. Santos Abril y Castell\u00f3, Arcebispo titular de Tamada, Vice-camerlengo da Santa Igreja Romana.Sua Emin\u00eancia\u2026","rel":"","context":"Em &quot;Sem categoria&quot;","block_context":{"text":"Sem categoria","link":"https:\/\/diretodasacristia.com\/home\/c\/sem-categoria\/"},"img":{"alt_text":"","src":"https:\/\/i0.wp.com\/2.bp.blogspot.com\/_QwGoxfKfr5s\/TT3FxmjgpLI\/AAAAAAAAAUw\/fLfH26F5AeU\/s400\/arcebispo%2BAbril%2By%2BCastell%25C3%25B3.jpg?resize=350%2C200","width":350,"height":200},"classes":[]},{"id":4212,"url":"https:\/\/diretodasacristia.com\/home\/nomeacoes-episcopais\/o-papa-francisco-diminui-o-territorio-da-abadia-de-monte-cassino\/","url_meta":{"origin":2431,"position":3},"title":"O Papa Francisco diminui o territ\u00f3rio da Abadia de Monte Cassino","author":"E. Mar\u00e7al","date":"24 de outubro de 2014","format":false,"excerpt":"O Papa Francisco nomeou o novo Abade: Dom Donato Ogliari, ent\u00e3o Abade de Nossa Senhora da Escada, em Noci. Contudo, a nomea\u00e7\u00e3o pontif\u00edcia esteve acompanhada de uma novidade inesperada: a Abade Territorial limita-se agora apenas ao Monte e n\u00e3o mais \u00e0s 53 par\u00f3quias.","rel":"","context":"Em &quot;Destaque&quot;","block_context":{"text":"Destaque","link":"https:\/\/diretodasacristia.com\/home\/c\/destaque\/"},"img":{"alt_text":"DSC05138","src":"https:\/\/i0.wp.com\/diretodasacristia.com\/home\/wp-content\/uploads\/2014\/10\/DSC05138-1024x768.jpg?resize=350%2C200","width":350,"height":200,"srcset":"https:\/\/i0.wp.com\/diretodasacristia.com\/home\/wp-content\/uploads\/2014\/10\/DSC05138-1024x768.jpg?resize=350%2C200 1x, https:\/\/i0.wp.com\/diretodasacristia.com\/home\/wp-content\/uploads\/2014\/10\/DSC05138-1024x768.jpg?resize=525%2C300 1.5x, https:\/\/i0.wp.com\/diretodasacristia.com\/home\/wp-content\/uploads\/2014\/10\/DSC05138-1024x768.jpg?resize=700%2C400 2x"},"classes":[]},{"id":3811,"url":"https:\/\/diretodasacristia.com\/home\/brasil\/novo-abade-do-rio-de-janeiro\/","url_meta":{"origin":2431,"position":4},"title":"Novo Abade do Rio de Janeiro","author":"E. Mar\u00e7al","date":"8 de novembro de 2012","format":false,"excerpt":"Foi aceita a elei\u00e7\u00e3o abacial e a consequente transfer\u00eancia do Rev.do Dom Filipe da Silva, OSB, 50 anos, do Mosteiro de S\u00e3o Bento de Olinda para a Abadia Nossa Senhora do Monserrate do Rio de Janeiro.","rel":"","context":"Em &quot;Brasil&quot;","block_context":{"text":"Brasil","link":"https:\/\/diretodasacristia.com\/home\/c\/brasil\/"},"img":{"alt_text":"","src":"https:\/\/i0.wp.com\/diretodasacristia.com\/home\/wp-content\/uploads\/2012\/11\/Dom-Filipe-Silva-Abade.jpg?resize=350%2C200","width":350,"height":200},"classes":[]},{"id":2574,"url":"https:\/\/diretodasacristia.com\/home\/sem-categoria\/restauracao-da-congregacao-beneditina-do-brasil-2\/","url_meta":{"origin":2431,"position":5},"title":"Restaura\u00e7\u00e3o da Congrega\u00e7\u00e3o Beneditina do Brasil","author":"E. Mar\u00e7al","date":"22 de agosto de 2010","format":false,"excerpt":"115 anos da Restaura\u00e7\u00e3o da Congrega\u00e7\u00e3o Beneditina no Brasil Texto do Ir. Jo\u00e3o Cassiano, OSB do Mosteiro de S\u00e3o Bento de Olinda Mosteiro e igreja-bas\u00edlica abacial de S\u00e3o Bento de Olinda, Pernambuco onde S.E.R. Dom Gerard Van Caloen foi Abade No \u00faltimo dia 17 de agosto, a Congrega\u00e7\u00e3o Beneditina do\u2026","rel":"","context":"Em &quot;Sem categoria&quot;","block_context":{"text":"Sem categoria","link":"https:\/\/diretodasacristia.com\/home\/c\/sem-categoria\/"},"img":{"alt_text":"","src":"","width":0,"height":0},"classes":[]}],"post_mailing_queue_ids":[],"_links":{"self":[{"href":"https:\/\/diretodasacristia.com\/home\/wp-json\/wp\/v2\/posts\/2431","targetHints":{"allow":["GET"]}}],"collection":[{"href":"https:\/\/diretodasacristia.com\/home\/wp-json\/wp\/v2\/posts"}],"about":[{"href":"https:\/\/diretodasacristia.com\/home\/wp-json\/wp\/v2\/types\/post"}],"author":[{"embeddable":true,"href":"https:\/\/diretodasacristia.com\/home\/wp-json\/wp\/v2\/users\/3"}],"replies":[{"embeddable":true,"href":"https:\/\/diretodasacristia.com\/home\/wp-json\/wp\/v2\/comments?post=2431"}],"version-history":[{"count":2,"href":"https:\/\/diretodasacristia.com\/home\/wp-json\/wp\/v2\/posts\/2431\/revisions"}],"predecessor-version":[{"id":4525,"href":"https:\/\/diretodasacristia.com\/home\/wp-json\/wp\/v2\/posts\/2431\/revisions\/4525"}],"wp:attachment":[{"href":"https:\/\/diretodasacristia.com\/home\/wp-json\/wp\/v2\/media?parent=2431"}],"wp:term":[{"taxonomy":"category","embeddable":true,"href":"https:\/\/diretodasacristia.com\/home\/wp-json\/wp\/v2\/categories?post=2431"},{"taxonomy":"post_tag","embeddable":true,"href":"https:\/\/diretodasacristia.com\/home\/wp-json\/wp\/v2\/tags?post=2431"}],"curies":[{"name":"wp","href":"https:\/\/api.w.org\/{rel}","templated":true}]}}