{"id":2435,"date":"2011-07-27T10:28:00","date_gmt":"2011-07-27T10:28:00","guid":{"rendered":"http:\/\/diretodasacristia.com\/home\/sem-categoria\/novo-bispo-de-petrolina-2\/"},"modified":"2011-07-27T10:28:00","modified_gmt":"2011-07-27T10:28:00","slug":"novo-bispo-de-petrolina-2","status":"publish","type":"post","link":"https:\/\/diretodasacristia.com\/home\/sem-categoria\/novo-bispo-de-petrolina-2\/","title":{"rendered":"Novo Bispo de Petrolina"},"content":{"rendered":"<div style=\"text-align: center;\"><span class=\"Apple-style-span\"><u><br \/><\/u><\/span><\/div>\n<p><\/p>\n<div style=\"text-align: center;\"><span class=\"Apple-style-span\"><u><br \/><\/u><\/span><\/div>\n<div><span class=\"Apple-style-span\">Do <a href=\"http:\/\/press.catholica.va\/news_services\/bulletin\/news\/27855.php?index=27855&amp;lang=po#RINUNCIA DEL VESCOVO DI PETROLINA (BRASILE) E NOMINA DEL SUCCESSORE\">boletim da Sala de Imprensa da Santa S\u00e9<\/a><\/span><\/div>\n<div><span class=\"Apple-style-span\"><br \/><\/span><\/div>\n<div><span class=\"Apple-style-span\"><br \/><\/span><\/div>\n<div style=\"text-align: center;\"><span class=\"Apple-style-span\"><b>Ren\u00fancia do Bispo de Petrolina e nomea\u00e7\u00e3o do sucessor<\/b><\/span><\/div>\n<div><span class=\"Apple-style-span\"><br \/><\/span><\/div>\n<div><span class=\"Apple-style-span\"><br \/><\/span><\/div>\n<div><a href=\"http:\/\/1.bp.blogspot.com\/-PSUfvrhojWo\/TjAWEJxOTKI\/AAAAAAAACX8\/M-AsMYrxDZg\/s1600\/Dom%2BPaulo.png\" onblur=\"try {parent.deselectBloggerImageGracefully();} catch(e) {}\"><img decoding=\"async\" src=\"http:\/\/1.bp.blogspot.com\/-PSUfvrhojWo\/TjAWEJxOTKI\/AAAAAAAACX8\/M-AsMYrxDZg\/s400\/Dom%2BPaulo.png\" border=\"0\" alt=\"\" id=\"BLOGGER_PHOTO_ID_5634027394438155426\" style=\"display: block; margin-top: 0px; margin-right: auto; margin-bottom: 10px; margin-left: auto; text-align: center; cursor: pointer; width: 263px; height: 400px; \" \/><\/a><\/div>\n<div><\/div>\n<div style=\"text-align: justify;\"><span class=\"Apple-style-span\">O Santo Padre aceitou a ren\u00fancia ao governo pastoral da diocese de Petrolina (Pernambuco) apresentado por S.E.R. <b>Dom Paulo Cardoso da Silva<\/b>, bispo professo da Ordem dos Carmelitas, em conformidade com o c\u00e2non 401 \u00a7 1 do C\u00f3digo de Direito Can\u00f4nico.<\/span><\/div>\n<div style=\"text-align: justify;\"><span class=\"Apple-style-span\"><br \/><\/span><\/div>\n<div style=\"text-align: justify;\"><a href=\"http:\/\/geraldojose.com.br\/ckfinder\/userfiles\/images\/bispopetrolinanovo.jpg\" onblur=\"try {parent.deselectBloggerImageGracefully();} catch(e) {}\"><img decoding=\"async\" src=\"http:\/\/geraldojose.com.br\/ckfinder\/userfiles\/images\/bispopetrolinanovo.jpg\" border=\"0\" alt=\"\" style=\"display: block; margin-top: 0px; margin-right: auto; margin-bottom: 10px; margin-left: auto; text-align: center; cursor: pointer; width: 188px; height: 225px; \" \/><\/a><\/div>\n<div style=\"text-align: center;\"><span class=\"Apple-style-span\"><i>S.E.R. Dom Manoel dos Reis de Farias<\/i><\/span><\/div>\n<div style=\"text-align: center;\"><span class=\"Apple-style-span\"><i>65 anos<\/i><\/span><\/div>\n<div><\/div>\n<div style=\"text-align: justify;\"><span class=\"Apple-style-span\">O Papa nomeou Bispo de Petrolina S.E.R. Dom Manoel dos Reis de Farias, at\u00e9 agora Bispo de Patos (Para\u00edba).<\/span><\/div>\n<div style=\"text-align: justify;\"><span class=\"Apple-style-span\"><br \/><\/span><\/div>\n<div style=\"text-align: justify;\"><span class=\"Apple-style-span\">S.E.R. Dom Manoel dos Reis de Farias nasceu em Orob\u00f3, diocese de Nazar\u00e9 (Pernambuco), em 23 abril 1946. Depois dos estudos elementares realizados no Col\u00e9gio Pio XI dos Irm\u00e3os Maristas, em Surubim, diocese de Nazar\u00e9, frequentou o curso de Filosofia no Instituto &#8220;Estrela Mission\u00e1ria&#8221; em Nova Igua\u00e7u (Rio de Janeiro). Em seguida, iniciou o curso de Teologia na Escola de Teologia do Mosteiro S\u00e3o Bento do Rio de Janeiro e o concluiu na Escola de Teologia do Mosteiro S\u00e3o Bento de Olinda.<\/span><\/div>\n<div style=\"text-align: justify;\"><span class=\"Apple-style-span\"><br \/><\/span><\/div>\n<div style=\"text-align: justify;\"><span class=\"Apple-style-span\">Foi ordenado sacerdote em 06 janeiro 1983, em Orob\u00f3, para a diocese de Nazar\u00e9.<\/span><\/div>\n<div style=\"text-align: justify;\"><span class=\"Apple-style-span\"><br \/><\/span><\/div>\n<div style=\"text-align: justify;\"><span class=\"Apple-style-span\">No curso do minist\u00e9rio sacerdotal, desempenhou, dentre v\u00e1rios outros, os seguintes encargos: Vice-reitor do Semin\u00e1rio Arquiepiscopal de Olinda e Recife (1987); Membro do Conselho Presbiteral e do Col\u00e9gio dos Consultores da diocese de Nazar\u00e9.<\/span><\/div>\n<div style=\"text-align: justify;\"><span class=\"Apple-style-span\"><br \/><\/span><\/div>\n<div style=\"text-align: justify;\"><span class=\"Apple-style-span\">Em 08 agosto 2001 foi eleito Bispo de Patos e recebeu a sagra\u00e7\u00e3o episcopal em 10 outubro do mesmo ano, em cerim\u00f4nia presidida por S.E.R Dom Jorge Tobias de Freitas, ent\u00e3o Bispo de Nazar\u00e9. Ingressou em sua Catedral e iniciou o seu minist\u00e9rio episcopal em 01 dezembro sucessivo.<\/span><\/div>\n<div style=\"text-align: justify;\"><span class=\"Apple-style-span\"><br \/><\/span><\/div>\n<div style=\"text-align: justify;\"><span class=\"Apple-style-span\">O novo Bispo de Petrolina tomar\u00e1 posse de sua Catedral em 01 outubro.<\/span><\/div>\n<div style=\"text-align: justify;\"><span class=\"Apple-style-span\"><br \/><\/span><\/div>\n","protected":false},"excerpt":{"rendered":"Do boletim da Sala de Imprensa da Santa S\u00e9 Ren\u00fancia do Bispo de Petrolina e nomea\u00e7\u00e3o do sucessor O Santo Padre aceitou a ren\u00fancia ao governo pastoral da diocese de Petrolina (Pernambuco) apresentado por S.E.R. Dom Paulo Cardoso da Silva, bispo professo da Ordem dos Carmelitas, em conformidade com o c\u00e2non 401 \u00a7 1 do&#8230; <a class=\"view-article\" href=\"https:\/\/diretodasacristia.com\/home\/sem-categoria\/novo-bispo-de-petrolina-2\/\">Ver artigo<\/a>","protected":false},"author":3,"featured_media":0,"comment_status":"open","ping_status":"open","sticky":false,"template":"","format":"standard","meta":{"jetpack_post_was_ever_published":false,"_jetpack_newsletter_access":"","_jetpack_dont_email_post_to_subs":false,"_jetpack_newsletter_tier_id":0,"_jetpack_memberships_contains_paywalled_content":false,"_jetpack_memberships_contains_paid_content":false,"_joinchat":[],"footnotes":"","jetpack_publicize_message":"","jetpack_publicize_feature_enabled":true,"jetpack_social_post_already_shared":false,"jetpack_social_options":{"image_generator_settings":{"template":"highway","default_image_id":0,"font":"","enabled":false},"version":2}},"categories":[1],"tags":[],"class_list":["post-2435","post","type-post","status-publish","format-standard","hentry","category-sem-categoria"],"yoast_head":"<!-- This site is optimized with the Yoast SEO plugin v27.4 - https:\/\/yoast.com\/product\/yoast-seo-wordpress\/ -->\n<title>Novo Bispo de Petrolina - Direto da Sacristia<\/title>\n<meta name=\"robots\" content=\"index, follow, max-snippet:-1, max-image-preview:large, max-video-preview:-1\" \/>\n<link rel=\"canonical\" href=\"https:\/\/diretodasacristia.com\/home\/sem-categoria\/novo-bispo-de-petrolina-2\/\" \/>\n<meta property=\"og:locale\" content=\"pt_BR\" \/>\n<meta property=\"og:type\" content=\"article\" \/>\n<meta property=\"og:title\" content=\"Novo Bispo de Petrolina - Direto da Sacristia\" \/>\n<meta property=\"og:description\" content=\"Do boletim da Sala de Imprensa da Santa S\u00e9 Ren\u00fancia do Bispo de Petrolina e nomea\u00e7\u00e3o do sucessor O Santo Padre aceitou a ren\u00fancia ao governo pastoral da diocese de Petrolina (Pernambuco) apresentado por S.E.R. Dom Paulo Cardoso da Silva, bispo professo da Ordem dos Carmelitas, em conformidade com o c\u00e2non 401 \u00a7 1 do... Ver artigo\" \/>\n<meta property=\"og:url\" content=\"https:\/\/diretodasacristia.com\/home\/sem-categoria\/novo-bispo-de-petrolina-2\/\" \/>\n<meta property=\"og:site_name\" content=\"Direto da Sacristia\" \/>\n<meta property=\"article:publisher\" content=\"https:\/\/www.facebook.com\/DiretoSacristia\" \/>\n<meta property=\"article:published_time\" content=\"2011-07-27T10:28:00+00:00\" \/>\n<meta property=\"og:image\" content=\"http:\/\/1.bp.blogspot.com\/-PSUfvrhojWo\/TjAWEJxOTKI\/AAAAAAAACX8\/M-AsMYrxDZg\/s400\/Dom%2BPaulo.png\" \/>\n<meta name=\"author\" content=\"E. Mar\u00e7al\" \/>\n<meta name=\"twitter:card\" content=\"summary_large_image\" \/>\n<meta name=\"twitter:creator\" content=\"@diretosacristia\" \/>\n<meta name=\"twitter:site\" content=\"@diretosacristia\" \/>\n<meta name=\"twitter:label1\" content=\"Escrito por\" \/>\n\t<meta name=\"twitter:data1\" content=\"E. Mar\u00e7al\" \/>\n\t<meta name=\"twitter:label2\" content=\"Est. tempo de leitura\" \/>\n\t<meta name=\"twitter:data2\" content=\"1 minuto\" \/>\n<script type=\"application\/ld+json\" class=\"yoast-schema-graph\">{\"@context\":\"https:\\\/\\\/schema.org\",\"@graph\":[{\"@type\":\"Article\",\"@id\":\"https:\\\/\\\/diretodasacristia.com\\\/home\\\/sem-categoria\\\/novo-bispo-de-petrolina-2\\\/#article\",\"isPartOf\":{\"@id\":\"https:\\\/\\\/diretodasacristia.com\\\/home\\\/sem-categoria\\\/novo-bispo-de-petrolina-2\\\/\"},\"author\":{\"name\":\"E. Mar\u00e7al\",\"@id\":\"https:\\\/\\\/diretodasacristia.com\\\/home\\\/#\\\/schema\\\/person\\\/3d453ef1f7d57c0bb0990b8070642721\"},\"headline\":\"Novo Bispo de Petrolina\",\"datePublished\":\"2011-07-27T10:28:00+00:00\",\"mainEntityOfPage\":{\"@id\":\"https:\\\/\\\/diretodasacristia.com\\\/home\\\/sem-categoria\\\/novo-bispo-de-petrolina-2\\\/\"},\"wordCount\":299,\"commentCount\":0,\"publisher\":{\"@id\":\"https:\\\/\\\/diretodasacristia.com\\\/home\\\/#organization\"},\"image\":{\"@id\":\"https:\\\/\\\/diretodasacristia.com\\\/home\\\/sem-categoria\\\/novo-bispo-de-petrolina-2\\\/#primaryimage\"},\"thumbnailUrl\":\"http:\\\/\\\/1.bp.blogspot.com\\\/-PSUfvrhojWo\\\/TjAWEJxOTKI\\\/AAAAAAAACX8\\\/M-AsMYrxDZg\\\/s400\\\/Dom%2BPaulo.png\",\"inLanguage\":\"pt-BR\",\"potentialAction\":[{\"@type\":\"CommentAction\",\"name\":\"Comment\",\"target\":[\"https:\\\/\\\/diretodasacristia.com\\\/home\\\/sem-categoria\\\/novo-bispo-de-petrolina-2\\\/#respond\"]}]},{\"@type\":\"WebPage\",\"@id\":\"https:\\\/\\\/diretodasacristia.com\\\/home\\\/sem-categoria\\\/novo-bispo-de-petrolina-2\\\/\",\"url\":\"https:\\\/\\\/diretodasacristia.com\\\/home\\\/sem-categoria\\\/novo-bispo-de-petrolina-2\\\/\",\"name\":\"Novo Bispo de Petrolina - Direto da Sacristia\",\"isPartOf\":{\"@id\":\"https:\\\/\\\/diretodasacristia.com\\\/home\\\/#website\"},\"primaryImageOfPage\":{\"@id\":\"https:\\\/\\\/diretodasacristia.com\\\/home\\\/sem-categoria\\\/novo-bispo-de-petrolina-2\\\/#primaryimage\"},\"image\":{\"@id\":\"https:\\\/\\\/diretodasacristia.com\\\/home\\\/sem-categoria\\\/novo-bispo-de-petrolina-2\\\/#primaryimage\"},\"thumbnailUrl\":\"http:\\\/\\\/1.bp.blogspot.com\\\/-PSUfvrhojWo\\\/TjAWEJxOTKI\\\/AAAAAAAACX8\\\/M-AsMYrxDZg\\\/s400\\\/Dom%2BPaulo.png\",\"datePublished\":\"2011-07-27T10:28:00+00:00\",\"breadcrumb\":{\"@id\":\"https:\\\/\\\/diretodasacristia.com\\\/home\\\/sem-categoria\\\/novo-bispo-de-petrolina-2\\\/#breadcrumb\"},\"inLanguage\":\"pt-BR\",\"potentialAction\":[{\"@type\":\"ReadAction\",\"target\":[\"https:\\\/\\\/diretodasacristia.com\\\/home\\\/sem-categoria\\\/novo-bispo-de-petrolina-2\\\/\"]}]},{\"@type\":\"ImageObject\",\"inLanguage\":\"pt-BR\",\"@id\":\"https:\\\/\\\/diretodasacristia.com\\\/home\\\/sem-categoria\\\/novo-bispo-de-petrolina-2\\\/#primaryimage\",\"url\":\"http:\\\/\\\/1.bp.blogspot.com\\\/-PSUfvrhojWo\\\/TjAWEJxOTKI\\\/AAAAAAAACX8\\\/M-AsMYrxDZg\\\/s400\\\/Dom%2BPaulo.png\",\"contentUrl\":\"http:\\\/\\\/1.bp.blogspot.com\\\/-PSUfvrhojWo\\\/TjAWEJxOTKI\\\/AAAAAAAACX8\\\/M-AsMYrxDZg\\\/s400\\\/Dom%2BPaulo.png\"},{\"@type\":\"BreadcrumbList\",\"@id\":\"https:\\\/\\\/diretodasacristia.com\\\/home\\\/sem-categoria\\\/novo-bispo-de-petrolina-2\\\/#breadcrumb\",\"itemListElement\":[{\"@type\":\"ListItem\",\"position\":1,\"name\":\"In\u00edcio\",\"item\":\"https:\\\/\\\/diretodasacristia.com\\\/home\\\/\"},{\"@type\":\"ListItem\",\"position\":2,\"name\":\"Novo Bispo de Petrolina\"}]},{\"@type\":\"WebSite\",\"@id\":\"https:\\\/\\\/diretodasacristia.com\\\/home\\\/#website\",\"url\":\"https:\\\/\\\/diretodasacristia.com\\\/home\\\/\",\"name\":\"Direto da Sacristia\",\"description\":\"Not\u00edcias e artigos sobre a f\u00e9 cat\u00f3lica\",\"publisher\":{\"@id\":\"https:\\\/\\\/diretodasacristia.com\\\/home\\\/#organization\"},\"potentialAction\":[{\"@type\":\"SearchAction\",\"target\":{\"@type\":\"EntryPoint\",\"urlTemplate\":\"https:\\\/\\\/diretodasacristia.com\\\/home\\\/?s={search_term_string}\"},\"query-input\":{\"@type\":\"PropertyValueSpecification\",\"valueRequired\":true,\"valueName\":\"search_term_string\"}}],\"inLanguage\":\"pt-BR\"},{\"@type\":\"Organization\",\"@id\":\"https:\\\/\\\/diretodasacristia.com\\\/home\\\/#organization\",\"name\":\"Direto da Sacristia\",\"url\":\"https:\\\/\\\/diretodasacristia.com\\\/home\\\/\",\"logo\":{\"@type\":\"ImageObject\",\"inLanguage\":\"pt-BR\",\"@id\":\"https:\\\/\\\/diretodasacristia.com\\\/home\\\/#\\\/schema\\\/logo\\\/image\\\/\",\"url\":\"https:\\\/\\\/i0.wp.com\\\/diretodasacristia.com\\\/home\\\/wp-content\\\/uploads\\\/2012\\\/01\\\/marca-sacristia.png?fit=320%2C306&ssl=1\",\"contentUrl\":\"https:\\\/\\\/i0.wp.com\\\/diretodasacristia.com\\\/home\\\/wp-content\\\/uploads\\\/2012\\\/01\\\/marca-sacristia.png?fit=320%2C306&ssl=1\",\"width\":\"320\",\"height\":\"306\",\"caption\":\"Direto da Sacristia\"},\"image\":{\"@id\":\"https:\\\/\\\/diretodasacristia.com\\\/home\\\/#\\\/schema\\\/logo\\\/image\\\/\"},\"sameAs\":[\"https:\\\/\\\/www.facebook.com\\\/DiretoSacristia\",\"https:\\\/\\\/x.com\\\/diretosacristia\",\"https:\\\/\\\/www.instagram.com\\\/diretodasacristia\\\/\",\"https:\\\/\\\/www.youtube.com\\\/diretodasacristia\"]},{\"@type\":\"Person\",\"@id\":\"https:\\\/\\\/diretodasacristia.com\\\/home\\\/#\\\/schema\\\/person\\\/3d453ef1f7d57c0bb0990b8070642721\",\"name\":\"E. Mar\u00e7al\",\"image\":{\"@type\":\"ImageObject\",\"inLanguage\":\"pt-BR\",\"@id\":\"https:\\\/\\\/secure.gravatar.com\\\/avatar\\\/348ff80a5ddde3de6c8b6e0c5b066b733f9245285d9ab87cd2e2ff652ffa95b0?s=96&d=mm&r=g\",\"url\":\"https:\\\/\\\/secure.gravatar.com\\\/avatar\\\/348ff80a5ddde3de6c8b6e0c5b066b733f9245285d9ab87cd2e2ff652ffa95b0?s=96&d=mm&r=g\",\"contentUrl\":\"https:\\\/\\\/secure.gravatar.com\\\/avatar\\\/348ff80a5ddde3de6c8b6e0c5b066b733f9245285d9ab87cd2e2ff652ffa95b0?s=96&d=mm&r=g\",\"caption\":\"E. Mar\u00e7al\"},\"url\":\"https:\\\/\\\/diretodasacristia.com\\\/home\\\/author\\\/erick\\\/\"}]}<\/script>\n<!-- \/ Yoast SEO plugin. -->","yoast_head_json":{"title":"Novo Bispo de Petrolina - Direto da Sacristia","robots":{"index":"index","follow":"follow","max-snippet":"max-snippet:-1","max-image-preview":"max-image-preview:large","max-video-preview":"max-video-preview:-1"},"canonical":"https:\/\/diretodasacristia.com\/home\/sem-categoria\/novo-bispo-de-petrolina-2\/","og_locale":"pt_BR","og_type":"article","og_title":"Novo Bispo de Petrolina - Direto da Sacristia","og_description":"Do boletim da Sala de Imprensa da Santa S\u00e9 Ren\u00fancia do Bispo de Petrolina e nomea\u00e7\u00e3o do sucessor O Santo Padre aceitou a ren\u00fancia ao governo pastoral da diocese de Petrolina (Pernambuco) apresentado por S.E.R. Dom Paulo Cardoso da Silva, bispo professo da Ordem dos Carmelitas, em conformidade com o c\u00e2non 401 \u00a7 1 do... Ver artigo","og_url":"https:\/\/diretodasacristia.com\/home\/sem-categoria\/novo-bispo-de-petrolina-2\/","og_site_name":"Direto da Sacristia","article_publisher":"https:\/\/www.facebook.com\/DiretoSacristia","article_published_time":"2011-07-27T10:28:00+00:00","og_image":[{"url":"http:\/\/1.bp.blogspot.com\/-PSUfvrhojWo\/TjAWEJxOTKI\/AAAAAAAACX8\/M-AsMYrxDZg\/s400\/Dom%2BPaulo.png","type":"","width":"","height":""}],"author":"E. Mar\u00e7al","twitter_card":"summary_large_image","twitter_creator":"@diretosacristia","twitter_site":"@diretosacristia","twitter_misc":{"Escrito por":"E. Mar\u00e7al","Est. tempo de leitura":"1 minuto"},"schema":{"@context":"https:\/\/schema.org","@graph":[{"@type":"Article","@id":"https:\/\/diretodasacristia.com\/home\/sem-categoria\/novo-bispo-de-petrolina-2\/#article","isPartOf":{"@id":"https:\/\/diretodasacristia.com\/home\/sem-categoria\/novo-bispo-de-petrolina-2\/"},"author":{"name":"E. Mar\u00e7al","@id":"https:\/\/diretodasacristia.com\/home\/#\/schema\/person\/3d453ef1f7d57c0bb0990b8070642721"},"headline":"Novo Bispo de Petrolina","datePublished":"2011-07-27T10:28:00+00:00","mainEntityOfPage":{"@id":"https:\/\/diretodasacristia.com\/home\/sem-categoria\/novo-bispo-de-petrolina-2\/"},"wordCount":299,"commentCount":0,"publisher":{"@id":"https:\/\/diretodasacristia.com\/home\/#organization"},"image":{"@id":"https:\/\/diretodasacristia.com\/home\/sem-categoria\/novo-bispo-de-petrolina-2\/#primaryimage"},"thumbnailUrl":"http:\/\/1.bp.blogspot.com\/-PSUfvrhojWo\/TjAWEJxOTKI\/AAAAAAAACX8\/M-AsMYrxDZg\/s400\/Dom%2BPaulo.png","inLanguage":"pt-BR","potentialAction":[{"@type":"CommentAction","name":"Comment","target":["https:\/\/diretodasacristia.com\/home\/sem-categoria\/novo-bispo-de-petrolina-2\/#respond"]}]},{"@type":"WebPage","@id":"https:\/\/diretodasacristia.com\/home\/sem-categoria\/novo-bispo-de-petrolina-2\/","url":"https:\/\/diretodasacristia.com\/home\/sem-categoria\/novo-bispo-de-petrolina-2\/","name":"Novo Bispo de Petrolina - Direto da Sacristia","isPartOf":{"@id":"https:\/\/diretodasacristia.com\/home\/#website"},"primaryImageOfPage":{"@id":"https:\/\/diretodasacristia.com\/home\/sem-categoria\/novo-bispo-de-petrolina-2\/#primaryimage"},"image":{"@id":"https:\/\/diretodasacristia.com\/home\/sem-categoria\/novo-bispo-de-petrolina-2\/#primaryimage"},"thumbnailUrl":"http:\/\/1.bp.blogspot.com\/-PSUfvrhojWo\/TjAWEJxOTKI\/AAAAAAAACX8\/M-AsMYrxDZg\/s400\/Dom%2BPaulo.png","datePublished":"2011-07-27T10:28:00+00:00","breadcrumb":{"@id":"https:\/\/diretodasacristia.com\/home\/sem-categoria\/novo-bispo-de-petrolina-2\/#breadcrumb"},"inLanguage":"pt-BR","potentialAction":[{"@type":"ReadAction","target":["https:\/\/diretodasacristia.com\/home\/sem-categoria\/novo-bispo-de-petrolina-2\/"]}]},{"@type":"ImageObject","inLanguage":"pt-BR","@id":"https:\/\/diretodasacristia.com\/home\/sem-categoria\/novo-bispo-de-petrolina-2\/#primaryimage","url":"http:\/\/1.bp.blogspot.com\/-PSUfvrhojWo\/TjAWEJxOTKI\/AAAAAAAACX8\/M-AsMYrxDZg\/s400\/Dom%2BPaulo.png","contentUrl":"http:\/\/1.bp.blogspot.com\/-PSUfvrhojWo\/TjAWEJxOTKI\/AAAAAAAACX8\/M-AsMYrxDZg\/s400\/Dom%2BPaulo.png"},{"@type":"BreadcrumbList","@id":"https:\/\/diretodasacristia.com\/home\/sem-categoria\/novo-bispo-de-petrolina-2\/#breadcrumb","itemListElement":[{"@type":"ListItem","position":1,"name":"In\u00edcio","item":"https:\/\/diretodasacristia.com\/home\/"},{"@type":"ListItem","position":2,"name":"Novo Bispo de Petrolina"}]},{"@type":"WebSite","@id":"https:\/\/diretodasacristia.com\/home\/#website","url":"https:\/\/diretodasacristia.com\/home\/","name":"Direto da Sacristia","description":"Not\u00edcias e artigos sobre a f\u00e9 cat\u00f3lica","publisher":{"@id":"https:\/\/diretodasacristia.com\/home\/#organization"},"potentialAction":[{"@type":"SearchAction","target":{"@type":"EntryPoint","urlTemplate":"https:\/\/diretodasacristia.com\/home\/?s={search_term_string}"},"query-input":{"@type":"PropertyValueSpecification","valueRequired":true,"valueName":"search_term_string"}}],"inLanguage":"pt-BR"},{"@type":"Organization","@id":"https:\/\/diretodasacristia.com\/home\/#organization","name":"Direto da Sacristia","url":"https:\/\/diretodasacristia.com\/home\/","logo":{"@type":"ImageObject","inLanguage":"pt-BR","@id":"https:\/\/diretodasacristia.com\/home\/#\/schema\/logo\/image\/","url":"https:\/\/i0.wp.com\/diretodasacristia.com\/home\/wp-content\/uploads\/2012\/01\/marca-sacristia.png?fit=320%2C306&ssl=1","contentUrl":"https:\/\/i0.wp.com\/diretodasacristia.com\/home\/wp-content\/uploads\/2012\/01\/marca-sacristia.png?fit=320%2C306&ssl=1","width":"320","height":"306","caption":"Direto da Sacristia"},"image":{"@id":"https:\/\/diretodasacristia.com\/home\/#\/schema\/logo\/image\/"},"sameAs":["https:\/\/www.facebook.com\/DiretoSacristia","https:\/\/x.com\/diretosacristia","https:\/\/www.instagram.com\/diretodasacristia\/","https:\/\/www.youtube.com\/diretodasacristia"]},{"@type":"Person","@id":"https:\/\/diretodasacristia.com\/home\/#\/schema\/person\/3d453ef1f7d57c0bb0990b8070642721","name":"E. Mar\u00e7al","image":{"@type":"ImageObject","inLanguage":"pt-BR","@id":"https:\/\/secure.gravatar.com\/avatar\/348ff80a5ddde3de6c8b6e0c5b066b733f9245285d9ab87cd2e2ff652ffa95b0?s=96&d=mm&r=g","url":"https:\/\/secure.gravatar.com\/avatar\/348ff80a5ddde3de6c8b6e0c5b066b733f9245285d9ab87cd2e2ff652ffa95b0?s=96&d=mm&r=g","contentUrl":"https:\/\/secure.gravatar.com\/avatar\/348ff80a5ddde3de6c8b6e0c5b066b733f9245285d9ab87cd2e2ff652ffa95b0?s=96&d=mm&r=g","caption":"E. Mar\u00e7al"},"url":"https:\/\/diretodasacristia.com\/home\/author\/erick\/"}]}},"jetpack_publicize_connections":[],"jetpack_featured_media_url":"","jetpack_sharing_enabled":true,"jetpack_shortlink":"https:\/\/wp.me\/p24aG7-Dh","jetpack-related-posts":[{"id":2535,"url":"https:\/\/diretodasacristia.com\/home\/sem-categoria\/boletim-da-sala-de-imprensa-da-santa-se-2\/","url_meta":{"origin":2435,"position":0},"title":"Boletim da Sala de Imprensa da Santa S\u00e9","author":"E. Mar\u00e7al","date":"11 de setembro de 2010","format":false,"excerpt":"Do boletim da Sala de Imprensa da Santa S\u00e9 A Audi\u00eancia O Santo Padre Bento XVI recebeu nesta manh\u00e3 em audi\u00eancia no Pal\u00e1cio Apost\u00f3lico de Castel Gandolfo:S.E.R. Mons. Reinhard MarxArcebispo de Munique e FrisingaS.E.R. Mons. Reinhard Marx, Arcebispo de Munique e Frisinga (Alemanha); Os bispo de recente nomea\u00e7\u00e3o participantes no\u2026","rel":"","context":"Em &quot;Sem categoria&quot;","block_context":{"text":"Sem categoria","link":"https:\/\/diretodasacristia.com\/home\/c\/sem-categoria\/"},"img":{"alt_text":"","src":"","width":0,"height":0},"classes":[]},{"id":3802,"url":"https:\/\/diretodasacristia.com\/home\/boletim-santa-se\/novo-bispo-de-patos\/","url_meta":{"origin":2435,"position":1},"title":"Novo Bispo de Patos","author":"E. Mar\u00e7al","date":"7 de novembro de 2012","format":false,"excerpt":"O Santo Padre Bento XVI nomeou hoje Bispo da Diocese de Patos (Para\u00edba) o Pe. Eraldo Bispo da Silva, 46 anos, do clero da diocese de Barreiras (BA), at\u00e9 agora Vig\u00e1rio-geral na mesma diocese.","rel":"","context":"Em &quot;Boletim Santa S\u00e9&quot;","block_context":{"text":"Boletim Santa S\u00e9","link":"https:\/\/diretodasacristia.com\/home\/c\/boletim-santa-se\/"},"img":{"alt_text":"","src":"https:\/\/i0.wp.com\/diretodasacristia.com\/home\/wp-content\/uploads\/2012\/11\/Pe.-Eraldo-Bispo-Bispo-de-Patos.jpg?resize=350%2C200","width":350,"height":200,"srcset":"https:\/\/i0.wp.com\/diretodasacristia.com\/home\/wp-content\/uploads\/2012\/11\/Pe.-Eraldo-Bispo-Bispo-de-Patos.jpg?resize=350%2C200 1x, https:\/\/i0.wp.com\/diretodasacristia.com\/home\/wp-content\/uploads\/2012\/11\/Pe.-Eraldo-Bispo-Bispo-de-Patos.jpg?resize=525%2C300 1.5x"},"classes":[]},{"id":98,"url":"https:\/\/diretodasacristia.com\/home\/sem-categoria\/ultimas-nomeacoes-e-renuncias-episcopais-2\/","url_meta":{"origin":2435,"position":2},"title":"\u00daltimas nomea\u00e7\u00f5es e ren\u00fancias episcopais","author":"E. Mar\u00e7al","date":"1 de mar\u00e7o de 2011","format":false,"excerpt":"Do boletim da Sala de Imprensa da Santa S\u00e9Nomea\u00e7\u00e3o do Arcebispo Metropolitano de Qu\u00e9becCanad\u00e122.fevereiro.2011Mons. G\u00e9rald Cyprien LacroixArcebispo eleito de Qu\u00e9becVacante desde a nomea\u00e7\u00e3o do Cardeal Marc Ouellet para Prefeito da Congrega\u00e7\u00e3o para os Bispos, O Santo Padre Bento XVI nomeou Arcebispo Metropolitano de Qu\u00e9bec (Canad\u00e1) S.E.R. Mons. G\u00e9rald Cyprien Lacroix,\u2026","rel":"","context":"Em &quot;Sem categoria&quot;","block_context":{"text":"Sem categoria","link":"https:\/\/diretodasacristia.com\/home\/c\/sem-categoria\/"},"img":{"alt_text":"","src":"","width":0,"height":0},"classes":[]},{"id":2507,"url":"https:\/\/diretodasacristia.com\/home\/sem-categoria\/nomeacoes-e-renuncias-episcopais\/","url_meta":{"origin":2435,"position":3},"title":"Nomea\u00e7\u00f5es e ren\u00fancias episcopais","author":"E. Mar\u00e7al","date":"11 de outubro de 2010","format":false,"excerpt":"Do boletim da Sala de Imprensa da Santa S\u00e9Ren\u00fancia do Arcebispo de Turim (It\u00e1lia)e nomea\u00e7\u00e3o do sucessorSua Emin\u00eancia Cardeal Severino PolettoCardeal-presb\u00edtero de San Giuseppe in via TrionfaleArcebipo em\u00e9rito de TurimO Santo Padre Bento XVI aceitou a ren\u00fancia ao governo pastoral da Arquidiocese de Turim (Brasil), apresentada do Em.mo Cardeal Severino\u2026","rel":"","context":"Em &quot;Sem categoria&quot;","block_context":{"text":"Sem categoria","link":"https:\/\/diretodasacristia.com\/home\/c\/sem-categoria\/"},"img":{"alt_text":"","src":"","width":0,"height":0},"classes":[]},{"id":1766,"url":"https:\/\/diretodasacristia.com\/home\/brasil\/1766\/","url_meta":{"origin":2435,"position":4},"title":"Bispos para S\u00e3o F\u00e9lix, Fortaleza e Salvador","author":"E. Mar\u00e7al","date":"21 de mar\u00e7o de 2012","format":false,"excerpt":"Do boletim da Sala de Imprensa da Santa S\u00e9 Nomea\u00e7\u00e3o do Bispo Prelado de S\u00e3o F\u00e9lix Dom Adriano Ciocca Bispo prelado eleito de S\u00e3o F\u00e9lix 62 anos\u00a0 O Santo Padre Bento XVI nomeou Bispo Prelado de S\u00e3o F\u00e9lix Sua Ex.cia Dom Adriano Ciocca Vasino, at\u00e9 agora Bispo de Floresta. Sua\u2026","rel":"","context":"Em &quot;Brasil&quot;","block_context":{"text":"Brasil","link":"https:\/\/diretodasacristia.com\/home\/c\/brasil\/"},"img":{"alt_text":"","src":"https:\/\/i0.wp.com\/diretodasacristia.com\/home\/wp-content\/uploads\/2012\/03\/Adriano-Ciocca.jpg?resize=350%2C200","width":350,"height":200},"classes":[]},{"id":2478,"url":"https:\/\/diretodasacristia.com\/home\/sem-categoria\/novos-arcebispo-e-auxiliar-de-porto-principe-2\/","url_meta":{"origin":2435,"position":5},"title":"Novos Arcebispo e Auxiliar de Porto Pr\u00edncipe","author":"E. Mar\u00e7al","date":"12 de janeiro de 2011","format":false,"excerpt":"H\u00e1 examente um ano do terremoto que atingiu e devastou parte do Haiti e vitimou, entre outras milhares de pessoas, o Arcebispo da capital do pa\u00eds, o Santo Padre nomeou um novo Arcebispo e um novo Bispo Auxiliar para Porto Pr\u00edncipe - S.E.R. Mons. Joseph Lafontant, Bispo Auxiliar, n\u00e3o pereceu\u2026","rel":"","context":"Em &quot;Sem categoria&quot;","block_context":{"text":"Sem categoria","link":"https:\/\/diretodasacristia.com\/home\/c\/sem-categoria\/"},"img":{"alt_text":"","src":"","width":0,"height":0},"classes":[]}],"post_mailing_queue_ids":[],"_links":{"self":[{"href":"https:\/\/diretodasacristia.com\/home\/wp-json\/wp\/v2\/posts\/2435","targetHints":{"allow":["GET"]}}],"collection":[{"href":"https:\/\/diretodasacristia.com\/home\/wp-json\/wp\/v2\/posts"}],"about":[{"href":"https:\/\/diretodasacristia.com\/home\/wp-json\/wp\/v2\/types\/post"}],"author":[{"embeddable":true,"href":"https:\/\/diretodasacristia.com\/home\/wp-json\/wp\/v2\/users\/3"}],"replies":[{"embeddable":true,"href":"https:\/\/diretodasacristia.com\/home\/wp-json\/wp\/v2\/comments?post=2435"}],"version-history":[{"count":0,"href":"https:\/\/diretodasacristia.com\/home\/wp-json\/wp\/v2\/posts\/2435\/revisions"}],"wp:attachment":[{"href":"https:\/\/diretodasacristia.com\/home\/wp-json\/wp\/v2\/media?parent=2435"}],"wp:term":[{"taxonomy":"category","embeddable":true,"href":"https:\/\/diretodasacristia.com\/home\/wp-json\/wp\/v2\/categories?post=2435"},{"taxonomy":"post_tag","embeddable":true,"href":"https:\/\/diretodasacristia.com\/home\/wp-json\/wp\/v2\/tags?post=2435"}],"curies":[{"name":"wp","href":"https:\/\/api.w.org\/{rel}","templated":true}]}}