{"id":2437,"date":"2011-07-12T09:34:00","date_gmt":"2011-07-12T09:34:00","guid":{"rendered":"http:\/\/diretodasacristia.com\/home\/sem-categoria\/bispo-e-principe-a-mitra-e-a-coroa-2\/"},"modified":"2013-03-07T12:39:29","modified_gmt":"2013-03-07T15:39:29","slug":"bispo-e-principe-a-mitra-e-a-coroa","status":"publish","type":"post","link":"https:\/\/diretodasacristia.com\/home\/hierarquia\/bispo-e-principe-a-mitra-e-a-coroa\/","title":{"rendered":"Bispo e pr\u00edncipe: a mitra e a coroa"},"content":{"rendered":"<div style=\"text-align: center;\"><\/div>\n<div><a href=\"http:\/\/4.bp.blogspot.com\/-oNxGTQqRc5E\/Thxxu7-OPwI\/AAAAAAAACSo\/E1xFpLBwgzM\/s1600\/Fran%25C3%25A7ois%2BGayot%252C%2BArcebispo%2Bem%25C3%25A9rito%2BCap-Haitien%2B-%2BHaiti%2Bcapa%2Bmagna.JPG\" onblur=\"try {parent.deselectBloggerImageGracefully();} catch(e) {}\"><span class=\"Apple-style-span\"><img decoding=\"async\" id=\"BLOGGER_PHOTO_ID_5628498685492870914\" style=\"display: block; margin-top: 0px; margin-right: auto; margin-bottom: 10px; margin-left: auto; text-align: center; cursor: pointer; width: 400px; height: 267px;\" alt=\"\" src=\"http:\/\/4.bp.blogspot.com\/-oNxGTQqRc5E\/Thxxu7-OPwI\/AAAAAAAACSo\/E1xFpLBwgzM\/s400\/Fran%25C3%25A7ois%2BGayot%252C%2BArcebispo%2Bem%25C3%25A9rito%2BCap-Haitien%2B-%2BHaiti%2Bcapa%2Bmagna.JPG\" border=\"0\" \/><\/span><\/a><\/p>\n<p style=\"text-align: center;\"><i><span class=\"Apple-style-span\">Mons. Fran\u00e7ois Gayot, Arcebispo em\u00e9rito de Cap-Haitien &#8211; Haiti<br \/>\n<\/span><\/i><i>Ingresso em veste coral para paramenta\u00e7\u00e3o<br \/>\n<\/i><i>de Missa Pontifical nos Estados Unidos da Am\u00e9rica<\/i><\/p>\n<div><span class=\"Apple-style-span\">\u00a0<\/span><\/div>\n<p style=\"text-align: center;\"><span class=\"Apple-style-span\"><br \/>\n<a href=\"http:\/\/4.bp.blogspot.com\/-GZdQagS1dY4\/ThxxuZrg2OI\/AAAAAAAACSY\/ipXonEHvn00\/s1600\/Cardeal%2BEug%25C3%25AAnio%2BPacelli%2B%2528prociss%25C3%25A3o%2529%2B%255B3%255D.JPG\" onblur=\"try {parent.deselectBloggerImageGracefully();} catch(e) {}\"><img decoding=\"async\" id=\"BLOGGER_PHOTO_ID_5628498676287592674\" style=\"display: block; margin-top: 0px; margin-right: auto; margin-bottom: 10px; margin-left: auto; text-align: center; cursor: pointer; width: 400px; height: 278px;\" alt=\"\" src=\"http:\/\/4.bp.blogspot.com\/-GZdQagS1dY4\/ThxxuZrg2OI\/AAAAAAAACSY\/ipXonEHvn00\/s400\/Cardeal%2BEug%25C3%25AAnio%2BPacelli%2B%2528prociss%25C3%25A3o%2529%2B%255B3%255D.JPG\" border=\"0\" \/><\/a><\/span><i style=\"text-align: center;\">Cardeal Pacelli, futuro Papa Pio XII,<br \/>\n<\/i><i>endossando veste coral com capa magna<br \/>\n<\/i><i>em prociss\u00e3o<\/i><\/p>\n<\/div>\n<div><\/div>\n<div>\n<div style=\"text-align: center;\"><a href=\"http:\/\/2.bp.blogspot.com\/-ZzL0EO3M5fo\/ThxxvA3DByI\/AAAAAAAACSw\/5E-GwU2f5Z8\/s1600\/Fiel%2Boscula%2Banel%2BCardeal%2BPacelli%2Bveste%2Bcoral%2Barminho.jpg\" onblur=\"try {parent.deselectBloggerImageGracefully();} catch(e) {}\"><img decoding=\"async\" id=\"BLOGGER_PHOTO_ID_5628498686804952866\" style=\"display: block; margin-top: 0px; margin-right: auto; margin-bottom: 10px; margin-left: auto; text-align: center; cursor: pointer; width: 300px; height: 400px;\" alt=\"\" src=\"http:\/\/2.bp.blogspot.com\/-ZzL0EO3M5fo\/ThxxvA3DByI\/AAAAAAAACSw\/5E-GwU2f5Z8\/s400\/Fiel%2Boscula%2Banel%2BCardeal%2BPacelli%2Bveste%2Bcoral%2Barminho.jpg\" border=\"0\" \/><\/a><\/div>\n<\/div>\n<p style=\"text-align: center;\"><i>Cardeal Pacelli, em veste coral e arminho<br \/>\n<\/i><i>tem a m\u00e3o osculada por uma fiel<\/i><\/p>\n<p>&nbsp;<\/p>\n<p style=\"text-align: justify;\">Os bispos j\u00e1 foram chamados de Pr\u00edncipes da Igreja &#8211; termo hoje usado exclusivamente aos Cardeais da Igreja. Essa titula\u00e7\u00e3o certamente tem origem no per\u00edodo do Sacro Imp\u00e9rio Romano, quando, al\u00e9m da circunscri\u00e7\u00e3o eclesi\u00e1stica (bispado, arcebispado etc), ao bispo era confiada uma ou mais propriedades feudais. Por conseguinte, al\u00e9m de superior eclesi\u00e1stico, o bispo tamb\u00e9m detinha o poder civil dentro de um territ\u00f3rio, tornando-se vassalo de um soberano. Semelhantemente acontecia com abades e abadessas: fora do poder espiritual do mosteiro, eles governavam como qualquer outra pessoa de sangue nobre nas veias. A nobreza episcopal tamb\u00e9m era admirada nos ritos lit\u00fargicos, com todas as cerim\u00f4nias que envolviam a figura do Sucessor dos Ap\u00f3stolos. Nostalgicamente, o velho sacrist\u00e3o da Catedral de Olinda disse em maio passado: &#8220;Verdadeiramente, no passado os bispos eram pr\u00edncipes mesmo&#8221;. N\u00e3o que hoje o poder episcopal encontre-se desassistido de devida dignidade, mas inegavelmente as cerim\u00f4nias hoje est\u00e3o notoriamente simplificadas.<\/p>\n<div style=\"text-align: justify;\"><\/div>\n<p><span class=\"Apple-style-span\"><a href=\"http:\/\/3.bp.blogspot.com\/-1iP0g_C9ShE\/Thxy1WbrE9I\/AAAAAAAACTI\/pgHXr0oCYTI\/s1600\/Cardeal%2BBurke%2Bgalero%2Bveste%2Bcoral%2Bcapa%2Bmagna.jpg\" onblur=\"try {parent.deselectBloggerImageGracefully();} catch(e) {}\"><img decoding=\"async\" id=\"BLOGGER_PHOTO_ID_5628499895186559954\" style=\"display: block; margin: 0px auto 10px; text-align: center; cursor: hand; width: 246px; height: 400px;\" alt=\"\" src=\"http:\/\/3.bp.blogspot.com\/-1iP0g_C9ShE\/Thxy1WbrE9I\/AAAAAAAACTI\/pgHXr0oCYTI\/s400\/Cardeal%2BBurke%2Bgalero%2Bveste%2Bcoral%2Bcapa%2Bmagna.jpg\" border=\"0\" \/><\/a><\/span><\/p>\n<p style=\"text-align: center;\"><span class=\"Apple-style-span\"><i>Sua Emin\u00eancia Cardeal Burke endossando veste coral e capa magna<br \/>\n<\/i><\/span><i>e usando o galero na entrega do Pr\u00eamio &#8220;<\/i>Nulla Veritas sine Traditione<i>&#8221;<br \/>\n<\/i><i>da Associa\u00e7\u00e3o Internacional Cat\u00f3lica &#8220;<\/i>Tu es Petrus<i>&#8221;<br \/>\n<\/i>Battipaglia<i>, It\u00e1lia<br \/>\n<\/i><i>19 fevereiro 2011<\/i><\/p>\n<p style=\"text-align: center;\">\n<div>\n<a href=\"http:\/\/3.bp.blogspot.com\/-jfAEVTkqrno\/ThxyogkOg3I\/AAAAAAAACTA\/zZGDLOwkhus\/s1600\/Dom%2BJos%25C3%25A9%2BAlves%2BCorreia%2BSilva%252C%2BBispo%2BLeiria%2B1920-1957.jpg\" onblur=\"try {parent.deselectBloggerImageGracefully();} catch(e) {}\"><img decoding=\"async\" id=\"BLOGGER_PHOTO_ID_5628499674568491890\" style=\"display: block; margin: 0px auto 10px; text-align: center; cursor: hand; width: 261px; height: 400px;\" alt=\"\" src=\"http:\/\/3.bp.blogspot.com\/-jfAEVTkqrno\/ThxyogkOg3I\/AAAAAAAACTA\/zZGDLOwkhus\/s400\/Dom%2BJos%25C3%25A9%2BAlves%2BCorreia%2BSilva%252C%2BBispo%2BLeiria%2B1920-1957.jpg\" border=\"0\" \/><\/a><\/p>\n<p style=\"text-align: center;\"><i>Dom Jos\u00e9 Alves Correia da Silva<br \/>\n<\/i><i>Bispo de Leiria (1920-1957)<br \/>\n<\/i><i>envergando veste coral com arminho<\/i><\/p>\n<div style=\"text-align: center;\"><span style=\"text-decoration: underline;\">\u00a0<\/span><\/div>\n<p><span class=\"Apple-style-span\"><br \/>\n<a href=\"http:\/\/3.bp.blogspot.com\/-f8OweNlgnJk\/Thxxvd4vQqI\/AAAAAAAACS4\/9KfyFinxiiU\/s1600\/Cardeal%2BSiri%2Bveste%2Bcoral%2Bcapa%2Bmagna.jpg\" onblur=\"try {parent.deselectBloggerImageGracefully();} catch(e) {}\"><img decoding=\"async\" id=\"BLOGGER_PHOTO_ID_5628498694596674210\" style=\"display: block; margin: 0px auto 10px; text-align: center; cursor: hand; width: 177px; height: 400px;\" alt=\"\" src=\"http:\/\/3.bp.blogspot.com\/-f8OweNlgnJk\/Thxxvd4vQqI\/AAAAAAAACS4\/9KfyFinxiiU\/s400\/Cardeal%2BSiri%2Bveste%2Bcoral%2Bcapa%2Bmagna.jpg\" border=\"0\" \/><\/a><\/span><\/p>\n<p style=\"text-align: center;\"><span class=\"Apple-style-span\"><i>Cardeal Siri<br \/>\n<\/i><\/span><i>Arcebispo de G\u00eanova (1953-1987)<br \/>\n<\/i><i>em veste coral, capa magna e arminho<\/i><\/p>\n<p style=\"text-align: left;\"><span class=\"Apple-style-span\">\u00a0<\/span><\/p>\n<div>\n<p><span class=\"Apple-style-span\">Atualmente, s\u00f3 dois bispos podem ser chamados como &#8220;Pr\u00edncipes da Igreja&#8221;: o Bispo de Roma, com o pouco que resta dos Estados Pontif\u00edcios depois do Tratado de Latr\u00e3o, e o Bispo de Urgell, de quem vamos tratar.<\/span><\/p>\n<p style=\"text-align: justify;\"><span class=\"Apple-style-span\">\u00a0<\/span><\/p>\n<p style=\"text-align: center;\"><span class=\"Apple-style-span\">*<\/span><\/p>\n<p style=\"text-align: justify;\"><span class=\"Apple-style-span\">\u00a0<\/span><\/p>\n<p style=\"text-align: center;\"><span class=\"Apple-style-span\"><b>Mitra e coroa na c\u00e1tedra<br \/>\n<\/b><\/span><b>Andorra: quase uma teocracia<\/b><\/p>\n<div style=\"text-align: justify;\"><span class=\"Apple-style-span\">\u00a0<\/span><\/div>\n<div style=\"text-align: justify;\"><span class=\"Apple-style-span\">\u00a0<\/span><\/div>\n<div style=\"text-align: justify;\"><span class=\"Apple-style-span\">Com informa\u00e7\u00f5es da <a href=\"http:\/\/pt.wikipedia.org\/wiki\/Co-pr%C3%ADncipe_de_Andorra\">Wikip\u00e9dia<\/a> e da ag\u00eancia <a href=\"http:\/\/www.zenit.org\/article-20337?l=portuguese\">Zenit<\/a><\/span><\/div>\n<div style=\"text-align: justify;\"><span class=\"Apple-style-span\">\u00a0<\/span><\/div>\n<div style=\"text-align: justify;\"><span class=\"Apple-style-span\">\u00a0<\/span><\/div>\n<div style=\"text-align: justify;\"><a href=\"http:\/\/3.bp.blogspot.com\/-9qC-TqRGqtM\/ThyPLTibqQI\/AAAAAAAACTw\/GAUXpZoozug\/s1600\/Localiza%25C3%25A7%25C3%25A3o%2BAndorra.jpg\" onblur=\"try {parent.deselectBloggerImageGracefully();} catch(e) {}\"><img decoding=\"async\" id=\"BLOGGER_PHOTO_ID_5628531058692303106\" style=\"display: block; margin-top: 0px; margin-right: auto; margin-bottom: 10px; margin-left: auto; text-align: center; cursor: pointer; width: 400px; height: 171px;\" alt=\"\" src=\"http:\/\/3.bp.blogspot.com\/-9qC-TqRGqtM\/ThyPLTibqQI\/AAAAAAAACTw\/GAUXpZoozug\/s400\/Localiza%25C3%25A7%25C3%25A3o%2BAndorra.jpg\" border=\"0\" \/><\/a><\/div>\n<div><\/div>\n<p style=\"text-align: justify;\"><span class=\"Apple-style-span\">Andorra \u00e9 mais um dos menores Estados independentes do mundo, <b>entravado ao nordeste da Espanha e o sudoeste da Fran\u00e7a, na regi\u00e3o da Catalunha<\/b>. Segundo a lenda, foi fundado por Carlos Magno &#8211; um de seus orgulhos expressos no seu hino de seis linhas. Na bela can\u00e7\u00e3o, os andorranos vangloriam-se de serem os \u00fanicos filhos sobreviventes do Imp\u00e9rio Carol\u00edngio e de serem livres e crentes h\u00e1 onze s\u00e9culos. Ainda evocam a defesa de seus Pr\u00edncipes. Aqui est\u00e1 a peculiaridade de seu governo, \u00fanico no mundo: &#8220;monarquia&#8221; regida por dois Pr\u00edncipes, ou seja, uma diarquia dividida entre o Bispo de Urgell com, hoje, o Presidente da Rep\u00fablica Francesa. Para compreendermos o desenvolvimento at\u00e9 os nossos dias, voltemos na Hist\u00f3ria mais de um mil\u00eanio.<\/span><\/p>\n<div style=\"text-align: justify;\"><span class=\"Apple-style-span\">\u00a0<\/span><\/div>\n<div style=\"text-align: justify;\"><span class=\"Apple-style-span\">\u00a0<\/span><\/div>\n<div style=\"text-align: justify;\"><a href=\"http:\/\/upload.wikimedia.org\/wikipedia\/commons\/4\/4e\/Coat_of_arms_of_Andorra.svg\" onblur=\"try {parent.deselectBloggerImageGracefully();} catch(e) {}\"><span class=\"Apple-style-span\"><img decoding=\"async\" style=\"display: block; margin-top: 0px; margin-right: auto; margin-bottom: 10px; margin-left: auto; text-align: center; cursor: pointer; width: 372px; height: 412px;\" alt=\"\" src=\"http:\/\/upload.wikimedia.org\/wikipedia\/commons\/4\/4e\/Coat_of_arms_of_Andorra.svg\" border=\"0\" \/><\/span><\/a><\/div>\n<p style=\"text-align: center;\"><span class=\"Apple-style-span\"><i>Bras\u00e3o de armas de Andorra<br \/>\n<\/i><\/span><i>onde l\u00ea-se a senten\u00e7a, do latim: Virtude unida \u00e9 mais forte<\/i><\/p>\n<p style=\"text-align: justify;\"><span class=\"Apple-style-span\">\u00a0<\/span><\/p>\n<p style=\"text-align: justify;\"><span class=\"Apple-style-span\">Ap\u00f3s a lend\u00e1ria funda\u00e7\u00e3o por Carlos Magno, o primeiro soberano de Andorra foi o Conde de Urgell, um nobre espanhol, no s\u00e9culo IX. Posteriormente, a soberania foi comunicada ao bispo de Urgell; este, no s\u00e9culo XI, na impossibilidade de governar sozinho, pediu aux\u00edlio a outro nobre espanhol, o senhor de Caboet, para que defendesse a regi\u00e3o. Sucessivamente, os direitos de Caboet passaram a ser de posse do visconde de Castelbo, que, mediante contratos matrimoniais, foram herdados pelo conde de Foix, um nobre franc\u00eas. Tal como aconteceu com os hebreus, que passaram a ser perseguidos pelo fara\u00f3, por este n\u00e3o ter conhecido Jos\u00e9, o conde de Foix come\u00e7ou a lutar com o Bispo pela soberania de Andorra. Em 1278, por\u00e9m, encerraram suas disputas e assinaram os acordos de <i>Pareatge<\/i>, tornando-se governantes conjuntos. Por heran\u00e7a, os encargos de Foix foram integrados a Navarra e, depois, para a coroa francesa. Enquanto isso, o bispado de Urgell permaneceu sob a tutela do condado de Barcelona e a coroa de Arag\u00e3o.<\/span><\/p>\n<div style=\"text-align: justify;\"><span class=\"Apple-style-span\">\u00a0<\/span><\/div>\n<div style=\"text-align: justify;\"><a href=\"http:\/\/2.bp.blogspot.com\/-CaVdYtEbVo4\/ThyPLE43VJI\/AAAAAAAACTo\/KoE2xD2NSOg\/s1600\/Carlos%2BMagno%2Bcom%2Bespada%2Be%2Bglobo.jpg\" onblur=\"try {parent.deselectBloggerImageGracefully();} catch(e) {}\"><img decoding=\"async\" id=\"BLOGGER_PHOTO_ID_5628531054759859346\" style=\"display: block; margin-top: 0px; margin-right: auto; margin-bottom: 10px; margin-left: auto; text-align: center; cursor: pointer; width: 382px; height: 400px;\" alt=\"\" src=\"http:\/\/2.bp.blogspot.com\/-CaVdYtEbVo4\/ThyPLE43VJI\/AAAAAAAACTo\/KoE2xD2NSOg\/s400\/Carlos%2BMagno%2Bcom%2Bespada%2Be%2Bglobo.jpg\" border=\"0\" \/><\/a><\/div>\n<p style=\"text-align: center;\"><span class=\"Apple-style-span\"><i>Carlos Magno<br \/>\n<\/i><\/span><i>lend\u00e1rio fundador de Andorra<\/i><\/p>\n<p style=\"text-align: justify;\"><span class=\"Apple-style-span\">Os copr\u00edncipes governaram na santa paz quase que interruptivamente, a n\u00e3o ser durante o verme da Revolu\u00e7\u00e3o Francesa, com sua arrog\u00e2ncia de que quase tudo era relapso e que todos deveriam ser iguais para haver a fraternidade e a liberdade &#8211; \u00e9 dif\u00edcil saber quem mais odiou a monarquia: os russos ou os revoltosos franceses. Por\u00e9m, em 1806 os habitantes pediram a Napole\u00e3o Bonaparte que restitu\u00edsse ao territ\u00f3rio o estatuto de principado. Atendido o pedido, o imperador interpretou que o decreto real de 1620 transmitia ao monarca franc\u00eas parte da soberania de Andorra, qualquer que fosse a sua forma de governo e, portanto, voltou a exercer o poder de copr\u00edncipe.<\/span><\/p>\n<p style=\"text-align: justify;\"><span class=\"Apple-style-span\">\u00a0<\/span><\/p>\n<div style=\"text-align: justify;\"><a href=\"http:\/\/cdn.wn.com\/pd\/77\/a7\/96918b19d89001fab001016923b2_grande.jpg\" onblur=\"try {parent.deselectBloggerImageGracefully();} catch(e) {}\"><span class=\"Apple-style-span\"><img decoding=\"async\" style=\"display: block; margin-top: 0px; margin-right: auto; margin-bottom: 10px; margin-left: auto; text-align: center; cursor: pointer; width: 468px; height: 355px;\" alt=\"\" src=\"http:\/\/cdn.wn.com\/pd\/77\/a7\/96918b19d89001fab001016923b2_grande.jpg\" border=\"0\" \/><\/span><\/a><\/div>\n<p style=\"text-align: center;\"><i><span class=\"Apple-style-span\">S. Ex.cia Nicolas Sarkozy<br \/>\n<\/span><\/i><i>Presidente da Rep\u00fablica francesa e copr\u00edncipe de Andorra<\/i><\/p>\n<div><span class=\"Apple-style-span\">\u00a0<\/span><\/div>\n<div style=\"text-align: justify;\"><a href=\"http:\/\/farm4.static.flickr.com\/3440\/3832618730_373f90e814.jpg\" onblur=\"try {parent.deselectBloggerImageGracefully();} catch(e) {}\"><span class=\"Apple-style-span\"><img decoding=\"async\" style=\"display: block; margin-top: 0px; margin-right: auto; margin-bottom: 10px; margin-left: auto; text-align: center; cursor: pointer; width: 335px; height: 500px;\" alt=\"\" src=\"http:\/\/farm4.static.flickr.com\/3440\/3832618730_373f90e814.jpg\" border=\"0\" \/><\/span><\/a><\/div>\n<p style=\"text-align: center;\"><span class=\"Apple-style-span\"><i>Sua Ex.cia Re.vma Mons. Vives<br \/>\n<\/i><\/span><i>Arcebispo (t\u00edtulo pessoal) de Urgell<br \/>\n<\/i><i>e copr\u00edncipe episcopal de Andorra<\/i><\/p>\n<div><span class=\"Apple-style-span\">\u00a0<\/span><\/div>\n<p style=\"text-align: justify;\"><span class=\"Apple-style-span\">Em 1993, a Constitui\u00e7\u00e3o reafirmou o Coprincipado. Tamb\u00e9m determinou a democracia parlamentar como forma de governo, sendo Chefes de Estados o Presidente franc\u00eas e o bispo de Urgell, e Chefe de Governo, o estadista eleito pela maioria do Conselho Geral dos Vales &#8211; 28 deputados eleitos para um mandato de quatro anos. Em vista disso, o Coprincipado \u00e9 a \u00fanica monarquia constitucional em que o Chefe de Estado, o copr\u00edncipe franc\u00eas, \u00e9 eleito democraticamente pelos cidad\u00e3os franceses. Em 2008, a Santa S\u00e9 ratificou o acordo com Andorra, segundo o qual, entre outros pontos, o Vaticano reconhece plenamente o bispo de Urgell como copr\u00edncipe de Andorra e permite que o governo andorrano emita sua opini\u00e3o (algo hoje rar\u00edssimo) sobre o candidato que ocupar\u00e1 a sede <i>Urgellensis<\/i>, ainda que sua opini\u00e3o n\u00e3o seja vinculante.<\/span><\/p>\n<div style=\"text-align: justify;\">\n<p><span class=\"Apple-style-span\">Apesar de tudo, em virtude de seus pr\u00f3prios atributos eclesiais e o veto expl\u00edcito do c\u00e2non 285 \u00a7 3 do C\u00f3digo de Direito Can\u00f4nico, o copr\u00edncipe episcopal s\u00f3 tem papel de consulta na administra\u00e7\u00e3o de Andorra.<\/span><\/p>\n<p>O Coprincipado n\u00e3o det\u00e9m for\u00e7a militar, sua defesa cabe \u00e0 Espanha e \u00e0 Fran\u00e7a.<\/p>\n<\/div>\n<p style=\"text-align: justify;\"><span class=\"Apple-style-span\"><span class=\"Apple-style-span\">Os atuais copr\u00edncipe franc\u00eas \u00e9 Sua Excel\u00eancia Nicolas Sarkozy e o copr\u00edncipe episcopal \u00e9 Sua Ex.cia Re.vma Mons. Joan Enric Vives Sicilia, at\u00e9 o ano 2003 Bispo coadjutor de Urgell, quando sucedeu no bispado. Em 19 mar\u00e7o 2010, certamente em raz\u00e3o de sua particular fun\u00e7\u00e3o, foi concedido ao Mons. Vives o t\u00edtulo pessoal de Arcebispo, mesmo ele sendo bispo residente de um bispado<\/span><span class=\"Apple-style-span\">.<\/span><\/span><\/p>\n<div style=\"text-align: justify;\"><span class=\"Apple-style-span\">\u00a0<\/span><\/div>\n<div style=\"text-align: justify;\"><span class=\"Apple-style-span\">\u00a0<\/span><\/div>\n<div style=\"text-align: justify;\">\n<div><a href=\"https:\/\/diretodasacristia.com\/home\/wp-content\/uploads\/2011\/07\/Catedral_de_Santa_Maria_de_la_Seu_dUrgell2.jpg\"><img loading=\"lazy\" decoding=\"async\" class=\"wp-image-3858 aligncenter\" alt=\"Catedral_de_Santa_Maria_de_la_Seu_d'Urgell2\" src=\"https:\/\/diretodasacristia.com\/home\/wp-content\/uploads\/2011\/07\/Catedral_de_Santa_Maria_de_la_Seu_dUrgell2.jpg\" width=\"484\" height=\"410\" srcset=\"https:\/\/diretodasacristia.com\/home\/wp-content\/uploads\/2011\/07\/Catedral_de_Santa_Maria_de_la_Seu_dUrgell2.jpg 806w, https:\/\/diretodasacristia.com\/home\/wp-content\/uploads\/2011\/07\/Catedral_de_Santa_Maria_de_la_Seu_dUrgell2-300x254.jpg 300w\" sizes=\"auto, (max-width: 484px) 100vw, 484px\" \/><\/a><\/div>\n<div><\/div>\n<p style=\"text-align: center;\"><span class=\"Apple-style-span\"><i>Vista parcial da Santa Igreja Catedral <\/i>Santa Maria de la Seu d\u00b4Urgel<\/span><\/p>\n<p style=\"text-align: center;\">\n<\/div>\n<p style=\"text-align: justify;\"><span class=\"Apple-style-span\">Urgell conta 2 igrejas-bas\u00edlicas em sua jurisdi\u00e7\u00e3o (ambas dedicadas \u00e0 M\u00e3e de Deus), sendo uma delas, a <i>Santa Maria de la Seu d\u00b4Urgell<\/i>, tamb\u00e9m igreja Catedral.<\/span><\/p>\n<p style=\"text-align: center;\"><b><span class=\"Apple-style-span\">Curiosidades<\/span><\/b><\/p>\n<p style=\"text-align: justify;\"><span class=\"Apple-style-span\"><span class=\"Apple-style-span\">A patrona do Coprincipado \u00e9 Nossa Senhora de Meritxell, celebrada em festa nacional no dia 08 setembro e <\/span><span class=\"Apple-style-span\">venerada em novo Santu\u00e1rio na localidade hom\u00f4nima (o antigo foi destru\u00eddo por inc\u00eandio em 1972).<\/span><\/span><\/p>\n<p style=\"text-align: justify;\"><span class=\"Apple-style-span\">Das mais de 81 mil habitantes do censo de 2006, 86,6% s\u00e3o cat\u00f3licos.<\/span><\/p>\n<p style=\"text-align: justify;\"><span class=\"Apple-style-span\">As sete divis\u00f5es administrativas locais s\u00e3o conhecidas como par\u00f3quias.<\/span><\/p>\n<div style=\"text-align: justify;\"><span class=\"Apple-style-span\">\u00a0<\/span><\/div>\n<div style=\"text-align: justify;\"><span class=\"Apple-style-span\">\u00a0<\/span><\/div>\n<div style=\"text-align: justify;\"><a href=\"http:\/\/www.webalice.it\/annovi.frizio\/coinsfantasy\/2-EURO-ANDORRA.png\" onblur=\"try {parent.deselectBloggerImageGracefully();} catch(e) {}\"><span class=\"Apple-style-span\"><img decoding=\"async\" style=\"display: block; margin-top: 0px; margin-right: auto; margin-bottom: 10px; margin-left: auto; text-align: center; cursor: pointer; width: 200px; height: 200px;\" alt=\"\" src=\"http:\/\/www.webalice.it\/annovi.frizio\/coinsfantasy\/2-EURO-ANDORRA.png\" border=\"0\" \/><\/span><\/a><\/div>\n<div style=\"text-align: center;\"><span class=\"Apple-style-span\"><i>Euro circulado em Andorra<\/i><\/span><\/div>\n<div style=\"text-align: center;\"><span class=\"Apple-style-span\"><i>com o bras\u00e3o de armas do Coprincipado<\/i><\/span><\/div>\n<div><span class=\"Apple-style-span\">\u00a0<\/span><\/div>\n<p style=\"text-align: justify;\"><span class=\"Apple-style-span\">Apesar de n\u00e3o pertencer \u00e0 Uni\u00e3o Europeia, em 1999 o Franco franc\u00eas e a Peseta espanhola deram lugar ao <b>Euro<\/b>.<\/span><\/p>\n<p style=\"text-align: justify;\"><span class=\"Apple-style-span\">N\u00e3o disp\u00f5e de trem, metr\u00f4 ou aeroportos (a reabertura do aeroporto La Seu d\u00b4Urgell est\u00e1 em discuss\u00e3o com os governos espanhol e catal\u00e3o), mas possui grande infraestrutura rodovi\u00e1ria, que cobre quase todo o Estado.<\/span><\/p>\n<p style=\"text-align: justify;\"><span class=\"Apple-style-span\">O servi\u00e7o de correio \u00e9 gratuito dentro do pa\u00eds.<\/span><\/p>\n<p style=\"text-align: justify;\"><span class=\"Apple-style-span\">A Constitui\u00e7\u00e3o de Andorra define o catal\u00e3o como l\u00edngua oficial do Estado. Contudo, provenientes de imigrantes, outras l\u00ednguas tamb\u00e9m s\u00e3o faladas no territ\u00f3rio: castelhana, portuguesa e francesa.<\/span><\/p>\n<div style=\"text-align: justify;\"><span class=\"Apple-style-span\">\u00a0<\/span><\/div>\n<div style=\"text-align: justify;\"><a href=\"http:\/\/3.bp.blogspot.com\/-gM34bJ812bI\/ThyPLn264xI\/AAAAAAAACT4\/X6-KdO6RQkE\/s1600\/Santa%2BColoma.jpg\" onblur=\"try {parent.deselectBloggerImageGracefully();} catch(e) {}\"><img decoding=\"async\" id=\"BLOGGER_PHOTO_ID_5628531064146944786\" style=\"display: block; margin-top: 0px; margin-right: auto; margin-bottom: 10px; margin-left: auto; text-align: center; cursor: pointer; width: 400px; height: 300px;\" alt=\"\" src=\"http:\/\/3.bp.blogspot.com\/-gM34bJ812bI\/ThyPLn264xI\/AAAAAAAACT4\/X6-KdO6RQkE\/s400\/Santa%2BColoma.jpg\" border=\"0\" \/><\/a><\/div>\n<p style=\"text-align: center;\"><span class=\"Apple-style-span\"><i>Vista da cidade andorrana de Santa Coloma<\/i><\/span><\/p>\n<p style=\"text-align: justify;\"><span class=\"Apple-style-span\">\u00a0<\/span><\/p>\n<p><span class=\"Apple-style-span\">\u00c9 um pa\u00eds pr\u00f3spero, com a maior expectativa de vida humana no mundo, em m\u00e9dia de 83,52 anos.<\/span><span class=\"Apple-style-span\"><br \/>\n<\/span><\/p>\n<div style=\"text-align: justify;\"><span class=\"Apple-style-span\">\u00a0<\/span><\/div>\n<div style=\"text-align: center;\"><span class=\"Apple-style-span\">*<\/span><\/div>\n<div style=\"text-align: justify;\"><span class=\"Apple-style-span\">\u00a0<\/span><\/div>\n<div style=\"text-align: justify;\"><span class=\"Apple-style-span\">Mais um exemplo de um povo que ama a monarquia.<\/span><\/div>\n<div style=\"text-align: justify;\"><span class=\"Apple-style-span\">\u00a0<\/span><\/div>\n<\/div>\n<\/div>\n","protected":false},"excerpt":{"rendered":"Andorra \u00e9 mais um dos menores Estados independentes do mundo, entravado ao nordeste da Espanha e o sudoeste da Fran\u00e7a, na regi\u00e3o da Catalunha. Aqui est\u00e1 a peculiaridade de seu governo, \u00fanico no mundo: &#8220;monarquia&#8221; regida por dois Pr\u00edncipes, ou seja, uma diarquia dividida entre o Bispo de Urgell com, hoje, o Presidente da Rep\u00fablica Francesa. Para compreendermos o desenvolvimento at\u00e9 os nossos dias, voltemos na Hist\u00f3ria mais de um mil\u00eanio.","protected":false},"author":3,"featured_media":0,"comment_status":"open","ping_status":"open","sticky":false,"template":"","format":"standard","meta":{"jetpack_post_was_ever_published":false,"_jetpack_newsletter_access":"","_jetpack_dont_email_post_to_subs":false,"_jetpack_newsletter_tier_id":0,"_jetpack_memberships_contains_paywalled_content":false,"_jetpack_memberships_contains_paid_content":false,"_joinchat":[],"footnotes":"","jetpack_publicize_message":"","jetpack_publicize_feature_enabled":true,"jetpack_social_post_already_shared":false,"jetpack_social_options":{"image_generator_settings":{"template":"highway","default_image_id":0,"font":"","enabled":false},"version":2}},"categories":[17],"tags":[],"class_list":["post-2437","post","type-post","status-publish","format-standard","hentry","category-hierarquia"],"yoast_head":"<!-- This site is optimized with the Yoast SEO plugin v27.4 - https:\/\/yoast.com\/product\/yoast-seo-wordpress\/ -->\n<title>Bispo e pr\u00edncipe: a mitra e a coroa - Direto da Sacristia<\/title>\n<meta name=\"robots\" content=\"index, follow, max-snippet:-1, max-image-preview:large, max-video-preview:-1\" \/>\n<link rel=\"canonical\" href=\"https:\/\/diretodasacristia.com\/home\/hierarquia\/bispo-e-principe-a-mitra-e-a-coroa\/\" \/>\n<meta property=\"og:locale\" content=\"pt_BR\" \/>\n<meta property=\"og:type\" content=\"article\" \/>\n<meta property=\"og:title\" content=\"Bispo e pr\u00edncipe: a mitra e a coroa - Direto da Sacristia\" \/>\n<meta property=\"og:description\" content=\"Andorra \u00e9 mais um dos menores Estados independentes do mundo, entravado ao nordeste da Espanha e o sudoeste da Fran\u00e7a, na regi\u00e3o da Catalunha. Aqui est\u00e1 a peculiaridade de seu governo, \u00fanico no mundo: &quot;monarquia&quot; regida por dois Pr\u00edncipes, ou seja, uma diarquia dividida entre o Bispo de Urgell com, hoje, o Presidente da Rep\u00fablica Francesa. Para compreendermos o desenvolvimento at\u00e9 os nossos dias, voltemos na Hist\u00f3ria mais de um mil\u00eanio.\" \/>\n<meta property=\"og:url\" content=\"https:\/\/diretodasacristia.com\/home\/hierarquia\/bispo-e-principe-a-mitra-e-a-coroa\/\" \/>\n<meta property=\"og:site_name\" content=\"Direto da Sacristia\" \/>\n<meta property=\"article:publisher\" content=\"https:\/\/www.facebook.com\/DiretoSacristia\" \/>\n<meta property=\"article:published_time\" content=\"2011-07-12T09:34:00+00:00\" \/>\n<meta property=\"article:modified_time\" content=\"2013-03-07T15:39:29+00:00\" \/>\n<meta property=\"og:image\" content=\"http:\/\/4.bp.blogspot.com\/-oNxGTQqRc5E\/Thxxu7-OPwI\/AAAAAAAACSo\/E1xFpLBwgzM\/s400\/Fran%25C3%25A7ois%2BGayot%252C%2BArcebispo%2Bem%25C3%25A9rito%2BCap-Haitien%2B-%2BHaiti%2Bcapa%2Bmagna.JPG\" \/>\n<meta name=\"author\" content=\"E. Mar\u00e7al\" \/>\n<meta name=\"twitter:card\" content=\"summary_large_image\" \/>\n<meta name=\"twitter:creator\" content=\"@diretosacristia\" \/>\n<meta name=\"twitter:site\" content=\"@diretosacristia\" \/>\n<meta name=\"twitter:label1\" content=\"Escrito por\" \/>\n\t<meta name=\"twitter:data1\" content=\"E. Mar\u00e7al\" \/>\n\t<meta name=\"twitter:label2\" content=\"Est. tempo de leitura\" \/>\n\t<meta name=\"twitter:data2\" content=\"7 minutos\" \/>\n<script type=\"application\/ld+json\" class=\"yoast-schema-graph\">{\"@context\":\"https:\\\/\\\/schema.org\",\"@graph\":[{\"@type\":\"Article\",\"@id\":\"https:\\\/\\\/diretodasacristia.com\\\/home\\\/hierarquia\\\/bispo-e-principe-a-mitra-e-a-coroa\\\/#article\",\"isPartOf\":{\"@id\":\"https:\\\/\\\/diretodasacristia.com\\\/home\\\/hierarquia\\\/bispo-e-principe-a-mitra-e-a-coroa\\\/\"},\"author\":{\"name\":\"E. Mar\u00e7al\",\"@id\":\"https:\\\/\\\/diretodasacristia.com\\\/home\\\/#\\\/schema\\\/person\\\/3d453ef1f7d57c0bb0990b8070642721\"},\"headline\":\"Bispo e pr\u00edncipe: a mitra e a coroa\",\"datePublished\":\"2011-07-12T09:34:00+00:00\",\"dateModified\":\"2013-03-07T15:39:29+00:00\",\"mainEntityOfPage\":{\"@id\":\"https:\\\/\\\/diretodasacristia.com\\\/home\\\/hierarquia\\\/bispo-e-principe-a-mitra-e-a-coroa\\\/\"},\"wordCount\":1368,\"commentCount\":0,\"publisher\":{\"@id\":\"https:\\\/\\\/diretodasacristia.com\\\/home\\\/#organization\"},\"image\":{\"@id\":\"https:\\\/\\\/diretodasacristia.com\\\/home\\\/hierarquia\\\/bispo-e-principe-a-mitra-e-a-coroa\\\/#primaryimage\"},\"thumbnailUrl\":\"http:\\\/\\\/4.bp.blogspot.com\\\/-oNxGTQqRc5E\\\/Thxxu7-OPwI\\\/AAAAAAAACSo\\\/E1xFpLBwgzM\\\/s400\\\/Fran%25C3%25A7ois%2BGayot%252C%2BArcebispo%2Bem%25C3%25A9rito%2BCap-Haitien%2B-%2BHaiti%2Bcapa%2Bmagna.JPG\",\"articleSection\":[\"Hierarquia\"],\"inLanguage\":\"pt-BR\",\"potentialAction\":[{\"@type\":\"CommentAction\",\"name\":\"Comment\",\"target\":[\"https:\\\/\\\/diretodasacristia.com\\\/home\\\/hierarquia\\\/bispo-e-principe-a-mitra-e-a-coroa\\\/#respond\"]}]},{\"@type\":\"WebPage\",\"@id\":\"https:\\\/\\\/diretodasacristia.com\\\/home\\\/hierarquia\\\/bispo-e-principe-a-mitra-e-a-coroa\\\/\",\"url\":\"https:\\\/\\\/diretodasacristia.com\\\/home\\\/hierarquia\\\/bispo-e-principe-a-mitra-e-a-coroa\\\/\",\"name\":\"Bispo e pr\u00edncipe: a mitra e a coroa - Direto da Sacristia\",\"isPartOf\":{\"@id\":\"https:\\\/\\\/diretodasacristia.com\\\/home\\\/#website\"},\"primaryImageOfPage\":{\"@id\":\"https:\\\/\\\/diretodasacristia.com\\\/home\\\/hierarquia\\\/bispo-e-principe-a-mitra-e-a-coroa\\\/#primaryimage\"},\"image\":{\"@id\":\"https:\\\/\\\/diretodasacristia.com\\\/home\\\/hierarquia\\\/bispo-e-principe-a-mitra-e-a-coroa\\\/#primaryimage\"},\"thumbnailUrl\":\"http:\\\/\\\/4.bp.blogspot.com\\\/-oNxGTQqRc5E\\\/Thxxu7-OPwI\\\/AAAAAAAACSo\\\/E1xFpLBwgzM\\\/s400\\\/Fran%25C3%25A7ois%2BGayot%252C%2BArcebispo%2Bem%25C3%25A9rito%2BCap-Haitien%2B-%2BHaiti%2Bcapa%2Bmagna.JPG\",\"datePublished\":\"2011-07-12T09:34:00+00:00\",\"dateModified\":\"2013-03-07T15:39:29+00:00\",\"breadcrumb\":{\"@id\":\"https:\\\/\\\/diretodasacristia.com\\\/home\\\/hierarquia\\\/bispo-e-principe-a-mitra-e-a-coroa\\\/#breadcrumb\"},\"inLanguage\":\"pt-BR\",\"potentialAction\":[{\"@type\":\"ReadAction\",\"target\":[\"https:\\\/\\\/diretodasacristia.com\\\/home\\\/hierarquia\\\/bispo-e-principe-a-mitra-e-a-coroa\\\/\"]}]},{\"@type\":\"ImageObject\",\"inLanguage\":\"pt-BR\",\"@id\":\"https:\\\/\\\/diretodasacristia.com\\\/home\\\/hierarquia\\\/bispo-e-principe-a-mitra-e-a-coroa\\\/#primaryimage\",\"url\":\"http:\\\/\\\/4.bp.blogspot.com\\\/-oNxGTQqRc5E\\\/Thxxu7-OPwI\\\/AAAAAAAACSo\\\/E1xFpLBwgzM\\\/s400\\\/Fran%25C3%25A7ois%2BGayot%252C%2BArcebispo%2Bem%25C3%25A9rito%2BCap-Haitien%2B-%2BHaiti%2Bcapa%2Bmagna.JPG\",\"contentUrl\":\"http:\\\/\\\/4.bp.blogspot.com\\\/-oNxGTQqRc5E\\\/Thxxu7-OPwI\\\/AAAAAAAACSo\\\/E1xFpLBwgzM\\\/s400\\\/Fran%25C3%25A7ois%2BGayot%252C%2BArcebispo%2Bem%25C3%25A9rito%2BCap-Haitien%2B-%2BHaiti%2Bcapa%2Bmagna.JPG\"},{\"@type\":\"BreadcrumbList\",\"@id\":\"https:\\\/\\\/diretodasacristia.com\\\/home\\\/hierarquia\\\/bispo-e-principe-a-mitra-e-a-coroa\\\/#breadcrumb\",\"itemListElement\":[{\"@type\":\"ListItem\",\"position\":1,\"name\":\"In\u00edcio\",\"item\":\"https:\\\/\\\/diretodasacristia.com\\\/home\\\/\"},{\"@type\":\"ListItem\",\"position\":2,\"name\":\"Bispo e pr\u00edncipe: a mitra e a coroa\"}]},{\"@type\":\"WebSite\",\"@id\":\"https:\\\/\\\/diretodasacristia.com\\\/home\\\/#website\",\"url\":\"https:\\\/\\\/diretodasacristia.com\\\/home\\\/\",\"name\":\"Direto da Sacristia\",\"description\":\"Not\u00edcias e artigos sobre a f\u00e9 cat\u00f3lica\",\"publisher\":{\"@id\":\"https:\\\/\\\/diretodasacristia.com\\\/home\\\/#organization\"},\"potentialAction\":[{\"@type\":\"SearchAction\",\"target\":{\"@type\":\"EntryPoint\",\"urlTemplate\":\"https:\\\/\\\/diretodasacristia.com\\\/home\\\/?s={search_term_string}\"},\"query-input\":{\"@type\":\"PropertyValueSpecification\",\"valueRequired\":true,\"valueName\":\"search_term_string\"}}],\"inLanguage\":\"pt-BR\"},{\"@type\":\"Organization\",\"@id\":\"https:\\\/\\\/diretodasacristia.com\\\/home\\\/#organization\",\"name\":\"Direto da Sacristia\",\"url\":\"https:\\\/\\\/diretodasacristia.com\\\/home\\\/\",\"logo\":{\"@type\":\"ImageObject\",\"inLanguage\":\"pt-BR\",\"@id\":\"https:\\\/\\\/diretodasacristia.com\\\/home\\\/#\\\/schema\\\/logo\\\/image\\\/\",\"url\":\"https:\\\/\\\/i0.wp.com\\\/diretodasacristia.com\\\/home\\\/wp-content\\\/uploads\\\/2012\\\/01\\\/marca-sacristia.png?fit=320%2C306&ssl=1\",\"contentUrl\":\"https:\\\/\\\/i0.wp.com\\\/diretodasacristia.com\\\/home\\\/wp-content\\\/uploads\\\/2012\\\/01\\\/marca-sacristia.png?fit=320%2C306&ssl=1\",\"width\":\"320\",\"height\":\"306\",\"caption\":\"Direto da Sacristia\"},\"image\":{\"@id\":\"https:\\\/\\\/diretodasacristia.com\\\/home\\\/#\\\/schema\\\/logo\\\/image\\\/\"},\"sameAs\":[\"https:\\\/\\\/www.facebook.com\\\/DiretoSacristia\",\"https:\\\/\\\/x.com\\\/diretosacristia\",\"https:\\\/\\\/www.instagram.com\\\/diretodasacristia\\\/\",\"https:\\\/\\\/www.youtube.com\\\/diretodasacristia\"]},{\"@type\":\"Person\",\"@id\":\"https:\\\/\\\/diretodasacristia.com\\\/home\\\/#\\\/schema\\\/person\\\/3d453ef1f7d57c0bb0990b8070642721\",\"name\":\"E. Mar\u00e7al\",\"image\":{\"@type\":\"ImageObject\",\"inLanguage\":\"pt-BR\",\"@id\":\"https:\\\/\\\/secure.gravatar.com\\\/avatar\\\/348ff80a5ddde3de6c8b6e0c5b066b733f9245285d9ab87cd2e2ff652ffa95b0?s=96&d=mm&r=g\",\"url\":\"https:\\\/\\\/secure.gravatar.com\\\/avatar\\\/348ff80a5ddde3de6c8b6e0c5b066b733f9245285d9ab87cd2e2ff652ffa95b0?s=96&d=mm&r=g\",\"contentUrl\":\"https:\\\/\\\/secure.gravatar.com\\\/avatar\\\/348ff80a5ddde3de6c8b6e0c5b066b733f9245285d9ab87cd2e2ff652ffa95b0?s=96&d=mm&r=g\",\"caption\":\"E. Mar\u00e7al\"},\"url\":\"https:\\\/\\\/diretodasacristia.com\\\/home\\\/author\\\/erick\\\/\"}]}<\/script>\n<!-- \/ Yoast SEO plugin. -->","yoast_head_json":{"title":"Bispo e pr\u00edncipe: a mitra e a coroa - Direto da Sacristia","robots":{"index":"index","follow":"follow","max-snippet":"max-snippet:-1","max-image-preview":"max-image-preview:large","max-video-preview":"max-video-preview:-1"},"canonical":"https:\/\/diretodasacristia.com\/home\/hierarquia\/bispo-e-principe-a-mitra-e-a-coroa\/","og_locale":"pt_BR","og_type":"article","og_title":"Bispo e pr\u00edncipe: a mitra e a coroa - Direto da Sacristia","og_description":"Andorra \u00e9 mais um dos menores Estados independentes do mundo, entravado ao nordeste da Espanha e o sudoeste da Fran\u00e7a, na regi\u00e3o da Catalunha. Aqui est\u00e1 a peculiaridade de seu governo, \u00fanico no mundo: \"monarquia\" regida por dois Pr\u00edncipes, ou seja, uma diarquia dividida entre o Bispo de Urgell com, hoje, o Presidente da Rep\u00fablica Francesa. Para compreendermos o desenvolvimento at\u00e9 os nossos dias, voltemos na Hist\u00f3ria mais de um mil\u00eanio.","og_url":"https:\/\/diretodasacristia.com\/home\/hierarquia\/bispo-e-principe-a-mitra-e-a-coroa\/","og_site_name":"Direto da Sacristia","article_publisher":"https:\/\/www.facebook.com\/DiretoSacristia","article_published_time":"2011-07-12T09:34:00+00:00","article_modified_time":"2013-03-07T15:39:29+00:00","og_image":[{"url":"http:\/\/4.bp.blogspot.com\/-oNxGTQqRc5E\/Thxxu7-OPwI\/AAAAAAAACSo\/E1xFpLBwgzM\/s400\/Fran%25C3%25A7ois%2BGayot%252C%2BArcebispo%2Bem%25C3%25A9rito%2BCap-Haitien%2B-%2BHaiti%2Bcapa%2Bmagna.JPG","type":"","width":"","height":""}],"author":"E. Mar\u00e7al","twitter_card":"summary_large_image","twitter_creator":"@diretosacristia","twitter_site":"@diretosacristia","twitter_misc":{"Escrito por":"E. Mar\u00e7al","Est. tempo de leitura":"7 minutos"},"schema":{"@context":"https:\/\/schema.org","@graph":[{"@type":"Article","@id":"https:\/\/diretodasacristia.com\/home\/hierarquia\/bispo-e-principe-a-mitra-e-a-coroa\/#article","isPartOf":{"@id":"https:\/\/diretodasacristia.com\/home\/hierarquia\/bispo-e-principe-a-mitra-e-a-coroa\/"},"author":{"name":"E. Mar\u00e7al","@id":"https:\/\/diretodasacristia.com\/home\/#\/schema\/person\/3d453ef1f7d57c0bb0990b8070642721"},"headline":"Bispo e pr\u00edncipe: a mitra e a coroa","datePublished":"2011-07-12T09:34:00+00:00","dateModified":"2013-03-07T15:39:29+00:00","mainEntityOfPage":{"@id":"https:\/\/diretodasacristia.com\/home\/hierarquia\/bispo-e-principe-a-mitra-e-a-coroa\/"},"wordCount":1368,"commentCount":0,"publisher":{"@id":"https:\/\/diretodasacristia.com\/home\/#organization"},"image":{"@id":"https:\/\/diretodasacristia.com\/home\/hierarquia\/bispo-e-principe-a-mitra-e-a-coroa\/#primaryimage"},"thumbnailUrl":"http:\/\/4.bp.blogspot.com\/-oNxGTQqRc5E\/Thxxu7-OPwI\/AAAAAAAACSo\/E1xFpLBwgzM\/s400\/Fran%25C3%25A7ois%2BGayot%252C%2BArcebispo%2Bem%25C3%25A9rito%2BCap-Haitien%2B-%2BHaiti%2Bcapa%2Bmagna.JPG","articleSection":["Hierarquia"],"inLanguage":"pt-BR","potentialAction":[{"@type":"CommentAction","name":"Comment","target":["https:\/\/diretodasacristia.com\/home\/hierarquia\/bispo-e-principe-a-mitra-e-a-coroa\/#respond"]}]},{"@type":"WebPage","@id":"https:\/\/diretodasacristia.com\/home\/hierarquia\/bispo-e-principe-a-mitra-e-a-coroa\/","url":"https:\/\/diretodasacristia.com\/home\/hierarquia\/bispo-e-principe-a-mitra-e-a-coroa\/","name":"Bispo e pr\u00edncipe: a mitra e a coroa - Direto da Sacristia","isPartOf":{"@id":"https:\/\/diretodasacristia.com\/home\/#website"},"primaryImageOfPage":{"@id":"https:\/\/diretodasacristia.com\/home\/hierarquia\/bispo-e-principe-a-mitra-e-a-coroa\/#primaryimage"},"image":{"@id":"https:\/\/diretodasacristia.com\/home\/hierarquia\/bispo-e-principe-a-mitra-e-a-coroa\/#primaryimage"},"thumbnailUrl":"http:\/\/4.bp.blogspot.com\/-oNxGTQqRc5E\/Thxxu7-OPwI\/AAAAAAAACSo\/E1xFpLBwgzM\/s400\/Fran%25C3%25A7ois%2BGayot%252C%2BArcebispo%2Bem%25C3%25A9rito%2BCap-Haitien%2B-%2BHaiti%2Bcapa%2Bmagna.JPG","datePublished":"2011-07-12T09:34:00+00:00","dateModified":"2013-03-07T15:39:29+00:00","breadcrumb":{"@id":"https:\/\/diretodasacristia.com\/home\/hierarquia\/bispo-e-principe-a-mitra-e-a-coroa\/#breadcrumb"},"inLanguage":"pt-BR","potentialAction":[{"@type":"ReadAction","target":["https:\/\/diretodasacristia.com\/home\/hierarquia\/bispo-e-principe-a-mitra-e-a-coroa\/"]}]},{"@type":"ImageObject","inLanguage":"pt-BR","@id":"https:\/\/diretodasacristia.com\/home\/hierarquia\/bispo-e-principe-a-mitra-e-a-coroa\/#primaryimage","url":"http:\/\/4.bp.blogspot.com\/-oNxGTQqRc5E\/Thxxu7-OPwI\/AAAAAAAACSo\/E1xFpLBwgzM\/s400\/Fran%25C3%25A7ois%2BGayot%252C%2BArcebispo%2Bem%25C3%25A9rito%2BCap-Haitien%2B-%2BHaiti%2Bcapa%2Bmagna.JPG","contentUrl":"http:\/\/4.bp.blogspot.com\/-oNxGTQqRc5E\/Thxxu7-OPwI\/AAAAAAAACSo\/E1xFpLBwgzM\/s400\/Fran%25C3%25A7ois%2BGayot%252C%2BArcebispo%2Bem%25C3%25A9rito%2BCap-Haitien%2B-%2BHaiti%2Bcapa%2Bmagna.JPG"},{"@type":"BreadcrumbList","@id":"https:\/\/diretodasacristia.com\/home\/hierarquia\/bispo-e-principe-a-mitra-e-a-coroa\/#breadcrumb","itemListElement":[{"@type":"ListItem","position":1,"name":"In\u00edcio","item":"https:\/\/diretodasacristia.com\/home\/"},{"@type":"ListItem","position":2,"name":"Bispo e pr\u00edncipe: a mitra e a coroa"}]},{"@type":"WebSite","@id":"https:\/\/diretodasacristia.com\/home\/#website","url":"https:\/\/diretodasacristia.com\/home\/","name":"Direto da Sacristia","description":"Not\u00edcias e artigos sobre a f\u00e9 cat\u00f3lica","publisher":{"@id":"https:\/\/diretodasacristia.com\/home\/#organization"},"potentialAction":[{"@type":"SearchAction","target":{"@type":"EntryPoint","urlTemplate":"https:\/\/diretodasacristia.com\/home\/?s={search_term_string}"},"query-input":{"@type":"PropertyValueSpecification","valueRequired":true,"valueName":"search_term_string"}}],"inLanguage":"pt-BR"},{"@type":"Organization","@id":"https:\/\/diretodasacristia.com\/home\/#organization","name":"Direto da Sacristia","url":"https:\/\/diretodasacristia.com\/home\/","logo":{"@type":"ImageObject","inLanguage":"pt-BR","@id":"https:\/\/diretodasacristia.com\/home\/#\/schema\/logo\/image\/","url":"https:\/\/i0.wp.com\/diretodasacristia.com\/home\/wp-content\/uploads\/2012\/01\/marca-sacristia.png?fit=320%2C306&ssl=1","contentUrl":"https:\/\/i0.wp.com\/diretodasacristia.com\/home\/wp-content\/uploads\/2012\/01\/marca-sacristia.png?fit=320%2C306&ssl=1","width":"320","height":"306","caption":"Direto da Sacristia"},"image":{"@id":"https:\/\/diretodasacristia.com\/home\/#\/schema\/logo\/image\/"},"sameAs":["https:\/\/www.facebook.com\/DiretoSacristia","https:\/\/x.com\/diretosacristia","https:\/\/www.instagram.com\/diretodasacristia\/","https:\/\/www.youtube.com\/diretodasacristia"]},{"@type":"Person","@id":"https:\/\/diretodasacristia.com\/home\/#\/schema\/person\/3d453ef1f7d57c0bb0990b8070642721","name":"E. Mar\u00e7al","image":{"@type":"ImageObject","inLanguage":"pt-BR","@id":"https:\/\/secure.gravatar.com\/avatar\/348ff80a5ddde3de6c8b6e0c5b066b733f9245285d9ab87cd2e2ff652ffa95b0?s=96&d=mm&r=g","url":"https:\/\/secure.gravatar.com\/avatar\/348ff80a5ddde3de6c8b6e0c5b066b733f9245285d9ab87cd2e2ff652ffa95b0?s=96&d=mm&r=g","contentUrl":"https:\/\/secure.gravatar.com\/avatar\/348ff80a5ddde3de6c8b6e0c5b066b733f9245285d9ab87cd2e2ff652ffa95b0?s=96&d=mm&r=g","caption":"E. Mar\u00e7al"},"url":"https:\/\/diretodasacristia.com\/home\/author\/erick\/"}]}},"jetpack_publicize_connections":[],"jetpack_featured_media_url":"","jetpack_sharing_enabled":true,"jetpack_shortlink":"https:\/\/wp.me\/p24aG7-Dj","jetpack-related-posts":[{"id":4537,"url":"https:\/\/diretodasacristia.com\/home\/hierarquia\/bispo-remove-padre-desobediente-e-o-vaticano-confirma\/","url_meta":{"origin":2437,"position":0},"title":"Bispo remove padre desobediente e o Vaticano confirma","author":"E. Mar\u00e7al","date":"1 de outubro de 2015","format":false,"excerpt":"Na Diocese de Belleville (EUA), um sacerdote do clero local inventava ora\u00e7\u00f5es a gosto pr\u00f3prio e fazia gestos estranhos durante as celebra\u00e7\u00f5es em sua igreja, algo n\u00e3o permitido pela Liturgia, \u00e0 qual ele prometeu obedi\u00eancia no dia de sua ordena\u00e7\u00e3o sacerdotal.","rel":"","context":"Em &quot;Espiritualidade&quot;","block_context":{"text":"Espiritualidade","link":"https:\/\/diretodasacristia.com\/home\/c\/espiritualidade\/"},"img":{"alt_text":"","src":"http:\/\/i0.wp.com\/diretodasacristia.com\/home\/wp-content\/uploads\/2015\/10\/051215Dh-lunch-listen.jpg?resize=350%2C200","width":350,"height":200},"classes":[]},{"id":4339,"url":"https:\/\/diretodasacristia.com\/home\/heri-et-hodie\/o-bispo-pode-concelebrar-missa\/","url_meta":{"origin":2437,"position":1},"title":"O Bispo pode concelebrar Missa?","author":"E. Mar\u00e7al","date":"26 de fevereiro de 2015","format":false,"excerpt":"A pergunta mant\u00e9m-se com resposta \u00f3bvia at\u00e9 um certo ponto. Mas n\u00e3o: em hip\u00f3tese alguma o Bispo deve concelebrar a Missa presidida por um Presb\u00edtero. Mesmo que inicie a Missa e depois \"passe a sua presid\u00eancia\" para o Sacerdote escolhido. Por duas raz\u00f5es","rel":"","context":"Em &quot;Destaque&quot;","block_context":{"text":"Destaque","link":"https:\/\/diretodasacristia.com\/home\/c\/destaque\/"},"img":{"alt_text":"","src":"https:\/\/i0.wp.com\/diretodasacristia.com\/home\/wp-content\/uploads\/2015\/02\/7.-IMG-20150219-WA0012.jpg?resize=350%2C200","width":350,"height":200,"srcset":"https:\/\/i0.wp.com\/diretodasacristia.com\/home\/wp-content\/uploads\/2015\/02\/7.-IMG-20150219-WA0012.jpg?resize=350%2C200 1x, https:\/\/i0.wp.com\/diretodasacristia.com\/home\/wp-content\/uploads\/2015\/02\/7.-IMG-20150219-WA0012.jpg?resize=525%2C300 1.5x, https:\/\/i0.wp.com\/diretodasacristia.com\/home\/wp-content\/uploads\/2015\/02\/7.-IMG-20150219-WA0012.jpg?resize=700%2C400 2x"},"classes":[]},{"id":246,"url":"https:\/\/diretodasacristia.com\/home\/boletim-santa-se\/nomeado-coadjutor-para-diocese-de-bispo-rebelde\/","url_meta":{"origin":2437,"position":2},"title":"Nomeado Coadjutor para diocese de bispo rebelde","author":"E. Mar\u00e7al","date":"17 de outubro de 2011","format":false,"excerpt":"Nomea\u00e7\u00e3o de Bispo coadjutor de Pore\u010d\u00a0e Pula Cro\u00e1cia O Santo Padre Bento XVI nomeou\u00a0Bispo coadjutor de Pore\u010d\u00a0e Pula (Cro\u00e1cia) o Rev.do Mons.\u00a0Dra\u017een Kutle\u0161a, at\u00e9 agora Oficial da Congrega\u00e7\u00e3o para os Bispos. O Rev.do Mons.\u00a0Dra\u017een Kutle\u0161a nasceu em 25 setembro 1968 em Tomislavgrad, em B\u00f3snia e Herzegovina. Depois de frequentar o\u2026","rel":"","context":"Em &quot;Boletim Santa S\u00e9&quot;","block_context":{"text":"Boletim Santa S\u00e9","link":"https:\/\/diretodasacristia.com\/home\/c\/boletim-santa-se\/"},"img":{"alt_text":"","src":"https:\/\/i0.wp.com\/static.nacional.hr\/img\/f3f9de82e0c9b05ae949f77b26129be3_700x550.jpg?resize=350%2C200","width":350,"height":200},"classes":[]},{"id":677,"url":"https:\/\/diretodasacristia.com\/home\/boletim-santa-se\/novo-bispo-de-lourdes\/","url_meta":{"origin":2437,"position":3},"title":"Novo Bispo de Lourdes","author":"E. Mar\u00e7al","date":"11 de fevereiro de 2012","format":false,"excerpt":"A nomea\u00e7\u00e3o foi t\u00e3o providencial, que \u00e9 quase imposs\u00edvel cogitar qualquer coincid\u00eancia na publica\u00e7\u00e3o hodierna do nome do novo Bispo de Tarbes e Lourdes, na Festa do t\u00edtulo hom\u00f4nimo da Diocese. Com informa\u00e7\u00f5es do Boletim da Sala de Impressa da Santa S\u00e9 O Santo Padre Bento XVI aceitou a ren\u00fancia\u2026","rel":"","context":"Em &quot;Boletim Santa S\u00e9&quot;","block_context":{"text":"Boletim Santa S\u00e9","link":"https:\/\/diretodasacristia.com\/home\/c\/boletim-santa-se\/"},"img":{"alt_text":"","src":"https:\/\/i0.wp.com\/jeunescathos92.fr\/IMG\/arton522.jpg?resize=350%2C200","width":350,"height":200,"srcset":"https:\/\/i0.wp.com\/jeunescathos92.fr\/IMG\/arton522.jpg?resize=350%2C200 1x, https:\/\/i0.wp.com\/jeunescathos92.fr\/IMG\/arton522.jpg?resize=525%2C300 1.5x"},"classes":[]},{"id":4212,"url":"https:\/\/diretodasacristia.com\/home\/nomeacoes-episcopais\/o-papa-francisco-diminui-o-territorio-da-abadia-de-monte-cassino\/","url_meta":{"origin":2437,"position":4},"title":"O Papa Francisco diminui o territ\u00f3rio da Abadia de Monte Cassino","author":"E. Mar\u00e7al","date":"24 de outubro de 2014","format":false,"excerpt":"O Papa Francisco nomeou o novo Abade: Dom Donato Ogliari, ent\u00e3o Abade de Nossa Senhora da Escada, em Noci. Contudo, a nomea\u00e7\u00e3o pontif\u00edcia esteve acompanhada de uma novidade inesperada: a Abade Territorial limita-se agora apenas ao Monte e n\u00e3o mais \u00e0s 53 par\u00f3quias.","rel":"","context":"Em &quot;Destaque&quot;","block_context":{"text":"Destaque","link":"https:\/\/diretodasacristia.com\/home\/c\/destaque\/"},"img":{"alt_text":"DSC05138","src":"https:\/\/i0.wp.com\/diretodasacristia.com\/home\/wp-content\/uploads\/2014\/10\/DSC05138-1024x768.jpg?resize=350%2C200","width":350,"height":200,"srcset":"https:\/\/i0.wp.com\/diretodasacristia.com\/home\/wp-content\/uploads\/2014\/10\/DSC05138-1024x768.jpg?resize=350%2C200 1x, https:\/\/i0.wp.com\/diretodasacristia.com\/home\/wp-content\/uploads\/2014\/10\/DSC05138-1024x768.jpg?resize=525%2C300 1.5x, https:\/\/i0.wp.com\/diretodasacristia.com\/home\/wp-content\/uploads\/2014\/10\/DSC05138-1024x768.jpg?resize=700%2C400 2x"},"classes":[]},{"id":4619,"url":"https:\/\/diretodasacristia.com\/home\/brasil\/como-um-padre-e-nomeado-bispo-em-roma\/","url_meta":{"origin":2437,"position":5},"title":"Como um padre \u00e9 nomeado Bispo em Roma?","author":"E. Mar\u00e7al","date":"14 de junho de 2016","format":false,"excerpt":"H\u00e1 uma diferen\u00e7a: se o nomeado n\u00e3o \u00e9 residente na Cidade Eterna, normalmente, o N\u00fancio Apost\u00f3lico comunica-lhe a nomea\u00e7\u00e3o; mas se ele residente na Cidade Eterna, \u00e9 assim que acontece:","rel":"","context":"Em &quot;Brasil&quot;","block_context":{"text":"Brasil","link":"https:\/\/diretodasacristia.com\/home\/c\/brasil\/"},"img":{"alt_text":"","src":"https:\/\/i0.wp.com\/diretodasacristia.com\/home\/wp-content\/uploads\/2016\/06\/frei-sales-original-1024x623.jpg?resize=350%2C200","width":350,"height":200,"srcset":"https:\/\/i0.wp.com\/diretodasacristia.com\/home\/wp-content\/uploads\/2016\/06\/frei-sales-original-1024x623.jpg?resize=350%2C200 1x, https:\/\/i0.wp.com\/diretodasacristia.com\/home\/wp-content\/uploads\/2016\/06\/frei-sales-original-1024x623.jpg?resize=525%2C300 1.5x, https:\/\/i0.wp.com\/diretodasacristia.com\/home\/wp-content\/uploads\/2016\/06\/frei-sales-original-1024x623.jpg?resize=700%2C400 2x"},"classes":[]}],"post_mailing_queue_ids":[],"_links":{"self":[{"href":"https:\/\/diretodasacristia.com\/home\/wp-json\/wp\/v2\/posts\/2437","targetHints":{"allow":["GET"]}}],"collection":[{"href":"https:\/\/diretodasacristia.com\/home\/wp-json\/wp\/v2\/posts"}],"about":[{"href":"https:\/\/diretodasacristia.com\/home\/wp-json\/wp\/v2\/types\/post"}],"author":[{"embeddable":true,"href":"https:\/\/diretodasacristia.com\/home\/wp-json\/wp\/v2\/users\/3"}],"replies":[{"embeddable":true,"href":"https:\/\/diretodasacristia.com\/home\/wp-json\/wp\/v2\/comments?post=2437"}],"version-history":[{"count":3,"href":"https:\/\/diretodasacristia.com\/home\/wp-json\/wp\/v2\/posts\/2437\/revisions"}],"predecessor-version":[{"id":3857,"href":"https:\/\/diretodasacristia.com\/home\/wp-json\/wp\/v2\/posts\/2437\/revisions\/3857"}],"wp:attachment":[{"href":"https:\/\/diretodasacristia.com\/home\/wp-json\/wp\/v2\/media?parent=2437"}],"wp:term":[{"taxonomy":"category","embeddable":true,"href":"https:\/\/diretodasacristia.com\/home\/wp-json\/wp\/v2\/categories?post=2437"},{"taxonomy":"post_tag","embeddable":true,"href":"https:\/\/diretodasacristia.com\/home\/wp-json\/wp\/v2\/tags?post=2437"}],"curies":[{"name":"wp","href":"https:\/\/api.w.org\/{rel}","templated":true}]}}