{"id":2439,"date":"2011-07-07T09:52:00","date_gmt":"2011-07-07T09:52:00","guid":{"rendered":"http:\/\/diretodasacristia.com\/home\/sem-categoria\/bento-xvi-inicia-suas-ferias-anuais-2\/"},"modified":"2011-07-07T09:52:00","modified_gmt":"2011-07-07T09:52:00","slug":"bento-xvi-inicia-suas-ferias-anuais-2","status":"publish","type":"post","link":"https:\/\/diretodasacristia.com\/home\/sem-categoria\/bento-xvi-inicia-suas-ferias-anuais-2\/","title":{"rendered":"Bento XVI inicia suas f\u00e9rias anuais"},"content":{"rendered":"<div><\/div>\n<p><a href=\"http:\/\/i1.trekearth.com\/photos\/16407\/castelgandolfo1_vinicio_tullio.jpg\" onblur=\"try {parent.deselectBloggerImageGracefully();} catch(e) {}\"><img decoding=\"async\" style=\"display:block; margin:0px auto 10px; text-align:center;cursor:pointer; cursor:hand;width: 700px; height: 500px;\" src=\"http:\/\/i1.trekearth.com\/photos\/16407\/castelgandolfo1_vinicio_tullio.jpg\" border=\"0\" alt=\"\" \/><\/a><\/p>\n<div style=\"text-align: justify;\"><span class=\"Apple-style-span\"><br \/><\/span><\/div>\n<div style=\"text-align: justify;\"><span class=\"Apple-style-span\">Segundo um comunicado divulgado hoje pela Prefeitura da Casa Pontif\u00edcia, o Papa Bento XVI viajou para sua resid\u00eancia de veraneio em <i><b>Castel Gandolfo<\/b><\/i>, distante 23 quil\u00f4metros ao sul de Roma, na jurisdi\u00e7\u00e3o da Diocese de Albano.<\/span><\/div>\n<div style=\"text-align: justify;\"><span class=\"Apple-style-span\"><br \/><\/span><\/div>\n<div style=\"text-align: justify;\"><span class=\"Apple-style-span\">Portanto, est\u00e3o suspensas as audi\u00eancias privadas e especiais, at\u00e9 as catequeses dos dias 13, 20 e 27 deste m\u00eas.<\/span><\/div>\n<div style=\"text-align: justify;\"><span class=\"Apple-style-span\"><br \/><\/span><\/div>\n<div style=\"text-align: justify;\"><span class=\"Apple-style-span\">Aos domingos e dias festivos, a recita\u00e7\u00e3o da ora\u00e7\u00e3o do <i>Angelus<\/i> ter\u00e1 lugar no Pal\u00e1cio Pontif\u00edcio de <i>Castel Gandolfo<\/i>.<\/span><\/div>\n<div style=\"text-align: justify;\"><span class=\"Apple-style-span\"><br \/><\/span><\/div>\n<div style=\"text-align: justify;\"><a href=\"http:\/\/3.bp.blogspot.com\/_O6K_h61str8\/TErD1j6sAmI\/AAAAAAAAD7k\/aHG_9qVeN4o\/s1600\/x610.jpg\" onblur=\"try {parent.deselectBloggerImageGracefully();} catch(e) {}\"><img decoding=\"async\" src=\"http:\/\/3.bp.blogspot.com\/_O6K_h61str8\/TErD1j6sAmI\/AAAAAAAAD7k\/aHG_9qVeN4o\/s1600\/x610.jpg\" border=\"0\" alt=\"\" style=\"display: block; margin-top: 0px; margin-right: auto; margin-bottom: 10px; margin-left: auto; text-align: center; cursor: pointer; width: 432px; height: 610px; \" \/><\/a><br \/><a href=\"http:\/\/i30.photobucket.com\/albums\/c305\/benodette\/Q3%202008\/Q%202%202009\/July22BertoneLCGetty.jpg\" onblur=\"try {parent.deselectBloggerImageGracefully();} catch(e) {}\"><img decoding=\"async\" src=\"http:\/\/i30.photobucket.com\/albums\/c305\/benodette\/Q3%202008\/Q%202%202009\/July22BertoneLCGetty.jpg\" border=\"0\" alt=\"\" style=\"display: block; margin-top: 0px; margin-right: auto; margin-bottom: 10px; margin-left: auto; text-align: center; cursor: pointer; width: 610px; height: 406px; \" \/><\/a><br \/><a href=\"http:\/\/4.bp.blogspot.com\/_5oSFVXeCQDQ\/TE4RtN03eFI\/AAAAAAAAQJk\/nXYngqe4OnY\/s1600\/papa+gandolfo+2.jpg\" onblur=\"try {parent.deselectBloggerImageGracefully();} catch(e) {}\"><img decoding=\"async\" src=\"http:\/\/4.bp.blogspot.com\/_5oSFVXeCQDQ\/TE4RtN03eFI\/AAAAAAAAQJk\/nXYngqe4OnY\/s1600\/papa+gandolfo+2.jpg\" border=\"0\" alt=\"\" style=\"display: block; margin-top: 0px; margin-right: auto; margin-bottom: 10px; margin-left: auto; text-align: center; cursor: pointer; width: 610px; height: 406px; \" \/><\/a><br \/><a href=\"http:\/\/i.telegraph.co.uk\/multimedia\/archive\/00784\/brother-pope_784120i.jpg\" onblur=\"try {parent.deselectBloggerImageGracefully();} catch(e) {}\"><img decoding=\"async\" src=\"http:\/\/i.telegraph.co.uk\/multimedia\/archive\/00784\/brother-pope_784120i.jpg\" border=\"0\" alt=\"\" style=\"display: block; margin-top: 0px; margin-right: auto; margin-bottom: 10px; margin-left: auto; text-align: center; cursor: pointer; width: 620px; height: 400px; \" \/><\/a><\/div>\n<div><\/div>\n","protected":false},"excerpt":{"rendered":"Segundo um comunicado divulgado hoje pela Prefeitura da Casa Pontif\u00edcia, o Papa Bento XVI viajou para sua resid\u00eancia de veraneio em Castel Gandolfo, distante 23 quil\u00f4metros ao sul de Roma, na jurisdi\u00e7\u00e3o da Diocese de Albano. Portanto, est\u00e3o suspensas as audi\u00eancias privadas e especiais, at\u00e9 as catequeses dos dias 13, 20 e 27 deste m\u00eas&#8230;. <a class=\"view-article\" href=\"https:\/\/diretodasacristia.com\/home\/sem-categoria\/bento-xvi-inicia-suas-ferias-anuais-2\/\">Ver artigo<\/a>","protected":false},"author":3,"featured_media":0,"comment_status":"open","ping_status":"open","sticky":false,"template":"","format":"standard","meta":{"jetpack_post_was_ever_published":false,"_jetpack_newsletter_access":"","_jetpack_dont_email_post_to_subs":false,"_jetpack_newsletter_tier_id":0,"_jetpack_memberships_contains_paywalled_content":false,"_jetpack_memberships_contains_paid_content":false,"_joinchat":[],"footnotes":"","jetpack_publicize_message":"","jetpack_publicize_feature_enabled":true,"jetpack_social_post_already_shared":false,"jetpack_social_options":{"image_generator_settings":{"template":"highway","default_image_id":0,"font":"","enabled":false},"version":2}},"categories":[1],"tags":[],"class_list":["post-2439","post","type-post","status-publish","format-standard","hentry","category-sem-categoria"],"yoast_head":"<!-- This site is optimized with the Yoast SEO plugin v27.4 - https:\/\/yoast.com\/product\/yoast-seo-wordpress\/ -->\n<title>Bento XVI inicia suas f\u00e9rias anuais - Direto da Sacristia<\/title>\n<meta name=\"robots\" content=\"index, follow, max-snippet:-1, max-image-preview:large, max-video-preview:-1\" \/>\n<link rel=\"canonical\" href=\"https:\/\/diretodasacristia.com\/home\/sem-categoria\/bento-xvi-inicia-suas-ferias-anuais-2\/\" \/>\n<meta property=\"og:locale\" content=\"pt_BR\" \/>\n<meta property=\"og:type\" content=\"article\" \/>\n<meta property=\"og:title\" content=\"Bento XVI inicia suas f\u00e9rias anuais - Direto da Sacristia\" \/>\n<meta property=\"og:description\" content=\"Segundo um comunicado divulgado hoje pela Prefeitura da Casa Pontif\u00edcia, o Papa Bento XVI viajou para sua resid\u00eancia de veraneio em Castel Gandolfo, distante 23 quil\u00f4metros ao sul de Roma, na jurisdi\u00e7\u00e3o da Diocese de Albano. Portanto, est\u00e3o suspensas as audi\u00eancias privadas e especiais, at\u00e9 as catequeses dos dias 13, 20 e 27 deste m\u00eas.... Ver artigo\" \/>\n<meta property=\"og:url\" content=\"https:\/\/diretodasacristia.com\/home\/sem-categoria\/bento-xvi-inicia-suas-ferias-anuais-2\/\" \/>\n<meta property=\"og:site_name\" content=\"Direto da Sacristia\" \/>\n<meta property=\"article:publisher\" content=\"https:\/\/www.facebook.com\/DiretoSacristia\" \/>\n<meta property=\"article:published_time\" content=\"2011-07-07T09:52:00+00:00\" \/>\n<meta property=\"og:image\" content=\"http:\/\/i1.trekearth.com\/photos\/16407\/castelgandolfo1_vinicio_tullio.jpg\" \/>\n<meta name=\"author\" content=\"E. Mar\u00e7al\" \/>\n<meta name=\"twitter:card\" content=\"summary_large_image\" \/>\n<meta name=\"twitter:creator\" content=\"@diretosacristia\" \/>\n<meta name=\"twitter:site\" content=\"@diretosacristia\" \/>\n<meta name=\"twitter:label1\" content=\"Escrito por\" \/>\n\t<meta name=\"twitter:data1\" content=\"E. Mar\u00e7al\" \/>\n<script type=\"application\/ld+json\" class=\"yoast-schema-graph\">{\"@context\":\"https:\\\/\\\/schema.org\",\"@graph\":[{\"@type\":\"Article\",\"@id\":\"https:\\\/\\\/diretodasacristia.com\\\/home\\\/sem-categoria\\\/bento-xvi-inicia-suas-ferias-anuais-2\\\/#article\",\"isPartOf\":{\"@id\":\"https:\\\/\\\/diretodasacristia.com\\\/home\\\/sem-categoria\\\/bento-xvi-inicia-suas-ferias-anuais-2\\\/\"},\"author\":{\"name\":\"E. Mar\u00e7al\",\"@id\":\"https:\\\/\\\/diretodasacristia.com\\\/home\\\/#\\\/schema\\\/person\\\/3d453ef1f7d57c0bb0990b8070642721\"},\"headline\":\"Bento XVI inicia suas f\u00e9rias anuais\",\"datePublished\":\"2011-07-07T09:52:00+00:00\",\"mainEntityOfPage\":{\"@id\":\"https:\\\/\\\/diretodasacristia.com\\\/home\\\/sem-categoria\\\/bento-xvi-inicia-suas-ferias-anuais-2\\\/\"},\"wordCount\":88,\"commentCount\":0,\"publisher\":{\"@id\":\"https:\\\/\\\/diretodasacristia.com\\\/home\\\/#organization\"},\"image\":{\"@id\":\"https:\\\/\\\/diretodasacristia.com\\\/home\\\/sem-categoria\\\/bento-xvi-inicia-suas-ferias-anuais-2\\\/#primaryimage\"},\"thumbnailUrl\":\"http:\\\/\\\/i1.trekearth.com\\\/photos\\\/16407\\\/castelgandolfo1_vinicio_tullio.jpg\",\"inLanguage\":\"pt-BR\",\"potentialAction\":[{\"@type\":\"CommentAction\",\"name\":\"Comment\",\"target\":[\"https:\\\/\\\/diretodasacristia.com\\\/home\\\/sem-categoria\\\/bento-xvi-inicia-suas-ferias-anuais-2\\\/#respond\"]}]},{\"@type\":\"WebPage\",\"@id\":\"https:\\\/\\\/diretodasacristia.com\\\/home\\\/sem-categoria\\\/bento-xvi-inicia-suas-ferias-anuais-2\\\/\",\"url\":\"https:\\\/\\\/diretodasacristia.com\\\/home\\\/sem-categoria\\\/bento-xvi-inicia-suas-ferias-anuais-2\\\/\",\"name\":\"Bento XVI inicia suas f\u00e9rias anuais - Direto da Sacristia\",\"isPartOf\":{\"@id\":\"https:\\\/\\\/diretodasacristia.com\\\/home\\\/#website\"},\"primaryImageOfPage\":{\"@id\":\"https:\\\/\\\/diretodasacristia.com\\\/home\\\/sem-categoria\\\/bento-xvi-inicia-suas-ferias-anuais-2\\\/#primaryimage\"},\"image\":{\"@id\":\"https:\\\/\\\/diretodasacristia.com\\\/home\\\/sem-categoria\\\/bento-xvi-inicia-suas-ferias-anuais-2\\\/#primaryimage\"},\"thumbnailUrl\":\"http:\\\/\\\/i1.trekearth.com\\\/photos\\\/16407\\\/castelgandolfo1_vinicio_tullio.jpg\",\"datePublished\":\"2011-07-07T09:52:00+00:00\",\"breadcrumb\":{\"@id\":\"https:\\\/\\\/diretodasacristia.com\\\/home\\\/sem-categoria\\\/bento-xvi-inicia-suas-ferias-anuais-2\\\/#breadcrumb\"},\"inLanguage\":\"pt-BR\",\"potentialAction\":[{\"@type\":\"ReadAction\",\"target\":[\"https:\\\/\\\/diretodasacristia.com\\\/home\\\/sem-categoria\\\/bento-xvi-inicia-suas-ferias-anuais-2\\\/\"]}]},{\"@type\":\"ImageObject\",\"inLanguage\":\"pt-BR\",\"@id\":\"https:\\\/\\\/diretodasacristia.com\\\/home\\\/sem-categoria\\\/bento-xvi-inicia-suas-ferias-anuais-2\\\/#primaryimage\",\"url\":\"http:\\\/\\\/i1.trekearth.com\\\/photos\\\/16407\\\/castelgandolfo1_vinicio_tullio.jpg\",\"contentUrl\":\"http:\\\/\\\/i1.trekearth.com\\\/photos\\\/16407\\\/castelgandolfo1_vinicio_tullio.jpg\"},{\"@type\":\"BreadcrumbList\",\"@id\":\"https:\\\/\\\/diretodasacristia.com\\\/home\\\/sem-categoria\\\/bento-xvi-inicia-suas-ferias-anuais-2\\\/#breadcrumb\",\"itemListElement\":[{\"@type\":\"ListItem\",\"position\":1,\"name\":\"In\u00edcio\",\"item\":\"https:\\\/\\\/diretodasacristia.com\\\/home\\\/\"},{\"@type\":\"ListItem\",\"position\":2,\"name\":\"Bento XVI inicia suas f\u00e9rias anuais\"}]},{\"@type\":\"WebSite\",\"@id\":\"https:\\\/\\\/diretodasacristia.com\\\/home\\\/#website\",\"url\":\"https:\\\/\\\/diretodasacristia.com\\\/home\\\/\",\"name\":\"Direto da Sacristia\",\"description\":\"Not\u00edcias e artigos sobre a f\u00e9 cat\u00f3lica\",\"publisher\":{\"@id\":\"https:\\\/\\\/diretodasacristia.com\\\/home\\\/#organization\"},\"potentialAction\":[{\"@type\":\"SearchAction\",\"target\":{\"@type\":\"EntryPoint\",\"urlTemplate\":\"https:\\\/\\\/diretodasacristia.com\\\/home\\\/?s={search_term_string}\"},\"query-input\":{\"@type\":\"PropertyValueSpecification\",\"valueRequired\":true,\"valueName\":\"search_term_string\"}}],\"inLanguage\":\"pt-BR\"},{\"@type\":\"Organization\",\"@id\":\"https:\\\/\\\/diretodasacristia.com\\\/home\\\/#organization\",\"name\":\"Direto da Sacristia\",\"url\":\"https:\\\/\\\/diretodasacristia.com\\\/home\\\/\",\"logo\":{\"@type\":\"ImageObject\",\"inLanguage\":\"pt-BR\",\"@id\":\"https:\\\/\\\/diretodasacristia.com\\\/home\\\/#\\\/schema\\\/logo\\\/image\\\/\",\"url\":\"https:\\\/\\\/i0.wp.com\\\/diretodasacristia.com\\\/home\\\/wp-content\\\/uploads\\\/2012\\\/01\\\/marca-sacristia.png?fit=320%2C306&ssl=1\",\"contentUrl\":\"https:\\\/\\\/i0.wp.com\\\/diretodasacristia.com\\\/home\\\/wp-content\\\/uploads\\\/2012\\\/01\\\/marca-sacristia.png?fit=320%2C306&ssl=1\",\"width\":\"320\",\"height\":\"306\",\"caption\":\"Direto da Sacristia\"},\"image\":{\"@id\":\"https:\\\/\\\/diretodasacristia.com\\\/home\\\/#\\\/schema\\\/logo\\\/image\\\/\"},\"sameAs\":[\"https:\\\/\\\/www.facebook.com\\\/DiretoSacristia\",\"https:\\\/\\\/x.com\\\/diretosacristia\",\"https:\\\/\\\/www.instagram.com\\\/diretodasacristia\\\/\",\"https:\\\/\\\/www.youtube.com\\\/diretodasacristia\"]},{\"@type\":\"Person\",\"@id\":\"https:\\\/\\\/diretodasacristia.com\\\/home\\\/#\\\/schema\\\/person\\\/3d453ef1f7d57c0bb0990b8070642721\",\"name\":\"E. Mar\u00e7al\",\"image\":{\"@type\":\"ImageObject\",\"inLanguage\":\"pt-BR\",\"@id\":\"https:\\\/\\\/secure.gravatar.com\\\/avatar\\\/348ff80a5ddde3de6c8b6e0c5b066b733f9245285d9ab87cd2e2ff652ffa95b0?s=96&d=mm&r=g\",\"url\":\"https:\\\/\\\/secure.gravatar.com\\\/avatar\\\/348ff80a5ddde3de6c8b6e0c5b066b733f9245285d9ab87cd2e2ff652ffa95b0?s=96&d=mm&r=g\",\"contentUrl\":\"https:\\\/\\\/secure.gravatar.com\\\/avatar\\\/348ff80a5ddde3de6c8b6e0c5b066b733f9245285d9ab87cd2e2ff652ffa95b0?s=96&d=mm&r=g\",\"caption\":\"E. Mar\u00e7al\"},\"url\":\"https:\\\/\\\/diretodasacristia.com\\\/home\\\/author\\\/erick\\\/\"}]}<\/script>\n<!-- \/ Yoast SEO plugin. -->","yoast_head_json":{"title":"Bento XVI inicia suas f\u00e9rias anuais - Direto da Sacristia","robots":{"index":"index","follow":"follow","max-snippet":"max-snippet:-1","max-image-preview":"max-image-preview:large","max-video-preview":"max-video-preview:-1"},"canonical":"https:\/\/diretodasacristia.com\/home\/sem-categoria\/bento-xvi-inicia-suas-ferias-anuais-2\/","og_locale":"pt_BR","og_type":"article","og_title":"Bento XVI inicia suas f\u00e9rias anuais - Direto da Sacristia","og_description":"Segundo um comunicado divulgado hoje pela Prefeitura da Casa Pontif\u00edcia, o Papa Bento XVI viajou para sua resid\u00eancia de veraneio em Castel Gandolfo, distante 23 quil\u00f4metros ao sul de Roma, na jurisdi\u00e7\u00e3o da Diocese de Albano. Portanto, est\u00e3o suspensas as audi\u00eancias privadas e especiais, at\u00e9 as catequeses dos dias 13, 20 e 27 deste m\u00eas.... Ver artigo","og_url":"https:\/\/diretodasacristia.com\/home\/sem-categoria\/bento-xvi-inicia-suas-ferias-anuais-2\/","og_site_name":"Direto da Sacristia","article_publisher":"https:\/\/www.facebook.com\/DiretoSacristia","article_published_time":"2011-07-07T09:52:00+00:00","og_image":[{"url":"http:\/\/i1.trekearth.com\/photos\/16407\/castelgandolfo1_vinicio_tullio.jpg","type":"","width":"","height":""}],"author":"E. Mar\u00e7al","twitter_card":"summary_large_image","twitter_creator":"@diretosacristia","twitter_site":"@diretosacristia","twitter_misc":{"Escrito por":"E. Mar\u00e7al"},"schema":{"@context":"https:\/\/schema.org","@graph":[{"@type":"Article","@id":"https:\/\/diretodasacristia.com\/home\/sem-categoria\/bento-xvi-inicia-suas-ferias-anuais-2\/#article","isPartOf":{"@id":"https:\/\/diretodasacristia.com\/home\/sem-categoria\/bento-xvi-inicia-suas-ferias-anuais-2\/"},"author":{"name":"E. Mar\u00e7al","@id":"https:\/\/diretodasacristia.com\/home\/#\/schema\/person\/3d453ef1f7d57c0bb0990b8070642721"},"headline":"Bento XVI inicia suas f\u00e9rias anuais","datePublished":"2011-07-07T09:52:00+00:00","mainEntityOfPage":{"@id":"https:\/\/diretodasacristia.com\/home\/sem-categoria\/bento-xvi-inicia-suas-ferias-anuais-2\/"},"wordCount":88,"commentCount":0,"publisher":{"@id":"https:\/\/diretodasacristia.com\/home\/#organization"},"image":{"@id":"https:\/\/diretodasacristia.com\/home\/sem-categoria\/bento-xvi-inicia-suas-ferias-anuais-2\/#primaryimage"},"thumbnailUrl":"http:\/\/i1.trekearth.com\/photos\/16407\/castelgandolfo1_vinicio_tullio.jpg","inLanguage":"pt-BR","potentialAction":[{"@type":"CommentAction","name":"Comment","target":["https:\/\/diretodasacristia.com\/home\/sem-categoria\/bento-xvi-inicia-suas-ferias-anuais-2\/#respond"]}]},{"@type":"WebPage","@id":"https:\/\/diretodasacristia.com\/home\/sem-categoria\/bento-xvi-inicia-suas-ferias-anuais-2\/","url":"https:\/\/diretodasacristia.com\/home\/sem-categoria\/bento-xvi-inicia-suas-ferias-anuais-2\/","name":"Bento XVI inicia suas f\u00e9rias anuais - Direto da Sacristia","isPartOf":{"@id":"https:\/\/diretodasacristia.com\/home\/#website"},"primaryImageOfPage":{"@id":"https:\/\/diretodasacristia.com\/home\/sem-categoria\/bento-xvi-inicia-suas-ferias-anuais-2\/#primaryimage"},"image":{"@id":"https:\/\/diretodasacristia.com\/home\/sem-categoria\/bento-xvi-inicia-suas-ferias-anuais-2\/#primaryimage"},"thumbnailUrl":"http:\/\/i1.trekearth.com\/photos\/16407\/castelgandolfo1_vinicio_tullio.jpg","datePublished":"2011-07-07T09:52:00+00:00","breadcrumb":{"@id":"https:\/\/diretodasacristia.com\/home\/sem-categoria\/bento-xvi-inicia-suas-ferias-anuais-2\/#breadcrumb"},"inLanguage":"pt-BR","potentialAction":[{"@type":"ReadAction","target":["https:\/\/diretodasacristia.com\/home\/sem-categoria\/bento-xvi-inicia-suas-ferias-anuais-2\/"]}]},{"@type":"ImageObject","inLanguage":"pt-BR","@id":"https:\/\/diretodasacristia.com\/home\/sem-categoria\/bento-xvi-inicia-suas-ferias-anuais-2\/#primaryimage","url":"http:\/\/i1.trekearth.com\/photos\/16407\/castelgandolfo1_vinicio_tullio.jpg","contentUrl":"http:\/\/i1.trekearth.com\/photos\/16407\/castelgandolfo1_vinicio_tullio.jpg"},{"@type":"BreadcrumbList","@id":"https:\/\/diretodasacristia.com\/home\/sem-categoria\/bento-xvi-inicia-suas-ferias-anuais-2\/#breadcrumb","itemListElement":[{"@type":"ListItem","position":1,"name":"In\u00edcio","item":"https:\/\/diretodasacristia.com\/home\/"},{"@type":"ListItem","position":2,"name":"Bento XVI inicia suas f\u00e9rias anuais"}]},{"@type":"WebSite","@id":"https:\/\/diretodasacristia.com\/home\/#website","url":"https:\/\/diretodasacristia.com\/home\/","name":"Direto da Sacristia","description":"Not\u00edcias e artigos sobre a f\u00e9 cat\u00f3lica","publisher":{"@id":"https:\/\/diretodasacristia.com\/home\/#organization"},"potentialAction":[{"@type":"SearchAction","target":{"@type":"EntryPoint","urlTemplate":"https:\/\/diretodasacristia.com\/home\/?s={search_term_string}"},"query-input":{"@type":"PropertyValueSpecification","valueRequired":true,"valueName":"search_term_string"}}],"inLanguage":"pt-BR"},{"@type":"Organization","@id":"https:\/\/diretodasacristia.com\/home\/#organization","name":"Direto da Sacristia","url":"https:\/\/diretodasacristia.com\/home\/","logo":{"@type":"ImageObject","inLanguage":"pt-BR","@id":"https:\/\/diretodasacristia.com\/home\/#\/schema\/logo\/image\/","url":"https:\/\/i0.wp.com\/diretodasacristia.com\/home\/wp-content\/uploads\/2012\/01\/marca-sacristia.png?fit=320%2C306&ssl=1","contentUrl":"https:\/\/i0.wp.com\/diretodasacristia.com\/home\/wp-content\/uploads\/2012\/01\/marca-sacristia.png?fit=320%2C306&ssl=1","width":"320","height":"306","caption":"Direto da Sacristia"},"image":{"@id":"https:\/\/diretodasacristia.com\/home\/#\/schema\/logo\/image\/"},"sameAs":["https:\/\/www.facebook.com\/DiretoSacristia","https:\/\/x.com\/diretosacristia","https:\/\/www.instagram.com\/diretodasacristia\/","https:\/\/www.youtube.com\/diretodasacristia"]},{"@type":"Person","@id":"https:\/\/diretodasacristia.com\/home\/#\/schema\/person\/3d453ef1f7d57c0bb0990b8070642721","name":"E. Mar\u00e7al","image":{"@type":"ImageObject","inLanguage":"pt-BR","@id":"https:\/\/secure.gravatar.com\/avatar\/348ff80a5ddde3de6c8b6e0c5b066b733f9245285d9ab87cd2e2ff652ffa95b0?s=96&d=mm&r=g","url":"https:\/\/secure.gravatar.com\/avatar\/348ff80a5ddde3de6c8b6e0c5b066b733f9245285d9ab87cd2e2ff652ffa95b0?s=96&d=mm&r=g","contentUrl":"https:\/\/secure.gravatar.com\/avatar\/348ff80a5ddde3de6c8b6e0c5b066b733f9245285d9ab87cd2e2ff652ffa95b0?s=96&d=mm&r=g","caption":"E. Mar\u00e7al"},"url":"https:\/\/diretodasacristia.com\/home\/author\/erick\/"}]}},"jetpack_publicize_connections":[],"jetpack_featured_media_url":"","jetpack_sharing_enabled":true,"jetpack_shortlink":"https:\/\/wp.me\/p24aG7-Dl","jetpack-related-posts":[{"id":4455,"url":"https:\/\/diretodasacristia.com\/home\/bento-xvi\/a-vida-de-bento-xvi-em-filme\/","url_meta":{"origin":2439,"position":0},"title":"A vida de Bento XVI em filme","author":"E. Mar\u00e7al","date":"2 de junho de 2015","format":false,"excerpt":"\"Pontifex\" (\"Pont\u00edfice\", em latim) ser\u00e1 o t\u00edtulo da produ\u00e7\u00e3o, para ser lan\u00e7ada no segundo semestre de 2016. Assim o anunciou hoje, em Munique, o porta-voz da produtora cinematogr\u00e1fica Pantaleon. Matthias Schweigh\u00f6fer, o ator que interpretar\u00e1 Bento XVI \u00a9 Imagem:\u00a0Getty Images O filme ser\u00e1 baseado na biografia escrita pelo jornalista alem\u00e3o\u2026","rel":"","context":"Em &quot;Bento XVI&quot;","block_context":{"text":"Bento XVI","link":"https:\/\/diretodasacristia.com\/home\/c\/bento-xvi\/"},"img":{"alt_text":"","src":"https:\/\/i0.wp.com\/diretodasacristia.com\/home\/wp-content\/uploads\/2015\/06\/Matthias-Schweigh%C3%B6fer-Getty.jpg?resize=350%2C200","width":350,"height":200,"srcset":"https:\/\/i0.wp.com\/diretodasacristia.com\/home\/wp-content\/uploads\/2015\/06\/Matthias-Schweigh%C3%B6fer-Getty.jpg?resize=350%2C200 1x, https:\/\/i0.wp.com\/diretodasacristia.com\/home\/wp-content\/uploads\/2015\/06\/Matthias-Schweigh%C3%B6fer-Getty.jpg?resize=525%2C300 1.5x"},"classes":[]},{"id":1706,"url":"https:\/\/diretodasacristia.com\/home\/bento-xvi\/onomastico-de-bento-xvi\/","url_meta":{"origin":2439,"position":1},"title":"Onom\u00e1stico de Bento XVI","author":"E. Mar\u00e7al","date":"19 de mar\u00e7o de 2012","format":false,"excerpt":"Como \u00e9 costume no Vaticano n\u00e3o comemorar o anivers\u00e1rio natal\u00edcio mas sim o onom\u00e1stico, hoje, dia do Patrono da Igreja universal, foi o do Papa Bento XVI. Bento XVI e o primeiro-ministro italiano Mario Monti em uma audi\u00eancia privada no Vaticano Segundo informa um comunicado da Sala de Imprensa da\u2026","rel":"","context":"Em &quot;Bento XVI&quot;","block_context":{"text":"Bento XVI","link":"https:\/\/diretodasacristia.com\/home\/c\/bento-xvi\/"},"img":{"alt_text":"","src":"https:\/\/i0.wp.com\/diretodasacristia.com\/home\/wp-content\/uploads\/2012\/03\/Bento-XVI-Mario-Monti-e1332203152178.jpg?resize=350%2C200&ssl=1","width":350,"height":200},"classes":[]},{"id":245,"url":"https:\/\/diretodasacristia.com\/home\/bento-xvi\/bento-xvi-anuncia-ano-da-fe\/","url_meta":{"origin":2439,"position":2},"title":"Bento XVI anuncia Ano da F\u00e9","author":"E. Mar\u00e7al","date":"16 de outubro de 2011","format":false,"excerpt":"Durante a homilia pronunciada durante a Missa do XIX Domingo \"per annum\", por ocasi\u00e3o do primeiro encontro internacional dos novos evangelizadores, promovido pelo\u00a0Pontif\u00edcio\u00a0Conselho para a Promo\u00e7\u00e3o da Nova Evangeliza\u00e7\u00e3o, o Santo Padre Bento XVI anunciou 2012 como o\u00a0Ano da F\u00e9, com in\u00edcio em 11 de outubro, 50\u00ba anivers\u00e1rio da abertura\u2026","rel":"","context":"Em &quot;Bento XVI&quot;","block_context":{"text":"Bento XVI","link":"https:\/\/diretodasacristia.com\/home\/c\/bento-xvi\/"},"img":{"alt_text":"","src":"https:\/\/i0.wp.com\/cache.daylife.com\/imageserve\/06hLfLlfs2elx\/610x.jpg?resize=350%2C200","width":350,"height":200},"classes":[]},{"id":2506,"url":"https:\/\/diretodasacristia.com\/home\/bento-xvi\/inserida-tiara-papal-no-brasao-de-bento-xvi\/","url_meta":{"origin":2439,"position":3},"title":"Inserida tiara papal no bras\u00e3o de Bento XVI","author":"E. Mar\u00e7al","date":"12 de outubro de 2010","format":false,"excerpt":"Do Salvem a Liturgia \u00a0 Bras\u00e3o com novo elemento foi visto durante o Angelus do \u00faltimo domingo \u00a0 Antigo bras\u00e3o de Bento XVI H\u00e1 quem diga que, se o bras\u00e3o pontif\u00edcio de Bento XVI ostentava uma mitra com tr\u00eas barras (ou circulus) at\u00e9 o \u00faltimo domingo, dia 10, isso deve-se\u2026","rel":"","context":"Em &quot;Bento XVI&quot;","block_context":{"text":"Bento XVI","link":"https:\/\/diretodasacristia.com\/home\/c\/bento-xvi\/"},"img":{"alt_text":"","src":"","width":0,"height":0},"classes":[]},{"id":1884,"url":"https:\/\/diretodasacristia.com\/home\/bento-xvi\/bento-xvi-encontra-fidel-castro\/","url_meta":{"origin":2439,"position":4},"title":"Bento XVI encontra Fidel Castro","author":"E. Mar\u00e7al","date":"28 de mar\u00e7o de 2012","format":false,"excerpt":"N\u00e3o estava previsto nos encontros oficiais, mas j\u00e1 causava expectativa a possibilidade do Papa Bento XVI ser recebido pelo l\u00edder da agora falida Revolu\u00e7\u00e3o Cubana. E isto aconteceu na tarde de hoje. Embora privado, de 30 minutos, na Nunciatura Apost\u00f3lica em Cuba, o encontro ocorreu ao t\u00e9rmino dos 3 dias\u2026","rel":"","context":"Em &quot;Bento XVI&quot;","block_context":{"text":"Bento XVI","link":"https:\/\/diretodasacristia.com\/home\/c\/bento-xvi\/"},"img":{"alt_text":"","src":"https:\/\/i0.wp.com\/diretodasacristia.com\/home\/wp-content\/uploads\/2012\/03\/Bento-XVI-Fidel-Castro-3.jpg?resize=350%2C200","width":350,"height":200,"srcset":"https:\/\/i0.wp.com\/diretodasacristia.com\/home\/wp-content\/uploads\/2012\/03\/Bento-XVI-Fidel-Castro-3.jpg?resize=350%2C200 1x, https:\/\/i0.wp.com\/diretodasacristia.com\/home\/wp-content\/uploads\/2012\/03\/Bento-XVI-Fidel-Castro-3.jpg?resize=525%2C300 1.5x"},"classes":[]},{"id":1686,"url":"https:\/\/diretodasacristia.com\/home\/bento-xvi\/bento-xvi-abencoa-sino-de-congresso\/","url_meta":{"origin":2439,"position":5},"title":"Bento XVI aben\u00e7oa sino do Congresso","author":"E. Mar\u00e7al","date":"19 de mar\u00e7o de 2012","format":false,"excerpt":"Com informa\u00e7\u00f5es do News.va e fotos do L\u00b4Osservatore Romano Ap\u00f3s a audi\u00eancia-geral da \u00faltima quarta-feira, dia 14, \u00e0s 10h30 locais, o Papa Bento XVI aben\u00e7oou um sino que ser\u00e1 usado no 50\u00ba Congresso Eucar\u00edstico Internacional, em Dublin, Irlanda, compreendido entre os dias 10-17 junho. O vaso sagrado foi levado a\u2026","rel":"","context":"Em &quot;Bento XVI&quot;","block_context":{"text":"Bento XVI","link":"https:\/\/diretodasacristia.com\/home\/c\/bento-xvi\/"},"img":{"alt_text":"","src":"https:\/\/i0.wp.com\/diretodasacristia.com\/home\/wp-content\/uploads\/2012\/03\/Bento-XVI-toca-sino-Congresso.jpg?resize=350%2C200&ssl=1","width":350,"height":200},"classes":[]}],"post_mailing_queue_ids":[],"_links":{"self":[{"href":"https:\/\/diretodasacristia.com\/home\/wp-json\/wp\/v2\/posts\/2439","targetHints":{"allow":["GET"]}}],"collection":[{"href":"https:\/\/diretodasacristia.com\/home\/wp-json\/wp\/v2\/posts"}],"about":[{"href":"https:\/\/diretodasacristia.com\/home\/wp-json\/wp\/v2\/types\/post"}],"author":[{"embeddable":true,"href":"https:\/\/diretodasacristia.com\/home\/wp-json\/wp\/v2\/users\/3"}],"replies":[{"embeddable":true,"href":"https:\/\/diretodasacristia.com\/home\/wp-json\/wp\/v2\/comments?post=2439"}],"version-history":[{"count":0,"href":"https:\/\/diretodasacristia.com\/home\/wp-json\/wp\/v2\/posts\/2439\/revisions"}],"wp:attachment":[{"href":"https:\/\/diretodasacristia.com\/home\/wp-json\/wp\/v2\/media?parent=2439"}],"wp:term":[{"taxonomy":"category","embeddable":true,"href":"https:\/\/diretodasacristia.com\/home\/wp-json\/wp\/v2\/categories?post=2439"},{"taxonomy":"post_tag","embeddable":true,"href":"https:\/\/diretodasacristia.com\/home\/wp-json\/wp\/v2\/tags?post=2439"}],"curies":[{"name":"wp","href":"https:\/\/api.w.org\/{rel}","templated":true}]}}