{"id":2441,"date":"2011-07-05T13:34:00","date_gmt":"2011-07-05T13:34:00","guid":{"rendered":"http:\/\/diretodasacristia.com\/home\/sem-categoria\/o-que-dom-joao-braz-pensa-dos-legionarios-e-da-toca-de-assis-2\/"},"modified":"2011-07-05T13:34:00","modified_gmt":"2011-07-05T13:34:00","slug":"o-que-dom-joao-braz-pensa-dos-legionarios-e-da-toca-de-assis-2","status":"publish","type":"post","link":"https:\/\/diretodasacristia.com\/home\/sem-categoria\/o-que-dom-joao-braz-pensa-dos-legionarios-e-da-toca-de-assis-2\/","title":{"rendered":"O que Dom Jo\u00e3o Braz pensa dos Legion\u00e1rios e da Toca de Assis"},"content":{"rendered":"<div style=\"text-align: center;\"><span class=\"Apple-style-span\"><u><br \/><\/u><\/span><\/div>\n<div><span class=\"Apple-style-span\">Tradu\u00e7\u00e3o do <a href=\"http:\/\/fratresinunum.com\/2011\/07\/05\/bomba-de-roma-dom-joao-braz-de-aviz-compara-pe-roberto-letieri-a-fundador-de-legionarios-de-cristo\/\">Fratres In Unum<\/a><\/span><\/div>\n<div><span class=\"Apple-style-span\"><br \/><\/span><\/div>\n<div><span class=\"Apple-style-span\"><br \/><\/span><\/div>\n<div style=\"text-align: center;\"><b><span class=\"Apple-style-span\">Dom Jo\u00e3o Braz compara <\/span><\/b><\/div>\n<div style=\"text-align: center;\"><b><span class=\"Apple-style-span\">Pe. Roberto Lettieri ao Pe. Marcial Marciel<\/span><\/b><\/div>\n<div><span class=\"Apple-style-span\"><br \/><\/span><\/div>\n<div><span class=\"Apple-style-span\"><br \/><\/span><\/div>\n<div><a href=\"http:\/\/blog.cancaonova.com\/saopaulo\/files\/2008\/06\/1homilia.jpg\" onblur=\"try {parent.deselectBloggerImageGracefully();} catch(e) {}\"><img decoding=\"async\" src=\"http:\/\/blog.cancaonova.com\/saopaulo\/files\/2008\/06\/1homilia.jpg\" border=\"0\" alt=\"\" style=\"display: block; margin-top: 0px; margin-right: auto; margin-bottom: 10px; margin-left: auto; text-align: center; cursor: pointer; width: 460px; height: 308px; \" \/><\/a><\/div>\n<div><\/div>\n<div style=\"text-align: justify;\"><span class=\"Apple-style-span\"><span class=\"Apple-style-span\">Em entrevista concedida ao um jornalista, S.E.R. Dom Jo\u00e3o Braz, Prefeito para os Institutos de Vida Consagrada e Sociedades de Vida Apost\u00f3lica, comparou em dois pontos os Legion\u00e1rios de Cristo com a Toca de Assis: o forte carisma e <\/span><span class=\"Apple-style-span\">as s\u00e9rias acusa\u00e7\u00f5es contra os fundadores <\/span><span class=\"Apple-style-span\">de cada um &#8211; contra o primeiro j\u00e1 foram comprovadas, contra o segundo, restam investiga\u00e7\u00f5es.<\/span><\/span><\/div>\n<div style=\"text-align: justify;\"><span class=\"Apple-style-span\"><span class=\"Apple-style-span\"><br \/><\/span><\/span><\/div>\n<div style=\"text-align: center;\"><span class=\"Apple-style-span\">*<\/span><\/div>\n<p><span class=\"Apple-style-span\"><br \/><\/span><span class=\"Apple-style-span\" style=\"font-family: verdana; \">O que o esc\u00e2ndalo envolvendo o fundador dos Legion\u00e1rios de Cristo significa para o senhor?<\/span><\/p>\n<div><span class=\"Apple-style-span\"><br \/><\/span><\/div>\n<div style=\"text-align: justify;\"><span class=\"Apple-style-span\">Certamente \u00e9 doloroso quando voc\u00ea v\u00ea a expans\u00e3o de um movimento que se apresenta como carism\u00e1tico, e ent\u00e3o indignidade de seu fundador \u00e9 revelada. Como tal coisa \u00e9 poss\u00edvel permanece um mist\u00e9rio, e os Legion\u00e1rios n\u00e3o s\u00e3o o \u00fanico exemplo. No Brasil, tivemos o caso da Toca de Assis. Era uma comunidade que vestia um h\u00e1bito no estilo franciscano e que atraiu muita ate\u00e7\u00e3o, inserindo-se na Can\u00e7\u00e3o Nova [uma rede brasileira de grupos vagamente afiliados ao movimento carism\u00e1tico]. Eles criaram uma forte imagem de si, com irm\u00e3os que alegavam dar gl\u00f3ria a Deus cantando e dan\u00e7ando. Tinham recrutado seiscentos mo\u00e7os. Depois se descobriu, todavia, que o fundador tomou parte em comportamentos indignos com seus seguidores.<\/span><\/div>\n<div style=\"text-align: justify;\"><span class=\"Apple-style-span\"><br \/><\/span><\/div>\n<div style=\"text-align: justify;\"><span class=\"Apple-style-span\">Quanto aos Legion\u00e1rios, nunca me convenci pela falta de confian\u00e7a na liberdade pessoal que eu via nas suas estruturas. Era um autoritarismo que procurava dominar tudo com disciplina. Eu retirei os seminaristas de Bras\u00edlia de seus semin\u00e1rios, porque vi que as coisas n\u00e3o poderiam continuar dessa forma.<\/span><\/div>\n<div style=\"text-align: justify;\"><span class=\"Apple-style-span\"><br \/><\/span><\/div>\n<div style=\"text-align: justify;\"><span class=\"Apple-style-span\"><br \/><\/span><\/div>\n<div style=\"text-align: center;\"><span class=\"Apple-style-span\">*<\/span><\/div>\n<div style=\"text-align: justify;\"><span class=\"Apple-style-span\"><br \/><\/span><\/div>\n<div style=\"text-align: justify;\"><span class=\"Apple-style-span\">Infelizmente, no decorrer da entrevista, o Prelado ainda continua a defender a Teologia da Liberta\u00e7\u00e3o, em n\u00edtido rompimento com o seu predecessor no dicast\u00e9rio, o Em.mo Cardeal Franc Rod\u00e9.<\/span><\/div>\n<div style=\"text-align: justify;\"><span class=\"Apple-style-span\"><br \/><\/span><\/div>\n","protected":false},"excerpt":{"rendered":"Tradu\u00e7\u00e3o do Fratres In Unum Dom Jo\u00e3o Braz compara Pe. Roberto Lettieri ao Pe. Marcial Marciel Em entrevista concedida ao um jornalista, S.E.R. Dom Jo\u00e3o Braz, Prefeito para os Institutos de Vida Consagrada e Sociedades de Vida Apost\u00f3lica, comparou em dois pontos os Legion\u00e1rios de Cristo com a Toca de Assis: o forte carisma e&#8230; <a class=\"view-article\" href=\"https:\/\/diretodasacristia.com\/home\/sem-categoria\/o-que-dom-joao-braz-pensa-dos-legionarios-e-da-toca-de-assis-2\/\">Ver artigo<\/a>","protected":false},"author":3,"featured_media":0,"comment_status":"open","ping_status":"open","sticky":false,"template":"","format":"standard","meta":{"jetpack_post_was_ever_published":false,"_jetpack_newsletter_access":"","_jetpack_dont_email_post_to_subs":false,"_jetpack_newsletter_tier_id":0,"_jetpack_memberships_contains_paywalled_content":false,"_jetpack_memberships_contains_paid_content":false,"_joinchat":[],"footnotes":"","jetpack_publicize_message":"","jetpack_publicize_feature_enabled":true,"jetpack_social_post_already_shared":false,"jetpack_social_options":{"image_generator_settings":{"template":"highway","default_image_id":0,"font":"","enabled":false},"version":2}},"categories":[1],"tags":[],"class_list":["post-2441","post","type-post","status-publish","format-standard","hentry","category-sem-categoria"],"yoast_head":"<!-- This site is optimized with the Yoast SEO plugin v27.4 - https:\/\/yoast.com\/product\/yoast-seo-wordpress\/ -->\n<title>O que Dom Jo\u00e3o Braz pensa dos Legion\u00e1rios e da Toca de Assis - Direto da Sacristia<\/title>\n<meta name=\"robots\" content=\"index, follow, max-snippet:-1, max-image-preview:large, max-video-preview:-1\" \/>\n<link rel=\"canonical\" href=\"https:\/\/diretodasacristia.com\/home\/sem-categoria\/o-que-dom-joao-braz-pensa-dos-legionarios-e-da-toca-de-assis-2\/\" \/>\n<meta property=\"og:locale\" content=\"pt_BR\" \/>\n<meta property=\"og:type\" content=\"article\" \/>\n<meta property=\"og:title\" content=\"O que Dom Jo\u00e3o Braz pensa dos Legion\u00e1rios e da Toca de Assis - Direto da Sacristia\" \/>\n<meta property=\"og:description\" content=\"Tradu\u00e7\u00e3o do Fratres In Unum Dom Jo\u00e3o Braz compara Pe. Roberto Lettieri ao Pe. Marcial Marciel Em entrevista concedida ao um jornalista, S.E.R. Dom Jo\u00e3o Braz, Prefeito para os Institutos de Vida Consagrada e Sociedades de Vida Apost\u00f3lica, comparou em dois pontos os Legion\u00e1rios de Cristo com a Toca de Assis: o forte carisma e... Ver artigo\" \/>\n<meta property=\"og:url\" content=\"https:\/\/diretodasacristia.com\/home\/sem-categoria\/o-que-dom-joao-braz-pensa-dos-legionarios-e-da-toca-de-assis-2\/\" \/>\n<meta property=\"og:site_name\" content=\"Direto da Sacristia\" \/>\n<meta property=\"article:publisher\" content=\"https:\/\/www.facebook.com\/DiretoSacristia\" \/>\n<meta property=\"article:published_time\" content=\"2011-07-05T13:34:00+00:00\" \/>\n<meta property=\"og:image\" content=\"http:\/\/blog.cancaonova.com\/saopaulo\/files\/2008\/06\/1homilia.jpg\" \/>\n<meta name=\"author\" content=\"E. Mar\u00e7al\" \/>\n<meta name=\"twitter:card\" content=\"summary_large_image\" \/>\n<meta name=\"twitter:creator\" content=\"@diretosacristia\" \/>\n<meta name=\"twitter:site\" content=\"@diretosacristia\" \/>\n<meta name=\"twitter:label1\" content=\"Escrito por\" \/>\n\t<meta name=\"twitter:data1\" content=\"E. Mar\u00e7al\" \/>\n\t<meta name=\"twitter:label2\" content=\"Est. tempo de leitura\" \/>\n\t<meta name=\"twitter:data2\" content=\"2 minutos\" \/>\n<script type=\"application\/ld+json\" class=\"yoast-schema-graph\">{\"@context\":\"https:\\\/\\\/schema.org\",\"@graph\":[{\"@type\":\"Article\",\"@id\":\"https:\\\/\\\/diretodasacristia.com\\\/home\\\/sem-categoria\\\/o-que-dom-joao-braz-pensa-dos-legionarios-e-da-toca-de-assis-2\\\/#article\",\"isPartOf\":{\"@id\":\"https:\\\/\\\/diretodasacristia.com\\\/home\\\/sem-categoria\\\/o-que-dom-joao-braz-pensa-dos-legionarios-e-da-toca-de-assis-2\\\/\"},\"author\":{\"name\":\"E. Mar\u00e7al\",\"@id\":\"https:\\\/\\\/diretodasacristia.com\\\/home\\\/#\\\/schema\\\/person\\\/3d453ef1f7d57c0bb0990b8070642721\"},\"headline\":\"O que Dom Jo\u00e3o Braz pensa dos Legion\u00e1rios e da Toca de Assis\",\"datePublished\":\"2011-07-05T13:34:00+00:00\",\"mainEntityOfPage\":{\"@id\":\"https:\\\/\\\/diretodasacristia.com\\\/home\\\/sem-categoria\\\/o-que-dom-joao-braz-pensa-dos-legionarios-e-da-toca-de-assis-2\\\/\"},\"wordCount\":331,\"commentCount\":0,\"publisher\":{\"@id\":\"https:\\\/\\\/diretodasacristia.com\\\/home\\\/#organization\"},\"image\":{\"@id\":\"https:\\\/\\\/diretodasacristia.com\\\/home\\\/sem-categoria\\\/o-que-dom-joao-braz-pensa-dos-legionarios-e-da-toca-de-assis-2\\\/#primaryimage\"},\"thumbnailUrl\":\"http:\\\/\\\/blog.cancaonova.com\\\/saopaulo\\\/files\\\/2008\\\/06\\\/1homilia.jpg\",\"inLanguage\":\"pt-BR\",\"potentialAction\":[{\"@type\":\"CommentAction\",\"name\":\"Comment\",\"target\":[\"https:\\\/\\\/diretodasacristia.com\\\/home\\\/sem-categoria\\\/o-que-dom-joao-braz-pensa-dos-legionarios-e-da-toca-de-assis-2\\\/#respond\"]}]},{\"@type\":\"WebPage\",\"@id\":\"https:\\\/\\\/diretodasacristia.com\\\/home\\\/sem-categoria\\\/o-que-dom-joao-braz-pensa-dos-legionarios-e-da-toca-de-assis-2\\\/\",\"url\":\"https:\\\/\\\/diretodasacristia.com\\\/home\\\/sem-categoria\\\/o-que-dom-joao-braz-pensa-dos-legionarios-e-da-toca-de-assis-2\\\/\",\"name\":\"O que Dom Jo\u00e3o Braz pensa dos Legion\u00e1rios e da Toca de Assis - Direto da Sacristia\",\"isPartOf\":{\"@id\":\"https:\\\/\\\/diretodasacristia.com\\\/home\\\/#website\"},\"primaryImageOfPage\":{\"@id\":\"https:\\\/\\\/diretodasacristia.com\\\/home\\\/sem-categoria\\\/o-que-dom-joao-braz-pensa-dos-legionarios-e-da-toca-de-assis-2\\\/#primaryimage\"},\"image\":{\"@id\":\"https:\\\/\\\/diretodasacristia.com\\\/home\\\/sem-categoria\\\/o-que-dom-joao-braz-pensa-dos-legionarios-e-da-toca-de-assis-2\\\/#primaryimage\"},\"thumbnailUrl\":\"http:\\\/\\\/blog.cancaonova.com\\\/saopaulo\\\/files\\\/2008\\\/06\\\/1homilia.jpg\",\"datePublished\":\"2011-07-05T13:34:00+00:00\",\"breadcrumb\":{\"@id\":\"https:\\\/\\\/diretodasacristia.com\\\/home\\\/sem-categoria\\\/o-que-dom-joao-braz-pensa-dos-legionarios-e-da-toca-de-assis-2\\\/#breadcrumb\"},\"inLanguage\":\"pt-BR\",\"potentialAction\":[{\"@type\":\"ReadAction\",\"target\":[\"https:\\\/\\\/diretodasacristia.com\\\/home\\\/sem-categoria\\\/o-que-dom-joao-braz-pensa-dos-legionarios-e-da-toca-de-assis-2\\\/\"]}]},{\"@type\":\"ImageObject\",\"inLanguage\":\"pt-BR\",\"@id\":\"https:\\\/\\\/diretodasacristia.com\\\/home\\\/sem-categoria\\\/o-que-dom-joao-braz-pensa-dos-legionarios-e-da-toca-de-assis-2\\\/#primaryimage\",\"url\":\"http:\\\/\\\/blog.cancaonova.com\\\/saopaulo\\\/files\\\/2008\\\/06\\\/1homilia.jpg\",\"contentUrl\":\"http:\\\/\\\/blog.cancaonova.com\\\/saopaulo\\\/files\\\/2008\\\/06\\\/1homilia.jpg\"},{\"@type\":\"BreadcrumbList\",\"@id\":\"https:\\\/\\\/diretodasacristia.com\\\/home\\\/sem-categoria\\\/o-que-dom-joao-braz-pensa-dos-legionarios-e-da-toca-de-assis-2\\\/#breadcrumb\",\"itemListElement\":[{\"@type\":\"ListItem\",\"position\":1,\"name\":\"In\u00edcio\",\"item\":\"https:\\\/\\\/diretodasacristia.com\\\/home\\\/\"},{\"@type\":\"ListItem\",\"position\":2,\"name\":\"O que Dom Jo\u00e3o Braz pensa dos Legion\u00e1rios e da Toca de Assis\"}]},{\"@type\":\"WebSite\",\"@id\":\"https:\\\/\\\/diretodasacristia.com\\\/home\\\/#website\",\"url\":\"https:\\\/\\\/diretodasacristia.com\\\/home\\\/\",\"name\":\"Direto da Sacristia\",\"description\":\"Not\u00edcias e artigos sobre a f\u00e9 cat\u00f3lica\",\"publisher\":{\"@id\":\"https:\\\/\\\/diretodasacristia.com\\\/home\\\/#organization\"},\"potentialAction\":[{\"@type\":\"SearchAction\",\"target\":{\"@type\":\"EntryPoint\",\"urlTemplate\":\"https:\\\/\\\/diretodasacristia.com\\\/home\\\/?s={search_term_string}\"},\"query-input\":{\"@type\":\"PropertyValueSpecification\",\"valueRequired\":true,\"valueName\":\"search_term_string\"}}],\"inLanguage\":\"pt-BR\"},{\"@type\":\"Organization\",\"@id\":\"https:\\\/\\\/diretodasacristia.com\\\/home\\\/#organization\",\"name\":\"Direto da Sacristia\",\"url\":\"https:\\\/\\\/diretodasacristia.com\\\/home\\\/\",\"logo\":{\"@type\":\"ImageObject\",\"inLanguage\":\"pt-BR\",\"@id\":\"https:\\\/\\\/diretodasacristia.com\\\/home\\\/#\\\/schema\\\/logo\\\/image\\\/\",\"url\":\"https:\\\/\\\/i0.wp.com\\\/diretodasacristia.com\\\/home\\\/wp-content\\\/uploads\\\/2012\\\/01\\\/marca-sacristia.png?fit=320%2C306&ssl=1\",\"contentUrl\":\"https:\\\/\\\/i0.wp.com\\\/diretodasacristia.com\\\/home\\\/wp-content\\\/uploads\\\/2012\\\/01\\\/marca-sacristia.png?fit=320%2C306&ssl=1\",\"width\":\"320\",\"height\":\"306\",\"caption\":\"Direto da Sacristia\"},\"image\":{\"@id\":\"https:\\\/\\\/diretodasacristia.com\\\/home\\\/#\\\/schema\\\/logo\\\/image\\\/\"},\"sameAs\":[\"https:\\\/\\\/www.facebook.com\\\/DiretoSacristia\",\"https:\\\/\\\/x.com\\\/diretosacristia\",\"https:\\\/\\\/www.instagram.com\\\/diretodasacristia\\\/\",\"https:\\\/\\\/www.youtube.com\\\/diretodasacristia\"]},{\"@type\":\"Person\",\"@id\":\"https:\\\/\\\/diretodasacristia.com\\\/home\\\/#\\\/schema\\\/person\\\/3d453ef1f7d57c0bb0990b8070642721\",\"name\":\"E. Mar\u00e7al\",\"image\":{\"@type\":\"ImageObject\",\"inLanguage\":\"pt-BR\",\"@id\":\"https:\\\/\\\/secure.gravatar.com\\\/avatar\\\/348ff80a5ddde3de6c8b6e0c5b066b733f9245285d9ab87cd2e2ff652ffa95b0?s=96&d=mm&r=g\",\"url\":\"https:\\\/\\\/secure.gravatar.com\\\/avatar\\\/348ff80a5ddde3de6c8b6e0c5b066b733f9245285d9ab87cd2e2ff652ffa95b0?s=96&d=mm&r=g\",\"contentUrl\":\"https:\\\/\\\/secure.gravatar.com\\\/avatar\\\/348ff80a5ddde3de6c8b6e0c5b066b733f9245285d9ab87cd2e2ff652ffa95b0?s=96&d=mm&r=g\",\"caption\":\"E. Mar\u00e7al\"},\"url\":\"https:\\\/\\\/diretodasacristia.com\\\/home\\\/author\\\/erick\\\/\"}]}<\/script>\n<!-- \/ Yoast SEO plugin. -->","yoast_head_json":{"title":"O que Dom Jo\u00e3o Braz pensa dos Legion\u00e1rios e da Toca de Assis - Direto da Sacristia","robots":{"index":"index","follow":"follow","max-snippet":"max-snippet:-1","max-image-preview":"max-image-preview:large","max-video-preview":"max-video-preview:-1"},"canonical":"https:\/\/diretodasacristia.com\/home\/sem-categoria\/o-que-dom-joao-braz-pensa-dos-legionarios-e-da-toca-de-assis-2\/","og_locale":"pt_BR","og_type":"article","og_title":"O que Dom Jo\u00e3o Braz pensa dos Legion\u00e1rios e da Toca de Assis - Direto da Sacristia","og_description":"Tradu\u00e7\u00e3o do Fratres In Unum Dom Jo\u00e3o Braz compara Pe. Roberto Lettieri ao Pe. Marcial Marciel Em entrevista concedida ao um jornalista, S.E.R. Dom Jo\u00e3o Braz, Prefeito para os Institutos de Vida Consagrada e Sociedades de Vida Apost\u00f3lica, comparou em dois pontos os Legion\u00e1rios de Cristo com a Toca de Assis: o forte carisma e... Ver artigo","og_url":"https:\/\/diretodasacristia.com\/home\/sem-categoria\/o-que-dom-joao-braz-pensa-dos-legionarios-e-da-toca-de-assis-2\/","og_site_name":"Direto da Sacristia","article_publisher":"https:\/\/www.facebook.com\/DiretoSacristia","article_published_time":"2011-07-05T13:34:00+00:00","og_image":[{"url":"http:\/\/blog.cancaonova.com\/saopaulo\/files\/2008\/06\/1homilia.jpg","type":"","width":"","height":""}],"author":"E. Mar\u00e7al","twitter_card":"summary_large_image","twitter_creator":"@diretosacristia","twitter_site":"@diretosacristia","twitter_misc":{"Escrito por":"E. Mar\u00e7al","Est. tempo de leitura":"2 minutos"},"schema":{"@context":"https:\/\/schema.org","@graph":[{"@type":"Article","@id":"https:\/\/diretodasacristia.com\/home\/sem-categoria\/o-que-dom-joao-braz-pensa-dos-legionarios-e-da-toca-de-assis-2\/#article","isPartOf":{"@id":"https:\/\/diretodasacristia.com\/home\/sem-categoria\/o-que-dom-joao-braz-pensa-dos-legionarios-e-da-toca-de-assis-2\/"},"author":{"name":"E. Mar\u00e7al","@id":"https:\/\/diretodasacristia.com\/home\/#\/schema\/person\/3d453ef1f7d57c0bb0990b8070642721"},"headline":"O que Dom Jo\u00e3o Braz pensa dos Legion\u00e1rios e da Toca de Assis","datePublished":"2011-07-05T13:34:00+00:00","mainEntityOfPage":{"@id":"https:\/\/diretodasacristia.com\/home\/sem-categoria\/o-que-dom-joao-braz-pensa-dos-legionarios-e-da-toca-de-assis-2\/"},"wordCount":331,"commentCount":0,"publisher":{"@id":"https:\/\/diretodasacristia.com\/home\/#organization"},"image":{"@id":"https:\/\/diretodasacristia.com\/home\/sem-categoria\/o-que-dom-joao-braz-pensa-dos-legionarios-e-da-toca-de-assis-2\/#primaryimage"},"thumbnailUrl":"http:\/\/blog.cancaonova.com\/saopaulo\/files\/2008\/06\/1homilia.jpg","inLanguage":"pt-BR","potentialAction":[{"@type":"CommentAction","name":"Comment","target":["https:\/\/diretodasacristia.com\/home\/sem-categoria\/o-que-dom-joao-braz-pensa-dos-legionarios-e-da-toca-de-assis-2\/#respond"]}]},{"@type":"WebPage","@id":"https:\/\/diretodasacristia.com\/home\/sem-categoria\/o-que-dom-joao-braz-pensa-dos-legionarios-e-da-toca-de-assis-2\/","url":"https:\/\/diretodasacristia.com\/home\/sem-categoria\/o-que-dom-joao-braz-pensa-dos-legionarios-e-da-toca-de-assis-2\/","name":"O que Dom Jo\u00e3o Braz pensa dos Legion\u00e1rios e da Toca de Assis - Direto da Sacristia","isPartOf":{"@id":"https:\/\/diretodasacristia.com\/home\/#website"},"primaryImageOfPage":{"@id":"https:\/\/diretodasacristia.com\/home\/sem-categoria\/o-que-dom-joao-braz-pensa-dos-legionarios-e-da-toca-de-assis-2\/#primaryimage"},"image":{"@id":"https:\/\/diretodasacristia.com\/home\/sem-categoria\/o-que-dom-joao-braz-pensa-dos-legionarios-e-da-toca-de-assis-2\/#primaryimage"},"thumbnailUrl":"http:\/\/blog.cancaonova.com\/saopaulo\/files\/2008\/06\/1homilia.jpg","datePublished":"2011-07-05T13:34:00+00:00","breadcrumb":{"@id":"https:\/\/diretodasacristia.com\/home\/sem-categoria\/o-que-dom-joao-braz-pensa-dos-legionarios-e-da-toca-de-assis-2\/#breadcrumb"},"inLanguage":"pt-BR","potentialAction":[{"@type":"ReadAction","target":["https:\/\/diretodasacristia.com\/home\/sem-categoria\/o-que-dom-joao-braz-pensa-dos-legionarios-e-da-toca-de-assis-2\/"]}]},{"@type":"ImageObject","inLanguage":"pt-BR","@id":"https:\/\/diretodasacristia.com\/home\/sem-categoria\/o-que-dom-joao-braz-pensa-dos-legionarios-e-da-toca-de-assis-2\/#primaryimage","url":"http:\/\/blog.cancaonova.com\/saopaulo\/files\/2008\/06\/1homilia.jpg","contentUrl":"http:\/\/blog.cancaonova.com\/saopaulo\/files\/2008\/06\/1homilia.jpg"},{"@type":"BreadcrumbList","@id":"https:\/\/diretodasacristia.com\/home\/sem-categoria\/o-que-dom-joao-braz-pensa-dos-legionarios-e-da-toca-de-assis-2\/#breadcrumb","itemListElement":[{"@type":"ListItem","position":1,"name":"In\u00edcio","item":"https:\/\/diretodasacristia.com\/home\/"},{"@type":"ListItem","position":2,"name":"O que Dom Jo\u00e3o Braz pensa dos Legion\u00e1rios e da Toca de Assis"}]},{"@type":"WebSite","@id":"https:\/\/diretodasacristia.com\/home\/#website","url":"https:\/\/diretodasacristia.com\/home\/","name":"Direto da Sacristia","description":"Not\u00edcias e artigos sobre a f\u00e9 cat\u00f3lica","publisher":{"@id":"https:\/\/diretodasacristia.com\/home\/#organization"},"potentialAction":[{"@type":"SearchAction","target":{"@type":"EntryPoint","urlTemplate":"https:\/\/diretodasacristia.com\/home\/?s={search_term_string}"},"query-input":{"@type":"PropertyValueSpecification","valueRequired":true,"valueName":"search_term_string"}}],"inLanguage":"pt-BR"},{"@type":"Organization","@id":"https:\/\/diretodasacristia.com\/home\/#organization","name":"Direto da Sacristia","url":"https:\/\/diretodasacristia.com\/home\/","logo":{"@type":"ImageObject","inLanguage":"pt-BR","@id":"https:\/\/diretodasacristia.com\/home\/#\/schema\/logo\/image\/","url":"https:\/\/i0.wp.com\/diretodasacristia.com\/home\/wp-content\/uploads\/2012\/01\/marca-sacristia.png?fit=320%2C306&ssl=1","contentUrl":"https:\/\/i0.wp.com\/diretodasacristia.com\/home\/wp-content\/uploads\/2012\/01\/marca-sacristia.png?fit=320%2C306&ssl=1","width":"320","height":"306","caption":"Direto da Sacristia"},"image":{"@id":"https:\/\/diretodasacristia.com\/home\/#\/schema\/logo\/image\/"},"sameAs":["https:\/\/www.facebook.com\/DiretoSacristia","https:\/\/x.com\/diretosacristia","https:\/\/www.instagram.com\/diretodasacristia\/","https:\/\/www.youtube.com\/diretodasacristia"]},{"@type":"Person","@id":"https:\/\/diretodasacristia.com\/home\/#\/schema\/person\/3d453ef1f7d57c0bb0990b8070642721","name":"E. Mar\u00e7al","image":{"@type":"ImageObject","inLanguage":"pt-BR","@id":"https:\/\/secure.gravatar.com\/avatar\/348ff80a5ddde3de6c8b6e0c5b066b733f9245285d9ab87cd2e2ff652ffa95b0?s=96&d=mm&r=g","url":"https:\/\/secure.gravatar.com\/avatar\/348ff80a5ddde3de6c8b6e0c5b066b733f9245285d9ab87cd2e2ff652ffa95b0?s=96&d=mm&r=g","contentUrl":"https:\/\/secure.gravatar.com\/avatar\/348ff80a5ddde3de6c8b6e0c5b066b733f9245285d9ab87cd2e2ff652ffa95b0?s=96&d=mm&r=g","caption":"E. Mar\u00e7al"},"url":"https:\/\/diretodasacristia.com\/home\/author\/erick\/"}]}},"jetpack_publicize_connections":[],"jetpack_featured_media_url":"","jetpack_sharing_enabled":true,"jetpack_shortlink":"https:\/\/wp.me\/p24aG7-Dn","jetpack-related-posts":[{"id":2482,"url":"https:\/\/diretodasacristia.com\/home\/sem-categoria\/arcebispo-brasileiro-e-o-novo-prefeito-para-os-institutos-de-vida-consagrada-2\/","url_meta":{"origin":2441,"position":0},"title":"Arcebispo brasileiro \u00e9 o novo Prefeito para os Institutos de Vida Consagrada","author":"E. Mar\u00e7al","date":"4 de janeiro de 2011","format":false,"excerpt":"Do boletim da Sala de Imprensa da Santa S\u00e9 Ren\u00fancia e sucess\u00e3o do Prefeito da Congrega\u00e7\u00e3o dosInstitutos de Vida Consagrada e das Sociedades de Vida Apost\u00f3licaO Santo Padre acolheu a ren\u00facia apresentada, por raz\u00e3o de idade, pelo Em.mo Cardeal Franc Rod\u00e9 ao cargo de Prefeito da Congrega\u00e7\u00e3o dos Institutos de\u2026","rel":"","context":"Em &quot;Sem categoria&quot;","block_context":{"text":"Sem categoria","link":"https:\/\/diretodasacristia.com\/home\/c\/sem-categoria\/"},"img":{"alt_text":"","src":"","width":0,"height":0},"classes":[]},{"id":3811,"url":"https:\/\/diretodasacristia.com\/home\/brasil\/novo-abade-do-rio-de-janeiro\/","url_meta":{"origin":2441,"position":1},"title":"Novo Abade do Rio de Janeiro","author":"E. Mar\u00e7al","date":"8 de novembro de 2012","format":false,"excerpt":"Foi aceita a elei\u00e7\u00e3o abacial e a consequente transfer\u00eancia do Rev.do Dom Filipe da Silva, OSB, 50 anos, do Mosteiro de S\u00e3o Bento de Olinda para a Abadia Nossa Senhora do Monserrate do Rio de Janeiro.","rel":"","context":"Em &quot;Brasil&quot;","block_context":{"text":"Brasil","link":"https:\/\/diretodasacristia.com\/home\/c\/brasil\/"},"img":{"alt_text":"","src":"https:\/\/i0.wp.com\/diretodasacristia.com\/home\/wp-content\/uploads\/2012\/11\/Dom-Filipe-Silva-Abade.jpg?resize=350%2C200","width":350,"height":200},"classes":[]},{"id":800,"url":"https:\/\/diretodasacristia.com\/home\/cardeais\/a-cerimonia-do-consistorio-dia-18\/","url_meta":{"origin":2441,"position":2},"title":"A cerim\u00f4nia do Consist\u00f3rio de amanh\u00e3","author":"E. Mar\u00e7al","date":"18 de fevereiro de 2012","format":false,"excerpt":"Cardeal Burke recebe o barrete vermelho e a Bula de sua cria\u00e7\u00e3o cardinal\u00edcia 20 novembro 2010 \u00c0s 10h30 de Roma (7h30 pelo hor\u00e1rio de Bras\u00edlia), o Santo Padre Bento XVI dar\u00e1 in\u00edcio \u00e0 cerim\u00f4nia do Consist\u00f3rio para a cria\u00e7\u00e3o de novos cardeais (assista ao vivo pelo CTV). Como j\u00e1 foi\u2026","rel":"","context":"Em &quot;Cardeais&quot;","block_context":{"text":"Cardeais","link":"https:\/\/diretodasacristia.com\/home\/c\/cardeais\/"},"img":{"alt_text":"","src":"https:\/\/i0.wp.com\/3.bp.blogspot.com\/_dfR_xG2hpmw\/TOso07oHfMI\/AAAAAAAAG_w\/wq5OFoZ3ioM\/s1600\/rcb16.jpg?resize=350%2C200","width":350,"height":200},"classes":[]},{"id":2474,"url":"https:\/\/diretodasacristia.com\/home\/sem-categoria\/novidade-no-dia-da-beatificacao-de-joao-paulo-ii-2\/","url_meta":{"origin":2441,"position":3},"title":"Novidade no dia da beatifica\u00e7\u00e3o de Jo\u00e3o Paulo II","author":"E. Mar\u00e7al","date":"19 de fevereiro de 2011","format":false,"excerpt":"Do Instituto Humanitas UnisinosCorpo do Pont\u00edfice ser\u00e1 exposto \u00e0 venera\u00e7\u00e3o p\u00fablicaO Arcebispo Piero Marini e Mons. Stanislaw Dziwisz,ent\u00e3o Mestre das Celebra\u00e7\u00f5es Pontif\u00edcias e secret\u00e1rio particular de Jo\u00e3o Paulo, respectivamente,executam o tradicional costume de envolver comum pano de seda branca o rosto do Pont\u00edfice falecidoDiferentemente do que foi por n\u00f3s anunciado\u2026","rel":"","context":"Em &quot;Sem categoria&quot;","block_context":{"text":"Sem categoria","link":"https:\/\/diretodasacristia.com\/home\/c\/sem-categoria\/"},"img":{"alt_text":"","src":"","width":0,"height":0},"classes":[]},{"id":2568,"url":"https:\/\/diretodasacristia.com\/home\/sem-categoria\/falecimento-do-bispo-emerito-de-palmares-pe-2\/","url_meta":{"origin":2441,"position":4},"title":"Falecimento do Bispo em\u00e9rito de Palmares &#8211; PE","author":"E. Mar\u00e7al","date":"24 de agosto de 2010","format":false,"excerpt":"Falecimento de S.E.R. Dom Ac\u00e1cio Rodrigues AlvesBispo em\u00e9rito de Palmares - PEFaleceu na manh\u00e3 de hoje, dia 24 de agosto, S.E.R Dom Ac\u00e1cio Rodrigues Alves, Bispo em\u00e9rito de Palmares. \u00c0s 10h, no Real Hospital Portugu\u00eas, no Recife, Dom Ac\u00e1cio Rodrigues sofreu uma parada card\u00edaca, onde estava internado h\u00e1 um m\u00eas.O\u2026","rel":"","context":"Em &quot;Sem categoria&quot;","block_context":{"text":"Sem categoria","link":"https:\/\/diretodasacristia.com\/home\/c\/sem-categoria\/"},"img":{"alt_text":"","src":"","width":0,"height":0},"classes":[]},{"id":887,"url":"https:\/\/diretodasacristia.com\/home\/cardeais\/novos-principes-da-igreja\/","url_meta":{"origin":2441,"position":5},"title":"Novos Pr\u00edncipes da Igreja","author":"E. Mar\u00e7al","date":"20 de fevereiro de 2012","format":false,"excerpt":"Imagens do Day Life Bento XVI imprime mais uma vez uma marca curial no pr\u00f3ximo Conclave Mesmo com as pol\u00eamicas encobrindo com nuvens negras a C\u00faria Romana por n\u00e3o conter seus arquivos confidenciais e, ao que tudo indica, ter entre seus empregados algu\u00e9m que, al\u00e9m de ter acesso a documentos\u2026","rel":"","context":"Em &quot;Cardeais&quot;","block_context":{"text":"Cardeais","link":"https:\/\/diretodasacristia.com\/home\/c\/cardeais\/"},"img":{"alt_text":"","src":"https:\/\/i0.wp.com\/diretodasacristia.com\/home\/wp-content\/uploads\/2012\/02\/Cardeal-Fernando-Filoni-recebe-bula-cria%C3%A7%C3%A3o-Consist%C3%B3rio-Bas%C3%ADlica-Vaticana-18-fevereiro-2012.jpg?resize=350%2C200","width":350,"height":200},"classes":[]}],"post_mailing_queue_ids":[],"_links":{"self":[{"href":"https:\/\/diretodasacristia.com\/home\/wp-json\/wp\/v2\/posts\/2441","targetHints":{"allow":["GET"]}}],"collection":[{"href":"https:\/\/diretodasacristia.com\/home\/wp-json\/wp\/v2\/posts"}],"about":[{"href":"https:\/\/diretodasacristia.com\/home\/wp-json\/wp\/v2\/types\/post"}],"author":[{"embeddable":true,"href":"https:\/\/diretodasacristia.com\/home\/wp-json\/wp\/v2\/users\/3"}],"replies":[{"embeddable":true,"href":"https:\/\/diretodasacristia.com\/home\/wp-json\/wp\/v2\/comments?post=2441"}],"version-history":[{"count":0,"href":"https:\/\/diretodasacristia.com\/home\/wp-json\/wp\/v2\/posts\/2441\/revisions"}],"wp:attachment":[{"href":"https:\/\/diretodasacristia.com\/home\/wp-json\/wp\/v2\/media?parent=2441"}],"wp:term":[{"taxonomy":"category","embeddable":true,"href":"https:\/\/diretodasacristia.com\/home\/wp-json\/wp\/v2\/categories?post=2441"},{"taxonomy":"post_tag","embeddable":true,"href":"https:\/\/diretodasacristia.com\/home\/wp-json\/wp\/v2\/tags?post=2441"}],"curies":[{"name":"wp","href":"https:\/\/api.w.org\/{rel}","templated":true}]}}