{"id":2451,"date":"2011-05-11T09:50:00","date_gmt":"2011-05-11T09:50:00","guid":{"rendered":"http:\/\/diretodasacristia.com\/home\/sem-categoria\/nova-presidencia-da-cnbb-2\/"},"modified":"2011-05-11T09:50:00","modified_gmt":"2011-05-11T09:50:00","slug":"nova-presidencia-da-cnbb-2","status":"publish","type":"post","link":"https:\/\/diretodasacristia.com\/home\/sem-categoria\/nova-presidencia-da-cnbb-2\/","title":{"rendered":"Nova presid\u00eancia da CNBB"},"content":{"rendered":"<div style=\"text-align: center;\"><span class=\"Apple-style-span\"><u><br \/><\/u><\/span><\/div>\n<div style=\"text-align: center;\"><span class=\"Apple-style-span\"><u><span class=\"Apple-style-span\" style=\"color: rgb(0, 0, 0); -webkit-text-decorations-in-effect: none; \"><a href=\"http:\/\/4.bp.blogspot.com\/-uMNrWg1K_10\/TcqMJTY-4gI\/AAAAAAAACIo\/8I80RXW-sT4\/s1600\/Cardeal%2BRaimundo%2BDamasceno%252C%2BPresidente%2BCNBB.jpg\" onblur=\"try {parent.deselectBloggerImageGracefully();} catch(e) {}\"><img decoding=\"async\" src=\"http:\/\/4.bp.blogspot.com\/-uMNrWg1K_10\/TcqMJTY-4gI\/AAAAAAAACIo\/8I80RXW-sT4\/s400\/Cardeal%2BRaimundo%2BDamasceno%252C%2BPresidente%2BCNBB.jpg\" border=\"0\" alt=\"\" id=\"BLOGGER_PHOTO_ID_5605446777667772930\" style=\"display: block; margin-top: 0px; margin-right: auto; margin-bottom: 10px; margin-left: auto; text-align: center; cursor: pointer; width: 400px; height: 247px; \" \/><\/a><\/span><\/u><\/span><\/div>\n<div style=\"text-align: center;\"><span class=\"Apple-style-span\"><u><i>Em.mo Cardeal Damasceno Assis<\/i><\/u><\/span><\/div>\n<div style=\"text-align: center;\"><span class=\"Apple-style-span\"><u><i>Arcebispo de Aparecida<\/i><\/u><\/span><\/div>\n<div style=\"text-align: center;\"><span class=\"Apple-style-span\"><u><i>do t\u00edtulo presbiteral de Immacolata al Tiburtino<\/i><\/u><\/span><\/div>\n<div style=\"text-align: center;\"><span class=\"Apple-style-span\"><u><br \/><\/u><\/span><\/div>\n<div style=\"text-align: justify;\"><span class=\"Apple-style-span\">Foi eleito no segundo escrut\u00ednio com 196 votos para presidente da Confer\u00eancia Nacional dos Bispos do Brasil o Em.mo Cardeal Raymundo Damasceno Assis, Arcebispo de Aparecida. O novo presidente j\u00e1 foi por duas vezes consecutivas secret\u00e1rio-geral da institui\u00e7\u00e3o e, at\u00e9 julho deste ano, tamb\u00e9m preside o Conselho Episcopal Latino-americano.<\/span><\/div>\n<div style=\"text-align: justify;\"><span class=\"Apple-style-span\"><br \/><\/span><\/div>\n<div style=\"text-align: justify;\"><span class=\"Apple-style-span\"><span class=\"Apple-style-span\"><a href=\"http:\/\/2.bp.blogspot.com\/-P4mZM0b0ZY8\/TcqMJugD7qI\/AAAAAAAACIw\/2gF3ASla01I\/s1600\/Dom%2BJos%25C3%25A9%2BBelis%25C3%25A1rio%252C%2BArcebispo%2BS%25C3%25A3o%2BLu%25C3%25ADs%2Bvice-presidente%2BCNBB.JPG\" onblur=\"try {parent.deselectBloggerImageGracefully();} catch(e) {}\"><img decoding=\"async\" src=\"http:\/\/2.bp.blogspot.com\/-P4mZM0b0ZY8\/TcqMJugD7qI\/AAAAAAAACIw\/2gF3ASla01I\/s400\/Dom%2BJos%25C3%25A9%2BBelis%25C3%25A1rio%252C%2BArcebispo%2BS%25C3%25A3o%2BLu%25C3%25ADs%2Bvice-presidente%2BCNBB.JPG\" border=\"0\" alt=\"\" id=\"BLOGGER_PHOTO_ID_5605446784945221282\" style=\"display: block; margin-top: 0px; margin-right: auto; margin-bottom: 10px; margin-left: auto; text-align: center; cursor: pointer; width: 400px; height: 265px; \" \/><\/a><\/span><\/span><\/div>\n<div><span class=\"Apple-style-span\"><br \/><\/span><\/div>\n<div style=\"text-align: justify;\"><span class=\"Apple-style-span\">Para o cargo de vice-presidente foi eleito com 215 votos, tamb\u00e9m no segundo escrut\u00ednio, S.E.R. <b>Dom Jos\u00e9 Belis\u00e1rio da Silva<\/b>, Arcebispo de S\u00e3o Lu\u00eds, no Maranh\u00e3o.<\/span><\/div>\n<div style=\"text-align: justify;\"><span class=\"Apple-style-span\"><br \/><\/span><\/div>\n<div style=\"text-align: justify;\"><span class=\"Apple-style-span\">Para secret\u00e1rio-geral foi eleito, no primeiro escrut\u00ednio, S.E.R. Dom Leonardo Ulrich Steiner, bispo da Prelazia de S\u00e3o F\u00e9lix (Mato Grosso).<\/span><\/div>\n<div style=\"text-align: justify;\"><span class=\"Apple-style-span\"><br \/><\/span><\/div>\n<div style=\"text-align: justify;\"><span class=\"Apple-style-span\">A elei\u00e7\u00e3o foi dentro das atividades da 49\u00aa Assembleia-Geral da Confer\u00eancia Episcopal brasileiro que agora ser\u00e1 sempre celebrada no Santu\u00e1rio Nacional de Aparecida, como outros confer\u00eancias episcopais celebram as suas nos seus mais significativos santu\u00e1rios marianos.<\/span><\/div>\n<div style=\"text-align: justify;\"><span class=\"Apple-style-span\"><br \/><\/span><\/div>\n","protected":false},"excerpt":{"rendered":"Em.mo Cardeal Damasceno Assis Arcebispo de Aparecida do t\u00edtulo presbiteral de Immacolata al Tiburtino Foi eleito no segundo escrut\u00ednio com 196 votos para presidente da Confer\u00eancia Nacional dos Bispos do Brasil o Em.mo Cardeal Raymundo Damasceno Assis, Arcebispo de Aparecida. O novo presidente j\u00e1 foi por duas vezes consecutivas secret\u00e1rio-geral da institui\u00e7\u00e3o e, at\u00e9 julho&#8230; <a class=\"view-article\" href=\"https:\/\/diretodasacristia.com\/home\/sem-categoria\/nova-presidencia-da-cnbb-2\/\">Ver artigo<\/a>","protected":false},"author":3,"featured_media":0,"comment_status":"open","ping_status":"open","sticky":false,"template":"","format":"standard","meta":{"jetpack_post_was_ever_published":false,"_jetpack_newsletter_access":"","_jetpack_dont_email_post_to_subs":false,"_jetpack_newsletter_tier_id":0,"_jetpack_memberships_contains_paywalled_content":false,"_jetpack_memberships_contains_paid_content":false,"_joinchat":[],"footnotes":"","jetpack_publicize_message":"","jetpack_publicize_feature_enabled":true,"jetpack_social_post_already_shared":false,"jetpack_social_options":{"image_generator_settings":{"template":"highway","default_image_id":0,"font":"","enabled":false},"version":2}},"categories":[1],"tags":[],"class_list":["post-2451","post","type-post","status-publish","format-standard","hentry","category-sem-categoria"],"yoast_head":"<!-- This site is optimized with the Yoast SEO plugin v27.4 - https:\/\/yoast.com\/product\/yoast-seo-wordpress\/ -->\n<title>Nova presid\u00eancia da CNBB - Direto da Sacristia<\/title>\n<meta name=\"robots\" content=\"index, follow, max-snippet:-1, max-image-preview:large, max-video-preview:-1\" \/>\n<link rel=\"canonical\" href=\"https:\/\/diretodasacristia.com\/home\/sem-categoria\/nova-presidencia-da-cnbb-2\/\" \/>\n<meta property=\"og:locale\" content=\"pt_BR\" \/>\n<meta property=\"og:type\" content=\"article\" \/>\n<meta property=\"og:title\" content=\"Nova presid\u00eancia da CNBB - Direto da Sacristia\" \/>\n<meta property=\"og:description\" content=\"Em.mo Cardeal Damasceno Assis Arcebispo de Aparecida do t\u00edtulo presbiteral de Immacolata al Tiburtino Foi eleito no segundo escrut\u00ednio com 196 votos para presidente da Confer\u00eancia Nacional dos Bispos do Brasil o Em.mo Cardeal Raymundo Damasceno Assis, Arcebispo de Aparecida. O novo presidente j\u00e1 foi por duas vezes consecutivas secret\u00e1rio-geral da institui\u00e7\u00e3o e, at\u00e9 julho... Ver artigo\" \/>\n<meta property=\"og:url\" content=\"https:\/\/diretodasacristia.com\/home\/sem-categoria\/nova-presidencia-da-cnbb-2\/\" \/>\n<meta property=\"og:site_name\" content=\"Direto da Sacristia\" \/>\n<meta property=\"article:publisher\" content=\"https:\/\/www.facebook.com\/DiretoSacristia\" \/>\n<meta property=\"article:published_time\" content=\"2011-05-11T09:50:00+00:00\" \/>\n<meta property=\"og:image\" content=\"http:\/\/4.bp.blogspot.com\/-uMNrWg1K_10\/TcqMJTY-4gI\/AAAAAAAACIo\/8I80RXW-sT4\/s400\/Cardeal%2BRaimundo%2BDamasceno%252C%2BPresidente%2BCNBB.jpg\" \/>\n<meta name=\"author\" content=\"E. Mar\u00e7al\" \/>\n<meta name=\"twitter:card\" content=\"summary_large_image\" \/>\n<meta name=\"twitter:creator\" content=\"@diretosacristia\" \/>\n<meta name=\"twitter:site\" content=\"@diretosacristia\" \/>\n<meta name=\"twitter:label1\" content=\"Escrito por\" \/>\n\t<meta name=\"twitter:data1\" content=\"E. Mar\u00e7al\" \/>\n\t<meta name=\"twitter:label2\" content=\"Est. tempo de leitura\" \/>\n\t<meta name=\"twitter:data2\" content=\"1 minuto\" \/>\n<script type=\"application\/ld+json\" class=\"yoast-schema-graph\">{\"@context\":\"https:\\\/\\\/schema.org\",\"@graph\":[{\"@type\":\"Article\",\"@id\":\"https:\\\/\\\/diretodasacristia.com\\\/home\\\/sem-categoria\\\/nova-presidencia-da-cnbb-2\\\/#article\",\"isPartOf\":{\"@id\":\"https:\\\/\\\/diretodasacristia.com\\\/home\\\/sem-categoria\\\/nova-presidencia-da-cnbb-2\\\/\"},\"author\":{\"name\":\"E. Mar\u00e7al\",\"@id\":\"https:\\\/\\\/diretodasacristia.com\\\/home\\\/#\\\/schema\\\/person\\\/3d453ef1f7d57c0bb0990b8070642721\"},\"headline\":\"Nova presid\u00eancia da CNBB\",\"datePublished\":\"2011-05-11T09:50:00+00:00\",\"mainEntityOfPage\":{\"@id\":\"https:\\\/\\\/diretodasacristia.com\\\/home\\\/sem-categoria\\\/nova-presidencia-da-cnbb-2\\\/\"},\"wordCount\":174,\"commentCount\":0,\"publisher\":{\"@id\":\"https:\\\/\\\/diretodasacristia.com\\\/home\\\/#organization\"},\"image\":{\"@id\":\"https:\\\/\\\/diretodasacristia.com\\\/home\\\/sem-categoria\\\/nova-presidencia-da-cnbb-2\\\/#primaryimage\"},\"thumbnailUrl\":\"http:\\\/\\\/4.bp.blogspot.com\\\/-uMNrWg1K_10\\\/TcqMJTY-4gI\\\/AAAAAAAACIo\\\/8I80RXW-sT4\\\/s400\\\/Cardeal%2BRaimundo%2BDamasceno%252C%2BPresidente%2BCNBB.jpg\",\"inLanguage\":\"pt-BR\",\"potentialAction\":[{\"@type\":\"CommentAction\",\"name\":\"Comment\",\"target\":[\"https:\\\/\\\/diretodasacristia.com\\\/home\\\/sem-categoria\\\/nova-presidencia-da-cnbb-2\\\/#respond\"]}]},{\"@type\":\"WebPage\",\"@id\":\"https:\\\/\\\/diretodasacristia.com\\\/home\\\/sem-categoria\\\/nova-presidencia-da-cnbb-2\\\/\",\"url\":\"https:\\\/\\\/diretodasacristia.com\\\/home\\\/sem-categoria\\\/nova-presidencia-da-cnbb-2\\\/\",\"name\":\"Nova presid\u00eancia da CNBB - Direto da Sacristia\",\"isPartOf\":{\"@id\":\"https:\\\/\\\/diretodasacristia.com\\\/home\\\/#website\"},\"primaryImageOfPage\":{\"@id\":\"https:\\\/\\\/diretodasacristia.com\\\/home\\\/sem-categoria\\\/nova-presidencia-da-cnbb-2\\\/#primaryimage\"},\"image\":{\"@id\":\"https:\\\/\\\/diretodasacristia.com\\\/home\\\/sem-categoria\\\/nova-presidencia-da-cnbb-2\\\/#primaryimage\"},\"thumbnailUrl\":\"http:\\\/\\\/4.bp.blogspot.com\\\/-uMNrWg1K_10\\\/TcqMJTY-4gI\\\/AAAAAAAACIo\\\/8I80RXW-sT4\\\/s400\\\/Cardeal%2BRaimundo%2BDamasceno%252C%2BPresidente%2BCNBB.jpg\",\"datePublished\":\"2011-05-11T09:50:00+00:00\",\"breadcrumb\":{\"@id\":\"https:\\\/\\\/diretodasacristia.com\\\/home\\\/sem-categoria\\\/nova-presidencia-da-cnbb-2\\\/#breadcrumb\"},\"inLanguage\":\"pt-BR\",\"potentialAction\":[{\"@type\":\"ReadAction\",\"target\":[\"https:\\\/\\\/diretodasacristia.com\\\/home\\\/sem-categoria\\\/nova-presidencia-da-cnbb-2\\\/\"]}]},{\"@type\":\"ImageObject\",\"inLanguage\":\"pt-BR\",\"@id\":\"https:\\\/\\\/diretodasacristia.com\\\/home\\\/sem-categoria\\\/nova-presidencia-da-cnbb-2\\\/#primaryimage\",\"url\":\"http:\\\/\\\/4.bp.blogspot.com\\\/-uMNrWg1K_10\\\/TcqMJTY-4gI\\\/AAAAAAAACIo\\\/8I80RXW-sT4\\\/s400\\\/Cardeal%2BRaimundo%2BDamasceno%252C%2BPresidente%2BCNBB.jpg\",\"contentUrl\":\"http:\\\/\\\/4.bp.blogspot.com\\\/-uMNrWg1K_10\\\/TcqMJTY-4gI\\\/AAAAAAAACIo\\\/8I80RXW-sT4\\\/s400\\\/Cardeal%2BRaimundo%2BDamasceno%252C%2BPresidente%2BCNBB.jpg\"},{\"@type\":\"BreadcrumbList\",\"@id\":\"https:\\\/\\\/diretodasacristia.com\\\/home\\\/sem-categoria\\\/nova-presidencia-da-cnbb-2\\\/#breadcrumb\",\"itemListElement\":[{\"@type\":\"ListItem\",\"position\":1,\"name\":\"In\u00edcio\",\"item\":\"https:\\\/\\\/diretodasacristia.com\\\/home\\\/\"},{\"@type\":\"ListItem\",\"position\":2,\"name\":\"Nova presid\u00eancia da CNBB\"}]},{\"@type\":\"WebSite\",\"@id\":\"https:\\\/\\\/diretodasacristia.com\\\/home\\\/#website\",\"url\":\"https:\\\/\\\/diretodasacristia.com\\\/home\\\/\",\"name\":\"Direto da Sacristia\",\"description\":\"Not\u00edcias e artigos sobre a f\u00e9 cat\u00f3lica\",\"publisher\":{\"@id\":\"https:\\\/\\\/diretodasacristia.com\\\/home\\\/#organization\"},\"potentialAction\":[{\"@type\":\"SearchAction\",\"target\":{\"@type\":\"EntryPoint\",\"urlTemplate\":\"https:\\\/\\\/diretodasacristia.com\\\/home\\\/?s={search_term_string}\"},\"query-input\":{\"@type\":\"PropertyValueSpecification\",\"valueRequired\":true,\"valueName\":\"search_term_string\"}}],\"inLanguage\":\"pt-BR\"},{\"@type\":\"Organization\",\"@id\":\"https:\\\/\\\/diretodasacristia.com\\\/home\\\/#organization\",\"name\":\"Direto da Sacristia\",\"url\":\"https:\\\/\\\/diretodasacristia.com\\\/home\\\/\",\"logo\":{\"@type\":\"ImageObject\",\"inLanguage\":\"pt-BR\",\"@id\":\"https:\\\/\\\/diretodasacristia.com\\\/home\\\/#\\\/schema\\\/logo\\\/image\\\/\",\"url\":\"https:\\\/\\\/i0.wp.com\\\/diretodasacristia.com\\\/home\\\/wp-content\\\/uploads\\\/2012\\\/01\\\/marca-sacristia.png?fit=320%2C306&ssl=1\",\"contentUrl\":\"https:\\\/\\\/i0.wp.com\\\/diretodasacristia.com\\\/home\\\/wp-content\\\/uploads\\\/2012\\\/01\\\/marca-sacristia.png?fit=320%2C306&ssl=1\",\"width\":\"320\",\"height\":\"306\",\"caption\":\"Direto da Sacristia\"},\"image\":{\"@id\":\"https:\\\/\\\/diretodasacristia.com\\\/home\\\/#\\\/schema\\\/logo\\\/image\\\/\"},\"sameAs\":[\"https:\\\/\\\/www.facebook.com\\\/DiretoSacristia\",\"https:\\\/\\\/x.com\\\/diretosacristia\",\"https:\\\/\\\/www.instagram.com\\\/diretodasacristia\\\/\",\"https:\\\/\\\/www.youtube.com\\\/diretodasacristia\"]},{\"@type\":\"Person\",\"@id\":\"https:\\\/\\\/diretodasacristia.com\\\/home\\\/#\\\/schema\\\/person\\\/3d453ef1f7d57c0bb0990b8070642721\",\"name\":\"E. Mar\u00e7al\",\"image\":{\"@type\":\"ImageObject\",\"inLanguage\":\"pt-BR\",\"@id\":\"https:\\\/\\\/secure.gravatar.com\\\/avatar\\\/348ff80a5ddde3de6c8b6e0c5b066b733f9245285d9ab87cd2e2ff652ffa95b0?s=96&d=mm&r=g\",\"url\":\"https:\\\/\\\/secure.gravatar.com\\\/avatar\\\/348ff80a5ddde3de6c8b6e0c5b066b733f9245285d9ab87cd2e2ff652ffa95b0?s=96&d=mm&r=g\",\"contentUrl\":\"https:\\\/\\\/secure.gravatar.com\\\/avatar\\\/348ff80a5ddde3de6c8b6e0c5b066b733f9245285d9ab87cd2e2ff652ffa95b0?s=96&d=mm&r=g\",\"caption\":\"E. Mar\u00e7al\"},\"url\":\"https:\\\/\\\/diretodasacristia.com\\\/home\\\/author\\\/erick\\\/\"}]}<\/script>\n<!-- \/ Yoast SEO plugin. -->","yoast_head_json":{"title":"Nova presid\u00eancia da CNBB - Direto da Sacristia","robots":{"index":"index","follow":"follow","max-snippet":"max-snippet:-1","max-image-preview":"max-image-preview:large","max-video-preview":"max-video-preview:-1"},"canonical":"https:\/\/diretodasacristia.com\/home\/sem-categoria\/nova-presidencia-da-cnbb-2\/","og_locale":"pt_BR","og_type":"article","og_title":"Nova presid\u00eancia da CNBB - Direto da Sacristia","og_description":"Em.mo Cardeal Damasceno Assis Arcebispo de Aparecida do t\u00edtulo presbiteral de Immacolata al Tiburtino Foi eleito no segundo escrut\u00ednio com 196 votos para presidente da Confer\u00eancia Nacional dos Bispos do Brasil o Em.mo Cardeal Raymundo Damasceno Assis, Arcebispo de Aparecida. O novo presidente j\u00e1 foi por duas vezes consecutivas secret\u00e1rio-geral da institui\u00e7\u00e3o e, at\u00e9 julho... Ver artigo","og_url":"https:\/\/diretodasacristia.com\/home\/sem-categoria\/nova-presidencia-da-cnbb-2\/","og_site_name":"Direto da Sacristia","article_publisher":"https:\/\/www.facebook.com\/DiretoSacristia","article_published_time":"2011-05-11T09:50:00+00:00","og_image":[{"url":"http:\/\/4.bp.blogspot.com\/-uMNrWg1K_10\/TcqMJTY-4gI\/AAAAAAAACIo\/8I80RXW-sT4\/s400\/Cardeal%2BRaimundo%2BDamasceno%252C%2BPresidente%2BCNBB.jpg","type":"","width":"","height":""}],"author":"E. Mar\u00e7al","twitter_card":"summary_large_image","twitter_creator":"@diretosacristia","twitter_site":"@diretosacristia","twitter_misc":{"Escrito por":"E. Mar\u00e7al","Est. tempo de leitura":"1 minuto"},"schema":{"@context":"https:\/\/schema.org","@graph":[{"@type":"Article","@id":"https:\/\/diretodasacristia.com\/home\/sem-categoria\/nova-presidencia-da-cnbb-2\/#article","isPartOf":{"@id":"https:\/\/diretodasacristia.com\/home\/sem-categoria\/nova-presidencia-da-cnbb-2\/"},"author":{"name":"E. Mar\u00e7al","@id":"https:\/\/diretodasacristia.com\/home\/#\/schema\/person\/3d453ef1f7d57c0bb0990b8070642721"},"headline":"Nova presid\u00eancia da CNBB","datePublished":"2011-05-11T09:50:00+00:00","mainEntityOfPage":{"@id":"https:\/\/diretodasacristia.com\/home\/sem-categoria\/nova-presidencia-da-cnbb-2\/"},"wordCount":174,"commentCount":0,"publisher":{"@id":"https:\/\/diretodasacristia.com\/home\/#organization"},"image":{"@id":"https:\/\/diretodasacristia.com\/home\/sem-categoria\/nova-presidencia-da-cnbb-2\/#primaryimage"},"thumbnailUrl":"http:\/\/4.bp.blogspot.com\/-uMNrWg1K_10\/TcqMJTY-4gI\/AAAAAAAACIo\/8I80RXW-sT4\/s400\/Cardeal%2BRaimundo%2BDamasceno%252C%2BPresidente%2BCNBB.jpg","inLanguage":"pt-BR","potentialAction":[{"@type":"CommentAction","name":"Comment","target":["https:\/\/diretodasacristia.com\/home\/sem-categoria\/nova-presidencia-da-cnbb-2\/#respond"]}]},{"@type":"WebPage","@id":"https:\/\/diretodasacristia.com\/home\/sem-categoria\/nova-presidencia-da-cnbb-2\/","url":"https:\/\/diretodasacristia.com\/home\/sem-categoria\/nova-presidencia-da-cnbb-2\/","name":"Nova presid\u00eancia da CNBB - Direto da Sacristia","isPartOf":{"@id":"https:\/\/diretodasacristia.com\/home\/#website"},"primaryImageOfPage":{"@id":"https:\/\/diretodasacristia.com\/home\/sem-categoria\/nova-presidencia-da-cnbb-2\/#primaryimage"},"image":{"@id":"https:\/\/diretodasacristia.com\/home\/sem-categoria\/nova-presidencia-da-cnbb-2\/#primaryimage"},"thumbnailUrl":"http:\/\/4.bp.blogspot.com\/-uMNrWg1K_10\/TcqMJTY-4gI\/AAAAAAAACIo\/8I80RXW-sT4\/s400\/Cardeal%2BRaimundo%2BDamasceno%252C%2BPresidente%2BCNBB.jpg","datePublished":"2011-05-11T09:50:00+00:00","breadcrumb":{"@id":"https:\/\/diretodasacristia.com\/home\/sem-categoria\/nova-presidencia-da-cnbb-2\/#breadcrumb"},"inLanguage":"pt-BR","potentialAction":[{"@type":"ReadAction","target":["https:\/\/diretodasacristia.com\/home\/sem-categoria\/nova-presidencia-da-cnbb-2\/"]}]},{"@type":"ImageObject","inLanguage":"pt-BR","@id":"https:\/\/diretodasacristia.com\/home\/sem-categoria\/nova-presidencia-da-cnbb-2\/#primaryimage","url":"http:\/\/4.bp.blogspot.com\/-uMNrWg1K_10\/TcqMJTY-4gI\/AAAAAAAACIo\/8I80RXW-sT4\/s400\/Cardeal%2BRaimundo%2BDamasceno%252C%2BPresidente%2BCNBB.jpg","contentUrl":"http:\/\/4.bp.blogspot.com\/-uMNrWg1K_10\/TcqMJTY-4gI\/AAAAAAAACIo\/8I80RXW-sT4\/s400\/Cardeal%2BRaimundo%2BDamasceno%252C%2BPresidente%2BCNBB.jpg"},{"@type":"BreadcrumbList","@id":"https:\/\/diretodasacristia.com\/home\/sem-categoria\/nova-presidencia-da-cnbb-2\/#breadcrumb","itemListElement":[{"@type":"ListItem","position":1,"name":"In\u00edcio","item":"https:\/\/diretodasacristia.com\/home\/"},{"@type":"ListItem","position":2,"name":"Nova presid\u00eancia da CNBB"}]},{"@type":"WebSite","@id":"https:\/\/diretodasacristia.com\/home\/#website","url":"https:\/\/diretodasacristia.com\/home\/","name":"Direto da Sacristia","description":"Not\u00edcias e artigos sobre a f\u00e9 cat\u00f3lica","publisher":{"@id":"https:\/\/diretodasacristia.com\/home\/#organization"},"potentialAction":[{"@type":"SearchAction","target":{"@type":"EntryPoint","urlTemplate":"https:\/\/diretodasacristia.com\/home\/?s={search_term_string}"},"query-input":{"@type":"PropertyValueSpecification","valueRequired":true,"valueName":"search_term_string"}}],"inLanguage":"pt-BR"},{"@type":"Organization","@id":"https:\/\/diretodasacristia.com\/home\/#organization","name":"Direto da Sacristia","url":"https:\/\/diretodasacristia.com\/home\/","logo":{"@type":"ImageObject","inLanguage":"pt-BR","@id":"https:\/\/diretodasacristia.com\/home\/#\/schema\/logo\/image\/","url":"https:\/\/i0.wp.com\/diretodasacristia.com\/home\/wp-content\/uploads\/2012\/01\/marca-sacristia.png?fit=320%2C306&ssl=1","contentUrl":"https:\/\/i0.wp.com\/diretodasacristia.com\/home\/wp-content\/uploads\/2012\/01\/marca-sacristia.png?fit=320%2C306&ssl=1","width":"320","height":"306","caption":"Direto da Sacristia"},"image":{"@id":"https:\/\/diretodasacristia.com\/home\/#\/schema\/logo\/image\/"},"sameAs":["https:\/\/www.facebook.com\/DiretoSacristia","https:\/\/x.com\/diretosacristia","https:\/\/www.instagram.com\/diretodasacristia\/","https:\/\/www.youtube.com\/diretodasacristia"]},{"@type":"Person","@id":"https:\/\/diretodasacristia.com\/home\/#\/schema\/person\/3d453ef1f7d57c0bb0990b8070642721","name":"E. Mar\u00e7al","image":{"@type":"ImageObject","inLanguage":"pt-BR","@id":"https:\/\/secure.gravatar.com\/avatar\/348ff80a5ddde3de6c8b6e0c5b066b733f9245285d9ab87cd2e2ff652ffa95b0?s=96&d=mm&r=g","url":"https:\/\/secure.gravatar.com\/avatar\/348ff80a5ddde3de6c8b6e0c5b066b733f9245285d9ab87cd2e2ff652ffa95b0?s=96&d=mm&r=g","contentUrl":"https:\/\/secure.gravatar.com\/avatar\/348ff80a5ddde3de6c8b6e0c5b066b733f9245285d9ab87cd2e2ff652ffa95b0?s=96&d=mm&r=g","caption":"E. Mar\u00e7al"},"url":"https:\/\/diretodasacristia.com\/home\/author\/erick\/"}]}},"jetpack_publicize_connections":[],"jetpack_featured_media_url":"","jetpack_sharing_enabled":true,"jetpack_shortlink":"https:\/\/wp.me\/p24aG7-Dx","jetpack-related-posts":[{"id":2486,"url":"https:\/\/diretodasacristia.com\/home\/sem-categoria\/nova-diocese-no-brasil-2\/","url_meta":{"origin":2451,"position":0},"title":"Nova diocese no Brasil","author":"E. Mar\u00e7al","date":"15 de dezembro de 2010","format":false,"excerpt":"Do boletim da Sala de Impresa da Santa S\u00e9Nomea\u00e7\u00f5es episcopais e outros atos can\u00f4nicos Hoje o episcopado brasileiro apresenta duas nomea\u00e7\u00f5es. Com elas, o Arcebispado de Salvador perde dois bispos auxiliares. Isso deve-se \u00e0 nomea\u00e7\u00e3o de um como o primeiro bispo de uma diocese na Bahia, e \u00e0 nomea\u00e7\u00e3o do\u2026","rel":"","context":"Em &quot;Sem categoria&quot;","block_context":{"text":"Sem categoria","link":"https:\/\/diretodasacristia.com\/home\/c\/sem-categoria\/"},"img":{"alt_text":"","src":"","width":0,"height":0},"classes":[]},{"id":66,"url":"https:\/\/diretodasacristia.com\/home\/sem-categoria\/novo-vigario-geral-de-sao-paulo-2\/","url_meta":{"origin":2451,"position":1},"title":"Novo vig\u00e1rio-geral de S\u00e3o Paulo","author":"E. Mar\u00e7al","date":"29 de abril de 2011","format":false,"excerpt":"Durante a Santa Missal Crismal, oficiada na Catedral da Arquidiocese de S\u00e3o Paulo, o Em.mo Cardeal Odilo Scherer, Arcebispo da mesma sede, anunciou a sua provis\u00e3o can\u00f4nica que nomeia o Em.mo Cardeal Hummes vig\u00e1rio-geral para o Mundo do Trabalho e dos Movimentos Eclesiais e Novas Comunidades.Cardeal Cl\u00e1udio HummesVig\u00e1rio-geral da Arquidiocese\u2026","rel":"","context":"Em &quot;Sem categoria&quot;","block_context":{"text":"Sem categoria","link":"https:\/\/diretodasacristia.com\/home\/c\/sem-categoria\/"},"img":{"alt_text":"","src":"","width":0,"height":0},"classes":[]},{"id":2477,"url":"https:\/\/diretodasacristia.com\/home\/sem-categoria\/tres-cardeais-tomam-posse-de-suas-igrejas-em-roma-2\/","url_meta":{"origin":2451,"position":2},"title":"Tr\u00eas cardeais tomam posse de suas igrejas em Roma","author":"E. Mar\u00e7al","date":"24 de janeiro de 2011","format":false,"excerpt":"Fotos do Catholic Press PhotoConforme indicado pelo Of\u00edcio das Celebra\u00e7\u00f5es Lit\u00fargicas do Santo Padre, nesses \u00faltimos dias mais alguns cardeais criados no \u00faltimo Consist\u00f3rio Ordin\u00e1rio P\u00fablico tomaram posse de suas respectivas igrejas na Cidade Eterna.No s\u00e1bado, dia 22 janeiro, tomou posse da igreja de Santa Maria Odigitria dei Siciliani o\u2026","rel":"","context":"Em &quot;Sem categoria&quot;","block_context":{"text":"Sem categoria","link":"https:\/\/diretodasacristia.com\/home\/c\/sem-categoria\/"},"img":{"alt_text":"","src":"","width":0,"height":0},"classes":[]},{"id":2445,"url":"https:\/\/diretodasacristia.com\/home\/sem-categoria\/scola-arcebispo-de-milao-2\/","url_meta":{"origin":2451,"position":3},"title":"Scola, Arcebispo de Mil\u00e3o!","author":"E. Mar\u00e7al","date":"28 de junho de 2011","format":false,"excerpt":"Te Deum laudamusMais um na reforma de Bento XVI nas importantes dioceses*Do boletim da Sala de Imprensa da Santa S\u00e9Ren\u00fancia do Arcebispo Metropolitano de Mil\u00e3oe nomea\u00e7\u00e3o do sucessorIt\u00e1liaO Santo Padre Bento XVI aceitou a ren\u00fancia ao governo pastoral da Arquidiocese de Mil\u00e3o apresentada por Sua Emin\u00eancia o Cardeal Dionigi Tettamanzi,\u2026","rel":"","context":"Em &quot;Sem categoria&quot;","block_context":{"text":"Sem categoria","link":"https:\/\/diretodasacristia.com\/home\/c\/sem-categoria\/"},"img":{"alt_text":"","src":"","width":0,"height":0},"classes":[]},{"id":2533,"url":"https:\/\/diretodasacristia.com\/home\/sem-categoria\/audiencia-papal\/","url_meta":{"origin":2451,"position":4},"title":"Audi\u00eancia papal","author":"E. Mar\u00e7al","date":"13 de setembro de 2010","format":false,"excerpt":"Do boletim da Sala de Imprensa da Santa S\u00e9 A Audi\u00eancia O Santo Padre Bento XVI recebeu nesta manh\u00e3 em audi\u00eancia no Pal\u00e1cio Apost\u00f3lico de Castel Gandolfo:Walter J\u00fcrgen SchmidEmbaixador da Alemanha junto \u00e0 Santa S\u00e9S.E. o Sr. Walter J\u00fcrgen Schmid, Embaixador da Rep\u00fablica Federal da Alemanha, na ocasi\u00e3o da apresenta\u00e7\u00e3o\u2026","rel":"","context":"Em &quot;Sem categoria&quot;","block_context":{"text":"Sem categoria","link":"https:\/\/diretodasacristia.com\/home\/c\/sem-categoria\/"},"img":{"alt_text":"","src":"","width":0,"height":0},"classes":[]},{"id":2508,"url":"https:\/\/diretodasacristia.com\/home\/sem-categoria\/renuncias-e-nomeacoes\/","url_meta":{"origin":2451,"position":5},"title":"Ren\u00fancias e nomea\u00e7\u00f5es","author":"E. Mar\u00e7al","date":"7 de outubro de 2010","format":false,"excerpt":"Do boletim da Sala de Imprensa da Santa S\u00e9Ren\u00fancia do Prefeito da Congrega\u00e7\u00e3o para o Clero e nomea\u00e7\u00e3o do sucessorSua Emin\u00eancia Cardeal Cl\u00e1udio HummesPrefeito em\u00e9rito da Congrega\u00e7\u00e3o para o CleroArcebispo em\u00e9rito de S\u00e3o Paulo - BrasilS.E.R. Mons. Mauro PiacenzaArcebispo Titular de Victoriananomeado Prefeito da Congrega\u00e7\u00e3o para o Clero O Santo\u2026","rel":"","context":"Em &quot;Sem categoria&quot;","block_context":{"text":"Sem categoria","link":"https:\/\/diretodasacristia.com\/home\/c\/sem-categoria\/"},"img":{"alt_text":"","src":"","width":0,"height":0},"classes":[]}],"post_mailing_queue_ids":[],"_links":{"self":[{"href":"https:\/\/diretodasacristia.com\/home\/wp-json\/wp\/v2\/posts\/2451","targetHints":{"allow":["GET"]}}],"collection":[{"href":"https:\/\/diretodasacristia.com\/home\/wp-json\/wp\/v2\/posts"}],"about":[{"href":"https:\/\/diretodasacristia.com\/home\/wp-json\/wp\/v2\/types\/post"}],"author":[{"embeddable":true,"href":"https:\/\/diretodasacristia.com\/home\/wp-json\/wp\/v2\/users\/3"}],"replies":[{"embeddable":true,"href":"https:\/\/diretodasacristia.com\/home\/wp-json\/wp\/v2\/comments?post=2451"}],"version-history":[{"count":0,"href":"https:\/\/diretodasacristia.com\/home\/wp-json\/wp\/v2\/posts\/2451\/revisions"}],"wp:attachment":[{"href":"https:\/\/diretodasacristia.com\/home\/wp-json\/wp\/v2\/media?parent=2451"}],"wp:term":[{"taxonomy":"category","embeddable":true,"href":"https:\/\/diretodasacristia.com\/home\/wp-json\/wp\/v2\/categories?post=2451"},{"taxonomy":"post_tag","embeddable":true,"href":"https:\/\/diretodasacristia.com\/home\/wp-json\/wp\/v2\/tags?post=2451"}],"curies":[{"name":"wp","href":"https:\/\/api.w.org\/{rel}","templated":true}]}}