{"id":2453,"date":"2011-05-04T08:49:00","date_gmt":"2011-05-04T08:49:00","guid":{"rendered":"http:\/\/diretodasacristia.com\/home\/sem-categoria\/nomeacoes-para-o-brasil-2\/"},"modified":"2011-05-04T08:49:00","modified_gmt":"2011-05-04T08:49:00","slug":"nomeacoes-para-o-brasil-2","status":"publish","type":"post","link":"https:\/\/diretodasacristia.com\/home\/sem-categoria\/nomeacoes-para-o-brasil-2\/","title":{"rendered":"Nomea\u00e7\u00f5es para o Brasil"},"content":{"rendered":"<div style=\"text-align: center;\"><span class=\"Apple-style-span\"><u><br \/><\/u><\/span><\/div>\n<div><span class=\"Apple-style-span\">Do <a href=\"http:\/\/press.catholica.va\/news_services\/bulletin\/news\/27361.php?index=27361&amp;lang=po\">boletim da Sala de Imprensa da Santa S\u00e9<\/a><\/span><\/div>\n<div><span class=\"Apple-style-span\"><br \/><\/span><\/div>\n<div><span class=\"Apple-style-span\"><br \/><\/span><\/div>\n<div style=\"text-align: center;\"><b><span class=\"Apple-style-span\">Importantes nomea\u00e7\u00f5es episcopais para o Brasil<\/span><\/b><\/div>\n<div><span class=\"Apple-style-span\"><br \/><\/span><\/div>\n<div><span class=\"Apple-style-span\"><br \/><\/span><\/div>\n<div style=\"text-align: justify;\"><span class=\"Apple-style-span\">Hoje foram publicadas pela Santa S\u00e9 nomea\u00e7\u00f5es para cargos episcopais de grande import\u00e2ncia para o Brasil. Tratam-se de um arcebispo (que se soma a outros 4 ultimamente nomeados e que receber\u00e3o o p\u00e1lio arquiepiscopal em junho pr\u00f3ximo) e de auxiliares para tr\u00eas arquidioceses. <\/span><\/div>\n<div style=\"text-align: justify;\"><span class=\"Apple-style-span\"><br \/><\/span><\/div>\n<div style=\"text-align: justify;\"><span class=\"Apple-style-span\">Todos eles s\u00e3o versados em Teologia Dogm\u00e1tica (tr\u00eas deles pela Pontif\u00edcia Universidade Gregoriana em Roma). Eis-los:<\/span><\/div>\n<div style=\"text-align: justify;\"><span class=\"Apple-style-span\"><br \/><\/span><\/div>\n<div style=\"text-align: justify;\"><span class=\"Apple-style-span\"><br \/><\/span><\/div>\n<div style=\"text-align: center;\"><b><span class=\"Apple-style-span\">Ren\u00fancia do Arcebispo Metropolitano de Campo Grande <\/span><\/b><\/div>\n<div style=\"text-align: center;\"><b><span class=\"Apple-style-span\">e nomea\u00e7\u00e3o do sucessor<\/span><\/b><\/div>\n<div style=\"text-align: center;\"><span class=\"Apple-style-span\"><br \/><\/span><\/div>\n<div style=\"text-align: justify;\"><span class=\"Apple-style-span\">O Santo Padre Bento XVI aceitou a ren\u00fancia ao governo pastoral da Arquidiocese de Campo Grande apresentada por S.E.R. Dom Vit\u00f3rio Pavanello, bispo professo da Congrega\u00e7\u00e3o Salesiana, em conformidade com o c\u00e2non 401 \u00a7 1 do C\u00f3digo de Direito Can\u00f4nico.<\/span><\/div>\n<div style=\"text-align: justify;\"><span class=\"Apple-style-span\"><br \/><\/span><\/div>\n<div style=\"text-align: justify;\"><span class=\"Apple-style-span\"><a href=\"http:\/\/1.bp.blogspot.com\/-S7CsUp3R49s\/TcFH7GgZk9I\/AAAAAAAACHw\/GbP3IXmoAEI\/s1600\/Dom%2BDimas%2BLara%2BBarbosa%252C%2BArcebispo%2BCampo%2BGrande.jpg\" onblur=\"try {parent.deselectBloggerImageGracefully();} catch(e) {}\"><img decoding=\"async\" src=\"http:\/\/1.bp.blogspot.com\/-S7CsUp3R49s\/TcFH7GgZk9I\/AAAAAAAACHw\/GbP3IXmoAEI\/s400\/Dom%2BDimas%2BLara%2BBarbosa%252C%2BArcebispo%2BCampo%2BGrande.jpg\" border=\"0\" alt=\"\" id=\"BLOGGER_PHOTO_ID_5602838492109968338\" style=\"display: block; margin-top: 0px; margin-right: auto; margin-bottom: 10px; margin-left: auto; text-align: center; cursor: pointer; width: 300px; height: 300px; \" \/><\/a><\/span><\/div>\n<div><span class=\"Apple-style-span\"><br \/><\/span><\/div>\n<div style=\"text-align: justify;\"><span class=\"Apple-style-span\">O Papa nomeou Arcebispo Metropolitano de Campo Grande S.E.R. <b>Dom Dimas Lara Barbosa<\/b>, at\u00e9 agora Bispo titular de <i>Megalopoli in Proconsulare <\/i>e Auxiliar de S\u00e3o Sebasti\u00e3o do Rio de Janeiro.<\/span><\/div>\n<div style=\"text-align: justify;\"><span class=\"Apple-style-span\"><br \/><\/span><\/div>\n<div style=\"text-align: justify;\"><span class=\"Apple-style-span\"><span class=\"Apple-style-span\">S.E.R. Dom Dimas Lara Barbosa nasceu <\/span><span class=\"Apple-style-span\">em 01 abril 1956 <\/span><span class=\"Apple-style-span\">em Boa Esperan\u00e7a, diocese de Campanha, no Estado de Minas Gerais. Frequentou os estudos filos\u00f3ficos no Instituto de Filosofia S\u00e3o Bento, em S\u00e3o Paulo e os teol\u00f3gicos no Instituto de Teologia Sagrado Cora\u00e7\u00e3o de Jesus, em Taubat\u00e9. Finalmente, conseguiu o doutorado em Teologia Dogm\u00e1tica na &#8220;<i>Pontificia Universit\u00e0 Gregoriana<\/i>&#8220;.<\/span><\/span><\/div>\n<div style=\"text-align: justify;\"><span class=\"Apple-style-span\"><br \/><\/span><\/div>\n<div style=\"text-align: justify;\"><span class=\"Apple-style-span\">Ordenado sacerdote em 03 dezembro 1988 para o clero de S\u00e3o Jos\u00e9 dos Campos; no curso do minist\u00e9rio sacerdotal foi Secret\u00e1rio do Instituto Nacional de Pastoral da Confer\u00eancia Episcopal do Brasil e Secret\u00e1rio da Comiss\u00e3o Episcopal para a Doutrina da F\u00e9.<\/span><\/div>\n<div style=\"text-align: justify;\"><span class=\"Apple-style-span\"><br \/><\/span><\/div>\n<div style=\"text-align: justify;\"><span class=\"Apple-style-span\">Em junho de 2003 foi nomeado Bispo titular de <i>Megalopoli in Proconsulare<\/i> e Auxiliar de S\u00e3o Sebasti\u00e3o do Rio de Janeiro e sagrado em 02 de agosto sucessivo.<\/span><\/div>\n<div style=\"text-align: justify;\"><span class=\"Apple-style-span\"><br \/><\/span><\/div>\n<div style=\"text-align: justify;\"><span class=\"Apple-style-span\">Atualmente est\u00e1 concluindo o quadri\u00eanio como Secret\u00e1rio-Geral da Confer\u00eancia Episcopal brasileira (2007-2011).<\/span><\/div>\n<div style=\"text-align: justify;\"><span class=\"Apple-style-span\"><br \/><\/span><\/div>\n<div style=\"text-align: justify;\"><span class=\"Apple-style-span\"><br \/><\/span><\/div>\n<div style=\"text-align: center;\"><b><span class=\"Apple-style-span\">Nomea\u00e7\u00e3o do Auxiliar de Belo Horizonte<\/span><\/b><\/div>\n<div style=\"text-align: justify;\"><span class=\"Apple-style-span\"><br \/><\/span><\/div>\n<div style=\"text-align: justify;\"><span class=\"Apple-style-span\">O Santo Padre nomeou Bispo Auxiliar da Arquidiocese de Belo Horizonte o Rev.do Pe. Wilson Lu\u00eds Angotti Filho, do clero da diocese de Jaboticabal, at\u00e9 agora Assessor da Comiss\u00e3o para a Doutrina da F\u00e9 da Confer\u00eancia Nacional dos Bispos do Brasil em Bras\u00edlia, concedendo-lhe a sede titular episcopal de <i>Tabe<\/i>.<\/span><\/div>\n<div style=\"text-align: center;\"><span class=\"Apple-style-span\"><br \/><\/span><\/div>\n<div style=\"text-align: center;\"><a href=\"http:\/\/www.arquidiocesebh.org.br\/site\/admin\/funcoes\/imgs_upload\/image\/Pe__Wilson(1).jpg\" onblur=\"try {parent.deselectBloggerImageGracefully();} catch(e) {}\"><span class=\"Apple-style-span\"><img decoding=\"async\" src=\"http:\/\/www.arquidiocesebh.org.br\/site\/admin\/funcoes\/imgs_upload\/image\/Pe__Wilson(1).jpg\" border=\"0\" alt=\"\" style=\"display: block; margin-top: 0px; margin-right: auto; margin-bottom: 10px; margin-left: auto; text-align: center; cursor: pointer; width: 307px; height: 280px; \" \/><\/span><\/a><\/div>\n<div><span class=\"Apple-style-span\"><br \/><\/span><\/div>\n<div style=\"text-align: justify;\"><span class=\"Apple-style-span\">O Rev.do <b>Pe. Wilson Angotti<\/b> nasceu em 05 abril 1958 na cidade de Taquaratinga, Estado de S\u00e3o Paulo, na diocese de Jaboticabal. Ingressou no Semin\u00e1rio da diocese de S\u00e3o Carlos onde completou os estudos filos\u00f3ficos (1976-1978). Completou os estudos teol\u00f3gicos no Centro de Estudos Teol\u00f3gicos da Arquidicese de Ribeir\u00e3o Preto, afiliado \u00e0 Pontif\u00edcia Faculdade de Teologia &#8220;Nossa Senhora da Assun\u00e7\u00e3o&#8221; de S\u00e3o Paulo (1978-1982). Obteve, depois, a Licen\u00e7a em Teologia Dogm\u00e1tica na <i>Pontificia Universit\u00e0 Gregoriana<\/i> em Roma (1987-1988) e a Licen\u00e7a em Filosofia na Universidade Sagrado Cora\u00e7\u00e3o de Jesus em Bauru (1998).<\/span><\/div>\n<div style=\"text-align: justify;\"><span class=\"Apple-style-span\"><br \/><\/span><\/div>\n<div style=\"text-align: justify;\"><span class=\"Apple-style-span\">Recebeu a ordena\u00e7\u00e3o sacerdotal em 19 dezembro 1982 e foi incardinado no clero da diocese de Jaboticabal, onde, entre outros cargos, Membro do Conselho Presbiteral (1992-1997) e do Col\u00e9gio de Consultores (2004-2007).<\/span><\/div>\n<div style=\"text-align: justify;\"><span class=\"Apple-style-span\"><br \/><\/span><\/div>\n<div style=\"text-align: justify;\"><span class=\"Apple-style-span\">Desde 2007 \u00e9 Assessor da Comiss\u00e3o para a Doutrina da F\u00e9 da Confer\u00eancia Nacional dos Bispos do Brasil em Bras\u00edlia; desde 2008 \u00e9 Professor de Teologia Dogm\u00e1tica na Faculdade Teol\u00f3gica da Arquidiocese de Bras\u00edlia.<\/span><\/div>\n<div style=\"text-align: justify;\"><span class=\"Apple-style-span\"><br \/><\/span><\/div>\n<div style=\"text-align: justify;\"><span class=\"Apple-style-span\"><br \/><\/span><\/div>\n<div style=\"text-align: center;\"><span class=\"Apple-style-span\"><b>Nomea\u00e7\u00e3o de Auxiliar de S\u00e3o Paulo<\/b><\/span><\/div>\n<div style=\"text-align: center;\"><span class=\"Apple-style-span\"><br \/><\/span><\/div>\n<div style=\"text-align: justify;\"><span class=\"Apple-style-span\"><span class=\"Apple-style-span\">O Papa nomeou Bispo Auxiliar da Arquidiocese de S\u00e3o Paulo o Rev.do Pe. J\u00falio Endi Akamine, sacerdote professo <\/span><span class=\"Apple-style-span\">e Superior Provincial da Prov\u00edncia &#8220;S\u00e3o Paulo&#8221;<\/span><span class=\"Apple-style-span\">da Sociedade do Apostolado Cat\u00f3lico (Palotinos), concedendo-lhe a sede titular episcopal de Tagamuta.<\/span><\/span><\/div>\n<div style=\"text-align: justify;\"><span class=\"Apple-style-span\"><br \/><\/span><\/div>\n<div style=\"text-align: justify;\"><span class=\"Apple-style-span\"><a href=\"http:\/\/www.cnbb.org.br\/site\/images\/stories\/pe._julio.jpg\" onblur=\"try {parent.deselectBloggerImageGracefully();} catch(e) {}\"><img decoding=\"async\" src=\"http:\/\/www.cnbb.org.br\/site\/images\/stories\/pe._julio.jpg\" border=\"0\" alt=\"\" style=\"display: block; margin-top: 0px; margin-right: auto; margin-bottom: 10px; margin-left: auto; text-align: center; cursor: pointer; width: 195px; height: 250px; \" \/><\/a><\/span><\/div>\n<div><span class=\"Apple-style-span\"><br \/><\/span><\/div>\n<div style=\"text-align: justify;\"><span class=\"Apple-style-span\">O Rev.do <b>Pe. J\u00falio Akamine<\/b> nasceu em 20 novembro 1962 em Gar\u00e7a, diocese de Mar\u00edlia, Estado de S\u00e3o Paulo. Ingresso no Semin\u00e1rio da Sociedade do Apostolado Cat\u00f3lico (Palotinos) em Londrina (Paran\u00e1), onde completou os estudos elementares e secund\u00e1rios no Semin\u00e1rio &#8220;S\u00e3o Vicente Pallotti&#8221;. Emitiu a profiss\u00e3o religiosa em 08 dezembro 1980.<\/span><\/div>\n<div style=\"text-align: justify;\"><span class=\"Apple-style-span\"><br \/><\/span><\/div>\n<div style=\"text-align: justify;\"><span class=\"Apple-style-span\">Completou os estudos filos\u00f3ficos e teol\u00f3gicos no &#8220;<i>Studium Teologicum Claretianum<\/i>&#8221; na Arquidiocese de Curitiba. Recebeu a ordena\u00e7\u00e3o sacerdotal em 24 janeiro 1988. Obteve, depois, a Licen\u00e7a (1999-2005) e a L\u00e1urea (2002-2005) em Teologia Dogm\u00e1tica na <i>Pontificia Universit\u00e0 Gregoriana<\/i> em Roma.<\/span><\/div>\n<div style=\"text-align: justify;\"><span class=\"Apple-style-span\"><br \/><\/span><\/div>\n<div style=\"text-align: justify;\"><span class=\"Apple-style-span\">Desde 2008 \u00e9 Superior Provincial da Prov\u00edncia Palotina &#8220;S\u00e3o Paulo&#8221; com sede na Arquidiocese hom\u00f4nima.<\/span><\/div>\n<div style=\"text-align: justify;\"><span class=\"Apple-style-span\"><br \/><\/span><\/div>\n<div style=\"text-align: justify;\"><span class=\"Apple-style-span\"><br \/><\/span><\/div>\n<div style=\"text-align: center;\"><span class=\"Apple-style-span\"><b>Nomea\u00e7\u00e3o do Auxiliar de Vit\u00f3ria<\/b><\/span><\/div>\n<div style=\"text-align: justify;\"><span class=\"Apple-style-span\"><br \/><\/span><\/div>\n<div style=\"text-align: justify;\"><span class=\"Apple-style-span\"><span class=\"Apple-style-span\">O Santo Padre nomeou Bispo Auxiliar da Arquidiocese de Vit\u00f3ria (Esp\u00edrito Santo) o Rev.do Pe. Jos\u00e9 Aparecido Hergesse, <\/span><span class=\"Apple-style-span\">sacerdote professo da Ordem dos Cl\u00e9rigos Regulares (Teatinos) e <\/span><span class=\"Apple-style-span\">at\u00e9 agora Procurador-Geral da mesma Ordem em Roma.<\/span><\/span><\/div>\n<div style=\"text-align: justify;\"><span class=\"Apple-style-span\"><br \/><\/span><\/div>\n<div style=\"text-align: justify;\"><span class=\"Apple-style-span\">O Rev.do Pe. Jos\u00e9 Hergesse nasceu em 15 julho 1957 em Paranapanema, na diocese de Itapetininga, no Estado de S\u00e3o Paulo. Depois dos estudos preparat\u00f3rios, ingressou  na Ordem dos Teatinos na qual emitiu a Profiss\u00e3o Religiosa em 07 maio 1983. Completou os estudos de Filosofia na Faculdade Filos\u00f3fica do Mosteiro de S\u00e3o Bento em S\u00e3o Paulo e os teol\u00f3gicos, na <i>Pontificia Universit\u00e0 Gregoriana <\/i>em Roma.<\/span><\/div>\n<div style=\"text-align: justify;\"><span class=\"Apple-style-span\"><br \/><\/span><\/div>\n<div style=\"text-align: justify;\"><span class=\"Apple-style-span\"><span class=\"Apple-style-span\">Recebeu a ordena\u00e7\u00e3o sacerdotal em 26 janeiro 1985. Obteve, depois, a Licen\u00e7a em Teol\u00f3gia Dogm\u00e1tica na Pontif\u00edcia Faculdade Teol\u00f3gica Nossa Senhora da Assun\u00e7\u00e3o na Arquidiocese de S\u00e3o Paulo e a Licen\u00e7a em Teologia B\u00edblica na <\/span><span class=\"Apple-style-span\"><i>Pontificia Universit\u00e0 Gregoriana<\/i> em Roma.<\/span><\/span><\/div>\n<div style=\"text-align: justify;\"><span class=\"Apple-style-span\"><br \/><\/span><\/div>\n<div style=\"text-align: justify;\"><span class=\"Apple-style-span\">Como religioso teatino foi, entre outros cargos, Vig\u00e1rio-Geral da diocese de Itapeva (2001-2007), Provincial dos Padres Teatinos no Brasil (2001-2004) e Professor de Teologia B\u00edblica e Diretor espiritual do Semin\u00e1rio da Arquidiocese de Sorocaba (2007-2009).<\/span><\/div>\n<div style=\"text-align: justify;\"><span class=\"Apple-style-span\"><br \/><\/span><\/div>\n<div style=\"text-align: justify;\"><span class=\"Apple-style-span\">Desde 2010 \u00e9 tamb\u00e9m Procurador-Geral da Ordem dos Teatinos na Santa S\u00e9.<\/span><\/div>\n","protected":false},"excerpt":{"rendered":"Do boletim da Sala de Imprensa da Santa S\u00e9 Importantes nomea\u00e7\u00f5es episcopais para o Brasil Hoje foram publicadas pela Santa S\u00e9 nomea\u00e7\u00f5es para cargos episcopais de grande import\u00e2ncia para o Brasil. Tratam-se de um arcebispo (que se soma a outros 4 ultimamente nomeados e que receber\u00e3o o p\u00e1lio arquiepiscopal em junho pr\u00f3ximo) e de auxiliares&#8230; <a class=\"view-article\" href=\"https:\/\/diretodasacristia.com\/home\/sem-categoria\/nomeacoes-para-o-brasil-2\/\">Ver artigo<\/a>","protected":false},"author":3,"featured_media":0,"comment_status":"open","ping_status":"open","sticky":false,"template":"","format":"standard","meta":{"jetpack_post_was_ever_published":false,"_jetpack_newsletter_access":"","_jetpack_dont_email_post_to_subs":false,"_jetpack_newsletter_tier_id":0,"_jetpack_memberships_contains_paywalled_content":false,"_jetpack_memberships_contains_paid_content":false,"_joinchat":[],"footnotes":"","jetpack_publicize_message":"","jetpack_publicize_feature_enabled":true,"jetpack_social_post_already_shared":false,"jetpack_social_options":{"image_generator_settings":{"template":"highway","default_image_id":0,"font":"","enabled":false},"version":2}},"categories":[1],"tags":[],"class_list":["post-2453","post","type-post","status-publish","format-standard","hentry","category-sem-categoria"],"yoast_head":"<!-- This site is optimized with the Yoast SEO plugin v27.4 - https:\/\/yoast.com\/product\/yoast-seo-wordpress\/ -->\n<title>Nomea\u00e7\u00f5es para o Brasil - Direto da Sacristia<\/title>\n<meta name=\"robots\" content=\"index, follow, max-snippet:-1, max-image-preview:large, max-video-preview:-1\" \/>\n<link rel=\"canonical\" href=\"https:\/\/diretodasacristia.com\/home\/sem-categoria\/nomeacoes-para-o-brasil-2\/\" \/>\n<meta property=\"og:locale\" content=\"pt_BR\" \/>\n<meta property=\"og:type\" content=\"article\" \/>\n<meta property=\"og:title\" content=\"Nomea\u00e7\u00f5es para o Brasil - Direto da Sacristia\" \/>\n<meta property=\"og:description\" content=\"Do boletim da Sala de Imprensa da Santa S\u00e9 Importantes nomea\u00e7\u00f5es episcopais para o Brasil Hoje foram publicadas pela Santa S\u00e9 nomea\u00e7\u00f5es para cargos episcopais de grande import\u00e2ncia para o Brasil. Tratam-se de um arcebispo (que se soma a outros 4 ultimamente nomeados e que receber\u00e3o o p\u00e1lio arquiepiscopal em junho pr\u00f3ximo) e de auxiliares... Ver artigo\" \/>\n<meta property=\"og:url\" content=\"https:\/\/diretodasacristia.com\/home\/sem-categoria\/nomeacoes-para-o-brasil-2\/\" \/>\n<meta property=\"og:site_name\" content=\"Direto da Sacristia\" \/>\n<meta property=\"article:publisher\" content=\"https:\/\/www.facebook.com\/DiretoSacristia\" \/>\n<meta property=\"article:published_time\" content=\"2011-05-04T08:49:00+00:00\" \/>\n<meta property=\"og:image\" content=\"http:\/\/1.bp.blogspot.com\/-S7CsUp3R49s\/TcFH7GgZk9I\/AAAAAAAACHw\/GbP3IXmoAEI\/s400\/Dom%2BDimas%2BLara%2BBarbosa%252C%2BArcebispo%2BCampo%2BGrande.jpg\" \/>\n<meta name=\"author\" content=\"E. Mar\u00e7al\" \/>\n<meta name=\"twitter:card\" content=\"summary_large_image\" \/>\n<meta name=\"twitter:creator\" content=\"@diretosacristia\" \/>\n<meta name=\"twitter:site\" content=\"@diretosacristia\" \/>\n<meta name=\"twitter:label1\" content=\"Escrito por\" \/>\n\t<meta name=\"twitter:data1\" content=\"E. Mar\u00e7al\" \/>\n\t<meta name=\"twitter:label2\" content=\"Est. tempo de leitura\" \/>\n\t<meta name=\"twitter:data2\" content=\"5 minutos\" \/>\n<script type=\"application\/ld+json\" class=\"yoast-schema-graph\">{\"@context\":\"https:\\\/\\\/schema.org\",\"@graph\":[{\"@type\":\"Article\",\"@id\":\"https:\\\/\\\/diretodasacristia.com\\\/home\\\/sem-categoria\\\/nomeacoes-para-o-brasil-2\\\/#article\",\"isPartOf\":{\"@id\":\"https:\\\/\\\/diretodasacristia.com\\\/home\\\/sem-categoria\\\/nomeacoes-para-o-brasil-2\\\/\"},\"author\":{\"name\":\"E. Mar\u00e7al\",\"@id\":\"https:\\\/\\\/diretodasacristia.com\\\/home\\\/#\\\/schema\\\/person\\\/3d453ef1f7d57c0bb0990b8070642721\"},\"headline\":\"Nomea\u00e7\u00f5es para o Brasil\",\"datePublished\":\"2011-05-04T08:49:00+00:00\",\"mainEntityOfPage\":{\"@id\":\"https:\\\/\\\/diretodasacristia.com\\\/home\\\/sem-categoria\\\/nomeacoes-para-o-brasil-2\\\/\"},\"wordCount\":949,\"commentCount\":0,\"publisher\":{\"@id\":\"https:\\\/\\\/diretodasacristia.com\\\/home\\\/#organization\"},\"image\":{\"@id\":\"https:\\\/\\\/diretodasacristia.com\\\/home\\\/sem-categoria\\\/nomeacoes-para-o-brasil-2\\\/#primaryimage\"},\"thumbnailUrl\":\"http:\\\/\\\/1.bp.blogspot.com\\\/-S7CsUp3R49s\\\/TcFH7GgZk9I\\\/AAAAAAAACHw\\\/GbP3IXmoAEI\\\/s400\\\/Dom%2BDimas%2BLara%2BBarbosa%252C%2BArcebispo%2BCampo%2BGrande.jpg\",\"inLanguage\":\"pt-BR\",\"potentialAction\":[{\"@type\":\"CommentAction\",\"name\":\"Comment\",\"target\":[\"https:\\\/\\\/diretodasacristia.com\\\/home\\\/sem-categoria\\\/nomeacoes-para-o-brasil-2\\\/#respond\"]}]},{\"@type\":\"WebPage\",\"@id\":\"https:\\\/\\\/diretodasacristia.com\\\/home\\\/sem-categoria\\\/nomeacoes-para-o-brasil-2\\\/\",\"url\":\"https:\\\/\\\/diretodasacristia.com\\\/home\\\/sem-categoria\\\/nomeacoes-para-o-brasil-2\\\/\",\"name\":\"Nomea\u00e7\u00f5es para o Brasil - Direto da Sacristia\",\"isPartOf\":{\"@id\":\"https:\\\/\\\/diretodasacristia.com\\\/home\\\/#website\"},\"primaryImageOfPage\":{\"@id\":\"https:\\\/\\\/diretodasacristia.com\\\/home\\\/sem-categoria\\\/nomeacoes-para-o-brasil-2\\\/#primaryimage\"},\"image\":{\"@id\":\"https:\\\/\\\/diretodasacristia.com\\\/home\\\/sem-categoria\\\/nomeacoes-para-o-brasil-2\\\/#primaryimage\"},\"thumbnailUrl\":\"http:\\\/\\\/1.bp.blogspot.com\\\/-S7CsUp3R49s\\\/TcFH7GgZk9I\\\/AAAAAAAACHw\\\/GbP3IXmoAEI\\\/s400\\\/Dom%2BDimas%2BLara%2BBarbosa%252C%2BArcebispo%2BCampo%2BGrande.jpg\",\"datePublished\":\"2011-05-04T08:49:00+00:00\",\"breadcrumb\":{\"@id\":\"https:\\\/\\\/diretodasacristia.com\\\/home\\\/sem-categoria\\\/nomeacoes-para-o-brasil-2\\\/#breadcrumb\"},\"inLanguage\":\"pt-BR\",\"potentialAction\":[{\"@type\":\"ReadAction\",\"target\":[\"https:\\\/\\\/diretodasacristia.com\\\/home\\\/sem-categoria\\\/nomeacoes-para-o-brasil-2\\\/\"]}]},{\"@type\":\"ImageObject\",\"inLanguage\":\"pt-BR\",\"@id\":\"https:\\\/\\\/diretodasacristia.com\\\/home\\\/sem-categoria\\\/nomeacoes-para-o-brasil-2\\\/#primaryimage\",\"url\":\"http:\\\/\\\/1.bp.blogspot.com\\\/-S7CsUp3R49s\\\/TcFH7GgZk9I\\\/AAAAAAAACHw\\\/GbP3IXmoAEI\\\/s400\\\/Dom%2BDimas%2BLara%2BBarbosa%252C%2BArcebispo%2BCampo%2BGrande.jpg\",\"contentUrl\":\"http:\\\/\\\/1.bp.blogspot.com\\\/-S7CsUp3R49s\\\/TcFH7GgZk9I\\\/AAAAAAAACHw\\\/GbP3IXmoAEI\\\/s400\\\/Dom%2BDimas%2BLara%2BBarbosa%252C%2BArcebispo%2BCampo%2BGrande.jpg\"},{\"@type\":\"BreadcrumbList\",\"@id\":\"https:\\\/\\\/diretodasacristia.com\\\/home\\\/sem-categoria\\\/nomeacoes-para-o-brasil-2\\\/#breadcrumb\",\"itemListElement\":[{\"@type\":\"ListItem\",\"position\":1,\"name\":\"In\u00edcio\",\"item\":\"https:\\\/\\\/diretodasacristia.com\\\/home\\\/\"},{\"@type\":\"ListItem\",\"position\":2,\"name\":\"Nomea\u00e7\u00f5es para o Brasil\"}]},{\"@type\":\"WebSite\",\"@id\":\"https:\\\/\\\/diretodasacristia.com\\\/home\\\/#website\",\"url\":\"https:\\\/\\\/diretodasacristia.com\\\/home\\\/\",\"name\":\"Direto da Sacristia\",\"description\":\"Not\u00edcias e artigos sobre a f\u00e9 cat\u00f3lica\",\"publisher\":{\"@id\":\"https:\\\/\\\/diretodasacristia.com\\\/home\\\/#organization\"},\"potentialAction\":[{\"@type\":\"SearchAction\",\"target\":{\"@type\":\"EntryPoint\",\"urlTemplate\":\"https:\\\/\\\/diretodasacristia.com\\\/home\\\/?s={search_term_string}\"},\"query-input\":{\"@type\":\"PropertyValueSpecification\",\"valueRequired\":true,\"valueName\":\"search_term_string\"}}],\"inLanguage\":\"pt-BR\"},{\"@type\":\"Organization\",\"@id\":\"https:\\\/\\\/diretodasacristia.com\\\/home\\\/#organization\",\"name\":\"Direto da Sacristia\",\"url\":\"https:\\\/\\\/diretodasacristia.com\\\/home\\\/\",\"logo\":{\"@type\":\"ImageObject\",\"inLanguage\":\"pt-BR\",\"@id\":\"https:\\\/\\\/diretodasacristia.com\\\/home\\\/#\\\/schema\\\/logo\\\/image\\\/\",\"url\":\"https:\\\/\\\/i0.wp.com\\\/diretodasacristia.com\\\/home\\\/wp-content\\\/uploads\\\/2012\\\/01\\\/marca-sacristia.png?fit=320%2C306&ssl=1\",\"contentUrl\":\"https:\\\/\\\/i0.wp.com\\\/diretodasacristia.com\\\/home\\\/wp-content\\\/uploads\\\/2012\\\/01\\\/marca-sacristia.png?fit=320%2C306&ssl=1\",\"width\":\"320\",\"height\":\"306\",\"caption\":\"Direto da Sacristia\"},\"image\":{\"@id\":\"https:\\\/\\\/diretodasacristia.com\\\/home\\\/#\\\/schema\\\/logo\\\/image\\\/\"},\"sameAs\":[\"https:\\\/\\\/www.facebook.com\\\/DiretoSacristia\",\"https:\\\/\\\/x.com\\\/diretosacristia\",\"https:\\\/\\\/www.instagram.com\\\/diretodasacristia\\\/\",\"https:\\\/\\\/www.youtube.com\\\/diretodasacristia\"]},{\"@type\":\"Person\",\"@id\":\"https:\\\/\\\/diretodasacristia.com\\\/home\\\/#\\\/schema\\\/person\\\/3d453ef1f7d57c0bb0990b8070642721\",\"name\":\"E. Mar\u00e7al\",\"image\":{\"@type\":\"ImageObject\",\"inLanguage\":\"pt-BR\",\"@id\":\"https:\\\/\\\/secure.gravatar.com\\\/avatar\\\/348ff80a5ddde3de6c8b6e0c5b066b733f9245285d9ab87cd2e2ff652ffa95b0?s=96&d=mm&r=g\",\"url\":\"https:\\\/\\\/secure.gravatar.com\\\/avatar\\\/348ff80a5ddde3de6c8b6e0c5b066b733f9245285d9ab87cd2e2ff652ffa95b0?s=96&d=mm&r=g\",\"contentUrl\":\"https:\\\/\\\/secure.gravatar.com\\\/avatar\\\/348ff80a5ddde3de6c8b6e0c5b066b733f9245285d9ab87cd2e2ff652ffa95b0?s=96&d=mm&r=g\",\"caption\":\"E. Mar\u00e7al\"},\"url\":\"https:\\\/\\\/diretodasacristia.com\\\/home\\\/author\\\/erick\\\/\"}]}<\/script>\n<!-- \/ Yoast SEO plugin. -->","yoast_head_json":{"title":"Nomea\u00e7\u00f5es para o Brasil - Direto da Sacristia","robots":{"index":"index","follow":"follow","max-snippet":"max-snippet:-1","max-image-preview":"max-image-preview:large","max-video-preview":"max-video-preview:-1"},"canonical":"https:\/\/diretodasacristia.com\/home\/sem-categoria\/nomeacoes-para-o-brasil-2\/","og_locale":"pt_BR","og_type":"article","og_title":"Nomea\u00e7\u00f5es para o Brasil - Direto da Sacristia","og_description":"Do boletim da Sala de Imprensa da Santa S\u00e9 Importantes nomea\u00e7\u00f5es episcopais para o Brasil Hoje foram publicadas pela Santa S\u00e9 nomea\u00e7\u00f5es para cargos episcopais de grande import\u00e2ncia para o Brasil. Tratam-se de um arcebispo (que se soma a outros 4 ultimamente nomeados e que receber\u00e3o o p\u00e1lio arquiepiscopal em junho pr\u00f3ximo) e de auxiliares... Ver artigo","og_url":"https:\/\/diretodasacristia.com\/home\/sem-categoria\/nomeacoes-para-o-brasil-2\/","og_site_name":"Direto da Sacristia","article_publisher":"https:\/\/www.facebook.com\/DiretoSacristia","article_published_time":"2011-05-04T08:49:00+00:00","og_image":[{"url":"http:\/\/1.bp.blogspot.com\/-S7CsUp3R49s\/TcFH7GgZk9I\/AAAAAAAACHw\/GbP3IXmoAEI\/s400\/Dom%2BDimas%2BLara%2BBarbosa%252C%2BArcebispo%2BCampo%2BGrande.jpg","type":"","width":"","height":""}],"author":"E. Mar\u00e7al","twitter_card":"summary_large_image","twitter_creator":"@diretosacristia","twitter_site":"@diretosacristia","twitter_misc":{"Escrito por":"E. Mar\u00e7al","Est. tempo de leitura":"5 minutos"},"schema":{"@context":"https:\/\/schema.org","@graph":[{"@type":"Article","@id":"https:\/\/diretodasacristia.com\/home\/sem-categoria\/nomeacoes-para-o-brasil-2\/#article","isPartOf":{"@id":"https:\/\/diretodasacristia.com\/home\/sem-categoria\/nomeacoes-para-o-brasil-2\/"},"author":{"name":"E. Mar\u00e7al","@id":"https:\/\/diretodasacristia.com\/home\/#\/schema\/person\/3d453ef1f7d57c0bb0990b8070642721"},"headline":"Nomea\u00e7\u00f5es para o Brasil","datePublished":"2011-05-04T08:49:00+00:00","mainEntityOfPage":{"@id":"https:\/\/diretodasacristia.com\/home\/sem-categoria\/nomeacoes-para-o-brasil-2\/"},"wordCount":949,"commentCount":0,"publisher":{"@id":"https:\/\/diretodasacristia.com\/home\/#organization"},"image":{"@id":"https:\/\/diretodasacristia.com\/home\/sem-categoria\/nomeacoes-para-o-brasil-2\/#primaryimage"},"thumbnailUrl":"http:\/\/1.bp.blogspot.com\/-S7CsUp3R49s\/TcFH7GgZk9I\/AAAAAAAACHw\/GbP3IXmoAEI\/s400\/Dom%2BDimas%2BLara%2BBarbosa%252C%2BArcebispo%2BCampo%2BGrande.jpg","inLanguage":"pt-BR","potentialAction":[{"@type":"CommentAction","name":"Comment","target":["https:\/\/diretodasacristia.com\/home\/sem-categoria\/nomeacoes-para-o-brasil-2\/#respond"]}]},{"@type":"WebPage","@id":"https:\/\/diretodasacristia.com\/home\/sem-categoria\/nomeacoes-para-o-brasil-2\/","url":"https:\/\/diretodasacristia.com\/home\/sem-categoria\/nomeacoes-para-o-brasil-2\/","name":"Nomea\u00e7\u00f5es para o Brasil - Direto da Sacristia","isPartOf":{"@id":"https:\/\/diretodasacristia.com\/home\/#website"},"primaryImageOfPage":{"@id":"https:\/\/diretodasacristia.com\/home\/sem-categoria\/nomeacoes-para-o-brasil-2\/#primaryimage"},"image":{"@id":"https:\/\/diretodasacristia.com\/home\/sem-categoria\/nomeacoes-para-o-brasil-2\/#primaryimage"},"thumbnailUrl":"http:\/\/1.bp.blogspot.com\/-S7CsUp3R49s\/TcFH7GgZk9I\/AAAAAAAACHw\/GbP3IXmoAEI\/s400\/Dom%2BDimas%2BLara%2BBarbosa%252C%2BArcebispo%2BCampo%2BGrande.jpg","datePublished":"2011-05-04T08:49:00+00:00","breadcrumb":{"@id":"https:\/\/diretodasacristia.com\/home\/sem-categoria\/nomeacoes-para-o-brasil-2\/#breadcrumb"},"inLanguage":"pt-BR","potentialAction":[{"@type":"ReadAction","target":["https:\/\/diretodasacristia.com\/home\/sem-categoria\/nomeacoes-para-o-brasil-2\/"]}]},{"@type":"ImageObject","inLanguage":"pt-BR","@id":"https:\/\/diretodasacristia.com\/home\/sem-categoria\/nomeacoes-para-o-brasil-2\/#primaryimage","url":"http:\/\/1.bp.blogspot.com\/-S7CsUp3R49s\/TcFH7GgZk9I\/AAAAAAAACHw\/GbP3IXmoAEI\/s400\/Dom%2BDimas%2BLara%2BBarbosa%252C%2BArcebispo%2BCampo%2BGrande.jpg","contentUrl":"http:\/\/1.bp.blogspot.com\/-S7CsUp3R49s\/TcFH7GgZk9I\/AAAAAAAACHw\/GbP3IXmoAEI\/s400\/Dom%2BDimas%2BLara%2BBarbosa%252C%2BArcebispo%2BCampo%2BGrande.jpg"},{"@type":"BreadcrumbList","@id":"https:\/\/diretodasacristia.com\/home\/sem-categoria\/nomeacoes-para-o-brasil-2\/#breadcrumb","itemListElement":[{"@type":"ListItem","position":1,"name":"In\u00edcio","item":"https:\/\/diretodasacristia.com\/home\/"},{"@type":"ListItem","position":2,"name":"Nomea\u00e7\u00f5es para o Brasil"}]},{"@type":"WebSite","@id":"https:\/\/diretodasacristia.com\/home\/#website","url":"https:\/\/diretodasacristia.com\/home\/","name":"Direto da Sacristia","description":"Not\u00edcias e artigos sobre a f\u00e9 cat\u00f3lica","publisher":{"@id":"https:\/\/diretodasacristia.com\/home\/#organization"},"potentialAction":[{"@type":"SearchAction","target":{"@type":"EntryPoint","urlTemplate":"https:\/\/diretodasacristia.com\/home\/?s={search_term_string}"},"query-input":{"@type":"PropertyValueSpecification","valueRequired":true,"valueName":"search_term_string"}}],"inLanguage":"pt-BR"},{"@type":"Organization","@id":"https:\/\/diretodasacristia.com\/home\/#organization","name":"Direto da Sacristia","url":"https:\/\/diretodasacristia.com\/home\/","logo":{"@type":"ImageObject","inLanguage":"pt-BR","@id":"https:\/\/diretodasacristia.com\/home\/#\/schema\/logo\/image\/","url":"https:\/\/i0.wp.com\/diretodasacristia.com\/home\/wp-content\/uploads\/2012\/01\/marca-sacristia.png?fit=320%2C306&ssl=1","contentUrl":"https:\/\/i0.wp.com\/diretodasacristia.com\/home\/wp-content\/uploads\/2012\/01\/marca-sacristia.png?fit=320%2C306&ssl=1","width":"320","height":"306","caption":"Direto da Sacristia"},"image":{"@id":"https:\/\/diretodasacristia.com\/home\/#\/schema\/logo\/image\/"},"sameAs":["https:\/\/www.facebook.com\/DiretoSacristia","https:\/\/x.com\/diretosacristia","https:\/\/www.instagram.com\/diretodasacristia\/","https:\/\/www.youtube.com\/diretodasacristia"]},{"@type":"Person","@id":"https:\/\/diretodasacristia.com\/home\/#\/schema\/person\/3d453ef1f7d57c0bb0990b8070642721","name":"E. Mar\u00e7al","image":{"@type":"ImageObject","inLanguage":"pt-BR","@id":"https:\/\/secure.gravatar.com\/avatar\/348ff80a5ddde3de6c8b6e0c5b066b733f9245285d9ab87cd2e2ff652ffa95b0?s=96&d=mm&r=g","url":"https:\/\/secure.gravatar.com\/avatar\/348ff80a5ddde3de6c8b6e0c5b066b733f9245285d9ab87cd2e2ff652ffa95b0?s=96&d=mm&r=g","contentUrl":"https:\/\/secure.gravatar.com\/avatar\/348ff80a5ddde3de6c8b6e0c5b066b733f9245285d9ab87cd2e2ff652ffa95b0?s=96&d=mm&r=g","caption":"E. Mar\u00e7al"},"url":"https:\/\/diretodasacristia.com\/home\/author\/erick\/"}]}},"jetpack_publicize_connections":[],"jetpack_featured_media_url":"","jetpack_sharing_enabled":true,"jetpack_shortlink":"https:\/\/wp.me\/p24aG7-Dz","jetpack-related-posts":[{"id":148,"url":"https:\/\/diretodasacristia.com\/home\/nomeacoes-episcopais\/novos-arcebispo-e-auxiliar-de-porto-principe\/","url_meta":{"origin":2453,"position":0},"title":"Novos Arcebispo e Auxiliar de Porto Pr\u00edncipe","author":"E. Mar\u00e7al","date":"12 de janeiro de 2011","format":false,"excerpt":"","rel":"","context":"Em &quot;Nomea\u00e7\u00f5es episcopais&quot;","block_context":{"text":"Nomea\u00e7\u00f5es episcopais","link":"https:\/\/diretodasacristia.com\/home\/c\/nomeacoes-episcopais\/"},"img":{"alt_text":"","src":"","width":0,"height":0},"classes":[]},{"id":4,"url":"https:\/\/diretodasacristia.com\/home\/nomeacoes-episcopais\/novo-nuncio-na-italia-2\/","url_meta":{"origin":2453,"position":1},"title":"Novo N\u00fancio na It\u00e1lia","author":"E. Mar\u00e7al","date":"15 de novembro de 2011","format":false,"excerpt":"Do boletim da Sala de Imprensa da Santa S\u00e9\u00a0 \u00a0 Nomea\u00e7\u00e3o do N\u00fancio Apost\u00f3lico na It\u00e1lia e na Rep\u00fablica de San Marino Arcebispo Adriano Bernardini N\u00fancio Apost\u00f3lico na It\u00e1lia e em San Marino 69 anos \u00a0 Contrariamente ao que vinha sendo anunciado, a Nunciatura da It\u00e1lia e de San Marino\u2026","rel":"","context":"Em &quot;Nomea\u00e7\u00f5es episcopais&quot;","block_context":{"text":"Nomea\u00e7\u00f5es episcopais","link":"https:\/\/diretodasacristia.com\/home\/c\/nomeacoes-episcopais\/"},"img":{"alt_text":"","src":"https:\/\/i0.wp.com\/diretodasacristia.com\/home\/wp-content\/uploads\/2011\/11\/Adriano-Bernardini.jpg?resize=350%2C200&ssl=1","width":350,"height":200,"srcset":"https:\/\/i0.wp.com\/diretodasacristia.com\/home\/wp-content\/uploads\/2011\/11\/Adriano-Bernardini.jpg?resize=350%2C200&ssl=1 1x, https:\/\/i0.wp.com\/diretodasacristia.com\/home\/wp-content\/uploads\/2011\/11\/Adriano-Bernardini.jpg?resize=525%2C300&ssl=1 1.5x"},"classes":[]},{"id":2507,"url":"https:\/\/diretodasacristia.com\/home\/sem-categoria\/nomeacoes-e-renuncias-episcopais\/","url_meta":{"origin":2453,"position":2},"title":"Nomea\u00e7\u00f5es e ren\u00fancias episcopais","author":"E. Mar\u00e7al","date":"11 de outubro de 2010","format":false,"excerpt":"Do boletim da Sala de Imprensa da Santa S\u00e9Ren\u00fancia do Arcebispo de Turim (It\u00e1lia)e nomea\u00e7\u00e3o do sucessorSua Emin\u00eancia Cardeal Severino PolettoCardeal-presb\u00edtero de San Giuseppe in via TrionfaleArcebipo em\u00e9rito de TurimO Santo Padre Bento XVI aceitou a ren\u00fancia ao governo pastoral da Arquidiocese de Turim (Brasil), apresentada do Em.mo Cardeal Severino\u2026","rel":"","context":"Em &quot;Sem categoria&quot;","block_context":{"text":"Sem categoria","link":"https:\/\/diretodasacristia.com\/home\/c\/sem-categoria\/"},"img":{"alt_text":"","src":"","width":0,"height":0},"classes":[]},{"id":2481,"url":"https:\/\/diretodasacristia.com\/home\/sem-categoria\/inumeras-nomeacoes\/","url_meta":{"origin":2453,"position":3},"title":"In\u00fameras nomea\u00e7\u00f5es","author":"E. Mar\u00e7al","date":"6 de janeiro de 2011","format":false,"excerpt":"Do boletim da Sala de Imprensa da Santa S\u00e9Nomea\u00e7\u00f5es episcopais e para organismos da C\u00faria Romana Nesses cinco meses do \"Direto da sacristia\", n\u00e3o h\u00e1 recorda\u00e7\u00e3o de um n\u00famero t\u00e3o extenso de nomea\u00e7\u00f5es publicadas em um s\u00f3 dia. Al\u00e9m de um novo bispo para a vacante c\u00e1tedra de Paranava\u00ed (Paran\u00e1\u2026","rel":"","context":"Em &quot;Sem categoria&quot;","block_context":{"text":"Sem categoria","link":"https:\/\/diretodasacristia.com\/home\/c\/sem-categoria\/"},"img":{"alt_text":"","src":"","width":0,"height":0},"classes":[]},{"id":5453,"url":"https:\/\/diretodasacristia.com\/home\/nomeacoes-episcopais\/dom-mario-antonio-nomeado-novo-arcebispo-de-aparecida\/","url_meta":{"origin":2453,"position":4},"title":"Dom M\u00e1rio Ant\u00f4nio nomeado novo arcebispo de Aparecida","author":"Reda\u00e7\u00e3o","date":"2 de mar\u00e7o de 2026","format":false,"excerpt":"\u00c9 de se entender como a presente nomea\u00e7\u00e3o foi uma das mais dif\u00edceis ao Vaticano e exigiu muito do Dicast\u00e9rio para os Bispos e da Nunciatura Apost\u00f3lica no Brasil na pesquisa, na considera\u00e7\u00e3o de nomes, na exclus\u00e3o de outros.","rel":"","context":"Em &quot;Brasil&quot;","block_context":{"text":"Brasil","link":"https:\/\/diretodasacristia.com\/home\/c\/brasil\/"},"img":{"alt_text":"","src":"https:\/\/i0.wp.com\/diretodasacristia.com\/home\/wp-content\/uploads\/2026\/03\/Dom-Mario-scaled-1.jpg?resize=350%2C200&ssl=1","width":350,"height":200,"srcset":"https:\/\/i0.wp.com\/diretodasacristia.com\/home\/wp-content\/uploads\/2026\/03\/Dom-Mario-scaled-1.jpg?resize=350%2C200&ssl=1 1x, https:\/\/i0.wp.com\/diretodasacristia.com\/home\/wp-content\/uploads\/2026\/03\/Dom-Mario-scaled-1.jpg?resize=525%2C300&ssl=1 1.5x, https:\/\/i0.wp.com\/diretodasacristia.com\/home\/wp-content\/uploads\/2026\/03\/Dom-Mario-scaled-1.jpg?resize=700%2C400&ssl=1 2x, https:\/\/i0.wp.com\/diretodasacristia.com\/home\/wp-content\/uploads\/2026\/03\/Dom-Mario-scaled-1.jpg?resize=1050%2C600&ssl=1 3x, https:\/\/i0.wp.com\/diretodasacristia.com\/home\/wp-content\/uploads\/2026\/03\/Dom-Mario-scaled-1.jpg?resize=1400%2C800&ssl=1 4x"},"classes":[]},{"id":2245,"url":"https:\/\/diretodasacristia.com\/home\/nomeacoes-episcopais\/sagracao-episcopal-de-dois-auxiliares-de-roma\/","url_meta":{"origin":2453,"position":5},"title":"Sagra\u00e7\u00e3o episcopal de dois Auxiliares de Roma","author":"E. Mar\u00e7al","date":"14 de abril de 2012","format":false,"excerpt":"Com informa\u00e7\u00f5es do boletim da Sala de Imprensa da Santa S\u00e9 \u00c0s 17h em Roma, 12h no Brasil, dois Bispos Auxiliares da Diocese de Roma foram sagrados pelo Cardeal-vig\u00e1rio de Sua Santidade para a mesma Cidade, Agostino Vallini, na Bas\u00edlica Papal de San Giovanni in Laterano,\u00a0e co-sagrantes Arcebispo (t\u00edtulo ad\u2026","rel":"","context":"Em &quot;Destaque&quot;","block_context":{"text":"Destaque","link":"https:\/\/diretodasacristia.com\/home\/c\/destaque\/"},"img":{"alt_text":"","src":"https:\/\/i0.wp.com\/diretodasacristia.com\/home\/wp-content\/uploads\/2012\/04\/Lorenzo-Leuzzi.jpg?resize=350%2C200&ssl=1","width":350,"height":200},"classes":[]}],"post_mailing_queue_ids":[],"_links":{"self":[{"href":"https:\/\/diretodasacristia.com\/home\/wp-json\/wp\/v2\/posts\/2453","targetHints":{"allow":["GET"]}}],"collection":[{"href":"https:\/\/diretodasacristia.com\/home\/wp-json\/wp\/v2\/posts"}],"about":[{"href":"https:\/\/diretodasacristia.com\/home\/wp-json\/wp\/v2\/types\/post"}],"author":[{"embeddable":true,"href":"https:\/\/diretodasacristia.com\/home\/wp-json\/wp\/v2\/users\/3"}],"replies":[{"embeddable":true,"href":"https:\/\/diretodasacristia.com\/home\/wp-json\/wp\/v2\/comments?post=2453"}],"version-history":[{"count":0,"href":"https:\/\/diretodasacristia.com\/home\/wp-json\/wp\/v2\/posts\/2453\/revisions"}],"wp:attachment":[{"href":"https:\/\/diretodasacristia.com\/home\/wp-json\/wp\/v2\/media?parent=2453"}],"wp:term":[{"taxonomy":"category","embeddable":true,"href":"https:\/\/diretodasacristia.com\/home\/wp-json\/wp\/v2\/categories?post=2453"},{"taxonomy":"post_tag","embeddable":true,"href":"https:\/\/diretodasacristia.com\/home\/wp-json\/wp\/v2\/tags?post=2453"}],"curies":[{"name":"wp","href":"https:\/\/api.w.org\/{rel}","templated":true}]}}