{"id":2469,"date":"2011-03-18T09:54:00","date_gmt":"2011-03-18T09:54:00","guid":{"rendered":"http:\/\/diretodasacristia.com\/home\/sem-categoria\/os-folhetos-liturgicos-2\/"},"modified":"2012-05-22T22:22:28","modified_gmt":"2012-05-23T01:22:28","slug":"os-folhetos-liturgicos-2","status":"publish","type":"post","link":"https:\/\/diretodasacristia.com\/home\/brasil\/os-folhetos-liturgicos-2\/","title":{"rendered":"Os folhetos lit\u00fargicos"},"content":{"rendered":"<p style=\"text-align: center;\"><em><strong>Confiteor <\/strong><\/em><\/p>\n<p style=\"text-align: justify;\">\n<p style=\"text-align: justify;\">Hoje, em muitas par\u00f3quias, quem prescreve a liturgia &#8211; principalmente a de ocasi\u00f5es especiais &#8211; j\u00e1 n\u00e3o \u00e9 apenas o padre, mas subs\u00eddios lit\u00fargicos que ditam o que todos devem fazer. At\u00e9 a\u00ed n\u00e3o tem problema; este come\u00e7a quando &#8211; o que j\u00e1 foram sugest\u00f5es, hoje se tornaram quase ordens &#8211; as &#8220;rubricas&#8221; nem sempre est\u00e3o de acordo com as prescri\u00e7\u00f5es lit\u00fargicas aprovadas pela Igreja.<\/p>\n<div style=\"text-align: center;\">\n<div style=\"text-align: justify;\"><\/div>\n<p><strong><em><br \/>\n<\/em><\/strong><\/div>\n<div style=\"text-align: justify;\"><\/div>\n<div style=\"text-align: justify;\"><a href=\"http:\/\/3.bp.blogspot.com\/-3LtEbqTk10I\/TYQLwC_8tjI\/AAAAAAAAB5M\/IqKF-a3yLCM\/s1600\/Confession%25C3%25A1rio%2BBas%25C3%25ADlica%2BVaticana.jpg\"><img decoding=\"async\" id=\"BLOGGER_PHOTO_ID_5585602357912974898\" style=\"display: block; margin-top: 0px; margin-right: auto; margin-bottom: 10px; margin-left: auto; text-align: center; cursor: pointer; width: 234px; height: 320px;\" src=\"http:\/\/3.bp.blogspot.com\/-3LtEbqTk10I\/TYQLwC_8tjI\/AAAAAAAAB5M\/IqKF-a3yLCM\/s320\/Confession%25C3%25A1rio%2BBas%25C3%25ADlica%2BVaticana.jpg\" alt=\"\" border=\"0\" \/><\/a><\/div>\n<p>&nbsp;<\/p>\n<p style=\"text-align: center;\"><strong>&#8220;Quem manda aqui \u00e9 o jornalzinho O Domenico&#8221;<\/strong><\/p>\n<p>&nbsp;<\/p>\n<p style=\"text-align: justify;\">Poucas &#8211; ou mesmo pouqu\u00edssimas &#8211; s\u00e3o as par\u00f3quias que n\u00e3o usam algum subs\u00eddio lit\u00fargico em suas missas dominicais ou em dias solenes do calend\u00e1rio da Igreja. Venho de uma par\u00f3quia onde o uso de um folheto para &#8220;propiciar a maior participa\u00e7\u00e3o da assembleia e evitar que esta fique alheia \u00e0 celebra\u00e7\u00e3o&#8221; tem se tornado cada vez maior e ele \u00e9, na verdade, que dita quase tudo o que ser\u00e1 feito durante as cerim\u00f4nias. Um exemplo claro dos \u00edndices alarmantes que esses subs\u00eddios tomaram \u00e9 que se o celebrante escolher uma ora\u00e7\u00e3o eucar\u00edsitica daquela que est\u00e1 &#8220;sugerida&#8221; no folheto, os fi\u00e9is reclamam de que n\u00e3o poder\u00e3o responder no momento que lhes \u00e9 permitido. Primeiramente: n\u00e3o concordo com as aclama\u00e7\u00f5es que foram inseridas nas ora\u00e7\u00f5es eucar\u00edsticas. Certo que foram aprovadas pela Congrega\u00e7\u00e3o para o Culto Divino e a Disciplina dos Sacramentos. Mas, isso aconteceu na d\u00e9cada de 70. O prefeito e secret\u00e1rio do dito dicast\u00e9rio eram outros e n\u00e3o se importaram se a tradu\u00e7\u00e3o brasileira (e de outros pa\u00edses) estaria de acordo com a edi\u00e7\u00e3o t\u00edpica (original), nem muito menos se preocuparam se as concess\u00f5es dadas pela Santa S\u00e9 \u00e0s Confer\u00eancias Episcopais foram seguidas com modera\u00e7\u00e3o ou acabaram, de certo modo, excluindo elementos importantes. Pois, as aclama\u00e7\u00f5es das ora\u00e7\u00f5es eucar\u00edsticas parecem que, n\u00e3o podendo os fi\u00e9is explicitamente proferirem a prece eucar\u00edstica, permitiram que, de certo modo, a assembleia e os ministros leigos tomassem parte no que o padre diz no C\u00e2non, fazendo com que a cada prece que o celebrante reza, o povo responda com uma aclama\u00e7\u00e3o que \u00e9 um resumo da ora\u00e7\u00e3o precedente. S\u00f3 que isso infrige totalmente o seguinte c\u00e2non do C\u00f3digo de Direito Can\u00f4nico:<\/p>\n<p style=\"text-align: center;\">________________<\/p>\n<p style=\"text-align: center;\"><strong>C\u00e2n. 907<\/strong> Na celebra\u00e7\u00e3o eucar\u00edstica, n\u00e3o \u00e9 permitido aos di\u00e1conos e leigos<br \/>\nproferir as ora\u00e7\u00f5es, especialmente a ora\u00e7\u00e3o eucar\u00edstica,<br \/>\nou executar as a\u00e7\u00f5es pr\u00f3prias do sacerdote celebrante.<\/p>\n<p style=\"text-align: center;\">________________<\/p>\n<p style=\"text-align: justify;\">Aos que sugeriram essas aclama\u00e7\u00f5es, parece que o solene &#8220;Am\u00e9m&#8221; que \u00e9 dito ap\u00f3s a doxologia, que precede a Ora\u00e7\u00e3o do Senhor, \u00e9 insuficiente para a plena participa\u00e7\u00e3o do povo. Outro aspecto que n\u00e3o corresponde \u00e0 edi\u00e7\u00e3o t\u00edpica do Missal Romano \u00e9 a resposta \u00e0 sauda\u00e7\u00e3o &#8220;<em>Dominus vobiscum<\/em>&#8220;, que no Brasil e em outros pa\u00edses \u00e9 &#8220;Ele est\u00e1 no meio de n\u00f3s&#8221;. O rec\u00e9m-aprovado Missal para os pa\u00edses de l\u00edngua inglesa \u00e9 o prot\u00f3tipo do que a Santa S\u00e9 espera das tradu\u00e7\u00f5es do Missal nos demais pa\u00edses ou nos demais idiomas (como acontece ao Brasil, Portugal e pa\u00edses com a mesma l\u00edngua): tradu\u00e7\u00f5es fi\u00e9is ao original em latim, excluindo respostas como &#8220;Ele est\u00e1 no meio de n\u00f3s&#8221;, substituindo esta por &#8220;E com teu esp\u00edrito&#8221;, e tantas outras corre\u00e7\u00f5es. Em segundo lugar, hoje dificilmente um padre escolhe uma prece eucar\u00edstica diferente daquele que est\u00e1 &#8220;sugerida&#8221; no folheto do qual a par\u00f3quia faz uso. Mesmo que seja um padre estranho \u00e0quela par\u00f3quia e ele queira rezar o C\u00e2non Romano (I Ora\u00e7\u00e3o Eucar\u00edstica) no Natal, por exemplo, certamente ele ter\u00e1 receio de ser criticado por tomar uma atitude que contrarie o costume paroquial e, possivelmente, rezar\u00e1 a Ora\u00e7\u00e3o Eucar\u00edstica II pois assim indicou o tal folheto, pois sendo esta prece curta, logo n\u00e3o ocupar\u00e1 grande espa\u00e7o na edi\u00e7\u00e3o da impress\u00e3o e ser\u00e1 poss\u00edvel inserir, no mesmo papel, a Missa da Noite e a Missa do Dia do Natal.<\/p>\n<div style=\"text-align: justify;\"><\/div>\n<div style=\"text-align: justify;\"><a href=\"http:\/\/2.bp.blogspot.com\/-QMeAhbzJLtc\/TYQLvuElOOI\/AAAAAAAAB40\/QstTEXKyCQ4\/s1600\/O%2BDomenico.jpg\"><img decoding=\"async\" id=\"BLOGGER_PHOTO_ID_5585602352295262434\" style=\"display: block; margin-top: 0px; margin-right: auto; margin-bottom: 10px; margin-left: auto; text-align: center; cursor: pointer; width: 320px; height: 85px;\" src=\"http:\/\/2.bp.blogspot.com\/-QMeAhbzJLtc\/TYQLvuElOOI\/AAAAAAAAB40\/QstTEXKyCQ4\/s320\/O%2BDomenico.jpg\" alt=\"\" border=\"0\" \/><\/a><\/div>\n<p style=\"text-align: justify;\">O maior erro dos subs\u00eddios n\u00e3o \u00e9, contudo, indicar essa ou aquela ora\u00e7\u00e3o, e sim permitir indica\u00e7\u00f5es lit\u00fargicas de certas ideologias que distorcem a mensagem salv\u00edfica de Cristo. Refiro-me, primeiramente, aos c\u00e2nticos. Ainda hoje, passados tantos anos do fim da ditadura pol\u00edtica e, logo, da concep\u00e7\u00e3o religiosa segundo aspectos pol\u00edticos, \u00e9 poss\u00edvel notar um teor puramente social em muitos c\u00e2nticos &#8220;sugeridos&#8221; para as celebra\u00e7\u00f5es. Leem no Evangelho um Cristo libertador do sistema dominador romano e aplicam essa leitura err\u00f4nea ao nosso tempo: o reino de Deus s\u00f3 estar\u00e1 presente em n\u00f3s quando todos tiverem casa para morar, comida para saciarem a fome e n\u00e3o houver o sistema capitalista que &#8220;oprime&#8221; os pobres. Para quem assim pensa, n\u00e3o basta vencermos o pecado em n\u00f3s, mas as situa\u00e7\u00f5es sociais que massacram o povo. Depois, algumas sugest\u00f5es para as Missas beiram o rid\u00edculo: levar cartazes ou fitas coloridas na prociss\u00e3o inicial, apresentar no ofert\u00f3rio dons ou s\u00edmbolos que nada tem a ver (o Missal prescreve que os fi\u00e9is apresentem dons que ser\u00e3o destinados aos pobres ou necessitados, e n\u00e3o pede que sejam apresentadas sand\u00e1lias, cruzes, panelas de barro, ou p\u00e3o e vinho para ornamentar o altar). Quanto \u00e0 Liturgia da Palavra, infelizmente est\u00e1 enraizado o costume de introduzir o Lecion\u00e1rio mediante v\u00e1rias pessoas vestidas sem algo sentido crist\u00e3o e executando coreografias mirabolantes. N\u00e3o entendo qual aux\u00edlio espiritual presta tal costume; nosso povo n\u00e3o dan\u00e7a como dan\u00e7as aquelas pessoas na &#8220;entrada da Palavra&#8221;, portanto, n\u00e3o \u00e9 express\u00e3o de nossa cultura. Certa vez, o Em.mo Cardeal Francis Arinze, Prefeito em\u00e9rito da Congrega\u00e7\u00e3o para o Culto Divino, disse que n\u00e3o se deve falar em dan\u00e7a &#8220;lit\u00fargica&#8221; nos pa\u00edses da Am\u00e9rica e da Europa, pois a que faz parte de nossa cultura \u00e9 aquela que encontramos em casas de shows, enquanto que na \u00c1sia e na \u00c1frica, o que aqui se interpreta como dan\u00e7a, l\u00e1 s\u00e3o movimentos suaves do corpo, naturais das pessoas, que expressam alegria. Mesmo assim, os que &#8220;aconselham&#8221; essas inova\u00e7\u00f5es \u00e0s nossas assembleias, afirmam a plenos pulm\u00f5es que isso \u00e9 de nossa vida e nos ajuda a rezar.<\/p>\n<div style=\"text-align: justify;\"><\/div>\n<div style=\"text-align: justify;\"><a href=\"http:\/\/3.bp.blogspot.com\/-NvpvILcbLIw\/TYQLwJRIIUI\/AAAAAAAAB5U\/IEcUgKakSiE\/s1600\/Coro%2BCapela%2BSistina%2Be%2Bseu%2Bmaestro%2BMassimo.jpg\"><img decoding=\"async\" id=\"BLOGGER_PHOTO_ID_5585602359595639106\" style=\"display: block; margin-top: 0px; margin-right: auto; margin-bottom: 10px; margin-left: auto; text-align: center; cursor: pointer; width: 320px; height: 214px;\" src=\"http:\/\/3.bp.blogspot.com\/-NvpvILcbLIw\/TYQLwJRIIUI\/AAAAAAAAB5U\/IEcUgKakSiE\/s320\/Coro%2BCapela%2BSistina%2Be%2Bseu%2Bmaestro%2BMassimo.jpg\" alt=\"\" border=\"0\" \/><\/a><\/div>\n<div style=\"text-align: center;\"><em>Pontif\u00edcio Coral da Capela Sistina <\/em><\/div>\n<div style=\"text-align: center;\"><em>e seu maestro Mons. Massimo Palombella, SDB<\/em><\/div>\n<div><\/div>\n<p style=\"text-align: justify;\">Em 30 junho 2008, a Comiss\u00e3o Episcopal Pastoral para a Liturgia da Confer\u00eancia Nacional dos Bispos do Brasil reuniu em Aparecida (S\u00e3o Paulo), os respons\u00e1veis pelos 10 folhetos lit\u00fargicos de maior circula\u00e7\u00e3o nas par\u00f3quias brasileiras. O encontrou teve o objetivo de demonstrar maior apoio a esse trabalho feito por dioceses e editoras, al\u00e9m de avaliar e analisas as publica\u00e7\u00f5es. Por fim, concluiu-se, entre outras coisas, que deveriam haver apenas o coment\u00e1rio inicial e um que antecedesse a Liturgia da Palavra. Contudo, tal \u00e9 o costume que foi imposto em nossas comunidades, que mesmo os folhetos apresentando apenas os dois coment\u00e1rios recomendados, h\u00e1 par\u00f3quias que redigem novas reflex\u00f5es para o Evangelho, para o ofert\u00f3rio, para depois da comunh\u00e3o etc. Isso evidencia o v\u00edcio que tomou conta de par\u00f3quias que inicialmente assinaram os subs\u00eddios lit\u00fargicos para favorecer a participa\u00e7\u00e3o dos fi\u00e9is durante as mudan\u00e7as promovidas pela reforma lit\u00fargica ordenada pelo Conc\u00edlio Vaticano II. Contudo, como falei no in\u00edcio, as &#8220;sugest\u00f5es&#8221; hoje governam a vontade de v\u00e1rios p\u00e1rocos, administradores paroquiais e demais sacerdotes, que agora est\u00e3o de m\u00e3os atadas diante de &#8220;aconselhamentos&#8221; lit\u00fargicos de pessoas que pensam que, de dentro de salas refrigeradas, podem controlar a liturgia oficiada em todo o pa\u00eds brasileiro. Infelizmente, o que eles pensam acontece.<\/p>\n<div style=\"text-align: justify;\"><\/div>\n<div style=\"text-align: justify;\"><a href=\"http:\/\/3.bp.blogspot.com\/-hmRGv3u0ZQ8\/TYQLv3xJ1YI\/AAAAAAAAB5E\/jUee99nN3xQ\/s1600\/Missa%2BBas%25C3%25ADlica%2BLatr%25C3%25A3o%2B09%2Bnovembro%2B2010.jpg\"><img decoding=\"async\" id=\"BLOGGER_PHOTO_ID_5585602354898130306\" style=\"display: block; margin-top: 0px; margin-right: auto; margin-bottom: 10px; margin-left: auto; text-align: center; cursor: pointer; width: 240px; height: 320px;\" src=\"http:\/\/3.bp.blogspot.com\/-hmRGv3u0ZQ8\/TYQLv3xJ1YI\/AAAAAAAAB5E\/jUee99nN3xQ\/s320\/Missa%2BBas%25C3%25ADlica%2BLatr%25C3%25A3o%2B09%2Bnovembro%2B2010.jpg\" alt=\"\" border=\"0\" \/><\/a><\/div>\n<div style=\"text-align: center;\"><em>Fi\u00e9is na Arquibas\u00edlica do Latr\u00e3o<\/em><\/div>\n<div style=\"text-align: center;\"><em><br \/>\n<\/em><\/div>\n<div style=\"text-align: justify;\"><\/div>\n<p style=\"text-align: justify;\">Pergunto-me at\u00e9 quando isso continuar\u00e1. Passados quase 50 anos do in\u00edcio da reforma lit\u00fargica, nosso povo j\u00e1 conhece a forma de celebra\u00e7\u00e3o da Santa Missa outorgada pelo Papa Paulo VI. Antes de desviar o correto exerc\u00edcio das rubricas lit\u00fargicas, os respons\u00e1veis deveriam promover em seus folhetos semanais uma catequese do sentido original do sacrif\u00edcio de Cristo que \u00e9 atualizado em cada missa. Ou, deveriam estar atentos ao novo movimento lit\u00fargico &#8211; s\u00f3 um cego n\u00e3o quer ver &#8211; que est\u00e1 surgindo na Igreja e proporcionar subs\u00eddios catequ\u00e9ticos explicando ao povo brasileiro a forma extraordin\u00e1ria do rito romano e por em terra os preconceitos sobre ela. Sei que isso pode ser uma utopia aos olhos de muitos, mas Cristo disse que estaria com Sua Igreja at\u00e9 o fim dos tempos, ent\u00e3o Ele prover\u00e1 que Sua vontade, dita por Bento XVI e por seus documentos, seja obedecida, mais cedo ou mais tarde, pois o Esp\u00edrito age onde quer, como quer e quando quer.<\/p>\n<div style=\"text-align: justify;\"><\/div>\n<div style=\"text-align: justify;\"><a href=\"http:\/\/1.bp.blogspot.com\/-OohoQG7GkYI\/TYQLvt5UcUI\/AAAAAAAAB48\/4By4wgcg7NU\/s1600\/Celebrante%2BCanon%2BMissae.jpg\"><img decoding=\"async\" id=\"BLOGGER_PHOTO_ID_5585602352248025410\" style=\"display: block; margin-top: 0px; margin-right: auto; margin-bottom: 10px; margin-left: auto; text-align: center; cursor: pointer; width: 320px; height: 240px;\" src=\"http:\/\/1.bp.blogspot.com\/-OohoQG7GkYI\/TYQLvt5UcUI\/AAAAAAAAB48\/4By4wgcg7NU\/s320\/Celebrante%2BCanon%2BMissae.jpg\" alt=\"\" border=\"0\" \/><\/a><\/div>\n<div style=\"text-align: center;\"><em>Assim seja.<\/em><\/div>\n","protected":false},"excerpt":{"rendered":"Confiteor Hoje, em muitas par\u00f3quias, quem prescreve a liturgia &#8211; principalmente a de ocasi\u00f5es especiais &#8211; j\u00e1 n\u00e3o \u00e9 apenas o padre, mas subs\u00eddios lit\u00fargicos que ditam o que todos devem fazer. At\u00e9 a\u00ed n\u00e3o tem problema; este come\u00e7a quando &#8211; o que j\u00e1 foram sugest\u00f5es, hoje se tornaram quase ordens &#8211; as &#8220;rubricas&#8221; nem&#8230; <a class=\"view-article\" href=\"https:\/\/diretodasacristia.com\/home\/brasil\/os-folhetos-liturgicos-2\/\">Ver artigo<\/a>","protected":false},"author":3,"featured_media":0,"comment_status":"open","ping_status":"open","sticky":false,"template":"","format":"standard","meta":{"jetpack_post_was_ever_published":false,"_jetpack_newsletter_access":"","_jetpack_dont_email_post_to_subs":false,"_jetpack_newsletter_tier_id":0,"_jetpack_memberships_contains_paywalled_content":false,"_jetpack_memberships_contains_paid_content":false,"_joinchat":[],"footnotes":"","jetpack_publicize_message":"","jetpack_publicize_feature_enabled":true,"jetpack_social_post_already_shared":false,"jetpack_social_options":{"image_generator_settings":{"template":"highway","default_image_id":0,"font":"","enabled":false},"version":2}},"categories":[9,14,20],"tags":[327],"class_list":["post-2469","post","type-post","status-publish","format-standard","hentry","category-brasil","category-confiteor","category-liturgia","tag-folhetos-liturgicos-para-missas"],"yoast_head":"<!-- This site is optimized with the Yoast SEO plugin v27.4 - https:\/\/yoast.com\/product\/yoast-seo-wordpress\/ -->\n<title>Os folhetos lit\u00fargicos - Direto da Sacristia<\/title>\n<meta name=\"robots\" content=\"index, follow, max-snippet:-1, max-image-preview:large, max-video-preview:-1\" \/>\n<link rel=\"canonical\" href=\"https:\/\/diretodasacristia.com\/home\/brasil\/os-folhetos-liturgicos-2\/\" \/>\n<meta property=\"og:locale\" content=\"pt_BR\" \/>\n<meta property=\"og:type\" content=\"article\" \/>\n<meta property=\"og:title\" content=\"Os folhetos lit\u00fargicos - Direto da Sacristia\" \/>\n<meta property=\"og:description\" content=\"Confiteor Hoje, em muitas par\u00f3quias, quem prescreve a liturgia &#8211; principalmente a de ocasi\u00f5es especiais &#8211; j\u00e1 n\u00e3o \u00e9 apenas o padre, mas subs\u00eddios lit\u00fargicos que ditam o que todos devem fazer. At\u00e9 a\u00ed n\u00e3o tem problema; este come\u00e7a quando &#8211; o que j\u00e1 foram sugest\u00f5es, hoje se tornaram quase ordens &#8211; as &#8220;rubricas&#8221; nem... Ver artigo\" \/>\n<meta property=\"og:url\" content=\"https:\/\/diretodasacristia.com\/home\/brasil\/os-folhetos-liturgicos-2\/\" \/>\n<meta property=\"og:site_name\" content=\"Direto da Sacristia\" \/>\n<meta property=\"article:publisher\" content=\"https:\/\/www.facebook.com\/DiretoSacristia\" \/>\n<meta property=\"article:published_time\" content=\"2011-03-18T09:54:00+00:00\" \/>\n<meta property=\"article:modified_time\" content=\"2012-05-23T01:22:28+00:00\" \/>\n<meta property=\"og:image\" content=\"http:\/\/3.bp.blogspot.com\/-3LtEbqTk10I\/TYQLwC_8tjI\/AAAAAAAAB5M\/IqKF-a3yLCM\/s320\/Confession%25C3%25A1rio%2BBas%25C3%25ADlica%2BVaticana.jpg\" \/>\n<meta name=\"author\" content=\"E. Mar\u00e7al\" \/>\n<meta name=\"twitter:card\" content=\"summary_large_image\" \/>\n<meta name=\"twitter:creator\" content=\"@diretosacristia\" \/>\n<meta name=\"twitter:site\" content=\"@diretosacristia\" \/>\n<meta name=\"twitter:label1\" content=\"Escrito por\" \/>\n\t<meta name=\"twitter:data1\" content=\"E. Mar\u00e7al\" \/>\n\t<meta name=\"twitter:label2\" content=\"Est. tempo de leitura\" \/>\n\t<meta name=\"twitter:data2\" content=\"8 minutos\" \/>\n<script type=\"application\/ld+json\" class=\"yoast-schema-graph\">{\"@context\":\"https:\\\/\\\/schema.org\",\"@graph\":[{\"@type\":\"Article\",\"@id\":\"https:\\\/\\\/diretodasacristia.com\\\/home\\\/brasil\\\/os-folhetos-liturgicos-2\\\/#article\",\"isPartOf\":{\"@id\":\"https:\\\/\\\/diretodasacristia.com\\\/home\\\/brasil\\\/os-folhetos-liturgicos-2\\\/\"},\"author\":{\"name\":\"E. Mar\u00e7al\",\"@id\":\"https:\\\/\\\/diretodasacristia.com\\\/home\\\/#\\\/schema\\\/person\\\/3d453ef1f7d57c0bb0990b8070642721\"},\"headline\":\"Os folhetos lit\u00fargicos\",\"datePublished\":\"2011-03-18T09:54:00+00:00\",\"dateModified\":\"2012-05-23T01:22:28+00:00\",\"mainEntityOfPage\":{\"@id\":\"https:\\\/\\\/diretodasacristia.com\\\/home\\\/brasil\\\/os-folhetos-liturgicos-2\\\/\"},\"wordCount\":1523,\"commentCount\":0,\"publisher\":{\"@id\":\"https:\\\/\\\/diretodasacristia.com\\\/home\\\/#organization\"},\"image\":{\"@id\":\"https:\\\/\\\/diretodasacristia.com\\\/home\\\/brasil\\\/os-folhetos-liturgicos-2\\\/#primaryimage\"},\"thumbnailUrl\":\"http:\\\/\\\/3.bp.blogspot.com\\\/-3LtEbqTk10I\\\/TYQLwC_8tjI\\\/AAAAAAAAB5M\\\/IqKF-a3yLCM\\\/s320\\\/Confession%25C3%25A1rio%2BBas%25C3%25ADlica%2BVaticana.jpg\",\"keywords\":[\"Folhetos lit\u00fargicos para missas\"],\"articleSection\":[\"Brasil\",\"Confiteor\",\"Liturgia\"],\"inLanguage\":\"pt-BR\",\"potentialAction\":[{\"@type\":\"CommentAction\",\"name\":\"Comment\",\"target\":[\"https:\\\/\\\/diretodasacristia.com\\\/home\\\/brasil\\\/os-folhetos-liturgicos-2\\\/#respond\"]}]},{\"@type\":\"WebPage\",\"@id\":\"https:\\\/\\\/diretodasacristia.com\\\/home\\\/brasil\\\/os-folhetos-liturgicos-2\\\/\",\"url\":\"https:\\\/\\\/diretodasacristia.com\\\/home\\\/brasil\\\/os-folhetos-liturgicos-2\\\/\",\"name\":\"Os folhetos lit\u00fargicos - Direto da Sacristia\",\"isPartOf\":{\"@id\":\"https:\\\/\\\/diretodasacristia.com\\\/home\\\/#website\"},\"primaryImageOfPage\":{\"@id\":\"https:\\\/\\\/diretodasacristia.com\\\/home\\\/brasil\\\/os-folhetos-liturgicos-2\\\/#primaryimage\"},\"image\":{\"@id\":\"https:\\\/\\\/diretodasacristia.com\\\/home\\\/brasil\\\/os-folhetos-liturgicos-2\\\/#primaryimage\"},\"thumbnailUrl\":\"http:\\\/\\\/3.bp.blogspot.com\\\/-3LtEbqTk10I\\\/TYQLwC_8tjI\\\/AAAAAAAAB5M\\\/IqKF-a3yLCM\\\/s320\\\/Confession%25C3%25A1rio%2BBas%25C3%25ADlica%2BVaticana.jpg\",\"datePublished\":\"2011-03-18T09:54:00+00:00\",\"dateModified\":\"2012-05-23T01:22:28+00:00\",\"breadcrumb\":{\"@id\":\"https:\\\/\\\/diretodasacristia.com\\\/home\\\/brasil\\\/os-folhetos-liturgicos-2\\\/#breadcrumb\"},\"inLanguage\":\"pt-BR\",\"potentialAction\":[{\"@type\":\"ReadAction\",\"target\":[\"https:\\\/\\\/diretodasacristia.com\\\/home\\\/brasil\\\/os-folhetos-liturgicos-2\\\/\"]}]},{\"@type\":\"ImageObject\",\"inLanguage\":\"pt-BR\",\"@id\":\"https:\\\/\\\/diretodasacristia.com\\\/home\\\/brasil\\\/os-folhetos-liturgicos-2\\\/#primaryimage\",\"url\":\"http:\\\/\\\/3.bp.blogspot.com\\\/-3LtEbqTk10I\\\/TYQLwC_8tjI\\\/AAAAAAAAB5M\\\/IqKF-a3yLCM\\\/s320\\\/Confession%25C3%25A1rio%2BBas%25C3%25ADlica%2BVaticana.jpg\",\"contentUrl\":\"http:\\\/\\\/3.bp.blogspot.com\\\/-3LtEbqTk10I\\\/TYQLwC_8tjI\\\/AAAAAAAAB5M\\\/IqKF-a3yLCM\\\/s320\\\/Confession%25C3%25A1rio%2BBas%25C3%25ADlica%2BVaticana.jpg\"},{\"@type\":\"BreadcrumbList\",\"@id\":\"https:\\\/\\\/diretodasacristia.com\\\/home\\\/brasil\\\/os-folhetos-liturgicos-2\\\/#breadcrumb\",\"itemListElement\":[{\"@type\":\"ListItem\",\"position\":1,\"name\":\"In\u00edcio\",\"item\":\"https:\\\/\\\/diretodasacristia.com\\\/home\\\/\"},{\"@type\":\"ListItem\",\"position\":2,\"name\":\"Os folhetos lit\u00fargicos\"}]},{\"@type\":\"WebSite\",\"@id\":\"https:\\\/\\\/diretodasacristia.com\\\/home\\\/#website\",\"url\":\"https:\\\/\\\/diretodasacristia.com\\\/home\\\/\",\"name\":\"Direto da Sacristia\",\"description\":\"Not\u00edcias e artigos sobre a f\u00e9 cat\u00f3lica\",\"publisher\":{\"@id\":\"https:\\\/\\\/diretodasacristia.com\\\/home\\\/#organization\"},\"potentialAction\":[{\"@type\":\"SearchAction\",\"target\":{\"@type\":\"EntryPoint\",\"urlTemplate\":\"https:\\\/\\\/diretodasacristia.com\\\/home\\\/?s={search_term_string}\"},\"query-input\":{\"@type\":\"PropertyValueSpecification\",\"valueRequired\":true,\"valueName\":\"search_term_string\"}}],\"inLanguage\":\"pt-BR\"},{\"@type\":\"Organization\",\"@id\":\"https:\\\/\\\/diretodasacristia.com\\\/home\\\/#organization\",\"name\":\"Direto da Sacristia\",\"url\":\"https:\\\/\\\/diretodasacristia.com\\\/home\\\/\",\"logo\":{\"@type\":\"ImageObject\",\"inLanguage\":\"pt-BR\",\"@id\":\"https:\\\/\\\/diretodasacristia.com\\\/home\\\/#\\\/schema\\\/logo\\\/image\\\/\",\"url\":\"https:\\\/\\\/i0.wp.com\\\/diretodasacristia.com\\\/home\\\/wp-content\\\/uploads\\\/2012\\\/01\\\/marca-sacristia.png?fit=320%2C306&ssl=1\",\"contentUrl\":\"https:\\\/\\\/i0.wp.com\\\/diretodasacristia.com\\\/home\\\/wp-content\\\/uploads\\\/2012\\\/01\\\/marca-sacristia.png?fit=320%2C306&ssl=1\",\"width\":\"320\",\"height\":\"306\",\"caption\":\"Direto da Sacristia\"},\"image\":{\"@id\":\"https:\\\/\\\/diretodasacristia.com\\\/home\\\/#\\\/schema\\\/logo\\\/image\\\/\"},\"sameAs\":[\"https:\\\/\\\/www.facebook.com\\\/DiretoSacristia\",\"https:\\\/\\\/x.com\\\/diretosacristia\",\"https:\\\/\\\/www.instagram.com\\\/diretodasacristia\\\/\",\"https:\\\/\\\/www.youtube.com\\\/diretodasacristia\"]},{\"@type\":\"Person\",\"@id\":\"https:\\\/\\\/diretodasacristia.com\\\/home\\\/#\\\/schema\\\/person\\\/3d453ef1f7d57c0bb0990b8070642721\",\"name\":\"E. Mar\u00e7al\",\"image\":{\"@type\":\"ImageObject\",\"inLanguage\":\"pt-BR\",\"@id\":\"https:\\\/\\\/secure.gravatar.com\\\/avatar\\\/348ff80a5ddde3de6c8b6e0c5b066b733f9245285d9ab87cd2e2ff652ffa95b0?s=96&d=mm&r=g\",\"url\":\"https:\\\/\\\/secure.gravatar.com\\\/avatar\\\/348ff80a5ddde3de6c8b6e0c5b066b733f9245285d9ab87cd2e2ff652ffa95b0?s=96&d=mm&r=g\",\"contentUrl\":\"https:\\\/\\\/secure.gravatar.com\\\/avatar\\\/348ff80a5ddde3de6c8b6e0c5b066b733f9245285d9ab87cd2e2ff652ffa95b0?s=96&d=mm&r=g\",\"caption\":\"E. Mar\u00e7al\"},\"url\":\"https:\\\/\\\/diretodasacristia.com\\\/home\\\/author\\\/erick\\\/\"}]}<\/script>\n<!-- \/ Yoast SEO plugin. -->","yoast_head_json":{"title":"Os folhetos lit\u00fargicos - Direto da Sacristia","robots":{"index":"index","follow":"follow","max-snippet":"max-snippet:-1","max-image-preview":"max-image-preview:large","max-video-preview":"max-video-preview:-1"},"canonical":"https:\/\/diretodasacristia.com\/home\/brasil\/os-folhetos-liturgicos-2\/","og_locale":"pt_BR","og_type":"article","og_title":"Os folhetos lit\u00fargicos - Direto da Sacristia","og_description":"Confiteor Hoje, em muitas par\u00f3quias, quem prescreve a liturgia &#8211; principalmente a de ocasi\u00f5es especiais &#8211; j\u00e1 n\u00e3o \u00e9 apenas o padre, mas subs\u00eddios lit\u00fargicos que ditam o que todos devem fazer. At\u00e9 a\u00ed n\u00e3o tem problema; este come\u00e7a quando &#8211; o que j\u00e1 foram sugest\u00f5es, hoje se tornaram quase ordens &#8211; as &#8220;rubricas&#8221; nem... Ver artigo","og_url":"https:\/\/diretodasacristia.com\/home\/brasil\/os-folhetos-liturgicos-2\/","og_site_name":"Direto da Sacristia","article_publisher":"https:\/\/www.facebook.com\/DiretoSacristia","article_published_time":"2011-03-18T09:54:00+00:00","article_modified_time":"2012-05-23T01:22:28+00:00","og_image":[{"url":"http:\/\/3.bp.blogspot.com\/-3LtEbqTk10I\/TYQLwC_8tjI\/AAAAAAAAB5M\/IqKF-a3yLCM\/s320\/Confession%25C3%25A1rio%2BBas%25C3%25ADlica%2BVaticana.jpg","type":"","width":"","height":""}],"author":"E. Mar\u00e7al","twitter_card":"summary_large_image","twitter_creator":"@diretosacristia","twitter_site":"@diretosacristia","twitter_misc":{"Escrito por":"E. Mar\u00e7al","Est. tempo de leitura":"8 minutos"},"schema":{"@context":"https:\/\/schema.org","@graph":[{"@type":"Article","@id":"https:\/\/diretodasacristia.com\/home\/brasil\/os-folhetos-liturgicos-2\/#article","isPartOf":{"@id":"https:\/\/diretodasacristia.com\/home\/brasil\/os-folhetos-liturgicos-2\/"},"author":{"name":"E. Mar\u00e7al","@id":"https:\/\/diretodasacristia.com\/home\/#\/schema\/person\/3d453ef1f7d57c0bb0990b8070642721"},"headline":"Os folhetos lit\u00fargicos","datePublished":"2011-03-18T09:54:00+00:00","dateModified":"2012-05-23T01:22:28+00:00","mainEntityOfPage":{"@id":"https:\/\/diretodasacristia.com\/home\/brasil\/os-folhetos-liturgicos-2\/"},"wordCount":1523,"commentCount":0,"publisher":{"@id":"https:\/\/diretodasacristia.com\/home\/#organization"},"image":{"@id":"https:\/\/diretodasacristia.com\/home\/brasil\/os-folhetos-liturgicos-2\/#primaryimage"},"thumbnailUrl":"http:\/\/3.bp.blogspot.com\/-3LtEbqTk10I\/TYQLwC_8tjI\/AAAAAAAAB5M\/IqKF-a3yLCM\/s320\/Confession%25C3%25A1rio%2BBas%25C3%25ADlica%2BVaticana.jpg","keywords":["Folhetos lit\u00fargicos para missas"],"articleSection":["Brasil","Confiteor","Liturgia"],"inLanguage":"pt-BR","potentialAction":[{"@type":"CommentAction","name":"Comment","target":["https:\/\/diretodasacristia.com\/home\/brasil\/os-folhetos-liturgicos-2\/#respond"]}]},{"@type":"WebPage","@id":"https:\/\/diretodasacristia.com\/home\/brasil\/os-folhetos-liturgicos-2\/","url":"https:\/\/diretodasacristia.com\/home\/brasil\/os-folhetos-liturgicos-2\/","name":"Os folhetos lit\u00fargicos - Direto da Sacristia","isPartOf":{"@id":"https:\/\/diretodasacristia.com\/home\/#website"},"primaryImageOfPage":{"@id":"https:\/\/diretodasacristia.com\/home\/brasil\/os-folhetos-liturgicos-2\/#primaryimage"},"image":{"@id":"https:\/\/diretodasacristia.com\/home\/brasil\/os-folhetos-liturgicos-2\/#primaryimage"},"thumbnailUrl":"http:\/\/3.bp.blogspot.com\/-3LtEbqTk10I\/TYQLwC_8tjI\/AAAAAAAAB5M\/IqKF-a3yLCM\/s320\/Confession%25C3%25A1rio%2BBas%25C3%25ADlica%2BVaticana.jpg","datePublished":"2011-03-18T09:54:00+00:00","dateModified":"2012-05-23T01:22:28+00:00","breadcrumb":{"@id":"https:\/\/diretodasacristia.com\/home\/brasil\/os-folhetos-liturgicos-2\/#breadcrumb"},"inLanguage":"pt-BR","potentialAction":[{"@type":"ReadAction","target":["https:\/\/diretodasacristia.com\/home\/brasil\/os-folhetos-liturgicos-2\/"]}]},{"@type":"ImageObject","inLanguage":"pt-BR","@id":"https:\/\/diretodasacristia.com\/home\/brasil\/os-folhetos-liturgicos-2\/#primaryimage","url":"http:\/\/3.bp.blogspot.com\/-3LtEbqTk10I\/TYQLwC_8tjI\/AAAAAAAAB5M\/IqKF-a3yLCM\/s320\/Confession%25C3%25A1rio%2BBas%25C3%25ADlica%2BVaticana.jpg","contentUrl":"http:\/\/3.bp.blogspot.com\/-3LtEbqTk10I\/TYQLwC_8tjI\/AAAAAAAAB5M\/IqKF-a3yLCM\/s320\/Confession%25C3%25A1rio%2BBas%25C3%25ADlica%2BVaticana.jpg"},{"@type":"BreadcrumbList","@id":"https:\/\/diretodasacristia.com\/home\/brasil\/os-folhetos-liturgicos-2\/#breadcrumb","itemListElement":[{"@type":"ListItem","position":1,"name":"In\u00edcio","item":"https:\/\/diretodasacristia.com\/home\/"},{"@type":"ListItem","position":2,"name":"Os folhetos lit\u00fargicos"}]},{"@type":"WebSite","@id":"https:\/\/diretodasacristia.com\/home\/#website","url":"https:\/\/diretodasacristia.com\/home\/","name":"Direto da Sacristia","description":"Not\u00edcias e artigos sobre a f\u00e9 cat\u00f3lica","publisher":{"@id":"https:\/\/diretodasacristia.com\/home\/#organization"},"potentialAction":[{"@type":"SearchAction","target":{"@type":"EntryPoint","urlTemplate":"https:\/\/diretodasacristia.com\/home\/?s={search_term_string}"},"query-input":{"@type":"PropertyValueSpecification","valueRequired":true,"valueName":"search_term_string"}}],"inLanguage":"pt-BR"},{"@type":"Organization","@id":"https:\/\/diretodasacristia.com\/home\/#organization","name":"Direto da Sacristia","url":"https:\/\/diretodasacristia.com\/home\/","logo":{"@type":"ImageObject","inLanguage":"pt-BR","@id":"https:\/\/diretodasacristia.com\/home\/#\/schema\/logo\/image\/","url":"https:\/\/i0.wp.com\/diretodasacristia.com\/home\/wp-content\/uploads\/2012\/01\/marca-sacristia.png?fit=320%2C306&ssl=1","contentUrl":"https:\/\/i0.wp.com\/diretodasacristia.com\/home\/wp-content\/uploads\/2012\/01\/marca-sacristia.png?fit=320%2C306&ssl=1","width":"320","height":"306","caption":"Direto da Sacristia"},"image":{"@id":"https:\/\/diretodasacristia.com\/home\/#\/schema\/logo\/image\/"},"sameAs":["https:\/\/www.facebook.com\/DiretoSacristia","https:\/\/x.com\/diretosacristia","https:\/\/www.instagram.com\/diretodasacristia\/","https:\/\/www.youtube.com\/diretodasacristia"]},{"@type":"Person","@id":"https:\/\/diretodasacristia.com\/home\/#\/schema\/person\/3d453ef1f7d57c0bb0990b8070642721","name":"E. Mar\u00e7al","image":{"@type":"ImageObject","inLanguage":"pt-BR","@id":"https:\/\/secure.gravatar.com\/avatar\/348ff80a5ddde3de6c8b6e0c5b066b733f9245285d9ab87cd2e2ff652ffa95b0?s=96&d=mm&r=g","url":"https:\/\/secure.gravatar.com\/avatar\/348ff80a5ddde3de6c8b6e0c5b066b733f9245285d9ab87cd2e2ff652ffa95b0?s=96&d=mm&r=g","contentUrl":"https:\/\/secure.gravatar.com\/avatar\/348ff80a5ddde3de6c8b6e0c5b066b733f9245285d9ab87cd2e2ff652ffa95b0?s=96&d=mm&r=g","caption":"E. Mar\u00e7al"},"url":"https:\/\/diretodasacristia.com\/home\/author\/erick\/"}]}},"jetpack_publicize_connections":[],"jetpack_featured_media_url":"","jetpack_sharing_enabled":true,"jetpack_shortlink":"https:\/\/wp.me\/p24aG7-DP","jetpack-related-posts":[{"id":2578,"url":"https:\/\/diretodasacristia.com\/home\/liturgia\/serve-bone-et-fidelis\/","url_meta":{"origin":2469,"position":0},"title":"&#8220;Serve bone et fidelis&#8221;","author":"E. Mar\u00e7al","date":"20 de agosto de 2010","format":false,"excerpt":"\u00c9 comum vermos muitos deles inclinados \u00e0s rubricas dos livros lit\u00fargicos, apreciarem a Tradi\u00e7\u00e3o da Igreja; mas nem em todos os casos isso perdura. Vejamos o motivo. Para isso, classificarei os casos em quatro tipos.","rel":"","context":"Em &quot;Espiritualidade&quot;","block_context":{"text":"Espiritualidade","link":"https:\/\/diretodasacristia.com\/home\/c\/espiritualidade\/"},"img":{"alt_text":"","src":"https:\/\/i0.wp.com\/diretodasacristia.com\/home\/wp-content\/uploads\/2010\/08\/Confession%C3%A1rio-Bas%C3%ADlica-Vaticana.jpg?resize=350%2C200","width":350,"height":200},"classes":[]},{"id":4116,"url":"https:\/\/diretodasacristia.com\/home\/bento-xvi\/o-azul-na-liturgia-por-mons-guido-marini\/","url_meta":{"origin":2469,"position":1},"title":"O azul na Liturgia, por Mons. Guido Marini","author":"E. Mar\u00e7al","date":"21 de dezembro de 2013","format":false,"excerpt":"A confian\u00e7a no ju\u00edzo sobre este assunto e na resposta de Mons. Marini n\u00e3o \u00e9 apenas pela sua per\u00edcia (pr\u00e1tica) em Liturgia, mas ainda mais por seu estudo. Pessoas como o Reverendo Monsenhor n\u00e3o apenas executam rubricas lit\u00fargicas porque elas simplesmente existem, mas o fazem sabendo o motivo daquilo.","rel":"","context":"Em &quot;Bento XVI&quot;","block_context":{"text":"Bento XVI","link":"https:\/\/diretodasacristia.com\/home\/c\/bento-xvi\/"},"img":{"alt_text":"20131211_113538 (an\u00fancio)","src":"https:\/\/i0.wp.com\/diretodasacristia.com\/home\/wp-content\/uploads\/2013\/12\/20131211_113538-an%C3%BAncio.jpg?resize=350%2C200","width":350,"height":200,"srcset":"https:\/\/i0.wp.com\/diretodasacristia.com\/home\/wp-content\/uploads\/2013\/12\/20131211_113538-an%C3%BAncio.jpg?resize=350%2C200 1x, https:\/\/i0.wp.com\/diretodasacristia.com\/home\/wp-content\/uploads\/2013\/12\/20131211_113538-an%C3%BAncio.jpg?resize=525%2C300 1.5x"},"classes":[]},{"id":4537,"url":"https:\/\/diretodasacristia.com\/home\/hierarquia\/bispo-remove-padre-desobediente-e-o-vaticano-confirma\/","url_meta":{"origin":2469,"position":2},"title":"Bispo remove padre desobediente e o Vaticano confirma","author":"E. Mar\u00e7al","date":"1 de outubro de 2015","format":false,"excerpt":"Na Diocese de Belleville (EUA), um sacerdote do clero local inventava ora\u00e7\u00f5es a gosto pr\u00f3prio e fazia gestos estranhos durante as celebra\u00e7\u00f5es em sua igreja, algo n\u00e3o permitido pela Liturgia, \u00e0 qual ele prometeu obedi\u00eancia no dia de sua ordena\u00e7\u00e3o sacerdotal.","rel":"","context":"Em &quot;Espiritualidade&quot;","block_context":{"text":"Espiritualidade","link":"https:\/\/diretodasacristia.com\/home\/c\/espiritualidade\/"},"img":{"alt_text":"","src":"http:\/\/i0.wp.com\/diretodasacristia.com\/home\/wp-content\/uploads\/2015\/10\/051215Dh-lunch-listen.jpg?resize=350%2C200","width":350,"height":200},"classes":[]},{"id":1327,"url":"https:\/\/diretodasacristia.com\/home\/liturgia\/as-vestes-liturgicas\/","url_meta":{"origin":2469,"position":3},"title":"As vestes lit\u00fargicas","author":"E. Mar\u00e7al","date":"2 de mar\u00e7o de 2012","format":false,"excerpt":"Algumas pessoas pediram uma explica\u00e7\u00e3o sobre a origem e o significado das vestes lit\u00fargicas. H\u00e1 a cl\u00e1ssica explica\u00e7\u00e3o que encontramos nos manuais, entretanto, achei por bem publicar aqui trechos de uma \u201caula\u201d proferida pelo Santo Padre Bento XVI durante uma homilia na Missa Crismal (Missa da manh\u00e3 da Quinta feira\u2026","rel":"","context":"Em &quot;Liturgia&quot;","block_context":{"text":"Liturgia","link":"https:\/\/diretodasacristia.com\/home\/c\/liturgia\/"},"img":{"alt_text":"","src":"https:\/\/i0.wp.com\/diretodasacristia.com\/home\/wp-content\/uploads\/2012\/03\/Incensa%C3%A7%C3%A3o-altar-dois-di%C3%A1conos.jpg?resize=350%2C200","width":350,"height":200},"classes":[]},{"id":4445,"url":"https:\/\/diretodasacristia.com\/home\/liturgia\/indicacoes-rituais-para-corpus-christi\/","url_meta":{"origin":2469,"position":4},"title":"Indica\u00e7\u00f5es rituais para &#8220;Corpus Christi&#8221;","author":"E. Mar\u00e7al","date":"30 de maio de 2015","format":false,"excerpt":"A Solenidade de\u00a0Corpus Christi\u00a0(ou do Corpo de Deus, como maravilhosamente nomeiam os antigos) \u00e9 uma das maiores e mais importantes solenidades da Liturgia. Passada a Quinta-feira Santa e o consequente Tempo Pascal, a Igreja adora novamente, com um rito pr\u00f3prio, o mist\u00e9rio eucar\u00edstico. Nosso Senhor demonstra aten\u00e7\u00e3o com os of\u00edcios\u2026","rel":"","context":"Em &quot;Destaque&quot;","block_context":{"text":"Destaque","link":"https:\/\/diretodasacristia.com\/home\/c\/destaque\/"},"img":{"alt_text":"","src":"https:\/\/i0.wp.com\/diretodasacristia.com\/home\/wp-content\/uploads\/2015\/05\/wpdeba1263.jpg?resize=350%2C200","width":350,"height":200,"srcset":"https:\/\/i0.wp.com\/diretodasacristia.com\/home\/wp-content\/uploads\/2015\/05\/wpdeba1263.jpg?resize=350%2C200 1x, https:\/\/i0.wp.com\/diretodasacristia.com\/home\/wp-content\/uploads\/2015\/05\/wpdeba1263.jpg?resize=525%2C300 1.5x"},"classes":[]},{"id":2450,"url":"https:\/\/diretodasacristia.com\/home\/sem-categoria\/instrucao-universae-ecclesiae-2\/","url_meta":{"origin":2469,"position":5},"title":"Instru\u00e7\u00e3o Universae Ecclesiae","author":"E. Mar\u00e7al","date":"14 de maio de 2011","format":false,"excerpt":"Depois de solucionados problemas no Blogger e agora com mais tempo, publicamos a Instru\u00e7\u00e3o publicada ontem sobre a aplica\u00e7\u00e3o do Summorum Pontificum. Pelos pontos declinados no documento, v\u00ea-se que s\u00e3o resposta a indaga\u00e7\u00f5es enviadas \u00e0 Santa S\u00e9, como tamb\u00e9m solu\u00e7\u00f5es a v\u00e1rios obst\u00e1culos colocados contra a celebra\u00e7\u00e3o da Santa Missa\u2026","rel":"","context":"Em &quot;Sem categoria&quot;","block_context":{"text":"Sem categoria","link":"https:\/\/diretodasacristia.com\/home\/c\/sem-categoria\/"},"img":{"alt_text":"","src":"","width":0,"height":0},"classes":[]}],"post_mailing_queue_ids":[],"_links":{"self":[{"href":"https:\/\/diretodasacristia.com\/home\/wp-json\/wp\/v2\/posts\/2469","targetHints":{"allow":["GET"]}}],"collection":[{"href":"https:\/\/diretodasacristia.com\/home\/wp-json\/wp\/v2\/posts"}],"about":[{"href":"https:\/\/diretodasacristia.com\/home\/wp-json\/wp\/v2\/types\/post"}],"author":[{"embeddable":true,"href":"https:\/\/diretodasacristia.com\/home\/wp-json\/wp\/v2\/users\/3"}],"replies":[{"embeddable":true,"href":"https:\/\/diretodasacristia.com\/home\/wp-json\/wp\/v2\/comments?post=2469"}],"version-history":[{"count":2,"href":"https:\/\/diretodasacristia.com\/home\/wp-json\/wp\/v2\/posts\/2469\/revisions"}],"predecessor-version":[{"id":3013,"href":"https:\/\/diretodasacristia.com\/home\/wp-json\/wp\/v2\/posts\/2469\/revisions\/3013"}],"wp:attachment":[{"href":"https:\/\/diretodasacristia.com\/home\/wp-json\/wp\/v2\/media?parent=2469"}],"wp:term":[{"taxonomy":"category","embeddable":true,"href":"https:\/\/diretodasacristia.com\/home\/wp-json\/wp\/v2\/categories?post=2469"},{"taxonomy":"post_tag","embeddable":true,"href":"https:\/\/diretodasacristia.com\/home\/wp-json\/wp\/v2\/tags?post=2469"}],"curies":[{"name":"wp","href":"https:\/\/api.w.org\/{rel}","templated":true}]}}