{"id":2470,"date":"2011-03-11T09:10:00","date_gmt":"2011-03-11T09:10:00","guid":{"rendered":"http:\/\/diretodasacristia.com\/home\/sem-categoria\/aedificabo-ecclesiam-meam-2\/"},"modified":"2012-05-06T01:25:42","modified_gmt":"2012-05-06T04:25:42","slug":"aedificabo-ecclesiam-meam-2","status":"publish","type":"post","link":"https:\/\/diretodasacristia.com\/home\/sem-categoria\/aedificabo-ecclesiam-meam-2\/","title":{"rendered":"&#8230; aedificabo Ecclesiam meam"},"content":{"rendered":"<div style=\"text-align: center;\"><span class=\"Apple-style-span\"><br \/>\n<\/span><\/div>\n<div style=\"text-align: center;\"><span class=\"Apple-style-span\"><strong><em>Confiteor<\/em>&#8230;<\/strong><\/span><\/div>\n<div style=\"text-align: center;\"><span class=\"Apple-style-span\"><br \/>\n<\/span><\/div>\n<div style=\"text-align: center;\"><span class=\"Apple-style-span\"><br \/>\n<\/span><\/div>\n<div style=\"text-align: center;\"><span class=\"Apple-style-span\"><span class=\"Apple-style-span\"><a href=\"http:\/\/1.bp.blogspot.com\/-HNri9gdAJZw\/TXor_6phHuI\/AAAAAAAAB3Q\/C5iFIjbbaLQ\/s1600\/Confession%25C3%25A1rio%2BBas%25C3%25ADlica%2BVaticana.jpg\"><img decoding=\"async\" id=\"BLOGGER_PHOTO_ID_5582823065154297570\" style=\"display: block; margin-top: 0px; margin-right: auto; margin-bottom: 10px; margin-left: auto; text-align: center; cursor: pointer; width: 234px; height: 320px;\" src=\"http:\/\/1.bp.blogspot.com\/-HNri9gdAJZw\/TXor_6phHuI\/AAAAAAAAB3Q\/C5iFIjbbaLQ\/s320\/Confession%25C3%25A1rio%2BBas%25C3%25ADlica%2BVaticana.jpg\" alt=\"\" border=\"0\" \/><\/a><\/span><\/span><\/div>\n<div><span class=\"Apple-style-span\"><br \/>\n<\/span><\/div>\n<div style=\"text-align: justify;\"><span class=\"Apple-style-span\"><br \/>\n<\/span><\/div>\n<div style=\"text-align: justify;\"><span class=\"Apple-style-span\">Depois de meses sem postar nesta se\u00e7\u00e3o (e em outras, mas que voltar\u00e3o a ser atualizadas), recome\u00e7o a tratar de assuntos que julgo serem importantes. O de hoje refere-se \u00e0 heran\u00e7a que temos ao sermos cat\u00f3licos, e que n\u00e3o devemos esquec\u00ea-la ou desprez\u00e1-la, mesmo que involutariamente. Como a carteira de identidade nos identifica como cidad\u00e3os e garante a nossa exist\u00eancia na sociedade, assim tamb\u00e9m n\u00f3s cat\u00f3licos possu\u00edmos uma, que n\u00e3o devemos trocar por nenhuma outra, ou nela acrescentar elementos estranhos.<\/span><\/div>\n<div style=\"text-align: justify;\"><span class=\"Apple-style-span\"><br \/>\n<\/span><\/div>\n<div style=\"text-align: justify;\"><span class=\"Apple-style-span\"><br \/>\n<\/span><\/div>\n<div style=\"text-align: center;\"><span class=\"Apple-style-span\"><strong>A identidade cat\u00f3lica<\/strong><\/span><\/div>\n<div style=\"text-align: justify;\"><span class=\"Apple-style-span\"><br \/>\n<\/span><\/div>\n<div style=\"text-align: justify;\"><span class=\"Apple-style-span\"><span class=\"Apple-style-span\"><a href=\"http:\/\/1.bp.blogspot.com\/-RmCUQ0jy8YY\/TXor_v1igXI\/AAAAAAAAB3I\/pPjDaGpU69s\/s1600\/Carteira%2Bidentidade%2B%2528cat%25C3%25B3lico%2529.jpg\"><img decoding=\"async\" id=\"BLOGGER_PHOTO_ID_5582823062251929970\" style=\"display: block; margin-top: 0px; margin-right: auto; margin-bottom: 10px; margin-left: auto; text-align: center; cursor: pointer; width: 220px; height: 320px;\" src=\"http:\/\/1.bp.blogspot.com\/-RmCUQ0jy8YY\/TXor_v1igXI\/AAAAAAAAB3I\/pPjDaGpU69s\/s320\/Carteira%2Bidentidade%2B%2528cat%25C3%25B3lico%2529.jpg\" alt=\"\" border=\"0\" \/><\/a><\/span><\/span><\/div>\n<div><span class=\"Apple-style-span\"><em><br \/>\n<\/em><\/span><\/div>\n<div style=\"text-align: justify;\"><span class=\"Apple-style-span\"><em>A pequena capela rural estava praticamente lotada. Aquele momento de ora\u00e7\u00e3o entre eles acontecia semanalmente. A princ\u00edpio, parecia uma ora\u00e7\u00e3o como qualquer outra. Eu, do lado de fora, ouvindo acompanhava tudo o que estavam rezando. At\u00e9 que, a certo ponto, a jovem que estava falando come\u00e7ou a dizer que todos deveriam se abrir \u00e0 gra\u00e7a do Esp\u00edrito Santo, e quem n\u00e3o sentisse algo fisicamente, era porque n\u00e3o estaria plenamente sens\u00edvel \u00e0 a\u00e7\u00e3o divina.<\/em><\/span><\/div>\n<div style=\"text-align: justify;\"><span class=\"Apple-style-span\"><em><br \/>\n<\/em><\/span><\/div>\n<div style=\"text-align: justify;\"><span class=\"Apple-style-span\"><em>A jovem passou a pedir que um colocasse a m\u00e3o no ombro da pessoa ao lado e, assim, o-r-a-s-s-e-m por ela. Seguiu-se um ensurdecedor barulho de v\u00e1rias vozes o-r-a-n-d-o ao mesmo tempo. Todos que estavam no interior da capela, fecharam os olhos e abaixaram a cabe\u00e7a (segundo recomenda\u00e7\u00f5es da jovem) e o-r-a-v-a-m insistentemente pela inten\u00e7\u00e3o da pessoa que estava ao seu lado. Eu, demasiadamente incomodado com aquilo, resolvi telefonar para uma pessoa muito pr\u00f3xima a mim e pedi que ela ouvindo o que eu estava ouvindo. Do outro lado, sem saber do que realmente se tratava, meu interlocutor perguntou-me se eu estava em um culto protestante, dada a semelhan\u00e7a do barulho de ora\u00e7\u00f5es descompassadas e intel\u00edgiveis. Eu respondi que n\u00e3o, que eu estava em uma capela cat\u00f3lica, acompanhando (mesmo que do lado de fora) um grupo de ora\u00e7\u00e3o cat\u00f3lico. A pessoa do outro lado da linha n\u00e3o acreditou, assim como eu n\u00e3o acreditei no que estava vendo e ouvindo, apesar de n\u00e3o ser a primeira vez a ver tudo aquilo.<\/em><\/span><\/div>\n<div style=\"text-align: justify;\"><span class=\"Apple-style-span\"><em><br \/>\n<\/em><\/span><\/div>\n<div style=\"text-align: justify;\"><span class=\"Apple-style-span\"><em><span class=\"Apple-style-span\">Sinceramente, naquela noite enchi-me de tristeza. Sim. N\u00e3o digo isso querendo parecer piegas ou exagerado, mas a tristeza foi<\/span><span class=\"Apple-style-span\"> meu sentimento. E preocupei-me ainda mais ao lembrar que aquele mesmo epis\u00f3dio acontece em v\u00e1rias par\u00f3quias do Brasil e do mundo.<\/span><\/em><\/span><\/div>\n<div style=\"text-align: justify;\"><span class=\"Apple-style-span\"><br \/>\n<\/span><\/div>\n<div style=\"text-align: justify;\"><span class=\"Apple-style-span\"><br \/>\n<\/span><\/div>\n<div style=\"text-align: center;\"><span class=\"Apple-style-span\">_________________________<\/span><\/div>\n<div style=\"text-align: center;\"><span class=\"Apple-style-span\"><br \/>\n<\/span><\/div>\n<div style=\"text-align: justify;\"><span class=\"Apple-style-span\"><br \/>\n<\/span><\/div>\n<div style=\"text-align: justify;\"><span class=\"Apple-style-span\">Isso aconteceu em janeiro passado. Presenciei o acontecimento durante as miss\u00f5es que fizemos durante as f\u00e9rias da universidade. A verdade \u00e9 que a mesma coisa vemos com um simples zapear de canais na tv. V\u00e1rias vezes j\u00e1 confundi cat\u00f3licos com protestantes segundo o modo de ora\u00e7\u00e3o e de se comportar durante as celebra\u00e7\u00f5es.<\/span><\/div>\n<div style=\"text-align: justify;\"><span class=\"Apple-style-span\"><br \/>\n<\/span><\/div>\n<div style=\"text-align: justify;\"><span class=\"Apple-style-span\"><span class=\"Apple-style-span\"><a href=\"http:\/\/1.bp.blogspot.com\/-4SQmMT1CI5o\/TXotBbIrYKI\/AAAAAAAAB3Y\/G_E6kOOOnYA\/s1600\/Altar%2BC%25C3%25A1tedra%2BFesta%2BS%25C3%25A3o%2BPedro%2B%255B2%255D.JPG\"><img decoding=\"async\" id=\"BLOGGER_PHOTO_ID_5582824190566424738\" style=\"display: block; margin-top: 0px; margin-right: auto; margin-bottom: 10px; margin-left: auto; text-align: center; cursor: pointer; width: 320px; height: 294px;\" src=\"http:\/\/1.bp.blogspot.com\/-4SQmMT1CI5o\/TXotBbIrYKI\/AAAAAAAAB3Y\/G_E6kOOOnYA\/s320\/Altar%2BC%25C3%25A1tedra%2BFesta%2BS%25C3%25A3o%2BPedro%2B%255B2%255D.JPG\" alt=\"\" border=\"0\" \/><\/a><\/span><\/span><\/div>\n<div style=\"text-align: center;\"><span class=\"Apple-style-span\"><em>Altar da C\u00e1tedra<\/em><\/span><\/div>\n<div style=\"text-align: center;\"><span class=\"Apple-style-span\"><em>decorado para a solenidade do dia 22 de fevereiro<\/em><\/span><\/div>\n<div style=\"text-align: center;\"><span class=\"Apple-style-span\"><em>Bas\u00edlica do Vaticano<\/em><\/span><\/div>\n<div style=\"text-align: center;\"><span class=\"Apple-style-span\"><br \/>\n<\/span><\/div>\n<div style=\"text-align: justify;\"><span class=\"Apple-style-span\">A Tradi\u00e7\u00e3o da Igreja \u00e9 como o ba\u00fa citado no Evangelho, do qual tiram-se coisas antigas e novas (Mt 13, 52). Estas n\u00e3o superam as primeiras, nem aquelas suprem as segundas. E assim, a f\u00e9 e os costumes que hoje vivemos devem concordar com o tesouro guardado desde os Ap\u00f3stolos, o que disto passar, vem do Maligno (Mt 5, 37). S\u00e3o Paulo adverte aos G\u00e1latas contra a prega\u00e7\u00e3o de uma nova doutrina diferente da que lhes foi ensinada: &#8220;Ainda que n\u00f3s mesmos ou um anjo do c\u00e9u vos anuncie outro evangelho al\u00e9m do que j\u00e1 vos tenho anunciado, seja an\u00e1tema&#8221; (1, 8). Portanto, como cat\u00f3licos acreditamos que somente o Romano Pont\u00edfice pode legitimamente interpretar as Escrituras, at\u00e9 mesmo os dons citados por S\u00e3o Paulo em sua carta aos Cor\u00edntios (12, 7-10).<\/span><\/div>\n<div style=\"text-align: justify;\"><span class=\"Apple-style-span\"><br \/>\n<\/span><\/div>\n<div style=\"text-align: justify;\"><span class=\"Apple-style-span\"><span class=\"Apple-style-span\"><a href=\"http:\/\/2.bp.blogspot.com\/-vpLleulsEbU\/TXotCIMlrLI\/AAAAAAAAB3w\/p0Vk6STv0iY\/s1600\/Bento%2BXVI%2Bdeita%2B%25C3%25B3leo%2BCrisma%2Bdedica%25C3%25A7%25C3%25A3o%2Baltar.jpg\"><img decoding=\"async\" id=\"BLOGGER_PHOTO_ID_5582824202662423730\" style=\"display: block; margin-top: 0px; margin-right: auto; margin-bottom: 10px; margin-left: auto; text-align: center; cursor: pointer; width: 320px; height: 220px;\" src=\"http:\/\/2.bp.blogspot.com\/-vpLleulsEbU\/TXotCIMlrLI\/AAAAAAAAB3w\/p0Vk6STv0iY\/s320\/Bento%2BXVI%2Bdeita%2B%25C3%25B3leo%2BCrisma%2Bdedica%25C3%25A7%25C3%25A3o%2Baltar.jpg\" alt=\"\" border=\"0\" \/><\/a><\/span><\/span><\/div>\n<div style=\"text-align: center;\"><span class=\"Apple-style-span\"><em>Dedica\u00e7\u00e3o do altar da Catedral de Albano<\/em><\/span><\/div>\n<div style=\"text-align: center;\"><span class=\"Apple-style-span\"><em>21 setembro 2008<\/em><\/span><\/div>\n<div style=\"text-align: center;\"><span class=\"Apple-style-span\"><br \/>\n<\/span><\/div>\n<div style=\"text-align: justify;\"><span class=\"Apple-style-span\">Acredito que n\u00e3o s\u00f3 eu, como muitos leitores, conhecem os abusos que hoje s\u00e3o infiltrados em grupos de ora\u00e7\u00e3o cat\u00f3licos e, cada vez mais comumente, na celebra\u00e7\u00e3o da Santa Missa. Nossos cantos t\u00eam dado lugar a m\u00fasicas protestantes, talvez disfar\u00e7adas com uma beleza agrad\u00e1vel aos ouvidos, mas desprovidas do ensinamento salv\u00edfico operado pela Igreja. Enquanto que muitos dizem que amam a Igreja e n\u00e3o A trocam por outra f\u00e9 (tal afirma\u00e7\u00e3o \u00e9 louv\u00e1vel), s\u00e3o capazes de cantar m\u00fasicas das mesmas igrejas (ou comunidades eclesiais) que insultam a Sant\u00edssima Eucaristia, desmerecem o Santo Padre, negam a santidade da Virgem Maria e tantos outras verdades essenciais \u00e0 nossa f\u00e9. H\u00e1 quem ainda assim defenda tal pr\u00e1tica, usando o ecumenismo como desculpa. N\u00e3o vou deter-me em tal argumento in\u00fatil, sabendo n\u00f3s todos que o desejo de ver os verdadeiros crist\u00e3os numa s\u00f3 Igreja n\u00e3o passa pelo crivo de renunciarmos a nossa f\u00e9 e adotarmos costumes que n\u00e3o sejam concordes com ela.<\/span><\/div>\n<div style=\"text-align: justify;\"><span class=\"Apple-style-span\"><br \/>\n<\/span><\/div>\n<div style=\"text-align: justify;\"><span class=\"Apple-style-span\"><span class=\"Apple-style-span\"><a href=\"http:\/\/3.bp.blogspot.com\/-1DE0W0zf2Os\/TXor_BACsAI\/AAAAAAAAB24\/eh6GVOObhqQ\/s1600\/S%25C3%25A3o%2BEstev%25C3%25A3o.jpg\"><img decoding=\"async\" id=\"BLOGGER_PHOTO_ID_5582823049679515650\" style=\"display: block; margin-top: 0px; margin-right: auto; margin-bottom: 10px; margin-left: auto; text-align: center; cursor: pointer; width: 240px; height: 320px;\" src=\"http:\/\/3.bp.blogspot.com\/-1DE0W0zf2Os\/TXor_BACsAI\/AAAAAAAAB24\/eh6GVOObhqQ\/s320\/S%25C3%25A3o%2BEstev%25C3%25A3o.jpg\" alt=\"\" border=\"0\" \/><\/a><\/span><\/span><\/div>\n<div style=\"text-align: center;\"><span class=\"Apple-style-span\"><em>Mart\u00edrio de Santo Est\u00eav\u00e3o<\/em><\/span><\/div>\n<div style=\"text-align: center;\"><span class=\"Apple-style-span\"><br \/>\n<\/span><\/div>\n<div style=\"text-align: justify;\"><span class=\"Apple-style-span\">A perda de nossa identidade n\u00e3o acontece apenas nos cantos. Assistimos tamb\u00e9m a um total desprezo pela arte religiosa expressa em nossas igrejas. o que j\u00e1 foi a arte cat\u00f3lica, hoje \u00e9 trocada por tra\u00e7os e desenhos que pouco inspiram devo\u00e7\u00e3o ou nada inspiram. N\u00e3o quero aqui afirmar que a \u00fanica express\u00e3o de arte sejam os vitrais franceses e que at\u00e9 nesse aspecto o antigo \u00e9 melhor. N\u00e3o. Contudo, entre os tra\u00e7os que hoje, lamentavelmente, decoram muitas igrejas e os magn\u00edficos vitrais franceses, escolho indubitavelmente estes. Neles \u00e9 poss\u00edvel contemplar aquela beleza lecional que na liturgia a Igreja nos apresenta como forma, ainda que distante, de mostrar o divino.<\/span><\/div>\n<div style=\"text-align: justify;\"><span class=\"Apple-style-span\"><br \/>\n<\/span><\/div>\n<div style=\"text-align: justify;\"><span class=\"Apple-style-span\"><span class=\"Apple-style-span\"><a href=\"http:\/\/3.bp.blogspot.com\/-FaY6quOFRqg\/TXotCTiZTaI\/AAAAAAAAB34\/ZM0iGUMbzes\/s1600\/Bento%2BXVI%2Bvenera%25C3%25A7%25C3%25A3o%2B%25C3%25ADcone%2BRessurrexit%2BDomingo%2BP%25C3%25A1scoa.jpg\"><img decoding=\"async\" id=\"BLOGGER_PHOTO_ID_5582824205706677666\" style=\"display: block; margin-top: 0px; margin-right: auto; margin-bottom: 10px; margin-left: auto; text-align: center; cursor: pointer; width: 320px; height: 213px;\" src=\"http:\/\/3.bp.blogspot.com\/-FaY6quOFRqg\/TXotCTiZTaI\/AAAAAAAAB34\/ZM0iGUMbzes\/s320\/Bento%2BXVI%2Bvenera%25C3%25A7%25C3%25A3o%2B%25C3%25ADcone%2BRessurrexit%2BDomingo%2BP%25C3%25A1scoa.jpg\" alt=\"\" border=\"0\" \/><\/a><\/span><\/span><\/div>\n<div style=\"text-align: center;\"><span class=\"Apple-style-span\"><em>Venera\u00e7\u00e3o do \u00edcone durante o <\/em>Ressurexit<\/span><\/div>\n<div style=\"text-align: center;\"><span class=\"Apple-style-span\"><em>Domingo de P\u00e1scoa<\/em><\/span><\/div>\n<div><span class=\"Apple-style-span\"><br \/>\n<\/span><\/div>\n<div style=\"text-align: justify;\"><span class=\"Apple-style-span\">Ainda depois de verificar a execu\u00e7\u00e3o de m\u00fasicas protestantes, tamb\u00e9m relativo ao canto lit\u00fargico notamos o desejo de muitos de, renunciando ao que o Vaticano II disse, rejeitar o canto gregoriano como o oficial da Igreja. Assim pensando, \u00e9 como que afirmam que nada antes da d\u00e9cada de 60 \u00e9 mais \u00fatil em nossos dias. Interpretam, erroneamente, o Conc\u00edlio como uma grossa ruptura em quase dois mil\u00eanios de f\u00e9 e que tudo deve ser feito de novo, pois ent\u00e3o n\u00e3o haver\u00e1 uma evangeliza\u00e7\u00e3o fecunda. Desprezando a verdadeira arte, o canto gregoriano e outro canto digno, e outros tantos aspectos de nossa f\u00e9, tendem a afirmar que o povo n\u00e3o gosta de nada belo e que as pessoas s\u00e3o de curta intelig\u00eancia. Que tudo deve ser minimizado, para n\u00e3o distanciar ningu\u00e9m, e tudo deve ser simples, para que em tudo haja compreens\u00e3o para todos. Agora, segundo quem pensa assim, nossa f\u00e9 \u00e9 racional; n\u00e3o h\u00e1 mais dogmas, nem mist\u00e9rios, o que assim for, \u00e9 ultrapassado e deve ser imediatamente descartado.<\/span><\/div>\n<div style=\"text-align: justify;\"><span class=\"Apple-style-span\"><br \/>\n<\/span><\/div>\n<div style=\"text-align: justify;\"><span class=\"Apple-style-span\"><span class=\"Apple-style-span\"><a href=\"http:\/\/3.bp.blogspot.com\/-3g84gpPqBDA\/TXor_eQNgvI\/AAAAAAAAB3A\/y_EPNdP7vPo\/s1600\/Bento%2BXVI%2Bajoelhado%2BMissa%2BCredo%2BNatal.jpg\"><img decoding=\"async\" id=\"BLOGGER_PHOTO_ID_5582823057531962098\" style=\"display: block; margin-top: 0px; margin-right: auto; margin-bottom: 10px; margin-left: auto; text-align: center; cursor: pointer; width: 320px; height: 220px;\" src=\"http:\/\/3.bp.blogspot.com\/-3g84gpPqBDA\/TXor_eQNgvI\/AAAAAAAAB3A\/y_EPNdP7vPo\/s320\/Bento%2BXVI%2Bajoelhado%2BMissa%2BCredo%2BNatal.jpg\" alt=\"\" border=\"0\" \/><\/a><\/span><\/span><\/div>\n<div style=\"text-align: center;\"><span class=\"Apple-style-span\"><em>Genuflex\u00e3o durante o &#8220;<\/em>Incarnatus est<em>&#8220;<\/em><\/span><\/div>\n<div style=\"text-align: center;\"><span class=\"Apple-style-span\"><em>na Missa do Galo<\/em><\/span><\/div>\n<div><span class=\"Apple-style-span\"><br \/>\n<\/span><\/div>\n<div style=\"text-align: justify;\"><span class=\"Apple-style-span\">Car\u00edssimos leitores, nossa f\u00e9 \u00e9 uma heran\u00e7a de dois mil\u00eanios e nada, nem mesmo um movimento que \u00e9 erroneamente ensinado e vivido, deve ser capaz de mudar nosso amor incondicioal a Deus e \u00e0 Sua Igreja. Nenhum movimento \u00e9 verdadeiramente bom se negar alguma parte da doutrina e dos costumes cat\u00f3licos. \u00c9 como se a pobreza vivida por membros de ordens religiosas mendicantes, os fizesse pensar que a Igreja, para ser integralmente fiel a Cristo, devesse vender o Vaticano e gastar o valor com os pobres; e, ainda mais, se a mesma pobreza evang\u00e9lica os fizesse assassinar todos os cat\u00f3licos que n\u00e3o pensam ou vivem como eles, como o faziam os <em>Fraticelli\u00b9<\/em>. De outro extremo, se membros do clero diocesano, ou algum instituto clerical, quem n\u00e3o faz promessa de pobreza (apesar de serem pelo Vaticano II convidados a ela), criticassem aqueles que vivem radicalmente o voto evang\u00e9lico. O que quero dizer \u00e9 somente um movimento que, em sua singularidade, crer e praticar tudo o que diz e faz a Igreja, \u00e9 realmente bom. Muitos s\u00e3o os carismas, mas nenhum deles deve contradizer a f\u00e9. O que normalmente acontece \u00e9 que, um carisma aprovado pela Igreja, muitas vezes \u00e9 distorcido por alguns membros, mas isso n\u00e3o quer dizer que seja mal\u00e9fico aquele dom dado \u00e0 Igreja pelo Esp\u00edrito que A conduz, ruins s\u00e3o os que o leem de forma diversa do que foi aprovado.<\/span><\/div>\n<div style=\"text-align: justify;\"><span class=\"Apple-style-span\"><br \/>\n<\/span><\/div>\n<div style=\"text-align: justify;\"><span class=\"Apple-style-span\"><span class=\"Apple-style-span\"><a href=\"http:\/\/1.bp.blogspot.com\/-ggROGvgWO1A\/TXotB_XVqjI\/AAAAAAAAB3o\/umwlh1QQPB8\/s1600\/Bento%2BXVI%2B%255B28%255D.jpg\"><img decoding=\"async\" id=\"BLOGGER_PHOTO_ID_5582824200291592754\" style=\"display: block; margin-top: 0px; margin-right: auto; margin-bottom: 10px; margin-left: auto; text-align: center; cursor: pointer; width: 258px; height: 320px;\" src=\"http:\/\/1.bp.blogspot.com\/-ggROGvgWO1A\/TXotB_XVqjI\/AAAAAAAAB3o\/umwlh1QQPB8\/s320\/Bento%2BXVI%2B%255B28%255D.jpg\" alt=\"\" border=\"0\" \/><\/a><\/span><\/span><\/div>\n<div><span class=\"Apple-style-span\"><br \/>\n<\/span><\/div>\n<div style=\"text-align: justify;\"><span class=\"Apple-style-span\"><span class=\"Apple-style-span\">N\u00e3o queiramos descartar aquilo que moveu a Igreja por tantos s\u00e9culos. Os belos paramentos, o latim, o canto gregoriano e outro canto digno, os antigos c\u00e2nticos que atravessaram o tempo, a liturgia&#8230; tudo deve ser conservado. Assim o quer o Papa Bento XVI. Assim o quer os bispos que est\u00e3o em comunh\u00e3o com o Santo Padre. Assim o quer Deus! <\/span><span class=\"Apple-style-span\">Isso tudo pertence \u00e0 Igreja que foi edificada por Cristo, e<\/span><span class=\"Apple-style-span\"> aqui estamos n\u00f3s, para defender e lutar pela vontade de Deus. <\/span><span class=\"Apple-style-span\"><em>Deus lo vult<\/em>!<\/span><\/span><\/div>\n<div style=\"text-align: justify;\"><span class=\"Apple-style-span\"><br \/>\n<\/span><\/div>\n<div style=\"text-align: justify;\"><span class=\"Apple-style-span\"><br \/>\n<\/span><\/div>\n<div style=\"text-align: center;\"><span class=\"Apple-style-span\">Am\u00e9m.<\/span><\/div>\n<div style=\"text-align: center;\"><span class=\"Apple-style-span\"><br \/>\n<\/span><\/div>\n<div style=\"text-align: center;\"><span class=\"Apple-style-span\"><br \/>\n<\/span><\/div>\n<div style=\"text-align: justify;\"><span class=\"Apple-style-span\">_________________<\/span><\/div>\n<div style=\"text-align: justify;\"><span class=\"Apple-style-span\"><br \/>\n<\/span><\/div>\n<div style=\"text-align: justify;\"><span class=\"Apple-style-span\">\u00b9 <strong><em>Fraticelli<\/em>:<\/strong> Erroneamente confundidos com os <em>Fratricelli<\/em>, foram cat\u00f3licos medievais que tra\u00e7aram suas origens at\u00e9 os Franciscanos, mas que vieram a existir como uma institui\u00e7\u00e3o separada da Ordem. Foram frades franciscanos que viveram em parte da It\u00e1lia, nos s\u00e9culos XIV e XV, e que repudiaram a autoridade dos seus superiores e da hierarquia da Igreja. Eram extremos proponentes das ideias de S\u00e3o Francisco de Assis, especialmente no que diz respeito \u00e0 pobreza, e consideravam a riqueza da Igreja como escandalosa. O Papa Bonif\u00e1cio VIII os declarou hereges em 1296. O romance &#8220;O Nome da Rosa&#8221; de Umberto Eco, imortalizado no filme hom\u00f4nimo, trata da persegui\u00e7\u00e3o aos supracitados hereges.<\/span><\/div>\n<div style=\"text-align: justify;\"><span class=\"Apple-style-span\"><br \/>\n<\/span><\/div>\n","protected":false},"excerpt":{"rendered":"Confiteor&#8230; Depois de meses sem postar nesta se\u00e7\u00e3o (e em outras, mas que voltar\u00e3o a ser atualizadas), recome\u00e7o a tratar de assuntos que julgo serem importantes. O de hoje refere-se \u00e0 heran\u00e7a que temos ao sermos cat\u00f3licos, e que n\u00e3o devemos esquec\u00ea-la ou desprez\u00e1-la, mesmo que involutariamente. Como a carteira de identidade nos identifica como&#8230; <a class=\"view-article\" href=\"https:\/\/diretodasacristia.com\/home\/sem-categoria\/aedificabo-ecclesiam-meam-2\/\">Ver artigo<\/a>","protected":false},"author":3,"featured_media":0,"comment_status":"open","ping_status":"open","sticky":false,"template":"","format":"standard","meta":{"jetpack_post_was_ever_published":false,"_jetpack_newsletter_access":"","_jetpack_dont_email_post_to_subs":false,"_jetpack_newsletter_tier_id":0,"_jetpack_memberships_contains_paywalled_content":false,"_jetpack_memberships_contains_paid_content":false,"_joinchat":[],"footnotes":"","jetpack_publicize_message":"","jetpack_publicize_feature_enabled":true,"jetpack_social_post_already_shared":false,"jetpack_social_options":{"image_generator_settings":{"template":"highway","default_image_id":0,"font":"","enabled":false},"version":2}},"categories":[1],"tags":[],"class_list":["post-2470","post","type-post","status-publish","format-standard","hentry","category-sem-categoria"],"yoast_head":"<!-- This site is optimized with the Yoast SEO plugin v27.4 - https:\/\/yoast.com\/product\/yoast-seo-wordpress\/ -->\n<title>... aedificabo Ecclesiam meam - Direto da Sacristia<\/title>\n<meta name=\"robots\" content=\"index, follow, max-snippet:-1, max-image-preview:large, max-video-preview:-1\" \/>\n<link rel=\"canonical\" href=\"https:\/\/diretodasacristia.com\/home\/sem-categoria\/aedificabo-ecclesiam-meam-2\/\" \/>\n<meta property=\"og:locale\" content=\"pt_BR\" \/>\n<meta property=\"og:type\" content=\"article\" \/>\n<meta property=\"og:title\" content=\"... aedificabo Ecclesiam meam - Direto da Sacristia\" \/>\n<meta property=\"og:description\" content=\"Confiteor&#8230; Depois de meses sem postar nesta se\u00e7\u00e3o (e em outras, mas que voltar\u00e3o a ser atualizadas), recome\u00e7o a tratar de assuntos que julgo serem importantes. O de hoje refere-se \u00e0 heran\u00e7a que temos ao sermos cat\u00f3licos, e que n\u00e3o devemos esquec\u00ea-la ou desprez\u00e1-la, mesmo que involutariamente. Como a carteira de identidade nos identifica como... Ver artigo\" \/>\n<meta property=\"og:url\" content=\"https:\/\/diretodasacristia.com\/home\/sem-categoria\/aedificabo-ecclesiam-meam-2\/\" \/>\n<meta property=\"og:site_name\" content=\"Direto da Sacristia\" \/>\n<meta property=\"article:publisher\" content=\"https:\/\/www.facebook.com\/DiretoSacristia\" \/>\n<meta property=\"article:published_time\" content=\"2011-03-11T09:10:00+00:00\" \/>\n<meta property=\"article:modified_time\" content=\"2012-05-06T04:25:42+00:00\" \/>\n<meta property=\"og:image\" content=\"http:\/\/1.bp.blogspot.com\/-HNri9gdAJZw\/TXor_6phHuI\/AAAAAAAAB3Q\/C5iFIjbbaLQ\/s320\/Confession%25C3%25A1rio%2BBas%25C3%25ADlica%2BVaticana.jpg\" \/>\n<meta name=\"author\" content=\"E. Mar\u00e7al\" \/>\n<meta name=\"twitter:card\" content=\"summary_large_image\" \/>\n<meta name=\"twitter:creator\" content=\"@diretosacristia\" \/>\n<meta name=\"twitter:site\" content=\"@diretosacristia\" \/>\n<meta name=\"twitter:label1\" content=\"Escrito por\" \/>\n\t<meta name=\"twitter:data1\" content=\"E. Mar\u00e7al\" \/>\n\t<meta name=\"twitter:label2\" content=\"Est. tempo de leitura\" \/>\n\t<meta name=\"twitter:data2\" content=\"8 minutos\" \/>\n<script type=\"application\/ld+json\" class=\"yoast-schema-graph\">{\"@context\":\"https:\\\/\\\/schema.org\",\"@graph\":[{\"@type\":\"Article\",\"@id\":\"https:\\\/\\\/diretodasacristia.com\\\/home\\\/sem-categoria\\\/aedificabo-ecclesiam-meam-2\\\/#article\",\"isPartOf\":{\"@id\":\"https:\\\/\\\/diretodasacristia.com\\\/home\\\/sem-categoria\\\/aedificabo-ecclesiam-meam-2\\\/\"},\"author\":{\"name\":\"E. Mar\u00e7al\",\"@id\":\"https:\\\/\\\/diretodasacristia.com\\\/home\\\/#\\\/schema\\\/person\\\/3d453ef1f7d57c0bb0990b8070642721\"},\"headline\":\"&#8230; aedificabo Ecclesiam meam\",\"datePublished\":\"2011-03-11T09:10:00+00:00\",\"dateModified\":\"2012-05-06T04:25:42+00:00\",\"mainEntityOfPage\":{\"@id\":\"https:\\\/\\\/diretodasacristia.com\\\/home\\\/sem-categoria\\\/aedificabo-ecclesiam-meam-2\\\/\"},\"wordCount\":1582,\"commentCount\":0,\"publisher\":{\"@id\":\"https:\\\/\\\/diretodasacristia.com\\\/home\\\/#organization\"},\"image\":{\"@id\":\"https:\\\/\\\/diretodasacristia.com\\\/home\\\/sem-categoria\\\/aedificabo-ecclesiam-meam-2\\\/#primaryimage\"},\"thumbnailUrl\":\"http:\\\/\\\/1.bp.blogspot.com\\\/-HNri9gdAJZw\\\/TXor_6phHuI\\\/AAAAAAAAB3Q\\\/C5iFIjbbaLQ\\\/s320\\\/Confession%25C3%25A1rio%2BBas%25C3%25ADlica%2BVaticana.jpg\",\"inLanguage\":\"pt-BR\",\"potentialAction\":[{\"@type\":\"CommentAction\",\"name\":\"Comment\",\"target\":[\"https:\\\/\\\/diretodasacristia.com\\\/home\\\/sem-categoria\\\/aedificabo-ecclesiam-meam-2\\\/#respond\"]}]},{\"@type\":\"WebPage\",\"@id\":\"https:\\\/\\\/diretodasacristia.com\\\/home\\\/sem-categoria\\\/aedificabo-ecclesiam-meam-2\\\/\",\"url\":\"https:\\\/\\\/diretodasacristia.com\\\/home\\\/sem-categoria\\\/aedificabo-ecclesiam-meam-2\\\/\",\"name\":\"... aedificabo Ecclesiam meam - Direto da Sacristia\",\"isPartOf\":{\"@id\":\"https:\\\/\\\/diretodasacristia.com\\\/home\\\/#website\"},\"primaryImageOfPage\":{\"@id\":\"https:\\\/\\\/diretodasacristia.com\\\/home\\\/sem-categoria\\\/aedificabo-ecclesiam-meam-2\\\/#primaryimage\"},\"image\":{\"@id\":\"https:\\\/\\\/diretodasacristia.com\\\/home\\\/sem-categoria\\\/aedificabo-ecclesiam-meam-2\\\/#primaryimage\"},\"thumbnailUrl\":\"http:\\\/\\\/1.bp.blogspot.com\\\/-HNri9gdAJZw\\\/TXor_6phHuI\\\/AAAAAAAAB3Q\\\/C5iFIjbbaLQ\\\/s320\\\/Confession%25C3%25A1rio%2BBas%25C3%25ADlica%2BVaticana.jpg\",\"datePublished\":\"2011-03-11T09:10:00+00:00\",\"dateModified\":\"2012-05-06T04:25:42+00:00\",\"breadcrumb\":{\"@id\":\"https:\\\/\\\/diretodasacristia.com\\\/home\\\/sem-categoria\\\/aedificabo-ecclesiam-meam-2\\\/#breadcrumb\"},\"inLanguage\":\"pt-BR\",\"potentialAction\":[{\"@type\":\"ReadAction\",\"target\":[\"https:\\\/\\\/diretodasacristia.com\\\/home\\\/sem-categoria\\\/aedificabo-ecclesiam-meam-2\\\/\"]}]},{\"@type\":\"ImageObject\",\"inLanguage\":\"pt-BR\",\"@id\":\"https:\\\/\\\/diretodasacristia.com\\\/home\\\/sem-categoria\\\/aedificabo-ecclesiam-meam-2\\\/#primaryimage\",\"url\":\"http:\\\/\\\/1.bp.blogspot.com\\\/-HNri9gdAJZw\\\/TXor_6phHuI\\\/AAAAAAAAB3Q\\\/C5iFIjbbaLQ\\\/s320\\\/Confession%25C3%25A1rio%2BBas%25C3%25ADlica%2BVaticana.jpg\",\"contentUrl\":\"http:\\\/\\\/1.bp.blogspot.com\\\/-HNri9gdAJZw\\\/TXor_6phHuI\\\/AAAAAAAAB3Q\\\/C5iFIjbbaLQ\\\/s320\\\/Confession%25C3%25A1rio%2BBas%25C3%25ADlica%2BVaticana.jpg\"},{\"@type\":\"BreadcrumbList\",\"@id\":\"https:\\\/\\\/diretodasacristia.com\\\/home\\\/sem-categoria\\\/aedificabo-ecclesiam-meam-2\\\/#breadcrumb\",\"itemListElement\":[{\"@type\":\"ListItem\",\"position\":1,\"name\":\"In\u00edcio\",\"item\":\"https:\\\/\\\/diretodasacristia.com\\\/home\\\/\"},{\"@type\":\"ListItem\",\"position\":2,\"name\":\"&#8230; aedificabo Ecclesiam meam\"}]},{\"@type\":\"WebSite\",\"@id\":\"https:\\\/\\\/diretodasacristia.com\\\/home\\\/#website\",\"url\":\"https:\\\/\\\/diretodasacristia.com\\\/home\\\/\",\"name\":\"Direto da Sacristia\",\"description\":\"Not\u00edcias e artigos sobre a f\u00e9 cat\u00f3lica\",\"publisher\":{\"@id\":\"https:\\\/\\\/diretodasacristia.com\\\/home\\\/#organization\"},\"potentialAction\":[{\"@type\":\"SearchAction\",\"target\":{\"@type\":\"EntryPoint\",\"urlTemplate\":\"https:\\\/\\\/diretodasacristia.com\\\/home\\\/?s={search_term_string}\"},\"query-input\":{\"@type\":\"PropertyValueSpecification\",\"valueRequired\":true,\"valueName\":\"search_term_string\"}}],\"inLanguage\":\"pt-BR\"},{\"@type\":\"Organization\",\"@id\":\"https:\\\/\\\/diretodasacristia.com\\\/home\\\/#organization\",\"name\":\"Direto da Sacristia\",\"url\":\"https:\\\/\\\/diretodasacristia.com\\\/home\\\/\",\"logo\":{\"@type\":\"ImageObject\",\"inLanguage\":\"pt-BR\",\"@id\":\"https:\\\/\\\/diretodasacristia.com\\\/home\\\/#\\\/schema\\\/logo\\\/image\\\/\",\"url\":\"https:\\\/\\\/i0.wp.com\\\/diretodasacristia.com\\\/home\\\/wp-content\\\/uploads\\\/2012\\\/01\\\/marca-sacristia.png?fit=320%2C306&ssl=1\",\"contentUrl\":\"https:\\\/\\\/i0.wp.com\\\/diretodasacristia.com\\\/home\\\/wp-content\\\/uploads\\\/2012\\\/01\\\/marca-sacristia.png?fit=320%2C306&ssl=1\",\"width\":\"320\",\"height\":\"306\",\"caption\":\"Direto da Sacristia\"},\"image\":{\"@id\":\"https:\\\/\\\/diretodasacristia.com\\\/home\\\/#\\\/schema\\\/logo\\\/image\\\/\"},\"sameAs\":[\"https:\\\/\\\/www.facebook.com\\\/DiretoSacristia\",\"https:\\\/\\\/x.com\\\/diretosacristia\",\"https:\\\/\\\/www.instagram.com\\\/diretodasacristia\\\/\",\"https:\\\/\\\/www.youtube.com\\\/diretodasacristia\"]},{\"@type\":\"Person\",\"@id\":\"https:\\\/\\\/diretodasacristia.com\\\/home\\\/#\\\/schema\\\/person\\\/3d453ef1f7d57c0bb0990b8070642721\",\"name\":\"E. Mar\u00e7al\",\"image\":{\"@type\":\"ImageObject\",\"inLanguage\":\"pt-BR\",\"@id\":\"https:\\\/\\\/secure.gravatar.com\\\/avatar\\\/348ff80a5ddde3de6c8b6e0c5b066b733f9245285d9ab87cd2e2ff652ffa95b0?s=96&d=mm&r=g\",\"url\":\"https:\\\/\\\/secure.gravatar.com\\\/avatar\\\/348ff80a5ddde3de6c8b6e0c5b066b733f9245285d9ab87cd2e2ff652ffa95b0?s=96&d=mm&r=g\",\"contentUrl\":\"https:\\\/\\\/secure.gravatar.com\\\/avatar\\\/348ff80a5ddde3de6c8b6e0c5b066b733f9245285d9ab87cd2e2ff652ffa95b0?s=96&d=mm&r=g\",\"caption\":\"E. Mar\u00e7al\"},\"url\":\"https:\\\/\\\/diretodasacristia.com\\\/home\\\/author\\\/erick\\\/\"}]}<\/script>\n<!-- \/ Yoast SEO plugin. -->","yoast_head_json":{"title":"... aedificabo Ecclesiam meam - Direto da Sacristia","robots":{"index":"index","follow":"follow","max-snippet":"max-snippet:-1","max-image-preview":"max-image-preview:large","max-video-preview":"max-video-preview:-1"},"canonical":"https:\/\/diretodasacristia.com\/home\/sem-categoria\/aedificabo-ecclesiam-meam-2\/","og_locale":"pt_BR","og_type":"article","og_title":"... aedificabo Ecclesiam meam - Direto da Sacristia","og_description":"Confiteor&#8230; Depois de meses sem postar nesta se\u00e7\u00e3o (e em outras, mas que voltar\u00e3o a ser atualizadas), recome\u00e7o a tratar de assuntos que julgo serem importantes. O de hoje refere-se \u00e0 heran\u00e7a que temos ao sermos cat\u00f3licos, e que n\u00e3o devemos esquec\u00ea-la ou desprez\u00e1-la, mesmo que involutariamente. Como a carteira de identidade nos identifica como... Ver artigo","og_url":"https:\/\/diretodasacristia.com\/home\/sem-categoria\/aedificabo-ecclesiam-meam-2\/","og_site_name":"Direto da Sacristia","article_publisher":"https:\/\/www.facebook.com\/DiretoSacristia","article_published_time":"2011-03-11T09:10:00+00:00","article_modified_time":"2012-05-06T04:25:42+00:00","og_image":[{"url":"http:\/\/1.bp.blogspot.com\/-HNri9gdAJZw\/TXor_6phHuI\/AAAAAAAAB3Q\/C5iFIjbbaLQ\/s320\/Confession%25C3%25A1rio%2BBas%25C3%25ADlica%2BVaticana.jpg","type":"","width":"","height":""}],"author":"E. Mar\u00e7al","twitter_card":"summary_large_image","twitter_creator":"@diretosacristia","twitter_site":"@diretosacristia","twitter_misc":{"Escrito por":"E. Mar\u00e7al","Est. tempo de leitura":"8 minutos"},"schema":{"@context":"https:\/\/schema.org","@graph":[{"@type":"Article","@id":"https:\/\/diretodasacristia.com\/home\/sem-categoria\/aedificabo-ecclesiam-meam-2\/#article","isPartOf":{"@id":"https:\/\/diretodasacristia.com\/home\/sem-categoria\/aedificabo-ecclesiam-meam-2\/"},"author":{"name":"E. Mar\u00e7al","@id":"https:\/\/diretodasacristia.com\/home\/#\/schema\/person\/3d453ef1f7d57c0bb0990b8070642721"},"headline":"&#8230; aedificabo Ecclesiam meam","datePublished":"2011-03-11T09:10:00+00:00","dateModified":"2012-05-06T04:25:42+00:00","mainEntityOfPage":{"@id":"https:\/\/diretodasacristia.com\/home\/sem-categoria\/aedificabo-ecclesiam-meam-2\/"},"wordCount":1582,"commentCount":0,"publisher":{"@id":"https:\/\/diretodasacristia.com\/home\/#organization"},"image":{"@id":"https:\/\/diretodasacristia.com\/home\/sem-categoria\/aedificabo-ecclesiam-meam-2\/#primaryimage"},"thumbnailUrl":"http:\/\/1.bp.blogspot.com\/-HNri9gdAJZw\/TXor_6phHuI\/AAAAAAAAB3Q\/C5iFIjbbaLQ\/s320\/Confession%25C3%25A1rio%2BBas%25C3%25ADlica%2BVaticana.jpg","inLanguage":"pt-BR","potentialAction":[{"@type":"CommentAction","name":"Comment","target":["https:\/\/diretodasacristia.com\/home\/sem-categoria\/aedificabo-ecclesiam-meam-2\/#respond"]}]},{"@type":"WebPage","@id":"https:\/\/diretodasacristia.com\/home\/sem-categoria\/aedificabo-ecclesiam-meam-2\/","url":"https:\/\/diretodasacristia.com\/home\/sem-categoria\/aedificabo-ecclesiam-meam-2\/","name":"... aedificabo Ecclesiam meam - Direto da Sacristia","isPartOf":{"@id":"https:\/\/diretodasacristia.com\/home\/#website"},"primaryImageOfPage":{"@id":"https:\/\/diretodasacristia.com\/home\/sem-categoria\/aedificabo-ecclesiam-meam-2\/#primaryimage"},"image":{"@id":"https:\/\/diretodasacristia.com\/home\/sem-categoria\/aedificabo-ecclesiam-meam-2\/#primaryimage"},"thumbnailUrl":"http:\/\/1.bp.blogspot.com\/-HNri9gdAJZw\/TXor_6phHuI\/AAAAAAAAB3Q\/C5iFIjbbaLQ\/s320\/Confession%25C3%25A1rio%2BBas%25C3%25ADlica%2BVaticana.jpg","datePublished":"2011-03-11T09:10:00+00:00","dateModified":"2012-05-06T04:25:42+00:00","breadcrumb":{"@id":"https:\/\/diretodasacristia.com\/home\/sem-categoria\/aedificabo-ecclesiam-meam-2\/#breadcrumb"},"inLanguage":"pt-BR","potentialAction":[{"@type":"ReadAction","target":["https:\/\/diretodasacristia.com\/home\/sem-categoria\/aedificabo-ecclesiam-meam-2\/"]}]},{"@type":"ImageObject","inLanguage":"pt-BR","@id":"https:\/\/diretodasacristia.com\/home\/sem-categoria\/aedificabo-ecclesiam-meam-2\/#primaryimage","url":"http:\/\/1.bp.blogspot.com\/-HNri9gdAJZw\/TXor_6phHuI\/AAAAAAAAB3Q\/C5iFIjbbaLQ\/s320\/Confession%25C3%25A1rio%2BBas%25C3%25ADlica%2BVaticana.jpg","contentUrl":"http:\/\/1.bp.blogspot.com\/-HNri9gdAJZw\/TXor_6phHuI\/AAAAAAAAB3Q\/C5iFIjbbaLQ\/s320\/Confession%25C3%25A1rio%2BBas%25C3%25ADlica%2BVaticana.jpg"},{"@type":"BreadcrumbList","@id":"https:\/\/diretodasacristia.com\/home\/sem-categoria\/aedificabo-ecclesiam-meam-2\/#breadcrumb","itemListElement":[{"@type":"ListItem","position":1,"name":"In\u00edcio","item":"https:\/\/diretodasacristia.com\/home\/"},{"@type":"ListItem","position":2,"name":"&#8230; aedificabo Ecclesiam meam"}]},{"@type":"WebSite","@id":"https:\/\/diretodasacristia.com\/home\/#website","url":"https:\/\/diretodasacristia.com\/home\/","name":"Direto da Sacristia","description":"Not\u00edcias e artigos sobre a f\u00e9 cat\u00f3lica","publisher":{"@id":"https:\/\/diretodasacristia.com\/home\/#organization"},"potentialAction":[{"@type":"SearchAction","target":{"@type":"EntryPoint","urlTemplate":"https:\/\/diretodasacristia.com\/home\/?s={search_term_string}"},"query-input":{"@type":"PropertyValueSpecification","valueRequired":true,"valueName":"search_term_string"}}],"inLanguage":"pt-BR"},{"@type":"Organization","@id":"https:\/\/diretodasacristia.com\/home\/#organization","name":"Direto da Sacristia","url":"https:\/\/diretodasacristia.com\/home\/","logo":{"@type":"ImageObject","inLanguage":"pt-BR","@id":"https:\/\/diretodasacristia.com\/home\/#\/schema\/logo\/image\/","url":"https:\/\/i0.wp.com\/diretodasacristia.com\/home\/wp-content\/uploads\/2012\/01\/marca-sacristia.png?fit=320%2C306&ssl=1","contentUrl":"https:\/\/i0.wp.com\/diretodasacristia.com\/home\/wp-content\/uploads\/2012\/01\/marca-sacristia.png?fit=320%2C306&ssl=1","width":"320","height":"306","caption":"Direto da Sacristia"},"image":{"@id":"https:\/\/diretodasacristia.com\/home\/#\/schema\/logo\/image\/"},"sameAs":["https:\/\/www.facebook.com\/DiretoSacristia","https:\/\/x.com\/diretosacristia","https:\/\/www.instagram.com\/diretodasacristia\/","https:\/\/www.youtube.com\/diretodasacristia"]},{"@type":"Person","@id":"https:\/\/diretodasacristia.com\/home\/#\/schema\/person\/3d453ef1f7d57c0bb0990b8070642721","name":"E. Mar\u00e7al","image":{"@type":"ImageObject","inLanguage":"pt-BR","@id":"https:\/\/secure.gravatar.com\/avatar\/348ff80a5ddde3de6c8b6e0c5b066b733f9245285d9ab87cd2e2ff652ffa95b0?s=96&d=mm&r=g","url":"https:\/\/secure.gravatar.com\/avatar\/348ff80a5ddde3de6c8b6e0c5b066b733f9245285d9ab87cd2e2ff652ffa95b0?s=96&d=mm&r=g","contentUrl":"https:\/\/secure.gravatar.com\/avatar\/348ff80a5ddde3de6c8b6e0c5b066b733f9245285d9ab87cd2e2ff652ffa95b0?s=96&d=mm&r=g","caption":"E. Mar\u00e7al"},"url":"https:\/\/diretodasacristia.com\/home\/author\/erick\/"}]}},"jetpack_publicize_connections":[],"jetpack_featured_media_url":"","jetpack_sharing_enabled":true,"jetpack_shortlink":"https:\/\/wp.me\/p24aG7-DQ","jetpack-related-posts":[{"id":2505,"url":"https:\/\/diretodasacristia.com\/home\/sem-categoria\/rezemos-pela-saude-do-santo-padre-2\/","url_meta":{"origin":2470,"position":0},"title":"Rezemos pela sa\u00fade do Santo Padre","author":"E. Mar\u00e7al","date":"16 de outubro de 2010","format":false,"excerpt":"Bento XVI sofreria de problemas card\u00edacosSegundo coment\u00e1rios nos bastidores do concerto oferecido hoje em Roma ao Santo Padre - por motivo que eu n\u00e3o sei -, Bento XVI estaria com seus problemas card\u00edacos agravados. Sim, pois ele j\u00e1 convive com isso h\u00e1 anos, mas agora a situa\u00e7\u00e3o teria se complicado.\u2026","rel":"","context":"Em &quot;Sem categoria&quot;","block_context":{"text":"Sem categoria","link":"https:\/\/diretodasacristia.com\/home\/c\/sem-categoria\/"},"img":{"alt_text":"","src":"","width":0,"height":0},"classes":[]},{"id":2496,"url":"https:\/\/diretodasacristia.com\/home\/sem-categoria\/postagens-e-acessos\/","url_meta":{"origin":2470,"position":1},"title":"Postagens e acessos","author":"E. Mar\u00e7al","date":"5 de novembro de 2010","format":false,"excerpt":"______________Agrade\u00e7o a assiduidade de tantos leitores que,mesmo com a baixa frequ\u00eancia de atualiza\u00e7\u00e3o do \"Direto da sacristia\",continuam acessando-o.Obrigado!!!______________","rel":"","context":"Em &quot;Sem categoria&quot;","block_context":{"text":"Sem categoria","link":"https:\/\/diretodasacristia.com\/home\/c\/sem-categoria\/"},"img":{"alt_text":"","src":"","width":0,"height":0},"classes":[]},{"id":83,"url":"https:\/\/diretodasacristia.com\/home\/sem-categoria\/a-um-mes-2\/","url_meta":{"origin":2470,"position":2},"title":"A um m\u00eas&#8230;","author":"E. Mar\u00e7al","date":"2 de abril de 2011","format":false,"excerpt":"Esse dia n\u00e3o poderia passar sem a men\u00e7\u00e3o do anivers\u00e1rio do dies natalis daquele que ser\u00e1 beatificado em menos de um m\u00eas; em quem se cumpriu parte do Terceiro Segredo de F\u00e1tima; que contribuiu para o enfraquecimento do Comunismo; que p\u00f4s fim (pelo menos juridicamente) \u00e0 discuss\u00e3o sobre a ordena\u00e7\u00e3o\u2026","rel":"","context":"Em &quot;Sem categoria&quot;","block_context":{"text":"Sem categoria","link":"https:\/\/diretodasacristia.com\/home\/c\/sem-categoria\/"},"img":{"alt_text":"","src":"","width":0,"height":0},"classes":[]},{"id":62,"url":"https:\/\/diretodasacristia.com\/home\/sem-categoria\/agora-e-permitido-dizer-2\/","url_meta":{"origin":2470,"position":3},"title":"Agora \u00e9 permitido dizer:","author":"E. Mar\u00e7al","date":"1 de maio de 2011","format":false,"excerpt":"Exatamente agora, quando pela voz de Bento XVI ressoaram na Piazza de San Pietro os termos da f\u00f3rmula de beatifica\u00e7\u00e3o e sua m\u00e3o tra\u00e7ou sobre o ar o sinal-da-cruz, enquanto que a outra sustentava a f\u00e9rula papal, \u00e9-nos permitido dizer:Bem-aventurado Jo\u00e3o Paulo IIRogai por n\u00f3s!","rel":"","context":"Em &quot;Sem categoria&quot;","block_context":{"text":"Sem categoria","link":"https:\/\/diretodasacristia.com\/home\/c\/sem-categoria\/"},"img":{"alt_text":"","src":"","width":0,"height":0},"classes":[]},{"id":2439,"url":"https:\/\/diretodasacristia.com\/home\/sem-categoria\/bento-xvi-inicia-suas-ferias-anuais-2\/","url_meta":{"origin":2470,"position":4},"title":"Bento XVI inicia suas f\u00e9rias anuais","author":"E. Mar\u00e7al","date":"7 de julho de 2011","format":false,"excerpt":"Segundo um comunicado divulgado hoje pela Prefeitura da Casa Pontif\u00edcia, o Papa Bento XVI viajou para sua resid\u00eancia de veraneio em Castel Gandolfo, distante 23 quil\u00f4metros ao sul de Roma, na jurisdi\u00e7\u00e3o da Diocese de Albano.Portanto, est\u00e3o suspensas as audi\u00eancias privadas e especiais, at\u00e9 as catequeses dos dias 13, 20\u2026","rel":"","context":"Em &quot;Sem categoria&quot;","block_context":{"text":"Sem categoria","link":"https:\/\/diretodasacristia.com\/home\/c\/sem-categoria\/"},"img":{"alt_text":"","src":"","width":0,"height":0},"classes":[]},{"id":2584,"url":"https:\/\/diretodasacristia.com\/home\/sem-categoria\/imperatriz-e-santa-2\/","url_meta":{"origin":2470,"position":5},"title":"Imperatriz e santa","author":"E. Mar\u00e7al","date":"17 de agosto de 2010","format":false,"excerpt":"Santo do dia: Santa Helena Augusta, Imperatriz Santa Helena M\u00e3e do imperador Constantino, e, segundo algumas tradi\u00e7\u00f5es, a quem se deve a convers\u00e3o do filho. Quando contava oitenta anos de idade, aproximadamente, fez uma peregrina\u00e7\u00e3o \u00e0 Terra Santa. L\u00e1 dedicou-se a identificar os lugares santificados pela vida de nosso Senhor.\u2026","rel":"","context":"Em &quot;Sem categoria&quot;","block_context":{"text":"Sem categoria","link":"https:\/\/diretodasacristia.com\/home\/c\/sem-categoria\/"},"img":{"alt_text":"","src":"","width":0,"height":0},"classes":[]}],"post_mailing_queue_ids":[],"_links":{"self":[{"href":"https:\/\/diretodasacristia.com\/home\/wp-json\/wp\/v2\/posts\/2470","targetHints":{"allow":["GET"]}}],"collection":[{"href":"https:\/\/diretodasacristia.com\/home\/wp-json\/wp\/v2\/posts"}],"about":[{"href":"https:\/\/diretodasacristia.com\/home\/wp-json\/wp\/v2\/types\/post"}],"author":[{"embeddable":true,"href":"https:\/\/diretodasacristia.com\/home\/wp-json\/wp\/v2\/users\/3"}],"replies":[{"embeddable":true,"href":"https:\/\/diretodasacristia.com\/home\/wp-json\/wp\/v2\/comments?post=2470"}],"version-history":[{"count":3,"href":"https:\/\/diretodasacristia.com\/home\/wp-json\/wp\/v2\/posts\/2470\/revisions"}],"predecessor-version":[{"id":2828,"href":"https:\/\/diretodasacristia.com\/home\/wp-json\/wp\/v2\/posts\/2470\/revisions\/2828"}],"wp:attachment":[{"href":"https:\/\/diretodasacristia.com\/home\/wp-json\/wp\/v2\/media?parent=2470"}],"wp:term":[{"taxonomy":"category","embeddable":true,"href":"https:\/\/diretodasacristia.com\/home\/wp-json\/wp\/v2\/categories?post=2470"},{"taxonomy":"post_tag","embeddable":true,"href":"https:\/\/diretodasacristia.com\/home\/wp-json\/wp\/v2\/tags?post=2470"}],"curies":[{"name":"wp","href":"https:\/\/api.w.org\/{rel}","templated":true}]}}