{"id":2475,"date":"2011-02-16T09:21:00","date_gmt":"2011-02-16T09:21:00","guid":{"rendered":"http:\/\/diretodasacristia.com\/home\/sem-categoria\/novos-bispos-para-o-brasil\/"},"modified":"2011-02-16T09:21:00","modified_gmt":"2011-02-16T09:21:00","slug":"novos-bispos-para-o-brasil","status":"publish","type":"post","link":"https:\/\/diretodasacristia.com\/home\/sem-categoria\/novos-bispos-para-o-brasil\/","title":{"rendered":"Novos bispos para o Brasil"},"content":{"rendered":"<p><span style=\"font-family:verdana;\">Do <\/span><a style=\"font-family: verdana;\" href=\"http:\/\/press.catholica.va\/news_services\/bulletin\/news\/26841.php?index=26841&amp;lang=po\">boletim da Sala de Imprensa da Santa S\u00e9<\/a><\/p>\n<p><a href=\"http:\/\/1.bp.blogspot.com\/-EujAO0MvRtk\/TVvbmzb0ojI\/AAAAAAAABuw\/WN1KMNJIo8Y\/s1600\/Bras%25C3%25A3o%2BVaticano%2B%2528editado%2529.jpg\"><img decoding=\"async\" style=\"display: block; margin: 0px auto 10px; text-align: center; cursor: pointer; width: 149px; height: 173px;\" src=\"http:\/\/1.bp.blogspot.com\/-EujAO0MvRtk\/TVvbmzb0ojI\/AAAAAAAABuw\/WN1KMNJIo8Y\/s320\/Bras%25C3%25A3o%2BVaticano%2B%2528editado%2529.jpg\" alt=\"\" id=\"BLOGGER_PHOTO_ID_5574290423489536562\" border=\"0\" \/><\/a><\/p>\n<div style=\"text-align: center;\"><span style=\" font-weight: bold;font-family:verdana;\">Nomea\u00e7\u00e3o de Auxiliar da Arquidiocese de Bel\u00e9m <\/span> <span style=\" font-weight: bold;font-family:verdana;\"><\/span><\/div>\n<p><span style=\"font-family:verdana;\"><br \/><\/span><\/p>\n<div style=\"text-align: justify;\"><span style=\"font-family:verdana;\">O Santo Padre Bento XVI nomeou Auxiliar da Arquidiocese de Bel\u00e9m do Par\u00e1 o Rev.do Pe. Teodoro Mendes Tavares, presb\u00edtero professo da Congrega\u00e7\u00e3o do Esp\u00edrito Santo, at\u00e9 agora Vig\u00e1rio Geral da Prelazia de Tef\u00e9, concedendo-lhe a sede titular episcopal de Verbe.<\/p>\n<p>O Rev.do Pe. Teodoro Mendes Tavares, C.S.Sp., nasceu em 07 janeiro 1964, em S\u00e3o Miguel Arcanjo &#8211; Ilha de Santiago (Cabo Verde). Emitiu os votos como membro da Congrega\u00e7\u00e3o dos Padres Espiritanos em 08 setembro 1986 e foi ordenado sacerdote em 11 julho 1993.<\/p>\n<p>Completou os estudos filos\u00f3ficos no Instituto Superior de Teologia, em Braga &#8211; Portugal (1986-1987) e os teol\u00f3gicos na Universidade Cat\u00f3lica Portuguesa, em Lisboa (1988-1993). Conseguiu a Licenciatura em Ecumenismo, no <span style=\"font-style: italic;\">Trinity College<\/span>, em Dublin &#8211; Irlanda (1994). Frequentou um curso de l\u00edngua francesa, na <span style=\"font-style: italic;\">Alliance Fran\u00e7aise<\/span>.<\/p>\n<p>No curso do minist\u00e9rio sacerdotal, entre outros: Vig\u00e1rio Geral da Prelazia de Tef\u00e9 (de 2000 at\u00e9 hoje) e Superior Maior do Distrito Espiritano da Amaz\u00f4nia (de 2003 at\u00e9 hoje).<br \/><\/span><span style=\"font-family:verdana;\"><\/span><\/div>\n<p><span style=\"font-family:verdana;\"><\/p>\n<p><\/span><\/p>\n<div style=\"text-align: center;\"><span style=\" font-weight: bold;font-family:verdana;\">Nomea\u00e7\u00e3o de Auxiliar do Ordinariato Militar<\/span><br \/><span style=\"font-family:verdana;\"><\/span><\/div>\n<p><span style=\"font-family:verdana;\"><\/p>\n<p><\/span><\/p>\n<div style=\"text-align: center;\"><a href=\"http:\/\/1.bp.blogspot.com\/-rWggpTT0M2Y\/TVvbm8_YW7I\/AAAAAAAABuo\/pbCm_UEAQvY\/s1600\/Pe.%2BJos%25C3%25A9%2BFrancisco%2BFalc%25C3%25A3o.jpg\"><img decoding=\"async\" style=\"display:block; margin:0px auto 10px; text-align:center;cursor:pointer; cursor:hand;width: 320px; height: 231px;\" src=\"http:\/\/1.bp.blogspot.com\/-rWggpTT0M2Y\/TVvbm8_YW7I\/AAAAAAAABuo\/pbCm_UEAQvY\/s320\/Pe.%2BJos%25C3%25A9%2BFrancisco%2BFalc%25C3%25A3o.jpg\" alt=\"\" id=\"BLOGGER_PHOTO_ID_5574290426054597554\" border=\"0\" \/><\/a><span style=\"display: block; font-style: italic;\" id=\"formatbar_Buttons\"><span class=\"on\" style=\"display: block;\" id=\"formatbar_Italic\" title=\"It\u00e1lico\" onmouseover=\"ButtonHoverOn(this);\" onmouseout=\"ButtonHoverOff(this);\" onmouseup=\"\" onmousedown=\"CheckFormatting(event);FormatbarButton('richeditorframe', this, 4);ButtonMouseDown(this);\"><\/span><\/span><span style=\"font-style: italic;font-size:85%;\"><span style=\"font-family: verdana;\">Mons. Jos\u00e9 Francisco Falc\u00e3o de Barros<\/span><br \/><span style=\"font-family: verdana;\">eleito Auxiliar do Ordinariato Militar para o Brasil<\/span><br \/><span style=\"font-family: verdana;\">na foto, com o Papa Bento XVI na visita <\/span><\/span><span style=\"font-size:85%;\"><span style=\"font-family: verdana;\">Ad Limina<\/span><\/span><span style=\"font-style: italic;font-size:85%;\"><span style=\"font-family: verdana;\"><br \/>dos bispos do Regional Nordeste 2 da CNBB<br \/><\/span><\/span><\/div>\n<p><span style=\"font-family:verdana;\"><br \/><\/span><\/p>\n<div style=\"text-align: justify;\"><span style=\"font-family:verdana;\">O Santo Padre nomeou Auxiliar do Ordinariato Militar para o Brasil o Rev.do Pe. Jos\u00e9 Francisco Falc\u00e3o de Barros, do clero da diocese de Palmeira dos \u00cdndios, at\u00e9 agora P\u00e1roco de S\u00e3o Vicente de Paulo em Palmeira dos \u00cdndios e Capel\u00e3o da Pol\u00edcia Militar do Estado de Alagoas, concedendo-lhe a sede titular episcopal de Augurus.<\/p>\n<p>O Rev.do Pe. Jos\u00e9 Francisco Falc\u00e3o de Barros nasceu em 14 mar\u00e7o 1965 em Paulo Jacinto. Frequentou a escola m\u00e9dia no Col\u00e9gio Diocesano de Garanhuns e o Curso de Filosofia e de Teologia na Pont\u00edficia Universidade Cat\u00f3lica do Rio de Janeiro. Conseguiu a especializa\u00e7\u00e3o em Agronomia na Universidade Federal de Alagoas; a Licenciatura e o Doutorado em Direito Can\u00f4nico na <span style=\"font-style: italic;\">Pontificia Universit\u00e0 San Tommaso di Aquino em Roma<\/span>.<\/p>\n<p>Foi ordenado sacerdote em 18 novembro 1991 em Palmeira dos \u00cdndios.<\/p>\n<p>Desde 1993 at\u00e9 hoje exerceu o of\u00edcio de P\u00e1roco da par\u00f3quia de S\u00e3o Vicente de Paulo. Ocupou ainda os encargos de Professor de Teologia do Semin\u00e1rio Nossa Senhora da Assun\u00e7\u00e3o, em Macei\u00f3; Chanceler da C\u00faria diocesana de Palmeira dos \u00cdndios; Vig\u00e1rio Judicial da diocese.<\/p>\n<p>Desde 2006 \u00e9 Capel\u00e3o da Pol\u00edcia Militar do Estado de Alagoas, em Palmeira dos \u00cdndios.<\/p>\n<p>\u00c9 autor de diversas publica\u00e7\u00f5es.<\/p>\n<p><\/span><\/p>\n<div style=\"text-align: center;\"><span style=\"font-family:verdana;\"><span style=\"font-weight: bold;\">Ren\u00fancia do Bispo de Caratinga e nomea\u00e7\u00e3o do sucessor<\/span><\/span><br \/><span style=\"font-family:verdana;\"><\/span><\/div>\n<p><span style=\"font-family:verdana;\"><br \/>O Santo Padre aceitou a ren\u00fancia ao governo pastoral da diocese de Caratinga apresentada por S.E.R. Dom H\u00e9lio Gon\u00e7alves Heleno, em conformidade com o c\u00e2non 401 \u00a71 do C\u00f3digo de Direito Can\u00f4nico.<\/p>\n<p>O Santo Padre nomeou Bispo da diocese de Caratinga S.E.R. Dom Emanuel Messias de Oliveira, at\u00e9 agora Bispo de Guanh\u00e3es.<\/p>\n<p>S.E.R. Dom Emanuel Messias de Oliveira nasceu em 22 abril 1948 em Salinas, ao norte do Estado de Minas Gerais. Depois dos estudos de Filosofia feitos no Semin\u00e1rio Arquidiocesano de Minas Gerais (1967-1968) e dos de Teologia, feitos na <span style=\"font-style: italic;\">Pontificia Universit\u00e0 Gregoriana<\/span> (1969-1972), obteve a Licenciatura em Exegese B\u00edblica e l\u00ednguas orientais no <span style=\"font-style: italic;\">Pontificio Instituto Biblico em Roma<\/span> (1972-1975). Em 04 fevereiro 1976 recebeu a ordena\u00e7\u00e3o sacerdotal e foi incardinado na diocese de Governador Valadares.<\/p>\n<p>Como sacerdote, este por 16 anos como P\u00e1roco da Par\u00f3quia Nossa Senhora Aparecida na Ilha dos Ara\u00fajos em Governador Valadares e por 20 anos, como Professor de Sagrada Escritura no Semin\u00e1rio Maior de Caratinga e em outros diversos semin\u00e1rios do nordeste do Estado de Minas Gerais.<\/p>\n<p>Em 14 janeiro 1998 foi eleito Bispo de Guanh\u00e3es e recebeu a sagra\u00e7\u00e3o episcopal em 19 abril seguinte.<\/p>\n<p>Como bispo foi encarregado da forma\u00e7\u00e3o b\u00edblico-catequ\u00e9tica da Confer\u00eancia Episcopal Regional Leste 2; Administrador Apost\u00f3lico da diocese de Governador Valadares e Diretor Espiritual reginal do Movimento Eclesial F\u00e9 e Luz.<\/p>\n<p>\u00c9 autor de diversas publica\u00e7\u00f5es sobre literatura sin\u00f3tica.<\/p>\n<p><\/span><\/div>\n","protected":false},"excerpt":{"rendered":"Do boletim da Sala de Imprensa da Santa S\u00e9 Nomea\u00e7\u00e3o de Auxiliar da Arquidiocese de Bel\u00e9m O Santo Padre Bento XVI nomeou Auxiliar da Arquidiocese de Bel\u00e9m do Par\u00e1 o Rev.do Pe. Teodoro Mendes Tavares, presb\u00edtero professo da Congrega\u00e7\u00e3o do Esp\u00edrito Santo, at\u00e9 agora Vig\u00e1rio Geral da Prelazia de Tef\u00e9, concedendo-lhe a sede titular episcopal&#8230; <a class=\"view-article\" href=\"https:\/\/diretodasacristia.com\/home\/sem-categoria\/novos-bispos-para-o-brasil\/\">Ver artigo<\/a>","protected":false},"author":3,"featured_media":0,"comment_status":"open","ping_status":"open","sticky":false,"template":"","format":"standard","meta":{"jetpack_post_was_ever_published":false,"_jetpack_newsletter_access":"","_jetpack_dont_email_post_to_subs":false,"_jetpack_newsletter_tier_id":0,"_jetpack_memberships_contains_paywalled_content":false,"_jetpack_memberships_contains_paid_content":false,"_joinchat":[],"footnotes":"","jetpack_publicize_message":"","jetpack_publicize_feature_enabled":true,"jetpack_social_post_already_shared":false,"jetpack_social_options":{"image_generator_settings":{"template":"highway","default_image_id":0,"font":"","enabled":false},"version":2}},"categories":[1],"tags":[],"class_list":["post-2475","post","type-post","status-publish","format-standard","hentry","category-sem-categoria"],"yoast_head":"<!-- This site is optimized with the Yoast SEO plugin v27.4 - https:\/\/yoast.com\/product\/yoast-seo-wordpress\/ -->\n<title>Novos bispos para o Brasil - Direto da Sacristia<\/title>\n<meta name=\"robots\" content=\"index, follow, max-snippet:-1, max-image-preview:large, max-video-preview:-1\" \/>\n<link rel=\"canonical\" href=\"https:\/\/diretodasacristia.com\/home\/sem-categoria\/novos-bispos-para-o-brasil\/\" \/>\n<meta property=\"og:locale\" content=\"pt_BR\" \/>\n<meta property=\"og:type\" content=\"article\" \/>\n<meta property=\"og:title\" content=\"Novos bispos para o Brasil - Direto da Sacristia\" \/>\n<meta property=\"og:description\" content=\"Do boletim da Sala de Imprensa da Santa S\u00e9 Nomea\u00e7\u00e3o de Auxiliar da Arquidiocese de Bel\u00e9m O Santo Padre Bento XVI nomeou Auxiliar da Arquidiocese de Bel\u00e9m do Par\u00e1 o Rev.do Pe. Teodoro Mendes Tavares, presb\u00edtero professo da Congrega\u00e7\u00e3o do Esp\u00edrito Santo, at\u00e9 agora Vig\u00e1rio Geral da Prelazia de Tef\u00e9, concedendo-lhe a sede titular episcopal... Ver artigo\" \/>\n<meta property=\"og:url\" content=\"https:\/\/diretodasacristia.com\/home\/sem-categoria\/novos-bispos-para-o-brasil\/\" \/>\n<meta property=\"og:site_name\" content=\"Direto da Sacristia\" \/>\n<meta property=\"article:publisher\" content=\"https:\/\/www.facebook.com\/DiretoSacristia\" \/>\n<meta property=\"article:published_time\" content=\"2011-02-16T09:21:00+00:00\" \/>\n<meta property=\"og:image\" content=\"http:\/\/1.bp.blogspot.com\/-EujAO0MvRtk\/TVvbmzb0ojI\/AAAAAAAABuw\/WN1KMNJIo8Y\/s320\/Bras%25C3%25A3o%2BVaticano%2B%2528editado%2529.jpg\" \/>\n<meta name=\"author\" content=\"E. Mar\u00e7al\" \/>\n<meta name=\"twitter:card\" content=\"summary_large_image\" \/>\n<meta name=\"twitter:creator\" content=\"@diretosacristia\" \/>\n<meta name=\"twitter:site\" content=\"@diretosacristia\" \/>\n<meta name=\"twitter:label1\" content=\"Escrito por\" \/>\n\t<meta name=\"twitter:data1\" content=\"E. Mar\u00e7al\" \/>\n\t<meta name=\"twitter:label2\" content=\"Est. tempo de leitura\" \/>\n\t<meta name=\"twitter:data2\" content=\"3 minutos\" \/>\n<script type=\"application\/ld+json\" class=\"yoast-schema-graph\">{\"@context\":\"https:\\\/\\\/schema.org\",\"@graph\":[{\"@type\":\"Article\",\"@id\":\"https:\\\/\\\/diretodasacristia.com\\\/home\\\/sem-categoria\\\/novos-bispos-para-o-brasil\\\/#article\",\"isPartOf\":{\"@id\":\"https:\\\/\\\/diretodasacristia.com\\\/home\\\/sem-categoria\\\/novos-bispos-para-o-brasil\\\/\"},\"author\":{\"name\":\"E. Mar\u00e7al\",\"@id\":\"https:\\\/\\\/diretodasacristia.com\\\/home\\\/#\\\/schema\\\/person\\\/3d453ef1f7d57c0bb0990b8070642721\"},\"headline\":\"Novos bispos para o Brasil\",\"datePublished\":\"2011-02-16T09:21:00+00:00\",\"mainEntityOfPage\":{\"@id\":\"https:\\\/\\\/diretodasacristia.com\\\/home\\\/sem-categoria\\\/novos-bispos-para-o-brasil\\\/\"},\"wordCount\":707,\"commentCount\":0,\"publisher\":{\"@id\":\"https:\\\/\\\/diretodasacristia.com\\\/home\\\/#organization\"},\"image\":{\"@id\":\"https:\\\/\\\/diretodasacristia.com\\\/home\\\/sem-categoria\\\/novos-bispos-para-o-brasil\\\/#primaryimage\"},\"thumbnailUrl\":\"http:\\\/\\\/1.bp.blogspot.com\\\/-EujAO0MvRtk\\\/TVvbmzb0ojI\\\/AAAAAAAABuw\\\/WN1KMNJIo8Y\\\/s320\\\/Bras%25C3%25A3o%2BVaticano%2B%2528editado%2529.jpg\",\"inLanguage\":\"pt-BR\",\"potentialAction\":[{\"@type\":\"CommentAction\",\"name\":\"Comment\",\"target\":[\"https:\\\/\\\/diretodasacristia.com\\\/home\\\/sem-categoria\\\/novos-bispos-para-o-brasil\\\/#respond\"]}]},{\"@type\":\"WebPage\",\"@id\":\"https:\\\/\\\/diretodasacristia.com\\\/home\\\/sem-categoria\\\/novos-bispos-para-o-brasil\\\/\",\"url\":\"https:\\\/\\\/diretodasacristia.com\\\/home\\\/sem-categoria\\\/novos-bispos-para-o-brasil\\\/\",\"name\":\"Novos bispos para o Brasil - Direto da Sacristia\",\"isPartOf\":{\"@id\":\"https:\\\/\\\/diretodasacristia.com\\\/home\\\/#website\"},\"primaryImageOfPage\":{\"@id\":\"https:\\\/\\\/diretodasacristia.com\\\/home\\\/sem-categoria\\\/novos-bispos-para-o-brasil\\\/#primaryimage\"},\"image\":{\"@id\":\"https:\\\/\\\/diretodasacristia.com\\\/home\\\/sem-categoria\\\/novos-bispos-para-o-brasil\\\/#primaryimage\"},\"thumbnailUrl\":\"http:\\\/\\\/1.bp.blogspot.com\\\/-EujAO0MvRtk\\\/TVvbmzb0ojI\\\/AAAAAAAABuw\\\/WN1KMNJIo8Y\\\/s320\\\/Bras%25C3%25A3o%2BVaticano%2B%2528editado%2529.jpg\",\"datePublished\":\"2011-02-16T09:21:00+00:00\",\"breadcrumb\":{\"@id\":\"https:\\\/\\\/diretodasacristia.com\\\/home\\\/sem-categoria\\\/novos-bispos-para-o-brasil\\\/#breadcrumb\"},\"inLanguage\":\"pt-BR\",\"potentialAction\":[{\"@type\":\"ReadAction\",\"target\":[\"https:\\\/\\\/diretodasacristia.com\\\/home\\\/sem-categoria\\\/novos-bispos-para-o-brasil\\\/\"]}]},{\"@type\":\"ImageObject\",\"inLanguage\":\"pt-BR\",\"@id\":\"https:\\\/\\\/diretodasacristia.com\\\/home\\\/sem-categoria\\\/novos-bispos-para-o-brasil\\\/#primaryimage\",\"url\":\"http:\\\/\\\/1.bp.blogspot.com\\\/-EujAO0MvRtk\\\/TVvbmzb0ojI\\\/AAAAAAAABuw\\\/WN1KMNJIo8Y\\\/s320\\\/Bras%25C3%25A3o%2BVaticano%2B%2528editado%2529.jpg\",\"contentUrl\":\"http:\\\/\\\/1.bp.blogspot.com\\\/-EujAO0MvRtk\\\/TVvbmzb0ojI\\\/AAAAAAAABuw\\\/WN1KMNJIo8Y\\\/s320\\\/Bras%25C3%25A3o%2BVaticano%2B%2528editado%2529.jpg\"},{\"@type\":\"BreadcrumbList\",\"@id\":\"https:\\\/\\\/diretodasacristia.com\\\/home\\\/sem-categoria\\\/novos-bispos-para-o-brasil\\\/#breadcrumb\",\"itemListElement\":[{\"@type\":\"ListItem\",\"position\":1,\"name\":\"In\u00edcio\",\"item\":\"https:\\\/\\\/diretodasacristia.com\\\/home\\\/\"},{\"@type\":\"ListItem\",\"position\":2,\"name\":\"Novos bispos para o Brasil\"}]},{\"@type\":\"WebSite\",\"@id\":\"https:\\\/\\\/diretodasacristia.com\\\/home\\\/#website\",\"url\":\"https:\\\/\\\/diretodasacristia.com\\\/home\\\/\",\"name\":\"Direto da Sacristia\",\"description\":\"Not\u00edcias e artigos sobre a f\u00e9 cat\u00f3lica\",\"publisher\":{\"@id\":\"https:\\\/\\\/diretodasacristia.com\\\/home\\\/#organization\"},\"potentialAction\":[{\"@type\":\"SearchAction\",\"target\":{\"@type\":\"EntryPoint\",\"urlTemplate\":\"https:\\\/\\\/diretodasacristia.com\\\/home\\\/?s={search_term_string}\"},\"query-input\":{\"@type\":\"PropertyValueSpecification\",\"valueRequired\":true,\"valueName\":\"search_term_string\"}}],\"inLanguage\":\"pt-BR\"},{\"@type\":\"Organization\",\"@id\":\"https:\\\/\\\/diretodasacristia.com\\\/home\\\/#organization\",\"name\":\"Direto da Sacristia\",\"url\":\"https:\\\/\\\/diretodasacristia.com\\\/home\\\/\",\"logo\":{\"@type\":\"ImageObject\",\"inLanguage\":\"pt-BR\",\"@id\":\"https:\\\/\\\/diretodasacristia.com\\\/home\\\/#\\\/schema\\\/logo\\\/image\\\/\",\"url\":\"https:\\\/\\\/i0.wp.com\\\/diretodasacristia.com\\\/home\\\/wp-content\\\/uploads\\\/2012\\\/01\\\/marca-sacristia.png?fit=320%2C306&ssl=1\",\"contentUrl\":\"https:\\\/\\\/i0.wp.com\\\/diretodasacristia.com\\\/home\\\/wp-content\\\/uploads\\\/2012\\\/01\\\/marca-sacristia.png?fit=320%2C306&ssl=1\",\"width\":\"320\",\"height\":\"306\",\"caption\":\"Direto da Sacristia\"},\"image\":{\"@id\":\"https:\\\/\\\/diretodasacristia.com\\\/home\\\/#\\\/schema\\\/logo\\\/image\\\/\"},\"sameAs\":[\"https:\\\/\\\/www.facebook.com\\\/DiretoSacristia\",\"https:\\\/\\\/x.com\\\/diretosacristia\",\"https:\\\/\\\/www.instagram.com\\\/diretodasacristia\\\/\",\"https:\\\/\\\/www.youtube.com\\\/diretodasacristia\"]},{\"@type\":\"Person\",\"@id\":\"https:\\\/\\\/diretodasacristia.com\\\/home\\\/#\\\/schema\\\/person\\\/3d453ef1f7d57c0bb0990b8070642721\",\"name\":\"E. Mar\u00e7al\",\"image\":{\"@type\":\"ImageObject\",\"inLanguage\":\"pt-BR\",\"@id\":\"https:\\\/\\\/secure.gravatar.com\\\/avatar\\\/348ff80a5ddde3de6c8b6e0c5b066b733f9245285d9ab87cd2e2ff652ffa95b0?s=96&d=mm&r=g\",\"url\":\"https:\\\/\\\/secure.gravatar.com\\\/avatar\\\/348ff80a5ddde3de6c8b6e0c5b066b733f9245285d9ab87cd2e2ff652ffa95b0?s=96&d=mm&r=g\",\"contentUrl\":\"https:\\\/\\\/secure.gravatar.com\\\/avatar\\\/348ff80a5ddde3de6c8b6e0c5b066b733f9245285d9ab87cd2e2ff652ffa95b0?s=96&d=mm&r=g\",\"caption\":\"E. Mar\u00e7al\"},\"url\":\"https:\\\/\\\/diretodasacristia.com\\\/home\\\/author\\\/erick\\\/\"}]}<\/script>\n<!-- \/ Yoast SEO plugin. -->","yoast_head_json":{"title":"Novos bispos para o Brasil - Direto da Sacristia","robots":{"index":"index","follow":"follow","max-snippet":"max-snippet:-1","max-image-preview":"max-image-preview:large","max-video-preview":"max-video-preview:-1"},"canonical":"https:\/\/diretodasacristia.com\/home\/sem-categoria\/novos-bispos-para-o-brasil\/","og_locale":"pt_BR","og_type":"article","og_title":"Novos bispos para o Brasil - Direto da Sacristia","og_description":"Do boletim da Sala de Imprensa da Santa S\u00e9 Nomea\u00e7\u00e3o de Auxiliar da Arquidiocese de Bel\u00e9m O Santo Padre Bento XVI nomeou Auxiliar da Arquidiocese de Bel\u00e9m do Par\u00e1 o Rev.do Pe. Teodoro Mendes Tavares, presb\u00edtero professo da Congrega\u00e7\u00e3o do Esp\u00edrito Santo, at\u00e9 agora Vig\u00e1rio Geral da Prelazia de Tef\u00e9, concedendo-lhe a sede titular episcopal... Ver artigo","og_url":"https:\/\/diretodasacristia.com\/home\/sem-categoria\/novos-bispos-para-o-brasil\/","og_site_name":"Direto da Sacristia","article_publisher":"https:\/\/www.facebook.com\/DiretoSacristia","article_published_time":"2011-02-16T09:21:00+00:00","og_image":[{"url":"http:\/\/1.bp.blogspot.com\/-EujAO0MvRtk\/TVvbmzb0ojI\/AAAAAAAABuw\/WN1KMNJIo8Y\/s320\/Bras%25C3%25A3o%2BVaticano%2B%2528editado%2529.jpg","type":"","width":"","height":""}],"author":"E. Mar\u00e7al","twitter_card":"summary_large_image","twitter_creator":"@diretosacristia","twitter_site":"@diretosacristia","twitter_misc":{"Escrito por":"E. Mar\u00e7al","Est. tempo de leitura":"3 minutos"},"schema":{"@context":"https:\/\/schema.org","@graph":[{"@type":"Article","@id":"https:\/\/diretodasacristia.com\/home\/sem-categoria\/novos-bispos-para-o-brasil\/#article","isPartOf":{"@id":"https:\/\/diretodasacristia.com\/home\/sem-categoria\/novos-bispos-para-o-brasil\/"},"author":{"name":"E. Mar\u00e7al","@id":"https:\/\/diretodasacristia.com\/home\/#\/schema\/person\/3d453ef1f7d57c0bb0990b8070642721"},"headline":"Novos bispos para o Brasil","datePublished":"2011-02-16T09:21:00+00:00","mainEntityOfPage":{"@id":"https:\/\/diretodasacristia.com\/home\/sem-categoria\/novos-bispos-para-o-brasil\/"},"wordCount":707,"commentCount":0,"publisher":{"@id":"https:\/\/diretodasacristia.com\/home\/#organization"},"image":{"@id":"https:\/\/diretodasacristia.com\/home\/sem-categoria\/novos-bispos-para-o-brasil\/#primaryimage"},"thumbnailUrl":"http:\/\/1.bp.blogspot.com\/-EujAO0MvRtk\/TVvbmzb0ojI\/AAAAAAAABuw\/WN1KMNJIo8Y\/s320\/Bras%25C3%25A3o%2BVaticano%2B%2528editado%2529.jpg","inLanguage":"pt-BR","potentialAction":[{"@type":"CommentAction","name":"Comment","target":["https:\/\/diretodasacristia.com\/home\/sem-categoria\/novos-bispos-para-o-brasil\/#respond"]}]},{"@type":"WebPage","@id":"https:\/\/diretodasacristia.com\/home\/sem-categoria\/novos-bispos-para-o-brasil\/","url":"https:\/\/diretodasacristia.com\/home\/sem-categoria\/novos-bispos-para-o-brasil\/","name":"Novos bispos para o Brasil - Direto da Sacristia","isPartOf":{"@id":"https:\/\/diretodasacristia.com\/home\/#website"},"primaryImageOfPage":{"@id":"https:\/\/diretodasacristia.com\/home\/sem-categoria\/novos-bispos-para-o-brasil\/#primaryimage"},"image":{"@id":"https:\/\/diretodasacristia.com\/home\/sem-categoria\/novos-bispos-para-o-brasil\/#primaryimage"},"thumbnailUrl":"http:\/\/1.bp.blogspot.com\/-EujAO0MvRtk\/TVvbmzb0ojI\/AAAAAAAABuw\/WN1KMNJIo8Y\/s320\/Bras%25C3%25A3o%2BVaticano%2B%2528editado%2529.jpg","datePublished":"2011-02-16T09:21:00+00:00","breadcrumb":{"@id":"https:\/\/diretodasacristia.com\/home\/sem-categoria\/novos-bispos-para-o-brasil\/#breadcrumb"},"inLanguage":"pt-BR","potentialAction":[{"@type":"ReadAction","target":["https:\/\/diretodasacristia.com\/home\/sem-categoria\/novos-bispos-para-o-brasil\/"]}]},{"@type":"ImageObject","inLanguage":"pt-BR","@id":"https:\/\/diretodasacristia.com\/home\/sem-categoria\/novos-bispos-para-o-brasil\/#primaryimage","url":"http:\/\/1.bp.blogspot.com\/-EujAO0MvRtk\/TVvbmzb0ojI\/AAAAAAAABuw\/WN1KMNJIo8Y\/s320\/Bras%25C3%25A3o%2BVaticano%2B%2528editado%2529.jpg","contentUrl":"http:\/\/1.bp.blogspot.com\/-EujAO0MvRtk\/TVvbmzb0ojI\/AAAAAAAABuw\/WN1KMNJIo8Y\/s320\/Bras%25C3%25A3o%2BVaticano%2B%2528editado%2529.jpg"},{"@type":"BreadcrumbList","@id":"https:\/\/diretodasacristia.com\/home\/sem-categoria\/novos-bispos-para-o-brasil\/#breadcrumb","itemListElement":[{"@type":"ListItem","position":1,"name":"In\u00edcio","item":"https:\/\/diretodasacristia.com\/home\/"},{"@type":"ListItem","position":2,"name":"Novos bispos para o Brasil"}]},{"@type":"WebSite","@id":"https:\/\/diretodasacristia.com\/home\/#website","url":"https:\/\/diretodasacristia.com\/home\/","name":"Direto da Sacristia","description":"Not\u00edcias e artigos sobre a f\u00e9 cat\u00f3lica","publisher":{"@id":"https:\/\/diretodasacristia.com\/home\/#organization"},"potentialAction":[{"@type":"SearchAction","target":{"@type":"EntryPoint","urlTemplate":"https:\/\/diretodasacristia.com\/home\/?s={search_term_string}"},"query-input":{"@type":"PropertyValueSpecification","valueRequired":true,"valueName":"search_term_string"}}],"inLanguage":"pt-BR"},{"@type":"Organization","@id":"https:\/\/diretodasacristia.com\/home\/#organization","name":"Direto da Sacristia","url":"https:\/\/diretodasacristia.com\/home\/","logo":{"@type":"ImageObject","inLanguage":"pt-BR","@id":"https:\/\/diretodasacristia.com\/home\/#\/schema\/logo\/image\/","url":"https:\/\/i0.wp.com\/diretodasacristia.com\/home\/wp-content\/uploads\/2012\/01\/marca-sacristia.png?fit=320%2C306&ssl=1","contentUrl":"https:\/\/i0.wp.com\/diretodasacristia.com\/home\/wp-content\/uploads\/2012\/01\/marca-sacristia.png?fit=320%2C306&ssl=1","width":"320","height":"306","caption":"Direto da Sacristia"},"image":{"@id":"https:\/\/diretodasacristia.com\/home\/#\/schema\/logo\/image\/"},"sameAs":["https:\/\/www.facebook.com\/DiretoSacristia","https:\/\/x.com\/diretosacristia","https:\/\/www.instagram.com\/diretodasacristia\/","https:\/\/www.youtube.com\/diretodasacristia"]},{"@type":"Person","@id":"https:\/\/diretodasacristia.com\/home\/#\/schema\/person\/3d453ef1f7d57c0bb0990b8070642721","name":"E. Mar\u00e7al","image":{"@type":"ImageObject","inLanguage":"pt-BR","@id":"https:\/\/secure.gravatar.com\/avatar\/348ff80a5ddde3de6c8b6e0c5b066b733f9245285d9ab87cd2e2ff652ffa95b0?s=96&d=mm&r=g","url":"https:\/\/secure.gravatar.com\/avatar\/348ff80a5ddde3de6c8b6e0c5b066b733f9245285d9ab87cd2e2ff652ffa95b0?s=96&d=mm&r=g","contentUrl":"https:\/\/secure.gravatar.com\/avatar\/348ff80a5ddde3de6c8b6e0c5b066b733f9245285d9ab87cd2e2ff652ffa95b0?s=96&d=mm&r=g","caption":"E. Mar\u00e7al"},"url":"https:\/\/diretodasacristia.com\/home\/author\/erick\/"}]}},"jetpack_publicize_connections":[],"jetpack_featured_media_url":"","jetpack_sharing_enabled":true,"jetpack_shortlink":"https:\/\/wp.me\/p24aG7-DV","jetpack-related-posts":[{"id":148,"url":"https:\/\/diretodasacristia.com\/home\/nomeacoes-episcopais\/novos-arcebispo-e-auxiliar-de-porto-principe\/","url_meta":{"origin":2475,"position":0},"title":"Novos Arcebispo e Auxiliar de Porto Pr\u00edncipe","author":"E. Mar\u00e7al","date":"12 de janeiro de 2011","format":false,"excerpt":"","rel":"","context":"Em &quot;Nomea\u00e7\u00f5es episcopais&quot;","block_context":{"text":"Nomea\u00e7\u00f5es episcopais","link":"https:\/\/diretodasacristia.com\/home\/c\/nomeacoes-episcopais\/"},"img":{"alt_text":"","src":"","width":0,"height":0},"classes":[]},{"id":241,"url":"https:\/\/diretodasacristia.com\/home\/boletim-santa-se\/novo-auxiliar-de-brasilia\/","url_meta":{"origin":2475,"position":1},"title":"Novo Auxiliar de Bras\u00edlia","author":"E. Mar\u00e7al","date":"21 de setembro de 2011","format":false,"excerpt":"Do\u00a0boletim da Sala de Imprensa da Santa S\u00e9 \u00a0 O Santo Padre Bento XVI nomeou Bispo Auxiliar de Bras\u00edlia, concedendo-lhe a sede titular de Tisiduo, S.E.R. Dom\u00a0Leonardo Ulrich Steiner, professo da Ordem dos Frades Menores, at\u00e9 ent\u00e3o Bispo Prelado de S\u00e3o F\u00e9lix e atualmente Secret\u00e1rio-geral da Confer\u00eancia Nacional dos Bispos\u2026","rel":"","context":"Em &quot;Boletim Santa S\u00e9&quot;","block_context":{"text":"Boletim Santa S\u00e9","link":"https:\/\/diretodasacristia.com\/home\/c\/boletim-santa-se\/"},"img":{"alt_text":"","src":"https:\/\/i0.wp.com\/www.regiaose.org.br\/image\/DomLeonardo_CNBB.jpg?resize=350%2C200","width":350,"height":200},"classes":[]},{"id":1272,"url":"https:\/\/diretodasacristia.com\/home\/boletim-santa-se\/novo-auxiliar-do-rio-de-janeiro\/","url_meta":{"origin":2475,"position":2},"title":"Novo Auxiliar do Rio de Janeiro","author":"E. Mar\u00e7al","date":"29 de fevereiro de 2012","format":false,"excerpt":"Com informa\u00e7\u00f5es do\u00a0boletim da Sala de Imprensa da Santa S\u00e9 e da Arquidiocese do Rio de Janeiro O Santo Padre Bento XVI nomeou Bispo Auxiliar da Arquidiocese do Rio de Janeiro o Rev.do Pe. Luiz Henrique da Silva Brito, 44 anos, do clero da Diocese de Campos (Rio de Janeiro),\u2026","rel":"","context":"Em &quot;Boletim Santa S\u00e9&quot;","block_context":{"text":"Boletim Santa S\u00e9","link":"https:\/\/diretodasacristia.com\/home\/c\/boletim-santa-se\/"},"img":{"alt_text":"","src":"https:\/\/i0.wp.com\/diretodasacristia.com\/home\/wp-content\/uploads\/2012\/02\/Luiz-Brito.jpg?resize=350%2C200","width":350,"height":200},"classes":[]},{"id":2478,"url":"https:\/\/diretodasacristia.com\/home\/sem-categoria\/novos-arcebispo-e-auxiliar-de-porto-principe-2\/","url_meta":{"origin":2475,"position":3},"title":"Novos Arcebispo e Auxiliar de Porto Pr\u00edncipe","author":"E. Mar\u00e7al","date":"12 de janeiro de 2011","format":false,"excerpt":"H\u00e1 examente um ano do terremoto que atingiu e devastou parte do Haiti e vitimou, entre outras milhares de pessoas, o Arcebispo da capital do pa\u00eds, o Santo Padre nomeou um novo Arcebispo e um novo Bispo Auxiliar para Porto Pr\u00edncipe - S.E.R. Mons. Joseph Lafontant, Bispo Auxiliar, n\u00e3o pereceu\u2026","rel":"","context":"Em &quot;Sem categoria&quot;","block_context":{"text":"Sem categoria","link":"https:\/\/diretodasacristia.com\/home\/c\/sem-categoria\/"},"img":{"alt_text":"","src":"","width":0,"height":0},"classes":[]},{"id":5265,"url":"https:\/\/diretodasacristia.com\/home\/diocese-de-roma\/papa-nomeia-4-auxiliares-roma\/","url_meta":{"origin":2475,"position":4},"title":"O Papa nomeia 4 bispos auxiliares para Roma","author":"Reda\u00e7\u00e3o","date":"25 de fevereiro de 2026","format":false,"excerpt":"\u00c9 um grande ato n\u00e3o somente por se tratarem de nomea\u00e7\u00f5es episcopais e num n\u00famero significativo de 4 de uma vez s\u00f3, mas sobretudo pelo cen\u00e1rio da Diocese de Roma.","rel":"","context":"Em &quot;Diocese de Roma&quot;","block_context":{"text":"Diocese de Roma","link":"https:\/\/diretodasacristia.com\/home\/c\/diocese-de-roma\/"},"img":{"alt_text":"","src":"https:\/\/i0.wp.com\/diretodasacristia.com\/home\/wp-content\/uploads\/2026\/02\/San_Giovanni_in_Laterano_2021.jpg?resize=350%2C200&ssl=1","width":350,"height":200,"srcset":"https:\/\/i0.wp.com\/diretodasacristia.com\/home\/wp-content\/uploads\/2026\/02\/San_Giovanni_in_Laterano_2021.jpg?resize=350%2C200&ssl=1 1x, https:\/\/i0.wp.com\/diretodasacristia.com\/home\/wp-content\/uploads\/2026\/02\/San_Giovanni_in_Laterano_2021.jpg?resize=525%2C300&ssl=1 1.5x"},"classes":[]},{"id":2471,"url":"https:\/\/diretodasacristia.com\/home\/sem-categoria\/proximas-datas-no-episcopado-brasileiro\/","url_meta":{"origin":2475,"position":5},"title":"Pr\u00f3ximas datas no episcopado brasileiro","author":"E. Mar\u00e7al","date":"3 de mar\u00e7o de 2011","format":false,"excerpt":"Sagra\u00e7\u00e3o episcopalSolenidade de S\u00e3o Jos\u00e9, Esposo da Virgem Maria19.mar\u00e7oMons. Luiz Gonzaga F\u00e9chio,Bispo titular de Putia in Byzacena e Auxiliar de Belo Horizonte.S.E.R. Dom Walmor Oliveira de Azevedo, Arcebispo de Belo HorizonteSagrante principalS.E.R. Dom Bruno Gamberini, Arcebispo de Campinas (S\u00e3o Paulo) S.E.R Dom Paulo S\u00e9rgio Machado, Bispo de S\u00e3o Carlos (S\u00e3o\u2026","rel":"","context":"Em &quot;Sem categoria&quot;","block_context":{"text":"Sem categoria","link":"https:\/\/diretodasacristia.com\/home\/c\/sem-categoria\/"},"img":{"alt_text":"","src":"","width":0,"height":0},"classes":[]}],"post_mailing_queue_ids":[],"_links":{"self":[{"href":"https:\/\/diretodasacristia.com\/home\/wp-json\/wp\/v2\/posts\/2475","targetHints":{"allow":["GET"]}}],"collection":[{"href":"https:\/\/diretodasacristia.com\/home\/wp-json\/wp\/v2\/posts"}],"about":[{"href":"https:\/\/diretodasacristia.com\/home\/wp-json\/wp\/v2\/types\/post"}],"author":[{"embeddable":true,"href":"https:\/\/diretodasacristia.com\/home\/wp-json\/wp\/v2\/users\/3"}],"replies":[{"embeddable":true,"href":"https:\/\/diretodasacristia.com\/home\/wp-json\/wp\/v2\/comments?post=2475"}],"version-history":[{"count":0,"href":"https:\/\/diretodasacristia.com\/home\/wp-json\/wp\/v2\/posts\/2475\/revisions"}],"wp:attachment":[{"href":"https:\/\/diretodasacristia.com\/home\/wp-json\/wp\/v2\/media?parent=2475"}],"wp:term":[{"taxonomy":"category","embeddable":true,"href":"https:\/\/diretodasacristia.com\/home\/wp-json\/wp\/v2\/categories?post=2475"},{"taxonomy":"post_tag","embeddable":true,"href":"https:\/\/diretodasacristia.com\/home\/wp-json\/wp\/v2\/tags?post=2475"}],"curies":[{"name":"wp","href":"https:\/\/api.w.org\/{rel}","templated":true}]}}