{"id":2479,"date":"2011-01-12T10:17:00","date_gmt":"2011-01-12T10:17:00","guid":{"rendered":"http:\/\/diretodasacristia.com\/home\/sem-categoria\/novo-arcebispo-primaz-do-brasil-2\/"},"modified":"2011-01-12T10:17:00","modified_gmt":"2011-01-12T10:17:00","slug":"novo-arcebispo-primaz-do-brasil-2","status":"publish","type":"post","link":"https:\/\/diretodasacristia.com\/home\/sem-categoria\/novo-arcebispo-primaz-do-brasil-2\/","title":{"rendered":"Novo Arcebispo Primaz do Brasil"},"content":{"rendered":"<p><span style=\"font-family:verdana;\"><br \/>Do <a href=\"http:\/\/press.catholica.va\/news_services\/bulletin\/news\/26686.php?index=26686&amp;lang=po#RINUNCIA%20DELL%E2%80%99ARCIVESCOVO%20DI%20S%C3%83O%20SALVADOR%20DA%20BAHIA%20%28BRASILE%29%20E%20NOMINA%20DEL%20SUCCESSORE\">boletim da Sala de Imprensa da Santa S\u00e9<\/a><\/p>\n<p><\/span> <\/p>\n<div style=\"text-align: center; font-weight: bold;\"><span style=\"font-family:verdana;\">Dom Murilo Krieger sucede ao Cardeal Geraldo Majella Agnelo<\/p>\n<p><\/span> <\/div>\n<div style=\"text-align: justify;\"><span style=\"font-family:verdana;\">O Santo Padre Bento XVI aceitou o pedido de ren\u00fancia ao governo pastoral da Arquidiocese de S\u00e3o Salvador da Bahia (Brasil) apresentada por Sua Em.cia Rev.ma o Senhor Cardeal Geraldo Magella Agnelo, em conformidade ao c\u00e2non 401 \u00a7 1 do C\u00f3digo de Direito Can\u00f4nico.<\/span> <span style=\"font-family:verdana;\"><\/p>\n<p><\/span><\/p>\n<div style=\"text-align: center;\"><a href=\"http:\/\/3.bp.blogspot.com\/_LTO5Qx1HyJc\/TS23eGUvZGI\/AAAAAAAABn8\/6BYG9EHYQy4\/s1600\/Dom%2BMurilo%2BKrieger.jpg\"><img decoding=\"async\" style=\"display: block; margin: 0px auto 10px; text-align: center; cursor: pointer; width: 212px; height: 320px;\" src=\"http:\/\/3.bp.blogspot.com\/_LTO5Qx1HyJc\/TS23eGUvZGI\/AAAAAAAABn8\/6BYG9EHYQy4\/s320\/Dom%2BMurilo%2BKrieger.jpg\" alt=\"\" id=\"BLOGGER_PHOTO_ID_5561302842593993826\" border=\"0\" \/><\/a><span style=\"font-size:85%;\"><span style=\"font-style: italic;font-family:verdana;\">Dom Murilo Krieger<\/span><br \/><span style=\"font-style: italic;font-family:verdana;\">Arcebispo nomeado de S\u00e3o Salvador da Bahia<\/span><\/span><\/div>\n<p><span style=\"font-family:verdana;\">O Papa nomeou Arcebispo Metropolitano de S\u00e3o Salvador da Bahia (Brasil) S.E.R. Dom Murilo Sebasti\u00e3o Ramos Krieger, professo da Congrega\u00e7\u00e3o do Sagrado Cora\u00e7\u00e3o, at\u00e9 agora Arcebispo de Florian\u00f3polis.<\/p>\n<p>Desde 2008, quando completou 75 anos de idade, o Cardeal Majella aguardava a aceita\u00e7\u00e3o de seu pedido de ren\u00fancia. At\u00e9 a posse do novo Arcebispo, ele governar\u00e1 a Arquidiocese Primaz e permanece como cardeal eleitor para um conclave nos pr\u00f3ximos 3 anos.<\/p>\n<p>S.E.R. Murilo Krieger tem 67 anos e nasceu em Brusque (Santa Catarina), no territ\u00f3rio pertencente \u00e0 Arquidiocese de Florian\u00f3polis. Ingressou no semin\u00e1rio da Congrega\u00e7\u00e3o do Sagrado Cora\u00e7\u00e3o de Jesus, onde frequentou os estudos de primeiro e segundo graus. Completou os estudos de Filosofia no convento da Congrega\u00e7\u00e3o em Brusque e os de Teologia em Taubat\u00e9. Licenciou-se em Espiritualidade em Roma.<br \/>Em 02 fevereiro 1967 emitiu a profiss\u00e3o perp\u00e9tua na Congrega\u00e7\u00e3o dos Sacerdotes do Sagrado Cora\u00e7\u00e3o de Jesus e em 07 dezembro 1969 recebeu a ordena\u00e7\u00e3o presbiteral. Entre outros cargos, foi vice-p\u00e1roco em Taubat\u00e9, Reitor do Instituto Teol\u00f3gico Dehoniano naquela mesma cidade e Superior Provincial da Prov\u00edncia brasileira meridional de sua Congrega\u00e7\u00e3o.<br \/>Em 16 fevereiro 1985 foi eleito \u00e0 sede titular de Lysinia, como Bispo auxiliar de Florian\u00f3polis; em 28 abril seguinte recebeu a sagra\u00e7\u00e3o episcopal de S.E.R. Dom Alfonso Niehues, Arcebispo de Florian\u00f3polis, Dom Honorato Piazera, Bispo de Lages e do Cardeal Eus\u00e9bio Oscar Scheid, ent\u00e3o Bispo de S\u00e3o Jos\u00e9 dos Campos.<br \/>Em 08 maio 1991 foi nomeado Bispo de Ponta Grossa (Paran\u00e1 &#8211; Brasil).<br \/>Em 07 maio 1997 foi transferido para o s\u00f3lio da Arquidiocese de Maring\u00e1 (Paran\u00e1), onde tomou posse em 11 julho seguinte.<br \/>Em 20 fevereiro 2002 foi nomeado Arcebispo Metropolitano de Florian\u00f3polis (Santa Catarina), onde recebeu em 2006 o Congresso Eucar\u00edstico Nacional.<\/p>\n<p>Agora, governar\u00e1 a primeira diocese a ser criada no Brasil, com 3,5 milh\u00f5es de almas, de 112 par\u00f3quias e 4 capelanias militares, residentes em 15 munic\u00edpios. Para tanto, ser\u00e1 auxiliado por S.E.R. Dom Greg\u00f3rio Paix\u00e3o (o \u00fanico auxiliar, depois da transfer\u00eancia dos outros dois), e seu b\u00e1culo governar\u00e1 250 padres (seculares e religiosos). Como prescreve o Cerimonial dos Bispos e as leis can\u00f4nicas, ele dever\u00e1 t\u00e3o logo solicitar o p\u00e1lio arquiepiscopal, mesmo j\u00e1 possuindo um de seu governo em Florian\u00f3polis, o qual dever\u00e1 ser-lhe imposto pelo Romano Pont\u00edfice na Bas\u00edlica Vaticana, na Missa da Solenidade dos Ap\u00f3stolos Pedro e Paulo. Por ocupar a sede primaz do Brasil e, sendo esta h\u00e1 tempos sede cardinal\u00edcia, provavelmente o novo Arcebispo ter\u00e1 seu nome elencado entre os novos cardeais do pr\u00f3prio consist\u00f3rio convocado pelo Santo Padre.<\/p>\n<p>Ultimamente, o Papa Bento XVI tem causado surpresa em suas nomea\u00e7\u00f5es episcopais. Esta n\u00e3o \u00e9 a primeira vez que \u00e9 aguardado um nome e outro \u00e9 nomeado para algum cargo. H\u00e1 tempos que era comentado o nome de um arcebispo brasileiro que fora bispo auxiliar de Salvador&#8230;<\/p>\n<p><\/span><\/p>\n<div style=\"text-align: center;\"><a href=\"http:\/\/2.bp.blogspot.com\/_LTO5Qx1HyJc\/TS26HxN3FjI\/AAAAAAAABoE\/V8QDwu9IXO4\/s1600\/Catedral-Bas%25C3%25ADlica%2BPrimacial%2BSalvador.jpg\"><img decoding=\"async\" style=\"display: block; margin: 0px auto 10px; text-align: center; cursor: pointer; width: 320px; height: 180px;\" src=\"http:\/\/2.bp.blogspot.com\/_LTO5Qx1HyJc\/TS26HxN3FjI\/AAAAAAAABoE\/V8QDwu9IXO4\/s320\/Catedral-Bas%25C3%25ADlica%2BPrimacial%2BSalvador.jpg\" alt=\"\" id=\"BLOGGER_PHOTO_ID_5561305757505754674\" border=\"0\" \/><\/a><span style=\"font-size:85%;\"><span style=\"font-family: verdana; font-style: italic;\">Bas\u00edlica S\u00e3o Salvador &#8211; Bahia<\/span><br \/><span style=\"font-family: verdana; font-style: italic;\">Catedral da Arquidiocese de S\u00e3o Salvador da Bahia<\/span><br \/><span style=\"font-family: verdana; font-style: italic;\">Primacial do Brasil<\/span><\/span><\/div>\n<p><span style=\"font-family:verdana;\"><br \/>A posse can\u00f4nica ocorrer\u00e1 no dia 25 mar\u00e7o pr\u00f3ximo, Solenidade da Anuncia\u00e7\u00e3o do Senhor, na Catedral-Bas\u00edlica Primacial de S\u00e3o Salvador.<\/p>\n<p><\/span><\/div>\n","protected":false},"excerpt":{"rendered":"Do boletim da Sala de Imprensa da Santa S\u00e9 Dom Murilo Krieger sucede ao Cardeal Geraldo Majella Agnelo O Santo Padre Bento XVI aceitou o pedido de ren\u00fancia ao governo pastoral da Arquidiocese de S\u00e3o Salvador da Bahia (Brasil) apresentada por Sua Em.cia Rev.ma o Senhor Cardeal Geraldo Magella Agnelo, em conformidade ao c\u00e2non 401&#8230; <a class=\"view-article\" href=\"https:\/\/diretodasacristia.com\/home\/sem-categoria\/novo-arcebispo-primaz-do-brasil-2\/\">Ver artigo<\/a>","protected":false},"author":3,"featured_media":0,"comment_status":"open","ping_status":"open","sticky":false,"template":"","format":"standard","meta":{"jetpack_post_was_ever_published":false,"_jetpack_newsletter_access":"","_jetpack_dont_email_post_to_subs":false,"_jetpack_newsletter_tier_id":0,"_jetpack_memberships_contains_paywalled_content":false,"_jetpack_memberships_contains_paid_content":false,"_joinchat":[],"footnotes":"","jetpack_publicize_message":"","jetpack_publicize_feature_enabled":true,"jetpack_social_post_already_shared":false,"jetpack_social_options":{"image_generator_settings":{"template":"highway","default_image_id":0,"font":"","enabled":false},"version":2}},"categories":[1],"tags":[],"class_list":["post-2479","post","type-post","status-publish","format-standard","hentry","category-sem-categoria"],"yoast_head":"<!-- This site is optimized with the Yoast SEO plugin v27.4 - https:\/\/yoast.com\/product\/yoast-seo-wordpress\/ -->\n<title>Novo Arcebispo Primaz do Brasil - Direto da Sacristia<\/title>\n<meta name=\"robots\" content=\"index, follow, max-snippet:-1, max-image-preview:large, max-video-preview:-1\" \/>\n<link rel=\"canonical\" href=\"https:\/\/diretodasacristia.com\/home\/sem-categoria\/novo-arcebispo-primaz-do-brasil-2\/\" \/>\n<meta property=\"og:locale\" content=\"pt_BR\" \/>\n<meta property=\"og:type\" content=\"article\" \/>\n<meta property=\"og:title\" content=\"Novo Arcebispo Primaz do Brasil - Direto da Sacristia\" \/>\n<meta property=\"og:description\" content=\"Do boletim da Sala de Imprensa da Santa S\u00e9 Dom Murilo Krieger sucede ao Cardeal Geraldo Majella Agnelo O Santo Padre Bento XVI aceitou o pedido de ren\u00fancia ao governo pastoral da Arquidiocese de S\u00e3o Salvador da Bahia (Brasil) apresentada por Sua Em.cia Rev.ma o Senhor Cardeal Geraldo Magella Agnelo, em conformidade ao c\u00e2non 401... Ver artigo\" \/>\n<meta property=\"og:url\" content=\"https:\/\/diretodasacristia.com\/home\/sem-categoria\/novo-arcebispo-primaz-do-brasil-2\/\" \/>\n<meta property=\"og:site_name\" content=\"Direto da Sacristia\" \/>\n<meta property=\"article:publisher\" content=\"https:\/\/www.facebook.com\/DiretoSacristia\" \/>\n<meta property=\"article:published_time\" content=\"2011-01-12T10:17:00+00:00\" \/>\n<meta property=\"og:image\" content=\"http:\/\/3.bp.blogspot.com\/_LTO5Qx1HyJc\/TS23eGUvZGI\/AAAAAAAABn8\/6BYG9EHYQy4\/s320\/Dom%2BMurilo%2BKrieger.jpg\" \/>\n<meta name=\"author\" content=\"E. Mar\u00e7al\" \/>\n<meta name=\"twitter:card\" content=\"summary_large_image\" \/>\n<meta name=\"twitter:creator\" content=\"@diretosacristia\" \/>\n<meta name=\"twitter:site\" content=\"@diretosacristia\" \/>\n<meta name=\"twitter:label1\" content=\"Escrito por\" \/>\n\t<meta name=\"twitter:data1\" content=\"E. Mar\u00e7al\" \/>\n\t<meta name=\"twitter:label2\" content=\"Est. tempo de leitura\" \/>\n\t<meta name=\"twitter:data2\" content=\"3 minutos\" \/>\n<script type=\"application\/ld+json\" class=\"yoast-schema-graph\">{\"@context\":\"https:\\\/\\\/schema.org\",\"@graph\":[{\"@type\":\"Article\",\"@id\":\"https:\\\/\\\/diretodasacristia.com\\\/home\\\/sem-categoria\\\/novo-arcebispo-primaz-do-brasil-2\\\/#article\",\"isPartOf\":{\"@id\":\"https:\\\/\\\/diretodasacristia.com\\\/home\\\/sem-categoria\\\/novo-arcebispo-primaz-do-brasil-2\\\/\"},\"author\":{\"name\":\"E. Mar\u00e7al\",\"@id\":\"https:\\\/\\\/diretodasacristia.com\\\/home\\\/#\\\/schema\\\/person\\\/3d453ef1f7d57c0bb0990b8070642721\"},\"headline\":\"Novo Arcebispo Primaz do Brasil\",\"datePublished\":\"2011-01-12T10:17:00+00:00\",\"mainEntityOfPage\":{\"@id\":\"https:\\\/\\\/diretodasacristia.com\\\/home\\\/sem-categoria\\\/novo-arcebispo-primaz-do-brasil-2\\\/\"},\"wordCount\":622,\"commentCount\":0,\"publisher\":{\"@id\":\"https:\\\/\\\/diretodasacristia.com\\\/home\\\/#organization\"},\"image\":{\"@id\":\"https:\\\/\\\/diretodasacristia.com\\\/home\\\/sem-categoria\\\/novo-arcebispo-primaz-do-brasil-2\\\/#primaryimage\"},\"thumbnailUrl\":\"http:\\\/\\\/3.bp.blogspot.com\\\/_LTO5Qx1HyJc\\\/TS23eGUvZGI\\\/AAAAAAAABn8\\\/6BYG9EHYQy4\\\/s320\\\/Dom%2BMurilo%2BKrieger.jpg\",\"inLanguage\":\"pt-BR\",\"potentialAction\":[{\"@type\":\"CommentAction\",\"name\":\"Comment\",\"target\":[\"https:\\\/\\\/diretodasacristia.com\\\/home\\\/sem-categoria\\\/novo-arcebispo-primaz-do-brasil-2\\\/#respond\"]}]},{\"@type\":\"WebPage\",\"@id\":\"https:\\\/\\\/diretodasacristia.com\\\/home\\\/sem-categoria\\\/novo-arcebispo-primaz-do-brasil-2\\\/\",\"url\":\"https:\\\/\\\/diretodasacristia.com\\\/home\\\/sem-categoria\\\/novo-arcebispo-primaz-do-brasil-2\\\/\",\"name\":\"Novo Arcebispo Primaz do Brasil - Direto da Sacristia\",\"isPartOf\":{\"@id\":\"https:\\\/\\\/diretodasacristia.com\\\/home\\\/#website\"},\"primaryImageOfPage\":{\"@id\":\"https:\\\/\\\/diretodasacristia.com\\\/home\\\/sem-categoria\\\/novo-arcebispo-primaz-do-brasil-2\\\/#primaryimage\"},\"image\":{\"@id\":\"https:\\\/\\\/diretodasacristia.com\\\/home\\\/sem-categoria\\\/novo-arcebispo-primaz-do-brasil-2\\\/#primaryimage\"},\"thumbnailUrl\":\"http:\\\/\\\/3.bp.blogspot.com\\\/_LTO5Qx1HyJc\\\/TS23eGUvZGI\\\/AAAAAAAABn8\\\/6BYG9EHYQy4\\\/s320\\\/Dom%2BMurilo%2BKrieger.jpg\",\"datePublished\":\"2011-01-12T10:17:00+00:00\",\"breadcrumb\":{\"@id\":\"https:\\\/\\\/diretodasacristia.com\\\/home\\\/sem-categoria\\\/novo-arcebispo-primaz-do-brasil-2\\\/#breadcrumb\"},\"inLanguage\":\"pt-BR\",\"potentialAction\":[{\"@type\":\"ReadAction\",\"target\":[\"https:\\\/\\\/diretodasacristia.com\\\/home\\\/sem-categoria\\\/novo-arcebispo-primaz-do-brasil-2\\\/\"]}]},{\"@type\":\"ImageObject\",\"inLanguage\":\"pt-BR\",\"@id\":\"https:\\\/\\\/diretodasacristia.com\\\/home\\\/sem-categoria\\\/novo-arcebispo-primaz-do-brasil-2\\\/#primaryimage\",\"url\":\"http:\\\/\\\/3.bp.blogspot.com\\\/_LTO5Qx1HyJc\\\/TS23eGUvZGI\\\/AAAAAAAABn8\\\/6BYG9EHYQy4\\\/s320\\\/Dom%2BMurilo%2BKrieger.jpg\",\"contentUrl\":\"http:\\\/\\\/3.bp.blogspot.com\\\/_LTO5Qx1HyJc\\\/TS23eGUvZGI\\\/AAAAAAAABn8\\\/6BYG9EHYQy4\\\/s320\\\/Dom%2BMurilo%2BKrieger.jpg\"},{\"@type\":\"BreadcrumbList\",\"@id\":\"https:\\\/\\\/diretodasacristia.com\\\/home\\\/sem-categoria\\\/novo-arcebispo-primaz-do-brasil-2\\\/#breadcrumb\",\"itemListElement\":[{\"@type\":\"ListItem\",\"position\":1,\"name\":\"In\u00edcio\",\"item\":\"https:\\\/\\\/diretodasacristia.com\\\/home\\\/\"},{\"@type\":\"ListItem\",\"position\":2,\"name\":\"Novo Arcebispo Primaz do Brasil\"}]},{\"@type\":\"WebSite\",\"@id\":\"https:\\\/\\\/diretodasacristia.com\\\/home\\\/#website\",\"url\":\"https:\\\/\\\/diretodasacristia.com\\\/home\\\/\",\"name\":\"Direto da Sacristia\",\"description\":\"Not\u00edcias e artigos sobre a f\u00e9 cat\u00f3lica\",\"publisher\":{\"@id\":\"https:\\\/\\\/diretodasacristia.com\\\/home\\\/#organization\"},\"potentialAction\":[{\"@type\":\"SearchAction\",\"target\":{\"@type\":\"EntryPoint\",\"urlTemplate\":\"https:\\\/\\\/diretodasacristia.com\\\/home\\\/?s={search_term_string}\"},\"query-input\":{\"@type\":\"PropertyValueSpecification\",\"valueRequired\":true,\"valueName\":\"search_term_string\"}}],\"inLanguage\":\"pt-BR\"},{\"@type\":\"Organization\",\"@id\":\"https:\\\/\\\/diretodasacristia.com\\\/home\\\/#organization\",\"name\":\"Direto da Sacristia\",\"url\":\"https:\\\/\\\/diretodasacristia.com\\\/home\\\/\",\"logo\":{\"@type\":\"ImageObject\",\"inLanguage\":\"pt-BR\",\"@id\":\"https:\\\/\\\/diretodasacristia.com\\\/home\\\/#\\\/schema\\\/logo\\\/image\\\/\",\"url\":\"https:\\\/\\\/i0.wp.com\\\/diretodasacristia.com\\\/home\\\/wp-content\\\/uploads\\\/2012\\\/01\\\/marca-sacristia.png?fit=320%2C306&ssl=1\",\"contentUrl\":\"https:\\\/\\\/i0.wp.com\\\/diretodasacristia.com\\\/home\\\/wp-content\\\/uploads\\\/2012\\\/01\\\/marca-sacristia.png?fit=320%2C306&ssl=1\",\"width\":\"320\",\"height\":\"306\",\"caption\":\"Direto da Sacristia\"},\"image\":{\"@id\":\"https:\\\/\\\/diretodasacristia.com\\\/home\\\/#\\\/schema\\\/logo\\\/image\\\/\"},\"sameAs\":[\"https:\\\/\\\/www.facebook.com\\\/DiretoSacristia\",\"https:\\\/\\\/x.com\\\/diretosacristia\",\"https:\\\/\\\/www.instagram.com\\\/diretodasacristia\\\/\",\"https:\\\/\\\/www.youtube.com\\\/diretodasacristia\"]},{\"@type\":\"Person\",\"@id\":\"https:\\\/\\\/diretodasacristia.com\\\/home\\\/#\\\/schema\\\/person\\\/3d453ef1f7d57c0bb0990b8070642721\",\"name\":\"E. Mar\u00e7al\",\"image\":{\"@type\":\"ImageObject\",\"inLanguage\":\"pt-BR\",\"@id\":\"https:\\\/\\\/secure.gravatar.com\\\/avatar\\\/348ff80a5ddde3de6c8b6e0c5b066b733f9245285d9ab87cd2e2ff652ffa95b0?s=96&d=mm&r=g\",\"url\":\"https:\\\/\\\/secure.gravatar.com\\\/avatar\\\/348ff80a5ddde3de6c8b6e0c5b066b733f9245285d9ab87cd2e2ff652ffa95b0?s=96&d=mm&r=g\",\"contentUrl\":\"https:\\\/\\\/secure.gravatar.com\\\/avatar\\\/348ff80a5ddde3de6c8b6e0c5b066b733f9245285d9ab87cd2e2ff652ffa95b0?s=96&d=mm&r=g\",\"caption\":\"E. Mar\u00e7al\"},\"url\":\"https:\\\/\\\/diretodasacristia.com\\\/home\\\/author\\\/erick\\\/\"}]}<\/script>\n<!-- \/ Yoast SEO plugin. -->","yoast_head_json":{"title":"Novo Arcebispo Primaz do Brasil - Direto da Sacristia","robots":{"index":"index","follow":"follow","max-snippet":"max-snippet:-1","max-image-preview":"max-image-preview:large","max-video-preview":"max-video-preview:-1"},"canonical":"https:\/\/diretodasacristia.com\/home\/sem-categoria\/novo-arcebispo-primaz-do-brasil-2\/","og_locale":"pt_BR","og_type":"article","og_title":"Novo Arcebispo Primaz do Brasil - Direto da Sacristia","og_description":"Do boletim da Sala de Imprensa da Santa S\u00e9 Dom Murilo Krieger sucede ao Cardeal Geraldo Majella Agnelo O Santo Padre Bento XVI aceitou o pedido de ren\u00fancia ao governo pastoral da Arquidiocese de S\u00e3o Salvador da Bahia (Brasil) apresentada por Sua Em.cia Rev.ma o Senhor Cardeal Geraldo Magella Agnelo, em conformidade ao c\u00e2non 401... Ver artigo","og_url":"https:\/\/diretodasacristia.com\/home\/sem-categoria\/novo-arcebispo-primaz-do-brasil-2\/","og_site_name":"Direto da Sacristia","article_publisher":"https:\/\/www.facebook.com\/DiretoSacristia","article_published_time":"2011-01-12T10:17:00+00:00","og_image":[{"url":"http:\/\/3.bp.blogspot.com\/_LTO5Qx1HyJc\/TS23eGUvZGI\/AAAAAAAABn8\/6BYG9EHYQy4\/s320\/Dom%2BMurilo%2BKrieger.jpg","type":"","width":"","height":""}],"author":"E. Mar\u00e7al","twitter_card":"summary_large_image","twitter_creator":"@diretosacristia","twitter_site":"@diretosacristia","twitter_misc":{"Escrito por":"E. Mar\u00e7al","Est. tempo de leitura":"3 minutos"},"schema":{"@context":"https:\/\/schema.org","@graph":[{"@type":"Article","@id":"https:\/\/diretodasacristia.com\/home\/sem-categoria\/novo-arcebispo-primaz-do-brasil-2\/#article","isPartOf":{"@id":"https:\/\/diretodasacristia.com\/home\/sem-categoria\/novo-arcebispo-primaz-do-brasil-2\/"},"author":{"name":"E. Mar\u00e7al","@id":"https:\/\/diretodasacristia.com\/home\/#\/schema\/person\/3d453ef1f7d57c0bb0990b8070642721"},"headline":"Novo Arcebispo Primaz do Brasil","datePublished":"2011-01-12T10:17:00+00:00","mainEntityOfPage":{"@id":"https:\/\/diretodasacristia.com\/home\/sem-categoria\/novo-arcebispo-primaz-do-brasil-2\/"},"wordCount":622,"commentCount":0,"publisher":{"@id":"https:\/\/diretodasacristia.com\/home\/#organization"},"image":{"@id":"https:\/\/diretodasacristia.com\/home\/sem-categoria\/novo-arcebispo-primaz-do-brasil-2\/#primaryimage"},"thumbnailUrl":"http:\/\/3.bp.blogspot.com\/_LTO5Qx1HyJc\/TS23eGUvZGI\/AAAAAAAABn8\/6BYG9EHYQy4\/s320\/Dom%2BMurilo%2BKrieger.jpg","inLanguage":"pt-BR","potentialAction":[{"@type":"CommentAction","name":"Comment","target":["https:\/\/diretodasacristia.com\/home\/sem-categoria\/novo-arcebispo-primaz-do-brasil-2\/#respond"]}]},{"@type":"WebPage","@id":"https:\/\/diretodasacristia.com\/home\/sem-categoria\/novo-arcebispo-primaz-do-brasil-2\/","url":"https:\/\/diretodasacristia.com\/home\/sem-categoria\/novo-arcebispo-primaz-do-brasil-2\/","name":"Novo Arcebispo Primaz do Brasil - Direto da Sacristia","isPartOf":{"@id":"https:\/\/diretodasacristia.com\/home\/#website"},"primaryImageOfPage":{"@id":"https:\/\/diretodasacristia.com\/home\/sem-categoria\/novo-arcebispo-primaz-do-brasil-2\/#primaryimage"},"image":{"@id":"https:\/\/diretodasacristia.com\/home\/sem-categoria\/novo-arcebispo-primaz-do-brasil-2\/#primaryimage"},"thumbnailUrl":"http:\/\/3.bp.blogspot.com\/_LTO5Qx1HyJc\/TS23eGUvZGI\/AAAAAAAABn8\/6BYG9EHYQy4\/s320\/Dom%2BMurilo%2BKrieger.jpg","datePublished":"2011-01-12T10:17:00+00:00","breadcrumb":{"@id":"https:\/\/diretodasacristia.com\/home\/sem-categoria\/novo-arcebispo-primaz-do-brasil-2\/#breadcrumb"},"inLanguage":"pt-BR","potentialAction":[{"@type":"ReadAction","target":["https:\/\/diretodasacristia.com\/home\/sem-categoria\/novo-arcebispo-primaz-do-brasil-2\/"]}]},{"@type":"ImageObject","inLanguage":"pt-BR","@id":"https:\/\/diretodasacristia.com\/home\/sem-categoria\/novo-arcebispo-primaz-do-brasil-2\/#primaryimage","url":"http:\/\/3.bp.blogspot.com\/_LTO5Qx1HyJc\/TS23eGUvZGI\/AAAAAAAABn8\/6BYG9EHYQy4\/s320\/Dom%2BMurilo%2BKrieger.jpg","contentUrl":"http:\/\/3.bp.blogspot.com\/_LTO5Qx1HyJc\/TS23eGUvZGI\/AAAAAAAABn8\/6BYG9EHYQy4\/s320\/Dom%2BMurilo%2BKrieger.jpg"},{"@type":"BreadcrumbList","@id":"https:\/\/diretodasacristia.com\/home\/sem-categoria\/novo-arcebispo-primaz-do-brasil-2\/#breadcrumb","itemListElement":[{"@type":"ListItem","position":1,"name":"In\u00edcio","item":"https:\/\/diretodasacristia.com\/home\/"},{"@type":"ListItem","position":2,"name":"Novo Arcebispo Primaz do Brasil"}]},{"@type":"WebSite","@id":"https:\/\/diretodasacristia.com\/home\/#website","url":"https:\/\/diretodasacristia.com\/home\/","name":"Direto da Sacristia","description":"Not\u00edcias e artigos sobre a f\u00e9 cat\u00f3lica","publisher":{"@id":"https:\/\/diretodasacristia.com\/home\/#organization"},"potentialAction":[{"@type":"SearchAction","target":{"@type":"EntryPoint","urlTemplate":"https:\/\/diretodasacristia.com\/home\/?s={search_term_string}"},"query-input":{"@type":"PropertyValueSpecification","valueRequired":true,"valueName":"search_term_string"}}],"inLanguage":"pt-BR"},{"@type":"Organization","@id":"https:\/\/diretodasacristia.com\/home\/#organization","name":"Direto da Sacristia","url":"https:\/\/diretodasacristia.com\/home\/","logo":{"@type":"ImageObject","inLanguage":"pt-BR","@id":"https:\/\/diretodasacristia.com\/home\/#\/schema\/logo\/image\/","url":"https:\/\/i0.wp.com\/diretodasacristia.com\/home\/wp-content\/uploads\/2012\/01\/marca-sacristia.png?fit=320%2C306&ssl=1","contentUrl":"https:\/\/i0.wp.com\/diretodasacristia.com\/home\/wp-content\/uploads\/2012\/01\/marca-sacristia.png?fit=320%2C306&ssl=1","width":"320","height":"306","caption":"Direto da Sacristia"},"image":{"@id":"https:\/\/diretodasacristia.com\/home\/#\/schema\/logo\/image\/"},"sameAs":["https:\/\/www.facebook.com\/DiretoSacristia","https:\/\/x.com\/diretosacristia","https:\/\/www.instagram.com\/diretodasacristia\/","https:\/\/www.youtube.com\/diretodasacristia"]},{"@type":"Person","@id":"https:\/\/diretodasacristia.com\/home\/#\/schema\/person\/3d453ef1f7d57c0bb0990b8070642721","name":"E. Mar\u00e7al","image":{"@type":"ImageObject","inLanguage":"pt-BR","@id":"https:\/\/secure.gravatar.com\/avatar\/348ff80a5ddde3de6c8b6e0c5b066b733f9245285d9ab87cd2e2ff652ffa95b0?s=96&d=mm&r=g","url":"https:\/\/secure.gravatar.com\/avatar\/348ff80a5ddde3de6c8b6e0c5b066b733f9245285d9ab87cd2e2ff652ffa95b0?s=96&d=mm&r=g","contentUrl":"https:\/\/secure.gravatar.com\/avatar\/348ff80a5ddde3de6c8b6e0c5b066b733f9245285d9ab87cd2e2ff652ffa95b0?s=96&d=mm&r=g","caption":"E. Mar\u00e7al"},"url":"https:\/\/diretodasacristia.com\/home\/author\/erick\/"}]}},"jetpack_publicize_connections":[],"jetpack_featured_media_url":"","jetpack_sharing_enabled":true,"jetpack_shortlink":"https:\/\/wp.me\/p24aG7-DZ","jetpack-related-posts":[{"id":2501,"url":"https:\/\/diretodasacristia.com\/home\/sem-categoria\/aprovada-beatificacao-de-irma-dulce-2\/","url_meta":{"origin":2479,"position":0},"title":"Aprovada beatifica\u00e7\u00e3o de Irm\u00e3 Dulce","author":"E. Mar\u00e7al","date":"28 de outubro de 2010","format":false,"excerpt":"Informa\u00e7\u00f5es do seminarista Carlos Donato, da It\u00e1liaConfirma\u00e7\u00e3o de milagre atribu\u00eddo \u00e0 religiosa foi anunciada ontem em RomaBeatos os pobres em esp\u00edrito porque estes ver\u00e3o a Deus!Vener\u00e1vel Irm\u00e3 DulceCom esse ato oficial, do reconhecimento e aceita\u00e7\u00e3o do milagre por parte do Santo Padre, a Congrega\u00e7\u00e3o para a Causa dos Santos emite\u2026","rel":"","context":"Em &quot;Sem categoria&quot;","block_context":{"text":"Sem categoria","link":"https:\/\/diretodasacristia.com\/home\/c\/sem-categoria\/"},"img":{"alt_text":"","src":"","width":0,"height":0},"classes":[]},{"id":2486,"url":"https:\/\/diretodasacristia.com\/home\/sem-categoria\/nova-diocese-no-brasil-2\/","url_meta":{"origin":2479,"position":1},"title":"Nova diocese no Brasil","author":"E. Mar\u00e7al","date":"15 de dezembro de 2010","format":false,"excerpt":"Do boletim da Sala de Impresa da Santa S\u00e9Nomea\u00e7\u00f5es episcopais e outros atos can\u00f4nicos Hoje o episcopado brasileiro apresenta duas nomea\u00e7\u00f5es. Com elas, o Arcebispado de Salvador perde dois bispos auxiliares. Isso deve-se \u00e0 nomea\u00e7\u00e3o de um como o primeiro bispo de uma diocese na Bahia, e \u00e0 nomea\u00e7\u00e3o do\u2026","rel":"","context":"Em &quot;Sem categoria&quot;","block_context":{"text":"Sem categoria","link":"https:\/\/diretodasacristia.com\/home\/c\/sem-categoria\/"},"img":{"alt_text":"","src":"","width":0,"height":0},"classes":[]},{"id":3326,"url":"https:\/\/diretodasacristia.com\/home\/brasil\/sagrados-os-bispos-de-jequie-e-de-aracuai\/","url_meta":{"origin":2479,"position":2},"title":"Sagrados os bispos de Jequi\u00e9 e de Ara\u00e7ua\u00ed","author":"E. Mar\u00e7al","date":"10 de setembro de 2012","format":false,"excerpt":"Rezemos pela fidelidade dos bispos recentemente sagrados, tal como prometeram, e, assim, pela esperada fecundidade de seu minist\u00e9rio episcopal como acontece a todos aqueles que s\u00e3o fi\u00e9is ao Pastor de nossas almas e ao Seu Vig\u00e1rio aqui na terra, chefe vis\u00edvel da Igreja.","rel":"","context":"Em &quot;Brasil&quot;","block_context":{"text":"Brasil","link":"https:\/\/diretodasacristia.com\/home\/c\/brasil\/"},"img":{"alt_text":"","src":"https:\/\/i0.wp.com\/diretodasacristia.com\/home\/wp-content\/uploads\/2012\/09\/Dom-Jos%C3%A9-Ruy.jpg?resize=350%2C200","width":350,"height":200},"classes":[]},{"id":2503,"url":"https:\/\/diretodasacristia.com\/home\/sem-categoria\/novos-cardeais-para-a-igreja-2\/","url_meta":{"origin":2479,"position":3},"title":"Novos cardeais para a Igreja","author":"E. Mar\u00e7al","date":"20 de outubro de 2010","format":false,"excerpt":"Do Fratres in unum e do boletim da Sala de Imprensa da Santa S\u00e9 Bento XVI anuncia consist\u00f3rio p\u00fablico para a cria\u00e7\u00e3o de cardeais na Solenidade de Cristo Rei do universoO C\u00f3digo de Direito Can\u00f4nico, sabiamente, define o perfil dos candidatos ao cardinalato da Santa Igreja Romana:_____________C\u00e2n. 351 \u00a7 1.\u2026","rel":"","context":"Em &quot;Sem categoria&quot;","block_context":{"text":"Sem categoria","link":"https:\/\/diretodasacristia.com\/home\/c\/sem-categoria\/"},"img":{"alt_text":"","src":"","width":0,"height":0},"classes":[]},{"id":240,"url":"https:\/\/diretodasacristia.com\/home\/brasil\/cruz-e-icone-da-jmj-no-brasil\/","url_meta":{"origin":2479,"position":4},"title":"Cruz e \u00cdcone da JMJ no Brasil","author":"E. Mar\u00e7al","date":"20 de setembro de 2011","format":false,"excerpt":"Com informa\u00e7\u00f5es do\u00a0Jovens Conectados Fotos\u00a0Flickr\u00a0da Arquidiocese de S\u00e3o Paulo Sacerdote da Arquidiocese de S\u00e3o Paulo mostra a camisa do Evento Mesmo sem a inten\u00e7\u00e3o de criticar alguma coisa em tudo, \u00e9 de se notar que o nome \"Bote F\u00e9\"\u00a0n\u00e3o foi o melhor\u00a0para intitular as atividades do recebimento da Cruz peregrina\u2026","rel":"","context":"Em &quot;Brasil&quot;","block_context":{"text":"Brasil","link":"https:\/\/diretodasacristia.com\/home\/c\/brasil\/"},"img":{"alt_text":"","src":"https:\/\/i0.wp.com\/farm7.static.flickr.com\/6161\/6142156853_02e2255d08_b_d.jpg?resize=350%2C200","width":350,"height":200},"classes":[]},{"id":2508,"url":"https:\/\/diretodasacristia.com\/home\/sem-categoria\/renuncias-e-nomeacoes\/","url_meta":{"origin":2479,"position":5},"title":"Ren\u00fancias e nomea\u00e7\u00f5es","author":"E. Mar\u00e7al","date":"7 de outubro de 2010","format":false,"excerpt":"Do boletim da Sala de Imprensa da Santa S\u00e9Ren\u00fancia do Prefeito da Congrega\u00e7\u00e3o para o Clero e nomea\u00e7\u00e3o do sucessorSua Emin\u00eancia Cardeal Cl\u00e1udio HummesPrefeito em\u00e9rito da Congrega\u00e7\u00e3o para o CleroArcebispo em\u00e9rito de S\u00e3o Paulo - BrasilS.E.R. Mons. Mauro PiacenzaArcebispo Titular de Victoriananomeado Prefeito da Congrega\u00e7\u00e3o para o Clero O Santo\u2026","rel":"","context":"Em &quot;Sem categoria&quot;","block_context":{"text":"Sem categoria","link":"https:\/\/diretodasacristia.com\/home\/c\/sem-categoria\/"},"img":{"alt_text":"","src":"","width":0,"height":0},"classes":[]}],"post_mailing_queue_ids":[],"_links":{"self":[{"href":"https:\/\/diretodasacristia.com\/home\/wp-json\/wp\/v2\/posts\/2479","targetHints":{"allow":["GET"]}}],"collection":[{"href":"https:\/\/diretodasacristia.com\/home\/wp-json\/wp\/v2\/posts"}],"about":[{"href":"https:\/\/diretodasacristia.com\/home\/wp-json\/wp\/v2\/types\/post"}],"author":[{"embeddable":true,"href":"https:\/\/diretodasacristia.com\/home\/wp-json\/wp\/v2\/users\/3"}],"replies":[{"embeddable":true,"href":"https:\/\/diretodasacristia.com\/home\/wp-json\/wp\/v2\/comments?post=2479"}],"version-history":[{"count":0,"href":"https:\/\/diretodasacristia.com\/home\/wp-json\/wp\/v2\/posts\/2479\/revisions"}],"wp:attachment":[{"href":"https:\/\/diretodasacristia.com\/home\/wp-json\/wp\/v2\/media?parent=2479"}],"wp:term":[{"taxonomy":"category","embeddable":true,"href":"https:\/\/diretodasacristia.com\/home\/wp-json\/wp\/v2\/categories?post=2479"},{"taxonomy":"post_tag","embeddable":true,"href":"https:\/\/diretodasacristia.com\/home\/wp-json\/wp\/v2\/tags?post=2479"}],"curies":[{"name":"wp","href":"https:\/\/api.w.org\/{rel}","templated":true}]}}