{"id":2483,"date":"2011-01-04T01:52:00","date_gmt":"2011-01-04T01:52:00","guid":{"rendered":"http:\/\/diretodasacristia.com\/home\/sem-categoria\/cardeal-koch-toma-posse-do-seu-titulo-diaconal-2\/"},"modified":"2011-01-04T01:52:00","modified_gmt":"2011-01-04T01:52:00","slug":"cardeal-koch-toma-posse-do-seu-titulo-diaconal-2","status":"publish","type":"post","link":"https:\/\/diretodasacristia.com\/home\/sem-categoria\/cardeal-koch-toma-posse-do-seu-titulo-diaconal-2\/","title":{"rendered":"Cardeal Koch toma posse do seu t\u00edtulo diaconal"},"content":{"rendered":"<p><span style=\"font-family: verdana;font-family:verdana;\"><br \/>Da ag\u00eancia <a href=\"http:\/\/www.gaudiumpress.org\/view\/show\/22319-cardeal-koch-toma-posse-da-diaconia-do-santuario-de-nossa-senhora-do-sagrado-coracao-em-roma\">Gaudium Press<\/a><\/span><\/p>\n<div style=\"text-align: right; font-family: verdana;\">Fotos da <a href=\"http:\/\/www.catholicpressphoto.com\/servizi\/2011-01-01%20Presa%20possesso%20Koch\/default.htm\">Catholic Press Photo  <\/a><\/div>\n<div style=\"text-align: center; font-family: verdana;font-family:verdana;\"><span style=\"font-weight: bold;\"><\/p>\n<p>Cerim\u00f4nia aconteceu no s\u00e1bado passado<\/span> <span style=\"font-weight: bold;\">em igreja de Roma<\/span><\/div>\n<p><span style=\"font-family: verdana;font-family:verdana;\"><\/p>\n<p><\/span><\/p>\n<div style=\"text-align: center; font-family: verdana;\"><a href=\"http:\/\/1.bp.blogspot.com\/_LTO5Qx1HyJc\/TSK35oleOJI\/AAAAAAAABm0\/a6AdLhnjCK8\/s1600\/Cardeal%2BKurt%2BKoch.jpg\"><img decoding=\"async\" style=\"display: block; margin: 0px auto 10px; text-align: center; cursor: pointer; width: 213px; height: 320px;\" src=\"http:\/\/1.bp.blogspot.com\/_LTO5Qx1HyJc\/TSK35oleOJI\/AAAAAAAABm0\/a6AdLhnjCK8\/s320\/Cardeal%2BKurt%2BKoch.jpg\" alt=\"\" id=\"BLOGGER_PHOTO_ID_5558207090903627922\" border=\"0\" \/><\/a><span style=\"font-style: italic;font-size:85%;\">Cardeal Kurt Koch<br \/>do t\u00edtulo diaconal de Nostra Signora del Sacro Cuore<br \/>Presidente do Pontif\u00edcio Conselho<br \/>para a Promo\u00e7\u00e3o da Unidade dos Crist\u00e3os<\/span><\/div>\n<p><span style=\"font-family: verdana;font-family:verdana;\"><br \/><\/span><\/p>\n<div style=\"text-align: justify; font-family: verdana;font-family:verdana;\">Conforme o costume, os cardeais rec\u00e9m-criados pelo Papa devem tomar posse de seu t\u00edtulo, mediante a presen\u00e7a na dita igreja e a apresenta\u00e7\u00e3o da bula papal de nomea\u00e7\u00e3o. Diferentemente dos cardeais-bispos e cardeais-presb\u00edteros, que apesar de possu\u00edrem um t\u00edtulo, n\u00e3o podem interferir de algum modo na vida da igreja a si intitulada, os cardeais-di\u00e1conos &#8211; que s\u00e3o membros da C\u00faria Romana e trabalham em algum dicast\u00e9rio em fun\u00e7\u00f5es importantes &#8211; desempenham frequentes servi\u00e7os eclesi\u00e1sticos em seus t\u00edtulos, semelhantemente aos sacerdotes que anteriormente eram nomeados cardeais e eram p\u00e1rocos na Cidade Eterna.<\/p>\n<p>De acordo com o Of\u00edcio das Celebra\u00e7\u00f5es Lit\u00fargicas do Santo Padre, o primeiro Pr\u00edncipe da Igreja recentemente criado a tomar posse de seu t\u00edtulo foi o Em.mo Cardeal Kurt Koch, presidente do Pontif\u00edcio Conselho para a Promo\u00e7\u00e3o da Unidade dos Crist\u00e3os. Criado para a diaconia romana de <span style=\"font-style: italic;\">Nostra Signora del Sacro Cuore<\/span>, o purpurado tomou posse de seu t\u00edtulo no \u00faltimo 01 janeiro.<\/p>\n<p>Foram aplicadas as rubricas de recep\u00e7\u00e3o de um bispo \u00e0 igreja, com o \u00f3sculo do crucifixo, seguido da aspers\u00e3o da \u00e1gua benta aos mais pr\u00f3ximos e ora\u00e7\u00e3o diante do Sant\u00edssimo Sacramento. O cardeal su\u00ed\u00e7o esteve acompanhado do reitor da igreja Don Aldo Marcelo Ricciuti e do capel\u00e3o da Guarda Su\u00ed\u00e7a Pontif\u00edcia, Don Alain de Raemi, entre outros sacerdotes e autoridades.<\/p>\n<div style=\"text-align: center;\"><a href=\"http:\/\/2.bp.blogspot.com\/_LTO5Qx1HyJc\/TSK35c10lHI\/AAAAAAAABms\/luGDRBRw0ns\/s1600\/Cardeal%2BKurt%2BKoch%2Boscula%2Bcrucifixo.jpg\"><img decoding=\"async\" style=\"display: block; margin: 0px auto 10px; text-align: center; cursor: pointer; width: 320px; height: 214px;\" src=\"http:\/\/2.bp.blogspot.com\/_LTO5Qx1HyJc\/TSK35c10lHI\/AAAAAAAABms\/luGDRBRw0ns\/s320\/Cardeal%2BKurt%2BKoch%2Boscula%2Bcrucifixo.jpg\" alt=\"\" id=\"BLOGGER_PHOTO_ID_5558207087750976626\" border=\"0\" \/><\/a><span style=\"font-style: italic;font-size:85%;\">O purpurado oscula o crucifixo apresentado pelo reitor da igreja<\/span><\/div>\n<p>Durante sua homilia, ele deteve-se na causa que motiva a promo\u00e7\u00e3o da unidade crist\u00e3: o sacrif\u00edcio de Jesus Cristo na cruz. Tamb\u00e9m explicou a miss\u00e3o dos que formam o Col\u00e9gio Cardinal\u00edcio, de serem &#8220;uma express\u00e3o exterior de uma realidade interior da Igreja&#8221;: a administra\u00e7\u00e3o dos fi\u00e9is.<\/p>\n<div style=\"text-align: center;\"><a href=\"http:\/\/2.bp.blogspot.com\/_LTO5Qx1HyJc\/TSK35Sa0kFI\/AAAAAAAABmk\/luwToveQuys\/s1600\/Cardeal%2BKurt%2BKoch%2Bassina.jpg\"><img decoding=\"async\" style=\"display: block; margin: 0px auto 10px; text-align: center; cursor: pointer; width: 320px; height: 213px;\" src=\"http:\/\/2.bp.blogspot.com\/_LTO5Qx1HyJc\/TSK35Sa0kFI\/AAAAAAAABmk\/luwToveQuys\/s320\/Cardeal%2BKurt%2BKoch%2Bassina.jpg\" alt=\"\" id=\"BLOGGER_PHOTO_ID_5558207084953374802\" border=\"0\" \/><\/a><span style=\"font-style: italic;font-size:85%;\">O Cardeal assina o termo de posse<\/span><\/div>\n<p>Ao fim da missa, procedeu-se \u00e0 leitura do &#8220;<span style=\"font-style: italic;\">Regito<\/span>&#8221; e a assinatura dos presentes, entre eles o comandante da Guarda Su\u00ed\u00e7a, Daniel Rudolf Anrig, e do oficial do Pontif\u00edcio Conselho, Don Mark Langham.<\/p>\n<div style=\"text-align: center;\"><a href=\"http:\/\/3.bp.blogspot.com\/_LTO5Qx1HyJc\/TSK5SyaHWJI\/AAAAAAAABm8\/u2H9S4WNloo\/s1600\/Igreja%2BNostra%2BSignora%2Bdel%2BSacro%2BCuore.JPG\"><img decoding=\"async\" style=\"display: block; margin: 0px auto 10px; text-align: center; cursor: pointer; width: 400px; height: 300px;\" src=\"http:\/\/3.bp.blogspot.com\/_LTO5Qx1HyJc\/TSK5SyaHWJI\/AAAAAAAABm8\/u2H9S4WNloo\/s400\/Igreja%2BNostra%2BSignora%2Bdel%2BSacro%2BCuore.JPG\" alt=\"\" id=\"BLOGGER_PHOTO_ID_5558208622548703378\" border=\"0\" \/><\/a><span style=\"font-size:85%;\"><span style=\"font-style: italic;\">Fachada da<\/span> igreja Nostra Signora del Sacro Cuore<\/span><\/div>\n<div style=\"text-align: center; font-style: italic;\"><span style=\"font-size:85%;\">situada na Piazza Navona<\/span><\/div>\n<p><span style=\"font-style: italic;\">Nostra Signora del Sacro Cuore <\/span>foi institu\u00edda como t\u00edtulo cardinal\u00edcio pelo Papa Paulo VI em 05 fevereiro 1965, mediante a Constitui\u00e7\u00e3o Apost\u00f3lica <span style=\"font-style: italic;\">&#8220;Sollicitudo omnium Ecclesiarum&#8221;<\/span>.<\/p>\n<\/div>\n","protected":false},"excerpt":{"rendered":"Da ag\u00eancia Gaudium Press Fotos da Catholic Press Photo Cerim\u00f4nia aconteceu no s\u00e1bado passado em igreja de Roma Cardeal Kurt Kochdo t\u00edtulo diaconal de Nostra Signora del Sacro CuorePresidente do Pontif\u00edcio Conselhopara a Promo\u00e7\u00e3o da Unidade dos Crist\u00e3os Conforme o costume, os cardeais rec\u00e9m-criados pelo Papa devem tomar posse de seu t\u00edtulo, mediante a presen\u00e7a&#8230; <a class=\"view-article\" href=\"https:\/\/diretodasacristia.com\/home\/sem-categoria\/cardeal-koch-toma-posse-do-seu-titulo-diaconal-2\/\">Ver artigo<\/a>","protected":false},"author":3,"featured_media":0,"comment_status":"open","ping_status":"open","sticky":false,"template":"","format":"standard","meta":{"jetpack_post_was_ever_published":false,"_jetpack_newsletter_access":"","_jetpack_dont_email_post_to_subs":false,"_jetpack_newsletter_tier_id":0,"_jetpack_memberships_contains_paywalled_content":false,"_jetpack_memberships_contains_paid_content":false,"_joinchat":[],"footnotes":"","jetpack_publicize_message":"","jetpack_publicize_feature_enabled":true,"jetpack_social_post_already_shared":false,"jetpack_social_options":{"image_generator_settings":{"template":"highway","default_image_id":0,"font":"","enabled":false},"version":2}},"categories":[1],"tags":[],"class_list":["post-2483","post","type-post","status-publish","format-standard","hentry","category-sem-categoria"],"yoast_head":"<!-- This site is optimized with the Yoast SEO plugin v27.4 - https:\/\/yoast.com\/product\/yoast-seo-wordpress\/ -->\n<title>Cardeal Koch toma posse do seu t\u00edtulo diaconal - Direto da Sacristia<\/title>\n<meta name=\"robots\" content=\"index, follow, max-snippet:-1, max-image-preview:large, max-video-preview:-1\" \/>\n<link rel=\"canonical\" href=\"https:\/\/diretodasacristia.com\/home\/sem-categoria\/cardeal-koch-toma-posse-do-seu-titulo-diaconal-2\/\" \/>\n<meta property=\"og:locale\" content=\"pt_BR\" \/>\n<meta property=\"og:type\" content=\"article\" \/>\n<meta property=\"og:title\" content=\"Cardeal Koch toma posse do seu t\u00edtulo diaconal - Direto da Sacristia\" \/>\n<meta property=\"og:description\" content=\"Da ag\u00eancia Gaudium Press Fotos da Catholic Press Photo Cerim\u00f4nia aconteceu no s\u00e1bado passado em igreja de Roma Cardeal Kurt Kochdo t\u00edtulo diaconal de Nostra Signora del Sacro CuorePresidente do Pontif\u00edcio Conselhopara a Promo\u00e7\u00e3o da Unidade dos Crist\u00e3os Conforme o costume, os cardeais rec\u00e9m-criados pelo Papa devem tomar posse de seu t\u00edtulo, mediante a presen\u00e7a... Ver artigo\" \/>\n<meta property=\"og:url\" content=\"https:\/\/diretodasacristia.com\/home\/sem-categoria\/cardeal-koch-toma-posse-do-seu-titulo-diaconal-2\/\" \/>\n<meta property=\"og:site_name\" content=\"Direto da Sacristia\" \/>\n<meta property=\"article:publisher\" content=\"https:\/\/www.facebook.com\/DiretoSacristia\" \/>\n<meta property=\"article:published_time\" content=\"2011-01-04T01:52:00+00:00\" \/>\n<meta property=\"og:image\" content=\"http:\/\/1.bp.blogspot.com\/_LTO5Qx1HyJc\/TSK35oleOJI\/AAAAAAAABm0\/a6AdLhnjCK8\/s320\/Cardeal%2BKurt%2BKoch.jpg\" \/>\n<meta name=\"author\" content=\"E. Mar\u00e7al\" \/>\n<meta name=\"twitter:card\" content=\"summary_large_image\" \/>\n<meta name=\"twitter:creator\" content=\"@diretosacristia\" \/>\n<meta name=\"twitter:site\" content=\"@diretosacristia\" \/>\n<meta name=\"twitter:label1\" content=\"Escrito por\" \/>\n\t<meta name=\"twitter:data1\" content=\"E. Mar\u00e7al\" \/>\n\t<meta name=\"twitter:label2\" content=\"Est. tempo de leitura\" \/>\n\t<meta name=\"twitter:data2\" content=\"2 minutos\" \/>\n<script type=\"application\/ld+json\" class=\"yoast-schema-graph\">{\"@context\":\"https:\\\/\\\/schema.org\",\"@graph\":[{\"@type\":\"Article\",\"@id\":\"https:\\\/\\\/diretodasacristia.com\\\/home\\\/sem-categoria\\\/cardeal-koch-toma-posse-do-seu-titulo-diaconal-2\\\/#article\",\"isPartOf\":{\"@id\":\"https:\\\/\\\/diretodasacristia.com\\\/home\\\/sem-categoria\\\/cardeal-koch-toma-posse-do-seu-titulo-diaconal-2\\\/\"},\"author\":{\"name\":\"E. Mar\u00e7al\",\"@id\":\"https:\\\/\\\/diretodasacristia.com\\\/home\\\/#\\\/schema\\\/person\\\/3d453ef1f7d57c0bb0990b8070642721\"},\"headline\":\"Cardeal Koch toma posse do seu t\u00edtulo diaconal\",\"datePublished\":\"2011-01-04T01:52:00+00:00\",\"mainEntityOfPage\":{\"@id\":\"https:\\\/\\\/diretodasacristia.com\\\/home\\\/sem-categoria\\\/cardeal-koch-toma-posse-do-seu-titulo-diaconal-2\\\/\"},\"wordCount\":449,\"commentCount\":0,\"publisher\":{\"@id\":\"https:\\\/\\\/diretodasacristia.com\\\/home\\\/#organization\"},\"image\":{\"@id\":\"https:\\\/\\\/diretodasacristia.com\\\/home\\\/sem-categoria\\\/cardeal-koch-toma-posse-do-seu-titulo-diaconal-2\\\/#primaryimage\"},\"thumbnailUrl\":\"http:\\\/\\\/1.bp.blogspot.com\\\/_LTO5Qx1HyJc\\\/TSK35oleOJI\\\/AAAAAAAABm0\\\/a6AdLhnjCK8\\\/s320\\\/Cardeal%2BKurt%2BKoch.jpg\",\"inLanguage\":\"pt-BR\",\"potentialAction\":[{\"@type\":\"CommentAction\",\"name\":\"Comment\",\"target\":[\"https:\\\/\\\/diretodasacristia.com\\\/home\\\/sem-categoria\\\/cardeal-koch-toma-posse-do-seu-titulo-diaconal-2\\\/#respond\"]}]},{\"@type\":\"WebPage\",\"@id\":\"https:\\\/\\\/diretodasacristia.com\\\/home\\\/sem-categoria\\\/cardeal-koch-toma-posse-do-seu-titulo-diaconal-2\\\/\",\"url\":\"https:\\\/\\\/diretodasacristia.com\\\/home\\\/sem-categoria\\\/cardeal-koch-toma-posse-do-seu-titulo-diaconal-2\\\/\",\"name\":\"Cardeal Koch toma posse do seu t\u00edtulo diaconal - Direto da Sacristia\",\"isPartOf\":{\"@id\":\"https:\\\/\\\/diretodasacristia.com\\\/home\\\/#website\"},\"primaryImageOfPage\":{\"@id\":\"https:\\\/\\\/diretodasacristia.com\\\/home\\\/sem-categoria\\\/cardeal-koch-toma-posse-do-seu-titulo-diaconal-2\\\/#primaryimage\"},\"image\":{\"@id\":\"https:\\\/\\\/diretodasacristia.com\\\/home\\\/sem-categoria\\\/cardeal-koch-toma-posse-do-seu-titulo-diaconal-2\\\/#primaryimage\"},\"thumbnailUrl\":\"http:\\\/\\\/1.bp.blogspot.com\\\/_LTO5Qx1HyJc\\\/TSK35oleOJI\\\/AAAAAAAABm0\\\/a6AdLhnjCK8\\\/s320\\\/Cardeal%2BKurt%2BKoch.jpg\",\"datePublished\":\"2011-01-04T01:52:00+00:00\",\"breadcrumb\":{\"@id\":\"https:\\\/\\\/diretodasacristia.com\\\/home\\\/sem-categoria\\\/cardeal-koch-toma-posse-do-seu-titulo-diaconal-2\\\/#breadcrumb\"},\"inLanguage\":\"pt-BR\",\"potentialAction\":[{\"@type\":\"ReadAction\",\"target\":[\"https:\\\/\\\/diretodasacristia.com\\\/home\\\/sem-categoria\\\/cardeal-koch-toma-posse-do-seu-titulo-diaconal-2\\\/\"]}]},{\"@type\":\"ImageObject\",\"inLanguage\":\"pt-BR\",\"@id\":\"https:\\\/\\\/diretodasacristia.com\\\/home\\\/sem-categoria\\\/cardeal-koch-toma-posse-do-seu-titulo-diaconal-2\\\/#primaryimage\",\"url\":\"http:\\\/\\\/1.bp.blogspot.com\\\/_LTO5Qx1HyJc\\\/TSK35oleOJI\\\/AAAAAAAABm0\\\/a6AdLhnjCK8\\\/s320\\\/Cardeal%2BKurt%2BKoch.jpg\",\"contentUrl\":\"http:\\\/\\\/1.bp.blogspot.com\\\/_LTO5Qx1HyJc\\\/TSK35oleOJI\\\/AAAAAAAABm0\\\/a6AdLhnjCK8\\\/s320\\\/Cardeal%2BKurt%2BKoch.jpg\"},{\"@type\":\"BreadcrumbList\",\"@id\":\"https:\\\/\\\/diretodasacristia.com\\\/home\\\/sem-categoria\\\/cardeal-koch-toma-posse-do-seu-titulo-diaconal-2\\\/#breadcrumb\",\"itemListElement\":[{\"@type\":\"ListItem\",\"position\":1,\"name\":\"In\u00edcio\",\"item\":\"https:\\\/\\\/diretodasacristia.com\\\/home\\\/\"},{\"@type\":\"ListItem\",\"position\":2,\"name\":\"Cardeal Koch toma posse do seu t\u00edtulo diaconal\"}]},{\"@type\":\"WebSite\",\"@id\":\"https:\\\/\\\/diretodasacristia.com\\\/home\\\/#website\",\"url\":\"https:\\\/\\\/diretodasacristia.com\\\/home\\\/\",\"name\":\"Direto da Sacristia\",\"description\":\"Not\u00edcias e artigos sobre a f\u00e9 cat\u00f3lica\",\"publisher\":{\"@id\":\"https:\\\/\\\/diretodasacristia.com\\\/home\\\/#organization\"},\"potentialAction\":[{\"@type\":\"SearchAction\",\"target\":{\"@type\":\"EntryPoint\",\"urlTemplate\":\"https:\\\/\\\/diretodasacristia.com\\\/home\\\/?s={search_term_string}\"},\"query-input\":{\"@type\":\"PropertyValueSpecification\",\"valueRequired\":true,\"valueName\":\"search_term_string\"}}],\"inLanguage\":\"pt-BR\"},{\"@type\":\"Organization\",\"@id\":\"https:\\\/\\\/diretodasacristia.com\\\/home\\\/#organization\",\"name\":\"Direto da Sacristia\",\"url\":\"https:\\\/\\\/diretodasacristia.com\\\/home\\\/\",\"logo\":{\"@type\":\"ImageObject\",\"inLanguage\":\"pt-BR\",\"@id\":\"https:\\\/\\\/diretodasacristia.com\\\/home\\\/#\\\/schema\\\/logo\\\/image\\\/\",\"url\":\"https:\\\/\\\/i0.wp.com\\\/diretodasacristia.com\\\/home\\\/wp-content\\\/uploads\\\/2012\\\/01\\\/marca-sacristia.png?fit=320%2C306&ssl=1\",\"contentUrl\":\"https:\\\/\\\/i0.wp.com\\\/diretodasacristia.com\\\/home\\\/wp-content\\\/uploads\\\/2012\\\/01\\\/marca-sacristia.png?fit=320%2C306&ssl=1\",\"width\":\"320\",\"height\":\"306\",\"caption\":\"Direto da Sacristia\"},\"image\":{\"@id\":\"https:\\\/\\\/diretodasacristia.com\\\/home\\\/#\\\/schema\\\/logo\\\/image\\\/\"},\"sameAs\":[\"https:\\\/\\\/www.facebook.com\\\/DiretoSacristia\",\"https:\\\/\\\/x.com\\\/diretosacristia\",\"https:\\\/\\\/www.instagram.com\\\/diretodasacristia\\\/\",\"https:\\\/\\\/www.youtube.com\\\/diretodasacristia\"]},{\"@type\":\"Person\",\"@id\":\"https:\\\/\\\/diretodasacristia.com\\\/home\\\/#\\\/schema\\\/person\\\/3d453ef1f7d57c0bb0990b8070642721\",\"name\":\"E. Mar\u00e7al\",\"image\":{\"@type\":\"ImageObject\",\"inLanguage\":\"pt-BR\",\"@id\":\"https:\\\/\\\/secure.gravatar.com\\\/avatar\\\/348ff80a5ddde3de6c8b6e0c5b066b733f9245285d9ab87cd2e2ff652ffa95b0?s=96&d=mm&r=g\",\"url\":\"https:\\\/\\\/secure.gravatar.com\\\/avatar\\\/348ff80a5ddde3de6c8b6e0c5b066b733f9245285d9ab87cd2e2ff652ffa95b0?s=96&d=mm&r=g\",\"contentUrl\":\"https:\\\/\\\/secure.gravatar.com\\\/avatar\\\/348ff80a5ddde3de6c8b6e0c5b066b733f9245285d9ab87cd2e2ff652ffa95b0?s=96&d=mm&r=g\",\"caption\":\"E. Mar\u00e7al\"},\"url\":\"https:\\\/\\\/diretodasacristia.com\\\/home\\\/author\\\/erick\\\/\"}]}<\/script>\n<!-- \/ Yoast SEO plugin. -->","yoast_head_json":{"title":"Cardeal Koch toma posse do seu t\u00edtulo diaconal - Direto da Sacristia","robots":{"index":"index","follow":"follow","max-snippet":"max-snippet:-1","max-image-preview":"max-image-preview:large","max-video-preview":"max-video-preview:-1"},"canonical":"https:\/\/diretodasacristia.com\/home\/sem-categoria\/cardeal-koch-toma-posse-do-seu-titulo-diaconal-2\/","og_locale":"pt_BR","og_type":"article","og_title":"Cardeal Koch toma posse do seu t\u00edtulo diaconal - Direto da Sacristia","og_description":"Da ag\u00eancia Gaudium Press Fotos da Catholic Press Photo Cerim\u00f4nia aconteceu no s\u00e1bado passado em igreja de Roma Cardeal Kurt Kochdo t\u00edtulo diaconal de Nostra Signora del Sacro CuorePresidente do Pontif\u00edcio Conselhopara a Promo\u00e7\u00e3o da Unidade dos Crist\u00e3os Conforme o costume, os cardeais rec\u00e9m-criados pelo Papa devem tomar posse de seu t\u00edtulo, mediante a presen\u00e7a... Ver artigo","og_url":"https:\/\/diretodasacristia.com\/home\/sem-categoria\/cardeal-koch-toma-posse-do-seu-titulo-diaconal-2\/","og_site_name":"Direto da Sacristia","article_publisher":"https:\/\/www.facebook.com\/DiretoSacristia","article_published_time":"2011-01-04T01:52:00+00:00","og_image":[{"url":"http:\/\/1.bp.blogspot.com\/_LTO5Qx1HyJc\/TSK35oleOJI\/AAAAAAAABm0\/a6AdLhnjCK8\/s320\/Cardeal%2BKurt%2BKoch.jpg","type":"","width":"","height":""}],"author":"E. Mar\u00e7al","twitter_card":"summary_large_image","twitter_creator":"@diretosacristia","twitter_site":"@diretosacristia","twitter_misc":{"Escrito por":"E. Mar\u00e7al","Est. tempo de leitura":"2 minutos"},"schema":{"@context":"https:\/\/schema.org","@graph":[{"@type":"Article","@id":"https:\/\/diretodasacristia.com\/home\/sem-categoria\/cardeal-koch-toma-posse-do-seu-titulo-diaconal-2\/#article","isPartOf":{"@id":"https:\/\/diretodasacristia.com\/home\/sem-categoria\/cardeal-koch-toma-posse-do-seu-titulo-diaconal-2\/"},"author":{"name":"E. Mar\u00e7al","@id":"https:\/\/diretodasacristia.com\/home\/#\/schema\/person\/3d453ef1f7d57c0bb0990b8070642721"},"headline":"Cardeal Koch toma posse do seu t\u00edtulo diaconal","datePublished":"2011-01-04T01:52:00+00:00","mainEntityOfPage":{"@id":"https:\/\/diretodasacristia.com\/home\/sem-categoria\/cardeal-koch-toma-posse-do-seu-titulo-diaconal-2\/"},"wordCount":449,"commentCount":0,"publisher":{"@id":"https:\/\/diretodasacristia.com\/home\/#organization"},"image":{"@id":"https:\/\/diretodasacristia.com\/home\/sem-categoria\/cardeal-koch-toma-posse-do-seu-titulo-diaconal-2\/#primaryimage"},"thumbnailUrl":"http:\/\/1.bp.blogspot.com\/_LTO5Qx1HyJc\/TSK35oleOJI\/AAAAAAAABm0\/a6AdLhnjCK8\/s320\/Cardeal%2BKurt%2BKoch.jpg","inLanguage":"pt-BR","potentialAction":[{"@type":"CommentAction","name":"Comment","target":["https:\/\/diretodasacristia.com\/home\/sem-categoria\/cardeal-koch-toma-posse-do-seu-titulo-diaconal-2\/#respond"]}]},{"@type":"WebPage","@id":"https:\/\/diretodasacristia.com\/home\/sem-categoria\/cardeal-koch-toma-posse-do-seu-titulo-diaconal-2\/","url":"https:\/\/diretodasacristia.com\/home\/sem-categoria\/cardeal-koch-toma-posse-do-seu-titulo-diaconal-2\/","name":"Cardeal Koch toma posse do seu t\u00edtulo diaconal - Direto da Sacristia","isPartOf":{"@id":"https:\/\/diretodasacristia.com\/home\/#website"},"primaryImageOfPage":{"@id":"https:\/\/diretodasacristia.com\/home\/sem-categoria\/cardeal-koch-toma-posse-do-seu-titulo-diaconal-2\/#primaryimage"},"image":{"@id":"https:\/\/diretodasacristia.com\/home\/sem-categoria\/cardeal-koch-toma-posse-do-seu-titulo-diaconal-2\/#primaryimage"},"thumbnailUrl":"http:\/\/1.bp.blogspot.com\/_LTO5Qx1HyJc\/TSK35oleOJI\/AAAAAAAABm0\/a6AdLhnjCK8\/s320\/Cardeal%2BKurt%2BKoch.jpg","datePublished":"2011-01-04T01:52:00+00:00","breadcrumb":{"@id":"https:\/\/diretodasacristia.com\/home\/sem-categoria\/cardeal-koch-toma-posse-do-seu-titulo-diaconal-2\/#breadcrumb"},"inLanguage":"pt-BR","potentialAction":[{"@type":"ReadAction","target":["https:\/\/diretodasacristia.com\/home\/sem-categoria\/cardeal-koch-toma-posse-do-seu-titulo-diaconal-2\/"]}]},{"@type":"ImageObject","inLanguage":"pt-BR","@id":"https:\/\/diretodasacristia.com\/home\/sem-categoria\/cardeal-koch-toma-posse-do-seu-titulo-diaconal-2\/#primaryimage","url":"http:\/\/1.bp.blogspot.com\/_LTO5Qx1HyJc\/TSK35oleOJI\/AAAAAAAABm0\/a6AdLhnjCK8\/s320\/Cardeal%2BKurt%2BKoch.jpg","contentUrl":"http:\/\/1.bp.blogspot.com\/_LTO5Qx1HyJc\/TSK35oleOJI\/AAAAAAAABm0\/a6AdLhnjCK8\/s320\/Cardeal%2BKurt%2BKoch.jpg"},{"@type":"BreadcrumbList","@id":"https:\/\/diretodasacristia.com\/home\/sem-categoria\/cardeal-koch-toma-posse-do-seu-titulo-diaconal-2\/#breadcrumb","itemListElement":[{"@type":"ListItem","position":1,"name":"In\u00edcio","item":"https:\/\/diretodasacristia.com\/home\/"},{"@type":"ListItem","position":2,"name":"Cardeal Koch toma posse do seu t\u00edtulo diaconal"}]},{"@type":"WebSite","@id":"https:\/\/diretodasacristia.com\/home\/#website","url":"https:\/\/diretodasacristia.com\/home\/","name":"Direto da Sacristia","description":"Not\u00edcias e artigos sobre a f\u00e9 cat\u00f3lica","publisher":{"@id":"https:\/\/diretodasacristia.com\/home\/#organization"},"potentialAction":[{"@type":"SearchAction","target":{"@type":"EntryPoint","urlTemplate":"https:\/\/diretodasacristia.com\/home\/?s={search_term_string}"},"query-input":{"@type":"PropertyValueSpecification","valueRequired":true,"valueName":"search_term_string"}}],"inLanguage":"pt-BR"},{"@type":"Organization","@id":"https:\/\/diretodasacristia.com\/home\/#organization","name":"Direto da Sacristia","url":"https:\/\/diretodasacristia.com\/home\/","logo":{"@type":"ImageObject","inLanguage":"pt-BR","@id":"https:\/\/diretodasacristia.com\/home\/#\/schema\/logo\/image\/","url":"https:\/\/i0.wp.com\/diretodasacristia.com\/home\/wp-content\/uploads\/2012\/01\/marca-sacristia.png?fit=320%2C306&ssl=1","contentUrl":"https:\/\/i0.wp.com\/diretodasacristia.com\/home\/wp-content\/uploads\/2012\/01\/marca-sacristia.png?fit=320%2C306&ssl=1","width":"320","height":"306","caption":"Direto da Sacristia"},"image":{"@id":"https:\/\/diretodasacristia.com\/home\/#\/schema\/logo\/image\/"},"sameAs":["https:\/\/www.facebook.com\/DiretoSacristia","https:\/\/x.com\/diretosacristia","https:\/\/www.instagram.com\/diretodasacristia\/","https:\/\/www.youtube.com\/diretodasacristia"]},{"@type":"Person","@id":"https:\/\/diretodasacristia.com\/home\/#\/schema\/person\/3d453ef1f7d57c0bb0990b8070642721","name":"E. Mar\u00e7al","image":{"@type":"ImageObject","inLanguage":"pt-BR","@id":"https:\/\/secure.gravatar.com\/avatar\/348ff80a5ddde3de6c8b6e0c5b066b733f9245285d9ab87cd2e2ff652ffa95b0?s=96&d=mm&r=g","url":"https:\/\/secure.gravatar.com\/avatar\/348ff80a5ddde3de6c8b6e0c5b066b733f9245285d9ab87cd2e2ff652ffa95b0?s=96&d=mm&r=g","contentUrl":"https:\/\/secure.gravatar.com\/avatar\/348ff80a5ddde3de6c8b6e0c5b066b733f9245285d9ab87cd2e2ff652ffa95b0?s=96&d=mm&r=g","caption":"E. Mar\u00e7al"},"url":"https:\/\/diretodasacristia.com\/home\/author\/erick\/"}]}},"jetpack_publicize_connections":[],"jetpack_featured_media_url":"","jetpack_sharing_enabled":true,"jetpack_shortlink":"https:\/\/wp.me\/p24aG7-E3","jetpack-related-posts":[],"post_mailing_queue_ids":[],"_links":{"self":[{"href":"https:\/\/diretodasacristia.com\/home\/wp-json\/wp\/v2\/posts\/2483","targetHints":{"allow":["GET"]}}],"collection":[{"href":"https:\/\/diretodasacristia.com\/home\/wp-json\/wp\/v2\/posts"}],"about":[{"href":"https:\/\/diretodasacristia.com\/home\/wp-json\/wp\/v2\/types\/post"}],"author":[{"embeddable":true,"href":"https:\/\/diretodasacristia.com\/home\/wp-json\/wp\/v2\/users\/3"}],"replies":[{"embeddable":true,"href":"https:\/\/diretodasacristia.com\/home\/wp-json\/wp\/v2\/comments?post=2483"}],"version-history":[{"count":0,"href":"https:\/\/diretodasacristia.com\/home\/wp-json\/wp\/v2\/posts\/2483\/revisions"}],"wp:attachment":[{"href":"https:\/\/diretodasacristia.com\/home\/wp-json\/wp\/v2\/media?parent=2483"}],"wp:term":[{"taxonomy":"category","embeddable":true,"href":"https:\/\/diretodasacristia.com\/home\/wp-json\/wp\/v2\/categories?post=2483"},{"taxonomy":"post_tag","embeddable":true,"href":"https:\/\/diretodasacristia.com\/home\/wp-json\/wp\/v2\/tags?post=2483"}],"curies":[{"name":"wp","href":"https:\/\/api.w.org\/{rel}","templated":true}]}}