{"id":2492,"date":"2010-11-10T00:21:00","date_gmt":"2010-11-10T00:21:00","guid":{"rendered":"http:\/\/diretodasacristia.com\/home\/sem-categoria\/tamanha-ousadia-da-realeza-espanhola-2\/"},"modified":"2014-04-27T07:24:53","modified_gmt":"2014-04-27T10:24:53","slug":"tamanha-ousadia-da-realeza-espanhola","status":"publish","type":"post","link":"https:\/\/diretodasacristia.com\/home\/bento-xvi\/tamanha-ousadia-da-realeza-espanhola\/","title":{"rendered":"Tamanha ousadia da realeza espanhola"},"content":{"rendered":"<p><span style=\"font-family: verdana;\">Do <\/span><a style=\"font-family: verdana;\" href=\"http:\/\/fratresinunum.com\/2010\/11\/08\/em-comunhao-com-o-papa\/\">Fratres in unum<\/a><\/p>\n<div style=\"text-align: center; font-weight: bold; font-family: verdana;\">Quanta falta fazem Fernando e Isabel<\/div>\n<p><a href=\"http:\/\/4.bp.blogspot.com\/_LTO5Qx1HyJc\/TNoRLHan5jI\/AAAAAAAABes\/uUQ2CoL58RM\/s1600\/Rainha%2BSofia%2Bcomunh%25C3%25A3o%2Bm%25C3%25A3o%2BEspanha.jpg\"><img decoding=\"async\" id=\"BLOGGER_PHOTO_ID_5537757574472394290\" style=\"display: block; margin: 0px auto 10px; text-align: center; cursor: pointer; width: 400px; height: 273px;\" alt=\"\" src=\"http:\/\/4.bp.blogspot.com\/_LTO5Qx1HyJc\/TNoRLHan5jI\/AAAAAAAABes\/uUQ2CoL58RM\/s400\/Rainha%2BSofia%2Bcomunh%25C3%25A3o%2Bm%25C3%25A3o%2BEspanha.jpg\" border=\"0\" \/><\/a><\/p>\n<p style=\"text-align: justify;\">\u00c9 percept\u00edvel o assombro de alguns presentes mais pr\u00f3ximos ao fato. A ousadia da rainha consorte da Espanha, <span style=\"font-weight: bold;\">Sofia da Gr\u00e9cia<\/span>, causou espanto entre os cat\u00f3licos mais conservadores. Durante a missa da dedica\u00e7\u00e3o da igreja da Sagrada Fam\u00edlia e consagra\u00e7\u00e3o do respectivo altar, em Barcelona, a esposa do rei Juan Carlos I privou-se de usar o genuflex\u00f3rio para a comunh\u00e3o e ousadamente estendeu os bra\u00e7os para, assim, receber a Sagrada Eucaristia. N\u00e3o \u00e9 novidade aos mais atentos que o Santo Padre, a um significativo espa\u00e7o de tempo, vem administrando a Comunh\u00e3o na boca e de joelhos. Aos mais atentos [friso]. Isso n\u00e3o se aplica aos reis da Espanha. Ali\u00e1s, ap\u00f3s sancionar a lei do aborto na Espanha, o rei Juan Carlos privou-se de receber o Augusto Sacramento. A rainha demonstrou maior aud\u00e1cia ao recusar o modo de comungar com o Santo Padre.<\/p>\n<p style=\"text-align: justify;\">\u00c9 f\u00e1cil receber o Sumo Pont\u00edfice como chefe de Estado para demonstrar simpatia e amizade da coroa espanhola para com a Santa S\u00e9. Como tamb\u00e9m \u00e9 f\u00e1cil, dados os \u00faltimos acontecimentos, pisar em cima da mem\u00f3ria dos reis Fernando de Arag\u00e3o e Isabel de Castela e tornar-se indignos do outrora merecedor t\u00edtulo de Sua Majestade Cat\u00f3lica (concedido pelo Papa Alexandre VI aos monarcas espanh\u00f3is).<\/p>\n<div style=\"text-align: center;\"><\/div>\n","protected":false},"excerpt":{"rendered":"Do Fratres in unum Quanta falta fazem Fernando e Isabel \u00c9 percept\u00edvel o assombro de alguns presentes mais pr\u00f3ximos ao fato. A ousadia da rainha consorte da Espanha, Sofia da Gr\u00e9cia, causou espanto entre os cat\u00f3licos mais conservadores. Durante a missa da dedica\u00e7\u00e3o da igreja da Sagrada Fam\u00edlia e consagra\u00e7\u00e3o do respectivo altar, em Barcelona,&#8230; <a class=\"view-article\" href=\"https:\/\/diretodasacristia.com\/home\/bento-xvi\/tamanha-ousadia-da-realeza-espanhola\/\">Ver artigo<\/a>","protected":false},"author":3,"featured_media":0,"comment_status":"open","ping_status":"open","sticky":false,"template":"","format":"standard","meta":{"jetpack_post_was_ever_published":false,"_jetpack_newsletter_access":"","_jetpack_dont_email_post_to_subs":false,"_jetpack_newsletter_tier_id":0,"_jetpack_memberships_contains_paywalled_content":false,"_jetpack_memberships_contains_paid_content":false,"_joinchat":[],"footnotes":"","jetpack_publicize_message":"","jetpack_publicize_feature_enabled":true,"jetpack_social_post_already_shared":false,"jetpack_social_options":{"image_generator_settings":{"template":"highway","default_image_id":0,"font":"","enabled":false},"version":2}},"categories":[6,20,24],"tags":[505],"class_list":["post-2492","post","type-post","status-publish","format-standard","hentry","category-bento-xvi","category-liturgia","category-noticias","tag-rainha-sofia-da-espanha"],"yoast_head":"<!-- This site is optimized with the Yoast SEO plugin v27.4 - https:\/\/yoast.com\/product\/yoast-seo-wordpress\/ -->\n<title>Tamanha ousadia da realeza espanhola - Direto da Sacristia<\/title>\n<meta name=\"robots\" content=\"index, follow, max-snippet:-1, max-image-preview:large, max-video-preview:-1\" \/>\n<link rel=\"canonical\" href=\"https:\/\/diretodasacristia.com\/home\/bento-xvi\/tamanha-ousadia-da-realeza-espanhola\/\" \/>\n<meta property=\"og:locale\" content=\"pt_BR\" \/>\n<meta property=\"og:type\" content=\"article\" \/>\n<meta property=\"og:title\" content=\"Tamanha ousadia da realeza espanhola - Direto da Sacristia\" \/>\n<meta property=\"og:description\" content=\"Do Fratres in unum Quanta falta fazem Fernando e Isabel \u00c9 percept\u00edvel o assombro de alguns presentes mais pr\u00f3ximos ao fato. A ousadia da rainha consorte da Espanha, Sofia da Gr\u00e9cia, causou espanto entre os cat\u00f3licos mais conservadores. Durante a missa da dedica\u00e7\u00e3o da igreja da Sagrada Fam\u00edlia e consagra\u00e7\u00e3o do respectivo altar, em Barcelona,... Ver artigo\" \/>\n<meta property=\"og:url\" content=\"https:\/\/diretodasacristia.com\/home\/bento-xvi\/tamanha-ousadia-da-realeza-espanhola\/\" \/>\n<meta property=\"og:site_name\" content=\"Direto da Sacristia\" \/>\n<meta property=\"article:publisher\" content=\"https:\/\/www.facebook.com\/DiretoSacristia\" \/>\n<meta property=\"article:published_time\" content=\"2010-11-10T00:21:00+00:00\" \/>\n<meta property=\"article:modified_time\" content=\"2014-04-27T10:24:53+00:00\" \/>\n<meta property=\"og:image\" content=\"http:\/\/4.bp.blogspot.com\/_LTO5Qx1HyJc\/TNoRLHan5jI\/AAAAAAAABes\/uUQ2CoL58RM\/s400\/Rainha%2BSofia%2Bcomunh%25C3%25A3o%2Bm%25C3%25A3o%2BEspanha.jpg\" \/>\n<meta name=\"author\" content=\"E. Mar\u00e7al\" \/>\n<meta name=\"twitter:card\" content=\"summary_large_image\" \/>\n<meta name=\"twitter:creator\" content=\"@diretosacristia\" \/>\n<meta name=\"twitter:site\" content=\"@diretosacristia\" \/>\n<meta name=\"twitter:label1\" content=\"Escrito por\" \/>\n\t<meta name=\"twitter:data1\" content=\"E. Mar\u00e7al\" \/>\n\t<meta name=\"twitter:label2\" content=\"Est. tempo de leitura\" \/>\n\t<meta name=\"twitter:data2\" content=\"1 minuto\" \/>\n<script type=\"application\/ld+json\" class=\"yoast-schema-graph\">{\"@context\":\"https:\\\/\\\/schema.org\",\"@graph\":[{\"@type\":\"Article\",\"@id\":\"https:\\\/\\\/diretodasacristia.com\\\/home\\\/bento-xvi\\\/tamanha-ousadia-da-realeza-espanhola\\\/#article\",\"isPartOf\":{\"@id\":\"https:\\\/\\\/diretodasacristia.com\\\/home\\\/bento-xvi\\\/tamanha-ousadia-da-realeza-espanhola\\\/\"},\"author\":{\"name\":\"E. Mar\u00e7al\",\"@id\":\"https:\\\/\\\/diretodasacristia.com\\\/home\\\/#\\\/schema\\\/person\\\/3d453ef1f7d57c0bb0990b8070642721\"},\"headline\":\"Tamanha ousadia da realeza espanhola\",\"datePublished\":\"2010-11-10T00:21:00+00:00\",\"dateModified\":\"2014-04-27T10:24:53+00:00\",\"mainEntityOfPage\":{\"@id\":\"https:\\\/\\\/diretodasacristia.com\\\/home\\\/bento-xvi\\\/tamanha-ousadia-da-realeza-espanhola\\\/\"},\"wordCount\":243,\"commentCount\":0,\"publisher\":{\"@id\":\"https:\\\/\\\/diretodasacristia.com\\\/home\\\/#organization\"},\"image\":{\"@id\":\"https:\\\/\\\/diretodasacristia.com\\\/home\\\/bento-xvi\\\/tamanha-ousadia-da-realeza-espanhola\\\/#primaryimage\"},\"thumbnailUrl\":\"http:\\\/\\\/4.bp.blogspot.com\\\/_LTO5Qx1HyJc\\\/TNoRLHan5jI\\\/AAAAAAAABes\\\/uUQ2CoL58RM\\\/s400\\\/Rainha%2BSofia%2Bcomunh%25C3%25A3o%2Bm%25C3%25A3o%2BEspanha.jpg\",\"keywords\":[\"Rainha Sofia da Espanha\"],\"articleSection\":[\"Bento XVI\",\"Liturgia\",\"Not\u00edcias\"],\"inLanguage\":\"pt-BR\",\"potentialAction\":[{\"@type\":\"CommentAction\",\"name\":\"Comment\",\"target\":[\"https:\\\/\\\/diretodasacristia.com\\\/home\\\/bento-xvi\\\/tamanha-ousadia-da-realeza-espanhola\\\/#respond\"]}]},{\"@type\":\"WebPage\",\"@id\":\"https:\\\/\\\/diretodasacristia.com\\\/home\\\/bento-xvi\\\/tamanha-ousadia-da-realeza-espanhola\\\/\",\"url\":\"https:\\\/\\\/diretodasacristia.com\\\/home\\\/bento-xvi\\\/tamanha-ousadia-da-realeza-espanhola\\\/\",\"name\":\"Tamanha ousadia da realeza espanhola - Direto da Sacristia\",\"isPartOf\":{\"@id\":\"https:\\\/\\\/diretodasacristia.com\\\/home\\\/#website\"},\"primaryImageOfPage\":{\"@id\":\"https:\\\/\\\/diretodasacristia.com\\\/home\\\/bento-xvi\\\/tamanha-ousadia-da-realeza-espanhola\\\/#primaryimage\"},\"image\":{\"@id\":\"https:\\\/\\\/diretodasacristia.com\\\/home\\\/bento-xvi\\\/tamanha-ousadia-da-realeza-espanhola\\\/#primaryimage\"},\"thumbnailUrl\":\"http:\\\/\\\/4.bp.blogspot.com\\\/_LTO5Qx1HyJc\\\/TNoRLHan5jI\\\/AAAAAAAABes\\\/uUQ2CoL58RM\\\/s400\\\/Rainha%2BSofia%2Bcomunh%25C3%25A3o%2Bm%25C3%25A3o%2BEspanha.jpg\",\"datePublished\":\"2010-11-10T00:21:00+00:00\",\"dateModified\":\"2014-04-27T10:24:53+00:00\",\"breadcrumb\":{\"@id\":\"https:\\\/\\\/diretodasacristia.com\\\/home\\\/bento-xvi\\\/tamanha-ousadia-da-realeza-espanhola\\\/#breadcrumb\"},\"inLanguage\":\"pt-BR\",\"potentialAction\":[{\"@type\":\"ReadAction\",\"target\":[\"https:\\\/\\\/diretodasacristia.com\\\/home\\\/bento-xvi\\\/tamanha-ousadia-da-realeza-espanhola\\\/\"]}]},{\"@type\":\"ImageObject\",\"inLanguage\":\"pt-BR\",\"@id\":\"https:\\\/\\\/diretodasacristia.com\\\/home\\\/bento-xvi\\\/tamanha-ousadia-da-realeza-espanhola\\\/#primaryimage\",\"url\":\"http:\\\/\\\/4.bp.blogspot.com\\\/_LTO5Qx1HyJc\\\/TNoRLHan5jI\\\/AAAAAAAABes\\\/uUQ2CoL58RM\\\/s400\\\/Rainha%2BSofia%2Bcomunh%25C3%25A3o%2Bm%25C3%25A3o%2BEspanha.jpg\",\"contentUrl\":\"http:\\\/\\\/4.bp.blogspot.com\\\/_LTO5Qx1HyJc\\\/TNoRLHan5jI\\\/AAAAAAAABes\\\/uUQ2CoL58RM\\\/s400\\\/Rainha%2BSofia%2Bcomunh%25C3%25A3o%2Bm%25C3%25A3o%2BEspanha.jpg\"},{\"@type\":\"BreadcrumbList\",\"@id\":\"https:\\\/\\\/diretodasacristia.com\\\/home\\\/bento-xvi\\\/tamanha-ousadia-da-realeza-espanhola\\\/#breadcrumb\",\"itemListElement\":[{\"@type\":\"ListItem\",\"position\":1,\"name\":\"In\u00edcio\",\"item\":\"https:\\\/\\\/diretodasacristia.com\\\/home\\\/\"},{\"@type\":\"ListItem\",\"position\":2,\"name\":\"Tamanha ousadia da realeza espanhola\"}]},{\"@type\":\"WebSite\",\"@id\":\"https:\\\/\\\/diretodasacristia.com\\\/home\\\/#website\",\"url\":\"https:\\\/\\\/diretodasacristia.com\\\/home\\\/\",\"name\":\"Direto da Sacristia\",\"description\":\"Not\u00edcias e artigos sobre a f\u00e9 cat\u00f3lica\",\"publisher\":{\"@id\":\"https:\\\/\\\/diretodasacristia.com\\\/home\\\/#organization\"},\"potentialAction\":[{\"@type\":\"SearchAction\",\"target\":{\"@type\":\"EntryPoint\",\"urlTemplate\":\"https:\\\/\\\/diretodasacristia.com\\\/home\\\/?s={search_term_string}\"},\"query-input\":{\"@type\":\"PropertyValueSpecification\",\"valueRequired\":true,\"valueName\":\"search_term_string\"}}],\"inLanguage\":\"pt-BR\"},{\"@type\":\"Organization\",\"@id\":\"https:\\\/\\\/diretodasacristia.com\\\/home\\\/#organization\",\"name\":\"Direto da Sacristia\",\"url\":\"https:\\\/\\\/diretodasacristia.com\\\/home\\\/\",\"logo\":{\"@type\":\"ImageObject\",\"inLanguage\":\"pt-BR\",\"@id\":\"https:\\\/\\\/diretodasacristia.com\\\/home\\\/#\\\/schema\\\/logo\\\/image\\\/\",\"url\":\"https:\\\/\\\/i0.wp.com\\\/diretodasacristia.com\\\/home\\\/wp-content\\\/uploads\\\/2012\\\/01\\\/marca-sacristia.png?fit=320%2C306&ssl=1\",\"contentUrl\":\"https:\\\/\\\/i0.wp.com\\\/diretodasacristia.com\\\/home\\\/wp-content\\\/uploads\\\/2012\\\/01\\\/marca-sacristia.png?fit=320%2C306&ssl=1\",\"width\":\"320\",\"height\":\"306\",\"caption\":\"Direto da Sacristia\"},\"image\":{\"@id\":\"https:\\\/\\\/diretodasacristia.com\\\/home\\\/#\\\/schema\\\/logo\\\/image\\\/\"},\"sameAs\":[\"https:\\\/\\\/www.facebook.com\\\/DiretoSacristia\",\"https:\\\/\\\/x.com\\\/diretosacristia\",\"https:\\\/\\\/www.instagram.com\\\/diretodasacristia\\\/\",\"https:\\\/\\\/www.youtube.com\\\/diretodasacristia\"]},{\"@type\":\"Person\",\"@id\":\"https:\\\/\\\/diretodasacristia.com\\\/home\\\/#\\\/schema\\\/person\\\/3d453ef1f7d57c0bb0990b8070642721\",\"name\":\"E. Mar\u00e7al\",\"image\":{\"@type\":\"ImageObject\",\"inLanguage\":\"pt-BR\",\"@id\":\"https:\\\/\\\/secure.gravatar.com\\\/avatar\\\/348ff80a5ddde3de6c8b6e0c5b066b733f9245285d9ab87cd2e2ff652ffa95b0?s=96&d=mm&r=g\",\"url\":\"https:\\\/\\\/secure.gravatar.com\\\/avatar\\\/348ff80a5ddde3de6c8b6e0c5b066b733f9245285d9ab87cd2e2ff652ffa95b0?s=96&d=mm&r=g\",\"contentUrl\":\"https:\\\/\\\/secure.gravatar.com\\\/avatar\\\/348ff80a5ddde3de6c8b6e0c5b066b733f9245285d9ab87cd2e2ff652ffa95b0?s=96&d=mm&r=g\",\"caption\":\"E. Mar\u00e7al\"},\"url\":\"https:\\\/\\\/diretodasacristia.com\\\/home\\\/author\\\/erick\\\/\"}]}<\/script>\n<!-- \/ Yoast SEO plugin. -->","yoast_head_json":{"title":"Tamanha ousadia da realeza espanhola - Direto da Sacristia","robots":{"index":"index","follow":"follow","max-snippet":"max-snippet:-1","max-image-preview":"max-image-preview:large","max-video-preview":"max-video-preview:-1"},"canonical":"https:\/\/diretodasacristia.com\/home\/bento-xvi\/tamanha-ousadia-da-realeza-espanhola\/","og_locale":"pt_BR","og_type":"article","og_title":"Tamanha ousadia da realeza espanhola - Direto da Sacristia","og_description":"Do Fratres in unum Quanta falta fazem Fernando e Isabel \u00c9 percept\u00edvel o assombro de alguns presentes mais pr\u00f3ximos ao fato. A ousadia da rainha consorte da Espanha, Sofia da Gr\u00e9cia, causou espanto entre os cat\u00f3licos mais conservadores. Durante a missa da dedica\u00e7\u00e3o da igreja da Sagrada Fam\u00edlia e consagra\u00e7\u00e3o do respectivo altar, em Barcelona,... Ver artigo","og_url":"https:\/\/diretodasacristia.com\/home\/bento-xvi\/tamanha-ousadia-da-realeza-espanhola\/","og_site_name":"Direto da Sacristia","article_publisher":"https:\/\/www.facebook.com\/DiretoSacristia","article_published_time":"2010-11-10T00:21:00+00:00","article_modified_time":"2014-04-27T10:24:53+00:00","og_image":[{"url":"http:\/\/4.bp.blogspot.com\/_LTO5Qx1HyJc\/TNoRLHan5jI\/AAAAAAAABes\/uUQ2CoL58RM\/s400\/Rainha%2BSofia%2Bcomunh%25C3%25A3o%2Bm%25C3%25A3o%2BEspanha.jpg","type":"","width":"","height":""}],"author":"E. Mar\u00e7al","twitter_card":"summary_large_image","twitter_creator":"@diretosacristia","twitter_site":"@diretosacristia","twitter_misc":{"Escrito por":"E. Mar\u00e7al","Est. tempo de leitura":"1 minuto"},"schema":{"@context":"https:\/\/schema.org","@graph":[{"@type":"Article","@id":"https:\/\/diretodasacristia.com\/home\/bento-xvi\/tamanha-ousadia-da-realeza-espanhola\/#article","isPartOf":{"@id":"https:\/\/diretodasacristia.com\/home\/bento-xvi\/tamanha-ousadia-da-realeza-espanhola\/"},"author":{"name":"E. Mar\u00e7al","@id":"https:\/\/diretodasacristia.com\/home\/#\/schema\/person\/3d453ef1f7d57c0bb0990b8070642721"},"headline":"Tamanha ousadia da realeza espanhola","datePublished":"2010-11-10T00:21:00+00:00","dateModified":"2014-04-27T10:24:53+00:00","mainEntityOfPage":{"@id":"https:\/\/diretodasacristia.com\/home\/bento-xvi\/tamanha-ousadia-da-realeza-espanhola\/"},"wordCount":243,"commentCount":0,"publisher":{"@id":"https:\/\/diretodasacristia.com\/home\/#organization"},"image":{"@id":"https:\/\/diretodasacristia.com\/home\/bento-xvi\/tamanha-ousadia-da-realeza-espanhola\/#primaryimage"},"thumbnailUrl":"http:\/\/4.bp.blogspot.com\/_LTO5Qx1HyJc\/TNoRLHan5jI\/AAAAAAAABes\/uUQ2CoL58RM\/s400\/Rainha%2BSofia%2Bcomunh%25C3%25A3o%2Bm%25C3%25A3o%2BEspanha.jpg","keywords":["Rainha Sofia da Espanha"],"articleSection":["Bento XVI","Liturgia","Not\u00edcias"],"inLanguage":"pt-BR","potentialAction":[{"@type":"CommentAction","name":"Comment","target":["https:\/\/diretodasacristia.com\/home\/bento-xvi\/tamanha-ousadia-da-realeza-espanhola\/#respond"]}]},{"@type":"WebPage","@id":"https:\/\/diretodasacristia.com\/home\/bento-xvi\/tamanha-ousadia-da-realeza-espanhola\/","url":"https:\/\/diretodasacristia.com\/home\/bento-xvi\/tamanha-ousadia-da-realeza-espanhola\/","name":"Tamanha ousadia da realeza espanhola - Direto da Sacristia","isPartOf":{"@id":"https:\/\/diretodasacristia.com\/home\/#website"},"primaryImageOfPage":{"@id":"https:\/\/diretodasacristia.com\/home\/bento-xvi\/tamanha-ousadia-da-realeza-espanhola\/#primaryimage"},"image":{"@id":"https:\/\/diretodasacristia.com\/home\/bento-xvi\/tamanha-ousadia-da-realeza-espanhola\/#primaryimage"},"thumbnailUrl":"http:\/\/4.bp.blogspot.com\/_LTO5Qx1HyJc\/TNoRLHan5jI\/AAAAAAAABes\/uUQ2CoL58RM\/s400\/Rainha%2BSofia%2Bcomunh%25C3%25A3o%2Bm%25C3%25A3o%2BEspanha.jpg","datePublished":"2010-11-10T00:21:00+00:00","dateModified":"2014-04-27T10:24:53+00:00","breadcrumb":{"@id":"https:\/\/diretodasacristia.com\/home\/bento-xvi\/tamanha-ousadia-da-realeza-espanhola\/#breadcrumb"},"inLanguage":"pt-BR","potentialAction":[{"@type":"ReadAction","target":["https:\/\/diretodasacristia.com\/home\/bento-xvi\/tamanha-ousadia-da-realeza-espanhola\/"]}]},{"@type":"ImageObject","inLanguage":"pt-BR","@id":"https:\/\/diretodasacristia.com\/home\/bento-xvi\/tamanha-ousadia-da-realeza-espanhola\/#primaryimage","url":"http:\/\/4.bp.blogspot.com\/_LTO5Qx1HyJc\/TNoRLHan5jI\/AAAAAAAABes\/uUQ2CoL58RM\/s400\/Rainha%2BSofia%2Bcomunh%25C3%25A3o%2Bm%25C3%25A3o%2BEspanha.jpg","contentUrl":"http:\/\/4.bp.blogspot.com\/_LTO5Qx1HyJc\/TNoRLHan5jI\/AAAAAAAABes\/uUQ2CoL58RM\/s400\/Rainha%2BSofia%2Bcomunh%25C3%25A3o%2Bm%25C3%25A3o%2BEspanha.jpg"},{"@type":"BreadcrumbList","@id":"https:\/\/diretodasacristia.com\/home\/bento-xvi\/tamanha-ousadia-da-realeza-espanhola\/#breadcrumb","itemListElement":[{"@type":"ListItem","position":1,"name":"In\u00edcio","item":"https:\/\/diretodasacristia.com\/home\/"},{"@type":"ListItem","position":2,"name":"Tamanha ousadia da realeza espanhola"}]},{"@type":"WebSite","@id":"https:\/\/diretodasacristia.com\/home\/#website","url":"https:\/\/diretodasacristia.com\/home\/","name":"Direto da Sacristia","description":"Not\u00edcias e artigos sobre a f\u00e9 cat\u00f3lica","publisher":{"@id":"https:\/\/diretodasacristia.com\/home\/#organization"},"potentialAction":[{"@type":"SearchAction","target":{"@type":"EntryPoint","urlTemplate":"https:\/\/diretodasacristia.com\/home\/?s={search_term_string}"},"query-input":{"@type":"PropertyValueSpecification","valueRequired":true,"valueName":"search_term_string"}}],"inLanguage":"pt-BR"},{"@type":"Organization","@id":"https:\/\/diretodasacristia.com\/home\/#organization","name":"Direto da Sacristia","url":"https:\/\/diretodasacristia.com\/home\/","logo":{"@type":"ImageObject","inLanguage":"pt-BR","@id":"https:\/\/diretodasacristia.com\/home\/#\/schema\/logo\/image\/","url":"https:\/\/i0.wp.com\/diretodasacristia.com\/home\/wp-content\/uploads\/2012\/01\/marca-sacristia.png?fit=320%2C306&ssl=1","contentUrl":"https:\/\/i0.wp.com\/diretodasacristia.com\/home\/wp-content\/uploads\/2012\/01\/marca-sacristia.png?fit=320%2C306&ssl=1","width":"320","height":"306","caption":"Direto da Sacristia"},"image":{"@id":"https:\/\/diretodasacristia.com\/home\/#\/schema\/logo\/image\/"},"sameAs":["https:\/\/www.facebook.com\/DiretoSacristia","https:\/\/x.com\/diretosacristia","https:\/\/www.instagram.com\/diretodasacristia\/","https:\/\/www.youtube.com\/diretodasacristia"]},{"@type":"Person","@id":"https:\/\/diretodasacristia.com\/home\/#\/schema\/person\/3d453ef1f7d57c0bb0990b8070642721","name":"E. Mar\u00e7al","image":{"@type":"ImageObject","inLanguage":"pt-BR","@id":"https:\/\/secure.gravatar.com\/avatar\/348ff80a5ddde3de6c8b6e0c5b066b733f9245285d9ab87cd2e2ff652ffa95b0?s=96&d=mm&r=g","url":"https:\/\/secure.gravatar.com\/avatar\/348ff80a5ddde3de6c8b6e0c5b066b733f9245285d9ab87cd2e2ff652ffa95b0?s=96&d=mm&r=g","contentUrl":"https:\/\/secure.gravatar.com\/avatar\/348ff80a5ddde3de6c8b6e0c5b066b733f9245285d9ab87cd2e2ff652ffa95b0?s=96&d=mm&r=g","caption":"E. Mar\u00e7al"},"url":"https:\/\/diretodasacristia.com\/home\/author\/erick\/"}]}},"jetpack_publicize_connections":[],"jetpack_featured_media_url":"","jetpack_sharing_enabled":true,"jetpack_shortlink":"https:\/\/wp.me\/p24aG7-Ec","jetpack-related-posts":[{"id":231,"url":"https:\/\/diretodasacristia.com\/home\/bento-xvi\/bento-xvi-chega-a-madri\/","url_meta":{"origin":2492,"position":0},"title":"Bento XVI chega a Madri","author":"E. Mar\u00e7al","date":"18 de agosto de 2011","format":false,"excerpt":"Fotos do\u00a0Day Life Sob onda de protestos contra o financiamento com fundos p\u00fablicos da 26\u00aa Jornada Mundial da Juventude, o Papa Bento XVI desembarcou em Madri, vindo em uma aeronave fretada da companhia Alitalia. O Pont\u00edfice foi recebido no aeroporto de Barajas por suas Majestades Cat\u00f3licas o Rei Juan Carlos\u2026","rel":"","context":"Em &quot;Bento XVI&quot;","block_context":{"text":"Bento XVI","link":"https:\/\/diretodasacristia.com\/home\/c\/bento-xvi\/"},"img":{"alt_text":"","src":"https:\/\/i0.wp.com\/diretodasacristia.com\/home\/wp-content\/uploads\/2011\/08\/610x.jpg?resize=350%2C200","width":350,"height":200,"srcset":"https:\/\/i0.wp.com\/diretodasacristia.com\/home\/wp-content\/uploads\/2011\/08\/610x.jpg?resize=350%2C200 1x, https:\/\/i0.wp.com\/diretodasacristia.com\/home\/wp-content\/uploads\/2011\/08\/610x.jpg?resize=525%2C300 1.5x"},"classes":[]},{"id":5556,"url":"https:\/\/diretodasacristia.com\/home\/noticias\/o-rei-da-espanha-e-protoconego-em-roma\/","url_meta":{"origin":2492,"position":1},"title":"O rei da Espanha \u00e9 protoc\u00f4nego em Roma","author":"Reda\u00e7\u00e3o","date":"20 de mar\u00e7o de 2026","format":false,"excerpt":"O t\u00edtulo \u00e9 honor\u00edfico, de modo que n\u00e3o prev\u00ea os usos de vestes eclesi\u00e1sticas e nem fun\u00e7\u00e3o lit\u00fargica, mas limita-se \u00e0 nomea\u00e7\u00e3o pelo fato de ser chefe da monarquia espanhola","rel":"","context":"Em &quot;Not\u00edcias&quot;","block_context":{"text":"Not\u00edcias","link":"https:\/\/diretodasacristia.com\/home\/c\/noticias\/"},"img":{"alt_text":"","src":"https:\/\/i0.wp.com\/diretodasacristia.com\/home\/wp-content\/uploads\/2026\/03\/654322961_17983647716974853_4710525096194129378_n-1-e1774010816260.jpg?resize=350%2C200&ssl=1","width":350,"height":200,"srcset":"https:\/\/i0.wp.com\/diretodasacristia.com\/home\/wp-content\/uploads\/2026\/03\/654322961_17983647716974853_4710525096194129378_n-1-e1774010816260.jpg?resize=350%2C200&ssl=1 1x, https:\/\/i0.wp.com\/diretodasacristia.com\/home\/wp-content\/uploads\/2026\/03\/654322961_17983647716974853_4710525096194129378_n-1-e1774010816260.jpg?resize=525%2C300&ssl=1 1.5x, https:\/\/i0.wp.com\/diretodasacristia.com\/home\/wp-content\/uploads\/2026\/03\/654322961_17983647716974853_4710525096194129378_n-1-e1774010816260.jpg?resize=700%2C400&ssl=1 2x"},"classes":[]},{"id":2575,"url":"https:\/\/diretodasacristia.com\/home\/sem-categoria\/regina-caeli\/","url_meta":{"origin":2492,"position":2},"title":"Regina caeli","author":"E. Mar\u00e7al","date":"22 de agosto de 2010","format":false,"excerpt":"Hoje, a mem\u00f3ria lit\u00fargica de Nossa Senhora Rainha \u00e9 omitida pelo domingo, Dies Domini. Mesmo assim, n\u00e3o deixemos de contemplar a coroa\u00e7\u00e3o da M\u00e3e de Deus como soberana do C\u00e9u e da terra, \u00faltimo Mist\u00e9rio contido no Santo Ros\u00e1rio.Depois de sua Assun\u00e7\u00e3o ao reino celeste, \"a M\u00e3e de Cristo \u00e9\u2026","rel":"","context":"Em &quot;Sem categoria&quot;","block_context":{"text":"Sem categoria","link":"https:\/\/diretodasacristia.com\/home\/c\/sem-categoria\/"},"img":{"alt_text":"","src":"","width":0,"height":0},"classes":[]},{"id":2549,"url":"https:\/\/diretodasacristia.com\/home\/sem-categoria\/porque-a-espera-faz-crescer-os-santos-desejos-2\/","url_meta":{"origin":2492,"position":3},"title":"&#8220;Porque a espera faz crescer os santos desejos&#8221;","author":"E. Mar\u00e7al","date":"3 de setembro de 2010","format":false,"excerpt":"Santo do dia: S\u00e3o Greg\u00f3rio Magno, Papa e Doutor da Igreja S\u00e3o Greg\u00f3rio MagnoGreg\u00f3rio nasceu em Roma (12 mar\u00e7o 540), numa fam\u00edlia da aristocracia tradicional romana. Aos 25 anos foi nomeado prefeito da cidade. Grande admirador de S\u00e3o Bento de N\u00farsia, fundou em sua resid\u00eancia uma comunidade mon\u00e1stica sob a\u2026","rel":"","context":"Em &quot;Sem categoria&quot;","block_context":{"text":"Sem categoria","link":"https:\/\/diretodasacristia.com\/home\/c\/sem-categoria\/"},"img":{"alt_text":"","src":"","width":0,"height":0},"classes":[]},{"id":2537,"url":"https:\/\/diretodasacristia.com\/home\/sem-categoria\/e-quando-bento-xvi-pisar-na-terra-da-rainha-2\/","url_meta":{"origin":2492,"position":4},"title":"E, quando Bento XVI pisar na terra da Rainha&#8230;","author":"E. Mar\u00e7al","date":"10 de setembro de 2010","format":false,"excerpt":"Ingleses pedem a ordena\u00e7\u00e3o sacerdotal de mulheresA discuss\u00e3o foi encerrada - pelo menos assim deveria entre os cat\u00f3licos - em 1994, quando o Vener\u00e1vel Papa Jo\u00e3o Paulo II, na Carta Apost\u00f3lica \"Ordinatio Sacerdotalis\", declarou que a Igreja n\u00e3o tem outra miss\u00e3o, sen\u00e3o guardar e transmitir o que Cristo conferiu \u00e0\u2026","rel":"","context":"Em &quot;Sem categoria&quot;","block_context":{"text":"Sem categoria","link":"https:\/\/diretodasacristia.com\/home\/c\/sem-categoria\/"},"img":{"alt_text":"","src":"","width":0,"height":0},"classes":[]},{"id":2518,"url":"https:\/\/diretodasacristia.com\/home\/sem-categoria\/algumas-fotos-do-santo-padre-no-reino-unido-2\/","url_meta":{"origin":2492,"position":5},"title":"Algumas fotos do Santo Padre no Reino Unido","author":"E. Mar\u00e7al","date":"21 de setembro de 2010","format":false,"excerpt":"Pedro ainda surpreende a Inglaterra anglicanaDepois do sucesso, antes desacreditado pela imprensa inglesa, da visita pastoral do Santo Padre Bento XVI ao Reino Unido, confira fotos de alguns momentos.Encontro de Sua Santidade Bento XVI com Elisabeth II, Rainha da Gr\u00e3-Bretanhado lado direito do Papa o rei consorte Filipe, Duque de\u2026","rel":"","context":"Em &quot;Sem categoria&quot;","block_context":{"text":"Sem categoria","link":"https:\/\/diretodasacristia.com\/home\/c\/sem-categoria\/"},"img":{"alt_text":"","src":"","width":0,"height":0},"classes":[]}],"post_mailing_queue_ids":[],"_links":{"self":[{"href":"https:\/\/diretodasacristia.com\/home\/wp-json\/wp\/v2\/posts\/2492","targetHints":{"allow":["GET"]}}],"collection":[{"href":"https:\/\/diretodasacristia.com\/home\/wp-json\/wp\/v2\/posts"}],"about":[{"href":"https:\/\/diretodasacristia.com\/home\/wp-json\/wp\/v2\/types\/post"}],"author":[{"embeddable":true,"href":"https:\/\/diretodasacristia.com\/home\/wp-json\/wp\/v2\/users\/3"}],"replies":[{"embeddable":true,"href":"https:\/\/diretodasacristia.com\/home\/wp-json\/wp\/v2\/comments?post=2492"}],"version-history":[{"count":2,"href":"https:\/\/diretodasacristia.com\/home\/wp-json\/wp\/v2\/posts\/2492\/revisions"}],"predecessor-version":[{"id":4155,"href":"https:\/\/diretodasacristia.com\/home\/wp-json\/wp\/v2\/posts\/2492\/revisions\/4155"}],"wp:attachment":[{"href":"https:\/\/diretodasacristia.com\/home\/wp-json\/wp\/v2\/media?parent=2492"}],"wp:term":[{"taxonomy":"category","embeddable":true,"href":"https:\/\/diretodasacristia.com\/home\/wp-json\/wp\/v2\/categories?post=2492"},{"taxonomy":"post_tag","embeddable":true,"href":"https:\/\/diretodasacristia.com\/home\/wp-json\/wp\/v2\/tags?post=2492"}],"curies":[{"name":"wp","href":"https:\/\/api.w.org\/{rel}","templated":true}]}}