{"id":2506,"date":"2010-10-12T14:42:00","date_gmt":"2010-10-12T14:42:00","guid":{"rendered":"http:\/\/diretodasacristia.com\/home\/sem-categoria\/inserida-tiara-papal-no-brasao-de-bento-xvi-2\/"},"modified":"2012-12-17T16:51:54","modified_gmt":"2012-12-17T19:51:54","slug":"inserida-tiara-papal-no-brasao-de-bento-xvi","status":"publish","type":"post","link":"https:\/\/diretodasacristia.com\/home\/bento-xvi\/inserida-tiara-papal-no-brasao-de-bento-xvi\/","title":{"rendered":"Inserida tiara papal no bras\u00e3o de Bento XVI"},"content":{"rendered":"<p><span style=\"font-family: verdana;\">Do <a href=\"http:\/\/www.salvemaliturgia.com\/2010\/10\/novo-escudo-papal.html\">Salvem a Liturgia<\/a><\/span><\/p>\n<p>&nbsp;<\/p>\n<p style=\"text-align: center;\"><span style=\"font-family: verdana;\"><span style=\"font-weight: bold;\">Bras\u00e3o com novo elemento foi visto durante <\/span> <span style=\"font-weight: bold;\"><br \/>\no <span style=\"font-style: italic;\">Angelus<\/span> do \u00faltimo domingo<\/span><\/span><\/p>\n<p>&nbsp;<\/p>\n<p><a href=\"http:\/\/1.bp.blogspot.com\/_LTO5Qx1HyJc\/TLT46GHS__I\/AAAAAAAABT8\/zHl-JtYQAMQ\/s1600\/Bras%C3%A3o+Bento+XVI+%28editado%29.jpg\"><img decoding=\"async\" id=\"BLOGGER_PHOTO_ID_5527316319647760370\" style=\"display: block; margin: 0px auto 10px; text-align: center; cursor: pointer; width: 168px; height: 224px;\" src=\"http:\/\/1.bp.blogspot.com\/_LTO5Qx1HyJc\/TLT46GHS__I\/AAAAAAAABT8\/zHl-JtYQAMQ\/s320\/Bras%C3%A3o+Bento+XVI+%28editado%29.jpg\" alt=\"\" border=\"0\" \/><\/a><span style=\";font-family: verdana; font-size: 85%;\"><br \/>\n<\/span><\/p>\n<p style=\"text-align: center;\"><span style=\"font-style: italic;\">Antigo bras\u00e3o de Bento XVI<\/span><\/p>\n<p style=\"text-align: justify;\"><span style=\"font-family: verdana;\">H\u00e1 quem diga que, se o bras\u00e3o pontif\u00edcio de Bento XVI ostentava uma mitra com tr\u00eas barras (ou <span style=\"font-style: italic;\">circulus<\/span>) at\u00e9 o \u00faltimo domingo, dia 10, isso deve-se ao Cardeal <a href=\"http:\/\/msnbcmedia2.msn.com\/j\/msnbc\/Components\/Photos\/061211\/061211_sarcophagus_hmed10a.grid-6x2.jpg\">Andrea di Montezemolo<\/a>, Arcipreste em\u00e9rito da Bas\u00edlica de S\u00e3o Paulo Fora-dos-muros e especialista em her\u00e1ldica eclesi\u00e1stica e a quem foi confiada a elabora\u00e7\u00e3o do bras\u00e3o papal logo ap\u00f3s o conclave de 2005.<\/span><\/p>\n<p style=\"text-align: center;\"><a href=\"http:\/\/1.bp.blogspot.com\/_LTO5Qx1HyJc\/TLT45dutqqI\/AAAAAAAABTk\/aIs2bJSi2Tw\/s1600\/Novo+bras%C3%A3o+de+Bento+XVI+%5B2%5D.jpg\"><img decoding=\"async\" id=\"BLOGGER_PHOTO_ID_5527316308807232162\" style=\"display: block; margin: 0px auto 10px; text-align: center; cursor: pointer; width: 212px; height: 320px;\" src=\"http:\/\/1.bp.blogspot.com\/_LTO5Qx1HyJc\/TLT45dutqqI\/AAAAAAAABTk\/aIs2bJSi2Tw\/s320\/Novo+bras%C3%A3o+de+Bento+XVI+%5B2%5D.jpg\" alt=\"\" border=\"0\" \/><\/a><span style=\";font-family: verdana; font-size: 85%;\"><span style=\"font-style: italic;\">Bento XVI numa janela do<br \/>\nPal\u00e1cio Apost\u00f3lico do Vaticano<\/span><\/span><\/p>\n<div style=\"text-align: center;\"><span style=\";font-family: verdana; font-size: 85%;\"><br \/>\n<\/span><\/div>\n<p><a href=\"http:\/\/3.bp.blogspot.com\/_LTO5Qx1HyJc\/TLT45kdOstI\/AAAAAAAABT0\/dOTLR4hRtFU\/s1600\/Bras%C3%A3o+Bento+XVI+%C3%ADnfulas.jpg\"><img decoding=\"async\" id=\"BLOGGER_PHOTO_ID_5527316310612947666\" style=\"display: block; margin: 0px auto 10px; text-align: center; cursor: pointer; width: 214px; height: 320px;\" src=\"http:\/\/3.bp.blogspot.com\/_LTO5Qx1HyJc\/TLT45kdOstI\/AAAAAAAABT0\/dOTLR4hRtFU\/s320\/Bras%C3%A3o+Bento+XVI+%C3%ADnfulas.jpg\" alt=\"\" border=\"0\" \/><\/a><\/p>\n<p style=\"text-align: center;\"><span style=\"font-style: italic;\">Detalhe da \u00ednfula de uma mitra usada por Bento XVI<br \/>\n\u00e9 poss\u00edvel ver a tiara j\u00e1 figurando antes mesmo do novo bras\u00e3o<br \/>\nser apresentado no \u00faltimo domingo, dia 10<\/span><\/p>\n<div style=\"text-align: center;\"><span style=\";font-family: verdana; font-size: 85%;\"><span style=\"font-style: italic;\"><br \/>\n<\/span><\/span><\/div>\n<p style=\"text-align: justify;\"><span style=\"font-family: verdana;\">Para a surpresa dos fi\u00e9is mais atentos, no Angelus do \u00faltimo domingo foi visto o bras\u00e3o de Bento na nova fl\u00e2mula, onde a tiara papal foi recuperada e nele inserida. Contudo, n\u00e3o \u00e9 a primeira vez que a mitra foi substitu\u00edda pelo <span style=\"font-style: italic;\">triregnum<\/span>. Segundo Pedro Siff, propriet\u00e1rio da Ars Regia, que projetou a mudan\u00e7a no bras\u00e3o, a tr\u00edplice coroa j\u00e1 tinha sido bordada no escudo de armas papal em paramentos. Em verdade, nas \u00ednfulas de uma mitra usada por Bento XVI, \u00e9 poss\u00edvel ver o bras\u00e3o encimado pela tiara.<\/span><\/p>\n<p style=\"text-align: center;\"><a href=\"http:\/\/1.bp.blogspot.com\/_LTO5Qx1HyJc\/TLT6EmR05YI\/AAAAAAAABUE\/UNssJS_OLtU\/s1600\/Novo+bras%C3%A3o+de+Bento+XVI.jpg\"><img decoding=\"async\" id=\"BLOGGER_PHOTO_ID_5527317599592179074\" style=\"display: block; margin: 0px auto 10px; text-align: center; cursor: pointer; width: 247px; height: 320px;\" src=\"http:\/\/1.bp.blogspot.com\/_LTO5Qx1HyJc\/TLT6EmR05YI\/AAAAAAAABUE\/UNssJS_OLtU\/s320\/Novo+bras%C3%A3o+de+Bento+XVI.jpg\" alt=\"\" border=\"0\" \/><\/a><span style=\";font-family: verdana; font-size: 85%;\"><span style=\"font-style: italic;\">Novo bras\u00e3o de Bento XVI<\/span><\/span><\/p>\n<p style=\"text-align: justify;\"><span style=\"font-family: verdana;\"><br \/>\nO novo modelo, que preserva o seu interior os mesmos elementos j\u00e1 usados anteriormente (a cabe\u00e7a do mouro, o urso de S\u00e3o Corbiniano e a concha), tem a parte externa inspirada no escudo de Urbano VIII, que governou a Igreja de 1623 a 1644, e pode ser visto nos pilares do baldaquino de Bernini na Bas\u00edlica de S\u00e3o Pedro no Vaticano.<\/span><\/p>\n<p style=\"text-align: center;\"><a href=\"http:\/\/2.bp.blogspot.com\/_LTO5Qx1HyJc\/TLT6E63gUpI\/AAAAAAAABUM\/woaSvqIZn6Q\/s1600\/Paulo+VI+e+tiara.gif\"><img decoding=\"async\" id=\"BLOGGER_PHOTO_ID_5527317605118923410\" style=\"display: block; margin: 0px auto 10px; text-align: center; cursor: pointer; width: 180px; height: 258px;\" src=\"http:\/\/2.bp.blogspot.com\/_LTO5Qx1HyJc\/TLT6E63gUpI\/AAAAAAAABUM\/woaSvqIZn6Q\/s320\/Paulo+VI+e+tiara.gif\" alt=\"\" border=\"0\" \/><\/a><span style=\"font-style: italic; font-size: 85%;\"><span style=\"font-family: verdana;\">Sua Santidade Papa Paulo VI depondo a tiara papal<\/span><br \/>\n<span style=\"font-family: verdana;\">no fim do Conc\u00edlio Vaticano II<\/span><br \/>\n<span style=\"font-family: verdana;\">para nunca mais voltar a us\u00e1-la<\/span><\/span><\/p>\n<p style=\"text-align: justify;\"><span style=\"font-family: verdana;\"><br \/>\nO \u00faltimo Papa a usar o <span style=\"font-style: italic;\">triregnum<\/span> foi o Papa Paulo VI, devido \u00e0s numerosas pedras preciosas que o adornavam, e que, segundo ele, eram inapropriadas ao papado. As tr\u00eas coroas que constituem a tiara papal representam a tr\u00edplice titula\u00e7\u00e3o do Romano Pont\u00edfice: pai dos reis, reitor do mundo e vig\u00e1rio de Cristo. Segundo Siff, apesar de o papa n\u00e3o usar mais a tiara, ela ainda faz parte do escudo de armas pontif\u00edcio. Assim como o galero n\u00e3o \u00e9 [ainda] largamente utilizado pelos cl\u00e9rigos (devido ao seu desuso), mas ele continua encimando os bras\u00f5es eclesi\u00e1sticos.<\/span><\/p>\n<p>&nbsp;<\/p>\n","protected":false},"excerpt":{"rendered":"Do Salvem a Liturgia &nbsp; Bras\u00e3o com novo elemento foi visto durante o Angelus do \u00faltimo domingo &nbsp; Antigo bras\u00e3o de Bento XVI H\u00e1 quem diga que, se o bras\u00e3o pontif\u00edcio de Bento XVI ostentava uma mitra com tr\u00eas barras (ou circulus) at\u00e9 o \u00faltimo domingo, dia 10, isso deve-se ao Cardeal Andrea di Montezemolo,&#8230; <a class=\"view-article\" href=\"https:\/\/diretodasacristia.com\/home\/bento-xvi\/inserida-tiara-papal-no-brasao-de-bento-xvi\/\">Ver artigo<\/a>","protected":false},"author":3,"featured_media":0,"comment_status":"open","ping_status":"open","sticky":false,"template":"","format":"standard","meta":{"jetpack_post_was_ever_published":false,"_jetpack_newsletter_access":"","_jetpack_dont_email_post_to_subs":false,"_jetpack_newsletter_tier_id":0,"_jetpack_memberships_contains_paywalled_content":false,"_jetpack_memberships_contains_paid_content":false,"_joinchat":[],"footnotes":"","jetpack_publicize_message":"","jetpack_publicize_feature_enabled":true,"jetpack_social_post_already_shared":false,"jetpack_social_options":{"image_generator_settings":{"template":"highway","default_image_id":0,"font":"","enabled":false},"version":2}},"categories":[6,24],"tags":[433,431],"class_list":["post-2506","post","type-post","status-publish","format-standard","hentry","category-bento-xvi","category-noticias","tag-flamula-papal","tag-tiara-papa"],"yoast_head":"<!-- This site is optimized with the Yoast SEO plugin v27.4 - https:\/\/yoast.com\/product\/yoast-seo-wordpress\/ -->\n<title>Inserida tiara papal no bras\u00e3o de Bento XVI - Direto da Sacristia<\/title>\n<meta name=\"robots\" content=\"index, follow, max-snippet:-1, max-image-preview:large, max-video-preview:-1\" \/>\n<link rel=\"canonical\" href=\"https:\/\/diretodasacristia.com\/home\/bento-xvi\/inserida-tiara-papal-no-brasao-de-bento-xvi\/\" \/>\n<meta property=\"og:locale\" content=\"pt_BR\" \/>\n<meta property=\"og:type\" content=\"article\" \/>\n<meta property=\"og:title\" content=\"Inserida tiara papal no bras\u00e3o de Bento XVI - Direto da Sacristia\" \/>\n<meta property=\"og:description\" content=\"Do Salvem a Liturgia &nbsp; Bras\u00e3o com novo elemento foi visto durante o Angelus do \u00faltimo domingo &nbsp; Antigo bras\u00e3o de Bento XVI H\u00e1 quem diga que, se o bras\u00e3o pontif\u00edcio de Bento XVI ostentava uma mitra com tr\u00eas barras (ou circulus) at\u00e9 o \u00faltimo domingo, dia 10, isso deve-se ao Cardeal Andrea di Montezemolo,... Ver artigo\" \/>\n<meta property=\"og:url\" content=\"https:\/\/diretodasacristia.com\/home\/bento-xvi\/inserida-tiara-papal-no-brasao-de-bento-xvi\/\" \/>\n<meta property=\"og:site_name\" content=\"Direto da Sacristia\" \/>\n<meta property=\"article:publisher\" content=\"https:\/\/www.facebook.com\/DiretoSacristia\" \/>\n<meta property=\"article:published_time\" content=\"2010-10-12T14:42:00+00:00\" \/>\n<meta property=\"article:modified_time\" content=\"2012-12-17T19:51:54+00:00\" \/>\n<meta property=\"og:image\" content=\"http:\/\/1.bp.blogspot.com\/_LTO5Qx1HyJc\/TLT46GHS__I\/AAAAAAAABT8\/zHl-JtYQAMQ\/s320\/Bras%C3%A3o+Bento+XVI+%28editado%29.jpg\" \/>\n<meta name=\"author\" content=\"E. Mar\u00e7al\" \/>\n<meta name=\"twitter:card\" content=\"summary_large_image\" \/>\n<meta name=\"twitter:creator\" content=\"@diretosacristia\" \/>\n<meta name=\"twitter:site\" content=\"@diretosacristia\" \/>\n<meta name=\"twitter:label1\" content=\"Escrito por\" \/>\n\t<meta name=\"twitter:data1\" content=\"E. Mar\u00e7al\" \/>\n\t<meta name=\"twitter:label2\" content=\"Est. tempo de leitura\" \/>\n\t<meta name=\"twitter:data2\" content=\"2 minutos\" \/>\n<script type=\"application\/ld+json\" class=\"yoast-schema-graph\">{\"@context\":\"https:\\\/\\\/schema.org\",\"@graph\":[{\"@type\":\"Article\",\"@id\":\"https:\\\/\\\/diretodasacristia.com\\\/home\\\/bento-xvi\\\/inserida-tiara-papal-no-brasao-de-bento-xvi\\\/#article\",\"isPartOf\":{\"@id\":\"https:\\\/\\\/diretodasacristia.com\\\/home\\\/bento-xvi\\\/inserida-tiara-papal-no-brasao-de-bento-xvi\\\/\"},\"author\":{\"name\":\"E. Mar\u00e7al\",\"@id\":\"https:\\\/\\\/diretodasacristia.com\\\/home\\\/#\\\/schema\\\/person\\\/3d453ef1f7d57c0bb0990b8070642721\"},\"headline\":\"Inserida tiara papal no bras\u00e3o de Bento XVI\",\"datePublished\":\"2010-10-12T14:42:00+00:00\",\"dateModified\":\"2012-12-17T19:51:54+00:00\",\"mainEntityOfPage\":{\"@id\":\"https:\\\/\\\/diretodasacristia.com\\\/home\\\/bento-xvi\\\/inserida-tiara-papal-no-brasao-de-bento-xvi\\\/\"},\"wordCount\":440,\"commentCount\":0,\"publisher\":{\"@id\":\"https:\\\/\\\/diretodasacristia.com\\\/home\\\/#organization\"},\"image\":{\"@id\":\"https:\\\/\\\/diretodasacristia.com\\\/home\\\/bento-xvi\\\/inserida-tiara-papal-no-brasao-de-bento-xvi\\\/#primaryimage\"},\"thumbnailUrl\":\"http:\\\/\\\/1.bp.blogspot.com\\\/_LTO5Qx1HyJc\\\/TLT46GHS__I\\\/AAAAAAAABT8\\\/zHl-JtYQAMQ\\\/s320\\\/Bras%C3%A3o+Bento+XVI+%28editado%29.jpg\",\"keywords\":[\"Fl\u00e2mula papal\",\"Tiara papa\"],\"articleSection\":[\"Bento XVI\",\"Not\u00edcias\"],\"inLanguage\":\"pt-BR\",\"potentialAction\":[{\"@type\":\"CommentAction\",\"name\":\"Comment\",\"target\":[\"https:\\\/\\\/diretodasacristia.com\\\/home\\\/bento-xvi\\\/inserida-tiara-papal-no-brasao-de-bento-xvi\\\/#respond\"]}]},{\"@type\":\"WebPage\",\"@id\":\"https:\\\/\\\/diretodasacristia.com\\\/home\\\/bento-xvi\\\/inserida-tiara-papal-no-brasao-de-bento-xvi\\\/\",\"url\":\"https:\\\/\\\/diretodasacristia.com\\\/home\\\/bento-xvi\\\/inserida-tiara-papal-no-brasao-de-bento-xvi\\\/\",\"name\":\"Inserida tiara papal no bras\u00e3o de Bento XVI - Direto da Sacristia\",\"isPartOf\":{\"@id\":\"https:\\\/\\\/diretodasacristia.com\\\/home\\\/#website\"},\"primaryImageOfPage\":{\"@id\":\"https:\\\/\\\/diretodasacristia.com\\\/home\\\/bento-xvi\\\/inserida-tiara-papal-no-brasao-de-bento-xvi\\\/#primaryimage\"},\"image\":{\"@id\":\"https:\\\/\\\/diretodasacristia.com\\\/home\\\/bento-xvi\\\/inserida-tiara-papal-no-brasao-de-bento-xvi\\\/#primaryimage\"},\"thumbnailUrl\":\"http:\\\/\\\/1.bp.blogspot.com\\\/_LTO5Qx1HyJc\\\/TLT46GHS__I\\\/AAAAAAAABT8\\\/zHl-JtYQAMQ\\\/s320\\\/Bras%C3%A3o+Bento+XVI+%28editado%29.jpg\",\"datePublished\":\"2010-10-12T14:42:00+00:00\",\"dateModified\":\"2012-12-17T19:51:54+00:00\",\"breadcrumb\":{\"@id\":\"https:\\\/\\\/diretodasacristia.com\\\/home\\\/bento-xvi\\\/inserida-tiara-papal-no-brasao-de-bento-xvi\\\/#breadcrumb\"},\"inLanguage\":\"pt-BR\",\"potentialAction\":[{\"@type\":\"ReadAction\",\"target\":[\"https:\\\/\\\/diretodasacristia.com\\\/home\\\/bento-xvi\\\/inserida-tiara-papal-no-brasao-de-bento-xvi\\\/\"]}]},{\"@type\":\"ImageObject\",\"inLanguage\":\"pt-BR\",\"@id\":\"https:\\\/\\\/diretodasacristia.com\\\/home\\\/bento-xvi\\\/inserida-tiara-papal-no-brasao-de-bento-xvi\\\/#primaryimage\",\"url\":\"http:\\\/\\\/1.bp.blogspot.com\\\/_LTO5Qx1HyJc\\\/TLT46GHS__I\\\/AAAAAAAABT8\\\/zHl-JtYQAMQ\\\/s320\\\/Bras%C3%A3o+Bento+XVI+%28editado%29.jpg\",\"contentUrl\":\"http:\\\/\\\/1.bp.blogspot.com\\\/_LTO5Qx1HyJc\\\/TLT46GHS__I\\\/AAAAAAAABT8\\\/zHl-JtYQAMQ\\\/s320\\\/Bras%C3%A3o+Bento+XVI+%28editado%29.jpg\"},{\"@type\":\"BreadcrumbList\",\"@id\":\"https:\\\/\\\/diretodasacristia.com\\\/home\\\/bento-xvi\\\/inserida-tiara-papal-no-brasao-de-bento-xvi\\\/#breadcrumb\",\"itemListElement\":[{\"@type\":\"ListItem\",\"position\":1,\"name\":\"In\u00edcio\",\"item\":\"https:\\\/\\\/diretodasacristia.com\\\/home\\\/\"},{\"@type\":\"ListItem\",\"position\":2,\"name\":\"Inserida tiara papal no bras\u00e3o de Bento XVI\"}]},{\"@type\":\"WebSite\",\"@id\":\"https:\\\/\\\/diretodasacristia.com\\\/home\\\/#website\",\"url\":\"https:\\\/\\\/diretodasacristia.com\\\/home\\\/\",\"name\":\"Direto da Sacristia\",\"description\":\"Not\u00edcias e artigos sobre a f\u00e9 cat\u00f3lica\",\"publisher\":{\"@id\":\"https:\\\/\\\/diretodasacristia.com\\\/home\\\/#organization\"},\"potentialAction\":[{\"@type\":\"SearchAction\",\"target\":{\"@type\":\"EntryPoint\",\"urlTemplate\":\"https:\\\/\\\/diretodasacristia.com\\\/home\\\/?s={search_term_string}\"},\"query-input\":{\"@type\":\"PropertyValueSpecification\",\"valueRequired\":true,\"valueName\":\"search_term_string\"}}],\"inLanguage\":\"pt-BR\"},{\"@type\":\"Organization\",\"@id\":\"https:\\\/\\\/diretodasacristia.com\\\/home\\\/#organization\",\"name\":\"Direto da Sacristia\",\"url\":\"https:\\\/\\\/diretodasacristia.com\\\/home\\\/\",\"logo\":{\"@type\":\"ImageObject\",\"inLanguage\":\"pt-BR\",\"@id\":\"https:\\\/\\\/diretodasacristia.com\\\/home\\\/#\\\/schema\\\/logo\\\/image\\\/\",\"url\":\"https:\\\/\\\/i0.wp.com\\\/diretodasacristia.com\\\/home\\\/wp-content\\\/uploads\\\/2012\\\/01\\\/marca-sacristia.png?fit=320%2C306&ssl=1\",\"contentUrl\":\"https:\\\/\\\/i0.wp.com\\\/diretodasacristia.com\\\/home\\\/wp-content\\\/uploads\\\/2012\\\/01\\\/marca-sacristia.png?fit=320%2C306&ssl=1\",\"width\":\"320\",\"height\":\"306\",\"caption\":\"Direto da Sacristia\"},\"image\":{\"@id\":\"https:\\\/\\\/diretodasacristia.com\\\/home\\\/#\\\/schema\\\/logo\\\/image\\\/\"},\"sameAs\":[\"https:\\\/\\\/www.facebook.com\\\/DiretoSacristia\",\"https:\\\/\\\/x.com\\\/diretosacristia\",\"https:\\\/\\\/www.instagram.com\\\/diretodasacristia\\\/\",\"https:\\\/\\\/www.youtube.com\\\/diretodasacristia\"]},{\"@type\":\"Person\",\"@id\":\"https:\\\/\\\/diretodasacristia.com\\\/home\\\/#\\\/schema\\\/person\\\/3d453ef1f7d57c0bb0990b8070642721\",\"name\":\"E. Mar\u00e7al\",\"image\":{\"@type\":\"ImageObject\",\"inLanguage\":\"pt-BR\",\"@id\":\"https:\\\/\\\/secure.gravatar.com\\\/avatar\\\/348ff80a5ddde3de6c8b6e0c5b066b733f9245285d9ab87cd2e2ff652ffa95b0?s=96&d=mm&r=g\",\"url\":\"https:\\\/\\\/secure.gravatar.com\\\/avatar\\\/348ff80a5ddde3de6c8b6e0c5b066b733f9245285d9ab87cd2e2ff652ffa95b0?s=96&d=mm&r=g\",\"contentUrl\":\"https:\\\/\\\/secure.gravatar.com\\\/avatar\\\/348ff80a5ddde3de6c8b6e0c5b066b733f9245285d9ab87cd2e2ff652ffa95b0?s=96&d=mm&r=g\",\"caption\":\"E. Mar\u00e7al\"},\"url\":\"https:\\\/\\\/diretodasacristia.com\\\/home\\\/author\\\/erick\\\/\"}]}<\/script>\n<!-- \/ Yoast SEO plugin. -->","yoast_head_json":{"title":"Inserida tiara papal no bras\u00e3o de Bento XVI - Direto da Sacristia","robots":{"index":"index","follow":"follow","max-snippet":"max-snippet:-1","max-image-preview":"max-image-preview:large","max-video-preview":"max-video-preview:-1"},"canonical":"https:\/\/diretodasacristia.com\/home\/bento-xvi\/inserida-tiara-papal-no-brasao-de-bento-xvi\/","og_locale":"pt_BR","og_type":"article","og_title":"Inserida tiara papal no bras\u00e3o de Bento XVI - Direto da Sacristia","og_description":"Do Salvem a Liturgia &nbsp; Bras\u00e3o com novo elemento foi visto durante o Angelus do \u00faltimo domingo &nbsp; Antigo bras\u00e3o de Bento XVI H\u00e1 quem diga que, se o bras\u00e3o pontif\u00edcio de Bento XVI ostentava uma mitra com tr\u00eas barras (ou circulus) at\u00e9 o \u00faltimo domingo, dia 10, isso deve-se ao Cardeal Andrea di Montezemolo,... Ver artigo","og_url":"https:\/\/diretodasacristia.com\/home\/bento-xvi\/inserida-tiara-papal-no-brasao-de-bento-xvi\/","og_site_name":"Direto da Sacristia","article_publisher":"https:\/\/www.facebook.com\/DiretoSacristia","article_published_time":"2010-10-12T14:42:00+00:00","article_modified_time":"2012-12-17T19:51:54+00:00","og_image":[{"url":"http:\/\/1.bp.blogspot.com\/_LTO5Qx1HyJc\/TLT46GHS__I\/AAAAAAAABT8\/zHl-JtYQAMQ\/s320\/Bras%C3%A3o+Bento+XVI+%28editado%29.jpg","type":"","width":"","height":""}],"author":"E. Mar\u00e7al","twitter_card":"summary_large_image","twitter_creator":"@diretosacristia","twitter_site":"@diretosacristia","twitter_misc":{"Escrito por":"E. Mar\u00e7al","Est. tempo de leitura":"2 minutos"},"schema":{"@context":"https:\/\/schema.org","@graph":[{"@type":"Article","@id":"https:\/\/diretodasacristia.com\/home\/bento-xvi\/inserida-tiara-papal-no-brasao-de-bento-xvi\/#article","isPartOf":{"@id":"https:\/\/diretodasacristia.com\/home\/bento-xvi\/inserida-tiara-papal-no-brasao-de-bento-xvi\/"},"author":{"name":"E. Mar\u00e7al","@id":"https:\/\/diretodasacristia.com\/home\/#\/schema\/person\/3d453ef1f7d57c0bb0990b8070642721"},"headline":"Inserida tiara papal no bras\u00e3o de Bento XVI","datePublished":"2010-10-12T14:42:00+00:00","dateModified":"2012-12-17T19:51:54+00:00","mainEntityOfPage":{"@id":"https:\/\/diretodasacristia.com\/home\/bento-xvi\/inserida-tiara-papal-no-brasao-de-bento-xvi\/"},"wordCount":440,"commentCount":0,"publisher":{"@id":"https:\/\/diretodasacristia.com\/home\/#organization"},"image":{"@id":"https:\/\/diretodasacristia.com\/home\/bento-xvi\/inserida-tiara-papal-no-brasao-de-bento-xvi\/#primaryimage"},"thumbnailUrl":"http:\/\/1.bp.blogspot.com\/_LTO5Qx1HyJc\/TLT46GHS__I\/AAAAAAAABT8\/zHl-JtYQAMQ\/s320\/Bras%C3%A3o+Bento+XVI+%28editado%29.jpg","keywords":["Fl\u00e2mula papal","Tiara papa"],"articleSection":["Bento XVI","Not\u00edcias"],"inLanguage":"pt-BR","potentialAction":[{"@type":"CommentAction","name":"Comment","target":["https:\/\/diretodasacristia.com\/home\/bento-xvi\/inserida-tiara-papal-no-brasao-de-bento-xvi\/#respond"]}]},{"@type":"WebPage","@id":"https:\/\/diretodasacristia.com\/home\/bento-xvi\/inserida-tiara-papal-no-brasao-de-bento-xvi\/","url":"https:\/\/diretodasacristia.com\/home\/bento-xvi\/inserida-tiara-papal-no-brasao-de-bento-xvi\/","name":"Inserida tiara papal no bras\u00e3o de Bento XVI - Direto da Sacristia","isPartOf":{"@id":"https:\/\/diretodasacristia.com\/home\/#website"},"primaryImageOfPage":{"@id":"https:\/\/diretodasacristia.com\/home\/bento-xvi\/inserida-tiara-papal-no-brasao-de-bento-xvi\/#primaryimage"},"image":{"@id":"https:\/\/diretodasacristia.com\/home\/bento-xvi\/inserida-tiara-papal-no-brasao-de-bento-xvi\/#primaryimage"},"thumbnailUrl":"http:\/\/1.bp.blogspot.com\/_LTO5Qx1HyJc\/TLT46GHS__I\/AAAAAAAABT8\/zHl-JtYQAMQ\/s320\/Bras%C3%A3o+Bento+XVI+%28editado%29.jpg","datePublished":"2010-10-12T14:42:00+00:00","dateModified":"2012-12-17T19:51:54+00:00","breadcrumb":{"@id":"https:\/\/diretodasacristia.com\/home\/bento-xvi\/inserida-tiara-papal-no-brasao-de-bento-xvi\/#breadcrumb"},"inLanguage":"pt-BR","potentialAction":[{"@type":"ReadAction","target":["https:\/\/diretodasacristia.com\/home\/bento-xvi\/inserida-tiara-papal-no-brasao-de-bento-xvi\/"]}]},{"@type":"ImageObject","inLanguage":"pt-BR","@id":"https:\/\/diretodasacristia.com\/home\/bento-xvi\/inserida-tiara-papal-no-brasao-de-bento-xvi\/#primaryimage","url":"http:\/\/1.bp.blogspot.com\/_LTO5Qx1HyJc\/TLT46GHS__I\/AAAAAAAABT8\/zHl-JtYQAMQ\/s320\/Bras%C3%A3o+Bento+XVI+%28editado%29.jpg","contentUrl":"http:\/\/1.bp.blogspot.com\/_LTO5Qx1HyJc\/TLT46GHS__I\/AAAAAAAABT8\/zHl-JtYQAMQ\/s320\/Bras%C3%A3o+Bento+XVI+%28editado%29.jpg"},{"@type":"BreadcrumbList","@id":"https:\/\/diretodasacristia.com\/home\/bento-xvi\/inserida-tiara-papal-no-brasao-de-bento-xvi\/#breadcrumb","itemListElement":[{"@type":"ListItem","position":1,"name":"In\u00edcio","item":"https:\/\/diretodasacristia.com\/home\/"},{"@type":"ListItem","position":2,"name":"Inserida tiara papal no bras\u00e3o de Bento XVI"}]},{"@type":"WebSite","@id":"https:\/\/diretodasacristia.com\/home\/#website","url":"https:\/\/diretodasacristia.com\/home\/","name":"Direto da Sacristia","description":"Not\u00edcias e artigos sobre a f\u00e9 cat\u00f3lica","publisher":{"@id":"https:\/\/diretodasacristia.com\/home\/#organization"},"potentialAction":[{"@type":"SearchAction","target":{"@type":"EntryPoint","urlTemplate":"https:\/\/diretodasacristia.com\/home\/?s={search_term_string}"},"query-input":{"@type":"PropertyValueSpecification","valueRequired":true,"valueName":"search_term_string"}}],"inLanguage":"pt-BR"},{"@type":"Organization","@id":"https:\/\/diretodasacristia.com\/home\/#organization","name":"Direto da Sacristia","url":"https:\/\/diretodasacristia.com\/home\/","logo":{"@type":"ImageObject","inLanguage":"pt-BR","@id":"https:\/\/diretodasacristia.com\/home\/#\/schema\/logo\/image\/","url":"https:\/\/i0.wp.com\/diretodasacristia.com\/home\/wp-content\/uploads\/2012\/01\/marca-sacristia.png?fit=320%2C306&ssl=1","contentUrl":"https:\/\/i0.wp.com\/diretodasacristia.com\/home\/wp-content\/uploads\/2012\/01\/marca-sacristia.png?fit=320%2C306&ssl=1","width":"320","height":"306","caption":"Direto da Sacristia"},"image":{"@id":"https:\/\/diretodasacristia.com\/home\/#\/schema\/logo\/image\/"},"sameAs":["https:\/\/www.facebook.com\/DiretoSacristia","https:\/\/x.com\/diretosacristia","https:\/\/www.instagram.com\/diretodasacristia\/","https:\/\/www.youtube.com\/diretodasacristia"]},{"@type":"Person","@id":"https:\/\/diretodasacristia.com\/home\/#\/schema\/person\/3d453ef1f7d57c0bb0990b8070642721","name":"E. Mar\u00e7al","image":{"@type":"ImageObject","inLanguage":"pt-BR","@id":"https:\/\/secure.gravatar.com\/avatar\/348ff80a5ddde3de6c8b6e0c5b066b733f9245285d9ab87cd2e2ff652ffa95b0?s=96&d=mm&r=g","url":"https:\/\/secure.gravatar.com\/avatar\/348ff80a5ddde3de6c8b6e0c5b066b733f9245285d9ab87cd2e2ff652ffa95b0?s=96&d=mm&r=g","contentUrl":"https:\/\/secure.gravatar.com\/avatar\/348ff80a5ddde3de6c8b6e0c5b066b733f9245285d9ab87cd2e2ff652ffa95b0?s=96&d=mm&r=g","caption":"E. Mar\u00e7al"},"url":"https:\/\/diretodasacristia.com\/home\/author\/erick\/"}]}},"jetpack_publicize_connections":[],"jetpack_featured_media_url":"","jetpack_sharing_enabled":true,"jetpack_shortlink":"https:\/\/wp.me\/p24aG7-Eq","jetpack-related-posts":[{"id":2438,"url":"https:\/\/diretodasacristia.com\/home\/bento-xvi\/onde-esta-a-tiara-do-brasao-papal\/","url_meta":{"origin":2506,"position":0},"title":"Onde est\u00e1 a tiara do bras\u00e3o papal?","author":"E. Mar\u00e7al","date":"10 de julho de 2011","format":false,"excerpt":"Em outubro passado, noticiamos o feliz acontecimento de que o triregnum tinha voltado a figurar no bras\u00e3o do Pont\u00edfice reinante. Contudo, como \u00e9 de se esperar quando se trata de antigos valores da Igreja resgatados para os nossos dias, dizem que a novidade n\u00e3o foi bem aceita por muitos. Agora,\u2026","rel":"","context":"Em &quot;Bento XVI&quot;","block_context":{"text":"Bento XVI","link":"https:\/\/diretodasacristia.com\/home\/c\/bento-xvi\/"},"img":{"alt_text":"","src":"","width":0,"height":0},"classes":[]},{"id":57,"url":"https:\/\/diretodasacristia.com\/home\/sem-categoria\/bento-xvi-ganha-uma-tiara-papal-2\/","url_meta":{"origin":2506,"position":1},"title":"Bento XVI ganha uma tiara papal","author":"E. Mar\u00e7al","date":"26 de maio de 2011","format":false,"excerpt":"Fotos do Orbis Catholicus SecundusO empres\u00e1rio Dieter Philippi apresenta o seu presenteOntem, durante os tradicionais cumprimentos ao Santo Padre ao fim da audi\u00eancia-geral, uma feliz surpresa abateu-se sobre aqueles que d\u00e3o o devido valor \u00e0 tradi\u00e7\u00e3o papal e n\u00e3o a relativizam segundo conceitos socio-teol\u00f3gicos: um empres\u00e1rio alem\u00e3o encomendou a artes\u00e3os\u2026","rel":"","context":"Em &quot;Sem categoria&quot;","block_context":{"text":"Sem categoria","link":"https:\/\/diretodasacristia.com\/home\/c\/sem-categoria\/"},"img":{"alt_text":"","src":"","width":0,"height":0},"classes":[]},{"id":5498,"url":"https:\/\/diretodasacristia.com\/home\/noticias\/uma-tiara-pontificia-para-leao-xiv\/","url_meta":{"origin":2506,"position":2},"title":"Uma tiara pontif\u00edcia para Le\u00e3o XIV","author":"Reda\u00e7\u00e3o","date":"6 de mar\u00e7o de 2026","format":false,"excerpt":"A associa\u00e7\u00e3o \"Amici Vaticani\" come\u00e7ou a campanha em 2025, desejando retomar o gesto que as tiaras usadas pelos papas lhes foram presenteadas ou por suas antigas dioceses ou pelas regi\u00f5es das quais proveniam.","rel":"","context":"Em &quot;Liturgia&quot;","block_context":{"text":"Liturgia","link":"https:\/\/diretodasacristia.com\/home\/c\/liturgia\/"},"img":{"alt_text":"","src":"https:\/\/i0.wp.com\/diretodasacristia.com\/home\/wp-content\/uploads\/2026\/03\/31fc9a_32dfb9c5bef44eff8f927c22368601b77Emv2-scaled.jpg?resize=350%2C200&ssl=1","width":350,"height":200,"srcset":"https:\/\/i0.wp.com\/diretodasacristia.com\/home\/wp-content\/uploads\/2026\/03\/31fc9a_32dfb9c5bef44eff8f927c22368601b77Emv2-scaled.jpg?resize=350%2C200&ssl=1 1x, https:\/\/i0.wp.com\/diretodasacristia.com\/home\/wp-content\/uploads\/2026\/03\/31fc9a_32dfb9c5bef44eff8f927c22368601b77Emv2-scaled.jpg?resize=525%2C300&ssl=1 1.5x, https:\/\/i0.wp.com\/diretodasacristia.com\/home\/wp-content\/uploads\/2026\/03\/31fc9a_32dfb9c5bef44eff8f927c22368601b77Emv2-scaled.jpg?resize=700%2C400&ssl=1 2x, https:\/\/i0.wp.com\/diretodasacristia.com\/home\/wp-content\/uploads\/2026\/03\/31fc9a_32dfb9c5bef44eff8f927c22368601b77Emv2-scaled.jpg?resize=1050%2C600&ssl=1 3x, https:\/\/i0.wp.com\/diretodasacristia.com\/home\/wp-content\/uploads\/2026\/03\/31fc9a_32dfb9c5bef44eff8f927c22368601b77Emv2-scaled.jpg?resize=1400%2C800&ssl=1 4x"},"classes":[]},{"id":244,"url":"https:\/\/diretodasacristia.com\/home\/bento-xvi\/inedito-bento-xvi-usa-plataforma-movel\/","url_meta":{"origin":2506,"position":3},"title":"In\u00e9dito: Bento XVI usa plataforma m\u00f3vel","author":"E. Mar\u00e7al","date":"16 de outubro de 2011","format":false,"excerpt":"\u00a0Fotos da\u00a0Day Life Plataforma m\u00f3vel evita os esfor\u00e7os dispens\u00e1veis e garante uma maior seguran\u00e7a ao Pont\u00edfice Na manh\u00e3 de hoje, tal como foi anunciado e esclarecido pela Sala de Imprensa da Santa S\u00e9, o Papa Bento XVI fez uso de uma plataforma m\u00f3vel desde a sacristia da Bas\u00edlica Vaticana at\u00e9\u2026","rel":"","context":"Em &quot;Bento XVI&quot;","block_context":{"text":"Bento XVI","link":"https:\/\/diretodasacristia.com\/home\/c\/bento-xvi\/"},"img":{"alt_text":"","src":"https:\/\/i0.wp.com\/diretodasacristia.com\/home\/wp-content\/uploads\/2011\/10\/Bento-XVI-ingressa-Missa-plataforma-m%C3%B3vel.jpg?resize=350%2C200","width":350,"height":200,"srcset":"https:\/\/i0.wp.com\/diretodasacristia.com\/home\/wp-content\/uploads\/2011\/10\/Bento-XVI-ingressa-Missa-plataforma-m%C3%B3vel.jpg?resize=350%2C200 1x, https:\/\/i0.wp.com\/diretodasacristia.com\/home\/wp-content\/uploads\/2011\/10\/Bento-XVI-ingressa-Missa-plataforma-m%C3%B3vel.jpg?resize=525%2C300 1.5x"},"classes":[]},{"id":2490,"url":"https:\/\/diretodasacristia.com\/home\/sem-categoria\/o-senado-de-bento-xvi-parte-22-2\/","url_meta":{"origin":2506,"position":4},"title":"O Senado de Bento XVI &#8211; Parte 2\/2","author":"E. Mar\u00e7al","date":"19 de novembro de 2010","format":false,"excerpt":"Continuando o nosso texto sobre o Sacro Col\u00e9gio, tomaremos ci\u00eancia de como \u00e9 organizado o mesmo e quais seus tarefas na Santa Igreja. Nem sempre o Col\u00e9gio teve as mesmas fun\u00e7\u00f5es e os mesmos t\u00edtulos. Dando prosseguimento \u00e0s reflex\u00f5es, n\u00e3o procrastinemos e nos coloquemos de imediato neste trabalho quase que\u2026","rel":"","context":"Em &quot;Sem categoria&quot;","block_context":{"text":"Sem categoria","link":"https:\/\/diretodasacristia.com\/home\/c\/sem-categoria\/"},"img":{"alt_text":"","src":"","width":0,"height":0},"classes":[]},{"id":1575,"url":"https:\/\/diretodasacristia.com\/home\/bento-xvi\/bento-xvi-nao-se-encontrara-com-vitimas-do-pe-maciel\/","url_meta":{"origin":2506,"position":5},"title":"Bento XVI n\u00e3o se encontrar\u00e1 com v\u00edtimas do Pe. Maciel","author":"E. Mar\u00e7al","date":"14 de mar\u00e7o de 2012","format":false,"excerpt":"Do Humanitas Unisinos \u00a0 Bento XVI recebe em audi\u00eancia o Rev.do Pe. \u00c1lvaro Corcuera, ainda Diretor-geral dos Legion\u00e1rios de Cristo Mesmo movimentado todo o M\u00e9xico com a vinda de Bento XVI (embora a visita papal se limite ao Estado de Guanajuato), a sombra do Pe. Marcial Maciel encobre as not\u00edcias\u2026","rel":"","context":"Em &quot;Bento XVI&quot;","block_context":{"text":"Bento XVI","link":"https:\/\/diretodasacristia.com\/home\/c\/bento-xvi\/"},"img":{"alt_text":"","src":"https:\/\/i0.wp.com\/diretodasacristia.com\/home\/wp-content\/uploads\/2012\/03\/Bento-XVI-audiencia-Alvaro-Corcuera.jpg?resize=350%2C200","width":350,"height":200,"srcset":"https:\/\/i0.wp.com\/diretodasacristia.com\/home\/wp-content\/uploads\/2012\/03\/Bento-XVI-audiencia-Alvaro-Corcuera.jpg?resize=350%2C200 1x, https:\/\/i0.wp.com\/diretodasacristia.com\/home\/wp-content\/uploads\/2012\/03\/Bento-XVI-audiencia-Alvaro-Corcuera.jpg?resize=525%2C300 1.5x"},"classes":[]}],"post_mailing_queue_ids":[],"_links":{"self":[{"href":"https:\/\/diretodasacristia.com\/home\/wp-json\/wp\/v2\/posts\/2506","targetHints":{"allow":["GET"]}}],"collection":[{"href":"https:\/\/diretodasacristia.com\/home\/wp-json\/wp\/v2\/posts"}],"about":[{"href":"https:\/\/diretodasacristia.com\/home\/wp-json\/wp\/v2\/types\/post"}],"author":[{"embeddable":true,"href":"https:\/\/diretodasacristia.com\/home\/wp-json\/wp\/v2\/users\/3"}],"replies":[{"embeddable":true,"href":"https:\/\/diretodasacristia.com\/home\/wp-json\/wp\/v2\/comments?post=2506"}],"version-history":[{"count":5,"href":"https:\/\/diretodasacristia.com\/home\/wp-json\/wp\/v2\/posts\/2506\/revisions"}],"predecessor-version":[{"id":3837,"href":"https:\/\/diretodasacristia.com\/home\/wp-json\/wp\/v2\/posts\/2506\/revisions\/3837"}],"wp:attachment":[{"href":"https:\/\/diretodasacristia.com\/home\/wp-json\/wp\/v2\/media?parent=2506"}],"wp:term":[{"taxonomy":"category","embeddable":true,"href":"https:\/\/diretodasacristia.com\/home\/wp-json\/wp\/v2\/categories?post=2506"},{"taxonomy":"post_tag","embeddable":true,"href":"https:\/\/diretodasacristia.com\/home\/wp-json\/wp\/v2\/tags?post=2506"}],"curies":[{"name":"wp","href":"https:\/\/api.w.org\/{rel}","templated":true}]}}