{"id":253,"date":"2011-11-21T12:49:00","date_gmt":"2011-11-21T15:49:00","guid":{"rendered":"http:\/\/diretodasacristia2011.wordpress.com\/2011\/11\/21\/dom-filippo-santoro-arcebispo-de-taranto"},"modified":"2011-12-14T21:03:55","modified_gmt":"2011-12-15T00:03:55","slug":"dom-filippo-santoro-arcebispo-de-taranto","status":"publish","type":"post","link":"https:\/\/diretodasacristia.com\/home\/boletim-santa-se\/dom-filippo-santoro-arcebispo-de-taranto\/","title":{"rendered":"Dom Filippo Santoro, arcebispo de Taranto"},"content":{"rendered":"<p><span style=\"font-family: Verdana, sans-serif;\">Do\u00a0<a href=\"http:\/\/press.catholica.va\/news_services\/bulletin\/news\/28427.php?index=28427&amp;lang=po#RINUNCIA DELL\u2019ARCIVESCOVO METROPOLITA DI TARANTO (ITALIA) E NOMINA DEL SUCCESSORE\">boletim da Sala de Imprensa da Santa S\u00e9<\/a><\/span><\/p>\n<p><span style=\"font-family: Verdana, sans-serif;\"><br \/>\n<\/span><\/p>\n<div style=\"width: 410px\" class=\"wp-caption alignnone\"><a href=\"http:\/\/3.bp.blogspot.com\/-LhTgo0g2QrA\/TspIeGsvZDI\/AAAAAAAACfg\/l7uCXwiaeGc\/s1600\/Dom+Filippo+Santoro%252C+Arcebispo+Taranto.jpg\"><img loading=\"lazy\" decoding=\"async\" style=\"border-style: initial; border-color: initial; border-image: initial; border-width: 0px;\" src=\"http:\/\/3.bp.blogspot.com\/-LhTgo0g2QrA\/TspIeGsvZDI\/AAAAAAAACfg\/l7uCXwiaeGc\/s400\/Dom+Filippo+Santoro%252C+Arcebispo+Taranto.jpg\" alt=\"\" width=\"400\" height=\"301\" border=\"0\" \/><\/a><p class=\"wp-caption-text\">Sua Excel\u00eancia Dom Filippo Santoro Arcebispo eleito de Taranto (It\u00e1lia) 63 anos<\/p><\/div>\n<div>\n<p><span style=\"font-family: Verdana, sans-serif; font-size: xx-small;\"><em><br \/>\n<\/em><\/span><\/p>\n<\/div>\n<p><span style=\"font-family: Verdana, sans-serif;\">Agora sim, mais uma &#8220;especula\u00e7\u00e3o&#8221; do vaticanista Andrea Tornielli aconteceu. Desde o in\u00edcio deste m\u00eas falava-se no que hoje foi confirmado: o Bispo de Petr\u00f3polis (Rio de Janeiro, S.E.R. Dom Filippo Santoro, foi hoje nomeado pelo Santo Padre Bento XVI como Arcebispo de Taranto (It\u00e1lia). Fato raro, mas poss\u00edvel: um estrangeiro, bispo de uma diocese de um pa\u00eds que n\u00e3o \u00e9 o seu, \u00e9 nomeado para uma diocese no seu pa\u00eds natal. Aqui Dom Santoro nunca poderia ser arcebispo, haja vista para o costume (acreditamos, n\u00e3o confirmado por nenhuma norma jur\u00eddica) brasileiro de n\u00e3o ocupar as c\u00e1tedras arquiepiscopais com bispos sem sangue\u00a0genuinamente\u00a0brasileiro.<\/span><\/p>\n<div>\n<p><span style=\"font-family: Verdana, sans-serif;\">A nomea\u00e7\u00e3o aconteceu depois que o Papa aceitou a ren\u00fancia ao governo pastoral da dita Arquidiocese apresentada por S.E.R. Mons. Benigno Luigi Papa, membro professo da Ordem dos Franciscanos Menores, em conformidade com o c\u00e2non 401 \u00a7 1 do C\u00f3digo de Direito Can\u00f4nico.<\/span><\/p>\n<\/div>\n<div>\n<p><span style=\"font-family: Verdana, sans-serif;\">Dom Santoro nasceu em Carbonara, prov\u00edncia de Bari e arquidiocese de Bari-Bitonto, em 12 julho 1948. Completou os estudos filos\u00f3ficos na\u00a0<\/span><em style=\"font-family: Verdana, sans-serif;\">Universit\u00e0 Cattolica del Sacro Cuore<\/em><span style=\"font-family: Verdana, sans-serif;\">\u00a0de Mil\u00e3o, obtendo o Doutorado em Filosofia. Em Roma, conseguiu a L\u00e1urea em Teologia Dogm\u00e1tica, na\u00a0<\/span><em style=\"font-family: Verdana, sans-serif;\">Pontificia Universit\u00e0 Gregoriana<\/em><span style=\"font-family: Verdana, sans-serif;\">, como aluno do\u00a0<\/span><em style=\"font-family: Verdana, sans-serif;\">Almo Collegio Capranica\u00a0<\/em><span style=\"font-family: Verdana, sans-serif;\">(<\/span><strong style=\"font-family: Verdana, sans-serif;\">n.d.e.<\/strong><span style=\"font-family: Verdana, sans-serif;\">\u00a0um dos semin\u00e1rios romanos)<\/span><\/p>\n<\/div>\n<div>\n<p><span style=\"font-family: Verdana, sans-serif;\">Foi ordenado sacerdote em 20 maio 1972 para a arquidiocese de Bari-Bitonto.<\/span><\/p>\n<\/div>\n<div>\n<p><span style=\"font-family: Verdana, sans-serif;\">Depois da ordena\u00e7\u00e3o sacerdotal, entre outros cargos, desempenhou os seguintes: sacerdote\u00a0<\/span><em style=\"font-family: Verdana, sans-serif;\">fidei donum<\/em><span style=\"font-family: Verdana, sans-serif;\">\u00a0na arquidiocese de S\u00e3o Sebasti\u00e3o do Rio de Janeiro (Brasil) de 1984 a 1996; Repons\u00e1vel do &#8220;Comunh\u00e3o e Liberta\u00e7\u00e3o&#8221; no Rio de Janeiro de 1984 a 1988 e de 1988 a 1996, em todo o Brasil e na Am\u00e9rica Latina. Em 1992, participou como te\u00f3logo da IV Confer\u00eancia Geral do Episcopado Latinoamericano em Santo Domingo.<\/span><\/p>\n<\/div>\n<div>\n<p><span style=\"font-family: Verdana, sans-serif;\">Eleito \u00e0 sede titular de Tuscamia e nomeado Bispo Auxiliar da Arquidiocese de S\u00e3o Sebasti\u00e3o do Rio de Janeiro em 10 abril 1996, recebeu a sagra\u00e7\u00e3o episcopal em 29 junho sucessivo do Cardeal Eug\u00eanio Sales.<\/span><\/p>\n<\/div>\n<div>\n<p><span style=\"font-family: Verdana, sans-serif;\">Em 12 maio 1994 foi eleito Bispo da diocese de Petr\u00f3polis.\u00a0<\/span><span style=\"font-family: Verdana, sans-serif;\">Na Confer\u00eancia Episcopal dos Bispos do Brasil \u00e9 Membro do Conselho Permanente e da Comiss\u00e3o Episcopal para a Doutrina da F\u00e9. Tamb\u00e9m \u00e9 Gr\u00e3o-chanceler da Universidade Cat\u00f3lica de Petr\u00f3polis.<\/span><\/p>\n<\/div>\n<div>\n<p><span style=\"font-family: Verdana, sans-serif;\">\u00c9 autor de diversas publica\u00e7\u00f5es de car\u00e1ter teol\u00f3gico e filos\u00f3fico.\u00a0<\/span><span style=\"font-family: Verdana, sans-serif;\">A sua Arquidiocese, ao sul da It\u00e1lia, contava, em 2004, com quase 406 mil batizados, divididos em 86 par\u00f3quias em 1.056 km\u00b2. De sua catedral \u00e9 titular S\u00e3o Cataldo, segundo bispo da diocese fundada no s\u00e9culo VI. A concatedral \u00e9 dedicada \u00e0 Grande M\u00e3e de Deus. H\u00e1 223 sacerdotes, dos quais 143 s\u00e3o seculares e 80 regulares; 90 religiosos e 266 freiras e 15 di\u00e1conos permanentes.<\/span><\/p>\n<\/div>\n<div>\n<p><span style=\"font-family: Verdana, sans-serif;\">O Arcebispo eleito de Taranto exerceu ainda maior solicitude pastoral quando sua diocese foi atingida por graves desastres fluviais no in\u00edcio deste ano. Demonstrou grande aten\u00e7\u00e3o \u00e0s v\u00edtimas e dirigiu apoio material e, sobretudo, espiritual a eles. H\u00e1 poucos meses sagrou bispo a um sacerdote de seu clero que foi eleito Auxilar de S\u00e3o Salvador da Bahia, Dom Gilson.<\/span><\/p>\n<\/div>\n<div>\n<p>\u00a0<span style=\"font-family: Verdana, sans-serif;\">Rezemos ao Senhor da Messe que aben\u00e7oe largamente o minist\u00e9rio episcopal de Dom Santoro, agora mais exigido por essa nomea\u00e7\u00e3o para um of\u00edcio maior. Que a cada dia Sua Excel\u00eancia seja mais fiel a Deus e \u00e0 sua Igreja.<\/span><\/p>\n<p>&nbsp;<\/p>\n<\/div>\n","protected":false},"excerpt":{"rendered":"Do\u00a0boletim da Sala de Imprensa da Santa S\u00e9 Agora sim, mais uma &#8220;especula\u00e7\u00e3o&#8221; do vaticanista Andrea Tornielli aconteceu. Desde o in\u00edcio deste m\u00eas falava-se no que hoje foi confirmado: o Bispo de Petr\u00f3polis (Rio de Janeiro, S.E.R. Dom Filippo Santoro, foi hoje nomeado pelo Santo Padre Bento XVI como Arcebispo de Taranto (It\u00e1lia). Fato raro,&#8230; <a class=\"view-article\" href=\"https:\/\/diretodasacristia.com\/home\/boletim-santa-se\/dom-filippo-santoro-arcebispo-de-taranto\/\">Ver artigo<\/a>","protected":false},"author":3,"featured_media":0,"comment_status":"open","ping_status":"open","sticky":false,"template":"","format":"standard","meta":{"jetpack_post_was_ever_published":false,"_jetpack_newsletter_access":"","_jetpack_dont_email_post_to_subs":false,"_jetpack_newsletter_tier_id":0,"_jetpack_memberships_contains_paywalled_content":false,"_jetpack_memberships_contains_paid_content":false,"_joinchat":[],"footnotes":"","jetpack_publicize_message":"","jetpack_publicize_feature_enabled":true,"jetpack_social_post_already_shared":false,"jetpack_social_options":{"image_generator_settings":{"template":"highway","default_image_id":0,"font":"","enabled":false},"version":2}},"categories":[8,9,37,24],"tags":[],"class_list":["post-253","post","type-post","status-publish","format-standard","hentry","category-boletim-santa-se","category-brasil","category-destaque","category-noticias"],"yoast_head":"<!-- This site is optimized with the Yoast SEO plugin v27.4 - https:\/\/yoast.com\/product\/yoast-seo-wordpress\/ -->\n<title>Dom Filippo Santoro, arcebispo de Taranto - Direto da Sacristia<\/title>\n<meta name=\"robots\" content=\"index, follow, max-snippet:-1, max-image-preview:large, max-video-preview:-1\" \/>\n<link rel=\"canonical\" href=\"https:\/\/diretodasacristia.com\/home\/boletim-santa-se\/dom-filippo-santoro-arcebispo-de-taranto\/\" \/>\n<meta property=\"og:locale\" content=\"pt_BR\" \/>\n<meta property=\"og:type\" content=\"article\" \/>\n<meta property=\"og:title\" content=\"Dom Filippo Santoro, arcebispo de Taranto - Direto da Sacristia\" \/>\n<meta property=\"og:description\" content=\"Do\u00a0boletim da Sala de Imprensa da Santa S\u00e9 Agora sim, mais uma &#8220;especula\u00e7\u00e3o&#8221; do vaticanista Andrea Tornielli aconteceu. Desde o in\u00edcio deste m\u00eas falava-se no que hoje foi confirmado: o Bispo de Petr\u00f3polis (Rio de Janeiro, S.E.R. Dom Filippo Santoro, foi hoje nomeado pelo Santo Padre Bento XVI como Arcebispo de Taranto (It\u00e1lia). Fato raro,... Ver artigo\" \/>\n<meta property=\"og:url\" content=\"https:\/\/diretodasacristia.com\/home\/boletim-santa-se\/dom-filippo-santoro-arcebispo-de-taranto\/\" \/>\n<meta property=\"og:site_name\" content=\"Direto da Sacristia\" \/>\n<meta property=\"article:publisher\" content=\"https:\/\/www.facebook.com\/DiretoSacristia\" \/>\n<meta property=\"article:published_time\" content=\"2011-11-21T15:49:00+00:00\" \/>\n<meta property=\"article:modified_time\" content=\"2011-12-15T00:03:55+00:00\" \/>\n<meta property=\"og:image\" content=\"http:\/\/3.bp.blogspot.com\/-LhTgo0g2QrA\/TspIeGsvZDI\/AAAAAAAACfg\/l7uCXwiaeGc\/s400\/Dom+Filippo+Santoro%252C+Arcebispo+Taranto.jpg\" \/>\n<meta name=\"author\" content=\"E. Mar\u00e7al\" \/>\n<meta name=\"twitter:card\" content=\"summary_large_image\" \/>\n<meta name=\"twitter:creator\" content=\"@diretosacristia\" \/>\n<meta name=\"twitter:site\" content=\"@diretosacristia\" \/>\n<meta name=\"twitter:label1\" content=\"Escrito por\" \/>\n\t<meta name=\"twitter:data1\" content=\"E. Mar\u00e7al\" \/>\n\t<meta name=\"twitter:label2\" content=\"Est. tempo de leitura\" \/>\n\t<meta name=\"twitter:data2\" content=\"3 minutos\" \/>\n<script type=\"application\/ld+json\" class=\"yoast-schema-graph\">{\"@context\":\"https:\\\/\\\/schema.org\",\"@graph\":[{\"@type\":\"Article\",\"@id\":\"https:\\\/\\\/diretodasacristia.com\\\/home\\\/boletim-santa-se\\\/dom-filippo-santoro-arcebispo-de-taranto\\\/#article\",\"isPartOf\":{\"@id\":\"https:\\\/\\\/diretodasacristia.com\\\/home\\\/boletim-santa-se\\\/dom-filippo-santoro-arcebispo-de-taranto\\\/\"},\"author\":{\"name\":\"E. Mar\u00e7al\",\"@id\":\"https:\\\/\\\/diretodasacristia.com\\\/home\\\/#\\\/schema\\\/person\\\/3d453ef1f7d57c0bb0990b8070642721\"},\"headline\":\"Dom Filippo Santoro, arcebispo de Taranto\",\"datePublished\":\"2011-11-21T15:49:00+00:00\",\"dateModified\":\"2011-12-15T00:03:55+00:00\",\"mainEntityOfPage\":{\"@id\":\"https:\\\/\\\/diretodasacristia.com\\\/home\\\/boletim-santa-se\\\/dom-filippo-santoro-arcebispo-de-taranto\\\/\"},\"wordCount\":599,\"commentCount\":1,\"publisher\":{\"@id\":\"https:\\\/\\\/diretodasacristia.com\\\/home\\\/#organization\"},\"image\":{\"@id\":\"https:\\\/\\\/diretodasacristia.com\\\/home\\\/boletim-santa-se\\\/dom-filippo-santoro-arcebispo-de-taranto\\\/#primaryimage\"},\"thumbnailUrl\":\"http:\\\/\\\/3.bp.blogspot.com\\\/-LhTgo0g2QrA\\\/TspIeGsvZDI\\\/AAAAAAAACfg\\\/l7uCXwiaeGc\\\/s400\\\/Dom+Filippo+Santoro%252C+Arcebispo+Taranto.jpg\",\"articleSection\":[\"Boletim Santa S\u00e9\",\"Brasil\",\"Destaque\",\"Not\u00edcias\"],\"inLanguage\":\"pt-BR\",\"potentialAction\":[{\"@type\":\"CommentAction\",\"name\":\"Comment\",\"target\":[\"https:\\\/\\\/diretodasacristia.com\\\/home\\\/boletim-santa-se\\\/dom-filippo-santoro-arcebispo-de-taranto\\\/#respond\"]}]},{\"@type\":\"WebPage\",\"@id\":\"https:\\\/\\\/diretodasacristia.com\\\/home\\\/boletim-santa-se\\\/dom-filippo-santoro-arcebispo-de-taranto\\\/\",\"url\":\"https:\\\/\\\/diretodasacristia.com\\\/home\\\/boletim-santa-se\\\/dom-filippo-santoro-arcebispo-de-taranto\\\/\",\"name\":\"Dom Filippo Santoro, arcebispo de Taranto - Direto da Sacristia\",\"isPartOf\":{\"@id\":\"https:\\\/\\\/diretodasacristia.com\\\/home\\\/#website\"},\"primaryImageOfPage\":{\"@id\":\"https:\\\/\\\/diretodasacristia.com\\\/home\\\/boletim-santa-se\\\/dom-filippo-santoro-arcebispo-de-taranto\\\/#primaryimage\"},\"image\":{\"@id\":\"https:\\\/\\\/diretodasacristia.com\\\/home\\\/boletim-santa-se\\\/dom-filippo-santoro-arcebispo-de-taranto\\\/#primaryimage\"},\"thumbnailUrl\":\"http:\\\/\\\/3.bp.blogspot.com\\\/-LhTgo0g2QrA\\\/TspIeGsvZDI\\\/AAAAAAAACfg\\\/l7uCXwiaeGc\\\/s400\\\/Dom+Filippo+Santoro%252C+Arcebispo+Taranto.jpg\",\"datePublished\":\"2011-11-21T15:49:00+00:00\",\"dateModified\":\"2011-12-15T00:03:55+00:00\",\"breadcrumb\":{\"@id\":\"https:\\\/\\\/diretodasacristia.com\\\/home\\\/boletim-santa-se\\\/dom-filippo-santoro-arcebispo-de-taranto\\\/#breadcrumb\"},\"inLanguage\":\"pt-BR\",\"potentialAction\":[{\"@type\":\"ReadAction\",\"target\":[\"https:\\\/\\\/diretodasacristia.com\\\/home\\\/boletim-santa-se\\\/dom-filippo-santoro-arcebispo-de-taranto\\\/\"]}]},{\"@type\":\"ImageObject\",\"inLanguage\":\"pt-BR\",\"@id\":\"https:\\\/\\\/diretodasacristia.com\\\/home\\\/boletim-santa-se\\\/dom-filippo-santoro-arcebispo-de-taranto\\\/#primaryimage\",\"url\":\"http:\\\/\\\/3.bp.blogspot.com\\\/-LhTgo0g2QrA\\\/TspIeGsvZDI\\\/AAAAAAAACfg\\\/l7uCXwiaeGc\\\/s400\\\/Dom+Filippo+Santoro%252C+Arcebispo+Taranto.jpg\",\"contentUrl\":\"http:\\\/\\\/3.bp.blogspot.com\\\/-LhTgo0g2QrA\\\/TspIeGsvZDI\\\/AAAAAAAACfg\\\/l7uCXwiaeGc\\\/s400\\\/Dom+Filippo+Santoro%252C+Arcebispo+Taranto.jpg\"},{\"@type\":\"BreadcrumbList\",\"@id\":\"https:\\\/\\\/diretodasacristia.com\\\/home\\\/boletim-santa-se\\\/dom-filippo-santoro-arcebispo-de-taranto\\\/#breadcrumb\",\"itemListElement\":[{\"@type\":\"ListItem\",\"position\":1,\"name\":\"In\u00edcio\",\"item\":\"https:\\\/\\\/diretodasacristia.com\\\/home\\\/\"},{\"@type\":\"ListItem\",\"position\":2,\"name\":\"Dom Filippo Santoro, arcebispo de Taranto\"}]},{\"@type\":\"WebSite\",\"@id\":\"https:\\\/\\\/diretodasacristia.com\\\/home\\\/#website\",\"url\":\"https:\\\/\\\/diretodasacristia.com\\\/home\\\/\",\"name\":\"Direto da Sacristia\",\"description\":\"Not\u00edcias e artigos sobre a f\u00e9 cat\u00f3lica\",\"publisher\":{\"@id\":\"https:\\\/\\\/diretodasacristia.com\\\/home\\\/#organization\"},\"potentialAction\":[{\"@type\":\"SearchAction\",\"target\":{\"@type\":\"EntryPoint\",\"urlTemplate\":\"https:\\\/\\\/diretodasacristia.com\\\/home\\\/?s={search_term_string}\"},\"query-input\":{\"@type\":\"PropertyValueSpecification\",\"valueRequired\":true,\"valueName\":\"search_term_string\"}}],\"inLanguage\":\"pt-BR\"},{\"@type\":\"Organization\",\"@id\":\"https:\\\/\\\/diretodasacristia.com\\\/home\\\/#organization\",\"name\":\"Direto da Sacristia\",\"url\":\"https:\\\/\\\/diretodasacristia.com\\\/home\\\/\",\"logo\":{\"@type\":\"ImageObject\",\"inLanguage\":\"pt-BR\",\"@id\":\"https:\\\/\\\/diretodasacristia.com\\\/home\\\/#\\\/schema\\\/logo\\\/image\\\/\",\"url\":\"https:\\\/\\\/i0.wp.com\\\/diretodasacristia.com\\\/home\\\/wp-content\\\/uploads\\\/2012\\\/01\\\/marca-sacristia.png?fit=320%2C306&ssl=1\",\"contentUrl\":\"https:\\\/\\\/i0.wp.com\\\/diretodasacristia.com\\\/home\\\/wp-content\\\/uploads\\\/2012\\\/01\\\/marca-sacristia.png?fit=320%2C306&ssl=1\",\"width\":\"320\",\"height\":\"306\",\"caption\":\"Direto da Sacristia\"},\"image\":{\"@id\":\"https:\\\/\\\/diretodasacristia.com\\\/home\\\/#\\\/schema\\\/logo\\\/image\\\/\"},\"sameAs\":[\"https:\\\/\\\/www.facebook.com\\\/DiretoSacristia\",\"https:\\\/\\\/x.com\\\/diretosacristia\",\"https:\\\/\\\/www.instagram.com\\\/diretodasacristia\\\/\",\"https:\\\/\\\/www.youtube.com\\\/diretodasacristia\"]},{\"@type\":\"Person\",\"@id\":\"https:\\\/\\\/diretodasacristia.com\\\/home\\\/#\\\/schema\\\/person\\\/3d453ef1f7d57c0bb0990b8070642721\",\"name\":\"E. Mar\u00e7al\",\"image\":{\"@type\":\"ImageObject\",\"inLanguage\":\"pt-BR\",\"@id\":\"https:\\\/\\\/secure.gravatar.com\\\/avatar\\\/348ff80a5ddde3de6c8b6e0c5b066b733f9245285d9ab87cd2e2ff652ffa95b0?s=96&d=mm&r=g\",\"url\":\"https:\\\/\\\/secure.gravatar.com\\\/avatar\\\/348ff80a5ddde3de6c8b6e0c5b066b733f9245285d9ab87cd2e2ff652ffa95b0?s=96&d=mm&r=g\",\"contentUrl\":\"https:\\\/\\\/secure.gravatar.com\\\/avatar\\\/348ff80a5ddde3de6c8b6e0c5b066b733f9245285d9ab87cd2e2ff652ffa95b0?s=96&d=mm&r=g\",\"caption\":\"E. Mar\u00e7al\"},\"url\":\"https:\\\/\\\/diretodasacristia.com\\\/home\\\/author\\\/erick\\\/\"}]}<\/script>\n<!-- \/ Yoast SEO plugin. -->","yoast_head_json":{"title":"Dom Filippo Santoro, arcebispo de Taranto - Direto da Sacristia","robots":{"index":"index","follow":"follow","max-snippet":"max-snippet:-1","max-image-preview":"max-image-preview:large","max-video-preview":"max-video-preview:-1"},"canonical":"https:\/\/diretodasacristia.com\/home\/boletim-santa-se\/dom-filippo-santoro-arcebispo-de-taranto\/","og_locale":"pt_BR","og_type":"article","og_title":"Dom Filippo Santoro, arcebispo de Taranto - Direto da Sacristia","og_description":"Do\u00a0boletim da Sala de Imprensa da Santa S\u00e9 Agora sim, mais uma &#8220;especula\u00e7\u00e3o&#8221; do vaticanista Andrea Tornielli aconteceu. Desde o in\u00edcio deste m\u00eas falava-se no que hoje foi confirmado: o Bispo de Petr\u00f3polis (Rio de Janeiro, S.E.R. Dom Filippo Santoro, foi hoje nomeado pelo Santo Padre Bento XVI como Arcebispo de Taranto (It\u00e1lia). Fato raro,... Ver artigo","og_url":"https:\/\/diretodasacristia.com\/home\/boletim-santa-se\/dom-filippo-santoro-arcebispo-de-taranto\/","og_site_name":"Direto da Sacristia","article_publisher":"https:\/\/www.facebook.com\/DiretoSacristia","article_published_time":"2011-11-21T15:49:00+00:00","article_modified_time":"2011-12-15T00:03:55+00:00","og_image":[{"url":"http:\/\/3.bp.blogspot.com\/-LhTgo0g2QrA\/TspIeGsvZDI\/AAAAAAAACfg\/l7uCXwiaeGc\/s400\/Dom+Filippo+Santoro%252C+Arcebispo+Taranto.jpg","type":"","width":"","height":""}],"author":"E. Mar\u00e7al","twitter_card":"summary_large_image","twitter_creator":"@diretosacristia","twitter_site":"@diretosacristia","twitter_misc":{"Escrito por":"E. Mar\u00e7al","Est. tempo de leitura":"3 minutos"},"schema":{"@context":"https:\/\/schema.org","@graph":[{"@type":"Article","@id":"https:\/\/diretodasacristia.com\/home\/boletim-santa-se\/dom-filippo-santoro-arcebispo-de-taranto\/#article","isPartOf":{"@id":"https:\/\/diretodasacristia.com\/home\/boletim-santa-se\/dom-filippo-santoro-arcebispo-de-taranto\/"},"author":{"name":"E. Mar\u00e7al","@id":"https:\/\/diretodasacristia.com\/home\/#\/schema\/person\/3d453ef1f7d57c0bb0990b8070642721"},"headline":"Dom Filippo Santoro, arcebispo de Taranto","datePublished":"2011-11-21T15:49:00+00:00","dateModified":"2011-12-15T00:03:55+00:00","mainEntityOfPage":{"@id":"https:\/\/diretodasacristia.com\/home\/boletim-santa-se\/dom-filippo-santoro-arcebispo-de-taranto\/"},"wordCount":599,"commentCount":1,"publisher":{"@id":"https:\/\/diretodasacristia.com\/home\/#organization"},"image":{"@id":"https:\/\/diretodasacristia.com\/home\/boletim-santa-se\/dom-filippo-santoro-arcebispo-de-taranto\/#primaryimage"},"thumbnailUrl":"http:\/\/3.bp.blogspot.com\/-LhTgo0g2QrA\/TspIeGsvZDI\/AAAAAAAACfg\/l7uCXwiaeGc\/s400\/Dom+Filippo+Santoro%252C+Arcebispo+Taranto.jpg","articleSection":["Boletim Santa S\u00e9","Brasil","Destaque","Not\u00edcias"],"inLanguage":"pt-BR","potentialAction":[{"@type":"CommentAction","name":"Comment","target":["https:\/\/diretodasacristia.com\/home\/boletim-santa-se\/dom-filippo-santoro-arcebispo-de-taranto\/#respond"]}]},{"@type":"WebPage","@id":"https:\/\/diretodasacristia.com\/home\/boletim-santa-se\/dom-filippo-santoro-arcebispo-de-taranto\/","url":"https:\/\/diretodasacristia.com\/home\/boletim-santa-se\/dom-filippo-santoro-arcebispo-de-taranto\/","name":"Dom Filippo Santoro, arcebispo de Taranto - Direto da Sacristia","isPartOf":{"@id":"https:\/\/diretodasacristia.com\/home\/#website"},"primaryImageOfPage":{"@id":"https:\/\/diretodasacristia.com\/home\/boletim-santa-se\/dom-filippo-santoro-arcebispo-de-taranto\/#primaryimage"},"image":{"@id":"https:\/\/diretodasacristia.com\/home\/boletim-santa-se\/dom-filippo-santoro-arcebispo-de-taranto\/#primaryimage"},"thumbnailUrl":"http:\/\/3.bp.blogspot.com\/-LhTgo0g2QrA\/TspIeGsvZDI\/AAAAAAAACfg\/l7uCXwiaeGc\/s400\/Dom+Filippo+Santoro%252C+Arcebispo+Taranto.jpg","datePublished":"2011-11-21T15:49:00+00:00","dateModified":"2011-12-15T00:03:55+00:00","breadcrumb":{"@id":"https:\/\/diretodasacristia.com\/home\/boletim-santa-se\/dom-filippo-santoro-arcebispo-de-taranto\/#breadcrumb"},"inLanguage":"pt-BR","potentialAction":[{"@type":"ReadAction","target":["https:\/\/diretodasacristia.com\/home\/boletim-santa-se\/dom-filippo-santoro-arcebispo-de-taranto\/"]}]},{"@type":"ImageObject","inLanguage":"pt-BR","@id":"https:\/\/diretodasacristia.com\/home\/boletim-santa-se\/dom-filippo-santoro-arcebispo-de-taranto\/#primaryimage","url":"http:\/\/3.bp.blogspot.com\/-LhTgo0g2QrA\/TspIeGsvZDI\/AAAAAAAACfg\/l7uCXwiaeGc\/s400\/Dom+Filippo+Santoro%252C+Arcebispo+Taranto.jpg","contentUrl":"http:\/\/3.bp.blogspot.com\/-LhTgo0g2QrA\/TspIeGsvZDI\/AAAAAAAACfg\/l7uCXwiaeGc\/s400\/Dom+Filippo+Santoro%252C+Arcebispo+Taranto.jpg"},{"@type":"BreadcrumbList","@id":"https:\/\/diretodasacristia.com\/home\/boletim-santa-se\/dom-filippo-santoro-arcebispo-de-taranto\/#breadcrumb","itemListElement":[{"@type":"ListItem","position":1,"name":"In\u00edcio","item":"https:\/\/diretodasacristia.com\/home\/"},{"@type":"ListItem","position":2,"name":"Dom Filippo Santoro, arcebispo de Taranto"}]},{"@type":"WebSite","@id":"https:\/\/diretodasacristia.com\/home\/#website","url":"https:\/\/diretodasacristia.com\/home\/","name":"Direto da Sacristia","description":"Not\u00edcias e artigos sobre a f\u00e9 cat\u00f3lica","publisher":{"@id":"https:\/\/diretodasacristia.com\/home\/#organization"},"potentialAction":[{"@type":"SearchAction","target":{"@type":"EntryPoint","urlTemplate":"https:\/\/diretodasacristia.com\/home\/?s={search_term_string}"},"query-input":{"@type":"PropertyValueSpecification","valueRequired":true,"valueName":"search_term_string"}}],"inLanguage":"pt-BR"},{"@type":"Organization","@id":"https:\/\/diretodasacristia.com\/home\/#organization","name":"Direto da Sacristia","url":"https:\/\/diretodasacristia.com\/home\/","logo":{"@type":"ImageObject","inLanguage":"pt-BR","@id":"https:\/\/diretodasacristia.com\/home\/#\/schema\/logo\/image\/","url":"https:\/\/i0.wp.com\/diretodasacristia.com\/home\/wp-content\/uploads\/2012\/01\/marca-sacristia.png?fit=320%2C306&ssl=1","contentUrl":"https:\/\/i0.wp.com\/diretodasacristia.com\/home\/wp-content\/uploads\/2012\/01\/marca-sacristia.png?fit=320%2C306&ssl=1","width":"320","height":"306","caption":"Direto da Sacristia"},"image":{"@id":"https:\/\/diretodasacristia.com\/home\/#\/schema\/logo\/image\/"},"sameAs":["https:\/\/www.facebook.com\/DiretoSacristia","https:\/\/x.com\/diretosacristia","https:\/\/www.instagram.com\/diretodasacristia\/","https:\/\/www.youtube.com\/diretodasacristia"]},{"@type":"Person","@id":"https:\/\/diretodasacristia.com\/home\/#\/schema\/person\/3d453ef1f7d57c0bb0990b8070642721","name":"E. Mar\u00e7al","image":{"@type":"ImageObject","inLanguage":"pt-BR","@id":"https:\/\/secure.gravatar.com\/avatar\/348ff80a5ddde3de6c8b6e0c5b066b733f9245285d9ab87cd2e2ff652ffa95b0?s=96&d=mm&r=g","url":"https:\/\/secure.gravatar.com\/avatar\/348ff80a5ddde3de6c8b6e0c5b066b733f9245285d9ab87cd2e2ff652ffa95b0?s=96&d=mm&r=g","contentUrl":"https:\/\/secure.gravatar.com\/avatar\/348ff80a5ddde3de6c8b6e0c5b066b733f9245285d9ab87cd2e2ff652ffa95b0?s=96&d=mm&r=g","caption":"E. Mar\u00e7al"},"url":"https:\/\/diretodasacristia.com\/home\/author\/erick\/"}]}},"jetpack_publicize_connections":[],"jetpack_featured_media_url":"","jetpack_sharing_enabled":true,"jetpack_shortlink":"https:\/\/wp.me\/p24aG7-45","jetpack-related-posts":[{"id":3,"url":"https:\/\/diretodasacristia.com\/home\/sem-categoria\/dom-filippo-santoro-arcebispo-de-taranto-2\/","url_meta":{"origin":253,"position":0},"title":"Dom Filippo Santoro, arcebispo de Taranto","author":"E. Mar\u00e7al","date":"21 de novembro de 2011","format":false,"excerpt":"Do\u00a0boletim da Sala de Imprensa da Santa S\u00e9Sua Excel\u00eancia Dom Filippo SantoroArcebispo eleito de Taranto (It\u00e1lia)63 anosAgora sim, mais uma \"especula\u00e7\u00e3o\" do vaticanista Andrea Tornielli aconteceu. Desde o in\u00edcio deste m\u00eas falava-se no que hoje foi confirmado: o Bispo de Petr\u00f3polis (Rio de Janeiro, S.E.R. Dom Filippo Santoro, foi hoje\u2026","rel":"","context":"Em &quot;Sem categoria&quot;","block_context":{"text":"Sem categoria","link":"https:\/\/diretodasacristia.com\/home\/c\/sem-categoria\/"},"img":{"alt_text":"","src":"https:\/\/i0.wp.com\/3.bp.blogspot.com\/-LhTgo0g2QrA\/TspIeGsvZDI\/AAAAAAAACfg\/l7uCXwiaeGc\/s400\/Dom%2BFilippo%2BSantoro%252C%2BArcebispo%2BTaranto.jpg?resize=350%2C200","width":350,"height":200},"classes":[]},{"id":760,"url":"https:\/\/diretodasacristia.com\/home\/boletim-santa-se\/novo-arcebispo-de-campinas\/","url_meta":{"origin":253,"position":1},"title":"Novo Arcebispo de Campinas","author":"E. Mar\u00e7al","date":"15 de fevereiro de 2012","format":false,"excerpt":"Com informa\u00e7\u00f5es do Boletim da Sala de Imprensa da Santa S\u00e9 Dom Airton Jos\u00e9 dos Santos Arcebispo eleito de Campinas 55 anos O Santo Padre Bento XVI nomeou Arcebispo Metropolitano de Campinas Sua Ex.cia Dom Airton Jos\u00e9 dos Santos, transferindo-o da sede episcopal de Mogi das Cruzes. Sua Ex.cia Dom\u2026","rel":"","context":"Em &quot;Boletim Santa S\u00e9&quot;","block_context":{"text":"Boletim Santa S\u00e9","link":"https:\/\/diretodasacristia.com\/home\/c\/boletim-santa-se\/"},"img":{"alt_text":"","src":"https:\/\/i0.wp.com\/www.moginews.com.br\/edicoes\/111208\/m1112070959021.jpg?resize=350%2C200","width":350,"height":200},"classes":[]},{"id":1385,"url":"https:\/\/diretodasacristia.com\/home\/curia-romana\/presidente-da-cei-e-secretario-do-colegio\/","url_meta":{"origin":253,"position":2},"title":"Presidente da CEI e Secret\u00e1rio do Col\u00e9gio","author":"E. Mar\u00e7al","date":"7 de mar\u00e7o de 2012","format":false,"excerpt":"Do boletim da Sala de Imprensa da Santa S\u00e9 \u00a0 Sua Emin\u00eancia Cardeal Bagnasco, 69 anos Mesmo sendo de grande confian\u00e7a de Bento XVI, o Cardeal Bertone n\u00e3o foi capaz de favorecer um outro nome para a presid\u00eancia da maior confer\u00eancia episcopal do mundo (com 502 membros) O Santo Padre\u2026","rel":"","context":"Em &quot;C\u00faria Romana&quot;","block_context":{"text":"C\u00faria Romana","link":"https:\/\/diretodasacristia.com\/home\/c\/curia-romana\/"},"img":{"alt_text":"","src":"https:\/\/i0.wp.com\/diretodasacristia.com\/home\/wp-content\/uploads\/2012\/03\/Angelo-Bagnasco..jpg?resize=350%2C200","width":350,"height":200},"classes":[]},{"id":238,"url":"https:\/\/diretodasacristia.com\/home\/brasil\/proximas-datas-no-episcopado\/","url_meta":{"origin":253,"position":3},"title":"Pr\u00f3ximas datas no episcopado","author":"E. Mar\u00e7al","date":"17 de setembro de 2011","format":false,"excerpt":"Algumas sagra\u00e7\u00f5es episcopais, ren\u00fancias e in\u00edcio de of\u00edcio na C\u00faria Romana e posses can\u00f4nicas Sagra\u00e7\u00e3o episcopal Arquidiocese de Urbino, It\u00e1lia 17 setembro Hoje Do\u00a0Mons. Giovanni Tani, de 64 anos, at\u00e9 24 junho passado Reitor do Pontif\u00edcio Semin\u00e1rio Romano, eleito Arcebispo de\u00a0Urbino-Urbania-Sant\u00b4Angelo in Vado. \u00c9 sagrante principal o Em.mo Vig\u00e1rio de\u2026","rel":"","context":"Em &quot;Brasil&quot;","block_context":{"text":"Brasil","link":"https:\/\/diretodasacristia.com\/home\/c\/brasil\/"},"img":{"alt_text":"","src":"","width":0,"height":0},"classes":[]},{"id":2425,"url":"https:\/\/diretodasacristia.com\/home\/sem-categoria\/proximas-datas-no-episcopado-2\/","url_meta":{"origin":253,"position":4},"title":"Pr\u00f3ximas datas no episcopado","author":"E. Mar\u00e7al","date":"17 de setembro de 2011","format":false,"excerpt":"Algumas sagra\u00e7\u00f5es episcopais, ren\u00fancias e in\u00edcio de of\u00edcio na C\u00faria Romana e posses can\u00f4nicasSagra\u00e7\u00e3o episcopalArquidiocese de Urbino, It\u00e1lia17 setembroHojeDo Mons. Giovanni Tani, de 64 anos, at\u00e9 24 junho passado Reitor do Pontif\u00edcio Semin\u00e1rio Romano, eleito Arcebispo de Urbino-Urbania-Sant\u00b4Angelo in Vado.\u00c9 sagrante principal o Em.mo Vig\u00e1rio de Sua Santidade para a\u2026","rel":"","context":"Em &quot;Sem categoria&quot;","block_context":{"text":"Sem categoria","link":"https:\/\/diretodasacristia.com\/home\/c\/sem-categoria\/"},"img":{"alt_text":"","src":"","width":0,"height":0},"classes":[]},{"id":753,"url":"https:\/\/diretodasacristia.com\/home\/boletim-santa-se\/novo-bispo-de-pequeira\/","url_meta":{"origin":253,"position":5},"title":"Novo Bispo de Pesqueira","author":"E. Mar\u00e7al","date":"15 de fevereiro de 2012","format":false,"excerpt":"Com informa\u00e7\u00f5es do Boletim da Sala de Imprensa da Santa S\u00e9 \u00a0 Sua Excel\u00eancia Dom Jos\u00e9 Luiz Sales Bispo eleito de Pesqueira 55 anos O Santo Padre Bento nomeou como Bispo de Pesqueira Sua Ex.cia Dom Jos\u00e9 Luiz Ferreira Sales, professo da Congrega\u00e7\u00e3o do Sant\u00edssimo Redentor, at\u00e9 agora Bispo titular\u2026","rel":"","context":"Em &quot;Boletim Santa S\u00e9&quot;","block_context":{"text":"Boletim Santa S\u00e9","link":"https:\/\/diretodasacristia.com\/home\/c\/boletim-santa-se\/"},"img":{"alt_text":"","src":"https:\/\/i0.wp.com\/diretodasacristia.com\/home\/wp-content\/uploads\/2012\/02\/dom-jose-luiz_ferreira-sales.jpg?resize=350%2C200&ssl=1","width":350,"height":200},"classes":[]}],"post_mailing_queue_ids":[],"_links":{"self":[{"href":"https:\/\/diretodasacristia.com\/home\/wp-json\/wp\/v2\/posts\/253","targetHints":{"allow":["GET"]}}],"collection":[{"href":"https:\/\/diretodasacristia.com\/home\/wp-json\/wp\/v2\/posts"}],"about":[{"href":"https:\/\/diretodasacristia.com\/home\/wp-json\/wp\/v2\/types\/post"}],"author":[{"embeddable":true,"href":"https:\/\/diretodasacristia.com\/home\/wp-json\/wp\/v2\/users\/3"}],"replies":[{"embeddable":true,"href":"https:\/\/diretodasacristia.com\/home\/wp-json\/wp\/v2\/comments?post=253"}],"version-history":[{"count":4,"href":"https:\/\/diretodasacristia.com\/home\/wp-json\/wp\/v2\/posts\/253\/revisions"}],"predecessor-version":[{"id":298,"href":"https:\/\/diretodasacristia.com\/home\/wp-json\/wp\/v2\/posts\/253\/revisions\/298"}],"wp:attachment":[{"href":"https:\/\/diretodasacristia.com\/home\/wp-json\/wp\/v2\/media?parent=253"}],"wp:term":[{"taxonomy":"category","embeddable":true,"href":"https:\/\/diretodasacristia.com\/home\/wp-json\/wp\/v2\/categories?post=253"},{"taxonomy":"post_tag","embeddable":true,"href":"https:\/\/diretodasacristia.com\/home\/wp-json\/wp\/v2\/tags?post=253"}],"curies":[{"name":"wp","href":"https:\/\/api.w.org\/{rel}","templated":true}]}}