{"id":254,"date":"2011-12-31T12:53:00","date_gmt":"2011-12-31T15:53:00","guid":{"rendered":"http:\/\/diretodasacristia2011.wordpress.com\/2011\/11\/21\/novo-arcipreste-de-santa-maria-maggiore"},"modified":"2012-02-04T22:21:49","modified_gmt":"2012-02-05T01:21:49","slug":"novo-arcipreste-de-santa-maria-maggiore","status":"publish","type":"post","link":"https:\/\/diretodasacristia.com\/home\/boletim-santa-se\/novo-arcipreste-de-santa-maria-maggiore\/","title":{"rendered":"Novo arcipreste de Santa Maria Maggiore"},"content":{"rendered":"<p><span style=\"font-family: Verdana, sans-serif;\">Do\u00a0<a href=\"http:\/\/press.catholica.va\/news_services\/bulletin\/news\/28427.php?index=28427&amp;lang=po#NOMINA DELL\u2019ARCIPRETE DELLA BASILICA PAPALE DI SANTA MARIA MAGGIORE IN ROMA\">boletim da Sala de Imprensa da Santa S\u00e9<\/a><\/span><\/p>\n<div id=\"attachment_292\" style=\"width: 310px\" class=\"wp-caption aligncenter\"><a href=\"https:\/\/diretodasacristia.com\/home\/wp-content\/uploads\/2011\/11\/arcebispo-Abril-y-Castell\u00f3.jpg\"><img loading=\"lazy\" decoding=\"async\" aria-describedby=\"caption-attachment-292\" class=\"size-medium wp-image-292 \" title=\"arcebispo Abril y Castell\u00f3\" src=\"https:\/\/diretodasacristia.com\/home\/wp-content\/uploads\/2011\/11\/arcebispo-Abril-y-Castell\u00f3-300x199.jpg\" alt=\"\" width=\"300\" height=\"199\" srcset=\"https:\/\/diretodasacristia.com\/home\/wp-content\/uploads\/2011\/11\/arcebispo-Abril-y-Castell\u00f3-300x199.jpg 300w, https:\/\/diretodasacristia.com\/home\/wp-content\/uploads\/2011\/11\/arcebispo-Abril-y-Castell\u00f3.jpg 410w\" sizes=\"auto, (max-width: 300px) 100vw, 300px\" \/><\/a><p id=\"caption-attachment-292\" class=\"wp-caption-text\">Sua Excel\u00eancia Mons. Abril y Castell\u00f3 Arcipreste eleito da Bas\u00edlica Liberiana 76 anos<\/p><\/div>\n<div>\n<p><span style=\"font-family: Verdana, sans-serif; font-size: xx-small;\"><em><br \/>\n<\/em><\/span><\/p>\n<\/div>\n<div>\n<p><span style=\"font-family: Verdana, sans-serif;\">O Santo Padre Bento XVI nomeou Arcipreste da Bas\u00edlica Papal de\u00a0<\/span><em style=\"font-family: Verdana, sans-serif;\">Santa Maria Maggiore<\/em><span style=\"font-family: Verdana, sans-serif;\">\u00a0em Roma S.E.R. Mons. Santos Abril y Castell\u00f3, Arcebispo titular de Tamada, Vice-camerlengo da Santa Igreja Romana.<\/span><\/p>\n<\/div>\n<div>\n<p><span style=\"font-family: Verdana, sans-serif;\"><br \/>\n<\/span><\/p>\n<\/div>\n<div style=\"width: 330px\" class=\"wp-caption aligncenter\"><a href=\"http:\/\/www.wbur.org\/files\/2010\/02\/0210_cardinal-law.jpg\"><img loading=\"lazy\" decoding=\"async\" class=\" \" style=\"margin-top: 10px; margin-bottom: 10px; border-style: initial; border-color: initial; border-image: initial; border-width: 0px;\" src=\"http:\/\/www.wbur.org\/files\/2010\/02\/0210_cardinal-law.jpg\" alt=\"\" width=\"320\" height=\"237\" border=\"0\" \/><\/a><p class=\"wp-caption-text\">Sua Emin\u00eancia Bernard Cardeal Law do t\u00edtulo presbiteral de Santa Susanna Arcebispo em\u00e9rito de Boston Arcipreste em\u00e9rito de Santa Maria Maggiore 80 anos (rec\u00e9m completados) Pelo visto a Santa S\u00e9 mal esperou aparecer a oportunidade de demiti-lo<\/p><\/div>\n<div>\n<p><span style=\"font-family: Verdana, sans-serif; font-size: xx-small;\"><em><br \/>\n<\/em><\/span><\/p>\n<\/div>\n<div>\n<p><span style=\"font-family: Verdana, sans-serif;\">O novo Arcipreste substitui o norte-americano Cardeal Bernard Low, que ocupava o cargo desde 2004, quando o Beato Jo\u00e3o Paulo II o trouxe para Roma afim de poup\u00e1-lo, encerrando-o na Bas\u00edlica Liberiana, dos protestos e da pol\u00eamica sobre suas atitudes, insuficientes talvez, com as quais lidou com os casos de pedofilia na complicada Arquidiocese de Boston, que hoje tem suas r\u00e9deas puxadas pelo eficiente Cardeal Sean Patrick O\u00b4Malley, da Ordem dos Capuchinhos.<\/span><\/p>\n<\/div>\n<div>\n<p><span style=\"font-family: Verdana, sans-serif;\">Ele tem uma ampla experi\u00eancia de mais de 20 anos em miss\u00f5es diplom\u00e1ticas como N\u00fancio Apost\u00f3lico que j\u00e1 foi junto \u00e0 Bol\u00edvia, Iugosl\u00e1via, Argentina e Eslov\u00eania, entre outros.<\/span><\/p>\n<\/div>\n<div>\n<p><span style=\"font-family: Verdana, sans-serif;\">O Mons. Abril y Castell\u00f3, que \u00e9 certo que futuramente ganhar\u00e1 um barrete vermelho,\u00a0<\/span><a style=\"font-family: Verdana, sans-serif;\" href=\"http:\/\/diretodasacristia.blogspot.com\/2011\/08\/bento-xvi-restitui-mosteiro-beneditinos.html\">foi o escolhido pelo Papa para ser Seu comiss\u00e1rio &#8220;<em>ad actum<\/em>&#8221; como bispo de Pula (Cro\u00e1cia) e assim assinar o acordo entre a Diocese e os beneditinos italianos que reclamavam um mosteiro seu naquela circunscri\u00e7\u00e3o<\/a><span style=\"font-family: Verdana, sans-serif;\">. A diocese n\u00e3o estava vacante, mas o bispo de ent\u00e3o (que depois da assinatura do acordo voltou ao cargo) se recusava a obedecer sabendo que deveria pagar uma rica indeniza\u00e7\u00e3o aos monges por ter vendido terras do dito mosteiro. Depois o novo Arcipreste perdeu o cargo de bispo &#8220;moment\u00e2neo&#8221; e voltou a assinar &#8220;apenas&#8221; como Vice-camerlengo da Igreja (desde janeiro deste ano), o n\u00famero 3 na Igreja, at\u00e9 que hoje sua sala de trabalho mudar\u00e1 de endere\u00e7o.<\/span><\/p>\n<\/div>\n<div>\n<p><span style=\"font-family: Verdana, sans-serif;\"><br \/>\n<\/span><\/p>\n<\/div>\n<div style=\"width: 410px\" class=\"wp-caption aligncenter\"><a href=\"http:\/\/www.bestourism.com\/img\/items\/big\/833\/Santa-Maria-Maggiore-Basilica_Santa-Maria-Maggiore-interior-view_3258.jpg\"><img loading=\"lazy\" decoding=\"async\" style=\"border-style: initial; border-color: initial; border-image: initial; border-width: 0px;\" src=\"http:\/\/www.bestourism.com\/img\/items\/big\/833\/Santa-Maria-Maggiore-Basilica_Santa-Maria-Maggiore-interior-view_3258.jpg\" alt=\"\" width=\"400\" height=\"265\" border=\"0\" \/><\/a><p class=\"wp-caption-text\">Patriarcal Bas\u00edlica de Santa Maria Maggiore primeira igreja no Ocidente dedicada \u00e0 M\u00e3e de Deus nela est\u00e1 sepultado o Papa Pio V<\/p><\/div>\n<div>\n<p><span style=\"font-family: Verdana, sans-serif; font-size: xx-small;\"><em><br \/>\n<\/em><\/span><\/p>\n<\/div>\n<div>\n<p><span style=\"font-family: Verdana, sans-serif;\">Nossas ora\u00e7\u00f5es por seu minist\u00e9rio.<\/span><\/p>\n<p>&nbsp;<\/p>\n<\/div>\n","protected":false},"excerpt":{"rendered":"Do\u00a0boletim da Sala de Imprensa da Santa S\u00e9 O Santo Padre Bento XVI nomeou Arcipreste da Bas\u00edlica Papal de\u00a0Santa Maria Maggiore\u00a0em Roma S.E.R. Mons. Santos Abril y Castell\u00f3, Arcebispo titular de Tamada, Vice-camerlengo da Santa Igreja Romana. O novo Arcipreste substitui o norte-americano Cardeal Bernard Low, que ocupava o cargo desde 2004, quando o Beato&#8230; <a class=\"view-article\" href=\"https:\/\/diretodasacristia.com\/home\/boletim-santa-se\/novo-arcipreste-de-santa-maria-maggiore\/\">Ver artigo<\/a>","protected":false},"author":3,"featured_media":0,"comment_status":"open","ping_status":"open","sticky":false,"template":"","format":"standard","meta":{"jetpack_post_was_ever_published":false,"_jetpack_newsletter_access":"","_jetpack_dont_email_post_to_subs":false,"_jetpack_newsletter_tier_id":0,"_jetpack_memberships_contains_paywalled_content":false,"_jetpack_memberships_contains_paid_content":false,"_joinchat":[],"footnotes":"","jetpack_publicize_message":"","jetpack_publicize_feature_enabled":true,"jetpack_social_post_already_shared":false,"jetpack_social_options":{"image_generator_settings":{"template":"highway","default_image_id":0,"font":"","enabled":false},"version":2}},"categories":[8,12,37],"tags":[],"class_list":["post-254","post","type-post","status-publish","format-standard","hentry","category-boletim-santa-se","category-curia-romana","category-destaque"],"yoast_head":"<!-- This site is optimized with the Yoast SEO plugin v27.4 - https:\/\/yoast.com\/product\/yoast-seo-wordpress\/ -->\n<title>Novo arcipreste de Santa Maria Maggiore - Direto da Sacristia<\/title>\n<meta name=\"robots\" content=\"index, follow, max-snippet:-1, max-image-preview:large, max-video-preview:-1\" \/>\n<link rel=\"canonical\" href=\"https:\/\/diretodasacristia.com\/home\/boletim-santa-se\/novo-arcipreste-de-santa-maria-maggiore\/\" \/>\n<meta property=\"og:locale\" content=\"pt_BR\" \/>\n<meta property=\"og:type\" content=\"article\" \/>\n<meta property=\"og:title\" content=\"Novo arcipreste de Santa Maria Maggiore - Direto da Sacristia\" \/>\n<meta property=\"og:description\" content=\"Do\u00a0boletim da Sala de Imprensa da Santa S\u00e9 O Santo Padre Bento XVI nomeou Arcipreste da Bas\u00edlica Papal de\u00a0Santa Maria Maggiore\u00a0em Roma S.E.R. Mons. Santos Abril y Castell\u00f3, Arcebispo titular de Tamada, Vice-camerlengo da Santa Igreja Romana. O novo Arcipreste substitui o norte-americano Cardeal Bernard Low, que ocupava o cargo desde 2004, quando o Beato... Ver artigo\" \/>\n<meta property=\"og:url\" content=\"https:\/\/diretodasacristia.com\/home\/boletim-santa-se\/novo-arcipreste-de-santa-maria-maggiore\/\" \/>\n<meta property=\"og:site_name\" content=\"Direto da Sacristia\" \/>\n<meta property=\"article:publisher\" content=\"https:\/\/www.facebook.com\/DiretoSacristia\" \/>\n<meta property=\"article:published_time\" content=\"2011-12-31T15:53:00+00:00\" \/>\n<meta property=\"article:modified_time\" content=\"2012-02-05T01:21:49+00:00\" \/>\n<meta property=\"og:image\" content=\"http:\/\/www.wbur.org\/files\/2010\/02\/0210_cardinal-law.jpg\" \/>\n<meta name=\"author\" content=\"E. Mar\u00e7al\" \/>\n<meta name=\"twitter:card\" content=\"summary_large_image\" \/>\n<meta name=\"twitter:creator\" content=\"@diretosacristia\" \/>\n<meta name=\"twitter:site\" content=\"@diretosacristia\" \/>\n<meta name=\"twitter:label1\" content=\"Escrito por\" \/>\n\t<meta name=\"twitter:data1\" content=\"E. Mar\u00e7al\" \/>\n\t<meta name=\"twitter:label2\" content=\"Est. tempo de leitura\" \/>\n\t<meta name=\"twitter:data2\" content=\"2 minutos\" \/>\n<script type=\"application\/ld+json\" class=\"yoast-schema-graph\">{\"@context\":\"https:\\\/\\\/schema.org\",\"@graph\":[{\"@type\":\"Article\",\"@id\":\"https:\\\/\\\/diretodasacristia.com\\\/home\\\/boletim-santa-se\\\/novo-arcipreste-de-santa-maria-maggiore\\\/#article\",\"isPartOf\":{\"@id\":\"https:\\\/\\\/diretodasacristia.com\\\/home\\\/boletim-santa-se\\\/novo-arcipreste-de-santa-maria-maggiore\\\/\"},\"author\":{\"name\":\"E. Mar\u00e7al\",\"@id\":\"https:\\\/\\\/diretodasacristia.com\\\/home\\\/#\\\/schema\\\/person\\\/3d453ef1f7d57c0bb0990b8070642721\"},\"headline\":\"Novo arcipreste de Santa Maria Maggiore\",\"datePublished\":\"2011-12-31T15:53:00+00:00\",\"dateModified\":\"2012-02-05T01:21:49+00:00\",\"mainEntityOfPage\":{\"@id\":\"https:\\\/\\\/diretodasacristia.com\\\/home\\\/boletim-santa-se\\\/novo-arcipreste-de-santa-maria-maggiore\\\/\"},\"wordCount\":401,\"commentCount\":4,\"publisher\":{\"@id\":\"https:\\\/\\\/diretodasacristia.com\\\/home\\\/#organization\"},\"image\":{\"@id\":\"https:\\\/\\\/diretodasacristia.com\\\/home\\\/boletim-santa-se\\\/novo-arcipreste-de-santa-maria-maggiore\\\/#primaryimage\"},\"thumbnailUrl\":\"http:\\\/\\\/www.wbur.org\\\/files\\\/2010\\\/02\\\/0210_cardinal-law.jpg\",\"articleSection\":[\"Boletim Santa S\u00e9\",\"C\u00faria Romana\",\"Destaque\"],\"inLanguage\":\"pt-BR\",\"potentialAction\":[{\"@type\":\"CommentAction\",\"name\":\"Comment\",\"target\":[\"https:\\\/\\\/diretodasacristia.com\\\/home\\\/boletim-santa-se\\\/novo-arcipreste-de-santa-maria-maggiore\\\/#respond\"]}]},{\"@type\":\"WebPage\",\"@id\":\"https:\\\/\\\/diretodasacristia.com\\\/home\\\/boletim-santa-se\\\/novo-arcipreste-de-santa-maria-maggiore\\\/\",\"url\":\"https:\\\/\\\/diretodasacristia.com\\\/home\\\/boletim-santa-se\\\/novo-arcipreste-de-santa-maria-maggiore\\\/\",\"name\":\"Novo arcipreste de Santa Maria Maggiore - Direto da Sacristia\",\"isPartOf\":{\"@id\":\"https:\\\/\\\/diretodasacristia.com\\\/home\\\/#website\"},\"primaryImageOfPage\":{\"@id\":\"https:\\\/\\\/diretodasacristia.com\\\/home\\\/boletim-santa-se\\\/novo-arcipreste-de-santa-maria-maggiore\\\/#primaryimage\"},\"image\":{\"@id\":\"https:\\\/\\\/diretodasacristia.com\\\/home\\\/boletim-santa-se\\\/novo-arcipreste-de-santa-maria-maggiore\\\/#primaryimage\"},\"thumbnailUrl\":\"http:\\\/\\\/www.wbur.org\\\/files\\\/2010\\\/02\\\/0210_cardinal-law.jpg\",\"datePublished\":\"2011-12-31T15:53:00+00:00\",\"dateModified\":\"2012-02-05T01:21:49+00:00\",\"breadcrumb\":{\"@id\":\"https:\\\/\\\/diretodasacristia.com\\\/home\\\/boletim-santa-se\\\/novo-arcipreste-de-santa-maria-maggiore\\\/#breadcrumb\"},\"inLanguage\":\"pt-BR\",\"potentialAction\":[{\"@type\":\"ReadAction\",\"target\":[\"https:\\\/\\\/diretodasacristia.com\\\/home\\\/boletim-santa-se\\\/novo-arcipreste-de-santa-maria-maggiore\\\/\"]}]},{\"@type\":\"ImageObject\",\"inLanguage\":\"pt-BR\",\"@id\":\"https:\\\/\\\/diretodasacristia.com\\\/home\\\/boletim-santa-se\\\/novo-arcipreste-de-santa-maria-maggiore\\\/#primaryimage\",\"url\":\"http:\\\/\\\/www.wbur.org\\\/files\\\/2010\\\/02\\\/0210_cardinal-law.jpg\",\"contentUrl\":\"http:\\\/\\\/www.wbur.org\\\/files\\\/2010\\\/02\\\/0210_cardinal-law.jpg\"},{\"@type\":\"BreadcrumbList\",\"@id\":\"https:\\\/\\\/diretodasacristia.com\\\/home\\\/boletim-santa-se\\\/novo-arcipreste-de-santa-maria-maggiore\\\/#breadcrumb\",\"itemListElement\":[{\"@type\":\"ListItem\",\"position\":1,\"name\":\"In\u00edcio\",\"item\":\"https:\\\/\\\/diretodasacristia.com\\\/home\\\/\"},{\"@type\":\"ListItem\",\"position\":2,\"name\":\"Novo arcipreste de Santa Maria Maggiore\"}]},{\"@type\":\"WebSite\",\"@id\":\"https:\\\/\\\/diretodasacristia.com\\\/home\\\/#website\",\"url\":\"https:\\\/\\\/diretodasacristia.com\\\/home\\\/\",\"name\":\"Direto da Sacristia\",\"description\":\"Not\u00edcias e artigos sobre a f\u00e9 cat\u00f3lica\",\"publisher\":{\"@id\":\"https:\\\/\\\/diretodasacristia.com\\\/home\\\/#organization\"},\"potentialAction\":[{\"@type\":\"SearchAction\",\"target\":{\"@type\":\"EntryPoint\",\"urlTemplate\":\"https:\\\/\\\/diretodasacristia.com\\\/home\\\/?s={search_term_string}\"},\"query-input\":{\"@type\":\"PropertyValueSpecification\",\"valueRequired\":true,\"valueName\":\"search_term_string\"}}],\"inLanguage\":\"pt-BR\"},{\"@type\":\"Organization\",\"@id\":\"https:\\\/\\\/diretodasacristia.com\\\/home\\\/#organization\",\"name\":\"Direto da Sacristia\",\"url\":\"https:\\\/\\\/diretodasacristia.com\\\/home\\\/\",\"logo\":{\"@type\":\"ImageObject\",\"inLanguage\":\"pt-BR\",\"@id\":\"https:\\\/\\\/diretodasacristia.com\\\/home\\\/#\\\/schema\\\/logo\\\/image\\\/\",\"url\":\"https:\\\/\\\/i0.wp.com\\\/diretodasacristia.com\\\/home\\\/wp-content\\\/uploads\\\/2012\\\/01\\\/marca-sacristia.png?fit=320%2C306&ssl=1\",\"contentUrl\":\"https:\\\/\\\/i0.wp.com\\\/diretodasacristia.com\\\/home\\\/wp-content\\\/uploads\\\/2012\\\/01\\\/marca-sacristia.png?fit=320%2C306&ssl=1\",\"width\":\"320\",\"height\":\"306\",\"caption\":\"Direto da Sacristia\"},\"image\":{\"@id\":\"https:\\\/\\\/diretodasacristia.com\\\/home\\\/#\\\/schema\\\/logo\\\/image\\\/\"},\"sameAs\":[\"https:\\\/\\\/www.facebook.com\\\/DiretoSacristia\",\"https:\\\/\\\/x.com\\\/diretosacristia\",\"https:\\\/\\\/www.instagram.com\\\/diretodasacristia\\\/\",\"https:\\\/\\\/www.youtube.com\\\/diretodasacristia\"]},{\"@type\":\"Person\",\"@id\":\"https:\\\/\\\/diretodasacristia.com\\\/home\\\/#\\\/schema\\\/person\\\/3d453ef1f7d57c0bb0990b8070642721\",\"name\":\"E. Mar\u00e7al\",\"image\":{\"@type\":\"ImageObject\",\"inLanguage\":\"pt-BR\",\"@id\":\"https:\\\/\\\/secure.gravatar.com\\\/avatar\\\/348ff80a5ddde3de6c8b6e0c5b066b733f9245285d9ab87cd2e2ff652ffa95b0?s=96&d=mm&r=g\",\"url\":\"https:\\\/\\\/secure.gravatar.com\\\/avatar\\\/348ff80a5ddde3de6c8b6e0c5b066b733f9245285d9ab87cd2e2ff652ffa95b0?s=96&d=mm&r=g\",\"contentUrl\":\"https:\\\/\\\/secure.gravatar.com\\\/avatar\\\/348ff80a5ddde3de6c8b6e0c5b066b733f9245285d9ab87cd2e2ff652ffa95b0?s=96&d=mm&r=g\",\"caption\":\"E. Mar\u00e7al\"},\"url\":\"https:\\\/\\\/diretodasacristia.com\\\/home\\\/author\\\/erick\\\/\"}]}<\/script>\n<!-- \/ Yoast SEO plugin. -->","yoast_head_json":{"title":"Novo arcipreste de Santa Maria Maggiore - Direto da Sacristia","robots":{"index":"index","follow":"follow","max-snippet":"max-snippet:-1","max-image-preview":"max-image-preview:large","max-video-preview":"max-video-preview:-1"},"canonical":"https:\/\/diretodasacristia.com\/home\/boletim-santa-se\/novo-arcipreste-de-santa-maria-maggiore\/","og_locale":"pt_BR","og_type":"article","og_title":"Novo arcipreste de Santa Maria Maggiore - Direto da Sacristia","og_description":"Do\u00a0boletim da Sala de Imprensa da Santa S\u00e9 O Santo Padre Bento XVI nomeou Arcipreste da Bas\u00edlica Papal de\u00a0Santa Maria Maggiore\u00a0em Roma S.E.R. Mons. Santos Abril y Castell\u00f3, Arcebispo titular de Tamada, Vice-camerlengo da Santa Igreja Romana. O novo Arcipreste substitui o norte-americano Cardeal Bernard Low, que ocupava o cargo desde 2004, quando o Beato... Ver artigo","og_url":"https:\/\/diretodasacristia.com\/home\/boletim-santa-se\/novo-arcipreste-de-santa-maria-maggiore\/","og_site_name":"Direto da Sacristia","article_publisher":"https:\/\/www.facebook.com\/DiretoSacristia","article_published_time":"2011-12-31T15:53:00+00:00","article_modified_time":"2012-02-05T01:21:49+00:00","og_image":[{"url":"http:\/\/www.wbur.org\/files\/2010\/02\/0210_cardinal-law.jpg","type":"","width":"","height":""}],"author":"E. Mar\u00e7al","twitter_card":"summary_large_image","twitter_creator":"@diretosacristia","twitter_site":"@diretosacristia","twitter_misc":{"Escrito por":"E. Mar\u00e7al","Est. tempo de leitura":"2 minutos"},"schema":{"@context":"https:\/\/schema.org","@graph":[{"@type":"Article","@id":"https:\/\/diretodasacristia.com\/home\/boletim-santa-se\/novo-arcipreste-de-santa-maria-maggiore\/#article","isPartOf":{"@id":"https:\/\/diretodasacristia.com\/home\/boletim-santa-se\/novo-arcipreste-de-santa-maria-maggiore\/"},"author":{"name":"E. Mar\u00e7al","@id":"https:\/\/diretodasacristia.com\/home\/#\/schema\/person\/3d453ef1f7d57c0bb0990b8070642721"},"headline":"Novo arcipreste de Santa Maria Maggiore","datePublished":"2011-12-31T15:53:00+00:00","dateModified":"2012-02-05T01:21:49+00:00","mainEntityOfPage":{"@id":"https:\/\/diretodasacristia.com\/home\/boletim-santa-se\/novo-arcipreste-de-santa-maria-maggiore\/"},"wordCount":401,"commentCount":4,"publisher":{"@id":"https:\/\/diretodasacristia.com\/home\/#organization"},"image":{"@id":"https:\/\/diretodasacristia.com\/home\/boletim-santa-se\/novo-arcipreste-de-santa-maria-maggiore\/#primaryimage"},"thumbnailUrl":"http:\/\/www.wbur.org\/files\/2010\/02\/0210_cardinal-law.jpg","articleSection":["Boletim Santa S\u00e9","C\u00faria Romana","Destaque"],"inLanguage":"pt-BR","potentialAction":[{"@type":"CommentAction","name":"Comment","target":["https:\/\/diretodasacristia.com\/home\/boletim-santa-se\/novo-arcipreste-de-santa-maria-maggiore\/#respond"]}]},{"@type":"WebPage","@id":"https:\/\/diretodasacristia.com\/home\/boletim-santa-se\/novo-arcipreste-de-santa-maria-maggiore\/","url":"https:\/\/diretodasacristia.com\/home\/boletim-santa-se\/novo-arcipreste-de-santa-maria-maggiore\/","name":"Novo arcipreste de Santa Maria Maggiore - Direto da Sacristia","isPartOf":{"@id":"https:\/\/diretodasacristia.com\/home\/#website"},"primaryImageOfPage":{"@id":"https:\/\/diretodasacristia.com\/home\/boletim-santa-se\/novo-arcipreste-de-santa-maria-maggiore\/#primaryimage"},"image":{"@id":"https:\/\/diretodasacristia.com\/home\/boletim-santa-se\/novo-arcipreste-de-santa-maria-maggiore\/#primaryimage"},"thumbnailUrl":"http:\/\/www.wbur.org\/files\/2010\/02\/0210_cardinal-law.jpg","datePublished":"2011-12-31T15:53:00+00:00","dateModified":"2012-02-05T01:21:49+00:00","breadcrumb":{"@id":"https:\/\/diretodasacristia.com\/home\/boletim-santa-se\/novo-arcipreste-de-santa-maria-maggiore\/#breadcrumb"},"inLanguage":"pt-BR","potentialAction":[{"@type":"ReadAction","target":["https:\/\/diretodasacristia.com\/home\/boletim-santa-se\/novo-arcipreste-de-santa-maria-maggiore\/"]}]},{"@type":"ImageObject","inLanguage":"pt-BR","@id":"https:\/\/diretodasacristia.com\/home\/boletim-santa-se\/novo-arcipreste-de-santa-maria-maggiore\/#primaryimage","url":"http:\/\/www.wbur.org\/files\/2010\/02\/0210_cardinal-law.jpg","contentUrl":"http:\/\/www.wbur.org\/files\/2010\/02\/0210_cardinal-law.jpg"},{"@type":"BreadcrumbList","@id":"https:\/\/diretodasacristia.com\/home\/boletim-santa-se\/novo-arcipreste-de-santa-maria-maggiore\/#breadcrumb","itemListElement":[{"@type":"ListItem","position":1,"name":"In\u00edcio","item":"https:\/\/diretodasacristia.com\/home\/"},{"@type":"ListItem","position":2,"name":"Novo arcipreste de Santa Maria Maggiore"}]},{"@type":"WebSite","@id":"https:\/\/diretodasacristia.com\/home\/#website","url":"https:\/\/diretodasacristia.com\/home\/","name":"Direto da Sacristia","description":"Not\u00edcias e artigos sobre a f\u00e9 cat\u00f3lica","publisher":{"@id":"https:\/\/diretodasacristia.com\/home\/#organization"},"potentialAction":[{"@type":"SearchAction","target":{"@type":"EntryPoint","urlTemplate":"https:\/\/diretodasacristia.com\/home\/?s={search_term_string}"},"query-input":{"@type":"PropertyValueSpecification","valueRequired":true,"valueName":"search_term_string"}}],"inLanguage":"pt-BR"},{"@type":"Organization","@id":"https:\/\/diretodasacristia.com\/home\/#organization","name":"Direto da Sacristia","url":"https:\/\/diretodasacristia.com\/home\/","logo":{"@type":"ImageObject","inLanguage":"pt-BR","@id":"https:\/\/diretodasacristia.com\/home\/#\/schema\/logo\/image\/","url":"https:\/\/i0.wp.com\/diretodasacristia.com\/home\/wp-content\/uploads\/2012\/01\/marca-sacristia.png?fit=320%2C306&ssl=1","contentUrl":"https:\/\/i0.wp.com\/diretodasacristia.com\/home\/wp-content\/uploads\/2012\/01\/marca-sacristia.png?fit=320%2C306&ssl=1","width":"320","height":"306","caption":"Direto da Sacristia"},"image":{"@id":"https:\/\/diretodasacristia.com\/home\/#\/schema\/logo\/image\/"},"sameAs":["https:\/\/www.facebook.com\/DiretoSacristia","https:\/\/x.com\/diretosacristia","https:\/\/www.instagram.com\/diretodasacristia\/","https:\/\/www.youtube.com\/diretodasacristia"]},{"@type":"Person","@id":"https:\/\/diretodasacristia.com\/home\/#\/schema\/person\/3d453ef1f7d57c0bb0990b8070642721","name":"E. Mar\u00e7al","image":{"@type":"ImageObject","inLanguage":"pt-BR","@id":"https:\/\/secure.gravatar.com\/avatar\/348ff80a5ddde3de6c8b6e0c5b066b733f9245285d9ab87cd2e2ff652ffa95b0?s=96&d=mm&r=g","url":"https:\/\/secure.gravatar.com\/avatar\/348ff80a5ddde3de6c8b6e0c5b066b733f9245285d9ab87cd2e2ff652ffa95b0?s=96&d=mm&r=g","contentUrl":"https:\/\/secure.gravatar.com\/avatar\/348ff80a5ddde3de6c8b6e0c5b066b733f9245285d9ab87cd2e2ff652ffa95b0?s=96&d=mm&r=g","caption":"E. Mar\u00e7al"},"url":"https:\/\/diretodasacristia.com\/home\/author\/erick\/"}]}},"jetpack_publicize_connections":[],"jetpack_featured_media_url":"","jetpack_sharing_enabled":true,"jetpack_shortlink":"https:\/\/wp.me\/p24aG7-46","jetpack-related-posts":[{"id":2424,"url":"https:\/\/diretodasacristia.com\/home\/sem-categoria\/novo-arcipreste-de-santa-maria-maggiore-2\/","url_meta":{"origin":254,"position":0},"title":"Novo arcipreste de Santa Maria Maggiore","author":"E. Mar\u00e7al","date":"21 de novembro de 2011","format":false,"excerpt":"Do boletim da Sala de Imprensa da Santa S\u00e9Sua Excel\u00eancia Mons. Abril y Castell\u00f3Arcipreste eleito da Bas\u00edlica Liberiana76 anosO Santo Padre Bento XVI nomeou Arcipreste da Bas\u00edlica Papal de Santa Maria Maggiore em Roma S.E.R. Mons. Santos Abril y Castell\u00f3, Arcebispo titular de Tamada, Vice-camerlengo da Santa Igreja Romana.Sua Emin\u00eancia\u2026","rel":"","context":"Em &quot;Sem categoria&quot;","block_context":{"text":"Sem categoria","link":"https:\/\/diretodasacristia.com\/home\/c\/sem-categoria\/"},"img":{"alt_text":"","src":"https:\/\/i0.wp.com\/2.bp.blogspot.com\/_QwGoxfKfr5s\/TT3FxmjgpLI\/AAAAAAAAAUw\/fLfH26F5AeU\/s400\/arcebispo%2BAbril%2By%2BCastell%25C3%25B3.jpg?resize=350%2C200","width":350,"height":200},"classes":[]},{"id":5556,"url":"https:\/\/diretodasacristia.com\/home\/noticias\/o-rei-da-espanha-e-protoconego-em-roma\/","url_meta":{"origin":254,"position":1},"title":"O rei da Espanha \u00e9 protoc\u00f4nego em Roma","author":"Reda\u00e7\u00e3o","date":"20 de mar\u00e7o de 2026","format":false,"excerpt":"O t\u00edtulo \u00e9 honor\u00edfico, de modo que n\u00e3o prev\u00ea os usos de vestes eclesi\u00e1sticas e nem fun\u00e7\u00e3o lit\u00fargica, mas limita-se \u00e0 nomea\u00e7\u00e3o pelo fato de ser chefe da monarquia espanhola","rel":"","context":"Em &quot;Not\u00edcias&quot;","block_context":{"text":"Not\u00edcias","link":"https:\/\/diretodasacristia.com\/home\/c\/noticias\/"},"img":{"alt_text":"","src":"https:\/\/i0.wp.com\/diretodasacristia.com\/home\/wp-content\/uploads\/2026\/03\/654322961_17983647716974853_4710525096194129378_n-1-e1774010816260.jpg?resize=350%2C200&ssl=1","width":350,"height":200,"srcset":"https:\/\/i0.wp.com\/diretodasacristia.com\/home\/wp-content\/uploads\/2026\/03\/654322961_17983647716974853_4710525096194129378_n-1-e1774010816260.jpg?resize=350%2C200&ssl=1 1x, https:\/\/i0.wp.com\/diretodasacristia.com\/home\/wp-content\/uploads\/2026\/03\/654322961_17983647716974853_4710525096194129378_n-1-e1774010816260.jpg?resize=525%2C300&ssl=1 1.5x, https:\/\/i0.wp.com\/diretodasacristia.com\/home\/wp-content\/uploads\/2026\/03\/654322961_17983647716974853_4710525096194129378_n-1-e1774010816260.jpg?resize=700%2C400&ssl=1 2x"},"classes":[]},{"id":5074,"url":"https:\/\/diretodasacristia.com\/home\/bento-xvi\/translado-do-corpo-de-bento-xvi-para-a-basilica-vaticana\/","url_meta":{"origin":254,"position":2},"title":"Translado do corpo de Bento XVI para a Bas\u00edlica Vaticana","author":"Reda\u00e7\u00e3o","date":"2 de janeiro de 2023","format":false,"excerpt":"O dia ainda n\u00e3o tinha amanhecido quando o corpo de Bento XVI saiu do Mosteiro Mater Ecclesiae para a Bas\u00edlica de S\u00e3o Pedro","rel":"","context":"Em &quot;Bento XVI&quot;","block_context":{"text":"Bento XVI","link":"https:\/\/diretodasacristia.com\/home\/c\/bento-xvi\/"},"img":{"alt_text":"","src":"https:\/\/i0.wp.com\/diretodasacristia.com\/home\/wp-content\/uploads\/2023\/01\/323416346_929870828179068_3179285949362155853_n-Copia.jpg?resize=350%2C200&ssl=1","width":350,"height":200,"srcset":"https:\/\/i0.wp.com\/diretodasacristia.com\/home\/wp-content\/uploads\/2023\/01\/323416346_929870828179068_3179285949362155853_n-Copia.jpg?resize=350%2C200&ssl=1 1x, https:\/\/i0.wp.com\/diretodasacristia.com\/home\/wp-content\/uploads\/2023\/01\/323416346_929870828179068_3179285949362155853_n-Copia.jpg?resize=525%2C300&ssl=1 1.5x, https:\/\/i0.wp.com\/diretodasacristia.com\/home\/wp-content\/uploads\/2023\/01\/323416346_929870828179068_3179285949362155853_n-Copia.jpg?resize=700%2C400&ssl=1 2x"},"classes":[]},{"id":2609,"url":"https:\/\/diretodasacristia.com\/home\/sentire-cum-ecclesia\/dedicacao-de-santa-maria-maior\/","url_meta":{"origin":254,"position":3},"title":"Dedica\u00e7\u00e3o de Santa Maria Maior","author":"E. Mar\u00e7al","date":"5 de agosto de 2010","format":false,"excerpt":"Of\u00edcio do dia: Dedica\u00e7\u00e3o da Patriarcal Bas\u00edlica Liberiana de Santa Maria Maior Hoje, a santa Igreja comemora a dedica\u00e7\u00e3o lit\u00fargica da primeira igreja dedicada no Ocidente \u00e0 M\u00e3e de Deus. Em Roma, o of\u00edcio de hoje tem grau de solenidade, assim como o anivers\u00e1rio da dedica\u00e7\u00e3o das outras tr\u00eas bas\u00edlicas\u2026","rel":"","context":"Em &quot;Sentire cum Ecclesia&quot;","block_context":{"text":"Sentire cum Ecclesia","link":"https:\/\/diretodasacristia.com\/home\/c\/sentire-cum-ecclesia\/"},"img":{"alt_text":"","src":"","width":0,"height":0},"classes":[]},{"id":663,"url":"https:\/\/diretodasacristia.com\/home\/boletim-santa-se\/habemus-nuntium\/","url_meta":{"origin":254,"position":4},"title":"Habemus Nuntium","author":"E. Mar\u00e7al","date":"10 de fevereiro de 2012","format":false,"excerpt":"Arcebispo Giovanni D'Aniello da sede titular de Paestum Como era anunciada nestes \u00faltimos dias como nomea\u00e7\u00e3o certa, hoje o Santo Padre Bento XVI nomeou como N\u00fancio Apost\u00f3lico no Brasil S.E.R. Mons. Giovanni D\u00b4Aniello, Arcebispo titular de Paestum, at\u00e9 agora N\u00fancio Apost\u00f3lico na Tail\u00e2ndia e no Camboja e Delegado Apost\u00f3lico em\u2026","rel":"","context":"Em &quot;Boletim Santa S\u00e9&quot;","block_context":{"text":"Boletim Santa S\u00e9","link":"https:\/\/diretodasacristia.com\/home\/c\/boletim-santa-se\/"},"img":{"alt_text":"","src":"https:\/\/i0.wp.com\/diretodasacristia.com\/home\/wp-content\/uploads\/2012\/02\/new-image-292x300.jpg?resize=350%2C200","width":350,"height":200},"classes":[]},{"id":2532,"url":"https:\/\/diretodasacristia.com\/home\/sem-categoria\/calendario-das-cerimonias-pontificias-outubro-novembro\/","url_meta":{"origin":254,"position":5},"title":"Calend\u00e1rio das cerim\u00f4nias pontif\u00edcias outubro-novembro","author":"E. Mar\u00e7al","date":"13 de setembro de 2010","format":false,"excerpt":"Do boletim da Sala de Imprensa da Santa S\u00e9 Calend\u00e1rio das celebra\u00e7\u00f5es presididas pelo Santo Padre Bento XVIoutubro - novembro 2010 Outubro Dia 03 - Domingo XXVII Domingo \"per annum\" (do Tempo Comum) Catedral de PalermoVisita pastoral a Palermo na ocasi\u00e3o do Encontro Regional das Fam\u00edlia e dos Jovens Dia\u2026","rel":"","context":"Em &quot;Sem categoria&quot;","block_context":{"text":"Sem categoria","link":"https:\/\/diretodasacristia.com\/home\/c\/sem-categoria\/"},"img":{"alt_text":"","src":"","width":0,"height":0},"classes":[]}],"post_mailing_queue_ids":[],"_links":{"self":[{"href":"https:\/\/diretodasacristia.com\/home\/wp-json\/wp\/v2\/posts\/254","targetHints":{"allow":["GET"]}}],"collection":[{"href":"https:\/\/diretodasacristia.com\/home\/wp-json\/wp\/v2\/posts"}],"about":[{"href":"https:\/\/diretodasacristia.com\/home\/wp-json\/wp\/v2\/types\/post"}],"author":[{"embeddable":true,"href":"https:\/\/diretodasacristia.com\/home\/wp-json\/wp\/v2\/users\/3"}],"replies":[{"embeddable":true,"href":"https:\/\/diretodasacristia.com\/home\/wp-json\/wp\/v2\/comments?post=254"}],"version-history":[{"count":16,"href":"https:\/\/diretodasacristia.com\/home\/wp-json\/wp\/v2\/posts\/254\/revisions"}],"predecessor-version":[{"id":288,"href":"https:\/\/diretodasacristia.com\/home\/wp-json\/wp\/v2\/posts\/254\/revisions\/288"}],"wp:attachment":[{"href":"https:\/\/diretodasacristia.com\/home\/wp-json\/wp\/v2\/media?parent=254"}],"wp:term":[{"taxonomy":"category","embeddable":true,"href":"https:\/\/diretodasacristia.com\/home\/wp-json\/wp\/v2\/categories?post=254"},{"taxonomy":"post_tag","embeddable":true,"href":"https:\/\/diretodasacristia.com\/home\/wp-json\/wp\/v2\/tags?post=254"}],"curies":[{"name":"wp","href":"https:\/\/api.w.org\/{rel}","templated":true}]}}