{"id":2541,"date":"2010-09-08T14:45:00","date_gmt":"2010-09-08T14:45:00","guid":{"rendered":"http:\/\/diretodasacristia.com\/home\/sem-categoria\/consistorio-publico-de-cardeais-previsto-para-novembro-2\/"},"modified":"2010-09-08T14:45:00","modified_gmt":"2010-09-08T14:45:00","slug":"consistorio-publico-de-cardeais-previsto-para-novembro-2","status":"publish","type":"post","link":"https:\/\/diretodasacristia.com\/home\/sem-categoria\/consistorio-publico-de-cardeais-previsto-para-novembro-2\/","title":{"rendered":"Consist\u00f3rio p\u00fablico de cardeais previsto para novembro"},"content":{"rendered":"<p><a onblur=\"try {parent.deselectBloggerImageGracefully();} catch(e) {}\" href=\"http:\/\/3.bp.blogspot.com\/_LTO5Qx1HyJc\/TIk42O9HcZI\/AAAAAAAAA6I\/i8Qt3Hgc6Ec\/s1600\/Consist%C3%B3rio+p%C3%BAblico+Cardeais+2007+%5B4%5D.jpg\"><br \/><\/a><span style=\"font-family:verdana;\">Trechos do <a href=\"http:\/\/fratresinunum.com\/2010\/09\/07\/consistorio-em-novembro\/\">Fratres in unum<\/a><\/span><\/p>\n<div style=\"text-align: justify;\"><span style=\"font-family:verdana;\"><br \/><\/span><\/p>\n<div style=\"text-align: center;font-family:verdana;\"><span style=\"font-weight: bold;\">Iminente consist\u00f3rio p\u00fablico de cria\u00e7\u00e3o de Cardeais<\/span><\/div>\n<p><span style=\"font-family:verdana;\"><\/p>\n<p><\/span><\/p>\n<div style=\"text-align: center;\"><a onblur=\"try {parent.deselectBloggerImageGracefully();} catch(e) {}\" href=\"http:\/\/3.bp.blogspot.com\/_LTO5Qx1HyJc\/TIk5HPKz6EI\/AAAAAAAAA6w\/uBWYKzazhIw\/s1600\/Cardeais+na+Bas%C3%ADlica+Vaticana.jpg\"><img decoding=\"async\" style=\"display: block; margin: 0px auto 10px; text-align: center; cursor: pointer; width: 373px; height: 250px;\" src=\"http:\/\/3.bp.blogspot.com\/_LTO5Qx1HyJc\/TIk5HPKz6EI\/AAAAAAAAA6w\/uBWYKzazhIw\/s320\/Cardeais+na+Bas%C3%ADlica+Vaticana.jpg\" alt=\"\" id=\"BLOGGER_PHOTO_ID_5515002015185627202\" border=\"0\" \/><\/a><span style=\"font-size:85%;\"><span style=\"font-style: italic;font-family:verdana;\">Padres Cardeais em cerim\u00f4nia na Patriarcal Bas\u00edlica de S\u00e3o Pedro<\/span><\/span><\/div>\n<p><span style=\"font-family:verdana;\"><br \/>Provavelmente, o Papa Bento XVI anuncie durante o S\u00ednodo dos Bispos para o M\u00e9dio Oriente um novo consist\u00f3rio p\u00fablico para a cria\u00e7\u00e3o de cardeais a acontecer, conforme a tradi\u00e7\u00e3o, um m\u00eas ap\u00f3s o an\u00fancio, ou seja, em novembro. <\/span><br \/><span style=\"font-family:verdana;\"><\/span><br \/><span style=\"font-family:verdana;\">Seriam necess\u00e1rios novos nomes para o Sacro Col\u00e9gio dos Cardeais pois, a partir de 01 janeiro 2011, o n\u00famero de cardeais-eleitores (abaixo de 80 anos) cai para 101. Contudo, na Constitui\u00e7\u00e3o Apost\u00f3lica &#8220;Universi Dominici Gregis&#8221; (n\u00ba 33),  o Vener\u00e1vel Papa Jo\u00e3o Paulo II determinou que o n\u00famero de cardeais convocados para um conclave n\u00e3o deve ser maior do que 120. Por\u00e9m, o papa \u00e9 livre para nomear mais. O pr\u00f3prio Jo\u00e3o Paulo II ultrapassou, muitas vezes, o n\u00famero m\u00e1ximo que ele mesmo estipulou. Por exemplo, em 2001, foram criados 38 cardeais; em 2003, 26.<\/p>\n<p><\/span><\/p>\n<div style=\"text-align: center;\"><a onblur=\"try {parent.deselectBloggerImageGracefully();} catch(e) {}\" href=\"http:\/\/1.bp.blogspot.com\/_LTO5Qx1HyJc\/TIk44NbFaeI\/AAAAAAAAA6o\/3L1oG438yqo\/s1600\/Cardeais.jpg\"><img decoding=\"async\" style=\"display: block; margin: 0px auto 10px; text-align: center; cursor: pointer; width: 320px; height: 215px;\" src=\"http:\/\/1.bp.blogspot.com\/_LTO5Qx1HyJc\/TIk44NbFaeI\/AAAAAAAAA6o\/3L1oG438yqo\/s320\/Cardeais.jpg\" alt=\"\" id=\"BLOGGER_PHOTO_ID_5515001757018974690\" border=\"0\" \/><\/a><span style=\"font-size:85%;\"><span style=\"font-style: italic;font-family:verdana;\">Cardeais concelebrantes na Bas\u00edlica de S\u00e3o Pedro<\/span><br \/><\/span><\/div>\n<p><span style=\"font-family:verdana;\"><br \/>Se assim for decidido pelo Santo Padre &#8211; a cria\u00e7\u00e3o de cardeais, 19 arcebispos de v\u00e1rias partes do mundo poder\u00e3o ter seus nomes inscritos no elenco do Senado pontif\u00edcio, alguns destes talvez ter\u00e3o de esperar um pouco mais, pois n\u00e3o podem haver dois cardeais-eleitores numa mesma sede cardinal\u00edcia (o atual e o predecessor em\u00e9rito).<\/p>\n<p>S\u00e3o candidatos ao barrete vermelho:<\/p>\n<p><\/span><\/p>\n<div style=\"text-align: center;\"><span style=\"font-family:verdana;\">S.E.R. <span style=\"font-weight: bold;\">Angelo Amato<br \/><\/span><span>Arcebispo Titular de <span style=\"font-style: italic;\">Sila<\/span><\/span><span style=\"font-weight: bold;\"><br \/><\/span><\/span><span style=\"font-family:verdana;\">Prefeito da Congrega\u00e7\u00e3o para a Causa dos Santos<\/span><\/p>\n<p><span style=\"font-family:verdana;\">S.E.R. <span style=\"font-weight: bold;\">Raymond Leo Burke<br \/><\/span><span>Arcebispo em\u00e9rito de Saint Louis, Estados Unidos<\/span><span style=\"font-weight: bold;\"><br \/><\/span><\/span><span style=\"font-family:verdana;\">Prefeito do Supremo Tribunal da Assinatura Apost\u00f3lica<\/span><\/p>\n<p><span style=\"font-family:verdana;\">S.E.R. <span style=\"font-weight: bold;\">Kurt Koch<br \/><\/span><span>Arcebispo em\u00e9rito de Basileia, Su\u00ed\u00e7a<\/span><span style=\"font-weight: bold;\"><br \/><\/span><\/span><span style=\"font-family:verdana;\">Presidente do Conselho para a Promo\u00e7\u00e3o da Unidade dos Crist\u00e3os<\/span><\/p>\n<p><span style=\"font-family:verdana;\">S.E.R. <span style=\"font-weight: bold;\">Gianfranco Ravasi<br \/><\/span><span>Arcebispo Titular de <span style=\"font-style: italic;\">Villamagna in Proconsulari<\/span><\/span><span style=\"font-weight: bold;\"><br \/><\/span><\/span><span style=\"font-family:verdana;\">Presidente do Pontif\u00edcio Conselho para a Cultura<br \/>Presidente da Pontif\u00edcia Comiss\u00e3o para o Patrim\u00f4nio Cultural da Igreja<br \/>Presidente da Pontif\u00edcia Comiss\u00e3o para a Arqueologia SAcra<br \/><\/span><br \/><span style=\"font-family:verdana;\">S.E.R. <span style=\"font-weight: bold;\">Paolo Sardi<br \/><\/span><span>Arcebispo Titular de <span style=\"font-style: italic;\">Sutrium<\/span><br \/>Vice-Carmelengo da C\u00e2mara Apost\u00f3lica<\/span><span style=\"font-weight: bold;\"><br \/><\/span><\/span><span style=\"font-family:verdana;\">Pr\u00f3-Patrono da Soberana Ordem da Malta<\/span><\/p>\n<p><span style=\"font-family:verdana;\">S.E.R. <span style=\"font-weight: bold;\">Donald W. Wuerl<\/span><\/span><br \/><span style=\"font-family:verdana;\">Arcebispo de Washington &#8211; Estados Unidos da Am\u00e9rica<\/span><\/p>\n<p><span style=\"font-family:verdana;\">S.E.R. <span style=\"font-weight: bold;\">Thomas Collins<\/span><\/span><br \/><span style=\"font-family:verdana;\">Arcebispo de Toronto &#8211; Canad\u00e1<\/span><\/p>\n<p><span style=\"font-family:verdana;\">S.E.R. <span style=\"font-weight: bold;\">Reinhard Marx<\/span><\/span><br \/><span style=\"font-family:verdana;\">Arcebispo de Munique e Frisinga &#8211; Alemanha<\/span><\/p>\n<p><span style=\"font-family:verdana;\">S.E.R. <span style=\"font-weight: bold;\">Braulio Rodr\u00edguez Plaza<\/span><\/span><br \/><span style=\"font-family:verdana;\">Arcebispo de Toledo &#8211; Espanha<\/span><\/p>\n<p><span style=\"font-family:verdana;\">S.E.R. <span style=\"font-weight: bold;\">Vincent Nichols<\/span><\/span><br \/><span style=\"font-family:verdana;\">Arcebispo de Westminster &#8211; Inglaterra<\/span><\/p>\n<p><span style=\"font-family:verdana;\">S.E.R. <span style=\"font-weight: bold;\">Willem Jacobus Eijk<\/span><\/span><br \/><span style=\"font-family:verdana;\">Arcebispo de Utrecht &#8211; Holanda<\/span><\/p>\n<p><span style=\"font-family:verdana;\">S.E.R.<span style=\"font-weight: bold;\"> Andr\u00e9-Joseph L\u00e9onard<\/span><\/span><br \/><span style=\"font-family:verdana;\">Arcebispo de Mechelen-Br\u00fcssel &#8211; B\u00e9lgica<br \/>Ordin\u00e1rio Militar da B\u00e9lgica<br \/><\/span><br \/><span style=\"font-family:verdana;\">S.E.R. <span style=\"font-weight: bold;\">Kazimierz Nycz<\/span><\/span><br \/><span style=\"font-family:verdana;\">Arcebispo de Warschau &#8211; Pol\u00f4nia<br \/>Bispo dos fi\u00e9is de rito oriental da Pol\u00f4nia<br \/><\/span><br \/><span style=\"font-family:verdana;\">S.E.R. <span style=\"font-weight: bold;\">Paolo Romeo<\/span><\/span><br \/><span style=\"font-family:verdana;\">Arcebispo de Palermo &#8211; It\u00e1lia<\/span><\/p>\n<p><span style=\"font-family:verdana;\">S.E.R. <span style=\"font-weight: bold;\">Giuseppe Betori<\/span><\/span><br \/><span style=\"font-family:verdana;\">Arcebispo de Floren\u00e7a &#8211; It\u00e1lia<\/span><\/p>\n<p><span style=\"font-family:verdana;\">S.E.R. <span style=\"font-weight: bold;\">Malcolm Ranjith<\/span><\/span><br \/><span style=\"font-family:verdana;\">Arcebispo de Colombo &#8211; Sri Lanka<\/span><\/p>\n<p><span style=\"font-family:verdana;\">S.E.R. <span style=\"font-weight: bold;\">Charles Maung Bo<\/span><\/span><br \/><span style=\"font-family:verdana;\">Arcebispo de Yangon &#8211; Mianmar<\/span><\/p>\n<p><span style=\"font-family:verdana;\">S.E.R. <span style=\"font-weight: bold;\">Peter Takeo Okada<\/span><\/span><br \/><span style=\"font-family:verdana;\">Arcebispo de T\u00f3quio &#8211; Jap\u00e3o<\/span><\/p>\n<p><span style=\"font-family:verdana;\">S.E.R. <span style=\"font-weight: bold;\">Nicol\u00e1s Cotugno Fanizzi<\/span><\/span><br \/><span style=\"font-family:verdana;\">Arcebispo de Montevideo &#8211; Uruguai<\/span><\/p>\n<p><span style=\"font-family:verdana;\">S.E.R. <span style=\"font-weight: bold;\">Orani Jo\u00e3o Tempesta<\/span><\/span><br \/><span style=\"font-family:verdana;\">Arcebispo do Rio de Janeiro &#8211; Brasil<\/span><\/p>\n<p><span style=\"font-family:verdana;\">S.E.R. <span style=\"font-weight: bold;\">Walmor Oliveira de Azevedo<\/span><\/span><br \/><span style=\"font-family:verdana;\">Arcebispo de Belo Horizonte &#8211; Brasil<br \/>Bispo para os fi\u00e9s de rito oriental do Brasil<br \/><\/span><br \/><span style=\"font-family:verdana;\">S.E.R. <span style=\"font-weight: bold;\">Simon-Victor Tony\u00e9 Bakot <\/span><\/span><br \/><span style=\"font-family:verdana;\">Arcebispo de Yaound\u00e9 &#8211; Camar\u00f5es<\/span><\/p>\n<p><span style=\"font-family:verdana;\">S.E.R. <span style=\"font-weight: bold;\">Laurent Monsengwo Pasinya<\/span><\/span><br \/><span style=\"font-family:verdana;\">Arcebispo de Kinshasa &#8211; Congo<\/span><\/p>\n<p><span style=\"font-family:verdana;\">S.E.R. <span style=\"font-weight: bold;\">Cyprian Kizito Lwanga<\/span><\/span><br \/><span style=\"font-family:verdana;\">Arcebispo de Kampala<\/span><\/p>\n<p><span style=\"font-family:verdana;\">S.E.R. <span style=\"font-weight: bold;\">Fouad Twal<\/span><\/span><br \/><span style=\"font-family:verdana;\">Patriarca de Jerusal\u00e9m dos Latinos<\/span><\/div>\n<p><span style=\"font-family:verdana;\"><\/p>\n<p><\/span><\/p>\n<div style=\"text-align: center;\"><a onblur=\"try {parent.deselectBloggerImageGracefully();} catch(e) {}\" href=\"http:\/\/3.bp.blogspot.com\/_LTO5Qx1HyJc\/TIk42O9HcZI\/AAAAAAAAA6I\/i8Qt3Hgc6Ec\/s1600\/Consist%C3%B3rio+p%C3%BAblico+Cardeais+2007+%5B4%5D.jpg\"><img decoding=\"async\" style=\"display: block; margin: 0px auto 10px; text-align: center; cursor: pointer; width: 227px; height: 320px;\" src=\"http:\/\/3.bp.blogspot.com\/_LTO5Qx1HyJc\/TIk42O9HcZI\/AAAAAAAAA6I\/i8Qt3Hgc6Ec\/s320\/Consist%C3%B3rio+p%C3%BAblico+Cardeais+2007+%5B4%5D.jpg\" alt=\"\" id=\"BLOGGER_PHOTO_ID_5515001723070411154\" border=\"0\" \/><\/a><span style=\"font-size:85%;\"><span style=\"font-style: italic;font-family:verdana;\">Barretes para os novos cardeais<\/span><br \/><span style=\"font-style: italic;font-family:verdana;\">entre eles, o do cardeal de rito oriental<br \/>Vigi\u00edlia da Solenidade de Cristo Rei do Universo<br \/>24 novembro 2007<br \/><\/span><\/span><\/div>\n<p><span style=\"font-family:verdana;\"><br \/><\/span><\/p>\n<div style=\"text-align: center;\"><a onblur=\"try {parent.deselectBloggerImageGracefully();} catch(e) {}\" href=\"http:\/\/4.bp.blogspot.com\/_LTO5Qx1HyJc\/TIk43JegzUI\/AAAAAAAAA6Q\/DH3QARUpTk4\/s1600\/Missa+Consist%C3%B3rio+Cardeais+2007.jpg\"><img decoding=\"async\" style=\"display: block; margin: 0px auto 10px; text-align: center; cursor: pointer; width: 320px; height: 211px;\" src=\"http:\/\/4.bp.blogspot.com\/_LTO5Qx1HyJc\/TIk43JegzUI\/AAAAAAAAA6Q\/DH3QARUpTk4\/s320\/Missa+Consist%C3%B3rio+Cardeais+2007.jpg\" alt=\"\" id=\"BLOGGER_PHOTO_ID_5515001738779741506\" border=\"0\" \/><\/a><span style=\"font-style: italic;font-size:85%;\"><span style=\"font-family:verdana;\">An\u00e9is para os novos cardeais<\/span><br \/><span style=\"font-family:verdana;\">impostos pelo Santo Padre no dia seguinte<\/span><br \/><span style=\"font-family:verdana;\">Solenidade de Cristo Rei do Universo<\/span><br \/><span style=\"font-family:verdana;\">25 novembro 2007<\/span><\/span><\/div>\n<p><span style=\"font-family:verdana;\"><br \/>O arcebispo de Baltimore, S.E.R. <span style=\"font-weight: bold;\">Edwin Frederick O&#8217;Brien<\/span>, e o de New York, S.E.R. <span style=\"font-weight: bold;\">Timothy Dolan<\/span>, apesar de serem os ordin\u00e1rios de s\u00e9s cardinal\u00edcias, devem esperar quando os seus predecessores perderem o direito de eleitores num conclave (depois dos 80 anos) e, assim, poder\u00e3o receber a p\u00farpura. Todos os prelados anteriormente citados s\u00e3o candidatos, ou seja, n\u00e3o \u00e9 de regra que sejam criados cardeais, mas por for\u00e7a de tradi\u00e7\u00e3o de suas dioceses. Belo Horizonte (Brasil) passou intoc\u00e1vel no \u00faltimo consist\u00f3rio. O Patriarcado Latino de Jerusal\u00e9m n\u00e3o goza do direito que tem os outros Patriarcados ocidentais (Lisboa e Veneza), de seus prelados serem criados cardeais no primeiro consist\u00f3rio seguinte \u00e0 sua nomea\u00e7\u00e3o. Se o Patriarca de Jerusal\u00e9m for elevado \u00e0 p\u00farpura, ser\u00e1 por vontade expressa do Santo Padre, e n\u00e3o por for\u00e7a de seu cargo.<\/p>\n<p><\/span><\/p>\n<div style=\"text-align: center;\"><a onblur=\"try {parent.deselectBloggerImageGracefully();} catch(e) {}\" href=\"http:\/\/4.bp.blogspot.com\/_LTO5Qx1HyJc\/TIk43wsF7PI\/AAAAAAAAA6g\/hj8om_o92VA\/s1600\/Consist%C3%B3rio+p%C3%BAblico+Cardeais+2007+%5B3%5D.jpg\"><img decoding=\"async\" style=\"display: block; margin: 0px auto 10px; text-align: center; cursor: pointer; width: 320px; height: 212px;\" src=\"http:\/\/4.bp.blogspot.com\/_LTO5Qx1HyJc\/TIk43wsF7PI\/AAAAAAAAA6g\/hj8om_o92VA\/s320\/Consist%C3%B3rio+p%C3%BAblico+Cardeais+2007+%5B3%5D.jpg\" alt=\"\" id=\"BLOGGER_PHOTO_ID_5515001749305683186\" border=\"0\" \/><\/a><span style=\"font-size:85%;\"><span style=\"font-style: italic;font-family:verdana;\">Imposi\u00e7\u00e3o do barrete cardinal\u00edcio<\/span><\/span><\/div>\n<p><span style=\"font-family:verdana;\"><\/p>\n<p><\/span><\/p>\n<div style=\"text-align: center;\"><a onblur=\"try {parent.deselectBloggerImageGracefully();} catch(e) {}\" href=\"http:\/\/1.bp.blogspot.com\/_LTO5Qx1HyJc\/TIk5HZ_wRII\/AAAAAAAAA64\/wE5u6gZaZNw\/s1600\/Consist%C3%B3rio+p%C3%BAblico+Cardeais+2007.jpg\"><img decoding=\"async\" style=\"display: block; margin: 0px auto 10px; text-align: center; cursor: pointer; width: 320px; height: 242px;\" src=\"http:\/\/1.bp.blogspot.com\/_LTO5Qx1HyJc\/TIk5HZ_wRII\/AAAAAAAAA64\/wE5u6gZaZNw\/s320\/Consist%C3%B3rio+p%C3%BAblico+Cardeais+2007.jpg\" alt=\"\" id=\"BLOGGER_PHOTO_ID_5515002018092041346\" border=\"0\" \/><\/a><span style=\"font-family:verdana;\"><span style=\"font-size:85%;\"><span style=\"font-style: italic;font-family:verdana;\">Consist\u00f3rio Ordin\u00e1rio P\u00fablico para a cria\u00e7\u00e3o de novos Cardeais<\/span><br \/><span style=\"font-style: italic;font-family:verdana;\">Vig\u00edlia da Solenidade de Cristo Rei do Universo<\/span><br \/><span style=\"font-style: italic;font-family:verdana;\">24 novembro 2007<\/span><\/span><br \/><\/span><\/div>\n<p><span style=\"font-family:verdana;\"><br \/>Tudo isso \u00e9 uma previs\u00e3o. Contudo, o espa\u00e7o de tempo entre os dois \u00faltimos conclaves foi 1 ano e 8 meses: consist\u00f3rio de mar\u00e7o 2006 e outro em novembro 2007. Estamos \u00e0 dist\u00e2ncia de quase 3 anos do \u00faltimo. \u00c9 ineg\u00e1vel que os crit\u00e9rios daqueles que integrar\u00e3o o Senado dos Purpurados ser\u00e3o outros. Nesses \u00faltimos tempos, vemos que alguns cardeais, que deveriam serem expoentes da exalta\u00e7\u00e3o da f\u00e9 cat\u00f3lica e da defesa do Santo Padre, t\u00eam tornado-se em vozes amb\u00edguas e dividindo a Igreja. \u00c9 bem prov\u00e1vel o novo Prefeito da Congrega\u00e7\u00e3o para os Bispos, o conservador Cardeal Marc Ouellet, participe da escolha dos seus novos colegas de batina&#8230;<\/p>\n<p>Aguardemos o an\u00fancio.<\/p>\n<p><\/span><a onblur=\"try {parent.deselectBloggerImageGracefully();} catch(e) {}\" href=\"http:\/\/2.bp.blogspot.com\/_LTO5Qx1HyJc\/TIk5H9QvA9I\/AAAAAAAAA7A\/3y7Ye1pmzJE\/s1600\/060_small.gif\"><img decoding=\"async\" style=\"display: block; margin: 0px auto 10px; text-align: center; cursor: pointer; width: 38px; height: 38px;\" src=\"http:\/\/2.bp.blogspot.com\/_LTO5Qx1HyJc\/TIk5H9QvA9I\/AAAAAAAAA7A\/3y7Ye1pmzJE\/s320\/060_small.gif\" alt=\"\" id=\"BLOGGER_PHOTO_ID_5515002027558503378\" border=\"0\" \/><\/a><\/div>\n","protected":false},"excerpt":{"rendered":"Trechos do Fratres in unum Iminente consist\u00f3rio p\u00fablico de cria\u00e7\u00e3o de Cardeais Padres Cardeais em cerim\u00f4nia na Patriarcal Bas\u00edlica de S\u00e3o Pedro Provavelmente, o Papa Bento XVI anuncie durante o S\u00ednodo dos Bispos para o M\u00e9dio Oriente um novo consist\u00f3rio p\u00fablico para a cria\u00e7\u00e3o de cardeais a acontecer, conforme a tradi\u00e7\u00e3o, um m\u00eas ap\u00f3s o&#8230; <a class=\"view-article\" href=\"https:\/\/diretodasacristia.com\/home\/sem-categoria\/consistorio-publico-de-cardeais-previsto-para-novembro-2\/\">Ver artigo<\/a>","protected":false},"author":3,"featured_media":0,"comment_status":"open","ping_status":"open","sticky":false,"template":"","format":"standard","meta":{"jetpack_post_was_ever_published":false,"_jetpack_newsletter_access":"","_jetpack_dont_email_post_to_subs":false,"_jetpack_newsletter_tier_id":0,"_jetpack_memberships_contains_paywalled_content":false,"_jetpack_memberships_contains_paid_content":false,"_joinchat":[],"footnotes":"","jetpack_publicize_message":"","jetpack_publicize_feature_enabled":true,"jetpack_social_post_already_shared":false,"jetpack_social_options":{"image_generator_settings":{"template":"highway","default_image_id":0,"font":"","enabled":false},"version":2}},"categories":[1],"tags":[],"class_list":["post-2541","post","type-post","status-publish","format-standard","hentry","category-sem-categoria"],"yoast_head":"<!-- This site is optimized with the Yoast SEO plugin v27.4 - https:\/\/yoast.com\/product\/yoast-seo-wordpress\/ -->\n<title>Consist\u00f3rio p\u00fablico de cardeais previsto para novembro - Direto da Sacristia<\/title>\n<meta name=\"robots\" content=\"index, follow, max-snippet:-1, max-image-preview:large, max-video-preview:-1\" \/>\n<link rel=\"canonical\" href=\"https:\/\/diretodasacristia.com\/home\/sem-categoria\/consistorio-publico-de-cardeais-previsto-para-novembro-2\/\" \/>\n<meta property=\"og:locale\" content=\"pt_BR\" \/>\n<meta property=\"og:type\" content=\"article\" \/>\n<meta property=\"og:title\" content=\"Consist\u00f3rio p\u00fablico de cardeais previsto para novembro - Direto da Sacristia\" \/>\n<meta property=\"og:description\" content=\"Trechos do Fratres in unum Iminente consist\u00f3rio p\u00fablico de cria\u00e7\u00e3o de Cardeais Padres Cardeais em cerim\u00f4nia na Patriarcal Bas\u00edlica de S\u00e3o Pedro Provavelmente, o Papa Bento XVI anuncie durante o S\u00ednodo dos Bispos para o M\u00e9dio Oriente um novo consist\u00f3rio p\u00fablico para a cria\u00e7\u00e3o de cardeais a acontecer, conforme a tradi\u00e7\u00e3o, um m\u00eas ap\u00f3s o... Ver artigo\" \/>\n<meta property=\"og:url\" content=\"https:\/\/diretodasacristia.com\/home\/sem-categoria\/consistorio-publico-de-cardeais-previsto-para-novembro-2\/\" \/>\n<meta property=\"og:site_name\" content=\"Direto da Sacristia\" \/>\n<meta property=\"article:publisher\" content=\"https:\/\/www.facebook.com\/DiretoSacristia\" \/>\n<meta property=\"article:published_time\" content=\"2010-09-08T14:45:00+00:00\" \/>\n<meta property=\"og:image\" content=\"http:\/\/3.bp.blogspot.com\/_LTO5Qx1HyJc\/TIk5HPKz6EI\/AAAAAAAAA6w\/uBWYKzazhIw\/s320\/Cardeais+na+Bas%C3%ADlica+Vaticana.jpg\" \/>\n<meta name=\"author\" content=\"E. Mar\u00e7al\" \/>\n<meta name=\"twitter:card\" content=\"summary_large_image\" \/>\n<meta name=\"twitter:creator\" content=\"@diretosacristia\" \/>\n<meta name=\"twitter:site\" content=\"@diretosacristia\" \/>\n<meta name=\"twitter:label1\" content=\"Escrito por\" \/>\n\t<meta name=\"twitter:data1\" content=\"E. Mar\u00e7al\" \/>\n\t<meta name=\"twitter:label2\" content=\"Est. tempo de leitura\" \/>\n\t<meta name=\"twitter:data2\" content=\"5 minutos\" \/>\n<script type=\"application\/ld+json\" class=\"yoast-schema-graph\">{\"@context\":\"https:\\\/\\\/schema.org\",\"@graph\":[{\"@type\":\"Article\",\"@id\":\"https:\\\/\\\/diretodasacristia.com\\\/home\\\/sem-categoria\\\/consistorio-publico-de-cardeais-previsto-para-novembro-2\\\/#article\",\"isPartOf\":{\"@id\":\"https:\\\/\\\/diretodasacristia.com\\\/home\\\/sem-categoria\\\/consistorio-publico-de-cardeais-previsto-para-novembro-2\\\/\"},\"author\":{\"name\":\"E. Mar\u00e7al\",\"@id\":\"https:\\\/\\\/diretodasacristia.com\\\/home\\\/#\\\/schema\\\/person\\\/3d453ef1f7d57c0bb0990b8070642721\"},\"headline\":\"Consist\u00f3rio p\u00fablico de cardeais previsto para novembro\",\"datePublished\":\"2010-09-08T14:45:00+00:00\",\"mainEntityOfPage\":{\"@id\":\"https:\\\/\\\/diretodasacristia.com\\\/home\\\/sem-categoria\\\/consistorio-publico-de-cardeais-previsto-para-novembro-2\\\/\"},\"wordCount\":985,\"commentCount\":0,\"publisher\":{\"@id\":\"https:\\\/\\\/diretodasacristia.com\\\/home\\\/#organization\"},\"image\":{\"@id\":\"https:\\\/\\\/diretodasacristia.com\\\/home\\\/sem-categoria\\\/consistorio-publico-de-cardeais-previsto-para-novembro-2\\\/#primaryimage\"},\"thumbnailUrl\":\"http:\\\/\\\/3.bp.blogspot.com\\\/_LTO5Qx1HyJc\\\/TIk5HPKz6EI\\\/AAAAAAAAA6w\\\/uBWYKzazhIw\\\/s320\\\/Cardeais+na+Bas%C3%ADlica+Vaticana.jpg\",\"inLanguage\":\"pt-BR\",\"potentialAction\":[{\"@type\":\"CommentAction\",\"name\":\"Comment\",\"target\":[\"https:\\\/\\\/diretodasacristia.com\\\/home\\\/sem-categoria\\\/consistorio-publico-de-cardeais-previsto-para-novembro-2\\\/#respond\"]}]},{\"@type\":\"WebPage\",\"@id\":\"https:\\\/\\\/diretodasacristia.com\\\/home\\\/sem-categoria\\\/consistorio-publico-de-cardeais-previsto-para-novembro-2\\\/\",\"url\":\"https:\\\/\\\/diretodasacristia.com\\\/home\\\/sem-categoria\\\/consistorio-publico-de-cardeais-previsto-para-novembro-2\\\/\",\"name\":\"Consist\u00f3rio p\u00fablico de cardeais previsto para novembro - Direto da Sacristia\",\"isPartOf\":{\"@id\":\"https:\\\/\\\/diretodasacristia.com\\\/home\\\/#website\"},\"primaryImageOfPage\":{\"@id\":\"https:\\\/\\\/diretodasacristia.com\\\/home\\\/sem-categoria\\\/consistorio-publico-de-cardeais-previsto-para-novembro-2\\\/#primaryimage\"},\"image\":{\"@id\":\"https:\\\/\\\/diretodasacristia.com\\\/home\\\/sem-categoria\\\/consistorio-publico-de-cardeais-previsto-para-novembro-2\\\/#primaryimage\"},\"thumbnailUrl\":\"http:\\\/\\\/3.bp.blogspot.com\\\/_LTO5Qx1HyJc\\\/TIk5HPKz6EI\\\/AAAAAAAAA6w\\\/uBWYKzazhIw\\\/s320\\\/Cardeais+na+Bas%C3%ADlica+Vaticana.jpg\",\"datePublished\":\"2010-09-08T14:45:00+00:00\",\"breadcrumb\":{\"@id\":\"https:\\\/\\\/diretodasacristia.com\\\/home\\\/sem-categoria\\\/consistorio-publico-de-cardeais-previsto-para-novembro-2\\\/#breadcrumb\"},\"inLanguage\":\"pt-BR\",\"potentialAction\":[{\"@type\":\"ReadAction\",\"target\":[\"https:\\\/\\\/diretodasacristia.com\\\/home\\\/sem-categoria\\\/consistorio-publico-de-cardeais-previsto-para-novembro-2\\\/\"]}]},{\"@type\":\"ImageObject\",\"inLanguage\":\"pt-BR\",\"@id\":\"https:\\\/\\\/diretodasacristia.com\\\/home\\\/sem-categoria\\\/consistorio-publico-de-cardeais-previsto-para-novembro-2\\\/#primaryimage\",\"url\":\"http:\\\/\\\/3.bp.blogspot.com\\\/_LTO5Qx1HyJc\\\/TIk5HPKz6EI\\\/AAAAAAAAA6w\\\/uBWYKzazhIw\\\/s320\\\/Cardeais+na+Bas%C3%ADlica+Vaticana.jpg\",\"contentUrl\":\"http:\\\/\\\/3.bp.blogspot.com\\\/_LTO5Qx1HyJc\\\/TIk5HPKz6EI\\\/AAAAAAAAA6w\\\/uBWYKzazhIw\\\/s320\\\/Cardeais+na+Bas%C3%ADlica+Vaticana.jpg\"},{\"@type\":\"BreadcrumbList\",\"@id\":\"https:\\\/\\\/diretodasacristia.com\\\/home\\\/sem-categoria\\\/consistorio-publico-de-cardeais-previsto-para-novembro-2\\\/#breadcrumb\",\"itemListElement\":[{\"@type\":\"ListItem\",\"position\":1,\"name\":\"In\u00edcio\",\"item\":\"https:\\\/\\\/diretodasacristia.com\\\/home\\\/\"},{\"@type\":\"ListItem\",\"position\":2,\"name\":\"Consist\u00f3rio p\u00fablico de cardeais previsto para novembro\"}]},{\"@type\":\"WebSite\",\"@id\":\"https:\\\/\\\/diretodasacristia.com\\\/home\\\/#website\",\"url\":\"https:\\\/\\\/diretodasacristia.com\\\/home\\\/\",\"name\":\"Direto da Sacristia\",\"description\":\"Not\u00edcias e artigos sobre a f\u00e9 cat\u00f3lica\",\"publisher\":{\"@id\":\"https:\\\/\\\/diretodasacristia.com\\\/home\\\/#organization\"},\"potentialAction\":[{\"@type\":\"SearchAction\",\"target\":{\"@type\":\"EntryPoint\",\"urlTemplate\":\"https:\\\/\\\/diretodasacristia.com\\\/home\\\/?s={search_term_string}\"},\"query-input\":{\"@type\":\"PropertyValueSpecification\",\"valueRequired\":true,\"valueName\":\"search_term_string\"}}],\"inLanguage\":\"pt-BR\"},{\"@type\":\"Organization\",\"@id\":\"https:\\\/\\\/diretodasacristia.com\\\/home\\\/#organization\",\"name\":\"Direto da Sacristia\",\"url\":\"https:\\\/\\\/diretodasacristia.com\\\/home\\\/\",\"logo\":{\"@type\":\"ImageObject\",\"inLanguage\":\"pt-BR\",\"@id\":\"https:\\\/\\\/diretodasacristia.com\\\/home\\\/#\\\/schema\\\/logo\\\/image\\\/\",\"url\":\"https:\\\/\\\/i0.wp.com\\\/diretodasacristia.com\\\/home\\\/wp-content\\\/uploads\\\/2012\\\/01\\\/marca-sacristia.png?fit=320%2C306&ssl=1\",\"contentUrl\":\"https:\\\/\\\/i0.wp.com\\\/diretodasacristia.com\\\/home\\\/wp-content\\\/uploads\\\/2012\\\/01\\\/marca-sacristia.png?fit=320%2C306&ssl=1\",\"width\":\"320\",\"height\":\"306\",\"caption\":\"Direto da Sacristia\"},\"image\":{\"@id\":\"https:\\\/\\\/diretodasacristia.com\\\/home\\\/#\\\/schema\\\/logo\\\/image\\\/\"},\"sameAs\":[\"https:\\\/\\\/www.facebook.com\\\/DiretoSacristia\",\"https:\\\/\\\/x.com\\\/diretosacristia\",\"https:\\\/\\\/www.instagram.com\\\/diretodasacristia\\\/\",\"https:\\\/\\\/www.youtube.com\\\/diretodasacristia\"]},{\"@type\":\"Person\",\"@id\":\"https:\\\/\\\/diretodasacristia.com\\\/home\\\/#\\\/schema\\\/person\\\/3d453ef1f7d57c0bb0990b8070642721\",\"name\":\"E. Mar\u00e7al\",\"image\":{\"@type\":\"ImageObject\",\"inLanguage\":\"pt-BR\",\"@id\":\"https:\\\/\\\/secure.gravatar.com\\\/avatar\\\/348ff80a5ddde3de6c8b6e0c5b066b733f9245285d9ab87cd2e2ff652ffa95b0?s=96&d=mm&r=g\",\"url\":\"https:\\\/\\\/secure.gravatar.com\\\/avatar\\\/348ff80a5ddde3de6c8b6e0c5b066b733f9245285d9ab87cd2e2ff652ffa95b0?s=96&d=mm&r=g\",\"contentUrl\":\"https:\\\/\\\/secure.gravatar.com\\\/avatar\\\/348ff80a5ddde3de6c8b6e0c5b066b733f9245285d9ab87cd2e2ff652ffa95b0?s=96&d=mm&r=g\",\"caption\":\"E. Mar\u00e7al\"},\"url\":\"https:\\\/\\\/diretodasacristia.com\\\/home\\\/author\\\/erick\\\/\"}]}<\/script>\n<!-- \/ Yoast SEO plugin. -->","yoast_head_json":{"title":"Consist\u00f3rio p\u00fablico de cardeais previsto para novembro - Direto da Sacristia","robots":{"index":"index","follow":"follow","max-snippet":"max-snippet:-1","max-image-preview":"max-image-preview:large","max-video-preview":"max-video-preview:-1"},"canonical":"https:\/\/diretodasacristia.com\/home\/sem-categoria\/consistorio-publico-de-cardeais-previsto-para-novembro-2\/","og_locale":"pt_BR","og_type":"article","og_title":"Consist\u00f3rio p\u00fablico de cardeais previsto para novembro - Direto da Sacristia","og_description":"Trechos do Fratres in unum Iminente consist\u00f3rio p\u00fablico de cria\u00e7\u00e3o de Cardeais Padres Cardeais em cerim\u00f4nia na Patriarcal Bas\u00edlica de S\u00e3o Pedro Provavelmente, o Papa Bento XVI anuncie durante o S\u00ednodo dos Bispos para o M\u00e9dio Oriente um novo consist\u00f3rio p\u00fablico para a cria\u00e7\u00e3o de cardeais a acontecer, conforme a tradi\u00e7\u00e3o, um m\u00eas ap\u00f3s o... Ver artigo","og_url":"https:\/\/diretodasacristia.com\/home\/sem-categoria\/consistorio-publico-de-cardeais-previsto-para-novembro-2\/","og_site_name":"Direto da Sacristia","article_publisher":"https:\/\/www.facebook.com\/DiretoSacristia","article_published_time":"2010-09-08T14:45:00+00:00","og_image":[{"url":"http:\/\/3.bp.blogspot.com\/_LTO5Qx1HyJc\/TIk5HPKz6EI\/AAAAAAAAA6w\/uBWYKzazhIw\/s320\/Cardeais+na+Bas%C3%ADlica+Vaticana.jpg","type":"","width":"","height":""}],"author":"E. Mar\u00e7al","twitter_card":"summary_large_image","twitter_creator":"@diretosacristia","twitter_site":"@diretosacristia","twitter_misc":{"Escrito por":"E. Mar\u00e7al","Est. tempo de leitura":"5 minutos"},"schema":{"@context":"https:\/\/schema.org","@graph":[{"@type":"Article","@id":"https:\/\/diretodasacristia.com\/home\/sem-categoria\/consistorio-publico-de-cardeais-previsto-para-novembro-2\/#article","isPartOf":{"@id":"https:\/\/diretodasacristia.com\/home\/sem-categoria\/consistorio-publico-de-cardeais-previsto-para-novembro-2\/"},"author":{"name":"E. Mar\u00e7al","@id":"https:\/\/diretodasacristia.com\/home\/#\/schema\/person\/3d453ef1f7d57c0bb0990b8070642721"},"headline":"Consist\u00f3rio p\u00fablico de cardeais previsto para novembro","datePublished":"2010-09-08T14:45:00+00:00","mainEntityOfPage":{"@id":"https:\/\/diretodasacristia.com\/home\/sem-categoria\/consistorio-publico-de-cardeais-previsto-para-novembro-2\/"},"wordCount":985,"commentCount":0,"publisher":{"@id":"https:\/\/diretodasacristia.com\/home\/#organization"},"image":{"@id":"https:\/\/diretodasacristia.com\/home\/sem-categoria\/consistorio-publico-de-cardeais-previsto-para-novembro-2\/#primaryimage"},"thumbnailUrl":"http:\/\/3.bp.blogspot.com\/_LTO5Qx1HyJc\/TIk5HPKz6EI\/AAAAAAAAA6w\/uBWYKzazhIw\/s320\/Cardeais+na+Bas%C3%ADlica+Vaticana.jpg","inLanguage":"pt-BR","potentialAction":[{"@type":"CommentAction","name":"Comment","target":["https:\/\/diretodasacristia.com\/home\/sem-categoria\/consistorio-publico-de-cardeais-previsto-para-novembro-2\/#respond"]}]},{"@type":"WebPage","@id":"https:\/\/diretodasacristia.com\/home\/sem-categoria\/consistorio-publico-de-cardeais-previsto-para-novembro-2\/","url":"https:\/\/diretodasacristia.com\/home\/sem-categoria\/consistorio-publico-de-cardeais-previsto-para-novembro-2\/","name":"Consist\u00f3rio p\u00fablico de cardeais previsto para novembro - Direto da Sacristia","isPartOf":{"@id":"https:\/\/diretodasacristia.com\/home\/#website"},"primaryImageOfPage":{"@id":"https:\/\/diretodasacristia.com\/home\/sem-categoria\/consistorio-publico-de-cardeais-previsto-para-novembro-2\/#primaryimage"},"image":{"@id":"https:\/\/diretodasacristia.com\/home\/sem-categoria\/consistorio-publico-de-cardeais-previsto-para-novembro-2\/#primaryimage"},"thumbnailUrl":"http:\/\/3.bp.blogspot.com\/_LTO5Qx1HyJc\/TIk5HPKz6EI\/AAAAAAAAA6w\/uBWYKzazhIw\/s320\/Cardeais+na+Bas%C3%ADlica+Vaticana.jpg","datePublished":"2010-09-08T14:45:00+00:00","breadcrumb":{"@id":"https:\/\/diretodasacristia.com\/home\/sem-categoria\/consistorio-publico-de-cardeais-previsto-para-novembro-2\/#breadcrumb"},"inLanguage":"pt-BR","potentialAction":[{"@type":"ReadAction","target":["https:\/\/diretodasacristia.com\/home\/sem-categoria\/consistorio-publico-de-cardeais-previsto-para-novembro-2\/"]}]},{"@type":"ImageObject","inLanguage":"pt-BR","@id":"https:\/\/diretodasacristia.com\/home\/sem-categoria\/consistorio-publico-de-cardeais-previsto-para-novembro-2\/#primaryimage","url":"http:\/\/3.bp.blogspot.com\/_LTO5Qx1HyJc\/TIk5HPKz6EI\/AAAAAAAAA6w\/uBWYKzazhIw\/s320\/Cardeais+na+Bas%C3%ADlica+Vaticana.jpg","contentUrl":"http:\/\/3.bp.blogspot.com\/_LTO5Qx1HyJc\/TIk5HPKz6EI\/AAAAAAAAA6w\/uBWYKzazhIw\/s320\/Cardeais+na+Bas%C3%ADlica+Vaticana.jpg"},{"@type":"BreadcrumbList","@id":"https:\/\/diretodasacristia.com\/home\/sem-categoria\/consistorio-publico-de-cardeais-previsto-para-novembro-2\/#breadcrumb","itemListElement":[{"@type":"ListItem","position":1,"name":"In\u00edcio","item":"https:\/\/diretodasacristia.com\/home\/"},{"@type":"ListItem","position":2,"name":"Consist\u00f3rio p\u00fablico de cardeais previsto para novembro"}]},{"@type":"WebSite","@id":"https:\/\/diretodasacristia.com\/home\/#website","url":"https:\/\/diretodasacristia.com\/home\/","name":"Direto da Sacristia","description":"Not\u00edcias e artigos sobre a f\u00e9 cat\u00f3lica","publisher":{"@id":"https:\/\/diretodasacristia.com\/home\/#organization"},"potentialAction":[{"@type":"SearchAction","target":{"@type":"EntryPoint","urlTemplate":"https:\/\/diretodasacristia.com\/home\/?s={search_term_string}"},"query-input":{"@type":"PropertyValueSpecification","valueRequired":true,"valueName":"search_term_string"}}],"inLanguage":"pt-BR"},{"@type":"Organization","@id":"https:\/\/diretodasacristia.com\/home\/#organization","name":"Direto da Sacristia","url":"https:\/\/diretodasacristia.com\/home\/","logo":{"@type":"ImageObject","inLanguage":"pt-BR","@id":"https:\/\/diretodasacristia.com\/home\/#\/schema\/logo\/image\/","url":"https:\/\/i0.wp.com\/diretodasacristia.com\/home\/wp-content\/uploads\/2012\/01\/marca-sacristia.png?fit=320%2C306&ssl=1","contentUrl":"https:\/\/i0.wp.com\/diretodasacristia.com\/home\/wp-content\/uploads\/2012\/01\/marca-sacristia.png?fit=320%2C306&ssl=1","width":"320","height":"306","caption":"Direto da Sacristia"},"image":{"@id":"https:\/\/diretodasacristia.com\/home\/#\/schema\/logo\/image\/"},"sameAs":["https:\/\/www.facebook.com\/DiretoSacristia","https:\/\/x.com\/diretosacristia","https:\/\/www.instagram.com\/diretodasacristia\/","https:\/\/www.youtube.com\/diretodasacristia"]},{"@type":"Person","@id":"https:\/\/diretodasacristia.com\/home\/#\/schema\/person\/3d453ef1f7d57c0bb0990b8070642721","name":"E. Mar\u00e7al","image":{"@type":"ImageObject","inLanguage":"pt-BR","@id":"https:\/\/secure.gravatar.com\/avatar\/348ff80a5ddde3de6c8b6e0c5b066b733f9245285d9ab87cd2e2ff652ffa95b0?s=96&d=mm&r=g","url":"https:\/\/secure.gravatar.com\/avatar\/348ff80a5ddde3de6c8b6e0c5b066b733f9245285d9ab87cd2e2ff652ffa95b0?s=96&d=mm&r=g","contentUrl":"https:\/\/secure.gravatar.com\/avatar\/348ff80a5ddde3de6c8b6e0c5b066b733f9245285d9ab87cd2e2ff652ffa95b0?s=96&d=mm&r=g","caption":"E. Mar\u00e7al"},"url":"https:\/\/diretodasacristia.com\/home\/author\/erick\/"}]}},"jetpack_publicize_connections":[],"jetpack_featured_media_url":"","jetpack_sharing_enabled":true,"jetpack_shortlink":"https:\/\/wp.me\/p24aG7-EZ","jetpack-related-posts":[{"id":3738,"url":"https:\/\/diretodasacristia.com\/home\/cardeais\/novos-cardeais-em-24-de-novembro\/","url_meta":{"origin":2541,"position":0},"title":"Novos cardeais em 24 de novembro","author":"E. Mar\u00e7al","date":"24 de outubro de 2012","format":false,"excerpt":"Bento XVI inesperadamente anunciou na manh\u00e3 de hoje a cria\u00e7\u00e3o de 6 novos cardeais em um consist\u00f3rio p\u00fablico no pr\u00f3ximo dia 24 de novembro. Quinto consist\u00f3rio do atual pontificado, \u00e9 a primeira vez que dois s\u00e3o celebrados no mesmo ano, dado que em 18 de fevereiro passado 22 cardeais foram\u2026","rel":"","context":"Em &quot;Cardeais&quot;","block_context":{"text":"Cardeais","link":"https:\/\/diretodasacristia.com\/home\/c\/cardeais\/"},"img":{"alt_text":"","src":"https:\/\/i0.wp.com\/diretodasacristia.com\/home\/wp-content\/uploads\/2012\/10\/James-Harvey.jpg?resize=350%2C200","width":350,"height":200},"classes":[]},{"id":800,"url":"https:\/\/diretodasacristia.com\/home\/cardeais\/a-cerimonia-do-consistorio-dia-18\/","url_meta":{"origin":2541,"position":1},"title":"A cerim\u00f4nia do Consist\u00f3rio de amanh\u00e3","author":"E. Mar\u00e7al","date":"18 de fevereiro de 2012","format":false,"excerpt":"Cardeal Burke recebe o barrete vermelho e a Bula de sua cria\u00e7\u00e3o cardinal\u00edcia 20 novembro 2010 \u00c0s 10h30 de Roma (7h30 pelo hor\u00e1rio de Bras\u00edlia), o Santo Padre Bento XVI dar\u00e1 in\u00edcio \u00e0 cerim\u00f4nia do Consist\u00f3rio para a cria\u00e7\u00e3o de novos cardeais (assista ao vivo pelo CTV). Como j\u00e1 foi\u2026","rel":"","context":"Em &quot;Cardeais&quot;","block_context":{"text":"Cardeais","link":"https:\/\/diretodasacristia.com\/home\/c\/cardeais\/"},"img":{"alt_text":"","src":"https:\/\/i0.wp.com\/3.bp.blogspot.com\/_dfR_xG2hpmw\/TOso07oHfMI\/AAAAAAAAG_w\/wq5OFoZ3ioM\/s1600\/rcb16.jpg?resize=350%2C200","width":350,"height":200},"classes":[]},{"id":4185,"url":"https:\/\/diretodasacristia.com\/home\/cardeais\/o-habemus-papam-tera-voz-italiana\/","url_meta":{"origin":2541,"position":2},"title":"O &#8220;Habemus Papam&#8221; ter\u00e1 voz italiana","author":"E. Mar\u00e7al","date":"12 de junho de 2014","format":false,"excerpt":"O Cardeal Tauran pediu, como lhe \u00e9 direito ap\u00f3s 10 anos de sua cria\u00e7\u00e3o cardinal\u00edcia, a promo\u00e7\u00e3o \u00e0 Ordem dos resb\u00edteros e, portanto, a antiguidade como Cardeal-Di\u00e1cono foi transferida para o Cardeal Martino.","rel":"","context":"Em &quot;Cardeais&quot;","block_context":{"text":"Cardeais","link":"https:\/\/diretodasacristia.com\/home\/c\/cardeais\/"},"img":{"alt_text":"ALeqM5iQmbb2__BLSmiJgYucKyahXxX48g","src":"https:\/\/i0.wp.com\/diretodasacristia.com\/home\/wp-content\/uploads\/2014\/06\/ALeqM5iQmbb2__BLSmiJgYucKyahXxX48g-1024x665.jpg?resize=350%2C200","width":350,"height":200,"srcset":"https:\/\/i0.wp.com\/diretodasacristia.com\/home\/wp-content\/uploads\/2014\/06\/ALeqM5iQmbb2__BLSmiJgYucKyahXxX48g-1024x665.jpg?resize=350%2C200 1x, https:\/\/i0.wp.com\/diretodasacristia.com\/home\/wp-content\/uploads\/2014\/06\/ALeqM5iQmbb2__BLSmiJgYucKyahXxX48g-1024x665.jpg?resize=525%2C300 1.5x, https:\/\/i0.wp.com\/diretodasacristia.com\/home\/wp-content\/uploads\/2014\/06\/ALeqM5iQmbb2__BLSmiJgYucKyahXxX48g-1024x665.jpg?resize=700%2C400 2x"},"classes":[]},{"id":1123,"url":"https:\/\/diretodasacristia.com\/home\/cardeais\/sagracoes-episcopais-de-dois-cardeais\/","url_meta":{"origin":2541,"position":3},"title":"Sagra\u00e7\u00e3o episcopal de dois Cardeais","author":"E. Mar\u00e7al","date":"21 de fevereiro de 2012","format":false,"excerpt":"\u00c0 \u00e9poca do an\u00fancio (06 janeiro 2012) do quarto consist\u00f3rio do pontificado de Bento XVI para a cria\u00e7\u00e3o de novos cardeais, 3 dos 22 nomeados n\u00e3o possu\u00edam a dignidade episcopal. Cardeal Bartolucci, mitrado (n\u00e3o com a melhor mitra, \u00e9 verdade). Foi dispensado da sagra\u00e7\u00e3o episcopal N\u00e3o obstante, o Beato Jo\u00e3o\u2026","rel":"","context":"Em &quot;Cardeais&quot;","block_context":{"text":"Cardeais","link":"https:\/\/diretodasacristia.com\/home\/c\/cardeais\/"},"img":{"alt_text":"","src":"https:\/\/i0.wp.com\/diretodasacristia.com\/home\/wp-content\/uploads\/2012\/02\/Bartolucci-661x1024.jpg?resize=350%2C200","width":350,"height":200},"classes":[]},{"id":502,"url":"https:\/\/diretodasacristia.com\/home\/cardeais\/neve-em-roma-e-novidades-do-consistorio\/","url_meta":{"origin":2541,"position":4},"title":"Neve em Roma e novidades do Consist\u00f3rio","author":"E. Mar\u00e7al","date":"4 de fevereiro de 2012","format":false,"excerpt":"Com a volta das merecidas f\u00e9rias do semin\u00e1rio, voltamos com a atualiza\u00e7\u00e3o do Blog com not\u00edcias que movimentam a Igreja. \u00a0Vaticano visto de uma webcam posicionada nos Jardins Vaticanos. A vista \u00e9 linda e surpreende. \u00a0 Bento XVI admirando o branco g\u00e9lido da sua Pra\u00e7a 1. Mais uma vez, a\u2026","rel":"","context":"Em &quot;Cardeais&quot;","block_context":{"text":"Cardeais","link":"https:\/\/diretodasacristia.com\/home\/c\/cardeais\/"},"img":{"alt_text":"","src":"https:\/\/i0.wp.com\/diretodasacristia.com\/home\/wp-content\/uploads\/2012\/02\/Webcam-Vaticano-neve2.jpg?resize=350%2C200","width":350,"height":200},"classes":[]},{"id":2491,"url":"https:\/\/diretodasacristia.com\/home\/sem-categoria\/antes-do-consistorio-nomeados-reunem-se-com-o-papa-2\/","url_meta":{"origin":2541,"position":5},"title":"Antes do consist\u00f3rio, nomeados re\u00fanem-se com o Papa","author":"E. Mar\u00e7al","date":"19 de novembro de 2010","format":false,"excerpt":"Com informa\u00e7\u00f5es da ag\u00eancia da ZenitReflex\u00e3o e ora\u00e7\u00e3o acontecem hoje no VaticanoCardeais da Santa Igreja Romana e,ao centro, prelados rec\u00e9m-nomeados para o Senado papalAntes de acontecer amanh\u00e3 o terceiro consist\u00f3rio do pontificado do Papa Bento XVI, os cardeais de todo o mundo foram convocados para um dia de reuni\u00e3o com\u2026","rel":"","context":"Em &quot;Sem categoria&quot;","block_context":{"text":"Sem categoria","link":"https:\/\/diretodasacristia.com\/home\/c\/sem-categoria\/"},"img":{"alt_text":"","src":"","width":0,"height":0},"classes":[]}],"post_mailing_queue_ids":[],"_links":{"self":[{"href":"https:\/\/diretodasacristia.com\/home\/wp-json\/wp\/v2\/posts\/2541","targetHints":{"allow":["GET"]}}],"collection":[{"href":"https:\/\/diretodasacristia.com\/home\/wp-json\/wp\/v2\/posts"}],"about":[{"href":"https:\/\/diretodasacristia.com\/home\/wp-json\/wp\/v2\/types\/post"}],"author":[{"embeddable":true,"href":"https:\/\/diretodasacristia.com\/home\/wp-json\/wp\/v2\/users\/3"}],"replies":[{"embeddable":true,"href":"https:\/\/diretodasacristia.com\/home\/wp-json\/wp\/v2\/comments?post=2541"}],"version-history":[{"count":0,"href":"https:\/\/diretodasacristia.com\/home\/wp-json\/wp\/v2\/posts\/2541\/revisions"}],"wp:attachment":[{"href":"https:\/\/diretodasacristia.com\/home\/wp-json\/wp\/v2\/media?parent=2541"}],"wp:term":[{"taxonomy":"category","embeddable":true,"href":"https:\/\/diretodasacristia.com\/home\/wp-json\/wp\/v2\/categories?post=2541"},{"taxonomy":"post_tag","embeddable":true,"href":"https:\/\/diretodasacristia.com\/home\/wp-json\/wp\/v2\/tags?post=2541"}],"curies":[{"name":"wp","href":"https:\/\/api.w.org\/{rel}","templated":true}]}}