{"id":255,"date":"2010-08-04T08:58:00","date_gmt":"2010-08-04T08:58:00","guid":{"rendered":"http:\/\/diretodasacristia.com\/home\/sem-categoria\/prologo\/"},"modified":"2012-05-05T15:31:59","modified_gmt":"2012-05-05T18:31:59","slug":"prologo","status":"publish","type":"post","link":"https:\/\/diretodasacristia.com\/home\/blog\/prologo\/","title":{"rendered":"Pr\u00f3logo"},"content":{"rendered":"<p><a onblur=\"try {parent.deselectBloggerImageGracefully();} catch(e) {}\" href=\"http:\/\/4.bp.blogspot.com\/_LTO5Qx1HyJc\/TFlh8FX0SJI\/AAAAAAAAAEg\/guCRyfVoor8\/s1600\/Paramentos,+Idade+Media.jpg\"><img decoding=\"async\" id=\"BLOGGER_PHOTO_ID_5501536104671889554\" style=\"display: block; margin: 0px auto 10px; text-align: center; cursor: pointer; width: 342px; height: 243px;\" src=\"http:\/\/4.bp.blogspot.com\/_LTO5Qx1HyJc\/TFlh8FX0SJI\/AAAAAAAAAEg\/guCRyfVoor8\/s400\/Paramentos,+Idade+Media.jpg\" alt=\"\" border=\"0\" \/><\/a><span style=\"font-family: verdana;\"><br \/>\n<\/span><\/p>\n<p style=\"text-align: justify;\"><span style=\";font-family: verdana; font-size: 100%;\">H\u00e1 um certo tempo que o &#8220;<span style=\"font-weight: bold;\">Direto da Sacristia<\/span>&#8221; estava desativado. Durante as \u00faltimas f\u00e9rias, pensei em criar um blog, mas n\u00e3o sabia como intitul\u00e1-lo. Aqui come\u00e7a a minha d\u00edvida de eterna gratid\u00e3o a tr\u00eas amigos: Taiguara Fernandes, membro do Regnum Christi; Pedro Ravazzano, seminarista da Arquidiocese Militar; e Diego Ferracini, seminarista da Arquidiocese de S\u00e3o Paulo.<\/span><span style=\";font-family: verdana; font-size: 100%;\"> Como eles n\u00e3o tinham tempo de manter &#8220;<span style=\"font-weight: bold;\">Direto da Sacristia<\/span>&#8220;, pedi autoriza\u00e7\u00e3o para deter os direitos sobre o mesmo, e, para minha grande felicidade, isso me foi permitido. Finalmente, hoje, n\u00e3o por acaso, lan\u00e7o o novo blog como algumas novidades. Aos poucos, voltarei a publicar artigos postados anteriormente por eles.\u00a0<\/span><\/p>\n<p style=\"text-align: justify;\"><span style=\"font-family: verdana; font-size: 100%;\">Gostei de deter o mesmo t\u00edtulo, porque ele engloba de modo um tanto que incomum o conte\u00fado que desenvolverei neste espa\u00e7o. Solicitei permiss\u00e3o de algumas ag\u00eancias de not\u00edcias e blogs cat\u00f3licos para aqui publicar artigos seus e fui satisfatoriamente atendido. De in\u00edcio, agrade\u00e7o a todos eles.<\/span><\/p>\n<p style=\"text-align: justify;\"><span style=\"font-family: verdana; font-size: 100%;\">Ainda ontem \u00e0 noite, eu estava preocupado com a instala\u00e7\u00e3o de um <\/span><span style=\"font-style: italic;\">template<\/span><span style=\"font-family: verdana; font-size: 100%;\"> que correspondesse \u00e0 categoria deste blog. E, j\u00e1 desde o in\u00edcio, contei com o aux\u00edlio &#8211; at\u00e9 ent\u00e3o para mim desconhecido &#8211; do Cura d\u00b4Ars, cujo of\u00edcio a santa Igreja hoje celebra. Para minha surpresa e alegria &#8211; n\u00e3o sei qual o mais intenso &#8211; um ent\u00e3o desconhecido se disp\u00f4s a ajudar-me com a instala\u00e7\u00e3o do tal <\/span><span style=\"font-style: italic;\">template<\/span><span style=\"font-family: verdana; font-size: 100%;\">. Gra\u00e7as a ele, e ao aux\u00edlio do santo Cura, hoje lan\u00e7o o novo &#8220;<\/span><span style=\"font-weight: bold;\">Direto da sacristia<\/span><span style=\"font-family: verdana; font-size: 100%;\">&#8221; com essa efeito envelhecido, tipo pergaminho. Manifesto meu imenso agradecimento ao Thiago Fernandes e \u00e0 sua ajuda, sem os quais eu n\u00e3o estaria t\u00e3o feliz como agora. Aproveito e divulgo o seu magn\u00edfico trabalho na cria\u00e7\u00e3o, desenvolvimento e gest\u00e3o de <\/span><span style=\"font-style: italic;\">websites<\/span><\/p>\n<p style=\"text-align: center;\"><span style=\"font-size: 100%;\"><span style=\"font-family: verdana;\"><a href=\"http:\/\/internetbudi.com.br\/\">www.internetbudi.com.br<\/a><\/span><\/span><\/p>\n<p style=\"text-align: justify;\"><span style=\"font-size: 100%;\"><span style=\"font-family: verdana;\">Neste blog mostrarei a beleza da santa Igreja, seja nos acontecimentos durante as vicissitudes da Hist\u00f3ria e do cen\u00e1rio mundial, seja nos ensinamentos do Romano Pont\u00edfice e da sagrada Hierarquia e nas cerim\u00f4nias da sacrossanta Liturgia.<\/span><\/span><\/p>\n<p style=\"text-align: justify;\"><span style=\"font-size: 100%;\"><span style=\"font-family: verdana;\">Que Deus me inspire neste bom prop\u00f3sito para Sua maior gl\u00f3ria. &#8220;Confiantes na Sua ajuda permanente, vamos em frente. O Senhor nos ajudar\u00e1. Maria, Sua M\u00e3e Sant\u00edssima, est\u00e1 conosco&#8221;. Am\u00e9m.<\/span><\/span><\/p>\n<p style=\"text-align: justify;\">\n","protected":false},"excerpt":{"rendered":"H\u00e1 um certo tempo que o &#8220;Direto da Sacristia&#8221; estava desativado. Durante as \u00faltimas f\u00e9rias, pensei em criar um blog, mas n\u00e3o sabia como intitul\u00e1-lo. Aqui come\u00e7a a minha d\u00edvida de eterna gratid\u00e3o a tr\u00eas amigos: Taiguara Fernandes, membro do Regnum Christi; Pedro Ravazzano, seminarista da Arquidiocese Militar; e Diego Ferracini, seminarista da Arquidiocese de&#8230; <a class=\"view-article\" href=\"https:\/\/diretodasacristia.com\/home\/blog\/prologo\/\">Ver artigo<\/a>","protected":false},"author":3,"featured_media":0,"comment_status":"open","ping_status":"open","sticky":false,"template":"","format":"standard","meta":{"jetpack_post_was_ever_published":false,"_jetpack_newsletter_access":"","_jetpack_dont_email_post_to_subs":false,"_jetpack_newsletter_tier_id":0,"_jetpack_memberships_contains_paywalled_content":false,"_jetpack_memberships_contains_paid_content":false,"_joinchat":[],"footnotes":"","jetpack_publicize_message":"","jetpack_publicize_feature_enabled":true,"jetpack_social_post_already_shared":false,"jetpack_social_options":{"image_generator_settings":{"template":"highway","default_image_id":0,"font":"","enabled":false},"version":2}},"categories":[7],"tags":[256],"class_list":["post-255","post","type-post","status-publish","format-standard","hentry","category-blog","tag-direto-da-sacristia"],"yoast_head":"<!-- This site is optimized with the Yoast SEO plugin v27.4 - https:\/\/yoast.com\/product\/yoast-seo-wordpress\/ -->\n<title>Pr\u00f3logo - Direto da Sacristia<\/title>\n<meta name=\"robots\" content=\"index, follow, max-snippet:-1, max-image-preview:large, max-video-preview:-1\" \/>\n<link rel=\"canonical\" href=\"https:\/\/diretodasacristia.com\/home\/blog\/prologo\/\" \/>\n<meta property=\"og:locale\" content=\"pt_BR\" \/>\n<meta property=\"og:type\" content=\"article\" \/>\n<meta property=\"og:title\" content=\"Pr\u00f3logo - Direto da Sacristia\" \/>\n<meta property=\"og:description\" content=\"H\u00e1 um certo tempo que o &#8220;Direto da Sacristia&#8221; estava desativado. Durante as \u00faltimas f\u00e9rias, pensei em criar um blog, mas n\u00e3o sabia como intitul\u00e1-lo. Aqui come\u00e7a a minha d\u00edvida de eterna gratid\u00e3o a tr\u00eas amigos: Taiguara Fernandes, membro do Regnum Christi; Pedro Ravazzano, seminarista da Arquidiocese Militar; e Diego Ferracini, seminarista da Arquidiocese de... Ver artigo\" \/>\n<meta property=\"og:url\" content=\"https:\/\/diretodasacristia.com\/home\/blog\/prologo\/\" \/>\n<meta property=\"og:site_name\" content=\"Direto da Sacristia\" \/>\n<meta property=\"article:publisher\" content=\"https:\/\/www.facebook.com\/DiretoSacristia\" \/>\n<meta property=\"article:published_time\" content=\"2010-08-04T08:58:00+00:00\" \/>\n<meta property=\"article:modified_time\" content=\"2012-05-05T18:31:59+00:00\" \/>\n<meta property=\"og:image\" content=\"http:\/\/4.bp.blogspot.com\/_LTO5Qx1HyJc\/TFlh8FX0SJI\/AAAAAAAAAEg\/guCRyfVoor8\/s400\/Paramentos,+Idade+Media.jpg\" \/>\n<meta name=\"author\" content=\"E. Mar\u00e7al\" \/>\n<meta name=\"twitter:card\" content=\"summary_large_image\" \/>\n<meta name=\"twitter:creator\" content=\"@diretosacristia\" \/>\n<meta name=\"twitter:site\" content=\"@diretosacristia\" \/>\n<meta name=\"twitter:label1\" content=\"Escrito por\" \/>\n\t<meta name=\"twitter:data1\" content=\"E. Mar\u00e7al\" \/>\n\t<meta name=\"twitter:label2\" content=\"Est. tempo de leitura\" \/>\n\t<meta name=\"twitter:data2\" content=\"2 minutos\" \/>\n<script type=\"application\/ld+json\" class=\"yoast-schema-graph\">{\"@context\":\"https:\\\/\\\/schema.org\",\"@graph\":[{\"@type\":\"Article\",\"@id\":\"https:\\\/\\\/diretodasacristia.com\\\/home\\\/blog\\\/prologo\\\/#article\",\"isPartOf\":{\"@id\":\"https:\\\/\\\/diretodasacristia.com\\\/home\\\/blog\\\/prologo\\\/\"},\"author\":{\"name\":\"E. Mar\u00e7al\",\"@id\":\"https:\\\/\\\/diretodasacristia.com\\\/home\\\/#\\\/schema\\\/person\\\/3d453ef1f7d57c0bb0990b8070642721\"},\"headline\":\"Pr\u00f3logo\",\"datePublished\":\"2010-08-04T08:58:00+00:00\",\"dateModified\":\"2012-05-05T18:31:59+00:00\",\"mainEntityOfPage\":{\"@id\":\"https:\\\/\\\/diretodasacristia.com\\\/home\\\/blog\\\/prologo\\\/\"},\"wordCount\":398,\"commentCount\":0,\"publisher\":{\"@id\":\"https:\\\/\\\/diretodasacristia.com\\\/home\\\/#organization\"},\"image\":{\"@id\":\"https:\\\/\\\/diretodasacristia.com\\\/home\\\/blog\\\/prologo\\\/#primaryimage\"},\"thumbnailUrl\":\"http:\\\/\\\/4.bp.blogspot.com\\\/_LTO5Qx1HyJc\\\/TFlh8FX0SJI\\\/AAAAAAAAAEg\\\/guCRyfVoor8\\\/s400\\\/Paramentos,+Idade+Media.jpg\",\"keywords\":[\"Direto da Sacristia\"],\"articleSection\":[\"Blog\"],\"inLanguage\":\"pt-BR\",\"potentialAction\":[{\"@type\":\"CommentAction\",\"name\":\"Comment\",\"target\":[\"https:\\\/\\\/diretodasacristia.com\\\/home\\\/blog\\\/prologo\\\/#respond\"]}]},{\"@type\":\"WebPage\",\"@id\":\"https:\\\/\\\/diretodasacristia.com\\\/home\\\/blog\\\/prologo\\\/\",\"url\":\"https:\\\/\\\/diretodasacristia.com\\\/home\\\/blog\\\/prologo\\\/\",\"name\":\"Pr\u00f3logo - Direto da Sacristia\",\"isPartOf\":{\"@id\":\"https:\\\/\\\/diretodasacristia.com\\\/home\\\/#website\"},\"primaryImageOfPage\":{\"@id\":\"https:\\\/\\\/diretodasacristia.com\\\/home\\\/blog\\\/prologo\\\/#primaryimage\"},\"image\":{\"@id\":\"https:\\\/\\\/diretodasacristia.com\\\/home\\\/blog\\\/prologo\\\/#primaryimage\"},\"thumbnailUrl\":\"http:\\\/\\\/4.bp.blogspot.com\\\/_LTO5Qx1HyJc\\\/TFlh8FX0SJI\\\/AAAAAAAAAEg\\\/guCRyfVoor8\\\/s400\\\/Paramentos,+Idade+Media.jpg\",\"datePublished\":\"2010-08-04T08:58:00+00:00\",\"dateModified\":\"2012-05-05T18:31:59+00:00\",\"breadcrumb\":{\"@id\":\"https:\\\/\\\/diretodasacristia.com\\\/home\\\/blog\\\/prologo\\\/#breadcrumb\"},\"inLanguage\":\"pt-BR\",\"potentialAction\":[{\"@type\":\"ReadAction\",\"target\":[\"https:\\\/\\\/diretodasacristia.com\\\/home\\\/blog\\\/prologo\\\/\"]}]},{\"@type\":\"ImageObject\",\"inLanguage\":\"pt-BR\",\"@id\":\"https:\\\/\\\/diretodasacristia.com\\\/home\\\/blog\\\/prologo\\\/#primaryimage\",\"url\":\"http:\\\/\\\/4.bp.blogspot.com\\\/_LTO5Qx1HyJc\\\/TFlh8FX0SJI\\\/AAAAAAAAAEg\\\/guCRyfVoor8\\\/s400\\\/Paramentos,+Idade+Media.jpg\",\"contentUrl\":\"http:\\\/\\\/4.bp.blogspot.com\\\/_LTO5Qx1HyJc\\\/TFlh8FX0SJI\\\/AAAAAAAAAEg\\\/guCRyfVoor8\\\/s400\\\/Paramentos,+Idade+Media.jpg\"},{\"@type\":\"BreadcrumbList\",\"@id\":\"https:\\\/\\\/diretodasacristia.com\\\/home\\\/blog\\\/prologo\\\/#breadcrumb\",\"itemListElement\":[{\"@type\":\"ListItem\",\"position\":1,\"name\":\"In\u00edcio\",\"item\":\"https:\\\/\\\/diretodasacristia.com\\\/home\\\/\"},{\"@type\":\"ListItem\",\"position\":2,\"name\":\"Pr\u00f3logo\"}]},{\"@type\":\"WebSite\",\"@id\":\"https:\\\/\\\/diretodasacristia.com\\\/home\\\/#website\",\"url\":\"https:\\\/\\\/diretodasacristia.com\\\/home\\\/\",\"name\":\"Direto da Sacristia\",\"description\":\"Not\u00edcias e artigos sobre a f\u00e9 cat\u00f3lica\",\"publisher\":{\"@id\":\"https:\\\/\\\/diretodasacristia.com\\\/home\\\/#organization\"},\"potentialAction\":[{\"@type\":\"SearchAction\",\"target\":{\"@type\":\"EntryPoint\",\"urlTemplate\":\"https:\\\/\\\/diretodasacristia.com\\\/home\\\/?s={search_term_string}\"},\"query-input\":{\"@type\":\"PropertyValueSpecification\",\"valueRequired\":true,\"valueName\":\"search_term_string\"}}],\"inLanguage\":\"pt-BR\"},{\"@type\":\"Organization\",\"@id\":\"https:\\\/\\\/diretodasacristia.com\\\/home\\\/#organization\",\"name\":\"Direto da Sacristia\",\"url\":\"https:\\\/\\\/diretodasacristia.com\\\/home\\\/\",\"logo\":{\"@type\":\"ImageObject\",\"inLanguage\":\"pt-BR\",\"@id\":\"https:\\\/\\\/diretodasacristia.com\\\/home\\\/#\\\/schema\\\/logo\\\/image\\\/\",\"url\":\"https:\\\/\\\/i0.wp.com\\\/diretodasacristia.com\\\/home\\\/wp-content\\\/uploads\\\/2012\\\/01\\\/marca-sacristia.png?fit=320%2C306&ssl=1\",\"contentUrl\":\"https:\\\/\\\/i0.wp.com\\\/diretodasacristia.com\\\/home\\\/wp-content\\\/uploads\\\/2012\\\/01\\\/marca-sacristia.png?fit=320%2C306&ssl=1\",\"width\":\"320\",\"height\":\"306\",\"caption\":\"Direto da Sacristia\"},\"image\":{\"@id\":\"https:\\\/\\\/diretodasacristia.com\\\/home\\\/#\\\/schema\\\/logo\\\/image\\\/\"},\"sameAs\":[\"https:\\\/\\\/www.facebook.com\\\/DiretoSacristia\",\"https:\\\/\\\/x.com\\\/diretosacristia\",\"https:\\\/\\\/www.instagram.com\\\/diretodasacristia\\\/\",\"https:\\\/\\\/www.youtube.com\\\/diretodasacristia\"]},{\"@type\":\"Person\",\"@id\":\"https:\\\/\\\/diretodasacristia.com\\\/home\\\/#\\\/schema\\\/person\\\/3d453ef1f7d57c0bb0990b8070642721\",\"name\":\"E. Mar\u00e7al\",\"image\":{\"@type\":\"ImageObject\",\"inLanguage\":\"pt-BR\",\"@id\":\"https:\\\/\\\/secure.gravatar.com\\\/avatar\\\/348ff80a5ddde3de6c8b6e0c5b066b733f9245285d9ab87cd2e2ff652ffa95b0?s=96&d=mm&r=g\",\"url\":\"https:\\\/\\\/secure.gravatar.com\\\/avatar\\\/348ff80a5ddde3de6c8b6e0c5b066b733f9245285d9ab87cd2e2ff652ffa95b0?s=96&d=mm&r=g\",\"contentUrl\":\"https:\\\/\\\/secure.gravatar.com\\\/avatar\\\/348ff80a5ddde3de6c8b6e0c5b066b733f9245285d9ab87cd2e2ff652ffa95b0?s=96&d=mm&r=g\",\"caption\":\"E. Mar\u00e7al\"},\"url\":\"https:\\\/\\\/diretodasacristia.com\\\/home\\\/author\\\/erick\\\/\"}]}<\/script>\n<!-- \/ Yoast SEO plugin. -->","yoast_head_json":{"title":"Pr\u00f3logo - Direto da Sacristia","robots":{"index":"index","follow":"follow","max-snippet":"max-snippet:-1","max-image-preview":"max-image-preview:large","max-video-preview":"max-video-preview:-1"},"canonical":"https:\/\/diretodasacristia.com\/home\/blog\/prologo\/","og_locale":"pt_BR","og_type":"article","og_title":"Pr\u00f3logo - Direto da Sacristia","og_description":"H\u00e1 um certo tempo que o &#8220;Direto da Sacristia&#8221; estava desativado. Durante as \u00faltimas f\u00e9rias, pensei em criar um blog, mas n\u00e3o sabia como intitul\u00e1-lo. Aqui come\u00e7a a minha d\u00edvida de eterna gratid\u00e3o a tr\u00eas amigos: Taiguara Fernandes, membro do Regnum Christi; Pedro Ravazzano, seminarista da Arquidiocese Militar; e Diego Ferracini, seminarista da Arquidiocese de... Ver artigo","og_url":"https:\/\/diretodasacristia.com\/home\/blog\/prologo\/","og_site_name":"Direto da Sacristia","article_publisher":"https:\/\/www.facebook.com\/DiretoSacristia","article_published_time":"2010-08-04T08:58:00+00:00","article_modified_time":"2012-05-05T18:31:59+00:00","og_image":[{"url":"http:\/\/4.bp.blogspot.com\/_LTO5Qx1HyJc\/TFlh8FX0SJI\/AAAAAAAAAEg\/guCRyfVoor8\/s400\/Paramentos,+Idade+Media.jpg","type":"","width":"","height":""}],"author":"E. Mar\u00e7al","twitter_card":"summary_large_image","twitter_creator":"@diretosacristia","twitter_site":"@diretosacristia","twitter_misc":{"Escrito por":"E. Mar\u00e7al","Est. tempo de leitura":"2 minutos"},"schema":{"@context":"https:\/\/schema.org","@graph":[{"@type":"Article","@id":"https:\/\/diretodasacristia.com\/home\/blog\/prologo\/#article","isPartOf":{"@id":"https:\/\/diretodasacristia.com\/home\/blog\/prologo\/"},"author":{"name":"E. Mar\u00e7al","@id":"https:\/\/diretodasacristia.com\/home\/#\/schema\/person\/3d453ef1f7d57c0bb0990b8070642721"},"headline":"Pr\u00f3logo","datePublished":"2010-08-04T08:58:00+00:00","dateModified":"2012-05-05T18:31:59+00:00","mainEntityOfPage":{"@id":"https:\/\/diretodasacristia.com\/home\/blog\/prologo\/"},"wordCount":398,"commentCount":0,"publisher":{"@id":"https:\/\/diretodasacristia.com\/home\/#organization"},"image":{"@id":"https:\/\/diretodasacristia.com\/home\/blog\/prologo\/#primaryimage"},"thumbnailUrl":"http:\/\/4.bp.blogspot.com\/_LTO5Qx1HyJc\/TFlh8FX0SJI\/AAAAAAAAAEg\/guCRyfVoor8\/s400\/Paramentos,+Idade+Media.jpg","keywords":["Direto da Sacristia"],"articleSection":["Blog"],"inLanguage":"pt-BR","potentialAction":[{"@type":"CommentAction","name":"Comment","target":["https:\/\/diretodasacristia.com\/home\/blog\/prologo\/#respond"]}]},{"@type":"WebPage","@id":"https:\/\/diretodasacristia.com\/home\/blog\/prologo\/","url":"https:\/\/diretodasacristia.com\/home\/blog\/prologo\/","name":"Pr\u00f3logo - Direto da Sacristia","isPartOf":{"@id":"https:\/\/diretodasacristia.com\/home\/#website"},"primaryImageOfPage":{"@id":"https:\/\/diretodasacristia.com\/home\/blog\/prologo\/#primaryimage"},"image":{"@id":"https:\/\/diretodasacristia.com\/home\/blog\/prologo\/#primaryimage"},"thumbnailUrl":"http:\/\/4.bp.blogspot.com\/_LTO5Qx1HyJc\/TFlh8FX0SJI\/AAAAAAAAAEg\/guCRyfVoor8\/s400\/Paramentos,+Idade+Media.jpg","datePublished":"2010-08-04T08:58:00+00:00","dateModified":"2012-05-05T18:31:59+00:00","breadcrumb":{"@id":"https:\/\/diretodasacristia.com\/home\/blog\/prologo\/#breadcrumb"},"inLanguage":"pt-BR","potentialAction":[{"@type":"ReadAction","target":["https:\/\/diretodasacristia.com\/home\/blog\/prologo\/"]}]},{"@type":"ImageObject","inLanguage":"pt-BR","@id":"https:\/\/diretodasacristia.com\/home\/blog\/prologo\/#primaryimage","url":"http:\/\/4.bp.blogspot.com\/_LTO5Qx1HyJc\/TFlh8FX0SJI\/AAAAAAAAAEg\/guCRyfVoor8\/s400\/Paramentos,+Idade+Media.jpg","contentUrl":"http:\/\/4.bp.blogspot.com\/_LTO5Qx1HyJc\/TFlh8FX0SJI\/AAAAAAAAAEg\/guCRyfVoor8\/s400\/Paramentos,+Idade+Media.jpg"},{"@type":"BreadcrumbList","@id":"https:\/\/diretodasacristia.com\/home\/blog\/prologo\/#breadcrumb","itemListElement":[{"@type":"ListItem","position":1,"name":"In\u00edcio","item":"https:\/\/diretodasacristia.com\/home\/"},{"@type":"ListItem","position":2,"name":"Pr\u00f3logo"}]},{"@type":"WebSite","@id":"https:\/\/diretodasacristia.com\/home\/#website","url":"https:\/\/diretodasacristia.com\/home\/","name":"Direto da Sacristia","description":"Not\u00edcias e artigos sobre a f\u00e9 cat\u00f3lica","publisher":{"@id":"https:\/\/diretodasacristia.com\/home\/#organization"},"potentialAction":[{"@type":"SearchAction","target":{"@type":"EntryPoint","urlTemplate":"https:\/\/diretodasacristia.com\/home\/?s={search_term_string}"},"query-input":{"@type":"PropertyValueSpecification","valueRequired":true,"valueName":"search_term_string"}}],"inLanguage":"pt-BR"},{"@type":"Organization","@id":"https:\/\/diretodasacristia.com\/home\/#organization","name":"Direto da Sacristia","url":"https:\/\/diretodasacristia.com\/home\/","logo":{"@type":"ImageObject","inLanguage":"pt-BR","@id":"https:\/\/diretodasacristia.com\/home\/#\/schema\/logo\/image\/","url":"https:\/\/i0.wp.com\/diretodasacristia.com\/home\/wp-content\/uploads\/2012\/01\/marca-sacristia.png?fit=320%2C306&ssl=1","contentUrl":"https:\/\/i0.wp.com\/diretodasacristia.com\/home\/wp-content\/uploads\/2012\/01\/marca-sacristia.png?fit=320%2C306&ssl=1","width":"320","height":"306","caption":"Direto da Sacristia"},"image":{"@id":"https:\/\/diretodasacristia.com\/home\/#\/schema\/logo\/image\/"},"sameAs":["https:\/\/www.facebook.com\/DiretoSacristia","https:\/\/x.com\/diretosacristia","https:\/\/www.instagram.com\/diretodasacristia\/","https:\/\/www.youtube.com\/diretodasacristia"]},{"@type":"Person","@id":"https:\/\/diretodasacristia.com\/home\/#\/schema\/person\/3d453ef1f7d57c0bb0990b8070642721","name":"E. Mar\u00e7al","image":{"@type":"ImageObject","inLanguage":"pt-BR","@id":"https:\/\/secure.gravatar.com\/avatar\/348ff80a5ddde3de6c8b6e0c5b066b733f9245285d9ab87cd2e2ff652ffa95b0?s=96&d=mm&r=g","url":"https:\/\/secure.gravatar.com\/avatar\/348ff80a5ddde3de6c8b6e0c5b066b733f9245285d9ab87cd2e2ff652ffa95b0?s=96&d=mm&r=g","contentUrl":"https:\/\/secure.gravatar.com\/avatar\/348ff80a5ddde3de6c8b6e0c5b066b733f9245285d9ab87cd2e2ff652ffa95b0?s=96&d=mm&r=g","caption":"E. Mar\u00e7al"},"url":"https:\/\/diretodasacristia.com\/home\/author\/erick\/"}]}},"jetpack_publicize_connections":[],"jetpack_featured_media_url":"","jetpack_sharing_enabled":true,"jetpack_shortlink":"https:\/\/wp.me\/s24aG7-prologo","jetpack-related-posts":[{"id":2432,"url":"https:\/\/diretodasacristia.com\/home\/sem-categoria\/1-ano-de-noticias-na-sacristia-2\/","url_meta":{"origin":255,"position":0},"title":"1 ano de not\u00edcias na sacristia","author":"E. Mar\u00e7al","date":"4 de agosto de 2011","format":false,"excerpt":"Perdi a conta de quantos downloads fiz... de quantos cliques... de quantas horas exaustivas... de quantas vezes tive que recome\u00e7ar a edi\u00e7\u00e3o... ... enfim, foi mais de uma semana nesse projeto... Primeiro post Ufa! Nunca fiz um anivers\u00e1rio t\u00e3o exigente como este. Hoje o \"Direto da Sacristia\" comemora seu primeiro\u2026","rel":"","context":"Em &quot;Sem categoria&quot;","block_context":{"text":"Sem categoria","link":"https:\/\/diretodasacristia.com\/home\/c\/sem-categoria\/"},"img":{"alt_text":"","src":"","width":0,"height":0},"classes":[]},{"id":2389,"url":"https:\/\/diretodasacristia.com\/home\/blog\/votos-pascais\/","url_meta":{"origin":255,"position":1},"title":"Votos pascais","author":"E. Mar\u00e7al","date":"29 de abril de 2012","format":false,"excerpt":"Com palavras do Arcebispo Fernando Saburido. Ao menos para n\u00f3s crist\u00e3os ainda \u00e9 P\u00e1scoa. E por isso que n\u00e3o me lamento tanto pelo consider\u00e1vel atraso com que publico agora as felicita\u00e7\u00f5es pascais do \"Direto da Sacristia\". Esse \u00e9 o primeiro motivo: ainda n\u00e3o terminou o Tempo Pascal.","rel":"","context":"Em &quot;Blog&quot;","block_context":{"text":"Blog","link":"https:\/\/diretodasacristia.com\/home\/c\/blog\/"},"img":{"alt_text":"","src":"https:\/\/i0.wp.com\/img.youtube.com\/vi\/Hx3JOEayPPA\/0.jpg?resize=350%2C200","width":350,"height":200},"classes":[]},{"id":2597,"url":"https:\/\/diretodasacristia.com\/home\/brasil\/e-quanto-a-ser-seminarista-diocesano\/","url_meta":{"origin":255,"position":2},"title":"E quanto a ser seminarista diocesano&#8230;","author":"E. Mar\u00e7al","date":"11 de agosto de 2010","format":false,"excerpt":"Tenho dito isso at\u00e9 aqui, para dar in\u00edcio a artigos sobre o famoso Semin\u00e1rio de Olinda, ou Semin\u00e1rio Arquiepiscopal da Cidade de Olinda, como j\u00e1 foi tratado. Nos dados artigos, ser\u00e3o apresentados os motivos e a data de sua funda\u00e7\u00e3o, os movimentos revolucion\u00e1rios que aqui tiveram sede, assim como os\u2026","rel":"","context":"Em &quot;Brasil&quot;","block_context":{"text":"Brasil","link":"https:\/\/diretodasacristia.com\/home\/c\/brasil\/"},"img":{"alt_text":"","src":"","width":0,"height":0},"classes":[]},{"id":453,"url":"https:\/\/diretodasacristia.com\/home\/blog\/novo-direto-da-sacristia\/","url_meta":{"origin":255,"position":3},"title":"Novo &#8220;Direto da Sacristia&#8221;","author":"E. Mar\u00e7al","date":"9 de janeiro de 2012","format":false,"excerpt":"\u00a0 No dia que a Igreja no Brasil celebra a manifesta\u00e7\u00e3o da divindade de Nosso Senhor a todos os povos, finalmente, mesmo ainda n\u00e3o estando tudo pronto, inauguramos hoje a nova p\u00e1gina do blog \"Direto da Sacristia\" - tal como uma igreja que \u00e9 dedicada antes do t\u00e9rmino de sua\u2026","rel":"","context":"Em &quot;Blog&quot;","block_context":{"text":"Blog","link":"https:\/\/diretodasacristia.com\/home\/c\/blog\/"},"img":{"alt_text":"","src":"","width":0,"height":0},"classes":[]},{"id":1,"url":"https:\/\/diretodasacristia.com\/home\/sem-categoria\/fim-desta-pagina\/","url_meta":{"origin":255,"position":4},"title":"Fim desta p\u00e1gina","author":"E. Mar\u00e7al","date":"3 de fevereiro de 2012","format":false,"excerpt":"Oi, caros leitoresComo sabem, o \"Direto da Sacristia\" j\u00e1 tem uma nova p\u00e1gina. Portanto, a partir do dia 20 de fevereiro, exclu\u00edremos esta antiga p\u00e1gina e s\u00f3 a nova estar\u00e1 acess\u00edvel a partir de ent\u00e3o.Com o retorno das f\u00e9rias, atualizaremos mais o Blog. Neste ano, h\u00e1 muito o que noticiar:\u2026","rel":"","context":"Em &quot;Sem categoria&quot;","block_context":{"text":"Sem categoria","link":"https:\/\/diretodasacristia.com\/home\/c\/sem-categoria\/"},"img":{"alt_text":"","src":"","width":0,"height":0},"classes":[]},{"id":2481,"url":"https:\/\/diretodasacristia.com\/home\/sem-categoria\/inumeras-nomeacoes\/","url_meta":{"origin":255,"position":5},"title":"In\u00fameras nomea\u00e7\u00f5es","author":"E. Mar\u00e7al","date":"6 de janeiro de 2011","format":false,"excerpt":"Do boletim da Sala de Imprensa da Santa S\u00e9Nomea\u00e7\u00f5es episcopais e para organismos da C\u00faria Romana Nesses cinco meses do \"Direto da sacristia\", n\u00e3o h\u00e1 recorda\u00e7\u00e3o de um n\u00famero t\u00e3o extenso de nomea\u00e7\u00f5es publicadas em um s\u00f3 dia. Al\u00e9m de um novo bispo para a vacante c\u00e1tedra de Paranava\u00ed (Paran\u00e1\u2026","rel":"","context":"Em &quot;Sem categoria&quot;","block_context":{"text":"Sem categoria","link":"https:\/\/diretodasacristia.com\/home\/c\/sem-categoria\/"},"img":{"alt_text":"","src":"","width":0,"height":0},"classes":[]}],"post_mailing_queue_ids":[],"_links":{"self":[{"href":"https:\/\/diretodasacristia.com\/home\/wp-json\/wp\/v2\/posts\/255","targetHints":{"allow":["GET"]}}],"collection":[{"href":"https:\/\/diretodasacristia.com\/home\/wp-json\/wp\/v2\/posts"}],"about":[{"href":"https:\/\/diretodasacristia.com\/home\/wp-json\/wp\/v2\/types\/post"}],"author":[{"embeddable":true,"href":"https:\/\/diretodasacristia.com\/home\/wp-json\/wp\/v2\/users\/3"}],"replies":[{"embeddable":true,"href":"https:\/\/diretodasacristia.com\/home\/wp-json\/wp\/v2\/comments?post=255"}],"version-history":[{"count":4,"href":"https:\/\/diretodasacristia.com\/home\/wp-json\/wp\/v2\/posts\/255\/revisions"}],"predecessor-version":[{"id":2626,"href":"https:\/\/diretodasacristia.com\/home\/wp-json\/wp\/v2\/posts\/255\/revisions\/2626"}],"wp:attachment":[{"href":"https:\/\/diretodasacristia.com\/home\/wp-json\/wp\/v2\/media?parent=255"}],"wp:term":[{"taxonomy":"category","embeddable":true,"href":"https:\/\/diretodasacristia.com\/home\/wp-json\/wp\/v2\/categories?post=255"},{"taxonomy":"post_tag","embeddable":true,"href":"https:\/\/diretodasacristia.com\/home\/wp-json\/wp\/v2\/tags?post=255"}],"curies":[{"name":"wp","href":"https:\/\/api.w.org\/{rel}","templated":true}]}}