{"id":2556,"date":"2010-08-31T13:43:00","date_gmt":"2010-08-31T13:43:00","guid":{"rendered":"http:\/\/diretodasacristia.com\/home\/sem-categoria\/boletim-da-sala-de-imprensa-da-santa-se-7\/"},"modified":"2010-08-31T13:43:00","modified_gmt":"2010-08-31T13:43:00","slug":"boletim-da-sala-de-imprensa-da-santa-se-7","status":"publish","type":"post","link":"https:\/\/diretodasacristia.com\/home\/sem-categoria\/boletim-da-sala-de-imprensa-da-santa-se-7\/","title":{"rendered":"Boletim da Sala de Imprensa da Santa S\u00e9"},"content":{"rendered":"<p><span style=\"font-family:verdana;\"><br \/>Do <a href=\"http:\/\/press.catholica.va\/news_services\/bulletin\/news\/25953.php?index=25953&amp;lang=po\">boletim da Sala de Imprensa da Santa S\u00e9<\/a><\/p>\n<p><\/span><a onblur=\"try {parent.deselectBloggerImageGracefully();} catch(e) {}\" href=\"http:\/\/4.bp.blogspot.com\/_LTO5Qx1HyJc\/TH0_BcprIVI\/AAAAAAAAAwg\/FpOIPVp1Qw0\/s1600\/Bras%C3%A3o+Vaticano+%28editado%29.jpg\"><img decoding=\"async\" style=\"display: block; margin: 0px auto 10px; text-align: center; cursor: pointer; width: 142px; height: 166px;\" src=\"http:\/\/4.bp.blogspot.com\/_LTO5Qx1HyJc\/TH0_BcprIVI\/AAAAAAAAAwg\/FpOIPVp1Qw0\/s200\/Bras%C3%A3o+Vaticano+%28editado%29.jpg\" alt=\"\" id=\"BLOGGER_PHOTO_ID_5511630813074760018\" border=\"0\" \/><\/a><br \/><span style=\"font-family:verdana;\"><br \/><\/span><\/p>\n<div style=\"text-align: center;\"><span style=\"font-family:verdana;\"><span style=\"font-weight: bold;\">Declara\u00e7\u00e3o do diretor da Sala de Imprensa da Santa S\u00e9,<\/span><\/span> <span style=\"font-family:verdana;\"><span style=\"font-weight: bold;\"><br \/>Pe. Federico Lombardi, S.J.<\/span><\/span><\/div>\n<div style=\"text-align: center;\"><a onblur=\"try {parent.deselectBloggerImageGracefully();} catch(e) {}\" href=\"http:\/\/3.bp.blogspot.com\/_LTO5Qx1HyJc\/TH09f1EcNzI\/AAAAAAAAAv4\/TU4pYtlF24U\/s1600\/Bento+XVI+com+o+jornalista+Peter+Seewald.png\"><img decoding=\"async\" style=\"display: block; margin: 0px auto 10px; text-align: center; cursor: pointer; width: 320px; height: 229px;\" src=\"http:\/\/3.bp.blogspot.com\/_LTO5Qx1HyJc\/TH09f1EcNzI\/AAAAAAAAAv4\/TU4pYtlF24U\/s320\/Bento+XVI+com+o+jornalista+Peter+Seewald.png\" alt=\"\" id=\"BLOGGER_PHOTO_ID_5511629136002299698\" border=\"0\" \/><\/a><span style=\"font-size:85%;\"><span style=\"font-style: italic;font-family:verdana;\">Bento XVI com o jornalista Peter Seewald<\/span><\/span><\/p>\n<\/div>\n<div style=\"text-align: justify;\"><span style=\"font-family:verdana;\">Na semana entre os dias 26 e 31 julho, em Castel Gandolfo, o Santo Padre concedeu ao jornalista alem\u00e3o Dr. Peter Seewald uma s\u00e9rie de entrevistas, respondendo a perguntas sobre v\u00e1rios temas, \u00e0 semelhan\u00e7a do que j\u00e1 aconteceu duas vezes no passado, com o mesmo jornalista, quando o ent\u00e3o cardeal Joseph Ratzinger era Prefeito da Congrega\u00e7\u00e3o para a Doutrina da F\u00e9. As entrevistas foram realizadas em alem\u00e3o.<\/span><\/p>\n<p><span style=\"font-family:verdana;\">O volume ser\u00e1 publicado de forma suficientemente r\u00e1pida (antes do final deste ano) em italiano e alem\u00e3o, e possivelmente tamb\u00e9m em outras l\u00ednguas. Como se observa, os direitos de publica\u00e7\u00f5es do Santo Padre s\u00e3o detidos pela <span style=\"font-style: italic;\">Libreria Editrice Vaticana<\/span>, que tamb\u00e9m publica a edi\u00e7\u00e3o italiana.<\/p>\n<p><a onblur=\"try {parent.deselectBloggerImageGracefully();} catch(e) {}\" href=\"http:\/\/3.bp.blogspot.com\/_LTO5Qx1HyJc\/TH09hRJGe4I\/AAAAAAAAAwY\/UZjAl6Rsz9E\/s1600\/060_small.gif\"><img decoding=\"async\" style=\"display: block; margin: 0px auto 10px; text-align: center; cursor: pointer; width: 33px; height: 33px;\" src=\"http:\/\/3.bp.blogspot.com\/_LTO5Qx1HyJc\/TH09hRJGe4I\/AAAAAAAAAwY\/UZjAl6Rsz9E\/s320\/060_small.gif\" alt=\"\" id=\"BLOGGER_PHOTO_ID_5511629160717908866\" border=\"0\" \/><\/a><br \/><\/span><span style=\"font-family:verdana;\"><br \/><span style=\"font-family:verdana;\">Do <a href=\"http:\/\/press.catholica.va\/news_services\/bulletin\/news\/25954.php?index=25954&amp;lang=po\">boletim da Sala de Imprensa da Santa S\u00e9<\/a><\/span><\/p>\n<p><\/span><a onblur=\"try {parent.deselectBloggerImageGracefully();} catch(e) {}\" href=\"http:\/\/4.bp.blogspot.com\/_LTO5Qx1HyJc\/TH0_BcprIVI\/AAAAAAAAAwg\/FpOIPVp1Qw0\/s1600\/Bras%C3%A3o+Vaticano+%28editado%29.jpg\"><img decoding=\"async\" style=\"display: block; margin: 0px auto 10px; text-align: center; cursor: pointer; width: 142px; height: 166px;\" src=\"http:\/\/4.bp.blogspot.com\/_LTO5Qx1HyJc\/TH0_BcprIVI\/AAAAAAAAAwg\/FpOIPVp1Qw0\/s200\/Bras%C3%A3o+Vaticano+%28editado%29.jpg\" alt=\"\" id=\"BLOGGER_PHOTO_ID_5511630813074760018\" border=\"0\" \/><\/a><br \/><span style=\"font-family:verdana;\"><br \/><\/span><\/p>\n<div style=\"text-align: center;\"><span style=\"font-weight: bold;font-family:verdana;\">Palavras do Santo Padre no in\u00edcio da Santa Missa <\/span><span style=\"font-family:verdana;\"><span style=\"font-weight: bold;\">da conclus\u00e3o<\/span><br \/><span style=\"font-weight: bold;\">do encontro do &#8220;<\/span><span style=\"font-style: italic; font-weight: bold;\">Ratzinger Sch\u00fclerkreis<\/span><span style=\"font-weight: bold;\">&#8221; (C\u00edrculo de alunos Ratzinger)<\/span><br \/><span style=\"font-style: italic;font-size:100%;\">Castel Gandolfo, 29 agosto 2010<\/span><span style=\"font-size:100%;\"><br \/><\/span><span style=\"font-size:100%;\"><\/p>\n<p><\/span><\/span><\/p>\n<div style=\"text-align: justify;\"><span style=\";font-family:verdana;font-size:100%;\">Publicamos abaixo as palavras que o Papa Bento XVI no in\u00edcio da Missa, ap\u00f3s a reuni\u00e3o com um grupo de seus estudantes (<span style=\"font-style: italic;\">Ratzinger Sch\u00fclerkreis<\/span>), realizada em Castel Gandolfo, de 27 a 30 agosto 2010: <\/span><span style=\"font-size:85%;\"><\/p>\n<p><\/span><\/p>\n<div style=\"text-align: center;\"><span style=\"font-size:85%;\">___________________<\/span><\/div>\n<p><span style=\"font-size:85%;\"><br \/><\/span><\/div>\n<div style=\"text-align: justify;\"><span style=\";font-family:verdana;font-size:85%;\">Caros amigos, no final do Evangelho de hoje, o Senhor nos faz notar que, na verdade, continuamos a viver como os pag\u00e3os; como quando n\u00f3s convidamos, por reciprocidade, apenas aqueles que podem retribuir o convite; quando n\u00f3s damos apenas para aqueles que podem nos devolver. Mas o estilo de Deus \u00e9 diferente: O provamos na Santa Eucaristia. Ele nos convida \u00e0 Sua mesa, que somos precedidos pelos coxos, cegos e surdos; Ele nos convida, a n\u00f3s que n\u00e3o temos nada para dar. Durante esta Eucaristia, vamos nos deter principalmente por gratid\u00e3o pelo fato de que Deus existe, Ele \u00e9 como \u00e9, como \u00e9 que ele \u00e9 Jesus Cristo, que &#8211; embora n\u00f3s n\u00e3o temos nada para dar e estamos cheios de falhas &#8211; convida-nos \u00e0 Sua mesa e quer sentar \u00e0 mesa conosco. Mas tamb\u00e9m queremos ser tocados pelo sentimento de culpa por pagar t\u00e3o pouco, por viver t\u00e3o pouco a novidade, o estilo de Deus.<\/span><span style=\"font-size:85%;\"><br \/><\/span><\/div>\n<div style=\"text-align: justify;\"><span style=\"font-family:verdana;\"><span style=\"font-size:85%;\"><br \/>Por isso, iniciamos a Santa Missa pedindo perd\u00e3o: um perd\u00e3o que nos muda, que nos far\u00e1 viver verdadeiramente como Deus, \u00e0 Sua imagem e semelhan\u00e7a.<\/span><\/p>\n<p><\/span><\/p>\n<div style=\"text-align: center;\"><span style=\"font-family:verdana;\"><span style=\"font-size:85%;\">___________________<\/p>\n<p><\/span><\/span><\/div>\n<p><span style=\"font-family:verdana;\"><br \/>Fotos do &#8220;<span style=\"font-family:verdana;\"><span style=\"font-style: italic;\">Ratzinger Sch\u00fclerkreis<\/span><span>&#8221; em sua edi\u00e7\u00e3o 2009:<\/span><\/span><\/p>\n<p><\/span><\/p>\n<div style=\"text-align: center;\"><span style=\"font-family:verdana;\"><a onblur=\"try {parent.deselectBloggerImageGracefully();} catch(e) {}\" href=\"http:\/\/1.bp.blogspot.com\/_LTO5Qx1HyJc\/TH09hPdZSUI\/AAAAAAAAAwQ\/CGvF6DwtsIg\/s1600\/Bento+XVI+no+Ratzinger+Sch%C3%BClerkreis+2009.jpg\"><img decoding=\"async\" style=\"display: block; margin: 0px auto 10px; text-align: center; cursor: pointer; width: 320px; height: 214px;\" src=\"http:\/\/1.bp.blogspot.com\/_LTO5Qx1HyJc\/TH09hPdZSUI\/AAAAAAAAAwQ\/CGvF6DwtsIg\/s320\/Bento+XVI+no+Ratzinger+Sch%C3%BClerkreis+2009.jpg\" alt=\"\" id=\"BLOGGER_PHOTO_ID_5511629160266156354\" border=\"0\" \/><\/a><span style=\"font-style: italic;font-size:85%;\">Confer\u00eancia<\/span><\/span><\/div>\n<p><span style=\"font-family:verdana;\"><br \/><\/span><\/p>\n<div style=\"text-align: center;\"><span style=\"font-family:verdana;\"><a onblur=\"try {parent.deselectBloggerImageGracefully();} catch(e) {}\" href=\"http:\/\/4.bp.blogspot.com\/_LTO5Qx1HyJc\/TH09ggZ-0XI\/AAAAAAAAAwA\/z8CxUDe2veM\/s1600\/Bento+XVI+no+Ratzinger+Sch%C3%BClerkreis+2009+%5B3%5D.jpg\"><img decoding=\"async\" style=\"display: block; margin: 0px auto 10px; text-align: center; cursor: pointer; width: 320px; height: 214px;\" src=\"http:\/\/4.bp.blogspot.com\/_LTO5Qx1HyJc\/TH09ggZ-0XI\/AAAAAAAAAwA\/z8CxUDe2veM\/s320\/Bento+XVI+no+Ratzinger+Sch%C3%BClerkreis+2009+%5B3%5D.jpg\" alt=\"\" id=\"BLOGGER_PHOTO_ID_5511629147635372402\" border=\"0\" \/><\/a><\/span><\/div>\n<\/div>\n<\/div>\n<\/div>\n","protected":false},"excerpt":{"rendered":"Do boletim da Sala de Imprensa da Santa S\u00e9 Declara\u00e7\u00e3o do diretor da Sala de Imprensa da Santa S\u00e9, Pe. Federico Lombardi, S.J. Bento XVI com o jornalista Peter Seewald Na semana entre os dias 26 e 31 julho, em Castel Gandolfo, o Santo Padre concedeu ao jornalista alem\u00e3o Dr. Peter Seewald uma s\u00e9rie de&#8230; <a class=\"view-article\" href=\"https:\/\/diretodasacristia.com\/home\/sem-categoria\/boletim-da-sala-de-imprensa-da-santa-se-7\/\">Ver artigo<\/a>","protected":false},"author":3,"featured_media":0,"comment_status":"open","ping_status":"open","sticky":false,"template":"","format":"standard","meta":{"jetpack_post_was_ever_published":false,"_jetpack_newsletter_access":"","_jetpack_dont_email_post_to_subs":false,"_jetpack_newsletter_tier_id":0,"_jetpack_memberships_contains_paywalled_content":false,"_jetpack_memberships_contains_paid_content":false,"_joinchat":[],"footnotes":"","jetpack_publicize_message":"","jetpack_publicize_feature_enabled":true,"jetpack_social_post_already_shared":false,"jetpack_social_options":{"image_generator_settings":{"template":"highway","default_image_id":0,"font":"","enabled":false},"version":2}},"categories":[1],"tags":[],"class_list":["post-2556","post","type-post","status-publish","format-standard","hentry","category-sem-categoria"],"yoast_head":"<!-- This site is optimized with the Yoast SEO plugin v27.4 - https:\/\/yoast.com\/product\/yoast-seo-wordpress\/ -->\n<title>Boletim da Sala de Imprensa da Santa S\u00e9 - Direto da Sacristia<\/title>\n<meta name=\"robots\" content=\"index, follow, max-snippet:-1, max-image-preview:large, max-video-preview:-1\" \/>\n<link rel=\"canonical\" href=\"https:\/\/diretodasacristia.com\/home\/sem-categoria\/boletim-da-sala-de-imprensa-da-santa-se-7\/\" \/>\n<meta property=\"og:locale\" content=\"pt_BR\" \/>\n<meta property=\"og:type\" content=\"article\" \/>\n<meta property=\"og:title\" content=\"Boletim da Sala de Imprensa da Santa S\u00e9 - Direto da Sacristia\" \/>\n<meta property=\"og:description\" content=\"Do boletim da Sala de Imprensa da Santa S\u00e9 Declara\u00e7\u00e3o do diretor da Sala de Imprensa da Santa S\u00e9, Pe. Federico Lombardi, S.J. Bento XVI com o jornalista Peter Seewald Na semana entre os dias 26 e 31 julho, em Castel Gandolfo, o Santo Padre concedeu ao jornalista alem\u00e3o Dr. Peter Seewald uma s\u00e9rie de... Ver artigo\" \/>\n<meta property=\"og:url\" content=\"https:\/\/diretodasacristia.com\/home\/sem-categoria\/boletim-da-sala-de-imprensa-da-santa-se-7\/\" \/>\n<meta property=\"og:site_name\" content=\"Direto da Sacristia\" \/>\n<meta property=\"article:publisher\" content=\"https:\/\/www.facebook.com\/DiretoSacristia\" \/>\n<meta property=\"article:published_time\" content=\"2010-08-31T13:43:00+00:00\" \/>\n<meta property=\"og:image\" content=\"http:\/\/4.bp.blogspot.com\/_LTO5Qx1HyJc\/TH0_BcprIVI\/AAAAAAAAAwg\/FpOIPVp1Qw0\/s200\/Bras%C3%A3o+Vaticano+%28editado%29.jpg\" \/>\n<meta name=\"author\" content=\"E. Mar\u00e7al\" \/>\n<meta name=\"twitter:card\" content=\"summary_large_image\" \/>\n<meta name=\"twitter:creator\" content=\"@diretosacristia\" \/>\n<meta name=\"twitter:site\" content=\"@diretosacristia\" \/>\n<meta name=\"twitter:label1\" content=\"Escrito por\" \/>\n\t<meta name=\"twitter:data1\" content=\"E. Mar\u00e7al\" \/>\n\t<meta name=\"twitter:label2\" content=\"Est. tempo de leitura\" \/>\n\t<meta name=\"twitter:data2\" content=\"2 minutos\" \/>\n<script type=\"application\/ld+json\" class=\"yoast-schema-graph\">{\"@context\":\"https:\\\/\\\/schema.org\",\"@graph\":[{\"@type\":\"Article\",\"@id\":\"https:\\\/\\\/diretodasacristia.com\\\/home\\\/sem-categoria\\\/boletim-da-sala-de-imprensa-da-santa-se-7\\\/#article\",\"isPartOf\":{\"@id\":\"https:\\\/\\\/diretodasacristia.com\\\/home\\\/sem-categoria\\\/boletim-da-sala-de-imprensa-da-santa-se-7\\\/\"},\"author\":{\"name\":\"E. Mar\u00e7al\",\"@id\":\"https:\\\/\\\/diretodasacristia.com\\\/home\\\/#\\\/schema\\\/person\\\/3d453ef1f7d57c0bb0990b8070642721\"},\"headline\":\"Boletim da Sala de Imprensa da Santa S\u00e9\",\"datePublished\":\"2010-08-31T13:43:00+00:00\",\"mainEntityOfPage\":{\"@id\":\"https:\\\/\\\/diretodasacristia.com\\\/home\\\/sem-categoria\\\/boletim-da-sala-de-imprensa-da-santa-se-7\\\/\"},\"wordCount\":432,\"commentCount\":0,\"publisher\":{\"@id\":\"https:\\\/\\\/diretodasacristia.com\\\/home\\\/#organization\"},\"image\":{\"@id\":\"https:\\\/\\\/diretodasacristia.com\\\/home\\\/sem-categoria\\\/boletim-da-sala-de-imprensa-da-santa-se-7\\\/#primaryimage\"},\"thumbnailUrl\":\"http:\\\/\\\/4.bp.blogspot.com\\\/_LTO5Qx1HyJc\\\/TH0_BcprIVI\\\/AAAAAAAAAwg\\\/FpOIPVp1Qw0\\\/s200\\\/Bras%C3%A3o+Vaticano+%28editado%29.jpg\",\"inLanguage\":\"pt-BR\",\"potentialAction\":[{\"@type\":\"CommentAction\",\"name\":\"Comment\",\"target\":[\"https:\\\/\\\/diretodasacristia.com\\\/home\\\/sem-categoria\\\/boletim-da-sala-de-imprensa-da-santa-se-7\\\/#respond\"]}]},{\"@type\":\"WebPage\",\"@id\":\"https:\\\/\\\/diretodasacristia.com\\\/home\\\/sem-categoria\\\/boletim-da-sala-de-imprensa-da-santa-se-7\\\/\",\"url\":\"https:\\\/\\\/diretodasacristia.com\\\/home\\\/sem-categoria\\\/boletim-da-sala-de-imprensa-da-santa-se-7\\\/\",\"name\":\"Boletim da Sala de Imprensa da Santa S\u00e9 - Direto da Sacristia\",\"isPartOf\":{\"@id\":\"https:\\\/\\\/diretodasacristia.com\\\/home\\\/#website\"},\"primaryImageOfPage\":{\"@id\":\"https:\\\/\\\/diretodasacristia.com\\\/home\\\/sem-categoria\\\/boletim-da-sala-de-imprensa-da-santa-se-7\\\/#primaryimage\"},\"image\":{\"@id\":\"https:\\\/\\\/diretodasacristia.com\\\/home\\\/sem-categoria\\\/boletim-da-sala-de-imprensa-da-santa-se-7\\\/#primaryimage\"},\"thumbnailUrl\":\"http:\\\/\\\/4.bp.blogspot.com\\\/_LTO5Qx1HyJc\\\/TH0_BcprIVI\\\/AAAAAAAAAwg\\\/FpOIPVp1Qw0\\\/s200\\\/Bras%C3%A3o+Vaticano+%28editado%29.jpg\",\"datePublished\":\"2010-08-31T13:43:00+00:00\",\"breadcrumb\":{\"@id\":\"https:\\\/\\\/diretodasacristia.com\\\/home\\\/sem-categoria\\\/boletim-da-sala-de-imprensa-da-santa-se-7\\\/#breadcrumb\"},\"inLanguage\":\"pt-BR\",\"potentialAction\":[{\"@type\":\"ReadAction\",\"target\":[\"https:\\\/\\\/diretodasacristia.com\\\/home\\\/sem-categoria\\\/boletim-da-sala-de-imprensa-da-santa-se-7\\\/\"]}]},{\"@type\":\"ImageObject\",\"inLanguage\":\"pt-BR\",\"@id\":\"https:\\\/\\\/diretodasacristia.com\\\/home\\\/sem-categoria\\\/boletim-da-sala-de-imprensa-da-santa-se-7\\\/#primaryimage\",\"url\":\"http:\\\/\\\/4.bp.blogspot.com\\\/_LTO5Qx1HyJc\\\/TH0_BcprIVI\\\/AAAAAAAAAwg\\\/FpOIPVp1Qw0\\\/s200\\\/Bras%C3%A3o+Vaticano+%28editado%29.jpg\",\"contentUrl\":\"http:\\\/\\\/4.bp.blogspot.com\\\/_LTO5Qx1HyJc\\\/TH0_BcprIVI\\\/AAAAAAAAAwg\\\/FpOIPVp1Qw0\\\/s200\\\/Bras%C3%A3o+Vaticano+%28editado%29.jpg\"},{\"@type\":\"BreadcrumbList\",\"@id\":\"https:\\\/\\\/diretodasacristia.com\\\/home\\\/sem-categoria\\\/boletim-da-sala-de-imprensa-da-santa-se-7\\\/#breadcrumb\",\"itemListElement\":[{\"@type\":\"ListItem\",\"position\":1,\"name\":\"In\u00edcio\",\"item\":\"https:\\\/\\\/diretodasacristia.com\\\/home\\\/\"},{\"@type\":\"ListItem\",\"position\":2,\"name\":\"Boletim da Sala de Imprensa da Santa S\u00e9\"}]},{\"@type\":\"WebSite\",\"@id\":\"https:\\\/\\\/diretodasacristia.com\\\/home\\\/#website\",\"url\":\"https:\\\/\\\/diretodasacristia.com\\\/home\\\/\",\"name\":\"Direto da Sacristia\",\"description\":\"Not\u00edcias e artigos sobre a f\u00e9 cat\u00f3lica\",\"publisher\":{\"@id\":\"https:\\\/\\\/diretodasacristia.com\\\/home\\\/#organization\"},\"potentialAction\":[{\"@type\":\"SearchAction\",\"target\":{\"@type\":\"EntryPoint\",\"urlTemplate\":\"https:\\\/\\\/diretodasacristia.com\\\/home\\\/?s={search_term_string}\"},\"query-input\":{\"@type\":\"PropertyValueSpecification\",\"valueRequired\":true,\"valueName\":\"search_term_string\"}}],\"inLanguage\":\"pt-BR\"},{\"@type\":\"Organization\",\"@id\":\"https:\\\/\\\/diretodasacristia.com\\\/home\\\/#organization\",\"name\":\"Direto da Sacristia\",\"url\":\"https:\\\/\\\/diretodasacristia.com\\\/home\\\/\",\"logo\":{\"@type\":\"ImageObject\",\"inLanguage\":\"pt-BR\",\"@id\":\"https:\\\/\\\/diretodasacristia.com\\\/home\\\/#\\\/schema\\\/logo\\\/image\\\/\",\"url\":\"https:\\\/\\\/i0.wp.com\\\/diretodasacristia.com\\\/home\\\/wp-content\\\/uploads\\\/2012\\\/01\\\/marca-sacristia.png?fit=320%2C306&ssl=1\",\"contentUrl\":\"https:\\\/\\\/i0.wp.com\\\/diretodasacristia.com\\\/home\\\/wp-content\\\/uploads\\\/2012\\\/01\\\/marca-sacristia.png?fit=320%2C306&ssl=1\",\"width\":\"320\",\"height\":\"306\",\"caption\":\"Direto da Sacristia\"},\"image\":{\"@id\":\"https:\\\/\\\/diretodasacristia.com\\\/home\\\/#\\\/schema\\\/logo\\\/image\\\/\"},\"sameAs\":[\"https:\\\/\\\/www.facebook.com\\\/DiretoSacristia\",\"https:\\\/\\\/x.com\\\/diretosacristia\",\"https:\\\/\\\/www.instagram.com\\\/diretodasacristia\\\/\",\"https:\\\/\\\/www.youtube.com\\\/diretodasacristia\"]},{\"@type\":\"Person\",\"@id\":\"https:\\\/\\\/diretodasacristia.com\\\/home\\\/#\\\/schema\\\/person\\\/3d453ef1f7d57c0bb0990b8070642721\",\"name\":\"E. Mar\u00e7al\",\"image\":{\"@type\":\"ImageObject\",\"inLanguage\":\"pt-BR\",\"@id\":\"https:\\\/\\\/secure.gravatar.com\\\/avatar\\\/348ff80a5ddde3de6c8b6e0c5b066b733f9245285d9ab87cd2e2ff652ffa95b0?s=96&d=mm&r=g\",\"url\":\"https:\\\/\\\/secure.gravatar.com\\\/avatar\\\/348ff80a5ddde3de6c8b6e0c5b066b733f9245285d9ab87cd2e2ff652ffa95b0?s=96&d=mm&r=g\",\"contentUrl\":\"https:\\\/\\\/secure.gravatar.com\\\/avatar\\\/348ff80a5ddde3de6c8b6e0c5b066b733f9245285d9ab87cd2e2ff652ffa95b0?s=96&d=mm&r=g\",\"caption\":\"E. Mar\u00e7al\"},\"url\":\"https:\\\/\\\/diretodasacristia.com\\\/home\\\/author\\\/erick\\\/\"}]}<\/script>\n<!-- \/ Yoast SEO plugin. -->","yoast_head_json":{"title":"Boletim da Sala de Imprensa da Santa S\u00e9 - Direto da Sacristia","robots":{"index":"index","follow":"follow","max-snippet":"max-snippet:-1","max-image-preview":"max-image-preview:large","max-video-preview":"max-video-preview:-1"},"canonical":"https:\/\/diretodasacristia.com\/home\/sem-categoria\/boletim-da-sala-de-imprensa-da-santa-se-7\/","og_locale":"pt_BR","og_type":"article","og_title":"Boletim da Sala de Imprensa da Santa S\u00e9 - Direto da Sacristia","og_description":"Do boletim da Sala de Imprensa da Santa S\u00e9 Declara\u00e7\u00e3o do diretor da Sala de Imprensa da Santa S\u00e9, Pe. Federico Lombardi, S.J. Bento XVI com o jornalista Peter Seewald Na semana entre os dias 26 e 31 julho, em Castel Gandolfo, o Santo Padre concedeu ao jornalista alem\u00e3o Dr. Peter Seewald uma s\u00e9rie de... Ver artigo","og_url":"https:\/\/diretodasacristia.com\/home\/sem-categoria\/boletim-da-sala-de-imprensa-da-santa-se-7\/","og_site_name":"Direto da Sacristia","article_publisher":"https:\/\/www.facebook.com\/DiretoSacristia","article_published_time":"2010-08-31T13:43:00+00:00","og_image":[{"url":"http:\/\/4.bp.blogspot.com\/_LTO5Qx1HyJc\/TH0_BcprIVI\/AAAAAAAAAwg\/FpOIPVp1Qw0\/s200\/Bras%C3%A3o+Vaticano+%28editado%29.jpg","type":"","width":"","height":""}],"author":"E. Mar\u00e7al","twitter_card":"summary_large_image","twitter_creator":"@diretosacristia","twitter_site":"@diretosacristia","twitter_misc":{"Escrito por":"E. Mar\u00e7al","Est. tempo de leitura":"2 minutos"},"schema":{"@context":"https:\/\/schema.org","@graph":[{"@type":"Article","@id":"https:\/\/diretodasacristia.com\/home\/sem-categoria\/boletim-da-sala-de-imprensa-da-santa-se-7\/#article","isPartOf":{"@id":"https:\/\/diretodasacristia.com\/home\/sem-categoria\/boletim-da-sala-de-imprensa-da-santa-se-7\/"},"author":{"name":"E. Mar\u00e7al","@id":"https:\/\/diretodasacristia.com\/home\/#\/schema\/person\/3d453ef1f7d57c0bb0990b8070642721"},"headline":"Boletim da Sala de Imprensa da Santa S\u00e9","datePublished":"2010-08-31T13:43:00+00:00","mainEntityOfPage":{"@id":"https:\/\/diretodasacristia.com\/home\/sem-categoria\/boletim-da-sala-de-imprensa-da-santa-se-7\/"},"wordCount":432,"commentCount":0,"publisher":{"@id":"https:\/\/diretodasacristia.com\/home\/#organization"},"image":{"@id":"https:\/\/diretodasacristia.com\/home\/sem-categoria\/boletim-da-sala-de-imprensa-da-santa-se-7\/#primaryimage"},"thumbnailUrl":"http:\/\/4.bp.blogspot.com\/_LTO5Qx1HyJc\/TH0_BcprIVI\/AAAAAAAAAwg\/FpOIPVp1Qw0\/s200\/Bras%C3%A3o+Vaticano+%28editado%29.jpg","inLanguage":"pt-BR","potentialAction":[{"@type":"CommentAction","name":"Comment","target":["https:\/\/diretodasacristia.com\/home\/sem-categoria\/boletim-da-sala-de-imprensa-da-santa-se-7\/#respond"]}]},{"@type":"WebPage","@id":"https:\/\/diretodasacristia.com\/home\/sem-categoria\/boletim-da-sala-de-imprensa-da-santa-se-7\/","url":"https:\/\/diretodasacristia.com\/home\/sem-categoria\/boletim-da-sala-de-imprensa-da-santa-se-7\/","name":"Boletim da Sala de Imprensa da Santa S\u00e9 - Direto da Sacristia","isPartOf":{"@id":"https:\/\/diretodasacristia.com\/home\/#website"},"primaryImageOfPage":{"@id":"https:\/\/diretodasacristia.com\/home\/sem-categoria\/boletim-da-sala-de-imprensa-da-santa-se-7\/#primaryimage"},"image":{"@id":"https:\/\/diretodasacristia.com\/home\/sem-categoria\/boletim-da-sala-de-imprensa-da-santa-se-7\/#primaryimage"},"thumbnailUrl":"http:\/\/4.bp.blogspot.com\/_LTO5Qx1HyJc\/TH0_BcprIVI\/AAAAAAAAAwg\/FpOIPVp1Qw0\/s200\/Bras%C3%A3o+Vaticano+%28editado%29.jpg","datePublished":"2010-08-31T13:43:00+00:00","breadcrumb":{"@id":"https:\/\/diretodasacristia.com\/home\/sem-categoria\/boletim-da-sala-de-imprensa-da-santa-se-7\/#breadcrumb"},"inLanguage":"pt-BR","potentialAction":[{"@type":"ReadAction","target":["https:\/\/diretodasacristia.com\/home\/sem-categoria\/boletim-da-sala-de-imprensa-da-santa-se-7\/"]}]},{"@type":"ImageObject","inLanguage":"pt-BR","@id":"https:\/\/diretodasacristia.com\/home\/sem-categoria\/boletim-da-sala-de-imprensa-da-santa-se-7\/#primaryimage","url":"http:\/\/4.bp.blogspot.com\/_LTO5Qx1HyJc\/TH0_BcprIVI\/AAAAAAAAAwg\/FpOIPVp1Qw0\/s200\/Bras%C3%A3o+Vaticano+%28editado%29.jpg","contentUrl":"http:\/\/4.bp.blogspot.com\/_LTO5Qx1HyJc\/TH0_BcprIVI\/AAAAAAAAAwg\/FpOIPVp1Qw0\/s200\/Bras%C3%A3o+Vaticano+%28editado%29.jpg"},{"@type":"BreadcrumbList","@id":"https:\/\/diretodasacristia.com\/home\/sem-categoria\/boletim-da-sala-de-imprensa-da-santa-se-7\/#breadcrumb","itemListElement":[{"@type":"ListItem","position":1,"name":"In\u00edcio","item":"https:\/\/diretodasacristia.com\/home\/"},{"@type":"ListItem","position":2,"name":"Boletim da Sala de Imprensa da Santa S\u00e9"}]},{"@type":"WebSite","@id":"https:\/\/diretodasacristia.com\/home\/#website","url":"https:\/\/diretodasacristia.com\/home\/","name":"Direto da Sacristia","description":"Not\u00edcias e artigos sobre a f\u00e9 cat\u00f3lica","publisher":{"@id":"https:\/\/diretodasacristia.com\/home\/#organization"},"potentialAction":[{"@type":"SearchAction","target":{"@type":"EntryPoint","urlTemplate":"https:\/\/diretodasacristia.com\/home\/?s={search_term_string}"},"query-input":{"@type":"PropertyValueSpecification","valueRequired":true,"valueName":"search_term_string"}}],"inLanguage":"pt-BR"},{"@type":"Organization","@id":"https:\/\/diretodasacristia.com\/home\/#organization","name":"Direto da Sacristia","url":"https:\/\/diretodasacristia.com\/home\/","logo":{"@type":"ImageObject","inLanguage":"pt-BR","@id":"https:\/\/diretodasacristia.com\/home\/#\/schema\/logo\/image\/","url":"https:\/\/i0.wp.com\/diretodasacristia.com\/home\/wp-content\/uploads\/2012\/01\/marca-sacristia.png?fit=320%2C306&ssl=1","contentUrl":"https:\/\/i0.wp.com\/diretodasacristia.com\/home\/wp-content\/uploads\/2012\/01\/marca-sacristia.png?fit=320%2C306&ssl=1","width":"320","height":"306","caption":"Direto da Sacristia"},"image":{"@id":"https:\/\/diretodasacristia.com\/home\/#\/schema\/logo\/image\/"},"sameAs":["https:\/\/www.facebook.com\/DiretoSacristia","https:\/\/x.com\/diretosacristia","https:\/\/www.instagram.com\/diretodasacristia\/","https:\/\/www.youtube.com\/diretodasacristia"]},{"@type":"Person","@id":"https:\/\/diretodasacristia.com\/home\/#\/schema\/person\/3d453ef1f7d57c0bb0990b8070642721","name":"E. Mar\u00e7al","image":{"@type":"ImageObject","inLanguage":"pt-BR","@id":"https:\/\/secure.gravatar.com\/avatar\/348ff80a5ddde3de6c8b6e0c5b066b733f9245285d9ab87cd2e2ff652ffa95b0?s=96&d=mm&r=g","url":"https:\/\/secure.gravatar.com\/avatar\/348ff80a5ddde3de6c8b6e0c5b066b733f9245285d9ab87cd2e2ff652ffa95b0?s=96&d=mm&r=g","contentUrl":"https:\/\/secure.gravatar.com\/avatar\/348ff80a5ddde3de6c8b6e0c5b066b733f9245285d9ab87cd2e2ff652ffa95b0?s=96&d=mm&r=g","caption":"E. Mar\u00e7al"},"url":"https:\/\/diretodasacristia.com\/home\/author\/erick\/"}]}},"jetpack_publicize_connections":[],"jetpack_featured_media_url":"","jetpack_sharing_enabled":true,"jetpack_shortlink":"https:\/\/wp.me\/p24aG7-Fe","jetpack-related-posts":[{"id":2535,"url":"https:\/\/diretodasacristia.com\/home\/sem-categoria\/boletim-da-sala-de-imprensa-da-santa-se-2\/","url_meta":{"origin":2556,"position":0},"title":"Boletim da Sala de Imprensa da Santa S\u00e9","author":"E. Mar\u00e7al","date":"11 de setembro de 2010","format":false,"excerpt":"Do boletim da Sala de Imprensa da Santa S\u00e9 A Audi\u00eancia O Santo Padre Bento XVI recebeu nesta manh\u00e3 em audi\u00eancia no Pal\u00e1cio Apost\u00f3lico de Castel Gandolfo:S.E.R. Mons. Reinhard MarxArcebispo de Munique e FrisingaS.E.R. Mons. Reinhard Marx, Arcebispo de Munique e Frisinga (Alemanha); Os bispo de recente nomea\u00e7\u00e3o participantes no\u2026","rel":"","context":"Em &quot;Sem categoria&quot;","block_context":{"text":"Sem categoria","link":"https:\/\/diretodasacristia.com\/home\/c\/sem-categoria\/"},"img":{"alt_text":"","src":"","width":0,"height":0},"classes":[]},{"id":98,"url":"https:\/\/diretodasacristia.com\/home\/sem-categoria\/ultimas-nomeacoes-e-renuncias-episcopais-2\/","url_meta":{"origin":2556,"position":1},"title":"\u00daltimas nomea\u00e7\u00f5es e ren\u00fancias episcopais","author":"E. Mar\u00e7al","date":"1 de mar\u00e7o de 2011","format":false,"excerpt":"Do boletim da Sala de Imprensa da Santa S\u00e9Nomea\u00e7\u00e3o do Arcebispo Metropolitano de Qu\u00e9becCanad\u00e122.fevereiro.2011Mons. G\u00e9rald Cyprien LacroixArcebispo eleito de Qu\u00e9becVacante desde a nomea\u00e7\u00e3o do Cardeal Marc Ouellet para Prefeito da Congrega\u00e7\u00e3o para os Bispos, O Santo Padre Bento XVI nomeou Arcebispo Metropolitano de Qu\u00e9bec (Canad\u00e1) S.E.R. Mons. G\u00e9rald Cyprien Lacroix,\u2026","rel":"","context":"Em &quot;Sem categoria&quot;","block_context":{"text":"Sem categoria","link":"https:\/\/diretodasacristia.com\/home\/c\/sem-categoria\/"},"img":{"alt_text":"","src":"","width":0,"height":0},"classes":[]},{"id":2452,"url":"https:\/\/diretodasacristia.com\/home\/sem-categoria\/aviso-sobre-instrucao-do-summorum-pontificum-2\/","url_meta":{"origin":2556,"position":2},"title":"Aviso sobre Instru\u00e7\u00e3o do &#8220;Summorum Pontificum&#8221;","author":"E. Mar\u00e7al","date":"11 de maio de 2011","format":false,"excerpt":"Do boletim da Sala de Imprensa da Santa S\u00e9Aviso sobre a publica\u00e7\u00e3o da Instru\u00e7\u00e3oComo vinha sendo dito em alguns canais de not\u00edcias h\u00e1 algum tempo, a Santa S\u00e9 ir\u00e1 publicar uma Instru\u00e7\u00e3o com normas pr\u00e1ticas sobre a aplica\u00e7\u00e3o da Carta Apost\u00f3lica em forma de Motu proprio \"Summorum Pontificum\". Especula-se que\u2026","rel":"","context":"Em &quot;Sem categoria&quot;","block_context":{"text":"Sem categoria","link":"https:\/\/diretodasacristia.com\/home\/c\/sem-categoria\/"},"img":{"alt_text":"","src":"","width":0,"height":0},"classes":[]},{"id":1385,"url":"https:\/\/diretodasacristia.com\/home\/curia-romana\/presidente-da-cei-e-secretario-do-colegio\/","url_meta":{"origin":2556,"position":3},"title":"Presidente da CEI e Secret\u00e1rio do Col\u00e9gio","author":"E. Mar\u00e7al","date":"7 de mar\u00e7o de 2012","format":false,"excerpt":"Do boletim da Sala de Imprensa da Santa S\u00e9 \u00a0 Sua Emin\u00eancia Cardeal Bagnasco, 69 anos Mesmo sendo de grande confian\u00e7a de Bento XVI, o Cardeal Bertone n\u00e3o foi capaz de favorecer um outro nome para a presid\u00eancia da maior confer\u00eancia episcopal do mundo (com 502 membros) O Santo Padre\u2026","rel":"","context":"Em &quot;C\u00faria Romana&quot;","block_context":{"text":"C\u00faria Romana","link":"https:\/\/diretodasacristia.com\/home\/c\/curia-romana\/"},"img":{"alt_text":"","src":"https:\/\/i0.wp.com\/diretodasacristia.com\/home\/wp-content\/uploads\/2012\/03\/Angelo-Bagnasco..jpg?resize=350%2C200","width":350,"height":200},"classes":[]},{"id":254,"url":"https:\/\/diretodasacristia.com\/home\/boletim-santa-se\/novo-arcipreste-de-santa-maria-maggiore\/","url_meta":{"origin":2556,"position":4},"title":"Novo arcipreste de Santa Maria Maggiore","author":"E. Mar\u00e7al","date":"31 de dezembro de 2011","format":false,"excerpt":"Do\u00a0boletim da Sala de Imprensa da Santa S\u00e9 O Santo Padre Bento XVI nomeou Arcipreste da Bas\u00edlica Papal de\u00a0Santa Maria Maggiore\u00a0em Roma S.E.R. Mons. Santos Abril y Castell\u00f3, Arcebispo titular de Tamada, Vice-camerlengo da Santa Igreja Romana. O novo Arcipreste substitui o norte-americano Cardeal Bernard Low, que ocupava o cargo\u2026","rel":"","context":"Em &quot;Boletim Santa S\u00e9&quot;","block_context":{"text":"Boletim Santa S\u00e9","link":"https:\/\/diretodasacristia.com\/home\/c\/boletim-santa-se\/"},"img":{"alt_text":"","src":"https:\/\/i0.wp.com\/diretodasacristia.com\/home\/wp-content\/uploads\/2011\/11\/arcebispo-Abril-y-Castell%C3%B3-300x199.jpg?resize=350%2C200","width":350,"height":200},"classes":[]},{"id":2533,"url":"https:\/\/diretodasacristia.com\/home\/sem-categoria\/audiencia-papal\/","url_meta":{"origin":2556,"position":5},"title":"Audi\u00eancia papal","author":"E. Mar\u00e7al","date":"13 de setembro de 2010","format":false,"excerpt":"Do boletim da Sala de Imprensa da Santa S\u00e9 A Audi\u00eancia O Santo Padre Bento XVI recebeu nesta manh\u00e3 em audi\u00eancia no Pal\u00e1cio Apost\u00f3lico de Castel Gandolfo:Walter J\u00fcrgen SchmidEmbaixador da Alemanha junto \u00e0 Santa S\u00e9S.E. o Sr. Walter J\u00fcrgen Schmid, Embaixador da Rep\u00fablica Federal da Alemanha, na ocasi\u00e3o da apresenta\u00e7\u00e3o\u2026","rel":"","context":"Em &quot;Sem categoria&quot;","block_context":{"text":"Sem categoria","link":"https:\/\/diretodasacristia.com\/home\/c\/sem-categoria\/"},"img":{"alt_text":"","src":"","width":0,"height":0},"classes":[]}],"post_mailing_queue_ids":[],"_links":{"self":[{"href":"https:\/\/diretodasacristia.com\/home\/wp-json\/wp\/v2\/posts\/2556","targetHints":{"allow":["GET"]}}],"collection":[{"href":"https:\/\/diretodasacristia.com\/home\/wp-json\/wp\/v2\/posts"}],"about":[{"href":"https:\/\/diretodasacristia.com\/home\/wp-json\/wp\/v2\/types\/post"}],"author":[{"embeddable":true,"href":"https:\/\/diretodasacristia.com\/home\/wp-json\/wp\/v2\/users\/3"}],"replies":[{"embeddable":true,"href":"https:\/\/diretodasacristia.com\/home\/wp-json\/wp\/v2\/comments?post=2556"}],"version-history":[{"count":0,"href":"https:\/\/diretodasacristia.com\/home\/wp-json\/wp\/v2\/posts\/2556\/revisions"}],"wp:attachment":[{"href":"https:\/\/diretodasacristia.com\/home\/wp-json\/wp\/v2\/media?parent=2556"}],"wp:term":[{"taxonomy":"category","embeddable":true,"href":"https:\/\/diretodasacristia.com\/home\/wp-json\/wp\/v2\/categories?post=2556"},{"taxonomy":"post_tag","embeddable":true,"href":"https:\/\/diretodasacristia.com\/home\/wp-json\/wp\/v2\/tags?post=2556"}],"curies":[{"name":"wp","href":"https:\/\/api.w.org\/{rel}","templated":true}]}}