{"id":2563,"date":"2010-08-27T10:15:00","date_gmt":"2010-08-27T10:15:00","guid":{"rendered":"http:\/\/diretodasacristia.com\/home\/sem-categoria\/nada-mais-me-agrada-nesta-vida-2\/"},"modified":"2010-08-27T10:15:00","modified_gmt":"2010-08-27T10:15:00","slug":"nada-mais-me-agrada-nesta-vida-2","status":"publish","type":"post","link":"https:\/\/diretodasacristia.com\/home\/sem-categoria\/nada-mais-me-agrada-nesta-vida-2\/","title":{"rendered":"&#8220;Nada mais me agrada nesta vida&#8221;"},"content":{"rendered":"<div style=\"text-align: center;font-family:verdana;\"><span style=\"font-weight: bold;font-family:verdana;\">Santo do dia: Santa M\u00f4nica, Vi\u00fava<\/span><\/p>\n<p><a onblur=\"try {parent.deselectBloggerImageGracefully();} catch(e) {}\" href=\"http:\/\/2.bp.blogspot.com\/_LTO5Qx1HyJc\/THfD8DMsntI\/AAAAAAAAAsA\/rY-JLOF4w-o\/s1600\/Santa+M%C3%B4nica.jpg\"><img decoding=\"async\" style=\"display: block; margin: 0px auto 10px; text-align: center; cursor: pointer; width: 282px; height: 269px;\" src=\"http:\/\/2.bp.blogspot.com\/_LTO5Qx1HyJc\/THfD8DMsntI\/AAAAAAAAAsA\/rY-JLOF4w-o\/s320\/Santa+M%C3%B4nica.jpg\" alt=\"\" id=\"BLOGGER_PHOTO_ID_5510088105529220818\" border=\"0\" \/><\/a><span style=\"font-size:85%;\"><span style=\"font-style: italic;\">Santa M\u00f4nica, m\u00e3e de Santo Agostinho<\/span><\/span><\/p>\n<p>&#8220;V\u00f3s a ouvistes, \u00f3 Senhor, e aceitastes suas l\u00e1grimas<br \/>que, de tantas derramadas em cont\u00ednua ora\u00e7\u00e3o,<br \/>regariam toda a terra&#8221;.<\/p>\n<div style=\"text-align: right;\"><span style=\"font-size:85%;\"><span style=\"font-style: italic;\">Ant\u00edfona pr\u00f3pria do Benedictus do of\u00edcio<\/span><\/span><\/p>\n<p><\/p>\n<div style=\"text-align: justify;\">Nascida em uma fam\u00edlia profundamente crist\u00e3 e de boas condi\u00e7\u00f5es financeiras (ano 331), M\u00f4nica sempre meditava as Sagradas Escrituras, como que em prepara\u00e7\u00e3o para o que o Senhor lhe reservava. Sim, pois, n\u00e3o de outro modo ela aprendeu a nunca fraquejar e insistir em um santo prop\u00f3sito, como a espera pela convers\u00e3o de seu filho, Santo Agostinho.<\/p>\n<div style=\"text-align: center;\"><a onblur=\"try {parent.deselectBloggerImageGracefully();} catch(e) {}\" href=\"http:\/\/1.bp.blogspot.com\/_LTO5Qx1HyJc\/THfD8Y0yraI\/AAAAAAAAAsI\/MOWNTq41bYs\/s1600\/Santa+M%C3%B4nica+2.jpg\"><img decoding=\"async\" style=\"display: block; margin: 0px auto 10px; text-align: center; cursor: pointer; width: 157px; height: 374px;\" src=\"http:\/\/1.bp.blogspot.com\/_LTO5Qx1HyJc\/THfD8Y0yraI\/AAAAAAAAAsI\/MOWNTq41bYs\/s320\/Santa+M%C3%B4nica+2.jpg\" alt=\"\" id=\"BLOGGER_PHOTO_ID_5510088111334534562\" border=\"0\" \/><\/a><span style=\"font-size:85%;\"><span style=\"font-style: italic;\">Santa M\u00f4nica<\/span><\/span><\/div>\n<p>Ainda adolescente, foi dada em casamento a Patr\u00edcio, um propriet\u00e1rio de terras, n\u00e3o-crist\u00e3o, de m\u00e1 fama e muitas vezes falso, infiel no seu casamento; n\u00e3o obstante isso, o car\u00e1ter suave e doce de sua eposa venceu a sua amargura. Um ano antes de morrer, em 371, Patr\u00edcio recebeu o batismo e tornou-se crist\u00e3o.<\/p>\n<p>Dos tr\u00eas filhos, frutos de seu casamento, o mais velho Agostinho e seu comportamento dissoluto, sempre foram causas de sofrimento a M\u00f4nica, que rezava insistentemente para a sua convers\u00e3o ao nome de Cristo. Quando Agostinho se mudou para Roma, e o fez de tal modo que sua m\u00e3e n\u00e3o o seguiu, M\u00f4nica passou a noite em l\u00e1grimas diante do t\u00famulo de S\u00e3o Cipriano &#8211; como ele mesmo narrou em suas Confiss\u00f5es.<\/p>\n<p>Em 385, ela embarcou para Roma e de l\u00e1 viajou para Mil\u00e3o e juntou-se ao seu filho, catedr\u00e1tico de Ret\u00f3rica. Suas ora\u00e7\u00f5es foram atendidas, quando em 25 abril 387 Agostinho foi batizado em Mil\u00e3o pelo bispo Santo Ambr\u00f3sio, que o atraiu por suas prega\u00e7\u00f5es.<\/p>\n<div style=\"text-align: center;\"><a onblur=\"try {parent.deselectBloggerImageGracefully();} catch(e) {}\" href=\"http:\/\/4.bp.blogspot.com\/_LTO5Qx1HyJc\/THfD7f1xi0I\/AAAAAAAAArw\/pq3McwbAqLM\/s1600\/Porto+de+%C3%93stia.jpg\"><img decoding=\"async\" style=\"display: block; margin: 0px auto 10px; text-align: center; cursor: pointer; width: 393px; height: 127px;\" src=\"http:\/\/4.bp.blogspot.com\/_LTO5Qx1HyJc\/THfD7f1xi0I\/AAAAAAAAArw\/pq3McwbAqLM\/s320\/Porto+de+%C3%93stia.jpg\" alt=\"\" id=\"BLOGGER_PHOTO_ID_5510088096037833538\" border=\"0\" \/><\/a><span style=\"font-size:85%;\"><span style=\"font-style: italic;\">Porto de \u00d3stia<\/span> <\/span><\/div>\n<p>Quando Agostinho deixou Mil\u00e3o para Roma, e depois seguiu para \u00d3stia, zona litor\u00e2nea da It\u00e1lia, alugaram uma casa, \u00e0 espera de um navio com destino a \u00c1frica. Foi um per\u00edodo cheio de di\u00e1logo espiritual, que Agostinho relata em suas Confiss\u00f5es.<\/p>\n<div style=\"text-align: center;\">_________________<\/div>\n<div style=\"text-align: center;\"><\/div>\n<p><span style=\"font-size:85%;\">Eu dizia estas coisas, n\u00e3o deste modo nem com estas palavras. No entanto, Senhor, tu sabes que naquele dia, enquanto fal\u00e1vamos, este mundo foi perdendo o valor, junto com todos os seus deleites. Ent\u00e3o disse ela: \u201cFilho, quanto a mim, nada mais me agrada nesta vida. Que fa\u00e7o ainda e por que ainda aqui estou, n\u00e3o sei. Toda a esperan\u00e7a terena j\u00e1 desapareceu. Uma s\u00f3 coisa fazia-me desejar permanecer por algum tempo nesta vida: ver-te crist\u00e3o cat\u00f3lico, antes de morrer. Deus me atendeu com a maior generosidade, porque te vejo at\u00e9 como seu servo, desprezando a felicidade terena. Que fa\u00e7o aqui?\u201d<\/p>\n<p>O que lhe respondi, n\u00e3o me lembro bem. Cinco dias depois, talvez, ou n\u00e3o muito mais, caiu com febre. Doente, um dia desmaiou, sem conhecer os presentes. Corremos para junto dela, mas recobrando logo os sentidos, viu-me a mime a meu irm\u00e3o e disse-nos, como que procurando algo semelhante: \u201cOnde estava eu?\u201d<\/p>\n<p>Em seguida, olhando-nos, opressos pela tristeza, disse: \u201cSepultai vossa m\u00e3e\u201d. Eu me calava e retinha as l\u00e1grimas. Mas meu irm\u00e3o falou qualquer coisa assim que seria melhor n\u00e3o morrer em terra estranha, mas na p\u00e1tria. Ouvindo isto, ansiosa, censurando-o como olhar por pensar assim, voltou-se para mim: \u201cV\u00ea o que diz\u201d. Depois falou a ambos: \u201cPonde este corpo em qualquer lugar. N\u00e3o vos preocupeis com ele. S\u00f3 vos pe\u00e7o que vos lembreis de mim no altar de Deus, onde quer que estiverdes\u201d. Terminando como p\u00f4de de falar, calou-se e continuou a sofrer com o agravamento da doen\u00e7a. Finalmente, no nono dia da sua doen\u00e7a, aos cinq\u00fcenta e seis anos de idade e no trig\u00e9simo terceiro da minha vida, aquela alma piedosa e santa libertou-se do corpo.<\/span><\/p>\n<div style=\"text-align: center;\">\n<div style=\"text-align: right;\"><span style=\"font-size:85%;\"><span style=\"font-style: italic;\">Dos livros das Confiss\u00f5es, <\/span> <span style=\"font-style: italic;\">de Santo Agostinho, Bispo<\/span><\/span><\/div>\n<p>_________________<\/p>\n<p><\/p>\n<div style=\"text-align: center;\"><a onblur=\"try {parent.deselectBloggerImageGracefully();} catch(e) {}\" href=\"http:\/\/1.bp.blogspot.com\/_LTO5Qx1HyJc\/THfD8hRREPI\/AAAAAAAAAsQ\/jgn_R1eoV_w\/s1600\/Morte+Santa+M%C3%B4nica.jpg\"><img decoding=\"async\" style=\"display: block; margin: 0px auto 10px; text-align: center; cursor: pointer; width: 348px; height: 332px;\" src=\"http:\/\/1.bp.blogspot.com\/_LTO5Qx1HyJc\/THfD8hRREPI\/AAAAAAAAAsQ\/jgn_R1eoV_w\/s320\/Morte+Santa+M%C3%B4nica.jpg\" alt=\"\" id=\"BLOGGER_PHOTO_ID_5510088113601450226\" border=\"0\" \/><\/a><span style=\"font-size:85%;\"><span style=\"font-style: italic;\">Morte de Santa M\u00f4nica<\/span><\/span><\/div>\n<p><\/p>\n<div style=\"text-align: justify;\">Aquela que o precedera na f\u00e9, agora o precedia na eternidade. Aquela que derramara l\u00e1grimas por sua convers\u00e3o, agora, quando entrou no sono dos santos, era motivo de seu pranto.<\/p>\n<p>Provalmente, M\u00f4nica faleceu v\u00edtima de mal\u00e1ria. M\u00f4nica foi canonizada n\u00e3o por ter operado milagres ou por ser m\u00e1rtir, mas sim por ter sido, alegadamente, a &#8220;respons\u00e1vel pela convers\u00e3o de seu filho&#8221; mostrando empenho em ensinar condutas crist\u00e3s como moral, pudor e mansid\u00e3o, mostrando a interven\u00e7\u00e3o feminina no interior da fam\u00edlia, pois foi o meio, atrav\u00e9s da ora\u00e7\u00e3o, que contribuiu para a vida religiosa do filho.<\/p>\n<p>Os marinheiros que acompanhavam Agostinho em suas viagens mediterr\u00e2neas se confortavam orando \u00e0 M\u00f4nica, pedindo a chegada a salvo.<\/p>\n<div style=\"text-align: center;\"><a onblur=\"try {parent.deselectBloggerImageGracefully();} catch(e) {}\" href=\"http:\/\/2.bp.blogspot.com\/_LTO5Qx1HyJc\/THfm3emb2LI\/AAAAAAAAAsw\/vUc14fvlXvw\/s1600\/Bas%C3%ADlica+Sant%C2%B4Aurea+-+%C3%93stia.JPG\"><img decoding=\"async\" style=\"display: block; margin: 0px auto 10px; text-align: center; cursor: pointer; width: 320px; height: 240px;\" src=\"http:\/\/2.bp.blogspot.com\/_LTO5Qx1HyJc\/THfm3emb2LI\/AAAAAAAAAsw\/vUc14fvlXvw\/s320\/Bas%C3%ADlica+Sant%C2%B4Aurea+-+%C3%93stia.JPG\" alt=\"\" id=\"BLOGGER_PHOTO_ID_5510126509892556978\" border=\"0\" \/><\/a><span style=\"font-size:85%;\"><span style=\"font-style: italic;\">Igreja de Santa \u00c1urea<\/span><br \/><span style=\"font-style: italic;\">\u00d3stia antiga<br \/>Onde permaneceram os restos mortais de Santa M\u00f4nica<br \/><\/span><\/span><\/div>\n<p><\/p>\n<div style=\"text-align: center;\"><a onblur=\"try {parent.deselectBloggerImageGracefully();} catch(e) {}\" href=\"http:\/\/2.bp.blogspot.com\/_LTO5Qx1HyJc\/TIE0w5PLgkI\/AAAAAAAAA0o\/WXzp0d-oYmk\/s1600\/Bas%C3%ADlica+Sant%C2%B4Agostino+in+Campo+Marzio.JPG\"><img decoding=\"async\" style=\"display: block; margin: 0px auto 10px; text-align: center; cursor: pointer; width: 302px; height: 280px;\" src=\"http:\/\/2.bp.blogspot.com\/_LTO5Qx1HyJc\/TIE0w5PLgkI\/AAAAAAAAA0o\/WXzp0d-oYmk\/s320\/Bas%C3%ADlica+Sant%C2%B4Agostino+in+Campo+Marzio.JPG\" alt=\"\" id=\"BLOGGER_PHOTO_ID_5512745433481052738\" border=\"0\" \/><\/a><span style=\"font-size:85%;\"><span style=\"font-style: italic;\">Bas\u00edlica de <\/span><span>Sant\u00b4Agostino in Campo Marzio<\/span><br \/><span style=\"font-style: italic;\">Roma<br \/>Onde est\u00e3o atualmente as rel\u00edquias de Santa M\u00f4nica<br \/><\/span><\/span><\/div>\n<p>Seu corpo foi sepultado na igreja de Santa \u00c1urea em \u00d3stia. Em 09 abril 1430, seus restos mortais foram transferidos para Roma e encerrados na Bas\u00edlica de <span style=\"font-style: italic;\">Sant\u00b4Agostino in Campo Marzio<\/span>, t\u00edtulo cardinal\u00edcio criado pelo Papa Sisto V em 13 abril 1587. Em 24 mar\u00e7o 2006, o Papa Bento XVI criou o Em.mo Cardeal Jean-Pierre Ricard, Arcebispo de Bordeaux, para o t\u00edtulo presbiteral de <span style=\"font-style: italic;\">Sant\u00b4Agostino in Campo Marzio<\/span>.<\/p>\n<div style=\"text-align: center;\"><a onblur=\"try {parent.deselectBloggerImageGracefully();} catch(e) {}\" href=\"http:\/\/4.bp.blogspot.com\/_LTO5Qx1HyJc\/TIE2nHk8T2I\/AAAAAAAAA0w\/9PszCpfYlXE\/s1600\/Cardeal+Jean-Pierre+Ricard,+Arcebispo+Bordeuax.jpg\"><img decoding=\"async\" style=\"display: block; margin: 0px auto 10px; text-align: center; cursor: pointer; width: 278px; height: 309px;\" src=\"http:\/\/4.bp.blogspot.com\/_LTO5Qx1HyJc\/TIE2nHk8T2I\/AAAAAAAAA0w\/9PszCpfYlXE\/s320\/Cardeal+Jean-Pierre+Ricard,+Arcebispo+Bordeuax.jpg\" alt=\"\" id=\"BLOGGER_PHOTO_ID_5512747464554991458\" border=\"0\" \/><\/a><span style=\"font-size:85%;\"><span style=\"font-style: italic;\">Sua Emin\u00eancia Cardeal Jean-Pierre Ricard<\/span><br \/><span style=\"font-style: italic;\">Arcebispo de Bordeuax<\/span><br \/><span style=\"font-style: italic;\">do T\u00edtulo presbiteral de <\/span>Sant\u00b4Agostino in Campo Marzio<\/span><\/div>\n<p><a onblur=\"try {parent.deselectBloggerImageGracefully();} catch(e) {}\" href=\"http:\/\/3.bp.blogspot.com\/_LTO5Qx1HyJc\/THfD7yc6NPI\/AAAAAAAAAr4\/tCW5W4Ijjsg\/s1600\/060_small.gif\"><img decoding=\"async\" style=\"display: block; margin: 0px auto 10px; text-align: center; cursor: pointer; width: 40px; height: 40px;\" src=\"http:\/\/3.bp.blogspot.com\/_LTO5Qx1HyJc\/THfD7yc6NPI\/AAAAAAAAAr4\/tCW5W4Ijjsg\/s320\/060_small.gif\" alt=\"\" id=\"BLOGGER_PHOTO_ID_5510088101033817330\" border=\"0\" \/><\/a><\/div>\n<\/div>\n<\/div>\n<\/div>\n<\/div>\n","protected":false},"excerpt":{"rendered":"Santo do dia: Santa M\u00f4nica, Vi\u00fava Santa M\u00f4nica, m\u00e3e de Santo Agostinho &#8220;V\u00f3s a ouvistes, \u00f3 Senhor, e aceitastes suas l\u00e1grimasque, de tantas derramadas em cont\u00ednua ora\u00e7\u00e3o,regariam toda a terra&#8221;. Ant\u00edfona pr\u00f3pria do Benedictus do of\u00edcio Nascida em uma fam\u00edlia profundamente crist\u00e3 e de boas condi\u00e7\u00f5es financeiras (ano 331), M\u00f4nica sempre meditava as Sagradas Escrituras,&#8230; <a class=\"view-article\" href=\"https:\/\/diretodasacristia.com\/home\/sem-categoria\/nada-mais-me-agrada-nesta-vida-2\/\">Ver artigo<\/a>","protected":false},"author":3,"featured_media":0,"comment_status":"open","ping_status":"open","sticky":false,"template":"","format":"standard","meta":{"jetpack_post_was_ever_published":false,"_jetpack_newsletter_access":"","_jetpack_dont_email_post_to_subs":false,"_jetpack_newsletter_tier_id":0,"_jetpack_memberships_contains_paywalled_content":false,"_jetpack_memberships_contains_paid_content":false,"_joinchat":[],"footnotes":"","jetpack_publicize_message":"","jetpack_publicize_feature_enabled":true,"jetpack_social_post_already_shared":false,"jetpack_social_options":{"image_generator_settings":{"template":"highway","default_image_id":0,"font":"","enabled":false},"version":2}},"categories":[1],"tags":[],"class_list":["post-2563","post","type-post","status-publish","format-standard","hentry","category-sem-categoria"],"yoast_head":"<!-- This site is optimized with the Yoast SEO plugin v27.4 - https:\/\/yoast.com\/product\/yoast-seo-wordpress\/ -->\n<title>&quot;Nada mais me agrada nesta vida&quot; - Direto da Sacristia<\/title>\n<meta name=\"robots\" content=\"index, follow, max-snippet:-1, max-image-preview:large, max-video-preview:-1\" \/>\n<link rel=\"canonical\" href=\"https:\/\/diretodasacristia.com\/home\/sem-categoria\/nada-mais-me-agrada-nesta-vida-2\/\" \/>\n<meta property=\"og:locale\" content=\"pt_BR\" \/>\n<meta property=\"og:type\" content=\"article\" \/>\n<meta property=\"og:title\" content=\"&quot;Nada mais me agrada nesta vida&quot; - Direto da Sacristia\" \/>\n<meta property=\"og:description\" content=\"Santo do dia: Santa M\u00f4nica, Vi\u00fava Santa M\u00f4nica, m\u00e3e de Santo Agostinho &#8220;V\u00f3s a ouvistes, \u00f3 Senhor, e aceitastes suas l\u00e1grimasque, de tantas derramadas em cont\u00ednua ora\u00e7\u00e3o,regariam toda a terra&#8221;. Ant\u00edfona pr\u00f3pria do Benedictus do of\u00edcio Nascida em uma fam\u00edlia profundamente crist\u00e3 e de boas condi\u00e7\u00f5es financeiras (ano 331), M\u00f4nica sempre meditava as Sagradas Escrituras,... Ver artigo\" \/>\n<meta property=\"og:url\" content=\"https:\/\/diretodasacristia.com\/home\/sem-categoria\/nada-mais-me-agrada-nesta-vida-2\/\" \/>\n<meta property=\"og:site_name\" content=\"Direto da Sacristia\" \/>\n<meta property=\"article:publisher\" content=\"https:\/\/www.facebook.com\/DiretoSacristia\" \/>\n<meta property=\"article:published_time\" content=\"2010-08-27T10:15:00+00:00\" \/>\n<meta property=\"og:image\" content=\"http:\/\/2.bp.blogspot.com\/_LTO5Qx1HyJc\/THfD8DMsntI\/AAAAAAAAAsA\/rY-JLOF4w-o\/s320\/Santa+M%C3%B4nica.jpg\" \/>\n<meta name=\"author\" content=\"E. Mar\u00e7al\" \/>\n<meta name=\"twitter:card\" content=\"summary_large_image\" \/>\n<meta name=\"twitter:creator\" content=\"@diretosacristia\" \/>\n<meta name=\"twitter:site\" content=\"@diretosacristia\" \/>\n<meta name=\"twitter:label1\" content=\"Escrito por\" \/>\n\t<meta name=\"twitter:data1\" content=\"E. Mar\u00e7al\" \/>\n\t<meta name=\"twitter:label2\" content=\"Est. tempo de leitura\" \/>\n\t<meta name=\"twitter:data2\" content=\"5 minutos\" \/>\n<script type=\"application\/ld+json\" class=\"yoast-schema-graph\">{\"@context\":\"https:\\\/\\\/schema.org\",\"@graph\":[{\"@type\":\"Article\",\"@id\":\"https:\\\/\\\/diretodasacristia.com\\\/home\\\/sem-categoria\\\/nada-mais-me-agrada-nesta-vida-2\\\/#article\",\"isPartOf\":{\"@id\":\"https:\\\/\\\/diretodasacristia.com\\\/home\\\/sem-categoria\\\/nada-mais-me-agrada-nesta-vida-2\\\/\"},\"author\":{\"name\":\"E. Mar\u00e7al\",\"@id\":\"https:\\\/\\\/diretodasacristia.com\\\/home\\\/#\\\/schema\\\/person\\\/3d453ef1f7d57c0bb0990b8070642721\"},\"headline\":\"&#8220;Nada mais me agrada nesta vida&#8221;\",\"datePublished\":\"2010-08-27T10:15:00+00:00\",\"mainEntityOfPage\":{\"@id\":\"https:\\\/\\\/diretodasacristia.com\\\/home\\\/sem-categoria\\\/nada-mais-me-agrada-nesta-vida-2\\\/\"},\"wordCount\":926,\"commentCount\":0,\"publisher\":{\"@id\":\"https:\\\/\\\/diretodasacristia.com\\\/home\\\/#organization\"},\"image\":{\"@id\":\"https:\\\/\\\/diretodasacristia.com\\\/home\\\/sem-categoria\\\/nada-mais-me-agrada-nesta-vida-2\\\/#primaryimage\"},\"thumbnailUrl\":\"http:\\\/\\\/2.bp.blogspot.com\\\/_LTO5Qx1HyJc\\\/THfD8DMsntI\\\/AAAAAAAAAsA\\\/rY-JLOF4w-o\\\/s320\\\/Santa+M%C3%B4nica.jpg\",\"inLanguage\":\"pt-BR\",\"potentialAction\":[{\"@type\":\"CommentAction\",\"name\":\"Comment\",\"target\":[\"https:\\\/\\\/diretodasacristia.com\\\/home\\\/sem-categoria\\\/nada-mais-me-agrada-nesta-vida-2\\\/#respond\"]}]},{\"@type\":\"WebPage\",\"@id\":\"https:\\\/\\\/diretodasacristia.com\\\/home\\\/sem-categoria\\\/nada-mais-me-agrada-nesta-vida-2\\\/\",\"url\":\"https:\\\/\\\/diretodasacristia.com\\\/home\\\/sem-categoria\\\/nada-mais-me-agrada-nesta-vida-2\\\/\",\"name\":\"\\\"Nada mais me agrada nesta vida\\\" - Direto da Sacristia\",\"isPartOf\":{\"@id\":\"https:\\\/\\\/diretodasacristia.com\\\/home\\\/#website\"},\"primaryImageOfPage\":{\"@id\":\"https:\\\/\\\/diretodasacristia.com\\\/home\\\/sem-categoria\\\/nada-mais-me-agrada-nesta-vida-2\\\/#primaryimage\"},\"image\":{\"@id\":\"https:\\\/\\\/diretodasacristia.com\\\/home\\\/sem-categoria\\\/nada-mais-me-agrada-nesta-vida-2\\\/#primaryimage\"},\"thumbnailUrl\":\"http:\\\/\\\/2.bp.blogspot.com\\\/_LTO5Qx1HyJc\\\/THfD8DMsntI\\\/AAAAAAAAAsA\\\/rY-JLOF4w-o\\\/s320\\\/Santa+M%C3%B4nica.jpg\",\"datePublished\":\"2010-08-27T10:15:00+00:00\",\"breadcrumb\":{\"@id\":\"https:\\\/\\\/diretodasacristia.com\\\/home\\\/sem-categoria\\\/nada-mais-me-agrada-nesta-vida-2\\\/#breadcrumb\"},\"inLanguage\":\"pt-BR\",\"potentialAction\":[{\"@type\":\"ReadAction\",\"target\":[\"https:\\\/\\\/diretodasacristia.com\\\/home\\\/sem-categoria\\\/nada-mais-me-agrada-nesta-vida-2\\\/\"]}]},{\"@type\":\"ImageObject\",\"inLanguage\":\"pt-BR\",\"@id\":\"https:\\\/\\\/diretodasacristia.com\\\/home\\\/sem-categoria\\\/nada-mais-me-agrada-nesta-vida-2\\\/#primaryimage\",\"url\":\"http:\\\/\\\/2.bp.blogspot.com\\\/_LTO5Qx1HyJc\\\/THfD8DMsntI\\\/AAAAAAAAAsA\\\/rY-JLOF4w-o\\\/s320\\\/Santa+M%C3%B4nica.jpg\",\"contentUrl\":\"http:\\\/\\\/2.bp.blogspot.com\\\/_LTO5Qx1HyJc\\\/THfD8DMsntI\\\/AAAAAAAAAsA\\\/rY-JLOF4w-o\\\/s320\\\/Santa+M%C3%B4nica.jpg\"},{\"@type\":\"BreadcrumbList\",\"@id\":\"https:\\\/\\\/diretodasacristia.com\\\/home\\\/sem-categoria\\\/nada-mais-me-agrada-nesta-vida-2\\\/#breadcrumb\",\"itemListElement\":[{\"@type\":\"ListItem\",\"position\":1,\"name\":\"In\u00edcio\",\"item\":\"https:\\\/\\\/diretodasacristia.com\\\/home\\\/\"},{\"@type\":\"ListItem\",\"position\":2,\"name\":\"&#8220;Nada mais me agrada nesta vida&#8221;\"}]},{\"@type\":\"WebSite\",\"@id\":\"https:\\\/\\\/diretodasacristia.com\\\/home\\\/#website\",\"url\":\"https:\\\/\\\/diretodasacristia.com\\\/home\\\/\",\"name\":\"Direto da Sacristia\",\"description\":\"Not\u00edcias e artigos sobre a f\u00e9 cat\u00f3lica\",\"publisher\":{\"@id\":\"https:\\\/\\\/diretodasacristia.com\\\/home\\\/#organization\"},\"potentialAction\":[{\"@type\":\"SearchAction\",\"target\":{\"@type\":\"EntryPoint\",\"urlTemplate\":\"https:\\\/\\\/diretodasacristia.com\\\/home\\\/?s={search_term_string}\"},\"query-input\":{\"@type\":\"PropertyValueSpecification\",\"valueRequired\":true,\"valueName\":\"search_term_string\"}}],\"inLanguage\":\"pt-BR\"},{\"@type\":\"Organization\",\"@id\":\"https:\\\/\\\/diretodasacristia.com\\\/home\\\/#organization\",\"name\":\"Direto da Sacristia\",\"url\":\"https:\\\/\\\/diretodasacristia.com\\\/home\\\/\",\"logo\":{\"@type\":\"ImageObject\",\"inLanguage\":\"pt-BR\",\"@id\":\"https:\\\/\\\/diretodasacristia.com\\\/home\\\/#\\\/schema\\\/logo\\\/image\\\/\",\"url\":\"https:\\\/\\\/i0.wp.com\\\/diretodasacristia.com\\\/home\\\/wp-content\\\/uploads\\\/2012\\\/01\\\/marca-sacristia.png?fit=320%2C306&ssl=1\",\"contentUrl\":\"https:\\\/\\\/i0.wp.com\\\/diretodasacristia.com\\\/home\\\/wp-content\\\/uploads\\\/2012\\\/01\\\/marca-sacristia.png?fit=320%2C306&ssl=1\",\"width\":\"320\",\"height\":\"306\",\"caption\":\"Direto da Sacristia\"},\"image\":{\"@id\":\"https:\\\/\\\/diretodasacristia.com\\\/home\\\/#\\\/schema\\\/logo\\\/image\\\/\"},\"sameAs\":[\"https:\\\/\\\/www.facebook.com\\\/DiretoSacristia\",\"https:\\\/\\\/x.com\\\/diretosacristia\",\"https:\\\/\\\/www.instagram.com\\\/diretodasacristia\\\/\",\"https:\\\/\\\/www.youtube.com\\\/diretodasacristia\"]},{\"@type\":\"Person\",\"@id\":\"https:\\\/\\\/diretodasacristia.com\\\/home\\\/#\\\/schema\\\/person\\\/3d453ef1f7d57c0bb0990b8070642721\",\"name\":\"E. Mar\u00e7al\",\"image\":{\"@type\":\"ImageObject\",\"inLanguage\":\"pt-BR\",\"@id\":\"https:\\\/\\\/secure.gravatar.com\\\/avatar\\\/348ff80a5ddde3de6c8b6e0c5b066b733f9245285d9ab87cd2e2ff652ffa95b0?s=96&d=mm&r=g\",\"url\":\"https:\\\/\\\/secure.gravatar.com\\\/avatar\\\/348ff80a5ddde3de6c8b6e0c5b066b733f9245285d9ab87cd2e2ff652ffa95b0?s=96&d=mm&r=g\",\"contentUrl\":\"https:\\\/\\\/secure.gravatar.com\\\/avatar\\\/348ff80a5ddde3de6c8b6e0c5b066b733f9245285d9ab87cd2e2ff652ffa95b0?s=96&d=mm&r=g\",\"caption\":\"E. Mar\u00e7al\"},\"url\":\"https:\\\/\\\/diretodasacristia.com\\\/home\\\/author\\\/erick\\\/\"}]}<\/script>\n<!-- \/ Yoast SEO plugin. -->","yoast_head_json":{"title":"\"Nada mais me agrada nesta vida\" - Direto da Sacristia","robots":{"index":"index","follow":"follow","max-snippet":"max-snippet:-1","max-image-preview":"max-image-preview:large","max-video-preview":"max-video-preview:-1"},"canonical":"https:\/\/diretodasacristia.com\/home\/sem-categoria\/nada-mais-me-agrada-nesta-vida-2\/","og_locale":"pt_BR","og_type":"article","og_title":"\"Nada mais me agrada nesta vida\" - Direto da Sacristia","og_description":"Santo do dia: Santa M\u00f4nica, Vi\u00fava Santa M\u00f4nica, m\u00e3e de Santo Agostinho &#8220;V\u00f3s a ouvistes, \u00f3 Senhor, e aceitastes suas l\u00e1grimasque, de tantas derramadas em cont\u00ednua ora\u00e7\u00e3o,regariam toda a terra&#8221;. Ant\u00edfona pr\u00f3pria do Benedictus do of\u00edcio Nascida em uma fam\u00edlia profundamente crist\u00e3 e de boas condi\u00e7\u00f5es financeiras (ano 331), M\u00f4nica sempre meditava as Sagradas Escrituras,... Ver artigo","og_url":"https:\/\/diretodasacristia.com\/home\/sem-categoria\/nada-mais-me-agrada-nesta-vida-2\/","og_site_name":"Direto da Sacristia","article_publisher":"https:\/\/www.facebook.com\/DiretoSacristia","article_published_time":"2010-08-27T10:15:00+00:00","og_image":[{"url":"http:\/\/2.bp.blogspot.com\/_LTO5Qx1HyJc\/THfD8DMsntI\/AAAAAAAAAsA\/rY-JLOF4w-o\/s320\/Santa+M%C3%B4nica.jpg","type":"","width":"","height":""}],"author":"E. Mar\u00e7al","twitter_card":"summary_large_image","twitter_creator":"@diretosacristia","twitter_site":"@diretosacristia","twitter_misc":{"Escrito por":"E. Mar\u00e7al","Est. tempo de leitura":"5 minutos"},"schema":{"@context":"https:\/\/schema.org","@graph":[{"@type":"Article","@id":"https:\/\/diretodasacristia.com\/home\/sem-categoria\/nada-mais-me-agrada-nesta-vida-2\/#article","isPartOf":{"@id":"https:\/\/diretodasacristia.com\/home\/sem-categoria\/nada-mais-me-agrada-nesta-vida-2\/"},"author":{"name":"E. Mar\u00e7al","@id":"https:\/\/diretodasacristia.com\/home\/#\/schema\/person\/3d453ef1f7d57c0bb0990b8070642721"},"headline":"&#8220;Nada mais me agrada nesta vida&#8221;","datePublished":"2010-08-27T10:15:00+00:00","mainEntityOfPage":{"@id":"https:\/\/diretodasacristia.com\/home\/sem-categoria\/nada-mais-me-agrada-nesta-vida-2\/"},"wordCount":926,"commentCount":0,"publisher":{"@id":"https:\/\/diretodasacristia.com\/home\/#organization"},"image":{"@id":"https:\/\/diretodasacristia.com\/home\/sem-categoria\/nada-mais-me-agrada-nesta-vida-2\/#primaryimage"},"thumbnailUrl":"http:\/\/2.bp.blogspot.com\/_LTO5Qx1HyJc\/THfD8DMsntI\/AAAAAAAAAsA\/rY-JLOF4w-o\/s320\/Santa+M%C3%B4nica.jpg","inLanguage":"pt-BR","potentialAction":[{"@type":"CommentAction","name":"Comment","target":["https:\/\/diretodasacristia.com\/home\/sem-categoria\/nada-mais-me-agrada-nesta-vida-2\/#respond"]}]},{"@type":"WebPage","@id":"https:\/\/diretodasacristia.com\/home\/sem-categoria\/nada-mais-me-agrada-nesta-vida-2\/","url":"https:\/\/diretodasacristia.com\/home\/sem-categoria\/nada-mais-me-agrada-nesta-vida-2\/","name":"\"Nada mais me agrada nesta vida\" - Direto da Sacristia","isPartOf":{"@id":"https:\/\/diretodasacristia.com\/home\/#website"},"primaryImageOfPage":{"@id":"https:\/\/diretodasacristia.com\/home\/sem-categoria\/nada-mais-me-agrada-nesta-vida-2\/#primaryimage"},"image":{"@id":"https:\/\/diretodasacristia.com\/home\/sem-categoria\/nada-mais-me-agrada-nesta-vida-2\/#primaryimage"},"thumbnailUrl":"http:\/\/2.bp.blogspot.com\/_LTO5Qx1HyJc\/THfD8DMsntI\/AAAAAAAAAsA\/rY-JLOF4w-o\/s320\/Santa+M%C3%B4nica.jpg","datePublished":"2010-08-27T10:15:00+00:00","breadcrumb":{"@id":"https:\/\/diretodasacristia.com\/home\/sem-categoria\/nada-mais-me-agrada-nesta-vida-2\/#breadcrumb"},"inLanguage":"pt-BR","potentialAction":[{"@type":"ReadAction","target":["https:\/\/diretodasacristia.com\/home\/sem-categoria\/nada-mais-me-agrada-nesta-vida-2\/"]}]},{"@type":"ImageObject","inLanguage":"pt-BR","@id":"https:\/\/diretodasacristia.com\/home\/sem-categoria\/nada-mais-me-agrada-nesta-vida-2\/#primaryimage","url":"http:\/\/2.bp.blogspot.com\/_LTO5Qx1HyJc\/THfD8DMsntI\/AAAAAAAAAsA\/rY-JLOF4w-o\/s320\/Santa+M%C3%B4nica.jpg","contentUrl":"http:\/\/2.bp.blogspot.com\/_LTO5Qx1HyJc\/THfD8DMsntI\/AAAAAAAAAsA\/rY-JLOF4w-o\/s320\/Santa+M%C3%B4nica.jpg"},{"@type":"BreadcrumbList","@id":"https:\/\/diretodasacristia.com\/home\/sem-categoria\/nada-mais-me-agrada-nesta-vida-2\/#breadcrumb","itemListElement":[{"@type":"ListItem","position":1,"name":"In\u00edcio","item":"https:\/\/diretodasacristia.com\/home\/"},{"@type":"ListItem","position":2,"name":"&#8220;Nada mais me agrada nesta vida&#8221;"}]},{"@type":"WebSite","@id":"https:\/\/diretodasacristia.com\/home\/#website","url":"https:\/\/diretodasacristia.com\/home\/","name":"Direto da Sacristia","description":"Not\u00edcias e artigos sobre a f\u00e9 cat\u00f3lica","publisher":{"@id":"https:\/\/diretodasacristia.com\/home\/#organization"},"potentialAction":[{"@type":"SearchAction","target":{"@type":"EntryPoint","urlTemplate":"https:\/\/diretodasacristia.com\/home\/?s={search_term_string}"},"query-input":{"@type":"PropertyValueSpecification","valueRequired":true,"valueName":"search_term_string"}}],"inLanguage":"pt-BR"},{"@type":"Organization","@id":"https:\/\/diretodasacristia.com\/home\/#organization","name":"Direto da Sacristia","url":"https:\/\/diretodasacristia.com\/home\/","logo":{"@type":"ImageObject","inLanguage":"pt-BR","@id":"https:\/\/diretodasacristia.com\/home\/#\/schema\/logo\/image\/","url":"https:\/\/i0.wp.com\/diretodasacristia.com\/home\/wp-content\/uploads\/2012\/01\/marca-sacristia.png?fit=320%2C306&ssl=1","contentUrl":"https:\/\/i0.wp.com\/diretodasacristia.com\/home\/wp-content\/uploads\/2012\/01\/marca-sacristia.png?fit=320%2C306&ssl=1","width":"320","height":"306","caption":"Direto da Sacristia"},"image":{"@id":"https:\/\/diretodasacristia.com\/home\/#\/schema\/logo\/image\/"},"sameAs":["https:\/\/www.facebook.com\/DiretoSacristia","https:\/\/x.com\/diretosacristia","https:\/\/www.instagram.com\/diretodasacristia\/","https:\/\/www.youtube.com\/diretodasacristia"]},{"@type":"Person","@id":"https:\/\/diretodasacristia.com\/home\/#\/schema\/person\/3d453ef1f7d57c0bb0990b8070642721","name":"E. Mar\u00e7al","image":{"@type":"ImageObject","inLanguage":"pt-BR","@id":"https:\/\/secure.gravatar.com\/avatar\/348ff80a5ddde3de6c8b6e0c5b066b733f9245285d9ab87cd2e2ff652ffa95b0?s=96&d=mm&r=g","url":"https:\/\/secure.gravatar.com\/avatar\/348ff80a5ddde3de6c8b6e0c5b066b733f9245285d9ab87cd2e2ff652ffa95b0?s=96&d=mm&r=g","contentUrl":"https:\/\/secure.gravatar.com\/avatar\/348ff80a5ddde3de6c8b6e0c5b066b733f9245285d9ab87cd2e2ff652ffa95b0?s=96&d=mm&r=g","caption":"E. Mar\u00e7al"},"url":"https:\/\/diretodasacristia.com\/home\/author\/erick\/"}]}},"jetpack_publicize_connections":[],"jetpack_featured_media_url":"","jetpack_sharing_enabled":true,"jetpack_shortlink":"https:\/\/wp.me\/p24aG7-Fl","jetpack-related-posts":[{"id":2559,"url":"https:\/\/diretodasacristia.com\/home\/sem-categoria\/busca-incansavel-pela-verdade-2\/","url_meta":{"origin":2563,"position":0},"title":"Busca incans\u00e1vel pela Verdade","author":"E. Mar\u00e7al","date":"28 de agosto de 2010","format":false,"excerpt":"Santo do dia: Santo Agostinho, Bispo e Doutor da IgrejaSanto Agostinho\"Pois, Senhor, V\u00f3s nos fizestes para V\u00f3s; e inquieto est\u00e1 o nosso cora\u00e7\u00e3o, enquanto n\u00e3o repouse em V\u00f3s, Senhor\"Ant\u00edfona pr\u00f3pria do Benedictus do of\u00edcio da mem\u00f3ria Aur\u00e9lio Agostinho nasceu na cidade de Tagaste (13 novembro 354), na \u00e9poca uma prov\u00edncia\u2026","rel":"","context":"Em &quot;Sem categoria&quot;","block_context":{"text":"Sem categoria","link":"https:\/\/diretodasacristia.com\/home\/c\/sem-categoria\/"},"img":{"alt_text":"","src":"","width":0,"height":0},"classes":[]},{"id":2566,"url":"https:\/\/diretodasacristia.com\/home\/sem-categoria\/audiencia-geral-em-castel-gandolfo\/","url_meta":{"origin":2563,"position":1},"title":"Audi\u00eancia-geral em Castel Gandolfo","author":"E. Mar\u00e7al","date":"25 de agosto de 2010","format":false,"excerpt":"Do boletim da Sala de Imprensa da Santa S\u00e9Santo Agostinho e a busca incans\u00e1vel pela Verdade\u00c0s 10h30min de hoje, o Santo Padre Bento XVI, no p\u00e1tio interno da resid\u00eancia pont\u00edficia, o Pal\u00e1cio de Castel Gandolfo, saudou os fi\u00e9is e peregrinos reunidos para a Audi\u00eancia-geral de quarta-feira.Em seu discurso em italiano,\u2026","rel":"","context":"Em &quot;Sem categoria&quot;","block_context":{"text":"Sem categoria","link":"https:\/\/diretodasacristia.com\/home\/c\/sem-categoria\/"},"img":{"alt_text":"","src":"","width":0,"height":0},"classes":[]},{"id":2583,"url":"https:\/\/diretodasacristia.com\/home\/sem-categoria\/programa-da-viagem-apostolica-do-santo-padre-ao-reino-unido-2\/","url_meta":{"origin":2563,"position":2},"title":"Programa da viagem apost\u00f3lica do Santo Padre ao Reino Unido","author":"E. Mar\u00e7al","date":"18 de agosto de 2010","format":false,"excerpt":"Do boletim da Sala de Imprensa da Santa S\u00e9Na ocasi\u00e3o da beatifica\u00e7\u00e3o do Cardeal John Newman 16 a 19 de setembro de 2010 Quinta-feira, 16 de setembro de 2010 Roma 08h10min - Partida de avi\u00e3o do Aeroporto Ciampino a Edinburgh.Edinburgh 10h30min - Chegada ao Aeroporto Internacional de Edinburgh. Recep\u00e7\u00e3o oficial11h00min\u2026","rel":"","context":"Em &quot;Sem categoria&quot;","block_context":{"text":"Sem categoria","link":"https:\/\/diretodasacristia.com\/home\/c\/sem-categoria\/"},"img":{"alt_text":"","src":"","width":0,"height":0},"classes":[]},{"id":2464,"url":"https:\/\/diretodasacristia.com\/home\/sem-categoria\/84-anos-do-santo-padre-2\/","url_meta":{"origin":2563,"position":3},"title":"84 anos do Santo Padre","author":"E. Mar\u00e7al","date":"16 de abril de 2011","format":false,"excerpt":"Mesmo sem ser costume do Vaticano comemorar o anivers\u00e1rio natal\u00edcio do Santo Padre, rezemos por Bento XVI que hoje celebra seu 84\u00ba anivers\u00e1rio natal\u00edcio. Ele nasceu numa manh\u00e3 de Vig\u00edlia Pascal e foi no mesmo dia batizado. Em sua autobiografia, lembra que as pessoas de sua \u00e9poca viam como um\u2026","rel":"","context":"Em &quot;Sem categoria&quot;","block_context":{"text":"Sem categoria","link":"https:\/\/diretodasacristia.com\/home\/c\/sem-categoria\/"},"img":{"alt_text":"","src":"","width":0,"height":0},"classes":[]},{"id":91,"url":"https:\/\/diretodasacristia.com\/home\/sem-categoria\/onomastico-do-santo-padre-2\/","url_meta":{"origin":2563,"position":4},"title":"Onom\u00e1stico do Santo Padre","author":"E. Mar\u00e7al","date":"19 de mar\u00e7o de 2011","format":false,"excerpt":"Na Solenidade de S\u00e3o Jos\u00e9, Patrono universal da Igreja e o primeiro a prestarmos culto depois de sua Sant\u00edssima Esposa, unamo-nos espiritualmente ao Vig\u00e1rio de Cristo na terra no dia de seu anivers\u00e1rio onom\u00e1stico. Costume difundido no Vaticano de comemorar-se apenas esse dia, em substitui\u00e7\u00e3o da comemora\u00e7\u00e3o do natal\u00edcio. Pe\u00e7amos\u2026","rel":"","context":"Em &quot;Sem categoria&quot;","block_context":{"text":"Sem categoria","link":"https:\/\/diretodasacristia.com\/home\/c\/sem-categoria\/"},"img":{"alt_text":"","src":"","width":0,"height":0},"classes":[]},{"id":2518,"url":"https:\/\/diretodasacristia.com\/home\/sem-categoria\/algumas-fotos-do-santo-padre-no-reino-unido-2\/","url_meta":{"origin":2563,"position":5},"title":"Algumas fotos do Santo Padre no Reino Unido","author":"E. Mar\u00e7al","date":"21 de setembro de 2010","format":false,"excerpt":"Pedro ainda surpreende a Inglaterra anglicanaDepois do sucesso, antes desacreditado pela imprensa inglesa, da visita pastoral do Santo Padre Bento XVI ao Reino Unido, confira fotos de alguns momentos.Encontro de Sua Santidade Bento XVI com Elisabeth II, Rainha da Gr\u00e3-Bretanhado lado direito do Papa o rei consorte Filipe, Duque de\u2026","rel":"","context":"Em &quot;Sem categoria&quot;","block_context":{"text":"Sem categoria","link":"https:\/\/diretodasacristia.com\/home\/c\/sem-categoria\/"},"img":{"alt_text":"","src":"","width":0,"height":0},"classes":[]}],"post_mailing_queue_ids":[],"_links":{"self":[{"href":"https:\/\/diretodasacristia.com\/home\/wp-json\/wp\/v2\/posts\/2563","targetHints":{"allow":["GET"]}}],"collection":[{"href":"https:\/\/diretodasacristia.com\/home\/wp-json\/wp\/v2\/posts"}],"about":[{"href":"https:\/\/diretodasacristia.com\/home\/wp-json\/wp\/v2\/types\/post"}],"author":[{"embeddable":true,"href":"https:\/\/diretodasacristia.com\/home\/wp-json\/wp\/v2\/users\/3"}],"replies":[{"embeddable":true,"href":"https:\/\/diretodasacristia.com\/home\/wp-json\/wp\/v2\/comments?post=2563"}],"version-history":[{"count":0,"href":"https:\/\/diretodasacristia.com\/home\/wp-json\/wp\/v2\/posts\/2563\/revisions"}],"wp:attachment":[{"href":"https:\/\/diretodasacristia.com\/home\/wp-json\/wp\/v2\/media?parent=2563"}],"wp:term":[{"taxonomy":"category","embeddable":true,"href":"https:\/\/diretodasacristia.com\/home\/wp-json\/wp\/v2\/categories?post=2563"},{"taxonomy":"post_tag","embeddable":true,"href":"https:\/\/diretodasacristia.com\/home\/wp-json\/wp\/v2\/tags?post=2563"}],"curies":[{"name":"wp","href":"https:\/\/api.w.org\/{rel}","templated":true}]}}