{"id":2566,"date":"2010-08-25T10:10:00","date_gmt":"2010-08-25T10:10:00","guid":{"rendered":"http:\/\/diretodasacristia.com\/home\/sem-categoria\/audiencia-geral-em-castel-gandolfo\/"},"modified":"2010-08-25T10:10:00","modified_gmt":"2010-08-25T10:10:00","slug":"audiencia-geral-em-castel-gandolfo","status":"publish","type":"post","link":"https:\/\/diretodasacristia.com\/home\/sem-categoria\/audiencia-geral-em-castel-gandolfo\/","title":{"rendered":"Audi\u00eancia-geral em Castel Gandolfo"},"content":{"rendered":"<p><span style=\"font-family:verdana;\">Do <a href=\"http:\/\/press.catholica.va\/news_services\/bulletin\/news\/25943.php?index=25943&amp;lang=po\">boletim da Sala de Imprensa da Santa S\u00e9<\/a><\/span><\/p>\n<p><a onblur=\"try {parent.deselectBloggerImageGracefully();} catch(e) {}\" href=\"http:\/\/1.bp.blogspot.com\/_LTO5Qx1HyJc\/THUfYdaUx-I\/AAAAAAAAAoE\/M9fqwl6hU64\/s1600\/Bras%C3%A3o+Vaticano+%28editado%29.jpg\"><img decoding=\"async\" style=\"display: block; margin: 0px auto 10px; text-align: center; cursor: pointer; width: 136px; height: 160px;\" src=\"http:\/\/1.bp.blogspot.com\/_LTO5Qx1HyJc\/THUfYdaUx-I\/AAAAAAAAAoE\/M9fqwl6hU64\/s320\/Bras%C3%A3o+Vaticano+%28editado%29.jpg\" alt=\"\" id=\"BLOGGER_PHOTO_ID_5509344224230033378\" border=\"0\" \/><\/a><\/p>\n<div style=\"text-align: center;\"><span style=\"font-weight: bold;font-family:verdana;\">Santo Agostinho e <\/span><br \/><span style=\"font-weight: bold;font-family:verdana;\">a busca incans\u00e1vel pela Verdade<\/span><\/div>\n<p><a onblur=\"try {parent.deselectBloggerImageGracefully();} catch(e) {}\" href=\"http:\/\/1.bp.blogspot.com\/_LTO5Qx1HyJc\/THUfYAhdHWI\/AAAAAAAAAn8\/nAJIiyE2r_o\/s1600\/Bento+XVI+Castel+Gandolfo+3.jpg\"><img decoding=\"async\" style=\"display: block; margin: 0px auto 10px; text-align: center; cursor: pointer; width: 223px; height: 320px;\" src=\"http:\/\/1.bp.blogspot.com\/_LTO5Qx1HyJc\/THUfYAhdHWI\/AAAAAAAAAn8\/nAJIiyE2r_o\/s320\/Bento+XVI+Castel+Gandolfo+3.jpg\" alt=\"\" id=\"BLOGGER_PHOTO_ID_5509344216475311458\" border=\"0\" \/><\/a><\/p>\n<div style=\"text-align: justify;\"><span style=\"font-family:verdana;\">\u00c0s 10h30min de hoje, o Santo Padre Bento XVI, no p\u00e1tio interno da resid\u00eancia pont\u00edficia, o Pal\u00e1cio de Castel Gandolfo, saudou os fi\u00e9is e peregrinos reunidos para a Audi\u00eancia-geral de quarta-feira.<\/span><\/p>\n<p><span style=\"font-family:verdana;\">Em seu discurso em italiano, o Papa centrou-se na figura de Santo Agostinho. Em seguida, cumprimentou em l\u00ednguas diferentes os grupos de fi\u00e9is presentes. Finalmente, ele apelou para o fim da viol\u00eancia em Mogad\u00edscia (Som\u00e1lia).<\/span><\/p>\n<p><span style=\"font-family:verdana;\">A audi\u00eancia terminou com o canto do Pater Noster e a B\u00ean\u00e7\u00e3o Apost\u00f3lica.<\/p>\n<p>O Santo Padre ainda pediu que todos tenham um santo que lhe seja &#8220;familiar, para sentir de perto com a ora\u00e7\u00e3o intercess\u00e3o, mas tamb\u00e9m para imit\u00e1-lo&#8221;. Disse ainda que, como todos sabem, ele \u00e9 &#8220;ligado de uma forma especial a algumas figuras de santos, entres eles, S\u00e3o Jos\u00e9 (de quem toma o nome Joseph) e S\u00e3o Bento, donde vem seu nome pont\u00edfico&#8221;. Quanto a Santo Agostinho, se lhe tornou um &#8220;companheiro &#8216;bom&#8217; em sua vida e em seu minist\u00e9rio, e foi &#8220;um homem que nunca viveu com superficialidade; sede e incans\u00e1vel busca constante para a Verdade \u00e9 uma das caracter\u00edsticas b\u00e1sicas de sua exist\u00eancia, n\u00e3o, por\u00e9m, as &#8216;pseudo-verdades&#8217; &#8211; elas s\u00e3o incapazes de dar paz duradoura ao cora\u00e7\u00e3o&#8221;.<\/p>\n<p>Em l\u00edngua portuguesa, disse: &#8220;Queridos peregrinos vindos do Brasil e de Portugal, a minha sauda\u00e7\u00e3o amiga para todos v\u00f3s, em especial para os grupos paroquiais de Unhos, Catujal e Viseu. Recordamos nestes dias Santo Agostinho e sua m\u00e3e, Santa M\u00f3nica, testemunhas de como Jesus Cristo Se deixa encontrar por quantos O procuram. E, com Ele, a vossa vida n\u00e3o poder\u00e1 deixar de ser feliz&#8221;.<\/p>\n<p><\/span><a onblur=\"try {parent.deselectBloggerImageGracefully();} catch(e) {}\" href=\"http:\/\/4.bp.blogspot.com\/_LTO5Qx1HyJc\/THUfXYVnyPI\/AAAAAAAAAn0\/zHNTHtpvlEY\/s1600\/060_small.gif\"><img decoding=\"async\" style=\"display: block; margin: 0px auto 10px; text-align: center; cursor: pointer; width: 33px; height: 33px;\" src=\"http:\/\/4.bp.blogspot.com\/_LTO5Qx1HyJc\/THUfXYVnyPI\/AAAAAAAAAn0\/zHNTHtpvlEY\/s320\/060_small.gif\" alt=\"\" id=\"BLOGGER_PHOTO_ID_5509344205688260850\" border=\"0\" \/><\/a><\/div>\n","protected":false},"excerpt":{"rendered":"Do boletim da Sala de Imprensa da Santa S\u00e9 Santo Agostinho e a busca incans\u00e1vel pela Verdade \u00c0s 10h30min de hoje, o Santo Padre Bento XVI, no p\u00e1tio interno da resid\u00eancia pont\u00edficia, o Pal\u00e1cio de Castel Gandolfo, saudou os fi\u00e9is e peregrinos reunidos para a Audi\u00eancia-geral de quarta-feira. Em seu discurso em italiano, o Papa&#8230; <a class=\"view-article\" href=\"https:\/\/diretodasacristia.com\/home\/sem-categoria\/audiencia-geral-em-castel-gandolfo\/\">Ver artigo<\/a>","protected":false},"author":3,"featured_media":0,"comment_status":"open","ping_status":"open","sticky":false,"template":"","format":"standard","meta":{"jetpack_post_was_ever_published":false,"_jetpack_newsletter_access":"","_jetpack_dont_email_post_to_subs":false,"_jetpack_newsletter_tier_id":0,"_jetpack_memberships_contains_paywalled_content":false,"_jetpack_memberships_contains_paid_content":false,"_joinchat":[],"footnotes":"","jetpack_publicize_message":"","jetpack_publicize_feature_enabled":true,"jetpack_social_post_already_shared":false,"jetpack_social_options":{"image_generator_settings":{"template":"highway","default_image_id":0,"font":"","enabled":false},"version":2}},"categories":[1],"tags":[],"class_list":["post-2566","post","type-post","status-publish","format-standard","hentry","category-sem-categoria"],"yoast_head":"<!-- This site is optimized with the Yoast SEO plugin v27.4 - https:\/\/yoast.com\/product\/yoast-seo-wordpress\/ -->\n<title>Audi\u00eancia-geral em Castel Gandolfo - Direto da Sacristia<\/title>\n<meta name=\"robots\" content=\"index, follow, max-snippet:-1, max-image-preview:large, max-video-preview:-1\" \/>\n<link rel=\"canonical\" href=\"https:\/\/diretodasacristia.com\/home\/sem-categoria\/audiencia-geral-em-castel-gandolfo\/\" \/>\n<meta property=\"og:locale\" content=\"pt_BR\" \/>\n<meta property=\"og:type\" content=\"article\" \/>\n<meta property=\"og:title\" content=\"Audi\u00eancia-geral em Castel Gandolfo - Direto da Sacristia\" \/>\n<meta property=\"og:description\" content=\"Do boletim da Sala de Imprensa da Santa S\u00e9 Santo Agostinho e a busca incans\u00e1vel pela Verdade \u00c0s 10h30min de hoje, o Santo Padre Bento XVI, no p\u00e1tio interno da resid\u00eancia pont\u00edficia, o Pal\u00e1cio de Castel Gandolfo, saudou os fi\u00e9is e peregrinos reunidos para a Audi\u00eancia-geral de quarta-feira. Em seu discurso em italiano, o Papa... Ver artigo\" \/>\n<meta property=\"og:url\" content=\"https:\/\/diretodasacristia.com\/home\/sem-categoria\/audiencia-geral-em-castel-gandolfo\/\" \/>\n<meta property=\"og:site_name\" content=\"Direto da Sacristia\" \/>\n<meta property=\"article:publisher\" content=\"https:\/\/www.facebook.com\/DiretoSacristia\" \/>\n<meta property=\"article:published_time\" content=\"2010-08-25T10:10:00+00:00\" \/>\n<meta property=\"og:image\" content=\"http:\/\/1.bp.blogspot.com\/_LTO5Qx1HyJc\/THUfYdaUx-I\/AAAAAAAAAoE\/M9fqwl6hU64\/s320\/Bras%C3%A3o+Vaticano+%28editado%29.jpg\" \/>\n<meta name=\"author\" content=\"E. Mar\u00e7al\" \/>\n<meta name=\"twitter:card\" content=\"summary_large_image\" \/>\n<meta name=\"twitter:creator\" content=\"@diretosacristia\" \/>\n<meta name=\"twitter:site\" content=\"@diretosacristia\" \/>\n<meta name=\"twitter:label1\" content=\"Escrito por\" \/>\n\t<meta name=\"twitter:data1\" content=\"E. Mar\u00e7al\" \/>\n\t<meta name=\"twitter:label2\" content=\"Est. tempo de leitura\" \/>\n\t<meta name=\"twitter:data2\" content=\"2 minutos\" \/>\n<script type=\"application\/ld+json\" class=\"yoast-schema-graph\">{\"@context\":\"https:\\\/\\\/schema.org\",\"@graph\":[{\"@type\":\"Article\",\"@id\":\"https:\\\/\\\/diretodasacristia.com\\\/home\\\/sem-categoria\\\/audiencia-geral-em-castel-gandolfo\\\/#article\",\"isPartOf\":{\"@id\":\"https:\\\/\\\/diretodasacristia.com\\\/home\\\/sem-categoria\\\/audiencia-geral-em-castel-gandolfo\\\/\"},\"author\":{\"name\":\"E. Mar\u00e7al\",\"@id\":\"https:\\\/\\\/diretodasacristia.com\\\/home\\\/#\\\/schema\\\/person\\\/3d453ef1f7d57c0bb0990b8070642721\"},\"headline\":\"Audi\u00eancia-geral em Castel Gandolfo\",\"datePublished\":\"2010-08-25T10:10:00+00:00\",\"mainEntityOfPage\":{\"@id\":\"https:\\\/\\\/diretodasacristia.com\\\/home\\\/sem-categoria\\\/audiencia-geral-em-castel-gandolfo\\\/\"},\"wordCount\":320,\"commentCount\":0,\"publisher\":{\"@id\":\"https:\\\/\\\/diretodasacristia.com\\\/home\\\/#organization\"},\"image\":{\"@id\":\"https:\\\/\\\/diretodasacristia.com\\\/home\\\/sem-categoria\\\/audiencia-geral-em-castel-gandolfo\\\/#primaryimage\"},\"thumbnailUrl\":\"http:\\\/\\\/1.bp.blogspot.com\\\/_LTO5Qx1HyJc\\\/THUfYdaUx-I\\\/AAAAAAAAAoE\\\/M9fqwl6hU64\\\/s320\\\/Bras%C3%A3o+Vaticano+%28editado%29.jpg\",\"inLanguage\":\"pt-BR\",\"potentialAction\":[{\"@type\":\"CommentAction\",\"name\":\"Comment\",\"target\":[\"https:\\\/\\\/diretodasacristia.com\\\/home\\\/sem-categoria\\\/audiencia-geral-em-castel-gandolfo\\\/#respond\"]}]},{\"@type\":\"WebPage\",\"@id\":\"https:\\\/\\\/diretodasacristia.com\\\/home\\\/sem-categoria\\\/audiencia-geral-em-castel-gandolfo\\\/\",\"url\":\"https:\\\/\\\/diretodasacristia.com\\\/home\\\/sem-categoria\\\/audiencia-geral-em-castel-gandolfo\\\/\",\"name\":\"Audi\u00eancia-geral em Castel Gandolfo - Direto da Sacristia\",\"isPartOf\":{\"@id\":\"https:\\\/\\\/diretodasacristia.com\\\/home\\\/#website\"},\"primaryImageOfPage\":{\"@id\":\"https:\\\/\\\/diretodasacristia.com\\\/home\\\/sem-categoria\\\/audiencia-geral-em-castel-gandolfo\\\/#primaryimage\"},\"image\":{\"@id\":\"https:\\\/\\\/diretodasacristia.com\\\/home\\\/sem-categoria\\\/audiencia-geral-em-castel-gandolfo\\\/#primaryimage\"},\"thumbnailUrl\":\"http:\\\/\\\/1.bp.blogspot.com\\\/_LTO5Qx1HyJc\\\/THUfYdaUx-I\\\/AAAAAAAAAoE\\\/M9fqwl6hU64\\\/s320\\\/Bras%C3%A3o+Vaticano+%28editado%29.jpg\",\"datePublished\":\"2010-08-25T10:10:00+00:00\",\"breadcrumb\":{\"@id\":\"https:\\\/\\\/diretodasacristia.com\\\/home\\\/sem-categoria\\\/audiencia-geral-em-castel-gandolfo\\\/#breadcrumb\"},\"inLanguage\":\"pt-BR\",\"potentialAction\":[{\"@type\":\"ReadAction\",\"target\":[\"https:\\\/\\\/diretodasacristia.com\\\/home\\\/sem-categoria\\\/audiencia-geral-em-castel-gandolfo\\\/\"]}]},{\"@type\":\"ImageObject\",\"inLanguage\":\"pt-BR\",\"@id\":\"https:\\\/\\\/diretodasacristia.com\\\/home\\\/sem-categoria\\\/audiencia-geral-em-castel-gandolfo\\\/#primaryimage\",\"url\":\"http:\\\/\\\/1.bp.blogspot.com\\\/_LTO5Qx1HyJc\\\/THUfYdaUx-I\\\/AAAAAAAAAoE\\\/M9fqwl6hU64\\\/s320\\\/Bras%C3%A3o+Vaticano+%28editado%29.jpg\",\"contentUrl\":\"http:\\\/\\\/1.bp.blogspot.com\\\/_LTO5Qx1HyJc\\\/THUfYdaUx-I\\\/AAAAAAAAAoE\\\/M9fqwl6hU64\\\/s320\\\/Bras%C3%A3o+Vaticano+%28editado%29.jpg\"},{\"@type\":\"BreadcrumbList\",\"@id\":\"https:\\\/\\\/diretodasacristia.com\\\/home\\\/sem-categoria\\\/audiencia-geral-em-castel-gandolfo\\\/#breadcrumb\",\"itemListElement\":[{\"@type\":\"ListItem\",\"position\":1,\"name\":\"In\u00edcio\",\"item\":\"https:\\\/\\\/diretodasacristia.com\\\/home\\\/\"},{\"@type\":\"ListItem\",\"position\":2,\"name\":\"Audi\u00eancia-geral em Castel Gandolfo\"}]},{\"@type\":\"WebSite\",\"@id\":\"https:\\\/\\\/diretodasacristia.com\\\/home\\\/#website\",\"url\":\"https:\\\/\\\/diretodasacristia.com\\\/home\\\/\",\"name\":\"Direto da Sacristia\",\"description\":\"Not\u00edcias e artigos sobre a f\u00e9 cat\u00f3lica\",\"publisher\":{\"@id\":\"https:\\\/\\\/diretodasacristia.com\\\/home\\\/#organization\"},\"potentialAction\":[{\"@type\":\"SearchAction\",\"target\":{\"@type\":\"EntryPoint\",\"urlTemplate\":\"https:\\\/\\\/diretodasacristia.com\\\/home\\\/?s={search_term_string}\"},\"query-input\":{\"@type\":\"PropertyValueSpecification\",\"valueRequired\":true,\"valueName\":\"search_term_string\"}}],\"inLanguage\":\"pt-BR\"},{\"@type\":\"Organization\",\"@id\":\"https:\\\/\\\/diretodasacristia.com\\\/home\\\/#organization\",\"name\":\"Direto da Sacristia\",\"url\":\"https:\\\/\\\/diretodasacristia.com\\\/home\\\/\",\"logo\":{\"@type\":\"ImageObject\",\"inLanguage\":\"pt-BR\",\"@id\":\"https:\\\/\\\/diretodasacristia.com\\\/home\\\/#\\\/schema\\\/logo\\\/image\\\/\",\"url\":\"https:\\\/\\\/i0.wp.com\\\/diretodasacristia.com\\\/home\\\/wp-content\\\/uploads\\\/2012\\\/01\\\/marca-sacristia.png?fit=320%2C306&ssl=1\",\"contentUrl\":\"https:\\\/\\\/i0.wp.com\\\/diretodasacristia.com\\\/home\\\/wp-content\\\/uploads\\\/2012\\\/01\\\/marca-sacristia.png?fit=320%2C306&ssl=1\",\"width\":\"320\",\"height\":\"306\",\"caption\":\"Direto da Sacristia\"},\"image\":{\"@id\":\"https:\\\/\\\/diretodasacristia.com\\\/home\\\/#\\\/schema\\\/logo\\\/image\\\/\"},\"sameAs\":[\"https:\\\/\\\/www.facebook.com\\\/DiretoSacristia\",\"https:\\\/\\\/x.com\\\/diretosacristia\",\"https:\\\/\\\/www.instagram.com\\\/diretodasacristia\\\/\",\"https:\\\/\\\/www.youtube.com\\\/diretodasacristia\"]},{\"@type\":\"Person\",\"@id\":\"https:\\\/\\\/diretodasacristia.com\\\/home\\\/#\\\/schema\\\/person\\\/3d453ef1f7d57c0bb0990b8070642721\",\"name\":\"E. Mar\u00e7al\",\"image\":{\"@type\":\"ImageObject\",\"inLanguage\":\"pt-BR\",\"@id\":\"https:\\\/\\\/secure.gravatar.com\\\/avatar\\\/348ff80a5ddde3de6c8b6e0c5b066b733f9245285d9ab87cd2e2ff652ffa95b0?s=96&d=mm&r=g\",\"url\":\"https:\\\/\\\/secure.gravatar.com\\\/avatar\\\/348ff80a5ddde3de6c8b6e0c5b066b733f9245285d9ab87cd2e2ff652ffa95b0?s=96&d=mm&r=g\",\"contentUrl\":\"https:\\\/\\\/secure.gravatar.com\\\/avatar\\\/348ff80a5ddde3de6c8b6e0c5b066b733f9245285d9ab87cd2e2ff652ffa95b0?s=96&d=mm&r=g\",\"caption\":\"E. Mar\u00e7al\"},\"url\":\"https:\\\/\\\/diretodasacristia.com\\\/home\\\/author\\\/erick\\\/\"}]}<\/script>\n<!-- \/ Yoast SEO plugin. -->","yoast_head_json":{"title":"Audi\u00eancia-geral em Castel Gandolfo - Direto da Sacristia","robots":{"index":"index","follow":"follow","max-snippet":"max-snippet:-1","max-image-preview":"max-image-preview:large","max-video-preview":"max-video-preview:-1"},"canonical":"https:\/\/diretodasacristia.com\/home\/sem-categoria\/audiencia-geral-em-castel-gandolfo\/","og_locale":"pt_BR","og_type":"article","og_title":"Audi\u00eancia-geral em Castel Gandolfo - Direto da Sacristia","og_description":"Do boletim da Sala de Imprensa da Santa S\u00e9 Santo Agostinho e a busca incans\u00e1vel pela Verdade \u00c0s 10h30min de hoje, o Santo Padre Bento XVI, no p\u00e1tio interno da resid\u00eancia pont\u00edficia, o Pal\u00e1cio de Castel Gandolfo, saudou os fi\u00e9is e peregrinos reunidos para a Audi\u00eancia-geral de quarta-feira. Em seu discurso em italiano, o Papa... Ver artigo","og_url":"https:\/\/diretodasacristia.com\/home\/sem-categoria\/audiencia-geral-em-castel-gandolfo\/","og_site_name":"Direto da Sacristia","article_publisher":"https:\/\/www.facebook.com\/DiretoSacristia","article_published_time":"2010-08-25T10:10:00+00:00","og_image":[{"url":"http:\/\/1.bp.blogspot.com\/_LTO5Qx1HyJc\/THUfYdaUx-I\/AAAAAAAAAoE\/M9fqwl6hU64\/s320\/Bras%C3%A3o+Vaticano+%28editado%29.jpg","type":"","width":"","height":""}],"author":"E. Mar\u00e7al","twitter_card":"summary_large_image","twitter_creator":"@diretosacristia","twitter_site":"@diretosacristia","twitter_misc":{"Escrito por":"E. Mar\u00e7al","Est. tempo de leitura":"2 minutos"},"schema":{"@context":"https:\/\/schema.org","@graph":[{"@type":"Article","@id":"https:\/\/diretodasacristia.com\/home\/sem-categoria\/audiencia-geral-em-castel-gandolfo\/#article","isPartOf":{"@id":"https:\/\/diretodasacristia.com\/home\/sem-categoria\/audiencia-geral-em-castel-gandolfo\/"},"author":{"name":"E. Mar\u00e7al","@id":"https:\/\/diretodasacristia.com\/home\/#\/schema\/person\/3d453ef1f7d57c0bb0990b8070642721"},"headline":"Audi\u00eancia-geral em Castel Gandolfo","datePublished":"2010-08-25T10:10:00+00:00","mainEntityOfPage":{"@id":"https:\/\/diretodasacristia.com\/home\/sem-categoria\/audiencia-geral-em-castel-gandolfo\/"},"wordCount":320,"commentCount":0,"publisher":{"@id":"https:\/\/diretodasacristia.com\/home\/#organization"},"image":{"@id":"https:\/\/diretodasacristia.com\/home\/sem-categoria\/audiencia-geral-em-castel-gandolfo\/#primaryimage"},"thumbnailUrl":"http:\/\/1.bp.blogspot.com\/_LTO5Qx1HyJc\/THUfYdaUx-I\/AAAAAAAAAoE\/M9fqwl6hU64\/s320\/Bras%C3%A3o+Vaticano+%28editado%29.jpg","inLanguage":"pt-BR","potentialAction":[{"@type":"CommentAction","name":"Comment","target":["https:\/\/diretodasacristia.com\/home\/sem-categoria\/audiencia-geral-em-castel-gandolfo\/#respond"]}]},{"@type":"WebPage","@id":"https:\/\/diretodasacristia.com\/home\/sem-categoria\/audiencia-geral-em-castel-gandolfo\/","url":"https:\/\/diretodasacristia.com\/home\/sem-categoria\/audiencia-geral-em-castel-gandolfo\/","name":"Audi\u00eancia-geral em Castel Gandolfo - Direto da Sacristia","isPartOf":{"@id":"https:\/\/diretodasacristia.com\/home\/#website"},"primaryImageOfPage":{"@id":"https:\/\/diretodasacristia.com\/home\/sem-categoria\/audiencia-geral-em-castel-gandolfo\/#primaryimage"},"image":{"@id":"https:\/\/diretodasacristia.com\/home\/sem-categoria\/audiencia-geral-em-castel-gandolfo\/#primaryimage"},"thumbnailUrl":"http:\/\/1.bp.blogspot.com\/_LTO5Qx1HyJc\/THUfYdaUx-I\/AAAAAAAAAoE\/M9fqwl6hU64\/s320\/Bras%C3%A3o+Vaticano+%28editado%29.jpg","datePublished":"2010-08-25T10:10:00+00:00","breadcrumb":{"@id":"https:\/\/diretodasacristia.com\/home\/sem-categoria\/audiencia-geral-em-castel-gandolfo\/#breadcrumb"},"inLanguage":"pt-BR","potentialAction":[{"@type":"ReadAction","target":["https:\/\/diretodasacristia.com\/home\/sem-categoria\/audiencia-geral-em-castel-gandolfo\/"]}]},{"@type":"ImageObject","inLanguage":"pt-BR","@id":"https:\/\/diretodasacristia.com\/home\/sem-categoria\/audiencia-geral-em-castel-gandolfo\/#primaryimage","url":"http:\/\/1.bp.blogspot.com\/_LTO5Qx1HyJc\/THUfYdaUx-I\/AAAAAAAAAoE\/M9fqwl6hU64\/s320\/Bras%C3%A3o+Vaticano+%28editado%29.jpg","contentUrl":"http:\/\/1.bp.blogspot.com\/_LTO5Qx1HyJc\/THUfYdaUx-I\/AAAAAAAAAoE\/M9fqwl6hU64\/s320\/Bras%C3%A3o+Vaticano+%28editado%29.jpg"},{"@type":"BreadcrumbList","@id":"https:\/\/diretodasacristia.com\/home\/sem-categoria\/audiencia-geral-em-castel-gandolfo\/#breadcrumb","itemListElement":[{"@type":"ListItem","position":1,"name":"In\u00edcio","item":"https:\/\/diretodasacristia.com\/home\/"},{"@type":"ListItem","position":2,"name":"Audi\u00eancia-geral em Castel Gandolfo"}]},{"@type":"WebSite","@id":"https:\/\/diretodasacristia.com\/home\/#website","url":"https:\/\/diretodasacristia.com\/home\/","name":"Direto da Sacristia","description":"Not\u00edcias e artigos sobre a f\u00e9 cat\u00f3lica","publisher":{"@id":"https:\/\/diretodasacristia.com\/home\/#organization"},"potentialAction":[{"@type":"SearchAction","target":{"@type":"EntryPoint","urlTemplate":"https:\/\/diretodasacristia.com\/home\/?s={search_term_string}"},"query-input":{"@type":"PropertyValueSpecification","valueRequired":true,"valueName":"search_term_string"}}],"inLanguage":"pt-BR"},{"@type":"Organization","@id":"https:\/\/diretodasacristia.com\/home\/#organization","name":"Direto da Sacristia","url":"https:\/\/diretodasacristia.com\/home\/","logo":{"@type":"ImageObject","inLanguage":"pt-BR","@id":"https:\/\/diretodasacristia.com\/home\/#\/schema\/logo\/image\/","url":"https:\/\/i0.wp.com\/diretodasacristia.com\/home\/wp-content\/uploads\/2012\/01\/marca-sacristia.png?fit=320%2C306&ssl=1","contentUrl":"https:\/\/i0.wp.com\/diretodasacristia.com\/home\/wp-content\/uploads\/2012\/01\/marca-sacristia.png?fit=320%2C306&ssl=1","width":"320","height":"306","caption":"Direto da Sacristia"},"image":{"@id":"https:\/\/diretodasacristia.com\/home\/#\/schema\/logo\/image\/"},"sameAs":["https:\/\/www.facebook.com\/DiretoSacristia","https:\/\/x.com\/diretosacristia","https:\/\/www.instagram.com\/diretodasacristia\/","https:\/\/www.youtube.com\/diretodasacristia"]},{"@type":"Person","@id":"https:\/\/diretodasacristia.com\/home\/#\/schema\/person\/3d453ef1f7d57c0bb0990b8070642721","name":"E. Mar\u00e7al","image":{"@type":"ImageObject","inLanguage":"pt-BR","@id":"https:\/\/secure.gravatar.com\/avatar\/348ff80a5ddde3de6c8b6e0c5b066b733f9245285d9ab87cd2e2ff652ffa95b0?s=96&d=mm&r=g","url":"https:\/\/secure.gravatar.com\/avatar\/348ff80a5ddde3de6c8b6e0c5b066b733f9245285d9ab87cd2e2ff652ffa95b0?s=96&d=mm&r=g","contentUrl":"https:\/\/secure.gravatar.com\/avatar\/348ff80a5ddde3de6c8b6e0c5b066b733f9245285d9ab87cd2e2ff652ffa95b0?s=96&d=mm&r=g","caption":"E. Mar\u00e7al"},"url":"https:\/\/diretodasacristia.com\/home\/author\/erick\/"}]}},"jetpack_publicize_connections":[],"jetpack_featured_media_url":"","jetpack_sharing_enabled":true,"jetpack_shortlink":"https:\/\/wp.me\/p24aG7-Fo","jetpack-related-posts":[{"id":2533,"url":"https:\/\/diretodasacristia.com\/home\/sem-categoria\/audiencia-papal\/","url_meta":{"origin":2566,"position":0},"title":"Audi\u00eancia papal","author":"E. Mar\u00e7al","date":"13 de setembro de 2010","format":false,"excerpt":"Do boletim da Sala de Imprensa da Santa S\u00e9 A Audi\u00eancia O Santo Padre Bento XVI recebeu nesta manh\u00e3 em audi\u00eancia no Pal\u00e1cio Apost\u00f3lico de Castel Gandolfo:Walter J\u00fcrgen SchmidEmbaixador da Alemanha junto \u00e0 Santa S\u00e9S.E. o Sr. Walter J\u00fcrgen Schmid, Embaixador da Rep\u00fablica Federal da Alemanha, na ocasi\u00e3o da apresenta\u00e7\u00e3o\u2026","rel":"","context":"Em &quot;Sem categoria&quot;","block_context":{"text":"Sem categoria","link":"https:\/\/diretodasacristia.com\/home\/c\/sem-categoria\/"},"img":{"alt_text":"","src":"","width":0,"height":0},"classes":[]},{"id":2556,"url":"https:\/\/diretodasacristia.com\/home\/sem-categoria\/boletim-da-sala-de-imprensa-da-santa-se-7\/","url_meta":{"origin":2566,"position":1},"title":"Boletim da Sala de Imprensa da Santa S\u00e9","author":"E. Mar\u00e7al","date":"31 de agosto de 2010","format":false,"excerpt":"Do boletim da Sala de Imprensa da Santa S\u00e9Declara\u00e7\u00e3o do diretor da Sala de Imprensa da Santa S\u00e9, Pe. Federico Lombardi, S.J.Bento XVI com o jornalista Peter SeewaldNa semana entre os dias 26 e 31 julho, em Castel Gandolfo, o Santo Padre concedeu ao jornalista alem\u00e3o Dr. Peter Seewald uma\u2026","rel":"","context":"Em &quot;Sem categoria&quot;","block_context":{"text":"Sem categoria","link":"https:\/\/diretodasacristia.com\/home\/c\/sem-categoria\/"},"img":{"alt_text":"","src":"","width":0,"height":0},"classes":[]},{"id":2535,"url":"https:\/\/diretodasacristia.com\/home\/sem-categoria\/boletim-da-sala-de-imprensa-da-santa-se-2\/","url_meta":{"origin":2566,"position":2},"title":"Boletim da Sala de Imprensa da Santa S\u00e9","author":"E. Mar\u00e7al","date":"11 de setembro de 2010","format":false,"excerpt":"Do boletim da Sala de Imprensa da Santa S\u00e9 A Audi\u00eancia O Santo Padre Bento XVI recebeu nesta manh\u00e3 em audi\u00eancia no Pal\u00e1cio Apost\u00f3lico de Castel Gandolfo:S.E.R. Mons. Reinhard MarxArcebispo de Munique e FrisingaS.E.R. Mons. Reinhard Marx, Arcebispo de Munique e Frisinga (Alemanha); Os bispo de recente nomea\u00e7\u00e3o participantes no\u2026","rel":"","context":"Em &quot;Sem categoria&quot;","block_context":{"text":"Sem categoria","link":"https:\/\/diretodasacristia.com\/home\/c\/sem-categoria\/"},"img":{"alt_text":"","src":"","width":0,"height":0},"classes":[]},{"id":2511,"url":"https:\/\/diretodasacristia.com\/home\/sem-categoria\/audiencias-papais\/","url_meta":{"origin":2566,"position":3},"title":"Audi\u00eancias papais","author":"E. Mar\u00e7al","date":"25 de setembro de 2010","format":false,"excerpt":"Do boletim da Sala de Imprensa da Santa S\u00e9A Audi\u00eancia O Santo Padre Bento XVI recebeu nesta manh\u00e3 em audi\u00eancia no Pal\u00e1cio Apost\u00f3lico de Castel Gandolfo: Excelent\u00edssmos Prelados da Confer\u00eancia Episcopal do Brasil (Regional LESTE I), em Visita \"ad Limina Apostolorum\":S.E.R. Dom Elias James Manning, O.F.M. Conv., Bispo de Valen\u00e7a;\u2026","rel":"","context":"Em &quot;Sem categoria&quot;","block_context":{"text":"Sem categoria","link":"https:\/\/diretodasacristia.com\/home\/c\/sem-categoria\/"},"img":{"alt_text":"","src":"","width":0,"height":0},"classes":[]},{"id":2554,"url":"https:\/\/diretodasacristia.com\/home\/sem-categoria\/uma-santa-que-ha-8-seculos-ja-falava-dos-nossos-tempos-2\/","url_meta":{"origin":2566,"position":4},"title":"Uma santa que h\u00e1 8 s\u00e9culos j\u00e1 falava dos nossos tempos","author":"E. Mar\u00e7al","date":"1 de setembro de 2010","format":false,"excerpt":"Do boletim da Sala de Imprensa da Santa S\u00e9Audi\u00eancia-Geral do Santo PadreSanta Hildegard de Bingen Santa Hildegard de BingenAbadessaA Audi\u00eancia Geral desta manh\u00e3 foi realizada \u00e0s 10h30, na pra\u00e7a em frente ao Pal\u00e1cio Apost\u00f3lico de Castel Gandolfo, onde o Santo Padre encontrou-se com grupos de peregrinos e fi\u00e9is provenientes da\u2026","rel":"","context":"Em &quot;Sem categoria&quot;","block_context":{"text":"Sem categoria","link":"https:\/\/diretodasacristia.com\/home\/c\/sem-categoria\/"},"img":{"alt_text":"","src":"","width":0,"height":0},"classes":[]},{"id":2551,"url":"https:\/\/diretodasacristia.com\/home\/sem-categoria\/visita-ad-limina-apostolorum-4\/","url_meta":{"origin":2566,"position":5},"title":"Visita &#8220;Ad Limina Apostolorum&#8221;","author":"E. Mar\u00e7al","date":"3 de setembro de 2010","format":false,"excerpt":"Do boletim da Sala de Imprensa da Santa S\u00e9A Audi\u00eanciaO Santo Padre recebeu nesta manh\u00e3 em audi\u00eancia no Pal\u00e1cio Apost\u00f3lico de Castel Gandolfo: Os Excelent\u00edssimos Bispos da Confer\u00eancia Episcopal do Brasil (Regional Nordeste III), em Visita \"Ad Limina Apostolorum\": S.E.R. Dom Jos\u00e9 Edson Santana de Oliveira, Bispo de Eun\u00e1polis; S.E.R.\u2026","rel":"","context":"Em &quot;Sem categoria&quot;","block_context":{"text":"Sem categoria","link":"https:\/\/diretodasacristia.com\/home\/c\/sem-categoria\/"},"img":{"alt_text":"","src":"","width":0,"height":0},"classes":[]}],"post_mailing_queue_ids":[],"_links":{"self":[{"href":"https:\/\/diretodasacristia.com\/home\/wp-json\/wp\/v2\/posts\/2566","targetHints":{"allow":["GET"]}}],"collection":[{"href":"https:\/\/diretodasacristia.com\/home\/wp-json\/wp\/v2\/posts"}],"about":[{"href":"https:\/\/diretodasacristia.com\/home\/wp-json\/wp\/v2\/types\/post"}],"author":[{"embeddable":true,"href":"https:\/\/diretodasacristia.com\/home\/wp-json\/wp\/v2\/users\/3"}],"replies":[{"embeddable":true,"href":"https:\/\/diretodasacristia.com\/home\/wp-json\/wp\/v2\/comments?post=2566"}],"version-history":[{"count":0,"href":"https:\/\/diretodasacristia.com\/home\/wp-json\/wp\/v2\/posts\/2566\/revisions"}],"wp:attachment":[{"href":"https:\/\/diretodasacristia.com\/home\/wp-json\/wp\/v2\/media?parent=2566"}],"wp:term":[{"taxonomy":"category","embeddable":true,"href":"https:\/\/diretodasacristia.com\/home\/wp-json\/wp\/v2\/categories?post=2566"},{"taxonomy":"post_tag","embeddable":true,"href":"https:\/\/diretodasacristia.com\/home\/wp-json\/wp\/v2\/tags?post=2566"}],"curies":[{"name":"wp","href":"https:\/\/api.w.org\/{rel}","templated":true}]}}