{"id":2573,"date":"2010-08-22T22:27:00","date_gmt":"2010-08-22T22:27:00","guid":{"rendered":"http:\/\/diretodasacristia.com\/home\/sem-categoria\/cavaleiros-de-colombo-condecoram-o-cardeal-de-havana-2\/"},"modified":"2010-08-22T22:27:00","modified_gmt":"2010-08-22T22:27:00","slug":"cavaleiros-de-colombo-condecoram-o-cardeal-de-havana-2","status":"publish","type":"post","link":"https:\/\/diretodasacristia.com\/home\/sem-categoria\/cavaleiros-de-colombo-condecoram-o-cardeal-de-havana-2\/","title":{"rendered":"Cavaleiros de Colombo condecoram o Cardeal de Havana"},"content":{"rendered":"<p><span style=\"font-family:verdana;\"><br \/>Da ag\u00eancia <\/span><a style=\"font-family: verdana;\" href=\"http:\/\/www.zenit.org\/article-25798?l=portuguese\">Zenit<\/a><\/p>\n<p><\/p>\n<div style=\"text-align: center;\"><span style=\"font-weight: bold;font-family:verdana;\">Cardeal Jaime Ortega recebe pr\u00eamio <span style=\"font-style: italic;\">Gaudium et Spes<\/span><\/span><\/p>\n<p><a onblur=\"try {parent.deselectBloggerImageGracefully();} catch(e) {}\" href=\"http:\/\/1.bp.blogspot.com\/_LTO5Qx1HyJc\/THHS1NjBipI\/AAAAAAAAAkE\/8RzNNyUYP5Q\/s1600\/Cardeal+Jaime+Ortega+y+Alamino.jpg\"><img decoding=\"async\" style=\"display: block; margin: 0px auto 10px; text-align: center; cursor: pointer; width: 208px; height: 320px;\" src=\"http:\/\/1.bp.blogspot.com\/_LTO5Qx1HyJc\/THHS1NjBipI\/AAAAAAAAAkE\/8RzNNyUYP5Q\/s320\/Cardeal+Jaime+Ortega+y+Alamino.jpg\" alt=\"\" id=\"BLOGGER_PHOTO_ID_5508415630862289554\" border=\"0\" \/><\/a><span style=\"font-size:85%;\"><span style=\"font-style: italic;\">S.E.R. Cardeal Jaime Ortega y Alamino<\/span><br \/><span style=\"font-style: italic;\">Arcebispo Metropolitano de S\u00e3o Cristov\u00e3o da Havana<\/span><\/span><\/p>\n<div style=\"text-align: justify;\">Em cerim\u00f4nia sediada em Washington, E.U.A., os Cavaleiros de Colombo condecoraram com o pr\u00eamio Gaudium et Spes (do latim, Alegria e Esperan\u00e7a) ao Em.mo Cardeal Jaime Ortega y Alamino, respons\u00e1vel por negociar e acompanhar a negocia\u00e7\u00e3o em seguran\u00e7a de dezenas de presioneiros pol\u00edticos na ilha de Cuba.<\/p>\n<div style=\"text-align: center;\"><a onblur=\"try {parent.deselectBloggerImageGracefully();} catch(e) {}\" href=\"http:\/\/3.bp.blogspot.com\/_LTO5Qx1HyJc\/THHS0oW1lqI\/AAAAAAAAAj0\/ydmp8TTBRXg\/s1600\/Jaime+Ortega+y+Alamino+condecorado+Gaudium+et+Spes+Cavaleiros+Colombo.jpg\"><img decoding=\"async\" style=\"display: block; margin: 0px auto 10px; text-align: center; cursor: pointer; width: 320px; height: 200px;\" src=\"http:\/\/3.bp.blogspot.com\/_LTO5Qx1HyJc\/THHS0oW1lqI\/AAAAAAAAAj0\/ydmp8TTBRXg\/s320\/Jaime+Ortega+y+Alamino+condecorado+Gaudium+et+Spes+Cavaleiros+Colombo.jpg\" alt=\"\" id=\"BLOGGER_PHOTO_ID_5508415620879062690\" border=\"0\" \/><\/a><span style=\";font-family:verdana;font-size:85%;\"><span style=\"font-style: italic;\">O Cardeal de Havana  recebe o pr\u00eamio das m\u00e3os<\/span><br \/><span style=\"font-style: italic;\">do Supremo-capel\u00e3o, S.E.R. Mons. William Edward Lori,<\/span><br \/><span style=\"font-style: italic;\">e do Cavaleiro-supremo, Carl. A. Anderson<\/span><\/span><\/div>\n<p><span style=\"font-family:verdana;\">Al\u00e9m da honrosa condecora\u00e7\u00e3o, o Cardeal recebeu um cheque de 100 mil d\u00f3lares. Sorridente, disse: &#8220;Os senhores, queridos Cavaleiros, t\u00eam sido irm\u00e3os dos cat\u00f3licos cubanos e demonstrado solidariedade&#8221;. Estabelecendo-se h\u00e1 100 anos na Ilha, os Cavaleiros de Colombo t\u00eam trabalhado atualmente com a Arquidiocese de Havana na constru\u00e7\u00e3o do novo Semin\u00e1rio nacional.<\/span><\/p>\n<p><span style=\"font-family:verdana;\">H\u00e1 meses acontece o processo de media\u00e7\u00e3o com o governo de Raul Castro para alcan\u00e7ar a liberta\u00e7\u00e3o de presioneiros pol\u00edticos. De 52 prometidos pelo governo cubano,  26 j\u00e1 seguiram em liberdade para a Espanha.<\/span><\/p>\n<div style=\"text-align: center;\"><a onblur=\"try {parent.deselectBloggerImageGracefully();} catch(e) {}\" href=\"http:\/\/1.bp.blogspot.com\/_LTO5Qx1HyJc\/THHS05wq5vI\/AAAAAAAAAj8\/jXH2b2KSN4A\/s1600\/Bras%C3%A3o+Cavaleiros+Colombo.jpg\"><img decoding=\"async\" style=\"display: block; margin: 0px auto 10px; text-align: center; cursor: pointer; width: 123px; height: 123px;\" src=\"http:\/\/1.bp.blogspot.com\/_LTO5Qx1HyJc\/THHS05wq5vI\/AAAAAAAAAj8\/jXH2b2KSN4A\/s320\/Bras%C3%A3o+Cavaleiros+Colombo.jpg\" alt=\"\" id=\"BLOGGER_PHOTO_ID_5508415625550817010\" border=\"0\" \/><\/a><span style=\"font-family:verdana;\"><span style=\"font-style: italic;font-size:85%;\">Cavaleiros de Colombo<\/span><\/span><span style=\"font-style: italic;font-size:85%;\"><br \/><\/span><\/div>\n<p><span style=\"font-family:verdana;\">A Ordem dos Cavaleiros de Colombo \u00e9 uma associa\u00e7\u00e3o de fi\u00e9is leigos fundada em 15 maio 1882, entre outros sacerdotes, pelo Vener\u00e1vel Rev.do Pe. Michael McGivney, norte-americano em processo de beatifica\u00e7\u00e3o.<\/p>\n<p><\/span><\/p>\n<div style=\"text-align: center;\"><a onblur=\"try {parent.deselectBloggerImageGracefully();} catch(e) {}\" href=\"http:\/\/3.bp.blogspot.com\/_LTO5Qx1HyJc\/THHYTeGicNI\/AAAAAAAAAkU\/Azx_szOeeOo\/s1600\/Pe.+Michael+McGivney,+fundador+Cavaleiros+de+Colombo.jpg\"><img decoding=\"async\" style=\"display: block; margin: 0px auto 10px; text-align: center; cursor: pointer; width: 180px; height: 240px;\" src=\"http:\/\/3.bp.blogspot.com\/_LTO5Qx1HyJc\/THHYTeGicNI\/AAAAAAAAAkU\/Azx_szOeeOo\/s320\/Pe.+Michael+McGivney,+fundador+Cavaleiros+de+Colombo.jpg\" alt=\"\" id=\"BLOGGER_PHOTO_ID_5508421648260427986\" border=\"0\" \/><\/a><span style=\"font-style: italic;font-family:verdana;font-size:85%;\">Vener\u00e1vel Rev.do Pe. Michael McGivney<\/span><span style=\"font-style: italic;font-size:85%;\"><br \/><\/span><span style=\"font-style: italic;font-family:verdana;font-size:85%;\">Um dos fundadores dos Cavaleiros de Colombo<\/span><\/div>\n<p><span style=\"font-family:verdana;\"><br \/>Fundada  com os objetivos de desenvolver uma pr\u00e1tica de catolicidade entre seus membros, promover a educa\u00e7\u00e3o e a caridade, ministrar palestras sobre a doutrina cat\u00f3lica e apoiar as obras de caridade da Santa S\u00e9, a Ordem possui 1,7 milh\u00f5es de membros espalhados por todo o mundo, principalmente nos Estados Unidos, Canad\u00e1, M\u00e9xico, Am\u00e9rica Central, Caribe, Filipinas e Pol\u00f4nia. Com tais n\u00fameros, constitui-se a maior institui\u00e7\u00e3o fraterna de homens leigos cat\u00f3licos.<\/span><\/p>\n<p><a onblur=\"try {parent.deselectBloggerImageGracefully();} catch(e) {}\" href=\"http:\/\/2.bp.blogspot.com\/_LTO5Qx1HyJc\/THHS1XYRyQI\/AAAAAAAAAkM\/sosZd6ptRT0\/s1600\/060_small.gif\"><img decoding=\"async\" style=\"display: block; margin: 0px auto 10px; text-align: center; cursor: pointer; width: 36px; height: 36px;\" src=\"http:\/\/2.bp.blogspot.com\/_LTO5Qx1HyJc\/THHS1XYRyQI\/AAAAAAAAAkM\/sosZd6ptRT0\/s320\/060_small.gif\" alt=\"\" id=\"BLOGGER_PHOTO_ID_5508415633501571330\" border=\"0\" \/><\/a><\/div>\n<\/div>\n","protected":false},"excerpt":{"rendered":"Da ag\u00eancia Zenit Cardeal Jaime Ortega recebe pr\u00eamio Gaudium et Spes S.E.R. Cardeal Jaime Ortega y AlaminoArcebispo Metropolitano de S\u00e3o Cristov\u00e3o da Havana Em cerim\u00f4nia sediada em Washington, E.U.A., os Cavaleiros de Colombo condecoraram com o pr\u00eamio Gaudium et Spes (do latim, Alegria e Esperan\u00e7a) ao Em.mo Cardeal Jaime Ortega y Alamino, respons\u00e1vel por negociar&#8230; <a class=\"view-article\" href=\"https:\/\/diretodasacristia.com\/home\/sem-categoria\/cavaleiros-de-colombo-condecoram-o-cardeal-de-havana-2\/\">Ver artigo<\/a>","protected":false},"author":3,"featured_media":0,"comment_status":"open","ping_status":"open","sticky":false,"template":"","format":"standard","meta":{"jetpack_post_was_ever_published":false,"_jetpack_newsletter_access":"","_jetpack_dont_email_post_to_subs":false,"_jetpack_newsletter_tier_id":0,"_jetpack_memberships_contains_paywalled_content":false,"_jetpack_memberships_contains_paid_content":false,"_joinchat":[],"footnotes":"","jetpack_publicize_message":"","jetpack_publicize_feature_enabled":true,"jetpack_social_post_already_shared":false,"jetpack_social_options":{"image_generator_settings":{"template":"highway","default_image_id":0,"font":"","enabled":false},"version":2}},"categories":[1],"tags":[],"class_list":["post-2573","post","type-post","status-publish","format-standard","hentry","category-sem-categoria"],"yoast_head":"<!-- This site is optimized with the Yoast SEO plugin v27.4 - https:\/\/yoast.com\/product\/yoast-seo-wordpress\/ -->\n<title>Cavaleiros de Colombo condecoram o Cardeal de Havana - Direto da Sacristia<\/title>\n<meta name=\"robots\" content=\"index, follow, max-snippet:-1, max-image-preview:large, max-video-preview:-1\" \/>\n<link rel=\"canonical\" href=\"https:\/\/diretodasacristia.com\/home\/sem-categoria\/cavaleiros-de-colombo-condecoram-o-cardeal-de-havana-2\/\" \/>\n<meta property=\"og:locale\" content=\"pt_BR\" \/>\n<meta property=\"og:type\" content=\"article\" \/>\n<meta property=\"og:title\" content=\"Cavaleiros de Colombo condecoram o Cardeal de Havana - Direto da Sacristia\" \/>\n<meta property=\"og:description\" content=\"Da ag\u00eancia Zenit Cardeal Jaime Ortega recebe pr\u00eamio Gaudium et Spes S.E.R. Cardeal Jaime Ortega y AlaminoArcebispo Metropolitano de S\u00e3o Cristov\u00e3o da Havana Em cerim\u00f4nia sediada em Washington, E.U.A., os Cavaleiros de Colombo condecoraram com o pr\u00eamio Gaudium et Spes (do latim, Alegria e Esperan\u00e7a) ao Em.mo Cardeal Jaime Ortega y Alamino, respons\u00e1vel por negociar... Ver artigo\" \/>\n<meta property=\"og:url\" content=\"https:\/\/diretodasacristia.com\/home\/sem-categoria\/cavaleiros-de-colombo-condecoram-o-cardeal-de-havana-2\/\" \/>\n<meta property=\"og:site_name\" content=\"Direto da Sacristia\" \/>\n<meta property=\"article:publisher\" content=\"https:\/\/www.facebook.com\/DiretoSacristia\" \/>\n<meta property=\"article:published_time\" content=\"2010-08-22T22:27:00+00:00\" \/>\n<meta property=\"og:image\" content=\"http:\/\/1.bp.blogspot.com\/_LTO5Qx1HyJc\/THHS1NjBipI\/AAAAAAAAAkE\/8RzNNyUYP5Q\/s320\/Cardeal+Jaime+Ortega+y+Alamino.jpg\" \/>\n<meta name=\"author\" content=\"E. Mar\u00e7al\" \/>\n<meta name=\"twitter:card\" content=\"summary_large_image\" \/>\n<meta name=\"twitter:creator\" content=\"@diretosacristia\" \/>\n<meta name=\"twitter:site\" content=\"@diretosacristia\" \/>\n<meta name=\"twitter:label1\" content=\"Escrito por\" \/>\n\t<meta name=\"twitter:data1\" content=\"E. Mar\u00e7al\" \/>\n\t<meta name=\"twitter:label2\" content=\"Est. tempo de leitura\" \/>\n\t<meta name=\"twitter:data2\" content=\"2 minutos\" \/>\n<script type=\"application\/ld+json\" class=\"yoast-schema-graph\">{\"@context\":\"https:\\\/\\\/schema.org\",\"@graph\":[{\"@type\":\"Article\",\"@id\":\"https:\\\/\\\/diretodasacristia.com\\\/home\\\/sem-categoria\\\/cavaleiros-de-colombo-condecoram-o-cardeal-de-havana-2\\\/#article\",\"isPartOf\":{\"@id\":\"https:\\\/\\\/diretodasacristia.com\\\/home\\\/sem-categoria\\\/cavaleiros-de-colombo-condecoram-o-cardeal-de-havana-2\\\/\"},\"author\":{\"name\":\"E. Mar\u00e7al\",\"@id\":\"https:\\\/\\\/diretodasacristia.com\\\/home\\\/#\\\/schema\\\/person\\\/3d453ef1f7d57c0bb0990b8070642721\"},\"headline\":\"Cavaleiros de Colombo condecoram o Cardeal de Havana\",\"datePublished\":\"2010-08-22T22:27:00+00:00\",\"mainEntityOfPage\":{\"@id\":\"https:\\\/\\\/diretodasacristia.com\\\/home\\\/sem-categoria\\\/cavaleiros-de-colombo-condecoram-o-cardeal-de-havana-2\\\/\"},\"wordCount\":346,\"commentCount\":0,\"publisher\":{\"@id\":\"https:\\\/\\\/diretodasacristia.com\\\/home\\\/#organization\"},\"image\":{\"@id\":\"https:\\\/\\\/diretodasacristia.com\\\/home\\\/sem-categoria\\\/cavaleiros-de-colombo-condecoram-o-cardeal-de-havana-2\\\/#primaryimage\"},\"thumbnailUrl\":\"http:\\\/\\\/1.bp.blogspot.com\\\/_LTO5Qx1HyJc\\\/THHS1NjBipI\\\/AAAAAAAAAkE\\\/8RzNNyUYP5Q\\\/s320\\\/Cardeal+Jaime+Ortega+y+Alamino.jpg\",\"inLanguage\":\"pt-BR\",\"potentialAction\":[{\"@type\":\"CommentAction\",\"name\":\"Comment\",\"target\":[\"https:\\\/\\\/diretodasacristia.com\\\/home\\\/sem-categoria\\\/cavaleiros-de-colombo-condecoram-o-cardeal-de-havana-2\\\/#respond\"]}]},{\"@type\":\"WebPage\",\"@id\":\"https:\\\/\\\/diretodasacristia.com\\\/home\\\/sem-categoria\\\/cavaleiros-de-colombo-condecoram-o-cardeal-de-havana-2\\\/\",\"url\":\"https:\\\/\\\/diretodasacristia.com\\\/home\\\/sem-categoria\\\/cavaleiros-de-colombo-condecoram-o-cardeal-de-havana-2\\\/\",\"name\":\"Cavaleiros de Colombo condecoram o Cardeal de Havana - Direto da Sacristia\",\"isPartOf\":{\"@id\":\"https:\\\/\\\/diretodasacristia.com\\\/home\\\/#website\"},\"primaryImageOfPage\":{\"@id\":\"https:\\\/\\\/diretodasacristia.com\\\/home\\\/sem-categoria\\\/cavaleiros-de-colombo-condecoram-o-cardeal-de-havana-2\\\/#primaryimage\"},\"image\":{\"@id\":\"https:\\\/\\\/diretodasacristia.com\\\/home\\\/sem-categoria\\\/cavaleiros-de-colombo-condecoram-o-cardeal-de-havana-2\\\/#primaryimage\"},\"thumbnailUrl\":\"http:\\\/\\\/1.bp.blogspot.com\\\/_LTO5Qx1HyJc\\\/THHS1NjBipI\\\/AAAAAAAAAkE\\\/8RzNNyUYP5Q\\\/s320\\\/Cardeal+Jaime+Ortega+y+Alamino.jpg\",\"datePublished\":\"2010-08-22T22:27:00+00:00\",\"breadcrumb\":{\"@id\":\"https:\\\/\\\/diretodasacristia.com\\\/home\\\/sem-categoria\\\/cavaleiros-de-colombo-condecoram-o-cardeal-de-havana-2\\\/#breadcrumb\"},\"inLanguage\":\"pt-BR\",\"potentialAction\":[{\"@type\":\"ReadAction\",\"target\":[\"https:\\\/\\\/diretodasacristia.com\\\/home\\\/sem-categoria\\\/cavaleiros-de-colombo-condecoram-o-cardeal-de-havana-2\\\/\"]}]},{\"@type\":\"ImageObject\",\"inLanguage\":\"pt-BR\",\"@id\":\"https:\\\/\\\/diretodasacristia.com\\\/home\\\/sem-categoria\\\/cavaleiros-de-colombo-condecoram-o-cardeal-de-havana-2\\\/#primaryimage\",\"url\":\"http:\\\/\\\/1.bp.blogspot.com\\\/_LTO5Qx1HyJc\\\/THHS1NjBipI\\\/AAAAAAAAAkE\\\/8RzNNyUYP5Q\\\/s320\\\/Cardeal+Jaime+Ortega+y+Alamino.jpg\",\"contentUrl\":\"http:\\\/\\\/1.bp.blogspot.com\\\/_LTO5Qx1HyJc\\\/THHS1NjBipI\\\/AAAAAAAAAkE\\\/8RzNNyUYP5Q\\\/s320\\\/Cardeal+Jaime+Ortega+y+Alamino.jpg\"},{\"@type\":\"BreadcrumbList\",\"@id\":\"https:\\\/\\\/diretodasacristia.com\\\/home\\\/sem-categoria\\\/cavaleiros-de-colombo-condecoram-o-cardeal-de-havana-2\\\/#breadcrumb\",\"itemListElement\":[{\"@type\":\"ListItem\",\"position\":1,\"name\":\"In\u00edcio\",\"item\":\"https:\\\/\\\/diretodasacristia.com\\\/home\\\/\"},{\"@type\":\"ListItem\",\"position\":2,\"name\":\"Cavaleiros de Colombo condecoram o Cardeal de Havana\"}]},{\"@type\":\"WebSite\",\"@id\":\"https:\\\/\\\/diretodasacristia.com\\\/home\\\/#website\",\"url\":\"https:\\\/\\\/diretodasacristia.com\\\/home\\\/\",\"name\":\"Direto da Sacristia\",\"description\":\"Not\u00edcias e artigos sobre a f\u00e9 cat\u00f3lica\",\"publisher\":{\"@id\":\"https:\\\/\\\/diretodasacristia.com\\\/home\\\/#organization\"},\"potentialAction\":[{\"@type\":\"SearchAction\",\"target\":{\"@type\":\"EntryPoint\",\"urlTemplate\":\"https:\\\/\\\/diretodasacristia.com\\\/home\\\/?s={search_term_string}\"},\"query-input\":{\"@type\":\"PropertyValueSpecification\",\"valueRequired\":true,\"valueName\":\"search_term_string\"}}],\"inLanguage\":\"pt-BR\"},{\"@type\":\"Organization\",\"@id\":\"https:\\\/\\\/diretodasacristia.com\\\/home\\\/#organization\",\"name\":\"Direto da Sacristia\",\"url\":\"https:\\\/\\\/diretodasacristia.com\\\/home\\\/\",\"logo\":{\"@type\":\"ImageObject\",\"inLanguage\":\"pt-BR\",\"@id\":\"https:\\\/\\\/diretodasacristia.com\\\/home\\\/#\\\/schema\\\/logo\\\/image\\\/\",\"url\":\"https:\\\/\\\/i0.wp.com\\\/diretodasacristia.com\\\/home\\\/wp-content\\\/uploads\\\/2012\\\/01\\\/marca-sacristia.png?fit=320%2C306&ssl=1\",\"contentUrl\":\"https:\\\/\\\/i0.wp.com\\\/diretodasacristia.com\\\/home\\\/wp-content\\\/uploads\\\/2012\\\/01\\\/marca-sacristia.png?fit=320%2C306&ssl=1\",\"width\":\"320\",\"height\":\"306\",\"caption\":\"Direto da Sacristia\"},\"image\":{\"@id\":\"https:\\\/\\\/diretodasacristia.com\\\/home\\\/#\\\/schema\\\/logo\\\/image\\\/\"},\"sameAs\":[\"https:\\\/\\\/www.facebook.com\\\/DiretoSacristia\",\"https:\\\/\\\/x.com\\\/diretosacristia\",\"https:\\\/\\\/www.instagram.com\\\/diretodasacristia\\\/\",\"https:\\\/\\\/www.youtube.com\\\/diretodasacristia\"]},{\"@type\":\"Person\",\"@id\":\"https:\\\/\\\/diretodasacristia.com\\\/home\\\/#\\\/schema\\\/person\\\/3d453ef1f7d57c0bb0990b8070642721\",\"name\":\"E. Mar\u00e7al\",\"image\":{\"@type\":\"ImageObject\",\"inLanguage\":\"pt-BR\",\"@id\":\"https:\\\/\\\/secure.gravatar.com\\\/avatar\\\/348ff80a5ddde3de6c8b6e0c5b066b733f9245285d9ab87cd2e2ff652ffa95b0?s=96&d=mm&r=g\",\"url\":\"https:\\\/\\\/secure.gravatar.com\\\/avatar\\\/348ff80a5ddde3de6c8b6e0c5b066b733f9245285d9ab87cd2e2ff652ffa95b0?s=96&d=mm&r=g\",\"contentUrl\":\"https:\\\/\\\/secure.gravatar.com\\\/avatar\\\/348ff80a5ddde3de6c8b6e0c5b066b733f9245285d9ab87cd2e2ff652ffa95b0?s=96&d=mm&r=g\",\"caption\":\"E. Mar\u00e7al\"},\"url\":\"https:\\\/\\\/diretodasacristia.com\\\/home\\\/author\\\/erick\\\/\"}]}<\/script>\n<!-- \/ Yoast SEO plugin. -->","yoast_head_json":{"title":"Cavaleiros de Colombo condecoram o Cardeal de Havana - Direto da Sacristia","robots":{"index":"index","follow":"follow","max-snippet":"max-snippet:-1","max-image-preview":"max-image-preview:large","max-video-preview":"max-video-preview:-1"},"canonical":"https:\/\/diretodasacristia.com\/home\/sem-categoria\/cavaleiros-de-colombo-condecoram-o-cardeal-de-havana-2\/","og_locale":"pt_BR","og_type":"article","og_title":"Cavaleiros de Colombo condecoram o Cardeal de Havana - Direto da Sacristia","og_description":"Da ag\u00eancia Zenit Cardeal Jaime Ortega recebe pr\u00eamio Gaudium et Spes S.E.R. Cardeal Jaime Ortega y AlaminoArcebispo Metropolitano de S\u00e3o Cristov\u00e3o da Havana Em cerim\u00f4nia sediada em Washington, E.U.A., os Cavaleiros de Colombo condecoraram com o pr\u00eamio Gaudium et Spes (do latim, Alegria e Esperan\u00e7a) ao Em.mo Cardeal Jaime Ortega y Alamino, respons\u00e1vel por negociar... Ver artigo","og_url":"https:\/\/diretodasacristia.com\/home\/sem-categoria\/cavaleiros-de-colombo-condecoram-o-cardeal-de-havana-2\/","og_site_name":"Direto da Sacristia","article_publisher":"https:\/\/www.facebook.com\/DiretoSacristia","article_published_time":"2010-08-22T22:27:00+00:00","og_image":[{"url":"http:\/\/1.bp.blogspot.com\/_LTO5Qx1HyJc\/THHS1NjBipI\/AAAAAAAAAkE\/8RzNNyUYP5Q\/s320\/Cardeal+Jaime+Ortega+y+Alamino.jpg","type":"","width":"","height":""}],"author":"E. Mar\u00e7al","twitter_card":"summary_large_image","twitter_creator":"@diretosacristia","twitter_site":"@diretosacristia","twitter_misc":{"Escrito por":"E. Mar\u00e7al","Est. tempo de leitura":"2 minutos"},"schema":{"@context":"https:\/\/schema.org","@graph":[{"@type":"Article","@id":"https:\/\/diretodasacristia.com\/home\/sem-categoria\/cavaleiros-de-colombo-condecoram-o-cardeal-de-havana-2\/#article","isPartOf":{"@id":"https:\/\/diretodasacristia.com\/home\/sem-categoria\/cavaleiros-de-colombo-condecoram-o-cardeal-de-havana-2\/"},"author":{"name":"E. Mar\u00e7al","@id":"https:\/\/diretodasacristia.com\/home\/#\/schema\/person\/3d453ef1f7d57c0bb0990b8070642721"},"headline":"Cavaleiros de Colombo condecoram o Cardeal de Havana","datePublished":"2010-08-22T22:27:00+00:00","mainEntityOfPage":{"@id":"https:\/\/diretodasacristia.com\/home\/sem-categoria\/cavaleiros-de-colombo-condecoram-o-cardeal-de-havana-2\/"},"wordCount":346,"commentCount":0,"publisher":{"@id":"https:\/\/diretodasacristia.com\/home\/#organization"},"image":{"@id":"https:\/\/diretodasacristia.com\/home\/sem-categoria\/cavaleiros-de-colombo-condecoram-o-cardeal-de-havana-2\/#primaryimage"},"thumbnailUrl":"http:\/\/1.bp.blogspot.com\/_LTO5Qx1HyJc\/THHS1NjBipI\/AAAAAAAAAkE\/8RzNNyUYP5Q\/s320\/Cardeal+Jaime+Ortega+y+Alamino.jpg","inLanguage":"pt-BR","potentialAction":[{"@type":"CommentAction","name":"Comment","target":["https:\/\/diretodasacristia.com\/home\/sem-categoria\/cavaleiros-de-colombo-condecoram-o-cardeal-de-havana-2\/#respond"]}]},{"@type":"WebPage","@id":"https:\/\/diretodasacristia.com\/home\/sem-categoria\/cavaleiros-de-colombo-condecoram-o-cardeal-de-havana-2\/","url":"https:\/\/diretodasacristia.com\/home\/sem-categoria\/cavaleiros-de-colombo-condecoram-o-cardeal-de-havana-2\/","name":"Cavaleiros de Colombo condecoram o Cardeal de Havana - Direto da Sacristia","isPartOf":{"@id":"https:\/\/diretodasacristia.com\/home\/#website"},"primaryImageOfPage":{"@id":"https:\/\/diretodasacristia.com\/home\/sem-categoria\/cavaleiros-de-colombo-condecoram-o-cardeal-de-havana-2\/#primaryimage"},"image":{"@id":"https:\/\/diretodasacristia.com\/home\/sem-categoria\/cavaleiros-de-colombo-condecoram-o-cardeal-de-havana-2\/#primaryimage"},"thumbnailUrl":"http:\/\/1.bp.blogspot.com\/_LTO5Qx1HyJc\/THHS1NjBipI\/AAAAAAAAAkE\/8RzNNyUYP5Q\/s320\/Cardeal+Jaime+Ortega+y+Alamino.jpg","datePublished":"2010-08-22T22:27:00+00:00","breadcrumb":{"@id":"https:\/\/diretodasacristia.com\/home\/sem-categoria\/cavaleiros-de-colombo-condecoram-o-cardeal-de-havana-2\/#breadcrumb"},"inLanguage":"pt-BR","potentialAction":[{"@type":"ReadAction","target":["https:\/\/diretodasacristia.com\/home\/sem-categoria\/cavaleiros-de-colombo-condecoram-o-cardeal-de-havana-2\/"]}]},{"@type":"ImageObject","inLanguage":"pt-BR","@id":"https:\/\/diretodasacristia.com\/home\/sem-categoria\/cavaleiros-de-colombo-condecoram-o-cardeal-de-havana-2\/#primaryimage","url":"http:\/\/1.bp.blogspot.com\/_LTO5Qx1HyJc\/THHS1NjBipI\/AAAAAAAAAkE\/8RzNNyUYP5Q\/s320\/Cardeal+Jaime+Ortega+y+Alamino.jpg","contentUrl":"http:\/\/1.bp.blogspot.com\/_LTO5Qx1HyJc\/THHS1NjBipI\/AAAAAAAAAkE\/8RzNNyUYP5Q\/s320\/Cardeal+Jaime+Ortega+y+Alamino.jpg"},{"@type":"BreadcrumbList","@id":"https:\/\/diretodasacristia.com\/home\/sem-categoria\/cavaleiros-de-colombo-condecoram-o-cardeal-de-havana-2\/#breadcrumb","itemListElement":[{"@type":"ListItem","position":1,"name":"In\u00edcio","item":"https:\/\/diretodasacristia.com\/home\/"},{"@type":"ListItem","position":2,"name":"Cavaleiros de Colombo condecoram o Cardeal de Havana"}]},{"@type":"WebSite","@id":"https:\/\/diretodasacristia.com\/home\/#website","url":"https:\/\/diretodasacristia.com\/home\/","name":"Direto da Sacristia","description":"Not\u00edcias e artigos sobre a f\u00e9 cat\u00f3lica","publisher":{"@id":"https:\/\/diretodasacristia.com\/home\/#organization"},"potentialAction":[{"@type":"SearchAction","target":{"@type":"EntryPoint","urlTemplate":"https:\/\/diretodasacristia.com\/home\/?s={search_term_string}"},"query-input":{"@type":"PropertyValueSpecification","valueRequired":true,"valueName":"search_term_string"}}],"inLanguage":"pt-BR"},{"@type":"Organization","@id":"https:\/\/diretodasacristia.com\/home\/#organization","name":"Direto da Sacristia","url":"https:\/\/diretodasacristia.com\/home\/","logo":{"@type":"ImageObject","inLanguage":"pt-BR","@id":"https:\/\/diretodasacristia.com\/home\/#\/schema\/logo\/image\/","url":"https:\/\/i0.wp.com\/diretodasacristia.com\/home\/wp-content\/uploads\/2012\/01\/marca-sacristia.png?fit=320%2C306&ssl=1","contentUrl":"https:\/\/i0.wp.com\/diretodasacristia.com\/home\/wp-content\/uploads\/2012\/01\/marca-sacristia.png?fit=320%2C306&ssl=1","width":"320","height":"306","caption":"Direto da Sacristia"},"image":{"@id":"https:\/\/diretodasacristia.com\/home\/#\/schema\/logo\/image\/"},"sameAs":["https:\/\/www.facebook.com\/DiretoSacristia","https:\/\/x.com\/diretosacristia","https:\/\/www.instagram.com\/diretodasacristia\/","https:\/\/www.youtube.com\/diretodasacristia"]},{"@type":"Person","@id":"https:\/\/diretodasacristia.com\/home\/#\/schema\/person\/3d453ef1f7d57c0bb0990b8070642721","name":"E. Mar\u00e7al","image":{"@type":"ImageObject","inLanguage":"pt-BR","@id":"https:\/\/secure.gravatar.com\/avatar\/348ff80a5ddde3de6c8b6e0c5b066b733f9245285d9ab87cd2e2ff652ffa95b0?s=96&d=mm&r=g","url":"https:\/\/secure.gravatar.com\/avatar\/348ff80a5ddde3de6c8b6e0c5b066b733f9245285d9ab87cd2e2ff652ffa95b0?s=96&d=mm&r=g","contentUrl":"https:\/\/secure.gravatar.com\/avatar\/348ff80a5ddde3de6c8b6e0c5b066b733f9245285d9ab87cd2e2ff652ffa95b0?s=96&d=mm&r=g","caption":"E. Mar\u00e7al"},"url":"https:\/\/diretodasacristia.com\/home\/author\/erick\/"}]}},"jetpack_publicize_connections":[],"jetpack_featured_media_url":"","jetpack_sharing_enabled":true,"jetpack_shortlink":"https:\/\/wp.me\/p24aG7-Fv","jetpack-related-posts":[{"id":2490,"url":"https:\/\/diretodasacristia.com\/home\/sem-categoria\/o-senado-de-bento-xvi-parte-22-2\/","url_meta":{"origin":2573,"position":0},"title":"O Senado de Bento XVI &#8211; Parte 2\/2","author":"E. Mar\u00e7al","date":"19 de novembro de 2010","format":false,"excerpt":"Continuando o nosso texto sobre o Sacro Col\u00e9gio, tomaremos ci\u00eancia de como \u00e9 organizado o mesmo e quais seus tarefas na Santa Igreja. Nem sempre o Col\u00e9gio teve as mesmas fun\u00e7\u00f5es e os mesmos t\u00edtulos. Dando prosseguimento \u00e0s reflex\u00f5es, n\u00e3o procrastinemos e nos coloquemos de imediato neste trabalho quase que\u2026","rel":"","context":"Em &quot;Sem categoria&quot;","block_context":{"text":"Sem categoria","link":"https:\/\/diretodasacristia.com\/home\/c\/sem-categoria\/"},"img":{"alt_text":"","src":"","width":0,"height":0},"classes":[]},{"id":887,"url":"https:\/\/diretodasacristia.com\/home\/cardeais\/novos-principes-da-igreja\/","url_meta":{"origin":2573,"position":1},"title":"Novos Pr\u00edncipes da Igreja","author":"E. Mar\u00e7al","date":"20 de fevereiro de 2012","format":false,"excerpt":"Imagens do Day Life Bento XVI imprime mais uma vez uma marca curial no pr\u00f3ximo Conclave Mesmo com as pol\u00eamicas encobrindo com nuvens negras a C\u00faria Romana por n\u00e3o conter seus arquivos confidenciais e, ao que tudo indica, ter entre seus empregados algu\u00e9m que, al\u00e9m de ter acesso a documentos\u2026","rel":"","context":"Em &quot;Cardeais&quot;","block_context":{"text":"Cardeais","link":"https:\/\/diretodasacristia.com\/home\/c\/cardeais\/"},"img":{"alt_text":"","src":"https:\/\/i0.wp.com\/diretodasacristia.com\/home\/wp-content\/uploads\/2012\/02\/Cardeal-Fernando-Filoni-recebe-bula-cria%C3%A7%C3%A3o-Consist%C3%B3rio-Bas%C3%ADlica-Vaticana-18-fevereiro-2012.jpg?resize=350%2C200","width":350,"height":200},"classes":[]},{"id":99,"url":"https:\/\/diretodasacristia.com\/home\/sem-categoria\/promocao-de-6-cardeais-a-ordem-dos-cardeais-presbiteros-2\/","url_meta":{"origin":2573,"position":2},"title":"Promo\u00e7\u00e3o de 6 cardeais \u00e0 Ordem dos Cardeais-presb\u00edteros","author":"E. Mar\u00e7al","date":"22 de fevereiro de 2011","format":false,"excerpt":"Do boletim da Sala de Imprensa da Santa S\u00e9A Optatio deu-se durante o Consist\u00f3rio Ordin\u00e1rio P\u00fablico para a canoniza\u00e7\u00e3o de beatosNa manh\u00e3 de ontem, aconteceu na Sala do Consist\u00f3rio do Pal\u00e1cio Apost\u00f3lico Vaticano, durante a celebra\u00e7\u00e3o da Hora Sexta do Of\u00edcio Divino, a reuni\u00e3o do Santo Padre Bento XVI com\u2026","rel":"","context":"Em &quot;Sem categoria&quot;","block_context":{"text":"Sem categoria","link":"https:\/\/diretodasacristia.com\/home\/c\/sem-categoria\/"},"img":{"alt_text":"","src":"","width":0,"height":0},"classes":[]},{"id":4185,"url":"https:\/\/diretodasacristia.com\/home\/cardeais\/o-habemus-papam-tera-voz-italiana\/","url_meta":{"origin":2573,"position":3},"title":"O &#8220;Habemus Papam&#8221; ter\u00e1 voz italiana","author":"E. Mar\u00e7al","date":"12 de junho de 2014","format":false,"excerpt":"O Cardeal Tauran pediu, como lhe \u00e9 direito ap\u00f3s 10 anos de sua cria\u00e7\u00e3o cardinal\u00edcia, a promo\u00e7\u00e3o \u00e0 Ordem dos resb\u00edteros e, portanto, a antiguidade como Cardeal-Di\u00e1cono foi transferida para o Cardeal Martino.","rel":"","context":"Em &quot;Cardeais&quot;","block_context":{"text":"Cardeais","link":"https:\/\/diretodasacristia.com\/home\/c\/cardeais\/"},"img":{"alt_text":"ALeqM5iQmbb2__BLSmiJgYucKyahXxX48g","src":"https:\/\/i0.wp.com\/diretodasacristia.com\/home\/wp-content\/uploads\/2014\/06\/ALeqM5iQmbb2__BLSmiJgYucKyahXxX48g-1024x665.jpg?resize=350%2C200","width":350,"height":200,"srcset":"https:\/\/i0.wp.com\/diretodasacristia.com\/home\/wp-content\/uploads\/2014\/06\/ALeqM5iQmbb2__BLSmiJgYucKyahXxX48g-1024x665.jpg?resize=350%2C200 1x, https:\/\/i0.wp.com\/diretodasacristia.com\/home\/wp-content\/uploads\/2014\/06\/ALeqM5iQmbb2__BLSmiJgYucKyahXxX48g-1024x665.jpg?resize=525%2C300 1.5x, https:\/\/i0.wp.com\/diretodasacristia.com\/home\/wp-content\/uploads\/2014\/06\/ALeqM5iQmbb2__BLSmiJgYucKyahXxX48g-1024x665.jpg?resize=700%2C400 2x"},"classes":[]},{"id":3301,"url":"https:\/\/diretodasacristia.com\/home\/cardeais\/solenes-exequias-do-cardeal-martini\/","url_meta":{"origin":2573,"position":4},"title":"Solenes ex\u00e9quias do Cardeal Martini","author":"E. Mar\u00e7al","date":"3 de setembro de 2012","format":false,"excerpt":"Meios de comunica\u00e7\u00e3o italianos fazem a transmiss\u00e3o ao vivo, entre eles a Rai Uno. Reservando todos os direitos \u00e0 emissora de televis\u00e3o, disponibilizamos a seguir o player para todos quantos desejarem acompanhar as cerim\u00f4nias:","rel":"","context":"Em &quot;Cardeais&quot;","block_context":{"text":"Cardeais","link":"https:\/\/diretodasacristia.com\/home\/c\/cardeais\/"},"img":{"alt_text":"","src":"https:\/\/i0.wp.com\/diretodasacristia.com\/home\/wp-content\/uploads\/2012\/09\/Bento-XVI-e-o-cardeal-Carlo-Maria-Martini.jpg?resize=350%2C200","width":350,"height":200},"classes":[]},{"id":2173,"url":"https:\/\/diretodasacristia.com\/home\/boletim-santa-se\/morre-o-cardeal-ignace-moussa\/","url_meta":{"origin":2573,"position":5},"title":"Morre o Cardeal Ignace Moussa","author":"E. Mar\u00e7al","date":"7 de abril de 2012","format":false,"excerpt":"Uma de suas \u00faltimas apari\u00e7\u00f5es p\u00fablicas Faleceu nesta manh\u00e3 em Roma, o Em.mo Cardeal Ignace Moussa I Daoud, Prefeito em\u00e9rito da Congrega\u00e7\u00e3o para as Igrejas Orientais e Patriarca em\u00e9rito de Antioquia dos S\u00edrios, aos 81 anos. O venerando Cardeal paramentado segundo as rubricas lit\u00fargicas sir\u00edacas, que muito lembram os ritos\u2026","rel":"","context":"Em &quot;Boletim Santa S\u00e9&quot;","block_context":{"text":"Boletim Santa S\u00e9","link":"https:\/\/diretodasacristia.com\/home\/c\/boletim-santa-se\/"},"img":{"alt_text":"","src":"https:\/\/i0.wp.com\/diretodasacristia.com\/home\/wp-content\/uploads\/2012\/04\/Cardeal-Ignace-Moussa-I1.jpg?resize=350%2C200","width":350,"height":200,"srcset":"https:\/\/i0.wp.com\/diretodasacristia.com\/home\/wp-content\/uploads\/2012\/04\/Cardeal-Ignace-Moussa-I1.jpg?resize=350%2C200 1x, https:\/\/i0.wp.com\/diretodasacristia.com\/home\/wp-content\/uploads\/2012\/04\/Cardeal-Ignace-Moussa-I1.jpg?resize=525%2C300 1.5x"},"classes":[]}],"post_mailing_queue_ids":[],"_links":{"self":[{"href":"https:\/\/diretodasacristia.com\/home\/wp-json\/wp\/v2\/posts\/2573","targetHints":{"allow":["GET"]}}],"collection":[{"href":"https:\/\/diretodasacristia.com\/home\/wp-json\/wp\/v2\/posts"}],"about":[{"href":"https:\/\/diretodasacristia.com\/home\/wp-json\/wp\/v2\/types\/post"}],"author":[{"embeddable":true,"href":"https:\/\/diretodasacristia.com\/home\/wp-json\/wp\/v2\/users\/3"}],"replies":[{"embeddable":true,"href":"https:\/\/diretodasacristia.com\/home\/wp-json\/wp\/v2\/comments?post=2573"}],"version-history":[{"count":0,"href":"https:\/\/diretodasacristia.com\/home\/wp-json\/wp\/v2\/posts\/2573\/revisions"}],"wp:attachment":[{"href":"https:\/\/diretodasacristia.com\/home\/wp-json\/wp\/v2\/media?parent=2573"}],"wp:term":[{"taxonomy":"category","embeddable":true,"href":"https:\/\/diretodasacristia.com\/home\/wp-json\/wp\/v2\/categories?post=2573"},{"taxonomy":"post_tag","embeddable":true,"href":"https:\/\/diretodasacristia.com\/home\/wp-json\/wp\/v2\/tags?post=2573"}],"curies":[{"name":"wp","href":"https:\/\/api.w.org\/{rel}","templated":true}]}}