{"id":2583,"date":"2010-08-18T13:43:00","date_gmt":"2010-08-18T13:43:00","guid":{"rendered":"http:\/\/diretodasacristia.com\/home\/sem-categoria\/programa-da-viagem-apostolica-do-santo-padre-ao-reino-unido-2\/"},"modified":"2010-08-18T13:43:00","modified_gmt":"2010-08-18T13:43:00","slug":"programa-da-viagem-apostolica-do-santo-padre-ao-reino-unido-2","status":"publish","type":"post","link":"https:\/\/diretodasacristia.com\/home\/sem-categoria\/programa-da-viagem-apostolica-do-santo-padre-ao-reino-unido-2\/","title":{"rendered":"Programa da viagem apost\u00f3lica do Santo Padre ao Reino Unido"},"content":{"rendered":"<p><span style=\"font-family:verdana;\">Do <a href=\"http:\/\/press.catholica.va\/news_services\/bulletin\/news\/25926.php?index=25926&amp;lang=po\">boletim da Sala de Imprensa da Santa S\u00e9<\/a><\/span><\/p>\n<p><a onblur=\"try {parent.deselectBloggerImageGracefully();} catch(e) {}\" href=\"http:\/\/1.bp.blogspot.com\/_LTO5Qx1HyJc\/TGwqDJPKZKI\/AAAAAAAAAYE\/S65tj7nbS_Q\/s1600\/logomarca-vaticano.jpg\"><img decoding=\"async\" style=\"display: block; margin: 0px auto 10px; text-align: center; cursor: pointer; width: 179px; height: 219px;\" src=\"http:\/\/1.bp.blogspot.com\/_LTO5Qx1HyJc\/TGwqDJPKZKI\/AAAAAAAAAYE\/S65tj7nbS_Q\/s320\/logomarca-vaticano.jpg\" alt=\"\" id=\"BLOGGER_PHOTO_ID_5506822677874762914\" border=\"0\" \/><\/a><\/p>\n<div style=\"text-align: center;\"><span style=\"font-weight: bold;font-family:verdana;\">Na ocasi\u00e3o da beatifica\u00e7\u00e3o do Cardeal John Newman<\/span> <span style=\"font-style: italic;font-family:verdana;\"><br \/>16 a 19 de setembro de 2010<\/span> <\/div>\n<p><\/p>\n<div style=\"text-align: right;\"><span style=\"font-size:85%;\"><span style=\"font-family:verdana;\">Quinta-feira, 16 de setembro de 2010<\/span><\/span> <\/div>\n<div style=\"text-align: center;\"><span style=\"font-weight: bold;font-family:verdana;\"><br \/>Roma<\/p>\n<p><\/span> <\/div>\n<p> <span style=\"font-family:verdana;\">08h10min &#8211; Partida de avi\u00e3o do Aeroporto <span style=\"font-style: italic;\">Ciampino<\/span> a <span style=\"font-style: italic;\">Edinburgh<\/span><\/span>.<\/p>\n<p><\/p>\n<div style=\"text-align: center; font-weight: bold;\"><span style=\"font-family:verdana;\">Edinburgh<\/p>\n<p><\/span> <\/div>\n<p> <span style=\"font-family:verdana;\">10h30min &#8211; Chegada ao Aeroporto Internacional de <span style=\"font-style: italic;\">Edinburgh<\/span><\/span><span style=\"font-family:verdana;\">.<br \/> <span style=\"font-style: italic;\"><br \/>Recep\u00e7\u00e3o oficial<\/span><\/span><\/p>\n<p><span style=\"font-family:verdana;\">11h00min &#8211; Cerim\u00f4nia de boas-vindas no Pal\u00e1cio Real de <span style=\"font-style: italic;\">Holyrood<\/span> em <span style=\"font-style: italic;\">Edinburgh<\/span><\/span> <span style=\"font-family:verdana;\"> <\/p>\n<p><span style=\"font-style: italic;\">Visita de cortesia a Elisabeth II, Rainha do Reino Unido<\/span><\/span> <span style=\"font-family:verdana;\"><\/p>\n<p>11h40min &#8211; Reuni\u00e3o com autoridades no <span style=\"font-style: italic;\">Park Palace Royal<\/span> em <span style=\"font-style: italic;\">Edinburgh<\/span>.<\/span> <span style=\"font-family:verdana;\"><\/p>\n<p><span style=\"font-style: italic;\">Discurso do Santo Padre<\/span><\/span> <span style=\"font-family:verdana;\"><\/p>\n<p><\/span><\/p>\n<div style=\"text-align: center;\"><a onblur=\"try {parent.deselectBloggerImageGracefully();} catch(e) {}\" href=\"http:\/\/4.bp.blogspot.com\/_LTO5Qx1HyJc\/TGw1eyqSa6I\/AAAAAAAAAZU\/xYO1-wMu-uQ\/s1600\/Keith+Michael+Patrick+O%E2%80%99Brien+2.jpg\"><img decoding=\"async\" style=\"display: block; margin: 0px auto 10px; text-align: center; cursor: pointer; width: 320px; height: 200px;\" src=\"http:\/\/4.bp.blogspot.com\/_LTO5Qx1HyJc\/TGw1eyqSa6I\/AAAAAAAAAZU\/xYO1-wMu-uQ\/s320\/Keith+Michael+Patrick+O%E2%80%99Brien+2.jpg\" alt=\"\" id=\"BLOGGER_PHOTO_ID_5506835247478762402\" border=\"0\" \/><\/a><span style=\"font-size:85%;\"><span style=\"font-style: italic;font-family:verdana;\">Sua Emin\u00eancia o Cardeal O\u00b4Brien<\/span><br \/><span style=\"font-style: italic;font-family:verdana;\">Arcebispo de Santo Andr\u00e9 de <\/span><span style=\"font-family:verdana;\">Edinburgh<span style=\"font-style: italic;\">, Esc\u00f3cia<\/span><\/span><br \/><\/span><\/div>\n<p><span style=\"font-family:verdana;\"><br \/><\/span><\/p>\n<div style=\"text-align: justify;\"><span style=\"font-family:verdana;\">13h00min &#8211; Almo\u00e7o com o Arcebispo, Sua Emin\u00eancia o Cardeal K<span style=\"font-style: italic;\">eith Michael Patrick O\u2019Brien<\/span>, em <span style=\"font-style: italic;\">Edinburgh<\/span><\/span><\/div>\n<div style=\"text-align: center;\"><span style=\"font-weight: bold;font-family:verdana;\"><br \/>Glasgow<\/p>\n<p><\/span> <\/div>\n<p> <span style=\"font-family:verdana;\">17h15min &#8211; Missa no <span style=\"font-style: italic;\">Park Bellahouston<\/span> em <span style=\"font-style: italic;\">Glasgow<\/span>. Homilia do Santo Padre.<\/span> <span style=\"font-family:verdana;\"><\/p>\n<p>20h00min &#8211; Partida de avi\u00e3o do Aeroporto Internacional de <span style=\"font-style: italic;\">Glasgow<\/span> a Londres<\/span><\/p>\n<div style=\"text-align: center;\"><span style=\"font-weight: bold;font-family:verdana;\"><\/p>\n<p>Londres<\/p>\n<p><\/span> <\/div>\n<div style=\"text-align: justify;\"><span style=\"font-family:verdana;\">21h25min &#8211; Chegada ao Aeroporto Internacional de Londres, no bairro de <span style=\"font-style: italic;\">Heathrow<\/span>.<\/span><\/div>\n<div style=\"text-align: right;\"><span style=\"font-size:85%;\"><span style=\"font-family:verdana;\"><br \/>Sexta-feira, 17 de setembro de 2010<\/span><\/span> <\/div>\n<p> <span style=\"font-family:verdana;\"><br \/><\/span><\/p>\n<div style=\"text-align: center;\"><a onblur=\"try {parent.deselectBloggerImageGracefully();} catch(e) {}\" href=\"http:\/\/2.bp.blogspot.com\/_LTO5Qx1HyJc\/TGwqDtiBGAI\/AAAAAAAAAYc\/bJ4aW7Hsu60\/s1600\/Faustino+Sainz+Mu%C3%B1oz+-+N%C3%BAncio+apost%C3%B3lico+no+Reino+Unido.png\"><img decoding=\"async\" style=\"display: block; margin: 0px auto 10px; text-align: center; cursor: pointer; width: 194px; height: 246px;\" src=\"http:\/\/2.bp.blogspot.com\/_LTO5Qx1HyJc\/TGwqDtiBGAI\/AAAAAAAAAYc\/bJ4aW7Hsu60\/s320\/Faustino+Sainz+Mu%C3%B1oz+-+N%C3%BAncio+apost%C3%B3lico+no+Reino+Unido.png\" alt=\"\" id=\"BLOGGER_PHOTO_ID_5506822687617521666\" border=\"0\" \/><\/a><span style=\"font-size:85%;\"><span style=\"font-style: italic;font-family:verdana;\">S.E.R. Faustino Sainz Mu\u00f1oz<\/span><br \/><span style=\"font-style: italic;font-family:verdana;\">Arcebispo titular de Novaliciana<\/span><br \/><span style=\"font-style: italic;font-family:verdana;\">N\u00fancio apost\u00f3lico na Gr\u00e3-Bretanha<\/span><br \/><\/span><\/div>\n<p><span style=\"font-family:verdana;\"><br \/><\/span><\/p>\n<div style=\"text-align: justify;\"><span style=\"font-family:verdana;\">08h00min &#8211; Santa Missa privada da Capela do N\u00fancio Apost\u00f3lico em <span style=\"font-style: italic;\">Wimbledon<\/span> (bairro londrino de <span style=\"font-style: italic;\">Merton<\/span>)<\/span><\/div>\n<p><\/p>\n<div style=\"text-align: center;\"><a onblur=\"try {parent.deselectBloggerImageGracefully();} catch(e) {}\" href=\"http:\/\/2.bp.blogspot.com\/_LTO5Qx1HyJc\/TGwqD1LQBtI\/AAAAAAAAAYk\/O1Bh9lxp7Rk\/s1600\/Saint+Mary%C2%B4s+University+College.JPG\"><img decoding=\"async\" style=\"display: block; margin: 0px auto 10px; text-align: center; cursor: pointer; width: 398px; height: 177px;\" src=\"http:\/\/2.bp.blogspot.com\/_LTO5Qx1HyJc\/TGwqD1LQBtI\/AAAAAAAAAYk\/O1Bh9lxp7Rk\/s320\/Saint+Mary%C2%B4s+University+College.JPG\" alt=\"\" id=\"BLOGGER_PHOTO_ID_5506822689669514962\" border=\"0\" \/><\/a><span style=\";font-family:verdana;font-size:85%;\"><span>Saint Mary\u00b4s University Coll<\/span><span style=\"font-style: italic;\">ege<\/span><\/span><\/div>\n<p><\/p>\n<div style=\"text-align: justify;\"><span style=\"font-family:verdana;\">10h00min &#8211; Encontro com o mundo da educa\u00e7\u00e3o cat\u00f3lica na Capela e no campo esportivo na <span style=\"font-style: italic;\">Saint Mary\u00b4s University College<\/span> em <span style=\"font-style: italic;\">Twickenham<\/span> (bairro londrino de <span style=\"font-style: italic;\">Richmond<\/span>). Sauda\u00e7\u00e3o e discurso do Santo Padre.<\/span><\/p>\n<p><span style=\"font-family:verdana;\">11h30min &#8211; Encontro com l\u00edderes de outras religi\u00f5es na Sala de Desenhos <span style=\"font-style: italic;\">Waldegrave<\/span> da <span style=\"font-style: italic;\">Saint Mary\u00b4s University College<\/span>, <span style=\"font-style: italic;\">Twicknham<\/span> (bairro londrinho de <span style=\"font-style: italic;\">Richmond<\/span>. Discurso do Santo Padre.<\/span><\/div>\n<p><\/p>\n<div style=\"text-align: center;\"><a onblur=\"try {parent.deselectBloggerImageGracefully();} catch(e) {}\" href=\"http:\/\/4.bp.blogspot.com\/_LTO5Qx1HyJc\/TGwvHp5jhkI\/AAAAAAAAAYs\/G2fmgsDJJAo\/s1600\/Arcebispo+de+Canterbury+Rowan+Williams.jpg\"><img decoding=\"async\" style=\"display: block; margin: 0px auto 10px; text-align: center; cursor: pointer; width: 320px; height: 200px;\" src=\"http:\/\/4.bp.blogspot.com\/_LTO5Qx1HyJc\/TGwvHp5jhkI\/AAAAAAAAAYs\/G2fmgsDJJAo\/s320\/Arcebispo+de+Canterbury+Rowan+Williams.jpg\" alt=\"\" id=\"BLOGGER_PHOTO_ID_5506828252920120898\" border=\"0\" \/><\/a><span style=\"font-size:85%;\"><span style=\"font-style: italic;font-family:verdana;\">Sr. <\/span><span style=\"font-family:verdana;\">Rowan Williams<\/span><br \/><span style=\"font-family:verdana;\"><span style=\"font-style: italic;\">Arcebispo de<\/span> Canterbury<\/span><br \/><\/span><\/div>\n<p><\/p>\n<div style=\"text-align: justify;\"><span style=\"font-family:verdana;\">16h00min &#8211; Visita de cortesia ao Arcebispo de <span style=\"font-style: italic;\">Canterbury<\/span> no <span style=\"font-style: italic;\">Lamberth Palace<\/span> (bairro londrino de <span style=\"font-style: italic;\">Lamberth<\/span>). Discurso do Santo Padre.<\/span><\/div>\n<p><span style=\"font-family:verdana;\"><br \/><\/span><\/p>\n<div style=\"text-align: center;\"><a onblur=\"try {parent.deselectBloggerImageGracefully();} catch(e) {}\" href=\"http:\/\/2.bp.blogspot.com\/_LTO5Qx1HyJc\/TGwvIOZ7-RI\/AAAAAAAAAY8\/QKttihh7meA\/s1600\/Westminster+Hall.jpg\"><img decoding=\"async\" style=\"display: block; margin: 0px auto 10px; text-align: center; cursor: pointer; width: 320px; height: 252px;\" src=\"http:\/\/2.bp.blogspot.com\/_LTO5Qx1HyJc\/TGwvIOZ7-RI\/AAAAAAAAAY8\/QKttihh7meA\/s320\/Westminster+Hall.jpg\" alt=\"\" id=\"BLOGGER_PHOTO_ID_5506828262719617298\" border=\"0\" \/><\/a><span style=\";font-family:verdana;font-size:85%;\"><span>Westminster Hall<\/span><br \/><\/span><\/div>\n<p><span style=\"font-family:verdana;\"><br \/><\/span><\/p>\n<div style=\"text-align: justify;\"><span style=\"font-family:verdana;\">17h10min &#8211; Reuni\u00e3o com representantes da sociedade civil, acad\u00eamicos, artistas e empres\u00e1rios, com o corpo diplom\u00e1tico e com os l\u00edderes religiosos no Sal\u00e3o de <span style=\"font-style: italic;\">Westminster<\/span> (Cidade de <span style=\"font-style: italic;\">Westminster<\/span>). Discurso do Santo Padre.<\/span><\/div>\n<p><span style=\"font-family:verdana;\"><br \/><\/span><\/p>\n<div style=\"text-align: center;\"><a onblur=\"try {parent.deselectBloggerImageGracefully();} catch(e) {}\" href=\"http:\/\/3.bp.blogspot.com\/_LTO5Qx1HyJc\/TGwvH8BR7HI\/AAAAAAAAAY0\/xsiJa5pHsCk\/s1600\/Abadia+Westminster+-+Londres.jpg\"><img decoding=\"async\" style=\"display: block; margin: 0px auto 10px; text-align: center; cursor: pointer; width: 320px; height: 240px;\" src=\"http:\/\/3.bp.blogspot.com\/_LTO5Qx1HyJc\/TGwvH8BR7HI\/AAAAAAAAAY0\/xsiJa5pHsCk\/s320\/Abadia+Westminster+-+Londres.jpg\" alt=\"\" id=\"BLOGGER_PHOTO_ID_5506828257784360050\" border=\"0\" \/><\/a><span style=\"font-style: italic;font-family:verdana;font-size:85%;\">Abadia de <\/span><span style=\";font-family:verdana;font-size:85%;\">Westminster<\/span><\/div>\n<p><span style=\"font-family:verdana;\"><br \/><\/span><\/p>\n<div style=\"text-align: justify;\"><span style=\"font-family:verdana;\">18h15min &#8211; Celebra\u00e7\u00e3o ecum\u00eanica na Abadia de <span style=\"font-style: italic;\">Westminster<\/span> (Cidade de <span style=\"font-style: italic;\">Westminster<\/span>). Discurso do Santo Padre.<\/span><\/div>\n<div style=\"text-align: right;\"><span style=\"font-size:85%;\"><span style=\"font-family:verdana;\"><br \/>S\u00e1bado, 18 de setembro de 2010<\/span><\/span> <\/div>\n<p> <span style=\"font-family:verdana;\"><br \/><\/span><\/p>\n<div style=\"text-align: justify;\"><span style=\"font-family:verdana;\">09h00min &#8211; Reuni\u00e3o com o Primeiro-ministro no Pal\u00e1cio Arquiepiscopal de <span style=\"font-style: italic;\">Westminster<\/span>.<\/span><\/p>\n<p><span style=\"font-family:verdana;\">09h20min &#8211; Reuni\u00e3o com o Vice-primeiro-ministro no Pal\u00e1cio Arquiepiscopal de <\/span><span style=\"font-family:verdana;\"><span style=\"font-style: italic;\">Westminster<\/span><\/span><span style=\"font-family:verdana;\">.<\/span><\/p>\n<p><span style=\"font-family:verdana;\">09h30min &#8211; Reuni\u00e3o com o l\u00edder da oposi\u00e7\u00e3o no Pal\u00e1cio Arquiepiscopal de <\/span><span style=\"font-family:verdana;\"><span style=\"font-style: italic;\">Westminster<\/span><\/span><span style=\"font-family:verdana;\">.<\/span><\/p>\n<p><span style=\"font-family:verdana;\">10h00min &#8211; Santa Missa na Catedral do Precios\u00edssimo Sangue de Nosso Senhor Jesus Cristo (<\/span><span style=\"font-family:verdana;\"><span style=\"font-style: italic;\">Westminster<\/span><\/span><span style=\"font-family:verdana;\">). Homilia e sauda\u00e7\u00e3o do Santo Padre.<\/span><\/p>\n<p><span style=\"font-family:verdana;\">17h00min -Visita \u00e0 Casa de Repouso <span style=\"font-style: italic;\">Saint Peter <\/span>(bairro londrino de <span style=\"font-style: italic;\">Lamberth<\/span>). Discurso do Santo Padre.<\/span><\/div>\n<p><span style=\"font-family:verdana;\"><br \/>18h15min &#8211; Vig\u00edlia de ora\u00e7\u00e3o para a beatifica\u00e7\u00e3o do cardeal <span style=\"font-style: italic;\">John Henry Newman no Hyde Park<\/span> (Cidade de <\/span><span style=\"font-family:verdana;\"><span style=\"font-style: italic;\">Westminster<\/span><\/span><span style=\"font-family:verdana;\">). Discurso do Santo Padre.<\/span><\/p>\n<div style=\"text-align: right;\"><span style=\"font-family:verdana;\"><span style=\"font-size:85%;\"><\/p>\n<p>Do<\/span><span style=\"font-size:85%;\">mingo, 19 de setembro de 2010<\/span><\/span> <\/div>\n<p> <span style=\"font-family:verdana;\"><br \/><\/span><\/p>\n<div style=\"text-align: justify;\"><span style=\"font-family:verdana;\">08h00min &#8211; Despedida do N\u00fancio Apost\u00f3lico em <span style=\"font-style: italic;\">Wimbledon<\/span> (bairro londrino de <span style=\"font-style: italic;\">Merton<\/span>).<\/span><\/p>\n<p><span style=\"font-family:verdana;\">08h45min &#8211; Partida de helic\u00f3ptero do <span style=\"font-style: italic;\">Wimbledon Park<\/span> (bairro londrinho de <span style=\"font-style: italic;\">Merton<\/span>) para <span style=\"font-style: italic;\">Birmingham<\/span>.<\/span><\/div>\n<div style=\"text-align: center;\"><span style=\"font-weight: bold;font-family:verdana;\"><\/p>\n<p>Birmingham<\/p>\n<p><\/span><\/p>\n<div style=\"text-align: justify;\"> <\/div>\n<\/div>\n<div style=\"text-align: justify;\"> <span style=\"font-family:verdana;\">09h30min &#8211; Chegada ao heliporto, perto do <span style=\"font-style: italic;\">Cofton Park<\/span>, <span style=\"font-style: italic;\">Rednal Birmingham<\/span>.<\/span><\/p>\n<div style=\"text-align: center;\"><a onblur=\"try {parent.deselectBloggerImageGracefully();} catch(e) {}\" href=\"http:\/\/3.bp.blogspot.com\/_LTO5Qx1HyJc\/TGwvq5vd41I\/AAAAAAAAAZE\/z1B07x-Yt0U\/s1600\/Cardeal+Newman.jpg\"><img decoding=\"async\" style=\"display: block; margin: 0px auto 10px; text-align: center; cursor: pointer; width: 320px; height: 213px;\" src=\"http:\/\/3.bp.blogspot.com\/_LTO5Qx1HyJc\/TGwvq5vd41I\/AAAAAAAAAZE\/z1B07x-Yt0U\/s320\/Cardeal+Newman.jpg\" alt=\"\" id=\"BLOGGER_PHOTO_ID_5506828858468197202\" border=\"0\" \/><\/a><span style=\"font-size:85%;\"><span style=\"font-style: italic;\"><span style=\"text-decoration: underline;\"><\/span>Cardeal John Henry Newman<\/span><\/span><\/div>\n<p><span style=\"font-family:verdana;\">10h00min &#8211; Missa e Beatifica\u00e7\u00e3o do vener\u00e1vel Cardeal <span style=\"font-style: italic;\">John Henry Newman<\/span>, no <span style=\"font-style: italic;\">Cofton Park<\/span>, em <span style=\"font-style: italic;\">Rednal Birmingham<\/span>. Homilia do Santo Padre e recita\u00e7\u00e3o do <span style=\"font-style: italic;\">Angelus<\/span>.<\/span><\/p>\n<p><span style=\"font-family:verdana;\">13h10min &#8211; Visita privada ao Orat\u00f3rio de S\u00e3o Felipe N\u00e9ri de <span style=\"font-style: italic;\">Edgbaston<\/span> em <span style=\"font-style: italic;\">Birmingham<\/span>.<\/span><\/p>\n<p><span style=\"font-family:verdana;\">13h45min &#8211; Almo\u00e7o com os Bispos da Inglaterra, Pa\u00eds de Gales e Esc\u00f3cia e os membros da comitiva papal no refeit\u00f3rio do <span style=\"font-style: italic;\">Francis Martin House College<\/span> de <span style=\"font-style: italic;\">Oscott<\/span>, em <span style=\"font-style: italic;\">Birmingham<\/span>.<\/span><\/p>\n<p><span style=\"font-family:verdana;\">16h45min &#8211; Encontro com os Bispos da Inglaterra, Pa\u00eds de Gales e Esc\u00f3cia, na Capela do <span style=\"font-style: italic;\">Francis Martin House College<\/span>, em <span style=\"font-style: italic;\">Birmingham<\/span>. Discurso do Santo Padre.<\/span><\/p>\n<p><span style=\"font-family:verdana;\">18h15min &#8211; Cerim\u00f4nia de despedida no Aeroporto Internacional de <span style=\"font-style: italic;\">Birmingham<\/span>. Discurso do Santo Padre.<\/span><\/p>\n<p><span style=\"font-family:verdana;\">18h45min &#8211; Partida do Aeroporto Internacional de <\/span><span style=\"font-family:verdana;\"><span style=\"font-style: italic;\">Birmingham<\/span><\/span><span style=\"font-family:verdana;\"> de avi\u00e3o a Roma.<\/span><\/div>\n<div style=\"text-align: center;\"><span style=\"font-weight: bold;font-family:verdana;\"><\/p>\n<p>Roma<\/p>\n<p><\/span> <\/div>\n<p> <span style=\"font-family:verdana;\">22h30min &#8211; Chegada ao Aeroporto de Roma <span style=\"font-style: italic;\">Ciampino<\/span>.<\/p>\n<p><\/span><a onblur=\"try {parent.deselectBloggerImageGracefully();} catch(e) {}\" href=\"http:\/\/2.bp.blogspot.com\/_LTO5Qx1HyJc\/TGwvrWiqnxI\/AAAAAAAAAZM\/LO6zJqZV8tE\/s1600\/060_small.gif\"><img decoding=\"async\" style=\"display: block; margin: 0px auto 10px; text-align: center; cursor: pointer; width: 39px; height: 39px;\" src=\"http:\/\/2.bp.blogspot.com\/_LTO5Qx1HyJc\/TGwvrWiqnxI\/AAAAAAAAAZM\/LO6zJqZV8tE\/s320\/060_small.gif\" alt=\"\" id=\"BLOGGER_PHOTO_ID_5506828866199133970\" border=\"0\" \/><\/a><\/p>\n","protected":false},"excerpt":{"rendered":"Do boletim da Sala de Imprensa da Santa S\u00e9 Na ocasi\u00e3o da beatifica\u00e7\u00e3o do Cardeal John Newman 16 a 19 de setembro de 2010 Quinta-feira, 16 de setembro de 2010 Roma 08h10min &#8211; Partida de avi\u00e3o do Aeroporto Ciampino a Edinburgh. Edinburgh 10h30min &#8211; Chegada ao Aeroporto Internacional de Edinburgh. Recep\u00e7\u00e3o oficial 11h00min &#8211; Cerim\u00f4nia&#8230; <a class=\"view-article\" href=\"https:\/\/diretodasacristia.com\/home\/sem-categoria\/programa-da-viagem-apostolica-do-santo-padre-ao-reino-unido-2\/\">Ver artigo<\/a>","protected":false},"author":3,"featured_media":0,"comment_status":"open","ping_status":"open","sticky":false,"template":"","format":"standard","meta":{"jetpack_post_was_ever_published":false,"_jetpack_newsletter_access":"","_jetpack_dont_email_post_to_subs":false,"_jetpack_newsletter_tier_id":0,"_jetpack_memberships_contains_paywalled_content":false,"_jetpack_memberships_contains_paid_content":false,"_joinchat":[],"footnotes":"","jetpack_publicize_message":"","jetpack_publicize_feature_enabled":true,"jetpack_social_post_already_shared":false,"jetpack_social_options":{"image_generator_settings":{"template":"highway","default_image_id":0,"font":"","enabled":false},"version":2}},"categories":[1],"tags":[],"class_list":["post-2583","post","type-post","status-publish","format-standard","hentry","category-sem-categoria"],"yoast_head":"<!-- This site is optimized with the Yoast SEO plugin v27.4 - https:\/\/yoast.com\/product\/yoast-seo-wordpress\/ -->\n<title>Programa da viagem apost\u00f3lica do Santo Padre ao Reino Unido - Direto da Sacristia<\/title>\n<meta name=\"robots\" content=\"index, follow, max-snippet:-1, max-image-preview:large, max-video-preview:-1\" \/>\n<link rel=\"canonical\" href=\"https:\/\/diretodasacristia.com\/home\/sem-categoria\/programa-da-viagem-apostolica-do-santo-padre-ao-reino-unido-2\/\" \/>\n<meta property=\"og:locale\" content=\"pt_BR\" \/>\n<meta property=\"og:type\" content=\"article\" \/>\n<meta property=\"og:title\" content=\"Programa da viagem apost\u00f3lica do Santo Padre ao Reino Unido - Direto da Sacristia\" \/>\n<meta property=\"og:description\" content=\"Do boletim da Sala de Imprensa da Santa S\u00e9 Na ocasi\u00e3o da beatifica\u00e7\u00e3o do Cardeal John Newman 16 a 19 de setembro de 2010 Quinta-feira, 16 de setembro de 2010 Roma 08h10min &#8211; Partida de avi\u00e3o do Aeroporto Ciampino a Edinburgh. Edinburgh 10h30min &#8211; Chegada ao Aeroporto Internacional de Edinburgh. Recep\u00e7\u00e3o oficial 11h00min &#8211; Cerim\u00f4nia... Ver artigo\" \/>\n<meta property=\"og:url\" content=\"https:\/\/diretodasacristia.com\/home\/sem-categoria\/programa-da-viagem-apostolica-do-santo-padre-ao-reino-unido-2\/\" \/>\n<meta property=\"og:site_name\" content=\"Direto da Sacristia\" \/>\n<meta property=\"article:publisher\" content=\"https:\/\/www.facebook.com\/DiretoSacristia\" \/>\n<meta property=\"article:published_time\" content=\"2010-08-18T13:43:00+00:00\" \/>\n<meta property=\"og:image\" content=\"http:\/\/1.bp.blogspot.com\/_LTO5Qx1HyJc\/TGwqDJPKZKI\/AAAAAAAAAYE\/S65tj7nbS_Q\/s320\/logomarca-vaticano.jpg\" \/>\n<meta name=\"author\" content=\"E. Mar\u00e7al\" \/>\n<meta name=\"twitter:card\" content=\"summary_large_image\" \/>\n<meta name=\"twitter:creator\" content=\"@diretosacristia\" \/>\n<meta name=\"twitter:site\" content=\"@diretosacristia\" \/>\n<meta name=\"twitter:label1\" content=\"Escrito por\" \/>\n\t<meta name=\"twitter:data1\" content=\"E. Mar\u00e7al\" \/>\n\t<meta name=\"twitter:label2\" content=\"Est. tempo de leitura\" \/>\n\t<meta name=\"twitter:data2\" content=\"3 minutos\" \/>\n<script type=\"application\/ld+json\" class=\"yoast-schema-graph\">{\"@context\":\"https:\\\/\\\/schema.org\",\"@graph\":[{\"@type\":\"Article\",\"@id\":\"https:\\\/\\\/diretodasacristia.com\\\/home\\\/sem-categoria\\\/programa-da-viagem-apostolica-do-santo-padre-ao-reino-unido-2\\\/#article\",\"isPartOf\":{\"@id\":\"https:\\\/\\\/diretodasacristia.com\\\/home\\\/sem-categoria\\\/programa-da-viagem-apostolica-do-santo-padre-ao-reino-unido-2\\\/\"},\"author\":{\"name\":\"E. Mar\u00e7al\",\"@id\":\"https:\\\/\\\/diretodasacristia.com\\\/home\\\/#\\\/schema\\\/person\\\/3d453ef1f7d57c0bb0990b8070642721\"},\"headline\":\"Programa da viagem apost\u00f3lica do Santo Padre ao Reino Unido\",\"datePublished\":\"2010-08-18T13:43:00+00:00\",\"mainEntityOfPage\":{\"@id\":\"https:\\\/\\\/diretodasacristia.com\\\/home\\\/sem-categoria\\\/programa-da-viagem-apostolica-do-santo-padre-ao-reino-unido-2\\\/\"},\"wordCount\":709,\"commentCount\":0,\"publisher\":{\"@id\":\"https:\\\/\\\/diretodasacristia.com\\\/home\\\/#organization\"},\"image\":{\"@id\":\"https:\\\/\\\/diretodasacristia.com\\\/home\\\/sem-categoria\\\/programa-da-viagem-apostolica-do-santo-padre-ao-reino-unido-2\\\/#primaryimage\"},\"thumbnailUrl\":\"http:\\\/\\\/1.bp.blogspot.com\\\/_LTO5Qx1HyJc\\\/TGwqDJPKZKI\\\/AAAAAAAAAYE\\\/S65tj7nbS_Q\\\/s320\\\/logomarca-vaticano.jpg\",\"inLanguage\":\"pt-BR\",\"potentialAction\":[{\"@type\":\"CommentAction\",\"name\":\"Comment\",\"target\":[\"https:\\\/\\\/diretodasacristia.com\\\/home\\\/sem-categoria\\\/programa-da-viagem-apostolica-do-santo-padre-ao-reino-unido-2\\\/#respond\"]}]},{\"@type\":\"WebPage\",\"@id\":\"https:\\\/\\\/diretodasacristia.com\\\/home\\\/sem-categoria\\\/programa-da-viagem-apostolica-do-santo-padre-ao-reino-unido-2\\\/\",\"url\":\"https:\\\/\\\/diretodasacristia.com\\\/home\\\/sem-categoria\\\/programa-da-viagem-apostolica-do-santo-padre-ao-reino-unido-2\\\/\",\"name\":\"Programa da viagem apost\u00f3lica do Santo Padre ao Reino Unido - Direto da Sacristia\",\"isPartOf\":{\"@id\":\"https:\\\/\\\/diretodasacristia.com\\\/home\\\/#website\"},\"primaryImageOfPage\":{\"@id\":\"https:\\\/\\\/diretodasacristia.com\\\/home\\\/sem-categoria\\\/programa-da-viagem-apostolica-do-santo-padre-ao-reino-unido-2\\\/#primaryimage\"},\"image\":{\"@id\":\"https:\\\/\\\/diretodasacristia.com\\\/home\\\/sem-categoria\\\/programa-da-viagem-apostolica-do-santo-padre-ao-reino-unido-2\\\/#primaryimage\"},\"thumbnailUrl\":\"http:\\\/\\\/1.bp.blogspot.com\\\/_LTO5Qx1HyJc\\\/TGwqDJPKZKI\\\/AAAAAAAAAYE\\\/S65tj7nbS_Q\\\/s320\\\/logomarca-vaticano.jpg\",\"datePublished\":\"2010-08-18T13:43:00+00:00\",\"breadcrumb\":{\"@id\":\"https:\\\/\\\/diretodasacristia.com\\\/home\\\/sem-categoria\\\/programa-da-viagem-apostolica-do-santo-padre-ao-reino-unido-2\\\/#breadcrumb\"},\"inLanguage\":\"pt-BR\",\"potentialAction\":[{\"@type\":\"ReadAction\",\"target\":[\"https:\\\/\\\/diretodasacristia.com\\\/home\\\/sem-categoria\\\/programa-da-viagem-apostolica-do-santo-padre-ao-reino-unido-2\\\/\"]}]},{\"@type\":\"ImageObject\",\"inLanguage\":\"pt-BR\",\"@id\":\"https:\\\/\\\/diretodasacristia.com\\\/home\\\/sem-categoria\\\/programa-da-viagem-apostolica-do-santo-padre-ao-reino-unido-2\\\/#primaryimage\",\"url\":\"http:\\\/\\\/1.bp.blogspot.com\\\/_LTO5Qx1HyJc\\\/TGwqDJPKZKI\\\/AAAAAAAAAYE\\\/S65tj7nbS_Q\\\/s320\\\/logomarca-vaticano.jpg\",\"contentUrl\":\"http:\\\/\\\/1.bp.blogspot.com\\\/_LTO5Qx1HyJc\\\/TGwqDJPKZKI\\\/AAAAAAAAAYE\\\/S65tj7nbS_Q\\\/s320\\\/logomarca-vaticano.jpg\"},{\"@type\":\"BreadcrumbList\",\"@id\":\"https:\\\/\\\/diretodasacristia.com\\\/home\\\/sem-categoria\\\/programa-da-viagem-apostolica-do-santo-padre-ao-reino-unido-2\\\/#breadcrumb\",\"itemListElement\":[{\"@type\":\"ListItem\",\"position\":1,\"name\":\"In\u00edcio\",\"item\":\"https:\\\/\\\/diretodasacristia.com\\\/home\\\/\"},{\"@type\":\"ListItem\",\"position\":2,\"name\":\"Programa da viagem apost\u00f3lica do Santo Padre ao Reino Unido\"}]},{\"@type\":\"WebSite\",\"@id\":\"https:\\\/\\\/diretodasacristia.com\\\/home\\\/#website\",\"url\":\"https:\\\/\\\/diretodasacristia.com\\\/home\\\/\",\"name\":\"Direto da Sacristia\",\"description\":\"Not\u00edcias e artigos sobre a f\u00e9 cat\u00f3lica\",\"publisher\":{\"@id\":\"https:\\\/\\\/diretodasacristia.com\\\/home\\\/#organization\"},\"potentialAction\":[{\"@type\":\"SearchAction\",\"target\":{\"@type\":\"EntryPoint\",\"urlTemplate\":\"https:\\\/\\\/diretodasacristia.com\\\/home\\\/?s={search_term_string}\"},\"query-input\":{\"@type\":\"PropertyValueSpecification\",\"valueRequired\":true,\"valueName\":\"search_term_string\"}}],\"inLanguage\":\"pt-BR\"},{\"@type\":\"Organization\",\"@id\":\"https:\\\/\\\/diretodasacristia.com\\\/home\\\/#organization\",\"name\":\"Direto da Sacristia\",\"url\":\"https:\\\/\\\/diretodasacristia.com\\\/home\\\/\",\"logo\":{\"@type\":\"ImageObject\",\"inLanguage\":\"pt-BR\",\"@id\":\"https:\\\/\\\/diretodasacristia.com\\\/home\\\/#\\\/schema\\\/logo\\\/image\\\/\",\"url\":\"https:\\\/\\\/i0.wp.com\\\/diretodasacristia.com\\\/home\\\/wp-content\\\/uploads\\\/2012\\\/01\\\/marca-sacristia.png?fit=320%2C306&ssl=1\",\"contentUrl\":\"https:\\\/\\\/i0.wp.com\\\/diretodasacristia.com\\\/home\\\/wp-content\\\/uploads\\\/2012\\\/01\\\/marca-sacristia.png?fit=320%2C306&ssl=1\",\"width\":\"320\",\"height\":\"306\",\"caption\":\"Direto da Sacristia\"},\"image\":{\"@id\":\"https:\\\/\\\/diretodasacristia.com\\\/home\\\/#\\\/schema\\\/logo\\\/image\\\/\"},\"sameAs\":[\"https:\\\/\\\/www.facebook.com\\\/DiretoSacristia\",\"https:\\\/\\\/x.com\\\/diretosacristia\",\"https:\\\/\\\/www.instagram.com\\\/diretodasacristia\\\/\",\"https:\\\/\\\/www.youtube.com\\\/diretodasacristia\"]},{\"@type\":\"Person\",\"@id\":\"https:\\\/\\\/diretodasacristia.com\\\/home\\\/#\\\/schema\\\/person\\\/3d453ef1f7d57c0bb0990b8070642721\",\"name\":\"E. Mar\u00e7al\",\"image\":{\"@type\":\"ImageObject\",\"inLanguage\":\"pt-BR\",\"@id\":\"https:\\\/\\\/secure.gravatar.com\\\/avatar\\\/348ff80a5ddde3de6c8b6e0c5b066b733f9245285d9ab87cd2e2ff652ffa95b0?s=96&d=mm&r=g\",\"url\":\"https:\\\/\\\/secure.gravatar.com\\\/avatar\\\/348ff80a5ddde3de6c8b6e0c5b066b733f9245285d9ab87cd2e2ff652ffa95b0?s=96&d=mm&r=g\",\"contentUrl\":\"https:\\\/\\\/secure.gravatar.com\\\/avatar\\\/348ff80a5ddde3de6c8b6e0c5b066b733f9245285d9ab87cd2e2ff652ffa95b0?s=96&d=mm&r=g\",\"caption\":\"E. Mar\u00e7al\"},\"url\":\"https:\\\/\\\/diretodasacristia.com\\\/home\\\/author\\\/erick\\\/\"}]}<\/script>\n<!-- \/ Yoast SEO plugin. -->","yoast_head_json":{"title":"Programa da viagem apost\u00f3lica do Santo Padre ao Reino Unido - Direto da Sacristia","robots":{"index":"index","follow":"follow","max-snippet":"max-snippet:-1","max-image-preview":"max-image-preview:large","max-video-preview":"max-video-preview:-1"},"canonical":"https:\/\/diretodasacristia.com\/home\/sem-categoria\/programa-da-viagem-apostolica-do-santo-padre-ao-reino-unido-2\/","og_locale":"pt_BR","og_type":"article","og_title":"Programa da viagem apost\u00f3lica do Santo Padre ao Reino Unido - Direto da Sacristia","og_description":"Do boletim da Sala de Imprensa da Santa S\u00e9 Na ocasi\u00e3o da beatifica\u00e7\u00e3o do Cardeal John Newman 16 a 19 de setembro de 2010 Quinta-feira, 16 de setembro de 2010 Roma 08h10min &#8211; Partida de avi\u00e3o do Aeroporto Ciampino a Edinburgh. Edinburgh 10h30min &#8211; Chegada ao Aeroporto Internacional de Edinburgh. Recep\u00e7\u00e3o oficial 11h00min &#8211; Cerim\u00f4nia... Ver artigo","og_url":"https:\/\/diretodasacristia.com\/home\/sem-categoria\/programa-da-viagem-apostolica-do-santo-padre-ao-reino-unido-2\/","og_site_name":"Direto da Sacristia","article_publisher":"https:\/\/www.facebook.com\/DiretoSacristia","article_published_time":"2010-08-18T13:43:00+00:00","og_image":[{"url":"http:\/\/1.bp.blogspot.com\/_LTO5Qx1HyJc\/TGwqDJPKZKI\/AAAAAAAAAYE\/S65tj7nbS_Q\/s320\/logomarca-vaticano.jpg","type":"","width":"","height":""}],"author":"E. Mar\u00e7al","twitter_card":"summary_large_image","twitter_creator":"@diretosacristia","twitter_site":"@diretosacristia","twitter_misc":{"Escrito por":"E. Mar\u00e7al","Est. tempo de leitura":"3 minutos"},"schema":{"@context":"https:\/\/schema.org","@graph":[{"@type":"Article","@id":"https:\/\/diretodasacristia.com\/home\/sem-categoria\/programa-da-viagem-apostolica-do-santo-padre-ao-reino-unido-2\/#article","isPartOf":{"@id":"https:\/\/diretodasacristia.com\/home\/sem-categoria\/programa-da-viagem-apostolica-do-santo-padre-ao-reino-unido-2\/"},"author":{"name":"E. Mar\u00e7al","@id":"https:\/\/diretodasacristia.com\/home\/#\/schema\/person\/3d453ef1f7d57c0bb0990b8070642721"},"headline":"Programa da viagem apost\u00f3lica do Santo Padre ao Reino Unido","datePublished":"2010-08-18T13:43:00+00:00","mainEntityOfPage":{"@id":"https:\/\/diretodasacristia.com\/home\/sem-categoria\/programa-da-viagem-apostolica-do-santo-padre-ao-reino-unido-2\/"},"wordCount":709,"commentCount":0,"publisher":{"@id":"https:\/\/diretodasacristia.com\/home\/#organization"},"image":{"@id":"https:\/\/diretodasacristia.com\/home\/sem-categoria\/programa-da-viagem-apostolica-do-santo-padre-ao-reino-unido-2\/#primaryimage"},"thumbnailUrl":"http:\/\/1.bp.blogspot.com\/_LTO5Qx1HyJc\/TGwqDJPKZKI\/AAAAAAAAAYE\/S65tj7nbS_Q\/s320\/logomarca-vaticano.jpg","inLanguage":"pt-BR","potentialAction":[{"@type":"CommentAction","name":"Comment","target":["https:\/\/diretodasacristia.com\/home\/sem-categoria\/programa-da-viagem-apostolica-do-santo-padre-ao-reino-unido-2\/#respond"]}]},{"@type":"WebPage","@id":"https:\/\/diretodasacristia.com\/home\/sem-categoria\/programa-da-viagem-apostolica-do-santo-padre-ao-reino-unido-2\/","url":"https:\/\/diretodasacristia.com\/home\/sem-categoria\/programa-da-viagem-apostolica-do-santo-padre-ao-reino-unido-2\/","name":"Programa da viagem apost\u00f3lica do Santo Padre ao Reino Unido - Direto da Sacristia","isPartOf":{"@id":"https:\/\/diretodasacristia.com\/home\/#website"},"primaryImageOfPage":{"@id":"https:\/\/diretodasacristia.com\/home\/sem-categoria\/programa-da-viagem-apostolica-do-santo-padre-ao-reino-unido-2\/#primaryimage"},"image":{"@id":"https:\/\/diretodasacristia.com\/home\/sem-categoria\/programa-da-viagem-apostolica-do-santo-padre-ao-reino-unido-2\/#primaryimage"},"thumbnailUrl":"http:\/\/1.bp.blogspot.com\/_LTO5Qx1HyJc\/TGwqDJPKZKI\/AAAAAAAAAYE\/S65tj7nbS_Q\/s320\/logomarca-vaticano.jpg","datePublished":"2010-08-18T13:43:00+00:00","breadcrumb":{"@id":"https:\/\/diretodasacristia.com\/home\/sem-categoria\/programa-da-viagem-apostolica-do-santo-padre-ao-reino-unido-2\/#breadcrumb"},"inLanguage":"pt-BR","potentialAction":[{"@type":"ReadAction","target":["https:\/\/diretodasacristia.com\/home\/sem-categoria\/programa-da-viagem-apostolica-do-santo-padre-ao-reino-unido-2\/"]}]},{"@type":"ImageObject","inLanguage":"pt-BR","@id":"https:\/\/diretodasacristia.com\/home\/sem-categoria\/programa-da-viagem-apostolica-do-santo-padre-ao-reino-unido-2\/#primaryimage","url":"http:\/\/1.bp.blogspot.com\/_LTO5Qx1HyJc\/TGwqDJPKZKI\/AAAAAAAAAYE\/S65tj7nbS_Q\/s320\/logomarca-vaticano.jpg","contentUrl":"http:\/\/1.bp.blogspot.com\/_LTO5Qx1HyJc\/TGwqDJPKZKI\/AAAAAAAAAYE\/S65tj7nbS_Q\/s320\/logomarca-vaticano.jpg"},{"@type":"BreadcrumbList","@id":"https:\/\/diretodasacristia.com\/home\/sem-categoria\/programa-da-viagem-apostolica-do-santo-padre-ao-reino-unido-2\/#breadcrumb","itemListElement":[{"@type":"ListItem","position":1,"name":"In\u00edcio","item":"https:\/\/diretodasacristia.com\/home\/"},{"@type":"ListItem","position":2,"name":"Programa da viagem apost\u00f3lica do Santo Padre ao Reino Unido"}]},{"@type":"WebSite","@id":"https:\/\/diretodasacristia.com\/home\/#website","url":"https:\/\/diretodasacristia.com\/home\/","name":"Direto da Sacristia","description":"Not\u00edcias e artigos sobre a f\u00e9 cat\u00f3lica","publisher":{"@id":"https:\/\/diretodasacristia.com\/home\/#organization"},"potentialAction":[{"@type":"SearchAction","target":{"@type":"EntryPoint","urlTemplate":"https:\/\/diretodasacristia.com\/home\/?s={search_term_string}"},"query-input":{"@type":"PropertyValueSpecification","valueRequired":true,"valueName":"search_term_string"}}],"inLanguage":"pt-BR"},{"@type":"Organization","@id":"https:\/\/diretodasacristia.com\/home\/#organization","name":"Direto da Sacristia","url":"https:\/\/diretodasacristia.com\/home\/","logo":{"@type":"ImageObject","inLanguage":"pt-BR","@id":"https:\/\/diretodasacristia.com\/home\/#\/schema\/logo\/image\/","url":"https:\/\/i0.wp.com\/diretodasacristia.com\/home\/wp-content\/uploads\/2012\/01\/marca-sacristia.png?fit=320%2C306&ssl=1","contentUrl":"https:\/\/i0.wp.com\/diretodasacristia.com\/home\/wp-content\/uploads\/2012\/01\/marca-sacristia.png?fit=320%2C306&ssl=1","width":"320","height":"306","caption":"Direto da Sacristia"},"image":{"@id":"https:\/\/diretodasacristia.com\/home\/#\/schema\/logo\/image\/"},"sameAs":["https:\/\/www.facebook.com\/DiretoSacristia","https:\/\/x.com\/diretosacristia","https:\/\/www.instagram.com\/diretodasacristia\/","https:\/\/www.youtube.com\/diretodasacristia"]},{"@type":"Person","@id":"https:\/\/diretodasacristia.com\/home\/#\/schema\/person\/3d453ef1f7d57c0bb0990b8070642721","name":"E. Mar\u00e7al","image":{"@type":"ImageObject","inLanguage":"pt-BR","@id":"https:\/\/secure.gravatar.com\/avatar\/348ff80a5ddde3de6c8b6e0c5b066b733f9245285d9ab87cd2e2ff652ffa95b0?s=96&d=mm&r=g","url":"https:\/\/secure.gravatar.com\/avatar\/348ff80a5ddde3de6c8b6e0c5b066b733f9245285d9ab87cd2e2ff652ffa95b0?s=96&d=mm&r=g","contentUrl":"https:\/\/secure.gravatar.com\/avatar\/348ff80a5ddde3de6c8b6e0c5b066b733f9245285d9ab87cd2e2ff652ffa95b0?s=96&d=mm&r=g","caption":"E. Mar\u00e7al"},"url":"https:\/\/diretodasacristia.com\/home\/author\/erick\/"}]}},"jetpack_publicize_connections":[],"jetpack_featured_media_url":"","jetpack_sharing_enabled":true,"jetpack_shortlink":"https:\/\/wp.me\/p24aG7-FF","jetpack-related-posts":[{"id":2518,"url":"https:\/\/diretodasacristia.com\/home\/sem-categoria\/algumas-fotos-do-santo-padre-no-reino-unido-2\/","url_meta":{"origin":2583,"position":0},"title":"Algumas fotos do Santo Padre no Reino Unido","author":"E. Mar\u00e7al","date":"21 de setembro de 2010","format":false,"excerpt":"Pedro ainda surpreende a Inglaterra anglicanaDepois do sucesso, antes desacreditado pela imprensa inglesa, da visita pastoral do Santo Padre Bento XVI ao Reino Unido, confira fotos de alguns momentos.Encontro de Sua Santidade Bento XVI com Elisabeth II, Rainha da Gr\u00e3-Bretanhado lado direito do Papa o rei consorte Filipe, Duque de\u2026","rel":"","context":"Em &quot;Sem categoria&quot;","block_context":{"text":"Sem categoria","link":"https:\/\/diretodasacristia.com\/home\/c\/sem-categoria\/"},"img":{"alt_text":"","src":"","width":0,"height":0},"classes":[]},{"id":2426,"url":"https:\/\/diretodasacristia.com\/home\/sem-categoria\/vitima-0001-do-11-de-setembro-2\/","url_meta":{"origin":2583,"position":1},"title":"V\u00edtima 0001 do 11 de setembro","author":"E. Mar\u00e7al","date":"11 de setembro de 2011","format":false,"excerpt":"Informa\u00e7\u00f5es e fotos do IHUA primeira v\u00edtima fatal a ser resgatada dos ent\u00e3o recentes escombros do World Trade Center, naquele catastr\u00f3fico 11 de setembro de 2011, foi o Rev.do Pe. Mychal Judge, sacerdote professo da Ordem dos Frades Franciscanos Menores, capel\u00e3o do Corpo de Bombeiros de New York.Permitiu Deus que\u2026","rel":"","context":"Em &quot;Sem categoria&quot;","block_context":{"text":"Sem categoria","link":"https:\/\/diretodasacristia.com\/home\/c\/sem-categoria\/"},"img":{"alt_text":"","src":"https:\/\/i0.wp.com\/photos1.blogger.com\/x\/blogger2\/6603\/605149126086460\/220\/z\/502873\/gse_multipart49542.jpg?resize=350%2C200","width":350,"height":200},"classes":[]},{"id":2561,"url":"https:\/\/diretodasacristia.com\/home\/sem-categoria\/dia-da-memoria-liturgica-do-futuro-beato-john-newman-2\/","url_meta":{"origin":2583,"position":2},"title":"Dia da mem\u00f3ria lit\u00fargica do futuro beato John Newman","author":"E. Mar\u00e7al","date":"27 de agosto de 2010","format":false,"excerpt":"Santo Padre decretar\u00e1 dia 09 de outubro como dia da mem\u00f3riado Cardeal Newman que ser\u00e1 beatificadoCardeal John Henry Newmancuja beatifica\u00e7\u00e3o ser\u00e1 no dia 19 setembro,em Birmingham, InglaterraSegundo o \"La Buhardilla de Jer\u00f3nimo\", no decreto de beatifica\u00e7\u00e3o do Cardeal John Newman \u00e9 escolhido o dia 09 de outubro, anivers\u00e1rio de sua\u2026","rel":"","context":"Em &quot;Sem categoria&quot;","block_context":{"text":"Sem categoria","link":"https:\/\/diretodasacristia.com\/home\/c\/sem-categoria\/"},"img":{"alt_text":"","src":"","width":0,"height":0},"classes":[]},{"id":3365,"url":"https:\/\/diretodasacristia.com\/home\/brasil\/simposio-de-direito-canonico-no-recife\/","url_meta":{"origin":2583,"position":3},"title":"Simp\u00f3sio de Direito Can\u00f4nico no Recife","author":"E. Mar\u00e7al","date":"13 de setembro de 2012","format":false,"excerpt":"A UNICAP promove entre os pr\u00f3ximos dias 18 e 20 deste o Simp\u00f3sio de Direito Can\u00f4nico que traz confer\u00eancias desde o direito matrimonial at\u00e9 a as propriedades jur\u00eddicas do Tribunal da Rota Romana e do Tribunal da Assinatura Apost\u00f3lica, passando pelo influxo resultado das decis\u00f5es do Vaticano II.","rel":"","context":"Em &quot;Brasil&quot;","block_context":{"text":"Brasil","link":"https:\/\/diretodasacristia.com\/home\/c\/brasil\/"},"img":{"alt_text":"","src":"https:\/\/i0.wp.com\/diretodasacristia.com\/home\/wp-content\/uploads\/2012\/09\/Codex-Iuris-Canonici.jpg?resize=350%2C200","width":350,"height":200,"srcset":"https:\/\/i0.wp.com\/diretodasacristia.com\/home\/wp-content\/uploads\/2012\/09\/Codex-Iuris-Canonici.jpg?resize=350%2C200 1x, https:\/\/i0.wp.com\/diretodasacristia.com\/home\/wp-content\/uploads\/2012\/09\/Codex-Iuris-Canonici.jpg?resize=525%2C300 1.5x, https:\/\/i0.wp.com\/diretodasacristia.com\/home\/wp-content\/uploads\/2012\/09\/Codex-Iuris-Canonici.jpg?resize=700%2C400 2x"},"classes":[]},{"id":238,"url":"https:\/\/diretodasacristia.com\/home\/brasil\/proximas-datas-no-episcopado\/","url_meta":{"origin":2583,"position":4},"title":"Pr\u00f3ximas datas no episcopado","author":"E. Mar\u00e7al","date":"17 de setembro de 2011","format":false,"excerpt":"Algumas sagra\u00e7\u00f5es episcopais, ren\u00fancias e in\u00edcio de of\u00edcio na C\u00faria Romana e posses can\u00f4nicas Sagra\u00e7\u00e3o episcopal Arquidiocese de Urbino, It\u00e1lia 17 setembro Hoje Do\u00a0Mons. Giovanni Tani, de 64 anos, at\u00e9 24 junho passado Reitor do Pontif\u00edcio Semin\u00e1rio Romano, eleito Arcebispo de\u00a0Urbino-Urbania-Sant\u00b4Angelo in Vado. \u00c9 sagrante principal o Em.mo Vig\u00e1rio de\u2026","rel":"","context":"Em &quot;Brasil&quot;","block_context":{"text":"Brasil","link":"https:\/\/diretodasacristia.com\/home\/c\/brasil\/"},"img":{"alt_text":"","src":"","width":0,"height":0},"classes":[]},{"id":2425,"url":"https:\/\/diretodasacristia.com\/home\/sem-categoria\/proximas-datas-no-episcopado-2\/","url_meta":{"origin":2583,"position":5},"title":"Pr\u00f3ximas datas no episcopado","author":"E. Mar\u00e7al","date":"17 de setembro de 2011","format":false,"excerpt":"Algumas sagra\u00e7\u00f5es episcopais, ren\u00fancias e in\u00edcio de of\u00edcio na C\u00faria Romana e posses can\u00f4nicasSagra\u00e7\u00e3o episcopalArquidiocese de Urbino, It\u00e1lia17 setembroHojeDo Mons. Giovanni Tani, de 64 anos, at\u00e9 24 junho passado Reitor do Pontif\u00edcio Semin\u00e1rio Romano, eleito Arcebispo de Urbino-Urbania-Sant\u00b4Angelo in Vado.\u00c9 sagrante principal o Em.mo Vig\u00e1rio de Sua Santidade para a\u2026","rel":"","context":"Em &quot;Sem categoria&quot;","block_context":{"text":"Sem categoria","link":"https:\/\/diretodasacristia.com\/home\/c\/sem-categoria\/"},"img":{"alt_text":"","src":"","width":0,"height":0},"classes":[]}],"post_mailing_queue_ids":[],"_links":{"self":[{"href":"https:\/\/diretodasacristia.com\/home\/wp-json\/wp\/v2\/posts\/2583","targetHints":{"allow":["GET"]}}],"collection":[{"href":"https:\/\/diretodasacristia.com\/home\/wp-json\/wp\/v2\/posts"}],"about":[{"href":"https:\/\/diretodasacristia.com\/home\/wp-json\/wp\/v2\/types\/post"}],"author":[{"embeddable":true,"href":"https:\/\/diretodasacristia.com\/home\/wp-json\/wp\/v2\/users\/3"}],"replies":[{"embeddable":true,"href":"https:\/\/diretodasacristia.com\/home\/wp-json\/wp\/v2\/comments?post=2583"}],"version-history":[{"count":0,"href":"https:\/\/diretodasacristia.com\/home\/wp-json\/wp\/v2\/posts\/2583\/revisions"}],"wp:attachment":[{"href":"https:\/\/diretodasacristia.com\/home\/wp-json\/wp\/v2\/media?parent=2583"}],"wp:term":[{"taxonomy":"category","embeddable":true,"href":"https:\/\/diretodasacristia.com\/home\/wp-json\/wp\/v2\/categories?post=2583"},{"taxonomy":"post_tag","embeddable":true,"href":"https:\/\/diretodasacristia.com\/home\/wp-json\/wp\/v2\/tags?post=2583"}],"curies":[{"name":"wp","href":"https:\/\/api.w.org\/{rel}","templated":true}]}}