{"id":2595,"date":"2010-08-12T15:40:00","date_gmt":"2010-08-12T15:40:00","guid":{"rendered":"http:\/\/diretodasacristia.com\/home\/sem-categoria\/jubileu-de-sagracao-episcopal-do-arcebispo-de-olinda-e-recife-2\/"},"modified":"2010-08-12T15:40:00","modified_gmt":"2010-08-12T15:40:00","slug":"jubileu-de-sagracao-episcopal-do-arcebispo-de-olinda-e-recife-2","status":"publish","type":"post","link":"https:\/\/diretodasacristia.com\/home\/sem-categoria\/jubileu-de-sagracao-episcopal-do-arcebispo-de-olinda-e-recife-2\/","title":{"rendered":"Jubileu de sagra\u00e7\u00e3o episcopal do Arcebispo de Olinda e Recife"},"content":{"rendered":"<div style=\"text-align: justify;font-family:verdana;\">\n<div style=\"text-align: center;\"><span style=\"font-weight: bold;\">Dom Fernando Saburido celebrar\u00e1 Jubileu episcopal<\/span><\/div>\n<div style=\"text-align: center;\"><a onblur=\"try {parent.deselectBloggerImageGracefully();} catch(e) {}\" href=\"http:\/\/3.bp.blogspot.com\/_LTO5Qx1HyJc\/TGRDRv0G8fI\/AAAAAAAAATc\/7HAjklXEHhU\/s1600\/Dom+Fernando+Saburido+Bento+XVI+Ad+Limina.jpg\"><img decoding=\"async\" style=\"display: block; margin: 0px auto 10px; text-align: center; cursor: pointer; width: 400px; height: 273px;\" src=\"http:\/\/3.bp.blogspot.com\/_LTO5Qx1HyJc\/TGRDRv0G8fI\/AAAAAAAAATc\/7HAjklXEHhU\/s400\/Dom+Fernando+Saburido+Bento+XVI+Ad+Limina.jpg\" alt=\"\" id=\"BLOGGER_PHOTO_ID_5504598616725451250\" border=\"0\" \/><\/a><span style=\"font-size:85%;\"><span style=\"font-style: italic;\">S.E.R Dom Fernando Saburido com o Papa Bento XVI<\/span><br \/><span style=\"font-style: italic;\">Visita <\/span><span>Ad limina Apostolorum<\/span><span style=\"font-style: italic;\"> 2010<\/span><\/span><\/div>\n<p>No pr\u00f3ximo dia 20 de agosto, S.E.R <span style=\"font-weight: bold;\">Dom Ant\u00f4nio Fernando Saburido<\/span>, Arcebispo Metropolitano de Olinda e Recife, presidir\u00e1 Missa Solene no Santu\u00e1rio do Sagrado Cora\u00e7\u00e3o de Jesus, na cidade do Recife em comemora\u00e7\u00e3o aos dez anos de sua sagra\u00e7\u00e3o episcopal.<\/p>\n<p>No dia 31 de maio de 2000, o vener\u00e1vel Jo\u00e3o Paulo II o elegeu Bispo auxiliar da Arquidiocese de Olinda e Recife e Titular de <span style=\"font-style: italic;\">Tacia Montana<\/span>. A sagra\u00e7\u00e3o episcopal, acontecida no dia 2o de agosto seguinte, foi presidida pelo ent\u00e3o Arcebispo de Olinda e Recife, S.E.R Dom Frei Jos\u00e9 Cardoso Sobrinho, assistido por S.E.R Dom Marcelo Pinto Cavalheira, ent\u00e3o Arcebispo da Para\u00edba, e Dom Clemente Isnard, Bispo em\u00e9rito de Nova Friburgo.<\/p>\n<p>Em 1\u00ba de julho do ano passado, Sua Santidade o Papa Bento XVI o nomeou Arcebispo Metropolitano de Olinda e Recife, \u00f4nus a que tomou posse can\u00f4nica em 16 de agosto.<\/p>\n<p>O Santu\u00e1rio salesiano anteriormente mencionado, situa-se na Rua Dom Bosco, bairro da Boa Vista.<\/p>\n<p><a onblur=\"try {parent.deselectBloggerImageGracefully();} catch(e) {}\" href=\"http:\/\/1.bp.blogspot.com\/_LTO5Qx1HyJc\/TGREKXLRw9I\/AAAAAAAAATk\/_p4KRKZhRiI\/s1600\/060_small.gif\"><img decoding=\"async\" style=\"display: block; margin: 0px auto 10px; text-align: center; cursor: pointer; width: 34px; height: 34px;\" src=\"http:\/\/1.bp.blogspot.com\/_LTO5Qx1HyJc\/TGREKXLRw9I\/AAAAAAAAATk\/_p4KRKZhRiI\/s320\/060_small.gif\" alt=\"\" id=\"BLOGGER_PHOTO_ID_5504599589364286418\" border=\"0\" \/><\/a><\/div>\n","protected":false},"excerpt":{"rendered":"Dom Fernando Saburido celebrar\u00e1 Jubileu episcopal S.E.R Dom Fernando Saburido com o Papa Bento XVIVisita Ad limina Apostolorum 2010 No pr\u00f3ximo dia 20 de agosto, S.E.R Dom Ant\u00f4nio Fernando Saburido, Arcebispo Metropolitano de Olinda e Recife, presidir\u00e1 Missa Solene no Santu\u00e1rio do Sagrado Cora\u00e7\u00e3o de Jesus, na cidade do Recife em comemora\u00e7\u00e3o aos dez anos&#8230; <a class=\"view-article\" href=\"https:\/\/diretodasacristia.com\/home\/sem-categoria\/jubileu-de-sagracao-episcopal-do-arcebispo-de-olinda-e-recife-2\/\">Ver artigo<\/a>","protected":false},"author":3,"featured_media":0,"comment_status":"open","ping_status":"open","sticky":false,"template":"","format":"standard","meta":{"jetpack_post_was_ever_published":false,"_jetpack_newsletter_access":"","_jetpack_dont_email_post_to_subs":false,"_jetpack_newsletter_tier_id":0,"_jetpack_memberships_contains_paywalled_content":false,"_jetpack_memberships_contains_paid_content":false,"_joinchat":[],"footnotes":"","jetpack_publicize_message":"","jetpack_publicize_feature_enabled":true,"jetpack_social_post_already_shared":false,"jetpack_social_options":{"image_generator_settings":{"template":"highway","default_image_id":0,"font":"","enabled":false},"version":2}},"categories":[1],"tags":[],"class_list":["post-2595","post","type-post","status-publish","format-standard","hentry","category-sem-categoria"],"yoast_head":"<!-- This site is optimized with the Yoast SEO plugin v27.4 - https:\/\/yoast.com\/product\/yoast-seo-wordpress\/ -->\n<title>Jubileu de sagra\u00e7\u00e3o episcopal do Arcebispo de Olinda e Recife - Direto da Sacristia<\/title>\n<meta name=\"robots\" content=\"index, follow, max-snippet:-1, max-image-preview:large, max-video-preview:-1\" \/>\n<link rel=\"canonical\" href=\"https:\/\/diretodasacristia.com\/home\/sem-categoria\/jubileu-de-sagracao-episcopal-do-arcebispo-de-olinda-e-recife-2\/\" \/>\n<meta property=\"og:locale\" content=\"pt_BR\" \/>\n<meta property=\"og:type\" content=\"article\" \/>\n<meta property=\"og:title\" content=\"Jubileu de sagra\u00e7\u00e3o episcopal do Arcebispo de Olinda e Recife - Direto da Sacristia\" \/>\n<meta property=\"og:description\" content=\"Dom Fernando Saburido celebrar\u00e1 Jubileu episcopal S.E.R Dom Fernando Saburido com o Papa Bento XVIVisita Ad limina Apostolorum 2010 No pr\u00f3ximo dia 20 de agosto, S.E.R Dom Ant\u00f4nio Fernando Saburido, Arcebispo Metropolitano de Olinda e Recife, presidir\u00e1 Missa Solene no Santu\u00e1rio do Sagrado Cora\u00e7\u00e3o de Jesus, na cidade do Recife em comemora\u00e7\u00e3o aos dez anos... Ver artigo\" \/>\n<meta property=\"og:url\" content=\"https:\/\/diretodasacristia.com\/home\/sem-categoria\/jubileu-de-sagracao-episcopal-do-arcebispo-de-olinda-e-recife-2\/\" \/>\n<meta property=\"og:site_name\" content=\"Direto da Sacristia\" \/>\n<meta property=\"article:publisher\" content=\"https:\/\/www.facebook.com\/DiretoSacristia\" \/>\n<meta property=\"article:published_time\" content=\"2010-08-12T15:40:00+00:00\" \/>\n<meta property=\"og:image\" content=\"http:\/\/3.bp.blogspot.com\/_LTO5Qx1HyJc\/TGRDRv0G8fI\/AAAAAAAAATc\/7HAjklXEHhU\/s400\/Dom+Fernando+Saburido+Bento+XVI+Ad+Limina.jpg\" \/>\n<meta name=\"author\" content=\"E. Mar\u00e7al\" \/>\n<meta name=\"twitter:card\" content=\"summary_large_image\" \/>\n<meta name=\"twitter:creator\" content=\"@diretosacristia\" \/>\n<meta name=\"twitter:site\" content=\"@diretosacristia\" \/>\n<meta name=\"twitter:label1\" content=\"Escrito por\" \/>\n\t<meta name=\"twitter:data1\" content=\"E. Mar\u00e7al\" \/>\n\t<meta name=\"twitter:label2\" content=\"Est. tempo de leitura\" \/>\n\t<meta name=\"twitter:data2\" content=\"1 minuto\" \/>\n<script type=\"application\/ld+json\" class=\"yoast-schema-graph\">{\"@context\":\"https:\\\/\\\/schema.org\",\"@graph\":[{\"@type\":\"Article\",\"@id\":\"https:\\\/\\\/diretodasacristia.com\\\/home\\\/sem-categoria\\\/jubileu-de-sagracao-episcopal-do-arcebispo-de-olinda-e-recife-2\\\/#article\",\"isPartOf\":{\"@id\":\"https:\\\/\\\/diretodasacristia.com\\\/home\\\/sem-categoria\\\/jubileu-de-sagracao-episcopal-do-arcebispo-de-olinda-e-recife-2\\\/\"},\"author\":{\"name\":\"E. Mar\u00e7al\",\"@id\":\"https:\\\/\\\/diretodasacristia.com\\\/home\\\/#\\\/schema\\\/person\\\/3d453ef1f7d57c0bb0990b8070642721\"},\"headline\":\"Jubileu de sagra\u00e7\u00e3o episcopal do Arcebispo de Olinda e Recife\",\"datePublished\":\"2010-08-12T15:40:00+00:00\",\"mainEntityOfPage\":{\"@id\":\"https:\\\/\\\/diretodasacristia.com\\\/home\\\/sem-categoria\\\/jubileu-de-sagracao-episcopal-do-arcebispo-de-olinda-e-recife-2\\\/\"},\"wordCount\":205,\"commentCount\":0,\"publisher\":{\"@id\":\"https:\\\/\\\/diretodasacristia.com\\\/home\\\/#organization\"},\"image\":{\"@id\":\"https:\\\/\\\/diretodasacristia.com\\\/home\\\/sem-categoria\\\/jubileu-de-sagracao-episcopal-do-arcebispo-de-olinda-e-recife-2\\\/#primaryimage\"},\"thumbnailUrl\":\"http:\\\/\\\/3.bp.blogspot.com\\\/_LTO5Qx1HyJc\\\/TGRDRv0G8fI\\\/AAAAAAAAATc\\\/7HAjklXEHhU\\\/s400\\\/Dom+Fernando+Saburido+Bento+XVI+Ad+Limina.jpg\",\"inLanguage\":\"pt-BR\",\"potentialAction\":[{\"@type\":\"CommentAction\",\"name\":\"Comment\",\"target\":[\"https:\\\/\\\/diretodasacristia.com\\\/home\\\/sem-categoria\\\/jubileu-de-sagracao-episcopal-do-arcebispo-de-olinda-e-recife-2\\\/#respond\"]}]},{\"@type\":\"WebPage\",\"@id\":\"https:\\\/\\\/diretodasacristia.com\\\/home\\\/sem-categoria\\\/jubileu-de-sagracao-episcopal-do-arcebispo-de-olinda-e-recife-2\\\/\",\"url\":\"https:\\\/\\\/diretodasacristia.com\\\/home\\\/sem-categoria\\\/jubileu-de-sagracao-episcopal-do-arcebispo-de-olinda-e-recife-2\\\/\",\"name\":\"Jubileu de sagra\u00e7\u00e3o episcopal do Arcebispo de Olinda e Recife - Direto da Sacristia\",\"isPartOf\":{\"@id\":\"https:\\\/\\\/diretodasacristia.com\\\/home\\\/#website\"},\"primaryImageOfPage\":{\"@id\":\"https:\\\/\\\/diretodasacristia.com\\\/home\\\/sem-categoria\\\/jubileu-de-sagracao-episcopal-do-arcebispo-de-olinda-e-recife-2\\\/#primaryimage\"},\"image\":{\"@id\":\"https:\\\/\\\/diretodasacristia.com\\\/home\\\/sem-categoria\\\/jubileu-de-sagracao-episcopal-do-arcebispo-de-olinda-e-recife-2\\\/#primaryimage\"},\"thumbnailUrl\":\"http:\\\/\\\/3.bp.blogspot.com\\\/_LTO5Qx1HyJc\\\/TGRDRv0G8fI\\\/AAAAAAAAATc\\\/7HAjklXEHhU\\\/s400\\\/Dom+Fernando+Saburido+Bento+XVI+Ad+Limina.jpg\",\"datePublished\":\"2010-08-12T15:40:00+00:00\",\"breadcrumb\":{\"@id\":\"https:\\\/\\\/diretodasacristia.com\\\/home\\\/sem-categoria\\\/jubileu-de-sagracao-episcopal-do-arcebispo-de-olinda-e-recife-2\\\/#breadcrumb\"},\"inLanguage\":\"pt-BR\",\"potentialAction\":[{\"@type\":\"ReadAction\",\"target\":[\"https:\\\/\\\/diretodasacristia.com\\\/home\\\/sem-categoria\\\/jubileu-de-sagracao-episcopal-do-arcebispo-de-olinda-e-recife-2\\\/\"]}]},{\"@type\":\"ImageObject\",\"inLanguage\":\"pt-BR\",\"@id\":\"https:\\\/\\\/diretodasacristia.com\\\/home\\\/sem-categoria\\\/jubileu-de-sagracao-episcopal-do-arcebispo-de-olinda-e-recife-2\\\/#primaryimage\",\"url\":\"http:\\\/\\\/3.bp.blogspot.com\\\/_LTO5Qx1HyJc\\\/TGRDRv0G8fI\\\/AAAAAAAAATc\\\/7HAjklXEHhU\\\/s400\\\/Dom+Fernando+Saburido+Bento+XVI+Ad+Limina.jpg\",\"contentUrl\":\"http:\\\/\\\/3.bp.blogspot.com\\\/_LTO5Qx1HyJc\\\/TGRDRv0G8fI\\\/AAAAAAAAATc\\\/7HAjklXEHhU\\\/s400\\\/Dom+Fernando+Saburido+Bento+XVI+Ad+Limina.jpg\"},{\"@type\":\"BreadcrumbList\",\"@id\":\"https:\\\/\\\/diretodasacristia.com\\\/home\\\/sem-categoria\\\/jubileu-de-sagracao-episcopal-do-arcebispo-de-olinda-e-recife-2\\\/#breadcrumb\",\"itemListElement\":[{\"@type\":\"ListItem\",\"position\":1,\"name\":\"In\u00edcio\",\"item\":\"https:\\\/\\\/diretodasacristia.com\\\/home\\\/\"},{\"@type\":\"ListItem\",\"position\":2,\"name\":\"Jubileu de sagra\u00e7\u00e3o episcopal do Arcebispo de Olinda e Recife\"}]},{\"@type\":\"WebSite\",\"@id\":\"https:\\\/\\\/diretodasacristia.com\\\/home\\\/#website\",\"url\":\"https:\\\/\\\/diretodasacristia.com\\\/home\\\/\",\"name\":\"Direto da Sacristia\",\"description\":\"Not\u00edcias e artigos sobre a f\u00e9 cat\u00f3lica\",\"publisher\":{\"@id\":\"https:\\\/\\\/diretodasacristia.com\\\/home\\\/#organization\"},\"potentialAction\":[{\"@type\":\"SearchAction\",\"target\":{\"@type\":\"EntryPoint\",\"urlTemplate\":\"https:\\\/\\\/diretodasacristia.com\\\/home\\\/?s={search_term_string}\"},\"query-input\":{\"@type\":\"PropertyValueSpecification\",\"valueRequired\":true,\"valueName\":\"search_term_string\"}}],\"inLanguage\":\"pt-BR\"},{\"@type\":\"Organization\",\"@id\":\"https:\\\/\\\/diretodasacristia.com\\\/home\\\/#organization\",\"name\":\"Direto da Sacristia\",\"url\":\"https:\\\/\\\/diretodasacristia.com\\\/home\\\/\",\"logo\":{\"@type\":\"ImageObject\",\"inLanguage\":\"pt-BR\",\"@id\":\"https:\\\/\\\/diretodasacristia.com\\\/home\\\/#\\\/schema\\\/logo\\\/image\\\/\",\"url\":\"https:\\\/\\\/i0.wp.com\\\/diretodasacristia.com\\\/home\\\/wp-content\\\/uploads\\\/2012\\\/01\\\/marca-sacristia.png?fit=320%2C306&ssl=1\",\"contentUrl\":\"https:\\\/\\\/i0.wp.com\\\/diretodasacristia.com\\\/home\\\/wp-content\\\/uploads\\\/2012\\\/01\\\/marca-sacristia.png?fit=320%2C306&ssl=1\",\"width\":\"320\",\"height\":\"306\",\"caption\":\"Direto da Sacristia\"},\"image\":{\"@id\":\"https:\\\/\\\/diretodasacristia.com\\\/home\\\/#\\\/schema\\\/logo\\\/image\\\/\"},\"sameAs\":[\"https:\\\/\\\/www.facebook.com\\\/DiretoSacristia\",\"https:\\\/\\\/x.com\\\/diretosacristia\",\"https:\\\/\\\/www.instagram.com\\\/diretodasacristia\\\/\",\"https:\\\/\\\/www.youtube.com\\\/diretodasacristia\"]},{\"@type\":\"Person\",\"@id\":\"https:\\\/\\\/diretodasacristia.com\\\/home\\\/#\\\/schema\\\/person\\\/3d453ef1f7d57c0bb0990b8070642721\",\"name\":\"E. Mar\u00e7al\",\"image\":{\"@type\":\"ImageObject\",\"inLanguage\":\"pt-BR\",\"@id\":\"https:\\\/\\\/secure.gravatar.com\\\/avatar\\\/348ff80a5ddde3de6c8b6e0c5b066b733f9245285d9ab87cd2e2ff652ffa95b0?s=96&d=mm&r=g\",\"url\":\"https:\\\/\\\/secure.gravatar.com\\\/avatar\\\/348ff80a5ddde3de6c8b6e0c5b066b733f9245285d9ab87cd2e2ff652ffa95b0?s=96&d=mm&r=g\",\"contentUrl\":\"https:\\\/\\\/secure.gravatar.com\\\/avatar\\\/348ff80a5ddde3de6c8b6e0c5b066b733f9245285d9ab87cd2e2ff652ffa95b0?s=96&d=mm&r=g\",\"caption\":\"E. Mar\u00e7al\"},\"url\":\"https:\\\/\\\/diretodasacristia.com\\\/home\\\/author\\\/erick\\\/\"}]}<\/script>\n<!-- \/ Yoast SEO plugin. -->","yoast_head_json":{"title":"Jubileu de sagra\u00e7\u00e3o episcopal do Arcebispo de Olinda e Recife - Direto da Sacristia","robots":{"index":"index","follow":"follow","max-snippet":"max-snippet:-1","max-image-preview":"max-image-preview:large","max-video-preview":"max-video-preview:-1"},"canonical":"https:\/\/diretodasacristia.com\/home\/sem-categoria\/jubileu-de-sagracao-episcopal-do-arcebispo-de-olinda-e-recife-2\/","og_locale":"pt_BR","og_type":"article","og_title":"Jubileu de sagra\u00e7\u00e3o episcopal do Arcebispo de Olinda e Recife - Direto da Sacristia","og_description":"Dom Fernando Saburido celebrar\u00e1 Jubileu episcopal S.E.R Dom Fernando Saburido com o Papa Bento XVIVisita Ad limina Apostolorum 2010 No pr\u00f3ximo dia 20 de agosto, S.E.R Dom Ant\u00f4nio Fernando Saburido, Arcebispo Metropolitano de Olinda e Recife, presidir\u00e1 Missa Solene no Santu\u00e1rio do Sagrado Cora\u00e7\u00e3o de Jesus, na cidade do Recife em comemora\u00e7\u00e3o aos dez anos... Ver artigo","og_url":"https:\/\/diretodasacristia.com\/home\/sem-categoria\/jubileu-de-sagracao-episcopal-do-arcebispo-de-olinda-e-recife-2\/","og_site_name":"Direto da Sacristia","article_publisher":"https:\/\/www.facebook.com\/DiretoSacristia","article_published_time":"2010-08-12T15:40:00+00:00","og_image":[{"url":"http:\/\/3.bp.blogspot.com\/_LTO5Qx1HyJc\/TGRDRv0G8fI\/AAAAAAAAATc\/7HAjklXEHhU\/s400\/Dom+Fernando+Saburido+Bento+XVI+Ad+Limina.jpg","type":"","width":"","height":""}],"author":"E. Mar\u00e7al","twitter_card":"summary_large_image","twitter_creator":"@diretosacristia","twitter_site":"@diretosacristia","twitter_misc":{"Escrito por":"E. Mar\u00e7al","Est. tempo de leitura":"1 minuto"},"schema":{"@context":"https:\/\/schema.org","@graph":[{"@type":"Article","@id":"https:\/\/diretodasacristia.com\/home\/sem-categoria\/jubileu-de-sagracao-episcopal-do-arcebispo-de-olinda-e-recife-2\/#article","isPartOf":{"@id":"https:\/\/diretodasacristia.com\/home\/sem-categoria\/jubileu-de-sagracao-episcopal-do-arcebispo-de-olinda-e-recife-2\/"},"author":{"name":"E. Mar\u00e7al","@id":"https:\/\/diretodasacristia.com\/home\/#\/schema\/person\/3d453ef1f7d57c0bb0990b8070642721"},"headline":"Jubileu de sagra\u00e7\u00e3o episcopal do Arcebispo de Olinda e Recife","datePublished":"2010-08-12T15:40:00+00:00","mainEntityOfPage":{"@id":"https:\/\/diretodasacristia.com\/home\/sem-categoria\/jubileu-de-sagracao-episcopal-do-arcebispo-de-olinda-e-recife-2\/"},"wordCount":205,"commentCount":0,"publisher":{"@id":"https:\/\/diretodasacristia.com\/home\/#organization"},"image":{"@id":"https:\/\/diretodasacristia.com\/home\/sem-categoria\/jubileu-de-sagracao-episcopal-do-arcebispo-de-olinda-e-recife-2\/#primaryimage"},"thumbnailUrl":"http:\/\/3.bp.blogspot.com\/_LTO5Qx1HyJc\/TGRDRv0G8fI\/AAAAAAAAATc\/7HAjklXEHhU\/s400\/Dom+Fernando+Saburido+Bento+XVI+Ad+Limina.jpg","inLanguage":"pt-BR","potentialAction":[{"@type":"CommentAction","name":"Comment","target":["https:\/\/diretodasacristia.com\/home\/sem-categoria\/jubileu-de-sagracao-episcopal-do-arcebispo-de-olinda-e-recife-2\/#respond"]}]},{"@type":"WebPage","@id":"https:\/\/diretodasacristia.com\/home\/sem-categoria\/jubileu-de-sagracao-episcopal-do-arcebispo-de-olinda-e-recife-2\/","url":"https:\/\/diretodasacristia.com\/home\/sem-categoria\/jubileu-de-sagracao-episcopal-do-arcebispo-de-olinda-e-recife-2\/","name":"Jubileu de sagra\u00e7\u00e3o episcopal do Arcebispo de Olinda e Recife - Direto da Sacristia","isPartOf":{"@id":"https:\/\/diretodasacristia.com\/home\/#website"},"primaryImageOfPage":{"@id":"https:\/\/diretodasacristia.com\/home\/sem-categoria\/jubileu-de-sagracao-episcopal-do-arcebispo-de-olinda-e-recife-2\/#primaryimage"},"image":{"@id":"https:\/\/diretodasacristia.com\/home\/sem-categoria\/jubileu-de-sagracao-episcopal-do-arcebispo-de-olinda-e-recife-2\/#primaryimage"},"thumbnailUrl":"http:\/\/3.bp.blogspot.com\/_LTO5Qx1HyJc\/TGRDRv0G8fI\/AAAAAAAAATc\/7HAjklXEHhU\/s400\/Dom+Fernando+Saburido+Bento+XVI+Ad+Limina.jpg","datePublished":"2010-08-12T15:40:00+00:00","breadcrumb":{"@id":"https:\/\/diretodasacristia.com\/home\/sem-categoria\/jubileu-de-sagracao-episcopal-do-arcebispo-de-olinda-e-recife-2\/#breadcrumb"},"inLanguage":"pt-BR","potentialAction":[{"@type":"ReadAction","target":["https:\/\/diretodasacristia.com\/home\/sem-categoria\/jubileu-de-sagracao-episcopal-do-arcebispo-de-olinda-e-recife-2\/"]}]},{"@type":"ImageObject","inLanguage":"pt-BR","@id":"https:\/\/diretodasacristia.com\/home\/sem-categoria\/jubileu-de-sagracao-episcopal-do-arcebispo-de-olinda-e-recife-2\/#primaryimage","url":"http:\/\/3.bp.blogspot.com\/_LTO5Qx1HyJc\/TGRDRv0G8fI\/AAAAAAAAATc\/7HAjklXEHhU\/s400\/Dom+Fernando+Saburido+Bento+XVI+Ad+Limina.jpg","contentUrl":"http:\/\/3.bp.blogspot.com\/_LTO5Qx1HyJc\/TGRDRv0G8fI\/AAAAAAAAATc\/7HAjklXEHhU\/s400\/Dom+Fernando+Saburido+Bento+XVI+Ad+Limina.jpg"},{"@type":"BreadcrumbList","@id":"https:\/\/diretodasacristia.com\/home\/sem-categoria\/jubileu-de-sagracao-episcopal-do-arcebispo-de-olinda-e-recife-2\/#breadcrumb","itemListElement":[{"@type":"ListItem","position":1,"name":"In\u00edcio","item":"https:\/\/diretodasacristia.com\/home\/"},{"@type":"ListItem","position":2,"name":"Jubileu de sagra\u00e7\u00e3o episcopal do Arcebispo de Olinda e Recife"}]},{"@type":"WebSite","@id":"https:\/\/diretodasacristia.com\/home\/#website","url":"https:\/\/diretodasacristia.com\/home\/","name":"Direto da Sacristia","description":"Not\u00edcias e artigos sobre a f\u00e9 cat\u00f3lica","publisher":{"@id":"https:\/\/diretodasacristia.com\/home\/#organization"},"potentialAction":[{"@type":"SearchAction","target":{"@type":"EntryPoint","urlTemplate":"https:\/\/diretodasacristia.com\/home\/?s={search_term_string}"},"query-input":{"@type":"PropertyValueSpecification","valueRequired":true,"valueName":"search_term_string"}}],"inLanguage":"pt-BR"},{"@type":"Organization","@id":"https:\/\/diretodasacristia.com\/home\/#organization","name":"Direto da Sacristia","url":"https:\/\/diretodasacristia.com\/home\/","logo":{"@type":"ImageObject","inLanguage":"pt-BR","@id":"https:\/\/diretodasacristia.com\/home\/#\/schema\/logo\/image\/","url":"https:\/\/i0.wp.com\/diretodasacristia.com\/home\/wp-content\/uploads\/2012\/01\/marca-sacristia.png?fit=320%2C306&ssl=1","contentUrl":"https:\/\/i0.wp.com\/diretodasacristia.com\/home\/wp-content\/uploads\/2012\/01\/marca-sacristia.png?fit=320%2C306&ssl=1","width":"320","height":"306","caption":"Direto da Sacristia"},"image":{"@id":"https:\/\/diretodasacristia.com\/home\/#\/schema\/logo\/image\/"},"sameAs":["https:\/\/www.facebook.com\/DiretoSacristia","https:\/\/x.com\/diretosacristia","https:\/\/www.instagram.com\/diretodasacristia\/","https:\/\/www.youtube.com\/diretodasacristia"]},{"@type":"Person","@id":"https:\/\/diretodasacristia.com\/home\/#\/schema\/person\/3d453ef1f7d57c0bb0990b8070642721","name":"E. Mar\u00e7al","image":{"@type":"ImageObject","inLanguage":"pt-BR","@id":"https:\/\/secure.gravatar.com\/avatar\/348ff80a5ddde3de6c8b6e0c5b066b733f9245285d9ab87cd2e2ff652ffa95b0?s=96&d=mm&r=g","url":"https:\/\/secure.gravatar.com\/avatar\/348ff80a5ddde3de6c8b6e0c5b066b733f9245285d9ab87cd2e2ff652ffa95b0?s=96&d=mm&r=g","contentUrl":"https:\/\/secure.gravatar.com\/avatar\/348ff80a5ddde3de6c8b6e0c5b066b733f9245285d9ab87cd2e2ff652ffa95b0?s=96&d=mm&r=g","caption":"E. Mar\u00e7al"},"url":"https:\/\/diretodasacristia.com\/home\/author\/erick\/"}]}},"jetpack_publicize_connections":[],"jetpack_featured_media_url":"","jetpack_sharing_enabled":true,"jetpack_shortlink":"https:\/\/wp.me\/p24aG7-FR","jetpack-related-posts":[{"id":2590,"url":"https:\/\/diretodasacristia.com\/home\/brasil\/aniversario-do-governo-do-arcebispo-de-olinda-e-recife-2\/","url_meta":{"origin":2595,"position":0},"title":"Anivers\u00e1rio do governo do Arcebispo de Olinda e Recife","author":"E. Mar\u00e7al","date":"16 de agosto de 2010","format":false,"excerpt":"Um ano da posse can\u00f4nica do Arcebispo de Olinda e Recife Posse can\u00f4nica do Arcebispo de Olinda e Recife Igreja da Madre de Deus, Recife 16 agosto 2009 H\u00e1 exatamente um ano, foi conferida \u00e0 S.E.R. Dom Ant\u00f4nio Fernando Saburido, OSB, a posse can\u00f4nica do governo da Arquidiocese de Olinda\u2026","rel":"","context":"Em &quot;Brasil&quot;","block_context":{"text":"Brasil","link":"https:\/\/diretodasacristia.com\/home\/c\/brasil\/"},"img":{"alt_text":"","src":"","width":0,"height":0},"classes":[]},{"id":2487,"url":"https:\/\/diretodasacristia.com\/home\/sem-categoria\/centenario-da-arquidiocese-de-olinda-e-recife-2\/","url_meta":{"origin":2595,"position":1},"title":"Centen\u00e1rio da Arquidiocese de Olinda e Recife","author":"E. Mar\u00e7al","date":"27 de novembro de 2010","format":false,"excerpt":"Santa Missa em mem\u00f3ria do \u00e1ureo jubileuocorrer\u00e1 no pr\u00f3ximo dia 05 dezembroHoje, o Arcebispo de Olinda e Recife, S.E.R. Dom Ant\u00f4nio Fernando Saburido, presidir\u00e1 em sua Santa Igreja Catedral a Santa Missa de in\u00edcio das solenidades em comemora\u00e7\u00e3o ao centen\u00e1rio da referida Arquidiocese. Na pr\u00f3xima segunda-feira, dia 27, ser\u00e1 inaugurada\u2026","rel":"","context":"Em &quot;Sem categoria&quot;","block_context":{"text":"Sem categoria","link":"https:\/\/diretodasacristia.com\/home\/c\/sem-categoria\/"},"img":{"alt_text":"","src":"","width":0,"height":0},"classes":[]},{"id":2488,"url":"https:\/\/diretodasacristia.com\/home\/sem-categoria\/exercicios-espirituais-no-seminario-de-olinda-2\/","url_meta":{"origin":2595,"position":2},"title":"Exerc\u00edcios espirituais no Semin\u00e1rio de Olinda","author":"E. Mar\u00e7al","date":"24 de novembro de 2010","format":false,"excerpt":"Festa da Solenidade da Imaculada Concei\u00e7\u00e3o da M\u00e3e de DeusRealizar-se-\u00e3o de 28 novembro a 08 dezembro, no Semin\u00e1rio de Olinda, exerc\u00edcios espirituais em prepara\u00e7\u00e3o \u00e0 Solenidade da Imaculada Concei\u00e7\u00e3o da Virgem Maria. Nos oito primeiros dias, ser\u00e3o meditados temas mariol\u00f3gicos retirados do hino \"Ak\u00e1thistos\", que ser\u00e1 cantado durante o noven\u00e1rio.\u2026","rel":"","context":"Em &quot;Sem categoria&quot;","block_context":{"text":"Sem categoria","link":"https:\/\/diretodasacristia.com\/home\/c\/sem-categoria\/"},"img":{"alt_text":"","src":"","width":0,"height":0},"classes":[]},{"id":2389,"url":"https:\/\/diretodasacristia.com\/home\/blog\/votos-pascais\/","url_meta":{"origin":2595,"position":3},"title":"Votos pascais","author":"E. Mar\u00e7al","date":"29 de abril de 2012","format":false,"excerpt":"Com palavras do Arcebispo Fernando Saburido. Ao menos para n\u00f3s crist\u00e3os ainda \u00e9 P\u00e1scoa. E por isso que n\u00e3o me lamento tanto pelo consider\u00e1vel atraso com que publico agora as felicita\u00e7\u00f5es pascais do \"Direto da Sacristia\". Esse \u00e9 o primeiro motivo: ainda n\u00e3o terminou o Tempo Pascal.","rel":"","context":"Em &quot;Blog&quot;","block_context":{"text":"Blog","link":"https:\/\/diretodasacristia.com\/home\/c\/blog\/"},"img":{"alt_text":"","src":"https:\/\/i0.wp.com\/img.youtube.com\/vi\/Hx3JOEayPPA\/0.jpg?resize=350%2C200","width":350,"height":200},"classes":[]},{"id":5224,"url":"https:\/\/diretodasacristia.com\/home\/papa\/ha-um-ano-um-papa-via-o-seu-sucessor\/","url_meta":{"origin":2595,"position":4},"title":"H\u00e1 um ano, um papa via o seu sucessor","author":"Reda\u00e7\u00e3o","date":"16 de fevereiro de 2026","format":false,"excerpt":"Nem ele, nem Francisco e nem qualquer outro ser humano poderia sequer imaginar que o Papa estava diante daquele que o sucederia em menos de 3 meses. Hoje vemos como era uma curiosa coincid\u00eancia.","rel":"","context":"Em &quot;Cardeais&quot;","block_context":{"text":"Cardeais","link":"https:\/\/diretodasacristia.com\/home\/c\/cardeais\/"},"img":{"alt_text":"","src":"https:\/\/i0.wp.com\/diretodasacristia.com\/home\/wp-content\/uploads\/2026\/02\/cq5dam.web_.800.800-2-1.jpeg?resize=350%2C200&ssl=1","width":350,"height":200,"srcset":"https:\/\/i0.wp.com\/diretodasacristia.com\/home\/wp-content\/uploads\/2026\/02\/cq5dam.web_.800.800-2-1.jpeg?resize=350%2C200&ssl=1 1x, https:\/\/i0.wp.com\/diretodasacristia.com\/home\/wp-content\/uploads\/2026\/02\/cq5dam.web_.800.800-2-1.jpeg?resize=525%2C300&ssl=1 1.5x, https:\/\/i0.wp.com\/diretodasacristia.com\/home\/wp-content\/uploads\/2026\/02\/cq5dam.web_.800.800-2-1.jpeg?resize=700%2C400&ssl=1 2x"},"classes":[]},{"id":2507,"url":"https:\/\/diretodasacristia.com\/home\/sem-categoria\/nomeacoes-e-renuncias-episcopais\/","url_meta":{"origin":2595,"position":5},"title":"Nomea\u00e7\u00f5es e ren\u00fancias episcopais","author":"E. Mar\u00e7al","date":"11 de outubro de 2010","format":false,"excerpt":"Do boletim da Sala de Imprensa da Santa S\u00e9Ren\u00fancia do Arcebispo de Turim (It\u00e1lia)e nomea\u00e7\u00e3o do sucessorSua Emin\u00eancia Cardeal Severino PolettoCardeal-presb\u00edtero de San Giuseppe in via TrionfaleArcebipo em\u00e9rito de TurimO Santo Padre Bento XVI aceitou a ren\u00fancia ao governo pastoral da Arquidiocese de Turim (Brasil), apresentada do Em.mo Cardeal Severino\u2026","rel":"","context":"Em &quot;Sem categoria&quot;","block_context":{"text":"Sem categoria","link":"https:\/\/diretodasacristia.com\/home\/c\/sem-categoria\/"},"img":{"alt_text":"","src":"","width":0,"height":0},"classes":[]}],"post_mailing_queue_ids":[],"_links":{"self":[{"href":"https:\/\/diretodasacristia.com\/home\/wp-json\/wp\/v2\/posts\/2595","targetHints":{"allow":["GET"]}}],"collection":[{"href":"https:\/\/diretodasacristia.com\/home\/wp-json\/wp\/v2\/posts"}],"about":[{"href":"https:\/\/diretodasacristia.com\/home\/wp-json\/wp\/v2\/types\/post"}],"author":[{"embeddable":true,"href":"https:\/\/diretodasacristia.com\/home\/wp-json\/wp\/v2\/users\/3"}],"replies":[{"embeddable":true,"href":"https:\/\/diretodasacristia.com\/home\/wp-json\/wp\/v2\/comments?post=2595"}],"version-history":[{"count":0,"href":"https:\/\/diretodasacristia.com\/home\/wp-json\/wp\/v2\/posts\/2595\/revisions"}],"wp:attachment":[{"href":"https:\/\/diretodasacristia.com\/home\/wp-json\/wp\/v2\/media?parent=2595"}],"wp:term":[{"taxonomy":"category","embeddable":true,"href":"https:\/\/diretodasacristia.com\/home\/wp-json\/wp\/v2\/categories?post=2595"},{"taxonomy":"post_tag","embeddable":true,"href":"https:\/\/diretodasacristia.com\/home\/wp-json\/wp\/v2\/tags?post=2595"}],"curies":[{"name":"wp","href":"https:\/\/api.w.org\/{rel}","templated":true}]}}