{"id":2599,"date":"2010-08-11T13:59:00","date_gmt":"2010-08-11T13:59:00","guid":{"rendered":"http:\/\/diretodasacristia.com\/home\/sem-categoria\/abade-do-rio-de-janeiro-renuncia-2\/"},"modified":"2012-11-08T10:05:41","modified_gmt":"2012-11-08T13:05:41","slug":"abade-do-rio-de-janeiro-renuncia","status":"publish","type":"post","link":"https:\/\/diretodasacristia.com\/home\/brasil\/abade-do-rio-de-janeiro-renuncia\/","title":{"rendered":"Abade do Rio de Janeiro renuncia"},"content":{"rendered":"<p style=\"text-align: center; font-family: verdana;\"><span style=\"font-weight: bold;\">Abade de Nossa Senhora do Monserrate<br \/>\napresenta ren\u00fancia ao Arquiabade de Salvador<\/span><\/p>\n<div style=\"text-align: center; font-family: verdana;\"><\/div>\n<p style=\"text-align: center; font-family: verdana;\"><a onblur=\"try {parent.deselectBloggerImageGracefully();} catch(e) {}\" href=\"http:\/\/4.bp.blogspot.com\/_LTO5Qx1HyJc\/TGLaYIR7-KI\/AAAAAAAAAR0\/MbCWGZP5HNM\/s1600\/Abade+Roberto+Lopes.jpg\"><img decoding=\"async\" id=\"BLOGGER_PHOTO_ID_5504201802674600098\" style=\"display: block; margin: 0px auto 10px; text-align: center; cursor: pointer; width: 300px; height: 201px;\" src=\"http:\/\/4.bp.blogspot.com\/_LTO5Qx1HyJc\/TGLaYIR7-KI\/AAAAAAAAAR0\/MbCWGZP5HNM\/s320\/Abade+Roberto+Lopes.jpg\" alt=\"\" border=\"0\" \/><\/a><span style=\"font-size: 85%;\"><span style=\"font-style: italic;\">Rev.do Dom Roberto Lopes<\/span><\/span><\/p>\n<div style=\"text-align: center; font-family: verdana;\">\n<p style=\"text-align: justify;\">Durante visita can\u00f4nica oficiada pelo Rev.do Dom Emanuel D\u00b4Able do Amaral, OSB, Arquiabade da Abadia de S\u00e3o Sebasti\u00e3o em Salvador, na Abadia Nossa Senhora do Monserrate no Rio de Janeiro, o superior desta Abadia, Rev.do Dom Roberto Lopes, apresentou sua ren\u00fancia ao cargo.<\/p>\n<div style=\"text-align: justify;\"><\/div>\n<div style=\"text-align: justify;\">\n<p style=\"text-align: center;\"><a onblur=\"try {parent.deselectBloggerImageGracefully();} catch(e) {}\" href=\"http:\/\/3.bp.blogspot.com\/_LTO5Qx1HyJc\/TGLaX-kDTFI\/AAAAAAAAARs\/L7kxCyE1Drw\/s1600\/Emanuel+D%C2%B4Able.jpg\"><img decoding=\"async\" id=\"BLOGGER_PHOTO_ID_5504201800066223186\" style=\"display: block; margin: 0px auto 10px; text-align: center; cursor: pointer; width: 186px; height: 261px;\" src=\"http:\/\/3.bp.blogspot.com\/_LTO5Qx1HyJc\/TGLaX-kDTFI\/AAAAAAAAARs\/L7kxCyE1Drw\/s320\/Emanuel+D%C2%B4Able.jpg\" alt=\"\" border=\"0\" \/><\/a><span style=\"font-size: 85%;\"><span style=\"font-style: italic;\">Rev.do Dom Emanuel D\u00b4Able<\/span><\/span><br \/>\n<span style=\"font-size: 85%;\"><span style=\"font-style: italic;\">Arquiabade de S\u00e3o Sebasti\u00e3o, Salvador<\/span><\/span><\/p>\n<p>Dom Roberto Lopes fora eleito Abade do Mosteiro de S\u00e3o Bento do Rio de Janeiro em 13 de julho de 2004. Recebera a b\u00ean\u00e7\u00e3o abacial no m\u00eas seguinte por Sua Emin\u00eancia Cardeal Eus\u00e9bio Scheid, SCJ, ent\u00e3o Arcebispo de S\u00e3o Sebasti\u00e3o do Rio de Janeiro.<\/p>\n<p>A partir de ent\u00e3o, a Abadia \u00e9 governada pelo Prior, Rev.do Dom Paulo Henrique.<\/p>\n<p>&nbsp;<\/p>\n<\/div>\n<\/div>\n","protected":false},"excerpt":{"rendered":"Durante visita can\u00f4nica oficiada pelo Rev.do Dom Emanuel D\u00b4Able do Amaral, OSB, Arquiabade da Abadia de S\u00e3o Sebasti\u00e3o em Salvador, na Abadia Nossa Senhora do Monserrate no Rio de Janeiro, o superior desta Abadia, Rev.do Dom Roberto Lopes, apresentou sua ren\u00fancia ao cargo.","protected":false},"author":3,"featured_media":0,"comment_status":"open","ping_status":"open","sticky":false,"template":"","format":"standard","meta":{"jetpack_post_was_ever_published":false,"_jetpack_newsletter_access":"","_jetpack_dont_email_post_to_subs":false,"_jetpack_newsletter_tier_id":0,"_jetpack_memberships_contains_paywalled_content":false,"_jetpack_memberships_contains_paid_content":false,"_joinchat":[],"footnotes":"","jetpack_publicize_message":"","jetpack_publicize_feature_enabled":true,"jetpack_social_post_already_shared":false,"jetpack_social_options":{"image_generator_settings":{"template":"highway","default_image_id":0,"font":"","enabled":false},"version":2}},"categories":[9,24],"tags":[425,427,426],"class_list":["post-2599","post","type-post","status-publish","format-standard","hentry","category-brasil","category-noticias","tag-abadia-do-rio-de-janeiro","tag-arquiabade","tag-dom-roberto-lopes"],"yoast_head":"<!-- This site is optimized with the Yoast SEO plugin v27.4 - https:\/\/yoast.com\/product\/yoast-seo-wordpress\/ -->\n<title>Abade do Rio de Janeiro renuncia - Direto da Sacristia<\/title>\n<meta name=\"robots\" content=\"index, follow, max-snippet:-1, max-image-preview:large, max-video-preview:-1\" \/>\n<link rel=\"canonical\" href=\"https:\/\/diretodasacristia.com\/home\/brasil\/abade-do-rio-de-janeiro-renuncia\/\" \/>\n<meta property=\"og:locale\" content=\"pt_BR\" \/>\n<meta property=\"og:type\" content=\"article\" \/>\n<meta property=\"og:title\" content=\"Abade do Rio de Janeiro renuncia - Direto da Sacristia\" \/>\n<meta property=\"og:description\" content=\"Durante visita can\u00f4nica oficiada pelo Rev.do Dom Emanuel D\u00b4Able do Amaral, OSB, Arquiabade da Abadia de S\u00e3o Sebasti\u00e3o em Salvador, na Abadia Nossa Senhora do Monserrate no Rio de Janeiro, o superior desta Abadia, Rev.do Dom Roberto Lopes, apresentou sua ren\u00fancia ao cargo.\" \/>\n<meta property=\"og:url\" content=\"https:\/\/diretodasacristia.com\/home\/brasil\/abade-do-rio-de-janeiro-renuncia\/\" \/>\n<meta property=\"og:site_name\" content=\"Direto da Sacristia\" \/>\n<meta property=\"article:publisher\" content=\"https:\/\/www.facebook.com\/DiretoSacristia\" \/>\n<meta property=\"article:published_time\" content=\"2010-08-11T13:59:00+00:00\" \/>\n<meta property=\"article:modified_time\" content=\"2012-11-08T13:05:41+00:00\" \/>\n<meta property=\"og:image\" content=\"http:\/\/4.bp.blogspot.com\/_LTO5Qx1HyJc\/TGLaYIR7-KI\/AAAAAAAAAR0\/MbCWGZP5HNM\/s320\/Abade+Roberto+Lopes.jpg\" \/>\n<meta name=\"author\" content=\"E. Mar\u00e7al\" \/>\n<meta name=\"twitter:card\" content=\"summary_large_image\" \/>\n<meta name=\"twitter:creator\" content=\"@diretosacristia\" \/>\n<meta name=\"twitter:site\" content=\"@diretosacristia\" \/>\n<meta name=\"twitter:label1\" content=\"Escrito por\" \/>\n\t<meta name=\"twitter:data1\" content=\"E. Mar\u00e7al\" \/>\n\t<meta name=\"twitter:label2\" content=\"Est. tempo de leitura\" \/>\n\t<meta name=\"twitter:data2\" content=\"1 minuto\" \/>\n<script type=\"application\/ld+json\" class=\"yoast-schema-graph\">{\"@context\":\"https:\\\/\\\/schema.org\",\"@graph\":[{\"@type\":\"Article\",\"@id\":\"https:\\\/\\\/diretodasacristia.com\\\/home\\\/brasil\\\/abade-do-rio-de-janeiro-renuncia\\\/#article\",\"isPartOf\":{\"@id\":\"https:\\\/\\\/diretodasacristia.com\\\/home\\\/brasil\\\/abade-do-rio-de-janeiro-renuncia\\\/\"},\"author\":{\"name\":\"E. Mar\u00e7al\",\"@id\":\"https:\\\/\\\/diretodasacristia.com\\\/home\\\/#\\\/schema\\\/person\\\/3d453ef1f7d57c0bb0990b8070642721\"},\"headline\":\"Abade do Rio de Janeiro renuncia\",\"datePublished\":\"2010-08-11T13:59:00+00:00\",\"dateModified\":\"2012-11-08T13:05:41+00:00\",\"mainEntityOfPage\":{\"@id\":\"https:\\\/\\\/diretodasacristia.com\\\/home\\\/brasil\\\/abade-do-rio-de-janeiro-renuncia\\\/\"},\"wordCount\":154,\"commentCount\":0,\"publisher\":{\"@id\":\"https:\\\/\\\/diretodasacristia.com\\\/home\\\/#organization\"},\"image\":{\"@id\":\"https:\\\/\\\/diretodasacristia.com\\\/home\\\/brasil\\\/abade-do-rio-de-janeiro-renuncia\\\/#primaryimage\"},\"thumbnailUrl\":\"http:\\\/\\\/4.bp.blogspot.com\\\/_LTO5Qx1HyJc\\\/TGLaYIR7-KI\\\/AAAAAAAAAR0\\\/MbCWGZP5HNM\\\/s320\\\/Abade+Roberto+Lopes.jpg\",\"keywords\":[\"Abadia do Rio de Janeiro\",\"Arquiabade\",\"Dom Roberto Lopes\"],\"articleSection\":[\"Brasil\",\"Not\u00edcias\"],\"inLanguage\":\"pt-BR\",\"potentialAction\":[{\"@type\":\"CommentAction\",\"name\":\"Comment\",\"target\":[\"https:\\\/\\\/diretodasacristia.com\\\/home\\\/brasil\\\/abade-do-rio-de-janeiro-renuncia\\\/#respond\"]}]},{\"@type\":\"WebPage\",\"@id\":\"https:\\\/\\\/diretodasacristia.com\\\/home\\\/brasil\\\/abade-do-rio-de-janeiro-renuncia\\\/\",\"url\":\"https:\\\/\\\/diretodasacristia.com\\\/home\\\/brasil\\\/abade-do-rio-de-janeiro-renuncia\\\/\",\"name\":\"Abade do Rio de Janeiro renuncia - Direto da Sacristia\",\"isPartOf\":{\"@id\":\"https:\\\/\\\/diretodasacristia.com\\\/home\\\/#website\"},\"primaryImageOfPage\":{\"@id\":\"https:\\\/\\\/diretodasacristia.com\\\/home\\\/brasil\\\/abade-do-rio-de-janeiro-renuncia\\\/#primaryimage\"},\"image\":{\"@id\":\"https:\\\/\\\/diretodasacristia.com\\\/home\\\/brasil\\\/abade-do-rio-de-janeiro-renuncia\\\/#primaryimage\"},\"thumbnailUrl\":\"http:\\\/\\\/4.bp.blogspot.com\\\/_LTO5Qx1HyJc\\\/TGLaYIR7-KI\\\/AAAAAAAAAR0\\\/MbCWGZP5HNM\\\/s320\\\/Abade+Roberto+Lopes.jpg\",\"datePublished\":\"2010-08-11T13:59:00+00:00\",\"dateModified\":\"2012-11-08T13:05:41+00:00\",\"breadcrumb\":{\"@id\":\"https:\\\/\\\/diretodasacristia.com\\\/home\\\/brasil\\\/abade-do-rio-de-janeiro-renuncia\\\/#breadcrumb\"},\"inLanguage\":\"pt-BR\",\"potentialAction\":[{\"@type\":\"ReadAction\",\"target\":[\"https:\\\/\\\/diretodasacristia.com\\\/home\\\/brasil\\\/abade-do-rio-de-janeiro-renuncia\\\/\"]}]},{\"@type\":\"ImageObject\",\"inLanguage\":\"pt-BR\",\"@id\":\"https:\\\/\\\/diretodasacristia.com\\\/home\\\/brasil\\\/abade-do-rio-de-janeiro-renuncia\\\/#primaryimage\",\"url\":\"http:\\\/\\\/4.bp.blogspot.com\\\/_LTO5Qx1HyJc\\\/TGLaYIR7-KI\\\/AAAAAAAAAR0\\\/MbCWGZP5HNM\\\/s320\\\/Abade+Roberto+Lopes.jpg\",\"contentUrl\":\"http:\\\/\\\/4.bp.blogspot.com\\\/_LTO5Qx1HyJc\\\/TGLaYIR7-KI\\\/AAAAAAAAAR0\\\/MbCWGZP5HNM\\\/s320\\\/Abade+Roberto+Lopes.jpg\"},{\"@type\":\"BreadcrumbList\",\"@id\":\"https:\\\/\\\/diretodasacristia.com\\\/home\\\/brasil\\\/abade-do-rio-de-janeiro-renuncia\\\/#breadcrumb\",\"itemListElement\":[{\"@type\":\"ListItem\",\"position\":1,\"name\":\"In\u00edcio\",\"item\":\"https:\\\/\\\/diretodasacristia.com\\\/home\\\/\"},{\"@type\":\"ListItem\",\"position\":2,\"name\":\"Abade do Rio de Janeiro renuncia\"}]},{\"@type\":\"WebSite\",\"@id\":\"https:\\\/\\\/diretodasacristia.com\\\/home\\\/#website\",\"url\":\"https:\\\/\\\/diretodasacristia.com\\\/home\\\/\",\"name\":\"Direto da Sacristia\",\"description\":\"Not\u00edcias e artigos sobre a f\u00e9 cat\u00f3lica\",\"publisher\":{\"@id\":\"https:\\\/\\\/diretodasacristia.com\\\/home\\\/#organization\"},\"potentialAction\":[{\"@type\":\"SearchAction\",\"target\":{\"@type\":\"EntryPoint\",\"urlTemplate\":\"https:\\\/\\\/diretodasacristia.com\\\/home\\\/?s={search_term_string}\"},\"query-input\":{\"@type\":\"PropertyValueSpecification\",\"valueRequired\":true,\"valueName\":\"search_term_string\"}}],\"inLanguage\":\"pt-BR\"},{\"@type\":\"Organization\",\"@id\":\"https:\\\/\\\/diretodasacristia.com\\\/home\\\/#organization\",\"name\":\"Direto da Sacristia\",\"url\":\"https:\\\/\\\/diretodasacristia.com\\\/home\\\/\",\"logo\":{\"@type\":\"ImageObject\",\"inLanguage\":\"pt-BR\",\"@id\":\"https:\\\/\\\/diretodasacristia.com\\\/home\\\/#\\\/schema\\\/logo\\\/image\\\/\",\"url\":\"https:\\\/\\\/i0.wp.com\\\/diretodasacristia.com\\\/home\\\/wp-content\\\/uploads\\\/2012\\\/01\\\/marca-sacristia.png?fit=320%2C306&ssl=1\",\"contentUrl\":\"https:\\\/\\\/i0.wp.com\\\/diretodasacristia.com\\\/home\\\/wp-content\\\/uploads\\\/2012\\\/01\\\/marca-sacristia.png?fit=320%2C306&ssl=1\",\"width\":\"320\",\"height\":\"306\",\"caption\":\"Direto da Sacristia\"},\"image\":{\"@id\":\"https:\\\/\\\/diretodasacristia.com\\\/home\\\/#\\\/schema\\\/logo\\\/image\\\/\"},\"sameAs\":[\"https:\\\/\\\/www.facebook.com\\\/DiretoSacristia\",\"https:\\\/\\\/x.com\\\/diretosacristia\",\"https:\\\/\\\/www.instagram.com\\\/diretodasacristia\\\/\",\"https:\\\/\\\/www.youtube.com\\\/diretodasacristia\"]},{\"@type\":\"Person\",\"@id\":\"https:\\\/\\\/diretodasacristia.com\\\/home\\\/#\\\/schema\\\/person\\\/3d453ef1f7d57c0bb0990b8070642721\",\"name\":\"E. Mar\u00e7al\",\"image\":{\"@type\":\"ImageObject\",\"inLanguage\":\"pt-BR\",\"@id\":\"https:\\\/\\\/secure.gravatar.com\\\/avatar\\\/348ff80a5ddde3de6c8b6e0c5b066b733f9245285d9ab87cd2e2ff652ffa95b0?s=96&d=mm&r=g\",\"url\":\"https:\\\/\\\/secure.gravatar.com\\\/avatar\\\/348ff80a5ddde3de6c8b6e0c5b066b733f9245285d9ab87cd2e2ff652ffa95b0?s=96&d=mm&r=g\",\"contentUrl\":\"https:\\\/\\\/secure.gravatar.com\\\/avatar\\\/348ff80a5ddde3de6c8b6e0c5b066b733f9245285d9ab87cd2e2ff652ffa95b0?s=96&d=mm&r=g\",\"caption\":\"E. Mar\u00e7al\"},\"url\":\"https:\\\/\\\/diretodasacristia.com\\\/home\\\/author\\\/erick\\\/\"}]}<\/script>\n<!-- \/ Yoast SEO plugin. -->","yoast_head_json":{"title":"Abade do Rio de Janeiro renuncia - Direto da Sacristia","robots":{"index":"index","follow":"follow","max-snippet":"max-snippet:-1","max-image-preview":"max-image-preview:large","max-video-preview":"max-video-preview:-1"},"canonical":"https:\/\/diretodasacristia.com\/home\/brasil\/abade-do-rio-de-janeiro-renuncia\/","og_locale":"pt_BR","og_type":"article","og_title":"Abade do Rio de Janeiro renuncia - Direto da Sacristia","og_description":"Durante visita can\u00f4nica oficiada pelo Rev.do Dom Emanuel D\u00b4Able do Amaral, OSB, Arquiabade da Abadia de S\u00e3o Sebasti\u00e3o em Salvador, na Abadia Nossa Senhora do Monserrate no Rio de Janeiro, o superior desta Abadia, Rev.do Dom Roberto Lopes, apresentou sua ren\u00fancia ao cargo.","og_url":"https:\/\/diretodasacristia.com\/home\/brasil\/abade-do-rio-de-janeiro-renuncia\/","og_site_name":"Direto da Sacristia","article_publisher":"https:\/\/www.facebook.com\/DiretoSacristia","article_published_time":"2010-08-11T13:59:00+00:00","article_modified_time":"2012-11-08T13:05:41+00:00","og_image":[{"url":"http:\/\/4.bp.blogspot.com\/_LTO5Qx1HyJc\/TGLaYIR7-KI\/AAAAAAAAAR0\/MbCWGZP5HNM\/s320\/Abade+Roberto+Lopes.jpg","type":"","width":"","height":""}],"author":"E. Mar\u00e7al","twitter_card":"summary_large_image","twitter_creator":"@diretosacristia","twitter_site":"@diretosacristia","twitter_misc":{"Escrito por":"E. Mar\u00e7al","Est. tempo de leitura":"1 minuto"},"schema":{"@context":"https:\/\/schema.org","@graph":[{"@type":"Article","@id":"https:\/\/diretodasacristia.com\/home\/brasil\/abade-do-rio-de-janeiro-renuncia\/#article","isPartOf":{"@id":"https:\/\/diretodasacristia.com\/home\/brasil\/abade-do-rio-de-janeiro-renuncia\/"},"author":{"name":"E. Mar\u00e7al","@id":"https:\/\/diretodasacristia.com\/home\/#\/schema\/person\/3d453ef1f7d57c0bb0990b8070642721"},"headline":"Abade do Rio de Janeiro renuncia","datePublished":"2010-08-11T13:59:00+00:00","dateModified":"2012-11-08T13:05:41+00:00","mainEntityOfPage":{"@id":"https:\/\/diretodasacristia.com\/home\/brasil\/abade-do-rio-de-janeiro-renuncia\/"},"wordCount":154,"commentCount":0,"publisher":{"@id":"https:\/\/diretodasacristia.com\/home\/#organization"},"image":{"@id":"https:\/\/diretodasacristia.com\/home\/brasil\/abade-do-rio-de-janeiro-renuncia\/#primaryimage"},"thumbnailUrl":"http:\/\/4.bp.blogspot.com\/_LTO5Qx1HyJc\/TGLaYIR7-KI\/AAAAAAAAAR0\/MbCWGZP5HNM\/s320\/Abade+Roberto+Lopes.jpg","keywords":["Abadia do Rio de Janeiro","Arquiabade","Dom Roberto Lopes"],"articleSection":["Brasil","Not\u00edcias"],"inLanguage":"pt-BR","potentialAction":[{"@type":"CommentAction","name":"Comment","target":["https:\/\/diretodasacristia.com\/home\/brasil\/abade-do-rio-de-janeiro-renuncia\/#respond"]}]},{"@type":"WebPage","@id":"https:\/\/diretodasacristia.com\/home\/brasil\/abade-do-rio-de-janeiro-renuncia\/","url":"https:\/\/diretodasacristia.com\/home\/brasil\/abade-do-rio-de-janeiro-renuncia\/","name":"Abade do Rio de Janeiro renuncia - Direto da Sacristia","isPartOf":{"@id":"https:\/\/diretodasacristia.com\/home\/#website"},"primaryImageOfPage":{"@id":"https:\/\/diretodasacristia.com\/home\/brasil\/abade-do-rio-de-janeiro-renuncia\/#primaryimage"},"image":{"@id":"https:\/\/diretodasacristia.com\/home\/brasil\/abade-do-rio-de-janeiro-renuncia\/#primaryimage"},"thumbnailUrl":"http:\/\/4.bp.blogspot.com\/_LTO5Qx1HyJc\/TGLaYIR7-KI\/AAAAAAAAAR0\/MbCWGZP5HNM\/s320\/Abade+Roberto+Lopes.jpg","datePublished":"2010-08-11T13:59:00+00:00","dateModified":"2012-11-08T13:05:41+00:00","breadcrumb":{"@id":"https:\/\/diretodasacristia.com\/home\/brasil\/abade-do-rio-de-janeiro-renuncia\/#breadcrumb"},"inLanguage":"pt-BR","potentialAction":[{"@type":"ReadAction","target":["https:\/\/diretodasacristia.com\/home\/brasil\/abade-do-rio-de-janeiro-renuncia\/"]}]},{"@type":"ImageObject","inLanguage":"pt-BR","@id":"https:\/\/diretodasacristia.com\/home\/brasil\/abade-do-rio-de-janeiro-renuncia\/#primaryimage","url":"http:\/\/4.bp.blogspot.com\/_LTO5Qx1HyJc\/TGLaYIR7-KI\/AAAAAAAAAR0\/MbCWGZP5HNM\/s320\/Abade+Roberto+Lopes.jpg","contentUrl":"http:\/\/4.bp.blogspot.com\/_LTO5Qx1HyJc\/TGLaYIR7-KI\/AAAAAAAAAR0\/MbCWGZP5HNM\/s320\/Abade+Roberto+Lopes.jpg"},{"@type":"BreadcrumbList","@id":"https:\/\/diretodasacristia.com\/home\/brasil\/abade-do-rio-de-janeiro-renuncia\/#breadcrumb","itemListElement":[{"@type":"ListItem","position":1,"name":"In\u00edcio","item":"https:\/\/diretodasacristia.com\/home\/"},{"@type":"ListItem","position":2,"name":"Abade do Rio de Janeiro renuncia"}]},{"@type":"WebSite","@id":"https:\/\/diretodasacristia.com\/home\/#website","url":"https:\/\/diretodasacristia.com\/home\/","name":"Direto da Sacristia","description":"Not\u00edcias e artigos sobre a f\u00e9 cat\u00f3lica","publisher":{"@id":"https:\/\/diretodasacristia.com\/home\/#organization"},"potentialAction":[{"@type":"SearchAction","target":{"@type":"EntryPoint","urlTemplate":"https:\/\/diretodasacristia.com\/home\/?s={search_term_string}"},"query-input":{"@type":"PropertyValueSpecification","valueRequired":true,"valueName":"search_term_string"}}],"inLanguage":"pt-BR"},{"@type":"Organization","@id":"https:\/\/diretodasacristia.com\/home\/#organization","name":"Direto da Sacristia","url":"https:\/\/diretodasacristia.com\/home\/","logo":{"@type":"ImageObject","inLanguage":"pt-BR","@id":"https:\/\/diretodasacristia.com\/home\/#\/schema\/logo\/image\/","url":"https:\/\/i0.wp.com\/diretodasacristia.com\/home\/wp-content\/uploads\/2012\/01\/marca-sacristia.png?fit=320%2C306&ssl=1","contentUrl":"https:\/\/i0.wp.com\/diretodasacristia.com\/home\/wp-content\/uploads\/2012\/01\/marca-sacristia.png?fit=320%2C306&ssl=1","width":"320","height":"306","caption":"Direto da Sacristia"},"image":{"@id":"https:\/\/diretodasacristia.com\/home\/#\/schema\/logo\/image\/"},"sameAs":["https:\/\/www.facebook.com\/DiretoSacristia","https:\/\/x.com\/diretosacristia","https:\/\/www.instagram.com\/diretodasacristia\/","https:\/\/www.youtube.com\/diretodasacristia"]},{"@type":"Person","@id":"https:\/\/diretodasacristia.com\/home\/#\/schema\/person\/3d453ef1f7d57c0bb0990b8070642721","name":"E. Mar\u00e7al","image":{"@type":"ImageObject","inLanguage":"pt-BR","@id":"https:\/\/secure.gravatar.com\/avatar\/348ff80a5ddde3de6c8b6e0c5b066b733f9245285d9ab87cd2e2ff652ffa95b0?s=96&d=mm&r=g","url":"https:\/\/secure.gravatar.com\/avatar\/348ff80a5ddde3de6c8b6e0c5b066b733f9245285d9ab87cd2e2ff652ffa95b0?s=96&d=mm&r=g","contentUrl":"https:\/\/secure.gravatar.com\/avatar\/348ff80a5ddde3de6c8b6e0c5b066b733f9245285d9ab87cd2e2ff652ffa95b0?s=96&d=mm&r=g","caption":"E. Mar\u00e7al"},"url":"https:\/\/diretodasacristia.com\/home\/author\/erick\/"}]}},"jetpack_publicize_connections":[],"jetpack_featured_media_url":"","jetpack_sharing_enabled":true,"jetpack_shortlink":"https:\/\/wp.me\/p24aG7-FV","jetpack-related-posts":[{"id":3811,"url":"https:\/\/diretodasacristia.com\/home\/brasil\/novo-abade-do-rio-de-janeiro\/","url_meta":{"origin":2599,"position":0},"title":"Novo Abade do Rio de Janeiro","author":"E. Mar\u00e7al","date":"8 de novembro de 2012","format":false,"excerpt":"Foi aceita a elei\u00e7\u00e3o abacial e a consequente transfer\u00eancia do Rev.do Dom Filipe da Silva, OSB, 50 anos, do Mosteiro de S\u00e3o Bento de Olinda para a Abadia Nossa Senhora do Monserrate do Rio de Janeiro.","rel":"","context":"Em &quot;Brasil&quot;","block_context":{"text":"Brasil","link":"https:\/\/diretodasacristia.com\/home\/c\/brasil\/"},"img":{"alt_text":"","src":"https:\/\/i0.wp.com\/diretodasacristia.com\/home\/wp-content\/uploads\/2012\/11\/Dom-Filipe-Silva-Abade.jpg?resize=350%2C200","width":350,"height":200},"classes":[]},{"id":2580,"url":"https:\/\/diretodasacristia.com\/home\/heri-et-hodie\/as-abadias-territoriais\/","url_meta":{"origin":2599,"position":1},"title":"As abadias territoriais","author":"E. Mar\u00e7al","date":"19 de agosto de 2010","format":false,"excerpt":"Nos artigos que pretendo publicar ordinariamente \u00e0s quintas-feiras, hei de deter-me em algumas particularidades da santa Igreja que, apesar de submetidas \u00e0s reformas do Conc\u00edlio Vaticano II ou posteriores a ele, continuam com o seu sentido ou - teoricamente - sua estrutura intactos. \"Heri et Hodie\" - Ontem e Hoje\u2026","rel":"","context":"Em &quot;Heri et Hodie&quot;","block_context":{"text":"Heri et Hodie","link":"https:\/\/diretodasacristia.com\/home\/c\/heri-et-hodie\/"},"img":{"alt_text":"","src":"","width":0,"height":0},"classes":[]},{"id":4212,"url":"https:\/\/diretodasacristia.com\/home\/nomeacoes-episcopais\/o-papa-francisco-diminui-o-territorio-da-abadia-de-monte-cassino\/","url_meta":{"origin":2599,"position":2},"title":"O Papa Francisco diminui o territ\u00f3rio da Abadia de Monte Cassino","author":"E. Mar\u00e7al","date":"24 de outubro de 2014","format":false,"excerpt":"O Papa Francisco nomeou o novo Abade: Dom Donato Ogliari, ent\u00e3o Abade de Nossa Senhora da Escada, em Noci. Contudo, a nomea\u00e7\u00e3o pontif\u00edcia esteve acompanhada de uma novidade inesperada: a Abade Territorial limita-se agora apenas ao Monte e n\u00e3o mais \u00e0s 53 par\u00f3quias.","rel":"","context":"Em &quot;Destaque&quot;","block_context":{"text":"Destaque","link":"https:\/\/diretodasacristia.com\/home\/c\/destaque\/"},"img":{"alt_text":"DSC05138","src":"https:\/\/i0.wp.com\/diretodasacristia.com\/home\/wp-content\/uploads\/2014\/10\/DSC05138-1024x768.jpg?resize=350%2C200","width":350,"height":200,"srcset":"https:\/\/i0.wp.com\/diretodasacristia.com\/home\/wp-content\/uploads\/2014\/10\/DSC05138-1024x768.jpg?resize=350%2C200 1x, https:\/\/i0.wp.com\/diretodasacristia.com\/home\/wp-content\/uploads\/2014\/10\/DSC05138-1024x768.jpg?resize=525%2C300 1.5x, https:\/\/i0.wp.com\/diretodasacristia.com\/home\/wp-content\/uploads\/2014\/10\/DSC05138-1024x768.jpg?resize=700%2C400 2x"},"classes":[]},{"id":2574,"url":"https:\/\/diretodasacristia.com\/home\/sem-categoria\/restauracao-da-congregacao-beneditina-do-brasil-2\/","url_meta":{"origin":2599,"position":3},"title":"Restaura\u00e7\u00e3o da Congrega\u00e7\u00e3o Beneditina do Brasil","author":"E. Mar\u00e7al","date":"22 de agosto de 2010","format":false,"excerpt":"115 anos da Restaura\u00e7\u00e3o da Congrega\u00e7\u00e3o Beneditina no Brasil Texto do Ir. Jo\u00e3o Cassiano, OSB do Mosteiro de S\u00e3o Bento de Olinda Mosteiro e igreja-bas\u00edlica abacial de S\u00e3o Bento de Olinda, Pernambuco onde S.E.R. Dom Gerard Van Caloen foi Abade No \u00faltimo dia 17 de agosto, a Congrega\u00e7\u00e3o Beneditina do\u2026","rel":"","context":"Em &quot;Sem categoria&quot;","block_context":{"text":"Sem categoria","link":"https:\/\/diretodasacristia.com\/home\/c\/sem-categoria\/"},"img":{"alt_text":"","src":"","width":0,"height":0},"classes":[]},{"id":2525,"url":"https:\/\/diretodasacristia.com\/home\/sem-categoria\/capitulo-elege-novo-abade-geral-dos-cistercienses-2\/","url_meta":{"origin":2599,"position":4},"title":"Cap\u00edtulo elege novo Abade Geral dos Cistercienses","author":"E. Mar\u00e7al","date":"15 de setembro de 2010","format":false,"excerpt":"Da ag\u00eancia Zenit \u00a0 Mauro-Giuseppe Lepori foi eleito por abades e abadessas congregados na It\u00e1lia Bras\u00e3o da Ordem Cisterciense da observ\u00e2ncia comum Em Cap\u00edtulo-Geral de abades e abadessas da Ordem Cisterciense celebrado na cidade Rocca di Papa, pr\u00f3ximo a Roma, o Rev.do Pe. Mauro-Giuseppe Lepori foi eleito, no \u00faltimo dia\u2026","rel":"","context":"Em &quot;Sem categoria&quot;","block_context":{"text":"Sem categoria","link":"https:\/\/diretodasacristia.com\/home\/c\/sem-categoria\/"},"img":{"alt_text":"","src":"","width":0,"height":0},"classes":[]},{"id":578,"url":"https:\/\/diretodasacristia.com\/home\/brasil\/sagracoes-episcopais-e-posses-no-brasil\/","url_meta":{"origin":2599,"position":5},"title":"Sagra\u00e7\u00f5es episcopais e posses no Brasil","author":"E. Mar\u00e7al","date":"8 de fevereiro de 2012","format":false,"excerpt":"Publicamos a lista dos pr\u00f3ximos eventos no episcopado brasileiro referentes ou \u00e0 sua sagra\u00e7\u00e3o episcopal ou \u00e0 posse can\u00f4nica de seu of\u00edcio (alguns s\u00e3o bispos auxiliares, outros s\u00e3o bispos diocesanos). S\u00e1bado, 11 de fevereiro Na Festa de Nossa Senhora de Lourdes Sagra\u00e7\u00e3o episcopal do Rev.do Mons. Jo\u00e3o Justino de Medeiros\u2026","rel":"","context":"Em &quot;Brasil&quot;","block_context":{"text":"Brasil","link":"https:\/\/diretodasacristia.com\/home\/c\/brasil\/"},"img":{"alt_text":"","src":"https:\/\/i0.wp.com\/diretodasacristia.com\/home\/wp-content\/uploads\/2012\/02\/Jo%C3%A3o-Justino-252x300.jpg?resize=350%2C200","width":350,"height":200},"classes":[]}],"post_mailing_queue_ids":[],"_links":{"self":[{"href":"https:\/\/diretodasacristia.com\/home\/wp-json\/wp\/v2\/posts\/2599","targetHints":{"allow":["GET"]}}],"collection":[{"href":"https:\/\/diretodasacristia.com\/home\/wp-json\/wp\/v2\/posts"}],"about":[{"href":"https:\/\/diretodasacristia.com\/home\/wp-json\/wp\/v2\/types\/post"}],"author":[{"embeddable":true,"href":"https:\/\/diretodasacristia.com\/home\/wp-json\/wp\/v2\/users\/3"}],"replies":[{"embeddable":true,"href":"https:\/\/diretodasacristia.com\/home\/wp-json\/wp\/v2\/comments?post=2599"}],"version-history":[{"count":3,"href":"https:\/\/diretodasacristia.com\/home\/wp-json\/wp\/v2\/posts\/2599\/revisions"}],"predecessor-version":[{"id":3812,"href":"https:\/\/diretodasacristia.com\/home\/wp-json\/wp\/v2\/posts\/2599\/revisions\/3812"}],"wp:attachment":[{"href":"https:\/\/diretodasacristia.com\/home\/wp-json\/wp\/v2\/media?parent=2599"}],"wp:term":[{"taxonomy":"category","embeddable":true,"href":"https:\/\/diretodasacristia.com\/home\/wp-json\/wp\/v2\/categories?post=2599"},{"taxonomy":"post_tag","embeddable":true,"href":"https:\/\/diretodasacristia.com\/home\/wp-json\/wp\/v2\/tags?post=2599"}],"curies":[{"name":"wp","href":"https:\/\/api.w.org\/{rel}","templated":true}]}}