{"id":2612,"date":"2010-08-04T10:03:00","date_gmt":"2010-08-04T10:03:00","guid":{"rendered":"http:\/\/diretodasacristia.com\/home\/sem-categoria\/e-ars-nunca-mais-foi-a-mesma-2\/"},"modified":"2012-05-05T15:47:34","modified_gmt":"2012-05-05T18:47:34","slug":"e-ars-nunca-mais-foi-a-mesma-2","status":"publish","type":"post","link":"https:\/\/diretodasacristia.com\/home\/sacerdocio\/e-ars-nunca-mais-foi-a-mesma-2\/","title":{"rendered":"E Ars nunca mais foi a mesma&#8230;"},"content":{"rendered":"<p><a onblur=\"try {parent.deselectBloggerImageGracefully();} catch(e) {}\" href=\"http:\/\/2.bp.blogspot.com\/_LTO5Qx1HyJc\/TFlyabfh8QI\/AAAAAAAAAEw\/wrR-GM4KsJ8\/s1600\/jmvianney2.jpg\"><img decoding=\"async\" id=\"BLOGGER_PHOTO_ID_5501554218191941890\" style=\"display: block; margin: 0px auto 10px; text-align: center; cursor: pointer; width: 263px; height: 400px;\" src=\"http:\/\/2.bp.blogspot.com\/_LTO5Qx1HyJc\/TFlyabfh8QI\/AAAAAAAAAEw\/wrR-GM4KsJ8\/s400\/jmvianney2.jpg\" alt=\"\" border=\"0\" \/><\/a><\/p>\n<p>&nbsp;<\/p>\n<p style=\"text-align: justify;\">O jovem pastor de dezesseis anos, Antoine Givre, naquele entardecer guardava as ovelhas como em qualquer outro dia. Era 9 de fevereiro de 1818. A noite j\u00e1 come\u00e7ava a cair, quando ele ouviu um barulho vindo do lado da estrada de Lyon e avistou um padre, que vinha acompanhado por uma velha e uma carriola vacilante carregada de fardos. O padre aproximou-se do pequeno pastor e perguntou-lhe se Ars ainda estava distante. Antoine apontou para o povoado que se escondia no crep\u00fasculo. &#8220;Como \u00e9 pequeno!&#8221;, murmurou o padre. Ele ajoelhou-se, rezou por um longo sil\u00eancio, de olhos fixos nas casas. Ao levantar-se, olhou para o pastorzinho e, com voz muito simples, disse: &#8220;Tu mostraste-me o caminho de Ars&#8230; Um dia hei de mostrar-te o caminho do C\u00e9u&#8221;. E retomou a marcha para aquela\u00a0cidadezinha que, mesmo n\u00e3o contando mais de duzentas almas e subordinada \u00e0 par\u00f3quia Mis\u00e9rieux, da diocese de Lyon, se tornaria conhecida no mundo inteiro pela santidade do seu agora novo cura. Chamava-se Jean-Marie Vianney.<\/p>\n<p style=\"text-align: justify;\">O resto da hist\u00f3ria, n\u00f3s j\u00e1 o sabemos. Em muitos p\u00falpitos destaca-se que o santo que comemoramos hoje era de m\u00ednimo rigor intelectual e que isso foi a causa de ele quase n\u00e3o ser ordenado sacerdote. Um dia, no semin\u00e1rio menor, o padre reitor frisou algo que eu nunca ouvira e que nunca havia parado para pensar: muitos sempre det\u00eam-se em falar que o Cura d\u00b4Ars n\u00e3o era provido de uma sabedoria informid\u00e1vel, mas esquecem que ele foi capaz de falar altos tratados teol\u00f3gicos em simples palavras, acess\u00edveis ao povo; e que a sua simplicidade e convic\u00e7\u00e3o no exerc\u00edcio do minist\u00e9rio sacerdotal foi o que mudou a vida, converteu os costumes e revigorou a f\u00e9 dos alde\u00f5es de Ars. Ele alcan\u00e7ou uma santidade no confession\u00e1rio: santificando-se e santificando seus paroquianos. Provou que para ser um padre fiel e anunciar o Evangelho n\u00e3o \u00e9 preciso ser um showman que vai \u00e0 televis\u00e3o. Pois &#8220;a comunica\u00e7\u00e3o deve favorecer a comunh\u00e3o da Igreja que, do contr\u00e1rio, converte-se em protagonismo individual ou, o que \u00e9 mais grave, introduz divis\u00e3o&#8221; (Mons. Mauro Piacenza, secret\u00e1rio da Congrega\u00e7\u00e3o para o Clero). Para ser um bom padre \u00e9, urgente antes de tudo, a solicitude pela salva\u00e7\u00e3o das almas, amor a Deus e de Deus. Tal como o fez o Santo Cura.<\/p>\n<p style=\"text-align: justify;\">S\u00e3o Jo\u00e3o Maria Vianney n\u00e3o fez coisas extraordin\u00e1rias ou promo\u00e7\u00e3o pessoal. Mostrou o caminho do c\u00e9u, como havia prometido ao jovem pastor. Que todos os sacerdotes tamb\u00e9m possam mostrar a n\u00f3s o caminho para a eternidade. Apesar de n\u00e3o ter sido proclamado patrono de todos os presb\u00edteros, a todos eles, p\u00e1rocos ou n\u00e3o, este santo franc\u00eas ainda constitui-se um formid\u00e1vel modelo.<\/p>\n","protected":false},"excerpt":{"rendered":"&nbsp; O jovem pastor de dezesseis anos, Antoine Givre, naquele entardecer guardava as ovelhas como em qualquer outro dia. Era 9 de fevereiro de 1818. A noite j\u00e1 come\u00e7ava a cair, quando ele ouviu um barulho vindo do lado da estrada de Lyon e avistou um padre, que vinha acompanhado por uma velha e uma&#8230; <a class=\"view-article\" href=\"https:\/\/diretodasacristia.com\/home\/sacerdocio\/e-ars-nunca-mais-foi-a-mesma-2\/\">Ver artigo<\/a>","protected":false},"author":3,"featured_media":0,"comment_status":"open","ping_status":"open","sticky":false,"template":"","format":"standard","meta":{"jetpack_post_was_ever_published":false,"_jetpack_newsletter_access":"","_jetpack_dont_email_post_to_subs":false,"_jetpack_newsletter_tier_id":0,"_jetpack_memberships_contains_paywalled_content":false,"_jetpack_memberships_contains_paid_content":false,"_joinchat":[],"footnotes":"","jetpack_publicize_message":"","jetpack_publicize_feature_enabled":true,"jetpack_social_post_already_shared":false,"jetpack_social_options":{"image_generator_settings":{"template":"highway","default_image_id":0,"font":"","enabled":false},"version":2}},"categories":[27],"tags":[267,266,268],"class_list":["post-2612","post","type-post","status-publish","format-standard","hentry","category-sacerdocio","tag-04-agosto","tag-cura-dars","tag-sao-joao-maria-vianney"],"yoast_head":"<!-- This site is optimized with the Yoast SEO plugin v27.4 - https:\/\/yoast.com\/product\/yoast-seo-wordpress\/ -->\n<title>E Ars nunca mais foi a mesma... - Direto da Sacristia<\/title>\n<meta name=\"robots\" content=\"index, follow, max-snippet:-1, max-image-preview:large, max-video-preview:-1\" \/>\n<link rel=\"canonical\" href=\"https:\/\/diretodasacristia.com\/home\/sacerdocio\/e-ars-nunca-mais-foi-a-mesma-2\/\" \/>\n<meta property=\"og:locale\" content=\"pt_BR\" \/>\n<meta property=\"og:type\" content=\"article\" \/>\n<meta property=\"og:title\" content=\"E Ars nunca mais foi a mesma... - Direto da Sacristia\" \/>\n<meta property=\"og:description\" content=\"&nbsp; O jovem pastor de dezesseis anos, Antoine Givre, naquele entardecer guardava as ovelhas como em qualquer outro dia. Era 9 de fevereiro de 1818. A noite j\u00e1 come\u00e7ava a cair, quando ele ouviu um barulho vindo do lado da estrada de Lyon e avistou um padre, que vinha acompanhado por uma velha e uma... Ver artigo\" \/>\n<meta property=\"og:url\" content=\"https:\/\/diretodasacristia.com\/home\/sacerdocio\/e-ars-nunca-mais-foi-a-mesma-2\/\" \/>\n<meta property=\"og:site_name\" content=\"Direto da Sacristia\" \/>\n<meta property=\"article:publisher\" content=\"https:\/\/www.facebook.com\/DiretoSacristia\" \/>\n<meta property=\"article:published_time\" content=\"2010-08-04T10:03:00+00:00\" \/>\n<meta property=\"article:modified_time\" content=\"2012-05-05T18:47:34+00:00\" \/>\n<meta property=\"og:image\" content=\"http:\/\/2.bp.blogspot.com\/_LTO5Qx1HyJc\/TFlyabfh8QI\/AAAAAAAAAEw\/wrR-GM4KsJ8\/s400\/jmvianney2.jpg\" \/>\n<meta name=\"author\" content=\"E. Mar\u00e7al\" \/>\n<meta name=\"twitter:card\" content=\"summary_large_image\" \/>\n<meta name=\"twitter:creator\" content=\"@diretosacristia\" \/>\n<meta name=\"twitter:site\" content=\"@diretosacristia\" \/>\n<meta name=\"twitter:label1\" content=\"Escrito por\" \/>\n\t<meta name=\"twitter:data1\" content=\"E. Mar\u00e7al\" \/>\n\t<meta name=\"twitter:label2\" content=\"Est. tempo de leitura\" \/>\n\t<meta name=\"twitter:data2\" content=\"2 minutos\" \/>\n<script type=\"application\/ld+json\" class=\"yoast-schema-graph\">{\"@context\":\"https:\\\/\\\/schema.org\",\"@graph\":[{\"@type\":\"Article\",\"@id\":\"https:\\\/\\\/diretodasacristia.com\\\/home\\\/sacerdocio\\\/e-ars-nunca-mais-foi-a-mesma-2\\\/#article\",\"isPartOf\":{\"@id\":\"https:\\\/\\\/diretodasacristia.com\\\/home\\\/sacerdocio\\\/e-ars-nunca-mais-foi-a-mesma-2\\\/\"},\"author\":{\"name\":\"E. Mar\u00e7al\",\"@id\":\"https:\\\/\\\/diretodasacristia.com\\\/home\\\/#\\\/schema\\\/person\\\/3d453ef1f7d57c0bb0990b8070642721\"},\"headline\":\"E Ars nunca mais foi a mesma&#8230;\",\"datePublished\":\"2010-08-04T10:03:00+00:00\",\"dateModified\":\"2012-05-05T18:47:34+00:00\",\"mainEntityOfPage\":{\"@id\":\"https:\\\/\\\/diretodasacristia.com\\\/home\\\/sacerdocio\\\/e-ars-nunca-mais-foi-a-mesma-2\\\/\"},\"wordCount\":489,\"commentCount\":0,\"publisher\":{\"@id\":\"https:\\\/\\\/diretodasacristia.com\\\/home\\\/#organization\"},\"image\":{\"@id\":\"https:\\\/\\\/diretodasacristia.com\\\/home\\\/sacerdocio\\\/e-ars-nunca-mais-foi-a-mesma-2\\\/#primaryimage\"},\"thumbnailUrl\":\"http:\\\/\\\/2.bp.blogspot.com\\\/_LTO5Qx1HyJc\\\/TFlyabfh8QI\\\/AAAAAAAAAEw\\\/wrR-GM4KsJ8\\\/s400\\\/jmvianney2.jpg\",\"keywords\":[\"04 agosto\",\"Cura d\u00b4Ars\",\"S\u00e3o Jo\u00e3o Maria Vianney\"],\"articleSection\":[\"Sacerd\u00f3cio\"],\"inLanguage\":\"pt-BR\",\"potentialAction\":[{\"@type\":\"CommentAction\",\"name\":\"Comment\",\"target\":[\"https:\\\/\\\/diretodasacristia.com\\\/home\\\/sacerdocio\\\/e-ars-nunca-mais-foi-a-mesma-2\\\/#respond\"]}]},{\"@type\":\"WebPage\",\"@id\":\"https:\\\/\\\/diretodasacristia.com\\\/home\\\/sacerdocio\\\/e-ars-nunca-mais-foi-a-mesma-2\\\/\",\"url\":\"https:\\\/\\\/diretodasacristia.com\\\/home\\\/sacerdocio\\\/e-ars-nunca-mais-foi-a-mesma-2\\\/\",\"name\":\"E Ars nunca mais foi a mesma... - Direto da Sacristia\",\"isPartOf\":{\"@id\":\"https:\\\/\\\/diretodasacristia.com\\\/home\\\/#website\"},\"primaryImageOfPage\":{\"@id\":\"https:\\\/\\\/diretodasacristia.com\\\/home\\\/sacerdocio\\\/e-ars-nunca-mais-foi-a-mesma-2\\\/#primaryimage\"},\"image\":{\"@id\":\"https:\\\/\\\/diretodasacristia.com\\\/home\\\/sacerdocio\\\/e-ars-nunca-mais-foi-a-mesma-2\\\/#primaryimage\"},\"thumbnailUrl\":\"http:\\\/\\\/2.bp.blogspot.com\\\/_LTO5Qx1HyJc\\\/TFlyabfh8QI\\\/AAAAAAAAAEw\\\/wrR-GM4KsJ8\\\/s400\\\/jmvianney2.jpg\",\"datePublished\":\"2010-08-04T10:03:00+00:00\",\"dateModified\":\"2012-05-05T18:47:34+00:00\",\"breadcrumb\":{\"@id\":\"https:\\\/\\\/diretodasacristia.com\\\/home\\\/sacerdocio\\\/e-ars-nunca-mais-foi-a-mesma-2\\\/#breadcrumb\"},\"inLanguage\":\"pt-BR\",\"potentialAction\":[{\"@type\":\"ReadAction\",\"target\":[\"https:\\\/\\\/diretodasacristia.com\\\/home\\\/sacerdocio\\\/e-ars-nunca-mais-foi-a-mesma-2\\\/\"]}]},{\"@type\":\"ImageObject\",\"inLanguage\":\"pt-BR\",\"@id\":\"https:\\\/\\\/diretodasacristia.com\\\/home\\\/sacerdocio\\\/e-ars-nunca-mais-foi-a-mesma-2\\\/#primaryimage\",\"url\":\"http:\\\/\\\/2.bp.blogspot.com\\\/_LTO5Qx1HyJc\\\/TFlyabfh8QI\\\/AAAAAAAAAEw\\\/wrR-GM4KsJ8\\\/s400\\\/jmvianney2.jpg\",\"contentUrl\":\"http:\\\/\\\/2.bp.blogspot.com\\\/_LTO5Qx1HyJc\\\/TFlyabfh8QI\\\/AAAAAAAAAEw\\\/wrR-GM4KsJ8\\\/s400\\\/jmvianney2.jpg\"},{\"@type\":\"BreadcrumbList\",\"@id\":\"https:\\\/\\\/diretodasacristia.com\\\/home\\\/sacerdocio\\\/e-ars-nunca-mais-foi-a-mesma-2\\\/#breadcrumb\",\"itemListElement\":[{\"@type\":\"ListItem\",\"position\":1,\"name\":\"In\u00edcio\",\"item\":\"https:\\\/\\\/diretodasacristia.com\\\/home\\\/\"},{\"@type\":\"ListItem\",\"position\":2,\"name\":\"E Ars nunca mais foi a mesma&#8230;\"}]},{\"@type\":\"WebSite\",\"@id\":\"https:\\\/\\\/diretodasacristia.com\\\/home\\\/#website\",\"url\":\"https:\\\/\\\/diretodasacristia.com\\\/home\\\/\",\"name\":\"Direto da Sacristia\",\"description\":\"Not\u00edcias e artigos sobre a f\u00e9 cat\u00f3lica\",\"publisher\":{\"@id\":\"https:\\\/\\\/diretodasacristia.com\\\/home\\\/#organization\"},\"potentialAction\":[{\"@type\":\"SearchAction\",\"target\":{\"@type\":\"EntryPoint\",\"urlTemplate\":\"https:\\\/\\\/diretodasacristia.com\\\/home\\\/?s={search_term_string}\"},\"query-input\":{\"@type\":\"PropertyValueSpecification\",\"valueRequired\":true,\"valueName\":\"search_term_string\"}}],\"inLanguage\":\"pt-BR\"},{\"@type\":\"Organization\",\"@id\":\"https:\\\/\\\/diretodasacristia.com\\\/home\\\/#organization\",\"name\":\"Direto da Sacristia\",\"url\":\"https:\\\/\\\/diretodasacristia.com\\\/home\\\/\",\"logo\":{\"@type\":\"ImageObject\",\"inLanguage\":\"pt-BR\",\"@id\":\"https:\\\/\\\/diretodasacristia.com\\\/home\\\/#\\\/schema\\\/logo\\\/image\\\/\",\"url\":\"https:\\\/\\\/i0.wp.com\\\/diretodasacristia.com\\\/home\\\/wp-content\\\/uploads\\\/2012\\\/01\\\/marca-sacristia.png?fit=320%2C306&ssl=1\",\"contentUrl\":\"https:\\\/\\\/i0.wp.com\\\/diretodasacristia.com\\\/home\\\/wp-content\\\/uploads\\\/2012\\\/01\\\/marca-sacristia.png?fit=320%2C306&ssl=1\",\"width\":\"320\",\"height\":\"306\",\"caption\":\"Direto da Sacristia\"},\"image\":{\"@id\":\"https:\\\/\\\/diretodasacristia.com\\\/home\\\/#\\\/schema\\\/logo\\\/image\\\/\"},\"sameAs\":[\"https:\\\/\\\/www.facebook.com\\\/DiretoSacristia\",\"https:\\\/\\\/x.com\\\/diretosacristia\",\"https:\\\/\\\/www.instagram.com\\\/diretodasacristia\\\/\",\"https:\\\/\\\/www.youtube.com\\\/diretodasacristia\"]},{\"@type\":\"Person\",\"@id\":\"https:\\\/\\\/diretodasacristia.com\\\/home\\\/#\\\/schema\\\/person\\\/3d453ef1f7d57c0bb0990b8070642721\",\"name\":\"E. Mar\u00e7al\",\"image\":{\"@type\":\"ImageObject\",\"inLanguage\":\"pt-BR\",\"@id\":\"https:\\\/\\\/secure.gravatar.com\\\/avatar\\\/348ff80a5ddde3de6c8b6e0c5b066b733f9245285d9ab87cd2e2ff652ffa95b0?s=96&d=mm&r=g\",\"url\":\"https:\\\/\\\/secure.gravatar.com\\\/avatar\\\/348ff80a5ddde3de6c8b6e0c5b066b733f9245285d9ab87cd2e2ff652ffa95b0?s=96&d=mm&r=g\",\"contentUrl\":\"https:\\\/\\\/secure.gravatar.com\\\/avatar\\\/348ff80a5ddde3de6c8b6e0c5b066b733f9245285d9ab87cd2e2ff652ffa95b0?s=96&d=mm&r=g\",\"caption\":\"E. Mar\u00e7al\"},\"url\":\"https:\\\/\\\/diretodasacristia.com\\\/home\\\/author\\\/erick\\\/\"}]}<\/script>\n<!-- \/ Yoast SEO plugin. -->","yoast_head_json":{"title":"E Ars nunca mais foi a mesma... - Direto da Sacristia","robots":{"index":"index","follow":"follow","max-snippet":"max-snippet:-1","max-image-preview":"max-image-preview:large","max-video-preview":"max-video-preview:-1"},"canonical":"https:\/\/diretodasacristia.com\/home\/sacerdocio\/e-ars-nunca-mais-foi-a-mesma-2\/","og_locale":"pt_BR","og_type":"article","og_title":"E Ars nunca mais foi a mesma... - Direto da Sacristia","og_description":"&nbsp; O jovem pastor de dezesseis anos, Antoine Givre, naquele entardecer guardava as ovelhas como em qualquer outro dia. Era 9 de fevereiro de 1818. A noite j\u00e1 come\u00e7ava a cair, quando ele ouviu um barulho vindo do lado da estrada de Lyon e avistou um padre, que vinha acompanhado por uma velha e uma... Ver artigo","og_url":"https:\/\/diretodasacristia.com\/home\/sacerdocio\/e-ars-nunca-mais-foi-a-mesma-2\/","og_site_name":"Direto da Sacristia","article_publisher":"https:\/\/www.facebook.com\/DiretoSacristia","article_published_time":"2010-08-04T10:03:00+00:00","article_modified_time":"2012-05-05T18:47:34+00:00","og_image":[{"url":"http:\/\/2.bp.blogspot.com\/_LTO5Qx1HyJc\/TFlyabfh8QI\/AAAAAAAAAEw\/wrR-GM4KsJ8\/s400\/jmvianney2.jpg","type":"","width":"","height":""}],"author":"E. Mar\u00e7al","twitter_card":"summary_large_image","twitter_creator":"@diretosacristia","twitter_site":"@diretosacristia","twitter_misc":{"Escrito por":"E. Mar\u00e7al","Est. tempo de leitura":"2 minutos"},"schema":{"@context":"https:\/\/schema.org","@graph":[{"@type":"Article","@id":"https:\/\/diretodasacristia.com\/home\/sacerdocio\/e-ars-nunca-mais-foi-a-mesma-2\/#article","isPartOf":{"@id":"https:\/\/diretodasacristia.com\/home\/sacerdocio\/e-ars-nunca-mais-foi-a-mesma-2\/"},"author":{"name":"E. Mar\u00e7al","@id":"https:\/\/diretodasacristia.com\/home\/#\/schema\/person\/3d453ef1f7d57c0bb0990b8070642721"},"headline":"E Ars nunca mais foi a mesma&#8230;","datePublished":"2010-08-04T10:03:00+00:00","dateModified":"2012-05-05T18:47:34+00:00","mainEntityOfPage":{"@id":"https:\/\/diretodasacristia.com\/home\/sacerdocio\/e-ars-nunca-mais-foi-a-mesma-2\/"},"wordCount":489,"commentCount":0,"publisher":{"@id":"https:\/\/diretodasacristia.com\/home\/#organization"},"image":{"@id":"https:\/\/diretodasacristia.com\/home\/sacerdocio\/e-ars-nunca-mais-foi-a-mesma-2\/#primaryimage"},"thumbnailUrl":"http:\/\/2.bp.blogspot.com\/_LTO5Qx1HyJc\/TFlyabfh8QI\/AAAAAAAAAEw\/wrR-GM4KsJ8\/s400\/jmvianney2.jpg","keywords":["04 agosto","Cura d\u00b4Ars","S\u00e3o Jo\u00e3o Maria Vianney"],"articleSection":["Sacerd\u00f3cio"],"inLanguage":"pt-BR","potentialAction":[{"@type":"CommentAction","name":"Comment","target":["https:\/\/diretodasacristia.com\/home\/sacerdocio\/e-ars-nunca-mais-foi-a-mesma-2\/#respond"]}]},{"@type":"WebPage","@id":"https:\/\/diretodasacristia.com\/home\/sacerdocio\/e-ars-nunca-mais-foi-a-mesma-2\/","url":"https:\/\/diretodasacristia.com\/home\/sacerdocio\/e-ars-nunca-mais-foi-a-mesma-2\/","name":"E Ars nunca mais foi a mesma... - Direto da Sacristia","isPartOf":{"@id":"https:\/\/diretodasacristia.com\/home\/#website"},"primaryImageOfPage":{"@id":"https:\/\/diretodasacristia.com\/home\/sacerdocio\/e-ars-nunca-mais-foi-a-mesma-2\/#primaryimage"},"image":{"@id":"https:\/\/diretodasacristia.com\/home\/sacerdocio\/e-ars-nunca-mais-foi-a-mesma-2\/#primaryimage"},"thumbnailUrl":"http:\/\/2.bp.blogspot.com\/_LTO5Qx1HyJc\/TFlyabfh8QI\/AAAAAAAAAEw\/wrR-GM4KsJ8\/s400\/jmvianney2.jpg","datePublished":"2010-08-04T10:03:00+00:00","dateModified":"2012-05-05T18:47:34+00:00","breadcrumb":{"@id":"https:\/\/diretodasacristia.com\/home\/sacerdocio\/e-ars-nunca-mais-foi-a-mesma-2\/#breadcrumb"},"inLanguage":"pt-BR","potentialAction":[{"@type":"ReadAction","target":["https:\/\/diretodasacristia.com\/home\/sacerdocio\/e-ars-nunca-mais-foi-a-mesma-2\/"]}]},{"@type":"ImageObject","inLanguage":"pt-BR","@id":"https:\/\/diretodasacristia.com\/home\/sacerdocio\/e-ars-nunca-mais-foi-a-mesma-2\/#primaryimage","url":"http:\/\/2.bp.blogspot.com\/_LTO5Qx1HyJc\/TFlyabfh8QI\/AAAAAAAAAEw\/wrR-GM4KsJ8\/s400\/jmvianney2.jpg","contentUrl":"http:\/\/2.bp.blogspot.com\/_LTO5Qx1HyJc\/TFlyabfh8QI\/AAAAAAAAAEw\/wrR-GM4KsJ8\/s400\/jmvianney2.jpg"},{"@type":"BreadcrumbList","@id":"https:\/\/diretodasacristia.com\/home\/sacerdocio\/e-ars-nunca-mais-foi-a-mesma-2\/#breadcrumb","itemListElement":[{"@type":"ListItem","position":1,"name":"In\u00edcio","item":"https:\/\/diretodasacristia.com\/home\/"},{"@type":"ListItem","position":2,"name":"E Ars nunca mais foi a mesma&#8230;"}]},{"@type":"WebSite","@id":"https:\/\/diretodasacristia.com\/home\/#website","url":"https:\/\/diretodasacristia.com\/home\/","name":"Direto da Sacristia","description":"Not\u00edcias e artigos sobre a f\u00e9 cat\u00f3lica","publisher":{"@id":"https:\/\/diretodasacristia.com\/home\/#organization"},"potentialAction":[{"@type":"SearchAction","target":{"@type":"EntryPoint","urlTemplate":"https:\/\/diretodasacristia.com\/home\/?s={search_term_string}"},"query-input":{"@type":"PropertyValueSpecification","valueRequired":true,"valueName":"search_term_string"}}],"inLanguage":"pt-BR"},{"@type":"Organization","@id":"https:\/\/diretodasacristia.com\/home\/#organization","name":"Direto da Sacristia","url":"https:\/\/diretodasacristia.com\/home\/","logo":{"@type":"ImageObject","inLanguage":"pt-BR","@id":"https:\/\/diretodasacristia.com\/home\/#\/schema\/logo\/image\/","url":"https:\/\/i0.wp.com\/diretodasacristia.com\/home\/wp-content\/uploads\/2012\/01\/marca-sacristia.png?fit=320%2C306&ssl=1","contentUrl":"https:\/\/i0.wp.com\/diretodasacristia.com\/home\/wp-content\/uploads\/2012\/01\/marca-sacristia.png?fit=320%2C306&ssl=1","width":"320","height":"306","caption":"Direto da Sacristia"},"image":{"@id":"https:\/\/diretodasacristia.com\/home\/#\/schema\/logo\/image\/"},"sameAs":["https:\/\/www.facebook.com\/DiretoSacristia","https:\/\/x.com\/diretosacristia","https:\/\/www.instagram.com\/diretodasacristia\/","https:\/\/www.youtube.com\/diretodasacristia"]},{"@type":"Person","@id":"https:\/\/diretodasacristia.com\/home\/#\/schema\/person\/3d453ef1f7d57c0bb0990b8070642721","name":"E. Mar\u00e7al","image":{"@type":"ImageObject","inLanguage":"pt-BR","@id":"https:\/\/secure.gravatar.com\/avatar\/348ff80a5ddde3de6c8b6e0c5b066b733f9245285d9ab87cd2e2ff652ffa95b0?s=96&d=mm&r=g","url":"https:\/\/secure.gravatar.com\/avatar\/348ff80a5ddde3de6c8b6e0c5b066b733f9245285d9ab87cd2e2ff652ffa95b0?s=96&d=mm&r=g","contentUrl":"https:\/\/secure.gravatar.com\/avatar\/348ff80a5ddde3de6c8b6e0c5b066b733f9245285d9ab87cd2e2ff652ffa95b0?s=96&d=mm&r=g","caption":"E. Mar\u00e7al"},"url":"https:\/\/diretodasacristia.com\/home\/author\/erick\/"}]}},"jetpack_publicize_connections":[],"jetpack_featured_media_url":"","jetpack_sharing_enabled":true,"jetpack_shortlink":"https:\/\/wp.me\/p24aG7-G8","jetpack-related-posts":[{"id":39,"url":"https:\/\/diretodasacristia.com\/home\/sem-categoria\/pe-marcelo-rossi-pagara-direitos-de-musica-2\/","url_meta":{"origin":2612,"position":0},"title":"Pe. Marcelo Rossi pagar\u00e1 direitos de m\u00fasica","author":"E. Mar\u00e7al","date":"11 de julho de 2011","format":false,"excerpt":"Com informa\u00e7\u00f5es do PM Global\u00c9 o que acontece cantar m\u00fasica protestante...J\u00e1 falamos aqui sobre a perda de nossa identidade cat\u00f3lica, daquilo que vendo ou ouvindo, as pessoas j\u00e1 podem dizer \"isso \u00e9 cat\u00f3lico\". Lamentavelmente, hoje assistimos a inser\u00e7\u00e3o no meio cat\u00f3lico de certas pr\u00e1ticas protestantes, desde \"simples\" m\u00fasicas at\u00e9 modos\u2026","rel":"","context":"Em &quot;Sem categoria&quot;","block_context":{"text":"Sem categoria","link":"https:\/\/diretodasacristia.com\/home\/c\/sem-categoria\/"},"img":{"alt_text":"","src":"","width":0,"height":0},"classes":[]},{"id":2464,"url":"https:\/\/diretodasacristia.com\/home\/sem-categoria\/84-anos-do-santo-padre-2\/","url_meta":{"origin":2612,"position":1},"title":"84 anos do Santo Padre","author":"E. Mar\u00e7al","date":"16 de abril de 2011","format":false,"excerpt":"Mesmo sem ser costume do Vaticano comemorar o anivers\u00e1rio natal\u00edcio do Santo Padre, rezemos por Bento XVI que hoje celebra seu 84\u00ba anivers\u00e1rio natal\u00edcio. Ele nasceu numa manh\u00e3 de Vig\u00edlia Pascal e foi no mesmo dia batizado. Em sua autobiografia, lembra que as pessoas de sua \u00e9poca viam como um\u2026","rel":"","context":"Em &quot;Sem categoria&quot;","block_context":{"text":"Sem categoria","link":"https:\/\/diretodasacristia.com\/home\/c\/sem-categoria\/"},"img":{"alt_text":"","src":"","width":0,"height":0},"classes":[]},{"id":91,"url":"https:\/\/diretodasacristia.com\/home\/sem-categoria\/onomastico-do-santo-padre-2\/","url_meta":{"origin":2612,"position":2},"title":"Onom\u00e1stico do Santo Padre","author":"E. Mar\u00e7al","date":"19 de mar\u00e7o de 2011","format":false,"excerpt":"Na Solenidade de S\u00e3o Jos\u00e9, Patrono universal da Igreja e o primeiro a prestarmos culto depois de sua Sant\u00edssima Esposa, unamo-nos espiritualmente ao Vig\u00e1rio de Cristo na terra no dia de seu anivers\u00e1rio onom\u00e1stico. Costume difundido no Vaticano de comemorar-se apenas esse dia, em substitui\u00e7\u00e3o da comemora\u00e7\u00e3o do natal\u00edcio. Pe\u00e7amos\u2026","rel":"","context":"Em &quot;Sem categoria&quot;","block_context":{"text":"Sem categoria","link":"https:\/\/diretodasacristia.com\/home\/c\/sem-categoria\/"},"img":{"alt_text":"","src":"","width":0,"height":0},"classes":[]},{"id":4619,"url":"https:\/\/diretodasacristia.com\/home\/brasil\/como-um-padre-e-nomeado-bispo-em-roma\/","url_meta":{"origin":2612,"position":3},"title":"Como um padre \u00e9 nomeado Bispo em Roma?","author":"E. Mar\u00e7al","date":"14 de junho de 2016","format":false,"excerpt":"H\u00e1 uma diferen\u00e7a: se o nomeado n\u00e3o \u00e9 residente na Cidade Eterna, normalmente, o N\u00fancio Apost\u00f3lico comunica-lhe a nomea\u00e7\u00e3o; mas se ele residente na Cidade Eterna, \u00e9 assim que acontece:","rel":"","context":"Em &quot;Brasil&quot;","block_context":{"text":"Brasil","link":"https:\/\/diretodasacristia.com\/home\/c\/brasil\/"},"img":{"alt_text":"","src":"https:\/\/i0.wp.com\/diretodasacristia.com\/home\/wp-content\/uploads\/2016\/06\/frei-sales-original-1024x623.jpg?resize=350%2C200","width":350,"height":200,"srcset":"https:\/\/i0.wp.com\/diretodasacristia.com\/home\/wp-content\/uploads\/2016\/06\/frei-sales-original-1024x623.jpg?resize=350%2C200 1x, https:\/\/i0.wp.com\/diretodasacristia.com\/home\/wp-content\/uploads\/2016\/06\/frei-sales-original-1024x623.jpg?resize=525%2C300 1.5x, https:\/\/i0.wp.com\/diretodasacristia.com\/home\/wp-content\/uploads\/2016\/06\/frei-sales-original-1024x623.jpg?resize=700%2C400 2x"},"classes":[]},{"id":4131,"url":"https:\/\/diretodasacristia.com\/home\/bento-xvi\/tradicao-e-liturgia-por-dom-fernando-guimaraes\/","url_meta":{"origin":2612,"position":4},"title":"Tradi\u00e7\u00e3o e Liturgia, por Dom Fernando Guimar\u00e3es","author":"E. Mar\u00e7al","date":"12 de fevereiro de 2014","format":false,"excerpt":"Eu diria que n\u00e3o se trata de uma volta nost\u00e1lgica ao passado, n\u00e3o se trata \u2013 como pretendem alguns muito mal informados \u2013 de uma abertura do \u201cmuseu\u201d, mas se trata de perceber a alma cat\u00f3lica da Liturgia.","rel":"","context":"Em &quot;Bento XVI&quot;","block_context":{"text":"Bento XVI","link":"https:\/\/diretodasacristia.com\/home\/c\/bento-xvi\/"},"img":{"alt_text":"pa Jo\u00e3o Paulo II beija o ch\u00e3o em sua chegada ao Brasil. S\u00e3o Paulo, 12 de outubro de 1991.","src":"https:\/\/i0.wp.com\/diretodasacristia.com\/home\/wp-content\/uploads\/2014\/02\/pa-Jo%C3%A3o-Paulo-II-beija-o-ch%C3%A3o-em-sua-chegada-ao-Brasil.-S%C3%A3o-Paulo-12-de-outubro-de-1991..jpg?resize=350%2C200","width":350,"height":200,"srcset":"https:\/\/i0.wp.com\/diretodasacristia.com\/home\/wp-content\/uploads\/2014\/02\/pa-Jo%C3%A3o-Paulo-II-beija-o-ch%C3%A3o-em-sua-chegada-ao-Brasil.-S%C3%A3o-Paulo-12-de-outubro-de-1991..jpg?resize=350%2C200 1x, https:\/\/i0.wp.com\/diretodasacristia.com\/home\/wp-content\/uploads\/2014\/02\/pa-Jo%C3%A3o-Paulo-II-beija-o-ch%C3%A3o-em-sua-chegada-ao-Brasil.-S%C3%A3o-Paulo-12-de-outubro-de-1991..jpg?resize=525%2C300 1.5x"},"classes":[]},{"id":2587,"url":"https:\/\/diretodasacristia.com\/home\/sem-categoria\/o-que-os-tres-anos-do-motu-proprio-dirao-ao-santo-padre-2\/","url_meta":{"origin":2612,"position":5},"title":"O que os tr\u00eas anos do Motu proprio dir\u00e3o ao Santo Padre","author":"E. Mar\u00e7al","date":"17 de agosto de 2010","format":false,"excerpt":"A frequ\u00eancia do Missal de Jo\u00e3o XXIII ainda n\u00e3o \u00e9 palp\u00e1velBento XVI, ent\u00e3o Cardeal Ratzinger, diz em sua autobiografia que, presente ele no Vaticano II, ficou \"estupefato com a proibi\u00e7\u00e3o do Missal antigo, dado que nunca na hist\u00f3ria da liturgia se verificara uma situa\u00e7\u00e3o semelhante\". Ele confirma que, verdadeiramente, aconteceram\u2026","rel":"","context":"Em &quot;Sem categoria&quot;","block_context":{"text":"Sem categoria","link":"https:\/\/diretodasacristia.com\/home\/c\/sem-categoria\/"},"img":{"alt_text":"","src":"","width":0,"height":0},"classes":[]}],"post_mailing_queue_ids":[],"_links":{"self":[{"href":"https:\/\/diretodasacristia.com\/home\/wp-json\/wp\/v2\/posts\/2612","targetHints":{"allow":["GET"]}}],"collection":[{"href":"https:\/\/diretodasacristia.com\/home\/wp-json\/wp\/v2\/posts"}],"about":[{"href":"https:\/\/diretodasacristia.com\/home\/wp-json\/wp\/v2\/types\/post"}],"author":[{"embeddable":true,"href":"https:\/\/diretodasacristia.com\/home\/wp-json\/wp\/v2\/users\/3"}],"replies":[{"embeddable":true,"href":"https:\/\/diretodasacristia.com\/home\/wp-json\/wp\/v2\/comments?post=2612"}],"version-history":[{"count":7,"href":"https:\/\/diretodasacristia.com\/home\/wp-json\/wp\/v2\/posts\/2612\/revisions"}],"predecessor-version":[{"id":2620,"href":"https:\/\/diretodasacristia.com\/home\/wp-json\/wp\/v2\/posts\/2612\/revisions\/2620"}],"wp:attachment":[{"href":"https:\/\/diretodasacristia.com\/home\/wp-json\/wp\/v2\/media?parent=2612"}],"wp:term":[{"taxonomy":"category","embeddable":true,"href":"https:\/\/diretodasacristia.com\/home\/wp-json\/wp\/v2\/categories?post=2612"},{"taxonomy":"post_tag","embeddable":true,"href":"https:\/\/diretodasacristia.com\/home\/wp-json\/wp\/v2\/tags?post=2612"}],"curies":[{"name":"wp","href":"https:\/\/api.w.org\/{rel}","templated":true}]}}