{"id":3447,"date":"2012-09-26T07:58:15","date_gmt":"2012-09-26T10:58:15","guid":{"rendered":"http:\/\/diretodasacristia.com\/home\/?p=3447"},"modified":"2012-10-03T20:43:00","modified_gmt":"2012-10-03T23:43:00","slug":"novo-bispo-de-sao-jose-do-rio-preto","status":"publish","type":"post","link":"https:\/\/diretodasacristia.com\/home\/boletim-santa-se\/novo-bispo-de-sao-jose-do-rio-preto\/","title":{"rendered":"Novo Bispo de S\u00e3o Jos\u00e9 do Rio Preto"},"content":{"rendered":"<p style=\"text-align: justify;\">Do <a href=\"http:\/\/press.catholica.va\/news_services\/bulletin\/news\/29719.php?index=29719&amp;lang=it#NOMINA DEL VESCOVO DI S\u00c3O JOS\u00c9 DO RIO PRETO (BRASILE)\">boletim da Sala de Imprensa da Santa S\u00e9<\/a><\/p>\n<p style=\"text-align: justify;\">O Santo Padre Bento XVI nomeou como bispo da diocese de S\u00e3o Jos\u00e9 do Rio Preto (S\u00e3o Paulo) S.E.R. Dom Tom\u00e9 Ferreira da Silva, at\u00e9 ent\u00e3o Auxiliar da Arquidiocese de S\u00e3o Paulo e Titular de Giufi.<\/p>\n<p style=\"text-align: center;\"><a href=\"https:\/\/diretodasacristia.com\/home\/wp-content\/uploads\/2012\/09\/Dom-Tome-Ferreira-Bote-Fe.jpg\"><img loading=\"lazy\" decoding=\"async\" class=\" wp-image-3448 aligncenter\" title=\"Dom Tome Ferreira - Bote Fe\" src=\"https:\/\/diretodasacristia.com\/home\/wp-content\/uploads\/2012\/09\/Dom-Tome-Ferreira-Bote-Fe-1024x705.jpg\" alt=\"\" width=\"614\" height=\"423\" \/><\/a><\/p>\n<p style=\"text-align: center;\"><em>Dom Tom\u00e9 Ferreira<br \/>\n51 anos<\/em><\/p>\n<p style=\"text-align: justify;\">Nascido h\u00e1 51 anos na cidade mineira de Cristina, ingressou em 1975 no semin\u00e1rio da diocese de Campanha, para cujo clero foi ordenado sacerdote em 01 janeiro 1987.<\/p>\n<p style=\"text-align: justify;\">Em 1993, obteve o mestrado em Filosofia pela\u00a0<em>Pontiificia Universit\u00e0 Gregoriana\u00a0<\/em>de Roma.<\/p>\n<p style=\"text-align: justify;\">Durante o exerc\u00edcio do minist\u00e9rio presbiteral em Campanha, exerceu, dentre outros, os seguintes encargos: coordenador diocesano de Liturgia; professor, vice-reitor e reitor do Semin\u00e1rio Diocesano S\u00e3o Jos\u00e9; professor de Filosofia no semin\u00e1rio da Arquidiocese de Pouso Alegre; e assumiu cargos pastorais em 5 par\u00f3quias de sua diocese.<\/p>\n<p style=\"text-align: justify;\">Em mar\u00e7o 2005 foi eleito Bispo e sagrado em maio do mesmo ano em sua cidade natal por Sua Em.cia o Sr. Cardeal Cl\u00e1udio Hummes, ent\u00e3o Arcebispo de S\u00e3o Paulo.<\/p>\n<p style=\"text-align: justify;\">At\u00e9 ent\u00e3o era Vig\u00e1rio-geral da Arquidiocese de S\u00e3o Paulo e Vig\u00e1rio Episcopal da Regi\u00e3o Ipiranga, como tamb\u00e9m bispo assessor da Pastoral Vocacional, dos Semin\u00e1rios e das Miss\u00f5es da mesma Arquidiocese, al\u00e9m de bispo referencial para o Ecumenismo e o Di\u00e1logo Interreligioso no Regional Sul 1 da CNBB.<\/p>\n<p style=\"text-align: center;\"><a href=\"https:\/\/diretodasacristia.com\/home\/wp-content\/uploads\/2012\/09\/Bras\u00e3o-Dom-Tom\u00e9-Ferreira.jpg\"><img loading=\"lazy\" decoding=\"async\" class=\"size-full wp-image-3450 aligncenter\" title=\"Bras\u00e3o Dom Tom\u00e9 Ferreira\" src=\"https:\/\/diretodasacristia.com\/home\/wp-content\/uploads\/2012\/09\/Bras\u00e3o-Dom-Tom\u00e9-Ferreira.jpg\" alt=\"\" width=\"377\" height=\"417\" srcset=\"https:\/\/diretodasacristia.com\/home\/wp-content\/uploads\/2012\/09\/Bras\u00e3o-Dom-Tom\u00e9-Ferreira.jpg 377w, https:\/\/diretodasacristia.com\/home\/wp-content\/uploads\/2012\/09\/Bras\u00e3o-Dom-Tom\u00e9-Ferreira-271x300.jpg 271w\" sizes=\"auto, (max-width: 377px) 100vw, 377px\" \/><\/a><\/p>\n<p style=\"text-align: center;\">Bras\u00e3o episcopal sob o mote &#8220;Santidade &#8211; Verdade- Caridade&#8221;<\/p>\n<p style=\"text-align: justify;\">Tomar\u00e1 posse de uma diocese cujo processo de eleva\u00e7\u00e3o \u00e0 arquidiocese metropolitana tramita na Santa S\u00e9. A c\u00e1tedra de S\u00e3o Jos\u00e9 do Rio Preto encontrava-se vacante desde mar\u00e7o deste ano, quando Dom Paulo Mendes Peixoto foi transferido e promovido ao arcebispo mineiro de Uberaba.<\/p>\n","protected":false},"excerpt":{"rendered":"O Santo Padre Bento XVI nomeou como bispo da diocese de S\u00e3o Jos\u00e9 do Rio Preto S.E.R. Dom Tom\u00e9 Ferreira da Silva, at\u00e9 ent\u00e3o Auxiliar da Arquidiocese de S\u00e3o Paulo.","protected":false},"author":3,"featured_media":0,"comment_status":"open","ping_status":"open","sticky":false,"template":"","format":"standard","meta":{"jetpack_post_was_ever_published":false,"_jetpack_newsletter_access":"","_jetpack_dont_email_post_to_subs":false,"_jetpack_newsletter_tier_id":0,"_jetpack_memberships_contains_paywalled_content":false,"_jetpack_memberships_contains_paid_content":false,"_joinchat":[],"footnotes":"","jetpack_publicize_message":"","jetpack_publicize_feature_enabled":true,"jetpack_social_post_already_shared":false,"jetpack_social_options":{"image_generator_settings":{"template":"highway","default_image_id":0,"font":"","enabled":false},"version":2}},"categories":[8,9,37,22],"tags":[384,383],"class_list":["post-3447","post","type-post","status-publish","format-standard","hentry","category-boletim-santa-se","category-brasil","category-destaque","category-nomeacoes-episcopais","tag-diocese-de-sao-jose-do-rio-preto","tag-dom-tome-ferreira-da-silva"],"yoast_head":"<!-- This site is optimized with the Yoast SEO plugin v27.4 - https:\/\/yoast.com\/product\/yoast-seo-wordpress\/ -->\n<title>Novo Bispo de S\u00e3o Jos\u00e9 do Rio Preto - Direto da Sacristia<\/title>\n<meta name=\"robots\" content=\"index, follow, max-snippet:-1, max-image-preview:large, max-video-preview:-1\" \/>\n<link rel=\"canonical\" href=\"https:\/\/diretodasacristia.com\/home\/boletim-santa-se\/novo-bispo-de-sao-jose-do-rio-preto\/\" \/>\n<meta property=\"og:locale\" content=\"pt_BR\" \/>\n<meta property=\"og:type\" content=\"article\" \/>\n<meta property=\"og:title\" content=\"Novo Bispo de S\u00e3o Jos\u00e9 do Rio Preto - Direto da Sacristia\" \/>\n<meta property=\"og:description\" content=\"O Santo Padre Bento XVI nomeou como bispo da diocese de S\u00e3o Jos\u00e9 do Rio Preto S.E.R. Dom Tom\u00e9 Ferreira da Silva, at\u00e9 ent\u00e3o Auxiliar da Arquidiocese de S\u00e3o Paulo.\" \/>\n<meta property=\"og:url\" content=\"https:\/\/diretodasacristia.com\/home\/boletim-santa-se\/novo-bispo-de-sao-jose-do-rio-preto\/\" \/>\n<meta property=\"og:site_name\" content=\"Direto da Sacristia\" \/>\n<meta property=\"article:publisher\" content=\"https:\/\/www.facebook.com\/DiretoSacristia\" \/>\n<meta property=\"article:published_time\" content=\"2012-09-26T10:58:15+00:00\" \/>\n<meta property=\"article:modified_time\" content=\"2012-10-03T23:43:00+00:00\" \/>\n<meta property=\"og:image\" content=\"http:\/\/diretodasacristia.com\/home\/wp-content\/uploads\/2012\/09\/Dom-Tome-Ferreira-Bote-Fe-1024x705.jpg\" \/>\n<meta name=\"author\" content=\"E. Mar\u00e7al\" \/>\n<meta name=\"twitter:card\" content=\"summary_large_image\" \/>\n<meta name=\"twitter:creator\" content=\"@diretosacristia\" \/>\n<meta name=\"twitter:site\" content=\"@diretosacristia\" \/>\n<meta name=\"twitter:label1\" content=\"Escrito por\" \/>\n\t<meta name=\"twitter:data1\" content=\"E. Mar\u00e7al\" \/>\n\t<meta name=\"twitter:label2\" content=\"Est. tempo de leitura\" \/>\n\t<meta name=\"twitter:data2\" content=\"1 minuto\" \/>\n<script type=\"application\/ld+json\" class=\"yoast-schema-graph\">{\"@context\":\"https:\\\/\\\/schema.org\",\"@graph\":[{\"@type\":\"Article\",\"@id\":\"https:\\\/\\\/diretodasacristia.com\\\/home\\\/boletim-santa-se\\\/novo-bispo-de-sao-jose-do-rio-preto\\\/#article\",\"isPartOf\":{\"@id\":\"https:\\\/\\\/diretodasacristia.com\\\/home\\\/boletim-santa-se\\\/novo-bispo-de-sao-jose-do-rio-preto\\\/\"},\"author\":{\"name\":\"E. Mar\u00e7al\",\"@id\":\"https:\\\/\\\/diretodasacristia.com\\\/home\\\/#\\\/schema\\\/person\\\/3d453ef1f7d57c0bb0990b8070642721\"},\"headline\":\"Novo Bispo de S\u00e3o Jos\u00e9 do Rio Preto\",\"datePublished\":\"2012-09-26T10:58:15+00:00\",\"dateModified\":\"2012-10-03T23:43:00+00:00\",\"mainEntityOfPage\":{\"@id\":\"https:\\\/\\\/diretodasacristia.com\\\/home\\\/boletim-santa-se\\\/novo-bispo-de-sao-jose-do-rio-preto\\\/\"},\"wordCount\":300,\"commentCount\":0,\"publisher\":{\"@id\":\"https:\\\/\\\/diretodasacristia.com\\\/home\\\/#organization\"},\"image\":{\"@id\":\"https:\\\/\\\/diretodasacristia.com\\\/home\\\/boletim-santa-se\\\/novo-bispo-de-sao-jose-do-rio-preto\\\/#primaryimage\"},\"thumbnailUrl\":\"http:\\\/\\\/diretodasacristia.com\\\/home\\\/wp-content\\\/uploads\\\/2012\\\/09\\\/Dom-Tome-Ferreira-Bote-Fe-1024x705.jpg\",\"keywords\":[\"Diocese de S\u00e3o Jos\u00e9 do Rio Preto\",\"Dom Tom\u00e9 Ferreira da Silva\"],\"articleSection\":[\"Boletim Santa S\u00e9\",\"Brasil\",\"Destaque\",\"Nomea\u00e7\u00f5es episcopais\"],\"inLanguage\":\"pt-BR\",\"potentialAction\":[{\"@type\":\"CommentAction\",\"name\":\"Comment\",\"target\":[\"https:\\\/\\\/diretodasacristia.com\\\/home\\\/boletim-santa-se\\\/novo-bispo-de-sao-jose-do-rio-preto\\\/#respond\"]}]},{\"@type\":\"WebPage\",\"@id\":\"https:\\\/\\\/diretodasacristia.com\\\/home\\\/boletim-santa-se\\\/novo-bispo-de-sao-jose-do-rio-preto\\\/\",\"url\":\"https:\\\/\\\/diretodasacristia.com\\\/home\\\/boletim-santa-se\\\/novo-bispo-de-sao-jose-do-rio-preto\\\/\",\"name\":\"Novo Bispo de S\u00e3o Jos\u00e9 do Rio Preto - Direto da Sacristia\",\"isPartOf\":{\"@id\":\"https:\\\/\\\/diretodasacristia.com\\\/home\\\/#website\"},\"primaryImageOfPage\":{\"@id\":\"https:\\\/\\\/diretodasacristia.com\\\/home\\\/boletim-santa-se\\\/novo-bispo-de-sao-jose-do-rio-preto\\\/#primaryimage\"},\"image\":{\"@id\":\"https:\\\/\\\/diretodasacristia.com\\\/home\\\/boletim-santa-se\\\/novo-bispo-de-sao-jose-do-rio-preto\\\/#primaryimage\"},\"thumbnailUrl\":\"http:\\\/\\\/diretodasacristia.com\\\/home\\\/wp-content\\\/uploads\\\/2012\\\/09\\\/Dom-Tome-Ferreira-Bote-Fe-1024x705.jpg\",\"datePublished\":\"2012-09-26T10:58:15+00:00\",\"dateModified\":\"2012-10-03T23:43:00+00:00\",\"breadcrumb\":{\"@id\":\"https:\\\/\\\/diretodasacristia.com\\\/home\\\/boletim-santa-se\\\/novo-bispo-de-sao-jose-do-rio-preto\\\/#breadcrumb\"},\"inLanguage\":\"pt-BR\",\"potentialAction\":[{\"@type\":\"ReadAction\",\"target\":[\"https:\\\/\\\/diretodasacristia.com\\\/home\\\/boletim-santa-se\\\/novo-bispo-de-sao-jose-do-rio-preto\\\/\"]}]},{\"@type\":\"ImageObject\",\"inLanguage\":\"pt-BR\",\"@id\":\"https:\\\/\\\/diretodasacristia.com\\\/home\\\/boletim-santa-se\\\/novo-bispo-de-sao-jose-do-rio-preto\\\/#primaryimage\",\"url\":\"http:\\\/\\\/diretodasacristia.com\\\/home\\\/wp-content\\\/uploads\\\/2012\\\/09\\\/Dom-Tome-Ferreira-Bote-Fe-1024x705.jpg\",\"contentUrl\":\"http:\\\/\\\/diretodasacristia.com\\\/home\\\/wp-content\\\/uploads\\\/2012\\\/09\\\/Dom-Tome-Ferreira-Bote-Fe-1024x705.jpg\"},{\"@type\":\"BreadcrumbList\",\"@id\":\"https:\\\/\\\/diretodasacristia.com\\\/home\\\/boletim-santa-se\\\/novo-bispo-de-sao-jose-do-rio-preto\\\/#breadcrumb\",\"itemListElement\":[{\"@type\":\"ListItem\",\"position\":1,\"name\":\"In\u00edcio\",\"item\":\"https:\\\/\\\/diretodasacristia.com\\\/home\\\/\"},{\"@type\":\"ListItem\",\"position\":2,\"name\":\"Novo Bispo de S\u00e3o Jos\u00e9 do Rio Preto\"}]},{\"@type\":\"WebSite\",\"@id\":\"https:\\\/\\\/diretodasacristia.com\\\/home\\\/#website\",\"url\":\"https:\\\/\\\/diretodasacristia.com\\\/home\\\/\",\"name\":\"Direto da Sacristia\",\"description\":\"Not\u00edcias e artigos sobre a f\u00e9 cat\u00f3lica\",\"publisher\":{\"@id\":\"https:\\\/\\\/diretodasacristia.com\\\/home\\\/#organization\"},\"potentialAction\":[{\"@type\":\"SearchAction\",\"target\":{\"@type\":\"EntryPoint\",\"urlTemplate\":\"https:\\\/\\\/diretodasacristia.com\\\/home\\\/?s={search_term_string}\"},\"query-input\":{\"@type\":\"PropertyValueSpecification\",\"valueRequired\":true,\"valueName\":\"search_term_string\"}}],\"inLanguage\":\"pt-BR\"},{\"@type\":\"Organization\",\"@id\":\"https:\\\/\\\/diretodasacristia.com\\\/home\\\/#organization\",\"name\":\"Direto da Sacristia\",\"url\":\"https:\\\/\\\/diretodasacristia.com\\\/home\\\/\",\"logo\":{\"@type\":\"ImageObject\",\"inLanguage\":\"pt-BR\",\"@id\":\"https:\\\/\\\/diretodasacristia.com\\\/home\\\/#\\\/schema\\\/logo\\\/image\\\/\",\"url\":\"https:\\\/\\\/i0.wp.com\\\/diretodasacristia.com\\\/home\\\/wp-content\\\/uploads\\\/2012\\\/01\\\/marca-sacristia.png?fit=320%2C306&ssl=1\",\"contentUrl\":\"https:\\\/\\\/i0.wp.com\\\/diretodasacristia.com\\\/home\\\/wp-content\\\/uploads\\\/2012\\\/01\\\/marca-sacristia.png?fit=320%2C306&ssl=1\",\"width\":\"320\",\"height\":\"306\",\"caption\":\"Direto da Sacristia\"},\"image\":{\"@id\":\"https:\\\/\\\/diretodasacristia.com\\\/home\\\/#\\\/schema\\\/logo\\\/image\\\/\"},\"sameAs\":[\"https:\\\/\\\/www.facebook.com\\\/DiretoSacristia\",\"https:\\\/\\\/x.com\\\/diretosacristia\",\"https:\\\/\\\/www.instagram.com\\\/diretodasacristia\\\/\",\"https:\\\/\\\/www.youtube.com\\\/diretodasacristia\"]},{\"@type\":\"Person\",\"@id\":\"https:\\\/\\\/diretodasacristia.com\\\/home\\\/#\\\/schema\\\/person\\\/3d453ef1f7d57c0bb0990b8070642721\",\"name\":\"E. Mar\u00e7al\",\"image\":{\"@type\":\"ImageObject\",\"inLanguage\":\"pt-BR\",\"@id\":\"https:\\\/\\\/secure.gravatar.com\\\/avatar\\\/348ff80a5ddde3de6c8b6e0c5b066b733f9245285d9ab87cd2e2ff652ffa95b0?s=96&d=mm&r=g\",\"url\":\"https:\\\/\\\/secure.gravatar.com\\\/avatar\\\/348ff80a5ddde3de6c8b6e0c5b066b733f9245285d9ab87cd2e2ff652ffa95b0?s=96&d=mm&r=g\",\"contentUrl\":\"https:\\\/\\\/secure.gravatar.com\\\/avatar\\\/348ff80a5ddde3de6c8b6e0c5b066b733f9245285d9ab87cd2e2ff652ffa95b0?s=96&d=mm&r=g\",\"caption\":\"E. Mar\u00e7al\"},\"url\":\"https:\\\/\\\/diretodasacristia.com\\\/home\\\/author\\\/erick\\\/\"}]}<\/script>\n<!-- \/ Yoast SEO plugin. -->","yoast_head_json":{"title":"Novo Bispo de S\u00e3o Jos\u00e9 do Rio Preto - Direto da Sacristia","robots":{"index":"index","follow":"follow","max-snippet":"max-snippet:-1","max-image-preview":"max-image-preview:large","max-video-preview":"max-video-preview:-1"},"canonical":"https:\/\/diretodasacristia.com\/home\/boletim-santa-se\/novo-bispo-de-sao-jose-do-rio-preto\/","og_locale":"pt_BR","og_type":"article","og_title":"Novo Bispo de S\u00e3o Jos\u00e9 do Rio Preto - Direto da Sacristia","og_description":"O Santo Padre Bento XVI nomeou como bispo da diocese de S\u00e3o Jos\u00e9 do Rio Preto S.E.R. Dom Tom\u00e9 Ferreira da Silva, at\u00e9 ent\u00e3o Auxiliar da Arquidiocese de S\u00e3o Paulo.","og_url":"https:\/\/diretodasacristia.com\/home\/boletim-santa-se\/novo-bispo-de-sao-jose-do-rio-preto\/","og_site_name":"Direto da Sacristia","article_publisher":"https:\/\/www.facebook.com\/DiretoSacristia","article_published_time":"2012-09-26T10:58:15+00:00","article_modified_time":"2012-10-03T23:43:00+00:00","og_image":[{"url":"http:\/\/diretodasacristia.com\/home\/wp-content\/uploads\/2012\/09\/Dom-Tome-Ferreira-Bote-Fe-1024x705.jpg","type":"","width":"","height":""}],"author":"E. Mar\u00e7al","twitter_card":"summary_large_image","twitter_creator":"@diretosacristia","twitter_site":"@diretosacristia","twitter_misc":{"Escrito por":"E. Mar\u00e7al","Est. tempo de leitura":"1 minuto"},"schema":{"@context":"https:\/\/schema.org","@graph":[{"@type":"Article","@id":"https:\/\/diretodasacristia.com\/home\/boletim-santa-se\/novo-bispo-de-sao-jose-do-rio-preto\/#article","isPartOf":{"@id":"https:\/\/diretodasacristia.com\/home\/boletim-santa-se\/novo-bispo-de-sao-jose-do-rio-preto\/"},"author":{"name":"E. Mar\u00e7al","@id":"https:\/\/diretodasacristia.com\/home\/#\/schema\/person\/3d453ef1f7d57c0bb0990b8070642721"},"headline":"Novo Bispo de S\u00e3o Jos\u00e9 do Rio Preto","datePublished":"2012-09-26T10:58:15+00:00","dateModified":"2012-10-03T23:43:00+00:00","mainEntityOfPage":{"@id":"https:\/\/diretodasacristia.com\/home\/boletim-santa-se\/novo-bispo-de-sao-jose-do-rio-preto\/"},"wordCount":300,"commentCount":0,"publisher":{"@id":"https:\/\/diretodasacristia.com\/home\/#organization"},"image":{"@id":"https:\/\/diretodasacristia.com\/home\/boletim-santa-se\/novo-bispo-de-sao-jose-do-rio-preto\/#primaryimage"},"thumbnailUrl":"http:\/\/diretodasacristia.com\/home\/wp-content\/uploads\/2012\/09\/Dom-Tome-Ferreira-Bote-Fe-1024x705.jpg","keywords":["Diocese de S\u00e3o Jos\u00e9 do Rio Preto","Dom Tom\u00e9 Ferreira da Silva"],"articleSection":["Boletim Santa S\u00e9","Brasil","Destaque","Nomea\u00e7\u00f5es episcopais"],"inLanguage":"pt-BR","potentialAction":[{"@type":"CommentAction","name":"Comment","target":["https:\/\/diretodasacristia.com\/home\/boletim-santa-se\/novo-bispo-de-sao-jose-do-rio-preto\/#respond"]}]},{"@type":"WebPage","@id":"https:\/\/diretodasacristia.com\/home\/boletim-santa-se\/novo-bispo-de-sao-jose-do-rio-preto\/","url":"https:\/\/diretodasacristia.com\/home\/boletim-santa-se\/novo-bispo-de-sao-jose-do-rio-preto\/","name":"Novo Bispo de S\u00e3o Jos\u00e9 do Rio Preto - Direto da Sacristia","isPartOf":{"@id":"https:\/\/diretodasacristia.com\/home\/#website"},"primaryImageOfPage":{"@id":"https:\/\/diretodasacristia.com\/home\/boletim-santa-se\/novo-bispo-de-sao-jose-do-rio-preto\/#primaryimage"},"image":{"@id":"https:\/\/diretodasacristia.com\/home\/boletim-santa-se\/novo-bispo-de-sao-jose-do-rio-preto\/#primaryimage"},"thumbnailUrl":"http:\/\/diretodasacristia.com\/home\/wp-content\/uploads\/2012\/09\/Dom-Tome-Ferreira-Bote-Fe-1024x705.jpg","datePublished":"2012-09-26T10:58:15+00:00","dateModified":"2012-10-03T23:43:00+00:00","breadcrumb":{"@id":"https:\/\/diretodasacristia.com\/home\/boletim-santa-se\/novo-bispo-de-sao-jose-do-rio-preto\/#breadcrumb"},"inLanguage":"pt-BR","potentialAction":[{"@type":"ReadAction","target":["https:\/\/diretodasacristia.com\/home\/boletim-santa-se\/novo-bispo-de-sao-jose-do-rio-preto\/"]}]},{"@type":"ImageObject","inLanguage":"pt-BR","@id":"https:\/\/diretodasacristia.com\/home\/boletim-santa-se\/novo-bispo-de-sao-jose-do-rio-preto\/#primaryimage","url":"http:\/\/diretodasacristia.com\/home\/wp-content\/uploads\/2012\/09\/Dom-Tome-Ferreira-Bote-Fe-1024x705.jpg","contentUrl":"http:\/\/diretodasacristia.com\/home\/wp-content\/uploads\/2012\/09\/Dom-Tome-Ferreira-Bote-Fe-1024x705.jpg"},{"@type":"BreadcrumbList","@id":"https:\/\/diretodasacristia.com\/home\/boletim-santa-se\/novo-bispo-de-sao-jose-do-rio-preto\/#breadcrumb","itemListElement":[{"@type":"ListItem","position":1,"name":"In\u00edcio","item":"https:\/\/diretodasacristia.com\/home\/"},{"@type":"ListItem","position":2,"name":"Novo Bispo de S\u00e3o Jos\u00e9 do Rio Preto"}]},{"@type":"WebSite","@id":"https:\/\/diretodasacristia.com\/home\/#website","url":"https:\/\/diretodasacristia.com\/home\/","name":"Direto da Sacristia","description":"Not\u00edcias e artigos sobre a f\u00e9 cat\u00f3lica","publisher":{"@id":"https:\/\/diretodasacristia.com\/home\/#organization"},"potentialAction":[{"@type":"SearchAction","target":{"@type":"EntryPoint","urlTemplate":"https:\/\/diretodasacristia.com\/home\/?s={search_term_string}"},"query-input":{"@type":"PropertyValueSpecification","valueRequired":true,"valueName":"search_term_string"}}],"inLanguage":"pt-BR"},{"@type":"Organization","@id":"https:\/\/diretodasacristia.com\/home\/#organization","name":"Direto da Sacristia","url":"https:\/\/diretodasacristia.com\/home\/","logo":{"@type":"ImageObject","inLanguage":"pt-BR","@id":"https:\/\/diretodasacristia.com\/home\/#\/schema\/logo\/image\/","url":"https:\/\/i0.wp.com\/diretodasacristia.com\/home\/wp-content\/uploads\/2012\/01\/marca-sacristia.png?fit=320%2C306&ssl=1","contentUrl":"https:\/\/i0.wp.com\/diretodasacristia.com\/home\/wp-content\/uploads\/2012\/01\/marca-sacristia.png?fit=320%2C306&ssl=1","width":"320","height":"306","caption":"Direto da Sacristia"},"image":{"@id":"https:\/\/diretodasacristia.com\/home\/#\/schema\/logo\/image\/"},"sameAs":["https:\/\/www.facebook.com\/DiretoSacristia","https:\/\/x.com\/diretosacristia","https:\/\/www.instagram.com\/diretodasacristia\/","https:\/\/www.youtube.com\/diretodasacristia"]},{"@type":"Person","@id":"https:\/\/diretodasacristia.com\/home\/#\/schema\/person\/3d453ef1f7d57c0bb0990b8070642721","name":"E. Mar\u00e7al","image":{"@type":"ImageObject","inLanguage":"pt-BR","@id":"https:\/\/secure.gravatar.com\/avatar\/348ff80a5ddde3de6c8b6e0c5b066b733f9245285d9ab87cd2e2ff652ffa95b0?s=96&d=mm&r=g","url":"https:\/\/secure.gravatar.com\/avatar\/348ff80a5ddde3de6c8b6e0c5b066b733f9245285d9ab87cd2e2ff652ffa95b0?s=96&d=mm&r=g","contentUrl":"https:\/\/secure.gravatar.com\/avatar\/348ff80a5ddde3de6c8b6e0c5b066b733f9245285d9ab87cd2e2ff652ffa95b0?s=96&d=mm&r=g","caption":"E. Mar\u00e7al"},"url":"https:\/\/diretodasacristia.com\/home\/author\/erick\/"}]}},"jetpack_publicize_connections":[],"jetpack_featured_media_url":"","jetpack_sharing_enabled":true,"jetpack_shortlink":"https:\/\/wp.me\/p24aG7-TB","jetpack-related-posts":[{"id":753,"url":"https:\/\/diretodasacristia.com\/home\/boletim-santa-se\/novo-bispo-de-pequeira\/","url_meta":{"origin":3447,"position":0},"title":"Novo Bispo de Pesqueira","author":"E. Mar\u00e7al","date":"15 de fevereiro de 2012","format":false,"excerpt":"Com informa\u00e7\u00f5es do Boletim da Sala de Imprensa da Santa S\u00e9 \u00a0 Sua Excel\u00eancia Dom Jos\u00e9 Luiz Sales Bispo eleito de Pesqueira 55 anos O Santo Padre Bento nomeou como Bispo de Pesqueira Sua Ex.cia Dom Jos\u00e9 Luiz Ferreira Sales, professo da Congrega\u00e7\u00e3o do Sant\u00edssimo Redentor, at\u00e9 agora Bispo titular\u2026","rel":"","context":"Em &quot;Boletim Santa S\u00e9&quot;","block_context":{"text":"Boletim Santa S\u00e9","link":"https:\/\/diretodasacristia.com\/home\/c\/boletim-santa-se\/"},"img":{"alt_text":"","src":"https:\/\/i0.wp.com\/diretodasacristia.com\/home\/wp-content\/uploads\/2012\/02\/dom-jose-luiz_ferreira-sales.jpg?resize=350%2C200&ssl=1","width":350,"height":200},"classes":[]},{"id":1373,"url":"https:\/\/diretodasacristia.com\/home\/brasil\/renuncia-e-nomeacao-do-arcebispo-de-uberaba\/","url_meta":{"origin":3447,"position":1},"title":"Ren\u00fancia e nomea\u00e7\u00e3o do Arcebispo de Uberaba","author":"E. Mar\u00e7al","date":"7 de mar\u00e7o de 2012","format":false,"excerpt":"Do boletim da Sala de Imprensa da Santa S\u00e9 \u00a0 Sua Ex.cia Dom Alo\u00edsio Oppermann Pol\u00eamicas a respeito da aplica\u00e7\u00e3o do Summorum Pontificum em Uberada: a assembleia \"deve entender latim\"\u00a0 O Santo Padre Bento XVI aceitou a ren\u00fancia ao governo pastoral da Arquidiocese de Uberaba apresentada por Sua Ex.cia Dom\u2026","rel":"","context":"Em &quot;Brasil&quot;","block_context":{"text":"Brasil","link":"https:\/\/diretodasacristia.com\/home\/c\/brasil\/"},"img":{"alt_text":"","src":"https:\/\/i0.wp.com\/diretodasacristia.com\/home\/wp-content\/uploads\/2012\/03\/Aloisio-Oppermann.jpg?resize=350%2C200","width":350,"height":200},"classes":[]},{"id":2453,"url":"https:\/\/diretodasacristia.com\/home\/sem-categoria\/nomeacoes-para-o-brasil-2\/","url_meta":{"origin":3447,"position":2},"title":"Nomea\u00e7\u00f5es para o Brasil","author":"E. Mar\u00e7al","date":"4 de maio de 2011","format":false,"excerpt":"Do boletim da Sala de Imprensa da Santa S\u00e9Importantes nomea\u00e7\u00f5es episcopais para o BrasilHoje foram publicadas pela Santa S\u00e9 nomea\u00e7\u00f5es para cargos episcopais de grande import\u00e2ncia para o Brasil. Tratam-se de um arcebispo (que se soma a outros 4 ultimamente nomeados e que receber\u00e3o o p\u00e1lio arquiepiscopal em junho pr\u00f3ximo)\u2026","rel":"","context":"Em &quot;Sem categoria&quot;","block_context":{"text":"Sem categoria","link":"https:\/\/diretodasacristia.com\/home\/c\/sem-categoria\/"},"img":{"alt_text":"","src":"","width":0,"height":0},"classes":[]},{"id":1272,"url":"https:\/\/diretodasacristia.com\/home\/boletim-santa-se\/novo-auxiliar-do-rio-de-janeiro\/","url_meta":{"origin":3447,"position":3},"title":"Novo Auxiliar do Rio de Janeiro","author":"E. Mar\u00e7al","date":"29 de fevereiro de 2012","format":false,"excerpt":"Com informa\u00e7\u00f5es do\u00a0boletim da Sala de Imprensa da Santa S\u00e9 e da Arquidiocese do Rio de Janeiro O Santo Padre Bento XVI nomeou Bispo Auxiliar da Arquidiocese do Rio de Janeiro o Rev.do Pe. Luiz Henrique da Silva Brito, 44 anos, do clero da Diocese de Campos (Rio de Janeiro),\u2026","rel":"","context":"Em &quot;Boletim Santa S\u00e9&quot;","block_context":{"text":"Boletim Santa S\u00e9","link":"https:\/\/diretodasacristia.com\/home\/c\/boletim-santa-se\/"},"img":{"alt_text":"","src":"https:\/\/i0.wp.com\/diretodasacristia.com\/home\/wp-content\/uploads\/2012\/02\/Luiz-Brito.jpg?resize=350%2C200","width":350,"height":200},"classes":[]},{"id":2486,"url":"https:\/\/diretodasacristia.com\/home\/sem-categoria\/nova-diocese-no-brasil-2\/","url_meta":{"origin":3447,"position":4},"title":"Nova diocese no Brasil","author":"E. Mar\u00e7al","date":"15 de dezembro de 2010","format":false,"excerpt":"Do boletim da Sala de Impresa da Santa S\u00e9Nomea\u00e7\u00f5es episcopais e outros atos can\u00f4nicos Hoje o episcopado brasileiro apresenta duas nomea\u00e7\u00f5es. Com elas, o Arcebispado de Salvador perde dois bispos auxiliares. Isso deve-se \u00e0 nomea\u00e7\u00e3o de um como o primeiro bispo de uma diocese na Bahia, e \u00e0 nomea\u00e7\u00e3o do\u2026","rel":"","context":"Em &quot;Sem categoria&quot;","block_context":{"text":"Sem categoria","link":"https:\/\/diretodasacristia.com\/home\/c\/sem-categoria\/"},"img":{"alt_text":"","src":"","width":0,"height":0},"classes":[]},{"id":2435,"url":"https:\/\/diretodasacristia.com\/home\/sem-categoria\/novo-bispo-de-petrolina-2\/","url_meta":{"origin":3447,"position":5},"title":"Novo Bispo de Petrolina","author":"E. Mar\u00e7al","date":"27 de julho de 2011","format":false,"excerpt":"Do boletim da Sala de Imprensa da Santa S\u00e9Ren\u00fancia do Bispo de Petrolina e nomea\u00e7\u00e3o do sucessorO Santo Padre aceitou a ren\u00fancia ao governo pastoral da diocese de Petrolina (Pernambuco) apresentado por S.E.R. Dom Paulo Cardoso da Silva, bispo professo da Ordem dos Carmelitas, em conformidade com o c\u00e2non 401\u2026","rel":"","context":"Em &quot;Sem categoria&quot;","block_context":{"text":"Sem categoria","link":"https:\/\/diretodasacristia.com\/home\/c\/sem-categoria\/"},"img":{"alt_text":"","src":"","width":0,"height":0},"classes":[]}],"post_mailing_queue_ids":[],"_links":{"self":[{"href":"https:\/\/diretodasacristia.com\/home\/wp-json\/wp\/v2\/posts\/3447","targetHints":{"allow":["GET"]}}],"collection":[{"href":"https:\/\/diretodasacristia.com\/home\/wp-json\/wp\/v2\/posts"}],"about":[{"href":"https:\/\/diretodasacristia.com\/home\/wp-json\/wp\/v2\/types\/post"}],"author":[{"embeddable":true,"href":"https:\/\/diretodasacristia.com\/home\/wp-json\/wp\/v2\/users\/3"}],"replies":[{"embeddable":true,"href":"https:\/\/diretodasacristia.com\/home\/wp-json\/wp\/v2\/comments?post=3447"}],"version-history":[{"count":9,"href":"https:\/\/diretodasacristia.com\/home\/wp-json\/wp\/v2\/posts\/3447\/revisions"}],"predecessor-version":[{"id":3455,"href":"https:\/\/diretodasacristia.com\/home\/wp-json\/wp\/v2\/posts\/3447\/revisions\/3455"}],"wp:attachment":[{"href":"https:\/\/diretodasacristia.com\/home\/wp-json\/wp\/v2\/media?parent=3447"}],"wp:term":[{"taxonomy":"category","embeddable":true,"href":"https:\/\/diretodasacristia.com\/home\/wp-json\/wp\/v2\/categories?post=3447"},{"taxonomy":"post_tag","embeddable":true,"href":"https:\/\/diretodasacristia.com\/home\/wp-json\/wp\/v2\/tags?post=3447"}],"curies":[{"name":"wp","href":"https:\/\/api.w.org\/{rel}","templated":true}]}}