{"id":3577,"date":"2012-10-11T22:00:26","date_gmt":"2012-10-12T01:00:26","guid":{"rendered":"http:\/\/diretodasacristia.com\/home\/?p=3577"},"modified":"2012-10-16T22:41:45","modified_gmt":"2012-10-17T01:41:45","slug":"a-solene-abertura","status":"publish","type":"post","link":"https:\/\/diretodasacristia.com\/home\/destaque\/a-solene-abertura\/","title":{"rendered":"A solene abertura"},"content":{"rendered":"<p style=\"text-align: right;\"><strong>[11 outubro 1962]<\/strong><\/p>\n<p style=\"text-align: justify;\">Com a presen\u00e7a de todo o clero secular e regular da Urbe, formando ala ao imponente cortejo do Episcopado do mundo inteiro, na presen\u00e7a de v\u00e1rias centenas de milhares de espectadores diretos e de milh\u00f5es de telespectadores da Europa e da Am\u00e9rica,<strong> ao som festivo dos sinos de Roma e dos sinos de todas as na\u00e7\u00f5es do mundo<\/strong>, num ambiente de intensa como\u00e7\u00e3o espiritual e de grande entusiasmo, \u00a0ap\u00f3s fervorosa novena ao Divino Esp\u00edrito Santo na qual participou toda a popula\u00e7\u00e3o cat\u00f3lica do globo, inaugurou-se solenemente, nesta manh\u00e3 do dia 11 de outubro de 1962, Festa da Maternidade Divina de Maria Sant\u00edssima, na Patriarcal Bas\u00edlica de S\u00e3o Pedro, no Vaticano, o XXI Conc\u00edlio Ecum\u00eanico, chamado Vaticano II, o Conc\u00edlio mais ecum\u00eanico da hist\u00f3ria da Igreja.<\/p>\n<p style=\"text-align: center;\"><a href=\"https:\/\/diretodasacristia.com\/home\/wp-content\/uploads\/2012\/10\/Prociss\u00e3o-inicial-Conc\u00edlio.jpg\"><img loading=\"lazy\" decoding=\"async\" class=\" wp-image-3591 aligncenter\" title=\"Prociss\u00e3o inicial Conc\u00edlio\" src=\"https:\/\/diretodasacristia.com\/home\/wp-content\/uploads\/2012\/10\/Prociss\u00e3o-inicial-Conc\u00edlio.jpg\" alt=\"\" width=\"602\" height=\"461\" srcset=\"https:\/\/diretodasacristia.com\/home\/wp-content\/uploads\/2012\/10\/Prociss\u00e3o-inicial-Conc\u00edlio.jpg 1004w, https:\/\/diretodasacristia.com\/home\/wp-content\/uploads\/2012\/10\/Prociss\u00e3o-inicial-Conc\u00edlio-300x229.jpg 300w\" sizes=\"auto, (max-width: 602px) 100vw, 602px\" \/><\/a><\/p>\n<p style=\"text-align: center;\"><a href=\"https:\/\/diretodasacristia.com\/home\/wp-content\/uploads\/2012\/10\/Bispos-abertura-Concilio.jpg\"><img loading=\"lazy\" decoding=\"async\" class=\" wp-image-3587 aligncenter\" title=\"Bispos abertura Concilio\" src=\"https:\/\/diretodasacristia.com\/home\/wp-content\/uploads\/2012\/10\/Bispos-abertura-Concilio-1024x673.jpg\" alt=\"\" width=\"614\" height=\"404\" srcset=\"https:\/\/diretodasacristia.com\/home\/wp-content\/uploads\/2012\/10\/Bispos-abertura-Concilio-1024x673.jpg 1024w, https:\/\/diretodasacristia.com\/home\/wp-content\/uploads\/2012\/10\/Bispos-abertura-Concilio-300x197.jpg 300w, https:\/\/diretodasacristia.com\/home\/wp-content\/uploads\/2012\/10\/Bispos-abertura-Concilio.jpg 1280w\" sizes=\"auto, (max-width: 614px) 100vw, 614px\" \/><\/a><\/p>\n<p style=\"text-align: center;\"><em>Revestidos de pluviais e mitras, os Bispos cat\u00f3licos assim estiveram presentes<br \/>\n\u00e0 Missa de abertura do Vaticano II\u00a0e durante a primeira Sess\u00e3o P\u00fablica\u00a0<\/em><\/p>\n<p style=\"text-align: justify;\">Segundo o programa previsto, 2.540 Padres Conciliares reuniram-se \u00e0s 8h30 no Vaticano para se paramentarem.Os Cardeais na Sala n\u00ba11 dos Apartamentos Borja; os Patriarcas na Sala n\u00ba1; os Arcebispos, Bispos e Abades no corredor vizinho. Depois dirigiram-se todos para a Sala Ducal, exceto os Cardeais, dispondo-se ordenadamente em fila para a grande prociss\u00e3o. Na Sala dos Paramentos, o Sumo Pont\u00edfice, assistido pelos Cardeais e dignit\u00e1rios da corte papal, revestiu-se dos paramentos sagrados e, acompanhado por todo o Col\u00e9gio Cardinal\u00edcio, encaminhou-se para a Capela Paulina. Ap\u00f3s a adora\u00e7\u00e3o ao Sant\u00edssimo Sacramento exposto, o Sumo Pont\u00edfice entoou o hino\u00a0<em>Ave, Maris Stella<\/em>, que foi cantado pelo coro. Depois da primeira estrofe, levantaram-se todos e a prociss\u00e3o p\u00f4s-se em movimento em dire\u00e7\u00e3o \u00e0 Bas\u00edlica de S\u00e3o Pedro.<\/p>\n<p style=\"text-align: justify;\">Solene e imponente prociss\u00e3o! 2.540 Bispos, provenientes de todos os continentes, representantes de todas as ra\u00e7as e de todas as cores. Longas filas majestosas no hieratismo das mitras e das capas brancas, deslocando-se por entre o clero e os fi\u00e9is para a grande Assembleia Conciliar, imagem viva da unidade e da vitalidade da Igreja de Cristo no mundo de hoje.<\/p>\n<p><center><iframe loading=\"lazy\" src=\"http:\/\/www.youtube.com\/embed\/9tGucp0Srd4?rel=0\" frameborder=\"0\" width=\"480\" height=\"360\"><\/iframe><\/center><\/p>\n<p style=\"text-align: justify;\">Entrando na Bas\u00edlica, os Padres Conciliares descobriam-se, inclinavam-se diante do altar central e ocupavam os respectivos lugares, esperando de p\u00e9 a entrada do Santo Padre. Ao entrar na Bas\u00edlica, o Papa desce da cadeira gestat\u00f3ria, descobre-se e se ajoelha no faldist\u00f3rio junto do altar e entoa o <em>Veni, Creator Spiritus<\/em>. Terminado o hino e ditas as ora\u00e7\u00f5es, teve lugar a celebra\u00e7\u00e3o do Santo Sacrif\u00edcio da Missa em honra do Esp\u00edrito Santo. Observou-se durante a missa o rito das solenes cerim\u00f4nias papais, omitindo-se, por\u00e9m, o ato de obedi\u00eancia por parte dos Cardeais e a homilia depois do evangelho.<\/p>\n<p style=\"text-align: justify;\">Ap\u00f3s a missa, teve in\u00edcio a primeira Sess\u00e3o do Conc\u00edlio. O Secret\u00e1rio-geral, com a cabe\u00e7a descoberta e acompanhado por um grupo de ac\u00f3litos, entronizou solenemente o Santo Evangelho na Aula (<strong>n.e.<\/strong> Sala) Conciliar, depositando-o num trono propositalmente preparado sobre o altar conciliar. Durante este tempo, o Santo Padre paramentou-se pontificalmente para o supremo exerc\u00edcio de sua autoridade. Teve, ent\u00e3o, lugar a cerim\u00f4nia de Obedi\u00eancia dos Padres Conciliares. Todos os Cardeais e Patriarcas beijam a m\u00e3o do Santo Padre. A seguir, dois Arcebispos e dois Bispos, representantes de todos os presentes, beijam o joelho direito do Sumo Pont\u00edfice. Finalmente, dois Abades e dois Superiores-gerais de Ordens religiosas, prostrando-se diante do trono papal, beijam o p\u00e9 direito do Santo Padre. O \u00faltimo a prestar obedi\u00eancia ao Sumo Pont\u00edfice foi o Secret\u00e1rio-geral do Conc\u00edlio.<\/p>\n<p style=\"text-align: justify;\">Terminada a Obedi\u00eancia dos Padres Conciliares, procedeu-se \u00e0 Profiss\u00e3o de F\u00e9. O Santo Padre ajoelhou-se no faldist\u00f3rio e, descoberto, pronunciou a solene Profiss\u00e3o de F\u00e9, retornando depois ao trono. O Secret\u00e1rio-geral, ent\u00e3o, leu para todos, em voz alta, a f\u00f3rmula do juramento, cuja conclus\u00e3o os Padres Conciliares pronunciaram todos juntos, com a m\u00e3o direita sobre o peito e depois a subscreveram.<\/p>\n<p style=\"text-align: justify;\">Seguiram-se as preces especiais, pr\u00f3prias para o in\u00edcio dos Conc\u00edlios:\u00a0<em>Adsumus, Domine<\/em>, a ant\u00edfona\u00a0<em>Exaudi nos, Domine<\/em> e a ora\u00e7\u00e3o\u00a0<em>Mentes nostras<\/em>. Foram cantadas imediatamente ap\u00f3s as Ladainhas de Todos os Santos, com a invoca\u00e7\u00e3o especial\u00a0<em>&#8220;ut hanc synodum benedicere&#8230; digneris&#8221;<\/em>. Depois da ora\u00e7\u00e3o\u00a0<em>Da quaesumus<\/em>, cantou-se o Evangelho em latim e em grego, cerim\u00f4nia que manifesta a unidade da Igreja e da f\u00e9 na variedade dos ritos e das l\u00ednguas. Seguiu-se uma s\u00faplica em rito oriental, tirada dos mais antigos textos lit\u00fargicos do Oriente,com invitat\u00f3rio, ladainhas e ant\u00edfonas e com uma ora\u00e7\u00e3o final que foi cantada em grego pelo Santo Padre.<\/p>\n<p style=\"text-align: center;\"><a href=\"https:\/\/diretodasacristia.com\/home\/wp-content\/uploads\/2012\/10\/Jo\u00e3o-XXIII-alocu\u00e7\u00e3o-Conc\u00edlio.jpg\"><img loading=\"lazy\" decoding=\"async\" class=\" wp-image-3589 aligncenter\" title=\"Jo\u00e3o XXIII alocu\u00e7\u00e3o Conc\u00edlio\" src=\"https:\/\/diretodasacristia.com\/home\/wp-content\/uploads\/2012\/10\/Jo\u00e3o-XXIII-alocu\u00e7\u00e3o-Conc\u00edlio.jpg\" alt=\"\" width=\"638\" height=\"412\" srcset=\"https:\/\/diretodasacristia.com\/home\/wp-content\/uploads\/2012\/10\/Jo\u00e3o-XXIII-alocu\u00e7\u00e3o-Conc\u00edlio.jpg 912w, https:\/\/diretodasacristia.com\/home\/wp-content\/uploads\/2012\/10\/Jo\u00e3o-XXIII-alocu\u00e7\u00e3o-Conc\u00edlio-300x193.jpg 300w\" sizes=\"auto, (max-width: 638px) 100vw, 638px\" \/><\/a><a href=\"https:\/\/diretodasacristia.com\/home\/wp-content\/uploads\/2012\/10\/Vista-geral-central-assembleia-conciliar.jpg\"><br \/>\n<\/a><\/p>\n<p style=\"text-align: justify;\">Encerrando o solene ato, o Papa proferiu do trono papal a Alocu\u00e7\u00e3o de abertura do Conc\u00edlio, que pode ser considerada como o programa de trabalho do Vaticano II. O Papa lembra a import\u00e2ncia dos Conc\u00edlios Ecum\u00eanicos na hist\u00f3ria da Igreja; analisa a origem, causas e oportunidade da celebra\u00e7\u00e3o deste novo Conc\u00edlio; indica claramente sua finalidade primordial: defesa e valoriza\u00e7\u00e3o da verdade, renova\u00e7\u00e3o espiritual da Igreja, adapta\u00e7\u00e3o de sua estrutura e de seus m\u00e9todos de a\u00e7\u00e3o \u00e0s exig\u00eancias do presente; chama a aten\u00e7\u00e3o para a maneira de difundir a verdade e reprimir os erros, para a necessidade de promover a uni\u00e3o da fam\u00edlia crist\u00e3 e de toda a fam\u00edlia humana em Cristo. Depois da alocu\u00e7\u00e3o, o Papa deu a B\u00ean\u00e7\u00e3o Apost\u00f3lica. Lida a f\u00f3rmula de concess\u00e3o da indulg\u00eancia, o Secret\u00e1rio do Conc\u00edlio, com o Evangelho nas m\u00e3os, anunciou aos presentes que a primeira Congrega\u00e7\u00e3o Geral se efetuaria no s\u00e1bado pr\u00f3ximo, \u00e0s 9 horas.<\/p>\n<p style=\"text-align: right;\">Frei Boaventura Kloppenburg, te\u00f3logo conciliar<\/p>\n<p style=\"text-align: center;\"><a href=\"https:\/\/diretodasacristia.com\/home\/wp-content\/uploads\/2012\/10\/Vista-geral-central-assembleia-conciliar.jpg\"><img loading=\"lazy\" decoding=\"async\" class=\"aligncenter\" title=\"Vista geral central assembleia conciliar\" src=\"https:\/\/diretodasacristia.com\/home\/wp-content\/uploads\/2012\/10\/Vista-geral-central-assembleia-conciliar.jpg\" alt=\"\" width=\"483\" height=\"461\" \/><\/a><\/p>\n","protected":false},"excerpt":{"rendered":"Inaugurou-se solenemente, nesta manh\u00e3 do dia 11 de outubro de 1962, Festa da Maternidade Divina de Maria Sant\u00edssima, na Patriarcal Bas\u00edlica de S\u00e3o Pedro, no Vaticano, o XXI Conc\u00edlio Ecum\u00eanico, chamado Vaticano II.","protected":false},"author":3,"featured_media":0,"comment_status":"open","ping_status":"open","sticky":false,"template":"","format":"standard","meta":{"jetpack_post_was_ever_published":false,"_jetpack_newsletter_access":"","_jetpack_dont_email_post_to_subs":false,"_jetpack_newsletter_tier_id":0,"_jetpack_memberships_contains_paywalled_content":false,"_jetpack_memberships_contains_paid_content":false,"_joinchat":[],"footnotes":"","jetpack_publicize_message":"","jetpack_publicize_feature_enabled":true,"jetpack_social_post_already_shared":false,"jetpack_social_options":{"image_generator_settings":{"template":"highway","default_image_id":0,"font":"","enabled":false},"version":2}},"categories":[385,37],"tags":[391,393,295,388,392],"class_list":["post-3577","post","type-post","status-publish","format-standard","hentry","category-cronicas-do-vaticano-ii","category-destaque","tag-abertura-do-concilio-vaticano-ii","tag-basilica-de-sao-pedro","tag-bispos-brasileiros","tag-joao-xxiii","tag-padres-conciliares"],"yoast_head":"<!-- This site is optimized with the Yoast SEO plugin v27.4 - https:\/\/yoast.com\/product\/yoast-seo-wordpress\/ -->\n<title>A solene abertura - Direto da Sacristia<\/title>\n<meta name=\"robots\" content=\"index, follow, max-snippet:-1, max-image-preview:large, max-video-preview:-1\" \/>\n<link rel=\"canonical\" href=\"https:\/\/diretodasacristia.com\/home\/destaque\/a-solene-abertura\/\" \/>\n<meta property=\"og:locale\" content=\"pt_BR\" \/>\n<meta property=\"og:type\" content=\"article\" \/>\n<meta property=\"og:title\" content=\"A solene abertura - Direto da Sacristia\" \/>\n<meta property=\"og:description\" content=\"Inaugurou-se solenemente, nesta manh\u00e3 do dia 11 de outubro de 1962, Festa da Maternidade Divina de Maria Sant\u00edssima, na Patriarcal Bas\u00edlica de S\u00e3o Pedro, no Vaticano, o XXI Conc\u00edlio Ecum\u00eanico, chamado Vaticano II.\" \/>\n<meta property=\"og:url\" content=\"https:\/\/diretodasacristia.com\/home\/destaque\/a-solene-abertura\/\" \/>\n<meta property=\"og:site_name\" content=\"Direto da Sacristia\" \/>\n<meta property=\"article:publisher\" content=\"https:\/\/www.facebook.com\/DiretoSacristia\" \/>\n<meta property=\"article:published_time\" content=\"2012-10-12T01:00:26+00:00\" \/>\n<meta property=\"article:modified_time\" content=\"2012-10-17T01:41:45+00:00\" \/>\n<meta property=\"og:image\" content=\"http:\/\/diretodasacristia.com\/home\/wp-content\/uploads\/2012\/10\/Bispos-abertura-Concilio-1024x673.jpg\" \/>\n<meta name=\"author\" content=\"E. Mar\u00e7al\" \/>\n<meta name=\"twitter:card\" content=\"summary_large_image\" \/>\n<meta name=\"twitter:creator\" content=\"@diretosacristia\" \/>\n<meta name=\"twitter:site\" content=\"@diretosacristia\" \/>\n<meta name=\"twitter:label1\" content=\"Escrito por\" \/>\n\t<meta name=\"twitter:data1\" content=\"E. Mar\u00e7al\" \/>\n\t<meta name=\"twitter:label2\" content=\"Est. tempo de leitura\" \/>\n\t<meta name=\"twitter:data2\" content=\"5 minutos\" \/>\n<script type=\"application\/ld+json\" class=\"yoast-schema-graph\">{\"@context\":\"https:\\\/\\\/schema.org\",\"@graph\":[{\"@type\":\"Article\",\"@id\":\"https:\\\/\\\/diretodasacristia.com\\\/home\\\/destaque\\\/a-solene-abertura\\\/#article\",\"isPartOf\":{\"@id\":\"https:\\\/\\\/diretodasacristia.com\\\/home\\\/destaque\\\/a-solene-abertura\\\/\"},\"author\":{\"name\":\"E. Mar\u00e7al\",\"@id\":\"https:\\\/\\\/diretodasacristia.com\\\/home\\\/#\\\/schema\\\/person\\\/3d453ef1f7d57c0bb0990b8070642721\"},\"headline\":\"A solene abertura\",\"datePublished\":\"2012-10-12T01:00:26+00:00\",\"dateModified\":\"2012-10-17T01:41:45+00:00\",\"mainEntityOfPage\":{\"@id\":\"https:\\\/\\\/diretodasacristia.com\\\/home\\\/destaque\\\/a-solene-abertura\\\/\"},\"wordCount\":1003,\"commentCount\":0,\"publisher\":{\"@id\":\"https:\\\/\\\/diretodasacristia.com\\\/home\\\/#organization\"},\"image\":{\"@id\":\"https:\\\/\\\/diretodasacristia.com\\\/home\\\/destaque\\\/a-solene-abertura\\\/#primaryimage\"},\"thumbnailUrl\":\"http:\\\/\\\/diretodasacristia.com\\\/home\\\/wp-content\\\/uploads\\\/2012\\\/10\\\/Bispos-abertura-Concilio-1024x673.jpg\",\"keywords\":[\"Abertura do Conc\u00edlio Vaticano II\",\"Bas\u00edlica de S\u00e3o Pedro\",\"Bispos brasileiros\",\"Jo\u00e3o XXIII\",\"Padres Conciliares\"],\"articleSection\":[\"Cr\u00f4nicas do Vaticano II\",\"Destaque\"],\"inLanguage\":\"pt-BR\",\"potentialAction\":[{\"@type\":\"CommentAction\",\"name\":\"Comment\",\"target\":[\"https:\\\/\\\/diretodasacristia.com\\\/home\\\/destaque\\\/a-solene-abertura\\\/#respond\"]}]},{\"@type\":\"WebPage\",\"@id\":\"https:\\\/\\\/diretodasacristia.com\\\/home\\\/destaque\\\/a-solene-abertura\\\/\",\"url\":\"https:\\\/\\\/diretodasacristia.com\\\/home\\\/destaque\\\/a-solene-abertura\\\/\",\"name\":\"A solene abertura - Direto da Sacristia\",\"isPartOf\":{\"@id\":\"https:\\\/\\\/diretodasacristia.com\\\/home\\\/#website\"},\"primaryImageOfPage\":{\"@id\":\"https:\\\/\\\/diretodasacristia.com\\\/home\\\/destaque\\\/a-solene-abertura\\\/#primaryimage\"},\"image\":{\"@id\":\"https:\\\/\\\/diretodasacristia.com\\\/home\\\/destaque\\\/a-solene-abertura\\\/#primaryimage\"},\"thumbnailUrl\":\"http:\\\/\\\/diretodasacristia.com\\\/home\\\/wp-content\\\/uploads\\\/2012\\\/10\\\/Bispos-abertura-Concilio-1024x673.jpg\",\"datePublished\":\"2012-10-12T01:00:26+00:00\",\"dateModified\":\"2012-10-17T01:41:45+00:00\",\"breadcrumb\":{\"@id\":\"https:\\\/\\\/diretodasacristia.com\\\/home\\\/destaque\\\/a-solene-abertura\\\/#breadcrumb\"},\"inLanguage\":\"pt-BR\",\"potentialAction\":[{\"@type\":\"ReadAction\",\"target\":[\"https:\\\/\\\/diretodasacristia.com\\\/home\\\/destaque\\\/a-solene-abertura\\\/\"]}]},{\"@type\":\"ImageObject\",\"inLanguage\":\"pt-BR\",\"@id\":\"https:\\\/\\\/diretodasacristia.com\\\/home\\\/destaque\\\/a-solene-abertura\\\/#primaryimage\",\"url\":\"http:\\\/\\\/diretodasacristia.com\\\/home\\\/wp-content\\\/uploads\\\/2012\\\/10\\\/Bispos-abertura-Concilio-1024x673.jpg\",\"contentUrl\":\"http:\\\/\\\/diretodasacristia.com\\\/home\\\/wp-content\\\/uploads\\\/2012\\\/10\\\/Bispos-abertura-Concilio-1024x673.jpg\"},{\"@type\":\"BreadcrumbList\",\"@id\":\"https:\\\/\\\/diretodasacristia.com\\\/home\\\/destaque\\\/a-solene-abertura\\\/#breadcrumb\",\"itemListElement\":[{\"@type\":\"ListItem\",\"position\":1,\"name\":\"In\u00edcio\",\"item\":\"https:\\\/\\\/diretodasacristia.com\\\/home\\\/\"},{\"@type\":\"ListItem\",\"position\":2,\"name\":\"A solene abertura\"}]},{\"@type\":\"WebSite\",\"@id\":\"https:\\\/\\\/diretodasacristia.com\\\/home\\\/#website\",\"url\":\"https:\\\/\\\/diretodasacristia.com\\\/home\\\/\",\"name\":\"Direto da Sacristia\",\"description\":\"Not\u00edcias e artigos sobre a f\u00e9 cat\u00f3lica\",\"publisher\":{\"@id\":\"https:\\\/\\\/diretodasacristia.com\\\/home\\\/#organization\"},\"potentialAction\":[{\"@type\":\"SearchAction\",\"target\":{\"@type\":\"EntryPoint\",\"urlTemplate\":\"https:\\\/\\\/diretodasacristia.com\\\/home\\\/?s={search_term_string}\"},\"query-input\":{\"@type\":\"PropertyValueSpecification\",\"valueRequired\":true,\"valueName\":\"search_term_string\"}}],\"inLanguage\":\"pt-BR\"},{\"@type\":\"Organization\",\"@id\":\"https:\\\/\\\/diretodasacristia.com\\\/home\\\/#organization\",\"name\":\"Direto da Sacristia\",\"url\":\"https:\\\/\\\/diretodasacristia.com\\\/home\\\/\",\"logo\":{\"@type\":\"ImageObject\",\"inLanguage\":\"pt-BR\",\"@id\":\"https:\\\/\\\/diretodasacristia.com\\\/home\\\/#\\\/schema\\\/logo\\\/image\\\/\",\"url\":\"https:\\\/\\\/i0.wp.com\\\/diretodasacristia.com\\\/home\\\/wp-content\\\/uploads\\\/2012\\\/01\\\/marca-sacristia.png?fit=320%2C306&ssl=1\",\"contentUrl\":\"https:\\\/\\\/i0.wp.com\\\/diretodasacristia.com\\\/home\\\/wp-content\\\/uploads\\\/2012\\\/01\\\/marca-sacristia.png?fit=320%2C306&ssl=1\",\"width\":\"320\",\"height\":\"306\",\"caption\":\"Direto da Sacristia\"},\"image\":{\"@id\":\"https:\\\/\\\/diretodasacristia.com\\\/home\\\/#\\\/schema\\\/logo\\\/image\\\/\"},\"sameAs\":[\"https:\\\/\\\/www.facebook.com\\\/DiretoSacristia\",\"https:\\\/\\\/x.com\\\/diretosacristia\",\"https:\\\/\\\/www.instagram.com\\\/diretodasacristia\\\/\",\"https:\\\/\\\/www.youtube.com\\\/diretodasacristia\"]},{\"@type\":\"Person\",\"@id\":\"https:\\\/\\\/diretodasacristia.com\\\/home\\\/#\\\/schema\\\/person\\\/3d453ef1f7d57c0bb0990b8070642721\",\"name\":\"E. Mar\u00e7al\",\"image\":{\"@type\":\"ImageObject\",\"inLanguage\":\"pt-BR\",\"@id\":\"https:\\\/\\\/secure.gravatar.com\\\/avatar\\\/348ff80a5ddde3de6c8b6e0c5b066b733f9245285d9ab87cd2e2ff652ffa95b0?s=96&d=mm&r=g\",\"url\":\"https:\\\/\\\/secure.gravatar.com\\\/avatar\\\/348ff80a5ddde3de6c8b6e0c5b066b733f9245285d9ab87cd2e2ff652ffa95b0?s=96&d=mm&r=g\",\"contentUrl\":\"https:\\\/\\\/secure.gravatar.com\\\/avatar\\\/348ff80a5ddde3de6c8b6e0c5b066b733f9245285d9ab87cd2e2ff652ffa95b0?s=96&d=mm&r=g\",\"caption\":\"E. Mar\u00e7al\"},\"url\":\"https:\\\/\\\/diretodasacristia.com\\\/home\\\/author\\\/erick\\\/\"}]}<\/script>\n<!-- \/ Yoast SEO plugin. -->","yoast_head_json":{"title":"A solene abertura - Direto da Sacristia","robots":{"index":"index","follow":"follow","max-snippet":"max-snippet:-1","max-image-preview":"max-image-preview:large","max-video-preview":"max-video-preview:-1"},"canonical":"https:\/\/diretodasacristia.com\/home\/destaque\/a-solene-abertura\/","og_locale":"pt_BR","og_type":"article","og_title":"A solene abertura - Direto da Sacristia","og_description":"Inaugurou-se solenemente, nesta manh\u00e3 do dia 11 de outubro de 1962, Festa da Maternidade Divina de Maria Sant\u00edssima, na Patriarcal Bas\u00edlica de S\u00e3o Pedro, no Vaticano, o XXI Conc\u00edlio Ecum\u00eanico, chamado Vaticano II.","og_url":"https:\/\/diretodasacristia.com\/home\/destaque\/a-solene-abertura\/","og_site_name":"Direto da Sacristia","article_publisher":"https:\/\/www.facebook.com\/DiretoSacristia","article_published_time":"2012-10-12T01:00:26+00:00","article_modified_time":"2012-10-17T01:41:45+00:00","og_image":[{"url":"http:\/\/diretodasacristia.com\/home\/wp-content\/uploads\/2012\/10\/Bispos-abertura-Concilio-1024x673.jpg","type":"","width":"","height":""}],"author":"E. Mar\u00e7al","twitter_card":"summary_large_image","twitter_creator":"@diretosacristia","twitter_site":"@diretosacristia","twitter_misc":{"Escrito por":"E. Mar\u00e7al","Est. tempo de leitura":"5 minutos"},"schema":{"@context":"https:\/\/schema.org","@graph":[{"@type":"Article","@id":"https:\/\/diretodasacristia.com\/home\/destaque\/a-solene-abertura\/#article","isPartOf":{"@id":"https:\/\/diretodasacristia.com\/home\/destaque\/a-solene-abertura\/"},"author":{"name":"E. Mar\u00e7al","@id":"https:\/\/diretodasacristia.com\/home\/#\/schema\/person\/3d453ef1f7d57c0bb0990b8070642721"},"headline":"A solene abertura","datePublished":"2012-10-12T01:00:26+00:00","dateModified":"2012-10-17T01:41:45+00:00","mainEntityOfPage":{"@id":"https:\/\/diretodasacristia.com\/home\/destaque\/a-solene-abertura\/"},"wordCount":1003,"commentCount":0,"publisher":{"@id":"https:\/\/diretodasacristia.com\/home\/#organization"},"image":{"@id":"https:\/\/diretodasacristia.com\/home\/destaque\/a-solene-abertura\/#primaryimage"},"thumbnailUrl":"http:\/\/diretodasacristia.com\/home\/wp-content\/uploads\/2012\/10\/Bispos-abertura-Concilio-1024x673.jpg","keywords":["Abertura do Conc\u00edlio Vaticano II","Bas\u00edlica de S\u00e3o Pedro","Bispos brasileiros","Jo\u00e3o XXIII","Padres Conciliares"],"articleSection":["Cr\u00f4nicas do Vaticano II","Destaque"],"inLanguage":"pt-BR","potentialAction":[{"@type":"CommentAction","name":"Comment","target":["https:\/\/diretodasacristia.com\/home\/destaque\/a-solene-abertura\/#respond"]}]},{"@type":"WebPage","@id":"https:\/\/diretodasacristia.com\/home\/destaque\/a-solene-abertura\/","url":"https:\/\/diretodasacristia.com\/home\/destaque\/a-solene-abertura\/","name":"A solene abertura - Direto da Sacristia","isPartOf":{"@id":"https:\/\/diretodasacristia.com\/home\/#website"},"primaryImageOfPage":{"@id":"https:\/\/diretodasacristia.com\/home\/destaque\/a-solene-abertura\/#primaryimage"},"image":{"@id":"https:\/\/diretodasacristia.com\/home\/destaque\/a-solene-abertura\/#primaryimage"},"thumbnailUrl":"http:\/\/diretodasacristia.com\/home\/wp-content\/uploads\/2012\/10\/Bispos-abertura-Concilio-1024x673.jpg","datePublished":"2012-10-12T01:00:26+00:00","dateModified":"2012-10-17T01:41:45+00:00","breadcrumb":{"@id":"https:\/\/diretodasacristia.com\/home\/destaque\/a-solene-abertura\/#breadcrumb"},"inLanguage":"pt-BR","potentialAction":[{"@type":"ReadAction","target":["https:\/\/diretodasacristia.com\/home\/destaque\/a-solene-abertura\/"]}]},{"@type":"ImageObject","inLanguage":"pt-BR","@id":"https:\/\/diretodasacristia.com\/home\/destaque\/a-solene-abertura\/#primaryimage","url":"http:\/\/diretodasacristia.com\/home\/wp-content\/uploads\/2012\/10\/Bispos-abertura-Concilio-1024x673.jpg","contentUrl":"http:\/\/diretodasacristia.com\/home\/wp-content\/uploads\/2012\/10\/Bispos-abertura-Concilio-1024x673.jpg"},{"@type":"BreadcrumbList","@id":"https:\/\/diretodasacristia.com\/home\/destaque\/a-solene-abertura\/#breadcrumb","itemListElement":[{"@type":"ListItem","position":1,"name":"In\u00edcio","item":"https:\/\/diretodasacristia.com\/home\/"},{"@type":"ListItem","position":2,"name":"A solene abertura"}]},{"@type":"WebSite","@id":"https:\/\/diretodasacristia.com\/home\/#website","url":"https:\/\/diretodasacristia.com\/home\/","name":"Direto da Sacristia","description":"Not\u00edcias e artigos sobre a f\u00e9 cat\u00f3lica","publisher":{"@id":"https:\/\/diretodasacristia.com\/home\/#organization"},"potentialAction":[{"@type":"SearchAction","target":{"@type":"EntryPoint","urlTemplate":"https:\/\/diretodasacristia.com\/home\/?s={search_term_string}"},"query-input":{"@type":"PropertyValueSpecification","valueRequired":true,"valueName":"search_term_string"}}],"inLanguage":"pt-BR"},{"@type":"Organization","@id":"https:\/\/diretodasacristia.com\/home\/#organization","name":"Direto da Sacristia","url":"https:\/\/diretodasacristia.com\/home\/","logo":{"@type":"ImageObject","inLanguage":"pt-BR","@id":"https:\/\/diretodasacristia.com\/home\/#\/schema\/logo\/image\/","url":"https:\/\/i0.wp.com\/diretodasacristia.com\/home\/wp-content\/uploads\/2012\/01\/marca-sacristia.png?fit=320%2C306&ssl=1","contentUrl":"https:\/\/i0.wp.com\/diretodasacristia.com\/home\/wp-content\/uploads\/2012\/01\/marca-sacristia.png?fit=320%2C306&ssl=1","width":"320","height":"306","caption":"Direto da Sacristia"},"image":{"@id":"https:\/\/diretodasacristia.com\/home\/#\/schema\/logo\/image\/"},"sameAs":["https:\/\/www.facebook.com\/DiretoSacristia","https:\/\/x.com\/diretosacristia","https:\/\/www.instagram.com\/diretodasacristia\/","https:\/\/www.youtube.com\/diretodasacristia"]},{"@type":"Person","@id":"https:\/\/diretodasacristia.com\/home\/#\/schema\/person\/3d453ef1f7d57c0bb0990b8070642721","name":"E. Mar\u00e7al","image":{"@type":"ImageObject","inLanguage":"pt-BR","@id":"https:\/\/secure.gravatar.com\/avatar\/348ff80a5ddde3de6c8b6e0c5b066b733f9245285d9ab87cd2e2ff652ffa95b0?s=96&d=mm&r=g","url":"https:\/\/secure.gravatar.com\/avatar\/348ff80a5ddde3de6c8b6e0c5b066b733f9245285d9ab87cd2e2ff652ffa95b0?s=96&d=mm&r=g","contentUrl":"https:\/\/secure.gravatar.com\/avatar\/348ff80a5ddde3de6c8b6e0c5b066b733f9245285d9ab87cd2e2ff652ffa95b0?s=96&d=mm&r=g","caption":"E. Mar\u00e7al"},"url":"https:\/\/diretodasacristia.com\/home\/author\/erick\/"}]}},"jetpack_publicize_connections":[],"jetpack_featured_media_url":"","jetpack_sharing_enabled":true,"jetpack_shortlink":"https:\/\/wp.me\/p24aG7-VH","jetpack-related-posts":[{"id":3605,"url":"https:\/\/diretodasacristia.com\/home\/bento-xvi\/1962-11-outubro-2012\/","url_meta":{"origin":3577,"position":0},"title":"1962 &#8211; 11 outubro &#8211; 2012","author":"E. Mar\u00e7al","date":"11 de outubro de 2012","format":false,"excerpt":"Para comemorar os 50 anos da abertura do Conc\u00edlio Vaticano II, a A\u00e7\u00e3o Cat\u00f3lica Italiana organizou uma prociss\u00e3o luminosa nesta noite de 11 de outubro. Milhares de pessoas preencheram a Pra\u00e7a de S\u00e3o Pedro, tal como h\u00e1 50 anos.","rel":"","context":"Em &quot;Bento XVI&quot;","block_context":{"text":"Bento XVI","link":"https:\/\/diretodasacristia.com\/home\/c\/bento-xvi\/"},"img":{"alt_text":"","src":"https:\/\/i0.wp.com\/diretodasacristia.com\/home\/wp-content\/uploads\/2012\/10\/1962-11-outubro-2012-1024x362.jpg?resize=350%2C200","width":350,"height":200,"srcset":"https:\/\/i0.wp.com\/diretodasacristia.com\/home\/wp-content\/uploads\/2012\/10\/1962-11-outubro-2012-1024x362.jpg?resize=350%2C200 1x, https:\/\/i0.wp.com\/diretodasacristia.com\/home\/wp-content\/uploads\/2012\/10\/1962-11-outubro-2012-1024x362.jpg?resize=525%2C300 1.5x, https:\/\/i0.wp.com\/diretodasacristia.com\/home\/wp-content\/uploads\/2012\/10\/1962-11-outubro-2012-1024x362.jpg?resize=700%2C400 2x"},"classes":[]},{"id":3643,"url":"https:\/\/diretodasacristia.com\/home\/cronicas-do-vaticano-ii\/a-sala-conciliar-na-basilica-vaticana\/","url_meta":{"origin":3577,"position":1},"title":"A Sala Conciliar na Bas\u00edlica Vaticana","author":"E. Mar\u00e7al","date":"13 de outubro de 2012","format":false,"excerpt":"A prepara\u00e7\u00e3o da Aula Conciliar levou em conta dois dados fundamentais: as sess\u00f5es conciliares dever\u00e3o realizar-se na Bas\u00edlica de S\u00e3o Pedro; o n\u00famero dos Padres Conciliares que tomar\u00e3o parte nas reuni\u00f5es pode ser de cerca de 2.500. \u00d3bvias necessidades de espa\u00e7o sugeriram que se utilizasse a nave central da Bas\u00edlica,\u2026","rel":"","context":"Em &quot;Cr\u00f4nicas do Vaticano II&quot;","block_context":{"text":"Cr\u00f4nicas do Vaticano II","link":"https:\/\/diretodasacristia.com\/home\/c\/cronicas-do-vaticano-ii\/"},"img":{"alt_text":"","src":"https:\/\/i0.wp.com\/diretodasacristia.com\/home\/wp-content\/uploads\/2012\/10\/Ressurrei%C3%A7%C3%A3o-tapete-Vaticano.jpg?resize=350%2C200","width":350,"height":200,"srcset":"https:\/\/i0.wp.com\/diretodasacristia.com\/home\/wp-content\/uploads\/2012\/10\/Ressurrei%C3%A7%C3%A3o-tapete-Vaticano.jpg?resize=350%2C200 1x, https:\/\/i0.wp.com\/diretodasacristia.com\/home\/wp-content\/uploads\/2012\/10\/Ressurrei%C3%A7%C3%A3o-tapete-Vaticano.jpg?resize=525%2C300 1.5x"},"classes":[]},{"id":3578,"url":"https:\/\/diretodasacristia.com\/home\/cronicas-do-vaticano-ii\/o-discurso-da-lua\/","url_meta":{"origin":3577,"position":2},"title":"O discurso da Lua","author":"E. Mar\u00e7al","date":"11 de outubro de 2012","format":false,"excerpt":"[Noite do dia 11 outubro 1962] \u00a0 \u00a0 Os Padres Conciliares ingressaram na Bas\u00edlica de S\u00e3o Pedro e a \u00faltima cena que restou aos olhos dos fi\u00e9is que lotavam a Pra\u00e7a S\u00e3o Pedro foi das pesadas Portas de Bronze se fechando. Mesmo encerrada a cerim\u00f4nia de inaugura\u00e7\u00e3o do Conc\u00edlio, a\u2026","rel":"","context":"Em &quot;Cr\u00f4nicas do Vaticano II&quot;","block_context":{"text":"Cr\u00f4nicas do Vaticano II","link":"https:\/\/diretodasacristia.com\/home\/c\/cronicas-do-vaticano-ii\/"},"img":{"alt_text":"","src":"","width":0,"height":0},"classes":[]},{"id":2532,"url":"https:\/\/diretodasacristia.com\/home\/sem-categoria\/calendario-das-cerimonias-pontificias-outubro-novembro\/","url_meta":{"origin":3577,"position":3},"title":"Calend\u00e1rio das cerim\u00f4nias pontif\u00edcias outubro-novembro","author":"E. Mar\u00e7al","date":"13 de setembro de 2010","format":false,"excerpt":"Do boletim da Sala de Imprensa da Santa S\u00e9 Calend\u00e1rio das celebra\u00e7\u00f5es presididas pelo Santo Padre Bento XVIoutubro - novembro 2010 Outubro Dia 03 - Domingo XXVII Domingo \"per annum\" (do Tempo Comum) Catedral de PalermoVisita pastoral a Palermo na ocasi\u00e3o do Encontro Regional das Fam\u00edlia e dos Jovens Dia\u2026","rel":"","context":"Em &quot;Sem categoria&quot;","block_context":{"text":"Sem categoria","link":"https:\/\/diretodasacristia.com\/home\/c\/sem-categoria\/"},"img":{"alt_text":"","src":"","width":0,"height":0},"classes":[]},{"id":3617,"url":"https:\/\/diretodasacristia.com\/home\/cronicas-do-vaticano-ii\/informacoes-dos-padres-conciliares\/","url_meta":{"origin":3577,"position":4},"title":"Informa\u00e7\u00f5es dos Padres Conciliares","author":"E. Mar\u00e7al","date":"13 de outubro de 2012","format":false,"excerpt":"H\u00e1 entre eles velhos, muito velhos, na boa idade, jovens e muito jovens. H\u00e1 Bispos pobres e paup\u00e9rrimos, h\u00e1 ricos e riqu\u00edssimos. Bispos cultos e inteligentes, universalmente celebrados por seus profundos estudos eclesi\u00e1sticos e Pastores que constantemente se ocupam com gente nem mesmo alfabetizada.","rel":"","context":"Em &quot;Cr\u00f4nicas do Vaticano II&quot;","block_context":{"text":"Cr\u00f4nicas do Vaticano II","link":"https:\/\/diretodasacristia.com\/home\/c\/cronicas-do-vaticano-ii\/"},"img":{"alt_text":"","src":"https:\/\/i0.wp.com\/diretodasacristia.com\/home\/wp-content\/uploads\/2012\/10\/Cardeal-Rugambwa.jpg?resize=350%2C200","width":350,"height":200},"classes":[]},{"id":3638,"url":"https:\/\/diretodasacristia.com\/home\/cronicas-do-vaticano-ii\/1a-congregacao-geral-eleicao-das-comissoes\/","url_meta":{"origin":3577,"position":5},"title":"1\u00aa Congrega\u00e7\u00e3o Geral: Elei\u00e7\u00e3o das Comiss\u00f5es","author":"E. Mar\u00e7al","date":"13 de outubro de 2012","format":false,"excerpt":"Com rela\u00e7\u00e3o \u00e0 Santa Missa, celebrada todas as manh\u00e3s na Aula Conciliar, antes da Congrega\u00e7\u00e3o Geral [...]: a Missa \u00e9 celebrada sempre com o altar \"versus populum\"; \u00e9 dialogada.","rel":"","context":"Em &quot;Cr\u00f4nicas do Vaticano II&quot;","block_context":{"text":"Cr\u00f4nicas do Vaticano II","link":"https:\/\/diretodasacristia.com\/home\/c\/cronicas-do-vaticano-ii\/"},"img":{"alt_text":"","src":"https:\/\/i0.wp.com\/diretodasacristia.com\/home\/wp-content\/uploads\/2012\/10\/Ermenegildo-Florit-Arcebispo-Floren%C3%A7a-Missa-13.10.1962.jpg?resize=350%2C200","width":350,"height":200},"classes":[]}],"post_mailing_queue_ids":[],"_links":{"self":[{"href":"https:\/\/diretodasacristia.com\/home\/wp-json\/wp\/v2\/posts\/3577","targetHints":{"allow":["GET"]}}],"collection":[{"href":"https:\/\/diretodasacristia.com\/home\/wp-json\/wp\/v2\/posts"}],"about":[{"href":"https:\/\/diretodasacristia.com\/home\/wp-json\/wp\/v2\/types\/post"}],"author":[{"embeddable":true,"href":"https:\/\/diretodasacristia.com\/home\/wp-json\/wp\/v2\/users\/3"}],"replies":[{"embeddable":true,"href":"https:\/\/diretodasacristia.com\/home\/wp-json\/wp\/v2\/comments?post=3577"}],"version-history":[{"count":11,"href":"https:\/\/diretodasacristia.com\/home\/wp-json\/wp\/v2\/posts\/3577\/revisions"}],"predecessor-version":[{"id":3596,"href":"https:\/\/diretodasacristia.com\/home\/wp-json\/wp\/v2\/posts\/3577\/revisions\/3596"}],"wp:attachment":[{"href":"https:\/\/diretodasacristia.com\/home\/wp-json\/wp\/v2\/media?parent=3577"}],"wp:term":[{"taxonomy":"category","embeddable":true,"href":"https:\/\/diretodasacristia.com\/home\/wp-json\/wp\/v2\/categories?post=3577"},{"taxonomy":"post_tag","embeddable":true,"href":"https:\/\/diretodasacristia.com\/home\/wp-json\/wp\/v2\/tags?post=3577"}],"curies":[{"name":"wp","href":"https:\/\/api.w.org\/{rel}","templated":true}]}}