{"id":3605,"date":"2012-10-11T23:30:06","date_gmt":"2012-10-12T02:30:06","guid":{"rendered":"http:\/\/diretodasacristia.com\/home\/?p=3605"},"modified":"2012-10-12T14:01:45","modified_gmt":"2012-10-12T17:01:45","slug":"1962-11-outubro-2012","status":"publish","type":"post","link":"https:\/\/diretodasacristia.com\/home\/bento-xvi\/1962-11-outubro-2012\/","title":{"rendered":"1962 &#8211; 11 outubro &#8211; 2012"},"content":{"rendered":"<p style=\"text-align: center;\"><a href=\"https:\/\/diretodasacristia.com\/home\/wp-content\/uploads\/2012\/10\/1962-11-outubro-2012.jpg\"><img loading=\"lazy\" decoding=\"async\" class=\" wp-image-3608 aligncenter\" title=\"1962 - 11 outubro - 2012\" src=\"https:\/\/diretodasacristia.com\/home\/wp-content\/uploads\/2012\/10\/1962-11-outubro-2012-1024x362.jpg\" alt=\"\" width=\"819\" height=\"290\" srcset=\"https:\/\/diretodasacristia.com\/home\/wp-content\/uploads\/2012\/10\/1962-11-outubro-2012-1024x362.jpg 1024w, https:\/\/diretodasacristia.com\/home\/wp-content\/uploads\/2012\/10\/1962-11-outubro-2012-300x106.jpg 300w, https:\/\/diretodasacristia.com\/home\/wp-content\/uploads\/2012\/10\/1962-11-outubro-2012.jpg 1691w\" sizes=\"auto, (max-width: 819px) 100vw, 819px\" \/><\/a><\/p>\n<p style=\"text-align: center;\"><em>O mesmo gesto de fi\u00e9is cat\u00f3licos separado por 50 anos<\/em><\/p>\n<p style=\"text-align: justify;\">Para comemorar os 50 anos da abertura do Conc\u00edlio Vaticano II, a A\u00e7\u00e3o Cat\u00f3lica Italiana organizou uma prociss\u00e3o luminosa nesta noite de 11 de outubro. Milhares de pessoas preencheram a Pra\u00e7a de S\u00e3o Pedro, <a href=\"https:\/\/diretodasacristia.com\/home\/cronicas-do-vaticano-ii\/o-discurso-da-lua\/\" target=\"_blank\">tal como h\u00e1 50 anos<\/a>.<\/p>\n<p style=\"text-align: justify;\">O mesmo gesto \u00e9 separado pelo arco de 5 d\u00e9cadas. De um lado, Jo\u00e3o XXIII; do outro, Bento XVI.<br \/>\nMas, a mesma Pra\u00e7a e diante da mesma Bas\u00edlica<\/p>\n<p style=\"text-align: justify;\">Em 1962, a Igreja desejava acompanhar o mundo em suas mudan\u00e7as aceleradas;<br \/>\nem 2012, muitos ainda n\u00e3o compreenderam os textos do Conc\u00edlio.<br \/>\nMas, h\u00e1 sinais de esperan\u00e7a.<\/p>\n<p style=\"text-align: justify;\">E a Lua testemunhou os dois fatos quase em sua mesma fase: l\u00e1,\u00a0<em>luna piena<\/em>; c\u00e1,\u00a0<em>ultimo quarto<\/em>.<\/p>\n<p style=\"text-align: center;\"><a href=\"https:\/\/diretodasacristia.com\/home\/wp-content\/uploads\/2012\/10\/Bento-XVI-11-outubro-Vaticano.jpg\"><img loading=\"lazy\" decoding=\"async\" class=\" wp-image-3607 aligncenter\" title=\"Bento XVI 11 outubro Vaticano\" src=\"https:\/\/diretodasacristia.com\/home\/wp-content\/uploads\/2012\/10\/Bento-XVI-11-outubro-Vaticano.jpg\" alt=\"\" width=\"504\" height=\"326\" \/><\/a><\/p>\n<p style=\"text-align: center;\"><em>N\u00e3o s\u00f3 em algumas palavras mas tamb\u00e9m de onde apareceu, Bento XVI lembrou Jo\u00e3o XXIII<\/em><\/p>\n<p style=\"text-align: center;\"><a href=\"https:\/\/diretodasacristia.com\/home\/wp-content\/uploads\/2012\/10\/Bispos-noite-11-outubro-Vaticano.jpg\"><br \/>\n<\/a><\/p>\n<p style=\"text-align: justify;\">Bento XVI foi mais &#8211; digamos &#8211; duro do que Jo\u00e3o XXIII em suas palavras, ao n\u00e3o medi-las quando denunciou o sempre presente cen\u00e1rio da Igreja:<\/p>\n<p style=\"text-align: justify;\">&#8220;Nestes 50 anos aprendemos e experimentamos que o pecado original existe e se traduz em pecados pessoais, que podem se tornar estruturas de pecado, <strong>visto que na seara do Senhor existe tamb\u00e9m o joio, que na rede de Pedro existem tamb\u00e9m peixes que n\u00e3o prestam<\/strong>, que a fragilidade humana est\u00e1 presente tamb\u00e9m na Igreja, <strong>que a nave da Igreja est\u00e1 navegando com vento contr\u00e1rio, com amea\u00e7as contr\u00e1rias<\/strong>. E <strong>algumas vezes pensamos o Senhor dorme e nos esqueceu<\/strong>. Mas tamb\u00e9m fizemos experi\u00eancia da presen\u00e7a do Senhor, de sua bondade, de sua presen\u00e7a: o fogo de Cristo n\u00e3o \u00e9 devorador nem destruidor, \u00e9 um fogo silencioso, uma pequena chama de bondade. <strong>O Senhor n\u00e3o se esquece<\/strong>, seu jeito \u00e9 humilde, o Senhor est\u00e1 presente, d\u00e1 calor aos cora\u00e7\u00f5es, cria carismas de bondade e caridade que iluminam o mundo e s\u00e3o para n\u00f3s garantia da bondade de Deus. Sim, Cristo vive conosco e podemos ser felizes tamb\u00e9m hoje. E no final, ouso fazer minhas as palavras inesquec\u00edveis do Papa Jo\u00e3o XXIII: &#8216;Voltando para casa fazei um gesto de carinho \u00e0s crian\u00e7as e dizei que \u00e9 o gesto de carinho do Papa'&#8221;.<\/p>\n<p style=\"text-align: right;\">Da <a href=\"http:\/\/pt.radiovaticana.va\/bra\/Articolo.asp?c=629231\" target=\"_blank\">R\u00e1dio Vaticano<\/a>.<br \/>\nFotos da\u00a0<em><a href=\"https:\/\/www.facebook.com\/media\/set\/?set=a.296031030502416.57491.126836880755166&amp;type=1\" target=\"_blank\">fanpage<\/a><\/em><a href=\"https:\/\/www.facebook.com\/media\/set\/?set=a.296031030502416.57491.126836880755166&amp;type=1\" target=\"_blank\"> do informativo Roma Sette<\/a><\/p>\n<p style=\"text-align: center;\"><a href=\"https:\/\/diretodasacristia.com\/home\/wp-content\/uploads\/2012\/10\/Bispos-noite-11-outubro-Vaticano.jpg\"><img loading=\"lazy\" decoding=\"async\" class=\"aligncenter\" title=\"Bispos noite 11 outubro Vaticano\" src=\"https:\/\/diretodasacristia.com\/home\/wp-content\/uploads\/2012\/10\/Bispos-noite-11-outubro-Vaticano.jpg\" alt=\"\" width=\"630\" height=\"419\" \/><\/a><\/p>\n<p style=\"text-align: center;\"><em>A prociss\u00e3o luminosa iniciou-se \u00e0s 19h30 locais, partindo do Castelo<\/em> Sant&#8217;Angelo<em> com destino \u00e0 Pra\u00e7a de S\u00e3o Pedro<\/em><\/p>\n","protected":false},"excerpt":{"rendered":"Para comemorar os 50 anos da abertura do Conc\u00edlio Vaticano II, a A\u00e7\u00e3o Cat\u00f3lica Italiana organizou uma prociss\u00e3o luminosa nesta noite de 11 de outubro. Milhares de pessoas preencheram a Pra\u00e7a de S\u00e3o Pedro, tal como h\u00e1 50 anos.","protected":false},"author":3,"featured_media":0,"comment_status":"open","ping_status":"open","sticky":false,"template":"","format":"standard","meta":{"jetpack_post_was_ever_published":false,"_jetpack_newsletter_access":"","_jetpack_dont_email_post_to_subs":false,"_jetpack_newsletter_tier_id":0,"_jetpack_memberships_contains_paywalled_content":false,"_jetpack_memberships_contains_paid_content":false,"_joinchat":[],"footnotes":"","jetpack_publicize_message":"","jetpack_publicize_feature_enabled":true,"jetpack_social_post_already_shared":false,"jetpack_social_options":{"image_generator_settings":{"template":"highway","default_image_id":0,"font":"","enabled":false},"version":2}},"categories":[6,24],"tags":[390,389],"class_list":["post-3605","post","type-post","status-publish","format-standard","hentry","category-bento-xvi","category-noticias","tag-11-outubro","tag-discurso-da-lua"],"yoast_head":"<!-- This site is optimized with the Yoast SEO plugin v27.4 - https:\/\/yoast.com\/product\/yoast-seo-wordpress\/ -->\n<title>1962 - 11 outubro - 2012 - Direto da Sacristia<\/title>\n<meta name=\"robots\" content=\"index, follow, max-snippet:-1, max-image-preview:large, max-video-preview:-1\" \/>\n<link rel=\"canonical\" href=\"https:\/\/diretodasacristia.com\/home\/bento-xvi\/1962-11-outubro-2012\/\" \/>\n<meta property=\"og:locale\" content=\"pt_BR\" \/>\n<meta property=\"og:type\" content=\"article\" \/>\n<meta property=\"og:title\" content=\"1962 - 11 outubro - 2012 - Direto da Sacristia\" \/>\n<meta property=\"og:description\" content=\"Para comemorar os 50 anos da abertura do Conc\u00edlio Vaticano II, a A\u00e7\u00e3o Cat\u00f3lica Italiana organizou uma prociss\u00e3o luminosa nesta noite de 11 de outubro. Milhares de pessoas preencheram a Pra\u00e7a de S\u00e3o Pedro, tal como h\u00e1 50 anos.\" \/>\n<meta property=\"og:url\" content=\"https:\/\/diretodasacristia.com\/home\/bento-xvi\/1962-11-outubro-2012\/\" \/>\n<meta property=\"og:site_name\" content=\"Direto da Sacristia\" \/>\n<meta property=\"article:publisher\" content=\"https:\/\/www.facebook.com\/DiretoSacristia\" \/>\n<meta property=\"article:published_time\" content=\"2012-10-12T02:30:06+00:00\" \/>\n<meta property=\"article:modified_time\" content=\"2012-10-12T17:01:45+00:00\" \/>\n<meta property=\"og:image\" content=\"http:\/\/diretodasacristia.com\/home\/wp-content\/uploads\/2012\/10\/1962-11-outubro-2012-1024x362.jpg\" \/>\n<meta name=\"author\" content=\"E. Mar\u00e7al\" \/>\n<meta name=\"twitter:card\" content=\"summary_large_image\" \/>\n<meta name=\"twitter:creator\" content=\"@diretosacristia\" \/>\n<meta name=\"twitter:site\" content=\"@diretosacristia\" \/>\n<meta name=\"twitter:label1\" content=\"Escrito por\" \/>\n\t<meta name=\"twitter:data1\" content=\"E. Mar\u00e7al\" \/>\n\t<meta name=\"twitter:label2\" content=\"Est. tempo de leitura\" \/>\n\t<meta name=\"twitter:data2\" content=\"2 minutos\" \/>\n<script type=\"application\/ld+json\" class=\"yoast-schema-graph\">{\"@context\":\"https:\\\/\\\/schema.org\",\"@graph\":[{\"@type\":\"Article\",\"@id\":\"https:\\\/\\\/diretodasacristia.com\\\/home\\\/bento-xvi\\\/1962-11-outubro-2012\\\/#article\",\"isPartOf\":{\"@id\":\"https:\\\/\\\/diretodasacristia.com\\\/home\\\/bento-xvi\\\/1962-11-outubro-2012\\\/\"},\"author\":{\"name\":\"E. Mar\u00e7al\",\"@id\":\"https:\\\/\\\/diretodasacristia.com\\\/home\\\/#\\\/schema\\\/person\\\/3d453ef1f7d57c0bb0990b8070642721\"},\"headline\":\"1962 &#8211; 11 outubro &#8211; 2012\",\"datePublished\":\"2012-10-12T02:30:06+00:00\",\"dateModified\":\"2012-10-12T17:01:45+00:00\",\"mainEntityOfPage\":{\"@id\":\"https:\\\/\\\/diretodasacristia.com\\\/home\\\/bento-xvi\\\/1962-11-outubro-2012\\\/\"},\"wordCount\":415,\"commentCount\":0,\"publisher\":{\"@id\":\"https:\\\/\\\/diretodasacristia.com\\\/home\\\/#organization\"},\"image\":{\"@id\":\"https:\\\/\\\/diretodasacristia.com\\\/home\\\/bento-xvi\\\/1962-11-outubro-2012\\\/#primaryimage\"},\"thumbnailUrl\":\"http:\\\/\\\/diretodasacristia.com\\\/home\\\/wp-content\\\/uploads\\\/2012\\\/10\\\/1962-11-outubro-2012-1024x362.jpg\",\"keywords\":[\"11 outubro\",\"Discurso da Lua\"],\"articleSection\":[\"Bento XVI\",\"Not\u00edcias\"],\"inLanguage\":\"pt-BR\",\"potentialAction\":[{\"@type\":\"CommentAction\",\"name\":\"Comment\",\"target\":[\"https:\\\/\\\/diretodasacristia.com\\\/home\\\/bento-xvi\\\/1962-11-outubro-2012\\\/#respond\"]}]},{\"@type\":\"WebPage\",\"@id\":\"https:\\\/\\\/diretodasacristia.com\\\/home\\\/bento-xvi\\\/1962-11-outubro-2012\\\/\",\"url\":\"https:\\\/\\\/diretodasacristia.com\\\/home\\\/bento-xvi\\\/1962-11-outubro-2012\\\/\",\"name\":\"1962 - 11 outubro - 2012 - Direto da Sacristia\",\"isPartOf\":{\"@id\":\"https:\\\/\\\/diretodasacristia.com\\\/home\\\/#website\"},\"primaryImageOfPage\":{\"@id\":\"https:\\\/\\\/diretodasacristia.com\\\/home\\\/bento-xvi\\\/1962-11-outubro-2012\\\/#primaryimage\"},\"image\":{\"@id\":\"https:\\\/\\\/diretodasacristia.com\\\/home\\\/bento-xvi\\\/1962-11-outubro-2012\\\/#primaryimage\"},\"thumbnailUrl\":\"http:\\\/\\\/diretodasacristia.com\\\/home\\\/wp-content\\\/uploads\\\/2012\\\/10\\\/1962-11-outubro-2012-1024x362.jpg\",\"datePublished\":\"2012-10-12T02:30:06+00:00\",\"dateModified\":\"2012-10-12T17:01:45+00:00\",\"breadcrumb\":{\"@id\":\"https:\\\/\\\/diretodasacristia.com\\\/home\\\/bento-xvi\\\/1962-11-outubro-2012\\\/#breadcrumb\"},\"inLanguage\":\"pt-BR\",\"potentialAction\":[{\"@type\":\"ReadAction\",\"target\":[\"https:\\\/\\\/diretodasacristia.com\\\/home\\\/bento-xvi\\\/1962-11-outubro-2012\\\/\"]}]},{\"@type\":\"ImageObject\",\"inLanguage\":\"pt-BR\",\"@id\":\"https:\\\/\\\/diretodasacristia.com\\\/home\\\/bento-xvi\\\/1962-11-outubro-2012\\\/#primaryimage\",\"url\":\"http:\\\/\\\/diretodasacristia.com\\\/home\\\/wp-content\\\/uploads\\\/2012\\\/10\\\/1962-11-outubro-2012-1024x362.jpg\",\"contentUrl\":\"http:\\\/\\\/diretodasacristia.com\\\/home\\\/wp-content\\\/uploads\\\/2012\\\/10\\\/1962-11-outubro-2012-1024x362.jpg\"},{\"@type\":\"BreadcrumbList\",\"@id\":\"https:\\\/\\\/diretodasacristia.com\\\/home\\\/bento-xvi\\\/1962-11-outubro-2012\\\/#breadcrumb\",\"itemListElement\":[{\"@type\":\"ListItem\",\"position\":1,\"name\":\"In\u00edcio\",\"item\":\"https:\\\/\\\/diretodasacristia.com\\\/home\\\/\"},{\"@type\":\"ListItem\",\"position\":2,\"name\":\"1962 &#8211; 11 outubro &#8211; 2012\"}]},{\"@type\":\"WebSite\",\"@id\":\"https:\\\/\\\/diretodasacristia.com\\\/home\\\/#website\",\"url\":\"https:\\\/\\\/diretodasacristia.com\\\/home\\\/\",\"name\":\"Direto da Sacristia\",\"description\":\"Not\u00edcias e artigos sobre a f\u00e9 cat\u00f3lica\",\"publisher\":{\"@id\":\"https:\\\/\\\/diretodasacristia.com\\\/home\\\/#organization\"},\"potentialAction\":[{\"@type\":\"SearchAction\",\"target\":{\"@type\":\"EntryPoint\",\"urlTemplate\":\"https:\\\/\\\/diretodasacristia.com\\\/home\\\/?s={search_term_string}\"},\"query-input\":{\"@type\":\"PropertyValueSpecification\",\"valueRequired\":true,\"valueName\":\"search_term_string\"}}],\"inLanguage\":\"pt-BR\"},{\"@type\":\"Organization\",\"@id\":\"https:\\\/\\\/diretodasacristia.com\\\/home\\\/#organization\",\"name\":\"Direto da Sacristia\",\"url\":\"https:\\\/\\\/diretodasacristia.com\\\/home\\\/\",\"logo\":{\"@type\":\"ImageObject\",\"inLanguage\":\"pt-BR\",\"@id\":\"https:\\\/\\\/diretodasacristia.com\\\/home\\\/#\\\/schema\\\/logo\\\/image\\\/\",\"url\":\"https:\\\/\\\/i0.wp.com\\\/diretodasacristia.com\\\/home\\\/wp-content\\\/uploads\\\/2012\\\/01\\\/marca-sacristia.png?fit=320%2C306&ssl=1\",\"contentUrl\":\"https:\\\/\\\/i0.wp.com\\\/diretodasacristia.com\\\/home\\\/wp-content\\\/uploads\\\/2012\\\/01\\\/marca-sacristia.png?fit=320%2C306&ssl=1\",\"width\":\"320\",\"height\":\"306\",\"caption\":\"Direto da Sacristia\"},\"image\":{\"@id\":\"https:\\\/\\\/diretodasacristia.com\\\/home\\\/#\\\/schema\\\/logo\\\/image\\\/\"},\"sameAs\":[\"https:\\\/\\\/www.facebook.com\\\/DiretoSacristia\",\"https:\\\/\\\/x.com\\\/diretosacristia\",\"https:\\\/\\\/www.instagram.com\\\/diretodasacristia\\\/\",\"https:\\\/\\\/www.youtube.com\\\/diretodasacristia\"]},{\"@type\":\"Person\",\"@id\":\"https:\\\/\\\/diretodasacristia.com\\\/home\\\/#\\\/schema\\\/person\\\/3d453ef1f7d57c0bb0990b8070642721\",\"name\":\"E. Mar\u00e7al\",\"image\":{\"@type\":\"ImageObject\",\"inLanguage\":\"pt-BR\",\"@id\":\"https:\\\/\\\/secure.gravatar.com\\\/avatar\\\/348ff80a5ddde3de6c8b6e0c5b066b733f9245285d9ab87cd2e2ff652ffa95b0?s=96&d=mm&r=g\",\"url\":\"https:\\\/\\\/secure.gravatar.com\\\/avatar\\\/348ff80a5ddde3de6c8b6e0c5b066b733f9245285d9ab87cd2e2ff652ffa95b0?s=96&d=mm&r=g\",\"contentUrl\":\"https:\\\/\\\/secure.gravatar.com\\\/avatar\\\/348ff80a5ddde3de6c8b6e0c5b066b733f9245285d9ab87cd2e2ff652ffa95b0?s=96&d=mm&r=g\",\"caption\":\"E. Mar\u00e7al\"},\"url\":\"https:\\\/\\\/diretodasacristia.com\\\/home\\\/author\\\/erick\\\/\"}]}<\/script>\n<!-- \/ Yoast SEO plugin. -->","yoast_head_json":{"title":"1962 - 11 outubro - 2012 - Direto da Sacristia","robots":{"index":"index","follow":"follow","max-snippet":"max-snippet:-1","max-image-preview":"max-image-preview:large","max-video-preview":"max-video-preview:-1"},"canonical":"https:\/\/diretodasacristia.com\/home\/bento-xvi\/1962-11-outubro-2012\/","og_locale":"pt_BR","og_type":"article","og_title":"1962 - 11 outubro - 2012 - Direto da Sacristia","og_description":"Para comemorar os 50 anos da abertura do Conc\u00edlio Vaticano II, a A\u00e7\u00e3o Cat\u00f3lica Italiana organizou uma prociss\u00e3o luminosa nesta noite de 11 de outubro. Milhares de pessoas preencheram a Pra\u00e7a de S\u00e3o Pedro, tal como h\u00e1 50 anos.","og_url":"https:\/\/diretodasacristia.com\/home\/bento-xvi\/1962-11-outubro-2012\/","og_site_name":"Direto da Sacristia","article_publisher":"https:\/\/www.facebook.com\/DiretoSacristia","article_published_time":"2012-10-12T02:30:06+00:00","article_modified_time":"2012-10-12T17:01:45+00:00","og_image":[{"url":"http:\/\/diretodasacristia.com\/home\/wp-content\/uploads\/2012\/10\/1962-11-outubro-2012-1024x362.jpg","type":"","width":"","height":""}],"author":"E. Mar\u00e7al","twitter_card":"summary_large_image","twitter_creator":"@diretosacristia","twitter_site":"@diretosacristia","twitter_misc":{"Escrito por":"E. Mar\u00e7al","Est. tempo de leitura":"2 minutos"},"schema":{"@context":"https:\/\/schema.org","@graph":[{"@type":"Article","@id":"https:\/\/diretodasacristia.com\/home\/bento-xvi\/1962-11-outubro-2012\/#article","isPartOf":{"@id":"https:\/\/diretodasacristia.com\/home\/bento-xvi\/1962-11-outubro-2012\/"},"author":{"name":"E. Mar\u00e7al","@id":"https:\/\/diretodasacristia.com\/home\/#\/schema\/person\/3d453ef1f7d57c0bb0990b8070642721"},"headline":"1962 &#8211; 11 outubro &#8211; 2012","datePublished":"2012-10-12T02:30:06+00:00","dateModified":"2012-10-12T17:01:45+00:00","mainEntityOfPage":{"@id":"https:\/\/diretodasacristia.com\/home\/bento-xvi\/1962-11-outubro-2012\/"},"wordCount":415,"commentCount":0,"publisher":{"@id":"https:\/\/diretodasacristia.com\/home\/#organization"},"image":{"@id":"https:\/\/diretodasacristia.com\/home\/bento-xvi\/1962-11-outubro-2012\/#primaryimage"},"thumbnailUrl":"http:\/\/diretodasacristia.com\/home\/wp-content\/uploads\/2012\/10\/1962-11-outubro-2012-1024x362.jpg","keywords":["11 outubro","Discurso da Lua"],"articleSection":["Bento XVI","Not\u00edcias"],"inLanguage":"pt-BR","potentialAction":[{"@type":"CommentAction","name":"Comment","target":["https:\/\/diretodasacristia.com\/home\/bento-xvi\/1962-11-outubro-2012\/#respond"]}]},{"@type":"WebPage","@id":"https:\/\/diretodasacristia.com\/home\/bento-xvi\/1962-11-outubro-2012\/","url":"https:\/\/diretodasacristia.com\/home\/bento-xvi\/1962-11-outubro-2012\/","name":"1962 - 11 outubro - 2012 - Direto da Sacristia","isPartOf":{"@id":"https:\/\/diretodasacristia.com\/home\/#website"},"primaryImageOfPage":{"@id":"https:\/\/diretodasacristia.com\/home\/bento-xvi\/1962-11-outubro-2012\/#primaryimage"},"image":{"@id":"https:\/\/diretodasacristia.com\/home\/bento-xvi\/1962-11-outubro-2012\/#primaryimage"},"thumbnailUrl":"http:\/\/diretodasacristia.com\/home\/wp-content\/uploads\/2012\/10\/1962-11-outubro-2012-1024x362.jpg","datePublished":"2012-10-12T02:30:06+00:00","dateModified":"2012-10-12T17:01:45+00:00","breadcrumb":{"@id":"https:\/\/diretodasacristia.com\/home\/bento-xvi\/1962-11-outubro-2012\/#breadcrumb"},"inLanguage":"pt-BR","potentialAction":[{"@type":"ReadAction","target":["https:\/\/diretodasacristia.com\/home\/bento-xvi\/1962-11-outubro-2012\/"]}]},{"@type":"ImageObject","inLanguage":"pt-BR","@id":"https:\/\/diretodasacristia.com\/home\/bento-xvi\/1962-11-outubro-2012\/#primaryimage","url":"http:\/\/diretodasacristia.com\/home\/wp-content\/uploads\/2012\/10\/1962-11-outubro-2012-1024x362.jpg","contentUrl":"http:\/\/diretodasacristia.com\/home\/wp-content\/uploads\/2012\/10\/1962-11-outubro-2012-1024x362.jpg"},{"@type":"BreadcrumbList","@id":"https:\/\/diretodasacristia.com\/home\/bento-xvi\/1962-11-outubro-2012\/#breadcrumb","itemListElement":[{"@type":"ListItem","position":1,"name":"In\u00edcio","item":"https:\/\/diretodasacristia.com\/home\/"},{"@type":"ListItem","position":2,"name":"1962 &#8211; 11 outubro &#8211; 2012"}]},{"@type":"WebSite","@id":"https:\/\/diretodasacristia.com\/home\/#website","url":"https:\/\/diretodasacristia.com\/home\/","name":"Direto da Sacristia","description":"Not\u00edcias e artigos sobre a f\u00e9 cat\u00f3lica","publisher":{"@id":"https:\/\/diretodasacristia.com\/home\/#organization"},"potentialAction":[{"@type":"SearchAction","target":{"@type":"EntryPoint","urlTemplate":"https:\/\/diretodasacristia.com\/home\/?s={search_term_string}"},"query-input":{"@type":"PropertyValueSpecification","valueRequired":true,"valueName":"search_term_string"}}],"inLanguage":"pt-BR"},{"@type":"Organization","@id":"https:\/\/diretodasacristia.com\/home\/#organization","name":"Direto da Sacristia","url":"https:\/\/diretodasacristia.com\/home\/","logo":{"@type":"ImageObject","inLanguage":"pt-BR","@id":"https:\/\/diretodasacristia.com\/home\/#\/schema\/logo\/image\/","url":"https:\/\/i0.wp.com\/diretodasacristia.com\/home\/wp-content\/uploads\/2012\/01\/marca-sacristia.png?fit=320%2C306&ssl=1","contentUrl":"https:\/\/i0.wp.com\/diretodasacristia.com\/home\/wp-content\/uploads\/2012\/01\/marca-sacristia.png?fit=320%2C306&ssl=1","width":"320","height":"306","caption":"Direto da Sacristia"},"image":{"@id":"https:\/\/diretodasacristia.com\/home\/#\/schema\/logo\/image\/"},"sameAs":["https:\/\/www.facebook.com\/DiretoSacristia","https:\/\/x.com\/diretosacristia","https:\/\/www.instagram.com\/diretodasacristia\/","https:\/\/www.youtube.com\/diretodasacristia"]},{"@type":"Person","@id":"https:\/\/diretodasacristia.com\/home\/#\/schema\/person\/3d453ef1f7d57c0bb0990b8070642721","name":"E. Mar\u00e7al","image":{"@type":"ImageObject","inLanguage":"pt-BR","@id":"https:\/\/secure.gravatar.com\/avatar\/348ff80a5ddde3de6c8b6e0c5b066b733f9245285d9ab87cd2e2ff652ffa95b0?s=96&d=mm&r=g","url":"https:\/\/secure.gravatar.com\/avatar\/348ff80a5ddde3de6c8b6e0c5b066b733f9245285d9ab87cd2e2ff652ffa95b0?s=96&d=mm&r=g","contentUrl":"https:\/\/secure.gravatar.com\/avatar\/348ff80a5ddde3de6c8b6e0c5b066b733f9245285d9ab87cd2e2ff652ffa95b0?s=96&d=mm&r=g","caption":"E. Mar\u00e7al"},"url":"https:\/\/diretodasacristia.com\/home\/author\/erick\/"}]}},"jetpack_publicize_connections":[],"jetpack_featured_media_url":"","jetpack_sharing_enabled":true,"jetpack_shortlink":"https:\/\/wp.me\/p24aG7-W9","jetpack-related-posts":[{"id":3577,"url":"https:\/\/diretodasacristia.com\/home\/destaque\/a-solene-abertura\/","url_meta":{"origin":3605,"position":0},"title":"A solene abertura","author":"E. Mar\u00e7al","date":"11 de outubro de 2012","format":false,"excerpt":"Inaugurou-se solenemente, nesta manh\u00e3 do dia 11 de outubro de 1962, Festa da Maternidade Divina de Maria Sant\u00edssima, na Patriarcal Bas\u00edlica de S\u00e3o Pedro, no Vaticano, o XXI Conc\u00edlio Ecum\u00eanico, chamado Vaticano II.","rel":"","context":"Em &quot;Cr\u00f4nicas do Vaticano II&quot;","block_context":{"text":"Cr\u00f4nicas do Vaticano II","link":"https:\/\/diretodasacristia.com\/home\/c\/cronicas-do-vaticano-ii\/"},"img":{"alt_text":"","src":"https:\/\/i0.wp.com\/diretodasacristia.com\/home\/wp-content\/uploads\/2012\/10\/Prociss%C3%A3o-inicial-Conc%C3%ADlio.jpg?resize=350%2C200","width":350,"height":200,"srcset":"https:\/\/i0.wp.com\/diretodasacristia.com\/home\/wp-content\/uploads\/2012\/10\/Prociss%C3%A3o-inicial-Conc%C3%ADlio.jpg?resize=350%2C200 1x, https:\/\/i0.wp.com\/diretodasacristia.com\/home\/wp-content\/uploads\/2012\/10\/Prociss%C3%A3o-inicial-Conc%C3%ADlio.jpg?resize=525%2C300 1.5x"},"classes":[]},{"id":3578,"url":"https:\/\/diretodasacristia.com\/home\/cronicas-do-vaticano-ii\/o-discurso-da-lua\/","url_meta":{"origin":3605,"position":1},"title":"O discurso da Lua","author":"E. Mar\u00e7al","date":"11 de outubro de 2012","format":false,"excerpt":"[Noite do dia 11 outubro 1962] \u00a0 \u00a0 Os Padres Conciliares ingressaram na Bas\u00edlica de S\u00e3o Pedro e a \u00faltima cena que restou aos olhos dos fi\u00e9is que lotavam a Pra\u00e7a S\u00e3o Pedro foi das pesadas Portas de Bronze se fechando. Mesmo encerrada a cerim\u00f4nia de inaugura\u00e7\u00e3o do Conc\u00edlio, a\u2026","rel":"","context":"Em &quot;Cr\u00f4nicas do Vaticano II&quot;","block_context":{"text":"Cr\u00f4nicas do Vaticano II","link":"https:\/\/diretodasacristia.com\/home\/c\/cronicas-do-vaticano-ii\/"},"img":{"alt_text":"","src":"","width":0,"height":0},"classes":[]},{"id":2532,"url":"https:\/\/diretodasacristia.com\/home\/sem-categoria\/calendario-das-cerimonias-pontificias-outubro-novembro\/","url_meta":{"origin":3605,"position":2},"title":"Calend\u00e1rio das cerim\u00f4nias pontif\u00edcias outubro-novembro","author":"E. Mar\u00e7al","date":"13 de setembro de 2010","format":false,"excerpt":"Do boletim da Sala de Imprensa da Santa S\u00e9 Calend\u00e1rio das celebra\u00e7\u00f5es presididas pelo Santo Padre Bento XVIoutubro - novembro 2010 Outubro Dia 03 - Domingo XXVII Domingo \"per annum\" (do Tempo Comum) Catedral de PalermoVisita pastoral a Palermo na ocasi\u00e3o do Encontro Regional das Fam\u00edlia e dos Jovens Dia\u2026","rel":"","context":"Em &quot;Sem categoria&quot;","block_context":{"text":"Sem categoria","link":"https:\/\/diretodasacristia.com\/home\/c\/sem-categoria\/"},"img":{"alt_text":"","src":"","width":0,"height":0},"classes":[]},{"id":245,"url":"https:\/\/diretodasacristia.com\/home\/bento-xvi\/bento-xvi-anuncia-ano-da-fe\/","url_meta":{"origin":3605,"position":3},"title":"Bento XVI anuncia Ano da F\u00e9","author":"E. Mar\u00e7al","date":"16 de outubro de 2011","format":false,"excerpt":"Durante a homilia pronunciada durante a Missa do XIX Domingo \"per annum\", por ocasi\u00e3o do primeiro encontro internacional dos novos evangelizadores, promovido pelo\u00a0Pontif\u00edcio\u00a0Conselho para a Promo\u00e7\u00e3o da Nova Evangeliza\u00e7\u00e3o, o Santo Padre Bento XVI anunciou 2012 como o\u00a0Ano da F\u00e9, com in\u00edcio em 11 de outubro, 50\u00ba anivers\u00e1rio da abertura\u2026","rel":"","context":"Em &quot;Bento XVI&quot;","block_context":{"text":"Bento XVI","link":"https:\/\/diretodasacristia.com\/home\/c\/bento-xvi\/"},"img":{"alt_text":"","src":"https:\/\/i0.wp.com\/cache.daylife.com\/imageserve\/06hLfLlfs2elx\/610x.jpg?resize=350%2C200","width":350,"height":200},"classes":[]},{"id":3969,"url":"https:\/\/diretodasacristia.com\/home\/liturgia\/e-veio-a-ferula-de-paulo-vi\/","url_meta":{"origin":3605,"position":4},"title":"E veio a f\u00e9rula de Paulo VI","author":"E. Mar\u00e7al","date":"14 de abril de 2013","format":false,"excerpt":"Ainda na missa de sua coroa\u00e7\u00e3o pontif\u00edcia, em 30 junho 1963, a ins\u00edgnia n\u00e3o foi usada como o seria a partir do encerramento do Conc\u00edlio Vaticano II, quando pela primeira vez Paulo VI usou a f\u00e9rula desenhada por Lello Scorzelli. O novo desenho, em prata, apresenta o Cristo numa cruz\u2026","rel":"","context":"Em &quot;Destaque&quot;","block_context":{"text":"Destaque","link":"https:\/\/diretodasacristia.com\/home\/c\/destaque\/"},"img":{"alt_text":"Pope Paul Vi Between 1975 -1978","src":"https:\/\/i0.wp.com\/diretodasacristia.com\/home\/wp-content\/uploads\/2013\/04\/Paulo-VI-modelos-f%C3%A9rula.jpg?resize=350%2C200","width":350,"height":200,"srcset":"https:\/\/i0.wp.com\/diretodasacristia.com\/home\/wp-content\/uploads\/2013\/04\/Paulo-VI-modelos-f%C3%A9rula.jpg?resize=350%2C200 1x, https:\/\/i0.wp.com\/diretodasacristia.com\/home\/wp-content\/uploads\/2013\/04\/Paulo-VI-modelos-f%C3%A9rula.jpg?resize=525%2C300 1.5x, https:\/\/i0.wp.com\/diretodasacristia.com\/home\/wp-content\/uploads\/2013\/04\/Paulo-VI-modelos-f%C3%A9rula.jpg?resize=700%2C400 2x"},"classes":[]},{"id":5051,"url":"https:\/\/diretodasacristia.com\/home\/bento-xvi\/bento-xvi-faleceu\/","url_meta":{"origin":3605,"position":5},"title":"Bento XVI faleceu","author":"Reda\u00e7\u00e3o","date":"31 de dezembro de 2022","format":false,"excerpt":"\u00c0s 9:34 deste s\u00e1bado, no Vaticano. Os funerais ser\u00e3o do dia 02 a 05 de janeiro, terminando com a Santa Missa exequial presidida pelo Papa Francisco na Pra\u00e7a de S\u00e3o Pedro.","rel":"","context":"Em &quot;Bento XVI&quot;","block_context":{"text":"Bento XVI","link":"https:\/\/diretodasacristia.com\/home\/c\/bento-xvi\/"},"img":{"alt_text":"","src":"https:\/\/i0.wp.com\/diretodasacristia.com\/home\/wp-content\/uploads\/2022\/12\/Bento-XVI-olhando-ceu-maio-2012.jpg?resize=350%2C200&ssl=1","width":350,"height":200,"srcset":"https:\/\/i0.wp.com\/diretodasacristia.com\/home\/wp-content\/uploads\/2022\/12\/Bento-XVI-olhando-ceu-maio-2012.jpg?resize=350%2C200&ssl=1 1x, https:\/\/i0.wp.com\/diretodasacristia.com\/home\/wp-content\/uploads\/2022\/12\/Bento-XVI-olhando-ceu-maio-2012.jpg?resize=525%2C300&ssl=1 1.5x"},"classes":[]}],"post_mailing_queue_ids":[],"_links":{"self":[{"href":"https:\/\/diretodasacristia.com\/home\/wp-json\/wp\/v2\/posts\/3605","targetHints":{"allow":["GET"]}}],"collection":[{"href":"https:\/\/diretodasacristia.com\/home\/wp-json\/wp\/v2\/posts"}],"about":[{"href":"https:\/\/diretodasacristia.com\/home\/wp-json\/wp\/v2\/types\/post"}],"author":[{"embeddable":true,"href":"https:\/\/diretodasacristia.com\/home\/wp-json\/wp\/v2\/users\/3"}],"replies":[{"embeddable":true,"href":"https:\/\/diretodasacristia.com\/home\/wp-json\/wp\/v2\/comments?post=3605"}],"version-history":[{"count":7,"href":"https:\/\/diretodasacristia.com\/home\/wp-json\/wp\/v2\/posts\/3605\/revisions"}],"predecessor-version":[{"id":3613,"href":"https:\/\/diretodasacristia.com\/home\/wp-json\/wp\/v2\/posts\/3605\/revisions\/3613"}],"wp:attachment":[{"href":"https:\/\/diretodasacristia.com\/home\/wp-json\/wp\/v2\/media?parent=3605"}],"wp:term":[{"taxonomy":"category","embeddable":true,"href":"https:\/\/diretodasacristia.com\/home\/wp-json\/wp\/v2\/categories?post=3605"},{"taxonomy":"post_tag","embeddable":true,"href":"https:\/\/diretodasacristia.com\/home\/wp-json\/wp\/v2\/tags?post=3605"}],"curies":[{"name":"wp","href":"https:\/\/api.w.org\/{rel}","templated":true}]}}