{"id":39,"date":"2011-07-11T11:38:00","date_gmt":"2011-07-11T11:38:00","guid":{"rendered":"http:\/\/diretodasacristia.com\/home\/sem-categoria\/pe-marcelo-rossi-pagara-direitos-de-musica-2\/"},"modified":"2011-07-11T11:38:00","modified_gmt":"2011-07-11T11:38:00","slug":"pe-marcelo-rossi-pagara-direitos-de-musica-2","status":"publish","type":"post","link":"https:\/\/diretodasacristia.com\/home\/sem-categoria\/pe-marcelo-rossi-pagara-direitos-de-musica-2\/","title":{"rendered":"Pe. Marcelo Rossi pagar\u00e1 direitos de m\u00fasica"},"content":{"rendered":"<div style=\"text-align: center;\"><span class=\"Apple-style-span\"><u><br \/><\/u><\/span><\/div>\n<div><span class=\"Apple-style-span\">Com informa\u00e7\u00f5es do <a href=\"http:\/\/pmglobal.com.br\/noticias\/cantora-gospel-ganha-acao-de-plagio-contra-padre-marcelo-por-%E2%80%9Cnoites-traicoeiras%E2%80%9D\">PM Global<\/a><\/span><\/div>\n<div><span class=\"Apple-style-span\"><br \/><\/span><\/div>\n<div><span class=\"Apple-style-span\"><br \/><\/span><\/div>\n<div style=\"text-align: center;\"><span class=\"Apple-style-span\"><b>\u00c9 o que acontece cantar m\u00fasica protestante&#8230;<\/b><\/span><\/div>\n<div><span class=\"Apple-style-span\"><br \/><\/span><\/div>\n<div><span class=\"Apple-style-span\"><br \/><\/span><\/div>\n<div style=\"text-align: justify;\"><span class=\"Apple-style-span\"><span class=\"Apple-style-span\">J\u00e1 <a href=\"http:\/\/diretodasacristia.blogspot.com\/2011\/03\/aedificado-ecclesiam-meam.html\">falamos aqui<\/a><\/span><span class=\"Apple-style-span\"> sobre a perda de nossa identidade cat\u00f3lica, daquilo que vendo ou ouvindo, as pessoas j\u00e1 podem dizer &#8220;isso \u00e9 cat\u00f3lico&#8221;. Lamentavelmente, hoje assistimos a inser\u00e7\u00e3o no meio cat\u00f3lico de certas pr\u00e1ticas protestantes, desde &#8220;simples&#8221; m\u00fasicas at\u00e9 modos de orar e se comportar nas ora\u00e7\u00f5es. Temos um maneira nossa de falarmos sobre a f\u00e9 e de a expressarmos. Portanto, \u00e9 f\u00e1cil avaliarmos se algo \u00e9 ou n\u00e3o nosso. Pr\u00e1ticas como &#8220;minist\u00e9rio de intercess\u00e3o&#8221; e &#8220;louvor&#8221; antes da Missa n\u00e3o \u00e9 naturalmente cat\u00f3lico, mas &#8220;importado&#8221;, talvez ou por achar bonito ou com o intuito de atrair mais fi\u00e9is e ver a igreja lotada&#8230;<\/p>\n<p><\/span><\/span><\/div>\n<div style=\"text-align: justify;\"><a href=\"http:\/\/www.pop.com.br\/arquivos\/p\/pad\/padremarcelorossi2912\/146520_marcelorossiintjpg.jpg\" onblur=\"try {parent.deselectBloggerImageGracefully();} catch(e) {}\"><span class=\"Apple-style-span\"><img decoding=\"async\" src=\"http:\/\/www.pop.com.br\/arquivos\/p\/pad\/padremarcelorossi2912\/146520_marcelorossiintjpg.jpg\" border=\"0\" alt=\"\" style=\"display: block; margin-top: 0px; margin-right: auto; margin-bottom: 10px; margin-left: auto; text-align: center; cursor: pointer; width: 640px; height: 300px; \" \/><\/span><\/a><\/div>\n<div style=\"text-align: center;\"><span class=\"Apple-style-span\"><i>Rev.do Pe. Marcelo Rossi<\/i><\/span><\/div>\n<div style=\"text-align: center;\"><span class=\"Apple-style-span\"><i>do clero da Diocese de Santo Amaro<\/i><\/span><\/div>\n<div><span class=\"Apple-style-span\"><br \/><\/span><\/div>\n<div style=\"text-align: justify;\"><span class=\"Apple-style-span\">Bom, passada uma breve an\u00e1lise, vamos \u00e0 not\u00edcia: em 2009, a cantora piauiense Marinalva Santos, da igreja Assembleia de Deus, denunciou em um jornal que a m\u00fasica &#8220;Deus te quer sorrindo&#8221; (hoje nacionalmente conhecida como &#8220;Noites trai\u00e7oeiras&#8221;) era de sua autoria e fora plagiada pelo <b>Pe. Marcelo Rossi<\/b>. Segundo ela, a inspira\u00e7\u00e3o para a compor o<i> hit<\/i> sobreveio de um salmo, em comemora\u00e7\u00e3o ao anivers\u00e1rio de uma igreja Assembleia de Deus de Uberl\u00e2ndia. No mesmo ano, a autora tentou um acordo com a assessoria do sacerdote, &#8220;mas a proposta em dinheiro n\u00e3o foi aceita&#8221;, diz o pastor Francisco Felipe Cordeiro, marido e empres\u00e1rio da cantora. Iniciaram uma a\u00e7\u00e3o contra o padre <i>popstar<\/i> e apresentaram \u00e0 Associa\u00e7\u00e3o Brasileira de M\u00fasica e Artes todos os documentos que provam a autoria. O casal ganhou a a\u00e7\u00e3o e, a partir de agora, os direitos da m\u00fasica que j\u00e1 vendeu um milh\u00e3o de c\u00f3pias [e \u00e9 amplamente cantada em par\u00f3quias com grupos musicais que desprezam nossos cantos], pertence \u00e0 cantora piauiense.<\/span><\/div>\n<div style=\"text-align: justify;\"><\/div>\n<div style=\"text-align: justify;\"><\/div>\n<div style=\"text-align: justify;\"><span class=\"Apple-style-span\"><br \/><\/span><\/div>\n<div style=\"text-align: justify;\"><span class=\"Apple-style-span\">O pr\u00f3ximo passo \u00e9 processar a pessoa que supostamente vendeu ao Pe. Marcelo Rossi os direitos autorais da m\u00fasica, com quem [o padre] tamb\u00e9m tentar\u00e3o um acordo, provavelmente a participa\u00e7\u00e3o nos ganhos lucrados at\u00e9 hoje.<\/span><\/div>\n<div style=\"text-align: justify;\"><span class=\"Apple-style-span\"><br \/><\/span><\/div>\n<div style=\"text-align: justify;\"><span class=\"Apple-style-span\"><br \/><\/span><\/div>\n<div style=\"text-align: justify;\"><a href=\"http:\/\/oglobo.globo.com\/blogs\/arquivos_upload\/2010\/10\/386_256-padre-marcelo1.jpg\" onblur=\"try {parent.deselectBloggerImageGracefully();} catch(e) {}\"><span class=\"Apple-style-span\"><img decoding=\"async\" src=\"http:\/\/oglobo.globo.com\/blogs\/arquivos_upload\/2010\/10\/386_256-padre-marcelo1.jpg\" border=\"0\" alt=\"\" style=\"display: block; margin-top: 0px; margin-right: auto; margin-bottom: 10px; margin-left: auto; text-align: center; cursor: pointer; width: 371px; height: 252px; \" \/><\/span><\/a><\/div>\n<div>\n<div style=\"text-align: center;\"><span class=\"Apple-style-span\"><i><span class=\"Apple-style-span\">Vaticano, outubro 2010<\/span><\/i><\/span><\/div>\n<div style=\"text-align: center;\"><span class=\"Apple-style-span\"><br \/><\/span><\/div>\n<div style=\"text-align: justify;\"><span class=\"Apple-style-span\"><span class=\"Apple-style-span\">Pe. Marcelo n\u00e3o est\u00e1 sendo acusado de cantar uma m\u00fasica dos Monges de Solesmes, por exemplo, ou de plagiar uma das belas can\u00e7\u00f5es do Mons. Marco Frisina (que felizmente est\u00e3o sendo adaptadas e executadas pelo Coro da Arquidiocese de Campinas). N\u00e3o. O Padre ajudou, com sua voz e sua divulga\u00e7\u00e3o, que uma m\u00fasica de autoria protestante entrasse na liturgia de nossas par\u00f3quias e fizesse o povo esquecer o que somos e o que devemos cantar. N\u00e3o \u00e9 a primeira vez que ele faz isso: a famosa [entre os protestantes e at\u00e9 entre cat\u00f3licos] cantora Ana Paula Valad\u00e3o j\u00e1 afirmou que o mesmo padre solicitou a ela a permiss\u00e3o para gravar &#8220;Seja o centro&#8221;, o que foi concedido.<\/span><\/span><\/div>\n<div style=\"text-align: justify;\"><span class=\"Apple-style-span\"><br \/><\/span><\/div>\n<div style=\"text-align: justify;\"><span class=\"Apple-style-span\"><span class=\"Apple-style-span\">\u00c9 dif\u00edcil de entender bem o motivo pelo qual o padre <i>popstar<\/i> brasileiro ganhou do Papa Bento XVI o pr\u00eamio Van Thuan de evangeliza\u00e7\u00e3o, como sendo um evangelizador moderno. Dizem que o pedido para a condecora\u00e7\u00e3o listava e descrevia &#8220;as suas missas no Santu\u00e1rio do Ter\u00e7o Bizantino&#8221; e &#8220;as missas de grandes propor\u00e7\u00f5es realizadas no Est\u00e1dio do Morumbi e no Aut\u00f3dromo de Interlagos&#8221;. Certos de que o escolhido para receber o Pr\u00eamio \u00e9 indicado por assessores do Santo Padre [e n\u00e3o por este em pessoa], perguntamos: que tipo de evangeliza\u00e7\u00e3o cat\u00f3lica pode oferecer uma missa ao som de bateria, pouco sil\u00eancio para ora\u00e7\u00e3o e \u00e1gua &#8220;benta&#8221; aos baldes? Poder\u00edamos perguntar e responder mais coisas aqui, mas nos limitaremos.<br \/><\/span><br \/><\/span><\/div>\n<div style=\"text-align: justify;\"><\/div>\n<div style=\"text-align: justify;\"><\/div>\n<\/div>\n","protected":false},"excerpt":{"rendered":"Com informa\u00e7\u00f5es do PM Global \u00c9 o que acontece cantar m\u00fasica protestante&#8230; J\u00e1 falamos aqui sobre a perda de nossa identidade cat\u00f3lica, daquilo que vendo ou ouvindo, as pessoas j\u00e1 podem dizer &#8220;isso \u00e9 cat\u00f3lico&#8221;. Lamentavelmente, hoje assistimos a inser\u00e7\u00e3o no meio cat\u00f3lico de certas pr\u00e1ticas protestantes, desde &#8220;simples&#8221; m\u00fasicas at\u00e9 modos de orar e&#8230; <a class=\"view-article\" href=\"https:\/\/diretodasacristia.com\/home\/sem-categoria\/pe-marcelo-rossi-pagara-direitos-de-musica-2\/\">Ver artigo<\/a>","protected":false},"author":3,"featured_media":0,"comment_status":"open","ping_status":"open","sticky":false,"template":"","format":"standard","meta":{"jetpack_post_was_ever_published":false,"_jetpack_newsletter_access":"","_jetpack_dont_email_post_to_subs":false,"_jetpack_newsletter_tier_id":0,"_jetpack_memberships_contains_paywalled_content":false,"_jetpack_memberships_contains_paid_content":false,"_joinchat":[],"footnotes":"","jetpack_publicize_message":"","jetpack_publicize_feature_enabled":true,"jetpack_social_post_already_shared":false,"jetpack_social_options":{"image_generator_settings":{"template":"highway","default_image_id":0,"font":"","enabled":false},"version":2}},"categories":[1],"tags":[],"class_list":["post-39","post","type-post","status-publish","format-standard","hentry","category-sem-categoria"],"yoast_head":"<!-- This site is optimized with the Yoast SEO plugin v27.4 - https:\/\/yoast.com\/product\/yoast-seo-wordpress\/ -->\n<title>Pe. Marcelo Rossi pagar\u00e1 direitos de m\u00fasica - Direto da Sacristia<\/title>\n<meta name=\"robots\" content=\"index, follow, max-snippet:-1, max-image-preview:large, max-video-preview:-1\" \/>\n<link rel=\"canonical\" href=\"https:\/\/diretodasacristia.com\/home\/sem-categoria\/pe-marcelo-rossi-pagara-direitos-de-musica-2\/\" \/>\n<meta property=\"og:locale\" content=\"pt_BR\" \/>\n<meta property=\"og:type\" content=\"article\" \/>\n<meta property=\"og:title\" content=\"Pe. Marcelo Rossi pagar\u00e1 direitos de m\u00fasica - Direto da Sacristia\" \/>\n<meta property=\"og:description\" content=\"Com informa\u00e7\u00f5es do PM Global \u00c9 o que acontece cantar m\u00fasica protestante&#8230; J\u00e1 falamos aqui sobre a perda de nossa identidade cat\u00f3lica, daquilo que vendo ou ouvindo, as pessoas j\u00e1 podem dizer &#8220;isso \u00e9 cat\u00f3lico&#8221;. Lamentavelmente, hoje assistimos a inser\u00e7\u00e3o no meio cat\u00f3lico de certas pr\u00e1ticas protestantes, desde &#8220;simples&#8221; m\u00fasicas at\u00e9 modos de orar e... Ver artigo\" \/>\n<meta property=\"og:url\" content=\"https:\/\/diretodasacristia.com\/home\/sem-categoria\/pe-marcelo-rossi-pagara-direitos-de-musica-2\/\" \/>\n<meta property=\"og:site_name\" content=\"Direto da Sacristia\" \/>\n<meta property=\"article:publisher\" content=\"https:\/\/www.facebook.com\/DiretoSacristia\" \/>\n<meta property=\"article:published_time\" content=\"2011-07-11T11:38:00+00:00\" \/>\n<meta property=\"og:image\" content=\"http:\/\/www.pop.com.br\/arquivos\/p\/pad\/padremarcelorossi2912\/146520_marcelorossiintjpg.jpg\" \/>\n<meta name=\"author\" content=\"E. Mar\u00e7al\" \/>\n<meta name=\"twitter:card\" content=\"summary_large_image\" \/>\n<meta name=\"twitter:creator\" content=\"@diretosacristia\" \/>\n<meta name=\"twitter:site\" content=\"@diretosacristia\" \/>\n<meta name=\"twitter:label1\" content=\"Escrito por\" \/>\n\t<meta name=\"twitter:data1\" content=\"E. Mar\u00e7al\" \/>\n\t<meta name=\"twitter:label2\" content=\"Est. tempo de leitura\" \/>\n\t<meta name=\"twitter:data2\" content=\"3 minutos\" \/>\n<script type=\"application\/ld+json\" class=\"yoast-schema-graph\">{\"@context\":\"https:\\\/\\\/schema.org\",\"@graph\":[{\"@type\":\"Article\",\"@id\":\"https:\\\/\\\/diretodasacristia.com\\\/home\\\/sem-categoria\\\/pe-marcelo-rossi-pagara-direitos-de-musica-2\\\/#article\",\"isPartOf\":{\"@id\":\"https:\\\/\\\/diretodasacristia.com\\\/home\\\/sem-categoria\\\/pe-marcelo-rossi-pagara-direitos-de-musica-2\\\/\"},\"author\":{\"name\":\"E. Mar\u00e7al\",\"@id\":\"https:\\\/\\\/diretodasacristia.com\\\/home\\\/#\\\/schema\\\/person\\\/3d453ef1f7d57c0bb0990b8070642721\"},\"headline\":\"Pe. Marcelo Rossi pagar\u00e1 direitos de m\u00fasica\",\"datePublished\":\"2011-07-11T11:38:00+00:00\",\"mainEntityOfPage\":{\"@id\":\"https:\\\/\\\/diretodasacristia.com\\\/home\\\/sem-categoria\\\/pe-marcelo-rossi-pagara-direitos-de-musica-2\\\/\"},\"wordCount\":628,\"commentCount\":0,\"publisher\":{\"@id\":\"https:\\\/\\\/diretodasacristia.com\\\/home\\\/#organization\"},\"image\":{\"@id\":\"https:\\\/\\\/diretodasacristia.com\\\/home\\\/sem-categoria\\\/pe-marcelo-rossi-pagara-direitos-de-musica-2\\\/#primaryimage\"},\"thumbnailUrl\":\"http:\\\/\\\/www.pop.com.br\\\/arquivos\\\/p\\\/pad\\\/padremarcelorossi2912\\\/146520_marcelorossiintjpg.jpg\",\"inLanguage\":\"pt-BR\",\"potentialAction\":[{\"@type\":\"CommentAction\",\"name\":\"Comment\",\"target\":[\"https:\\\/\\\/diretodasacristia.com\\\/home\\\/sem-categoria\\\/pe-marcelo-rossi-pagara-direitos-de-musica-2\\\/#respond\"]}]},{\"@type\":\"WebPage\",\"@id\":\"https:\\\/\\\/diretodasacristia.com\\\/home\\\/sem-categoria\\\/pe-marcelo-rossi-pagara-direitos-de-musica-2\\\/\",\"url\":\"https:\\\/\\\/diretodasacristia.com\\\/home\\\/sem-categoria\\\/pe-marcelo-rossi-pagara-direitos-de-musica-2\\\/\",\"name\":\"Pe. Marcelo Rossi pagar\u00e1 direitos de m\u00fasica - Direto da Sacristia\",\"isPartOf\":{\"@id\":\"https:\\\/\\\/diretodasacristia.com\\\/home\\\/#website\"},\"primaryImageOfPage\":{\"@id\":\"https:\\\/\\\/diretodasacristia.com\\\/home\\\/sem-categoria\\\/pe-marcelo-rossi-pagara-direitos-de-musica-2\\\/#primaryimage\"},\"image\":{\"@id\":\"https:\\\/\\\/diretodasacristia.com\\\/home\\\/sem-categoria\\\/pe-marcelo-rossi-pagara-direitos-de-musica-2\\\/#primaryimage\"},\"thumbnailUrl\":\"http:\\\/\\\/www.pop.com.br\\\/arquivos\\\/p\\\/pad\\\/padremarcelorossi2912\\\/146520_marcelorossiintjpg.jpg\",\"datePublished\":\"2011-07-11T11:38:00+00:00\",\"breadcrumb\":{\"@id\":\"https:\\\/\\\/diretodasacristia.com\\\/home\\\/sem-categoria\\\/pe-marcelo-rossi-pagara-direitos-de-musica-2\\\/#breadcrumb\"},\"inLanguage\":\"pt-BR\",\"potentialAction\":[{\"@type\":\"ReadAction\",\"target\":[\"https:\\\/\\\/diretodasacristia.com\\\/home\\\/sem-categoria\\\/pe-marcelo-rossi-pagara-direitos-de-musica-2\\\/\"]}]},{\"@type\":\"ImageObject\",\"inLanguage\":\"pt-BR\",\"@id\":\"https:\\\/\\\/diretodasacristia.com\\\/home\\\/sem-categoria\\\/pe-marcelo-rossi-pagara-direitos-de-musica-2\\\/#primaryimage\",\"url\":\"http:\\\/\\\/www.pop.com.br\\\/arquivos\\\/p\\\/pad\\\/padremarcelorossi2912\\\/146520_marcelorossiintjpg.jpg\",\"contentUrl\":\"http:\\\/\\\/www.pop.com.br\\\/arquivos\\\/p\\\/pad\\\/padremarcelorossi2912\\\/146520_marcelorossiintjpg.jpg\"},{\"@type\":\"BreadcrumbList\",\"@id\":\"https:\\\/\\\/diretodasacristia.com\\\/home\\\/sem-categoria\\\/pe-marcelo-rossi-pagara-direitos-de-musica-2\\\/#breadcrumb\",\"itemListElement\":[{\"@type\":\"ListItem\",\"position\":1,\"name\":\"In\u00edcio\",\"item\":\"https:\\\/\\\/diretodasacristia.com\\\/home\\\/\"},{\"@type\":\"ListItem\",\"position\":2,\"name\":\"Pe. Marcelo Rossi pagar\u00e1 direitos de m\u00fasica\"}]},{\"@type\":\"WebSite\",\"@id\":\"https:\\\/\\\/diretodasacristia.com\\\/home\\\/#website\",\"url\":\"https:\\\/\\\/diretodasacristia.com\\\/home\\\/\",\"name\":\"Direto da Sacristia\",\"description\":\"Not\u00edcias e artigos sobre a f\u00e9 cat\u00f3lica\",\"publisher\":{\"@id\":\"https:\\\/\\\/diretodasacristia.com\\\/home\\\/#organization\"},\"potentialAction\":[{\"@type\":\"SearchAction\",\"target\":{\"@type\":\"EntryPoint\",\"urlTemplate\":\"https:\\\/\\\/diretodasacristia.com\\\/home\\\/?s={search_term_string}\"},\"query-input\":{\"@type\":\"PropertyValueSpecification\",\"valueRequired\":true,\"valueName\":\"search_term_string\"}}],\"inLanguage\":\"pt-BR\"},{\"@type\":\"Organization\",\"@id\":\"https:\\\/\\\/diretodasacristia.com\\\/home\\\/#organization\",\"name\":\"Direto da Sacristia\",\"url\":\"https:\\\/\\\/diretodasacristia.com\\\/home\\\/\",\"logo\":{\"@type\":\"ImageObject\",\"inLanguage\":\"pt-BR\",\"@id\":\"https:\\\/\\\/diretodasacristia.com\\\/home\\\/#\\\/schema\\\/logo\\\/image\\\/\",\"url\":\"https:\\\/\\\/i0.wp.com\\\/diretodasacristia.com\\\/home\\\/wp-content\\\/uploads\\\/2012\\\/01\\\/marca-sacristia.png?fit=320%2C306&ssl=1\",\"contentUrl\":\"https:\\\/\\\/i0.wp.com\\\/diretodasacristia.com\\\/home\\\/wp-content\\\/uploads\\\/2012\\\/01\\\/marca-sacristia.png?fit=320%2C306&ssl=1\",\"width\":\"320\",\"height\":\"306\",\"caption\":\"Direto da Sacristia\"},\"image\":{\"@id\":\"https:\\\/\\\/diretodasacristia.com\\\/home\\\/#\\\/schema\\\/logo\\\/image\\\/\"},\"sameAs\":[\"https:\\\/\\\/www.facebook.com\\\/DiretoSacristia\",\"https:\\\/\\\/x.com\\\/diretosacristia\",\"https:\\\/\\\/www.instagram.com\\\/diretodasacristia\\\/\",\"https:\\\/\\\/www.youtube.com\\\/diretodasacristia\"]},{\"@type\":\"Person\",\"@id\":\"https:\\\/\\\/diretodasacristia.com\\\/home\\\/#\\\/schema\\\/person\\\/3d453ef1f7d57c0bb0990b8070642721\",\"name\":\"E. Mar\u00e7al\",\"image\":{\"@type\":\"ImageObject\",\"inLanguage\":\"pt-BR\",\"@id\":\"https:\\\/\\\/secure.gravatar.com\\\/avatar\\\/348ff80a5ddde3de6c8b6e0c5b066b733f9245285d9ab87cd2e2ff652ffa95b0?s=96&d=mm&r=g\",\"url\":\"https:\\\/\\\/secure.gravatar.com\\\/avatar\\\/348ff80a5ddde3de6c8b6e0c5b066b733f9245285d9ab87cd2e2ff652ffa95b0?s=96&d=mm&r=g\",\"contentUrl\":\"https:\\\/\\\/secure.gravatar.com\\\/avatar\\\/348ff80a5ddde3de6c8b6e0c5b066b733f9245285d9ab87cd2e2ff652ffa95b0?s=96&d=mm&r=g\",\"caption\":\"E. Mar\u00e7al\"},\"url\":\"https:\\\/\\\/diretodasacristia.com\\\/home\\\/author\\\/erick\\\/\"}]}<\/script>\n<!-- \/ Yoast SEO plugin. -->","yoast_head_json":{"title":"Pe. Marcelo Rossi pagar\u00e1 direitos de m\u00fasica - Direto da Sacristia","robots":{"index":"index","follow":"follow","max-snippet":"max-snippet:-1","max-image-preview":"max-image-preview:large","max-video-preview":"max-video-preview:-1"},"canonical":"https:\/\/diretodasacristia.com\/home\/sem-categoria\/pe-marcelo-rossi-pagara-direitos-de-musica-2\/","og_locale":"pt_BR","og_type":"article","og_title":"Pe. Marcelo Rossi pagar\u00e1 direitos de m\u00fasica - Direto da Sacristia","og_description":"Com informa\u00e7\u00f5es do PM Global \u00c9 o que acontece cantar m\u00fasica protestante&#8230; J\u00e1 falamos aqui sobre a perda de nossa identidade cat\u00f3lica, daquilo que vendo ou ouvindo, as pessoas j\u00e1 podem dizer &#8220;isso \u00e9 cat\u00f3lico&#8221;. Lamentavelmente, hoje assistimos a inser\u00e7\u00e3o no meio cat\u00f3lico de certas pr\u00e1ticas protestantes, desde &#8220;simples&#8221; m\u00fasicas at\u00e9 modos de orar e... Ver artigo","og_url":"https:\/\/diretodasacristia.com\/home\/sem-categoria\/pe-marcelo-rossi-pagara-direitos-de-musica-2\/","og_site_name":"Direto da Sacristia","article_publisher":"https:\/\/www.facebook.com\/DiretoSacristia","article_published_time":"2011-07-11T11:38:00+00:00","og_image":[{"url":"http:\/\/www.pop.com.br\/arquivos\/p\/pad\/padremarcelorossi2912\/146520_marcelorossiintjpg.jpg","type":"","width":"","height":""}],"author":"E. Mar\u00e7al","twitter_card":"summary_large_image","twitter_creator":"@diretosacristia","twitter_site":"@diretosacristia","twitter_misc":{"Escrito por":"E. Mar\u00e7al","Est. tempo de leitura":"3 minutos"},"schema":{"@context":"https:\/\/schema.org","@graph":[{"@type":"Article","@id":"https:\/\/diretodasacristia.com\/home\/sem-categoria\/pe-marcelo-rossi-pagara-direitos-de-musica-2\/#article","isPartOf":{"@id":"https:\/\/diretodasacristia.com\/home\/sem-categoria\/pe-marcelo-rossi-pagara-direitos-de-musica-2\/"},"author":{"name":"E. Mar\u00e7al","@id":"https:\/\/diretodasacristia.com\/home\/#\/schema\/person\/3d453ef1f7d57c0bb0990b8070642721"},"headline":"Pe. Marcelo Rossi pagar\u00e1 direitos de m\u00fasica","datePublished":"2011-07-11T11:38:00+00:00","mainEntityOfPage":{"@id":"https:\/\/diretodasacristia.com\/home\/sem-categoria\/pe-marcelo-rossi-pagara-direitos-de-musica-2\/"},"wordCount":628,"commentCount":0,"publisher":{"@id":"https:\/\/diretodasacristia.com\/home\/#organization"},"image":{"@id":"https:\/\/diretodasacristia.com\/home\/sem-categoria\/pe-marcelo-rossi-pagara-direitos-de-musica-2\/#primaryimage"},"thumbnailUrl":"http:\/\/www.pop.com.br\/arquivos\/p\/pad\/padremarcelorossi2912\/146520_marcelorossiintjpg.jpg","inLanguage":"pt-BR","potentialAction":[{"@type":"CommentAction","name":"Comment","target":["https:\/\/diretodasacristia.com\/home\/sem-categoria\/pe-marcelo-rossi-pagara-direitos-de-musica-2\/#respond"]}]},{"@type":"WebPage","@id":"https:\/\/diretodasacristia.com\/home\/sem-categoria\/pe-marcelo-rossi-pagara-direitos-de-musica-2\/","url":"https:\/\/diretodasacristia.com\/home\/sem-categoria\/pe-marcelo-rossi-pagara-direitos-de-musica-2\/","name":"Pe. Marcelo Rossi pagar\u00e1 direitos de m\u00fasica - Direto da Sacristia","isPartOf":{"@id":"https:\/\/diretodasacristia.com\/home\/#website"},"primaryImageOfPage":{"@id":"https:\/\/diretodasacristia.com\/home\/sem-categoria\/pe-marcelo-rossi-pagara-direitos-de-musica-2\/#primaryimage"},"image":{"@id":"https:\/\/diretodasacristia.com\/home\/sem-categoria\/pe-marcelo-rossi-pagara-direitos-de-musica-2\/#primaryimage"},"thumbnailUrl":"http:\/\/www.pop.com.br\/arquivos\/p\/pad\/padremarcelorossi2912\/146520_marcelorossiintjpg.jpg","datePublished":"2011-07-11T11:38:00+00:00","breadcrumb":{"@id":"https:\/\/diretodasacristia.com\/home\/sem-categoria\/pe-marcelo-rossi-pagara-direitos-de-musica-2\/#breadcrumb"},"inLanguage":"pt-BR","potentialAction":[{"@type":"ReadAction","target":["https:\/\/diretodasacristia.com\/home\/sem-categoria\/pe-marcelo-rossi-pagara-direitos-de-musica-2\/"]}]},{"@type":"ImageObject","inLanguage":"pt-BR","@id":"https:\/\/diretodasacristia.com\/home\/sem-categoria\/pe-marcelo-rossi-pagara-direitos-de-musica-2\/#primaryimage","url":"http:\/\/www.pop.com.br\/arquivos\/p\/pad\/padremarcelorossi2912\/146520_marcelorossiintjpg.jpg","contentUrl":"http:\/\/www.pop.com.br\/arquivos\/p\/pad\/padremarcelorossi2912\/146520_marcelorossiintjpg.jpg"},{"@type":"BreadcrumbList","@id":"https:\/\/diretodasacristia.com\/home\/sem-categoria\/pe-marcelo-rossi-pagara-direitos-de-musica-2\/#breadcrumb","itemListElement":[{"@type":"ListItem","position":1,"name":"In\u00edcio","item":"https:\/\/diretodasacristia.com\/home\/"},{"@type":"ListItem","position":2,"name":"Pe. Marcelo Rossi pagar\u00e1 direitos de m\u00fasica"}]},{"@type":"WebSite","@id":"https:\/\/diretodasacristia.com\/home\/#website","url":"https:\/\/diretodasacristia.com\/home\/","name":"Direto da Sacristia","description":"Not\u00edcias e artigos sobre a f\u00e9 cat\u00f3lica","publisher":{"@id":"https:\/\/diretodasacristia.com\/home\/#organization"},"potentialAction":[{"@type":"SearchAction","target":{"@type":"EntryPoint","urlTemplate":"https:\/\/diretodasacristia.com\/home\/?s={search_term_string}"},"query-input":{"@type":"PropertyValueSpecification","valueRequired":true,"valueName":"search_term_string"}}],"inLanguage":"pt-BR"},{"@type":"Organization","@id":"https:\/\/diretodasacristia.com\/home\/#organization","name":"Direto da Sacristia","url":"https:\/\/diretodasacristia.com\/home\/","logo":{"@type":"ImageObject","inLanguage":"pt-BR","@id":"https:\/\/diretodasacristia.com\/home\/#\/schema\/logo\/image\/","url":"https:\/\/i0.wp.com\/diretodasacristia.com\/home\/wp-content\/uploads\/2012\/01\/marca-sacristia.png?fit=320%2C306&ssl=1","contentUrl":"https:\/\/i0.wp.com\/diretodasacristia.com\/home\/wp-content\/uploads\/2012\/01\/marca-sacristia.png?fit=320%2C306&ssl=1","width":"320","height":"306","caption":"Direto da Sacristia"},"image":{"@id":"https:\/\/diretodasacristia.com\/home\/#\/schema\/logo\/image\/"},"sameAs":["https:\/\/www.facebook.com\/DiretoSacristia","https:\/\/x.com\/diretosacristia","https:\/\/www.instagram.com\/diretodasacristia\/","https:\/\/www.youtube.com\/diretodasacristia"]},{"@type":"Person","@id":"https:\/\/diretodasacristia.com\/home\/#\/schema\/person\/3d453ef1f7d57c0bb0990b8070642721","name":"E. Mar\u00e7al","image":{"@type":"ImageObject","inLanguage":"pt-BR","@id":"https:\/\/secure.gravatar.com\/avatar\/348ff80a5ddde3de6c8b6e0c5b066b733f9245285d9ab87cd2e2ff652ffa95b0?s=96&d=mm&r=g","url":"https:\/\/secure.gravatar.com\/avatar\/348ff80a5ddde3de6c8b6e0c5b066b733f9245285d9ab87cd2e2ff652ffa95b0?s=96&d=mm&r=g","contentUrl":"https:\/\/secure.gravatar.com\/avatar\/348ff80a5ddde3de6c8b6e0c5b066b733f9245285d9ab87cd2e2ff652ffa95b0?s=96&d=mm&r=g","caption":"E. Mar\u00e7al"},"url":"https:\/\/diretodasacristia.com\/home\/author\/erick\/"}]}},"jetpack_publicize_connections":[],"jetpack_featured_media_url":"","jetpack_sharing_enabled":true,"jetpack_shortlink":"https:\/\/wp.me\/p24aG7-D","jetpack-related-posts":[{"id":47,"url":"https:\/\/diretodasacristia.com\/home\/sem-categoria\/casamento-catolico-do-principe-albert-ii-de-monaco-2\/","url_meta":{"origin":39,"position":0},"title":"Casamento cat\u00f3lico do Pr\u00edncipe Albert II de M\u00f4naco","author":"E. Mar\u00e7al","date":"2 de julho de 2011","format":false,"excerpt":"Fotos do Day LifeN\u00e3o foi precedido de tanta expectativa, nem foi coberto da curiosidade da imprensa como o hist\u00f3rico casamento anglicano do Pr\u00edncipe William com Kate Middleton, mas o matrim\u00f4nio cat\u00f3lico do Pr\u00edncipe Albert II e da (agora) Princesa Charlene Wittstock marcou a catolicidade da Seren\u00edssima monarquia monegasca, mesmo que\u2026","rel":"","context":"Em &quot;Sem categoria&quot;","block_context":{"text":"Sem categoria","link":"https:\/\/diretodasacristia.com\/home\/c\/sem-categoria\/"},"img":{"alt_text":"","src":"","width":0,"height":0},"classes":[]},{"id":4094,"url":"https:\/\/diretodasacristia.com\/home\/bento-xvi\/o-renascimento-catolico-segundo-dom-henrique-soares\/","url_meta":{"origin":39,"position":1},"title":"O renascimento cat\u00f3lico, segundo Dom Henrique Soares","author":"E. Mar\u00e7al","date":"14 de setembro de 2013","format":false,"excerpt":"Palavras corajosas e sinceras na entrevista de um Bispo que conheceu de perto anos mais dif\u00edceis no Brasil e hoje \u00e9 um daqueles que apoiam o novo movimento lit\u00fargico da Igreja. Vale a pena assistir","rel":"","context":"Em &quot;Bento XVI&quot;","block_context":{"text":"Bento XVI","link":"https:\/\/diretodasacristia.com\/home\/c\/bento-xvi\/"},"img":{"alt_text":"","src":"https:\/\/i0.wp.com\/img.youtube.com\/vi\/pYb3IIQckCg\/0.jpg?resize=350%2C200","width":350,"height":200},"classes":[]},{"id":5475,"url":"https:\/\/diretodasacristia.com\/home\/brasil\/o-renascimento-catolico-no-brasil-segundo-karnal\/","url_meta":{"origin":39,"position":2},"title":"O renascimento cat\u00f3lico no Brasil, segundo Karnal","author":"Reda\u00e7\u00e3o","date":"3 de mar\u00e7o de 2026","format":false,"excerpt":"\"N\u00e3o s\u00e3o os movimentos das Comunidades Eclesiais de Base, n\u00e3o s\u00e3o os movimentos da Teologia da Liberta\u00e7\u00e3o. O que hoje se v\u00ea presente na Igreja \u00e9 a presen\u00e7a decisiva de movimentos mais tradicionalistas, que voltam a cultuar santos, que voltam a exigir roupas formais do padre\".","rel":"","context":"Em &quot;Brasil&quot;","block_context":{"text":"Brasil","link":"https:\/\/diretodasacristia.com\/home\/c\/brasil\/"},"img":{"alt_text":"","src":"https:\/\/i0.wp.com\/diretodasacristia.com\/home\/wp-content\/uploads\/2026\/03\/TurC3ADbulodouradoincenso-scaled.jpg?resize=350%2C200&ssl=1","width":350,"height":200,"srcset":"https:\/\/i0.wp.com\/diretodasacristia.com\/home\/wp-content\/uploads\/2026\/03\/TurC3ADbulodouradoincenso-scaled.jpg?resize=350%2C200&ssl=1 1x, https:\/\/i0.wp.com\/diretodasacristia.com\/home\/wp-content\/uploads\/2026\/03\/TurC3ADbulodouradoincenso-scaled.jpg?resize=525%2C300&ssl=1 1.5x, https:\/\/i0.wp.com\/diretodasacristia.com\/home\/wp-content\/uploads\/2026\/03\/TurC3ADbulodouradoincenso-scaled.jpg?resize=700%2C400&ssl=1 2x, https:\/\/i0.wp.com\/diretodasacristia.com\/home\/wp-content\/uploads\/2026\/03\/TurC3ADbulodouradoincenso-scaled.jpg?resize=1050%2C600&ssl=1 3x, https:\/\/i0.wp.com\/diretodasacristia.com\/home\/wp-content\/uploads\/2026\/03\/TurC3ADbulodouradoincenso-scaled.jpg?resize=1400%2C800&ssl=1 4x"},"classes":[]},{"id":2432,"url":"https:\/\/diretodasacristia.com\/home\/sem-categoria\/1-ano-de-noticias-na-sacristia-2\/","url_meta":{"origin":39,"position":3},"title":"1 ano de not\u00edcias na sacristia","author":"E. Mar\u00e7al","date":"4 de agosto de 2011","format":false,"excerpt":"Perdi a conta de quantos downloads fiz... de quantos cliques... de quantas horas exaustivas... de quantas vezes tive que recome\u00e7ar a edi\u00e7\u00e3o... ... enfim, foi mais de uma semana nesse projeto... Primeiro post Ufa! Nunca fiz um anivers\u00e1rio t\u00e3o exigente como este. Hoje o \"Direto da Sacristia\" comemora seu primeiro\u2026","rel":"","context":"Em &quot;Sem categoria&quot;","block_context":{"text":"Sem categoria","link":"https:\/\/diretodasacristia.com\/home\/c\/sem-categoria\/"},"img":{"alt_text":"","src":"","width":0,"height":0},"classes":[]},{"id":6,"url":"https:\/\/diretodasacristia.com\/home\/sem-categoria\/queiruga-e-vetado-de-instituto-de-teologia-2\/","url_meta":{"origin":39,"position":4},"title":"Queiruga \u00e9 vetado de instituto de teologia","author":"E. Mar\u00e7al","date":"13 de novembro de 2011","format":false,"excerpt":"Andr\u00e9s Torres QueirugaTeologia distorcida, mas, agora vetada em Bilbao\u00c9 de se alegrar que Queiruga tenha sido vetado de falar de sua \"teologia\", depois que afirmou e reafirmou em setembro no Recife, entre outras coisas, \u00a0que n\u00e3o h\u00e1 possess\u00f5es diab\u00f3licas, nem muito menos a\u00e7\u00e3o dos anjos bons no mundo.*Com informa\u00e7\u00f5es do\u00a0Humanitas\u2026","rel":"","context":"Em &quot;Sem categoria&quot;","block_context":{"text":"Sem categoria","link":"https:\/\/diretodasacristia.com\/home\/c\/sem-categoria\/"},"img":{"alt_text":"","src":"https:\/\/i0.wp.com\/2.bp.blogspot.com\/-tpqYAjb7Tg4\/Tr_nG9B5igI\/AAAAAAAACco\/2bCoK342O2c\/s320\/Queiruga%2BUNICAP%2Bsetembro%2B2011.jpg?resize=350%2C200","width":350,"height":200},"classes":[]},{"id":1453,"url":"https:\/\/diretodasacristia.com\/home\/liturgia\/uso-do-baculo-pastoral-por-nao-bispos\/","url_meta":{"origin":39,"position":5},"title":"Uso do b\u00e1culo pastoral por n\u00e3o-bispos","author":"E. Mar\u00e7al","date":"9 de mar\u00e7o de 2012","format":false,"excerpt":"Resposta \u00e0 pergunta do leitor Luiz Ant\u00f4nio Rocha Amaral: Minha d\u00favida foi sanada quase por completo nesta publica\u00e7\u00e3o, na qual est\u00e1 escrita que os cardeais que n\u00e3o foram consagrados bispos t\u00eam direito de usar as ins\u00edgnias episcopais, por\u00e9m ainda tenho uma d\u00favida: o uso do b\u00e1culo \u00e9 permitido tamb\u00e9m? Pois\u2026","rel":"","context":"Em &quot;Liturgia&quot;","block_context":{"text":"Liturgia","link":"https:\/\/diretodasacristia.com\/home\/c\/liturgia\/"},"img":{"alt_text":"","src":"https:\/\/i0.wp.com\/diretodasacristia.com\/home\/wp-content\/uploads\/2012\/03\/Cardeal-Urbano-Navarrete.jpg?resize=350%2C200","width":350,"height":200},"classes":[]}],"post_mailing_queue_ids":[],"_links":{"self":[{"href":"https:\/\/diretodasacristia.com\/home\/wp-json\/wp\/v2\/posts\/39","targetHints":{"allow":["GET"]}}],"collection":[{"href":"https:\/\/diretodasacristia.com\/home\/wp-json\/wp\/v2\/posts"}],"about":[{"href":"https:\/\/diretodasacristia.com\/home\/wp-json\/wp\/v2\/types\/post"}],"author":[{"embeddable":true,"href":"https:\/\/diretodasacristia.com\/home\/wp-json\/wp\/v2\/users\/3"}],"replies":[{"embeddable":true,"href":"https:\/\/diretodasacristia.com\/home\/wp-json\/wp\/v2\/comments?post=39"}],"version-history":[{"count":0,"href":"https:\/\/diretodasacristia.com\/home\/wp-json\/wp\/v2\/posts\/39\/revisions"}],"wp:attachment":[{"href":"https:\/\/diretodasacristia.com\/home\/wp-json\/wp\/v2\/media?parent=39"}],"wp:term":[{"taxonomy":"category","embeddable":true,"href":"https:\/\/diretodasacristia.com\/home\/wp-json\/wp\/v2\/categories?post=39"},{"taxonomy":"post_tag","embeddable":true,"href":"https:\/\/diretodasacristia.com\/home\/wp-json\/wp\/v2\/tags?post=39"}],"curies":[{"name":"wp","href":"https:\/\/api.w.org\/{rel}","templated":true}]}}