{"id":4264,"date":"2014-11-30T16:38:29","date_gmt":"2014-11-30T19:38:29","guid":{"rendered":"http:\/\/diretodasacristia.com\/home\/?p=4264"},"modified":"2014-11-30T16:47:47","modified_gmt":"2014-11-30T19:47:47","slug":"como-abencoar-na-missa","status":"publish","type":"post","link":"https:\/\/diretodasacristia.com\/home\/liturgia\/como-abencoar-na-missa\/","title":{"rendered":"Como aben\u00e7oar na Missa?"},"content":{"rendered":"<p style=\"text-align: justify;\">Ap\u00f3s mais de 16 s\u00e9culos de evolu\u00e7\u00e3o lit\u00fargica, n\u00e3o se pode dizer que algo na Liturgia \u00e9 simples obra do acaso, sem sentido ou sem hist\u00f3ria. Qualquer item nela tem um in\u00edcio, evolu\u00e7\u00e3o, significado e explica\u00e7\u00e3o teol\u00f3gica. Nada \u00e9\u00a0<em>ex nihilo<\/em>, <strong>nada na Liturgia nasceu do nada<\/strong>, isto \u00e9,\u00a0<em>ex nihilo nihil fit<\/em>.<\/p>\n<p style=\"text-align: center;\"><a href=\"https:\/\/diretodasacristia.com\/home\/wp-content\/uploads\/2014\/11\/Sacerdote-beijo-altar-c%C3%A1lice-missal-casula-man%C3%ADpulo-missa-tridentina-Corpus-Christi-Watershed.jpg\"><img loading=\"lazy\" decoding=\"async\" class=\" wp-image-4064 aligncenter\" src=\"https:\/\/diretodasacristia.com\/home\/wp-content\/uploads\/2014\/11\/Sacerdote-beijo-altar-c%C3%A1lice-missal-casula-man%C3%ADpulo-missa-tridentina-Corpus-Christi-Watershed.jpg\" alt=\"\" width=\"800\" height=\"533\" \/><\/a><em>Sacerdote beija o altar durante a ora\u00e7\u00e3o do C\u00e2non da Missa, segundo o rito antigo<br \/>\n<\/em><em>Imagem:\u00a0Corpus Christi Watershed<\/em><\/p>\n<p style=\"text-align: justify;\">Com a promessa de Cristo de que estaria com a Igreja at\u00e9 ao fim do mundo e de que enviaria o Seu Esp\u00edrito e Ele revelaria toda a verdade, <strong>\u00e9 religiosamente imposs\u00edvel acreditar, por exemlo, que a Missa ainda se chamaria<\/strong> &#8220;Fra\u00e7\u00e3o do P\u00e3o&#8221;, sem desenvolvimento nos ritos que\u00a0surgiu\u00a0com o passar do tempo. Isto aconteceu de forma \u00e0s vezes gradual e natural, segundo as exig\u00eancias da espiritualidade de cada per\u00edodo.<\/p>\n<p style=\"text-align: justify;\">Ainda vivemos em tempo recente da redescoberta e nova valoriza\u00e7\u00e3o das antigas tradi\u00e7\u00f5es lit\u00fargicas e at\u00e9 mesmo teol\u00f3gicas, que, em grande parte, ajudam-se na Liturgia. <strong>As rubricas n\u00e3o devem ser meras execu\u00e7\u00f5es de atos e palavras<\/strong>, sem exprimir, formando a espiritualidade de quem celebra e participa, os sentimentos espirituais de cada um. <strong>Para tanto, o seu estudo \u00e9 algo indispens\u00e1vel<\/strong>. A nova valoriza\u00e7\u00e3o do grande patrim\u00f4nio lit\u00fargico da Igreja \u00e9 recente porque sa\u00edmos de uma forte gera\u00e7\u00e3o que, em sua maioria, viu no Conc\u00edlio Vaticano II uma in\u00e9dita ruptura com o passado recente e pretendeu uma aleat\u00f3ria descoberta dos prim\u00f3rdios, esquecendo-se do que a Igreja conquistou nos \u00faltimos cinco s\u00e9culos. <strong>Claro que a Tradi\u00e7\u00e3o \u00e9 uma s\u00f3 e n\u00e3o pode ser quebrada, mas n\u00e3o s\u00f3 a Igreja nascente tem valores, como o desenvolvimento lit\u00fargico na Idade M\u00e9dia tamb\u00e9m<\/strong>. Hoje ainda \u00e9 insuficiente a forma\u00e7\u00e3o que muitos seminaristas recebem e que muitos Sacerdotes, de ordena\u00e7\u00e3o relativamente recente, receberam. <strong>Tentam compensar isto apenas imitando o que se tem feito como correto em certas circunst\u00e2ncias ou interpretando por si mesmos o que acreditamo ser correto<\/strong>. Mas isto \u00e9 perigoso. Por exemplo, surgimento de ora\u00e7\u00f5es previstas e compiladas num livro, o Missal, quis manter a ortodoxia da doutrina celebrada nos ritos e evitar a criatividade dos ministros, de modo que em qualquer lugar que a Liturgia fosse celebrada estivesse de acordo com a f\u00e9 cat\u00f3lica, sem excedentes nem supress\u00f5es.<\/p>\n<p style=\"text-align: justify;\"><strong>Hoje ainda assistimos a fatos que demonstram claro desconhecimento ou at\u00e9 inten\u00e7\u00e3o desvirtuada da correta aplica\u00e7\u00e3o das normas lit\u00fargicas, tais como:<\/strong><\/p>\n<p style=\"text-align: justify;\"><strong>1.<\/strong> Sacerdotes usando casula e dalm\u00e1tica (ou alternando o uso destes paramentos na Missa da Ceia do Senhor, ao depor a casula no rito do lava-p\u00e9s), como se fossem Bispos ou Abades.<\/p>\n<p style=\"text-align: justify;\"><strong>2.<\/strong> Sacerdotes e Di\u00e1conos usando solid\u00e9us pretos, numa pretensa valoriza\u00e7\u00e3o de direitos antigos, pensando que este item \u00e9\u00a0de uso previsto\u00a0a todos os cl\u00e9rigos, apesar mudando a cor, de acordo com sua dignidade. Contudo, isto nunca aconteceu na Igreja (<a href=\"https:\/\/diretodasacristia.com\/home\/heri-et-hodie\/todos-podem-usar-solideu\/\/\">https:\/\/diretodasacristia.com\/home\/heri-et-hodie\/todos-podem-usar-solideu\/<\/a>)<\/p>\n<p style=\"text-align: justify;\"><strong>A b\u00ean\u00e7\u00e3o na Missa<\/strong><\/p>\n<p style=\"text-align: justify;\">Como fal\u00e1vamos, os ritos evolu\u00edram com o passar do tempo e o estudo de liturgistas e te\u00f3logos, com a aprova\u00e7\u00e3o oficial da Igreja, antes ou depois do surgimento de novos costumes. <strong>Inicialmente, a Missa n\u00e3o tinha b\u00ean\u00e7\u00e3o final, mas somente o Bispo sa\u00eda da igreja aben\u00e7oando a todos<\/strong>. Melhor dizendo, todas as b\u00ean\u00e7\u00e3os eram reservadas ao Bispo, como verdadeiro pastor da Igreja local. Mas o rito galicano do s\u00e9culo VII introduziu o costume de sacerdote dar uma b\u00ean\u00e7\u00e3o ao povo ap\u00f3s o\u00a0<em>Pai nosso\u00a0<\/em>da Missa.<\/p>\n<p style=\"text-align: center;\"><a href=\"https:\/\/diretodasacristia.com\/home\/wp-content\/uploads\/2014\/11\/Missa-tridentina-Notre-Dame-Patris-850-anos-dedica%C3%A7%C3%A3o-padre-incensando-casula-di%C3%A1conos-dalm%C3%A1ticas.jpg\"><img loading=\"lazy\" decoding=\"async\" class=\" wp-image-4064 aligncenter\" src=\"https:\/\/diretodasacristia.com\/home\/wp-content\/uploads\/2014\/11\/Missa-tridentina-Notre-Dame-Patris-850-anos-dedica%C3%A7%C3%A3o-padre-incensando-casula-di%C3%A1conos-dalm%C3%A1ticas.jpg\" alt=\"\" width=\"800\" height=\"530\" \/><\/a><em>Celebrante incensa durante a Missa na Catedral de Notre-Dame, de Paris, em comemora\u00e7\u00e3o dos 850 anos da dedica\u00e7\u00e3o da igreja<br \/>\n<\/em><em><span style=\"color: #000000;\">Imagem: Gonzague Bridault<\/span><\/em><\/p>\n<p style=\"text-align: justify;\">A pura liturgia romana foi influenciada principalmente pelo rito galicano, trazido \u00e0 Roma pelo imperador, resultando principalmente s\u00e9culos depois na liturgia tridentina, da qual a forma ordin\u00e1ria hoje tem alguns resqu\u00edcios. O rito galicano inaugurou um n\u00famero maior de ritos (o da paramenta\u00e7\u00e3o antes da Missa, por exemplo), mais solenidade (era pr\u00f3pria da corte imperial) e enobreceu a simples liturgia romana. Portanto, come\u00e7aram a aparecer nos posteriores sacrament\u00e1rios <strong>formul\u00e1rios que prescreviam ao Sacerdote uma ora\u00e7\u00e3o de b\u00ean\u00e7\u00e3o\u00a0<em>super populum<\/em><\/strong> (tal como aquela da Celebra\u00e7\u00e3o da Sexta-feira Santa), ao fim mesmo da Missa, precedida de um convite formal, tal como o conhecido &#8220;Inclinai-vos para receber a b\u00ean\u00e7\u00e3o&#8221;. Isto melhorou o costume galicano, preocupando-se que, se a b\u00ean\u00e7\u00e3o fosse depois do\u00a0<em>Pai nosso<\/em>, como originalmente, o povo iria embora do templo.<\/p>\n<p style=\"text-align: justify;\">A partir do s\u00e9culo XII a b\u00ean\u00e7\u00e3o, tamb\u00e9m em Roma, passa a ser dada ainda no altar, depois do fim da Missa. A f\u00f3rmula simples atual\u00a0<em>Benedicat vos omnipotens Deus Pater et Filius et Spiritus Sanctus<\/em> aparece no S\u00ednodo de Albi, em 1230. Contudo, em algumas ocasi\u00f5es trataram de ornar com maior solenidade a b\u00ean\u00e7\u00e3o final sacerdotal, com elementos:<\/p>\n<p style=\"text-align: justify;\">&#8211;<strong> Ou em desuso hoje:<\/strong> acompanhar as palavras da b\u00ean\u00e7\u00e3o com um qu\u00e1druplo sinal da cruz, na dire\u00e7\u00e3o dos quatro pontos cardeais.<br \/>\n&#8211;<strong> Ou hoje restritos aos Bispos, desde o s\u00e9culo XIII:<\/strong> anteceder a b\u00ean\u00e7\u00e3o com os vers\u00edculos\u00a0<em>Sit nomen Domini benedictum\u00a0<\/em>e\u00a0<em>Adjutorium nostrum in nomine Domini<\/em> e tra\u00e7ar tr\u00eas vezes o sinal da cruz.<\/p>\n<p style=\"text-align: justify;\">A Idade M\u00e9dia, por fim, viu as Missas possu\u00edrem b\u00ean\u00e7\u00e3o final de seu Celebrante, mas foi preocupa\u00e7\u00e3o estabelecer a diferen\u00e7a entre o poder da b\u00ean\u00e7\u00e3o episcopal e da sacerdotal. Portanto, <strong>o Bispo continuou a conced\u00ea-la simplesmente com a m\u00e3o, mas o sacerdote deveu servir-se de um objeto sagrado como meio de aben\u00e7oar<\/strong>. Deste modo, est\u00e3o usadas rel\u00edquias (cujas b\u00ean\u00e7\u00e3os j\u00e1 era comuns desde o s\u00e9culo XI) dos Santos ou da Cruz, a patena, o c\u00e1lice, o corporal ou um crucifixo (como \u00e9 visto em ritos orientais).<\/p>\n<p style=\"text-align: justify;\"><strong>Os atuais gestos da b\u00ean\u00e7\u00e3o da Missa e das Laudes e V\u00e9speras do Of\u00edcio Divino<\/strong><\/p>\n<p style=\"text-align: center;\"><a href=\"https:\/\/diretodasacristia.com\/home\/wp-content\/uploads\/2014\/11\/B%C3%AAn%C3%A7%C3%A3o-final.jpg\"><img loading=\"lazy\" decoding=\"async\" class=\" wp-image-4064 aligncenter\" src=\"https:\/\/diretodasacristia.com\/home\/wp-content\/uploads\/2014\/11\/B%C3%AAn%C3%A7%C3%A3o-final.jpg\" alt=\"B\u00ean\u00e7\u00e3o-final.jpg\" width=\"800\" height=\"566\" \/><\/a><i>N\u00e3o \u00e9 por acaso que a cruz est\u00e1 ap\u00f3s o &#8220;Filho&#8221; nos textos de b\u00ean\u00e7\u00e3o gerais, n\u00e3o exclusivamente dos Bispos,<br \/>\n<\/i><i>que aben\u00e7oam com tr\u00edplice cruz, \u00e0 esquerda, ao meio e \u00e0 direita.<\/i><\/p>\n<p style=\"text-align: justify;\">Alguns costumes desapareceram da b\u00ean\u00e7\u00e3o final, mas foram preservadas particularidades que exprimem conceitos evang\u00e9licos e genericamente teol\u00f3gicos. O Evangelho de S\u00e3o Lucas\u00a0descreve que Nosso Senhor, antes de ascender aos c\u00e9us, aben\u00e7oou Seus disc\u00edpulos\u00a0<em>elevatis manibus<\/em>, erguendo as m\u00e3os (24, 50). \u00a0Portanto, desenvolveu-se o rito seguidamente descrito:<\/p>\n<p style=\"text-align: justify;\"><strong>1. O Celebrante diz\u00a0<em>Dominus vobiscum<\/em> com as m\u00e3os postas.<br \/>\n<\/strong><strong>2. \u00c0s palavras\u00a0<em>Benedicat vos omnipotens Deus<\/em>\u00a0abre e eleva as m\u00e3os at\u00e9 a largura dos ombros e \u00e0 altura de sua cabe\u00e7a.<br \/>\n<\/strong><strong>3. Antes de dizer\u00a0<em>Pater\u00a0<\/em>junta novamente as m\u00e3os.<br \/>\n<\/strong><strong>4. Tra\u00e7a uma cruz grega (de 4 tra\u00e7os iguais) ao pronunciar\u00a0<em>et Filius.<br \/>\n<\/em><\/strong><strong>5. Volta a juntar as m\u00e3os novamente ao dizer\u00a0<em>et Spiritus Sanctus.<\/em><\/strong><\/p>\n<p style=\"text-align: center;\"><span class=\"embed-youtube\" style=\"text-align:center; display: block;\"><iframe loading=\"lazy\" class=\"youtube-player\" width=\"900\" height=\"507\" src=\"https:\/\/www.youtube.com\/embed\/pZYInSG4E-I?version=3&#038;rel=1&#038;showsearch=0&#038;showinfo=1&#038;iv_load_policy=1&#038;fs=1&#038;hl=pt-BR&#038;autohide=2&#038;wmode=transparent\" allowfullscreen=\"true\" style=\"border:0;\" sandbox=\"allow-scripts allow-same-origin allow-popups allow-presentation allow-popups-to-escape-sandbox\"><\/iframe><\/span><\/p>\n<p style=\"text-align: justify;\">O Bispo, como dissemos, desde o s\u00e9culo XIII, ajunta antes da b\u00ean\u00e7\u00e3o os vers\u00edculos\u00a0<em>Sit nomen Domini benedictum <\/em>(fazendo uma cruz sobre o peito)\u00a0e\u00a0<em>Adjutorium nostrum in nomine Domini\u00a0<\/em>(fazendo o sinal da cruz sobre si mesmo). Al\u00e9m disso, <strong>o Prelado tra\u00e7a, \u00e0 men\u00e7\u00e3o de cada Sant\u00edssima Pessoa, uma cruz, primeiro \u00e0 sua esquerda, depois ao meio e \u00e0 sua direita<\/strong>. Isto continua prescrito na forma ordin\u00e1ria, de acordo com Cerimonial dos Bispos (n\u00ba 1120), nas Missas e nas Laudes e V\u00e9speras Solenes do Of\u00edcio Divino. Sen\u00e3o, o Bispo concede uma b\u00ean\u00e7\u00e3o simples. Na forma ordin\u00e1ria, inclusive, se o Bispo for pronunciar a f\u00f3rmula de b\u00ean\u00e7\u00e3o solene prevista para algumas ocasi\u00f5es, diz o\u00a0<em>Dominus vobiscum<\/em> e, omitindo os 2 vers\u00edculos, pronuncia a f\u00f3rmula solene e aben\u00e7oa os presentes com os gestos descritos. <strong>Observem tudo isto no curto v\u00eddeo acima.<\/strong><\/p>\n<p style=\"text-align: center;\"><span class=\"embed-youtube\" style=\"text-align:center; display: block;\"><iframe loading=\"lazy\" class=\"youtube-player\" width=\"900\" height=\"507\" src=\"https:\/\/www.youtube.com\/embed\/eIfoYm2tsSc?version=3&#038;rel=1&#038;showsearch=0&#038;showinfo=1&#038;iv_load_policy=1&#038;fs=1&#038;hl=pt-BR&#038;autohide=2&#038;wmode=transparent\" allowfullscreen=\"true\" style=\"border:0;\" sandbox=\"allow-scripts allow-same-origin allow-popups allow-presentation allow-popups-to-escape-sandbox\"><\/iframe><\/span><\/p>\n<p style=\"text-align: justify;\">J\u00e1 os Sacerdotes n\u00e3o devem, ao pronunciar o nome de cada uma das Sant\u00edssimas Pessoas, &#8220;pontuar&#8221; a cruz grega que tra\u00e7am como sinal da b\u00ean\u00e7\u00e3o. Ou seja, n\u00e3o devem tra\u00e7ar a cruz enquanto dizem a f\u00f3rmula completa da b\u00ean\u00e7\u00e3o final, pronunciando\u00a0<em>Pater\u00a0<\/em>e tra\u00e7ando a primeira metade da linha vertical da cruz;\u00a0<em>et Filius\u00a0<\/em>e tra\u00e7ando a segunda metade da linha vertical;\u00a0<em>et Spiritus Sanctus\u00a0<\/em>e tra\u00e7ando a linha horizontal completa da cruz grega. A teologia lit\u00fargica diz que, quando o ministro pronuncia a b\u00ean\u00e7\u00e3o final de algum rito \u2014\u00a0que n\u00e3o seja solene como a Missa e as Laudes e as V\u00e9speras do Of\u00edcio Divino\u00a0\u2014, mesmo o Bispo, <strong>o sinal da cruz deve acompanhar unicamente a men\u00e7\u00e3o do nome do Filho<\/strong>, uma vez que foi por Ele que fomos salvos no sacrif\u00edcio cruente e perfeito da cruz. \u00c9 por Ele que a cruz \u00e9 sinal de salva\u00e7\u00e3o e \u00e9 usada para aben\u00e7oar. Isto \u00e9 ainda mais confirmado quando vemos as cruzes presentes nos textos das Ora\u00e7\u00f5es Eucar\u00edsticas, indicando ao Celebrante que, naquele instante, deve tra\u00e7ar o sinal da cruz sobre as ofertas.\u00a0<strong>Observem como faz o Sacerdote no v\u00eddeo acima.<\/strong><\/p>\n<p style=\"text-align: justify;\">Portanto, o correto tamb\u00e9m \u00e9 n\u00e3o &#8220;pontuar&#8221; o tra\u00e7o da cruz grega, seja em qualquer b\u00ean\u00e7\u00e3o, mas fazer um gesto cont\u00ednuo.<\/p>\n<p style=\"text-align: justify;\">_______________<\/p>\n<p style=\"text-align: justify;\">Fonte bibliogr\u00e1fica: JUNGMANN, Josef Andreas. Missarum Sollemnia. Paulus. 5\u00aa edi\u00e7\u00e3o. 2009.<\/p>\n","protected":false},"excerpt":{"rendered":"Ou seja, n\u00e3o devem tra\u00e7ar a cruz enquanto dizem a f\u00f3rmula completa da b\u00ean\u00e7\u00e3o final, pronunciando &#8220;Pater et Filius&#8221; enquanto tra\u00e7am a linha vertical e &#8220;et Spiritus Sanctus&#8221; tra\u00e7ando a linha horizontal completa da cruz grega.","protected":false},"author":3,"featured_media":0,"comment_status":"open","ping_status":"open","sticky":false,"template":"","format":"standard","meta":{"jetpack_post_was_ever_published":false,"_jetpack_newsletter_access":"","_jetpack_dont_email_post_to_subs":false,"_jetpack_newsletter_tier_id":0,"_jetpack_memberships_contains_paywalled_content":false,"_jetpack_memberships_contains_paid_content":false,"_joinchat":[],"footnotes":"","jetpack_publicize_message":"","jetpack_publicize_feature_enabled":true,"jetpack_social_post_already_shared":true,"jetpack_social_options":{"image_generator_settings":{"template":"highway","default_image_id":0,"font":"","enabled":false},"version":2}},"categories":[37,20,34],"tags":[],"class_list":["post-4264","post","type-post","status-publish","format-standard","hentry","category-destaque","category-liturgia","category-teologia"],"yoast_head":"<!-- This site is optimized with the Yoast SEO plugin v27.4 - https:\/\/yoast.com\/product\/yoast-seo-wordpress\/ -->\n<title>Como aben\u00e7oar na Missa? - Direto da Sacristia<\/title>\n<meta name=\"robots\" content=\"index, follow, max-snippet:-1, max-image-preview:large, max-video-preview:-1\" \/>\n<link rel=\"canonical\" href=\"https:\/\/diretodasacristia.com\/home\/liturgia\/como-abencoar-na-missa\/\" \/>\n<meta property=\"og:locale\" content=\"pt_BR\" \/>\n<meta property=\"og:type\" content=\"article\" \/>\n<meta property=\"og:title\" content=\"Como aben\u00e7oar na Missa? - Direto da Sacristia\" \/>\n<meta property=\"og:description\" content=\"Ou seja, n\u00e3o devem tra\u00e7ar a cruz enquanto dizem a f\u00f3rmula completa da b\u00ean\u00e7\u00e3o final, pronunciando &quot;Pater et Filius&quot; enquanto tra\u00e7am a linha vertical e &quot;et Spiritus Sanctus&quot; tra\u00e7ando a linha horizontal completa da cruz grega.\" \/>\n<meta property=\"og:url\" content=\"https:\/\/diretodasacristia.com\/home\/liturgia\/como-abencoar-na-missa\/\" \/>\n<meta property=\"og:site_name\" content=\"Direto da Sacristia\" \/>\n<meta property=\"article:publisher\" content=\"https:\/\/www.facebook.com\/DiretoSacristia\" \/>\n<meta property=\"article:published_time\" content=\"2014-11-30T19:38:29+00:00\" \/>\n<meta property=\"article:modified_time\" content=\"2014-11-30T19:47:47+00:00\" \/>\n<meta property=\"og:image\" content=\"http:\/\/diretodasacristia.com\/home\/wp-content\/uploads\/2014\/11\/Sacerdote-beijo-altar-c%C3%A1lice-missal-casula-man%C3%ADpulo-missa-tridentina-Corpus-Christi-Watershed.jpg\" \/>\n<meta name=\"author\" content=\"E. Mar\u00e7al\" \/>\n<meta name=\"twitter:card\" content=\"summary_large_image\" \/>\n<meta name=\"twitter:creator\" content=\"@diretosacristia\" \/>\n<meta name=\"twitter:site\" content=\"@diretosacristia\" \/>\n<meta name=\"twitter:label1\" content=\"Escrito por\" \/>\n\t<meta name=\"twitter:data1\" content=\"E. Mar\u00e7al\" \/>\n\t<meta name=\"twitter:label2\" content=\"Est. tempo de leitura\" \/>\n\t<meta name=\"twitter:data2\" content=\"8 minutos\" \/>\n<script type=\"application\/ld+json\" class=\"yoast-schema-graph\">{\"@context\":\"https:\\\/\\\/schema.org\",\"@graph\":[{\"@type\":\"Article\",\"@id\":\"https:\\\/\\\/diretodasacristia.com\\\/home\\\/liturgia\\\/como-abencoar-na-missa\\\/#article\",\"isPartOf\":{\"@id\":\"https:\\\/\\\/diretodasacristia.com\\\/home\\\/liturgia\\\/como-abencoar-na-missa\\\/\"},\"author\":{\"name\":\"E. Mar\u00e7al\",\"@id\":\"https:\\\/\\\/diretodasacristia.com\\\/home\\\/#\\\/schema\\\/person\\\/3d453ef1f7d57c0bb0990b8070642721\"},\"headline\":\"Como aben\u00e7oar na Missa?\",\"datePublished\":\"2014-11-30T19:38:29+00:00\",\"dateModified\":\"2014-11-30T19:47:47+00:00\",\"mainEntityOfPage\":{\"@id\":\"https:\\\/\\\/diretodasacristia.com\\\/home\\\/liturgia\\\/como-abencoar-na-missa\\\/\"},\"wordCount\":1633,\"commentCount\":1,\"publisher\":{\"@id\":\"https:\\\/\\\/diretodasacristia.com\\\/home\\\/#organization\"},\"image\":{\"@id\":\"https:\\\/\\\/diretodasacristia.com\\\/home\\\/liturgia\\\/como-abencoar-na-missa\\\/#primaryimage\"},\"thumbnailUrl\":\"http:\\\/\\\/diretodasacristia.com\\\/home\\\/wp-content\\\/uploads\\\/2014\\\/11\\\/Sacerdote-beijo-altar-c%C3%A1lice-missal-casula-man%C3%ADpulo-missa-tridentina-Corpus-Christi-Watershed.jpg\",\"articleSection\":[\"Destaque\",\"Liturgia\",\"Teologia\"],\"inLanguage\":\"pt-BR\",\"potentialAction\":[{\"@type\":\"CommentAction\",\"name\":\"Comment\",\"target\":[\"https:\\\/\\\/diretodasacristia.com\\\/home\\\/liturgia\\\/como-abencoar-na-missa\\\/#respond\"]}]},{\"@type\":\"WebPage\",\"@id\":\"https:\\\/\\\/diretodasacristia.com\\\/home\\\/liturgia\\\/como-abencoar-na-missa\\\/\",\"url\":\"https:\\\/\\\/diretodasacristia.com\\\/home\\\/liturgia\\\/como-abencoar-na-missa\\\/\",\"name\":\"Como aben\u00e7oar na Missa? - Direto da Sacristia\",\"isPartOf\":{\"@id\":\"https:\\\/\\\/diretodasacristia.com\\\/home\\\/#website\"},\"primaryImageOfPage\":{\"@id\":\"https:\\\/\\\/diretodasacristia.com\\\/home\\\/liturgia\\\/como-abencoar-na-missa\\\/#primaryimage\"},\"image\":{\"@id\":\"https:\\\/\\\/diretodasacristia.com\\\/home\\\/liturgia\\\/como-abencoar-na-missa\\\/#primaryimage\"},\"thumbnailUrl\":\"http:\\\/\\\/diretodasacristia.com\\\/home\\\/wp-content\\\/uploads\\\/2014\\\/11\\\/Sacerdote-beijo-altar-c%C3%A1lice-missal-casula-man%C3%ADpulo-missa-tridentina-Corpus-Christi-Watershed.jpg\",\"datePublished\":\"2014-11-30T19:38:29+00:00\",\"dateModified\":\"2014-11-30T19:47:47+00:00\",\"breadcrumb\":{\"@id\":\"https:\\\/\\\/diretodasacristia.com\\\/home\\\/liturgia\\\/como-abencoar-na-missa\\\/#breadcrumb\"},\"inLanguage\":\"pt-BR\",\"potentialAction\":[{\"@type\":\"ReadAction\",\"target\":[\"https:\\\/\\\/diretodasacristia.com\\\/home\\\/liturgia\\\/como-abencoar-na-missa\\\/\"]}]},{\"@type\":\"ImageObject\",\"inLanguage\":\"pt-BR\",\"@id\":\"https:\\\/\\\/diretodasacristia.com\\\/home\\\/liturgia\\\/como-abencoar-na-missa\\\/#primaryimage\",\"url\":\"http:\\\/\\\/diretodasacristia.com\\\/home\\\/wp-content\\\/uploads\\\/2014\\\/11\\\/Sacerdote-beijo-altar-c%C3%A1lice-missal-casula-man%C3%ADpulo-missa-tridentina-Corpus-Christi-Watershed.jpg\",\"contentUrl\":\"http:\\\/\\\/diretodasacristia.com\\\/home\\\/wp-content\\\/uploads\\\/2014\\\/11\\\/Sacerdote-beijo-altar-c%C3%A1lice-missal-casula-man%C3%ADpulo-missa-tridentina-Corpus-Christi-Watershed.jpg\"},{\"@type\":\"BreadcrumbList\",\"@id\":\"https:\\\/\\\/diretodasacristia.com\\\/home\\\/liturgia\\\/como-abencoar-na-missa\\\/#breadcrumb\",\"itemListElement\":[{\"@type\":\"ListItem\",\"position\":1,\"name\":\"In\u00edcio\",\"item\":\"https:\\\/\\\/diretodasacristia.com\\\/home\\\/\"},{\"@type\":\"ListItem\",\"position\":2,\"name\":\"Como aben\u00e7oar na Missa?\"}]},{\"@type\":\"WebSite\",\"@id\":\"https:\\\/\\\/diretodasacristia.com\\\/home\\\/#website\",\"url\":\"https:\\\/\\\/diretodasacristia.com\\\/home\\\/\",\"name\":\"Direto da Sacristia\",\"description\":\"Not\u00edcias e artigos sobre a f\u00e9 cat\u00f3lica\",\"publisher\":{\"@id\":\"https:\\\/\\\/diretodasacristia.com\\\/home\\\/#organization\"},\"potentialAction\":[{\"@type\":\"SearchAction\",\"target\":{\"@type\":\"EntryPoint\",\"urlTemplate\":\"https:\\\/\\\/diretodasacristia.com\\\/home\\\/?s={search_term_string}\"},\"query-input\":{\"@type\":\"PropertyValueSpecification\",\"valueRequired\":true,\"valueName\":\"search_term_string\"}}],\"inLanguage\":\"pt-BR\"},{\"@type\":\"Organization\",\"@id\":\"https:\\\/\\\/diretodasacristia.com\\\/home\\\/#organization\",\"name\":\"Direto da Sacristia\",\"url\":\"https:\\\/\\\/diretodasacristia.com\\\/home\\\/\",\"logo\":{\"@type\":\"ImageObject\",\"inLanguage\":\"pt-BR\",\"@id\":\"https:\\\/\\\/diretodasacristia.com\\\/home\\\/#\\\/schema\\\/logo\\\/image\\\/\",\"url\":\"https:\\\/\\\/i0.wp.com\\\/diretodasacristia.com\\\/home\\\/wp-content\\\/uploads\\\/2012\\\/01\\\/marca-sacristia.png?fit=320%2C306&ssl=1\",\"contentUrl\":\"https:\\\/\\\/i0.wp.com\\\/diretodasacristia.com\\\/home\\\/wp-content\\\/uploads\\\/2012\\\/01\\\/marca-sacristia.png?fit=320%2C306&ssl=1\",\"width\":\"320\",\"height\":\"306\",\"caption\":\"Direto da Sacristia\"},\"image\":{\"@id\":\"https:\\\/\\\/diretodasacristia.com\\\/home\\\/#\\\/schema\\\/logo\\\/image\\\/\"},\"sameAs\":[\"https:\\\/\\\/www.facebook.com\\\/DiretoSacristia\",\"https:\\\/\\\/x.com\\\/diretosacristia\",\"https:\\\/\\\/www.instagram.com\\\/diretodasacristia\\\/\",\"https:\\\/\\\/www.youtube.com\\\/diretodasacristia\"]},{\"@type\":\"Person\",\"@id\":\"https:\\\/\\\/diretodasacristia.com\\\/home\\\/#\\\/schema\\\/person\\\/3d453ef1f7d57c0bb0990b8070642721\",\"name\":\"E. Mar\u00e7al\",\"image\":{\"@type\":\"ImageObject\",\"inLanguage\":\"pt-BR\",\"@id\":\"https:\\\/\\\/secure.gravatar.com\\\/avatar\\\/348ff80a5ddde3de6c8b6e0c5b066b733f9245285d9ab87cd2e2ff652ffa95b0?s=96&d=mm&r=g\",\"url\":\"https:\\\/\\\/secure.gravatar.com\\\/avatar\\\/348ff80a5ddde3de6c8b6e0c5b066b733f9245285d9ab87cd2e2ff652ffa95b0?s=96&d=mm&r=g\",\"contentUrl\":\"https:\\\/\\\/secure.gravatar.com\\\/avatar\\\/348ff80a5ddde3de6c8b6e0c5b066b733f9245285d9ab87cd2e2ff652ffa95b0?s=96&d=mm&r=g\",\"caption\":\"E. Mar\u00e7al\"},\"url\":\"https:\\\/\\\/diretodasacristia.com\\\/home\\\/author\\\/erick\\\/\"}]}<\/script>\n<!-- \/ Yoast SEO plugin. -->","yoast_head_json":{"title":"Como aben\u00e7oar na Missa? - Direto da Sacristia","robots":{"index":"index","follow":"follow","max-snippet":"max-snippet:-1","max-image-preview":"max-image-preview:large","max-video-preview":"max-video-preview:-1"},"canonical":"https:\/\/diretodasacristia.com\/home\/liturgia\/como-abencoar-na-missa\/","og_locale":"pt_BR","og_type":"article","og_title":"Como aben\u00e7oar na Missa? - Direto da Sacristia","og_description":"Ou seja, n\u00e3o devem tra\u00e7ar a cruz enquanto dizem a f\u00f3rmula completa da b\u00ean\u00e7\u00e3o final, pronunciando \"Pater et Filius\" enquanto tra\u00e7am a linha vertical e \"et Spiritus Sanctus\" tra\u00e7ando a linha horizontal completa da cruz grega.","og_url":"https:\/\/diretodasacristia.com\/home\/liturgia\/como-abencoar-na-missa\/","og_site_name":"Direto da Sacristia","article_publisher":"https:\/\/www.facebook.com\/DiretoSacristia","article_published_time":"2014-11-30T19:38:29+00:00","article_modified_time":"2014-11-30T19:47:47+00:00","og_image":[{"url":"http:\/\/diretodasacristia.com\/home\/wp-content\/uploads\/2014\/11\/Sacerdote-beijo-altar-c%C3%A1lice-missal-casula-man%C3%ADpulo-missa-tridentina-Corpus-Christi-Watershed.jpg","type":"","width":"","height":""}],"author":"E. Mar\u00e7al","twitter_card":"summary_large_image","twitter_creator":"@diretosacristia","twitter_site":"@diretosacristia","twitter_misc":{"Escrito por":"E. Mar\u00e7al","Est. tempo de leitura":"8 minutos"},"schema":{"@context":"https:\/\/schema.org","@graph":[{"@type":"Article","@id":"https:\/\/diretodasacristia.com\/home\/liturgia\/como-abencoar-na-missa\/#article","isPartOf":{"@id":"https:\/\/diretodasacristia.com\/home\/liturgia\/como-abencoar-na-missa\/"},"author":{"name":"E. Mar\u00e7al","@id":"https:\/\/diretodasacristia.com\/home\/#\/schema\/person\/3d453ef1f7d57c0bb0990b8070642721"},"headline":"Como aben\u00e7oar na Missa?","datePublished":"2014-11-30T19:38:29+00:00","dateModified":"2014-11-30T19:47:47+00:00","mainEntityOfPage":{"@id":"https:\/\/diretodasacristia.com\/home\/liturgia\/como-abencoar-na-missa\/"},"wordCount":1633,"commentCount":1,"publisher":{"@id":"https:\/\/diretodasacristia.com\/home\/#organization"},"image":{"@id":"https:\/\/diretodasacristia.com\/home\/liturgia\/como-abencoar-na-missa\/#primaryimage"},"thumbnailUrl":"http:\/\/diretodasacristia.com\/home\/wp-content\/uploads\/2014\/11\/Sacerdote-beijo-altar-c%C3%A1lice-missal-casula-man%C3%ADpulo-missa-tridentina-Corpus-Christi-Watershed.jpg","articleSection":["Destaque","Liturgia","Teologia"],"inLanguage":"pt-BR","potentialAction":[{"@type":"CommentAction","name":"Comment","target":["https:\/\/diretodasacristia.com\/home\/liturgia\/como-abencoar-na-missa\/#respond"]}]},{"@type":"WebPage","@id":"https:\/\/diretodasacristia.com\/home\/liturgia\/como-abencoar-na-missa\/","url":"https:\/\/diretodasacristia.com\/home\/liturgia\/como-abencoar-na-missa\/","name":"Como aben\u00e7oar na Missa? - Direto da Sacristia","isPartOf":{"@id":"https:\/\/diretodasacristia.com\/home\/#website"},"primaryImageOfPage":{"@id":"https:\/\/diretodasacristia.com\/home\/liturgia\/como-abencoar-na-missa\/#primaryimage"},"image":{"@id":"https:\/\/diretodasacristia.com\/home\/liturgia\/como-abencoar-na-missa\/#primaryimage"},"thumbnailUrl":"http:\/\/diretodasacristia.com\/home\/wp-content\/uploads\/2014\/11\/Sacerdote-beijo-altar-c%C3%A1lice-missal-casula-man%C3%ADpulo-missa-tridentina-Corpus-Christi-Watershed.jpg","datePublished":"2014-11-30T19:38:29+00:00","dateModified":"2014-11-30T19:47:47+00:00","breadcrumb":{"@id":"https:\/\/diretodasacristia.com\/home\/liturgia\/como-abencoar-na-missa\/#breadcrumb"},"inLanguage":"pt-BR","potentialAction":[{"@type":"ReadAction","target":["https:\/\/diretodasacristia.com\/home\/liturgia\/como-abencoar-na-missa\/"]}]},{"@type":"ImageObject","inLanguage":"pt-BR","@id":"https:\/\/diretodasacristia.com\/home\/liturgia\/como-abencoar-na-missa\/#primaryimage","url":"http:\/\/diretodasacristia.com\/home\/wp-content\/uploads\/2014\/11\/Sacerdote-beijo-altar-c%C3%A1lice-missal-casula-man%C3%ADpulo-missa-tridentina-Corpus-Christi-Watershed.jpg","contentUrl":"http:\/\/diretodasacristia.com\/home\/wp-content\/uploads\/2014\/11\/Sacerdote-beijo-altar-c%C3%A1lice-missal-casula-man%C3%ADpulo-missa-tridentina-Corpus-Christi-Watershed.jpg"},{"@type":"BreadcrumbList","@id":"https:\/\/diretodasacristia.com\/home\/liturgia\/como-abencoar-na-missa\/#breadcrumb","itemListElement":[{"@type":"ListItem","position":1,"name":"In\u00edcio","item":"https:\/\/diretodasacristia.com\/home\/"},{"@type":"ListItem","position":2,"name":"Como aben\u00e7oar na Missa?"}]},{"@type":"WebSite","@id":"https:\/\/diretodasacristia.com\/home\/#website","url":"https:\/\/diretodasacristia.com\/home\/","name":"Direto da Sacristia","description":"Not\u00edcias e artigos sobre a f\u00e9 cat\u00f3lica","publisher":{"@id":"https:\/\/diretodasacristia.com\/home\/#organization"},"potentialAction":[{"@type":"SearchAction","target":{"@type":"EntryPoint","urlTemplate":"https:\/\/diretodasacristia.com\/home\/?s={search_term_string}"},"query-input":{"@type":"PropertyValueSpecification","valueRequired":true,"valueName":"search_term_string"}}],"inLanguage":"pt-BR"},{"@type":"Organization","@id":"https:\/\/diretodasacristia.com\/home\/#organization","name":"Direto da Sacristia","url":"https:\/\/diretodasacristia.com\/home\/","logo":{"@type":"ImageObject","inLanguage":"pt-BR","@id":"https:\/\/diretodasacristia.com\/home\/#\/schema\/logo\/image\/","url":"https:\/\/i0.wp.com\/diretodasacristia.com\/home\/wp-content\/uploads\/2012\/01\/marca-sacristia.png?fit=320%2C306&ssl=1","contentUrl":"https:\/\/i0.wp.com\/diretodasacristia.com\/home\/wp-content\/uploads\/2012\/01\/marca-sacristia.png?fit=320%2C306&ssl=1","width":"320","height":"306","caption":"Direto da Sacristia"},"image":{"@id":"https:\/\/diretodasacristia.com\/home\/#\/schema\/logo\/image\/"},"sameAs":["https:\/\/www.facebook.com\/DiretoSacristia","https:\/\/x.com\/diretosacristia","https:\/\/www.instagram.com\/diretodasacristia\/","https:\/\/www.youtube.com\/diretodasacristia"]},{"@type":"Person","@id":"https:\/\/diretodasacristia.com\/home\/#\/schema\/person\/3d453ef1f7d57c0bb0990b8070642721","name":"E. Mar\u00e7al","image":{"@type":"ImageObject","inLanguage":"pt-BR","@id":"https:\/\/secure.gravatar.com\/avatar\/348ff80a5ddde3de6c8b6e0c5b066b733f9245285d9ab87cd2e2ff652ffa95b0?s=96&d=mm&r=g","url":"https:\/\/secure.gravatar.com\/avatar\/348ff80a5ddde3de6c8b6e0c5b066b733f9245285d9ab87cd2e2ff652ffa95b0?s=96&d=mm&r=g","contentUrl":"https:\/\/secure.gravatar.com\/avatar\/348ff80a5ddde3de6c8b6e0c5b066b733f9245285d9ab87cd2e2ff652ffa95b0?s=96&d=mm&r=g","caption":"E. Mar\u00e7al"},"url":"https:\/\/diretodasacristia.com\/home\/author\/erick\/"}]}},"jetpack_publicize_connections":[],"jetpack_featured_media_url":"","jetpack_sharing_enabled":true,"jetpack_shortlink":"https:\/\/wp.me\/p24aG7-16M","jetpack-related-posts":[{"id":4427,"url":"https:\/\/diretodasacristia.com\/home\/heri-et-hodie\/a-vigilia-de-pentecostes-o-rito-proprio\/","url_meta":{"origin":4264,"position":0},"title":"A Vig\u00edlia de Pentecostes &#8211; O rito pr\u00f3prio","author":"E. Mar\u00e7al","date":"17 de maio de 2015","format":false,"excerpt":"A reforma lit\u00fargica do Vaticano II preservou um rito pr\u00f3prio para a Vig\u00edlia de Pentecostes, infelizmente, esquecido por muitos no fim da Missal Romano, entre as p\u00e1ginas 997 e 1000.","rel":"","context":"Em &quot;Destaque&quot;","block_context":{"text":"Destaque","link":"https:\/\/diretodasacristia.com\/home\/c\/destaque\/"},"img":{"alt_text":"","src":"http:\/\/i0.wp.com\/diretodasacristia.com\/home\/wp-content\/uploads\/2015\/05\/Esp%C3%ADrito-Santo-pomba-raios-dourados-e1431911833767.jpg?resize=350%2C200","width":350,"height":200,"srcset":"http:\/\/i0.wp.com\/diretodasacristia.com\/home\/wp-content\/uploads\/2015\/05\/Esp%C3%ADrito-Santo-pomba-raios-dourados-e1431911833767.jpg?resize=350%2C200 1x, http:\/\/i0.wp.com\/diretodasacristia.com\/home\/wp-content\/uploads\/2015\/05\/Esp%C3%ADrito-Santo-pomba-raios-dourados-e1431911833767.jpg?resize=525%2C300 1.5x, http:\/\/i0.wp.com\/diretodasacristia.com\/home\/wp-content\/uploads\/2015\/05\/Esp%C3%ADrito-Santo-pomba-raios-dourados-e1431911833767.jpg?resize=700%2C400 2x"},"classes":[]},{"id":4903,"url":"https:\/\/diretodasacristia.com\/home\/liturgia\/preceitos-dominical-e-natalicio-feitos-numa-so-missa\/","url_meta":{"origin":4264,"position":1},"title":"Preceitos dominical e natal\u00edcio feitos numa s\u00f3 Missa?","author":"E. Mar\u00e7al","date":"24 de dezembro de 2017","format":false,"excerpt":"O domingo \u00e9 naturalmente dia de preceito, como tamb\u00e9m o Natal. Mas ainda resta a d\u00favida se satisfaz-se o preceito participando de 1 s\u00f3 Missa no espa\u00e7o lit\u00fargico entre os 2 dias.","rel":"","context":"Em &quot;Curtas&quot;","block_context":{"text":"Curtas","link":"https:\/\/diretodasacristia.com\/home\/c\/curtas\/"},"img":{"alt_text":"","src":"https:\/\/i0.wp.com\/diretodasacristia.com\/home\/wp-content\/uploads\/2017\/12\/Bento-XVI-lendo-livro-Anel-Pescador.jpg?resize=350%2C200&ssl=1","width":350,"height":200,"srcset":"https:\/\/i0.wp.com\/diretodasacristia.com\/home\/wp-content\/uploads\/2017\/12\/Bento-XVI-lendo-livro-Anel-Pescador.jpg?resize=350%2C200&ssl=1 1x, https:\/\/i0.wp.com\/diretodasacristia.com\/home\/wp-content\/uploads\/2017\/12\/Bento-XVI-lendo-livro-Anel-Pescador.jpg?resize=525%2C300&ssl=1 1.5x, https:\/\/i0.wp.com\/diretodasacristia.com\/home\/wp-content\/uploads\/2017\/12\/Bento-XVI-lendo-livro-Anel-Pescador.jpg?resize=700%2C400&ssl=1 2x"},"classes":[]},{"id":4144,"url":"https:\/\/diretodasacristia.com\/home\/liturgia\/como-preparar-o-calice-na-missa\/","url_meta":{"origin":4264,"position":2},"title":"Como preparar o c\u00e1lice na Missa","author":"E. Mar\u00e7al","date":"11 de abril de 2014","format":false,"excerpt":"Sabemos que a Liturgia \u00e9 constitu\u00edda tamb\u00e9m de detalhes que fazem significar os maiores gestos que os acompanham ou deles dependem. \u00c9 como o sopro do Bispo sobre o azeite na confec\u00e7\u00e3o do Santo Crisma [...]. A prepara\u00e7\u00e3o do c\u00e1lice \u00e9 mais minuciosa.","rel":"","context":"Em &quot;Destaque&quot;","block_context":{"text":"Destaque","link":"https:\/\/diretodasacristia.com\/home\/c\/destaque\/"},"img":{"alt_text":"Di\u00e1cono \u00e1gua vinho c\u00e1lice Missa","src":"https:\/\/i0.wp.com\/diretodasacristia.com\/home\/wp-content\/uploads\/2014\/04\/Di%C3%A1cono-%C3%A1gua-vinho-c%C3%A1lice-Missa.jpg?resize=350%2C200","width":350,"height":200,"srcset":"https:\/\/i0.wp.com\/diretodasacristia.com\/home\/wp-content\/uploads\/2014\/04\/Di%C3%A1cono-%C3%A1gua-vinho-c%C3%A1lice-Missa.jpg?resize=350%2C200 1x, https:\/\/i0.wp.com\/diretodasacristia.com\/home\/wp-content\/uploads\/2014\/04\/Di%C3%A1cono-%C3%A1gua-vinho-c%C3%A1lice-Missa.jpg?resize=525%2C300 1.5x, https:\/\/i0.wp.com\/diretodasacristia.com\/home\/wp-content\/uploads\/2014\/04\/Di%C3%A1cono-%C3%A1gua-vinho-c%C3%A1lice-Missa.jpg?resize=700%2C400 2x"},"classes":[]},{"id":4445,"url":"https:\/\/diretodasacristia.com\/home\/liturgia\/indicacoes-rituais-para-corpus-christi\/","url_meta":{"origin":4264,"position":3},"title":"Indica\u00e7\u00f5es rituais para &#8220;Corpus Christi&#8221;","author":"E. Mar\u00e7al","date":"30 de maio de 2015","format":false,"excerpt":"A Solenidade de\u00a0Corpus Christi\u00a0(ou do Corpo de Deus, como maravilhosamente nomeiam os antigos) \u00e9 uma das maiores e mais importantes solenidades da Liturgia. Passada a Quinta-feira Santa e o consequente Tempo Pascal, a Igreja adora novamente, com um rito pr\u00f3prio, o mist\u00e9rio eucar\u00edstico. Nosso Senhor demonstra aten\u00e7\u00e3o com os of\u00edcios\u2026","rel":"","context":"Em &quot;Destaque&quot;","block_context":{"text":"Destaque","link":"https:\/\/diretodasacristia.com\/home\/c\/destaque\/"},"img":{"alt_text":"","src":"https:\/\/i0.wp.com\/diretodasacristia.com\/home\/wp-content\/uploads\/2015\/05\/wpdeba1263.jpg?resize=350%2C200","width":350,"height":200,"srcset":"https:\/\/i0.wp.com\/diretodasacristia.com\/home\/wp-content\/uploads\/2015\/05\/wpdeba1263.jpg?resize=350%2C200 1x, https:\/\/i0.wp.com\/diretodasacristia.com\/home\/wp-content\/uploads\/2015\/05\/wpdeba1263.jpg?resize=525%2C300 1.5x"},"classes":[]},{"id":4339,"url":"https:\/\/diretodasacristia.com\/home\/heri-et-hodie\/o-bispo-pode-concelebrar-missa\/","url_meta":{"origin":4264,"position":4},"title":"O Bispo pode concelebrar Missa?","author":"E. Mar\u00e7al","date":"26 de fevereiro de 2015","format":false,"excerpt":"A pergunta mant\u00e9m-se com resposta \u00f3bvia at\u00e9 um certo ponto. Mas n\u00e3o: em hip\u00f3tese alguma o Bispo deve concelebrar a Missa presidida por um Presb\u00edtero. Mesmo que inicie a Missa e depois \"passe a sua presid\u00eancia\" para o Sacerdote escolhido. Por duas raz\u00f5es","rel":"","context":"Em &quot;Destaque&quot;","block_context":{"text":"Destaque","link":"https:\/\/diretodasacristia.com\/home\/c\/destaque\/"},"img":{"alt_text":"","src":"https:\/\/i0.wp.com\/diretodasacristia.com\/home\/wp-content\/uploads\/2015\/02\/7.-IMG-20150219-WA0012.jpg?resize=350%2C200","width":350,"height":200,"srcset":"https:\/\/i0.wp.com\/diretodasacristia.com\/home\/wp-content\/uploads\/2015\/02\/7.-IMG-20150219-WA0012.jpg?resize=350%2C200 1x, https:\/\/i0.wp.com\/diretodasacristia.com\/home\/wp-content\/uploads\/2015\/02\/7.-IMG-20150219-WA0012.jpg?resize=525%2C300 1.5x, https:\/\/i0.wp.com\/diretodasacristia.com\/home\/wp-content\/uploads\/2015\/02\/7.-IMG-20150219-WA0012.jpg?resize=700%2C400 2x"},"classes":[]},{"id":3431,"url":"https:\/\/diretodasacristia.com\/home\/heri-et-hodie\/muito-alem-do-pano\/","url_meta":{"origin":4264,"position":5},"title":"Muito al\u00e9m do &#8220;pano&#8221;","author":"E. Mar\u00e7al","date":"23 de mar\u00e7o de 2013","format":false,"excerpt":"Apresentamos as ora\u00e7\u00f5es que acompanham a paramenta\u00e7\u00e3o das vestes episcopais e sacerdotais: h\u00e1 por tr\u00e1s algo de espiritual muito maior e mais importante do que a aparente ostenta\u00e7\u00e3o ou luxo de quem s\u00f3 assim interpreta.","rel":"","context":"Em &quot;Destaque&quot;","block_context":{"text":"Destaque","link":"https:\/\/diretodasacristia.com\/home\/c\/destaque\/"},"img":{"alt_text":"Cardeal Burke paramenta\u00e7\u00e3o pontifical","src":"https:\/\/i0.wp.com\/diretodasacristia.com\/home\/wp-content\/uploads\/2013\/03\/Cardeal-Burke-paramenta%C3%A7%C3%A3o-pontifical.jpg?resize=350%2C200","width":350,"height":200,"srcset":"https:\/\/i0.wp.com\/diretodasacristia.com\/home\/wp-content\/uploads\/2013\/03\/Cardeal-Burke-paramenta%C3%A7%C3%A3o-pontifical.jpg?resize=350%2C200 1x, https:\/\/i0.wp.com\/diretodasacristia.com\/home\/wp-content\/uploads\/2013\/03\/Cardeal-Burke-paramenta%C3%A7%C3%A3o-pontifical.jpg?resize=525%2C300 1.5x"},"classes":[]}],"post_mailing_queue_ids":[],"_links":{"self":[{"href":"https:\/\/diretodasacristia.com\/home\/wp-json\/wp\/v2\/posts\/4264","targetHints":{"allow":["GET"]}}],"collection":[{"href":"https:\/\/diretodasacristia.com\/home\/wp-json\/wp\/v2\/posts"}],"about":[{"href":"https:\/\/diretodasacristia.com\/home\/wp-json\/wp\/v2\/types\/post"}],"author":[{"embeddable":true,"href":"https:\/\/diretodasacristia.com\/home\/wp-json\/wp\/v2\/users\/3"}],"replies":[{"embeddable":true,"href":"https:\/\/diretodasacristia.com\/home\/wp-json\/wp\/v2\/comments?post=4264"}],"version-history":[{"count":11,"href":"https:\/\/diretodasacristia.com\/home\/wp-json\/wp\/v2\/posts\/4264\/revisions"}],"predecessor-version":[{"id":4277,"href":"https:\/\/diretodasacristia.com\/home\/wp-json\/wp\/v2\/posts\/4264\/revisions\/4277"}],"wp:attachment":[{"href":"https:\/\/diretodasacristia.com\/home\/wp-json\/wp\/v2\/media?parent=4264"}],"wp:term":[{"taxonomy":"category","embeddable":true,"href":"https:\/\/diretodasacristia.com\/home\/wp-json\/wp\/v2\/categories?post=4264"},{"taxonomy":"post_tag","embeddable":true,"href":"https:\/\/diretodasacristia.com\/home\/wp-json\/wp\/v2\/tags?post=4264"}],"curies":[{"name":"wp","href":"https:\/\/api.w.org\/{rel}","templated":true}]}}