{"id":43,"date":"2011-07-06T22:45:00","date_gmt":"2011-07-06T22:45:00","guid":{"rendered":"http:\/\/diretodasacristia.com\/home\/sem-categoria\/patriarca-de-lisboa-retrata-se-sobre-ordenacao-de-mulheres-2\/"},"modified":"2011-07-06T22:45:00","modified_gmt":"2011-07-06T22:45:00","slug":"patriarca-de-lisboa-retrata-se-sobre-ordenacao-de-mulheres-2","status":"publish","type":"post","link":"https:\/\/diretodasacristia.com\/home\/sem-categoria\/patriarca-de-lisboa-retrata-se-sobre-ordenacao-de-mulheres-2\/","title":{"rendered":"Patriarca de Lisboa retrata-se sobre ordena\u00e7\u00e3o de mulheres"},"content":{"rendered":"<div style=\"text-align: center;\"><span class=\"Apple-style-span\"><u><br \/><\/u><\/span><\/div>\n<div><span class=\"Apple-style-span\">Do <a href=\"http:\/\/fratresinunum.com\/2011\/07\/06\/cardeal-patriarca-de-lisboa-emite-esclarecimento-sobre-a-ordenacao-de-mulheres-%e2%80%9cverifiquei-que-sobretudo-por-nao-ter-tido-na-devida-conta-as-ultimas-declaracoes-do-magisterio-sobre-o-tema-d\/\">Fratres In Unum<\/a><\/span><\/div>\n<div><span class=\"Apple-style-span\"><br \/><\/span><\/div>\n<div><span class=\"Apple-style-span\"><br \/><\/span><\/div>\n<div style=\"text-align: center;\"><span class=\"Apple-style-span\"><b>Cardeal lisbonense expressa o pensamento da Igreja<\/b><\/span><\/div>\n<div style=\"text-align: center;\"><span class=\"Apple-style-span\"><b>sobre tema j\u00e1 encerrado por Jo\u00e3o Paulo II<\/b><\/span><\/div>\n<div><span class=\"Apple-style-span\"><br \/><\/span><\/div>\n<div><a href=\"http:\/\/www.enciclopedia.com.pt\/images\/news\/thumbs\/cardealpatriarcadjosepolicarpo-missapascoa-2404114342d0a1_400x225_t1.jpg\" onblur=\"try {parent.deselectBloggerImageGracefully();} catch(e) {}\"><span class=\"Apple-style-span\"><img decoding=\"async\" src=\"http:\/\/www.enciclopedia.com.pt\/images\/news\/thumbs\/cardealpatriarcadjosepolicarpo-missapascoa-2404114342d0a1_400x225_t1.jpg\" border=\"0\" alt=\"\" style=\"display: block; margin-top: 0px; margin-right: auto; margin-bottom: 10px; margin-left: auto; text-align: center; cursor: pointer; width: 400px; height: 225px; \" \/><\/span><\/a><\/div>\n<div style=\"text-align: center;\"><span class=\"Apple-style-span\"><i>Sua Emin\u00eancia Cardeal Jos\u00e9 da Cruz Policarpo<\/i><\/span><\/div>\n<div style=\"text-align: center;\"><span class=\"Apple-style-span\"><i>do T\u00edtulo presbiteral de <\/i>San Antonio in Campo Marzio<\/span><\/div>\n<div style=\"text-align: center;\"><span class=\"Apple-style-span\"><i>Patriarca de Lisboa<\/i><\/span><\/div>\n<div><span class=\"Apple-style-span\"><br \/><\/span><\/div>\n<div style=\"text-align: justify;\"><span class=\"Apple-style-span\">Qualquer um j\u00e1 ouviu falar que no fim da vida o ser humano come\u00e7a a refletir mais sobre tudo que j\u00e1 passou e a velhice torna-se um tempo, talvez, de corrigir erros que at\u00e9 ent\u00e3o parecidos intranspon\u00edveis. Podemos felizmente aplicar isso ao Em.mo Cardeal Jos\u00e9 da Cruz Policarpo, Patriarca de Lisboa.<span class=\"Apple-tab-span\" style=\"white-space:pre\"> <\/span>O descontentamento de muitos expoentes da blogosfera pelo fato de o Santo Padre pedir que ele prolongasse o minist\u00e9rio episcopal por mais dois anos ante o seu pedido de ren\u00fancia, foi agravado quando o Patriarca, em entrevista ao boletim da Ordem dos Advogados portuguesa no passado 13 maio, afirmou que n\u00e3o h\u00e1 motivo fundamentalmente teol\u00f3gico para que a ordena\u00e7\u00e3o sacerdotal n\u00e3o seja conferida a mulheres; mas estas receber\u00e3o aquela &#8220;quando Deus quiser&#8221; (palavras do Patriarca). Ele, por um \u00e1tino (assim queremos pensar), esqueceu-se que a voz da Igreja, em proclama\u00e7\u00f5es relativas \u00e0 f\u00e9, \u00e9 irrefutavelmente a voz de Deus, ratificada pelo poder das chaves, e esta j\u00e1 tinha em 1994 posto um fim a essa discuss\u00e3o, na Carta Apost\u00f3lica <a href=\"http:\/\/www.vatican.va\/holy_father\/john_paul_ii\/apost_letters\/documents\/hf_jp-ii_apl_22051994_ordinatio-sacerdotalis_po.html\">Ordinatio Sacerdotalis<\/a>. <\/span><\/div>\n<div style=\"text-align: justify;\"><span class=\"Apple-style-span\"><br \/><\/span><\/div>\n<div style=\"text-align: justify;\"><span class=\"Apple-style-span\"><br \/><\/span><\/div>\n<div style=\"text-align: justify;\"><a href=\"http:\/\/3.bp.blogspot.com\/-MXrCNB2jiHg\/ThUscQvyzVI\/AAAAAAAACSQ\/qwSJumj68FQ\/s1600\/Ordena%25C3%25A7%25C3%25A3o%2Bsacerdotal%2BVaticano%2B2.jpg\" onblur=\"try {parent.deselectBloggerImageGracefully();} catch(e) {}\"><span class=\"Apple-style-span\"><img decoding=\"async\" src=\"http:\/\/3.bp.blogspot.com\/-MXrCNB2jiHg\/ThUscQvyzVI\/AAAAAAAACSQ\/qwSJumj68FQ\/s400\/Ordena%25C3%25A7%25C3%25A3o%2Bsacerdotal%2BVaticano%2B2.jpg\" border=\"0\" alt=\"\" id=\"BLOGGER_PHOTO_ID_5626452173512691026\" style=\"display: block; margin-top: 0px; margin-right: auto; margin-bottom: 10px; margin-left: auto; text-align: center; cursor: pointer; width: 400px; height: 269px; \" \/><\/span><\/a><\/div>\n<div style=\"text-align: center;\"><i><span class=\"Apple-style-span\">Ordena\u00e7\u00f5es presbiterais no Vaticano<\/span><\/i><\/div>\n<div style=\"text-align: justify;\"><span class=\"Apple-style-span\"><br \/><\/span><\/div>\n<div style=\"text-align: justify;\"><span class=\"Apple-style-span\"><span class=\"Apple-style-span\">Felizmente (mais uma vez dizemos), o Eminent\u00edssimo Patriarca lembrou-se de sua miss\u00e3o como Bispo &#8211; que j\u00e1 o responsabiliza pela ortodoxa transmiss\u00e3o da f\u00e9, agravada ainda mais por ter sido nomeado ao Sacro Col\u00e9gio dos Cardeais, o que, portanto, convoca-o ainda mais a reafirmar a Tradi\u00e7\u00e3o da Igreja. Portanto, unido a isso e a outros encargos que s\u00f3 a consci\u00eancia pessoal conhece, o Patriarcado lisboeta emitiu hoje um comunicado que esclarece a doutrina sobre a ordena\u00e7\u00e3o sacerdotal conferida somente a var\u00f5es. Passando desde o mais b\u00e1sico, como o Novo Testamento, at\u00e9 declara\u00e7\u00f5es pessoais dos Papas e at\u00e9 mesmo teologicamente definitivas, o Cardeal Policarpo reconheceu que as rea\u00e7\u00f5es \u00e0 entrevista obrigaram-no a &#8220;olhar para o tema com mais cuidado&#8221;, desconhecendo as \u00faltimas declara\u00e7\u00f5es do Magist\u00e9rio sobre o assunto. Ele lembrou que, embora Cristo tenha apenas escolhido homens para o sacerd\u00f3cio ministerial, sempre s\u00e3o &#8220;as mulheres que abrem a porta ao Senhor&#8221; [Bento XVI, Jesus de Nazar\u00e9, II volume]. A diferen\u00e7a de minist\u00e9rios, que n\u00e3o diminui a dignidade da miss\u00e3o, seria a <\/span><span class=\"Apple-style-span\">complementariedade da cria\u00e7\u00e3o, quando Deus criou homem e mulher. <\/span><\/span><\/div>\n<div style=\"text-align: justify;\"><span class=\"Apple-style-span\"><br \/><\/span><\/div>\n<div style=\"text-align: justify;\"><span class=\"Apple-style-span\">O Purpurado tamb\u00e9m esclareceu que a reivindica\u00e7\u00e3o do conferimento da ordena\u00e7\u00e3o sacerdotal a mulheres surgiu nos pa\u00edses ocidentais com o advento do desejo de igualdade do &#8220;poder&#8221; e da influ\u00eancia sociais do homem e da mulher, e da redu\u00e7\u00e3o do sacerd\u00f3cio crist\u00e3o ao sacerd\u00f3cio ministerial.<\/span><\/div>\n<div style=\"text-align: justify;\"><span class=\"Apple-style-span\"><br \/><\/span><\/div>\n<div style=\"text-align: justify;\"><span class=\"Apple-style-span\"><br \/><\/span><\/div>\n<div style=\"text-align: justify;\"><a href=\"http:\/\/3.bp.blogspot.com\/-lAsYIPsgsOs\/ThUscAWfBOI\/AAAAAAAACSI\/7qSxJIAyMNc\/s1600\/Cardeal%2BFranc%2BRod%25C3%25A9%2Bordena%25C3%25A7%25C3%25A3o%2Bpresbiteral%2Bforma%2Bextraordin%25C3%25A1ria.jpg\" onblur=\"try {parent.deselectBloggerImageGracefully();} catch(e) {}\"><span class=\"Apple-style-span\"><img decoding=\"async\" src=\"http:\/\/3.bp.blogspot.com\/-lAsYIPsgsOs\/ThUscAWfBOI\/AAAAAAAACSI\/7qSxJIAyMNc\/s400\/Cardeal%2BFranc%2BRod%25C3%25A9%2Bordena%25C3%25A7%25C3%25A3o%2Bpresbiteral%2Bforma%2Bextraordin%25C3%25A1ria.jpg\" border=\"0\" alt=\"\" id=\"BLOGGER_PHOTO_ID_5626452169111569634\" style=\"display: block; margin-top: 0px; margin-right: auto; margin-bottom: 10px; margin-left: auto; text-align: center; cursor: pointer; width: 300px; height: 400px; \" \/><\/span><\/a><\/div>\n<div style=\"text-align: center;\"><span class=\"Apple-style-span\"><i>Cardeal Franc Rod\u00e9,<\/i><\/span><\/div>\n<div style=\"text-align: center;\"><span class=\"Apple-style-span\"><i>Prefeito em\u00e9rito da Congrega\u00e7\u00e3o para a Vida Religiosa,<\/i><\/span><\/div>\n<div style=\"text-align: center;\"><span class=\"Apple-style-span\"><i>preside ordena\u00e7\u00f5es segundo o antigo Pontifical Romano<\/i><\/span><\/div>\n<div style=\"text-align: justify;\"><span class=\"Apple-style-span\"><br \/><\/span><\/div>\n<div style=\"text-align: justify;\"><span class=\"Apple-style-span\">O Cardeal explicou-se bem, como tamb\u00e9m corrigiu-sem, exceto pela frase &#8220;a teologia s\u00e9ria&#8221; nunca excluiu o fato de ainda deliberar sobre o tema, &#8220;na aten\u00e7\u00e3o&#8221; &#8220;\u00e0 atua\u00e7\u00e3o do Esp\u00edrito Santo&#8221; e &#8220;na busca da express\u00e3o do mist\u00e9rio da Igreja nas realidades novas&#8221;. Segundo isso, seria como que o &#8220;sacerd\u00f3cio feminino&#8221; fosse uma resposta de Deus \u00e0s novas realidades do mundo contempor\u00e2neo.<\/span><\/div>\n<div style=\"text-align: justify;\"><span class=\"Apple-style-span\"><br \/><\/span><\/div>\n<div style=\"text-align: justify;\"><span class=\"Apple-style-span\">Por fim, o Cardeal disse que, na altura de seu jubileu \u00e1ureo de sacerd\u00f3cio, seria-lhe &#8220;doloroso que as suas&#8221; palavras gerassem &#8220;confus\u00e3o em sua ades\u00e3o \u00e0 Igreja e \u00e0 palavra do Santo Padre&#8221;. Conclui o comunicado dizendo que tem mostrado a todos &#8220;que a comunh\u00e3o com o Santo Padre \u00e9 uma atitude absoluta no exerc\u00edcio de&#8221; seu &#8220;minist\u00e9rio&#8221;.<\/span><\/div>\n<div style=\"text-align: justify;\"><span class=\"Apple-style-span\"><br \/><\/span><\/div>\n<div style=\"text-align: justify;\"><span class=\"Apple-style-span\"><br \/><\/span><\/div>\n<div style=\"text-align: center;\"><span class=\"Apple-style-span\">*<\/span><\/div>\n<div style=\"text-align: justify;\"><span class=\"Apple-style-span\"><br \/><\/span><\/div>\n<div style=\"text-align: justify;\"><span class=\"Apple-style-span\"><br \/><\/span><\/div>\n<div style=\"text-align: justify;\"><span class=\"Apple-style-span\">Rezemos para que muitos Pastores n\u00e3o causem mal \u00e0 preciosa f\u00e9 cat\u00f3lica com suas atitudes e\/ou suas palavras que muitas vezes abafam o que ensina a Igreja e o que diz o Romano Pont\u00edfice. E, corrigindo-se, rezemos ainda mais para que o fa\u00e7am apenas no fim de seus dias ou de seu minist\u00e9rio.<\/span><\/div>\n<div style=\"text-align: justify;\"><span class=\"Apple-style-span\"><br \/><\/span><\/div>\n<div style=\"text-align: justify;\"><\/div>\n","protected":false},"excerpt":{"rendered":"Do Fratres In Unum Cardeal lisbonense expressa o pensamento da Igreja sobre tema j\u00e1 encerrado por Jo\u00e3o Paulo II Sua Emin\u00eancia Cardeal Jos\u00e9 da Cruz Policarpo do T\u00edtulo presbiteral de San Antonio in Campo Marzio Patriarca de Lisboa Qualquer um j\u00e1 ouviu falar que no fim da vida o ser humano come\u00e7a a refletir mais&#8230; <a class=\"view-article\" href=\"https:\/\/diretodasacristia.com\/home\/sem-categoria\/patriarca-de-lisboa-retrata-se-sobre-ordenacao-de-mulheres-2\/\">Ver artigo<\/a>","protected":false},"author":3,"featured_media":0,"comment_status":"open","ping_status":"open","sticky":false,"template":"","format":"standard","meta":{"jetpack_post_was_ever_published":false,"_jetpack_newsletter_access":"","_jetpack_dont_email_post_to_subs":false,"_jetpack_newsletter_tier_id":0,"_jetpack_memberships_contains_paywalled_content":false,"_jetpack_memberships_contains_paid_content":false,"_joinchat":[],"footnotes":"","jetpack_publicize_message":"","jetpack_publicize_feature_enabled":true,"jetpack_social_post_already_shared":false,"jetpack_social_options":{"image_generator_settings":{"template":"highway","default_image_id":0,"font":"","enabled":false},"version":2}},"categories":[1],"tags":[],"class_list":["post-43","post","type-post","status-publish","format-standard","hentry","category-sem-categoria"],"yoast_head":"<!-- This site is optimized with the Yoast SEO plugin v27.4 - https:\/\/yoast.com\/product\/yoast-seo-wordpress\/ -->\n<title>Patriarca de Lisboa retrata-se sobre ordena\u00e7\u00e3o de mulheres - Direto da Sacristia<\/title>\n<meta name=\"robots\" content=\"index, follow, max-snippet:-1, max-image-preview:large, max-video-preview:-1\" \/>\n<link rel=\"canonical\" href=\"https:\/\/diretodasacristia.com\/home\/sem-categoria\/patriarca-de-lisboa-retrata-se-sobre-ordenacao-de-mulheres-2\/\" \/>\n<meta property=\"og:locale\" content=\"pt_BR\" \/>\n<meta property=\"og:type\" content=\"article\" \/>\n<meta property=\"og:title\" content=\"Patriarca de Lisboa retrata-se sobre ordena\u00e7\u00e3o de mulheres - Direto da Sacristia\" \/>\n<meta property=\"og:description\" content=\"Do Fratres In Unum Cardeal lisbonense expressa o pensamento da Igreja sobre tema j\u00e1 encerrado por Jo\u00e3o Paulo II Sua Emin\u00eancia Cardeal Jos\u00e9 da Cruz Policarpo do T\u00edtulo presbiteral de San Antonio in Campo Marzio Patriarca de Lisboa Qualquer um j\u00e1 ouviu falar que no fim da vida o ser humano come\u00e7a a refletir mais... Ver artigo\" \/>\n<meta property=\"og:url\" content=\"https:\/\/diretodasacristia.com\/home\/sem-categoria\/patriarca-de-lisboa-retrata-se-sobre-ordenacao-de-mulheres-2\/\" \/>\n<meta property=\"og:site_name\" content=\"Direto da Sacristia\" \/>\n<meta property=\"article:publisher\" content=\"https:\/\/www.facebook.com\/DiretoSacristia\" \/>\n<meta property=\"article:published_time\" content=\"2011-07-06T22:45:00+00:00\" \/>\n<meta property=\"og:image\" content=\"http:\/\/www.enciclopedia.com.pt\/images\/news\/thumbs\/cardealpatriarcadjosepolicarpo-missapascoa-2404114342d0a1_400x225_t1.jpg\" \/>\n<meta name=\"author\" content=\"E. Mar\u00e7al\" \/>\n<meta name=\"twitter:card\" content=\"summary_large_image\" \/>\n<meta name=\"twitter:creator\" content=\"@diretosacristia\" \/>\n<meta name=\"twitter:site\" content=\"@diretosacristia\" \/>\n<meta name=\"twitter:label1\" content=\"Escrito por\" \/>\n\t<meta name=\"twitter:data1\" content=\"E. Mar\u00e7al\" \/>\n\t<meta name=\"twitter:label2\" content=\"Est. tempo de leitura\" \/>\n\t<meta name=\"twitter:data2\" content=\"3 minutos\" \/>\n<script type=\"application\/ld+json\" class=\"yoast-schema-graph\">{\"@context\":\"https:\\\/\\\/schema.org\",\"@graph\":[{\"@type\":\"Article\",\"@id\":\"https:\\\/\\\/diretodasacristia.com\\\/home\\\/sem-categoria\\\/patriarca-de-lisboa-retrata-se-sobre-ordenacao-de-mulheres-2\\\/#article\",\"isPartOf\":{\"@id\":\"https:\\\/\\\/diretodasacristia.com\\\/home\\\/sem-categoria\\\/patriarca-de-lisboa-retrata-se-sobre-ordenacao-de-mulheres-2\\\/\"},\"author\":{\"name\":\"E. Mar\u00e7al\",\"@id\":\"https:\\\/\\\/diretodasacristia.com\\\/home\\\/#\\\/schema\\\/person\\\/3d453ef1f7d57c0bb0990b8070642721\"},\"headline\":\"Patriarca de Lisboa retrata-se sobre ordena\u00e7\u00e3o de mulheres\",\"datePublished\":\"2011-07-06T22:45:00+00:00\",\"mainEntityOfPage\":{\"@id\":\"https:\\\/\\\/diretodasacristia.com\\\/home\\\/sem-categoria\\\/patriarca-de-lisboa-retrata-se-sobre-ordenacao-de-mulheres-2\\\/\"},\"wordCount\":698,\"commentCount\":0,\"publisher\":{\"@id\":\"https:\\\/\\\/diretodasacristia.com\\\/home\\\/#organization\"},\"image\":{\"@id\":\"https:\\\/\\\/diretodasacristia.com\\\/home\\\/sem-categoria\\\/patriarca-de-lisboa-retrata-se-sobre-ordenacao-de-mulheres-2\\\/#primaryimage\"},\"thumbnailUrl\":\"http:\\\/\\\/www.enciclopedia.com.pt\\\/images\\\/news\\\/thumbs\\\/cardealpatriarcadjosepolicarpo-missapascoa-2404114342d0a1_400x225_t1.jpg\",\"inLanguage\":\"pt-BR\",\"potentialAction\":[{\"@type\":\"CommentAction\",\"name\":\"Comment\",\"target\":[\"https:\\\/\\\/diretodasacristia.com\\\/home\\\/sem-categoria\\\/patriarca-de-lisboa-retrata-se-sobre-ordenacao-de-mulheres-2\\\/#respond\"]}]},{\"@type\":\"WebPage\",\"@id\":\"https:\\\/\\\/diretodasacristia.com\\\/home\\\/sem-categoria\\\/patriarca-de-lisboa-retrata-se-sobre-ordenacao-de-mulheres-2\\\/\",\"url\":\"https:\\\/\\\/diretodasacristia.com\\\/home\\\/sem-categoria\\\/patriarca-de-lisboa-retrata-se-sobre-ordenacao-de-mulheres-2\\\/\",\"name\":\"Patriarca de Lisboa retrata-se sobre ordena\u00e7\u00e3o de mulheres - Direto da Sacristia\",\"isPartOf\":{\"@id\":\"https:\\\/\\\/diretodasacristia.com\\\/home\\\/#website\"},\"primaryImageOfPage\":{\"@id\":\"https:\\\/\\\/diretodasacristia.com\\\/home\\\/sem-categoria\\\/patriarca-de-lisboa-retrata-se-sobre-ordenacao-de-mulheres-2\\\/#primaryimage\"},\"image\":{\"@id\":\"https:\\\/\\\/diretodasacristia.com\\\/home\\\/sem-categoria\\\/patriarca-de-lisboa-retrata-se-sobre-ordenacao-de-mulheres-2\\\/#primaryimage\"},\"thumbnailUrl\":\"http:\\\/\\\/www.enciclopedia.com.pt\\\/images\\\/news\\\/thumbs\\\/cardealpatriarcadjosepolicarpo-missapascoa-2404114342d0a1_400x225_t1.jpg\",\"datePublished\":\"2011-07-06T22:45:00+00:00\",\"breadcrumb\":{\"@id\":\"https:\\\/\\\/diretodasacristia.com\\\/home\\\/sem-categoria\\\/patriarca-de-lisboa-retrata-se-sobre-ordenacao-de-mulheres-2\\\/#breadcrumb\"},\"inLanguage\":\"pt-BR\",\"potentialAction\":[{\"@type\":\"ReadAction\",\"target\":[\"https:\\\/\\\/diretodasacristia.com\\\/home\\\/sem-categoria\\\/patriarca-de-lisboa-retrata-se-sobre-ordenacao-de-mulheres-2\\\/\"]}]},{\"@type\":\"ImageObject\",\"inLanguage\":\"pt-BR\",\"@id\":\"https:\\\/\\\/diretodasacristia.com\\\/home\\\/sem-categoria\\\/patriarca-de-lisboa-retrata-se-sobre-ordenacao-de-mulheres-2\\\/#primaryimage\",\"url\":\"http:\\\/\\\/www.enciclopedia.com.pt\\\/images\\\/news\\\/thumbs\\\/cardealpatriarcadjosepolicarpo-missapascoa-2404114342d0a1_400x225_t1.jpg\",\"contentUrl\":\"http:\\\/\\\/www.enciclopedia.com.pt\\\/images\\\/news\\\/thumbs\\\/cardealpatriarcadjosepolicarpo-missapascoa-2404114342d0a1_400x225_t1.jpg\"},{\"@type\":\"BreadcrumbList\",\"@id\":\"https:\\\/\\\/diretodasacristia.com\\\/home\\\/sem-categoria\\\/patriarca-de-lisboa-retrata-se-sobre-ordenacao-de-mulheres-2\\\/#breadcrumb\",\"itemListElement\":[{\"@type\":\"ListItem\",\"position\":1,\"name\":\"In\u00edcio\",\"item\":\"https:\\\/\\\/diretodasacristia.com\\\/home\\\/\"},{\"@type\":\"ListItem\",\"position\":2,\"name\":\"Patriarca de Lisboa retrata-se sobre ordena\u00e7\u00e3o de mulheres\"}]},{\"@type\":\"WebSite\",\"@id\":\"https:\\\/\\\/diretodasacristia.com\\\/home\\\/#website\",\"url\":\"https:\\\/\\\/diretodasacristia.com\\\/home\\\/\",\"name\":\"Direto da Sacristia\",\"description\":\"Not\u00edcias e artigos sobre a f\u00e9 cat\u00f3lica\",\"publisher\":{\"@id\":\"https:\\\/\\\/diretodasacristia.com\\\/home\\\/#organization\"},\"potentialAction\":[{\"@type\":\"SearchAction\",\"target\":{\"@type\":\"EntryPoint\",\"urlTemplate\":\"https:\\\/\\\/diretodasacristia.com\\\/home\\\/?s={search_term_string}\"},\"query-input\":{\"@type\":\"PropertyValueSpecification\",\"valueRequired\":true,\"valueName\":\"search_term_string\"}}],\"inLanguage\":\"pt-BR\"},{\"@type\":\"Organization\",\"@id\":\"https:\\\/\\\/diretodasacristia.com\\\/home\\\/#organization\",\"name\":\"Direto da Sacristia\",\"url\":\"https:\\\/\\\/diretodasacristia.com\\\/home\\\/\",\"logo\":{\"@type\":\"ImageObject\",\"inLanguage\":\"pt-BR\",\"@id\":\"https:\\\/\\\/diretodasacristia.com\\\/home\\\/#\\\/schema\\\/logo\\\/image\\\/\",\"url\":\"https:\\\/\\\/i0.wp.com\\\/diretodasacristia.com\\\/home\\\/wp-content\\\/uploads\\\/2012\\\/01\\\/marca-sacristia.png?fit=320%2C306&ssl=1\",\"contentUrl\":\"https:\\\/\\\/i0.wp.com\\\/diretodasacristia.com\\\/home\\\/wp-content\\\/uploads\\\/2012\\\/01\\\/marca-sacristia.png?fit=320%2C306&ssl=1\",\"width\":\"320\",\"height\":\"306\",\"caption\":\"Direto da Sacristia\"},\"image\":{\"@id\":\"https:\\\/\\\/diretodasacristia.com\\\/home\\\/#\\\/schema\\\/logo\\\/image\\\/\"},\"sameAs\":[\"https:\\\/\\\/www.facebook.com\\\/DiretoSacristia\",\"https:\\\/\\\/x.com\\\/diretosacristia\",\"https:\\\/\\\/www.instagram.com\\\/diretodasacristia\\\/\",\"https:\\\/\\\/www.youtube.com\\\/diretodasacristia\"]},{\"@type\":\"Person\",\"@id\":\"https:\\\/\\\/diretodasacristia.com\\\/home\\\/#\\\/schema\\\/person\\\/3d453ef1f7d57c0bb0990b8070642721\",\"name\":\"E. Mar\u00e7al\",\"image\":{\"@type\":\"ImageObject\",\"inLanguage\":\"pt-BR\",\"@id\":\"https:\\\/\\\/secure.gravatar.com\\\/avatar\\\/348ff80a5ddde3de6c8b6e0c5b066b733f9245285d9ab87cd2e2ff652ffa95b0?s=96&d=mm&r=g\",\"url\":\"https:\\\/\\\/secure.gravatar.com\\\/avatar\\\/348ff80a5ddde3de6c8b6e0c5b066b733f9245285d9ab87cd2e2ff652ffa95b0?s=96&d=mm&r=g\",\"contentUrl\":\"https:\\\/\\\/secure.gravatar.com\\\/avatar\\\/348ff80a5ddde3de6c8b6e0c5b066b733f9245285d9ab87cd2e2ff652ffa95b0?s=96&d=mm&r=g\",\"caption\":\"E. Mar\u00e7al\"},\"url\":\"https:\\\/\\\/diretodasacristia.com\\\/home\\\/author\\\/erick\\\/\"}]}<\/script>\n<!-- \/ Yoast SEO plugin. -->","yoast_head_json":{"title":"Patriarca de Lisboa retrata-se sobre ordena\u00e7\u00e3o de mulheres - Direto da Sacristia","robots":{"index":"index","follow":"follow","max-snippet":"max-snippet:-1","max-image-preview":"max-image-preview:large","max-video-preview":"max-video-preview:-1"},"canonical":"https:\/\/diretodasacristia.com\/home\/sem-categoria\/patriarca-de-lisboa-retrata-se-sobre-ordenacao-de-mulheres-2\/","og_locale":"pt_BR","og_type":"article","og_title":"Patriarca de Lisboa retrata-se sobre ordena\u00e7\u00e3o de mulheres - Direto da Sacristia","og_description":"Do Fratres In Unum Cardeal lisbonense expressa o pensamento da Igreja sobre tema j\u00e1 encerrado por Jo\u00e3o Paulo II Sua Emin\u00eancia Cardeal Jos\u00e9 da Cruz Policarpo do T\u00edtulo presbiteral de San Antonio in Campo Marzio Patriarca de Lisboa Qualquer um j\u00e1 ouviu falar que no fim da vida o ser humano come\u00e7a a refletir mais... Ver artigo","og_url":"https:\/\/diretodasacristia.com\/home\/sem-categoria\/patriarca-de-lisboa-retrata-se-sobre-ordenacao-de-mulheres-2\/","og_site_name":"Direto da Sacristia","article_publisher":"https:\/\/www.facebook.com\/DiretoSacristia","article_published_time":"2011-07-06T22:45:00+00:00","og_image":[{"url":"http:\/\/www.enciclopedia.com.pt\/images\/news\/thumbs\/cardealpatriarcadjosepolicarpo-missapascoa-2404114342d0a1_400x225_t1.jpg","type":"","width":"","height":""}],"author":"E. Mar\u00e7al","twitter_card":"summary_large_image","twitter_creator":"@diretosacristia","twitter_site":"@diretosacristia","twitter_misc":{"Escrito por":"E. Mar\u00e7al","Est. tempo de leitura":"3 minutos"},"schema":{"@context":"https:\/\/schema.org","@graph":[{"@type":"Article","@id":"https:\/\/diretodasacristia.com\/home\/sem-categoria\/patriarca-de-lisboa-retrata-se-sobre-ordenacao-de-mulheres-2\/#article","isPartOf":{"@id":"https:\/\/diretodasacristia.com\/home\/sem-categoria\/patriarca-de-lisboa-retrata-se-sobre-ordenacao-de-mulheres-2\/"},"author":{"name":"E. Mar\u00e7al","@id":"https:\/\/diretodasacristia.com\/home\/#\/schema\/person\/3d453ef1f7d57c0bb0990b8070642721"},"headline":"Patriarca de Lisboa retrata-se sobre ordena\u00e7\u00e3o de mulheres","datePublished":"2011-07-06T22:45:00+00:00","mainEntityOfPage":{"@id":"https:\/\/diretodasacristia.com\/home\/sem-categoria\/patriarca-de-lisboa-retrata-se-sobre-ordenacao-de-mulheres-2\/"},"wordCount":698,"commentCount":0,"publisher":{"@id":"https:\/\/diretodasacristia.com\/home\/#organization"},"image":{"@id":"https:\/\/diretodasacristia.com\/home\/sem-categoria\/patriarca-de-lisboa-retrata-se-sobre-ordenacao-de-mulheres-2\/#primaryimage"},"thumbnailUrl":"http:\/\/www.enciclopedia.com.pt\/images\/news\/thumbs\/cardealpatriarcadjosepolicarpo-missapascoa-2404114342d0a1_400x225_t1.jpg","inLanguage":"pt-BR","potentialAction":[{"@type":"CommentAction","name":"Comment","target":["https:\/\/diretodasacristia.com\/home\/sem-categoria\/patriarca-de-lisboa-retrata-se-sobre-ordenacao-de-mulheres-2\/#respond"]}]},{"@type":"WebPage","@id":"https:\/\/diretodasacristia.com\/home\/sem-categoria\/patriarca-de-lisboa-retrata-se-sobre-ordenacao-de-mulheres-2\/","url":"https:\/\/diretodasacristia.com\/home\/sem-categoria\/patriarca-de-lisboa-retrata-se-sobre-ordenacao-de-mulheres-2\/","name":"Patriarca de Lisboa retrata-se sobre ordena\u00e7\u00e3o de mulheres - Direto da Sacristia","isPartOf":{"@id":"https:\/\/diretodasacristia.com\/home\/#website"},"primaryImageOfPage":{"@id":"https:\/\/diretodasacristia.com\/home\/sem-categoria\/patriarca-de-lisboa-retrata-se-sobre-ordenacao-de-mulheres-2\/#primaryimage"},"image":{"@id":"https:\/\/diretodasacristia.com\/home\/sem-categoria\/patriarca-de-lisboa-retrata-se-sobre-ordenacao-de-mulheres-2\/#primaryimage"},"thumbnailUrl":"http:\/\/www.enciclopedia.com.pt\/images\/news\/thumbs\/cardealpatriarcadjosepolicarpo-missapascoa-2404114342d0a1_400x225_t1.jpg","datePublished":"2011-07-06T22:45:00+00:00","breadcrumb":{"@id":"https:\/\/diretodasacristia.com\/home\/sem-categoria\/patriarca-de-lisboa-retrata-se-sobre-ordenacao-de-mulheres-2\/#breadcrumb"},"inLanguage":"pt-BR","potentialAction":[{"@type":"ReadAction","target":["https:\/\/diretodasacristia.com\/home\/sem-categoria\/patriarca-de-lisboa-retrata-se-sobre-ordenacao-de-mulheres-2\/"]}]},{"@type":"ImageObject","inLanguage":"pt-BR","@id":"https:\/\/diretodasacristia.com\/home\/sem-categoria\/patriarca-de-lisboa-retrata-se-sobre-ordenacao-de-mulheres-2\/#primaryimage","url":"http:\/\/www.enciclopedia.com.pt\/images\/news\/thumbs\/cardealpatriarcadjosepolicarpo-missapascoa-2404114342d0a1_400x225_t1.jpg","contentUrl":"http:\/\/www.enciclopedia.com.pt\/images\/news\/thumbs\/cardealpatriarcadjosepolicarpo-missapascoa-2404114342d0a1_400x225_t1.jpg"},{"@type":"BreadcrumbList","@id":"https:\/\/diretodasacristia.com\/home\/sem-categoria\/patriarca-de-lisboa-retrata-se-sobre-ordenacao-de-mulheres-2\/#breadcrumb","itemListElement":[{"@type":"ListItem","position":1,"name":"In\u00edcio","item":"https:\/\/diretodasacristia.com\/home\/"},{"@type":"ListItem","position":2,"name":"Patriarca de Lisboa retrata-se sobre ordena\u00e7\u00e3o de mulheres"}]},{"@type":"WebSite","@id":"https:\/\/diretodasacristia.com\/home\/#website","url":"https:\/\/diretodasacristia.com\/home\/","name":"Direto da Sacristia","description":"Not\u00edcias e artigos sobre a f\u00e9 cat\u00f3lica","publisher":{"@id":"https:\/\/diretodasacristia.com\/home\/#organization"},"potentialAction":[{"@type":"SearchAction","target":{"@type":"EntryPoint","urlTemplate":"https:\/\/diretodasacristia.com\/home\/?s={search_term_string}"},"query-input":{"@type":"PropertyValueSpecification","valueRequired":true,"valueName":"search_term_string"}}],"inLanguage":"pt-BR"},{"@type":"Organization","@id":"https:\/\/diretodasacristia.com\/home\/#organization","name":"Direto da Sacristia","url":"https:\/\/diretodasacristia.com\/home\/","logo":{"@type":"ImageObject","inLanguage":"pt-BR","@id":"https:\/\/diretodasacristia.com\/home\/#\/schema\/logo\/image\/","url":"https:\/\/i0.wp.com\/diretodasacristia.com\/home\/wp-content\/uploads\/2012\/01\/marca-sacristia.png?fit=320%2C306&ssl=1","contentUrl":"https:\/\/i0.wp.com\/diretodasacristia.com\/home\/wp-content\/uploads\/2012\/01\/marca-sacristia.png?fit=320%2C306&ssl=1","width":"320","height":"306","caption":"Direto da Sacristia"},"image":{"@id":"https:\/\/diretodasacristia.com\/home\/#\/schema\/logo\/image\/"},"sameAs":["https:\/\/www.facebook.com\/DiretoSacristia","https:\/\/x.com\/diretosacristia","https:\/\/www.instagram.com\/diretodasacristia\/","https:\/\/www.youtube.com\/diretodasacristia"]},{"@type":"Person","@id":"https:\/\/diretodasacristia.com\/home\/#\/schema\/person\/3d453ef1f7d57c0bb0990b8070642721","name":"E. Mar\u00e7al","image":{"@type":"ImageObject","inLanguage":"pt-BR","@id":"https:\/\/secure.gravatar.com\/avatar\/348ff80a5ddde3de6c8b6e0c5b066b733f9245285d9ab87cd2e2ff652ffa95b0?s=96&d=mm&r=g","url":"https:\/\/secure.gravatar.com\/avatar\/348ff80a5ddde3de6c8b6e0c5b066b733f9245285d9ab87cd2e2ff652ffa95b0?s=96&d=mm&r=g","contentUrl":"https:\/\/secure.gravatar.com\/avatar\/348ff80a5ddde3de6c8b6e0c5b066b733f9245285d9ab87cd2e2ff652ffa95b0?s=96&d=mm&r=g","caption":"E. Mar\u00e7al"},"url":"https:\/\/diretodasacristia.com\/home\/author\/erick\/"}]}},"jetpack_publicize_connections":[],"jetpack_featured_media_url":"","jetpack_sharing_enabled":true,"jetpack_shortlink":"https:\/\/wp.me\/p24aG7-H","jetpack-related-posts":[],"post_mailing_queue_ids":[],"_links":{"self":[{"href":"https:\/\/diretodasacristia.com\/home\/wp-json\/wp\/v2\/posts\/43","targetHints":{"allow":["GET"]}}],"collection":[{"href":"https:\/\/diretodasacristia.com\/home\/wp-json\/wp\/v2\/posts"}],"about":[{"href":"https:\/\/diretodasacristia.com\/home\/wp-json\/wp\/v2\/types\/post"}],"author":[{"embeddable":true,"href":"https:\/\/diretodasacristia.com\/home\/wp-json\/wp\/v2\/users\/3"}],"replies":[{"embeddable":true,"href":"https:\/\/diretodasacristia.com\/home\/wp-json\/wp\/v2\/comments?post=43"}],"version-history":[{"count":0,"href":"https:\/\/diretodasacristia.com\/home\/wp-json\/wp\/v2\/posts\/43\/revisions"}],"wp:attachment":[{"href":"https:\/\/diretodasacristia.com\/home\/wp-json\/wp\/v2\/media?parent=43"}],"wp:term":[{"taxonomy":"category","embeddable":true,"href":"https:\/\/diretodasacristia.com\/home\/wp-json\/wp\/v2\/categories?post=43"},{"taxonomy":"post_tag","embeddable":true,"href":"https:\/\/diretodasacristia.com\/home\/wp-json\/wp\/v2\/tags?post=43"}],"curies":[{"name":"wp","href":"https:\/\/api.w.org\/{rel}","templated":true}]}}