{"id":4445,"date":"2015-05-30T15:51:44","date_gmt":"2015-05-30T18:51:44","guid":{"rendered":"http:\/\/diretodasacristia.com\/home\/?p=4445"},"modified":"2017-06-17T23:03:33","modified_gmt":"2017-06-18T02:03:33","slug":"indicacoes-rituais-para-corpus-christi","status":"publish","type":"post","link":"https:\/\/diretodasacristia.com\/home\/liturgia\/indicacoes-rituais-para-corpus-christi\/","title":{"rendered":"Indica\u00e7\u00f5es rituais para &#8220;Corpus Christi&#8221;"},"content":{"rendered":"<p style=\"text-align: justify;\">A Solenidade de\u00a0<em>Corpus Christi<\/em>\u00a0(ou do Corpo de Deus, como maravilhosamente nomeiam os antigos) \u00e9 uma das maiores e mais importantes solenidades da Liturgia. Passada a Quinta-feira Santa e o consequente Tempo Pascal, a Igreja adora novamente, com um rito pr\u00f3prio, o mist\u00e9rio eucar\u00edstico.<\/p>\n<p style=\"text-align: center;\"><strong>Nosso Senhor demonstra aten\u00e7\u00e3o com os of\u00edcios lit\u00fargicos<\/strong><\/p>\n<p style=\"text-align: center;\"><img loading=\"lazy\" decoding=\"async\" class=\" aligncenter\" src=\"https:\/\/diretodasacristia.com\/home\/wp-content\/uploads\/2015\/05\/wpdeba1263.jpg\" alt=\"\" width=\"559\" height=\"334\" \/><\/p>\n<p style=\"text-align: center;\"><em>O Papa Urbano IV adora ao milagre de Bolsena<br \/>\nPintura de Rafael Sanzio. Museus Vaticanos.<\/em><\/p>\n<p style=\"text-align: justify;\">At\u00e9 1264 n\u00e3o havia esta solenidade no ano lit\u00fargico. Portanto, em vis\u00f5es \u00e0 freira Juliana de Cornion, Cristo demonstrou a Liturgia a ela como se fosse uma lua, mas faltando uma parte em seu brilho, que era a aus\u00eancia de uma festa proeminente eucar\u00edstica. Isso nos faz pensar que Nosso Senhor importa-se com o que \u00e9 feito na Liturgia, uma vez que se destina para o culto a Ele. Ap\u00f3s as apari\u00e7\u00f5es \u00e0 freira, a sua diocese belga, de Li\u00e9ge, instituiu a n\u00edvel local a festa eucar\u00edstica.<\/p>\n<p style=\"text-align: center;\"><img loading=\"lazy\" decoding=\"async\" class=\" aligncenter\" src=\"https:\/\/diretodasacristia.com\/home\/wp-content\/uploads\/2015\/05\/Prociss%C3%A3o-Corpus-Cristi-paramentos-dourados-ostens%C3%B3rio-p%C3%A1lio-sacerdote-di%C3%A1conos-Vancouver-2012.jpg\" alt=\"\" width=\"800\" height=\"532\" \/><\/p>\n<p style=\"text-align: center;\"><em>Prociss\u00e3o de\u00a0<\/em>Corpus Christi<em> em Vancouver (Canad\u00e1), no ano de 2012<\/em><\/p>\n<p style=\"text-align: justify;\">Passados 20 anos, em Bolsena (It\u00e1lia), durante a Missa celebrada por Pe. Pedro de Braga, da h\u00f3stia consagrada verteram gotas de sangue; o reverendo duvidara da presen\u00e7a eucar\u00edstica. O Papa de ent\u00e3o, Urbano IV, estava na cidade vizinha, Orvieto, ordenou que lhe trouxessem a h\u00f3stia miraculada. Quando a viu, vinda em prociss\u00e3o, exclamou: &#8220;Corpus Christi!&#8221;. Ele era do clero de Li\u00e8ge quando das vis\u00f5es de Irm\u00e3 Cornion. Em 1264, ano de sua morte, o mesmo Papa estendeu \u00e0 toda a Igreja a festa eucar\u00edstica da diocese de Li\u00e8ge, pedida por Cristo e como memorial do milagre de Bolsena. S\u00e3o Tom\u00e1s de Aquino comp\u00f4s textos para os ritos lit\u00fargicos, depois de tamb\u00e9m outros te\u00f3logos apresentarem suas vers\u00f5es. Somente em 1274 come\u00e7ou o costume de fazer a prociss\u00e3o expondo a h\u00f3stia consagrada numa cust\u00f3dia (ostens\u00f3rio).<\/p>\n<p style=\"text-align: justify;\"><strong>Indica\u00e7\u00f5es rituais<\/strong><\/p>\n<p style=\"text-align: justify;\"><em>A preparar:<\/em><\/p>\n<p style=\"text-align: justify;\">\u2014 Casula e estola para a Missa e pluvial e v\u00e9u umeral para a prociss\u00e3o (brancos, dourados ou prateados)<br \/>\n\u2014 Evangeli\u00e1rio sobre o altar (se n\u00e3o houver Di\u00e1cono ou Concelebrantes)<br \/>\n\u2014 Ostens\u00f3rio<br \/>\n\u2014 2 h\u00f3stias para serem consagradas\u00a0(Cerimonial dos Bispos, n. 388)<br \/>\n\u2014 2 tur\u00edbulos, conservando o segundo para a prociss\u00e3o e o principal para a Missa e a exposi\u00e7\u00e3o eucar\u00edstica (Cerimonial dos Bispos, n. 388)<br \/>\n\u2014 P\u00e1lio para a prociss\u00e3o, que serve que tenda m\u00f3vel e n\u00e3o a ins\u00edgnia arquiepiscopal<br \/>\n\u2014 Altares ornados com o necess\u00e1rio para a adora\u00e7\u00e3o e b\u00ean\u00e7\u00e3o eucar\u00edsticas durante a prociss\u00e3o<br \/>\n\u2014 Tudo quanto \u00e9 necess\u00e1rio para uma Missa solene, tanto conforme se o Celebrante for um Presb\u00edtero, quanto se ele for um Bispo<\/p>\n<p style=\"text-align: justify;\"><em>O rito:<\/em><\/p>\n<p style=\"text-align: justify;\"><strong>01.<\/strong> A Liturgia da Palavra possui uma Sequ\u00eancia pr\u00f3pria, a ser cantada por todos, ainda sentados, antes da proclama\u00e7\u00e3o Evangelho.<\/p>\n<p style=\"text-align: justify;\"><strong>02.<\/strong> A Missa segue o rito comum at\u00e9 o fim da Comunh\u00e3o: mantendo o corporal sobre o altar, enquanto purifica os vasos, o Celebrante (ou o Di\u00e1cono) toma a segunda h\u00f3stia que foi consagrada e n\u00e3o foi consumida e a exp\u00f5e no ostens\u00f3rio. O uso de um trono para sustentar o ostens\u00f3rio s\u00f3 faz-se necess\u00e1rio quando este \u00e9 pequeno ou a igreja \u00e9 muito grande, de modo de as pessoas em lugares mais distantes do altar tenham dificuldade no contato visual.<\/p>\n<p style=\"text-align: justify;\"><strong>03.<\/strong> Todos que passarem diante da exposi\u00e7\u00e3o solene, ap\u00f3s a Comunh\u00e3o, fazem genuflex\u00e3o.<\/p>\n<p style=\"text-align: justify;\"><strong>04.<\/strong> Rezada a Ora\u00e7\u00e3o Depois da Comunh\u00e3o, o Celebrante retira sua casula (e a estola, se for diferente daquela do pluvial) e veste o pluvial, tamb\u00e9m chamado de capa\u00a0<em>De Asperges<\/em>. Concelebrantes tamb\u00e9m podem vestir pluvial, mas Di\u00e1conos mant\u00eam-se paramentados com suas dalm\u00e1ticas.<\/p>\n<p style=\"text-align: center;\"><img loading=\"lazy\" decoding=\"async\" class=\" aligncenter\" src=\"https:\/\/diretodasacristia.com\/home\/wp-content\/uploads\/2015\/05\/Bispo-mitra-pluvial-luvas-ostens\u00f3rio-adora\u00e7\u00e3o-e1433011269981.jpg\" alt=\"\" width=\"800\" height=\"551\" \/><\/p>\n<p style=\"text-align: justify;\"><strong>05.<\/strong> O Celebrante dirige-se para a frente do altar, enquanto os ministros lhe levantam as extremidades do pluvial. Fazem genuflex\u00e3o e, de p\u00e9, o Celebrante imp\u00f5e incenso nos dois tur\u00edbulos e volta a ajoelhar-se. \u00c9-lhe dado o primeiro tur\u00edbulo e com ele incensa o Sant\u00edssimo. Fazem-se alguns instantes de adora\u00e7\u00e3o silenciosa.<\/p>\n<p style=\"text-align: justify;\"><strong>06.<\/strong> Enquanto isso, o cruc\u00edfero inicia a prociss\u00e3o, ladeado por dois cerofer\u00e1rios, com as velas.<\/p>\n<p style=\"text-align: justify;\"><strong>07.<\/strong> O Celebrante recebe o v\u00e9u umeral e toma nas m\u00e3os o ostens\u00f3rio, cobrindo-lhe a base. Os turifer\u00e1rios v\u00e3o \u00e0 sua frente. Ao seu lado avan\u00e7am os cerofer\u00e1rios, com as velas. O Celebrante situa-se abaixo do p\u00e1lio, sustentado por fi\u00e9is dignamente vestidos. Todos os outros carregam velas acesas.<\/p>\n<p style=\"text-align: justify;\"><strong>08.<\/strong> Se no trajeto acontecer b\u00ean\u00e7\u00e3o eucar\u00edstica, o ostens\u00f3rio \u00e9 posto sobre o altar propositalmente preparado, sem exagero em imagens (exceto as de anjos), mas com flores e velas no maior n\u00famero poss\u00edvel. O Celebrante incensa o Sant\u00edssimo, enquanto todos cantam o\u00a0<em>T\u00e3o sublime<\/em>. A seguir, ele recita o vers\u00edculo\u00a0<em>Do c\u00e9u<\/em>, ao que todos respondem\u00a0<em>Que cont\u00e9m<\/em>, e ajunta a ora\u00e7\u00e3o\u00a0<em>Senhor, que neste admir\u00e1vel Sacramento<\/em>. O Celebrante toma nas m\u00e3os de novo o ostens\u00f3rio, tra\u00e7a a b\u00ean\u00e7\u00e3o em forma de cruz grega, enquanto todos est\u00e3o em sil\u00eancio, e, depois, continuam a prociss\u00e3o.<\/p>\n<p style=\"text-align: justify;\"><strong>09.<\/strong> Pode haver b\u00ean\u00e7\u00e3o \u00e0 porta da igreja, sempre observando-se o mesmo rito. As aclama\u00e7\u00f5es\u00a0<em>Bendito seja Deus\u00a0<\/em>e a Ora\u00e7\u00e3o pela Igreja, pelo Clero e pela P\u00e1tria (<em>Deus e Senhor nosso, protegei a Vossa Igreja<\/em>)\u00a0tamb\u00e9m podem ser feitas.<\/p>\n<p style=\"text-align: justify;\"><strong>10.<\/strong> Ao fim de tudo, despede-se o povo como no fim da Missa e recolhe-se o Sant\u00edssimo Sacramento no sacr\u00e1rio.<\/p>\n<p style=\"text-align: center;\"><strong>[adrotate group=&#8221;1&#8243;]<\/strong><\/p>\n","protected":false},"excerpt":{"rendered":"A Solenidade de\u00a0Corpus Christi\u00a0(ou do Corpo de Deus, como maravilhosamente nomeiam os antigos) \u00e9 uma das maiores e mais importantes solenidades da Liturgia. Passada a Quinta-feira Santa e o consequente Tempo Pascal, a Igreja adora novamente, com um rito pr\u00f3prio, o mist\u00e9rio eucar\u00edstico. Nosso Senhor demonstra aten\u00e7\u00e3o com os of\u00edcios lit\u00fargicos O Papa Urbano IV&#8230; <a class=\"view-article\" href=\"https:\/\/diretodasacristia.com\/home\/liturgia\/indicacoes-rituais-para-corpus-christi\/\">Ver artigo<\/a>","protected":false},"author":3,"featured_media":0,"comment_status":"open","ping_status":"open","sticky":false,"template":"","format":"standard","meta":{"jetpack_post_was_ever_published":false,"_jetpack_newsletter_access":"","_jetpack_dont_email_post_to_subs":true,"_jetpack_newsletter_tier_id":0,"_jetpack_memberships_contains_paywalled_content":false,"_jetpack_memberships_contains_paid_content":false,"_joinchat":[],"footnotes":"","jetpack_publicize_message":"","jetpack_publicize_feature_enabled":true,"jetpack_social_post_already_shared":true,"jetpack_social_options":{"image_generator_settings":{"template":"highway","default_image_id":0,"font":"","enabled":false},"version":2}},"categories":[37,20],"tags":[],"class_list":["post-4445","post","type-post","status-publish","format-standard","hentry","category-destaque","category-liturgia"],"yoast_head":"<!-- This site is optimized with the Yoast SEO plugin v27.4 - https:\/\/yoast.com\/product\/yoast-seo-wordpress\/ -->\n<title>Indica\u00e7\u00f5es rituais para &quot;Corpus Christi&quot; - Direto da Sacristia<\/title>\n<meta name=\"robots\" content=\"index, follow, max-snippet:-1, max-image-preview:large, max-video-preview:-1\" \/>\n<link rel=\"canonical\" href=\"https:\/\/diretodasacristia.com\/home\/liturgia\/indicacoes-rituais-para-corpus-christi\/\" \/>\n<meta property=\"og:locale\" content=\"pt_BR\" \/>\n<meta property=\"og:type\" content=\"article\" \/>\n<meta property=\"og:title\" content=\"Indica\u00e7\u00f5es rituais para &quot;Corpus Christi&quot; - Direto da Sacristia\" \/>\n<meta property=\"og:description\" content=\"A Solenidade de\u00a0Corpus Christi\u00a0(ou do Corpo de Deus, como maravilhosamente nomeiam os antigos) \u00e9 uma das maiores e mais importantes solenidades da Liturgia. Passada a Quinta-feira Santa e o consequente Tempo Pascal, a Igreja adora novamente, com um rito pr\u00f3prio, o mist\u00e9rio eucar\u00edstico. Nosso Senhor demonstra aten\u00e7\u00e3o com os of\u00edcios lit\u00fargicos O Papa Urbano IV... Ver artigo\" \/>\n<meta property=\"og:url\" content=\"https:\/\/diretodasacristia.com\/home\/liturgia\/indicacoes-rituais-para-corpus-christi\/\" \/>\n<meta property=\"og:site_name\" content=\"Direto da Sacristia\" \/>\n<meta property=\"article:publisher\" content=\"https:\/\/www.facebook.com\/DiretoSacristia\" \/>\n<meta property=\"article:published_time\" content=\"2015-05-30T18:51:44+00:00\" \/>\n<meta property=\"article:modified_time\" content=\"2017-06-18T02:03:33+00:00\" \/>\n<meta property=\"og:image\" content=\"http:\/\/diretodasacristia.com\/home\/wp-content\/uploads\/2015\/05\/wpdeba1263.jpg\" \/>\n<meta name=\"author\" content=\"E. Mar\u00e7al\" \/>\n<meta name=\"twitter:card\" content=\"summary_large_image\" \/>\n<meta name=\"twitter:creator\" content=\"@diretosacristia\" \/>\n<meta name=\"twitter:site\" content=\"@diretosacristia\" \/>\n<meta name=\"twitter:label1\" content=\"Escrito por\" \/>\n\t<meta name=\"twitter:data1\" content=\"E. Mar\u00e7al\" \/>\n\t<meta name=\"twitter:label2\" content=\"Est. tempo de leitura\" \/>\n\t<meta name=\"twitter:data2\" content=\"5 minutos\" \/>\n<script type=\"application\/ld+json\" class=\"yoast-schema-graph\">{\"@context\":\"https:\\\/\\\/schema.org\",\"@graph\":[{\"@type\":\"Article\",\"@id\":\"https:\\\/\\\/diretodasacristia.com\\\/home\\\/liturgia\\\/indicacoes-rituais-para-corpus-christi\\\/#article\",\"isPartOf\":{\"@id\":\"https:\\\/\\\/diretodasacristia.com\\\/home\\\/liturgia\\\/indicacoes-rituais-para-corpus-christi\\\/\"},\"author\":{\"name\":\"E. Mar\u00e7al\",\"@id\":\"https:\\\/\\\/diretodasacristia.com\\\/home\\\/#\\\/schema\\\/person\\\/3d453ef1f7d57c0bb0990b8070642721\"},\"headline\":\"Indica\u00e7\u00f5es rituais para &#8220;Corpus Christi&#8221;\",\"datePublished\":\"2015-05-30T18:51:44+00:00\",\"dateModified\":\"2017-06-18T02:03:33+00:00\",\"mainEntityOfPage\":{\"@id\":\"https:\\\/\\\/diretodasacristia.com\\\/home\\\/liturgia\\\/indicacoes-rituais-para-corpus-christi\\\/\"},\"wordCount\":954,\"commentCount\":1,\"publisher\":{\"@id\":\"https:\\\/\\\/diretodasacristia.com\\\/home\\\/#organization\"},\"image\":{\"@id\":\"https:\\\/\\\/diretodasacristia.com\\\/home\\\/liturgia\\\/indicacoes-rituais-para-corpus-christi\\\/#primaryimage\"},\"thumbnailUrl\":\"http:\\\/\\\/diretodasacristia.com\\\/home\\\/wp-content\\\/uploads\\\/2015\\\/05\\\/wpdeba1263.jpg\",\"articleSection\":[\"Destaque\",\"Liturgia\"],\"inLanguage\":\"pt-BR\",\"potentialAction\":[{\"@type\":\"CommentAction\",\"name\":\"Comment\",\"target\":[\"https:\\\/\\\/diretodasacristia.com\\\/home\\\/liturgia\\\/indicacoes-rituais-para-corpus-christi\\\/#respond\"]}]},{\"@type\":\"WebPage\",\"@id\":\"https:\\\/\\\/diretodasacristia.com\\\/home\\\/liturgia\\\/indicacoes-rituais-para-corpus-christi\\\/\",\"url\":\"https:\\\/\\\/diretodasacristia.com\\\/home\\\/liturgia\\\/indicacoes-rituais-para-corpus-christi\\\/\",\"name\":\"Indica\u00e7\u00f5es rituais para \\\"Corpus Christi\\\" - Direto da Sacristia\",\"isPartOf\":{\"@id\":\"https:\\\/\\\/diretodasacristia.com\\\/home\\\/#website\"},\"primaryImageOfPage\":{\"@id\":\"https:\\\/\\\/diretodasacristia.com\\\/home\\\/liturgia\\\/indicacoes-rituais-para-corpus-christi\\\/#primaryimage\"},\"image\":{\"@id\":\"https:\\\/\\\/diretodasacristia.com\\\/home\\\/liturgia\\\/indicacoes-rituais-para-corpus-christi\\\/#primaryimage\"},\"thumbnailUrl\":\"http:\\\/\\\/diretodasacristia.com\\\/home\\\/wp-content\\\/uploads\\\/2015\\\/05\\\/wpdeba1263.jpg\",\"datePublished\":\"2015-05-30T18:51:44+00:00\",\"dateModified\":\"2017-06-18T02:03:33+00:00\",\"breadcrumb\":{\"@id\":\"https:\\\/\\\/diretodasacristia.com\\\/home\\\/liturgia\\\/indicacoes-rituais-para-corpus-christi\\\/#breadcrumb\"},\"inLanguage\":\"pt-BR\",\"potentialAction\":[{\"@type\":\"ReadAction\",\"target\":[\"https:\\\/\\\/diretodasacristia.com\\\/home\\\/liturgia\\\/indicacoes-rituais-para-corpus-christi\\\/\"]}]},{\"@type\":\"ImageObject\",\"inLanguage\":\"pt-BR\",\"@id\":\"https:\\\/\\\/diretodasacristia.com\\\/home\\\/liturgia\\\/indicacoes-rituais-para-corpus-christi\\\/#primaryimage\",\"url\":\"http:\\\/\\\/diretodasacristia.com\\\/home\\\/wp-content\\\/uploads\\\/2015\\\/05\\\/wpdeba1263.jpg\",\"contentUrl\":\"http:\\\/\\\/diretodasacristia.com\\\/home\\\/wp-content\\\/uploads\\\/2015\\\/05\\\/wpdeba1263.jpg\"},{\"@type\":\"BreadcrumbList\",\"@id\":\"https:\\\/\\\/diretodasacristia.com\\\/home\\\/liturgia\\\/indicacoes-rituais-para-corpus-christi\\\/#breadcrumb\",\"itemListElement\":[{\"@type\":\"ListItem\",\"position\":1,\"name\":\"In\u00edcio\",\"item\":\"https:\\\/\\\/diretodasacristia.com\\\/home\\\/\"},{\"@type\":\"ListItem\",\"position\":2,\"name\":\"Indica\u00e7\u00f5es rituais para &#8220;Corpus Christi&#8221;\"}]},{\"@type\":\"WebSite\",\"@id\":\"https:\\\/\\\/diretodasacristia.com\\\/home\\\/#website\",\"url\":\"https:\\\/\\\/diretodasacristia.com\\\/home\\\/\",\"name\":\"Direto da Sacristia\",\"description\":\"Not\u00edcias e artigos sobre a f\u00e9 cat\u00f3lica\",\"publisher\":{\"@id\":\"https:\\\/\\\/diretodasacristia.com\\\/home\\\/#organization\"},\"potentialAction\":[{\"@type\":\"SearchAction\",\"target\":{\"@type\":\"EntryPoint\",\"urlTemplate\":\"https:\\\/\\\/diretodasacristia.com\\\/home\\\/?s={search_term_string}\"},\"query-input\":{\"@type\":\"PropertyValueSpecification\",\"valueRequired\":true,\"valueName\":\"search_term_string\"}}],\"inLanguage\":\"pt-BR\"},{\"@type\":\"Organization\",\"@id\":\"https:\\\/\\\/diretodasacristia.com\\\/home\\\/#organization\",\"name\":\"Direto da Sacristia\",\"url\":\"https:\\\/\\\/diretodasacristia.com\\\/home\\\/\",\"logo\":{\"@type\":\"ImageObject\",\"inLanguage\":\"pt-BR\",\"@id\":\"https:\\\/\\\/diretodasacristia.com\\\/home\\\/#\\\/schema\\\/logo\\\/image\\\/\",\"url\":\"https:\\\/\\\/i0.wp.com\\\/diretodasacristia.com\\\/home\\\/wp-content\\\/uploads\\\/2012\\\/01\\\/marca-sacristia.png?fit=320%2C306&ssl=1\",\"contentUrl\":\"https:\\\/\\\/i0.wp.com\\\/diretodasacristia.com\\\/home\\\/wp-content\\\/uploads\\\/2012\\\/01\\\/marca-sacristia.png?fit=320%2C306&ssl=1\",\"width\":\"320\",\"height\":\"306\",\"caption\":\"Direto da Sacristia\"},\"image\":{\"@id\":\"https:\\\/\\\/diretodasacristia.com\\\/home\\\/#\\\/schema\\\/logo\\\/image\\\/\"},\"sameAs\":[\"https:\\\/\\\/www.facebook.com\\\/DiretoSacristia\",\"https:\\\/\\\/x.com\\\/diretosacristia\",\"https:\\\/\\\/www.instagram.com\\\/diretodasacristia\\\/\",\"https:\\\/\\\/www.youtube.com\\\/diretodasacristia\"]},{\"@type\":\"Person\",\"@id\":\"https:\\\/\\\/diretodasacristia.com\\\/home\\\/#\\\/schema\\\/person\\\/3d453ef1f7d57c0bb0990b8070642721\",\"name\":\"E. Mar\u00e7al\",\"image\":{\"@type\":\"ImageObject\",\"inLanguage\":\"pt-BR\",\"@id\":\"https:\\\/\\\/secure.gravatar.com\\\/avatar\\\/348ff80a5ddde3de6c8b6e0c5b066b733f9245285d9ab87cd2e2ff652ffa95b0?s=96&d=mm&r=g\",\"url\":\"https:\\\/\\\/secure.gravatar.com\\\/avatar\\\/348ff80a5ddde3de6c8b6e0c5b066b733f9245285d9ab87cd2e2ff652ffa95b0?s=96&d=mm&r=g\",\"contentUrl\":\"https:\\\/\\\/secure.gravatar.com\\\/avatar\\\/348ff80a5ddde3de6c8b6e0c5b066b733f9245285d9ab87cd2e2ff652ffa95b0?s=96&d=mm&r=g\",\"caption\":\"E. Mar\u00e7al\"},\"url\":\"https:\\\/\\\/diretodasacristia.com\\\/home\\\/author\\\/erick\\\/\"}]}<\/script>\n<!-- \/ Yoast SEO plugin. -->","yoast_head_json":{"title":"Indica\u00e7\u00f5es rituais para \"Corpus Christi\" - Direto da Sacristia","robots":{"index":"index","follow":"follow","max-snippet":"max-snippet:-1","max-image-preview":"max-image-preview:large","max-video-preview":"max-video-preview:-1"},"canonical":"https:\/\/diretodasacristia.com\/home\/liturgia\/indicacoes-rituais-para-corpus-christi\/","og_locale":"pt_BR","og_type":"article","og_title":"Indica\u00e7\u00f5es rituais para \"Corpus Christi\" - Direto da Sacristia","og_description":"A Solenidade de\u00a0Corpus Christi\u00a0(ou do Corpo de Deus, como maravilhosamente nomeiam os antigos) \u00e9 uma das maiores e mais importantes solenidades da Liturgia. Passada a Quinta-feira Santa e o consequente Tempo Pascal, a Igreja adora novamente, com um rito pr\u00f3prio, o mist\u00e9rio eucar\u00edstico. Nosso Senhor demonstra aten\u00e7\u00e3o com os of\u00edcios lit\u00fargicos O Papa Urbano IV... Ver artigo","og_url":"https:\/\/diretodasacristia.com\/home\/liturgia\/indicacoes-rituais-para-corpus-christi\/","og_site_name":"Direto da Sacristia","article_publisher":"https:\/\/www.facebook.com\/DiretoSacristia","article_published_time":"2015-05-30T18:51:44+00:00","article_modified_time":"2017-06-18T02:03:33+00:00","og_image":[{"url":"http:\/\/diretodasacristia.com\/home\/wp-content\/uploads\/2015\/05\/wpdeba1263.jpg","type":"","width":"","height":""}],"author":"E. Mar\u00e7al","twitter_card":"summary_large_image","twitter_creator":"@diretosacristia","twitter_site":"@diretosacristia","twitter_misc":{"Escrito por":"E. Mar\u00e7al","Est. tempo de leitura":"5 minutos"},"schema":{"@context":"https:\/\/schema.org","@graph":[{"@type":"Article","@id":"https:\/\/diretodasacristia.com\/home\/liturgia\/indicacoes-rituais-para-corpus-christi\/#article","isPartOf":{"@id":"https:\/\/diretodasacristia.com\/home\/liturgia\/indicacoes-rituais-para-corpus-christi\/"},"author":{"name":"E. Mar\u00e7al","@id":"https:\/\/diretodasacristia.com\/home\/#\/schema\/person\/3d453ef1f7d57c0bb0990b8070642721"},"headline":"Indica\u00e7\u00f5es rituais para &#8220;Corpus Christi&#8221;","datePublished":"2015-05-30T18:51:44+00:00","dateModified":"2017-06-18T02:03:33+00:00","mainEntityOfPage":{"@id":"https:\/\/diretodasacristia.com\/home\/liturgia\/indicacoes-rituais-para-corpus-christi\/"},"wordCount":954,"commentCount":1,"publisher":{"@id":"https:\/\/diretodasacristia.com\/home\/#organization"},"image":{"@id":"https:\/\/diretodasacristia.com\/home\/liturgia\/indicacoes-rituais-para-corpus-christi\/#primaryimage"},"thumbnailUrl":"http:\/\/diretodasacristia.com\/home\/wp-content\/uploads\/2015\/05\/wpdeba1263.jpg","articleSection":["Destaque","Liturgia"],"inLanguage":"pt-BR","potentialAction":[{"@type":"CommentAction","name":"Comment","target":["https:\/\/diretodasacristia.com\/home\/liturgia\/indicacoes-rituais-para-corpus-christi\/#respond"]}]},{"@type":"WebPage","@id":"https:\/\/diretodasacristia.com\/home\/liturgia\/indicacoes-rituais-para-corpus-christi\/","url":"https:\/\/diretodasacristia.com\/home\/liturgia\/indicacoes-rituais-para-corpus-christi\/","name":"Indica\u00e7\u00f5es rituais para \"Corpus Christi\" - Direto da Sacristia","isPartOf":{"@id":"https:\/\/diretodasacristia.com\/home\/#website"},"primaryImageOfPage":{"@id":"https:\/\/diretodasacristia.com\/home\/liturgia\/indicacoes-rituais-para-corpus-christi\/#primaryimage"},"image":{"@id":"https:\/\/diretodasacristia.com\/home\/liturgia\/indicacoes-rituais-para-corpus-christi\/#primaryimage"},"thumbnailUrl":"http:\/\/diretodasacristia.com\/home\/wp-content\/uploads\/2015\/05\/wpdeba1263.jpg","datePublished":"2015-05-30T18:51:44+00:00","dateModified":"2017-06-18T02:03:33+00:00","breadcrumb":{"@id":"https:\/\/diretodasacristia.com\/home\/liturgia\/indicacoes-rituais-para-corpus-christi\/#breadcrumb"},"inLanguage":"pt-BR","potentialAction":[{"@type":"ReadAction","target":["https:\/\/diretodasacristia.com\/home\/liturgia\/indicacoes-rituais-para-corpus-christi\/"]}]},{"@type":"ImageObject","inLanguage":"pt-BR","@id":"https:\/\/diretodasacristia.com\/home\/liturgia\/indicacoes-rituais-para-corpus-christi\/#primaryimage","url":"http:\/\/diretodasacristia.com\/home\/wp-content\/uploads\/2015\/05\/wpdeba1263.jpg","contentUrl":"http:\/\/diretodasacristia.com\/home\/wp-content\/uploads\/2015\/05\/wpdeba1263.jpg"},{"@type":"BreadcrumbList","@id":"https:\/\/diretodasacristia.com\/home\/liturgia\/indicacoes-rituais-para-corpus-christi\/#breadcrumb","itemListElement":[{"@type":"ListItem","position":1,"name":"In\u00edcio","item":"https:\/\/diretodasacristia.com\/home\/"},{"@type":"ListItem","position":2,"name":"Indica\u00e7\u00f5es rituais para &#8220;Corpus Christi&#8221;"}]},{"@type":"WebSite","@id":"https:\/\/diretodasacristia.com\/home\/#website","url":"https:\/\/diretodasacristia.com\/home\/","name":"Direto da Sacristia","description":"Not\u00edcias e artigos sobre a f\u00e9 cat\u00f3lica","publisher":{"@id":"https:\/\/diretodasacristia.com\/home\/#organization"},"potentialAction":[{"@type":"SearchAction","target":{"@type":"EntryPoint","urlTemplate":"https:\/\/diretodasacristia.com\/home\/?s={search_term_string}"},"query-input":{"@type":"PropertyValueSpecification","valueRequired":true,"valueName":"search_term_string"}}],"inLanguage":"pt-BR"},{"@type":"Organization","@id":"https:\/\/diretodasacristia.com\/home\/#organization","name":"Direto da Sacristia","url":"https:\/\/diretodasacristia.com\/home\/","logo":{"@type":"ImageObject","inLanguage":"pt-BR","@id":"https:\/\/diretodasacristia.com\/home\/#\/schema\/logo\/image\/","url":"https:\/\/i0.wp.com\/diretodasacristia.com\/home\/wp-content\/uploads\/2012\/01\/marca-sacristia.png?fit=320%2C306&ssl=1","contentUrl":"https:\/\/i0.wp.com\/diretodasacristia.com\/home\/wp-content\/uploads\/2012\/01\/marca-sacristia.png?fit=320%2C306&ssl=1","width":"320","height":"306","caption":"Direto da Sacristia"},"image":{"@id":"https:\/\/diretodasacristia.com\/home\/#\/schema\/logo\/image\/"},"sameAs":["https:\/\/www.facebook.com\/DiretoSacristia","https:\/\/x.com\/diretosacristia","https:\/\/www.instagram.com\/diretodasacristia\/","https:\/\/www.youtube.com\/diretodasacristia"]},{"@type":"Person","@id":"https:\/\/diretodasacristia.com\/home\/#\/schema\/person\/3d453ef1f7d57c0bb0990b8070642721","name":"E. Mar\u00e7al","image":{"@type":"ImageObject","inLanguage":"pt-BR","@id":"https:\/\/secure.gravatar.com\/avatar\/348ff80a5ddde3de6c8b6e0c5b066b733f9245285d9ab87cd2e2ff652ffa95b0?s=96&d=mm&r=g","url":"https:\/\/secure.gravatar.com\/avatar\/348ff80a5ddde3de6c8b6e0c5b066b733f9245285d9ab87cd2e2ff652ffa95b0?s=96&d=mm&r=g","contentUrl":"https:\/\/secure.gravatar.com\/avatar\/348ff80a5ddde3de6c8b6e0c5b066b733f9245285d9ab87cd2e2ff652ffa95b0?s=96&d=mm&r=g","caption":"E. Mar\u00e7al"},"url":"https:\/\/diretodasacristia.com\/home\/author\/erick\/"}]}},"jetpack_publicize_connections":[],"jetpack_featured_media_url":"","jetpack_sharing_enabled":true,"jetpack_shortlink":"https:\/\/wp.me\/p24aG7-19H","jetpack-related-posts":[{"id":4656,"url":"https:\/\/diretodasacristia.com\/home\/liturgia\/pode-se-fazer-procissao-eucaristica-dentro-da-igreja\/","url_meta":{"origin":4445,"position":0},"title":"Pode-se fazer prociss\u00e3o eucar\u00edstica dentro da igreja?","author":"E. Mar\u00e7al","date":"22 de setembro de 2016","format":false,"excerpt":"O culto eucar\u00edstico, assim, tornou-se um espet\u00e1culo, n\u00e3o claramente para a divina majestade a Quem \u00e9 dirigido, mas uma interpreta\u00e7\u00e3o da anunciada e acreditada proximidade de Jesus em nossa vida e como demonstramos o nosso amor por Ele.","rel":"","context":"Em &quot;Liturgia&quot;","block_context":{"text":"Liturgia","link":"https:\/\/diretodasacristia.com\/home\/c\/liturgia\/"},"img":{"alt_text":"bento-xvi-trasladacao-santissimo-sacramento-casula-veu-umeral-umbela-missa-in-coena-domini-2010","src":"https:\/\/i0.wp.com\/diretodasacristia.com\/home\/wp-content\/uploads\/2016\/09\/Bento-XVI-traslada%C3%A7%C3%A3o-Sant%C3%ADssimo-Sacramento-casula-v%C3%A9u-umeral-umbela-Missa-In-Coena-Domini-2010.jpg?resize=350%2C200","width":350,"height":200,"srcset":"https:\/\/i0.wp.com\/diretodasacristia.com\/home\/wp-content\/uploads\/2016\/09\/Bento-XVI-traslada%C3%A7%C3%A3o-Sant%C3%ADssimo-Sacramento-casula-v%C3%A9u-umeral-umbela-Missa-In-Coena-Domini-2010.jpg?resize=350%2C200 1x, https:\/\/i0.wp.com\/diretodasacristia.com\/home\/wp-content\/uploads\/2016\/09\/Bento-XVI-traslada%C3%A7%C3%A3o-Sant%C3%ADssimo-Sacramento-casula-v%C3%A9u-umeral-umbela-Missa-In-Coena-Domini-2010.jpg?resize=525%2C300 1.5x, https:\/\/i0.wp.com\/diretodasacristia.com\/home\/wp-content\/uploads\/2016\/09\/Bento-XVI-traslada%C3%A7%C3%A3o-Sant%C3%ADssimo-Sacramento-casula-v%C3%A9u-umeral-umbela-Missa-In-Coena-Domini-2010.jpg?resize=700%2C400 2x"},"classes":[]},{"id":5550,"url":"https:\/\/diretodasacristia.com\/home\/liturgia\/por-que-se-celebra-sao-jose-em-19-de-marco\/","url_meta":{"origin":4445,"position":1},"title":"Por que se celebra S\u00e3o Jos\u00e9 em 19 de mar\u00e7o?","author":"Reda\u00e7\u00e3o","date":"19 de mar\u00e7o de 2026","format":false,"excerpt":"Foi no s\u00e9culo XV que fixaram para este dia a solenidade do Pai putativo de Jesus; a reforma lit\u00fargica do Conc\u00edlio de Trento n\u00e3o alterou em nada, o mesmo fez a reforma do Vaticano II.","rel":"","context":"Em &quot;Liturgia&quot;","block_context":{"text":"Liturgia","link":"https:\/\/diretodasacristia.com\/home\/c\/liturgia\/"},"img":{"alt_text":"","src":"https:\/\/i0.wp.com\/diretodasacristia.com\/home\/wp-content\/uploads\/2026\/03\/San_Jose_-_Alonso_Miguel_de_Tovar.jpg?resize=350%2C200&ssl=1","width":350,"height":200,"srcset":"https:\/\/i0.wp.com\/diretodasacristia.com\/home\/wp-content\/uploads\/2026\/03\/San_Jose_-_Alonso_Miguel_de_Tovar.jpg?resize=350%2C200&ssl=1 1x, https:\/\/i0.wp.com\/diretodasacristia.com\/home\/wp-content\/uploads\/2026\/03\/San_Jose_-_Alonso_Miguel_de_Tovar.jpg?resize=525%2C300&ssl=1 1.5x, https:\/\/i0.wp.com\/diretodasacristia.com\/home\/wp-content\/uploads\/2026\/03\/San_Jose_-_Alonso_Miguel_de_Tovar.jpg?resize=700%2C400&ssl=1 2x"},"classes":[]},{"id":4264,"url":"https:\/\/diretodasacristia.com\/home\/liturgia\/como-abencoar-na-missa\/","url_meta":{"origin":4445,"position":2},"title":"Como aben\u00e7oar na Missa?","author":"E. Mar\u00e7al","date":"30 de novembro de 2014","format":false,"excerpt":"Ou seja, n\u00e3o devem tra\u00e7ar a cruz enquanto dizem a f\u00f3rmula completa da b\u00ean\u00e7\u00e3o final, pronunciando \"Pater et Filius\" enquanto tra\u00e7am a linha vertical e \"et Spiritus Sanctus\" tra\u00e7ando a linha horizontal completa da cruz grega.","rel":"","context":"Em &quot;Destaque&quot;","block_context":{"text":"Destaque","link":"https:\/\/diretodasacristia.com\/home\/c\/destaque\/"},"img":{"alt_text":"","src":"https:\/\/i0.wp.com\/diretodasacristia.com\/home\/wp-content\/uploads\/2014\/11\/Sacerdote-beijo-altar-c%C3%A1lice-missal-casula-man%C3%ADpulo-missa-tridentina-Corpus-Christi-Watershed.jpg?resize=350%2C200","width":350,"height":200,"srcset":"https:\/\/i0.wp.com\/diretodasacristia.com\/home\/wp-content\/uploads\/2014\/11\/Sacerdote-beijo-altar-c%C3%A1lice-missal-casula-man%C3%ADpulo-missa-tridentina-Corpus-Christi-Watershed.jpg?resize=350%2C200 1x, https:\/\/i0.wp.com\/diretodasacristia.com\/home\/wp-content\/uploads\/2014\/11\/Sacerdote-beijo-altar-c%C3%A1lice-missal-casula-man%C3%ADpulo-missa-tridentina-Corpus-Christi-Watershed.jpg?resize=525%2C300 1.5x, https:\/\/i0.wp.com\/diretodasacristia.com\/home\/wp-content\/uploads\/2014\/11\/Sacerdote-beijo-altar-c%C3%A1lice-missal-casula-man%C3%ADpulo-missa-tridentina-Corpus-Christi-Watershed.jpg?resize=700%2C400 2x"},"classes":[]},{"id":4236,"url":"https:\/\/diretodasacristia.com\/home\/liturgia\/celebracao-dos-fieis-defuntos-num-domingo-como-celebrar\/","url_meta":{"origin":4445,"position":3},"title":"Celebra\u00e7\u00e3o dos Fi\u00e9is Defuntos num domingo \u2014 como celebrar?","author":"E. Mar\u00e7al","date":"30 de outubro de 2014","format":false,"excerpt":"Em alguns anos, o dia 02 de novembro coincide com um domingo. A celebra\u00e7\u00e3o desta data, sobre o dia do Senhor, \u00e9 algo excepcional, pois ela n\u00e3o \u00e9 nem solenidade nem festa, mas comemora\u00e7\u00e3o. Por\u00e9m, restam algumas incertezas quanto a detalhes:","rel":"","context":"Em &quot;Destaque&quot;","block_context":{"text":"Destaque","link":"https:\/\/diretodasacristia.com\/home\/c\/destaque\/"},"img":{"alt_text":"46195821-Requiem_2012_elevation","src":"https:\/\/i0.wp.com\/diretodasacristia.com\/home\/wp-content\/uploads\/2014\/10\/46195821-Requiem_2012_elevation.jpg?resize=350%2C200","width":350,"height":200,"srcset":"https:\/\/i0.wp.com\/diretodasacristia.com\/home\/wp-content\/uploads\/2014\/10\/46195821-Requiem_2012_elevation.jpg?resize=350%2C200 1x, https:\/\/i0.wp.com\/diretodasacristia.com\/home\/wp-content\/uploads\/2014\/10\/46195821-Requiem_2012_elevation.jpg?resize=525%2C300 1.5x, https:\/\/i0.wp.com\/diretodasacristia.com\/home\/wp-content\/uploads\/2014\/10\/46195821-Requiem_2012_elevation.jpg?resize=700%2C400 2x"},"classes":[]},{"id":1143,"url":"https:\/\/diretodasacristia.com\/home\/liturgia\/sobre-a-omissao-da-in-catedra-de-pedro\/","url_meta":{"origin":4445,"position":4},"title":"Sobre a omiss\u00e3o da &#8220;in C\u00e1tedra de S. Pedro&#8221;","author":"E. Mar\u00e7al","date":"22 de fevereiro de 2012","format":false,"excerpt":"Altar da C\u00e1tedra, na \u00e1bside da Bas\u00edlica de S\u00e3o Pedro no Vaticano Neste ano, em fun\u00e7\u00e3o da Quarta-feira de Cinzas (of\u00edcio de feria privilegiata) coincidir com o dia 22 de fevereiro, e sendo essa Missa precedente a todas as outras, exceto as dos Mist\u00e9rios do Senhor, a Festa da C\u00e1tedra\u2026","rel":"","context":"Em &quot;Curtas&quot;","block_context":{"text":"Curtas","link":"https:\/\/diretodasacristia.com\/home\/c\/curtas\/"},"img":{"alt_text":"","src":"https:\/\/i0.wp.com\/diretodasacristia.com\/home\/wp-content\/uploads\/2012\/02\/Altar-C%C3%A1tedra-Bas%C3%ADlica-Vaticana-2.jpg?resize=350%2C200","width":350,"height":200},"classes":[]},{"id":4903,"url":"https:\/\/diretodasacristia.com\/home\/liturgia\/preceitos-dominical-e-natalicio-feitos-numa-so-missa\/","url_meta":{"origin":4445,"position":5},"title":"Preceitos dominical e natal\u00edcio feitos numa s\u00f3 Missa?","author":"E. Mar\u00e7al","date":"24 de dezembro de 2017","format":false,"excerpt":"O domingo \u00e9 naturalmente dia de preceito, como tamb\u00e9m o Natal. Mas ainda resta a d\u00favida se satisfaz-se o preceito participando de 1 s\u00f3 Missa no espa\u00e7o lit\u00fargico entre os 2 dias.","rel":"","context":"Em &quot;Curtas&quot;","block_context":{"text":"Curtas","link":"https:\/\/diretodasacristia.com\/home\/c\/curtas\/"},"img":{"alt_text":"","src":"https:\/\/i0.wp.com\/diretodasacristia.com\/home\/wp-content\/uploads\/2017\/12\/Bento-XVI-lendo-livro-Anel-Pescador.jpg?resize=350%2C200&ssl=1","width":350,"height":200,"srcset":"https:\/\/i0.wp.com\/diretodasacristia.com\/home\/wp-content\/uploads\/2017\/12\/Bento-XVI-lendo-livro-Anel-Pescador.jpg?resize=350%2C200&ssl=1 1x, https:\/\/i0.wp.com\/diretodasacristia.com\/home\/wp-content\/uploads\/2017\/12\/Bento-XVI-lendo-livro-Anel-Pescador.jpg?resize=525%2C300&ssl=1 1.5x, https:\/\/i0.wp.com\/diretodasacristia.com\/home\/wp-content\/uploads\/2017\/12\/Bento-XVI-lendo-livro-Anel-Pescador.jpg?resize=700%2C400&ssl=1 2x"},"classes":[]}],"post_mailing_queue_ids":[],"_links":{"self":[{"href":"https:\/\/diretodasacristia.com\/home\/wp-json\/wp\/v2\/posts\/4445","targetHints":{"allow":["GET"]}}],"collection":[{"href":"https:\/\/diretodasacristia.com\/home\/wp-json\/wp\/v2\/posts"}],"about":[{"href":"https:\/\/diretodasacristia.com\/home\/wp-json\/wp\/v2\/types\/post"}],"author":[{"embeddable":true,"href":"https:\/\/diretodasacristia.com\/home\/wp-json\/wp\/v2\/users\/3"}],"replies":[{"embeddable":true,"href":"https:\/\/diretodasacristia.com\/home\/wp-json\/wp\/v2\/comments?post=4445"}],"version-history":[{"count":5,"href":"https:\/\/diretodasacristia.com\/home\/wp-json\/wp\/v2\/posts\/4445\/revisions"}],"predecessor-version":[{"id":4848,"href":"https:\/\/diretodasacristia.com\/home\/wp-json\/wp\/v2\/posts\/4445\/revisions\/4848"}],"wp:attachment":[{"href":"https:\/\/diretodasacristia.com\/home\/wp-json\/wp\/v2\/media?parent=4445"}],"wp:term":[{"taxonomy":"category","embeddable":true,"href":"https:\/\/diretodasacristia.com\/home\/wp-json\/wp\/v2\/categories?post=4445"},{"taxonomy":"post_tag","embeddable":true,"href":"https:\/\/diretodasacristia.com\/home\/wp-json\/wp\/v2\/tags?post=4445"}],"curies":[{"name":"wp","href":"https:\/\/api.w.org\/{rel}","templated":true}]}}