{"id":4642,"date":"2016-07-10T13:17:50","date_gmt":"2016-07-10T16:17:50","guid":{"rendered":"http:\/\/diretodasacristia.com\/home\/?p=4642"},"modified":"2016-10-20T15:43:04","modified_gmt":"2016-10-20T18:43:04","slug":"como-celebrar-a-missa-versus-deum","status":"publish","type":"post","link":"https:\/\/diretodasacristia.com\/home\/liturgia\/como-celebrar-a-missa-versus-deum\/","title":{"rendered":"Como celebrar a Missa &#8220;versus Deum&#8221;"},"content":{"rendered":"<p style=\"text-align: justify;\">Vejam o Papa Francisco celebrando assim:<\/p>\n<p style=\"text-align: center;\"><span class=\"embed-youtube\" style=\"text-align:center; display: block;\"><iframe loading=\"lazy\" class=\"youtube-player\" width=\"900\" height=\"507\" src=\"https:\/\/www.youtube.com\/embed\/HNEE1ewEz1k?version=3&#038;rel=1&#038;showsearch=0&#038;showinfo=1&#038;iv_load_policy=1&#038;fs=1&#038;hl=pt-BR&#038;autohide=2&#038;wmode=transparent\" allowfullscreen=\"true\" style=\"border:0;\" sandbox=\"allow-scripts allow-same-origin allow-popups allow-presentation allow-popups-to-escape-sandbox\"><\/iframe><\/span><\/p>\n<p style=\"text-align: justify;\">Na noite do \u00faltimo dia 05 de julho, em Londres, o Cardeal Robert Sarah, Prefeito da Congrega\u00e7\u00e3o para o Culto Divino e a Disciplina dos Sacramentos, <a href=\"https:\/\/diretodasacristia.com\/home\/liturgia\/o-prefeito-da-liturgia-pede-que-as-missas-sejam-ad-orientem\/\">durante uma confer\u00eancia do encontro\u00a0<em>Sacra Liturgia<\/em><\/a>, disse:\u00a0&#8220;Eu quero fazer um apelo a todos os sacerdotes&#8221;. E tamb\u00e9m: &#8220;E assim, querido Padres, pe\u00e7o-lhes para implementarem esta pr\u00e1tica sempre for poss\u00edvel&#8221;. E continuou falando que a melhor implementa\u00e7\u00e3o do Vaticano II na Liturgia, entre outros aspectos, \u00e9 que todos se voltem para o Oriente, que na maioria das igrejas \u00e9 o fundo destas. Para tanto, reconheceu que \u00e9 necess\u00e1ria uma catequese sobre o significado de tal gesto, uma vez que muitos nos \u00faltimos 50 anos n\u00e3o o conhecem e n\u00e3o o entendem bem, mas que os pastores sabem que isto \u00e9 bom para a Igreja e para o nosso povo.<\/p>\n<p style=\"text-align: justify;\"><strong>Por que o Oriente<\/strong><\/p>\n<p style=\"text-align: justify;\">A arquitetura eclesi\u00e1stica preocupou-se em construir as igrejas com o altar principal voltado para o Oriente, o lado nascente do sol, pois o C\u00e2ntico\u00a0<em>Benedictus\u00a0<\/em>de Zacarias reza que Deus \u00e9 &#8220;o sol nascente que nos veio visitar&#8221;. <strong>Na verdade, nos primeiros s\u00e9culos a original liturgia romana j\u00e1 preocupava-se com essa orienta\u00e7\u00e3o<\/strong>, mas de forma um pouco diversa: n\u00e3o o fundo mas a porta principal das igrejas era constru\u00edda voltada para o Oriente. Por isso que igrejas verdadeiramente romanas, como a Bas\u00edlica de S\u00e3o Pedro no\u00a0Vaticano, hoje ou antigamente, sempre tiveram o Celebrante no altar principal voltado para o povo, mas, na verdade, voltado para o Oriente. Assim, a liturgia romana primitiva sempre teve o altar solto da parede.<\/p>\n<p style=\"text-align: justify;\">Com o desenvolvimento arquitet\u00f4nico, principalmente por terem corpos ou outras grandes rel\u00edquias de santos e possu\u00edrem mais decora\u00e7\u00f5es, os altares come\u00e7aram a ser constru\u00eddos no fundo das igrejas, presos \u00e0 parede. A liturgia tridentina solidificou esse costume, embora sempre previsse a celebra\u00e7\u00e3o tamb\u00e9m em altar no meio do presbit\u00e9rio, tal nas igrejas romanas, como foi dito h\u00e1 pouco.<\/p>\n<p style=\"text-align: justify;\"><img loading=\"lazy\" decoding=\"async\" class=\"size-full wp-image-4639 aligncenter\" src=\"https:\/\/diretodasacristia.com\/home\/wp-content\/uploads\/2016\/07\/Bento-XVI-Capela-Paulina.jpg\" alt=\"Bento XVI Capela Paulina\" width=\"800\" height=\"600\" srcset=\"https:\/\/diretodasacristia.com\/home\/wp-content\/uploads\/2016\/07\/Bento-XVI-Capela-Paulina.jpg 800w, https:\/\/diretodasacristia.com\/home\/wp-content\/uploads\/2016\/07\/Bento-XVI-Capela-Paulina-300x225.jpg 300w, https:\/\/diretodasacristia.com\/home\/wp-content\/uploads\/2016\/07\/Bento-XVI-Capela-Paulina-768x576.jpg 768w\" sizes=\"auto, (max-width: 800px) 100vw, 800px\" \/><\/p>\n<p style=\"text-align: center;\"><em>Bento XVI, ent\u00e3o Papa, reza Missa no altar antigo da Capela Paulina, no Pal\u00e1cio Apost\u00f3lico Vaticano<br \/>\n<\/em><em>16 de abril de 2016<br \/>\n<\/em><em>Imagem: AFP Photo\/Osservatore Romano<\/em><\/p>\n<p style=\"text-align: justify;\">&#8220;Ao Orientem&#8221; ou &#8220;versus Deum&#8221; (&#8220;voltado para Deus&#8221;, do latim) n\u00e3o \u00e9 somente um sentido lit\u00fargico, como, obviamente, o altar \u00e9 Cristo; ou um sentido antropol\u00f3gico, como alguns argumentam que a assembleia \u00e9 Cristo. Sim, todos n\u00f3s somos o Corpo de Cristo, que \u00e9 a Igreja, mas tudo n\u00e3o \u00e9 Cristo, porque isso \u00e9 pante\u00edsmo. O sentido de voltarem-se todos para uma s\u00f3 dire\u00e7\u00e3o \u00e9 a tradi\u00e7\u00e3o da Igreja e tem sentido teol\u00f3gico. N\u00e3o \u00e9 que todos fiquem em torno do altar, a menos que seja uma igreja genuinamente romana, na qual o Oriente \u00e9 para o lado da porta principal.<\/p>\n<p style=\"text-align: justify;\"><strong>Como celebrar a forma ordin\u00e1ria &#8220;ad Orientem&#8221; ou &#8220;versus Deum&#8221;<\/strong><\/p>\n<p style=\"text-align: justify;\"><img loading=\"lazy\" decoding=\"async\" class=\"aligncenter wp-image-4638\" src=\"https:\/\/diretodasacristia.com\/home\/wp-content\/uploads\/2016\/07\/Papa-Francisco-Sistina-versus-Deum-1024x573.jpg\" alt=\"Papa Francisco Sistina versus Deum\" width=\"800\" height=\"448\" srcset=\"https:\/\/diretodasacristia.com\/home\/wp-content\/uploads\/2016\/07\/Papa-Francisco-Sistina-versus-Deum-1024x573.jpg 1024w, https:\/\/diretodasacristia.com\/home\/wp-content\/uploads\/2016\/07\/Papa-Francisco-Sistina-versus-Deum-300x168.jpg 300w, https:\/\/diretodasacristia.com\/home\/wp-content\/uploads\/2016\/07\/Papa-Francisco-Sistina-versus-Deum-768x430.jpg 768w, https:\/\/diretodasacristia.com\/home\/wp-content\/uploads\/2016\/07\/Papa-Francisco-Sistina-versus-Deum.jpg 1585w\" sizes=\"auto, (max-width: 800px) 100vw, 800px\" \/><\/p>\n<p style=\"text-align: center;\"><em>O Papa Francisco rezando a Missa do Batismo do Senhor de modo\u00a0<\/em>versus Deum<em><br \/>\n<\/em><em>Cr\u00e9ditos de imagem desconhecidos<\/em><\/p>\n<p style=\"text-align: justify;\">O Cardeal Sarah tamb\u00e9m disse que o Papa Francisco em abril passado lhe pediu um estudo sobre a reforma lit\u00fargica do Vaticano II e uma pesquisa do enriquecimento m\u00fatuo entre o rito antigo e a forma nova. Portanto, esse pedido do mesmo Cardeal j\u00e1 prepara a Igreja no mundo todo para o que, possivelmente, ser\u00e1 feito futuramente na liturgia romana. N\u00e3o \u00e9 complicado; j\u00e1 vimos os Papas Bento XVI e Francisco fazendo assim no Vaticano:<\/p>\n<p style=\"text-align: justify;\">Os ritos iniciais s\u00e3o comuns. O Celebrante beija o altar e, se houver incenso, incensa-o. Se o altar for separado da parede, caminha em torno dele; se n\u00e3o, incensa segundo o rito antigo, isto \u00e9, distribuindo o movimento do tur\u00edbulo entre a parte superior, as laterais e a frente do altar. Depois disso, volta-se para o povo e a Missa continua normalmente at\u00e9 a apresenta\u00e7\u00e3o das ofertas.<\/p>\n<p style=\"text-align: justify;\"><img loading=\"lazy\" decoding=\"async\" class=\"aligncenter wp-image-4632\" src=\"https:\/\/diretodasacristia.com\/home\/wp-content\/uploads\/2016\/07\/Incensa\u00e7\u00e3o-ofertas-1024x796.jpg\" alt=\"Incensa\u00e7\u00e3o ofertas\" width=\"800\" height=\"622\" srcset=\"https:\/\/diretodasacristia.com\/home\/wp-content\/uploads\/2016\/07\/Incensa\u00e7\u00e3o-ofertas-1024x796.jpg 1024w, https:\/\/diretodasacristia.com\/home\/wp-content\/uploads\/2016\/07\/Incensa\u00e7\u00e3o-ofertas-300x233.jpg 300w, https:\/\/diretodasacristia.com\/home\/wp-content\/uploads\/2016\/07\/Incensa\u00e7\u00e3o-ofertas-768x597.jpg 768w\" sizes=\"auto, (max-width: 800px) 100vw, 800px\" \/><\/p>\n<p style=\"text-align: center;\"><em>Rubrica detalhada do Missal Romano de 1962, da forma antiga,\u00a0<\/em><em>que<br \/>\ncomplementa os detalhes que faltam ao Missal de Paulo VI quanto a esta incensa\u00e7\u00e3o<\/em><\/p>\n<p style=\"text-align: justify;\">Os vasos sagrados s\u00e3o colocados no altar sempre ao lado direito e o Missal Romano no lado esquerdo. Se houver incensa\u00e7\u00e3o, ela \u00e9 feita como no in\u00edcio da Missa, mas adicionando o pr\u00f3prio da incensa\u00e7\u00e3o das ofertas. Voltado para o povo, o Celebrante diz: &#8220;Orai, irm\u00e3os e irm\u00e3s&#8230;&#8221; e continua a Missa. No di\u00e1logo do Pref\u00e1cio n\u00e3o se volta para o povo, nem mesmo quando disser &#8220;O Senhor esteja convosco&#8221;. Durante a eleva\u00e7\u00e3o do p\u00e3o e do vinho consagrados, o Celebrante n\u00e3o se volta para a assembleia, mas ergue, por cada vez, a h\u00f3stia e o c\u00e1lice acima de sua cabe\u00e7a, de modo que eles sejam vis\u00edveis a todos que est\u00e3o atr\u00e1s dele.<\/p>\n<p style=\"text-align: center;\"><img loading=\"lazy\" decoding=\"async\" class=\"aligncenter wp-image-4636\" src=\"https:\/\/diretodasacristia.com\/home\/wp-content\/uploads\/2016\/07\/PapaFrancisco_VersusDeum_AltarJPII-08.jpg\" alt=\"PapaFrancisco_VersusDeum_AltarJPII-08\" width=\"800\" height=\"530\" srcset=\"https:\/\/diretodasacristia.com\/home\/wp-content\/uploads\/2016\/07\/PapaFrancisco_VersusDeum_AltarJPII-08.jpg 820w, https:\/\/diretodasacristia.com\/home\/wp-content\/uploads\/2016\/07\/PapaFrancisco_VersusDeum_AltarJPII-08-300x199.jpg 300w, https:\/\/diretodasacristia.com\/home\/wp-content\/uploads\/2016\/07\/PapaFrancisco_VersusDeum_AltarJPII-08-768x509.jpg 768w\" sizes=\"auto, (max-width: 800px) 100vw, 800px\" \/> <em>O Papa Francisco rezando Missa de modo\u00a0<\/em>versus Deum<em> no altar de S\u00e3o Jo\u00e3o Paulo II<br \/>\n<\/em><em>Vaticano, 31 de outubro de 2013<br \/>\n<\/em><em>Imagem: L&#8217;Osservatore Romano<\/em><\/p>\n<p style=\"text-align: justify;\">Continua a Missa nessa orienta\u00e7\u00e3o. O Celebrante volta-se para o povo\u00a0quando disser: &#8220;A paz do Senhor esteja sempre convosco&#8221; e tamb\u00e9m quando apresentar\u00a0a h\u00f3stia sobre a patena, dizendo: &#8220;Eis o Cordeiro de Deus&#8221;. Volta-se para o altar e comunga. Depois da purifica\u00e7\u00e3o dos vasos, os ritos finais s\u00e3o feitos voltados para o povo.<\/p>\n","protected":false},"excerpt":{"rendered":"O sentido de voltarem-se todos para uma s\u00f3 dire\u00e7\u00e3o \u00e9 a tradi\u00e7\u00e3o da Igreja e tem sentido teol\u00f3gico.","protected":false},"author":3,"featured_media":0,"comment_status":"open","ping_status":"open","sticky":false,"template":"","format":"standard","meta":{"jetpack_post_was_ever_published":false,"_jetpack_newsletter_access":"","_jetpack_dont_email_post_to_subs":true,"_jetpack_newsletter_tier_id":0,"_jetpack_memberships_contains_paywalled_content":false,"_jetpack_memberships_contains_paid_content":false,"_joinchat":[],"footnotes":"","jetpack_publicize_message":"","jetpack_publicize_feature_enabled":true,"jetpack_social_post_already_shared":true,"jetpack_social_options":{"image_generator_settings":{"template":"highway","default_image_id":0,"font":"","enabled":false},"version":2}},"categories":[20],"tags":[548,311,547],"class_list":["post-4642","post","type-post","status-publish","format-standard","hentry","category-liturgia","tag-ad-orientem","tag-reforma-da-reforma","tag-versus-deum"],"yoast_head":"<!-- This site is optimized with the Yoast SEO plugin v27.4 - https:\/\/yoast.com\/product\/yoast-seo-wordpress\/ -->\n<title>Como celebrar a Missa &quot;versus Deum&quot; - Direto da Sacristia<\/title>\n<meta name=\"robots\" content=\"index, follow, max-snippet:-1, max-image-preview:large, max-video-preview:-1\" \/>\n<link rel=\"canonical\" href=\"https:\/\/diretodasacristia.com\/home\/liturgia\/como-celebrar-a-missa-versus-deum\/\" \/>\n<meta property=\"og:locale\" content=\"pt_BR\" \/>\n<meta property=\"og:type\" content=\"article\" \/>\n<meta property=\"og:title\" content=\"Como celebrar a Missa &quot;versus Deum&quot; - Direto da Sacristia\" \/>\n<meta property=\"og:description\" content=\"O sentido de voltarem-se todos para uma s\u00f3 dire\u00e7\u00e3o \u00e9 a tradi\u00e7\u00e3o da Igreja e tem sentido teol\u00f3gico.\" \/>\n<meta property=\"og:url\" content=\"https:\/\/diretodasacristia.com\/home\/liturgia\/como-celebrar-a-missa-versus-deum\/\" \/>\n<meta property=\"og:site_name\" content=\"Direto da Sacristia\" \/>\n<meta property=\"article:publisher\" content=\"https:\/\/www.facebook.com\/DiretoSacristia\" \/>\n<meta property=\"article:published_time\" content=\"2016-07-10T16:17:50+00:00\" \/>\n<meta property=\"article:modified_time\" content=\"2016-10-20T18:43:04+00:00\" \/>\n<meta property=\"og:image\" content=\"http:\/\/diretodasacristia.com\/home\/wp-content\/uploads\/2016\/07\/Bento-XVI-Capela-Paulina.jpg\" \/>\n<meta name=\"author\" content=\"E. Mar\u00e7al\" \/>\n<meta name=\"twitter:card\" content=\"summary_large_image\" \/>\n<meta name=\"twitter:creator\" content=\"@diretosacristia\" \/>\n<meta name=\"twitter:site\" content=\"@diretosacristia\" \/>\n<meta name=\"twitter:label1\" content=\"Escrito por\" \/>\n\t<meta name=\"twitter:data1\" content=\"E. Mar\u00e7al\" \/>\n\t<meta name=\"twitter:label2\" content=\"Est. tempo de leitura\" \/>\n\t<meta name=\"twitter:data2\" content=\"4 minutos\" \/>\n<script type=\"application\/ld+json\" class=\"yoast-schema-graph\">{\"@context\":\"https:\\\/\\\/schema.org\",\"@graph\":[{\"@type\":\"Article\",\"@id\":\"https:\\\/\\\/diretodasacristia.com\\\/home\\\/liturgia\\\/como-celebrar-a-missa-versus-deum\\\/#article\",\"isPartOf\":{\"@id\":\"https:\\\/\\\/diretodasacristia.com\\\/home\\\/liturgia\\\/como-celebrar-a-missa-versus-deum\\\/\"},\"author\":{\"name\":\"E. Mar\u00e7al\",\"@id\":\"https:\\\/\\\/diretodasacristia.com\\\/home\\\/#\\\/schema\\\/person\\\/3d453ef1f7d57c0bb0990b8070642721\"},\"headline\":\"Como celebrar a Missa &#8220;versus Deum&#8221;\",\"datePublished\":\"2016-07-10T16:17:50+00:00\",\"dateModified\":\"2016-10-20T18:43:04+00:00\",\"mainEntityOfPage\":{\"@id\":\"https:\\\/\\\/diretodasacristia.com\\\/home\\\/liturgia\\\/como-celebrar-a-missa-versus-deum\\\/\"},\"wordCount\":905,\"commentCount\":1,\"publisher\":{\"@id\":\"https:\\\/\\\/diretodasacristia.com\\\/home\\\/#organization\"},\"image\":{\"@id\":\"https:\\\/\\\/diretodasacristia.com\\\/home\\\/liturgia\\\/como-celebrar-a-missa-versus-deum\\\/#primaryimage\"},\"thumbnailUrl\":\"http:\\\/\\\/diretodasacristia.com\\\/home\\\/wp-content\\\/uploads\\\/2016\\\/07\\\/Bento-XVI-Capela-Paulina.jpg\",\"keywords\":[\"Ad Orientem\",\"Reforma da reforma\",\"Versus Deum\"],\"articleSection\":[\"Liturgia\"],\"inLanguage\":\"pt-BR\",\"potentialAction\":[{\"@type\":\"CommentAction\",\"name\":\"Comment\",\"target\":[\"https:\\\/\\\/diretodasacristia.com\\\/home\\\/liturgia\\\/como-celebrar-a-missa-versus-deum\\\/#respond\"]}]},{\"@type\":\"WebPage\",\"@id\":\"https:\\\/\\\/diretodasacristia.com\\\/home\\\/liturgia\\\/como-celebrar-a-missa-versus-deum\\\/\",\"url\":\"https:\\\/\\\/diretodasacristia.com\\\/home\\\/liturgia\\\/como-celebrar-a-missa-versus-deum\\\/\",\"name\":\"Como celebrar a Missa \\\"versus Deum\\\" - Direto da Sacristia\",\"isPartOf\":{\"@id\":\"https:\\\/\\\/diretodasacristia.com\\\/home\\\/#website\"},\"primaryImageOfPage\":{\"@id\":\"https:\\\/\\\/diretodasacristia.com\\\/home\\\/liturgia\\\/como-celebrar-a-missa-versus-deum\\\/#primaryimage\"},\"image\":{\"@id\":\"https:\\\/\\\/diretodasacristia.com\\\/home\\\/liturgia\\\/como-celebrar-a-missa-versus-deum\\\/#primaryimage\"},\"thumbnailUrl\":\"http:\\\/\\\/diretodasacristia.com\\\/home\\\/wp-content\\\/uploads\\\/2016\\\/07\\\/Bento-XVI-Capela-Paulina.jpg\",\"datePublished\":\"2016-07-10T16:17:50+00:00\",\"dateModified\":\"2016-10-20T18:43:04+00:00\",\"breadcrumb\":{\"@id\":\"https:\\\/\\\/diretodasacristia.com\\\/home\\\/liturgia\\\/como-celebrar-a-missa-versus-deum\\\/#breadcrumb\"},\"inLanguage\":\"pt-BR\",\"potentialAction\":[{\"@type\":\"ReadAction\",\"target\":[\"https:\\\/\\\/diretodasacristia.com\\\/home\\\/liturgia\\\/como-celebrar-a-missa-versus-deum\\\/\"]}]},{\"@type\":\"ImageObject\",\"inLanguage\":\"pt-BR\",\"@id\":\"https:\\\/\\\/diretodasacristia.com\\\/home\\\/liturgia\\\/como-celebrar-a-missa-versus-deum\\\/#primaryimage\",\"url\":\"http:\\\/\\\/diretodasacristia.com\\\/home\\\/wp-content\\\/uploads\\\/2016\\\/07\\\/Bento-XVI-Capela-Paulina.jpg\",\"contentUrl\":\"http:\\\/\\\/diretodasacristia.com\\\/home\\\/wp-content\\\/uploads\\\/2016\\\/07\\\/Bento-XVI-Capela-Paulina.jpg\"},{\"@type\":\"BreadcrumbList\",\"@id\":\"https:\\\/\\\/diretodasacristia.com\\\/home\\\/liturgia\\\/como-celebrar-a-missa-versus-deum\\\/#breadcrumb\",\"itemListElement\":[{\"@type\":\"ListItem\",\"position\":1,\"name\":\"In\u00edcio\",\"item\":\"https:\\\/\\\/diretodasacristia.com\\\/home\\\/\"},{\"@type\":\"ListItem\",\"position\":2,\"name\":\"Como celebrar a Missa &#8220;versus Deum&#8221;\"}]},{\"@type\":\"WebSite\",\"@id\":\"https:\\\/\\\/diretodasacristia.com\\\/home\\\/#website\",\"url\":\"https:\\\/\\\/diretodasacristia.com\\\/home\\\/\",\"name\":\"Direto da Sacristia\",\"description\":\"Not\u00edcias e artigos sobre a f\u00e9 cat\u00f3lica\",\"publisher\":{\"@id\":\"https:\\\/\\\/diretodasacristia.com\\\/home\\\/#organization\"},\"potentialAction\":[{\"@type\":\"SearchAction\",\"target\":{\"@type\":\"EntryPoint\",\"urlTemplate\":\"https:\\\/\\\/diretodasacristia.com\\\/home\\\/?s={search_term_string}\"},\"query-input\":{\"@type\":\"PropertyValueSpecification\",\"valueRequired\":true,\"valueName\":\"search_term_string\"}}],\"inLanguage\":\"pt-BR\"},{\"@type\":\"Organization\",\"@id\":\"https:\\\/\\\/diretodasacristia.com\\\/home\\\/#organization\",\"name\":\"Direto da Sacristia\",\"url\":\"https:\\\/\\\/diretodasacristia.com\\\/home\\\/\",\"logo\":{\"@type\":\"ImageObject\",\"inLanguage\":\"pt-BR\",\"@id\":\"https:\\\/\\\/diretodasacristia.com\\\/home\\\/#\\\/schema\\\/logo\\\/image\\\/\",\"url\":\"https:\\\/\\\/i0.wp.com\\\/diretodasacristia.com\\\/home\\\/wp-content\\\/uploads\\\/2012\\\/01\\\/marca-sacristia.png?fit=320%2C306&ssl=1\",\"contentUrl\":\"https:\\\/\\\/i0.wp.com\\\/diretodasacristia.com\\\/home\\\/wp-content\\\/uploads\\\/2012\\\/01\\\/marca-sacristia.png?fit=320%2C306&ssl=1\",\"width\":\"320\",\"height\":\"306\",\"caption\":\"Direto da Sacristia\"},\"image\":{\"@id\":\"https:\\\/\\\/diretodasacristia.com\\\/home\\\/#\\\/schema\\\/logo\\\/image\\\/\"},\"sameAs\":[\"https:\\\/\\\/www.facebook.com\\\/DiretoSacristia\",\"https:\\\/\\\/x.com\\\/diretosacristia\",\"https:\\\/\\\/www.instagram.com\\\/diretodasacristia\\\/\",\"https:\\\/\\\/www.youtube.com\\\/diretodasacristia\"]},{\"@type\":\"Person\",\"@id\":\"https:\\\/\\\/diretodasacristia.com\\\/home\\\/#\\\/schema\\\/person\\\/3d453ef1f7d57c0bb0990b8070642721\",\"name\":\"E. Mar\u00e7al\",\"image\":{\"@type\":\"ImageObject\",\"inLanguage\":\"pt-BR\",\"@id\":\"https:\\\/\\\/secure.gravatar.com\\\/avatar\\\/348ff80a5ddde3de6c8b6e0c5b066b733f9245285d9ab87cd2e2ff652ffa95b0?s=96&d=mm&r=g\",\"url\":\"https:\\\/\\\/secure.gravatar.com\\\/avatar\\\/348ff80a5ddde3de6c8b6e0c5b066b733f9245285d9ab87cd2e2ff652ffa95b0?s=96&d=mm&r=g\",\"contentUrl\":\"https:\\\/\\\/secure.gravatar.com\\\/avatar\\\/348ff80a5ddde3de6c8b6e0c5b066b733f9245285d9ab87cd2e2ff652ffa95b0?s=96&d=mm&r=g\",\"caption\":\"E. Mar\u00e7al\"},\"url\":\"https:\\\/\\\/diretodasacristia.com\\\/home\\\/author\\\/erick\\\/\"}]}<\/script>\n<!-- \/ Yoast SEO plugin. -->","yoast_head_json":{"title":"Como celebrar a Missa \"versus Deum\" - Direto da Sacristia","robots":{"index":"index","follow":"follow","max-snippet":"max-snippet:-1","max-image-preview":"max-image-preview:large","max-video-preview":"max-video-preview:-1"},"canonical":"https:\/\/diretodasacristia.com\/home\/liturgia\/como-celebrar-a-missa-versus-deum\/","og_locale":"pt_BR","og_type":"article","og_title":"Como celebrar a Missa \"versus Deum\" - Direto da Sacristia","og_description":"O sentido de voltarem-se todos para uma s\u00f3 dire\u00e7\u00e3o \u00e9 a tradi\u00e7\u00e3o da Igreja e tem sentido teol\u00f3gico.","og_url":"https:\/\/diretodasacristia.com\/home\/liturgia\/como-celebrar-a-missa-versus-deum\/","og_site_name":"Direto da Sacristia","article_publisher":"https:\/\/www.facebook.com\/DiretoSacristia","article_published_time":"2016-07-10T16:17:50+00:00","article_modified_time":"2016-10-20T18:43:04+00:00","og_image":[{"url":"http:\/\/diretodasacristia.com\/home\/wp-content\/uploads\/2016\/07\/Bento-XVI-Capela-Paulina.jpg","type":"","width":"","height":""}],"author":"E. Mar\u00e7al","twitter_card":"summary_large_image","twitter_creator":"@diretosacristia","twitter_site":"@diretosacristia","twitter_misc":{"Escrito por":"E. Mar\u00e7al","Est. tempo de leitura":"4 minutos"},"schema":{"@context":"https:\/\/schema.org","@graph":[{"@type":"Article","@id":"https:\/\/diretodasacristia.com\/home\/liturgia\/como-celebrar-a-missa-versus-deum\/#article","isPartOf":{"@id":"https:\/\/diretodasacristia.com\/home\/liturgia\/como-celebrar-a-missa-versus-deum\/"},"author":{"name":"E. Mar\u00e7al","@id":"https:\/\/diretodasacristia.com\/home\/#\/schema\/person\/3d453ef1f7d57c0bb0990b8070642721"},"headline":"Como celebrar a Missa &#8220;versus Deum&#8221;","datePublished":"2016-07-10T16:17:50+00:00","dateModified":"2016-10-20T18:43:04+00:00","mainEntityOfPage":{"@id":"https:\/\/diretodasacristia.com\/home\/liturgia\/como-celebrar-a-missa-versus-deum\/"},"wordCount":905,"commentCount":1,"publisher":{"@id":"https:\/\/diretodasacristia.com\/home\/#organization"},"image":{"@id":"https:\/\/diretodasacristia.com\/home\/liturgia\/como-celebrar-a-missa-versus-deum\/#primaryimage"},"thumbnailUrl":"http:\/\/diretodasacristia.com\/home\/wp-content\/uploads\/2016\/07\/Bento-XVI-Capela-Paulina.jpg","keywords":["Ad Orientem","Reforma da reforma","Versus Deum"],"articleSection":["Liturgia"],"inLanguage":"pt-BR","potentialAction":[{"@type":"CommentAction","name":"Comment","target":["https:\/\/diretodasacristia.com\/home\/liturgia\/como-celebrar-a-missa-versus-deum\/#respond"]}]},{"@type":"WebPage","@id":"https:\/\/diretodasacristia.com\/home\/liturgia\/como-celebrar-a-missa-versus-deum\/","url":"https:\/\/diretodasacristia.com\/home\/liturgia\/como-celebrar-a-missa-versus-deum\/","name":"Como celebrar a Missa \"versus Deum\" - Direto da Sacristia","isPartOf":{"@id":"https:\/\/diretodasacristia.com\/home\/#website"},"primaryImageOfPage":{"@id":"https:\/\/diretodasacristia.com\/home\/liturgia\/como-celebrar-a-missa-versus-deum\/#primaryimage"},"image":{"@id":"https:\/\/diretodasacristia.com\/home\/liturgia\/como-celebrar-a-missa-versus-deum\/#primaryimage"},"thumbnailUrl":"http:\/\/diretodasacristia.com\/home\/wp-content\/uploads\/2016\/07\/Bento-XVI-Capela-Paulina.jpg","datePublished":"2016-07-10T16:17:50+00:00","dateModified":"2016-10-20T18:43:04+00:00","breadcrumb":{"@id":"https:\/\/diretodasacristia.com\/home\/liturgia\/como-celebrar-a-missa-versus-deum\/#breadcrumb"},"inLanguage":"pt-BR","potentialAction":[{"@type":"ReadAction","target":["https:\/\/diretodasacristia.com\/home\/liturgia\/como-celebrar-a-missa-versus-deum\/"]}]},{"@type":"ImageObject","inLanguage":"pt-BR","@id":"https:\/\/diretodasacristia.com\/home\/liturgia\/como-celebrar-a-missa-versus-deum\/#primaryimage","url":"http:\/\/diretodasacristia.com\/home\/wp-content\/uploads\/2016\/07\/Bento-XVI-Capela-Paulina.jpg","contentUrl":"http:\/\/diretodasacristia.com\/home\/wp-content\/uploads\/2016\/07\/Bento-XVI-Capela-Paulina.jpg"},{"@type":"BreadcrumbList","@id":"https:\/\/diretodasacristia.com\/home\/liturgia\/como-celebrar-a-missa-versus-deum\/#breadcrumb","itemListElement":[{"@type":"ListItem","position":1,"name":"In\u00edcio","item":"https:\/\/diretodasacristia.com\/home\/"},{"@type":"ListItem","position":2,"name":"Como celebrar a Missa &#8220;versus Deum&#8221;"}]},{"@type":"WebSite","@id":"https:\/\/diretodasacristia.com\/home\/#website","url":"https:\/\/diretodasacristia.com\/home\/","name":"Direto da Sacristia","description":"Not\u00edcias e artigos sobre a f\u00e9 cat\u00f3lica","publisher":{"@id":"https:\/\/diretodasacristia.com\/home\/#organization"},"potentialAction":[{"@type":"SearchAction","target":{"@type":"EntryPoint","urlTemplate":"https:\/\/diretodasacristia.com\/home\/?s={search_term_string}"},"query-input":{"@type":"PropertyValueSpecification","valueRequired":true,"valueName":"search_term_string"}}],"inLanguage":"pt-BR"},{"@type":"Organization","@id":"https:\/\/diretodasacristia.com\/home\/#organization","name":"Direto da Sacristia","url":"https:\/\/diretodasacristia.com\/home\/","logo":{"@type":"ImageObject","inLanguage":"pt-BR","@id":"https:\/\/diretodasacristia.com\/home\/#\/schema\/logo\/image\/","url":"https:\/\/i0.wp.com\/diretodasacristia.com\/home\/wp-content\/uploads\/2012\/01\/marca-sacristia.png?fit=320%2C306&ssl=1","contentUrl":"https:\/\/i0.wp.com\/diretodasacristia.com\/home\/wp-content\/uploads\/2012\/01\/marca-sacristia.png?fit=320%2C306&ssl=1","width":"320","height":"306","caption":"Direto da Sacristia"},"image":{"@id":"https:\/\/diretodasacristia.com\/home\/#\/schema\/logo\/image\/"},"sameAs":["https:\/\/www.facebook.com\/DiretoSacristia","https:\/\/x.com\/diretosacristia","https:\/\/www.instagram.com\/diretodasacristia\/","https:\/\/www.youtube.com\/diretodasacristia"]},{"@type":"Person","@id":"https:\/\/diretodasacristia.com\/home\/#\/schema\/person\/3d453ef1f7d57c0bb0990b8070642721","name":"E. Mar\u00e7al","image":{"@type":"ImageObject","inLanguage":"pt-BR","@id":"https:\/\/secure.gravatar.com\/avatar\/348ff80a5ddde3de6c8b6e0c5b066b733f9245285d9ab87cd2e2ff652ffa95b0?s=96&d=mm&r=g","url":"https:\/\/secure.gravatar.com\/avatar\/348ff80a5ddde3de6c8b6e0c5b066b733f9245285d9ab87cd2e2ff652ffa95b0?s=96&d=mm&r=g","contentUrl":"https:\/\/secure.gravatar.com\/avatar\/348ff80a5ddde3de6c8b6e0c5b066b733f9245285d9ab87cd2e2ff652ffa95b0?s=96&d=mm&r=g","caption":"E. Mar\u00e7al"},"url":"https:\/\/diretodasacristia.com\/home\/author\/erick\/"}]}},"jetpack_publicize_connections":[],"jetpack_featured_media_url":"","jetpack_sharing_enabled":true,"jetpack_shortlink":"https:\/\/wp.me\/p24aG7-1cS","jetpack-related-posts":[{"id":4631,"url":"https:\/\/diretodasacristia.com\/home\/liturgia\/o-prefeito-da-liturgia-pede-que-as-missas-sejam-ad-orientem\/","url_meta":{"origin":4642,"position":0},"title":"O Prefeito da Liturgia pede que as Missas sejam &#8220;ad Orientem&#8221;","author":"E. Mar\u00e7al","date":"9 de julho de 2016","format":false,"excerpt":"Sua Emin\u00eancia surpreendeu o mundo quando pediu que, mesmo na forma ordin\u00e1ria do rito romano, do Missal de Paulo VI, os Celebrantes voltem-se para o fundo da igreja, tal como os fi\u00e9is na assembleia.","rel":"","context":"Em &quot;Destaque&quot;","block_context":{"text":"Destaque","link":"https:\/\/diretodasacristia.com\/home\/c\/destaque\/"},"img":{"alt_text":"Sacra Liturgia","src":"https:\/\/i0.wp.com\/diretodasacristia.com\/home\/wp-content\/uploads\/2016\/07\/Sacra-Liturgia.jpg?resize=350%2C200","width":350,"height":200,"srcset":"https:\/\/i0.wp.com\/diretodasacristia.com\/home\/wp-content\/uploads\/2016\/07\/Sacra-Liturgia.jpg?resize=350%2C200 1x, https:\/\/i0.wp.com\/diretodasacristia.com\/home\/wp-content\/uploads\/2016\/07\/Sacra-Liturgia.jpg?resize=525%2C300 1.5x, https:\/\/i0.wp.com\/diretodasacristia.com\/home\/wp-content\/uploads\/2016\/07\/Sacra-Liturgia.jpg?resize=700%2C400 2x"},"classes":[]},{"id":3779,"url":"https:\/\/diretodasacristia.com\/home\/cronicas-do-vaticano-ii\/6a-congregacao-geral-primeiros-fins-da-reforma-liturgica\/","url_meta":{"origin":4642,"position":1},"title":"6\u00aa Congrega\u00e7\u00e3o Geral: Primeiros fins da reforma lit\u00fargica","author":"E. Mar\u00e7al","date":"24 de outubro de 2012","format":false,"excerpt":"A obra da Reden\u00e7\u00e3o, anunciada no Antigo Testamento, \u00e9 continuada pela Igreja atrav\u00e9s dos s\u00e9culos, n\u00e3o apenas mediante a prega\u00e7\u00e3o do Evangelho, mas tamb\u00e9m por meio dos Sacramentos, para os quais se ordena toda a Liturgia.","rel":"","context":"Em &quot;Cr\u00f4nicas do Vaticano II&quot;","block_context":{"text":"Cr\u00f4nicas do Vaticano II","link":"https:\/\/diretodasacristia.com\/home\/c\/cronicas-do-vaticano-ii\/"},"img":{"alt_text":"","src":"https:\/\/i0.wp.com\/diretodasacristia.com\/home\/wp-content\/uploads\/2012\/10\/Fouad-Twal-Patriarca-Jerusal%C3%A9m-missa-greco-melquita.jpg?resize=350%2C200","width":350,"height":200,"srcset":"https:\/\/i0.wp.com\/diretodasacristia.com\/home\/wp-content\/uploads\/2012\/10\/Fouad-Twal-Patriarca-Jerusal%C3%A9m-missa-greco-melquita.jpg?resize=350%2C200 1x, https:\/\/i0.wp.com\/diretodasacristia.com\/home\/wp-content\/uploads\/2012\/10\/Fouad-Twal-Patriarca-Jerusal%C3%A9m-missa-greco-melquita.jpg?resize=525%2C300 1.5x, https:\/\/i0.wp.com\/diretodasacristia.com\/home\/wp-content\/uploads\/2012\/10\/Fouad-Twal-Patriarca-Jerusal%C3%A9m-missa-greco-melquita.jpg?resize=700%2C400 2x"},"classes":[]},{"id":4996,"url":"https:\/\/diretodasacristia.com\/home\/liturgia\/guia-para-o-natal-2018\/","url_meta":{"origin":4642,"position":2},"title":"Guia para o Natal 2018","author":"E. Mar\u00e7al","date":"18 de dezembro de 2018","format":false,"excerpt":"\u00c9 um guia pr\u00e1tico com esclarecimentos das rubricas e indica\u00e7\u00f5es de outros detalhes das celebra\u00e7\u00f5es desde a Noite do Natal at\u00e9 a Festa do Batismo do Senhor, com base na Instru\u00e7\u00e3o Geral do Missal Romano e com o apoio do Cerimonial dos Bispos (para aquilo que \u00e9 norma universal e\u2026","rel":"","context":"Em &quot;Liturgia&quot;","block_context":{"text":"Liturgia","link":"https:\/\/diretodasacristia.com\/home\/c\/liturgia\/"},"img":{"alt_text":"","src":"https:\/\/i0.wp.com\/diretodasacristia.com\/home\/wp-content\/uploads\/2018\/12\/20181210_134726.jpg?resize=350%2C200&ssl=1","width":350,"height":200,"srcset":"https:\/\/i0.wp.com\/diretodasacristia.com\/home\/wp-content\/uploads\/2018\/12\/20181210_134726.jpg?resize=350%2C200&ssl=1 1x, https:\/\/i0.wp.com\/diretodasacristia.com\/home\/wp-content\/uploads\/2018\/12\/20181210_134726.jpg?resize=525%2C300&ssl=1 1.5x, https:\/\/i0.wp.com\/diretodasacristia.com\/home\/wp-content\/uploads\/2018\/12\/20181210_134726.jpg?resize=700%2C400&ssl=1 2x, https:\/\/i0.wp.com\/diretodasacristia.com\/home\/wp-content\/uploads\/2018\/12\/20181210_134726.jpg?resize=1050%2C600&ssl=1 3x, https:\/\/i0.wp.com\/diretodasacristia.com\/home\/wp-content\/uploads\/2018\/12\/20181210_134726.jpg?resize=1400%2C800&ssl=1 4x"},"classes":[]},{"id":4060,"url":"https:\/\/diretodasacristia.com\/home\/heri-et-hodie\/todos-podem-usar-solideu\/","url_meta":{"origin":4642,"position":3},"title":"Todos podem usar solid\u00e9u?","author":"E. Mar\u00e7al","date":"16 de junho de 2013","format":false,"excerpt":"Enganaram-se que o renascimento lit\u00fargico na Igreja deveria lan\u00e7ar m\u00e3o a tudo que aparentasse um conservadorismo. Para ser mais claro: passaram a usar o que n\u00e3o deveria ou como n\u00e3o deveriam. E um exemplo disto \u00e9 o solid\u00e9u dentro das celebra\u00e7\u00f5es lit\u00fargicas.","rel":"","context":"Em &quot;Destaque&quot;","block_context":{"text":"Destaque","link":"https:\/\/diretodasacristia.com\/home\/c\/destaque\/"},"img":{"alt_text":"Bispo sentado roquete solid\u00e9u m\u00e3os","src":"https:\/\/i0.wp.com\/diretodasacristia.com\/home\/wp-content\/uploads\/2013\/06\/Bispo-sentado-roquete-solid%C3%A9u-m%C3%A3os.jpg?resize=350%2C200","width":350,"height":200,"srcset":"https:\/\/i0.wp.com\/diretodasacristia.com\/home\/wp-content\/uploads\/2013\/06\/Bispo-sentado-roquete-solid%C3%A9u-m%C3%A3os.jpg?resize=350%2C200 1x, https:\/\/i0.wp.com\/diretodasacristia.com\/home\/wp-content\/uploads\/2013\/06\/Bispo-sentado-roquete-solid%C3%A9u-m%C3%A3os.jpg?resize=525%2C300 1.5x"},"classes":[]},{"id":4236,"url":"https:\/\/diretodasacristia.com\/home\/liturgia\/celebracao-dos-fieis-defuntos-num-domingo-como-celebrar\/","url_meta":{"origin":4642,"position":4},"title":"Celebra\u00e7\u00e3o dos Fi\u00e9is Defuntos num domingo \u2014 como celebrar?","author":"E. Mar\u00e7al","date":"30 de outubro de 2014","format":false,"excerpt":"Em alguns anos, o dia 02 de novembro coincide com um domingo. A celebra\u00e7\u00e3o desta data, sobre o dia do Senhor, \u00e9 algo excepcional, pois ela n\u00e3o \u00e9 nem solenidade nem festa, mas comemora\u00e7\u00e3o. Por\u00e9m, restam algumas incertezas quanto a detalhes:","rel":"","context":"Em &quot;Destaque&quot;","block_context":{"text":"Destaque","link":"https:\/\/diretodasacristia.com\/home\/c\/destaque\/"},"img":{"alt_text":"46195821-Requiem_2012_elevation","src":"https:\/\/i0.wp.com\/diretodasacristia.com\/home\/wp-content\/uploads\/2014\/10\/46195821-Requiem_2012_elevation.jpg?resize=350%2C200","width":350,"height":200,"srcset":"https:\/\/i0.wp.com\/diretodasacristia.com\/home\/wp-content\/uploads\/2014\/10\/46195821-Requiem_2012_elevation.jpg?resize=350%2C200 1x, https:\/\/i0.wp.com\/diretodasacristia.com\/home\/wp-content\/uploads\/2014\/10\/46195821-Requiem_2012_elevation.jpg?resize=525%2C300 1.5x, https:\/\/i0.wp.com\/diretodasacristia.com\/home\/wp-content\/uploads\/2014\/10\/46195821-Requiem_2012_elevation.jpg?resize=700%2C400 2x"},"classes":[]},{"id":2578,"url":"https:\/\/diretodasacristia.com\/home\/liturgia\/serve-bone-et-fidelis\/","url_meta":{"origin":4642,"position":5},"title":"&#8220;Serve bone et fidelis&#8221;","author":"E. Mar\u00e7al","date":"20 de agosto de 2010","format":false,"excerpt":"\u00c9 comum vermos muitos deles inclinados \u00e0s rubricas dos livros lit\u00fargicos, apreciarem a Tradi\u00e7\u00e3o da Igreja; mas nem em todos os casos isso perdura. Vejamos o motivo. Para isso, classificarei os casos em quatro tipos.","rel":"","context":"Em &quot;Espiritualidade&quot;","block_context":{"text":"Espiritualidade","link":"https:\/\/diretodasacristia.com\/home\/c\/espiritualidade\/"},"img":{"alt_text":"","src":"https:\/\/i0.wp.com\/diretodasacristia.com\/home\/wp-content\/uploads\/2010\/08\/Confession%C3%A1rio-Bas%C3%ADlica-Vaticana.jpg?resize=350%2C200","width":350,"height":200},"classes":[]}],"post_mailing_queue_ids":[],"_links":{"self":[{"href":"https:\/\/diretodasacristia.com\/home\/wp-json\/wp\/v2\/posts\/4642","targetHints":{"allow":["GET"]}}],"collection":[{"href":"https:\/\/diretodasacristia.com\/home\/wp-json\/wp\/v2\/posts"}],"about":[{"href":"https:\/\/diretodasacristia.com\/home\/wp-json\/wp\/v2\/types\/post"}],"author":[{"embeddable":true,"href":"https:\/\/diretodasacristia.com\/home\/wp-json\/wp\/v2\/users\/3"}],"replies":[{"embeddable":true,"href":"https:\/\/diretodasacristia.com\/home\/wp-json\/wp\/v2\/comments?post=4642"}],"version-history":[{"count":5,"href":"https:\/\/diretodasacristia.com\/home\/wp-json\/wp\/v2\/posts\/4642\/revisions"}],"predecessor-version":[{"id":4647,"href":"https:\/\/diretodasacristia.com\/home\/wp-json\/wp\/v2\/posts\/4642\/revisions\/4647"}],"wp:attachment":[{"href":"https:\/\/diretodasacristia.com\/home\/wp-json\/wp\/v2\/media?parent=4642"}],"wp:term":[{"taxonomy":"category","embeddable":true,"href":"https:\/\/diretodasacristia.com\/home\/wp-json\/wp\/v2\/categories?post=4642"},{"taxonomy":"post_tag","embeddable":true,"href":"https:\/\/diretodasacristia.com\/home\/wp-json\/wp\/v2\/tags?post=4642"}],"curies":[{"name":"wp","href":"https:\/\/api.w.org\/{rel}","templated":true}]}}