{"id":5006,"date":"2019-01-19T10:56:01","date_gmt":"2019-01-19T13:56:01","guid":{"rendered":"http:\/\/diretodasacristia.com\/home\/?p=5006"},"modified":"2019-01-20T06:21:07","modified_gmt":"2019-01-20T09:21:07","slug":"mons-marini-nomeado-chefe-do-coro-da-capela-sistina","status":"publish","type":"post","link":"https:\/\/diretodasacristia.com\/home\/boletim-santa-se\/mons-marini-nomeado-chefe-do-coro-da-capela-sistina\/","title":{"rendered":"Mons. Marini nomeado chefe do Coro da Capela Sistina"},"content":{"rendered":"<p style=\"text-align: center;\"><a href=\"https:\/\/diretodasacristia.com\/home\/wp-content\/uploads\/2019\/01\/Papa-Francisco-conversa-Mons.-Guido-Marini-prociss\u00e3o-final-Missa-II-Domingo-P\u00e1scoa-Miseric\u00f3rdia-12-abril-2015.jpg\"><img loading=\"lazy\" decoding=\"async\" class=\"aligncenter wp-image-5012 size-large\" src=\"https:\/\/diretodasacristia.com\/home\/wp-content\/uploads\/2019\/01\/Papa-Francisco-conversa-Mons.-Guido-Marini-prociss\u00e3o-final-Missa-II-Domingo-P\u00e1scoa-Miseric\u00f3rdia-12-abril-2015-700x593.jpg\" alt=\"\" width=\"700\" height=\"593\" srcset=\"https:\/\/diretodasacristia.com\/home\/wp-content\/uploads\/2019\/01\/Papa-Francisco-conversa-Mons.-Guido-Marini-prociss\u00e3o-final-Missa-II-Domingo-P\u00e1scoa-Miseric\u00f3rdia-12-abril-2015-700x593.jpg 700w, https:\/\/diretodasacristia.com\/home\/wp-content\/uploads\/2019\/01\/Papa-Francisco-conversa-Mons.-Guido-Marini-prociss\u00e3o-final-Missa-II-Domingo-P\u00e1scoa-Miseric\u00f3rdia-12-abril-2015-250x212.jpg 250w, https:\/\/diretodasacristia.com\/home\/wp-content\/uploads\/2019\/01\/Papa-Francisco-conversa-Mons.-Guido-Marini-prociss\u00e3o-final-Missa-II-Domingo-P\u00e1scoa-Miseric\u00f3rdia-12-abril-2015-768x650.jpg 768w, https:\/\/diretodasacristia.com\/home\/wp-content\/uploads\/2019\/01\/Papa-Francisco-conversa-Mons.-Guido-Marini-prociss\u00e3o-final-Missa-II-Domingo-P\u00e1scoa-Miseric\u00f3rdia-12-abril-2015-120x102.jpg 120w, https:\/\/diretodasacristia.com\/home\/wp-content\/uploads\/2019\/01\/Papa-Francisco-conversa-Mons.-Guido-Marini-prociss\u00e3o-final-Missa-II-Domingo-P\u00e1scoa-Miseric\u00f3rdia-12-abril-2015.jpg 1000w\" sizes=\"auto, (max-width: 700px) 100vw, 700px\" \/><\/a><em>O Papa Francisco decidiu que o seu Mestre de Cerim\u00f4nias deve administrar, al\u00e9m das Capelas Papais, tamb\u00e9m o coro lit\u00fargico presente nas celebra\u00e7\u00f5es pontif\u00edcias<\/em><\/p>\n<p>&nbsp;<\/p>\n<p style=\"text-align: justify;\">Embora continuando tamb\u00e9m como Mestre das Celebra\u00e7\u00f5es Lit\u00fargicas Pontif\u00edcias, Mons. Guido Marini a partir de hoje administra tamb\u00e9m o famoso e secular coro musical. \u00c9 o \u00e1pice de um processo interno de consultas h\u00e1, pelo menos, seis meses.<\/p>\n<p style=\"text-align: justify;\">A decis\u00e3o foi publicada ao meio-dia deste s\u00e1bado, 19, em Roma, mas com assinatura feita h\u00e1 dois dias no decreto em forma de &#8220;Motu proprio&#8221;, ou seja, &#8220;da pr\u00f3pria vontade&#8221;, um ato extraordin\u00e1rio do Papa Francisco observando uma necessidade particular.<\/p>\n<p>&nbsp;<\/p>\n<p style=\"text-align: center;\"><a href=\"https:\/\/diretodasacristia.com\/home\/wp-content\/uploads\/2019\/01\/Coro-Capela-Sistina-2.jpg\"><img loading=\"lazy\" decoding=\"async\" class=\"aligncenter wp-image-5011 size-full\" src=\"https:\/\/diretodasacristia.com\/home\/wp-content\/uploads\/2019\/01\/Coro-Capela-Sistina-2.jpg\" alt=\"\" width=\"563\" height=\"373\" srcset=\"https:\/\/diretodasacristia.com\/home\/wp-content\/uploads\/2019\/01\/Coro-Capela-Sistina-2.jpg 563w, https:\/\/diretodasacristia.com\/home\/wp-content\/uploads\/2019\/01\/Coro-Capela-Sistina-2-250x166.jpg 250w, https:\/\/diretodasacristia.com\/home\/wp-content\/uploads\/2019\/01\/Coro-Capela-Sistina-2-120x80.jpg 120w\" sizes=\"auto, (max-width: 563px) 100vw, 563px\" \/><\/a><em>Coro da Capela Sistina, com os membros adultos e tamb\u00e9m os<\/em>\u00a0&#8220;Pueri Cantores&#8221;<em>,<br \/>\njunto ao seu Maestro.\u00a0<\/em><em>Possui mais de 1500 anos de hist\u00f3ria.<br \/>\nPortanto, \u00e9 o mais antigo Coro ainda existente<\/em><\/p>\n<p>&nbsp;<\/p>\n<p style=\"text-align: justify;\">O referido Coro, oficialmente chamado de Pontif\u00edcia Capela Musical Sistina, surgiu para as celebra\u00e7\u00f5es na Capela do Pal\u00e1cio Apost\u00f3lico da qual intitulou-se. Mas, tamb\u00e9m conforme l\u00ea-se no texto assinado pelo Papa Francisco, os membros passaram a executar os cantos lit\u00fargicos em todas as celebra\u00e7\u00f5es presididas pelos Papas, pelo menos no Vaticano e em Roma, especialmente na Bas\u00edlica de S\u00e3o Pedro. Entre os seus membros h\u00e1 tamb\u00e9m os\u00a0<em>Pueri Cantores<\/em>, crian\u00e7as at\u00e9 a pr\u00e9-adolesc\u00eancia, cuja presen\u00e7a \u00e9 conhecida desde os tempos do Papa S\u00e3o Greg\u00f3rio Magno; o sacerdote brasileiro Mons. Marcos Pavan, tamb\u00e9m C\u00f4nego da Bas\u00edlica de S\u00e3o Pedro, \u00e9 o respons\u00e1vel pelos <em>Pueri<\/em>.\u00a0Por causa da sua liga\u00e7\u00e3o com os Pont\u00edfices, o Coro primeiro esteve sob os cuidados dos chefes da Fam\u00edlia Pontif\u00edcia, como os mordomos. Mais recentemente teve administra\u00e7\u00e3o pr\u00f3pria, embora fazendo parte da Casa Pontif\u00edcia e, por isso, objeto da aten\u00e7\u00e3o dos Prefeitos desta e tamb\u00e9m da Secretaria de Estado. Por\u00e9m, ainda que essas mudan\u00e7as sejam resultado de revis\u00f5es administrativas, o texto papal deste s\u00e1bado cita o documento conciliar\u00a0<em>Sacrosanctum Concilium<\/em> para submeter a administra\u00e7\u00e3o do Coro Pontif\u00edcia ao Mestre das Celebra\u00e7\u00f5es Papais: como\u00a0<em>schola\u00a0cantorum\u00a0<\/em>\u00e9 um minist\u00e9rio lit\u00fargico e, portanto, deve ser guiada pelo respons\u00e1vel pelas celebra\u00e7\u00f5es lit\u00fargicas, o que aponta para Mons. Marini, tratando-se da\u00a0<em>schola cantorum<\/em><em>\u00a0<\/em>pontif\u00edcia.<\/p>\n<p style=\"text-align: center;\"><a href=\"https:\/\/diretodasacristia.com\/home\/wp-content\/uploads\/2019\/01\/Massimo-Palombella.jpg\"><img loading=\"lazy\" decoding=\"async\" class=\"aligncenter wp-image-5021 size-large\" src=\"https:\/\/diretodasacristia.com\/home\/wp-content\/uploads\/2019\/01\/Massimo-Palombella-700x394.jpg\" alt=\"\" width=\"700\" height=\"394\" srcset=\"https:\/\/diretodasacristia.com\/home\/wp-content\/uploads\/2019\/01\/Massimo-Palombella-700x394.jpg 700w, https:\/\/diretodasacristia.com\/home\/wp-content\/uploads\/2019\/01\/Massimo-Palombella-250x141.jpg 250w, https:\/\/diretodasacristia.com\/home\/wp-content\/uploads\/2019\/01\/Massimo-Palombella-768x432.jpg 768w, https:\/\/diretodasacristia.com\/home\/wp-content\/uploads\/2019\/01\/Massimo-Palombella-120x68.jpg 120w, https:\/\/diretodasacristia.com\/home\/wp-content\/uploads\/2019\/01\/Massimo-Palombella.jpg 1000w\" sizes=\"auto, (max-width: 700px) 100vw, 700px\" \/><\/a><em>No centro, sacerdote salesiano Mons. Massimo Palombella,<br \/>\nat\u00e9 agora chefe do Coro da Sistina;\u00a0mant\u00e9m-se como seu Maestro<br \/>\nFoto: La Stampa<\/em><\/p>\n<p>&nbsp;<\/p>\n<p style=\"text-align: justify;\">N\u00e3o foi anunciada alguma mudan\u00e7a quanto ao Maestro da Capela Sistina, o sacerdote salesiano Mons. Massimo Palombella, at\u00e9 ent\u00e3o o seu diretor (chefe, em termos gerais). Em 2010 ele foi nomeado para este cargo no lugar do sacerdote siciliano Mons. Giuseppe Liberto, hoje com 75 anos, que regia o mesmo Coro h\u00e1 treze anos; em 1997, S\u00e3o Jo\u00e3o Paulo II, por escolha pessoal e direta, pediu que ele substitu\u00edsse o grande Mons. Domenico Bartolucci, depois criado cardeal e falecido em 2013, no cargo desde 1956, por nomea\u00e7\u00e3o do ent\u00e3o Papa Pio XII.<\/p>\n<p style=\"text-align: center;\"><a href=\"https:\/\/diretodasacristia.com\/home\/wp-content\/uploads\/2019\/01\/Guido-Pozzo-Edward-Pentin.jpg\"><img loading=\"lazy\" decoding=\"async\" class=\"aligncenter wp-image-5019 size-large\" src=\"https:\/\/diretodasacristia.com\/home\/wp-content\/uploads\/2019\/01\/Guido-Pozzo-Edward-Pentin-700x474.jpg\" alt=\"\" width=\"700\" height=\"474\" srcset=\"https:\/\/diretodasacristia.com\/home\/wp-content\/uploads\/2019\/01\/Guido-Pozzo-Edward-Pentin-700x474.jpg 700w, https:\/\/diretodasacristia.com\/home\/wp-content\/uploads\/2019\/01\/Guido-Pozzo-Edward-Pentin-250x169.jpg 250w, https:\/\/diretodasacristia.com\/home\/wp-content\/uploads\/2019\/01\/Guido-Pozzo-Edward-Pentin-768x520.jpg 768w, https:\/\/diretodasacristia.com\/home\/wp-content\/uploads\/2019\/01\/Guido-Pozzo-Edward-Pentin-120x81.jpg 120w, https:\/\/diretodasacristia.com\/home\/wp-content\/uploads\/2019\/01\/Guido-Pozzo-Edward-Pentin.jpg 1438w\" sizes=\"auto, (max-width: 700px) 100vw, 700px\" \/><\/a><em>No centro, administrando a Sagrada Comunh\u00e3o durante Missa,<br \/>\nDom Pozzo, de 67 anos, at\u00e9 agora Secret\u00e1rio da Comiss\u00e3o<\/em>\u00a0&#8220;Ecclesia Dei&#8221;<em>,<br \/>\nnomeado Superintendente econ\u00f4mico do Coro Pont\u00edficio<br \/>\nFoto: Edward Pentin<\/em><\/p>\n<p>&nbsp;<\/p>\n<p style=\"text-align: justify;\">Por fim, a Carta Apost\u00f3lica, com teor jur\u00eddico, nomeia um respons\u00e1vel pela administra\u00e7\u00e3o financeira do Coro da Sistina, tendo em vista todo o necess\u00e1rio para a simples exist\u00eancia e manuten\u00e7\u00e3o, mas tamb\u00e9m as apresenta\u00e7\u00f5es art\u00edsticas em espet\u00e1culos, por convite ou por iniciativa pr\u00f3pria, como\u00a0<em>tours<\/em> em diversas cidades do mundo. Para tanto, uma vez a Pontif\u00edcia Comiss\u00e3o &#8220;Ecclesia Dei&#8221; incorporada tamb\u00e9m hoje \u00e0 Congrega\u00e7\u00e3o para a Doutrina da F\u00e9, foi nomeado como Superintendente da Economia do mesmo Coro o ent\u00e3o Secret\u00e1rio daquela Pontif\u00edcia Comiss\u00e3o, Dom Guido Pozzo, Arcebispo titular de <em>Bagnoregio<\/em>, sob a dire\u00e7\u00e3o de Mons. Guido Marini.<\/p>\n<p style=\"text-align: justify;\">Mons. Marini ter\u00e1 &#8220;o dever de guiar todas as atividades e os \u00e2mbitos lit\u00fargico, pastoral, espiritual, art\u00edstico e educativo&#8221; do Coro da Sistina, al\u00e9m de redigir um novo Estatuto, atualizado o Regulamento de 1969, de acordo tamb\u00e9m com o atual Regulamento do Escrit\u00f3rio das Celebra\u00e7\u00f5es Lit\u00fargicas do Sumo Pont\u00edfice. Note-se que o Coro \u00e9 tamb\u00e9m respons\u00e1vel pela educa\u00e7\u00e3o b\u00e1sica dos\u00a0<em>Pueri Cantores<\/em>, isto \u00e9, os meninos frequentam uma escola cujas aulas s\u00e3o por conta do Vaticano.<\/p>\n<p>&nbsp;<\/p>\n<p><em>Com informa\u00e7\u00f5es do boletim oficial da Sala de Imprensa da Santa S\u00e9.<\/em><\/p>\n","protected":false},"excerpt":{"rendered":"Mons. Marini continua como Mestre das Celebra\u00e7\u00f5es Pontif\u00edcias, mas acumula tamb\u00e9m o cargo de chefe do Coro da Capela Sistina","protected":false},"author":3,"featured_media":5020,"comment_status":"open","ping_status":"open","sticky":false,"template":"","format":"standard","meta":{"jetpack_post_was_ever_published":false,"_jetpack_newsletter_access":"","_jetpack_dont_email_post_to_subs":false,"_jetpack_newsletter_tier_id":0,"_jetpack_memberships_contains_paywalled_content":false,"_jetpack_memberships_contains_paid_content":false,"_joinchat":[],"footnotes":"","jetpack_publicize_message":"","jetpack_publicize_feature_enabled":true,"jetpack_social_post_already_shared":true,"jetpack_social_options":{"image_generator_settings":{"template":"highway","default_image_id":0,"font":"","enabled":false},"version":2}},"categories":[8,12,37,23,24,468],"tags":[608,609,346,610,353,607,582,606,605],"class_list":["post-5006","post","type-post","status-publish","format-standard","has-post-thumbnail","hentry","category-boletim-santa-se","category-curia-romana","category-destaque","category-nomeacoes-dicasterios","category-noticias","category-papa-francisco","tag-capela-musical-sistina","tag-cappella-musicale-sistina","tag-coro-da-capela-sistina","tag-domenico-bartolucci","tag-mons-guido-marini","tag-mons-marcos-pavan","tag-mons-marini","tag-mons-massimo-palombella","tag-pueri-cantores"],"yoast_head":"<!-- This site is optimized with the Yoast SEO plugin v27.4 - https:\/\/yoast.com\/product\/yoast-seo-wordpress\/ -->\n<title>Mons. Marini nomeado chefe do Coro da Capela Sistina - Direto da Sacristia<\/title>\n<meta name=\"robots\" content=\"index, follow, max-snippet:-1, max-image-preview:large, max-video-preview:-1\" \/>\n<link rel=\"canonical\" href=\"https:\/\/diretodasacristia.com\/home\/boletim-santa-se\/mons-marini-nomeado-chefe-do-coro-da-capela-sistina\/\" \/>\n<meta property=\"og:locale\" content=\"pt_BR\" \/>\n<meta property=\"og:type\" content=\"article\" \/>\n<meta property=\"og:title\" content=\"Mons. Marini nomeado chefe do Coro da Capela Sistina - Direto da Sacristia\" \/>\n<meta property=\"og:description\" content=\"Mons. Marini continua como Mestre das Celebra\u00e7\u00f5es Pontif\u00edcias, mas acumula tamb\u00e9m o cargo de chefe do Coro da Capela Sistina\" \/>\n<meta property=\"og:url\" content=\"https:\/\/diretodasacristia.com\/home\/boletim-santa-se\/mons-marini-nomeado-chefe-do-coro-da-capela-sistina\/\" \/>\n<meta property=\"og:site_name\" content=\"Direto da Sacristia\" \/>\n<meta property=\"article:publisher\" content=\"https:\/\/www.facebook.com\/DiretoSacristia\" \/>\n<meta property=\"article:published_time\" content=\"2019-01-19T13:56:01+00:00\" \/>\n<meta property=\"article:modified_time\" content=\"2019-01-20T09:21:07+00:00\" \/>\n<meta property=\"og:image\" content=\"https:\/\/diretodasacristia.com\/home\/wp-content\/uploads\/2019\/01\/Mons.-Guido-Marini-batina-viol\u00e1cea-sobrepeliz-m\u00e3os-postas-sobrepeliz.jpg\" \/>\n\t<meta property=\"og:image:width\" content=\"410\" \/>\n\t<meta property=\"og:image:height\" content=\"565\" \/>\n\t<meta property=\"og:image:type\" content=\"image\/jpeg\" \/>\n<meta name=\"author\" content=\"E. Mar\u00e7al\" \/>\n<meta name=\"twitter:card\" content=\"summary_large_image\" \/>\n<meta name=\"twitter:creator\" content=\"@diretosacristia\" \/>\n<meta name=\"twitter:site\" content=\"@diretosacristia\" \/>\n<meta name=\"twitter:label1\" content=\"Escrito por\" \/>\n\t<meta name=\"twitter:data1\" content=\"E. Mar\u00e7al\" \/>\n\t<meta name=\"twitter:label2\" content=\"Est. tempo de leitura\" \/>\n\t<meta name=\"twitter:data2\" content=\"4 minutos\" \/>\n<script type=\"application\/ld+json\" class=\"yoast-schema-graph\">{\"@context\":\"https:\\\/\\\/schema.org\",\"@graph\":[{\"@type\":\"Article\",\"@id\":\"https:\\\/\\\/diretodasacristia.com\\\/home\\\/boletim-santa-se\\\/mons-marini-nomeado-chefe-do-coro-da-capela-sistina\\\/#article\",\"isPartOf\":{\"@id\":\"https:\\\/\\\/diretodasacristia.com\\\/home\\\/boletim-santa-se\\\/mons-marini-nomeado-chefe-do-coro-da-capela-sistina\\\/\"},\"author\":{\"name\":\"E. Mar\u00e7al\",\"@id\":\"https:\\\/\\\/diretodasacristia.com\\\/home\\\/#\\\/schema\\\/person\\\/3d453ef1f7d57c0bb0990b8070642721\"},\"headline\":\"Mons. Marini nomeado chefe do Coro da Capela Sistina\",\"datePublished\":\"2019-01-19T13:56:01+00:00\",\"dateModified\":\"2019-01-20T09:21:07+00:00\",\"mainEntityOfPage\":{\"@id\":\"https:\\\/\\\/diretodasacristia.com\\\/home\\\/boletim-santa-se\\\/mons-marini-nomeado-chefe-do-coro-da-capela-sistina\\\/\"},\"wordCount\":783,\"commentCount\":0,\"publisher\":{\"@id\":\"https:\\\/\\\/diretodasacristia.com\\\/home\\\/#organization\"},\"image\":{\"@id\":\"https:\\\/\\\/diretodasacristia.com\\\/home\\\/boletim-santa-se\\\/mons-marini-nomeado-chefe-do-coro-da-capela-sistina\\\/#primaryimage\"},\"thumbnailUrl\":\"https:\\\/\\\/diretodasacristia.com\\\/home\\\/wp-content\\\/uploads\\\/2019\\\/01\\\/Mons.-Guido-Marini-batina-viol\u00e1cea-sobrepeliz-m\u00e3os-postas-sobrepeliz.jpg\",\"keywords\":[\"Capela Musical Sistina\",\"Cappella Musicale Sistina\",\"Coro da Capela Sistina\",\"Domenico Bartolucci\",\"Mons. Guido Marini\",\"Mons. Marcos Pavan\",\"Mons. Marini\",\"Mons. Massimo Palombella\",\"Pueri Cantores\"],\"articleSection\":[\"Boletim Santa S\u00e9\",\"C\u00faria Romana\",\"Destaque\",\"Nomea\u00e7\u00f5es Dicast\u00e9rios\",\"Not\u00edcias\",\"Papa Francisco\"],\"inLanguage\":\"pt-BR\",\"potentialAction\":[{\"@type\":\"CommentAction\",\"name\":\"Comment\",\"target\":[\"https:\\\/\\\/diretodasacristia.com\\\/home\\\/boletim-santa-se\\\/mons-marini-nomeado-chefe-do-coro-da-capela-sistina\\\/#respond\"]}]},{\"@type\":\"WebPage\",\"@id\":\"https:\\\/\\\/diretodasacristia.com\\\/home\\\/boletim-santa-se\\\/mons-marini-nomeado-chefe-do-coro-da-capela-sistina\\\/\",\"url\":\"https:\\\/\\\/diretodasacristia.com\\\/home\\\/boletim-santa-se\\\/mons-marini-nomeado-chefe-do-coro-da-capela-sistina\\\/\",\"name\":\"Mons. Marini nomeado chefe do Coro da Capela Sistina - Direto da Sacristia\",\"isPartOf\":{\"@id\":\"https:\\\/\\\/diretodasacristia.com\\\/home\\\/#website\"},\"primaryImageOfPage\":{\"@id\":\"https:\\\/\\\/diretodasacristia.com\\\/home\\\/boletim-santa-se\\\/mons-marini-nomeado-chefe-do-coro-da-capela-sistina\\\/#primaryimage\"},\"image\":{\"@id\":\"https:\\\/\\\/diretodasacristia.com\\\/home\\\/boletim-santa-se\\\/mons-marini-nomeado-chefe-do-coro-da-capela-sistina\\\/#primaryimage\"},\"thumbnailUrl\":\"https:\\\/\\\/diretodasacristia.com\\\/home\\\/wp-content\\\/uploads\\\/2019\\\/01\\\/Mons.-Guido-Marini-batina-viol\u00e1cea-sobrepeliz-m\u00e3os-postas-sobrepeliz.jpg\",\"datePublished\":\"2019-01-19T13:56:01+00:00\",\"dateModified\":\"2019-01-20T09:21:07+00:00\",\"breadcrumb\":{\"@id\":\"https:\\\/\\\/diretodasacristia.com\\\/home\\\/boletim-santa-se\\\/mons-marini-nomeado-chefe-do-coro-da-capela-sistina\\\/#breadcrumb\"},\"inLanguage\":\"pt-BR\",\"potentialAction\":[{\"@type\":\"ReadAction\",\"target\":[\"https:\\\/\\\/diretodasacristia.com\\\/home\\\/boletim-santa-se\\\/mons-marini-nomeado-chefe-do-coro-da-capela-sistina\\\/\"]}]},{\"@type\":\"ImageObject\",\"inLanguage\":\"pt-BR\",\"@id\":\"https:\\\/\\\/diretodasacristia.com\\\/home\\\/boletim-santa-se\\\/mons-marini-nomeado-chefe-do-coro-da-capela-sistina\\\/#primaryimage\",\"url\":\"https:\\\/\\\/diretodasacristia.com\\\/home\\\/wp-content\\\/uploads\\\/2019\\\/01\\\/Mons.-Guido-Marini-batina-viol\u00e1cea-sobrepeliz-m\u00e3os-postas-sobrepeliz.jpg\",\"contentUrl\":\"https:\\\/\\\/diretodasacristia.com\\\/home\\\/wp-content\\\/uploads\\\/2019\\\/01\\\/Mons.-Guido-Marini-batina-viol\u00e1cea-sobrepeliz-m\u00e3os-postas-sobrepeliz.jpg\",\"width\":410,\"height\":565},{\"@type\":\"BreadcrumbList\",\"@id\":\"https:\\\/\\\/diretodasacristia.com\\\/home\\\/boletim-santa-se\\\/mons-marini-nomeado-chefe-do-coro-da-capela-sistina\\\/#breadcrumb\",\"itemListElement\":[{\"@type\":\"ListItem\",\"position\":1,\"name\":\"In\u00edcio\",\"item\":\"https:\\\/\\\/diretodasacristia.com\\\/home\\\/\"},{\"@type\":\"ListItem\",\"position\":2,\"name\":\"Mons. Marini nomeado chefe do Coro da Capela Sistina\"}]},{\"@type\":\"WebSite\",\"@id\":\"https:\\\/\\\/diretodasacristia.com\\\/home\\\/#website\",\"url\":\"https:\\\/\\\/diretodasacristia.com\\\/home\\\/\",\"name\":\"Direto da Sacristia\",\"description\":\"Not\u00edcias e artigos sobre a f\u00e9 cat\u00f3lica\",\"publisher\":{\"@id\":\"https:\\\/\\\/diretodasacristia.com\\\/home\\\/#organization\"},\"potentialAction\":[{\"@type\":\"SearchAction\",\"target\":{\"@type\":\"EntryPoint\",\"urlTemplate\":\"https:\\\/\\\/diretodasacristia.com\\\/home\\\/?s={search_term_string}\"},\"query-input\":{\"@type\":\"PropertyValueSpecification\",\"valueRequired\":true,\"valueName\":\"search_term_string\"}}],\"inLanguage\":\"pt-BR\"},{\"@type\":\"Organization\",\"@id\":\"https:\\\/\\\/diretodasacristia.com\\\/home\\\/#organization\",\"name\":\"Direto da Sacristia\",\"url\":\"https:\\\/\\\/diretodasacristia.com\\\/home\\\/\",\"logo\":{\"@type\":\"ImageObject\",\"inLanguage\":\"pt-BR\",\"@id\":\"https:\\\/\\\/diretodasacristia.com\\\/home\\\/#\\\/schema\\\/logo\\\/image\\\/\",\"url\":\"https:\\\/\\\/i0.wp.com\\\/diretodasacristia.com\\\/home\\\/wp-content\\\/uploads\\\/2012\\\/01\\\/marca-sacristia.png?fit=320%2C306&ssl=1\",\"contentUrl\":\"https:\\\/\\\/i0.wp.com\\\/diretodasacristia.com\\\/home\\\/wp-content\\\/uploads\\\/2012\\\/01\\\/marca-sacristia.png?fit=320%2C306&ssl=1\",\"width\":\"320\",\"height\":\"306\",\"caption\":\"Direto da Sacristia\"},\"image\":{\"@id\":\"https:\\\/\\\/diretodasacristia.com\\\/home\\\/#\\\/schema\\\/logo\\\/image\\\/\"},\"sameAs\":[\"https:\\\/\\\/www.facebook.com\\\/DiretoSacristia\",\"https:\\\/\\\/x.com\\\/diretosacristia\",\"https:\\\/\\\/www.instagram.com\\\/diretodasacristia\\\/\",\"https:\\\/\\\/www.youtube.com\\\/diretodasacristia\"]},{\"@type\":\"Person\",\"@id\":\"https:\\\/\\\/diretodasacristia.com\\\/home\\\/#\\\/schema\\\/person\\\/3d453ef1f7d57c0bb0990b8070642721\",\"name\":\"E. Mar\u00e7al\",\"image\":{\"@type\":\"ImageObject\",\"inLanguage\":\"pt-BR\",\"@id\":\"https:\\\/\\\/secure.gravatar.com\\\/avatar\\\/348ff80a5ddde3de6c8b6e0c5b066b733f9245285d9ab87cd2e2ff652ffa95b0?s=96&d=mm&r=g\",\"url\":\"https:\\\/\\\/secure.gravatar.com\\\/avatar\\\/348ff80a5ddde3de6c8b6e0c5b066b733f9245285d9ab87cd2e2ff652ffa95b0?s=96&d=mm&r=g\",\"contentUrl\":\"https:\\\/\\\/secure.gravatar.com\\\/avatar\\\/348ff80a5ddde3de6c8b6e0c5b066b733f9245285d9ab87cd2e2ff652ffa95b0?s=96&d=mm&r=g\",\"caption\":\"E. Mar\u00e7al\"},\"url\":\"https:\\\/\\\/diretodasacristia.com\\\/home\\\/author\\\/erick\\\/\"}]}<\/script>\n<!-- \/ Yoast SEO plugin. -->","yoast_head_json":{"title":"Mons. Marini nomeado chefe do Coro da Capela Sistina - Direto da Sacristia","robots":{"index":"index","follow":"follow","max-snippet":"max-snippet:-1","max-image-preview":"max-image-preview:large","max-video-preview":"max-video-preview:-1"},"canonical":"https:\/\/diretodasacristia.com\/home\/boletim-santa-se\/mons-marini-nomeado-chefe-do-coro-da-capela-sistina\/","og_locale":"pt_BR","og_type":"article","og_title":"Mons. Marini nomeado chefe do Coro da Capela Sistina - Direto da Sacristia","og_description":"Mons. Marini continua como Mestre das Celebra\u00e7\u00f5es Pontif\u00edcias, mas acumula tamb\u00e9m o cargo de chefe do Coro da Capela Sistina","og_url":"https:\/\/diretodasacristia.com\/home\/boletim-santa-se\/mons-marini-nomeado-chefe-do-coro-da-capela-sistina\/","og_site_name":"Direto da Sacristia","article_publisher":"https:\/\/www.facebook.com\/DiretoSacristia","article_published_time":"2019-01-19T13:56:01+00:00","article_modified_time":"2019-01-20T09:21:07+00:00","og_image":[{"width":410,"height":565,"url":"https:\/\/diretodasacristia.com\/home\/wp-content\/uploads\/2019\/01\/Mons.-Guido-Marini-batina-viol\u00e1cea-sobrepeliz-m\u00e3os-postas-sobrepeliz.jpg","type":"image\/jpeg"}],"author":"E. Mar\u00e7al","twitter_card":"summary_large_image","twitter_creator":"@diretosacristia","twitter_site":"@diretosacristia","twitter_misc":{"Escrito por":"E. Mar\u00e7al","Est. tempo de leitura":"4 minutos"},"schema":{"@context":"https:\/\/schema.org","@graph":[{"@type":"Article","@id":"https:\/\/diretodasacristia.com\/home\/boletim-santa-se\/mons-marini-nomeado-chefe-do-coro-da-capela-sistina\/#article","isPartOf":{"@id":"https:\/\/diretodasacristia.com\/home\/boletim-santa-se\/mons-marini-nomeado-chefe-do-coro-da-capela-sistina\/"},"author":{"name":"E. Mar\u00e7al","@id":"https:\/\/diretodasacristia.com\/home\/#\/schema\/person\/3d453ef1f7d57c0bb0990b8070642721"},"headline":"Mons. Marini nomeado chefe do Coro da Capela Sistina","datePublished":"2019-01-19T13:56:01+00:00","dateModified":"2019-01-20T09:21:07+00:00","mainEntityOfPage":{"@id":"https:\/\/diretodasacristia.com\/home\/boletim-santa-se\/mons-marini-nomeado-chefe-do-coro-da-capela-sistina\/"},"wordCount":783,"commentCount":0,"publisher":{"@id":"https:\/\/diretodasacristia.com\/home\/#organization"},"image":{"@id":"https:\/\/diretodasacristia.com\/home\/boletim-santa-se\/mons-marini-nomeado-chefe-do-coro-da-capela-sistina\/#primaryimage"},"thumbnailUrl":"https:\/\/diretodasacristia.com\/home\/wp-content\/uploads\/2019\/01\/Mons.-Guido-Marini-batina-viol\u00e1cea-sobrepeliz-m\u00e3os-postas-sobrepeliz.jpg","keywords":["Capela Musical Sistina","Cappella Musicale Sistina","Coro da Capela Sistina","Domenico Bartolucci","Mons. Guido Marini","Mons. Marcos Pavan","Mons. Marini","Mons. Massimo Palombella","Pueri Cantores"],"articleSection":["Boletim Santa S\u00e9","C\u00faria Romana","Destaque","Nomea\u00e7\u00f5es Dicast\u00e9rios","Not\u00edcias","Papa Francisco"],"inLanguage":"pt-BR","potentialAction":[{"@type":"CommentAction","name":"Comment","target":["https:\/\/diretodasacristia.com\/home\/boletim-santa-se\/mons-marini-nomeado-chefe-do-coro-da-capela-sistina\/#respond"]}]},{"@type":"WebPage","@id":"https:\/\/diretodasacristia.com\/home\/boletim-santa-se\/mons-marini-nomeado-chefe-do-coro-da-capela-sistina\/","url":"https:\/\/diretodasacristia.com\/home\/boletim-santa-se\/mons-marini-nomeado-chefe-do-coro-da-capela-sistina\/","name":"Mons. Marini nomeado chefe do Coro da Capela Sistina - Direto da Sacristia","isPartOf":{"@id":"https:\/\/diretodasacristia.com\/home\/#website"},"primaryImageOfPage":{"@id":"https:\/\/diretodasacristia.com\/home\/boletim-santa-se\/mons-marini-nomeado-chefe-do-coro-da-capela-sistina\/#primaryimage"},"image":{"@id":"https:\/\/diretodasacristia.com\/home\/boletim-santa-se\/mons-marini-nomeado-chefe-do-coro-da-capela-sistina\/#primaryimage"},"thumbnailUrl":"https:\/\/diretodasacristia.com\/home\/wp-content\/uploads\/2019\/01\/Mons.-Guido-Marini-batina-viol\u00e1cea-sobrepeliz-m\u00e3os-postas-sobrepeliz.jpg","datePublished":"2019-01-19T13:56:01+00:00","dateModified":"2019-01-20T09:21:07+00:00","breadcrumb":{"@id":"https:\/\/diretodasacristia.com\/home\/boletim-santa-se\/mons-marini-nomeado-chefe-do-coro-da-capela-sistina\/#breadcrumb"},"inLanguage":"pt-BR","potentialAction":[{"@type":"ReadAction","target":["https:\/\/diretodasacristia.com\/home\/boletim-santa-se\/mons-marini-nomeado-chefe-do-coro-da-capela-sistina\/"]}]},{"@type":"ImageObject","inLanguage":"pt-BR","@id":"https:\/\/diretodasacristia.com\/home\/boletim-santa-se\/mons-marini-nomeado-chefe-do-coro-da-capela-sistina\/#primaryimage","url":"https:\/\/diretodasacristia.com\/home\/wp-content\/uploads\/2019\/01\/Mons.-Guido-Marini-batina-viol\u00e1cea-sobrepeliz-m\u00e3os-postas-sobrepeliz.jpg","contentUrl":"https:\/\/diretodasacristia.com\/home\/wp-content\/uploads\/2019\/01\/Mons.-Guido-Marini-batina-viol\u00e1cea-sobrepeliz-m\u00e3os-postas-sobrepeliz.jpg","width":410,"height":565},{"@type":"BreadcrumbList","@id":"https:\/\/diretodasacristia.com\/home\/boletim-santa-se\/mons-marini-nomeado-chefe-do-coro-da-capela-sistina\/#breadcrumb","itemListElement":[{"@type":"ListItem","position":1,"name":"In\u00edcio","item":"https:\/\/diretodasacristia.com\/home\/"},{"@type":"ListItem","position":2,"name":"Mons. Marini nomeado chefe do Coro da Capela Sistina"}]},{"@type":"WebSite","@id":"https:\/\/diretodasacristia.com\/home\/#website","url":"https:\/\/diretodasacristia.com\/home\/","name":"Direto da Sacristia","description":"Not\u00edcias e artigos sobre a f\u00e9 cat\u00f3lica","publisher":{"@id":"https:\/\/diretodasacristia.com\/home\/#organization"},"potentialAction":[{"@type":"SearchAction","target":{"@type":"EntryPoint","urlTemplate":"https:\/\/diretodasacristia.com\/home\/?s={search_term_string}"},"query-input":{"@type":"PropertyValueSpecification","valueRequired":true,"valueName":"search_term_string"}}],"inLanguage":"pt-BR"},{"@type":"Organization","@id":"https:\/\/diretodasacristia.com\/home\/#organization","name":"Direto da Sacristia","url":"https:\/\/diretodasacristia.com\/home\/","logo":{"@type":"ImageObject","inLanguage":"pt-BR","@id":"https:\/\/diretodasacristia.com\/home\/#\/schema\/logo\/image\/","url":"https:\/\/i0.wp.com\/diretodasacristia.com\/home\/wp-content\/uploads\/2012\/01\/marca-sacristia.png?fit=320%2C306&ssl=1","contentUrl":"https:\/\/i0.wp.com\/diretodasacristia.com\/home\/wp-content\/uploads\/2012\/01\/marca-sacristia.png?fit=320%2C306&ssl=1","width":"320","height":"306","caption":"Direto da Sacristia"},"image":{"@id":"https:\/\/diretodasacristia.com\/home\/#\/schema\/logo\/image\/"},"sameAs":["https:\/\/www.facebook.com\/DiretoSacristia","https:\/\/x.com\/diretosacristia","https:\/\/www.instagram.com\/diretodasacristia\/","https:\/\/www.youtube.com\/diretodasacristia"]},{"@type":"Person","@id":"https:\/\/diretodasacristia.com\/home\/#\/schema\/person\/3d453ef1f7d57c0bb0990b8070642721","name":"E. Mar\u00e7al","image":{"@type":"ImageObject","inLanguage":"pt-BR","@id":"https:\/\/secure.gravatar.com\/avatar\/348ff80a5ddde3de6c8b6e0c5b066b733f9245285d9ab87cd2e2ff652ffa95b0?s=96&d=mm&r=g","url":"https:\/\/secure.gravatar.com\/avatar\/348ff80a5ddde3de6c8b6e0c5b066b733f9245285d9ab87cd2e2ff652ffa95b0?s=96&d=mm&r=g","contentUrl":"https:\/\/secure.gravatar.com\/avatar\/348ff80a5ddde3de6c8b6e0c5b066b733f9245285d9ab87cd2e2ff652ffa95b0?s=96&d=mm&r=g","caption":"E. Mar\u00e7al"},"url":"https:\/\/diretodasacristia.com\/home\/author\/erick\/"}]}},"jetpack_publicize_connections":[],"jetpack_featured_media_url":"https:\/\/diretodasacristia.com\/home\/wp-content\/uploads\/2019\/01\/Mons.-Guido-Marini-batina-viol\u00e1cea-sobrepeliz-m\u00e3os-postas-sobrepeliz.jpg","jetpack_sharing_enabled":true,"jetpack_shortlink":"https:\/\/wp.me\/p24aG7-1iK","jetpack-related-posts":[{"id":2504,"url":"https:\/\/diretodasacristia.com\/home\/sem-categoria\/um-salesiano-como-maestro-da-capela-sistina-2\/","url_meta":{"origin":5006,"position":0},"title":"Um salesiano como Maestro da Capela Sistina","author":"E. Mar\u00e7al","date":"16 de outubro de 2010","format":false,"excerpt":"Do boletim da Sala de Imprensa da Santa S\u00e9 Nomea\u00e7\u00e3o do Maestro-diretor da Pont\u00edficia Capela MusicalO Santo Padre nomeou Maestro-diretor da Pontif\u00edcia Capela Musical, denominada \"Capela Sistina\", o Rev.do Pe. Massimo Palombella, S.D.B., docente da Pontificia Universit\u00e0 Salesiana, Fundador e Diretor do Coro Interuniversit\u00e1rio de Roma.Rev.do Pe. Massimo Palombellanomeado Maestro-diretor\u2026","rel":"","context":"Em &quot;Sem categoria&quot;","block_context":{"text":"Sem categoria","link":"https:\/\/diretodasacristia.com\/home\/c\/sem-categoria\/"},"img":{"alt_text":"","src":"","width":0,"height":0},"classes":[]},{"id":3158,"url":"https:\/\/diretodasacristia.com\/home\/brasil\/arcebispos-que-recebem-o-palio-este-ano\/","url_meta":{"origin":5006,"position":1},"title":"Arcebispos que recebem o p\u00e1lio este ano","author":"E. Mar\u00e7al","date":"27 de junho de 2012","format":false,"excerpt":"Ao todo, 44 dos 46 arcebispos nomeados estar\u00e3o presentes, dos quais 7 s\u00e3o brasileiros, 4 filipinos, 3 italianos, 3 norte-americanos, 2 mexicanos, 2 indianos, 2 australianos, entre outros. Deles, apenas 20% s\u00e3o professos em institutos religiosos.","rel":"","context":"Em &quot;Brasil&quot;","block_context":{"text":"Brasil","link":"https:\/\/diretodasacristia.com\/home\/c\/brasil\/"},"img":{"alt_text":"","src":"","width":0,"height":0},"classes":[]},{"id":93,"url":"https:\/\/diretodasacristia.com\/home\/sem-categoria\/exercicios-espirituais-para-o-papa-e-a-curia-romana-2\/","url_meta":{"origin":5006,"position":2},"title":"Exerc\u00edcios espirituais para o Papa e a C\u00faria Romana","author":"E. Mar\u00e7al","date":"13 de mar\u00e7o de 2011","format":false,"excerpt":"Do boletim da Sala de Imprensa da Santa S\u00e9Bento XVI e seus colaboradores rezam e meditamna Redemptoris MaterTiveram in\u00edcio \u00e0s 18h (de Roma) de hoje, na Pontif\u00edcia Capela Redemptoris Mater, no Pal\u00e1cio Apost\u00f3lico, os exerc\u00edcios espirituais da Quaresma, nos quais tomam parte o Santo Padre Bento XVI e membros da\u2026","rel":"","context":"Em &quot;Sem categoria&quot;","block_context":{"text":"Sem categoria","link":"https:\/\/diretodasacristia.com\/home\/c\/sem-categoria\/"},"img":{"alt_text":"","src":"","width":0,"height":0},"classes":[]},{"id":4116,"url":"https:\/\/diretodasacristia.com\/home\/bento-xvi\/o-azul-na-liturgia-por-mons-guido-marini\/","url_meta":{"origin":5006,"position":3},"title":"O azul na Liturgia, por Mons. Guido Marini","author":"E. Mar\u00e7al","date":"21 de dezembro de 2013","format":false,"excerpt":"A confian\u00e7a no ju\u00edzo sobre este assunto e na resposta de Mons. Marini n\u00e3o \u00e9 apenas pela sua per\u00edcia (pr\u00e1tica) em Liturgia, mas ainda mais por seu estudo. Pessoas como o Reverendo Monsenhor n\u00e3o apenas executam rubricas lit\u00fargicas porque elas simplesmente existem, mas o fazem sabendo o motivo daquilo.","rel":"","context":"Em &quot;Bento XVI&quot;","block_context":{"text":"Bento XVI","link":"https:\/\/diretodasacristia.com\/home\/c\/bento-xvi\/"},"img":{"alt_text":"20131211_113538 (an\u00fancio)","src":"https:\/\/i0.wp.com\/diretodasacristia.com\/home\/wp-content\/uploads\/2013\/12\/20131211_113538-an%C3%BAncio.jpg?resize=350%2C200","width":350,"height":200,"srcset":"https:\/\/i0.wp.com\/diretodasacristia.com\/home\/wp-content\/uploads\/2013\/12\/20131211_113538-an%C3%BAncio.jpg?resize=350%2C200 1x, https:\/\/i0.wp.com\/diretodasacristia.com\/home\/wp-content\/uploads\/2013\/12\/20131211_113538-an%C3%BAncio.jpg?resize=525%2C300 1.5x"},"classes":[]},{"id":2474,"url":"https:\/\/diretodasacristia.com\/home\/sem-categoria\/novidade-no-dia-da-beatificacao-de-joao-paulo-ii-2\/","url_meta":{"origin":5006,"position":4},"title":"Novidade no dia da beatifica\u00e7\u00e3o de Jo\u00e3o Paulo II","author":"E. Mar\u00e7al","date":"19 de fevereiro de 2011","format":false,"excerpt":"Do Instituto Humanitas UnisinosCorpo do Pont\u00edfice ser\u00e1 exposto \u00e0 venera\u00e7\u00e3o p\u00fablicaO Arcebispo Piero Marini e Mons. Stanislaw Dziwisz,ent\u00e3o Mestre das Celebra\u00e7\u00f5es Pontif\u00edcias e secret\u00e1rio particular de Jo\u00e3o Paulo, respectivamente,executam o tradicional costume de envolver comum pano de seda branca o rosto do Pont\u00edfice falecidoDiferentemente do que foi por n\u00f3s anunciado\u2026","rel":"","context":"Em &quot;Sem categoria&quot;","block_context":{"text":"Sem categoria","link":"https:\/\/diretodasacristia.com\/home\/c\/sem-categoria\/"},"img":{"alt_text":"","src":"","width":0,"height":0},"classes":[]},{"id":1934,"url":"https:\/\/diretodasacristia.com\/home\/bento-xvi\/semana-santa-no-vaticano\/","url_meta":{"origin":5006,"position":5},"title":"Semana Santa no Vaticano","author":"E. Mar\u00e7al","date":"30 de mar\u00e7o de 2012","format":false,"excerpt":"Ao alternarmos as indica\u00e7\u00f5es das cerim\u00f4nias presididas pelo Romano Pont\u00edfice com coment\u00e1rios do Mons. Guido Marini, destacamos a sua magistral explica\u00e7\u00e3o sobre a natureza lit\u00fargica das celebra\u00e7\u00f5es da Semana Santa, que s\u00e3o atualizadas durante os divinos of\u00edcios; os detalhes, como, por exemplo, de onde v\u00eam o c\u00edrio pascal, as flores,\u2026","rel":"","context":"Em &quot;Bento XVI&quot;","block_context":{"text":"Bento XVI","link":"https:\/\/diretodasacristia.com\/home\/c\/bento-xvi\/"},"img":{"alt_text":"","src":"https:\/\/i0.wp.com\/diretodasacristia.com\/home\/wp-content\/uploads\/2012\/03\/Bento-XVI-vela-escuro-Easter-Vigil-e1333422908366.jpg?resize=350%2C200&ssl=1","width":350,"height":200},"classes":[]}],"post_mailing_queue_ids":[],"_links":{"self":[{"href":"https:\/\/diretodasacristia.com\/home\/wp-json\/wp\/v2\/posts\/5006","targetHints":{"allow":["GET"]}}],"collection":[{"href":"https:\/\/diretodasacristia.com\/home\/wp-json\/wp\/v2\/posts"}],"about":[{"href":"https:\/\/diretodasacristia.com\/home\/wp-json\/wp\/v2\/types\/post"}],"author":[{"embeddable":true,"href":"https:\/\/diretodasacristia.com\/home\/wp-json\/wp\/v2\/users\/3"}],"replies":[{"embeddable":true,"href":"https:\/\/diretodasacristia.com\/home\/wp-json\/wp\/v2\/comments?post=5006"}],"version-history":[{"count":6,"href":"https:\/\/diretodasacristia.com\/home\/wp-json\/wp\/v2\/posts\/5006\/revisions"}],"predecessor-version":[{"id":5022,"href":"https:\/\/diretodasacristia.com\/home\/wp-json\/wp\/v2\/posts\/5006\/revisions\/5022"}],"wp:featuredmedia":[{"embeddable":true,"href":"https:\/\/diretodasacristia.com\/home\/wp-json\/wp\/v2\/media\/5020"}],"wp:attachment":[{"href":"https:\/\/diretodasacristia.com\/home\/wp-json\/wp\/v2\/media?parent=5006"}],"wp:term":[{"taxonomy":"category","embeddable":true,"href":"https:\/\/diretodasacristia.com\/home\/wp-json\/wp\/v2\/categories?post=5006"},{"taxonomy":"post_tag","embeddable":true,"href":"https:\/\/diretodasacristia.com\/home\/wp-json\/wp\/v2\/tags?post=5006"}],"curies":[{"name":"wp","href":"https:\/\/api.w.org\/{rel}","templated":true}]}}